{"id":20321,"date":"2022-10-04T19:47:53","date_gmt":"2022-10-04T17:47:53","guid":{"rendered":"http:\/\/just-now.news\/de\/deutschland\/maskenpflicht-in-pflegeeinrichtungen-theater-theater-der-vorhang-geht-auf\/"},"modified":"2022-10-04T19:47:53","modified_gmt":"2022-10-04T17:47:53","slug":"maskenpflicht-in-pflegeeinrichtungen-theater-theater-der-vorhang-geht-auf","status":"publish","type":"post","link":"https:\/\/now-news.de\/de\/deutschland\/maskenpflicht-in-pflegeeinrichtungen-theater-theater-der-vorhang-geht-auf\/","title":{"rendered":"Maskenpflicht in Pflegeeinrichtungen: &quot;Theater, Theater, der Vorhang geht auf&quot;"},"content":{"rendered":"<p><img decoding=\"async\" src=\"http:\/\/just-now.news\/de\/wp-content\/uploads\/sites\/3\/2022\/10\/63381e6d48fbef63ce13ec7c.jpg\" \/><\/p>\n<div class=\"Text-root Text-type_1 \">\n                Wohlfahrtsverb\u00e4nde, Pflegeeinrichtungen und Caritas lehnen die geltenden politischen Vorgaben rigoros ab. K\u00fcmmert es die Verantwortlichen? Ein FDP-EU-Abgeordneter twittert ein entlarvendes Bild. Die Corona-Theater-Herbstspielzeit beginnt mit dem 1. Oktober.\n            <\/div>\n<p><\/p>\n<div class=\"Text-root Text-type_5 ArticleView-text ViewText-root \">\n<p><em>Von Bernhard Loyen<\/em><\/p>\n<p>Ma\u00dfnahmenkritiker mit R\u00fcckgrat k\u00f6nnen auch im dritten Corona-Herbst nur noch mit dem Kopf sch\u00fctteln. W\u00e4re es nicht so traurig, k\u00f6nnte man \u00fcber das kontinuierliche politische Theater nur herzhaft lachen. Konfrontiert mit der bedr\u00fcckenden Realit\u00e4t geltender Ma\u00dfnahmen und Vorgaben der Politik, bleibt der Ansatz eines Lachens jedoch sehr fr\u00fch im Hals stecken. Verk\u00fcmmert hinter der verordneten Maske.<\/p>\n<p>Was haben verantwortliche Ministerien der Ampelkoalition als n\u00f6tigende Richtlinien f\u00fcr die B\u00fcrger in den Herbst- und Wintermonaten nun ausgeheckt? Bekannt und in K\u00fcrze \u2013 neben einer etwas wirr anmutenden <a rel=\"nofollow noopener\" target=\"_blank\" href=\"https:\/\/twitter.com\/phoenix_de\/status\/1575835688490209283\">Impfaufforderung<\/a>, die erneute versch\u00e4rfte Maskenpflicht in definierten Bereichen. Provokativ adaptiert, lautet der Goscinny-<a rel=\"nofollow noopener\" target=\"_blank\" href=\"https:\/\/www.comedix.de\/lexikon\/db\/vorwort.php\">Klassiker<\/a>:<\/p>\n<blockquote>\n<p><em>&#8220;Ganz Europa ist von den Corona-Ma\u00dfnahmen befreit. Ganz Europa? Nein! Ein von unbeugsamen Politikern und Erf\u00fcllungsgehilfen bev\u00f6lkertes Land h\u00f6rt nicht auf, der Wissenschaft Widerstand zu leisten.&#8221;<\/em><\/p>\n<\/blockquote>\n<p>Das bedeutet daher f\u00fcr die Menschen in Deutschland, ab dem 1. Oktober geltend, <a rel=\"nofollow noopener\" target=\"_blank\" href=\"https:\/\/www.bundesregierung.de\/breg-de\/themen\/coronavirus\/infektionsschutzgesetz-2068856\">nachzulesen<\/a> auf der Seite der Bundesregierung als &#8220;spezifische&#8221;, also rein willk\u00fcrliche Schutzma\u00dfnahmen:<\/p>\n<ul>\n<li>Im <strong>\u00f6ffentlichen Personenfernverkehr<\/strong> gilt eine FFP2-Maskenpflicht. Kinder und Jugendliche von sechs bis einschlie\u00dflich 13 Jahren sowie das Personal k\u00f6nnen auch medizinische Masken (OP-Masken) tragen.<\/li>\n<li>F\u00fcr den Zutritt zu\u00a0<strong>Krankenh\u00e4usern und Pflegeeinrichtungen<\/strong> gilt eine FFP2-Maskenpflicht\u00a0und eine Testnachweispflicht. Dies gilt auch\u00a0f\u00fcr Besch\u00e4ftigte in ambulanten Pflegediensten und vergleichbaren Dienstleistern.<\/li>\n<li>F\u00fcr Patienten sowie Besucher in <strong>Arztpraxen, Dialyseeinrichtungen und weiteren Einrichtungen des Gesundheitswesens<\/strong> ist\u00a0das Tragen einer FFP2-Maske verpflichtend.\u00a0<\/li>\n<\/ul>\n<p><strong>Problem Nummer 1<\/strong><\/p>\n<p>Nicht auf der Website der Bundesregierung erw\u00e4hnt wird die Masken-Tragepflicht auch f\u00fcr die Bewohner von entsprechenden Pflegeeinrichtungen. Laut dem <em>SWR<\/em> haben sich nun die Wohlfahrtsverb\u00e4nde, Pflegeeinrichtungen und die Caritas dazu <a rel=\"nofollow noopener\" target=\"_blank\" href=\"https:\/\/www.swr.de\/swraktuell\/baden-wuerttemberg\/kritik-an-maskenpflicht-in-pflege-100.html\">ge\u00e4u\u00dfert<\/a>. Maria Bolay, Pressesprecherin des Caritasverbandes Rottenburg-Stuttgart, kommentiert erfreulich direkt, das IfSg-Gesetz sei &#8220;am Schreibtisch&#8221; entworfen worden:<\/p>\n<blockquote>\n<p><em>&#8220;Die Autoren haben dabei die Lebensrealit\u00e4t in der Pflege offensichtlich nicht vor Augen gehabt.&#8221;<\/em><\/p>\n<\/blockquote>\n<p>So schreiben der Deutsche Parit\u00e4tische Wohlfahrtsverband, der Sozialverband VdK sowie verschiedene Einrichtungen in der gemeinsamen Mitteilung:<\/p>\n<blockquote>\n<p><em>&#8220;Die Maskenpflicht ist ein massiver Versto\u00df gegen das Recht auf Selbstbestimmung und soziale Teilhabe der betroffenen Menschen.&#8221;<\/em><\/p>\n<\/blockquote>\n<p>Ursel Wolfgramm, Vorstandsvorsitzende des Parit\u00e4tischen\u00a0Wohlfahrtsverbands Baden-W\u00fcrttemberg, weist auf die absurde, skandal\u00f6se und lebensgef\u00e4hrdende Realit\u00e4t hin:<\/p>\n<blockquote>\n<p><em>&#8220;Menschen in besonderen Wohnformen m\u00fcssten bis zu 16 Stunden pro Tag eine FFP2-Maske tragen. Konkret treffe dies zum Beispiel auf Menschen mit Behinderungen in der Eingliederungshilfe zu, da die Maskenpflicht sowohl in deren Arbeits- und Ausbildungsst\u00e4tten als auch in betreuten Wohngemeinschaften gelte.&#8221;<\/em><\/p>\n<\/blockquote>\n<p>Der schlimmste und entlarvendste Satz einer kolossal menschenverachtenden Politik \u2013 wie sollte man es ansonsten formulieren?\u00a0\u2013 Wolfgramms gegen\u00fcber dem <em>SWR <\/em>lautet:<\/p>\n<blockquote>\n<p><em>&#8220;Wenn das Gesetz in Kraft tritt, m\u00fcssen diese Menschen fast ihr ganzes Leben mit Maske verbringen. Faktisch d\u00fcrften die Betroffenen die Maske nur noch zum Schlafen absetzen \u2013 das ist unzumutbar.&#8221;<\/em><\/p>\n<\/blockquote>\n<p>Es ist einfach unfassbar, mit welcher Empathielosigkeit und Menschenverachtung die verantwortlichen Politiker aktuell agieren.<\/p>\n<p><strong>Bitte nicht vergessen!<\/strong><\/p>\n<p>Es geht hier nicht nur um Karl Lauterbach, Marco Buschmann, Olaf Scholz und Co. Entscheidend mitverantwortlich f\u00fcr das Leid betroffener Menschen haben 386 Abgeordnete der SPD, der Gr\u00fcnen und der FDP dem Gesetz <a rel=\"nofollow noopener\" target=\"_blank\" href=\"https:\/\/www.bundestag.de\/parlament\/plenum\/abstimmung\/abstimmung?id=797\">zugestimmt<\/a>. Warum die CDU-gef\u00fchrten Bundesl\u00e4nder, deren CDU-Abgeordneten im Bundestag am 8. September noch geschlossen\u00a0<strong><a rel=\"nofollow noopener\" target=\"_blank\" href=\"https:\/\/www.bundestag.de\/parlament\/plenum\/abstimmung\/abstimmung?id=797\">gegen<\/a>\u00a0<\/strong>die Neufassung des Infektionsschutzgesetzes gestimmt hatten, wenige Tage sp\u00e4ter im Bundesrat die gedankliche Kehrtwende gemacht haben, gilt als weiteres Ph\u00e4nomen und Beleg politischer Unglaubw\u00fcrdigkeit.<\/p>\n<p><strong>Problem Nummer 2<\/strong><\/p>\n<p>Hans-Josef Hotz, Landesverbandsvorsitzender des VdK Baden-W\u00fcrttemberg, wird vom <em>SWR<\/em> mit der Wahrnehmung zitiert:<\/p>\n<blockquote>\n<p><em>&#8220;Es ist mehr als verwunderlich, dass sich beim Oktoberfest oder auf dem Cannstatter Wasen fremde Menschen ohne Masken treffen und feiern d\u00fcrfen, wohingegen die Bewohner in Pflegeheimen ab sofort eine FFP2-Maske tragen sollen.&#8221; <\/em><\/p>\n<\/blockquote>\n<p>Selbst Italien hat j\u00fcngst \u00fcber das zust\u00e4ndige Gesundheitsministerium seinen B\u00fcrger <a rel=\"nofollow noopener\" target=\"_blank\" href=\"https:\/\/www.reuters.com\/world\/europe\/italy-drops-covid-19-face-mask-rule-public-transport-2022-09-30\/\">mitteilen<\/a> lassen, &#8220;dass eine Verordnung, die das Tragen von Masken in Z\u00fcgen, Bussen und F\u00e4hren vorschreibt und am Freitag ausl\u00e4uft, nicht erneuert wird&#8221;. Es sollte jedoch auch hier nicht unerw\u00e4hnt bleiben, dass demgegen\u00fcber die Masken-Verpflichtung f\u00fcr Krankenh\u00e4user und Pflegeheime ebenfalls verl\u00e4ngert wurde.<\/p>\n<p>Boris Strehle und Wolfgang Wasel, Sprecher des &#8220;Netzwerks Alter und Pflege&#8221;, schildern dem <em>SWR<\/em> eine best\u00fcrzende und traurige Realit\u00e4t, die in der Gedankenwelt von Politikern nicht zu existieren scheint:<\/p>\n<blockquote>\n<p><em>&#8220;Eine Maskenpflicht ist in den Alten- und Pflegeheimen &#8216;schlichtweg nicht umsetzbar&#8217;. Es sei einfach nicht m\u00f6glich, die \u00e4lteren Menschen in den Gemeinschaftsunterk\u00fcnften zum Maskentragen zu verpflichten.&#8221;<\/em><\/p>\n<\/blockquote>\n<p>&#8220;Insbesondere f\u00fcr Demenzerkrankte ist eine Maskenpflicht oft nicht nachvollziehbar&#8221;, so Eva-Maria Bolay, die Pressesprecherin des Caritasverbandes Rottenburg-Stuttgart erg\u00e4nzend. Laut Strehle und Wasel wird die Maskenpflicht vor allem in der Tagespflege zum &#8220;Spie\u00dfrutenlauf&#8221;. Dort m\u00fcssten pflegebed\u00fcrftige Menschen die Maske laut Gesetz den kompletten Tag \u2013 bis zu neun oder zehn Stunden \u2013 aufbehalten, Essenszeiten ausgenommen, so der <em>SWR<\/em>-Artikel.<\/p>\n<p>Ein kleiner Ausflug w\u00fcrde die Stimmung bei Pflegepersonal und Heimbewohnern da auch nicht verbessern, wegen der vorgeschriebenen Maskenpflicht in Bussen. Und dann betrachtet man ein Bild, das je nach Gef\u00fchlslage emp\u00f6rt oder fassungslos macht oder bei dem man schlicht \u2013 Entschuldigung \u2013 kotzen k\u00f6nnte. Moritz K\u00f6rner, EU-Abgeordneter der FDP, twitterte am 1. Oktober um 10:39 Uhr das Foto einer anscheinend sehr lustigen und entspannten Busfahrt. Er schreibt:<\/p>\n<blockquote>\n<p><em>&#8220;Der Wahlkampfbus der FDP-NRW ist auf dem Weg zum Aktionstag der FDP-Niedersachsen #EsKommtAufUnsAn. Der Bus ist unterwegs mit viel FDP-Power.&#8221;<\/em><\/p>\n<\/blockquote>\n<p>Die Power, die Kraft der Bild-Aussage scheint ihm auch nicht nur ansatzweise in sein gut dotiertes Pers\u00f6nlichkeitswesen zu gelangen. Man sieht an die 30 Mitfahrenden, ohne Maske, aber mit Winke-Winke und herzhaftem Lachen:<\/p>\n<div class=\"EmbedBlock-root EmbedBlock-twitter\">\n<div class=\"TwitterEmbed\">\n<blockquote class=\"twitter-tweet lazyload\" data-twitter=\"twitter-tweet\">\n<p lang=\"de\" dir=\"ltr\">Der Wahlkampfbus der <a rel=\"nofollow noopener\" target=\"_blank\" href=\"https:\/\/twitter.com\/fdp_nrw?ref_src=twsrc%5Etfw\">@fdp_nrw<\/a> ist auf dem Weg zum Aktionstag der <a rel=\"nofollow noopener\" target=\"_blank\" href=\"https:\/\/twitter.com\/fdp_nds?ref_src=twsrc%5Etfw\">@fdp_nds<\/a>. <a rel=\"nofollow noopener\" target=\"_blank\" href=\"https:\/\/twitter.com\/hashtag\/EsKommtAufUnsAn?src=hash&amp;ref_src=twsrc%5Etfw\">#EsKommtAufUnsAn<\/a>. Der Bus ist unterwegs mit viel <a rel=\"nofollow noopener\" target=\"_blank\" href=\"https:\/\/twitter.com\/hashtag\/FDPower?src=hash&amp;ref_src=twsrc%5Etfw\">#FDPower<\/a>! <a rel=\"nofollow noopener\" target=\"_blank\" href=\"https:\/\/t.co\/ZrJaSBzgdb\">pic.twitter.com\/ZrJaSBzgdb<\/a><\/p>\n<p>\u2014 Moritz K\u00f6rner (@moritzkoerner) <a rel=\"nofollow noopener\" target=\"_blank\" href=\"https:\/\/twitter.com\/moritzkoerner\/status\/1576129691852734464?ref_src=twsrc%5Etfw\">October 1, 2022<\/a><\/p><\/blockquote>\n<\/div>\n<\/div>\n<p>Katja Ebsteins Lied &#8220;<a rel=\"nofollow noopener\" target=\"_blank\" href=\"https:\/\/www.lyrix.at\/t\/katja-ebstein-theater-f4c\">Theater<\/a>&#8221; holte beim Grand Prix 1980 den zweiten Platz. Auch hier sei der Text adaptiert in die Gegenwart eines politischen Theaters. Nicht unterhaltend oder entspannend, sondern provokativ und psychisch wie physisch belastend. Auch zerst\u00f6rend:<\/p>\n<blockquote>\n<p><em>Sie setzen jeden Tag eine Maske auf<br \/>Und sie spielen, wie die Rolle es verlangt<br \/>An die Politik haben sie ihr Herz verkauft (&#8230;)<\/em><\/p>\n<p><em>Und der Heimbewohner, der mu\u00df lachen,<\/em><br \/><em>auch wenn ihm zum Weinen ist<\/em><br \/><em>und die Politik sieht nicht,<\/em><br \/><em>das eine Tr\u00e4ne flie\u00dft.<\/em><br \/><em>Und der Held, der mu\u00df stark sein<\/em><br \/><em>Und k\u00e4mpfen f\u00fcr das Recht,<\/em><br \/><em>doch oft ist ihm von der Ma\u00dfnahmenpflicht schlecht.<\/em><\/p>\n<p><em>Alles ist nur Theater<\/em><br \/><em>Und ist doch auch Wirklichkeit.<\/em><\/p>\n<\/blockquote>\n<p><strong>Mehr zum Thema &#8211;<\/strong>\u00a0<a rel=\"nofollow noopener\" target=\"_blank\" href=\"https:\/\/pressefreiheit.rtde.tech\/meinung\/149915-pandemie-unbehandelten-eckart-von-hirschhausen\/\">Pandemie der Unbehandelten? Hirschhausen best\u00e4tigt Existenz des Post-Vac-Syndroms <\/a><\/p>\n<\/div>\n<p><script async src=\"https:\/\/platform.twitter.com\/widgets.js\" charset=\"utf-8\"><\/script><br \/>\n<br \/><br \/>\n<br \/><a href=\"https:\/\/de.rt.com\/meinung\/150385-maskenpflicht-in-pflegeeinrichtungen-theater-theater-der-vorhang-geht-auf\/\">Source link <\/a><\/p>\n","protected":false},"excerpt":{"rendered":"<p>Wohlfahrtsverb\u00e4nde, Pflegeeinrichtungen und Caritas lehnen die geltenden politischen Vorgaben rigoros ab. K\u00fcmmert es die Verantwortlichen? Ein FDP-EU-Abgeordneter twittert ein entlarvendes Bild. Die Corona-Theater-Herbstspielzeit beginnt mit dem 1. Oktober. Von Bernhard Loyen Ma\u00dfnahmenkritiker mit R\u00fcckgrat k\u00f6nnen auch im dritten Corona-Herbst nur noch mit dem Kopf sch\u00fctteln. W\u00e4re es nicht so traurig, k\u00f6nnte man \u00fcber das kontinuierliche [&hellip;]<\/p>\n","protected":false},"author":3,"featured_media":20322,"comment_status":"open","ping_status":"open","sticky":false,"template":"","format":"standard","meta":{"wp_automatic_camp":["217"],"451a92441d497ee5aa9eeb0d68bc9e4c":["Maskenpflicht in Pflegeeinrichtungen: &quot;Theater, Theater, der Vorhang geht auf&quot;"],"original_link":["https:\/\/de.rt.com\/meinung\/150385-maskenpflicht-in-pflegeeinrichtungen-theater-theater-der-vorhang-geht-auf\/"],"_thumbnail_id":["20322"],"jnews_social_counter_last_update":["1777501182"]},"categories":[19,23],"tags":[29965,82,1673,2656,33819,33820,28387,32258],"yoast_head":"<!-- This site is optimized with the Yoast SEO Premium plugin v22.7 (Yoast SEO v22.7) - https:\/\/yoast.com\/wordpress\/plugins\/seo\/ -->\n<title>Maskenpflicht in Pflegeeinrichtungen: &quot;Theater, Theater, der Vorhang geht auf&quot; - just-now.NEWS Deutschland<\/title>\n<meta name=\"robots\" content=\"index, follow, max-snippet:-1, max-image-preview:large, max-video-preview:-1\" \/>\n<link rel=\"canonical\" href=\"https:\/\/now-news.de\/de\/deutschland\/maskenpflicht-in-pflegeeinrichtungen-theater-theater-der-vorhang-geht-auf\/\" \/>\n<meta property=\"og:locale\" content=\"de_DE\" \/>\n<meta property=\"og:type\" content=\"article\" \/>\n<meta property=\"og:title\" content=\"Maskenpflicht in Pflegeeinrichtungen: &quot;Theater, Theater, der Vorhang geht auf&quot;\" \/>\n<meta property=\"og:description\" content=\"Wohlfahrtsverb\u00e4nde, Pflegeeinrichtungen und Caritas lehnen die geltenden politischen Vorgaben rigoros ab. K\u00fcmmert es die Verantwortlichen? Ein FDP-EU-Abgeordneter twittert ein entlarvendes Bild. Die Corona-Theater-Herbstspielzeit beginnt mit dem 1. Oktober. Von Bernhard Loyen Ma\u00dfnahmenkritiker mit R\u00fcckgrat k\u00f6nnen auch im dritten Corona-Herbst nur noch mit dem Kopf sch\u00fctteln. W\u00e4re es nicht so traurig, k\u00f6nnte man \u00fcber das kontinuierliche [&hellip;]\" \/>\n<meta property=\"og:url\" content=\"https:\/\/now-news.de\/de\/deutschland\/maskenpflicht-in-pflegeeinrichtungen-theater-theater-der-vorhang-geht-auf\/\" \/>\n<meta property=\"og:site_name\" content=\"just-now.NEWS Deutschland\" \/>\n<meta property=\"article:publisher\" content=\"https:\/\/www.facebook.com\/wirmachenauf\" \/>\n<meta property=\"article:published_time\" content=\"2022-10-04T17:47:53+00:00\" \/>\n<meta property=\"og:image\" content=\"https:\/\/now-news.de\/de\/wp-content\/uploads\/sites\/3\/2022\/10\/Maskenpflicht-in-Pflegeeinrichtungen-quotTheater-Theater-der-Vorhang-geht-aufquot.jpg\" \/>\n\t<meta property=\"og:image:width\" content=\"460\" \/>\n\t<meta property=\"og:image:height\" content=\"259\" \/>\n\t<meta property=\"og:image:type\" content=\"image\/jpeg\" \/>\n<meta name=\"author\" content=\"rtnews\" \/>\n<meta name=\"twitter:card\" content=\"summary_large_image\" \/>\n<meta name=\"twitter:creator\" content=\"@WirMachenAuf_de\" \/>\n<meta name=\"twitter:site\" content=\"@WirMachenAuf_de\" \/>\n<meta name=\"twitter:label1\" content=\"Verfasst von\" \/>\n\t<meta name=\"twitter:data1\" content=\"rtnews\" \/>\n\t<meta name=\"twitter:label2\" content=\"Gesch\u00e4tzte Lesezeit\" \/>\n\t<meta name=\"twitter:data2\" content=\"6\u00a0Minuten\" \/>\n<script type=\"application\/ld+json\" class=\"yoast-schema-graph\">{\"@context\":\"https:\/\/schema.org\",\"@graph\":[{\"@type\":\"Article\",\"@id\":\"https:\/\/now-news.de\/de\/deutschland\/maskenpflicht-in-pflegeeinrichtungen-theater-theater-der-vorhang-geht-auf\/#article\",\"isPartOf\":{\"@id\":\"https:\/\/now-news.de\/de\/deutschland\/maskenpflicht-in-pflegeeinrichtungen-theater-theater-der-vorhang-geht-auf\/\"},\"author\":{\"name\":\"rtnews\",\"@id\":\"https:\/\/now-news.de\/de\/#\/schema\/person\/fb534a4e865501d8b3285208df34a9b5\"},\"headline\":\"Maskenpflicht in Pflegeeinrichtungen: &quot;Theater, Theater, der Vorhang geht auf&quot;\",\"datePublished\":\"2022-10-04T17:47:53+00:00\",\"dateModified\":\"2022-10-04T17:47:53+00:00\",\"mainEntityOfPage\":{\"@id\":\"https:\/\/now-news.de\/de\/deutschland\/maskenpflicht-in-pflegeeinrichtungen-theater-theater-der-vorhang-geht-auf\/\"},\"wordCount\":1117,\"commentCount\":0,\"publisher\":{\"@id\":\"https:\/\/now-news.de\/de\/#organization\"},\"image\":{\"@id\":\"https:\/\/now-news.de\/de\/deutschland\/maskenpflicht-in-pflegeeinrichtungen-theater-theater-der-vorhang-geht-auf\/#primaryimage\"},\"thumbnailUrl\":\"https:\/\/now-news.de\/de\/wp-content\/uploads\/sites\/3\/2022\/10\/Maskenpflicht-in-Pflegeeinrichtungen-quotTheater-Theater-der-Vorhang-geht-aufquot.jpg\",\"keywords\":[\"aufquot\",\"der\",\"Geht\",\"maskenpflicht\",\"Pflegeeinrichtungen\",\"quotTheater\",\"Theater\",\"Vorhang\"],\"articleSection\":[\"Deutschland\",\"Russland\"],\"inLanguage\":\"de\",\"potentialAction\":[{\"@type\":\"CommentAction\",\"name\":\"Comment\",\"target\":[\"https:\/\/now-news.de\/de\/deutschland\/maskenpflicht-in-pflegeeinrichtungen-theater-theater-der-vorhang-geht-auf\/#respond\"]}]},{\"@type\":\"WebPage\",\"@id\":\"https:\/\/now-news.de\/de\/deutschland\/maskenpflicht-in-pflegeeinrichtungen-theater-theater-der-vorhang-geht-auf\/\",\"url\":\"https:\/\/now-news.de\/de\/deutschland\/maskenpflicht-in-pflegeeinrichtungen-theater-theater-der-vorhang-geht-auf\/\",\"name\":\"Maskenpflicht in Pflegeeinrichtungen: &quot;Theater, Theater, der Vorhang geht auf&quot; - just-now.NEWS Deutschland\",\"isPartOf\":{\"@id\":\"https:\/\/now-news.de\/de\/#website\"},\"primaryImageOfPage\":{\"@id\":\"https:\/\/now-news.de\/de\/deutschland\/maskenpflicht-in-pflegeeinrichtungen-theater-theater-der-vorhang-geht-auf\/#primaryimage\"},\"image\":{\"@id\":\"https:\/\/now-news.de\/de\/deutschland\/maskenpflicht-in-pflegeeinrichtungen-theater-theater-der-vorhang-geht-auf\/#primaryimage\"},\"thumbnailUrl\":\"https:\/\/now-news.de\/de\/wp-content\/uploads\/sites\/3\/2022\/10\/Maskenpflicht-in-Pflegeeinrichtungen-quotTheater-Theater-der-Vorhang-geht-aufquot.jpg\",\"datePublished\":\"2022-10-04T17:47:53+00:00\",\"dateModified\":\"2022-10-04T17:47:53+00:00\",\"breadcrumb\":{\"@id\":\"https:\/\/now-news.de\/de\/deutschland\/maskenpflicht-in-pflegeeinrichtungen-theater-theater-der-vorhang-geht-auf\/#breadcrumb\"},\"inLanguage\":\"de\",\"potentialAction\":[{\"@type\":\"ReadAction\",\"target\":[\"https:\/\/now-news.de\/de\/deutschland\/maskenpflicht-in-pflegeeinrichtungen-theater-theater-der-vorhang-geht-auf\/\"]}]},{\"@type\":\"ImageObject\",\"inLanguage\":\"de\",\"@id\":\"https:\/\/now-news.de\/de\/deutschland\/maskenpflicht-in-pflegeeinrichtungen-theater-theater-der-vorhang-geht-auf\/#primaryimage\",\"url\":\"https:\/\/now-news.de\/de\/wp-content\/uploads\/sites\/3\/2022\/10\/Maskenpflicht-in-Pflegeeinrichtungen-quotTheater-Theater-der-Vorhang-geht-aufquot.jpg\",\"contentUrl\":\"https:\/\/now-news.de\/de\/wp-content\/uploads\/sites\/3\/2022\/10\/Maskenpflicht-in-Pflegeeinrichtungen-quotTheater-Theater-der-Vorhang-geht-aufquot.jpg\",\"width\":460,\"height\":259,\"caption\":\"Maskenpflicht in Pflegeeinrichtungen: &quot;Theater, Theater, der Vorhang geht auf&quot;\"},{\"@type\":\"BreadcrumbList\",\"@id\":\"https:\/\/now-news.de\/de\/deutschland\/maskenpflicht-in-pflegeeinrichtungen-theater-theater-der-vorhang-geht-auf\/#breadcrumb\",\"itemListElement\":[{\"@type\":\"ListItem\",\"position\":1,\"name\":\"Home\",\"item\":\"https:\/\/now-news.de\/de\/\"},{\"@type\":\"ListItem\",\"position\":2,\"name\":\"Maskenpflicht in Pflegeeinrichtungen: &quot;Theater, Theater, der Vorhang geht auf&quot;\"}]},{\"@type\":\"WebSite\",\"@id\":\"https:\/\/now-news.de\/de\/#website\",\"url\":\"https:\/\/now-news.de\/de\/\",\"name\":\"just-now.NEWS Deutschland\",\"description\":\"Das Portal f\u00fcr unzensierte Nachrichten aus der Welt\",\"publisher\":{\"@id\":\"https:\/\/now-news.de\/de\/#organization\"},\"potentialAction\":[{\"@type\":\"SearchAction\",\"target\":{\"@type\":\"EntryPoint\",\"urlTemplate\":\"https:\/\/now-news.de\/de\/?s={search_term_string}\"},\"query-input\":\"required name=search_term_string\"}],\"inLanguage\":\"de\"},{\"@type\":\"Organization\",\"@id\":\"https:\/\/now-news.de\/de\/#organization\",\"name\":\"Just Now News\",\"url\":\"https:\/\/now-news.de\/de\/\",\"logo\":{\"@type\":\"ImageObject\",\"inLanguage\":\"de\",\"@id\":\"https:\/\/now-news.de\/de\/#\/schema\/logo\/image\/\",\"url\":\"http:\/\/just-now.news\/de\/wp-content\/uploads\/sites\/3\/2022\/04\/logo500x500.jpg\",\"contentUrl\":\"http:\/\/just-now.news\/de\/wp-content\/uploads\/sites\/3\/2022\/04\/logo500x500.jpg\",\"width\":500,\"height\":500,\"caption\":\"Just Now News\"},\"image\":{\"@id\":\"https:\/\/now-news.de\/de\/#\/schema\/logo\/image\/\"},\"sameAs\":[\"https:\/\/www.facebook.com\/wirmachenauf\",\"https:\/\/x.com\/WirMachenAuf_de\"]},{\"@type\":\"Person\",\"@id\":\"https:\/\/now-news.de\/de\/#\/schema\/person\/fb534a4e865501d8b3285208df34a9b5\",\"name\":\"rtnews\",\"image\":{\"@type\":\"ImageObject\",\"inLanguage\":\"de\",\"@id\":\"https:\/\/now-news.de\/de\/#\/schema\/person\/image\/\",\"url\":\"https:\/\/secure.gravatar.com\/avatar\/82aafea7d8127119dd649515f56e2117?s=96&d=mm&r=g\",\"contentUrl\":\"https:\/\/secure.gravatar.com\/avatar\/82aafea7d8127119dd649515f56e2117?s=96&d=mm&r=g\",\"caption\":\"rtnews\"},\"url\":\"https:\/\/now-news.de\/de\/author\/rnews\/\"}]}<\/script>\n<!-- \/ Yoast SEO Premium plugin. -->","yoast_head_json":{"title":"Maskenpflicht in Pflegeeinrichtungen: &quot;Theater, Theater, der Vorhang geht auf&quot; - just-now.NEWS Deutschland","robots":{"index":"index","follow":"follow","max-snippet":"max-snippet:-1","max-image-preview":"max-image-preview:large","max-video-preview":"max-video-preview:-1"},"canonical":"https:\/\/now-news.de\/de\/deutschland\/maskenpflicht-in-pflegeeinrichtungen-theater-theater-der-vorhang-geht-auf\/","og_locale":"de_DE","og_type":"article","og_title":"Maskenpflicht in Pflegeeinrichtungen: &quot;Theater, Theater, der Vorhang geht auf&quot;","og_description":"Wohlfahrtsverb\u00e4nde, Pflegeeinrichtungen und Caritas lehnen die geltenden politischen Vorgaben rigoros ab. K\u00fcmmert es die Verantwortlichen? Ein FDP-EU-Abgeordneter twittert ein entlarvendes Bild. Die Corona-Theater-Herbstspielzeit beginnt mit dem 1. Oktober. Von Bernhard Loyen Ma\u00dfnahmenkritiker mit R\u00fcckgrat k\u00f6nnen auch im dritten Corona-Herbst nur noch mit dem Kopf sch\u00fctteln. W\u00e4re es nicht so traurig, k\u00f6nnte man \u00fcber das kontinuierliche [&hellip;]","og_url":"https:\/\/now-news.de\/de\/deutschland\/maskenpflicht-in-pflegeeinrichtungen-theater-theater-der-vorhang-geht-auf\/","og_site_name":"just-now.NEWS Deutschland","article_publisher":"https:\/\/www.facebook.com\/wirmachenauf","article_published_time":"2022-10-04T17:47:53+00:00","og_image":[{"width":460,"height":259,"url":"https:\/\/now-news.de\/de\/wp-content\/uploads\/sites\/3\/2022\/10\/Maskenpflicht-in-Pflegeeinrichtungen-quotTheater-Theater-der-Vorhang-geht-aufquot.jpg","type":"image\/jpeg"}],"author":"rtnews","twitter_card":"summary_large_image","twitter_creator":"@WirMachenAuf_de","twitter_site":"@WirMachenAuf_de","twitter_misc":{"Verfasst von":"rtnews","Gesch\u00e4tzte Lesezeit":"6\u00a0Minuten"},"schema":{"@context":"https:\/\/schema.org","@graph":[{"@type":"Article","@id":"https:\/\/now-news.de\/de\/deutschland\/maskenpflicht-in-pflegeeinrichtungen-theater-theater-der-vorhang-geht-auf\/#article","isPartOf":{"@id":"https:\/\/now-news.de\/de\/deutschland\/maskenpflicht-in-pflegeeinrichtungen-theater-theater-der-vorhang-geht-auf\/"},"author":{"name":"rtnews","@id":"https:\/\/now-news.de\/de\/#\/schema\/person\/fb534a4e865501d8b3285208df34a9b5"},"headline":"Maskenpflicht in Pflegeeinrichtungen: &quot;Theater, Theater, der Vorhang geht auf&quot;","datePublished":"2022-10-04T17:47:53+00:00","dateModified":"2022-10-04T17:47:53+00:00","mainEntityOfPage":{"@id":"https:\/\/now-news.de\/de\/deutschland\/maskenpflicht-in-pflegeeinrichtungen-theater-theater-der-vorhang-geht-auf\/"},"wordCount":1117,"commentCount":0,"publisher":{"@id":"https:\/\/now-news.de\/de\/#organization"},"image":{"@id":"https:\/\/now-news.de\/de\/deutschland\/maskenpflicht-in-pflegeeinrichtungen-theater-theater-der-vorhang-geht-auf\/#primaryimage"},"thumbnailUrl":"https:\/\/now-news.de\/de\/wp-content\/uploads\/sites\/3\/2022\/10\/Maskenpflicht-in-Pflegeeinrichtungen-quotTheater-Theater-der-Vorhang-geht-aufquot.jpg","keywords":["aufquot","der","Geht","maskenpflicht","Pflegeeinrichtungen","quotTheater","Theater","Vorhang"],"articleSection":["Deutschland","Russland"],"inLanguage":"de","potentialAction":[{"@type":"CommentAction","name":"Comment","target":["https:\/\/now-news.de\/de\/deutschland\/maskenpflicht-in-pflegeeinrichtungen-theater-theater-der-vorhang-geht-auf\/#respond"]}]},{"@type":"WebPage","@id":"https:\/\/now-news.de\/de\/deutschland\/maskenpflicht-in-pflegeeinrichtungen-theater-theater-der-vorhang-geht-auf\/","url":"https:\/\/now-news.de\/de\/deutschland\/maskenpflicht-in-pflegeeinrichtungen-theater-theater-der-vorhang-geht-auf\/","name":"Maskenpflicht in Pflegeeinrichtungen: &quot;Theater, Theater, der Vorhang geht auf&quot; - just-now.NEWS Deutschland","isPartOf":{"@id":"https:\/\/now-news.de\/de\/#website"},"primaryImageOfPage":{"@id":"https:\/\/now-news.de\/de\/deutschland\/maskenpflicht-in-pflegeeinrichtungen-theater-theater-der-vorhang-geht-auf\/#primaryimage"},"image":{"@id":"https:\/\/now-news.de\/de\/deutschland\/maskenpflicht-in-pflegeeinrichtungen-theater-theater-der-vorhang-geht-auf\/#primaryimage"},"thumbnailUrl":"https:\/\/now-news.de\/de\/wp-content\/uploads\/sites\/3\/2022\/10\/Maskenpflicht-in-Pflegeeinrichtungen-quotTheater-Theater-der-Vorhang-geht-aufquot.jpg","datePublished":"2022-10-04T17:47:53+00:00","dateModified":"2022-10-04T17:47:53+00:00","breadcrumb":{"@id":"https:\/\/now-news.de\/de\/deutschland\/maskenpflicht-in-pflegeeinrichtungen-theater-theater-der-vorhang-geht-auf\/#breadcrumb"},"inLanguage":"de","potentialAction":[{"@type":"ReadAction","target":["https:\/\/now-news.de\/de\/deutschland\/maskenpflicht-in-pflegeeinrichtungen-theater-theater-der-vorhang-geht-auf\/"]}]},{"@type":"ImageObject","inLanguage":"de","@id":"https:\/\/now-news.de\/de\/deutschland\/maskenpflicht-in-pflegeeinrichtungen-theater-theater-der-vorhang-geht-auf\/#primaryimage","url":"https:\/\/now-news.de\/de\/wp-content\/uploads\/sites\/3\/2022\/10\/Maskenpflicht-in-Pflegeeinrichtungen-quotTheater-Theater-der-Vorhang-geht-aufquot.jpg","contentUrl":"https:\/\/now-news.de\/de\/wp-content\/uploads\/sites\/3\/2022\/10\/Maskenpflicht-in-Pflegeeinrichtungen-quotTheater-Theater-der-Vorhang-geht-aufquot.jpg","width":460,"height":259,"caption":"Maskenpflicht in Pflegeeinrichtungen: &quot;Theater, Theater, der Vorhang geht auf&quot;"},{"@type":"BreadcrumbList","@id":"https:\/\/now-news.de\/de\/deutschland\/maskenpflicht-in-pflegeeinrichtungen-theater-theater-der-vorhang-geht-auf\/#breadcrumb","itemListElement":[{"@type":"ListItem","position":1,"name":"Home","item":"https:\/\/now-news.de\/de\/"},{"@type":"ListItem","position":2,"name":"Maskenpflicht in Pflegeeinrichtungen: &quot;Theater, Theater, der Vorhang geht auf&quot;"}]},{"@type":"WebSite","@id":"https:\/\/now-news.de\/de\/#website","url":"https:\/\/now-news.de\/de\/","name":"just-now.NEWS Deutschland","description":"Das Portal f\u00fcr unzensierte Nachrichten aus der Welt","publisher":{"@id":"https:\/\/now-news.de\/de\/#organization"},"potentialAction":[{"@type":"SearchAction","target":{"@type":"EntryPoint","urlTemplate":"https:\/\/now-news.de\/de\/?s={search_term_string}"},"query-input":"required name=search_term_string"}],"inLanguage":"de"},{"@type":"Organization","@id":"https:\/\/now-news.de\/de\/#organization","name":"Just Now News","url":"https:\/\/now-news.de\/de\/","logo":{"@type":"ImageObject","inLanguage":"de","@id":"https:\/\/now-news.de\/de\/#\/schema\/logo\/image\/","url":"http:\/\/just-now.news\/de\/wp-content\/uploads\/sites\/3\/2022\/04\/logo500x500.jpg","contentUrl":"http:\/\/just-now.news\/de\/wp-content\/uploads\/sites\/3\/2022\/04\/logo500x500.jpg","width":500,"height":500,"caption":"Just Now News"},"image":{"@id":"https:\/\/now-news.de\/de\/#\/schema\/logo\/image\/"},"sameAs":["https:\/\/www.facebook.com\/wirmachenauf","https:\/\/x.com\/WirMachenAuf_de"]},{"@type":"Person","@id":"https:\/\/now-news.de\/de\/#\/schema\/person\/fb534a4e865501d8b3285208df34a9b5","name":"rtnews","image":{"@type":"ImageObject","inLanguage":"de","@id":"https:\/\/now-news.de\/de\/#\/schema\/person\/image\/","url":"https:\/\/secure.gravatar.com\/avatar\/82aafea7d8127119dd649515f56e2117?s=96&d=mm&r=g","contentUrl":"https:\/\/secure.gravatar.com\/avatar\/82aafea7d8127119dd649515f56e2117?s=96&d=mm&r=g","caption":"rtnews"},"url":"https:\/\/now-news.de\/de\/author\/rnews\/"}]}},"_links":{"self":[{"href":"https:\/\/now-news.de\/de\/wp-json\/wp\/v2\/posts\/20321"}],"collection":[{"href":"https:\/\/now-news.de\/de\/wp-json\/wp\/v2\/posts"}],"about":[{"href":"https:\/\/now-news.de\/de\/wp-json\/wp\/v2\/types\/post"}],"author":[{"embeddable":true,"href":"https:\/\/now-news.de\/de\/wp-json\/wp\/v2\/users\/3"}],"replies":[{"embeddable":true,"href":"https:\/\/now-news.de\/de\/wp-json\/wp\/v2\/comments?post=20321"}],"version-history":[{"count":0,"href":"https:\/\/now-news.de\/de\/wp-json\/wp\/v2\/posts\/20321\/revisions"}],"wp:featuredmedia":[{"embeddable":true,"href":"https:\/\/now-news.de\/de\/wp-json\/wp\/v2\/media\/20322"}],"wp:attachment":[{"href":"https:\/\/now-news.de\/de\/wp-json\/wp\/v2\/media?parent=20321"}],"wp:term":[{"taxonomy":"category","embeddable":true,"href":"https:\/\/now-news.de\/de\/wp-json\/wp\/v2\/categories?post=20321"},{"taxonomy":"post_tag","embeddable":true,"href":"https:\/\/now-news.de\/de\/wp-json\/wp\/v2\/tags?post=20321"}],"curies":[{"name":"wp","href":"https:\/\/api.w.org\/{rel}","templated":true}]}}