{"id":20290,"date":"2022-10-04T14:32:16","date_gmt":"2022-10-04T12:32:16","guid":{"rendered":"http:\/\/just-now.news\/de\/deutschland\/heisser-herbst-proteste-gegen-inflation-und-energieknappheit-in-ganz-europa\/"},"modified":"2022-10-04T14:32:16","modified_gmt":"2022-10-04T12:32:16","slug":"heisser-herbst-proteste-gegen-inflation-und-energieknappheit-in-ganz-europa","status":"publish","type":"post","link":"https:\/\/now-news.de\/de\/deutschland\/heisser-herbst-proteste-gegen-inflation-und-energieknappheit-in-ganz-europa\/","title":{"rendered":"Hei\u00dfer Herbst \u2013 Proteste gegen Inflation und Energieknappheit in ganz Europa"},"content":{"rendered":"<p><img decoding=\"async\" src=\"http:\/\/just-now.news\/de\/wp-content\/uploads\/sites\/3\/2022\/10\/633b0f6948fbef07df78766c.jpg\" \/><\/p>\n<p><em>Von Rainer Rupp<\/em><\/p>\n<p>Als eine der Folgen des Stellvertreterkrieges, in dem die USA und NATO die Ukraine als Rammbock gegen Russland einsetzen, haben sich in Europa und in vielen anderen L\u00e4ndern rund um die Welt Proteste gegen die himmelhohen Energie- und Lebensmittelpreise Bahn gebrochen. Die Wut richtet sich vor allem gegen die westlichen Sanktionen gegen Russland. Diese von den USA geforderten Sanktionen zielen darauf ab, den lukrativen EU-Energiemarkt den Russen abzuringen und allein zu dominieren.<\/p>\n<p>Die europ\u00e4ische Industrie und die privaten Verbraucher haben jahrzehntelang von preiswerter russischer Energie profitiert, die \u00fcber Pipelines importiert wurde. Ein guter Teil des Wohlstandes der Europ\u00e4er beruht auf diesem energetischen Wettbewerbsvorteil der europ\u00e4ischen Industrie. Damit ist nun Schluss. Sp\u00e4testens seit der Sprengung der Nord-Stream-Pipelines, die einer Kriegserkl\u00e4rung gleichkommt, m\u00fcssen die Europ\u00e4er jetzt ihren Bedarf \u00fcber US-Energie-Konzerne zu einem Vielfachen des bisherigen Preises decken, wovon vor allem wiederum US-Banken und die Finanzindustrie profitieren.<\/p>\n<p>Vor dem aktuellen Hintergrund scheint die Wette der Energie-Spekulanten ziemlich sicher, die darauf setzen, dass die Energieimporte aus den USA und anderen Lieferl\u00e4ndern nicht ausreichen, um den Bedarf in Deutschland und der EU zu decken. Deshalb setzen sie auf weiter steigende Preise.<\/p>\n<p>Diese Trag\u00f6die, die auf dem R\u00fccken der Arbeiter und Armen auf der ganzen Welt ausgetragen werden wird, ist keine Naturkatastrophe, sondern sie ist von Menschen gemacht. Von Menschen in den Regierungen der USA und den EU-L\u00e4ndern, die das in vollem Wissen um die verheerenden Folgen ihrer Handlungen getan haben. Wenn es anders w\u00e4re, und wenn den transatlantischen Eliten etwas am Wohl der von ihren regierten Menschen liegen w\u00fcrde, h\u00e4tten sie l\u00e4ngst Einsicht in ihre Fehler gezeigt und Ma\u00dfnahmen und Schritte zur Umkehr unternommen und w\u00fcrden nach einer Kompromissl\u00f6sung suchen. Da sie daran nicht denken und nicht einmal das Wort diplomatische Verhandlungsl\u00f6sung in den Mund nehmen, sollte auch dem D\u00fcmmsten klar sein, dass wir von der herrschenden Klasse und ihren Regierungen mit voller Absicht \u00fcber die Klippen in den Abgrund getrieben werden.<\/p>\n<p>Selbst im fernen China hat man verstanden, was in Europa los ist und was zwischen Europa und den USA vorgeht. W\u00e4hrend China immer gr\u00f6\u00dfere Mengen von russischem \u00d6l und Gas zu g\u00fcnstigen Preisen importiert, wovon zuvor Deutschland und die EU profitiert hatten, wird rund um die Welt ersichtlich, wie sehr die Energiekrise die europ\u00e4ische Wirtschaft und das Leben der Menschen bereits jetzt, zum Herbstbeginn, beeintr\u00e4chtigt.<\/p>\n<p>&#8220;Die Europ\u00e4er wursteln sich jetzt durch ihre Tage, der kommende Winter wird eine entscheidende Herausforderung f\u00fcr die europ\u00e4ischen L\u00e4nder sein&#8221;, sagte Lin Boqiang, Direktor des China Center for Energy Economics Research an der Xiamen University, in der englisch-sprachigen chinesischen Tageszeitung <em>Global Times<\/em>.<\/p>\n<p>Lin wies darauf hin, dass der Konflikt zwischen Russland und Europa nur einen Gewinner habe \u2013 die USA. &#8220;W\u00e4hrend die USA Europa auffordern, aggressive Ma\u00dfnahmen gegen Russland zu ergreifen und die infolgedessen unter Energieknappheit leiden, scheuen die USA keine M\u00fchen, um Gas und \u00d6l teuer nach Europa zu verkaufen und viel Geld zu verdienen&#8221;, sagte Lin.<\/p>\n<p>Tats\u00e4chlich haben die USA in den ersten vier Monaten des Jahres 2022 fast drei Viertel ihres gesamten Fl\u00fcssigerdgases (LNG) nach Europa geschickt, wobei sich die t\u00e4glichen Lieferungen in die EU gegen\u00fcber dem Durchschnitt des Vorjahres mehr als verdreifacht haben, zitierte <em>Bloomberg<\/em> die US-amerikanische &#8220;Energy Information Administration&#8221; im Juni 22.<\/p>\n<p>Nach den Reaktionen der europ\u00e4ischen Staats- und Regierungschefs zu urteilen, sind sie immer noch fest entschlossen, sich weiter von Russland abzukoppeln und Politik und Ideologie \u00fcber das Leben und Wohl der Menschen und die Wirtschaft zu stellen, sagte Lin, gegen\u00fcber der <em>Global Times<\/em>.<\/p>\n<p>Aber inzwischen regen sich zunehmend Unmut und Wut unter den V\u00f6lkern der EU-L\u00e4nder. In Gro\u00dfbritannien z. B., wo bereits wenige Wochen nach dem Amtsantritt der neuen Premierministerin Liz Truss jedem auf der Insel, selbst den Mitgliedern ihrer eigenen Partei, klar geworden ist, dass Frau Truss ihren Vorg\u00e4nger Boris in Bezug auf L\u00fcgen, Hinterh\u00e4ltigkeit und vor allem Unf\u00e4higkeit noch \u00fcbertrifft. Inzwischen ist im Vereinten K\u00f6nigreich die aufs Jahr berechnete Inflationsrate im Juli auf 10,1 Prozent gestiegen. Dabei werden die Energiepreise in diesem Winter voraussichtlich um 80 Prozent weiter steigen. Die Arbeiterklasse hat mit Streiks reagiert, um h\u00f6here L\u00f6hne zu fordern, um die Inflation auszugleichen. Im Sommer legten Eisenbahn- und andere Verkehrsbesch\u00e4ftigte London und das ganze Land tagelang lahm. In Schottland streikten die M\u00fcllarbeiter, w\u00e4hrend in England Strafverteidiger einen Ausstand inszenierten. Im Gewerkschaftsrat ist von koordinierten Streiks die Rede, vielleicht sogar von einem Generalstreik.<\/p>\n<p>Ein Artikel im <em>Guardian<\/em> vom 23. August beschreibt die Stimmung der Arbeiterklasse in Gro\u00dfbritannien wie folgt: &#8220;Wenn Millionen von Briten glauben, dass Unruhen wegen der steigenden Lebenshaltungskosten gerechtfertigt sind, ist es keine \u00dcbertreibung, die Nation als Pulverfass zu beschreiben. Laut einer ComRes-Umfrage, die vom <em>Independent<\/em> in Auftrag gegeben wurde, glauben 29 Prozent der W\u00e4hler, dass gewaltt\u00e4tige Unruhen unter den gegebenen Umst\u00e4nden angemessen sind. Unter den 18- bis 24-J\u00e4hrigen h\u00e4lt fast die H\u00e4lfte Ausschreitungen f\u00fcr gerechtfertigt; und selbst bei den 35- bis 44-J\u00e4hrigen sind es \u00fcber 40 Prozent. Wenn ein so gro\u00dfer Teil der W\u00e4hlerschaft glaubt, dass es gerechtfertigt ist, aus Protest Dinge zu zerschlagen, noch bevor der prognostizierte Anstieg der Energiepreise Millionen von Haushalten in unbezahlbaren Schulden ertr\u00e4nkt, welche Wut kann man erst im Winter erwarten?&#8221;<\/p>\n<p>Teile des britischen Gewerkschaftsrates haben eine militante Kampagne gestartet, die die Regierung in Bezug auf die Inflation mit dem Titel &#8220;Genug ist genug&#8221; herausfordert.<\/p>\n<p>Berichten im Internet zufolge sind auch in der Tschechischen Republik weitere gro\u00dfe Demonstrationen in Vorbereitung. Bereits am 11. September dieses Jahres marschierten rund 70.000 Menschen durch die Stra\u00dfen Prags, &#8220;um gegen die hohen Energiekosten zu protestieren und ein Ende der Sanktionen gegen Russland zu fordern&#8221;.<\/p>\n<p>Auch in der kleinen, west-orientierten Republik Moldawien, deren Regierung auf strammem EU\/NATO-Kurs ist, g\u00e4rt es. Ein <em>Reuters<\/em>-Artikel vom 18. September berichtete, dass mindestens 20.000 Menschen durch die Stra\u00dfen marschierten und sich auf dem Hauptplatz der Hauptstadt Chi\u015fin\u0103u versammelten. Sie forderten den R\u00fccktritt der entschieden pro-westlichen Pr\u00e4sidentin Maia Sandu, die versprochen hat, Moldawien in die EU zu f\u00fchren. Moldawiens 3,5 Millionen Einwohner leiden unter ernsthaften wirtschaftlichen Schwierigkeiten im Zusammenhang mit den Energiepreisen, deren Kosten im September um 29 Prozent gestiegen sind, nachdem sie bereits im August um fast 50 Prozent nach oben geschossen waren.<\/p>\n<p>Die Demonstranten warfen Sandu vor, es vers\u00e4umt zu haben, mit Moskau einen vern\u00fcnftigeren Gaspreis auszuhandeln. Viele errichteten ein Zeltlager vor dem Regierungssitz und gelobten, an Ort und Stelle zu bleiben, bis Sandu zur\u00fccktritt und vorgezogene Wahlen ausruft. Das Land hat seine Wachstumssch\u00e4tzung f\u00fcr 2022 auf null gesenkt. Tats\u00e4chlich steckt das Land angesichts einer rekordhohen Inflation von 34,3 Prozent und Zinss\u00e4tzen von \u00fcber 20 Prozent bereits in einer wirtschaftlichen Katastrophe. Das k\u00f6nne sehr gut die Blaupause f\u00fcr die Entwicklung sein, die uns \u2013 mit einer Zeitverz\u00f6gerung \u2013 allen im Westen bl\u00fcht.<\/p>\n<p>Laut <em>Associated Press<\/em> hatten in Belgien am 21. September mindestens 10.000 Menschen in der Hauptstadt Br\u00fcssel demonstriert. Dabei konnte man Transparente mit Slogan sehen: &#8220;Das Leben ist viel zu teuer, wir wollen jetzt L\u00f6sungen&#8221; und &#8220;Alles steigt, au\u00dfer unseren L\u00f6hnen&#8221;, oder &#8220;Friert Preise ein, nicht Menschen&#8221;. Der Stadt- und \u00f6ffentliche Nahverkehr waren gest\u00f6rt.<\/p>\n<p>Anstatt zuzuh\u00f6ren machte die belgische Regierung dem Volk deutlich, dass sich die Menschen darauf vorbereiten m\u00fcssten, \u00fcber viele Jahre lang zu leiden, denn so lange w\u00fcrde die Krise dauern, von der die US-Energiemonopole m\u00e4chtig profitieren. Premierminister Alexander de Croo sagte w\u00f6rtlich, dass &#8220;die n\u00e4chsten f\u00fcnf bis zehn Winter wegen der hohen Strom- und Erdgaspreise schwierig sein werden&#8221;.<\/p>\n<p>In Frankreich ist die Stimmung noch relativ ruhig. Das d\u00fcrfte damit zusammenh\u00e4ngen, dass es Frankreich durch die Einf\u00fchrung von Energiepreisobergrenzen vorerst gelungen ist, die Inflation unter 6 Prozent zu halten, die niedrigste Rate in der EU. Die Regierung bereitet sich jedoch auf einen &#8220;hei\u00dfen Winter&#8221; der Massenproteste vor, wobei der Chef der st\u00e4rksten Linkspartei, Jean-Luc M\u00e9lenchon, eine &#8220;Machtdemonstration&#8221; und einen &#8220;Marsch gegen die Lebenshaltungskosten&#8221; angek\u00fcndigt hat.<\/p>\n<p>Laut einer aktuellen Umfrage wird nur einer von 20 Haushalten (5 Prozent der Bev\u00f6lkerung) in der Lage sein, die h\u00f6heren Lebenshaltungskosten ohne finanzielle Probleme zu decken. Die meisten werden tief in die Tasche und auf ihre Ersparnisse zur\u00fcckgreifen m\u00fcssen. 40 Prozent der Befragten forderten die R\u00fcckkehr der Bewegung der Gelbwesten. Angesichts des Gespenstes erneuter Proteste stellt die Regierung seit Monaten Blankoschecks aus, obwohl es damit nicht gelungen ist, den Zorn der revolutionsliebenden Franzosen wirklich zu ersticken.<\/p>\n<p>Parteien auf beiden Seiten des politischen Spektrums haben in Paris bereits bei den Parlamentswahlen im Juni historische Siege errungen und den neo-liberalen Pr\u00e4sidenten Emmanuel Macron seiner Mehrheit beraubt. Inzwischen hat Macron als Reaktion auf die Krise seine Mitb\u00fcrger aufgefordert, sich auf &#8220;ein Ende des \u00dcberflusses und des unbeschwerten Lebens&#8221; vorzubereiten, was im Volk nicht gut angekommen ist.<\/p>\n<p>Auch in Schweden und Italien haben desparate Zust\u00e4nde und Aussichten in Wirtschaft und Gesellschaft rechts-konservativen Parteien-Koalitionen, bis hin zu faschistoiden Gruppen, in den j\u00fcngsten Wahlen zu soliden Mehrheiten verholfen. Die neuen Gewinner befinden sich auf Konfrontationskurs mit den Eliten der Eurokratie in Br\u00fcssel. Sie machen diese EU-Eliten neben der exzessiven Migrationspolitik und der irrsinnigen und Gender- und LGBTQIA+ Gesellschaftspolitik auch f\u00fcr die verfehlte Finanz- und Geldpolitik und f\u00fcr die daraus folgenden hohen Inflationsraten verantwortlich.<\/p>\n<p>Auch in Schweden sind die Strompreise im vergangenen Monat um rund 400 Prozent gestiegen. Der Preisanstieg war mit einer hohen Nachfrage aus anderen L\u00e4ndern Europas sowie einer geringen Stromproduktion aus Schwedens inl\u00e4ndischen Windparks und anderen inl\u00e4ndischen Energiequellen verbunden.<\/p>\n<p>In Italien planen Gewerkschaften und Verbrauchergruppen trotz des Wahlsieges der Vorsitzenden der &#8220;Br\u00fcder Italiens&#8221;, Giorgia Meloni, gro\u00dfe Demonstrationen und Kundgebungen, um die Energie- und Inflationskrise zu bew\u00e4ltigen. F\u00fcr den kommenden 18. Oktober haben die italienischen Verbraucher-Organisationen zu einer gro\u00dfen, \u00f6ffentlichen Versammlung aufgerufen, die allen sozialen Kr\u00e4ften offensteht. Dabei sollen Initiativen und ein Ma\u00dfnahmenpaket ausgearbeitet werden, die der neuen Meloni-Regierung vorgelegt werden sollen.<\/p>\n<p>Auch in Deutschland hatte es bereits im September gro\u00dfe Proteste in K\u00f6ln und Leipzig gegeben; gegen &#8220;Energiepreise und Inflation, die au\u00dfer Kontrolle sind&#8221; und gegen die milit\u00e4rische Unterst\u00fctzung des Krieges in der Ukraine mit Waffenlieferungen. Inzwischen gibt es in Deutschland keinen Tag mehr, an dem nicht wenigstens ein mittelst\u00e4ndiges, deutsches Traditionsunternehmen, oft mit einer \u00fcber hundertj\u00e4hrigen Firmengeschichte, Konkurs anmelden muss.<\/p>\n<p>Diese Firmen haben den Ersten und Zweiten Weltkrieg \u00fcberlebt, sie haben sich \u00fcber die galoppierende Inflation in der Weimarer Republik und die Weltwirtschaftskrise Anfang der 1930er Jahre gerettet und sie haben die \u00d6lkrise in den 1970er Jahre und zuletzt die Gro\u00dfe Rezession vor zehn Jahren \u00fcberwunden. Aber unter der Herrschaft der von Washington in den Ukraine-Krieg getriebenen Vasallen-Regierung in Berlin, die zudem ideologisch auch noch auf den &#8220;Green Reset&#8221; zur De-Industrialisierung unseres Landes gepolt ist, haben energieintensive mittelst\u00e4ndige Betriebe in unserem Land keine \u00dcberlebenschance.<\/p>\n<p>Entsprechend unruhiger wird die Bev\u00f6lkerung, was sich vergangenes Wochenende an den Plakaten zeigte, die bei den verschiedenen Demonstrationen in Berlin hochgehalten wurden. Nur die Forderung nach einer \u00d6ffnung von Nord Stream I und II war aus bekanntem Grund nicht mehr zu sehen.<\/p>\n<p>Mit der Sprengung der beiden Pipelines haben interessierte Kreise einen schweren Terroranschlag gegen die zivile Infrastruktur unseres Landes ver\u00fcbt, der f\u00fcr den Wohlstand Deutschlands und das \u00dcberleben seiner Industrie auf Jahre hinaus verheerende Folgen haben wird. Allerdings sieht das nicht jede mit Deutschland verb\u00fcndete Regierung so.<\/p>\n<p>US-Au\u00dfenminister Antony Blinken bezeichnete am vergangenen Freitag die Terroranschl\u00e4ge gegen die Nord-Stream-Pipelines als &#8220;tremendous opportunity&#8221; (eine riesengro\u00dfe Chance, bzw. eine au\u00dferordentlich g\u00fcnstige Gelegenheit). In einer Pressekonferenz mit seiner kanadischen Kollegin, Au\u00dfenministerin M\u00e9lanie Joly, sagte Blinken, dass die Sch\u00e4den an den Pipelines von Washington als &#8220;enorme Chance&#8221; gesehen werden, &#8220;um die europ\u00e4ischen Energieimporte nach Russland stark zu reduzieren&#8221;.<\/p>\n<p>Im selben Atemzug prahlte Blinken damit, dass die Vereinigten Staaten nun &#8220;der f\u00fchrende Lieferant von LNG [Fl\u00fcssigerdgas] f\u00fcr Europa&#8221; geworden seien, und betonte auch, dass die Biden-Regierung dazu beitrage, die europ\u00e4ischen Staats- und Regierungschefs in die Lage zu versetzen, &#8220;die Nachfrage zu senken&#8221; und &#8220;den \u00dcbergang zu erneuerbaren Energien zu beschleunigen&#8221;. Bezeichnenderweise hat Blinken in seiner kurzen Stellungnahme die Terroranschl\u00e4ge nicht weniger als dreimal als &#8220;opportunity\u201c (g\u00fcnstige Gelegenheit) bezeichnet.<\/p>\n<p>Daraus l\u00e4sst sich das Fazit ziehen: Wer Verb\u00fcndete wie die USA hat, der braucht keine Feinde mehr.<\/p>\n<p><strong>Mehr zum Thema<\/strong> &#8211; <a rel=\"nofollow noopener\" target=\"_blank\" href=\"https:\/\/test.rtde.tech\/kurzclips\/video\/150472-bereits-jetzt-erhoehter-andrang-auf-tafeln\/\">&#8220;Bereits jetzt erh\u00f6hter Andrang auf Tafel&#8221; \u2013 Deutsche in Sorge vor dem Winter<\/a><\/p>\n<p><br \/>\n<br \/><a href=\"https:\/\/de.rt.com\/meinung\/150547-proteste-gegen-inflation-und-energieknappheit\/\">Source link <\/a><\/p>\n","protected":false},"excerpt":{"rendered":"<p>Von Rainer Rupp Als eine der Folgen des Stellvertreterkrieges, in dem die USA und NATO die Ukraine als Rammbock gegen Russland einsetzen, haben sich in Europa und in vielen anderen L\u00e4ndern rund um die Welt Proteste gegen die himmelhohen Energie- und Lebensmittelpreise Bahn gebrochen. Die Wut richtet sich vor allem gegen die westlichen Sanktionen gegen [&hellip;]<\/p>\n","protected":false},"author":3,"featured_media":20291,"comment_status":"open","ping_status":"open","sticky":false,"template":"","format":"standard","meta":{"wp_automatic_camp":["217"],"1b3f24054c1c9e60e797a27c19262b93":["Hei\u00dfer Herbst \u2013 Proteste gegen Inflation und Energieknappheit in ganz Europa"],"original_link":["https:\/\/de.rt.com\/meinung\/150547-proteste-gegen-inflation-und-energieknappheit\/"],"_thumbnail_id":["20291"],"jnews_social_counter_last_update":["1777184607"]},"categories":[19,23],"tags":[32461,1370,14576,278,30565,529,198,3824,140],"yoast_head":"<!-- This site is optimized with the Yoast SEO Premium plugin v22.7 (Yoast SEO v22.7) - https:\/\/yoast.com\/wordpress\/plugins\/seo\/ -->\n<title>Hei\u00dfer Herbst \u2013 Proteste gegen Inflation und Energieknappheit in ganz Europa - just-now.NEWS Deutschland<\/title>\n<meta name=\"robots\" content=\"index, follow, max-snippet:-1, max-image-preview:large, max-video-preview:-1\" \/>\n<link rel=\"canonical\" href=\"https:\/\/now-news.de\/de\/deutschland\/heisser-herbst-proteste-gegen-inflation-und-energieknappheit-in-ganz-europa\/\" \/>\n<meta property=\"og:locale\" content=\"de_DE\" \/>\n<meta property=\"og:type\" content=\"article\" \/>\n<meta property=\"og:title\" content=\"Hei\u00dfer Herbst \u2013 Proteste gegen Inflation und Energieknappheit in ganz Europa\" \/>\n<meta property=\"og:description\" content=\"Von Rainer Rupp Als eine der Folgen des Stellvertreterkrieges, in dem die USA und NATO die Ukraine als Rammbock gegen Russland einsetzen, haben sich in Europa und in vielen anderen L\u00e4ndern rund um die Welt Proteste gegen die himmelhohen Energie- und Lebensmittelpreise Bahn gebrochen. Die Wut richtet sich vor allem gegen die westlichen Sanktionen gegen [&hellip;]\" \/>\n<meta property=\"og:url\" content=\"https:\/\/now-news.de\/de\/deutschland\/heisser-herbst-proteste-gegen-inflation-und-energieknappheit-in-ganz-europa\/\" \/>\n<meta property=\"og:site_name\" content=\"just-now.NEWS Deutschland\" \/>\n<meta property=\"article:publisher\" content=\"https:\/\/www.facebook.com\/wirmachenauf\" \/>\n<meta property=\"article:published_time\" content=\"2022-10-04T12:32:16+00:00\" \/>\n<meta property=\"og:image\" content=\"https:\/\/now-news.de\/de\/wp-content\/uploads\/sites\/3\/2022\/10\/Heisser-Herbst-\u2013-Proteste-gegen-Inflation-und-Energieknappheit-in-ganz.jpg\" \/>\n\t<meta property=\"og:image:width\" content=\"460\" \/>\n\t<meta property=\"og:image:height\" content=\"259\" \/>\n\t<meta property=\"og:image:type\" content=\"image\/jpeg\" \/>\n<meta name=\"author\" content=\"rtnews\" \/>\n<meta name=\"twitter:card\" content=\"summary_large_image\" \/>\n<meta name=\"twitter:creator\" content=\"@WirMachenAuf_de\" \/>\n<meta name=\"twitter:site\" content=\"@WirMachenAuf_de\" \/>\n<meta name=\"twitter:label1\" content=\"Verfasst von\" \/>\n\t<meta name=\"twitter:data1\" content=\"rtnews\" \/>\n\t<meta name=\"twitter:label2\" content=\"Gesch\u00e4tzte Lesezeit\" \/>\n\t<meta name=\"twitter:data2\" content=\"11\u00a0Minuten\" \/>\n<script type=\"application\/ld+json\" class=\"yoast-schema-graph\">{\"@context\":\"https:\/\/schema.org\",\"@graph\":[{\"@type\":\"Article\",\"@id\":\"https:\/\/now-news.de\/de\/deutschland\/heisser-herbst-proteste-gegen-inflation-und-energieknappheit-in-ganz-europa\/#article\",\"isPartOf\":{\"@id\":\"https:\/\/now-news.de\/de\/deutschland\/heisser-herbst-proteste-gegen-inflation-und-energieknappheit-in-ganz-europa\/\"},\"author\":{\"name\":\"rtnews\",\"@id\":\"https:\/\/now-news.de\/de\/#\/schema\/person\/fb534a4e865501d8b3285208df34a9b5\"},\"headline\":\"Hei\u00dfer Herbst \u2013 Proteste gegen Inflation und Energieknappheit in ganz Europa\",\"datePublished\":\"2022-10-04T12:32:16+00:00\",\"dateModified\":\"2022-10-04T12:32:16+00:00\",\"mainEntityOfPage\":{\"@id\":\"https:\/\/now-news.de\/de\/deutschland\/heisser-herbst-proteste-gegen-inflation-und-energieknappheit-in-ganz-europa\/\"},\"wordCount\":2112,\"commentCount\":0,\"publisher\":{\"@id\":\"https:\/\/now-news.de\/de\/#organization\"},\"image\":{\"@id\":\"https:\/\/now-news.de\/de\/deutschland\/heisser-herbst-proteste-gegen-inflation-und-energieknappheit-in-ganz-europa\/#primaryimage\"},\"thumbnailUrl\":\"https:\/\/now-news.de\/de\/wp-content\/uploads\/sites\/3\/2022\/10\/Heisser-Herbst-\u2013-Proteste-gegen-Inflation-und-Energieknappheit-in-ganz.jpg\",\"keywords\":[\"Energieknappheit\",\"Europa\",\"ganz\",\"gegen\",\"hei\u00dfer\",\"Herbst\",\"Inflation\",\"Proteste\",\"und\"],\"articleSection\":[\"Deutschland\",\"Russland\"],\"inLanguage\":\"de\",\"potentialAction\":[{\"@type\":\"CommentAction\",\"name\":\"Comment\",\"target\":[\"https:\/\/now-news.de\/de\/deutschland\/heisser-herbst-proteste-gegen-inflation-und-energieknappheit-in-ganz-europa\/#respond\"]}]},{\"@type\":\"WebPage\",\"@id\":\"https:\/\/now-news.de\/de\/deutschland\/heisser-herbst-proteste-gegen-inflation-und-energieknappheit-in-ganz-europa\/\",\"url\":\"https:\/\/now-news.de\/de\/deutschland\/heisser-herbst-proteste-gegen-inflation-und-energieknappheit-in-ganz-europa\/\",\"name\":\"Hei\u00dfer Herbst \u2013 Proteste gegen Inflation und Energieknappheit in ganz Europa - just-now.NEWS Deutschland\",\"isPartOf\":{\"@id\":\"https:\/\/now-news.de\/de\/#website\"},\"primaryImageOfPage\":{\"@id\":\"https:\/\/now-news.de\/de\/deutschland\/heisser-herbst-proteste-gegen-inflation-und-energieknappheit-in-ganz-europa\/#primaryimage\"},\"image\":{\"@id\":\"https:\/\/now-news.de\/de\/deutschland\/heisser-herbst-proteste-gegen-inflation-und-energieknappheit-in-ganz-europa\/#primaryimage\"},\"thumbnailUrl\":\"https:\/\/now-news.de\/de\/wp-content\/uploads\/sites\/3\/2022\/10\/Heisser-Herbst-\u2013-Proteste-gegen-Inflation-und-Energieknappheit-in-ganz.jpg\",\"datePublished\":\"2022-10-04T12:32:16+00:00\",\"dateModified\":\"2022-10-04T12:32:16+00:00\",\"breadcrumb\":{\"@id\":\"https:\/\/now-news.de\/de\/deutschland\/heisser-herbst-proteste-gegen-inflation-und-energieknappheit-in-ganz-europa\/#breadcrumb\"},\"inLanguage\":\"de\",\"potentialAction\":[{\"@type\":\"ReadAction\",\"target\":[\"https:\/\/now-news.de\/de\/deutschland\/heisser-herbst-proteste-gegen-inflation-und-energieknappheit-in-ganz-europa\/\"]}]},{\"@type\":\"ImageObject\",\"inLanguage\":\"de\",\"@id\":\"https:\/\/now-news.de\/de\/deutschland\/heisser-herbst-proteste-gegen-inflation-und-energieknappheit-in-ganz-europa\/#primaryimage\",\"url\":\"https:\/\/now-news.de\/de\/wp-content\/uploads\/sites\/3\/2022\/10\/Heisser-Herbst-\u2013-Proteste-gegen-Inflation-und-Energieknappheit-in-ganz.jpg\",\"contentUrl\":\"https:\/\/now-news.de\/de\/wp-content\/uploads\/sites\/3\/2022\/10\/Heisser-Herbst-\u2013-Proteste-gegen-Inflation-und-Energieknappheit-in-ganz.jpg\",\"width\":460,\"height\":259,\"caption\":\"Hei\u00dfer Herbst \u2013 Proteste gegen Inflation und Energieknappheit in ganz Europa\"},{\"@type\":\"BreadcrumbList\",\"@id\":\"https:\/\/now-news.de\/de\/deutschland\/heisser-herbst-proteste-gegen-inflation-und-energieknappheit-in-ganz-europa\/#breadcrumb\",\"itemListElement\":[{\"@type\":\"ListItem\",\"position\":1,\"name\":\"Home\",\"item\":\"https:\/\/now-news.de\/de\/\"},{\"@type\":\"ListItem\",\"position\":2,\"name\":\"Hei\u00dfer Herbst \u2013 Proteste gegen Inflation und Energieknappheit in ganz Europa\"}]},{\"@type\":\"WebSite\",\"@id\":\"https:\/\/now-news.de\/de\/#website\",\"url\":\"https:\/\/now-news.de\/de\/\",\"name\":\"just-now.NEWS Deutschland\",\"description\":\"Das Portal f\u00fcr unzensierte Nachrichten aus der Welt\",\"publisher\":{\"@id\":\"https:\/\/now-news.de\/de\/#organization\"},\"potentialAction\":[{\"@type\":\"SearchAction\",\"target\":{\"@type\":\"EntryPoint\",\"urlTemplate\":\"https:\/\/now-news.de\/de\/?s={search_term_string}\"},\"query-input\":\"required name=search_term_string\"}],\"inLanguage\":\"de\"},{\"@type\":\"Organization\",\"@id\":\"https:\/\/now-news.de\/de\/#organization\",\"name\":\"Just Now News\",\"url\":\"https:\/\/now-news.de\/de\/\",\"logo\":{\"@type\":\"ImageObject\",\"inLanguage\":\"de\",\"@id\":\"https:\/\/now-news.de\/de\/#\/schema\/logo\/image\/\",\"url\":\"http:\/\/just-now.news\/de\/wp-content\/uploads\/sites\/3\/2022\/04\/logo500x500.jpg\",\"contentUrl\":\"http:\/\/just-now.news\/de\/wp-content\/uploads\/sites\/3\/2022\/04\/logo500x500.jpg\",\"width\":500,\"height\":500,\"caption\":\"Just Now News\"},\"image\":{\"@id\":\"https:\/\/now-news.de\/de\/#\/schema\/logo\/image\/\"},\"sameAs\":[\"https:\/\/www.facebook.com\/wirmachenauf\",\"https:\/\/x.com\/WirMachenAuf_de\"]},{\"@type\":\"Person\",\"@id\":\"https:\/\/now-news.de\/de\/#\/schema\/person\/fb534a4e865501d8b3285208df34a9b5\",\"name\":\"rtnews\",\"image\":{\"@type\":\"ImageObject\",\"inLanguage\":\"de\",\"@id\":\"https:\/\/now-news.de\/de\/#\/schema\/person\/image\/\",\"url\":\"https:\/\/secure.gravatar.com\/avatar\/82aafea7d8127119dd649515f56e2117?s=96&d=mm&r=g\",\"contentUrl\":\"https:\/\/secure.gravatar.com\/avatar\/82aafea7d8127119dd649515f56e2117?s=96&d=mm&r=g\",\"caption\":\"rtnews\"},\"url\":\"https:\/\/now-news.de\/de\/author\/rnews\/\"}]}<\/script>\n<!-- \/ Yoast SEO Premium plugin. -->","yoast_head_json":{"title":"Hei\u00dfer Herbst \u2013 Proteste gegen Inflation und Energieknappheit in ganz Europa - just-now.NEWS Deutschland","robots":{"index":"index","follow":"follow","max-snippet":"max-snippet:-1","max-image-preview":"max-image-preview:large","max-video-preview":"max-video-preview:-1"},"canonical":"https:\/\/now-news.de\/de\/deutschland\/heisser-herbst-proteste-gegen-inflation-und-energieknappheit-in-ganz-europa\/","og_locale":"de_DE","og_type":"article","og_title":"Hei\u00dfer Herbst \u2013 Proteste gegen Inflation und Energieknappheit in ganz Europa","og_description":"Von Rainer Rupp Als eine der Folgen des Stellvertreterkrieges, in dem die USA und NATO die Ukraine als Rammbock gegen Russland einsetzen, haben sich in Europa und in vielen anderen L\u00e4ndern rund um die Welt Proteste gegen die himmelhohen Energie- und Lebensmittelpreise Bahn gebrochen. Die Wut richtet sich vor allem gegen die westlichen Sanktionen gegen [&hellip;]","og_url":"https:\/\/now-news.de\/de\/deutschland\/heisser-herbst-proteste-gegen-inflation-und-energieknappheit-in-ganz-europa\/","og_site_name":"just-now.NEWS Deutschland","article_publisher":"https:\/\/www.facebook.com\/wirmachenauf","article_published_time":"2022-10-04T12:32:16+00:00","og_image":[{"width":460,"height":259,"url":"https:\/\/now-news.de\/de\/wp-content\/uploads\/sites\/3\/2022\/10\/Heisser-Herbst-\u2013-Proteste-gegen-Inflation-und-Energieknappheit-in-ganz.jpg","type":"image\/jpeg"}],"author":"rtnews","twitter_card":"summary_large_image","twitter_creator":"@WirMachenAuf_de","twitter_site":"@WirMachenAuf_de","twitter_misc":{"Verfasst von":"rtnews","Gesch\u00e4tzte Lesezeit":"11\u00a0Minuten"},"schema":{"@context":"https:\/\/schema.org","@graph":[{"@type":"Article","@id":"https:\/\/now-news.de\/de\/deutschland\/heisser-herbst-proteste-gegen-inflation-und-energieknappheit-in-ganz-europa\/#article","isPartOf":{"@id":"https:\/\/now-news.de\/de\/deutschland\/heisser-herbst-proteste-gegen-inflation-und-energieknappheit-in-ganz-europa\/"},"author":{"name":"rtnews","@id":"https:\/\/now-news.de\/de\/#\/schema\/person\/fb534a4e865501d8b3285208df34a9b5"},"headline":"Hei\u00dfer Herbst \u2013 Proteste gegen Inflation und Energieknappheit in ganz Europa","datePublished":"2022-10-04T12:32:16+00:00","dateModified":"2022-10-04T12:32:16+00:00","mainEntityOfPage":{"@id":"https:\/\/now-news.de\/de\/deutschland\/heisser-herbst-proteste-gegen-inflation-und-energieknappheit-in-ganz-europa\/"},"wordCount":2112,"commentCount":0,"publisher":{"@id":"https:\/\/now-news.de\/de\/#organization"},"image":{"@id":"https:\/\/now-news.de\/de\/deutschland\/heisser-herbst-proteste-gegen-inflation-und-energieknappheit-in-ganz-europa\/#primaryimage"},"thumbnailUrl":"https:\/\/now-news.de\/de\/wp-content\/uploads\/sites\/3\/2022\/10\/Heisser-Herbst-\u2013-Proteste-gegen-Inflation-und-Energieknappheit-in-ganz.jpg","keywords":["Energieknappheit","Europa","ganz","gegen","hei\u00dfer","Herbst","Inflation","Proteste","und"],"articleSection":["Deutschland","Russland"],"inLanguage":"de","potentialAction":[{"@type":"CommentAction","name":"Comment","target":["https:\/\/now-news.de\/de\/deutschland\/heisser-herbst-proteste-gegen-inflation-und-energieknappheit-in-ganz-europa\/#respond"]}]},{"@type":"WebPage","@id":"https:\/\/now-news.de\/de\/deutschland\/heisser-herbst-proteste-gegen-inflation-und-energieknappheit-in-ganz-europa\/","url":"https:\/\/now-news.de\/de\/deutschland\/heisser-herbst-proteste-gegen-inflation-und-energieknappheit-in-ganz-europa\/","name":"Hei\u00dfer Herbst \u2013 Proteste gegen Inflation und Energieknappheit in ganz Europa - just-now.NEWS Deutschland","isPartOf":{"@id":"https:\/\/now-news.de\/de\/#website"},"primaryImageOfPage":{"@id":"https:\/\/now-news.de\/de\/deutschland\/heisser-herbst-proteste-gegen-inflation-und-energieknappheit-in-ganz-europa\/#primaryimage"},"image":{"@id":"https:\/\/now-news.de\/de\/deutschland\/heisser-herbst-proteste-gegen-inflation-und-energieknappheit-in-ganz-europa\/#primaryimage"},"thumbnailUrl":"https:\/\/now-news.de\/de\/wp-content\/uploads\/sites\/3\/2022\/10\/Heisser-Herbst-\u2013-Proteste-gegen-Inflation-und-Energieknappheit-in-ganz.jpg","datePublished":"2022-10-04T12:32:16+00:00","dateModified":"2022-10-04T12:32:16+00:00","breadcrumb":{"@id":"https:\/\/now-news.de\/de\/deutschland\/heisser-herbst-proteste-gegen-inflation-und-energieknappheit-in-ganz-europa\/#breadcrumb"},"inLanguage":"de","potentialAction":[{"@type":"ReadAction","target":["https:\/\/now-news.de\/de\/deutschland\/heisser-herbst-proteste-gegen-inflation-und-energieknappheit-in-ganz-europa\/"]}]},{"@type":"ImageObject","inLanguage":"de","@id":"https:\/\/now-news.de\/de\/deutschland\/heisser-herbst-proteste-gegen-inflation-und-energieknappheit-in-ganz-europa\/#primaryimage","url":"https:\/\/now-news.de\/de\/wp-content\/uploads\/sites\/3\/2022\/10\/Heisser-Herbst-\u2013-Proteste-gegen-Inflation-und-Energieknappheit-in-ganz.jpg","contentUrl":"https:\/\/now-news.de\/de\/wp-content\/uploads\/sites\/3\/2022\/10\/Heisser-Herbst-\u2013-Proteste-gegen-Inflation-und-Energieknappheit-in-ganz.jpg","width":460,"height":259,"caption":"Hei\u00dfer Herbst \u2013 Proteste gegen Inflation und Energieknappheit in ganz Europa"},{"@type":"BreadcrumbList","@id":"https:\/\/now-news.de\/de\/deutschland\/heisser-herbst-proteste-gegen-inflation-und-energieknappheit-in-ganz-europa\/#breadcrumb","itemListElement":[{"@type":"ListItem","position":1,"name":"Home","item":"https:\/\/now-news.de\/de\/"},{"@type":"ListItem","position":2,"name":"Hei\u00dfer Herbst \u2013 Proteste gegen Inflation und Energieknappheit in ganz Europa"}]},{"@type":"WebSite","@id":"https:\/\/now-news.de\/de\/#website","url":"https:\/\/now-news.de\/de\/","name":"just-now.NEWS Deutschland","description":"Das Portal f\u00fcr unzensierte Nachrichten aus der Welt","publisher":{"@id":"https:\/\/now-news.de\/de\/#organization"},"potentialAction":[{"@type":"SearchAction","target":{"@type":"EntryPoint","urlTemplate":"https:\/\/now-news.de\/de\/?s={search_term_string}"},"query-input":"required name=search_term_string"}],"inLanguage":"de"},{"@type":"Organization","@id":"https:\/\/now-news.de\/de\/#organization","name":"Just Now News","url":"https:\/\/now-news.de\/de\/","logo":{"@type":"ImageObject","inLanguage":"de","@id":"https:\/\/now-news.de\/de\/#\/schema\/logo\/image\/","url":"http:\/\/just-now.news\/de\/wp-content\/uploads\/sites\/3\/2022\/04\/logo500x500.jpg","contentUrl":"http:\/\/just-now.news\/de\/wp-content\/uploads\/sites\/3\/2022\/04\/logo500x500.jpg","width":500,"height":500,"caption":"Just Now News"},"image":{"@id":"https:\/\/now-news.de\/de\/#\/schema\/logo\/image\/"},"sameAs":["https:\/\/www.facebook.com\/wirmachenauf","https:\/\/x.com\/WirMachenAuf_de"]},{"@type":"Person","@id":"https:\/\/now-news.de\/de\/#\/schema\/person\/fb534a4e865501d8b3285208df34a9b5","name":"rtnews","image":{"@type":"ImageObject","inLanguage":"de","@id":"https:\/\/now-news.de\/de\/#\/schema\/person\/image\/","url":"https:\/\/secure.gravatar.com\/avatar\/82aafea7d8127119dd649515f56e2117?s=96&d=mm&r=g","contentUrl":"https:\/\/secure.gravatar.com\/avatar\/82aafea7d8127119dd649515f56e2117?s=96&d=mm&r=g","caption":"rtnews"},"url":"https:\/\/now-news.de\/de\/author\/rnews\/"}]}},"_links":{"self":[{"href":"https:\/\/now-news.de\/de\/wp-json\/wp\/v2\/posts\/20290"}],"collection":[{"href":"https:\/\/now-news.de\/de\/wp-json\/wp\/v2\/posts"}],"about":[{"href":"https:\/\/now-news.de\/de\/wp-json\/wp\/v2\/types\/post"}],"author":[{"embeddable":true,"href":"https:\/\/now-news.de\/de\/wp-json\/wp\/v2\/users\/3"}],"replies":[{"embeddable":true,"href":"https:\/\/now-news.de\/de\/wp-json\/wp\/v2\/comments?post=20290"}],"version-history":[{"count":0,"href":"https:\/\/now-news.de\/de\/wp-json\/wp\/v2\/posts\/20290\/revisions"}],"wp:featuredmedia":[{"embeddable":true,"href":"https:\/\/now-news.de\/de\/wp-json\/wp\/v2\/media\/20291"}],"wp:attachment":[{"href":"https:\/\/now-news.de\/de\/wp-json\/wp\/v2\/media?parent=20290"}],"wp:term":[{"taxonomy":"category","embeddable":true,"href":"https:\/\/now-news.de\/de\/wp-json\/wp\/v2\/categories?post=20290"},{"taxonomy":"post_tag","embeddable":true,"href":"https:\/\/now-news.de\/de\/wp-json\/wp\/v2\/tags?post=20290"}],"curies":[{"name":"wp","href":"https:\/\/api.w.org\/{rel}","templated":true}]}}