{"id":20284,"date":"2022-10-04T12:15:24","date_gmt":"2022-10-04T10:15:24","guid":{"rendered":"http:\/\/just-now.news\/de\/deutschland\/moskaus-teilmobilmachung-betrifft-auch-weltklasse-athleten-und-olympiasieger\/"},"modified":"2022-10-04T12:15:24","modified_gmt":"2022-10-04T10:15:24","slug":"moskaus-teilmobilmachung-betrifft-auch-weltklasse-athleten-und-olympiasieger","status":"publish","type":"post","link":"https:\/\/now-news.de\/de\/deutschland\/moskaus-teilmobilmachung-betrifft-auch-weltklasse-athleten-und-olympiasieger\/","title":{"rendered":"Moskaus Teilmobilmachung betrifft auch Weltklasse-Athleten und Olympiasieger"},"content":{"rendered":"<div class=\"Text-root Text-type_1 \">\n                Russlands Sportwelt ist in Aufruhr: Kaum hatte man die umfangreichen Sanktionen verkraftet, mit denen der Westen russische Athleten belegte, kommt die Nachricht \u00fcber die Teilmobilmachung. Spitzensportler sind nicht verschont.\n            <\/div>\n<p><\/p>\n<div class=\"Text-root Text-type_5 ArticleView-text ViewText-root \">\n<p>Medienberichten zufolge werden Spitzensportler, Trainer und Sportfunktion\u00e4re in Russland von Einberufungs\u00e4mtern vorgeladen. Die Nachrichtenagentur <em>RIA No<\/em><em>w<\/em><em>osti<\/em>\u00a0meldete in den vergangenen Tagen:<\/p>\n<blockquote>\n<p><em>&#8220;Zu den ersten, die eine Vorladung vom Einberufungsamt erhielten, geh\u00f6rte der bekannte MMA-K\u00e4mpfer Wladimir Minejew, der stets seine Zugeh\u00f6rigkeit zu den Fallschirmj\u00e4gern betont hatte. Der 32-j\u00e4hrige Sportler erkl\u00e4rte sofort, dass er bereit sei, an die Front zu gehen und seinem Land zu dienen. Minejew betonte, dass er nicht davonlaufen werde und verstehe, dass Russland derzeit Fallschirmj\u00e4ger brauche.&#8221;<\/em><\/p>\n<\/blockquote>\n<p>Der russische Schachgro\u00dfmeister Sergei Karjakin, der noch keine Einberufung erhalten hatte, erkl\u00e4rte gegen\u00fcber der Nachrichtenagentur, er sei bereit, wenn n\u00f6tig an die Front zu gehen. &#8220;Ich werde mich nicht hinter dem Schachbrett verstecken&#8221;, sagte der geb\u00fcrtige Krimianer gegen\u00fcber <em>Ria No<\/em><em>w<\/em><em>osti<\/em>.<\/p>\n<p>Laut Medien erhalten auch Sportler aus Nationalmannschaften Vorladungen. Dies betreffe alle Sportarten von Fu\u00dfball bis Eiskunstlauf. Die Nachrichtenagentur <em>Ria No<\/em><em>w<\/em><em>osti<\/em> meldet, dass mindestens drei Trainer und mehrere Ruderer der russischen Nationalmannschaft Vorladungen vom Milit\u00e4r erhalten h\u00e4tten. Dies teilte Aleksej Swirin, Pr\u00e4sident des russischen Ruderverbandes und Olympiasieger von Athen 2004, der Agentur mit.<\/p>\n<p>&#8220;Dies ist ein dringendes Problem f\u00fcr Sportler und Trainer. Wir erhalten bereits Hinweise, dass Vertreter der Rekrutierungsb\u00fcros zu ihnen kommen. Derzeit haben wir zwei oder drei Trainer und etwa f\u00fcnf Athleten, die solche Aufforderungen erhalten haben&#8221;, sagte Swirin und betonte:<\/p>\n<blockquote>\n<p><em>&#8220;Im Verh\u00e4ltnis zur Gesamtmasse der Sportler ist dies ein minimaler Prozentsatz. Bislang trainieren alle und bereiten sich auf Wettbewerbe vor. Wir arbeiten\u00a0derzeit in einem Einsatzmodus. In zwei Wochen haben wir Qualifikationsturniere f\u00fcr die zentralisierte Ausbildung f\u00fcr die Saison 2022\/23&#8221;.<\/em><\/p>\n<\/blockquote>\n<p>Auch russische Eishockeyspieler k\u00f6nnen einer Vorladung nicht entgehen. Wie Medien berichten, habe der Russische Eishockeyverband dem Sportministerium bereits Listen von Spielern, Trainern und Schl\u00fcsselpersonal vorgelegt, um f\u00fcr diese einen Ausschluss aus der Teilmobilmachung zu erreichen. &#8220;Wir haben dem Sportministerium Listen mit Trainern, Spielern und Schl\u00fcsselpersonal vorgelegt. Von nun an liegt es nicht mehr in unserer Hand. Das Sportministerium wird den Vorschlag der Regierung vorlegen. Welche Entscheidung auch immer getroffen wird \u2013 das war&#8217;s dann&#8221;, sagte Dmitri Kurbatow, Exekutivdirektor des Russischen Eishockeyverbandes, gegen\u00fcber der Online-Fachzeitung <em>Championat<\/em>.<\/p>\n<p>Die Vorladungen f\u00fcr die beiden russischen Eiskunstl\u00e4ufer der Nationalmannschaft Dmitri Aliew und Makar Ignatow sollte man jedoch \u00fcberdenken, meint die Olympiasiegerin Natalia Bestemjanowa. Da die Sportler \u00fcber keine Kampferfahrung verf\u00fcgten und damit die Kriterien der Teilmobilmachung nicht erf\u00fcllten, w\u00e4ren ihre Vorladungen \u00fcbrigens ohnehin ein Irrtum. Bestemjanowa ist der Ansicht: F\u00fcr das Land w\u00e4re es vorteilhafter, wenn die Athleten weiterhin an Wettk\u00e4mpfen teilnehmen w\u00fcrden. In einem Gespr\u00e4ch mit dem Sportmedium <em>Metaratings<\/em> sagte sie:<\/p>\n<p><em>&#8220;In einer solchen Situation m\u00fcssen wir uns fragen, was f\u00fcr das Land wichtiger ist: Dass die Jungen, die \u00fcberhaupt nicht k\u00e4mpfen k\u00f6nnen, an die Front gehen oder dass sie weiterhin an Wettk\u00e4mpfen teilnehmen? Meiner Meinung nach w\u00e4re es f\u00fcr das Land wichtiger, dass sie uns im Sportbereich vertreten. Ich bin sicher, dass die Jungs jetzt in engem Kontakt mit dem Verband stehen und unterst\u00fctzt werden.&#8221;<\/em><\/p>\n<figure class=\"RTImage-root\">\n<div class=\"RTImage-image RTImage-original\"><picture class=\"Picture-root Picture-original\"><!--[if IE 9]><video style=\"display: none;\"><![endif]--><source media=\"(-webkit-min-device-pixel-ratio: 2) and (min-resolution: 120dpi)\" data-srcset=\" \nhttp:\/\/just-now.news\/de\/wp-content\/uploads\/sites\/3\/2022\/10\/633aa250b480cc3862793231.jpg 850w,\n                http:\/\/just-now.news\/de\/wp-content\/uploads\/sites\/3\/2022\/10\/633aa250b480cc3862793231.jpg 1960w,\n            \" ><source data-srcset=\" \nhttp:\/\/just-now.news\/de\/wp-content\/uploads\/sites\/3\/2022\/10\/633aa250b480cc3862793231.jpg 460w,\n              http:\/\/just-now.news\/de\/wp-content\/uploads\/sites\/3\/2022\/10\/633aa250b480cc3862793231.jpg 980w,\n            \" ><!--[if IE 9]><\/video><![endif]--><img decoding=\"async\" data- src=\"data:image\/png;base64,iVBORw0KGgoAAAANSUhEUgAAABAAAAAJCAQAAACRI2S5AAAAEElEQVR42mNkIAAYRxWAAQAG9gAKqv6+AwAAAABJRU5ErkJggg==\" class=\"Picture-root Picture-original lazyload\" data-src=\"http:\/\/just-now.news\/de\/wp-content\/uploads\/sites\/3\/2022\/10\/633aa250b480cc3862793231.jpg\" alt=\"\"><\/source><\/source><\/picture><!-- noscript pattern --><noscript><img decoding=\"async\" src=\"http:\/\/just-now.news\/de\/wp-content\/uploads\/sites\/3\/2022\/10\/633aa250b480cc3862793231.jpg\" alt=\"\"><\/noscript><\/div><figcaption class=\"RTImage-footer\"><span class=\"RTImage-caption\"><span class=\"RTImage-captionItem\">Archivbild: Der russische Eiskunstl\u00e4ufer Makar Ignatow auf dem Eis.<\/span><\/span><span class=\"RTImage-source\"><span class=\"RTImage-captionItem\">Maksim Bogodvid<\/span><span class=\"RTImage-captionItem\"> \/ Sputnik<\/span><\/span><\/figcaption><\/figure>\n<p>Unterdessen erkl\u00e4rte die ehemalige russische Biathletin Anna Bogali, das Sportministerium arbeite daran, Profisportler vor der Wehrpflicht zu sch\u00fctzen. Hierauf entgegnete der bekannte Sportkommentator Dmitri Guberniew im Gespr\u00e4ch mit <em>championat.com<\/em>, dass auch einige russische Biathleten Vorladungen vom Rekrutierungsb\u00fcro erhalten h\u00e4tten. Auf Telegram schrieb er:<\/p>\n<blockquote>\n<p><em>&#8220;Wei\u00df Bogali, dass mehrere Biathlon-Athleten Vorladungen erhalten haben? Das sind aber Sportler auf dem Niveau der russischen Nationalmannschaft. Die Jungs haben darum gebeten, ihre Namen noch nicht zu nennen.&#8221;<\/em><\/p>\n<p><em>&#8220;Wir warten auf eine Stellungnahme des Russischen Biathlonverbandes.&#8221;<\/em><\/p>\n<\/blockquote>\n<p>Russlands Sportminister Oleg Matytsin hat in den vergangenen Tagen den Athleten zwar versprochen, sich mit der Frage eines Aufschubs der Teilmobilmachung f\u00fcr die Nationalmannschaft zu befassen, sagte aber in einem Interview mit <em>Match TV<\/em>:<\/p>\n<blockquote>\n<p><em>&#8220;Der Sport sollte nicht als eine feine Gemeinschaft angesehen werden, die Privilegien genie\u00dfen kann. Unsere Sportler sind Patrioten, die den Pr\u00e4sidenten unterst\u00fctzt haben. Der Sport ist eine Familie und alle Aufgaben, die der Staat l\u00f6st, wird der Sport gemeinsam l\u00f6sen. Von einer Exklusivit\u00e4t kann keine Rede sein. Es werden bestimmte Schutzma\u00dfnahmen ergriffen. Vielleicht wird es eine Art Aufschub der Teilmobilmachung hier geben. Das System wird sich aber trotz dieser Situation aktiv weiterentwickeln.&#8221;<\/em><\/p>\n<\/blockquote>\n<p>Zus\u00e4tzlich wird die Lage dadurch kompliziert, dass manche f\u00e4lschlicherweise Vorladungen von milit\u00e4rischen Rekrutierungsb\u00fcros erhalten, obwohl sie die Kriterien f\u00fcr eine Teilmobilmachung nicht erf\u00fcllen. Sie haben entweder nicht im Milit\u00e4r gedient oder keine milit\u00e4rische Erfahrung. Die Situation wird in den meisten F\u00e4llen gel\u00f6st und die fehlerhaft \u00fcbermittelten Vorladungen werden zur\u00fcckgezogen. Solche Vers\u00e4umnisse sorgen aber f\u00fcr Verwirrung und Unmut.<\/p>\n<p>Dies war zum Beispiel bei Dinjar Biljaletdinow der Fall, einem ehemaligen Mittelfeldspieler der Fu\u00dfballnationalmannschaft und Bronzemedaillengewinner bei der Fu\u00dfball-Europameisterschaft des Jahres 2008.<\/p>\n<p>Er wurde zum Melde- und Einberufungsamt vorgeladen, obwohl er \u00fcber keine milit\u00e4rische Erfahrung verf\u00fcgt. Nach einer \u00dcberpr\u00fcfung seiner Unterlagen wurde der Sportler nach Hause geschickt, da er der Teilmobilmachung nicht unterliegt.<\/p>\n<p>&#8220;Mir geht es gut. Ich bin zum Einberufungsb\u00fcro gegangen und habe einige Unterlagen aktualisiert. Das war eine \u00dcberpr\u00fcfung der Daten. Es gab keine Fragen, sie haben mich gleich nach Hause gehen lassen&#8221;, kommentierte der Sportler die Situation sp\u00e4ter in einem Gespr\u00e4ch mit dem Onlineportal<em> Metaratings<\/em>.<\/p>\n<p>All diese Schwierigkeiten und Unklarheiten wie auch die Weigerung einiger wehrpflichtiger Sportler und Sportfunktion\u00e4re, sich an der Teilmobilmachung zu beteiligen, haben dazu gef\u00fchrt, dass manche Sportler das Land verlassen haben. Die Agentur <em>Ria No<\/em><em>w<\/em><em>osti <\/em>berichtete zum Beispiel:<\/p>\n<blockquote>\n<p><em>&#8220;Nikolai Koschkin, der scheidende Generaldirektor des Moskauer Eishockeyclubs Dynamo, hat Russland verlassen. Die Abreise des Funktion\u00e4rs aus Russland k\u00f6nnte auf die Einf\u00fchrung der Teilmobilmachung zur\u00fcckzuf\u00fchren sein. Der Quelle zufolge\u00a0reiste auch Walentin Krjutschkow, der Marketing- und Handelsdirektor des Moskauer Clubs, aus Russland ab.&#8221;<\/em><\/p>\n<\/blockquote>\n<p>Auf jeden Fall hat die Teilmobilmachung eine heftige Debatte dar\u00fcber ausgel\u00f6st, wie Sportler in einer solchen Situation zu behandeln sind und ob Verdienste im Sport einen Anspruch auf Befreiung von der Wehrpflicht begr\u00fcnden. Der vierfache Olympiasieger im Turnen Alexei Nemow sprach sich in einem Interview mit <em>RT<\/em> f\u00fcr einen Ausschluss der Sportler der Olympiamannschaft von der Mobilmachung aus:<\/p>\n<blockquote>\n<p><em>&#8220;Ich bin der Meinung, dass es sowohl f\u00fcr aktuelle als auch f\u00fcr ehemalige Mitglieder der Nationalmannschaft eine gewisse <\/em><em>Befreiung von der Mobilmachung<\/em><em> geben sollte. Nach ihrer Sportkarriere bleiben sie oft im System, trainieren die Kinder und geben ihre Erfahrungen weiter. Diese Verbindung zwischen den Generationen darf nicht unterbrochen werden.&#8221;<\/em><\/p>\n<\/blockquote>\n<p>Er betonte, dass die besten Sportler &#8220;ein Genpool sind, den es zu bewahren gilt&#8221;. Der vierfache Biathlon-Olympiasieger Aleksander Tichonow hat die Frage, ob Sportler im Rahmen der Teilmobilmachung zu den Streitkr\u00e4ften eingezogen werden sollten, in einem Gespr\u00e4ch mit <em>Sport24<\/em> so beantwortet:<\/p>\n<blockquote>\n<p><em>&#8220;Wenn Alter und Gesundheit es zulassen, dass Sportler an die Front gehen, sind sie verpflichtet, sich der Teilmobilmachung zu unterziehen. Aber die wichtigste Frage w\u00e4re, ob sie wirklich einsetzbar sind. Wenn ich eingezogen werde, wei\u00df ich, wie man mit einer Waffe umgeht \u2013 ich habe jedoch die vorgeschriebene Altersgrenze bereits \u00fcberschritten. Was kann aber ein Fu\u00dfballer, ein Hockeyspieler oder ein Schwertk\u00e4mpfer tun? Wird Letzterer mit seinem Schwert zum Milit\u00e4r gehen?<\/em><\/p>\n<p><em>Man sollte die Athleten nur dann einberufen, wenn sie beim Milit\u00e4r waren und dort entsprechend ausgebildet wurden. Ohne Ausbildung werden sie zu Kanonenfutter. Wenn man damit beginnt, Sportler wahllos zu mobilisieren, ist es dasselbe, als h\u00e4tte man sie in den Tod geschickt.&#8221;<\/em><\/p>\n<\/blockquote>\n<p><strong>Mehr zum Thema &#8211;<\/strong>\u00a0<a rel=\"nofollow noopener\" target=\"_blank\" href=\"https:\/\/de.rt.com\/russland\/149828-russische-teilmobilisierung-fehlschlag-oder-erfolg\/\">Die russische Teilmobilmachung: Fehlschlag oder Erfolg?<\/a><\/p>\n<\/div>\n<p><br \/>\n<br \/><a href=\"https:\/\/de.rt.com\/russland\/150513-weltklasse-athleten-und-olympiasieger-teilmobilmachung\/\">Source link <\/a><\/p>\n","protected":false},"excerpt":{"rendered":"<p>Russlands Sportwelt ist in Aufruhr: Kaum hatte man die umfangreichen Sanktionen verkraftet, mit denen der Westen russische Athleten belegte, kommt die Nachricht \u00fcber die Teilmobilmachung. Spitzensportler sind nicht verschont. Medienberichten zufolge werden Spitzensportler, Trainer und Sportfunktion\u00e4re in Russland von Einberufungs\u00e4mtern vorgeladen. Die Nachrichtenagentur RIA Nowosti\u00a0meldete in den vergangenen Tagen: &#8220;Zu den ersten, die eine Vorladung [&hellip;]<\/p>\n","protected":false},"author":3,"featured_media":20285,"comment_status":"open","ping_status":"open","sticky":false,"template":"","format":"standard","meta":{"wp_automatic_camp":["217"],"e2500afc24a68e09cf719071b58ac22b":["Moskaus Teilmobilmachung betrifft auch Weltklasse-Athleten und Olympiasieger"],"original_link":["https:\/\/de.rt.com\/russland\/150513-weltklasse-athleten-und-olympiasieger-teilmobilmachung\/"],"_thumbnail_id":["20285"],"jnews_social_counter_last_update":["1777224946"]},"categories":[19,23],"tags":[1475,27846,4382,33793,33163,140,33792],"yoast_head":"<!-- This site is optimized with the Yoast SEO Premium plugin v22.7 (Yoast SEO v22.7) - https:\/\/yoast.com\/wordpress\/plugins\/seo\/ -->\n<title>Moskaus Teilmobilmachung betrifft auch Weltklasse-Athleten und Olympiasieger - just-now.NEWS Deutschland<\/title>\n<meta name=\"robots\" content=\"index, follow, max-snippet:-1, max-image-preview:large, max-video-preview:-1\" \/>\n<link rel=\"canonical\" href=\"https:\/\/now-news.de\/de\/deutschland\/moskaus-teilmobilmachung-betrifft-auch-weltklasse-athleten-und-olympiasieger\/\" \/>\n<meta property=\"og:locale\" content=\"de_DE\" \/>\n<meta property=\"og:type\" content=\"article\" \/>\n<meta property=\"og:title\" content=\"Moskaus Teilmobilmachung betrifft auch Weltklasse-Athleten und Olympiasieger\" \/>\n<meta property=\"og:description\" content=\"Russlands Sportwelt ist in Aufruhr: Kaum hatte man die umfangreichen Sanktionen verkraftet, mit denen der Westen russische Athleten belegte, kommt die Nachricht \u00fcber die Teilmobilmachung. Spitzensportler sind nicht verschont. Medienberichten zufolge werden Spitzensportler, Trainer und Sportfunktion\u00e4re in Russland von Einberufungs\u00e4mtern vorgeladen. Die Nachrichtenagentur RIA Nowosti\u00a0meldete in den vergangenen Tagen: &#8220;Zu den ersten, die eine Vorladung [&hellip;]\" \/>\n<meta property=\"og:url\" content=\"https:\/\/now-news.de\/de\/deutschland\/moskaus-teilmobilmachung-betrifft-auch-weltklasse-athleten-und-olympiasieger\/\" \/>\n<meta property=\"og:site_name\" content=\"just-now.NEWS Deutschland\" \/>\n<meta property=\"article:publisher\" content=\"https:\/\/www.facebook.com\/wirmachenauf\" \/>\n<meta property=\"article:published_time\" content=\"2022-10-04T10:15:24+00:00\" \/>\n<meta property=\"og:image\" content=\"https:\/\/now-news.de\/de\/wp-content\/uploads\/sites\/3\/2022\/10\/Moskaus-Teilmobilmachung-betrifft-auch-Weltklasse-Athleten-und-Olympiasieger.jpg\" \/>\n\t<meta property=\"og:image:width\" content=\"1620\" \/>\n\t<meta property=\"og:image:height\" content=\"1080\" \/>\n\t<meta property=\"og:image:type\" content=\"image\/jpeg\" \/>\n<meta name=\"author\" content=\"rtnews\" \/>\n<meta name=\"twitter:card\" content=\"summary_large_image\" \/>\n<meta name=\"twitter:creator\" content=\"@WirMachenAuf_de\" \/>\n<meta name=\"twitter:site\" content=\"@WirMachenAuf_de\" \/>\n<meta name=\"twitter:label1\" content=\"Verfasst von\" \/>\n\t<meta name=\"twitter:data1\" content=\"rtnews\" \/>\n\t<meta name=\"twitter:label2\" content=\"Gesch\u00e4tzte Lesezeit\" \/>\n\t<meta name=\"twitter:data2\" content=\"7\u00a0Minuten\" \/>\n<script type=\"application\/ld+json\" class=\"yoast-schema-graph\">{\"@context\":\"https:\/\/schema.org\",\"@graph\":[{\"@type\":\"Article\",\"@id\":\"https:\/\/now-news.de\/de\/deutschland\/moskaus-teilmobilmachung-betrifft-auch-weltklasse-athleten-und-olympiasieger\/#article\",\"isPartOf\":{\"@id\":\"https:\/\/now-news.de\/de\/deutschland\/moskaus-teilmobilmachung-betrifft-auch-weltklasse-athleten-und-olympiasieger\/\"},\"author\":{\"name\":\"rtnews\",\"@id\":\"https:\/\/now-news.de\/de\/#\/schema\/person\/fb534a4e865501d8b3285208df34a9b5\"},\"headline\":\"Moskaus Teilmobilmachung betrifft auch Weltklasse-Athleten und Olympiasieger\",\"datePublished\":\"2022-10-04T10:15:24+00:00\",\"dateModified\":\"2022-10-04T10:15:24+00:00\",\"mainEntityOfPage\":{\"@id\":\"https:\/\/now-news.de\/de\/deutschland\/moskaus-teilmobilmachung-betrifft-auch-weltklasse-athleten-und-olympiasieger\/\"},\"wordCount\":1324,\"commentCount\":0,\"publisher\":{\"@id\":\"https:\/\/now-news.de\/de\/#organization\"},\"image\":{\"@id\":\"https:\/\/now-news.de\/de\/deutschland\/moskaus-teilmobilmachung-betrifft-auch-weltklasse-athleten-und-olympiasieger\/#primaryimage\"},\"thumbnailUrl\":\"https:\/\/now-news.de\/de\/wp-content\/uploads\/sites\/3\/2022\/10\/Moskaus-Teilmobilmachung-betrifft-auch-Weltklasse-Athleten-und-Olympiasieger.jpg\",\"keywords\":[\"auch\",\"betrifft\",\"Moskaus\",\"Olympiasieger\",\"Teilmobilmachung\",\"und\",\"WeltklasseAthleten\"],\"articleSection\":[\"Deutschland\",\"Russland\"],\"inLanguage\":\"de\",\"potentialAction\":[{\"@type\":\"CommentAction\",\"name\":\"Comment\",\"target\":[\"https:\/\/now-news.de\/de\/deutschland\/moskaus-teilmobilmachung-betrifft-auch-weltklasse-athleten-und-olympiasieger\/#respond\"]}]},{\"@type\":\"WebPage\",\"@id\":\"https:\/\/now-news.de\/de\/deutschland\/moskaus-teilmobilmachung-betrifft-auch-weltklasse-athleten-und-olympiasieger\/\",\"url\":\"https:\/\/now-news.de\/de\/deutschland\/moskaus-teilmobilmachung-betrifft-auch-weltklasse-athleten-und-olympiasieger\/\",\"name\":\"Moskaus Teilmobilmachung betrifft auch Weltklasse-Athleten und Olympiasieger - just-now.NEWS Deutschland\",\"isPartOf\":{\"@id\":\"https:\/\/now-news.de\/de\/#website\"},\"primaryImageOfPage\":{\"@id\":\"https:\/\/now-news.de\/de\/deutschland\/moskaus-teilmobilmachung-betrifft-auch-weltklasse-athleten-und-olympiasieger\/#primaryimage\"},\"image\":{\"@id\":\"https:\/\/now-news.de\/de\/deutschland\/moskaus-teilmobilmachung-betrifft-auch-weltklasse-athleten-und-olympiasieger\/#primaryimage\"},\"thumbnailUrl\":\"https:\/\/now-news.de\/de\/wp-content\/uploads\/sites\/3\/2022\/10\/Moskaus-Teilmobilmachung-betrifft-auch-Weltklasse-Athleten-und-Olympiasieger.jpg\",\"datePublished\":\"2022-10-04T10:15:24+00:00\",\"dateModified\":\"2022-10-04T10:15:24+00:00\",\"breadcrumb\":{\"@id\":\"https:\/\/now-news.de\/de\/deutschland\/moskaus-teilmobilmachung-betrifft-auch-weltklasse-athleten-und-olympiasieger\/#breadcrumb\"},\"inLanguage\":\"de\",\"potentialAction\":[{\"@type\":\"ReadAction\",\"target\":[\"https:\/\/now-news.de\/de\/deutschland\/moskaus-teilmobilmachung-betrifft-auch-weltklasse-athleten-und-olympiasieger\/\"]}]},{\"@type\":\"ImageObject\",\"inLanguage\":\"de\",\"@id\":\"https:\/\/now-news.de\/de\/deutschland\/moskaus-teilmobilmachung-betrifft-auch-weltklasse-athleten-und-olympiasieger\/#primaryimage\",\"url\":\"https:\/\/now-news.de\/de\/wp-content\/uploads\/sites\/3\/2022\/10\/Moskaus-Teilmobilmachung-betrifft-auch-Weltklasse-Athleten-und-Olympiasieger.jpg\",\"contentUrl\":\"https:\/\/now-news.de\/de\/wp-content\/uploads\/sites\/3\/2022\/10\/Moskaus-Teilmobilmachung-betrifft-auch-Weltklasse-Athleten-und-Olympiasieger.jpg\",\"width\":1620,\"height\":1080,\"caption\":\"Moskaus Teilmobilmachung betrifft auch Weltklasse-Athleten und Olympiasieger\"},{\"@type\":\"BreadcrumbList\",\"@id\":\"https:\/\/now-news.de\/de\/deutschland\/moskaus-teilmobilmachung-betrifft-auch-weltklasse-athleten-und-olympiasieger\/#breadcrumb\",\"itemListElement\":[{\"@type\":\"ListItem\",\"position\":1,\"name\":\"Home\",\"item\":\"https:\/\/now-news.de\/de\/\"},{\"@type\":\"ListItem\",\"position\":2,\"name\":\"Moskaus Teilmobilmachung betrifft auch Weltklasse-Athleten und Olympiasieger\"}]},{\"@type\":\"WebSite\",\"@id\":\"https:\/\/now-news.de\/de\/#website\",\"url\":\"https:\/\/now-news.de\/de\/\",\"name\":\"just-now.NEWS Deutschland\",\"description\":\"Das Portal f\u00fcr unzensierte Nachrichten aus der Welt\",\"publisher\":{\"@id\":\"https:\/\/now-news.de\/de\/#organization\"},\"potentialAction\":[{\"@type\":\"SearchAction\",\"target\":{\"@type\":\"EntryPoint\",\"urlTemplate\":\"https:\/\/now-news.de\/de\/?s={search_term_string}\"},\"query-input\":\"required name=search_term_string\"}],\"inLanguage\":\"de\"},{\"@type\":\"Organization\",\"@id\":\"https:\/\/now-news.de\/de\/#organization\",\"name\":\"Just Now News\",\"url\":\"https:\/\/now-news.de\/de\/\",\"logo\":{\"@type\":\"ImageObject\",\"inLanguage\":\"de\",\"@id\":\"https:\/\/now-news.de\/de\/#\/schema\/logo\/image\/\",\"url\":\"http:\/\/just-now.news\/de\/wp-content\/uploads\/sites\/3\/2022\/04\/logo500x500.jpg\",\"contentUrl\":\"http:\/\/just-now.news\/de\/wp-content\/uploads\/sites\/3\/2022\/04\/logo500x500.jpg\",\"width\":500,\"height\":500,\"caption\":\"Just Now News\"},\"image\":{\"@id\":\"https:\/\/now-news.de\/de\/#\/schema\/logo\/image\/\"},\"sameAs\":[\"https:\/\/www.facebook.com\/wirmachenauf\",\"https:\/\/x.com\/WirMachenAuf_de\"]},{\"@type\":\"Person\",\"@id\":\"https:\/\/now-news.de\/de\/#\/schema\/person\/fb534a4e865501d8b3285208df34a9b5\",\"name\":\"rtnews\",\"image\":{\"@type\":\"ImageObject\",\"inLanguage\":\"de\",\"@id\":\"https:\/\/now-news.de\/de\/#\/schema\/person\/image\/\",\"url\":\"https:\/\/secure.gravatar.com\/avatar\/82aafea7d8127119dd649515f56e2117?s=96&d=mm&r=g\",\"contentUrl\":\"https:\/\/secure.gravatar.com\/avatar\/82aafea7d8127119dd649515f56e2117?s=96&d=mm&r=g\",\"caption\":\"rtnews\"},\"url\":\"https:\/\/now-news.de\/de\/author\/rnews\/\"}]}<\/script>\n<!-- \/ Yoast SEO Premium plugin. -->","yoast_head_json":{"title":"Moskaus Teilmobilmachung betrifft auch Weltklasse-Athleten und Olympiasieger - just-now.NEWS Deutschland","robots":{"index":"index","follow":"follow","max-snippet":"max-snippet:-1","max-image-preview":"max-image-preview:large","max-video-preview":"max-video-preview:-1"},"canonical":"https:\/\/now-news.de\/de\/deutschland\/moskaus-teilmobilmachung-betrifft-auch-weltklasse-athleten-und-olympiasieger\/","og_locale":"de_DE","og_type":"article","og_title":"Moskaus Teilmobilmachung betrifft auch Weltklasse-Athleten und Olympiasieger","og_description":"Russlands Sportwelt ist in Aufruhr: Kaum hatte man die umfangreichen Sanktionen verkraftet, mit denen der Westen russische Athleten belegte, kommt die Nachricht \u00fcber die Teilmobilmachung. Spitzensportler sind nicht verschont. Medienberichten zufolge werden Spitzensportler, Trainer und Sportfunktion\u00e4re in Russland von Einberufungs\u00e4mtern vorgeladen. Die Nachrichtenagentur RIA Nowosti\u00a0meldete in den vergangenen Tagen: &#8220;Zu den ersten, die eine Vorladung [&hellip;]","og_url":"https:\/\/now-news.de\/de\/deutschland\/moskaus-teilmobilmachung-betrifft-auch-weltklasse-athleten-und-olympiasieger\/","og_site_name":"just-now.NEWS Deutschland","article_publisher":"https:\/\/www.facebook.com\/wirmachenauf","article_published_time":"2022-10-04T10:15:24+00:00","og_image":[{"width":1620,"height":1080,"url":"https:\/\/now-news.de\/de\/wp-content\/uploads\/sites\/3\/2022\/10\/Moskaus-Teilmobilmachung-betrifft-auch-Weltklasse-Athleten-und-Olympiasieger.jpg","type":"image\/jpeg"}],"author":"rtnews","twitter_card":"summary_large_image","twitter_creator":"@WirMachenAuf_de","twitter_site":"@WirMachenAuf_de","twitter_misc":{"Verfasst von":"rtnews","Gesch\u00e4tzte Lesezeit":"7\u00a0Minuten"},"schema":{"@context":"https:\/\/schema.org","@graph":[{"@type":"Article","@id":"https:\/\/now-news.de\/de\/deutschland\/moskaus-teilmobilmachung-betrifft-auch-weltklasse-athleten-und-olympiasieger\/#article","isPartOf":{"@id":"https:\/\/now-news.de\/de\/deutschland\/moskaus-teilmobilmachung-betrifft-auch-weltklasse-athleten-und-olympiasieger\/"},"author":{"name":"rtnews","@id":"https:\/\/now-news.de\/de\/#\/schema\/person\/fb534a4e865501d8b3285208df34a9b5"},"headline":"Moskaus Teilmobilmachung betrifft auch Weltklasse-Athleten und Olympiasieger","datePublished":"2022-10-04T10:15:24+00:00","dateModified":"2022-10-04T10:15:24+00:00","mainEntityOfPage":{"@id":"https:\/\/now-news.de\/de\/deutschland\/moskaus-teilmobilmachung-betrifft-auch-weltklasse-athleten-und-olympiasieger\/"},"wordCount":1324,"commentCount":0,"publisher":{"@id":"https:\/\/now-news.de\/de\/#organization"},"image":{"@id":"https:\/\/now-news.de\/de\/deutschland\/moskaus-teilmobilmachung-betrifft-auch-weltklasse-athleten-und-olympiasieger\/#primaryimage"},"thumbnailUrl":"https:\/\/now-news.de\/de\/wp-content\/uploads\/sites\/3\/2022\/10\/Moskaus-Teilmobilmachung-betrifft-auch-Weltklasse-Athleten-und-Olympiasieger.jpg","keywords":["auch","betrifft","Moskaus","Olympiasieger","Teilmobilmachung","und","WeltklasseAthleten"],"articleSection":["Deutschland","Russland"],"inLanguage":"de","potentialAction":[{"@type":"CommentAction","name":"Comment","target":["https:\/\/now-news.de\/de\/deutschland\/moskaus-teilmobilmachung-betrifft-auch-weltklasse-athleten-und-olympiasieger\/#respond"]}]},{"@type":"WebPage","@id":"https:\/\/now-news.de\/de\/deutschland\/moskaus-teilmobilmachung-betrifft-auch-weltklasse-athleten-und-olympiasieger\/","url":"https:\/\/now-news.de\/de\/deutschland\/moskaus-teilmobilmachung-betrifft-auch-weltklasse-athleten-und-olympiasieger\/","name":"Moskaus Teilmobilmachung betrifft auch Weltklasse-Athleten und Olympiasieger - just-now.NEWS Deutschland","isPartOf":{"@id":"https:\/\/now-news.de\/de\/#website"},"primaryImageOfPage":{"@id":"https:\/\/now-news.de\/de\/deutschland\/moskaus-teilmobilmachung-betrifft-auch-weltklasse-athleten-und-olympiasieger\/#primaryimage"},"image":{"@id":"https:\/\/now-news.de\/de\/deutschland\/moskaus-teilmobilmachung-betrifft-auch-weltklasse-athleten-und-olympiasieger\/#primaryimage"},"thumbnailUrl":"https:\/\/now-news.de\/de\/wp-content\/uploads\/sites\/3\/2022\/10\/Moskaus-Teilmobilmachung-betrifft-auch-Weltklasse-Athleten-und-Olympiasieger.jpg","datePublished":"2022-10-04T10:15:24+00:00","dateModified":"2022-10-04T10:15:24+00:00","breadcrumb":{"@id":"https:\/\/now-news.de\/de\/deutschland\/moskaus-teilmobilmachung-betrifft-auch-weltklasse-athleten-und-olympiasieger\/#breadcrumb"},"inLanguage":"de","potentialAction":[{"@type":"ReadAction","target":["https:\/\/now-news.de\/de\/deutschland\/moskaus-teilmobilmachung-betrifft-auch-weltklasse-athleten-und-olympiasieger\/"]}]},{"@type":"ImageObject","inLanguage":"de","@id":"https:\/\/now-news.de\/de\/deutschland\/moskaus-teilmobilmachung-betrifft-auch-weltklasse-athleten-und-olympiasieger\/#primaryimage","url":"https:\/\/now-news.de\/de\/wp-content\/uploads\/sites\/3\/2022\/10\/Moskaus-Teilmobilmachung-betrifft-auch-Weltklasse-Athleten-und-Olympiasieger.jpg","contentUrl":"https:\/\/now-news.de\/de\/wp-content\/uploads\/sites\/3\/2022\/10\/Moskaus-Teilmobilmachung-betrifft-auch-Weltklasse-Athleten-und-Olympiasieger.jpg","width":1620,"height":1080,"caption":"Moskaus Teilmobilmachung betrifft auch Weltklasse-Athleten und Olympiasieger"},{"@type":"BreadcrumbList","@id":"https:\/\/now-news.de\/de\/deutschland\/moskaus-teilmobilmachung-betrifft-auch-weltklasse-athleten-und-olympiasieger\/#breadcrumb","itemListElement":[{"@type":"ListItem","position":1,"name":"Home","item":"https:\/\/now-news.de\/de\/"},{"@type":"ListItem","position":2,"name":"Moskaus Teilmobilmachung betrifft auch Weltklasse-Athleten und Olympiasieger"}]},{"@type":"WebSite","@id":"https:\/\/now-news.de\/de\/#website","url":"https:\/\/now-news.de\/de\/","name":"just-now.NEWS Deutschland","description":"Das Portal f\u00fcr unzensierte Nachrichten aus der Welt","publisher":{"@id":"https:\/\/now-news.de\/de\/#organization"},"potentialAction":[{"@type":"SearchAction","target":{"@type":"EntryPoint","urlTemplate":"https:\/\/now-news.de\/de\/?s={search_term_string}"},"query-input":"required name=search_term_string"}],"inLanguage":"de"},{"@type":"Organization","@id":"https:\/\/now-news.de\/de\/#organization","name":"Just Now News","url":"https:\/\/now-news.de\/de\/","logo":{"@type":"ImageObject","inLanguage":"de","@id":"https:\/\/now-news.de\/de\/#\/schema\/logo\/image\/","url":"http:\/\/just-now.news\/de\/wp-content\/uploads\/sites\/3\/2022\/04\/logo500x500.jpg","contentUrl":"http:\/\/just-now.news\/de\/wp-content\/uploads\/sites\/3\/2022\/04\/logo500x500.jpg","width":500,"height":500,"caption":"Just Now News"},"image":{"@id":"https:\/\/now-news.de\/de\/#\/schema\/logo\/image\/"},"sameAs":["https:\/\/www.facebook.com\/wirmachenauf","https:\/\/x.com\/WirMachenAuf_de"]},{"@type":"Person","@id":"https:\/\/now-news.de\/de\/#\/schema\/person\/fb534a4e865501d8b3285208df34a9b5","name":"rtnews","image":{"@type":"ImageObject","inLanguage":"de","@id":"https:\/\/now-news.de\/de\/#\/schema\/person\/image\/","url":"https:\/\/secure.gravatar.com\/avatar\/82aafea7d8127119dd649515f56e2117?s=96&d=mm&r=g","contentUrl":"https:\/\/secure.gravatar.com\/avatar\/82aafea7d8127119dd649515f56e2117?s=96&d=mm&r=g","caption":"rtnews"},"url":"https:\/\/now-news.de\/de\/author\/rnews\/"}]}},"_links":{"self":[{"href":"https:\/\/now-news.de\/de\/wp-json\/wp\/v2\/posts\/20284"}],"collection":[{"href":"https:\/\/now-news.de\/de\/wp-json\/wp\/v2\/posts"}],"about":[{"href":"https:\/\/now-news.de\/de\/wp-json\/wp\/v2\/types\/post"}],"author":[{"embeddable":true,"href":"https:\/\/now-news.de\/de\/wp-json\/wp\/v2\/users\/3"}],"replies":[{"embeddable":true,"href":"https:\/\/now-news.de\/de\/wp-json\/wp\/v2\/comments?post=20284"}],"version-history":[{"count":0,"href":"https:\/\/now-news.de\/de\/wp-json\/wp\/v2\/posts\/20284\/revisions"}],"wp:featuredmedia":[{"embeddable":true,"href":"https:\/\/now-news.de\/de\/wp-json\/wp\/v2\/media\/20285"}],"wp:attachment":[{"href":"https:\/\/now-news.de\/de\/wp-json\/wp\/v2\/media?parent=20284"}],"wp:term":[{"taxonomy":"category","embeddable":true,"href":"https:\/\/now-news.de\/de\/wp-json\/wp\/v2\/categories?post=20284"},{"taxonomy":"post_tag","embeddable":true,"href":"https:\/\/now-news.de\/de\/wp-json\/wp\/v2\/tags?post=20284"}],"curies":[{"name":"wp","href":"https:\/\/api.w.org\/{rel}","templated":true}]}}