{"id":20235,"date":"2022-10-03T17:39:16","date_gmt":"2022-10-03T15:39:16","guid":{"rendered":"http:\/\/just-now.news\/de\/deutschland\/angst-vor-eigenverantwortung-streit-in-der-ampel-um-verschaerfte-corona-regeln\/"},"modified":"2022-10-03T17:39:16","modified_gmt":"2022-10-03T15:39:16","slug":"angst-vor-eigenverantwortung-streit-in-der-ampel-um-verschaerfte-corona-regeln","status":"publish","type":"post","link":"https:\/\/now-news.de\/de\/deutschland\/angst-vor-eigenverantwortung-streit-in-der-ampel-um-verschaerfte-corona-regeln\/","title":{"rendered":"Angst vor Eigenverantwortung: Streit in der Ampel um versch\u00e4rfte Corona-Regeln"},"content":{"rendered":"<p><img decoding=\"async\" src=\"http:\/\/just-now.news\/de\/wp-content\/uploads\/sites\/3\/2022\/10\/6339d367b480cc5496406ea0.jpg\" \/><\/p>\n<div class=\"Text-root Text-type_1 \">\n                W\u00e4hrend sich der Rest Europas und viele andere Teile der Welt weitgehend von Corona-Ma\u00dfnahmen verabschiedet haben, entbrennt in der &#8220;Ampel&#8221;-Regierung in Berlin ein Streit dar\u00fcber, wie sehr man zentral gesteuert die B\u00fcrger mit weiteren &#8220;Schutzma\u00dfnahmen&#8221; begl\u00fccken soll.\n            <\/div>\n<p><\/p>\n<div class=\"Text-root Text-type_5 ArticleView-text ViewText-root \">\n<p>Der Bundesgesundheitsminister Karl Lauterbach und der Bundesminister der Justiz Marco Buschmann steuern in der Corona-Politik weiter einen unterschiedlichen Kurs. Der SPD-Politiker Lauterbach forderte genau einen Tag nach dem Inkraftreten des neuen Infektionsschutzgesetzes die Bundesl\u00e4nder auf, angesichts vermeintlich steigender &#8220;Infektionszahlen&#8221; rechtzeitig neue Regeln wie eine Maskenpflicht in Innenr\u00e4umen zu erlassen. Deutschland hat derzeit in der Europ\u00e4ischen Union die sch\u00e4rfsten Instrumente daf\u00fcr gesetzlich verankert. Der FDP-Politiker Buschmann dagegen betonte, die Bundesl\u00e4nder k\u00f6nnten sogar nach eigenem Ermessen die Isolationspflicht aufheben \u2013 wie das in zahlreichen anderen europ\u00e4ischen Staaten schon der Fall ist. In Bayern vermisst man vor diesem Hintergrund einen klaren Corona-Kurs der &#8220;Ampel&#8221;-Regierung. Der Corona-Hardliner und Gesundheitsminister von Bayern Klaus Holetschek erkl\u00e4rte am Sonntag dazu:<\/p>\n<blockquote>\n<p><em>&#8220;Die Berliner Ampel flimmert in der Corona-Politik so sprunghaft wie eine Lichtorgel bei einer Mischung aus Blasmusik und Heavy Metal. Das verunsichert die B\u00fcrgerinnen und B\u00fcrger. Deshalb muss der Kanzler das verwirrende Treiben seiner beiden Minister endlich stoppen!&#8221;<\/em><\/p>\n<\/blockquote>\n<p>Lauterbach hatte zuvor auf Twitter eine Grafik verbreitet, die den vermeintlich starken Anstieg der Anzahl auf das Virus positiv getesteter F\u00e4lle in Bayern \u2013 und besonders in M\u00fcnchen seit dem Beginn des Oktoberfests \u2013 belegen soll. Dazu schrieb er am Samstagabend:\u00a0<\/p>\n<blockquote>\n<p><em>&#8220;Das w\u00e4re nicht n\u00f6tig gewesen, wenn vor dem Einlass Selbsttests gemacht worden w\u00e4ren. Auf 2-3 Euro w\u00e4re es bei den Preisen pro Ma\u00df nicht angekommen. Die Entwicklung zeigt aber, was passieren wird, wenn die L\u00e4nder mit der Maskenpflicht im Innenraum zu lange warten.&#8221;<\/em><\/p>\n<\/blockquote>\n<p>Bundesweit einheitlich gilt eine FFP2-Maskenpflicht derzeit nur in Fernz\u00fcgen und Fernbussen, Pflegeheimen, Kliniken und Arztpraxen. \u00dcber den Regionalverkehr entscheiden die Bundesl\u00e4nder \u2013 alle Gesundheitsminister halten dort aber an der Maskenpflicht fest. Mit der seit Samstag geltenden Neuregelung k\u00f6nnen die L\u00e4nder in Eigenregie jederzeit noch sch\u00e4rfere Ma\u00dfnahmen verordnen, etwa die Maskenpflicht in Gesch\u00e4ften und Restaurants.<\/p>\n<p>Einige Bundesl\u00e4nder haben andererseits trotzdem ein Ende der Isolationspflicht f\u00fcr Corona-Infizierte gefordert. Buschmann betonte, auch das k\u00f6nnten sie in eigenem Ermessen entscheiden. &#8220;Vom RKI gibt es lediglich eine Empfehlung&#8221;, sagte er der <em>Bild am Sonntag<\/em>:<\/p>\n<blockquote>\n<p><em>&#8220;Wenn ein Bundesland der \u00dcberzeugung ist, dass es vertretbar ist, Isolationspflichten aufzuheben, kann es das tun. Daher kann ich diesen Landesregierungen nur zurufen: Geht doch voran, ihr habt alle M\u00f6glichkeiten!&#8221;<\/em><\/p>\n<\/blockquote>\n<p>Lauterbach hatte auch diese \u00c4u\u00dferung umgehend zur\u00fcckgewiesen. Ebenso warnte der Bundesminister f\u00fcr Arbeit und Soziales Hubertus Heil (SPD) davor, die Isolationspflichten aufzuheben. Zwar habe man es mit Omikron-Varianten zu tun, die nicht so krank machten, sagte er den Zeitungen der <em>Funke Mediengruppe<\/em>, res\u00fcmierte aber: &#8220;Trotzdem m\u00fcssen wir aufpassen, dass nicht zu viele Menschen erkranken \u2013 auch im Interesse der Unternehmen.&#8221;<\/p>\n<p><strong>Mehr zum Thema<\/strong> &#8211; <a rel=\"nofollow noopener\" target=\"_blank\" href=\"https:\/\/test.rtde.tech\/inland\/150460-lauterbach-eskaliert-auf-twitter-wir\/\">Lauterbach eskaliert: &#8220;Wir sind im Krieg mit Putin&#8221;<\/a><\/p>\n<p>(rt\/dpa)<\/p>\n<\/div>\n<p><br \/>\n<br \/><a href=\"https:\/\/de.rt.com\/inland\/150477-angst-vor-eigenverantwortung\/\">Source link <\/a><\/p>\n","protected":false},"excerpt":{"rendered":"<p>W\u00e4hrend sich der Rest Europas und viele andere Teile der Welt weitgehend von Corona-Ma\u00dfnahmen verabschiedet haben, entbrennt in der &#8220;Ampel&#8221;-Regierung in Berlin ein Streit dar\u00fcber, wie sehr man zentral gesteuert die B\u00fcrger mit weiteren &#8220;Schutzma\u00dfnahmen&#8221; begl\u00fccken soll. Der Bundesgesundheitsminister Karl Lauterbach und der Bundesminister der Justiz Marco Buschmann steuern in der Corona-Politik weiter einen unterschiedlichen [&hellip;]<\/p>\n","protected":false},"author":3,"featured_media":20236,"comment_status":"open","ping_status":"open","sticky":false,"template":"","format":"standard","meta":{"wp_automatic_camp":["217"],"e1cb8d434b1d14221e7532f68477af17":["Angst vor Eigenverantwortung: Streit in der Ampel um versch\u00e4rfte Corona-Regeln"],"original_link":["https:\/\/de.rt.com\/inland\/150477-angst-vor-eigenverantwortung\/"],"_thumbnail_id":["20236"],"jnews_social_counter_last_update":["1777336286"]},"categories":[19,23],"tags":[20367,6178,21784,82,33751,8148,33752,320],"yoast_head":"<!-- This site is optimized with the Yoast SEO Premium plugin v22.7 (Yoast SEO v22.7) - https:\/\/yoast.com\/wordpress\/plugins\/seo\/ -->\n<title>Angst vor Eigenverantwortung: Streit in der Ampel um versch\u00e4rfte Corona-Regeln - just-now.NEWS Deutschland<\/title>\n<meta name=\"robots\" content=\"index, follow, max-snippet:-1, max-image-preview:large, max-video-preview:-1\" \/>\n<link rel=\"canonical\" href=\"https:\/\/now-news.de\/de\/deutschland\/angst-vor-eigenverantwortung-streit-in-der-ampel-um-verschaerfte-corona-regeln\/\" \/>\n<meta property=\"og:locale\" content=\"de_DE\" \/>\n<meta property=\"og:type\" content=\"article\" \/>\n<meta property=\"og:title\" content=\"Angst vor Eigenverantwortung: Streit in der Ampel um versch\u00e4rfte Corona-Regeln\" \/>\n<meta property=\"og:description\" content=\"W\u00e4hrend sich der Rest Europas und viele andere Teile der Welt weitgehend von Corona-Ma\u00dfnahmen verabschiedet haben, entbrennt in der &#8220;Ampel&#8221;-Regierung in Berlin ein Streit dar\u00fcber, wie sehr man zentral gesteuert die B\u00fcrger mit weiteren &#8220;Schutzma\u00dfnahmen&#8221; begl\u00fccken soll. Der Bundesgesundheitsminister Karl Lauterbach und der Bundesminister der Justiz Marco Buschmann steuern in der Corona-Politik weiter einen unterschiedlichen [&hellip;]\" \/>\n<meta property=\"og:url\" content=\"https:\/\/now-news.de\/de\/deutschland\/angst-vor-eigenverantwortung-streit-in-der-ampel-um-verschaerfte-corona-regeln\/\" \/>\n<meta property=\"og:site_name\" content=\"just-now.NEWS Deutschland\" \/>\n<meta property=\"article:publisher\" content=\"https:\/\/www.facebook.com\/wirmachenauf\" \/>\n<meta property=\"article:published_time\" content=\"2022-10-03T15:39:16+00:00\" \/>\n<meta property=\"og:image\" content=\"https:\/\/now-news.de\/de\/wp-content\/uploads\/sites\/3\/2022\/10\/Angst-vor-Eigenverantwortung-Streit-in-der-Ampel-um-verschaerfte-Corona-Regeln.jpg\" \/>\n\t<meta property=\"og:image:width\" content=\"460\" \/>\n\t<meta property=\"og:image:height\" content=\"259\" \/>\n\t<meta property=\"og:image:type\" content=\"image\/jpeg\" \/>\n<meta name=\"author\" content=\"rtnews\" \/>\n<meta name=\"twitter:card\" content=\"summary_large_image\" \/>\n<meta name=\"twitter:creator\" content=\"@WirMachenAuf_de\" \/>\n<meta name=\"twitter:site\" content=\"@WirMachenAuf_de\" \/>\n<meta name=\"twitter:label1\" content=\"Verfasst von\" \/>\n\t<meta name=\"twitter:data1\" content=\"rtnews\" \/>\n\t<meta name=\"twitter:label2\" content=\"Gesch\u00e4tzte Lesezeit\" \/>\n\t<meta name=\"twitter:data2\" content=\"3\u00a0Minuten\" \/>\n<script type=\"application\/ld+json\" class=\"yoast-schema-graph\">{\"@context\":\"https:\/\/schema.org\",\"@graph\":[{\"@type\":\"Article\",\"@id\":\"https:\/\/now-news.de\/de\/deutschland\/angst-vor-eigenverantwortung-streit-in-der-ampel-um-verschaerfte-corona-regeln\/#article\",\"isPartOf\":{\"@id\":\"https:\/\/now-news.de\/de\/deutschland\/angst-vor-eigenverantwortung-streit-in-der-ampel-um-verschaerfte-corona-regeln\/\"},\"author\":{\"name\":\"rtnews\",\"@id\":\"https:\/\/now-news.de\/de\/#\/schema\/person\/fb534a4e865501d8b3285208df34a9b5\"},\"headline\":\"Angst vor Eigenverantwortung: Streit in der Ampel um versch\u00e4rfte Corona-Regeln\",\"datePublished\":\"2022-10-03T15:39:16+00:00\",\"dateModified\":\"2022-10-03T15:39:16+00:00\",\"mainEntityOfPage\":{\"@id\":\"https:\/\/now-news.de\/de\/deutschland\/angst-vor-eigenverantwortung-streit-in-der-ampel-um-verschaerfte-corona-regeln\/\"},\"wordCount\":517,\"commentCount\":0,\"publisher\":{\"@id\":\"https:\/\/now-news.de\/de\/#organization\"},\"image\":{\"@id\":\"https:\/\/now-news.de\/de\/deutschland\/angst-vor-eigenverantwortung-streit-in-der-ampel-um-verschaerfte-corona-regeln\/#primaryimage\"},\"thumbnailUrl\":\"https:\/\/now-news.de\/de\/wp-content\/uploads\/sites\/3\/2022\/10\/Angst-vor-Eigenverantwortung-Streit-in-der-Ampel-um-verschaerfte-Corona-Regeln.jpg\",\"keywords\":[\"Ampel\",\"Angst\",\"CoronaRegeln\",\"der\",\"Eigenverantwortung\",\"Streit\",\"versch\u00e4rfte\",\"vor\"],\"articleSection\":[\"Deutschland\",\"Russland\"],\"inLanguage\":\"de\",\"potentialAction\":[{\"@type\":\"CommentAction\",\"name\":\"Comment\",\"target\":[\"https:\/\/now-news.de\/de\/deutschland\/angst-vor-eigenverantwortung-streit-in-der-ampel-um-verschaerfte-corona-regeln\/#respond\"]}]},{\"@type\":\"WebPage\",\"@id\":\"https:\/\/now-news.de\/de\/deutschland\/angst-vor-eigenverantwortung-streit-in-der-ampel-um-verschaerfte-corona-regeln\/\",\"url\":\"https:\/\/now-news.de\/de\/deutschland\/angst-vor-eigenverantwortung-streit-in-der-ampel-um-verschaerfte-corona-regeln\/\",\"name\":\"Angst vor Eigenverantwortung: Streit in der Ampel um versch\u00e4rfte Corona-Regeln - just-now.NEWS Deutschland\",\"isPartOf\":{\"@id\":\"https:\/\/now-news.de\/de\/#website\"},\"primaryImageOfPage\":{\"@id\":\"https:\/\/now-news.de\/de\/deutschland\/angst-vor-eigenverantwortung-streit-in-der-ampel-um-verschaerfte-corona-regeln\/#primaryimage\"},\"image\":{\"@id\":\"https:\/\/now-news.de\/de\/deutschland\/angst-vor-eigenverantwortung-streit-in-der-ampel-um-verschaerfte-corona-regeln\/#primaryimage\"},\"thumbnailUrl\":\"https:\/\/now-news.de\/de\/wp-content\/uploads\/sites\/3\/2022\/10\/Angst-vor-Eigenverantwortung-Streit-in-der-Ampel-um-verschaerfte-Corona-Regeln.jpg\",\"datePublished\":\"2022-10-03T15:39:16+00:00\",\"dateModified\":\"2022-10-03T15:39:16+00:00\",\"breadcrumb\":{\"@id\":\"https:\/\/now-news.de\/de\/deutschland\/angst-vor-eigenverantwortung-streit-in-der-ampel-um-verschaerfte-corona-regeln\/#breadcrumb\"},\"inLanguage\":\"de\",\"potentialAction\":[{\"@type\":\"ReadAction\",\"target\":[\"https:\/\/now-news.de\/de\/deutschland\/angst-vor-eigenverantwortung-streit-in-der-ampel-um-verschaerfte-corona-regeln\/\"]}]},{\"@type\":\"ImageObject\",\"inLanguage\":\"de\",\"@id\":\"https:\/\/now-news.de\/de\/deutschland\/angst-vor-eigenverantwortung-streit-in-der-ampel-um-verschaerfte-corona-regeln\/#primaryimage\",\"url\":\"https:\/\/now-news.de\/de\/wp-content\/uploads\/sites\/3\/2022\/10\/Angst-vor-Eigenverantwortung-Streit-in-der-Ampel-um-verschaerfte-Corona-Regeln.jpg\",\"contentUrl\":\"https:\/\/now-news.de\/de\/wp-content\/uploads\/sites\/3\/2022\/10\/Angst-vor-Eigenverantwortung-Streit-in-der-Ampel-um-verschaerfte-Corona-Regeln.jpg\",\"width\":460,\"height\":259,\"caption\":\"Angst vor Eigenverantwortung: Streit in der Ampel um versch\u00e4rfte Corona-Regeln\"},{\"@type\":\"BreadcrumbList\",\"@id\":\"https:\/\/now-news.de\/de\/deutschland\/angst-vor-eigenverantwortung-streit-in-der-ampel-um-verschaerfte-corona-regeln\/#breadcrumb\",\"itemListElement\":[{\"@type\":\"ListItem\",\"position\":1,\"name\":\"Home\",\"item\":\"https:\/\/now-news.de\/de\/\"},{\"@type\":\"ListItem\",\"position\":2,\"name\":\"Angst vor Eigenverantwortung: Streit in der Ampel um versch\u00e4rfte Corona-Regeln\"}]},{\"@type\":\"WebSite\",\"@id\":\"https:\/\/now-news.de\/de\/#website\",\"url\":\"https:\/\/now-news.de\/de\/\",\"name\":\"just-now.NEWS Deutschland\",\"description\":\"Das Portal f\u00fcr unzensierte Nachrichten aus der Welt\",\"publisher\":{\"@id\":\"https:\/\/now-news.de\/de\/#organization\"},\"potentialAction\":[{\"@type\":\"SearchAction\",\"target\":{\"@type\":\"EntryPoint\",\"urlTemplate\":\"https:\/\/now-news.de\/de\/?s={search_term_string}\"},\"query-input\":\"required name=search_term_string\"}],\"inLanguage\":\"de\"},{\"@type\":\"Organization\",\"@id\":\"https:\/\/now-news.de\/de\/#organization\",\"name\":\"Just Now News\",\"url\":\"https:\/\/now-news.de\/de\/\",\"logo\":{\"@type\":\"ImageObject\",\"inLanguage\":\"de\",\"@id\":\"https:\/\/now-news.de\/de\/#\/schema\/logo\/image\/\",\"url\":\"http:\/\/just-now.news\/de\/wp-content\/uploads\/sites\/3\/2022\/04\/logo500x500.jpg\",\"contentUrl\":\"http:\/\/just-now.news\/de\/wp-content\/uploads\/sites\/3\/2022\/04\/logo500x500.jpg\",\"width\":500,\"height\":500,\"caption\":\"Just Now News\"},\"image\":{\"@id\":\"https:\/\/now-news.de\/de\/#\/schema\/logo\/image\/\"},\"sameAs\":[\"https:\/\/www.facebook.com\/wirmachenauf\",\"https:\/\/x.com\/WirMachenAuf_de\"]},{\"@type\":\"Person\",\"@id\":\"https:\/\/now-news.de\/de\/#\/schema\/person\/fb534a4e865501d8b3285208df34a9b5\",\"name\":\"rtnews\",\"image\":{\"@type\":\"ImageObject\",\"inLanguage\":\"de\",\"@id\":\"https:\/\/now-news.de\/de\/#\/schema\/person\/image\/\",\"url\":\"https:\/\/secure.gravatar.com\/avatar\/82aafea7d8127119dd649515f56e2117?s=96&d=mm&r=g\",\"contentUrl\":\"https:\/\/secure.gravatar.com\/avatar\/82aafea7d8127119dd649515f56e2117?s=96&d=mm&r=g\",\"caption\":\"rtnews\"},\"url\":\"https:\/\/now-news.de\/de\/author\/rnews\/\"}]}<\/script>\n<!-- \/ Yoast SEO Premium plugin. -->","yoast_head_json":{"title":"Angst vor Eigenverantwortung: Streit in der Ampel um versch\u00e4rfte Corona-Regeln - just-now.NEWS Deutschland","robots":{"index":"index","follow":"follow","max-snippet":"max-snippet:-1","max-image-preview":"max-image-preview:large","max-video-preview":"max-video-preview:-1"},"canonical":"https:\/\/now-news.de\/de\/deutschland\/angst-vor-eigenverantwortung-streit-in-der-ampel-um-verschaerfte-corona-regeln\/","og_locale":"de_DE","og_type":"article","og_title":"Angst vor Eigenverantwortung: Streit in der Ampel um versch\u00e4rfte Corona-Regeln","og_description":"W\u00e4hrend sich der Rest Europas und viele andere Teile der Welt weitgehend von Corona-Ma\u00dfnahmen verabschiedet haben, entbrennt in der &#8220;Ampel&#8221;-Regierung in Berlin ein Streit dar\u00fcber, wie sehr man zentral gesteuert die B\u00fcrger mit weiteren &#8220;Schutzma\u00dfnahmen&#8221; begl\u00fccken soll. Der Bundesgesundheitsminister Karl Lauterbach und der Bundesminister der Justiz Marco Buschmann steuern in der Corona-Politik weiter einen unterschiedlichen [&hellip;]","og_url":"https:\/\/now-news.de\/de\/deutschland\/angst-vor-eigenverantwortung-streit-in-der-ampel-um-verschaerfte-corona-regeln\/","og_site_name":"just-now.NEWS Deutschland","article_publisher":"https:\/\/www.facebook.com\/wirmachenauf","article_published_time":"2022-10-03T15:39:16+00:00","og_image":[{"width":460,"height":259,"url":"https:\/\/now-news.de\/de\/wp-content\/uploads\/sites\/3\/2022\/10\/Angst-vor-Eigenverantwortung-Streit-in-der-Ampel-um-verschaerfte-Corona-Regeln.jpg","type":"image\/jpeg"}],"author":"rtnews","twitter_card":"summary_large_image","twitter_creator":"@WirMachenAuf_de","twitter_site":"@WirMachenAuf_de","twitter_misc":{"Verfasst von":"rtnews","Gesch\u00e4tzte Lesezeit":"3\u00a0Minuten"},"schema":{"@context":"https:\/\/schema.org","@graph":[{"@type":"Article","@id":"https:\/\/now-news.de\/de\/deutschland\/angst-vor-eigenverantwortung-streit-in-der-ampel-um-verschaerfte-corona-regeln\/#article","isPartOf":{"@id":"https:\/\/now-news.de\/de\/deutschland\/angst-vor-eigenverantwortung-streit-in-der-ampel-um-verschaerfte-corona-regeln\/"},"author":{"name":"rtnews","@id":"https:\/\/now-news.de\/de\/#\/schema\/person\/fb534a4e865501d8b3285208df34a9b5"},"headline":"Angst vor Eigenverantwortung: Streit in der Ampel um versch\u00e4rfte Corona-Regeln","datePublished":"2022-10-03T15:39:16+00:00","dateModified":"2022-10-03T15:39:16+00:00","mainEntityOfPage":{"@id":"https:\/\/now-news.de\/de\/deutschland\/angst-vor-eigenverantwortung-streit-in-der-ampel-um-verschaerfte-corona-regeln\/"},"wordCount":517,"commentCount":0,"publisher":{"@id":"https:\/\/now-news.de\/de\/#organization"},"image":{"@id":"https:\/\/now-news.de\/de\/deutschland\/angst-vor-eigenverantwortung-streit-in-der-ampel-um-verschaerfte-corona-regeln\/#primaryimage"},"thumbnailUrl":"https:\/\/now-news.de\/de\/wp-content\/uploads\/sites\/3\/2022\/10\/Angst-vor-Eigenverantwortung-Streit-in-der-Ampel-um-verschaerfte-Corona-Regeln.jpg","keywords":["Ampel","Angst","CoronaRegeln","der","Eigenverantwortung","Streit","versch\u00e4rfte","vor"],"articleSection":["Deutschland","Russland"],"inLanguage":"de","potentialAction":[{"@type":"CommentAction","name":"Comment","target":["https:\/\/now-news.de\/de\/deutschland\/angst-vor-eigenverantwortung-streit-in-der-ampel-um-verschaerfte-corona-regeln\/#respond"]}]},{"@type":"WebPage","@id":"https:\/\/now-news.de\/de\/deutschland\/angst-vor-eigenverantwortung-streit-in-der-ampel-um-verschaerfte-corona-regeln\/","url":"https:\/\/now-news.de\/de\/deutschland\/angst-vor-eigenverantwortung-streit-in-der-ampel-um-verschaerfte-corona-regeln\/","name":"Angst vor Eigenverantwortung: Streit in der Ampel um versch\u00e4rfte Corona-Regeln - just-now.NEWS Deutschland","isPartOf":{"@id":"https:\/\/now-news.de\/de\/#website"},"primaryImageOfPage":{"@id":"https:\/\/now-news.de\/de\/deutschland\/angst-vor-eigenverantwortung-streit-in-der-ampel-um-verschaerfte-corona-regeln\/#primaryimage"},"image":{"@id":"https:\/\/now-news.de\/de\/deutschland\/angst-vor-eigenverantwortung-streit-in-der-ampel-um-verschaerfte-corona-regeln\/#primaryimage"},"thumbnailUrl":"https:\/\/now-news.de\/de\/wp-content\/uploads\/sites\/3\/2022\/10\/Angst-vor-Eigenverantwortung-Streit-in-der-Ampel-um-verschaerfte-Corona-Regeln.jpg","datePublished":"2022-10-03T15:39:16+00:00","dateModified":"2022-10-03T15:39:16+00:00","breadcrumb":{"@id":"https:\/\/now-news.de\/de\/deutschland\/angst-vor-eigenverantwortung-streit-in-der-ampel-um-verschaerfte-corona-regeln\/#breadcrumb"},"inLanguage":"de","potentialAction":[{"@type":"ReadAction","target":["https:\/\/now-news.de\/de\/deutschland\/angst-vor-eigenverantwortung-streit-in-der-ampel-um-verschaerfte-corona-regeln\/"]}]},{"@type":"ImageObject","inLanguage":"de","@id":"https:\/\/now-news.de\/de\/deutschland\/angst-vor-eigenverantwortung-streit-in-der-ampel-um-verschaerfte-corona-regeln\/#primaryimage","url":"https:\/\/now-news.de\/de\/wp-content\/uploads\/sites\/3\/2022\/10\/Angst-vor-Eigenverantwortung-Streit-in-der-Ampel-um-verschaerfte-Corona-Regeln.jpg","contentUrl":"https:\/\/now-news.de\/de\/wp-content\/uploads\/sites\/3\/2022\/10\/Angst-vor-Eigenverantwortung-Streit-in-der-Ampel-um-verschaerfte-Corona-Regeln.jpg","width":460,"height":259,"caption":"Angst vor Eigenverantwortung: Streit in der Ampel um versch\u00e4rfte Corona-Regeln"},{"@type":"BreadcrumbList","@id":"https:\/\/now-news.de\/de\/deutschland\/angst-vor-eigenverantwortung-streit-in-der-ampel-um-verschaerfte-corona-regeln\/#breadcrumb","itemListElement":[{"@type":"ListItem","position":1,"name":"Home","item":"https:\/\/now-news.de\/de\/"},{"@type":"ListItem","position":2,"name":"Angst vor Eigenverantwortung: Streit in der Ampel um versch\u00e4rfte Corona-Regeln"}]},{"@type":"WebSite","@id":"https:\/\/now-news.de\/de\/#website","url":"https:\/\/now-news.de\/de\/","name":"just-now.NEWS Deutschland","description":"Das Portal f\u00fcr unzensierte Nachrichten aus der Welt","publisher":{"@id":"https:\/\/now-news.de\/de\/#organization"},"potentialAction":[{"@type":"SearchAction","target":{"@type":"EntryPoint","urlTemplate":"https:\/\/now-news.de\/de\/?s={search_term_string}"},"query-input":"required name=search_term_string"}],"inLanguage":"de"},{"@type":"Organization","@id":"https:\/\/now-news.de\/de\/#organization","name":"Just Now News","url":"https:\/\/now-news.de\/de\/","logo":{"@type":"ImageObject","inLanguage":"de","@id":"https:\/\/now-news.de\/de\/#\/schema\/logo\/image\/","url":"http:\/\/just-now.news\/de\/wp-content\/uploads\/sites\/3\/2022\/04\/logo500x500.jpg","contentUrl":"http:\/\/just-now.news\/de\/wp-content\/uploads\/sites\/3\/2022\/04\/logo500x500.jpg","width":500,"height":500,"caption":"Just Now News"},"image":{"@id":"https:\/\/now-news.de\/de\/#\/schema\/logo\/image\/"},"sameAs":["https:\/\/www.facebook.com\/wirmachenauf","https:\/\/x.com\/WirMachenAuf_de"]},{"@type":"Person","@id":"https:\/\/now-news.de\/de\/#\/schema\/person\/fb534a4e865501d8b3285208df34a9b5","name":"rtnews","image":{"@type":"ImageObject","inLanguage":"de","@id":"https:\/\/now-news.de\/de\/#\/schema\/person\/image\/","url":"https:\/\/secure.gravatar.com\/avatar\/82aafea7d8127119dd649515f56e2117?s=96&d=mm&r=g","contentUrl":"https:\/\/secure.gravatar.com\/avatar\/82aafea7d8127119dd649515f56e2117?s=96&d=mm&r=g","caption":"rtnews"},"url":"https:\/\/now-news.de\/de\/author\/rnews\/"}]}},"_links":{"self":[{"href":"https:\/\/now-news.de\/de\/wp-json\/wp\/v2\/posts\/20235"}],"collection":[{"href":"https:\/\/now-news.de\/de\/wp-json\/wp\/v2\/posts"}],"about":[{"href":"https:\/\/now-news.de\/de\/wp-json\/wp\/v2\/types\/post"}],"author":[{"embeddable":true,"href":"https:\/\/now-news.de\/de\/wp-json\/wp\/v2\/users\/3"}],"replies":[{"embeddable":true,"href":"https:\/\/now-news.de\/de\/wp-json\/wp\/v2\/comments?post=20235"}],"version-history":[{"count":0,"href":"https:\/\/now-news.de\/de\/wp-json\/wp\/v2\/posts\/20235\/revisions"}],"wp:featuredmedia":[{"embeddable":true,"href":"https:\/\/now-news.de\/de\/wp-json\/wp\/v2\/media\/20236"}],"wp:attachment":[{"href":"https:\/\/now-news.de\/de\/wp-json\/wp\/v2\/media?parent=20235"}],"wp:term":[{"taxonomy":"category","embeddable":true,"href":"https:\/\/now-news.de\/de\/wp-json\/wp\/v2\/categories?post=20235"},{"taxonomy":"post_tag","embeddable":true,"href":"https:\/\/now-news.de\/de\/wp-json\/wp\/v2\/tags?post=20235"}],"curies":[{"name":"wp","href":"https:\/\/api.w.org\/{rel}","templated":true}]}}