{"id":20227,"date":"2022-10-03T15:19:19","date_gmt":"2022-10-03T13:19:19","guid":{"rendered":"http:\/\/just-now.news\/de\/deutschland\/wieviel-gas-ist-noch-da-ampel-tappt-beim-status-der-gasfuellspeicher-im-dunkeln\/"},"modified":"2022-10-03T15:19:19","modified_gmt":"2022-10-03T13:19:19","slug":"wieviel-gas-ist-noch-da-ampel-tappt-beim-status-der-gasfuellspeicher-im-dunkeln","status":"publish","type":"post","link":"https:\/\/now-news.de\/de\/deutschland\/wieviel-gas-ist-noch-da-ampel-tappt-beim-status-der-gasfuellspeicher-im-dunkeln\/","title":{"rendered":"Wieviel Gas ist noch da? \u2013 Ampel tappt beim Status der Gasf\u00fcllspeicher im Dunkeln"},"content":{"rendered":"<p><img decoding=\"async\" src=\"http:\/\/just-now.news\/de\/wp-content\/uploads\/sites\/3\/2022\/10\/6339f335b480cc3c9c04b28d.jpg\" \/><\/p>\n<div class=\"Text-root Text-type_1 \">\n                Obwohl Deutschlands Gasspeicher trotz der Anschl\u00e4ge auf Nordstream 1 und 2 zumindest derzeit gut gef\u00fcllt sind, besteht die M\u00f6glichkeit, dass das Gas in andere L\u00e4nder weitergeliefert wird. Unklar ist in Berlin offenbar generell, wie viel Gas im Winter zur Verf\u00fcgung steht.\n            <\/div>\n<p><\/p>\n<div class=\"Text-root Text-type_5 ArticleView-text ViewText-root \">\n<p>Die Bundesregierung <a rel=\"nofollow noopener\" target=\"_blank\" href=\"https:\/\/m.focus.de\/politik\/deutschland\/trotz-voller-speicher-regierung-weiss-nicht-wie-viel-gas-deutschland-zur-verfuegung-steht_id_157377763.html\">wei\u00df<\/a> laut dem Fokus offenkundig nicht, welche Menge an gespeichertem Gas der deutschen Industrie im Winter zur Verf\u00fcgung steht. Die <em>Bild am Sonntag<\/em> berichtet \u00fcber ein ihr vorliegendes Schreiben des Wirtschaftsministeriums an den stellvertretenden Unions-Fraktionsvorsitzenden Jens Spahn (CDU):<\/p>\n<blockquote>\n<p><em>&#8220;Kenntnisse dar\u00fcber, wohin das einzelne eingelagerte Gas flie\u00dft, liegen der Bundesregierung nicht vor.&#8221;<\/em><\/p>\n<\/blockquote>\n<p>Die Bundesnetzagentur betonte daraufhin:<\/p>\n<blockquote>\n<p><em>&#8220;Das gespeicherte Gas ist in weiten Teilen Eigentum von Gash\u00e4ndlern und -lieferanten, die h\u00e4ufig europaweit agieren.&#8221;<\/em><\/p>\n<\/blockquote>\n<p>Das betrifft wohl auch Gas, das die Trading Hub Europe mit Steuergeldnern eingekauft und unter Treuhandverwaltung der Bundesnetzagentur im ehemaligen Gazprom-Speicher in Rehden zur Verf\u00fcgung gestellt hat. Hier sei lediglich ausschlaggebend, wer den H\u00f6chstpreis biete. Spahn kommentiert das mit den Worten:<\/p>\n<blockquote>\n<p><em>&#8220;Das sehr teuer eingekaufte Gas in unseren Speichern muss im Winter bei den deutschen Verbrauchern ankommen. Dazu muss die Ampel endlich einen Ausspeicherplan vorlegen. Sonst wiegen volle Speicher in falscher Sicherheit.&#8221;<\/em><\/p>\n<\/blockquote>\n<p>Bundeswirtschaftsminister Robert Habeck <a rel=\"nofollow noopener\" target=\"_blank\" href=\"https:\/\/de.rt.com\/inland\/147267-habeck-gibt-sich-zur-gasumlage\/\">betonte<\/a> bereits in der Vergangenheit, dass er zu wenig Wissen \u00fcber den deutschen Energiemarkt habe.<em><\/em><\/p>\n<p><strong>Mehr zum Thema<\/strong><em> &#8211; <\/em><a rel=\"nofollow noopener\" target=\"_blank\" href=\"https:\/\/de.rt.com\/inland\/147267-habeck-gibt-sich-zur-gasumlage\/\">Habeck gibt sich zur Gasumlage pl\u00f6tzlich kleinlaut: Zu wenig Wissen \u00fcber deutschen Energiemarkt<em><\/em><\/a><\/p>\n<\/div>\n<p><br \/>\n<br \/><a href=\"https:\/\/de.rt.com\/inland\/150486-ampel-tappt-beim-status-gasfullspeicher\/\">Source link <\/a><\/p>\n","protected":false},"excerpt":{"rendered":"<p>Obwohl Deutschlands Gasspeicher trotz der Anschl\u00e4ge auf Nordstream 1 und 2 zumindest derzeit gut gef\u00fcllt sind, besteht die M\u00f6glichkeit, dass das Gas in andere L\u00e4nder weitergeliefert wird. Unklar ist in Berlin offenbar generell, wie viel Gas im Winter zur Verf\u00fcgung steht. Die Bundesregierung wei\u00df laut dem Fokus offenkundig nicht, welche Menge an gespeichertem Gas der [&hellip;]<\/p>\n","protected":false},"author":3,"featured_media":20228,"comment_status":"open","ping_status":"open","sticky":false,"template":"","format":"standard","meta":{"wp_automatic_camp":["217"],"a2bd58e6ca4f821ecae92544d380da7f":["Wieviel Gas ist noch da? \u2013 Ampel tappt beim Status der Gasf\u00fcllspeicher im Dunkeln"],"original_link":["https:\/\/de.rt.com\/inland\/150486-ampel-tappt-beim-status-gasfullspeicher\/"],"_thumbnail_id":["20228"],"jnews_social_counter_last_update":["1777433006"]},"categories":[19,23],"tags":[20367,1814,82,33748,796,33747,414,1674,20613,33746,33745],"yoast_head":"<!-- This site is optimized with the Yoast SEO Premium plugin v22.7 (Yoast SEO v22.7) - https:\/\/yoast.com\/wordpress\/plugins\/seo\/ -->\n<title>Wieviel Gas ist noch da? \u2013 Ampel tappt beim Status der Gasf\u00fcllspeicher im Dunkeln - just-now.NEWS Deutschland<\/title>\n<meta name=\"robots\" content=\"index, follow, max-snippet:-1, max-image-preview:large, max-video-preview:-1\" \/>\n<link rel=\"canonical\" href=\"https:\/\/now-news.de\/de\/deutschland\/wieviel-gas-ist-noch-da-ampel-tappt-beim-status-der-gasfuellspeicher-im-dunkeln\/\" \/>\n<meta property=\"og:locale\" content=\"de_DE\" \/>\n<meta property=\"og:type\" content=\"article\" \/>\n<meta property=\"og:title\" content=\"Wieviel Gas ist noch da? \u2013 Ampel tappt beim Status der Gasf\u00fcllspeicher im Dunkeln\" \/>\n<meta property=\"og:description\" content=\"Obwohl Deutschlands Gasspeicher trotz der Anschl\u00e4ge auf Nordstream 1 und 2 zumindest derzeit gut gef\u00fcllt sind, besteht die M\u00f6glichkeit, dass das Gas in andere L\u00e4nder weitergeliefert wird. Unklar ist in Berlin offenbar generell, wie viel Gas im Winter zur Verf\u00fcgung steht. Die Bundesregierung wei\u00df laut dem Fokus offenkundig nicht, welche Menge an gespeichertem Gas der [&hellip;]\" \/>\n<meta property=\"og:url\" content=\"https:\/\/now-news.de\/de\/deutschland\/wieviel-gas-ist-noch-da-ampel-tappt-beim-status-der-gasfuellspeicher-im-dunkeln\/\" \/>\n<meta property=\"og:site_name\" content=\"just-now.NEWS Deutschland\" \/>\n<meta property=\"article:publisher\" content=\"https:\/\/www.facebook.com\/wirmachenauf\" \/>\n<meta property=\"article:published_time\" content=\"2022-10-03T13:19:19+00:00\" \/>\n<meta property=\"og:image\" content=\"https:\/\/now-news.de\/de\/wp-content\/uploads\/sites\/3\/2022\/10\/Wieviel-Gas-ist-noch-da-\u2013-Ampel-tappt-beim-Status.jpg\" \/>\n\t<meta property=\"og:image:width\" content=\"460\" \/>\n\t<meta property=\"og:image:height\" content=\"259\" \/>\n\t<meta property=\"og:image:type\" content=\"image\/jpeg\" \/>\n<meta name=\"author\" content=\"rtnews\" \/>\n<meta name=\"twitter:card\" content=\"summary_large_image\" \/>\n<meta name=\"twitter:creator\" content=\"@WirMachenAuf_de\" \/>\n<meta name=\"twitter:site\" content=\"@WirMachenAuf_de\" \/>\n<meta name=\"twitter:label1\" content=\"Verfasst von\" \/>\n\t<meta name=\"twitter:data1\" content=\"rtnews\" \/>\n\t<meta name=\"twitter:label2\" content=\"Gesch\u00e4tzte Lesezeit\" \/>\n\t<meta name=\"twitter:data2\" content=\"1\u00a0Minute\" \/>\n<script type=\"application\/ld+json\" class=\"yoast-schema-graph\">{\"@context\":\"https:\/\/schema.org\",\"@graph\":[{\"@type\":\"Article\",\"@id\":\"https:\/\/now-news.de\/de\/deutschland\/wieviel-gas-ist-noch-da-ampel-tappt-beim-status-der-gasfuellspeicher-im-dunkeln\/#article\",\"isPartOf\":{\"@id\":\"https:\/\/now-news.de\/de\/deutschland\/wieviel-gas-ist-noch-da-ampel-tappt-beim-status-der-gasfuellspeicher-im-dunkeln\/\"},\"author\":{\"name\":\"rtnews\",\"@id\":\"https:\/\/now-news.de\/de\/#\/schema\/person\/fb534a4e865501d8b3285208df34a9b5\"},\"headline\":\"Wieviel Gas ist noch da? \u2013 Ampel tappt beim Status der Gasf\u00fcllspeicher im Dunkeln\",\"datePublished\":\"2022-10-03T13:19:19+00:00\",\"dateModified\":\"2022-10-03T13:19:19+00:00\",\"mainEntityOfPage\":{\"@id\":\"https:\/\/now-news.de\/de\/deutschland\/wieviel-gas-ist-noch-da-ampel-tappt-beim-status-der-gasfuellspeicher-im-dunkeln\/\"},\"wordCount\":249,\"commentCount\":0,\"publisher\":{\"@id\":\"https:\/\/now-news.de\/de\/#organization\"},\"image\":{\"@id\":\"https:\/\/now-news.de\/de\/deutschland\/wieviel-gas-ist-noch-da-ampel-tappt-beim-status-der-gasfuellspeicher-im-dunkeln\/#primaryimage\"},\"thumbnailUrl\":\"https:\/\/now-news.de\/de\/wp-content\/uploads\/sites\/3\/2022\/10\/Wieviel-Gas-ist-noch-da-\u2013-Ampel-tappt-beim-Status.jpg\",\"keywords\":[\"Ampel\",\"beim\",\"der\",\"Dunkeln\",\"Gas\",\"Gasf\u00fcllspeicher\",\"ist\",\"noch\",\"Status\",\"tappt\",\"Wieviel\"],\"articleSection\":[\"Deutschland\",\"Russland\"],\"inLanguage\":\"de\",\"potentialAction\":[{\"@type\":\"CommentAction\",\"name\":\"Comment\",\"target\":[\"https:\/\/now-news.de\/de\/deutschland\/wieviel-gas-ist-noch-da-ampel-tappt-beim-status-der-gasfuellspeicher-im-dunkeln\/#respond\"]}]},{\"@type\":\"WebPage\",\"@id\":\"https:\/\/now-news.de\/de\/deutschland\/wieviel-gas-ist-noch-da-ampel-tappt-beim-status-der-gasfuellspeicher-im-dunkeln\/\",\"url\":\"https:\/\/now-news.de\/de\/deutschland\/wieviel-gas-ist-noch-da-ampel-tappt-beim-status-der-gasfuellspeicher-im-dunkeln\/\",\"name\":\"Wieviel Gas ist noch da? \u2013 Ampel tappt beim Status der Gasf\u00fcllspeicher im Dunkeln - just-now.NEWS Deutschland\",\"isPartOf\":{\"@id\":\"https:\/\/now-news.de\/de\/#website\"},\"primaryImageOfPage\":{\"@id\":\"https:\/\/now-news.de\/de\/deutschland\/wieviel-gas-ist-noch-da-ampel-tappt-beim-status-der-gasfuellspeicher-im-dunkeln\/#primaryimage\"},\"image\":{\"@id\":\"https:\/\/now-news.de\/de\/deutschland\/wieviel-gas-ist-noch-da-ampel-tappt-beim-status-der-gasfuellspeicher-im-dunkeln\/#primaryimage\"},\"thumbnailUrl\":\"https:\/\/now-news.de\/de\/wp-content\/uploads\/sites\/3\/2022\/10\/Wieviel-Gas-ist-noch-da-\u2013-Ampel-tappt-beim-Status.jpg\",\"datePublished\":\"2022-10-03T13:19:19+00:00\",\"dateModified\":\"2022-10-03T13:19:19+00:00\",\"breadcrumb\":{\"@id\":\"https:\/\/now-news.de\/de\/deutschland\/wieviel-gas-ist-noch-da-ampel-tappt-beim-status-der-gasfuellspeicher-im-dunkeln\/#breadcrumb\"},\"inLanguage\":\"de\",\"potentialAction\":[{\"@type\":\"ReadAction\",\"target\":[\"https:\/\/now-news.de\/de\/deutschland\/wieviel-gas-ist-noch-da-ampel-tappt-beim-status-der-gasfuellspeicher-im-dunkeln\/\"]}]},{\"@type\":\"ImageObject\",\"inLanguage\":\"de\",\"@id\":\"https:\/\/now-news.de\/de\/deutschland\/wieviel-gas-ist-noch-da-ampel-tappt-beim-status-der-gasfuellspeicher-im-dunkeln\/#primaryimage\",\"url\":\"https:\/\/now-news.de\/de\/wp-content\/uploads\/sites\/3\/2022\/10\/Wieviel-Gas-ist-noch-da-\u2013-Ampel-tappt-beim-Status.jpg\",\"contentUrl\":\"https:\/\/now-news.de\/de\/wp-content\/uploads\/sites\/3\/2022\/10\/Wieviel-Gas-ist-noch-da-\u2013-Ampel-tappt-beim-Status.jpg\",\"width\":460,\"height\":259,\"caption\":\"Wieviel Gas ist noch da? \u2013 Ampel tappt beim Status der Gasf\u00fcllspeicher im Dunkeln\"},{\"@type\":\"BreadcrumbList\",\"@id\":\"https:\/\/now-news.de\/de\/deutschland\/wieviel-gas-ist-noch-da-ampel-tappt-beim-status-der-gasfuellspeicher-im-dunkeln\/#breadcrumb\",\"itemListElement\":[{\"@type\":\"ListItem\",\"position\":1,\"name\":\"Home\",\"item\":\"https:\/\/now-news.de\/de\/\"},{\"@type\":\"ListItem\",\"position\":2,\"name\":\"Wieviel Gas ist noch da? \u2013 Ampel tappt beim Status der Gasf\u00fcllspeicher im Dunkeln\"}]},{\"@type\":\"WebSite\",\"@id\":\"https:\/\/now-news.de\/de\/#website\",\"url\":\"https:\/\/now-news.de\/de\/\",\"name\":\"just-now.NEWS Deutschland\",\"description\":\"Das Portal f\u00fcr unzensierte Nachrichten aus der Welt\",\"publisher\":{\"@id\":\"https:\/\/now-news.de\/de\/#organization\"},\"potentialAction\":[{\"@type\":\"SearchAction\",\"target\":{\"@type\":\"EntryPoint\",\"urlTemplate\":\"https:\/\/now-news.de\/de\/?s={search_term_string}\"},\"query-input\":\"required name=search_term_string\"}],\"inLanguage\":\"de\"},{\"@type\":\"Organization\",\"@id\":\"https:\/\/now-news.de\/de\/#organization\",\"name\":\"Just Now News\",\"url\":\"https:\/\/now-news.de\/de\/\",\"logo\":{\"@type\":\"ImageObject\",\"inLanguage\":\"de\",\"@id\":\"https:\/\/now-news.de\/de\/#\/schema\/logo\/image\/\",\"url\":\"http:\/\/just-now.news\/de\/wp-content\/uploads\/sites\/3\/2022\/04\/logo500x500.jpg\",\"contentUrl\":\"http:\/\/just-now.news\/de\/wp-content\/uploads\/sites\/3\/2022\/04\/logo500x500.jpg\",\"width\":500,\"height\":500,\"caption\":\"Just Now News\"},\"image\":{\"@id\":\"https:\/\/now-news.de\/de\/#\/schema\/logo\/image\/\"},\"sameAs\":[\"https:\/\/www.facebook.com\/wirmachenauf\",\"https:\/\/x.com\/WirMachenAuf_de\"]},{\"@type\":\"Person\",\"@id\":\"https:\/\/now-news.de\/de\/#\/schema\/person\/fb534a4e865501d8b3285208df34a9b5\",\"name\":\"rtnews\",\"image\":{\"@type\":\"ImageObject\",\"inLanguage\":\"de\",\"@id\":\"https:\/\/now-news.de\/de\/#\/schema\/person\/image\/\",\"url\":\"https:\/\/secure.gravatar.com\/avatar\/82aafea7d8127119dd649515f56e2117?s=96&d=mm&r=g\",\"contentUrl\":\"https:\/\/secure.gravatar.com\/avatar\/82aafea7d8127119dd649515f56e2117?s=96&d=mm&r=g\",\"caption\":\"rtnews\"},\"url\":\"https:\/\/now-news.de\/de\/author\/rnews\/\"}]}<\/script>\n<!-- \/ Yoast SEO Premium plugin. -->","yoast_head_json":{"title":"Wieviel Gas ist noch da? \u2013 Ampel tappt beim Status der Gasf\u00fcllspeicher im Dunkeln - just-now.NEWS Deutschland","robots":{"index":"index","follow":"follow","max-snippet":"max-snippet:-1","max-image-preview":"max-image-preview:large","max-video-preview":"max-video-preview:-1"},"canonical":"https:\/\/now-news.de\/de\/deutschland\/wieviel-gas-ist-noch-da-ampel-tappt-beim-status-der-gasfuellspeicher-im-dunkeln\/","og_locale":"de_DE","og_type":"article","og_title":"Wieviel Gas ist noch da? \u2013 Ampel tappt beim Status der Gasf\u00fcllspeicher im Dunkeln","og_description":"Obwohl Deutschlands Gasspeicher trotz der Anschl\u00e4ge auf Nordstream 1 und 2 zumindest derzeit gut gef\u00fcllt sind, besteht die M\u00f6glichkeit, dass das Gas in andere L\u00e4nder weitergeliefert wird. Unklar ist in Berlin offenbar generell, wie viel Gas im Winter zur Verf\u00fcgung steht. Die Bundesregierung wei\u00df laut dem Fokus offenkundig nicht, welche Menge an gespeichertem Gas der [&hellip;]","og_url":"https:\/\/now-news.de\/de\/deutschland\/wieviel-gas-ist-noch-da-ampel-tappt-beim-status-der-gasfuellspeicher-im-dunkeln\/","og_site_name":"just-now.NEWS Deutschland","article_publisher":"https:\/\/www.facebook.com\/wirmachenauf","article_published_time":"2022-10-03T13:19:19+00:00","og_image":[{"width":460,"height":259,"url":"https:\/\/now-news.de\/de\/wp-content\/uploads\/sites\/3\/2022\/10\/Wieviel-Gas-ist-noch-da-\u2013-Ampel-tappt-beim-Status.jpg","type":"image\/jpeg"}],"author":"rtnews","twitter_card":"summary_large_image","twitter_creator":"@WirMachenAuf_de","twitter_site":"@WirMachenAuf_de","twitter_misc":{"Verfasst von":"rtnews","Gesch\u00e4tzte Lesezeit":"1\u00a0Minute"},"schema":{"@context":"https:\/\/schema.org","@graph":[{"@type":"Article","@id":"https:\/\/now-news.de\/de\/deutschland\/wieviel-gas-ist-noch-da-ampel-tappt-beim-status-der-gasfuellspeicher-im-dunkeln\/#article","isPartOf":{"@id":"https:\/\/now-news.de\/de\/deutschland\/wieviel-gas-ist-noch-da-ampel-tappt-beim-status-der-gasfuellspeicher-im-dunkeln\/"},"author":{"name":"rtnews","@id":"https:\/\/now-news.de\/de\/#\/schema\/person\/fb534a4e865501d8b3285208df34a9b5"},"headline":"Wieviel Gas ist noch da? \u2013 Ampel tappt beim Status der Gasf\u00fcllspeicher im Dunkeln","datePublished":"2022-10-03T13:19:19+00:00","dateModified":"2022-10-03T13:19:19+00:00","mainEntityOfPage":{"@id":"https:\/\/now-news.de\/de\/deutschland\/wieviel-gas-ist-noch-da-ampel-tappt-beim-status-der-gasfuellspeicher-im-dunkeln\/"},"wordCount":249,"commentCount":0,"publisher":{"@id":"https:\/\/now-news.de\/de\/#organization"},"image":{"@id":"https:\/\/now-news.de\/de\/deutschland\/wieviel-gas-ist-noch-da-ampel-tappt-beim-status-der-gasfuellspeicher-im-dunkeln\/#primaryimage"},"thumbnailUrl":"https:\/\/now-news.de\/de\/wp-content\/uploads\/sites\/3\/2022\/10\/Wieviel-Gas-ist-noch-da-\u2013-Ampel-tappt-beim-Status.jpg","keywords":["Ampel","beim","der","Dunkeln","Gas","Gasf\u00fcllspeicher","ist","noch","Status","tappt","Wieviel"],"articleSection":["Deutschland","Russland"],"inLanguage":"de","potentialAction":[{"@type":"CommentAction","name":"Comment","target":["https:\/\/now-news.de\/de\/deutschland\/wieviel-gas-ist-noch-da-ampel-tappt-beim-status-der-gasfuellspeicher-im-dunkeln\/#respond"]}]},{"@type":"WebPage","@id":"https:\/\/now-news.de\/de\/deutschland\/wieviel-gas-ist-noch-da-ampel-tappt-beim-status-der-gasfuellspeicher-im-dunkeln\/","url":"https:\/\/now-news.de\/de\/deutschland\/wieviel-gas-ist-noch-da-ampel-tappt-beim-status-der-gasfuellspeicher-im-dunkeln\/","name":"Wieviel Gas ist noch da? \u2013 Ampel tappt beim Status der Gasf\u00fcllspeicher im Dunkeln - just-now.NEWS Deutschland","isPartOf":{"@id":"https:\/\/now-news.de\/de\/#website"},"primaryImageOfPage":{"@id":"https:\/\/now-news.de\/de\/deutschland\/wieviel-gas-ist-noch-da-ampel-tappt-beim-status-der-gasfuellspeicher-im-dunkeln\/#primaryimage"},"image":{"@id":"https:\/\/now-news.de\/de\/deutschland\/wieviel-gas-ist-noch-da-ampel-tappt-beim-status-der-gasfuellspeicher-im-dunkeln\/#primaryimage"},"thumbnailUrl":"https:\/\/now-news.de\/de\/wp-content\/uploads\/sites\/3\/2022\/10\/Wieviel-Gas-ist-noch-da-\u2013-Ampel-tappt-beim-Status.jpg","datePublished":"2022-10-03T13:19:19+00:00","dateModified":"2022-10-03T13:19:19+00:00","breadcrumb":{"@id":"https:\/\/now-news.de\/de\/deutschland\/wieviel-gas-ist-noch-da-ampel-tappt-beim-status-der-gasfuellspeicher-im-dunkeln\/#breadcrumb"},"inLanguage":"de","potentialAction":[{"@type":"ReadAction","target":["https:\/\/now-news.de\/de\/deutschland\/wieviel-gas-ist-noch-da-ampel-tappt-beim-status-der-gasfuellspeicher-im-dunkeln\/"]}]},{"@type":"ImageObject","inLanguage":"de","@id":"https:\/\/now-news.de\/de\/deutschland\/wieviel-gas-ist-noch-da-ampel-tappt-beim-status-der-gasfuellspeicher-im-dunkeln\/#primaryimage","url":"https:\/\/now-news.de\/de\/wp-content\/uploads\/sites\/3\/2022\/10\/Wieviel-Gas-ist-noch-da-\u2013-Ampel-tappt-beim-Status.jpg","contentUrl":"https:\/\/now-news.de\/de\/wp-content\/uploads\/sites\/3\/2022\/10\/Wieviel-Gas-ist-noch-da-\u2013-Ampel-tappt-beim-Status.jpg","width":460,"height":259,"caption":"Wieviel Gas ist noch da? \u2013 Ampel tappt beim Status der Gasf\u00fcllspeicher im Dunkeln"},{"@type":"BreadcrumbList","@id":"https:\/\/now-news.de\/de\/deutschland\/wieviel-gas-ist-noch-da-ampel-tappt-beim-status-der-gasfuellspeicher-im-dunkeln\/#breadcrumb","itemListElement":[{"@type":"ListItem","position":1,"name":"Home","item":"https:\/\/now-news.de\/de\/"},{"@type":"ListItem","position":2,"name":"Wieviel Gas ist noch da? \u2013 Ampel tappt beim Status der Gasf\u00fcllspeicher im Dunkeln"}]},{"@type":"WebSite","@id":"https:\/\/now-news.de\/de\/#website","url":"https:\/\/now-news.de\/de\/","name":"just-now.NEWS Deutschland","description":"Das Portal f\u00fcr unzensierte Nachrichten aus der Welt","publisher":{"@id":"https:\/\/now-news.de\/de\/#organization"},"potentialAction":[{"@type":"SearchAction","target":{"@type":"EntryPoint","urlTemplate":"https:\/\/now-news.de\/de\/?s={search_term_string}"},"query-input":"required name=search_term_string"}],"inLanguage":"de"},{"@type":"Organization","@id":"https:\/\/now-news.de\/de\/#organization","name":"Just Now News","url":"https:\/\/now-news.de\/de\/","logo":{"@type":"ImageObject","inLanguage":"de","@id":"https:\/\/now-news.de\/de\/#\/schema\/logo\/image\/","url":"http:\/\/just-now.news\/de\/wp-content\/uploads\/sites\/3\/2022\/04\/logo500x500.jpg","contentUrl":"http:\/\/just-now.news\/de\/wp-content\/uploads\/sites\/3\/2022\/04\/logo500x500.jpg","width":500,"height":500,"caption":"Just Now News"},"image":{"@id":"https:\/\/now-news.de\/de\/#\/schema\/logo\/image\/"},"sameAs":["https:\/\/www.facebook.com\/wirmachenauf","https:\/\/x.com\/WirMachenAuf_de"]},{"@type":"Person","@id":"https:\/\/now-news.de\/de\/#\/schema\/person\/fb534a4e865501d8b3285208df34a9b5","name":"rtnews","image":{"@type":"ImageObject","inLanguage":"de","@id":"https:\/\/now-news.de\/de\/#\/schema\/person\/image\/","url":"https:\/\/secure.gravatar.com\/avatar\/82aafea7d8127119dd649515f56e2117?s=96&d=mm&r=g","contentUrl":"https:\/\/secure.gravatar.com\/avatar\/82aafea7d8127119dd649515f56e2117?s=96&d=mm&r=g","caption":"rtnews"},"url":"https:\/\/now-news.de\/de\/author\/rnews\/"}]}},"_links":{"self":[{"href":"https:\/\/now-news.de\/de\/wp-json\/wp\/v2\/posts\/20227"}],"collection":[{"href":"https:\/\/now-news.de\/de\/wp-json\/wp\/v2\/posts"}],"about":[{"href":"https:\/\/now-news.de\/de\/wp-json\/wp\/v2\/types\/post"}],"author":[{"embeddable":true,"href":"https:\/\/now-news.de\/de\/wp-json\/wp\/v2\/users\/3"}],"replies":[{"embeddable":true,"href":"https:\/\/now-news.de\/de\/wp-json\/wp\/v2\/comments?post=20227"}],"version-history":[{"count":0,"href":"https:\/\/now-news.de\/de\/wp-json\/wp\/v2\/posts\/20227\/revisions"}],"wp:featuredmedia":[{"embeddable":true,"href":"https:\/\/now-news.de\/de\/wp-json\/wp\/v2\/media\/20228"}],"wp:attachment":[{"href":"https:\/\/now-news.de\/de\/wp-json\/wp\/v2\/media?parent=20227"}],"wp:term":[{"taxonomy":"category","embeddable":true,"href":"https:\/\/now-news.de\/de\/wp-json\/wp\/v2\/categories?post=20227"},{"taxonomy":"post_tag","embeddable":true,"href":"https:\/\/now-news.de\/de\/wp-json\/wp\/v2\/tags?post=20227"}],"curies":[{"name":"wp","href":"https:\/\/api.w.org\/{rel}","templated":true}]}}