{"id":20187,"date":"2022-10-02T13:13:19","date_gmt":"2022-10-02T11:13:19","guid":{"rendered":"http:\/\/just-now.news\/de\/deutschland\/rueckzug-aus-krasny-liman-tschetscheniens-%d1%81hef-kadyrow-kritisiert-hochrangigen-general\/"},"modified":"2022-10-02T13:13:19","modified_gmt":"2022-10-02T11:13:19","slug":"rueckzug-aus-krasny-liman-tschetscheniens-%d1%81hef-kadyrow-kritisiert-hochrangigen-general","status":"publish","type":"post","link":"https:\/\/now-news.de\/de\/deutschland\/rueckzug-aus-krasny-liman-tschetscheniens-%d1%81hef-kadyrow-kritisiert-hochrangigen-general\/","title":{"rendered":"R\u00fcckzug aus Krasny Liman: Tschetscheniens \u0421hef Kadyrow kritisiert hochrangigen General"},"content":{"rendered":"<p><img decoding=\"async\" src=\"http:\/\/just-now.news\/de\/wp-content\/uploads\/sites\/3\/2022\/10\/633944ec48fbef63ce13ecdd.jpg\" \/><\/p>\n<p>Fast unmittelbar nachdem das russische Verteidigungsministerium offiziell den erzwungenen R\u00fcckzug der Truppen aus Krasny Liman am 1. Oktober bekannt gegeben hatte, machte Ramsan Kadyrow auf\u00a0<a rel=\"nofollow noopener\" target=\"_blank\" href=\"https:\/\/t.me\/RKadyrov_95\/2911\">seinem Telegram-Kanal<\/a> Generaloberst Aleksander Lapin f\u00fcr das Desaster verantwortlich.<\/p>\n<p>Lapin befehligte die Verteidigung des Frontabschnitts Krasny Liman und stellte laut Kadyrow &#8220;mobilisierte K\u00e4mpfer der LNR und anderer Einheiten an allen Liman-Linien auf, versorgte sie aber nicht mit der notwendigen Kommunikation, Interaktion und Munition&#8221;.<\/p>\n<p>Kadyrow erkl\u00e4rte weiter:<\/p>\n<blockquote>\n<p><em>&#8220;Noch vor zwei Wochen wurde ich pers\u00f6nlich von Generalmajor, Kommandeur der Spezialeinheiten &#8216;Achmat&#8217;, meinem lieben Bruder Apti Alaudinow, informiert, dass unsere K\u00e4mpfer zu leichten Zielen werden k\u00f6nnten. Ich wiederum informierte Waleri Gerassimow, den Chef des Generalstabs der russischen Streitkr\u00e4fte, \u00fcber die Gefahr. Aber der General versicherte mir, dass er nicht an Lapins milit\u00e4rischem Talent zweifle und einen R\u00fcckzug in Krasny Liman und Umgebung nicht f\u00fcr m\u00f6glich halte.&#8221;<\/em><\/p>\n<\/blockquote>\n<p>Kadyrow behauptet in seiner Erkl\u00e4rung auch, Lapin habe sein Hauptquartier nach Starobelsk verlegt, &#8220;hundert Kilometer von seinen Untergebenen entfernt, w\u00e4hrend er selbst sich in Lugansk verschanzt. Wie ist es m\u00f6glich, Einheiten aus 150 Kilometern Entfernung zeitnah zu verwalten? Aufgrund des Mangels an grundlegender milit\u00e4rischer Logistik haben wir heute mehrere Siedlungen und ein gro\u00dfes Gebiet verlassen&#8221;, zeigte sich Kadyrow emp\u00f6rt.<\/p>\n<p>Der tschetschenische\u00a0Staatschef erkl\u00e4rte auch, warum er ein hochrangiges Mitglied des Generalstabs \u00f6ffentlich kritisierte. Er betonte:<\/p>\n<blockquote>\n<p><em>&#8220;Ich habe immer gesagt: Es geht nichts \u00fcber die Wahrheit, auch wenn sie bitter und verletzend ist. Das ist der einzige Weg nach vorn. Deshalb kann ich \u00fcber die Geschehnisse in Krasny Liman nicht schweigen.&#8221;<\/em><\/p>\n<\/blockquote>\n<p>Generaloberst Aleksander Lapin ist derzeit Befehlshaber der Truppen des Zentralen Milit\u00e4rbezirks. Im Jahr 2017 diente er als Stabschef der russischen Streitkr\u00e4fte in der Arabischen Republik Syrien.<\/p>\n<p><strong>Mehr zum Thema &#8211;<\/strong>\u00a0<a rel=\"nofollow noopener\" target=\"_blank\" href=\"https:\/\/de.rt.com\/europa\/150301-schwere-kampfe-um-krasny-liman-halbkessel-beiderseits-reserven-unterwegs\/\">Schwere K\u00e4mpfe um Krasny Liman \u2013 Stadt im Halbkessel, Verst\u00e4rkung beiderseits unterwegs<\/a><\/p>\n<p><br \/>\n<br \/><a href=\"https:\/\/de.rt.com\/russland\/150438-ruckzug-aus-krasny-liman-tschetscheniens\/\">Source link <\/a><\/p>\n","protected":false},"excerpt":{"rendered":"<p>Fast unmittelbar nachdem das russische Verteidigungsministerium offiziell den erzwungenen R\u00fcckzug der Truppen aus Krasny Liman am 1. Oktober bekannt gegeben hatte, machte Ramsan Kadyrow auf\u00a0seinem Telegram-Kanal Generaloberst Aleksander Lapin f\u00fcr das Desaster verantwortlich. Lapin befehligte die Verteidigung des Frontabschnitts Krasny Liman und stellte laut Kadyrow &#8220;mobilisierte K\u00e4mpfer der LNR und anderer Einheiten an allen Liman-Linien [&hellip;]<\/p>\n","protected":false},"author":3,"featured_media":20188,"comment_status":"open","ping_status":"open","sticky":false,"template":"","format":"standard","meta":{"wp_automatic_camp":["217"],"251632e465f59b321b51c8c08c23d7b2":["R\u00fcckzug aus Krasny Liman: Tschetscheniens \u0421hef Kadyrow kritisiert hochrangigen General"],"original_link":["https:\/\/de.rt.com\/russland\/150438-ruckzug-aus-krasny-liman-tschetscheniens\/"],"_thumbnail_id":["20188"],"jnews_social_counter_last_update":["1777636054"]},"categories":[19,23],"tags":[679,7409,12763,16689,33657,739,33658,10251,33719,30089],"yoast_head":"<!-- This site is optimized with the Yoast SEO Premium plugin v22.7 (Yoast SEO v22.7) - https:\/\/yoast.com\/wordpress\/plugins\/seo\/ -->\n<title>R\u00fcckzug aus Krasny Liman: Tschetscheniens \u0421hef Kadyrow kritisiert hochrangigen General - just-now.NEWS Deutschland<\/title>\n<meta name=\"robots\" content=\"index, follow, max-snippet:-1, max-image-preview:large, max-video-preview:-1\" \/>\n<link rel=\"canonical\" href=\"https:\/\/now-news.de\/de\/deutschland\/rueckzug-aus-krasny-liman-tschetscheniens-\u0441hef-kadyrow-kritisiert-hochrangigen-general\/\" \/>\n<meta property=\"og:locale\" content=\"de_DE\" \/>\n<meta property=\"og:type\" content=\"article\" \/>\n<meta property=\"og:title\" content=\"R\u00fcckzug aus Krasny Liman: Tschetscheniens \u0421hef Kadyrow kritisiert hochrangigen General\" \/>\n<meta property=\"og:description\" content=\"Fast unmittelbar nachdem das russische Verteidigungsministerium offiziell den erzwungenen R\u00fcckzug der Truppen aus Krasny Liman am 1. Oktober bekannt gegeben hatte, machte Ramsan Kadyrow auf\u00a0seinem Telegram-Kanal Generaloberst Aleksander Lapin f\u00fcr das Desaster verantwortlich. Lapin befehligte die Verteidigung des Frontabschnitts Krasny Liman und stellte laut Kadyrow &#8220;mobilisierte K\u00e4mpfer der LNR und anderer Einheiten an allen Liman-Linien [&hellip;]\" \/>\n<meta property=\"og:url\" content=\"https:\/\/now-news.de\/de\/deutschland\/rueckzug-aus-krasny-liman-tschetscheniens-\u0441hef-kadyrow-kritisiert-hochrangigen-general\/\" \/>\n<meta property=\"og:site_name\" content=\"just-now.NEWS Deutschland\" \/>\n<meta property=\"article:publisher\" content=\"https:\/\/www.facebook.com\/wirmachenauf\" \/>\n<meta property=\"article:published_time\" content=\"2022-10-02T11:13:19+00:00\" \/>\n<meta property=\"og:image\" content=\"https:\/\/now-news.de\/de\/wp-content\/uploads\/sites\/3\/2022\/10\/Rueckzug-aus-Krasny-Liman-Tschetscheniens-\u0421hef-Kadyrow-kritisiert-hochrangigen-General.jpg\" \/>\n\t<meta property=\"og:image:width\" content=\"460\" \/>\n\t<meta property=\"og:image:height\" content=\"259\" \/>\n\t<meta property=\"og:image:type\" content=\"image\/jpeg\" \/>\n<meta name=\"author\" content=\"rtnews\" \/>\n<meta name=\"twitter:card\" content=\"summary_large_image\" \/>\n<meta name=\"twitter:creator\" content=\"@WirMachenAuf_de\" \/>\n<meta name=\"twitter:site\" content=\"@WirMachenAuf_de\" \/>\n<meta name=\"twitter:label1\" content=\"Verfasst von\" \/>\n\t<meta name=\"twitter:data1\" content=\"rtnews\" \/>\n\t<meta name=\"twitter:label2\" content=\"Gesch\u00e4tzte Lesezeit\" \/>\n\t<meta name=\"twitter:data2\" content=\"2\u00a0Minuten\" \/>\n<script type=\"application\/ld+json\" class=\"yoast-schema-graph\">{\"@context\":\"https:\/\/schema.org\",\"@graph\":[{\"@type\":\"Article\",\"@id\":\"https:\/\/now-news.de\/de\/deutschland\/rueckzug-aus-krasny-liman-tschetscheniens-%d1%81hef-kadyrow-kritisiert-hochrangigen-general\/#article\",\"isPartOf\":{\"@id\":\"https:\/\/now-news.de\/de\/deutschland\/rueckzug-aus-krasny-liman-tschetscheniens-%d1%81hef-kadyrow-kritisiert-hochrangigen-general\/\"},\"author\":{\"name\":\"rtnews\",\"@id\":\"https:\/\/now-news.de\/de\/#\/schema\/person\/fb534a4e865501d8b3285208df34a9b5\"},\"headline\":\"R\u00fcckzug aus Krasny Liman: Tschetscheniens \u0421hef Kadyrow kritisiert hochrangigen General\",\"datePublished\":\"2022-10-02T11:13:19+00:00\",\"dateModified\":\"2022-10-02T11:13:19+00:00\",\"mainEntityOfPage\":{\"@id\":\"https:\/\/now-news.de\/de\/deutschland\/rueckzug-aus-krasny-liman-tschetscheniens-%d1%81hef-kadyrow-kritisiert-hochrangigen-general\/\"},\"wordCount\":323,\"commentCount\":0,\"publisher\":{\"@id\":\"https:\/\/now-news.de\/de\/#organization\"},\"image\":{\"@id\":\"https:\/\/now-news.de\/de\/deutschland\/rueckzug-aus-krasny-liman-tschetscheniens-%d1%81hef-kadyrow-kritisiert-hochrangigen-general\/#primaryimage\"},\"thumbnailUrl\":\"https:\/\/now-news.de\/de\/wp-content\/uploads\/sites\/3\/2022\/10\/Rueckzug-aus-Krasny-Liman-Tschetscheniens-\u0421hef-Kadyrow-kritisiert-hochrangigen-General.jpg\",\"keywords\":[\"aus\",\"General\",\"hochrangigen\",\"kadyrow\",\"Krasny\",\"kritisiert\",\"Liman\",\"R\u00fcckzug\",\"Tschetscheniens\",\"\u0421hef\"],\"articleSection\":[\"Deutschland\",\"Russland\"],\"inLanguage\":\"de\",\"potentialAction\":[{\"@type\":\"CommentAction\",\"name\":\"Comment\",\"target\":[\"https:\/\/now-news.de\/de\/deutschland\/rueckzug-aus-krasny-liman-tschetscheniens-%d1%81hef-kadyrow-kritisiert-hochrangigen-general\/#respond\"]}]},{\"@type\":\"WebPage\",\"@id\":\"https:\/\/now-news.de\/de\/deutschland\/rueckzug-aus-krasny-liman-tschetscheniens-%d1%81hef-kadyrow-kritisiert-hochrangigen-general\/\",\"url\":\"https:\/\/now-news.de\/de\/deutschland\/rueckzug-aus-krasny-liman-tschetscheniens-%d1%81hef-kadyrow-kritisiert-hochrangigen-general\/\",\"name\":\"R\u00fcckzug aus Krasny Liman: Tschetscheniens \u0421hef Kadyrow kritisiert hochrangigen General - just-now.NEWS Deutschland\",\"isPartOf\":{\"@id\":\"https:\/\/now-news.de\/de\/#website\"},\"primaryImageOfPage\":{\"@id\":\"https:\/\/now-news.de\/de\/deutschland\/rueckzug-aus-krasny-liman-tschetscheniens-%d1%81hef-kadyrow-kritisiert-hochrangigen-general\/#primaryimage\"},\"image\":{\"@id\":\"https:\/\/now-news.de\/de\/deutschland\/rueckzug-aus-krasny-liman-tschetscheniens-%d1%81hef-kadyrow-kritisiert-hochrangigen-general\/#primaryimage\"},\"thumbnailUrl\":\"https:\/\/now-news.de\/de\/wp-content\/uploads\/sites\/3\/2022\/10\/Rueckzug-aus-Krasny-Liman-Tschetscheniens-\u0421hef-Kadyrow-kritisiert-hochrangigen-General.jpg\",\"datePublished\":\"2022-10-02T11:13:19+00:00\",\"dateModified\":\"2022-10-02T11:13:19+00:00\",\"breadcrumb\":{\"@id\":\"https:\/\/now-news.de\/de\/deutschland\/rueckzug-aus-krasny-liman-tschetscheniens-%d1%81hef-kadyrow-kritisiert-hochrangigen-general\/#breadcrumb\"},\"inLanguage\":\"de\",\"potentialAction\":[{\"@type\":\"ReadAction\",\"target\":[\"https:\/\/now-news.de\/de\/deutschland\/rueckzug-aus-krasny-liman-tschetscheniens-%d1%81hef-kadyrow-kritisiert-hochrangigen-general\/\"]}]},{\"@type\":\"ImageObject\",\"inLanguage\":\"de\",\"@id\":\"https:\/\/now-news.de\/de\/deutschland\/rueckzug-aus-krasny-liman-tschetscheniens-%d1%81hef-kadyrow-kritisiert-hochrangigen-general\/#primaryimage\",\"url\":\"https:\/\/now-news.de\/de\/wp-content\/uploads\/sites\/3\/2022\/10\/Rueckzug-aus-Krasny-Liman-Tschetscheniens-\u0421hef-Kadyrow-kritisiert-hochrangigen-General.jpg\",\"contentUrl\":\"https:\/\/now-news.de\/de\/wp-content\/uploads\/sites\/3\/2022\/10\/Rueckzug-aus-Krasny-Liman-Tschetscheniens-\u0421hef-Kadyrow-kritisiert-hochrangigen-General.jpg\",\"width\":460,\"height\":259,\"caption\":\"R\u00fcckzug aus Krasny Liman: Tschetscheniens \u0421hef Kadyrow kritisiert hochrangigen General\"},{\"@type\":\"BreadcrumbList\",\"@id\":\"https:\/\/now-news.de\/de\/deutschland\/rueckzug-aus-krasny-liman-tschetscheniens-%d1%81hef-kadyrow-kritisiert-hochrangigen-general\/#breadcrumb\",\"itemListElement\":[{\"@type\":\"ListItem\",\"position\":1,\"name\":\"Home\",\"item\":\"https:\/\/now-news.de\/de\/\"},{\"@type\":\"ListItem\",\"position\":2,\"name\":\"R\u00fcckzug aus Krasny Liman: Tschetscheniens \u0421hef Kadyrow kritisiert hochrangigen General\"}]},{\"@type\":\"WebSite\",\"@id\":\"https:\/\/now-news.de\/de\/#website\",\"url\":\"https:\/\/now-news.de\/de\/\",\"name\":\"just-now.NEWS Deutschland\",\"description\":\"Das Portal f\u00fcr unzensierte Nachrichten aus der Welt\",\"publisher\":{\"@id\":\"https:\/\/now-news.de\/de\/#organization\"},\"potentialAction\":[{\"@type\":\"SearchAction\",\"target\":{\"@type\":\"EntryPoint\",\"urlTemplate\":\"https:\/\/now-news.de\/de\/?s={search_term_string}\"},\"query-input\":\"required name=search_term_string\"}],\"inLanguage\":\"de\"},{\"@type\":\"Organization\",\"@id\":\"https:\/\/now-news.de\/de\/#organization\",\"name\":\"Just Now News\",\"url\":\"https:\/\/now-news.de\/de\/\",\"logo\":{\"@type\":\"ImageObject\",\"inLanguage\":\"de\",\"@id\":\"https:\/\/now-news.de\/de\/#\/schema\/logo\/image\/\",\"url\":\"http:\/\/just-now.news\/de\/wp-content\/uploads\/sites\/3\/2022\/04\/logo500x500.jpg\",\"contentUrl\":\"http:\/\/just-now.news\/de\/wp-content\/uploads\/sites\/3\/2022\/04\/logo500x500.jpg\",\"width\":500,\"height\":500,\"caption\":\"Just Now News\"},\"image\":{\"@id\":\"https:\/\/now-news.de\/de\/#\/schema\/logo\/image\/\"},\"sameAs\":[\"https:\/\/www.facebook.com\/wirmachenauf\",\"https:\/\/x.com\/WirMachenAuf_de\"]},{\"@type\":\"Person\",\"@id\":\"https:\/\/now-news.de\/de\/#\/schema\/person\/fb534a4e865501d8b3285208df34a9b5\",\"name\":\"rtnews\",\"image\":{\"@type\":\"ImageObject\",\"inLanguage\":\"de\",\"@id\":\"https:\/\/now-news.de\/de\/#\/schema\/person\/image\/\",\"url\":\"https:\/\/secure.gravatar.com\/avatar\/82aafea7d8127119dd649515f56e2117?s=96&d=mm&r=g\",\"contentUrl\":\"https:\/\/secure.gravatar.com\/avatar\/82aafea7d8127119dd649515f56e2117?s=96&d=mm&r=g\",\"caption\":\"rtnews\"},\"url\":\"https:\/\/now-news.de\/de\/author\/rnews\/\"}]}<\/script>\n<!-- \/ Yoast SEO Premium plugin. -->","yoast_head_json":{"title":"R\u00fcckzug aus Krasny Liman: Tschetscheniens \u0421hef Kadyrow kritisiert hochrangigen General - just-now.NEWS Deutschland","robots":{"index":"index","follow":"follow","max-snippet":"max-snippet:-1","max-image-preview":"max-image-preview:large","max-video-preview":"max-video-preview:-1"},"canonical":"https:\/\/now-news.de\/de\/deutschland\/rueckzug-aus-krasny-liman-tschetscheniens-\u0441hef-kadyrow-kritisiert-hochrangigen-general\/","og_locale":"de_DE","og_type":"article","og_title":"R\u00fcckzug aus Krasny Liman: Tschetscheniens \u0421hef Kadyrow kritisiert hochrangigen General","og_description":"Fast unmittelbar nachdem das russische Verteidigungsministerium offiziell den erzwungenen R\u00fcckzug der Truppen aus Krasny Liman am 1. Oktober bekannt gegeben hatte, machte Ramsan Kadyrow auf\u00a0seinem Telegram-Kanal Generaloberst Aleksander Lapin f\u00fcr das Desaster verantwortlich. Lapin befehligte die Verteidigung des Frontabschnitts Krasny Liman und stellte laut Kadyrow &#8220;mobilisierte K\u00e4mpfer der LNR und anderer Einheiten an allen Liman-Linien [&hellip;]","og_url":"https:\/\/now-news.de\/de\/deutschland\/rueckzug-aus-krasny-liman-tschetscheniens-\u0441hef-kadyrow-kritisiert-hochrangigen-general\/","og_site_name":"just-now.NEWS Deutschland","article_publisher":"https:\/\/www.facebook.com\/wirmachenauf","article_published_time":"2022-10-02T11:13:19+00:00","og_image":[{"width":460,"height":259,"url":"https:\/\/now-news.de\/de\/wp-content\/uploads\/sites\/3\/2022\/10\/Rueckzug-aus-Krasny-Liman-Tschetscheniens-\u0421hef-Kadyrow-kritisiert-hochrangigen-General.jpg","type":"image\/jpeg"}],"author":"rtnews","twitter_card":"summary_large_image","twitter_creator":"@WirMachenAuf_de","twitter_site":"@WirMachenAuf_de","twitter_misc":{"Verfasst von":"rtnews","Gesch\u00e4tzte Lesezeit":"2\u00a0Minuten"},"schema":{"@context":"https:\/\/schema.org","@graph":[{"@type":"Article","@id":"https:\/\/now-news.de\/de\/deutschland\/rueckzug-aus-krasny-liman-tschetscheniens-%d1%81hef-kadyrow-kritisiert-hochrangigen-general\/#article","isPartOf":{"@id":"https:\/\/now-news.de\/de\/deutschland\/rueckzug-aus-krasny-liman-tschetscheniens-%d1%81hef-kadyrow-kritisiert-hochrangigen-general\/"},"author":{"name":"rtnews","@id":"https:\/\/now-news.de\/de\/#\/schema\/person\/fb534a4e865501d8b3285208df34a9b5"},"headline":"R\u00fcckzug aus Krasny Liman: Tschetscheniens \u0421hef Kadyrow kritisiert hochrangigen General","datePublished":"2022-10-02T11:13:19+00:00","dateModified":"2022-10-02T11:13:19+00:00","mainEntityOfPage":{"@id":"https:\/\/now-news.de\/de\/deutschland\/rueckzug-aus-krasny-liman-tschetscheniens-%d1%81hef-kadyrow-kritisiert-hochrangigen-general\/"},"wordCount":323,"commentCount":0,"publisher":{"@id":"https:\/\/now-news.de\/de\/#organization"},"image":{"@id":"https:\/\/now-news.de\/de\/deutschland\/rueckzug-aus-krasny-liman-tschetscheniens-%d1%81hef-kadyrow-kritisiert-hochrangigen-general\/#primaryimage"},"thumbnailUrl":"https:\/\/now-news.de\/de\/wp-content\/uploads\/sites\/3\/2022\/10\/Rueckzug-aus-Krasny-Liman-Tschetscheniens-\u0421hef-Kadyrow-kritisiert-hochrangigen-General.jpg","keywords":["aus","General","hochrangigen","kadyrow","Krasny","kritisiert","Liman","R\u00fcckzug","Tschetscheniens","\u0421hef"],"articleSection":["Deutschland","Russland"],"inLanguage":"de","potentialAction":[{"@type":"CommentAction","name":"Comment","target":["https:\/\/now-news.de\/de\/deutschland\/rueckzug-aus-krasny-liman-tschetscheniens-%d1%81hef-kadyrow-kritisiert-hochrangigen-general\/#respond"]}]},{"@type":"WebPage","@id":"https:\/\/now-news.de\/de\/deutschland\/rueckzug-aus-krasny-liman-tschetscheniens-%d1%81hef-kadyrow-kritisiert-hochrangigen-general\/","url":"https:\/\/now-news.de\/de\/deutschland\/rueckzug-aus-krasny-liman-tschetscheniens-%d1%81hef-kadyrow-kritisiert-hochrangigen-general\/","name":"R\u00fcckzug aus Krasny Liman: Tschetscheniens \u0421hef Kadyrow kritisiert hochrangigen General - just-now.NEWS Deutschland","isPartOf":{"@id":"https:\/\/now-news.de\/de\/#website"},"primaryImageOfPage":{"@id":"https:\/\/now-news.de\/de\/deutschland\/rueckzug-aus-krasny-liman-tschetscheniens-%d1%81hef-kadyrow-kritisiert-hochrangigen-general\/#primaryimage"},"image":{"@id":"https:\/\/now-news.de\/de\/deutschland\/rueckzug-aus-krasny-liman-tschetscheniens-%d1%81hef-kadyrow-kritisiert-hochrangigen-general\/#primaryimage"},"thumbnailUrl":"https:\/\/now-news.de\/de\/wp-content\/uploads\/sites\/3\/2022\/10\/Rueckzug-aus-Krasny-Liman-Tschetscheniens-\u0421hef-Kadyrow-kritisiert-hochrangigen-General.jpg","datePublished":"2022-10-02T11:13:19+00:00","dateModified":"2022-10-02T11:13:19+00:00","breadcrumb":{"@id":"https:\/\/now-news.de\/de\/deutschland\/rueckzug-aus-krasny-liman-tschetscheniens-%d1%81hef-kadyrow-kritisiert-hochrangigen-general\/#breadcrumb"},"inLanguage":"de","potentialAction":[{"@type":"ReadAction","target":["https:\/\/now-news.de\/de\/deutschland\/rueckzug-aus-krasny-liman-tschetscheniens-%d1%81hef-kadyrow-kritisiert-hochrangigen-general\/"]}]},{"@type":"ImageObject","inLanguage":"de","@id":"https:\/\/now-news.de\/de\/deutschland\/rueckzug-aus-krasny-liman-tschetscheniens-%d1%81hef-kadyrow-kritisiert-hochrangigen-general\/#primaryimage","url":"https:\/\/now-news.de\/de\/wp-content\/uploads\/sites\/3\/2022\/10\/Rueckzug-aus-Krasny-Liman-Tschetscheniens-\u0421hef-Kadyrow-kritisiert-hochrangigen-General.jpg","contentUrl":"https:\/\/now-news.de\/de\/wp-content\/uploads\/sites\/3\/2022\/10\/Rueckzug-aus-Krasny-Liman-Tschetscheniens-\u0421hef-Kadyrow-kritisiert-hochrangigen-General.jpg","width":460,"height":259,"caption":"R\u00fcckzug aus Krasny Liman: Tschetscheniens \u0421hef Kadyrow kritisiert hochrangigen General"},{"@type":"BreadcrumbList","@id":"https:\/\/now-news.de\/de\/deutschland\/rueckzug-aus-krasny-liman-tschetscheniens-%d1%81hef-kadyrow-kritisiert-hochrangigen-general\/#breadcrumb","itemListElement":[{"@type":"ListItem","position":1,"name":"Home","item":"https:\/\/now-news.de\/de\/"},{"@type":"ListItem","position":2,"name":"R\u00fcckzug aus Krasny Liman: Tschetscheniens \u0421hef Kadyrow kritisiert hochrangigen General"}]},{"@type":"WebSite","@id":"https:\/\/now-news.de\/de\/#website","url":"https:\/\/now-news.de\/de\/","name":"just-now.NEWS Deutschland","description":"Das Portal f\u00fcr unzensierte Nachrichten aus der Welt","publisher":{"@id":"https:\/\/now-news.de\/de\/#organization"},"potentialAction":[{"@type":"SearchAction","target":{"@type":"EntryPoint","urlTemplate":"https:\/\/now-news.de\/de\/?s={search_term_string}"},"query-input":"required name=search_term_string"}],"inLanguage":"de"},{"@type":"Organization","@id":"https:\/\/now-news.de\/de\/#organization","name":"Just Now News","url":"https:\/\/now-news.de\/de\/","logo":{"@type":"ImageObject","inLanguage":"de","@id":"https:\/\/now-news.de\/de\/#\/schema\/logo\/image\/","url":"http:\/\/just-now.news\/de\/wp-content\/uploads\/sites\/3\/2022\/04\/logo500x500.jpg","contentUrl":"http:\/\/just-now.news\/de\/wp-content\/uploads\/sites\/3\/2022\/04\/logo500x500.jpg","width":500,"height":500,"caption":"Just Now News"},"image":{"@id":"https:\/\/now-news.de\/de\/#\/schema\/logo\/image\/"},"sameAs":["https:\/\/www.facebook.com\/wirmachenauf","https:\/\/x.com\/WirMachenAuf_de"]},{"@type":"Person","@id":"https:\/\/now-news.de\/de\/#\/schema\/person\/fb534a4e865501d8b3285208df34a9b5","name":"rtnews","image":{"@type":"ImageObject","inLanguage":"de","@id":"https:\/\/now-news.de\/de\/#\/schema\/person\/image\/","url":"https:\/\/secure.gravatar.com\/avatar\/82aafea7d8127119dd649515f56e2117?s=96&d=mm&r=g","contentUrl":"https:\/\/secure.gravatar.com\/avatar\/82aafea7d8127119dd649515f56e2117?s=96&d=mm&r=g","caption":"rtnews"},"url":"https:\/\/now-news.de\/de\/author\/rnews\/"}]}},"_links":{"self":[{"href":"https:\/\/now-news.de\/de\/wp-json\/wp\/v2\/posts\/20187"}],"collection":[{"href":"https:\/\/now-news.de\/de\/wp-json\/wp\/v2\/posts"}],"about":[{"href":"https:\/\/now-news.de\/de\/wp-json\/wp\/v2\/types\/post"}],"author":[{"embeddable":true,"href":"https:\/\/now-news.de\/de\/wp-json\/wp\/v2\/users\/3"}],"replies":[{"embeddable":true,"href":"https:\/\/now-news.de\/de\/wp-json\/wp\/v2\/comments?post=20187"}],"version-history":[{"count":0,"href":"https:\/\/now-news.de\/de\/wp-json\/wp\/v2\/posts\/20187\/revisions"}],"wp:featuredmedia":[{"embeddable":true,"href":"https:\/\/now-news.de\/de\/wp-json\/wp\/v2\/media\/20188"}],"wp:attachment":[{"href":"https:\/\/now-news.de\/de\/wp-json\/wp\/v2\/media?parent=20187"}],"wp:term":[{"taxonomy":"category","embeddable":true,"href":"https:\/\/now-news.de\/de\/wp-json\/wp\/v2\/categories?post=20187"},{"taxonomy":"post_tag","embeddable":true,"href":"https:\/\/now-news.de\/de\/wp-json\/wp\/v2\/tags?post=20187"}],"curies":[{"name":"wp","href":"https:\/\/api.w.org\/{rel}","templated":true}]}}