{"id":20117,"date":"2022-09-30T18:40:39","date_gmt":"2022-09-30T16:40:39","guid":{"rendered":"http:\/\/just-now.news\/de\/deutschland\/putin-menschen-aus-lugansk-und-donezk-cherson-und-saporoschje-werden-unsere-buerger-fuer-immer\/"},"modified":"2022-09-30T18:40:39","modified_gmt":"2022-09-30T16:40:39","slug":"putin-menschen-aus-lugansk-und-donezk-cherson-und-saporoschje-werden-unsere-buerger-fuer-immer","status":"publish","type":"post","link":"https:\/\/now-news.de\/de\/deutschland\/putin-menschen-aus-lugansk-und-donezk-cherson-und-saporoschje-werden-unsere-buerger-fuer-immer\/","title":{"rendered":"Putin: &quot;Menschen aus Lugansk und Donezk, Cherson und Saporoschje werden unsere B\u00fcrger \u2013 f\u00fcr immer&quot;"},"content":{"rendered":"<p><img decoding=\"async\" src=\"http:\/\/just-now.news\/de\/wp-content\/uploads\/sites\/3\/2022\/09\/63370758b480cc55e175fc18.jpg\" \/><\/p>\n<p>Am Freitag hat im Kreml die Zeremonie zur Unterzeichnung von Vertr\u00e4gen \u00fcber den Beitritt der Volksrepubliken Donezk und Lugansk sowie der Gebiete Saporoschje und Cherson zur Russischen F\u00f6deration stattgefunden. Diese Zeremonie begann der russische Pr\u00e4sident Wladimir Putin mit einer ausf\u00fchrlichen Rede. Zu Beginn begr\u00fc\u00dfte das Staatsoberhaupt die B\u00fcrger Russlands sowie die Einwohner\u00a0der Volksrepubliken Donezk und Lugansk sowie der Gebiete Saporoschje und Cherson.<\/p>\n<p>Putin erkl\u00e4rte, dass\u00a0der Beitritt\u00a0und die Bildung der vier neuen Gebiete der Russischen F\u00f6deration &#8220;der Wille von Millionen von Menschen&#8221; sei und verwies in diesem Zusammenhang auf den ersten Artikel der UNO, der unter anderem auf &#8220;dem Grundsatz der Gleichberechtigung und Selbstbestimmung der V\u00f6lker&#8221; basiere.<\/p>\n<p>Der russische Staatschef hob die historische Bedeutung der Ereignisse hervor. Au\u00dferdem bezeichnete er als Helden all jene, die sich &#8220;nicht mit dem Neonazi-Staatsstreich von 2014 in der Ukraine abgefunden hatten&#8221; all jene, die &#8220;f\u00fcr das Recht, ihre Muttersprache zu sprechen, ihre Kultur, Traditionen und ihren Glauben zu bewahren&#8221; ums Leben gekommen sind. Sie alle wurden mit einer Schweigeminute gedacht.<\/p>\n<p>1991 sei das &#8220;gro\u00dfe Land&#8221; der UdSSR zerst\u00f6rt und eine einzige Nation zerteilt worden. Putin sagte, das moderne Russland wolle die Sowjetunion nicht wieder aufleben lassen, aber es gebe nichts Wichtigeres als Menschen, die sich als Teil Russlands betrachten.\u00a0<\/p>\n<p>Acht lange Jahre seien die Menschen im Donbass einem V\u00f6lkermord, Beschuss und Blockaden ausgesetzt gewesen, w\u00e4hrend in Cherson und Saporoshje man versucht habe, den Hass auf Russland zu kultivieren. In diesem Zusammenhang wandte sich Putin an das Kiewer Regime und seine &#8220;Herren im Westen&#8221;:<\/p>\n<blockquote>\n<p><em>&#8220;Die Menschen aus Lugansk und Donezk, Cherson und Saporoschje werden unsere B\u00fcrger\u00a0\u2013 f\u00fcr immer.&#8221;<\/em><\/p>\n<\/blockquote>\n<p>Er forderte das Kiewer Regime auf, die K\u00e4mpfe sofort einzustellen und den Krieg zu beenden, den Kiew im Jahr 2014 entfesselt hatte, und zu Verhandlungen zur\u00fcckzukehren. Er wies jedoch darauf hin, dass die von den B\u00fcrgern getroffenen Entscheidungen nicht diskutiert w\u00fcrden. Weiter hie\u00df es:<\/p>\n<blockquote>\n<p><em>&#8220;Die Wahl ist getroffen, Russland wird sie nicht verraten.&#8221;<\/em><\/p>\n<\/blockquote>\n<p>Er hob weiter hervor, dass die Gebiete mit allen &#8220;m\u00f6glichen Kr\u00e4ften und Mitteln&#8221; verteidigt w\u00fcrden, um das Leben der Menschen dort zu sichern. Er nannte dies die &#8220;gro\u00dfe Befreiungsmission&#8221; des russischen Volkes. In den neuen Territorien w\u00fcrden H\u00e4user, Infrastruktur, Industrie und das soziale Leben wiederhergestellt werden. Am Ende seiner Rede\u00a0erkl\u00e4rte er, dass die Einwohner von Donezk und Lugansk sowie der Gebiete Cherson und Saporoschje heute ihre Wahl getroffen h\u00e4tten. Putin sagte dazu:<\/p>\n<blockquote>\n<p><em>&#8220;Sie haben sich entschieden, bei ihrem Volk zu sein, bei ihrer Heimat, ihr Schicksal zu leben und mit ihr zu besiegen. Hinter uns steht die Wahrheit! Hinter uns steht Russland!&#8221;<\/em><\/p>\n<\/blockquote>\n<p>Danach fand die Unterzeichnung von Vertr\u00e4gen \u00fcber den Eintritt der Volksrepubliken Donezk und Lugansk sowie der Gebiete Saporoschje und Cherson zur Russischen F\u00f6deration statt. Die vier Oberh\u00e4upter der Volksrepublik Donezk, Denis Puschilin, der Volksrepublik Lugansk, Leonid Passetschnik, sowie der Gebiete Cherson, Wladimir Saldo, und Saporoschje, Jewgeni Balizki, unterzeichneten die Vertr\u00e4ge. Dann wurde die russische Hymne gespielt.\u00a0<\/p>\n<p>Vom 23. bis 27. September hatten in der DVR und der LVR sowie in den Gebieten Cherson und Saporoschje Referenden \u00fcber den Beitritt dieser Territorien zu Russland stattgefunden. In allen genannten Regionen stimmte eine \u00fcberw\u00e4ltigende Mehrheit der W\u00e4hler daf\u00fcr ab.<\/p>\n<p><strong>Mehr zum Thema<\/strong> &#8211; <a rel=\"nofollow noopener\" target=\"_blank\" href=\"https:\/\/de.rt.com\/international\/150317-ukrainischer-journalist-anatoli-schari-ukraine\/\">Wladimir Selenskij: Ukraine beantragt heute NATO-Mitgliedschaft im Eilverfahren<\/a><\/p>\n<p><br \/>\n<br \/><a href=\"https:\/\/de.rt.com\/international\/150315-putin-menschen-aus-lugansk-und\/\">Source link <\/a><\/p>\n","protected":false},"excerpt":{"rendered":"<p>Am Freitag hat im Kreml die Zeremonie zur Unterzeichnung von Vertr\u00e4gen \u00fcber den Beitritt der Volksrepubliken Donezk und Lugansk sowie der Gebiete Saporoschje und Cherson zur Russischen F\u00f6deration stattgefunden. Diese Zeremonie begann der russische Pr\u00e4sident Wladimir Putin mit einer ausf\u00fchrlichen Rede. Zu Beginn begr\u00fc\u00dfte das Staatsoberhaupt die B\u00fcrger Russlands sowie die Einwohner\u00a0der Volksrepubliken Donezk und [&hellip;]<\/p>\n","protected":false},"author":3,"featured_media":20118,"comment_status":"open","ping_status":"open","sticky":false,"template":"","format":"standard","meta":{"wp_automatic_camp":["217"],"99664965d26e1247967d8854c2a6c65e":["Putin: &quot;Menschen aus Lugansk und Donezk, Cherson und Saporoschje werden unsere B\u00fcrger \u2013 f\u00fcr immer&quot;"],"original_link":["https:\/\/de.rt.com\/international\/150315-putin-menschen-aus-lugansk-und\/"],"_thumbnail_id":["20118"],"jnews_social_counter_last_update":["1777255357"]},"categories":[19,23],"tags":[679,8956,5186,19050,221,33670,26809,125,28193,21797,140,12596,1040],"yoast_head":"<!-- This site is optimized with the Yoast SEO Premium plugin v22.7 (Yoast SEO v22.7) - https:\/\/yoast.com\/wordpress\/plugins\/seo\/ -->\n<title>Putin: &quot;Menschen aus Lugansk und Donezk, Cherson und Saporoschje werden unsere B\u00fcrger \u2013 f\u00fcr immer&quot; - just-now.NEWS Deutschland<\/title>\n<meta name=\"robots\" content=\"index, follow, max-snippet:-1, max-image-preview:large, max-video-preview:-1\" \/>\n<link rel=\"canonical\" href=\"https:\/\/now-news.de\/de\/deutschland\/putin-menschen-aus-lugansk-und-donezk-cherson-und-saporoschje-werden-unsere-buerger-fuer-immer\/\" \/>\n<meta property=\"og:locale\" content=\"de_DE\" \/>\n<meta property=\"og:type\" content=\"article\" \/>\n<meta property=\"og:title\" content=\"Putin: &quot;Menschen aus Lugansk und Donezk, Cherson und Saporoschje werden unsere B\u00fcrger \u2013 f\u00fcr immer&quot;\" \/>\n<meta property=\"og:description\" content=\"Am Freitag hat im Kreml die Zeremonie zur Unterzeichnung von Vertr\u00e4gen \u00fcber den Beitritt der Volksrepubliken Donezk und Lugansk sowie der Gebiete Saporoschje und Cherson zur Russischen F\u00f6deration stattgefunden. Diese Zeremonie begann der russische Pr\u00e4sident Wladimir Putin mit einer ausf\u00fchrlichen Rede. Zu Beginn begr\u00fc\u00dfte das Staatsoberhaupt die B\u00fcrger Russlands sowie die Einwohner\u00a0der Volksrepubliken Donezk und [&hellip;]\" \/>\n<meta property=\"og:url\" content=\"https:\/\/now-news.de\/de\/deutschland\/putin-menschen-aus-lugansk-und-donezk-cherson-und-saporoschje-werden-unsere-buerger-fuer-immer\/\" \/>\n<meta property=\"og:site_name\" content=\"just-now.NEWS Deutschland\" \/>\n<meta property=\"article:publisher\" content=\"https:\/\/www.facebook.com\/wirmachenauf\" \/>\n<meta property=\"article:published_time\" content=\"2022-09-30T16:40:39+00:00\" \/>\n<meta property=\"og:image\" content=\"https:\/\/now-news.de\/de\/wp-content\/uploads\/sites\/3\/2022\/09\/Putin-quotMenschen-aus-Lugansk-und-Donezk-Cherson-und-Saporoschje-werden.jpg\" \/>\n\t<meta property=\"og:image:width\" content=\"460\" \/>\n\t<meta property=\"og:image:height\" content=\"259\" \/>\n\t<meta property=\"og:image:type\" content=\"image\/jpeg\" \/>\n<meta name=\"author\" content=\"rtnews\" \/>\n<meta name=\"twitter:card\" content=\"summary_large_image\" \/>\n<meta name=\"twitter:creator\" content=\"@WirMachenAuf_de\" \/>\n<meta name=\"twitter:site\" content=\"@WirMachenAuf_de\" \/>\n<meta name=\"twitter:label1\" content=\"Verfasst von\" \/>\n\t<meta name=\"twitter:data1\" content=\"rtnews\" \/>\n\t<meta name=\"twitter:label2\" content=\"Gesch\u00e4tzte Lesezeit\" \/>\n\t<meta name=\"twitter:data2\" content=\"3\u00a0Minuten\" \/>\n<script type=\"application\/ld+json\" class=\"yoast-schema-graph\">{\"@context\":\"https:\/\/schema.org\",\"@graph\":[{\"@type\":\"Article\",\"@id\":\"https:\/\/now-news.de\/de\/deutschland\/putin-menschen-aus-lugansk-und-donezk-cherson-und-saporoschje-werden-unsere-buerger-fuer-immer\/#article\",\"isPartOf\":{\"@id\":\"https:\/\/now-news.de\/de\/deutschland\/putin-menschen-aus-lugansk-und-donezk-cherson-und-saporoschje-werden-unsere-buerger-fuer-immer\/\"},\"author\":{\"name\":\"rtnews\",\"@id\":\"https:\/\/now-news.de\/de\/#\/schema\/person\/fb534a4e865501d8b3285208df34a9b5\"},\"headline\":\"Putin: &quot;Menschen aus Lugansk und Donezk, Cherson und Saporoschje werden unsere B\u00fcrger \u2013 f\u00fcr immer&quot;\",\"datePublished\":\"2022-09-30T16:40:39+00:00\",\"dateModified\":\"2022-09-30T16:40:39+00:00\",\"mainEntityOfPage\":{\"@id\":\"https:\/\/now-news.de\/de\/deutschland\/putin-menschen-aus-lugansk-und-donezk-cherson-und-saporoschje-werden-unsere-buerger-fuer-immer\/\"},\"wordCount\":581,\"commentCount\":0,\"publisher\":{\"@id\":\"https:\/\/now-news.de\/de\/#organization\"},\"image\":{\"@id\":\"https:\/\/now-news.de\/de\/deutschland\/putin-menschen-aus-lugansk-und-donezk-cherson-und-saporoschje-werden-unsere-buerger-fuer-immer\/#primaryimage\"},\"thumbnailUrl\":\"https:\/\/now-news.de\/de\/wp-content\/uploads\/sites\/3\/2022\/09\/Putin-quotMenschen-aus-Lugansk-und-Donezk-Cherson-und-Saporoschje-werden.jpg\",\"keywords\":[\"aus\",\"b\u00fcrger\",\"Cherson\",\"Donezk\",\"f\u00fcr\",\"immerquot\",\"Lugansk\",\"putin\",\"quotMenschen\",\"Saporoschje\",\"und\",\"Unsere\",\"Werden\"],\"articleSection\":[\"Deutschland\",\"Russland\"],\"inLanguage\":\"de\",\"potentialAction\":[{\"@type\":\"CommentAction\",\"name\":\"Comment\",\"target\":[\"https:\/\/now-news.de\/de\/deutschland\/putin-menschen-aus-lugansk-und-donezk-cherson-und-saporoschje-werden-unsere-buerger-fuer-immer\/#respond\"]}]},{\"@type\":\"WebPage\",\"@id\":\"https:\/\/now-news.de\/de\/deutschland\/putin-menschen-aus-lugansk-und-donezk-cherson-und-saporoschje-werden-unsere-buerger-fuer-immer\/\",\"url\":\"https:\/\/now-news.de\/de\/deutschland\/putin-menschen-aus-lugansk-und-donezk-cherson-und-saporoschje-werden-unsere-buerger-fuer-immer\/\",\"name\":\"Putin: &quot;Menschen aus Lugansk und Donezk, Cherson und Saporoschje werden unsere B\u00fcrger \u2013 f\u00fcr immer&quot; - just-now.NEWS Deutschland\",\"isPartOf\":{\"@id\":\"https:\/\/now-news.de\/de\/#website\"},\"primaryImageOfPage\":{\"@id\":\"https:\/\/now-news.de\/de\/deutschland\/putin-menschen-aus-lugansk-und-donezk-cherson-und-saporoschje-werden-unsere-buerger-fuer-immer\/#primaryimage\"},\"image\":{\"@id\":\"https:\/\/now-news.de\/de\/deutschland\/putin-menschen-aus-lugansk-und-donezk-cherson-und-saporoschje-werden-unsere-buerger-fuer-immer\/#primaryimage\"},\"thumbnailUrl\":\"https:\/\/now-news.de\/de\/wp-content\/uploads\/sites\/3\/2022\/09\/Putin-quotMenschen-aus-Lugansk-und-Donezk-Cherson-und-Saporoschje-werden.jpg\",\"datePublished\":\"2022-09-30T16:40:39+00:00\",\"dateModified\":\"2022-09-30T16:40:39+00:00\",\"breadcrumb\":{\"@id\":\"https:\/\/now-news.de\/de\/deutschland\/putin-menschen-aus-lugansk-und-donezk-cherson-und-saporoschje-werden-unsere-buerger-fuer-immer\/#breadcrumb\"},\"inLanguage\":\"de\",\"potentialAction\":[{\"@type\":\"ReadAction\",\"target\":[\"https:\/\/now-news.de\/de\/deutschland\/putin-menschen-aus-lugansk-und-donezk-cherson-und-saporoschje-werden-unsere-buerger-fuer-immer\/\"]}]},{\"@type\":\"ImageObject\",\"inLanguage\":\"de\",\"@id\":\"https:\/\/now-news.de\/de\/deutschland\/putin-menschen-aus-lugansk-und-donezk-cherson-und-saporoschje-werden-unsere-buerger-fuer-immer\/#primaryimage\",\"url\":\"https:\/\/now-news.de\/de\/wp-content\/uploads\/sites\/3\/2022\/09\/Putin-quotMenschen-aus-Lugansk-und-Donezk-Cherson-und-Saporoschje-werden.jpg\",\"contentUrl\":\"https:\/\/now-news.de\/de\/wp-content\/uploads\/sites\/3\/2022\/09\/Putin-quotMenschen-aus-Lugansk-und-Donezk-Cherson-und-Saporoschje-werden.jpg\",\"width\":460,\"height\":259,\"caption\":\"Putin: &quot;Menschen aus Lugansk und Donezk, Cherson und Saporoschje werden unsere B\u00fcrger \u2013 f\u00fcr immer&quot;\"},{\"@type\":\"BreadcrumbList\",\"@id\":\"https:\/\/now-news.de\/de\/deutschland\/putin-menschen-aus-lugansk-und-donezk-cherson-und-saporoschje-werden-unsere-buerger-fuer-immer\/#breadcrumb\",\"itemListElement\":[{\"@type\":\"ListItem\",\"position\":1,\"name\":\"Home\",\"item\":\"https:\/\/now-news.de\/de\/\"},{\"@type\":\"ListItem\",\"position\":2,\"name\":\"Putin: &quot;Menschen aus Lugansk und Donezk, Cherson und Saporoschje werden unsere B\u00fcrger \u2013 f\u00fcr immer&quot;\"}]},{\"@type\":\"WebSite\",\"@id\":\"https:\/\/now-news.de\/de\/#website\",\"url\":\"https:\/\/now-news.de\/de\/\",\"name\":\"just-now.NEWS Deutschland\",\"description\":\"Das Portal f\u00fcr unzensierte Nachrichten aus der Welt\",\"publisher\":{\"@id\":\"https:\/\/now-news.de\/de\/#organization\"},\"potentialAction\":[{\"@type\":\"SearchAction\",\"target\":{\"@type\":\"EntryPoint\",\"urlTemplate\":\"https:\/\/now-news.de\/de\/?s={search_term_string}\"},\"query-input\":\"required name=search_term_string\"}],\"inLanguage\":\"de\"},{\"@type\":\"Organization\",\"@id\":\"https:\/\/now-news.de\/de\/#organization\",\"name\":\"Just Now News\",\"url\":\"https:\/\/now-news.de\/de\/\",\"logo\":{\"@type\":\"ImageObject\",\"inLanguage\":\"de\",\"@id\":\"https:\/\/now-news.de\/de\/#\/schema\/logo\/image\/\",\"url\":\"http:\/\/just-now.news\/de\/wp-content\/uploads\/sites\/3\/2022\/04\/logo500x500.jpg\",\"contentUrl\":\"http:\/\/just-now.news\/de\/wp-content\/uploads\/sites\/3\/2022\/04\/logo500x500.jpg\",\"width\":500,\"height\":500,\"caption\":\"Just Now News\"},\"image\":{\"@id\":\"https:\/\/now-news.de\/de\/#\/schema\/logo\/image\/\"},\"sameAs\":[\"https:\/\/www.facebook.com\/wirmachenauf\",\"https:\/\/x.com\/WirMachenAuf_de\"]},{\"@type\":\"Person\",\"@id\":\"https:\/\/now-news.de\/de\/#\/schema\/person\/fb534a4e865501d8b3285208df34a9b5\",\"name\":\"rtnews\",\"image\":{\"@type\":\"ImageObject\",\"inLanguage\":\"de\",\"@id\":\"https:\/\/now-news.de\/de\/#\/schema\/person\/image\/\",\"url\":\"https:\/\/secure.gravatar.com\/avatar\/82aafea7d8127119dd649515f56e2117?s=96&d=mm&r=g\",\"contentUrl\":\"https:\/\/secure.gravatar.com\/avatar\/82aafea7d8127119dd649515f56e2117?s=96&d=mm&r=g\",\"caption\":\"rtnews\"},\"url\":\"https:\/\/now-news.de\/de\/author\/rnews\/\"}]}<\/script>\n<!-- \/ Yoast SEO Premium plugin. -->","yoast_head_json":{"title":"Putin: &quot;Menschen aus Lugansk und Donezk, Cherson und Saporoschje werden unsere B\u00fcrger \u2013 f\u00fcr immer&quot; - just-now.NEWS Deutschland","robots":{"index":"index","follow":"follow","max-snippet":"max-snippet:-1","max-image-preview":"max-image-preview:large","max-video-preview":"max-video-preview:-1"},"canonical":"https:\/\/now-news.de\/de\/deutschland\/putin-menschen-aus-lugansk-und-donezk-cherson-und-saporoschje-werden-unsere-buerger-fuer-immer\/","og_locale":"de_DE","og_type":"article","og_title":"Putin: &quot;Menschen aus Lugansk und Donezk, Cherson und Saporoschje werden unsere B\u00fcrger \u2013 f\u00fcr immer&quot;","og_description":"Am Freitag hat im Kreml die Zeremonie zur Unterzeichnung von Vertr\u00e4gen \u00fcber den Beitritt der Volksrepubliken Donezk und Lugansk sowie der Gebiete Saporoschje und Cherson zur Russischen F\u00f6deration stattgefunden. Diese Zeremonie begann der russische Pr\u00e4sident Wladimir Putin mit einer ausf\u00fchrlichen Rede. Zu Beginn begr\u00fc\u00dfte das Staatsoberhaupt die B\u00fcrger Russlands sowie die Einwohner\u00a0der Volksrepubliken Donezk und [&hellip;]","og_url":"https:\/\/now-news.de\/de\/deutschland\/putin-menschen-aus-lugansk-und-donezk-cherson-und-saporoschje-werden-unsere-buerger-fuer-immer\/","og_site_name":"just-now.NEWS Deutschland","article_publisher":"https:\/\/www.facebook.com\/wirmachenauf","article_published_time":"2022-09-30T16:40:39+00:00","og_image":[{"width":460,"height":259,"url":"https:\/\/now-news.de\/de\/wp-content\/uploads\/sites\/3\/2022\/09\/Putin-quotMenschen-aus-Lugansk-und-Donezk-Cherson-und-Saporoschje-werden.jpg","type":"image\/jpeg"}],"author":"rtnews","twitter_card":"summary_large_image","twitter_creator":"@WirMachenAuf_de","twitter_site":"@WirMachenAuf_de","twitter_misc":{"Verfasst von":"rtnews","Gesch\u00e4tzte Lesezeit":"3\u00a0Minuten"},"schema":{"@context":"https:\/\/schema.org","@graph":[{"@type":"Article","@id":"https:\/\/now-news.de\/de\/deutschland\/putin-menschen-aus-lugansk-und-donezk-cherson-und-saporoschje-werden-unsere-buerger-fuer-immer\/#article","isPartOf":{"@id":"https:\/\/now-news.de\/de\/deutschland\/putin-menschen-aus-lugansk-und-donezk-cherson-und-saporoschje-werden-unsere-buerger-fuer-immer\/"},"author":{"name":"rtnews","@id":"https:\/\/now-news.de\/de\/#\/schema\/person\/fb534a4e865501d8b3285208df34a9b5"},"headline":"Putin: &quot;Menschen aus Lugansk und Donezk, Cherson und Saporoschje werden unsere B\u00fcrger \u2013 f\u00fcr immer&quot;","datePublished":"2022-09-30T16:40:39+00:00","dateModified":"2022-09-30T16:40:39+00:00","mainEntityOfPage":{"@id":"https:\/\/now-news.de\/de\/deutschland\/putin-menschen-aus-lugansk-und-donezk-cherson-und-saporoschje-werden-unsere-buerger-fuer-immer\/"},"wordCount":581,"commentCount":0,"publisher":{"@id":"https:\/\/now-news.de\/de\/#organization"},"image":{"@id":"https:\/\/now-news.de\/de\/deutschland\/putin-menschen-aus-lugansk-und-donezk-cherson-und-saporoschje-werden-unsere-buerger-fuer-immer\/#primaryimage"},"thumbnailUrl":"https:\/\/now-news.de\/de\/wp-content\/uploads\/sites\/3\/2022\/09\/Putin-quotMenschen-aus-Lugansk-und-Donezk-Cherson-und-Saporoschje-werden.jpg","keywords":["aus","b\u00fcrger","Cherson","Donezk","f\u00fcr","immerquot","Lugansk","putin","quotMenschen","Saporoschje","und","Unsere","Werden"],"articleSection":["Deutschland","Russland"],"inLanguage":"de","potentialAction":[{"@type":"CommentAction","name":"Comment","target":["https:\/\/now-news.de\/de\/deutschland\/putin-menschen-aus-lugansk-und-donezk-cherson-und-saporoschje-werden-unsere-buerger-fuer-immer\/#respond"]}]},{"@type":"WebPage","@id":"https:\/\/now-news.de\/de\/deutschland\/putin-menschen-aus-lugansk-und-donezk-cherson-und-saporoschje-werden-unsere-buerger-fuer-immer\/","url":"https:\/\/now-news.de\/de\/deutschland\/putin-menschen-aus-lugansk-und-donezk-cherson-und-saporoschje-werden-unsere-buerger-fuer-immer\/","name":"Putin: &quot;Menschen aus Lugansk und Donezk, Cherson und Saporoschje werden unsere B\u00fcrger \u2013 f\u00fcr immer&quot; - just-now.NEWS Deutschland","isPartOf":{"@id":"https:\/\/now-news.de\/de\/#website"},"primaryImageOfPage":{"@id":"https:\/\/now-news.de\/de\/deutschland\/putin-menschen-aus-lugansk-und-donezk-cherson-und-saporoschje-werden-unsere-buerger-fuer-immer\/#primaryimage"},"image":{"@id":"https:\/\/now-news.de\/de\/deutschland\/putin-menschen-aus-lugansk-und-donezk-cherson-und-saporoschje-werden-unsere-buerger-fuer-immer\/#primaryimage"},"thumbnailUrl":"https:\/\/now-news.de\/de\/wp-content\/uploads\/sites\/3\/2022\/09\/Putin-quotMenschen-aus-Lugansk-und-Donezk-Cherson-und-Saporoschje-werden.jpg","datePublished":"2022-09-30T16:40:39+00:00","dateModified":"2022-09-30T16:40:39+00:00","breadcrumb":{"@id":"https:\/\/now-news.de\/de\/deutschland\/putin-menschen-aus-lugansk-und-donezk-cherson-und-saporoschje-werden-unsere-buerger-fuer-immer\/#breadcrumb"},"inLanguage":"de","potentialAction":[{"@type":"ReadAction","target":["https:\/\/now-news.de\/de\/deutschland\/putin-menschen-aus-lugansk-und-donezk-cherson-und-saporoschje-werden-unsere-buerger-fuer-immer\/"]}]},{"@type":"ImageObject","inLanguage":"de","@id":"https:\/\/now-news.de\/de\/deutschland\/putin-menschen-aus-lugansk-und-donezk-cherson-und-saporoschje-werden-unsere-buerger-fuer-immer\/#primaryimage","url":"https:\/\/now-news.de\/de\/wp-content\/uploads\/sites\/3\/2022\/09\/Putin-quotMenschen-aus-Lugansk-und-Donezk-Cherson-und-Saporoschje-werden.jpg","contentUrl":"https:\/\/now-news.de\/de\/wp-content\/uploads\/sites\/3\/2022\/09\/Putin-quotMenschen-aus-Lugansk-und-Donezk-Cherson-und-Saporoschje-werden.jpg","width":460,"height":259,"caption":"Putin: &quot;Menschen aus Lugansk und Donezk, Cherson und Saporoschje werden unsere B\u00fcrger \u2013 f\u00fcr immer&quot;"},{"@type":"BreadcrumbList","@id":"https:\/\/now-news.de\/de\/deutschland\/putin-menschen-aus-lugansk-und-donezk-cherson-und-saporoschje-werden-unsere-buerger-fuer-immer\/#breadcrumb","itemListElement":[{"@type":"ListItem","position":1,"name":"Home","item":"https:\/\/now-news.de\/de\/"},{"@type":"ListItem","position":2,"name":"Putin: &quot;Menschen aus Lugansk und Donezk, Cherson und Saporoschje werden unsere B\u00fcrger \u2013 f\u00fcr immer&quot;"}]},{"@type":"WebSite","@id":"https:\/\/now-news.de\/de\/#website","url":"https:\/\/now-news.de\/de\/","name":"just-now.NEWS Deutschland","description":"Das Portal f\u00fcr unzensierte Nachrichten aus der Welt","publisher":{"@id":"https:\/\/now-news.de\/de\/#organization"},"potentialAction":[{"@type":"SearchAction","target":{"@type":"EntryPoint","urlTemplate":"https:\/\/now-news.de\/de\/?s={search_term_string}"},"query-input":"required name=search_term_string"}],"inLanguage":"de"},{"@type":"Organization","@id":"https:\/\/now-news.de\/de\/#organization","name":"Just Now News","url":"https:\/\/now-news.de\/de\/","logo":{"@type":"ImageObject","inLanguage":"de","@id":"https:\/\/now-news.de\/de\/#\/schema\/logo\/image\/","url":"http:\/\/just-now.news\/de\/wp-content\/uploads\/sites\/3\/2022\/04\/logo500x500.jpg","contentUrl":"http:\/\/just-now.news\/de\/wp-content\/uploads\/sites\/3\/2022\/04\/logo500x500.jpg","width":500,"height":500,"caption":"Just Now News"},"image":{"@id":"https:\/\/now-news.de\/de\/#\/schema\/logo\/image\/"},"sameAs":["https:\/\/www.facebook.com\/wirmachenauf","https:\/\/x.com\/WirMachenAuf_de"]},{"@type":"Person","@id":"https:\/\/now-news.de\/de\/#\/schema\/person\/fb534a4e865501d8b3285208df34a9b5","name":"rtnews","image":{"@type":"ImageObject","inLanguage":"de","@id":"https:\/\/now-news.de\/de\/#\/schema\/person\/image\/","url":"https:\/\/secure.gravatar.com\/avatar\/82aafea7d8127119dd649515f56e2117?s=96&d=mm&r=g","contentUrl":"https:\/\/secure.gravatar.com\/avatar\/82aafea7d8127119dd649515f56e2117?s=96&d=mm&r=g","caption":"rtnews"},"url":"https:\/\/now-news.de\/de\/author\/rnews\/"}]}},"_links":{"self":[{"href":"https:\/\/now-news.de\/de\/wp-json\/wp\/v2\/posts\/20117"}],"collection":[{"href":"https:\/\/now-news.de\/de\/wp-json\/wp\/v2\/posts"}],"about":[{"href":"https:\/\/now-news.de\/de\/wp-json\/wp\/v2\/types\/post"}],"author":[{"embeddable":true,"href":"https:\/\/now-news.de\/de\/wp-json\/wp\/v2\/users\/3"}],"replies":[{"embeddable":true,"href":"https:\/\/now-news.de\/de\/wp-json\/wp\/v2\/comments?post=20117"}],"version-history":[{"count":0,"href":"https:\/\/now-news.de\/de\/wp-json\/wp\/v2\/posts\/20117\/revisions"}],"wp:featuredmedia":[{"embeddable":true,"href":"https:\/\/now-news.de\/de\/wp-json\/wp\/v2\/media\/20118"}],"wp:attachment":[{"href":"https:\/\/now-news.de\/de\/wp-json\/wp\/v2\/media?parent=20117"}],"wp:term":[{"taxonomy":"category","embeddable":true,"href":"https:\/\/now-news.de\/de\/wp-json\/wp\/v2\/categories?post=20117"},{"taxonomy":"post_tag","embeddable":true,"href":"https:\/\/now-news.de\/de\/wp-json\/wp\/v2\/tags?post=20117"}],"curies":[{"name":"wp","href":"https:\/\/api.w.org\/{rel}","templated":true}]}}