{"id":2009,"date":"2022-04-21T06:40:50","date_gmt":"2022-04-21T07:40:50","guid":{"rendered":"http:\/\/just-now.news\/de\/deutschland\/katalanische-politiker-mit-pegasus-software-ausspioniert-regionalregierung-fordert-aufklaerung\/"},"modified":"2022-04-21T06:40:50","modified_gmt":"2022-04-21T07:40:50","slug":"katalanische-politiker-mit-pegasus-software-ausspioniert-regionalregierung-fordert-aufklaerung","status":"publish","type":"post","link":"https:\/\/now-news.de\/de\/deutschland\/katalanische-politiker-mit-pegasus-software-ausspioniert-regionalregierung-fordert-aufklaerung\/","title":{"rendered":"Katalanische Politiker mit Pegasus-Software ausspioniert \u2013 Regionalregierung fordert Aufkl\u00e4rung"},"content":{"rendered":"<div class=\"Text-root Text-type_5 ArticleView-text ViewText-root \">\n<p>Eine Aff\u00e4re um die Bespitzelung von katalanischen Politikern bringt Spaniens Zentralregierung in Bedr\u00e4ngnis: Spanische Beh\u00f6rden sollen bekannte Politiker der katalanischen Unabh\u00e4ngigkeitsbewegung mittels der bekannt gewordenen Spionagesoftware Pegasus ausgeforscht haben. Nach Untersuchungen der kanadischen Forschungsgruppe Citizen Lab, \u00fcber die unter anderem das US-Magazin <em>The New Yorker <\/em>berichtete, wurden mehr als 60 katalanische Politiker sowie deren Mitarbeiter und Familien systematisch \u00fcberwacht. Zwischen 2017 und 2019 wurden die Mobiltelefone von Politikern und Aktivisten unter Zuhilfenahme der israelischen &#8220;Spyware&#8221; namens Pegasus von der israelischen NSO Group Technologies gehackt und abgeh\u00f6rt. Bisher befinden sich auch der Pr\u00e4sident der Regionalregierung Kataloniens Pere Aragon\u00e8s sowie dessen Vorg\u00e4nger Quim Torra und Carles Puigdemont, der sich seit 2017 im belgischen Exil befindet, sowie Artur Mas auf der Liste der Ausgesp\u00e4hten.<\/p>\n<div class=\"ReadMore-root Section-root Section-is1to3-xs_is1to1\" data-widgets=\"ReadMore\" data-has-alias>\n<div class=\"Section-container Section-isRow-isTop-isWrap\">\n<article class=\"Card-root Card-is1to1 \">\n<div class=\"Card-imageWrap\">\n<div class=\"Card-picture\">\n<picture class=\"Picture-root Picture-default\"><!--[if IE 9]><video style=\"display: none;\"><![endif]--><source media=\"(-webkit-min-device-pixel-ratio: 2) and (min-resolution: 120dpi)\" data-srcset=\" \nhttps:\/\/cdni.russiatoday.com\/deutsch\/images\/2021.03\/thumbnail\/6057464eb480cc159b110872.JPG 850w,\n                https:\/\/cdni.russiatoday.com\/deutsch\/images\/2021.03\/article\/6057464db480cc159b110871.JPG 1960w,\n            \" srcset=\"data:image\/png;base64,iVBORw0KGgoAAAANSUhEUgAAABAAAAAJCAQAAACRI2S5AAAAEElEQVR42mNkIAAYRxWAAQAG9gAKqv6+AwAAAABJRU5ErkJggg==\"><source data-srcset=\" \nhttps:\/\/cdni.russiatoday.com\/deutsch\/images\/2021.03\/thumbnail\/6057464eb480cc159b110872.JPG 460w,\n              https:\/\/cdni.russiatoday.com\/deutsch\/images\/2021.03\/article\/6057464db480cc159b110871.JPG 980w,\n            \" srcset=\"data:image\/png;base64,iVBORw0KGgoAAAANSUhEUgAAABAAAAAJCAQAAACRI2S5AAAAEElEQVR42mNkIAAYRxWAAQAG9gAKqv6+AwAAAABJRU5ErkJggg==\"><!--[if IE 9]><\/video><![endif]--><\/source><\/source><\/picture><!-- noscript pattern --><noscript><img decoding=\"async\" src=\"https:\/\/cdni.russiatoday.com\/deutsch\/images\/2021.03\/article\/6057464db480cc159b110871.JPG\" alt=\"Katalanischer Ex-Pr\u00e4sident Puigdemont: Tiefer Staat in Spanien ist der gleiche wie in der Franco-\u00c4ra\"><\/noscript>    <\/div><\/div>\n<div class=\"Card-contentWrap\">\n<div class=\"Card-content\">\n<div class=\"Card-title\">\n<div class=\"HeaderNews-root HeaderNews-type_6 \">\n<p>            <a target=\"_blank\" href=\"https:\/\/de.rt.com\/europa\/114733-katalanischer-ex-prasident-puigdemont-tiefer-staat-in-spanien\/\" class=\"Link-root Link-isFullCard \" rel=\"noopener\"><br \/>\n                Katalanischer Ex-Pr\u00e4sident Puigdemont: Tiefer Staat in Spanien ist der gleiche wie in der Franco-\u00c4ra<br \/>\n            <\/a><\/p><\/div><\/div><\/div><\/div>\n<\/article>\n<\/div><\/div>\n<p>Fast alle Vorf\u00e4lle ereigneten sich zwischen 2017 \u2013 dem Jahr des letztlich gescheiterten Antrags auf regionale Unabh\u00e4ngigkeit Kataloniens \u2013 und 2020. Obwohl NSO Group Technologies behauptet, dass Pegasus nur an Regierungen verkauft wird, um Kriminelle und Terroristen aufzusp\u00fcren, hat eine gemeinsame Untersuchung des <em>Guardian<\/em> und <em>El Pa\u00eds<\/em> vor zwei Jahren ergeben, dass der Sprecher des katalanischen Regionalparlaments und mindestens zwei weitere Unabh\u00e4ngigkeitsbef\u00fcrworter gewarnt wurden, dass die Spionagesoftware verwendet wurde, um sie ins Visier zu nehmen.<\/p>\n<p>Puigdemont k\u00fcndigte am Dienstag juristisches Vorgehen gegen alle Verantwortlichen an und wolle entsprechende Schritte in Spanien sowie Deutschland, Frankreich, Luxemburg und der Schweiz einleiten. Zudem rief er die EU-Kommissionspr\u00e4sidentin Ursula von der Leyen dazu auf, ebenfalls zu handeln und Spanien f\u00fcr den Einsatz der Spionage-Software gegen politische Rivalen &#8220;zur Rechenschaft zu ziehen&#8221;. Es handle sich um eine &#8220;massive Verletzung der Grundrechte&#8221;. Die Partei Unidas Podemos (UP), Juniorpartner in der Regierungskoalition von Spaniens Zentralregierung unter Ministerpr\u00e4sident Pedro S\u00e1nchez, forderte ebenfalls eine eingehende Untersuchung. Notfalls m\u00fcssten &#8220;K\u00f6pfe rollen&#8221;, sagte der UP-Sprecher Pablo Echenique.<\/p>\n<p>Auch der katalanische Regionalpr\u00e4sident Pere Aragon\u00e8s forderte die spanische Regierung auf, eine &#8220;offizielle und unabh\u00e4ngige Untersuchung&#8221; einzuleiten. Aragon\u00e8s erkl\u00e4rte gegen\u00fcber dem <em>Guardian<\/em>, dass die angebliche \u00dcberwachung, die von den Cybersicherheitsexperten von Citizen Lab am Montag aufgedeckt wurde, eine Verletzung der Rechte des Einzelnen, einen Angriff auf die Demokratie und eine Bedrohung f\u00fcr politisch Andersdenkende darstelle.<\/p>\n<blockquote>\n<p><em>&#8220;Mein Telefon wurde wegen meiner politischen Pflichten ins Visier genommen \u2013 zuerst als Vizepr\u00e4sident der Region und dann als Regionalpr\u00e4sident&#8221;<\/em>, sagte er. <em>&#8220;Das geht \u00fcber das hinaus, was mir als Einzelperson und als B\u00fcrger angetan wurde. Sie griffen auch die demokratisch gew\u00e4hlte Institution der katalanischen Regierung an, was ein Angriff auf alle katalanischen B\u00fcrger und Institutionen und somit ein Angriff auf die Demokratie ist.&#8221;<\/em><\/p>\n<\/blockquote>\n<p>Aragon\u00e8s sagte weiterhin, die offensichtliche Spionage habe ein so gro\u00dfes Ausma\u00df angenommen, dass sie den spanischen Beh\u00f6rden nicht entgangen sein k\u00f6nne. Auch sei es unwahrscheinlich, dass es sich um die Arbeit eines einzelnen Agenten des spanischen Geheimdienstes (<a target=\"_blank\" href=\"https:\/\/de.wikipedia.org\/wiki\/Centro_Nacional_de_Inteligencia\" rel=\"noopener\">CNI<\/a>) gehandelt habe.<\/p>\n<blockquote>\n<p><em>&#8220;Es gibt auch Genehmigungsverfahren, die Geheimdienste durchlaufen m\u00fcssen, und das bedeutet nat\u00fcrlich, dass dies nicht unbemerkt geblieben sein kann.&#8221;<\/em><\/p>\n<\/blockquote>\n<p>Besonders besorgniserregend sei, dass die Pegasus-Software gegen Politiker, Anw\u00e4lte und Gruppen der Zivilgesellschaft eingesetzt wurde.<\/p>\n<blockquote>\n<p><em>&#8220;Wir m\u00fcssen genau wissen, wie oft es eingesetzt wurde, gegen wen und mit welcher Begr\u00fcndung. So k\u00f6nnen wir feststellen, wer daf\u00fcr verantwortlich war. Eine Regierung kann nicht sagen, dass sie nicht wusste, was vor sich ging. Wenn sie es nicht wusste, muss sie intern herausfinden, wer daf\u00fcr verantwortlich war \u2013 denn hier geht es um die Verfolgung politisch Andersdenkender.&#8221;<\/em><\/p>\n<\/blockquote>\n<div class=\"ReadMore-root Section-root Section-is1to3-xs_is1to1\" data-widgets=\"ReadMore\" data-has-alias>\n<div class=\"Section-container Section-isRow-isTop-isWrap\">\n<article class=\"Card-root Card-is1to1 \">\n<div class=\"Card-imageWrap\">\n<div class=\"Card-picture\">\n<picture class=\"Picture-root Picture-default\"><!--[if IE 9]><video style=\"display: none;\"><![endif]--><source media=\"(-webkit-min-device-pixel-ratio: 2) and (min-resolution: 120dpi)\" data-srcset=\" \nhttps:\/\/cdni.russiatoday.com\/deutsch\/images\/2022.01\/thumbnail\/61df01c948fbef031e48c497.jpg 850w,\n                https:\/\/cdni.russiatoday.com\/deutsch\/images\/2022.01\/article\/61df01c948fbef031e48c497.jpg 1960w,\n            \" srcset=\"data:image\/png;base64,iVBORw0KGgoAAAANSUhEUgAAABAAAAAJCAQAAACRI2S5AAAAEElEQVR42mNkIAAYRxWAAQAG9gAKqv6+AwAAAABJRU5ErkJggg==\"><source data-srcset=\" \nhttps:\/\/cdni.russiatoday.com\/deutsch\/images\/2022.01\/thumbnail\/61df01c948fbef031e48c497.jpg 460w,\n              https:\/\/cdni.russiatoday.com\/deutsch\/images\/2022.01\/article\/61df01c948fbef031e48c497.jpg 980w,\n            \" srcset=\"data:image\/png;base64,iVBORw0KGgoAAAANSUhEUgAAABAAAAAJCAQAAACRI2S5AAAAEElEQVR42mNkIAAYRxWAAQAG9gAKqv6+AwAAAABJRU5ErkJggg==\"><!--[if IE 9]><\/video><![endif]--><img decoding=\"async\" data-sizes=\"auto\" src=\"data:image\/png;base64,iVBORw0KGgoAAAANSUhEUgAAABAAAAAJCAQAAACRI2S5AAAAEElEQVR42mNkIAAYRxWAAQAG9gAKqv6+AwAAAABJRU5ErkJggg==\" class=\"Picture-root Picture-default lazyload\" data-src=\"https:\/\/cdni.russiatoday.com\/deutsch\/images\/2022.01\/thumbnail\/61df01c948fbef031e48c497.jpg\" alt=\"Vorwurf Staatsterrorismus: Steckte der spanische Geheimdienst hinter dem Anschlag in Barcelona 2017?\"><\/source><\/source><\/picture><!-- noscript pattern --><noscript><img decoding=\"async\" src=\"https:\/\/cdni.russiatoday.com\/deutsch\/images\/2022.01\/article\/61df01c948fbef031e48c497.jpg\" alt=\"Vorwurf Staatsterrorismus: Steckte der spanische Geheimdienst hinter dem Anschlag in Barcelona 2017?\"><\/noscript>    <\/div><\/div>\n<div class=\"Card-contentWrap\">\n<div class=\"Card-content\">\n<div class=\"Card-title\">\n<div class=\"HeaderNews-root HeaderNews-type_6 \">\n<p>            <a target=\"_blank\" href=\"https:\/\/de.rt.com\/europa\/129855-vorwurf-staatsterrorismus-steckte-spanische-geheimdienst\/\" class=\"Link-root Link-isFullCard \" rel=\"noopener\"><br \/>\n                Vorwurf Staatsterrorismus: Steckte der spanische Geheimdienst hinter dem Anschlag in Barcelona 2017?<br \/>\n            <\/a><\/p><\/div><\/div><\/div><\/div>\n<\/article>\n<\/div><\/div>\n<p>Citizen Lab und Amnesty International haben ebenfalls eine offizielle Untersuchung der Angelegenheit gefordert. Die spanische Regierung stritt unterdessen jegliches Fehlverhalten ab, w\u00e4hrend die Polic\u00eda Nacional und die Guardia Civil erkl\u00e4rten, sie h\u00e4tten keinerlei Beziehungen zu NSO Group Technologies und h\u00e4tten deren Dienste nie in Anspruch genommen. Am Dienstagnachmittag sagte die Regierungssprecherin Isabel Rodr\u00edguez, dass die Spionagevorw\u00fcrfe nicht neu seien und von der Regierung bereits behandelt worden w\u00e4ren.<\/p>\n<blockquote>\n<p><em>&#8220;Aber ich m\u00f6chte unsere Position bekr\u00e4ftigen, dass die Regierung nichts zu verbergen hat \u2013 absolut nichts&#8221;<\/em>, sagte sie.<\/p>\n<\/blockquote>\n<p>Zudem wolle man in dieser Angelegenheit vollumf\u00e4nglich mit der Justiz zusammenarbeiten. Sie k\u00f6nne sich jedoch nicht dazu \u00e4u\u00dfern, ob das CNI Zugang zur Pegasus-Software habe oder ob es das Programm jemals eingesetzt habe, da sich diese Angelegenheiten auf die nationale Sicherheit beziehen und somit als geheim eingestuft wurden. Das CNI hatte zuvor gegen\u00fcber dem <em>Guardian<\/em> und <em>El Pa\u00eds<\/em> erkl\u00e4rt, dass seine Arbeit vom Obersten Gerichtshof \u00fcberwacht werde und dass es &#8220;in voller \u00dcbereinstimmung mit dem Rechtssystem und mit absolutem Respekt f\u00fcr die geltenden Gesetze&#8221; handele.<\/p>\n<p><strong>Mehr zum Thema &#8211;<\/strong>\u00a0<a target=\"_blank\" href=\"https:\/\/de.rt.com\/europa\/104731-historiker-zum-abhorskandal-um-katalanischer\/\" rel=\"noopener\">Historiker zum Abh\u00f6rskandal um katalanische Politiker: &#8220;Spanien ist nicht v\u00f6llig demokratisch&#8221;<\/a><\/p>\n<\/div>\n<p><br \/>\n<br \/><a href=\"https:\/\/de.rt.com\/europa\/136618-katalanische-politiker-mit-pegasus-software\/\">Source link <\/a><\/p>\n","protected":false},"excerpt":{"rendered":"<p>Eine Aff\u00e4re um die Bespitzelung von katalanischen Politikern bringt Spaniens Zentralregierung in Bedr\u00e4ngnis: Spanische Beh\u00f6rden sollen bekannte Politiker der katalanischen Unabh\u00e4ngigkeitsbewegung mittels der bekannt gewordenen Spionagesoftware Pegasus ausgeforscht haben. Nach Untersuchungen der kanadischen Forschungsgruppe Citizen Lab, \u00fcber die unter anderem das US-Magazin The New Yorker berichtete, wurden mehr als 60 katalanische Politiker sowie deren Mitarbeiter [&hellip;]<\/p>\n","protected":false},"author":3,"featured_media":2010,"comment_status":"open","ping_status":"open","sticky":false,"template":"","format":"standard","meta":{"wp_automatic_camp":["217"],"60432e2b5534cbcfbfe81fc3da13e7d3":["Katalanische Politiker mit Pegasus-Software ausspioniert \u2013 Regionalregierung fordert Aufkl\u00e4rung"],"original_link":["https:\/\/de.rt.com\/europa\/136618-katalanische-politiker-mit-pegasus-software\/"],"_thumbnail_id":["2010"],"wp_automatic_remove_first_image":["yes"],"_wptg_p2tg_sent2tg":["2022-04-21 06:47:55"],"jnews_social_counter_last_update":["1777426908"]},"categories":[19,23],"tags":[2660,5681,355,5678,419,5680,5679,5682],"yoast_head":"<!-- This site is optimized with the Yoast SEO Premium plugin v22.7 (Yoast SEO v22.7) - https:\/\/yoast.com\/wordpress\/plugins\/seo\/ -->\n<title>Katalanische Politiker mit Pegasus-Software ausspioniert \u2013 Regionalregierung fordert Aufkl\u00e4rung - just-now.NEWS Deutschland<\/title>\n<meta name=\"robots\" content=\"index, follow, max-snippet:-1, max-image-preview:large, max-video-preview:-1\" \/>\n<link rel=\"canonical\" href=\"https:\/\/now-news.de\/de\/deutschland\/katalanische-politiker-mit-pegasus-software-ausspioniert-regionalregierung-fordert-aufklaerung\/\" \/>\n<meta property=\"og:locale\" content=\"de_DE\" \/>\n<meta property=\"og:type\" content=\"article\" \/>\n<meta property=\"og:title\" content=\"Katalanische Politiker mit Pegasus-Software ausspioniert \u2013 Regionalregierung fordert Aufkl\u00e4rung\" \/>\n<meta property=\"og:description\" content=\"Eine Aff\u00e4re um die Bespitzelung von katalanischen Politikern bringt Spaniens Zentralregierung in Bedr\u00e4ngnis: Spanische Beh\u00f6rden sollen bekannte Politiker der katalanischen Unabh\u00e4ngigkeitsbewegung mittels der bekannt gewordenen Spionagesoftware Pegasus ausgeforscht haben. Nach Untersuchungen der kanadischen Forschungsgruppe Citizen Lab, \u00fcber die unter anderem das US-Magazin The New Yorker berichtete, wurden mehr als 60 katalanische Politiker sowie deren Mitarbeiter [&hellip;]\" \/>\n<meta property=\"og:url\" content=\"https:\/\/now-news.de\/de\/deutschland\/katalanische-politiker-mit-pegasus-software-ausspioniert-regionalregierung-fordert-aufklaerung\/\" \/>\n<meta property=\"og:site_name\" content=\"just-now.NEWS Deutschland\" \/>\n<meta property=\"article:publisher\" content=\"https:\/\/www.facebook.com\/wirmachenauf\" \/>\n<meta property=\"article:published_time\" content=\"2022-04-21T07:40:50+00:00\" \/>\n<meta property=\"og:image\" content=\"https:\/\/now-news.de\/de\/wp-content\/uploads\/sites\/3\/2022\/04\/Katalanische-Politiker-mit-Pegasus-Software-ausspioniert-\u2013-Regionalregierung-fordert-Aufklaerung.jpg\" \/>\n\t<meta property=\"og:image:width\" content=\"1104\" \/>\n\t<meta property=\"og:image:height\" content=\"622\" \/>\n\t<meta property=\"og:image:type\" content=\"image\/jpeg\" \/>\n<meta name=\"author\" content=\"rtnews\" \/>\n<meta name=\"twitter:card\" content=\"summary_large_image\" \/>\n<meta name=\"twitter:creator\" content=\"@WirMachenAuf_de\" \/>\n<meta name=\"twitter:site\" content=\"@WirMachenAuf_de\" \/>\n<meta name=\"twitter:label1\" content=\"Verfasst von\" \/>\n\t<meta name=\"twitter:data1\" content=\"rtnews\" \/>\n\t<meta name=\"twitter:label2\" content=\"Gesch\u00e4tzte Lesezeit\" \/>\n\t<meta name=\"twitter:data2\" content=\"4\u00a0Minuten\" \/>\n<script type=\"application\/ld+json\" class=\"yoast-schema-graph\">{\"@context\":\"https:\/\/schema.org\",\"@graph\":[{\"@type\":\"Article\",\"@id\":\"https:\/\/now-news.de\/de\/deutschland\/katalanische-politiker-mit-pegasus-software-ausspioniert-regionalregierung-fordert-aufklaerung\/#article\",\"isPartOf\":{\"@id\":\"https:\/\/now-news.de\/de\/deutschland\/katalanische-politiker-mit-pegasus-software-ausspioniert-regionalregierung-fordert-aufklaerung\/\"},\"author\":{\"name\":\"rtnews\",\"@id\":\"https:\/\/now-news.de\/de\/#\/schema\/person\/fb534a4e865501d8b3285208df34a9b5\"},\"headline\":\"Katalanische Politiker mit Pegasus-Software ausspioniert \u2013 Regionalregierung fordert Aufkl\u00e4rung\",\"datePublished\":\"2022-04-21T07:40:50+00:00\",\"dateModified\":\"2022-04-21T07:40:50+00:00\",\"mainEntityOfPage\":{\"@id\":\"https:\/\/now-news.de\/de\/deutschland\/katalanische-politiker-mit-pegasus-software-ausspioniert-regionalregierung-fordert-aufklaerung\/\"},\"wordCount\":817,\"commentCount\":0,\"publisher\":{\"@id\":\"https:\/\/now-news.de\/de\/#organization\"},\"image\":{\"@id\":\"https:\/\/now-news.de\/de\/deutschland\/katalanische-politiker-mit-pegasus-software-ausspioniert-regionalregierung-fordert-aufklaerung\/#primaryimage\"},\"thumbnailUrl\":\"https:\/\/now-news.de\/de\/wp-content\/uploads\/sites\/3\/2022\/04\/Katalanische-Politiker-mit-Pegasus-Software-ausspioniert-\u2013-Regionalregierung-fordert-Aufklaerung.jpg\",\"keywords\":[\"aufkl\u00e4rung\",\"ausspioniert\",\"fordert\",\"Katalanische\",\"mit\",\"PegasusSoftware\",\"Politiker\",\"Regionalregierung\"],\"articleSection\":[\"Deutschland\",\"Russland\"],\"inLanguage\":\"de\",\"potentialAction\":[{\"@type\":\"CommentAction\",\"name\":\"Comment\",\"target\":[\"https:\/\/now-news.de\/de\/deutschland\/katalanische-politiker-mit-pegasus-software-ausspioniert-regionalregierung-fordert-aufklaerung\/#respond\"]}]},{\"@type\":\"WebPage\",\"@id\":\"https:\/\/now-news.de\/de\/deutschland\/katalanische-politiker-mit-pegasus-software-ausspioniert-regionalregierung-fordert-aufklaerung\/\",\"url\":\"https:\/\/now-news.de\/de\/deutschland\/katalanische-politiker-mit-pegasus-software-ausspioniert-regionalregierung-fordert-aufklaerung\/\",\"name\":\"Katalanische Politiker mit Pegasus-Software ausspioniert \u2013 Regionalregierung fordert Aufkl\u00e4rung - just-now.NEWS Deutschland\",\"isPartOf\":{\"@id\":\"https:\/\/now-news.de\/de\/#website\"},\"primaryImageOfPage\":{\"@id\":\"https:\/\/now-news.de\/de\/deutschland\/katalanische-politiker-mit-pegasus-software-ausspioniert-regionalregierung-fordert-aufklaerung\/#primaryimage\"},\"image\":{\"@id\":\"https:\/\/now-news.de\/de\/deutschland\/katalanische-politiker-mit-pegasus-software-ausspioniert-regionalregierung-fordert-aufklaerung\/#primaryimage\"},\"thumbnailUrl\":\"https:\/\/now-news.de\/de\/wp-content\/uploads\/sites\/3\/2022\/04\/Katalanische-Politiker-mit-Pegasus-Software-ausspioniert-\u2013-Regionalregierung-fordert-Aufklaerung.jpg\",\"datePublished\":\"2022-04-21T07:40:50+00:00\",\"dateModified\":\"2022-04-21T07:40:50+00:00\",\"breadcrumb\":{\"@id\":\"https:\/\/now-news.de\/de\/deutschland\/katalanische-politiker-mit-pegasus-software-ausspioniert-regionalregierung-fordert-aufklaerung\/#breadcrumb\"},\"inLanguage\":\"de\",\"potentialAction\":[{\"@type\":\"ReadAction\",\"target\":[\"https:\/\/now-news.de\/de\/deutschland\/katalanische-politiker-mit-pegasus-software-ausspioniert-regionalregierung-fordert-aufklaerung\/\"]}]},{\"@type\":\"ImageObject\",\"inLanguage\":\"de\",\"@id\":\"https:\/\/now-news.de\/de\/deutschland\/katalanische-politiker-mit-pegasus-software-ausspioniert-regionalregierung-fordert-aufklaerung\/#primaryimage\",\"url\":\"https:\/\/now-news.de\/de\/wp-content\/uploads\/sites\/3\/2022\/04\/Katalanische-Politiker-mit-Pegasus-Software-ausspioniert-\u2013-Regionalregierung-fordert-Aufklaerung.jpg\",\"contentUrl\":\"https:\/\/now-news.de\/de\/wp-content\/uploads\/sites\/3\/2022\/04\/Katalanische-Politiker-mit-Pegasus-Software-ausspioniert-\u2013-Regionalregierung-fordert-Aufklaerung.jpg\",\"width\":1104,\"height\":622,\"caption\":\"Katalanische Politiker mit Pegasus-Software ausspioniert \u2013 Regionalregierung fordert Aufkl\u00e4rung\"},{\"@type\":\"BreadcrumbList\",\"@id\":\"https:\/\/now-news.de\/de\/deutschland\/katalanische-politiker-mit-pegasus-software-ausspioniert-regionalregierung-fordert-aufklaerung\/#breadcrumb\",\"itemListElement\":[{\"@type\":\"ListItem\",\"position\":1,\"name\":\"Home\",\"item\":\"https:\/\/now-news.de\/de\/\"},{\"@type\":\"ListItem\",\"position\":2,\"name\":\"Katalanische Politiker mit Pegasus-Software ausspioniert \u2013 Regionalregierung fordert Aufkl\u00e4rung\"}]},{\"@type\":\"WebSite\",\"@id\":\"https:\/\/now-news.de\/de\/#website\",\"url\":\"https:\/\/now-news.de\/de\/\",\"name\":\"just-now.NEWS Deutschland\",\"description\":\"Das Portal f\u00fcr unzensierte Nachrichten aus der Welt\",\"publisher\":{\"@id\":\"https:\/\/now-news.de\/de\/#organization\"},\"potentialAction\":[{\"@type\":\"SearchAction\",\"target\":{\"@type\":\"EntryPoint\",\"urlTemplate\":\"https:\/\/now-news.de\/de\/?s={search_term_string}\"},\"query-input\":\"required name=search_term_string\"}],\"inLanguage\":\"de\"},{\"@type\":\"Organization\",\"@id\":\"https:\/\/now-news.de\/de\/#organization\",\"name\":\"Just Now News\",\"url\":\"https:\/\/now-news.de\/de\/\",\"logo\":{\"@type\":\"ImageObject\",\"inLanguage\":\"de\",\"@id\":\"https:\/\/now-news.de\/de\/#\/schema\/logo\/image\/\",\"url\":\"http:\/\/just-now.news\/de\/wp-content\/uploads\/sites\/3\/2022\/04\/logo500x500.jpg\",\"contentUrl\":\"http:\/\/just-now.news\/de\/wp-content\/uploads\/sites\/3\/2022\/04\/logo500x500.jpg\",\"width\":500,\"height\":500,\"caption\":\"Just Now News\"},\"image\":{\"@id\":\"https:\/\/now-news.de\/de\/#\/schema\/logo\/image\/\"},\"sameAs\":[\"https:\/\/www.facebook.com\/wirmachenauf\",\"https:\/\/x.com\/WirMachenAuf_de\"]},{\"@type\":\"Person\",\"@id\":\"https:\/\/now-news.de\/de\/#\/schema\/person\/fb534a4e865501d8b3285208df34a9b5\",\"name\":\"rtnews\",\"image\":{\"@type\":\"ImageObject\",\"inLanguage\":\"de\",\"@id\":\"https:\/\/now-news.de\/de\/#\/schema\/person\/image\/\",\"url\":\"https:\/\/secure.gravatar.com\/avatar\/82aafea7d8127119dd649515f56e2117?s=96&d=mm&r=g\",\"contentUrl\":\"https:\/\/secure.gravatar.com\/avatar\/82aafea7d8127119dd649515f56e2117?s=96&d=mm&r=g\",\"caption\":\"rtnews\"},\"url\":\"https:\/\/now-news.de\/de\/author\/rnews\/\"}]}<\/script>\n<!-- \/ Yoast SEO Premium plugin. -->","yoast_head_json":{"title":"Katalanische Politiker mit Pegasus-Software ausspioniert \u2013 Regionalregierung fordert Aufkl\u00e4rung - just-now.NEWS Deutschland","robots":{"index":"index","follow":"follow","max-snippet":"max-snippet:-1","max-image-preview":"max-image-preview:large","max-video-preview":"max-video-preview:-1"},"canonical":"https:\/\/now-news.de\/de\/deutschland\/katalanische-politiker-mit-pegasus-software-ausspioniert-regionalregierung-fordert-aufklaerung\/","og_locale":"de_DE","og_type":"article","og_title":"Katalanische Politiker mit Pegasus-Software ausspioniert \u2013 Regionalregierung fordert Aufkl\u00e4rung","og_description":"Eine Aff\u00e4re um die Bespitzelung von katalanischen Politikern bringt Spaniens Zentralregierung in Bedr\u00e4ngnis: Spanische Beh\u00f6rden sollen bekannte Politiker der katalanischen Unabh\u00e4ngigkeitsbewegung mittels der bekannt gewordenen Spionagesoftware Pegasus ausgeforscht haben. Nach Untersuchungen der kanadischen Forschungsgruppe Citizen Lab, \u00fcber die unter anderem das US-Magazin The New Yorker berichtete, wurden mehr als 60 katalanische Politiker sowie deren Mitarbeiter [&hellip;]","og_url":"https:\/\/now-news.de\/de\/deutschland\/katalanische-politiker-mit-pegasus-software-ausspioniert-regionalregierung-fordert-aufklaerung\/","og_site_name":"just-now.NEWS Deutschland","article_publisher":"https:\/\/www.facebook.com\/wirmachenauf","article_published_time":"2022-04-21T07:40:50+00:00","og_image":[{"width":1104,"height":622,"url":"https:\/\/now-news.de\/de\/wp-content\/uploads\/sites\/3\/2022\/04\/Katalanische-Politiker-mit-Pegasus-Software-ausspioniert-\u2013-Regionalregierung-fordert-Aufklaerung.jpg","type":"image\/jpeg"}],"author":"rtnews","twitter_card":"summary_large_image","twitter_creator":"@WirMachenAuf_de","twitter_site":"@WirMachenAuf_de","twitter_misc":{"Verfasst von":"rtnews","Gesch\u00e4tzte Lesezeit":"4\u00a0Minuten"},"schema":{"@context":"https:\/\/schema.org","@graph":[{"@type":"Article","@id":"https:\/\/now-news.de\/de\/deutschland\/katalanische-politiker-mit-pegasus-software-ausspioniert-regionalregierung-fordert-aufklaerung\/#article","isPartOf":{"@id":"https:\/\/now-news.de\/de\/deutschland\/katalanische-politiker-mit-pegasus-software-ausspioniert-regionalregierung-fordert-aufklaerung\/"},"author":{"name":"rtnews","@id":"https:\/\/now-news.de\/de\/#\/schema\/person\/fb534a4e865501d8b3285208df34a9b5"},"headline":"Katalanische Politiker mit Pegasus-Software ausspioniert \u2013 Regionalregierung fordert Aufkl\u00e4rung","datePublished":"2022-04-21T07:40:50+00:00","dateModified":"2022-04-21T07:40:50+00:00","mainEntityOfPage":{"@id":"https:\/\/now-news.de\/de\/deutschland\/katalanische-politiker-mit-pegasus-software-ausspioniert-regionalregierung-fordert-aufklaerung\/"},"wordCount":817,"commentCount":0,"publisher":{"@id":"https:\/\/now-news.de\/de\/#organization"},"image":{"@id":"https:\/\/now-news.de\/de\/deutschland\/katalanische-politiker-mit-pegasus-software-ausspioniert-regionalregierung-fordert-aufklaerung\/#primaryimage"},"thumbnailUrl":"https:\/\/now-news.de\/de\/wp-content\/uploads\/sites\/3\/2022\/04\/Katalanische-Politiker-mit-Pegasus-Software-ausspioniert-\u2013-Regionalregierung-fordert-Aufklaerung.jpg","keywords":["aufkl\u00e4rung","ausspioniert","fordert","Katalanische","mit","PegasusSoftware","Politiker","Regionalregierung"],"articleSection":["Deutschland","Russland"],"inLanguage":"de","potentialAction":[{"@type":"CommentAction","name":"Comment","target":["https:\/\/now-news.de\/de\/deutschland\/katalanische-politiker-mit-pegasus-software-ausspioniert-regionalregierung-fordert-aufklaerung\/#respond"]}]},{"@type":"WebPage","@id":"https:\/\/now-news.de\/de\/deutschland\/katalanische-politiker-mit-pegasus-software-ausspioniert-regionalregierung-fordert-aufklaerung\/","url":"https:\/\/now-news.de\/de\/deutschland\/katalanische-politiker-mit-pegasus-software-ausspioniert-regionalregierung-fordert-aufklaerung\/","name":"Katalanische Politiker mit Pegasus-Software ausspioniert \u2013 Regionalregierung fordert Aufkl\u00e4rung - just-now.NEWS Deutschland","isPartOf":{"@id":"https:\/\/now-news.de\/de\/#website"},"primaryImageOfPage":{"@id":"https:\/\/now-news.de\/de\/deutschland\/katalanische-politiker-mit-pegasus-software-ausspioniert-regionalregierung-fordert-aufklaerung\/#primaryimage"},"image":{"@id":"https:\/\/now-news.de\/de\/deutschland\/katalanische-politiker-mit-pegasus-software-ausspioniert-regionalregierung-fordert-aufklaerung\/#primaryimage"},"thumbnailUrl":"https:\/\/now-news.de\/de\/wp-content\/uploads\/sites\/3\/2022\/04\/Katalanische-Politiker-mit-Pegasus-Software-ausspioniert-\u2013-Regionalregierung-fordert-Aufklaerung.jpg","datePublished":"2022-04-21T07:40:50+00:00","dateModified":"2022-04-21T07:40:50+00:00","breadcrumb":{"@id":"https:\/\/now-news.de\/de\/deutschland\/katalanische-politiker-mit-pegasus-software-ausspioniert-regionalregierung-fordert-aufklaerung\/#breadcrumb"},"inLanguage":"de","potentialAction":[{"@type":"ReadAction","target":["https:\/\/now-news.de\/de\/deutschland\/katalanische-politiker-mit-pegasus-software-ausspioniert-regionalregierung-fordert-aufklaerung\/"]}]},{"@type":"ImageObject","inLanguage":"de","@id":"https:\/\/now-news.de\/de\/deutschland\/katalanische-politiker-mit-pegasus-software-ausspioniert-regionalregierung-fordert-aufklaerung\/#primaryimage","url":"https:\/\/now-news.de\/de\/wp-content\/uploads\/sites\/3\/2022\/04\/Katalanische-Politiker-mit-Pegasus-Software-ausspioniert-\u2013-Regionalregierung-fordert-Aufklaerung.jpg","contentUrl":"https:\/\/now-news.de\/de\/wp-content\/uploads\/sites\/3\/2022\/04\/Katalanische-Politiker-mit-Pegasus-Software-ausspioniert-\u2013-Regionalregierung-fordert-Aufklaerung.jpg","width":1104,"height":622,"caption":"Katalanische Politiker mit Pegasus-Software ausspioniert \u2013 Regionalregierung fordert Aufkl\u00e4rung"},{"@type":"BreadcrumbList","@id":"https:\/\/now-news.de\/de\/deutschland\/katalanische-politiker-mit-pegasus-software-ausspioniert-regionalregierung-fordert-aufklaerung\/#breadcrumb","itemListElement":[{"@type":"ListItem","position":1,"name":"Home","item":"https:\/\/now-news.de\/de\/"},{"@type":"ListItem","position":2,"name":"Katalanische Politiker mit Pegasus-Software ausspioniert \u2013 Regionalregierung fordert Aufkl\u00e4rung"}]},{"@type":"WebSite","@id":"https:\/\/now-news.de\/de\/#website","url":"https:\/\/now-news.de\/de\/","name":"just-now.NEWS Deutschland","description":"Das Portal f\u00fcr unzensierte Nachrichten aus der Welt","publisher":{"@id":"https:\/\/now-news.de\/de\/#organization"},"potentialAction":[{"@type":"SearchAction","target":{"@type":"EntryPoint","urlTemplate":"https:\/\/now-news.de\/de\/?s={search_term_string}"},"query-input":"required name=search_term_string"}],"inLanguage":"de"},{"@type":"Organization","@id":"https:\/\/now-news.de\/de\/#organization","name":"Just Now News","url":"https:\/\/now-news.de\/de\/","logo":{"@type":"ImageObject","inLanguage":"de","@id":"https:\/\/now-news.de\/de\/#\/schema\/logo\/image\/","url":"http:\/\/just-now.news\/de\/wp-content\/uploads\/sites\/3\/2022\/04\/logo500x500.jpg","contentUrl":"http:\/\/just-now.news\/de\/wp-content\/uploads\/sites\/3\/2022\/04\/logo500x500.jpg","width":500,"height":500,"caption":"Just Now News"},"image":{"@id":"https:\/\/now-news.de\/de\/#\/schema\/logo\/image\/"},"sameAs":["https:\/\/www.facebook.com\/wirmachenauf","https:\/\/x.com\/WirMachenAuf_de"]},{"@type":"Person","@id":"https:\/\/now-news.de\/de\/#\/schema\/person\/fb534a4e865501d8b3285208df34a9b5","name":"rtnews","image":{"@type":"ImageObject","inLanguage":"de","@id":"https:\/\/now-news.de\/de\/#\/schema\/person\/image\/","url":"https:\/\/secure.gravatar.com\/avatar\/82aafea7d8127119dd649515f56e2117?s=96&d=mm&r=g","contentUrl":"https:\/\/secure.gravatar.com\/avatar\/82aafea7d8127119dd649515f56e2117?s=96&d=mm&r=g","caption":"rtnews"},"url":"https:\/\/now-news.de\/de\/author\/rnews\/"}]}},"_links":{"self":[{"href":"https:\/\/now-news.de\/de\/wp-json\/wp\/v2\/posts\/2009"}],"collection":[{"href":"https:\/\/now-news.de\/de\/wp-json\/wp\/v2\/posts"}],"about":[{"href":"https:\/\/now-news.de\/de\/wp-json\/wp\/v2\/types\/post"}],"author":[{"embeddable":true,"href":"https:\/\/now-news.de\/de\/wp-json\/wp\/v2\/users\/3"}],"replies":[{"embeddable":true,"href":"https:\/\/now-news.de\/de\/wp-json\/wp\/v2\/comments?post=2009"}],"version-history":[{"count":0,"href":"https:\/\/now-news.de\/de\/wp-json\/wp\/v2\/posts\/2009\/revisions"}],"wp:featuredmedia":[{"embeddable":true,"href":"https:\/\/now-news.de\/de\/wp-json\/wp\/v2\/media\/2010"}],"wp:attachment":[{"href":"https:\/\/now-news.de\/de\/wp-json\/wp\/v2\/media?parent=2009"}],"wp:term":[{"taxonomy":"category","embeddable":true,"href":"https:\/\/now-news.de\/de\/wp-json\/wp\/v2\/categories?post=2009"},{"taxonomy":"post_tag","embeddable":true,"href":"https:\/\/now-news.de\/de\/wp-json\/wp\/v2\/tags?post=2009"}],"curies":[{"name":"wp","href":"https:\/\/api.w.org\/{rel}","templated":true}]}}