{"id":20056,"date":"2022-09-29T20:18:24","date_gmt":"2022-09-29T18:18:24","guid":{"rendered":"http:\/\/just-now.news\/de\/deutschland\/faeser-warnt-vor-anschlaegen-auf-kritische-infrastruktur-in-deutschland-die-bundeswehr-uebt-sie\/"},"modified":"2022-09-29T20:18:24","modified_gmt":"2022-09-29T18:18:24","slug":"faeser-warnt-vor-anschlaegen-auf-kritische-infrastruktur-in-deutschland-die-bundeswehr-uebt-sie","status":"publish","type":"post","link":"https:\/\/now-news.de\/de\/deutschland\/faeser-warnt-vor-anschlaegen-auf-kritische-infrastruktur-in-deutschland-die-bundeswehr-uebt-sie\/","title":{"rendered":"Faeser warnt vor Anschl\u00e4gen auf kritische Infrastruktur in Deutschland \u2013 Die Bundeswehr \u00fcbt sie"},"content":{"rendered":"<p><img decoding=\"async\" src=\"http:\/\/just-now.news\/de\/wp-content\/uploads\/sites\/3\/2022\/09\/6335b809b480cc64826f4740.jpg\" \/><\/p>\n<div class=\"Text-root Text-type_1 \">\n                Nach den Sabotageakten an den beiden Ostsee-Pipelines Nord Stream 1 und 2 warnt Bundesinnenministerin Nancy Faeser, man m\u00fcsse sich auch hierzulande &#8220;auf Szenarien einstellen, die bis vor kurzem kaum denkbar waren&#8221;. Szenarien, die die Bundeswehr im nieders\u00e4chsischen Landkreis Peine bereits \u00fcbt.\n            <\/div>\n<p><\/p>\n<div class=\"Text-root Text-type_5 ArticleView-text ViewText-root \">\n<p>Beinahe alle politischen Akteure gehen davon aus, dass die\u00a0Gaslecks an den beiden Nord Stream-Pipelines die Folge eines Sabotageaktes sind.\u00a0Darauf deuteten alle verf\u00fcgbaren Informationen hin, sagte der EU-Au\u00dfenbeauftragte Josep Borrell am Mittwoch. Auf &#8220;vors\u00e4tzliche St\u00f6rungen&#8221; der europ\u00e4ischen Infrastruktur werde die EU\u00a0&#8220;robust und geeint&#8221; reagieren. In Deutschland r\u00fcckt nach dem mutma\u00dflichen Sabotageakt derweil die Sicherheit von strategischer Infrastruktur in den Fokus.<\/p>\n<p>&#8220;Der Schutz unserer kritischen Infrastruktur hat h\u00f6chste Priorit\u00e4t&#8221;, erkl\u00e4rte Faeser (SPD) am Mittwoch auf Twitter und machte\u00a0zugleich auf die Gefahren f\u00fcr Deutschland aufmerksam: &#8220;Wir sehen erneut, wie stark \u00e4u\u00dfere und innere Sicherheit zusammenh\u00e4ngen. Wir m\u00fcssen uns auf Szenarien einstellen, die bis vor kurzem kaum denkbar waren. Das erfordert starke Sicherheitsbeh\u00f6rden mit den notwendigen Mitteln und Befugnissen.&#8221; Doch wie hoch ist die Gefahr f\u00fcr Anschl\u00e4ge auf Versorgungsleitungen, Industriekomplexe oder etwaige andere Anlagen, die zur kritischen Infrastruktur z\u00e4hlen, in Deutschland wirklich?<\/p>\n<div class=\"EmbedBlock-root EmbedBlock-twitter\">\n<div class=\"TwitterEmbed\">\n<blockquote class=\"twitter-tweet lazyload\" data-twitter=\"twitter-tweet\">\n<p lang=\"de\" dir=\"ltr\">Die mutma\u00dflichen Sabotageakte an den <a rel=\"nofollow noopener\" target=\"_blank\" href=\"https:\/\/twitter.com\/hashtag\/NordStream?src=hash&amp;ref_src=twsrc%5Etfw\">#NordStream<\/a>-Pipelines m\u00fcssen schnell und umfassend aufgekl\u00e4rt werden, auch wenn das in der Meerestiefe und bei weiter austretendem Gas schwierig wird. Die Beh\u00f6rden in D\u00e4nemark und Schweden ermitteln und wir stehen in engem Kontakt.<\/p>\n<p>\u2014 Nancy Faeser (@NancyFaeser) <a rel=\"nofollow noopener\" target=\"_blank\" href=\"https:\/\/twitter.com\/NancyFaeser\/status\/1575157073276452867?ref_src=twsrc%5Etfw\">September 28, 2022<\/a><\/p><\/blockquote>\n<\/div>\n<\/div>\n<p>Aus dem Innenministerium hie\u00df es am Mittwoch auf einer Pressekonferenz, dass nach Einsch\u00e4tzung der Sicherheitsbeh\u00f6rden derzeit keine konkrete Gef\u00e4hrdungslage f\u00fcr die Infrastruktur vorl\u00e4ge, eine abstrakte Gef\u00e4hrdungslage jedoch bereits seit Kriegsbeginn anzunehmen sei. Wie <em>BILD<\/em> berichtet,\u00a0spreche man in der Bundesregierung Sicherheitsexperten zufolge\u00a0nach den Anschl\u00e4gen aber von &#8220;gewachsener Sorge&#8221;.<\/p>\n<p>&#8220;Der mutma\u00dfliche Sabotageakt an den Ostsee-Pipelines f\u00fchrt uns erneut vor Augen, dass wir auf kritische Infrastruktur angewiesen sind\u00a0\u2013 auch unter Wasser&#8221;, mahnte Faeser. &#8220;Die Umst\u00e4nde dieses beunruhigenden Ereignisses m\u00fcssen nun schnell gekl\u00e4rt und die Verantwortlichen identifiziert werden.&#8221; Sie habe vereinbart, Informationen mit Partnerl\u00e4ndern zu teilen. Die Bundeswehr werde sich in die Aufkl\u00e4rung einbringen.<\/p>\n<h4>Bundeswehr \u00fcbt Anschlag auf Industriekomplex<\/h4>\n<p>Nahezu zeitgleich zu den Warnungen Faesers vor einem in Deutschland wom\u00f6glich drohenden Anschlag auf die kritische Infrastruktur startete nahe der nieders\u00e4chsischen Stadt Peine am Mittwoch ein dreit\u00e4giges Man\u00f6ver der Bundeswehr. &#8220;Angriff auf einen Industriekomplex nach Anlandung mit Hubschraubern in mehreren Wellen&#8221; hei\u00dft das Szenario, in dem eine\u00a0Bedrohungslage f\u00fcr ein dort ans\u00e4ssiges Kraftwerk inszeniert wird. Wie der Landkreis Peine \u00fcber seine Website <a rel=\"nofollow noopener\" target=\"_blank\" href=\"https:\/\/www.landkreis-peine.de\/Kurzmen%C3%BC\/Startseite\/%C3%9Cbung-der-Bundeswehr-in-der-Gemeinde-Hohenhameln-vom-28-bis-30-September.php?object=tx,3583.5.1&amp;ModID=7&amp;FID=3583.23210.1\">mitteilte<\/a>, sind bei der \u00dcbung rund 50 Soldaten sowie mehrere Hubschrauber und Milit\u00e4rfahrzeuge im Einsatz.\u00a0<\/p>\n<p>Nach Angaben der <em>Peiner Allgemeinen Zeitung<\/em>\u00a0 (<em><a rel=\"nofollow noopener\" target=\"_blank\" href=\"https:\/\/www.paz-online.de\/lokales\/peine-lk\/peine\/bundeswehr-plant-offenbar-spektakulaere-gefechtsuebung-im-kreis-peine-I4KRYE6S7V3OWZ2HC67FW223PQ.html\">PAZ<\/a><\/em>)\u00a0handele es bei dem Man\u00f6ver demnach um eine \u00dcbung der Marine, an der neben der <a rel=\"nofollow noopener\" target=\"_blank\" href=\"https:\/\/www.bundeswehr.de\/de\/organisation\/marine\/organisation\/einsatzflottille-1\/seebataillon\">K\u00fcsteneinsatzkompanie<\/a>\u00a0auch Soldaten der in Hessen beheimateten Division &#8220;<a rel=\"nofollow noopener\" target=\"_blank\" href=\"https:\/\/www.bundeswehr.de\/de\/organisation\/heer\/organisation\/division-schnelle-kraefte\">Schnelle Kr\u00e4fte<\/a>&#8221; (DSK)\u00a0teilnehmen sollen.\u00a0Aber warum wird gerade dort ge\u00fcbt? &#8220;Das liegt daran, dass die wassernahe Infrastruktur besonders geeignet f\u00fcr das geplante Szenario ist&#8221;, erkl\u00e4rte eine Sprecherin der Bundeswehr der <em>PAZ<\/em>. Vor dem Hintergrund des\u00a0mutma\u00dflichen Anschlags auf die Gaspipelines in der Ostsee erh\u00e4lt das Man\u00f6ver nun eine ungeahnte Brisanz.<\/p>\n<p>Brisant an dieser \u00dcbung ist auch, dass der Landkreis Peine angesichts des zurzeit stattfindenden Bundeswehrman\u00f6vers eine Warnung an die Bev\u00f6lkerung aussprach, von Fahrzeugen, Hubschraubern und den teilnehmenden Personen Abstand zu halten und etwaige Man\u00f6vermunitionsfunde nicht anzufassen oder zu bewegen, sondern der Polizei zu melden.\u00a0Mit scharfer Munition werde aber nicht geschossen, beschwichtigte die Bundeswehr. Weshalb diese Anweisung an die Bev\u00f6lkerung erging, bleibt indes jedoch unklar.\u00a0<\/p>\n<p><strong>Mehr zum Thema\u00a0\u2013\u00a0<\/strong><a rel=\"nofollow noopener\" target=\"_blank\" href=\"https:\/\/test.rtde.tech\/meinung\/150028-sabotage-bei-nord-stream-kampftaucher\/\">Wer hat die Nord Stream-R\u00f6hren sabotiert? Die Liste der Verd\u00e4chtigen ist vergleichsweise kurz<\/a><\/p>\n<\/div>\n<p><script async src=\"https:\/\/platform.twitter.com\/widgets.js\" charset=\"utf-8\"><\/script><br \/>\n<br \/><br \/>\n<br \/><a href=\"https:\/\/de.rt.com\/inland\/150226-faeser-warnt-vor-anschlagen-auf\/\">Source link <\/a><\/p>\n","protected":false},"excerpt":{"rendered":"<p>Nach den Sabotageakten an den beiden Ostsee-Pipelines Nord Stream 1 und 2 warnt Bundesinnenministerin Nancy Faeser, man m\u00fcsse sich auch hierzulande &#8220;auf Szenarien einstellen, die bis vor kurzem kaum denkbar waren&#8221;. Szenarien, die die Bundeswehr im nieders\u00e4chsischen Landkreis Peine bereits \u00fcbt. Beinahe alle politischen Akteure gehen davon aus, dass die\u00a0Gaslecks an den beiden Nord Stream-Pipelines [&hellip;]<\/p>\n","protected":false},"author":3,"featured_media":20057,"comment_status":"open","ping_status":"open","sticky":false,"template":"","format":"standard","meta":{"wp_automatic_camp":["217"],"6f49fd12194f7dab8d4519fc1e51b3b5":["Faeser warnt vor Anschl\u00e4gen auf kritische Infrastruktur in Deutschland \u2013 Die Bundeswehr \u00fcbt sie"],"original_link":["https:\/\/de.rt.com\/inland\/150226-faeser-warnt-vor-anschlagen-auf\/"],"_thumbnail_id":["20057"],"jnews_social_counter_last_update":["1777753587"]},"categories":[19,23],"tags":[3234,133,12292,179,45,16802,7953,4137,527,25668,320,912],"yoast_head":"<!-- This site is optimized with the Yoast SEO Premium plugin v22.7 (Yoast SEO v22.7) - https:\/\/yoast.com\/wordpress\/plugins\/seo\/ -->\n<title>Faeser warnt vor Anschl\u00e4gen auf kritische Infrastruktur in Deutschland \u2013 Die Bundeswehr \u00fcbt sie - just-now.NEWS Deutschland<\/title>\n<meta name=\"robots\" content=\"index, follow, max-snippet:-1, max-image-preview:large, max-video-preview:-1\" \/>\n<link rel=\"canonical\" href=\"https:\/\/now-news.de\/de\/deutschland\/faeser-warnt-vor-anschlaegen-auf-kritische-infrastruktur-in-deutschland-die-bundeswehr-uebt-sie\/\" \/>\n<meta property=\"og:locale\" content=\"de_DE\" \/>\n<meta property=\"og:type\" content=\"article\" \/>\n<meta property=\"og:title\" content=\"Faeser warnt vor Anschl\u00e4gen auf kritische Infrastruktur in Deutschland \u2013 Die Bundeswehr \u00fcbt sie\" \/>\n<meta property=\"og:description\" content=\"Nach den Sabotageakten an den beiden Ostsee-Pipelines Nord Stream 1 und 2 warnt Bundesinnenministerin Nancy Faeser, man m\u00fcsse sich auch hierzulande &#8220;auf Szenarien einstellen, die bis vor kurzem kaum denkbar waren&#8221;. Szenarien, die die Bundeswehr im nieders\u00e4chsischen Landkreis Peine bereits \u00fcbt. Beinahe alle politischen Akteure gehen davon aus, dass die\u00a0Gaslecks an den beiden Nord Stream-Pipelines [&hellip;]\" \/>\n<meta property=\"og:url\" content=\"https:\/\/now-news.de\/de\/deutschland\/faeser-warnt-vor-anschlaegen-auf-kritische-infrastruktur-in-deutschland-die-bundeswehr-uebt-sie\/\" \/>\n<meta property=\"og:site_name\" content=\"just-now.NEWS Deutschland\" \/>\n<meta property=\"article:publisher\" content=\"https:\/\/www.facebook.com\/wirmachenauf\" \/>\n<meta property=\"article:published_time\" content=\"2022-09-29T18:18:24+00:00\" \/>\n<meta property=\"og:image\" content=\"https:\/\/now-news.de\/de\/wp-content\/uploads\/sites\/3\/2022\/09\/Faeser-warnt-vor-Anschlaegen-auf-kritische-Infrastruktur-in-Deutschland-\u2013.jpg\" \/>\n\t<meta property=\"og:image:width\" content=\"460\" \/>\n\t<meta property=\"og:image:height\" content=\"259\" \/>\n\t<meta property=\"og:image:type\" content=\"image\/jpeg\" \/>\n<meta name=\"author\" content=\"rtnews\" \/>\n<meta name=\"twitter:card\" content=\"summary_large_image\" \/>\n<meta name=\"twitter:creator\" content=\"@WirMachenAuf_de\" \/>\n<meta name=\"twitter:site\" content=\"@WirMachenAuf_de\" \/>\n<meta name=\"twitter:label1\" content=\"Verfasst von\" \/>\n\t<meta name=\"twitter:data1\" content=\"rtnews\" \/>\n\t<meta name=\"twitter:label2\" content=\"Gesch\u00e4tzte Lesezeit\" \/>\n\t<meta name=\"twitter:data2\" content=\"3\u00a0Minuten\" \/>\n<script type=\"application\/ld+json\" class=\"yoast-schema-graph\">{\"@context\":\"https:\/\/schema.org\",\"@graph\":[{\"@type\":\"Article\",\"@id\":\"https:\/\/now-news.de\/de\/deutschland\/faeser-warnt-vor-anschlaegen-auf-kritische-infrastruktur-in-deutschland-die-bundeswehr-uebt-sie\/#article\",\"isPartOf\":{\"@id\":\"https:\/\/now-news.de\/de\/deutschland\/faeser-warnt-vor-anschlaegen-auf-kritische-infrastruktur-in-deutschland-die-bundeswehr-uebt-sie\/\"},\"author\":{\"name\":\"rtnews\",\"@id\":\"https:\/\/now-news.de\/de\/#\/schema\/person\/fb534a4e865501d8b3285208df34a9b5\"},\"headline\":\"Faeser warnt vor Anschl\u00e4gen auf kritische Infrastruktur in Deutschland \u2013 Die Bundeswehr \u00fcbt sie\",\"datePublished\":\"2022-09-29T18:18:24+00:00\",\"dateModified\":\"2022-09-29T18:18:24+00:00\",\"mainEntityOfPage\":{\"@id\":\"https:\/\/now-news.de\/de\/deutschland\/faeser-warnt-vor-anschlaegen-auf-kritische-infrastruktur-in-deutschland-die-bundeswehr-uebt-sie\/\"},\"wordCount\":647,\"commentCount\":0,\"publisher\":{\"@id\":\"https:\/\/now-news.de\/de\/#organization\"},\"image\":{\"@id\":\"https:\/\/now-news.de\/de\/deutschland\/faeser-warnt-vor-anschlaegen-auf-kritische-infrastruktur-in-deutschland-die-bundeswehr-uebt-sie\/#primaryimage\"},\"thumbnailUrl\":\"https:\/\/now-news.de\/de\/wp-content\/uploads\/sites\/3\/2022\/09\/Faeser-warnt-vor-Anschlaegen-auf-kritische-Infrastruktur-in-Deutschland-\u2013.jpg\",\"keywords\":[\"Anschl\u00e4gen\",\"AUF\",\"Bundeswehr\",\"Deutschland\",\"die\",\"Faeser\",\"Infrastruktur\",\"kritische\",\"Sie\",\"\u00fcbt\",\"vor\",\"warnt\"],\"articleSection\":[\"Deutschland\",\"Russland\"],\"inLanguage\":\"de\",\"potentialAction\":[{\"@type\":\"CommentAction\",\"name\":\"Comment\",\"target\":[\"https:\/\/now-news.de\/de\/deutschland\/faeser-warnt-vor-anschlaegen-auf-kritische-infrastruktur-in-deutschland-die-bundeswehr-uebt-sie\/#respond\"]}]},{\"@type\":\"WebPage\",\"@id\":\"https:\/\/now-news.de\/de\/deutschland\/faeser-warnt-vor-anschlaegen-auf-kritische-infrastruktur-in-deutschland-die-bundeswehr-uebt-sie\/\",\"url\":\"https:\/\/now-news.de\/de\/deutschland\/faeser-warnt-vor-anschlaegen-auf-kritische-infrastruktur-in-deutschland-die-bundeswehr-uebt-sie\/\",\"name\":\"Faeser warnt vor Anschl\u00e4gen auf kritische Infrastruktur in Deutschland \u2013 Die Bundeswehr \u00fcbt sie - just-now.NEWS Deutschland\",\"isPartOf\":{\"@id\":\"https:\/\/now-news.de\/de\/#website\"},\"primaryImageOfPage\":{\"@id\":\"https:\/\/now-news.de\/de\/deutschland\/faeser-warnt-vor-anschlaegen-auf-kritische-infrastruktur-in-deutschland-die-bundeswehr-uebt-sie\/#primaryimage\"},\"image\":{\"@id\":\"https:\/\/now-news.de\/de\/deutschland\/faeser-warnt-vor-anschlaegen-auf-kritische-infrastruktur-in-deutschland-die-bundeswehr-uebt-sie\/#primaryimage\"},\"thumbnailUrl\":\"https:\/\/now-news.de\/de\/wp-content\/uploads\/sites\/3\/2022\/09\/Faeser-warnt-vor-Anschlaegen-auf-kritische-Infrastruktur-in-Deutschland-\u2013.jpg\",\"datePublished\":\"2022-09-29T18:18:24+00:00\",\"dateModified\":\"2022-09-29T18:18:24+00:00\",\"breadcrumb\":{\"@id\":\"https:\/\/now-news.de\/de\/deutschland\/faeser-warnt-vor-anschlaegen-auf-kritische-infrastruktur-in-deutschland-die-bundeswehr-uebt-sie\/#breadcrumb\"},\"inLanguage\":\"de\",\"potentialAction\":[{\"@type\":\"ReadAction\",\"target\":[\"https:\/\/now-news.de\/de\/deutschland\/faeser-warnt-vor-anschlaegen-auf-kritische-infrastruktur-in-deutschland-die-bundeswehr-uebt-sie\/\"]}]},{\"@type\":\"ImageObject\",\"inLanguage\":\"de\",\"@id\":\"https:\/\/now-news.de\/de\/deutschland\/faeser-warnt-vor-anschlaegen-auf-kritische-infrastruktur-in-deutschland-die-bundeswehr-uebt-sie\/#primaryimage\",\"url\":\"https:\/\/now-news.de\/de\/wp-content\/uploads\/sites\/3\/2022\/09\/Faeser-warnt-vor-Anschlaegen-auf-kritische-Infrastruktur-in-Deutschland-\u2013.jpg\",\"contentUrl\":\"https:\/\/now-news.de\/de\/wp-content\/uploads\/sites\/3\/2022\/09\/Faeser-warnt-vor-Anschlaegen-auf-kritische-Infrastruktur-in-Deutschland-\u2013.jpg\",\"width\":460,\"height\":259,\"caption\":\"Faeser warnt vor Anschl\u00e4gen auf kritische Infrastruktur in Deutschland \u2013 Die Bundeswehr \u00fcbt sie\"},{\"@type\":\"BreadcrumbList\",\"@id\":\"https:\/\/now-news.de\/de\/deutschland\/faeser-warnt-vor-anschlaegen-auf-kritische-infrastruktur-in-deutschland-die-bundeswehr-uebt-sie\/#breadcrumb\",\"itemListElement\":[{\"@type\":\"ListItem\",\"position\":1,\"name\":\"Home\",\"item\":\"https:\/\/now-news.de\/de\/\"},{\"@type\":\"ListItem\",\"position\":2,\"name\":\"Faeser warnt vor Anschl\u00e4gen auf kritische Infrastruktur in Deutschland \u2013 Die Bundeswehr \u00fcbt sie\"}]},{\"@type\":\"WebSite\",\"@id\":\"https:\/\/now-news.de\/de\/#website\",\"url\":\"https:\/\/now-news.de\/de\/\",\"name\":\"just-now.NEWS Deutschland\",\"description\":\"Das Portal f\u00fcr unzensierte Nachrichten aus der Welt\",\"publisher\":{\"@id\":\"https:\/\/now-news.de\/de\/#organization\"},\"potentialAction\":[{\"@type\":\"SearchAction\",\"target\":{\"@type\":\"EntryPoint\",\"urlTemplate\":\"https:\/\/now-news.de\/de\/?s={search_term_string}\"},\"query-input\":\"required name=search_term_string\"}],\"inLanguage\":\"de\"},{\"@type\":\"Organization\",\"@id\":\"https:\/\/now-news.de\/de\/#organization\",\"name\":\"Just Now News\",\"url\":\"https:\/\/now-news.de\/de\/\",\"logo\":{\"@type\":\"ImageObject\",\"inLanguage\":\"de\",\"@id\":\"https:\/\/now-news.de\/de\/#\/schema\/logo\/image\/\",\"url\":\"http:\/\/just-now.news\/de\/wp-content\/uploads\/sites\/3\/2022\/04\/logo500x500.jpg\",\"contentUrl\":\"http:\/\/just-now.news\/de\/wp-content\/uploads\/sites\/3\/2022\/04\/logo500x500.jpg\",\"width\":500,\"height\":500,\"caption\":\"Just Now News\"},\"image\":{\"@id\":\"https:\/\/now-news.de\/de\/#\/schema\/logo\/image\/\"},\"sameAs\":[\"https:\/\/www.facebook.com\/wirmachenauf\",\"https:\/\/x.com\/WirMachenAuf_de\"]},{\"@type\":\"Person\",\"@id\":\"https:\/\/now-news.de\/de\/#\/schema\/person\/fb534a4e865501d8b3285208df34a9b5\",\"name\":\"rtnews\",\"image\":{\"@type\":\"ImageObject\",\"inLanguage\":\"de\",\"@id\":\"https:\/\/now-news.de\/de\/#\/schema\/person\/image\/\",\"url\":\"https:\/\/secure.gravatar.com\/avatar\/82aafea7d8127119dd649515f56e2117?s=96&d=mm&r=g\",\"contentUrl\":\"https:\/\/secure.gravatar.com\/avatar\/82aafea7d8127119dd649515f56e2117?s=96&d=mm&r=g\",\"caption\":\"rtnews\"},\"url\":\"https:\/\/now-news.de\/de\/author\/rnews\/\"}]}<\/script>\n<!-- \/ Yoast SEO Premium plugin. -->","yoast_head_json":{"title":"Faeser warnt vor Anschl\u00e4gen auf kritische Infrastruktur in Deutschland \u2013 Die Bundeswehr \u00fcbt sie - just-now.NEWS Deutschland","robots":{"index":"index","follow":"follow","max-snippet":"max-snippet:-1","max-image-preview":"max-image-preview:large","max-video-preview":"max-video-preview:-1"},"canonical":"https:\/\/now-news.de\/de\/deutschland\/faeser-warnt-vor-anschlaegen-auf-kritische-infrastruktur-in-deutschland-die-bundeswehr-uebt-sie\/","og_locale":"de_DE","og_type":"article","og_title":"Faeser warnt vor Anschl\u00e4gen auf kritische Infrastruktur in Deutschland \u2013 Die Bundeswehr \u00fcbt sie","og_description":"Nach den Sabotageakten an den beiden Ostsee-Pipelines Nord Stream 1 und 2 warnt Bundesinnenministerin Nancy Faeser, man m\u00fcsse sich auch hierzulande &#8220;auf Szenarien einstellen, die bis vor kurzem kaum denkbar waren&#8221;. Szenarien, die die Bundeswehr im nieders\u00e4chsischen Landkreis Peine bereits \u00fcbt. Beinahe alle politischen Akteure gehen davon aus, dass die\u00a0Gaslecks an den beiden Nord Stream-Pipelines [&hellip;]","og_url":"https:\/\/now-news.de\/de\/deutschland\/faeser-warnt-vor-anschlaegen-auf-kritische-infrastruktur-in-deutschland-die-bundeswehr-uebt-sie\/","og_site_name":"just-now.NEWS Deutschland","article_publisher":"https:\/\/www.facebook.com\/wirmachenauf","article_published_time":"2022-09-29T18:18:24+00:00","og_image":[{"width":460,"height":259,"url":"https:\/\/now-news.de\/de\/wp-content\/uploads\/sites\/3\/2022\/09\/Faeser-warnt-vor-Anschlaegen-auf-kritische-Infrastruktur-in-Deutschland-\u2013.jpg","type":"image\/jpeg"}],"author":"rtnews","twitter_card":"summary_large_image","twitter_creator":"@WirMachenAuf_de","twitter_site":"@WirMachenAuf_de","twitter_misc":{"Verfasst von":"rtnews","Gesch\u00e4tzte Lesezeit":"3\u00a0Minuten"},"schema":{"@context":"https:\/\/schema.org","@graph":[{"@type":"Article","@id":"https:\/\/now-news.de\/de\/deutschland\/faeser-warnt-vor-anschlaegen-auf-kritische-infrastruktur-in-deutschland-die-bundeswehr-uebt-sie\/#article","isPartOf":{"@id":"https:\/\/now-news.de\/de\/deutschland\/faeser-warnt-vor-anschlaegen-auf-kritische-infrastruktur-in-deutschland-die-bundeswehr-uebt-sie\/"},"author":{"name":"rtnews","@id":"https:\/\/now-news.de\/de\/#\/schema\/person\/fb534a4e865501d8b3285208df34a9b5"},"headline":"Faeser warnt vor Anschl\u00e4gen auf kritische Infrastruktur in Deutschland \u2013 Die Bundeswehr \u00fcbt sie","datePublished":"2022-09-29T18:18:24+00:00","dateModified":"2022-09-29T18:18:24+00:00","mainEntityOfPage":{"@id":"https:\/\/now-news.de\/de\/deutschland\/faeser-warnt-vor-anschlaegen-auf-kritische-infrastruktur-in-deutschland-die-bundeswehr-uebt-sie\/"},"wordCount":647,"commentCount":0,"publisher":{"@id":"https:\/\/now-news.de\/de\/#organization"},"image":{"@id":"https:\/\/now-news.de\/de\/deutschland\/faeser-warnt-vor-anschlaegen-auf-kritische-infrastruktur-in-deutschland-die-bundeswehr-uebt-sie\/#primaryimage"},"thumbnailUrl":"https:\/\/now-news.de\/de\/wp-content\/uploads\/sites\/3\/2022\/09\/Faeser-warnt-vor-Anschlaegen-auf-kritische-Infrastruktur-in-Deutschland-\u2013.jpg","keywords":["Anschl\u00e4gen","AUF","Bundeswehr","Deutschland","die","Faeser","Infrastruktur","kritische","Sie","\u00fcbt","vor","warnt"],"articleSection":["Deutschland","Russland"],"inLanguage":"de","potentialAction":[{"@type":"CommentAction","name":"Comment","target":["https:\/\/now-news.de\/de\/deutschland\/faeser-warnt-vor-anschlaegen-auf-kritische-infrastruktur-in-deutschland-die-bundeswehr-uebt-sie\/#respond"]}]},{"@type":"WebPage","@id":"https:\/\/now-news.de\/de\/deutschland\/faeser-warnt-vor-anschlaegen-auf-kritische-infrastruktur-in-deutschland-die-bundeswehr-uebt-sie\/","url":"https:\/\/now-news.de\/de\/deutschland\/faeser-warnt-vor-anschlaegen-auf-kritische-infrastruktur-in-deutschland-die-bundeswehr-uebt-sie\/","name":"Faeser warnt vor Anschl\u00e4gen auf kritische Infrastruktur in Deutschland \u2013 Die Bundeswehr \u00fcbt sie - just-now.NEWS Deutschland","isPartOf":{"@id":"https:\/\/now-news.de\/de\/#website"},"primaryImageOfPage":{"@id":"https:\/\/now-news.de\/de\/deutschland\/faeser-warnt-vor-anschlaegen-auf-kritische-infrastruktur-in-deutschland-die-bundeswehr-uebt-sie\/#primaryimage"},"image":{"@id":"https:\/\/now-news.de\/de\/deutschland\/faeser-warnt-vor-anschlaegen-auf-kritische-infrastruktur-in-deutschland-die-bundeswehr-uebt-sie\/#primaryimage"},"thumbnailUrl":"https:\/\/now-news.de\/de\/wp-content\/uploads\/sites\/3\/2022\/09\/Faeser-warnt-vor-Anschlaegen-auf-kritische-Infrastruktur-in-Deutschland-\u2013.jpg","datePublished":"2022-09-29T18:18:24+00:00","dateModified":"2022-09-29T18:18:24+00:00","breadcrumb":{"@id":"https:\/\/now-news.de\/de\/deutschland\/faeser-warnt-vor-anschlaegen-auf-kritische-infrastruktur-in-deutschland-die-bundeswehr-uebt-sie\/#breadcrumb"},"inLanguage":"de","potentialAction":[{"@type":"ReadAction","target":["https:\/\/now-news.de\/de\/deutschland\/faeser-warnt-vor-anschlaegen-auf-kritische-infrastruktur-in-deutschland-die-bundeswehr-uebt-sie\/"]}]},{"@type":"ImageObject","inLanguage":"de","@id":"https:\/\/now-news.de\/de\/deutschland\/faeser-warnt-vor-anschlaegen-auf-kritische-infrastruktur-in-deutschland-die-bundeswehr-uebt-sie\/#primaryimage","url":"https:\/\/now-news.de\/de\/wp-content\/uploads\/sites\/3\/2022\/09\/Faeser-warnt-vor-Anschlaegen-auf-kritische-Infrastruktur-in-Deutschland-\u2013.jpg","contentUrl":"https:\/\/now-news.de\/de\/wp-content\/uploads\/sites\/3\/2022\/09\/Faeser-warnt-vor-Anschlaegen-auf-kritische-Infrastruktur-in-Deutschland-\u2013.jpg","width":460,"height":259,"caption":"Faeser warnt vor Anschl\u00e4gen auf kritische Infrastruktur in Deutschland \u2013 Die Bundeswehr \u00fcbt sie"},{"@type":"BreadcrumbList","@id":"https:\/\/now-news.de\/de\/deutschland\/faeser-warnt-vor-anschlaegen-auf-kritische-infrastruktur-in-deutschland-die-bundeswehr-uebt-sie\/#breadcrumb","itemListElement":[{"@type":"ListItem","position":1,"name":"Home","item":"https:\/\/now-news.de\/de\/"},{"@type":"ListItem","position":2,"name":"Faeser warnt vor Anschl\u00e4gen auf kritische Infrastruktur in Deutschland \u2013 Die Bundeswehr \u00fcbt sie"}]},{"@type":"WebSite","@id":"https:\/\/now-news.de\/de\/#website","url":"https:\/\/now-news.de\/de\/","name":"just-now.NEWS Deutschland","description":"Das Portal f\u00fcr unzensierte Nachrichten aus der Welt","publisher":{"@id":"https:\/\/now-news.de\/de\/#organization"},"potentialAction":[{"@type":"SearchAction","target":{"@type":"EntryPoint","urlTemplate":"https:\/\/now-news.de\/de\/?s={search_term_string}"},"query-input":"required name=search_term_string"}],"inLanguage":"de"},{"@type":"Organization","@id":"https:\/\/now-news.de\/de\/#organization","name":"Just Now News","url":"https:\/\/now-news.de\/de\/","logo":{"@type":"ImageObject","inLanguage":"de","@id":"https:\/\/now-news.de\/de\/#\/schema\/logo\/image\/","url":"http:\/\/just-now.news\/de\/wp-content\/uploads\/sites\/3\/2022\/04\/logo500x500.jpg","contentUrl":"http:\/\/just-now.news\/de\/wp-content\/uploads\/sites\/3\/2022\/04\/logo500x500.jpg","width":500,"height":500,"caption":"Just Now News"},"image":{"@id":"https:\/\/now-news.de\/de\/#\/schema\/logo\/image\/"},"sameAs":["https:\/\/www.facebook.com\/wirmachenauf","https:\/\/x.com\/WirMachenAuf_de"]},{"@type":"Person","@id":"https:\/\/now-news.de\/de\/#\/schema\/person\/fb534a4e865501d8b3285208df34a9b5","name":"rtnews","image":{"@type":"ImageObject","inLanguage":"de","@id":"https:\/\/now-news.de\/de\/#\/schema\/person\/image\/","url":"https:\/\/secure.gravatar.com\/avatar\/82aafea7d8127119dd649515f56e2117?s=96&d=mm&r=g","contentUrl":"https:\/\/secure.gravatar.com\/avatar\/82aafea7d8127119dd649515f56e2117?s=96&d=mm&r=g","caption":"rtnews"},"url":"https:\/\/now-news.de\/de\/author\/rnews\/"}]}},"_links":{"self":[{"href":"https:\/\/now-news.de\/de\/wp-json\/wp\/v2\/posts\/20056"}],"collection":[{"href":"https:\/\/now-news.de\/de\/wp-json\/wp\/v2\/posts"}],"about":[{"href":"https:\/\/now-news.de\/de\/wp-json\/wp\/v2\/types\/post"}],"author":[{"embeddable":true,"href":"https:\/\/now-news.de\/de\/wp-json\/wp\/v2\/users\/3"}],"replies":[{"embeddable":true,"href":"https:\/\/now-news.de\/de\/wp-json\/wp\/v2\/comments?post=20056"}],"version-history":[{"count":0,"href":"https:\/\/now-news.de\/de\/wp-json\/wp\/v2\/posts\/20056\/revisions"}],"wp:featuredmedia":[{"embeddable":true,"href":"https:\/\/now-news.de\/de\/wp-json\/wp\/v2\/media\/20057"}],"wp:attachment":[{"href":"https:\/\/now-news.de\/de\/wp-json\/wp\/v2\/media?parent=20056"}],"wp:term":[{"taxonomy":"category","embeddable":true,"href":"https:\/\/now-news.de\/de\/wp-json\/wp\/v2\/categories?post=20056"},{"taxonomy":"post_tag","embeddable":true,"href":"https:\/\/now-news.de\/de\/wp-json\/wp\/v2\/tags?post=20056"}],"curies":[{"name":"wp","href":"https:\/\/api.w.org\/{rel}","templated":true}]}}