{"id":20024,"date":"2022-09-29T13:50:24","date_gmt":"2022-09-29T11:50:24","guid":{"rendered":"http:\/\/just-now.news\/de\/deutschland\/bundesnetzagentur-mahnt-gasverbrauch-muss-sinken-auch-wenn-es-kaelter-ist-als-im-vorjahr\/"},"modified":"2022-09-29T13:50:24","modified_gmt":"2022-09-29T11:50:24","slug":"bundesnetzagentur-mahnt-gasverbrauch-muss-sinken-auch-wenn-es-kaelter-ist-als-im-vorjahr","status":"publish","type":"post","link":"https:\/\/now-news.de\/de\/deutschland\/bundesnetzagentur-mahnt-gasverbrauch-muss-sinken-auch-wenn-es-kaelter-ist-als-im-vorjahr\/","title":{"rendered":"Bundesnetzagentur mahnt: &quot;Gasverbrauch muss sinken \u2013 auch wenn es k\u00e4lter ist als im Vorjahr&quot;"},"content":{"rendered":"<p><img decoding=\"async\" src=\"http:\/\/just-now.news\/de\/wp-content\/uploads\/sites\/3\/2022\/09\/633566f1b480cc0d62764e06.jpg\" \/><\/p>\n<p>Die &#8220;Bundesnetzagentur f\u00fcr Elektrizit\u00e4t, Gas, Telekommunikation, Post und Eisenbahnen&#8221; (<a rel=\"nofollow noopener\" target=\"_blank\" href=\"https:\/\/de.wikipedia.org\/wiki\/Bundesnetzagentur\">BNetzA<\/a>) mit Sitz in Bonn, kurz Bundesnetzagentur, ist eine obere deutsche Bundesbeh\u00f6rde im Gesch\u00e4ftsbereich des Bundesministeriums f\u00fcr Wirtschaft und Klimaschutz. Deren oberster Leiter ist seit M\u00e4rz 2022 als Pr\u00e4sident der Politiker Klaus M\u00fcller (B\u00fcndnis 90\/Die Gr\u00fcnen), der zuvor vom Mai 2014 bis zum Februar 2022 Gesch\u00e4ftsf\u00fchrer und Repr\u00e4sentant des Bundesverbandes deutscher Verbraucherzentralen war.<\/p>\n<p>Laut <a rel=\"nofollow noopener\" target=\"_blank\" href=\"https:\/\/www.bundesnetzagentur.de\/SharedDocs\/Pressemitteilungen\/DE\/2022\/20220929_Verbrauchsdaten.html?nn=265778\">Mitteilung<\/a> ver\u00f6ffentlicht die Bundesnetzagentur nun ab dem 29. September 2022\u00a0w\u00f6chentlich <a rel=\"nofollow noopener\" target=\"_blank\" href=\"https:\/\/www.bundesnetzagentur.de\/DE\/Fachthemen\/ElektrizitaetundGas\/Versorgungssicherheit\/aktuelle_gasversorgung\/start.html\">Zahlen zum Gasverbrauch<\/a> in Deutschland. M\u00fcller ermahnt die \u00d6ffentlichkeit in der j\u00fcngsten Bekanntmachung, dass &#8220;der Gasverbrauch von Haushalten und Gewerbe in der letzten Woche deutlich \u00fcber dem durchschnittlichen Verbrauch der Vorjahre lag&#8221;. M\u00fcller bezeichnet die Zahlen dieser Woche als &#8220;sehr ern\u00fcchternd&#8221; und fordert in der Mitteilung w\u00f6rtlich:<\/p>\n<blockquote>\n<p><em>&#8220;Ohne erhebliche Einsparungen auch im privaten Bereich wird es schwer, eine Gasmangellage im Winter zu vermeiden. Zwar war die letzte Woche k\u00e4lter als die Vorjahreswochen und die Verbr\u00e4uche sind immer Momentaufnahmen und k\u00f6nnen sich schnell \u00e4ndern, Einsparungen m\u00fcssen auch bei weiter sinkenden Temperaturen stattfinden und das ist kein Selbstl\u00e4ufer.&#8221;<\/em><\/p>\n<\/blockquote>\n<p>In einem parallel zur Mitteilung verbreiteten Twitter-Beitrag formuliert M\u00fcller noch etwas sch\u00e4rfer:<\/p>\n<blockquote>\n<p><em>&#8220;Auch wenn es deutlich k\u00e4lter ist als im Vorjahr, muss der Verbrauch sinken.&#8221;<\/em><\/p>\n<\/blockquote>\n<div class=\"EmbedBlock-root EmbedBlock-twitter\">\n<div class=\"TwitterEmbed\">\n<blockquote class=\"twitter-tweet lazyload\" data-twitter=\"twitter-tweet\">\n<p lang=\"de\" dir=\"ltr\">Die <a rel=\"nofollow noopener\" target=\"_blank\" href=\"https:\/\/twitter.com\/bnetza?ref_src=twsrc%5Etfw\">@BNetzA<\/a> ver\u00f6ffentlicht ab heute w\u00f6chentlich Zahlen zum <a rel=\"nofollow noopener\" target=\"_blank\" href=\"https:\/\/twitter.com\/hashtag\/Gasverbrauch?src=hash&amp;ref_src=twsrc%5Etfw\">#Gasverbrauch<\/a> in D. Auch wenn es deutlich k\u00e4lter ist als im Vorjahr, muss der Verbrauch sinken. Ohne weitere Einsparungen auch im privaten Bereich wird es schwer, eine Gasmangellage zu vermeiden.<a rel=\"nofollow noopener\" target=\"_blank\" href=\"https:\/\/t.co\/NuP8xNtRhL\">https:\/\/t.co\/NuP8xNtRhL<\/a> <a rel=\"nofollow noopener\" target=\"_blank\" href=\"https:\/\/t.co\/W1N1UsV0PY\">pic.twitter.com\/W1N1UsV0PY<\/a><\/p>\n<p>\u2014 Bundesnetzagentur (@bnetza) <a rel=\"nofollow noopener\" target=\"_blank\" href=\"https:\/\/twitter.com\/bnetza\/status\/1575407833746739206?ref_src=twsrc%5Etfw\">September 29, 2022<\/a><\/p><\/blockquote><\/div><\/div>\n<p>Am 19. September <a rel=\"nofollow noopener\" target=\"_blank\" href=\"https:\/\/www.focus.de\/politik\/deutschland\/habeck-sieht-chance-gut-durch-den-winter-zu-kommen_id_149824924.html\">\u00e4u\u00dferte<\/a> der Bundeswirtschaftsminister Robert Habeck noch die Hoffnung, &#8220;gut \u00fcber den Winter zu kommen&#8221;, daf\u00fcr bed\u00fcrfe es jedoch &#8220;ein bisschen\u00a0Gl\u00fcck\u00a0mit dem\u00a0Wetter&#8221;. Der Pr\u00e4sident der Bundesnetzagentur zu dieser Hoffnung fest:<\/p>\n<blockquote>\n<p><em>&#8220;Wir k\u00f6nnen angesichts der gut gef\u00fcllten Speicher unter drei Voraussetzungen gut \u00fcber den Winter kommen: Erstens m\u00fcssen die angesto\u00dfenen Projekte zur Erh\u00f6hung der Gasimporte realisiert werden. Zweitens muss die Gasversorgung in unseren Nachbarl\u00e4ndern ebenfalls stabil bleiben. Und drittens muss Gas eingespart werden, auch wenn es zum Winter hin noch k\u00e4lter wird. Da wird es auf jeden Einzelnen ankommen.&#8221;<\/em><\/p>\n<\/blockquote>\n<p>Bezug nehmend auf den aktuellen Gasbedarf der deutschen Wirtschaft und den generellen Status quo <a rel=\"nofollow noopener\" target=\"_blank\" href=\"https:\/\/www.faz.net\/aktuell\/wirtschaft\/energiekrise-robert-habeck-warnt-vor-dauerschaeden-fuer-wirtschaft-18345004.html\">teilte<\/a>\u00a0der Vizekanzler Habeck\u00a0der Nachrichtenagentur\u00a0<em>dpa<\/em>\u00a0zu Wochenbeginn mit:<\/p>\n<blockquote>\n<p><em>&#8220;Teils ist es erst ein Schwelbrand, teils brennt schon die H\u00fctte. In jedem Fall ist die Zukunftsf\u00e4higkeit unserer Wirtschaft in Gefahr, es drohen Dauersch\u00e4den. Wir m\u00fcssen jetzt alle Finanzkraft aufbringen, um die gute Substanz unserer Wirtschaft \u00fcber die Krise zu bringen, Arbeitspl\u00e4tze zu sichern und die Investitions- und Zukunftsf\u00e4higkeit unserer Wirtschaft zu sch\u00fctzen.&#8221;<\/em><\/p>\n<\/blockquote>\n<p>Die privaten Haushalte und kleineren Gewerbekunden sind nach Angaben der Bundesnetzagentur in Deutschland &#8220;f\u00fcr rund 40 Prozent des Gasverbrauchs verantwortlich&#8221; und w\u00fcrden &#8220;bisher wenig zum sinkenden Gasverbrauch beitragen&#8221;. Die ermittelten Zahlen l\u00e4gen &#8220;deutlich \u00fcber dem durchschnittlichen Wert der Jahre 2018 bis 2021&#8221;, und zwar um plus 14,5 Prozent (das hei\u00dft konkret um 483 GWh\/Woche gegen\u00fcber\u00a0422 GWh\/Woche).<\/p>\n<p>Demnach sank im Gegensatz dazu der Verbrauch der &#8220;gro\u00dfen Industriekunden&#8221; (mit 60 Prozent Anteil am Gesamtverbrauch) um 22 Prozent und &#8220;lag auch in der letzten Woche deutlich unter dem durchschnittlichen Verbrauch der Vorjahre&#8221; (n\u00e4mlich bei 1170 GWh\/Woche gegen\u00fcber durchschnittlich 1679 GWh\/Woche in den Jahren 2018 bis 2021).<\/p>\n<p><strong>Mehr zum Thema &#8211;<\/strong>\u00a0<a rel=\"nofollow noopener\" target=\"_blank\" href=\"https:\/\/pressefreiheit.rtde.tech\/meinung\/149908-wenn-aus-fabriken-museen-werden\/\">Wenn aus Fabriken Museen werden \u2013 Deindustrialisierung eskaliert mit der Energiekrise<\/a><\/p>\n<p><script async src=\"https:\/\/platform.twitter.com\/widgets.js\" charset=\"utf-8\"><\/script><br \/>\n<br \/><br \/>\n<br \/><a href=\"https:\/\/de.rt.com\/inland\/150200-bundesnetzagentur-aktuell-kalter-als-im\/\">Source link <\/a><\/p>\n","protected":false},"excerpt":{"rendered":"<p>Die &#8220;Bundesnetzagentur f\u00fcr Elektrizit\u00e4t, Gas, Telekommunikation, Post und Eisenbahnen&#8221; (BNetzA) mit Sitz in Bonn, kurz Bundesnetzagentur, ist eine obere deutsche Bundesbeh\u00f6rde im Gesch\u00e4ftsbereich des Bundesministeriums f\u00fcr Wirtschaft und Klimaschutz. Deren oberster Leiter ist seit M\u00e4rz 2022 als Pr\u00e4sident der Politiker Klaus M\u00fcller (B\u00fcndnis 90\/Die Gr\u00fcnen), der zuvor vom Mai 2014 bis zum Februar 2022 Gesch\u00e4ftsf\u00fchrer [&hellip;]<\/p>\n","protected":false},"author":3,"featured_media":20025,"comment_status":"open","ping_status":"open","sticky":false,"template":"","format":"standard","meta":{"wp_automatic_camp":["217"],"e7c6903663554c3e126f46c9a91baf58":["Bundesnetzagentur mahnt: &quot;Gasverbrauch muss sinken \u2013 auch wenn es k\u00e4lter ist als im Vorjahr&quot;"],"original_link":["https:\/\/de.rt.com\/inland\/150200-bundesnetzagentur-aktuell-kalter-als-im\/"],"_thumbnail_id":["20025"],"jnews_social_counter_last_update":["1777269980"]},"categories":[19,23],"tags":[273,1475,24686,414,1806,20708,534,33598,25268,33599,4218],"yoast_head":"<!-- This site is optimized with the Yoast SEO Premium plugin v22.7 (Yoast SEO v22.7) - https:\/\/yoast.com\/wordpress\/plugins\/seo\/ -->\n<title>Bundesnetzagentur mahnt: &quot;Gasverbrauch muss sinken \u2013 auch wenn es k\u00e4lter ist als im Vorjahr&quot; - just-now.NEWS Deutschland<\/title>\n<meta name=\"robots\" content=\"index, follow, max-snippet:-1, max-image-preview:large, max-video-preview:-1\" \/>\n<link rel=\"canonical\" href=\"https:\/\/now-news.de\/de\/deutschland\/bundesnetzagentur-mahnt-gasverbrauch-muss-sinken-auch-wenn-es-kaelter-ist-als-im-vorjahr\/\" \/>\n<meta property=\"og:locale\" content=\"de_DE\" \/>\n<meta property=\"og:type\" content=\"article\" \/>\n<meta property=\"og:title\" content=\"Bundesnetzagentur mahnt: &quot;Gasverbrauch muss sinken \u2013 auch wenn es k\u00e4lter ist als im Vorjahr&quot;\" \/>\n<meta property=\"og:description\" content=\"Die &#8220;Bundesnetzagentur f\u00fcr Elektrizit\u00e4t, Gas, Telekommunikation, Post und Eisenbahnen&#8221; (BNetzA) mit Sitz in Bonn, kurz Bundesnetzagentur, ist eine obere deutsche Bundesbeh\u00f6rde im Gesch\u00e4ftsbereich des Bundesministeriums f\u00fcr Wirtschaft und Klimaschutz. Deren oberster Leiter ist seit M\u00e4rz 2022 als Pr\u00e4sident der Politiker Klaus M\u00fcller (B\u00fcndnis 90\/Die Gr\u00fcnen), der zuvor vom Mai 2014 bis zum Februar 2022 Gesch\u00e4ftsf\u00fchrer [&hellip;]\" \/>\n<meta property=\"og:url\" content=\"https:\/\/now-news.de\/de\/deutschland\/bundesnetzagentur-mahnt-gasverbrauch-muss-sinken-auch-wenn-es-kaelter-ist-als-im-vorjahr\/\" \/>\n<meta property=\"og:site_name\" content=\"just-now.NEWS Deutschland\" \/>\n<meta property=\"article:publisher\" content=\"https:\/\/www.facebook.com\/wirmachenauf\" \/>\n<meta property=\"article:published_time\" content=\"2022-09-29T11:50:24+00:00\" \/>\n<meta property=\"og:image\" content=\"https:\/\/now-news.de\/de\/wp-content\/uploads\/sites\/3\/2022\/09\/Bundesnetzagentur-mahnt-quotGasverbrauch-muss-sinken-\u2013-auch-wenn-es-kaelter.jpg\" \/>\n\t<meta property=\"og:image:width\" content=\"460\" \/>\n\t<meta property=\"og:image:height\" content=\"259\" \/>\n\t<meta property=\"og:image:type\" content=\"image\/jpeg\" \/>\n<meta name=\"author\" content=\"rtnews\" \/>\n<meta name=\"twitter:card\" content=\"summary_large_image\" \/>\n<meta name=\"twitter:creator\" content=\"@WirMachenAuf_de\" \/>\n<meta name=\"twitter:site\" content=\"@WirMachenAuf_de\" \/>\n<meta name=\"twitter:label1\" content=\"Verfasst von\" \/>\n\t<meta name=\"twitter:data1\" content=\"rtnews\" \/>\n\t<meta name=\"twitter:label2\" content=\"Gesch\u00e4tzte Lesezeit\" \/>\n\t<meta name=\"twitter:data2\" content=\"3\u00a0Minuten\" \/>\n<script type=\"application\/ld+json\" class=\"yoast-schema-graph\">{\"@context\":\"https:\/\/schema.org\",\"@graph\":[{\"@type\":\"Article\",\"@id\":\"https:\/\/now-news.de\/de\/deutschland\/bundesnetzagentur-mahnt-gasverbrauch-muss-sinken-auch-wenn-es-kaelter-ist-als-im-vorjahr\/#article\",\"isPartOf\":{\"@id\":\"https:\/\/now-news.de\/de\/deutschland\/bundesnetzagentur-mahnt-gasverbrauch-muss-sinken-auch-wenn-es-kaelter-ist-als-im-vorjahr\/\"},\"author\":{\"name\":\"rtnews\",\"@id\":\"https:\/\/now-news.de\/de\/#\/schema\/person\/fb534a4e865501d8b3285208df34a9b5\"},\"headline\":\"Bundesnetzagentur mahnt: &quot;Gasverbrauch muss sinken \u2013 auch wenn es k\u00e4lter ist als im Vorjahr&quot;\",\"datePublished\":\"2022-09-29T11:50:24+00:00\",\"dateModified\":\"2022-09-29T11:50:24+00:00\",\"mainEntityOfPage\":{\"@id\":\"https:\/\/now-news.de\/de\/deutschland\/bundesnetzagentur-mahnt-gasverbrauch-muss-sinken-auch-wenn-es-kaelter-ist-als-im-vorjahr\/\"},\"wordCount\":599,\"commentCount\":0,\"publisher\":{\"@id\":\"https:\/\/now-news.de\/de\/#organization\"},\"image\":{\"@id\":\"https:\/\/now-news.de\/de\/deutschland\/bundesnetzagentur-mahnt-gasverbrauch-muss-sinken-auch-wenn-es-kaelter-ist-als-im-vorjahr\/#primaryimage\"},\"thumbnailUrl\":\"https:\/\/now-news.de\/de\/wp-content\/uploads\/sites\/3\/2022\/09\/Bundesnetzagentur-mahnt-quotGasverbrauch-muss-sinken-\u2013-auch-wenn-es-kaelter.jpg\",\"keywords\":[\"als\",\"auch\",\"Bundesnetzagentur\",\"ist\",\"Kalter\",\"mahnt\",\"muss\",\"quotGasverbrauch\",\"sinken\",\"Vorjahrquot\",\"wenn\"],\"articleSection\":[\"Deutschland\",\"Russland\"],\"inLanguage\":\"de\",\"potentialAction\":[{\"@type\":\"CommentAction\",\"name\":\"Comment\",\"target\":[\"https:\/\/now-news.de\/de\/deutschland\/bundesnetzagentur-mahnt-gasverbrauch-muss-sinken-auch-wenn-es-kaelter-ist-als-im-vorjahr\/#respond\"]}]},{\"@type\":\"WebPage\",\"@id\":\"https:\/\/now-news.de\/de\/deutschland\/bundesnetzagentur-mahnt-gasverbrauch-muss-sinken-auch-wenn-es-kaelter-ist-als-im-vorjahr\/\",\"url\":\"https:\/\/now-news.de\/de\/deutschland\/bundesnetzagentur-mahnt-gasverbrauch-muss-sinken-auch-wenn-es-kaelter-ist-als-im-vorjahr\/\",\"name\":\"Bundesnetzagentur mahnt: &quot;Gasverbrauch muss sinken \u2013 auch wenn es k\u00e4lter ist als im Vorjahr&quot; - just-now.NEWS Deutschland\",\"isPartOf\":{\"@id\":\"https:\/\/now-news.de\/de\/#website\"},\"primaryImageOfPage\":{\"@id\":\"https:\/\/now-news.de\/de\/deutschland\/bundesnetzagentur-mahnt-gasverbrauch-muss-sinken-auch-wenn-es-kaelter-ist-als-im-vorjahr\/#primaryimage\"},\"image\":{\"@id\":\"https:\/\/now-news.de\/de\/deutschland\/bundesnetzagentur-mahnt-gasverbrauch-muss-sinken-auch-wenn-es-kaelter-ist-als-im-vorjahr\/#primaryimage\"},\"thumbnailUrl\":\"https:\/\/now-news.de\/de\/wp-content\/uploads\/sites\/3\/2022\/09\/Bundesnetzagentur-mahnt-quotGasverbrauch-muss-sinken-\u2013-auch-wenn-es-kaelter.jpg\",\"datePublished\":\"2022-09-29T11:50:24+00:00\",\"dateModified\":\"2022-09-29T11:50:24+00:00\",\"breadcrumb\":{\"@id\":\"https:\/\/now-news.de\/de\/deutschland\/bundesnetzagentur-mahnt-gasverbrauch-muss-sinken-auch-wenn-es-kaelter-ist-als-im-vorjahr\/#breadcrumb\"},\"inLanguage\":\"de\",\"potentialAction\":[{\"@type\":\"ReadAction\",\"target\":[\"https:\/\/now-news.de\/de\/deutschland\/bundesnetzagentur-mahnt-gasverbrauch-muss-sinken-auch-wenn-es-kaelter-ist-als-im-vorjahr\/\"]}]},{\"@type\":\"ImageObject\",\"inLanguage\":\"de\",\"@id\":\"https:\/\/now-news.de\/de\/deutschland\/bundesnetzagentur-mahnt-gasverbrauch-muss-sinken-auch-wenn-es-kaelter-ist-als-im-vorjahr\/#primaryimage\",\"url\":\"https:\/\/now-news.de\/de\/wp-content\/uploads\/sites\/3\/2022\/09\/Bundesnetzagentur-mahnt-quotGasverbrauch-muss-sinken-\u2013-auch-wenn-es-kaelter.jpg\",\"contentUrl\":\"https:\/\/now-news.de\/de\/wp-content\/uploads\/sites\/3\/2022\/09\/Bundesnetzagentur-mahnt-quotGasverbrauch-muss-sinken-\u2013-auch-wenn-es-kaelter.jpg\",\"width\":460,\"height\":259,\"caption\":\"Bundesnetzagentur mahnt: &quot;Gasverbrauch muss sinken \u2013 auch wenn es k\u00e4lter ist als im Vorjahr&quot;\"},{\"@type\":\"BreadcrumbList\",\"@id\":\"https:\/\/now-news.de\/de\/deutschland\/bundesnetzagentur-mahnt-gasverbrauch-muss-sinken-auch-wenn-es-kaelter-ist-als-im-vorjahr\/#breadcrumb\",\"itemListElement\":[{\"@type\":\"ListItem\",\"position\":1,\"name\":\"Home\",\"item\":\"https:\/\/now-news.de\/de\/\"},{\"@type\":\"ListItem\",\"position\":2,\"name\":\"Bundesnetzagentur mahnt: &quot;Gasverbrauch muss sinken \u2013 auch wenn es k\u00e4lter ist als im Vorjahr&quot;\"}]},{\"@type\":\"WebSite\",\"@id\":\"https:\/\/now-news.de\/de\/#website\",\"url\":\"https:\/\/now-news.de\/de\/\",\"name\":\"just-now.NEWS Deutschland\",\"description\":\"Das Portal f\u00fcr unzensierte Nachrichten aus der Welt\",\"publisher\":{\"@id\":\"https:\/\/now-news.de\/de\/#organization\"},\"potentialAction\":[{\"@type\":\"SearchAction\",\"target\":{\"@type\":\"EntryPoint\",\"urlTemplate\":\"https:\/\/now-news.de\/de\/?s={search_term_string}\"},\"query-input\":\"required name=search_term_string\"}],\"inLanguage\":\"de\"},{\"@type\":\"Organization\",\"@id\":\"https:\/\/now-news.de\/de\/#organization\",\"name\":\"Just Now News\",\"url\":\"https:\/\/now-news.de\/de\/\",\"logo\":{\"@type\":\"ImageObject\",\"inLanguage\":\"de\",\"@id\":\"https:\/\/now-news.de\/de\/#\/schema\/logo\/image\/\",\"url\":\"http:\/\/just-now.news\/de\/wp-content\/uploads\/sites\/3\/2022\/04\/logo500x500.jpg\",\"contentUrl\":\"http:\/\/just-now.news\/de\/wp-content\/uploads\/sites\/3\/2022\/04\/logo500x500.jpg\",\"width\":500,\"height\":500,\"caption\":\"Just Now News\"},\"image\":{\"@id\":\"https:\/\/now-news.de\/de\/#\/schema\/logo\/image\/\"},\"sameAs\":[\"https:\/\/www.facebook.com\/wirmachenauf\",\"https:\/\/x.com\/WirMachenAuf_de\"]},{\"@type\":\"Person\",\"@id\":\"https:\/\/now-news.de\/de\/#\/schema\/person\/fb534a4e865501d8b3285208df34a9b5\",\"name\":\"rtnews\",\"image\":{\"@type\":\"ImageObject\",\"inLanguage\":\"de\",\"@id\":\"https:\/\/now-news.de\/de\/#\/schema\/person\/image\/\",\"url\":\"https:\/\/secure.gravatar.com\/avatar\/82aafea7d8127119dd649515f56e2117?s=96&d=mm&r=g\",\"contentUrl\":\"https:\/\/secure.gravatar.com\/avatar\/82aafea7d8127119dd649515f56e2117?s=96&d=mm&r=g\",\"caption\":\"rtnews\"},\"url\":\"https:\/\/now-news.de\/de\/author\/rnews\/\"}]}<\/script>\n<!-- \/ Yoast SEO Premium plugin. -->","yoast_head_json":{"title":"Bundesnetzagentur mahnt: &quot;Gasverbrauch muss sinken \u2013 auch wenn es k\u00e4lter ist als im Vorjahr&quot; - just-now.NEWS Deutschland","robots":{"index":"index","follow":"follow","max-snippet":"max-snippet:-1","max-image-preview":"max-image-preview:large","max-video-preview":"max-video-preview:-1"},"canonical":"https:\/\/now-news.de\/de\/deutschland\/bundesnetzagentur-mahnt-gasverbrauch-muss-sinken-auch-wenn-es-kaelter-ist-als-im-vorjahr\/","og_locale":"de_DE","og_type":"article","og_title":"Bundesnetzagentur mahnt: &quot;Gasverbrauch muss sinken \u2013 auch wenn es k\u00e4lter ist als im Vorjahr&quot;","og_description":"Die &#8220;Bundesnetzagentur f\u00fcr Elektrizit\u00e4t, Gas, Telekommunikation, Post und Eisenbahnen&#8221; (BNetzA) mit Sitz in Bonn, kurz Bundesnetzagentur, ist eine obere deutsche Bundesbeh\u00f6rde im Gesch\u00e4ftsbereich des Bundesministeriums f\u00fcr Wirtschaft und Klimaschutz. Deren oberster Leiter ist seit M\u00e4rz 2022 als Pr\u00e4sident der Politiker Klaus M\u00fcller (B\u00fcndnis 90\/Die Gr\u00fcnen), der zuvor vom Mai 2014 bis zum Februar 2022 Gesch\u00e4ftsf\u00fchrer [&hellip;]","og_url":"https:\/\/now-news.de\/de\/deutschland\/bundesnetzagentur-mahnt-gasverbrauch-muss-sinken-auch-wenn-es-kaelter-ist-als-im-vorjahr\/","og_site_name":"just-now.NEWS Deutschland","article_publisher":"https:\/\/www.facebook.com\/wirmachenauf","article_published_time":"2022-09-29T11:50:24+00:00","og_image":[{"width":460,"height":259,"url":"https:\/\/now-news.de\/de\/wp-content\/uploads\/sites\/3\/2022\/09\/Bundesnetzagentur-mahnt-quotGasverbrauch-muss-sinken-\u2013-auch-wenn-es-kaelter.jpg","type":"image\/jpeg"}],"author":"rtnews","twitter_card":"summary_large_image","twitter_creator":"@WirMachenAuf_de","twitter_site":"@WirMachenAuf_de","twitter_misc":{"Verfasst von":"rtnews","Gesch\u00e4tzte Lesezeit":"3\u00a0Minuten"},"schema":{"@context":"https:\/\/schema.org","@graph":[{"@type":"Article","@id":"https:\/\/now-news.de\/de\/deutschland\/bundesnetzagentur-mahnt-gasverbrauch-muss-sinken-auch-wenn-es-kaelter-ist-als-im-vorjahr\/#article","isPartOf":{"@id":"https:\/\/now-news.de\/de\/deutschland\/bundesnetzagentur-mahnt-gasverbrauch-muss-sinken-auch-wenn-es-kaelter-ist-als-im-vorjahr\/"},"author":{"name":"rtnews","@id":"https:\/\/now-news.de\/de\/#\/schema\/person\/fb534a4e865501d8b3285208df34a9b5"},"headline":"Bundesnetzagentur mahnt: &quot;Gasverbrauch muss sinken \u2013 auch wenn es k\u00e4lter ist als im Vorjahr&quot;","datePublished":"2022-09-29T11:50:24+00:00","dateModified":"2022-09-29T11:50:24+00:00","mainEntityOfPage":{"@id":"https:\/\/now-news.de\/de\/deutschland\/bundesnetzagentur-mahnt-gasverbrauch-muss-sinken-auch-wenn-es-kaelter-ist-als-im-vorjahr\/"},"wordCount":599,"commentCount":0,"publisher":{"@id":"https:\/\/now-news.de\/de\/#organization"},"image":{"@id":"https:\/\/now-news.de\/de\/deutschland\/bundesnetzagentur-mahnt-gasverbrauch-muss-sinken-auch-wenn-es-kaelter-ist-als-im-vorjahr\/#primaryimage"},"thumbnailUrl":"https:\/\/now-news.de\/de\/wp-content\/uploads\/sites\/3\/2022\/09\/Bundesnetzagentur-mahnt-quotGasverbrauch-muss-sinken-\u2013-auch-wenn-es-kaelter.jpg","keywords":["als","auch","Bundesnetzagentur","ist","Kalter","mahnt","muss","quotGasverbrauch","sinken","Vorjahrquot","wenn"],"articleSection":["Deutschland","Russland"],"inLanguage":"de","potentialAction":[{"@type":"CommentAction","name":"Comment","target":["https:\/\/now-news.de\/de\/deutschland\/bundesnetzagentur-mahnt-gasverbrauch-muss-sinken-auch-wenn-es-kaelter-ist-als-im-vorjahr\/#respond"]}]},{"@type":"WebPage","@id":"https:\/\/now-news.de\/de\/deutschland\/bundesnetzagentur-mahnt-gasverbrauch-muss-sinken-auch-wenn-es-kaelter-ist-als-im-vorjahr\/","url":"https:\/\/now-news.de\/de\/deutschland\/bundesnetzagentur-mahnt-gasverbrauch-muss-sinken-auch-wenn-es-kaelter-ist-als-im-vorjahr\/","name":"Bundesnetzagentur mahnt: &quot;Gasverbrauch muss sinken \u2013 auch wenn es k\u00e4lter ist als im Vorjahr&quot; - just-now.NEWS Deutschland","isPartOf":{"@id":"https:\/\/now-news.de\/de\/#website"},"primaryImageOfPage":{"@id":"https:\/\/now-news.de\/de\/deutschland\/bundesnetzagentur-mahnt-gasverbrauch-muss-sinken-auch-wenn-es-kaelter-ist-als-im-vorjahr\/#primaryimage"},"image":{"@id":"https:\/\/now-news.de\/de\/deutschland\/bundesnetzagentur-mahnt-gasverbrauch-muss-sinken-auch-wenn-es-kaelter-ist-als-im-vorjahr\/#primaryimage"},"thumbnailUrl":"https:\/\/now-news.de\/de\/wp-content\/uploads\/sites\/3\/2022\/09\/Bundesnetzagentur-mahnt-quotGasverbrauch-muss-sinken-\u2013-auch-wenn-es-kaelter.jpg","datePublished":"2022-09-29T11:50:24+00:00","dateModified":"2022-09-29T11:50:24+00:00","breadcrumb":{"@id":"https:\/\/now-news.de\/de\/deutschland\/bundesnetzagentur-mahnt-gasverbrauch-muss-sinken-auch-wenn-es-kaelter-ist-als-im-vorjahr\/#breadcrumb"},"inLanguage":"de","potentialAction":[{"@type":"ReadAction","target":["https:\/\/now-news.de\/de\/deutschland\/bundesnetzagentur-mahnt-gasverbrauch-muss-sinken-auch-wenn-es-kaelter-ist-als-im-vorjahr\/"]}]},{"@type":"ImageObject","inLanguage":"de","@id":"https:\/\/now-news.de\/de\/deutschland\/bundesnetzagentur-mahnt-gasverbrauch-muss-sinken-auch-wenn-es-kaelter-ist-als-im-vorjahr\/#primaryimage","url":"https:\/\/now-news.de\/de\/wp-content\/uploads\/sites\/3\/2022\/09\/Bundesnetzagentur-mahnt-quotGasverbrauch-muss-sinken-\u2013-auch-wenn-es-kaelter.jpg","contentUrl":"https:\/\/now-news.de\/de\/wp-content\/uploads\/sites\/3\/2022\/09\/Bundesnetzagentur-mahnt-quotGasverbrauch-muss-sinken-\u2013-auch-wenn-es-kaelter.jpg","width":460,"height":259,"caption":"Bundesnetzagentur mahnt: &quot;Gasverbrauch muss sinken \u2013 auch wenn es k\u00e4lter ist als im Vorjahr&quot;"},{"@type":"BreadcrumbList","@id":"https:\/\/now-news.de\/de\/deutschland\/bundesnetzagentur-mahnt-gasverbrauch-muss-sinken-auch-wenn-es-kaelter-ist-als-im-vorjahr\/#breadcrumb","itemListElement":[{"@type":"ListItem","position":1,"name":"Home","item":"https:\/\/now-news.de\/de\/"},{"@type":"ListItem","position":2,"name":"Bundesnetzagentur mahnt: &quot;Gasverbrauch muss sinken \u2013 auch wenn es k\u00e4lter ist als im Vorjahr&quot;"}]},{"@type":"WebSite","@id":"https:\/\/now-news.de\/de\/#website","url":"https:\/\/now-news.de\/de\/","name":"just-now.NEWS Deutschland","description":"Das Portal f\u00fcr unzensierte Nachrichten aus der Welt","publisher":{"@id":"https:\/\/now-news.de\/de\/#organization"},"potentialAction":[{"@type":"SearchAction","target":{"@type":"EntryPoint","urlTemplate":"https:\/\/now-news.de\/de\/?s={search_term_string}"},"query-input":"required name=search_term_string"}],"inLanguage":"de"},{"@type":"Organization","@id":"https:\/\/now-news.de\/de\/#organization","name":"Just Now News","url":"https:\/\/now-news.de\/de\/","logo":{"@type":"ImageObject","inLanguage":"de","@id":"https:\/\/now-news.de\/de\/#\/schema\/logo\/image\/","url":"http:\/\/just-now.news\/de\/wp-content\/uploads\/sites\/3\/2022\/04\/logo500x500.jpg","contentUrl":"http:\/\/just-now.news\/de\/wp-content\/uploads\/sites\/3\/2022\/04\/logo500x500.jpg","width":500,"height":500,"caption":"Just Now News"},"image":{"@id":"https:\/\/now-news.de\/de\/#\/schema\/logo\/image\/"},"sameAs":["https:\/\/www.facebook.com\/wirmachenauf","https:\/\/x.com\/WirMachenAuf_de"]},{"@type":"Person","@id":"https:\/\/now-news.de\/de\/#\/schema\/person\/fb534a4e865501d8b3285208df34a9b5","name":"rtnews","image":{"@type":"ImageObject","inLanguage":"de","@id":"https:\/\/now-news.de\/de\/#\/schema\/person\/image\/","url":"https:\/\/secure.gravatar.com\/avatar\/82aafea7d8127119dd649515f56e2117?s=96&d=mm&r=g","contentUrl":"https:\/\/secure.gravatar.com\/avatar\/82aafea7d8127119dd649515f56e2117?s=96&d=mm&r=g","caption":"rtnews"},"url":"https:\/\/now-news.de\/de\/author\/rnews\/"}]}},"_links":{"self":[{"href":"https:\/\/now-news.de\/de\/wp-json\/wp\/v2\/posts\/20024"}],"collection":[{"href":"https:\/\/now-news.de\/de\/wp-json\/wp\/v2\/posts"}],"about":[{"href":"https:\/\/now-news.de\/de\/wp-json\/wp\/v2\/types\/post"}],"author":[{"embeddable":true,"href":"https:\/\/now-news.de\/de\/wp-json\/wp\/v2\/users\/3"}],"replies":[{"embeddable":true,"href":"https:\/\/now-news.de\/de\/wp-json\/wp\/v2\/comments?post=20024"}],"version-history":[{"count":0,"href":"https:\/\/now-news.de\/de\/wp-json\/wp\/v2\/posts\/20024\/revisions"}],"wp:featuredmedia":[{"embeddable":true,"href":"https:\/\/now-news.de\/de\/wp-json\/wp\/v2\/media\/20025"}],"wp:attachment":[{"href":"https:\/\/now-news.de\/de\/wp-json\/wp\/v2\/media?parent=20024"}],"wp:term":[{"taxonomy":"category","embeddable":true,"href":"https:\/\/now-news.de\/de\/wp-json\/wp\/v2\/categories?post=20024"},{"taxonomy":"post_tag","embeddable":true,"href":"https:\/\/now-news.de\/de\/wp-json\/wp\/v2\/tags?post=20024"}],"curies":[{"name":"wp","href":"https:\/\/api.w.org\/{rel}","templated":true}]}}