{"id":20016,"date":"2022-09-29T11:56:49","date_gmt":"2022-09-29T09:56:49","guid":{"rendered":"http:\/\/just-now.news\/de\/deutschland\/unmoegliche-mission-fuer-serbien-eigenstaendigkeit-der-eu-weg-und-die-freundschaft-zu-russland\/"},"modified":"2022-09-29T11:56:49","modified_gmt":"2022-09-29T09:56:49","slug":"unmoegliche-mission-fuer-serbien-eigenstaendigkeit-der-eu-weg-und-die-freundschaft-zu-russland","status":"publish","type":"post","link":"https:\/\/now-news.de\/de\/deutschland\/unmoegliche-mission-fuer-serbien-eigenstaendigkeit-der-eu-weg-und-die-freundschaft-zu-russland\/","title":{"rendered":"(Un)m\u00f6gliche Mission f\u00fcr Serbien: Eigenst\u00e4ndigkeit, der EU-Weg und die Freundschaft zu Russland"},"content":{"rendered":"<p><img decoding=\"async\" src=\"http:\/\/just-now.news\/de\/wp-content\/uploads\/sites\/3\/2022\/09\/6334410bb480cc3edc58c0b4.jpg\" \/><\/p>\n<p><em>Von Marinko U\u010dur, Belgrad<\/em><\/p>\n<p>Die Au\u00dfenminister Serbiens und Russlands, Nikola Selakovi\u0107 und Sergei Lawrow, haben n\u00e4mlich am Rande der k\u00fcrzlich abgehaltenen UNO-Generalversammlung den Plan f\u00fcr Konsultationen der Au\u00dfenministerien ihrer L\u00e4nder f\u00fcr die n\u00e4chsten zwei Jahre unterzeichnet. Und das war ein Weckruf f\u00fcr die Administration in Washington, D.C. und die EU-Verwaltung in Br\u00fcssel, weil es beiden nicht recht ist, dass Serbien das einzige europ\u00e4ische Land ist, das seine traditionellen Freunde nicht im Stich lassen will. Wie kann ein Land nur gleichzeitig eine unabh\u00e4ngige Au\u00dfenpolitik f\u00fchren, den &#8220;europ\u00e4ischen Weg&#8221; beschreiten und Forderungen nach antirussischen Sanktionen ignorieren wollen?<\/p>\n<p>Die Antwort auf diese Frage kennt am besten die derzeitige Regierung in Belgrad, an deren Spitze der Staatspr\u00e4sident Aleksandar Vu\u010di\u0107 steht, der t\u00e4glich unangenehmen Fragen von jenen ausgesetzt ist, die souver\u00e4nen Staaten Lektionen erteilen m\u00f6chten. Es vergeht kaum kein Tag ohne Warnungen aus einigen europ\u00e4ischen Hauptst\u00e4dten oder von voreingenommenen Mitgliedern des Europ\u00e4ischen Parlaments, die apokalyptisch verk\u00fcnden, dass &#8220;die Tage der serbischen Neutralit\u00e4t gez\u00e4hlt sind und dass es sich nicht l\u00e4nger zwischen zwei St\u00fchlen setzen kann&#8221;. Niemand will h\u00f6ren, was die Regierung Serbiens st\u00e4ndig wiederholt \u2013 und zwar, dass es die <a>territoriale <\/a>Integrit\u00e4t und territoriale Unversehrtheit der Ukraine respektiere. Doch die orchestrierte Kampagne wird jeden Tag lauter und hallt sehr stark in den Ohren der einfachen B\u00fcrger Serbiens wider, die mit \u00fcberw\u00e4ltigender Mehrheit Anh\u00e4nger der derzeitigen serbischen Politik gegen\u00fcber der Russischen F\u00f6deration sind. Mit anderen Worten: Vu\u010di\u0107 hat eine uneingeschr\u00e4nkte Unterst\u00fctzung in seinen Bem\u00fchungen, das Land unabh\u00e4ngig von \u00e4u\u00dferem Druck und jenen L\u00e4ndern zu f\u00fchren, die das ehemalige Jugoslawien 1999 ohne Legitimation und Zustimmung der Vereinten Nationen bombardierten und verw\u00fcsteten.<\/p>\n<p>Was die Unterst\u00fctzung des EU-Beitritts Serbiens durch die Bev\u00f6lkerung betrifft, so f\u00e4llt auf, dass sie reziprok zum Verh\u00e4ltnis des Druckes aus Br\u00fcssel und Washington im Sinne der Doppelmoral der sogenannten &#8220;internationalen Gemeinschaft&#8221; sinkt. Es ist n\u00e4mlich v\u00f6llig unvorstellbar, dass die gleichen L\u00e4nder, die Belgrad bombardiert haben, Serbien jetzt auch noch auffordern d\u00fcrften, einen Teil seines besetzten Territoriums im Kosovo aufzugeben. Und zeitgleich wird Serbien aufgefordert, seinen traditionellen Freunden Russland und China den R\u00fccken zu kehren, insbesondere Russland, das im UN-Sicherheitsrat die durch die UN-Resolution 1244 garantierte territoriale Integrit\u00e4t Serbiens verteidigt. Vertreter in Belgrad sehen darin Heuchelei und &#8220;Doppelmoral&#8221;, die nicht im Einklang mit dem V\u00f6lkerrecht und der UN-Charta steht. Deshalb hat sich der serbische Pr\u00e4sident Aleksandar Vu\u010di\u0107, wie es scheint, wie nie zuvor darauf vorbereitet, den europ\u00e4ischen B\u00fcrokraten eine Lektion zu erteilen, was zugleich bedeuten k\u00f6nnte, dass endg\u00fcltig die Zeit gekommen ist, &#8220;die Karten auf den Tisch zu legen&#8221;.<\/p>\n<p>Der Tropfen, der das Fass zum \u00dcberlaufen brachte, war der Moment, als der EU-Sprecher Peter Stano die Regierung in Belgrad \u00f6ffentlich kritisiert hatte, weil sie &#8220;Konsultationen mit dem Au\u00dfenministerium eines Landes akzeptiert, das eine verbrecherische Aggression begeht, und dies ist ein sehr deutliches Zeichen daf\u00fcr, dass Serbien ihre Bindungen st\u00e4rken und die Beziehungen zwischen Serbien und Russland weiter vorantreiben will. Die Europ\u00e4ische Union war sich \u00fcber ihre Partnerstaaten und insbesondere \u00fcber diejenigen, die \u00fcber einen Beitritt zur Union verhandeln, darunter auch Serbien, im Klaren&#8221;.<\/p>\n<p>Belgrad erkannte dies als eine Art Drohung und bereitet eine Antwort vor, mit der man &#8220;kein Blatt vor den Mund nehmen&#8221; werde. Serbien zu bedrohen, wie es dieser europ\u00e4ische B\u00fcrokrat wegen des harmlosen technischen Plans aus dem Meeting zwischen den zust\u00e4ndigen serbischen und russischen Ministerien getan hat, kann nicht &#8220;unbeantwortet&#8221; bleiben, so Vertreter Belgrads. Dies umso mehr, als in diesem Dokument keinerlei sicherheitsrelevante Punkte enthalten sind. Selbst wenn es sie g\u00e4be, k\u00f6nnte Serbien als souver\u00e4ner Staat solche mit jedem fremden Land rechtm\u00e4\u00dfig unterzeichnen. Der serbische Au\u00dfenminister und Unterzeichner des Dokuments Nikola Selakovi\u0107 ist \u00fcberrascht, dass das Abkommen ausgerechnet von jenen kritisiert wird, die es \u00fcberhaupt nicht gesehen haben, und er betont, dass &#8220;der Plan zuk\u00fcnftige Schritte in Bezug auf Konsultationen in der UNO zum Kosovo enth\u00e4lt, sowie Fragen zu bilateralen Beziehungen und multilateralen Aktivit\u00e4ten, und darin gibt es keine Sicherheitspolitik&#8221;.<\/p>\n<p>Aber Vertreter Belgrads sind bereits an st\u00e4ndige Bemerkungen \u00fcber die Beziehungen zu Moskau gew\u00f6hnt, und es scheint, dass Serbien mit dem Druck vorerst erfolgreich fertig wird. Und einige prowestliche Medien bef\u00fcrworten erwartungsgem\u00e4\u00df nicht das serbisch-russische Arrangement, weil sie darin &#8220;eine Gefahr f\u00fcr die europ\u00e4ischen Bestrebungen Serbiens&#8221; sehen.<\/p>\n<p>Serbiens diplomatisches Abkommen mit Russland ist im serbischsprachigen Programm des amerikanischen &#8220;<em>Radio Free Europe<\/em>&#8221; ein neuer &#8220;Dorn im Auge&#8221; des Westens. <br \/> &#8220;Es war nicht an der Zeit, ein Abkommen mit Russland zu unterzeichnen&#8221;, berichtet der dem amerikanischen <em>CNN<\/em> nahestehende Belgrader Kabelfernsehsender <em>N1<\/em> und zitiert seine Gespr\u00e4chspartner, die einen neuen, noch st\u00e4rkeren Druck auf Serbien ank\u00fcndigen. <br \/> Der ehemaliger Diplomat Nikola Lopandi\u0107 betont, dass &#8220;der Inhalt des Abkommens unbedeutend ist, aber das Problem ist, dass es in jenem Augenblick unterzeichnet wurde, als Russland seine Aggression gegen die Ukraine durch die Mobilisierung zus\u00e4tzlicher Truppen eskalierte&#8221;.<\/p>\n<p>Auf der anderen Seite stellt Slobodan Ze\u010devi\u0107 vom Institut f\u00fcr Europ\u00e4ische Studien in einer Erkl\u00e4rung f\u00fcr den genannten Fernsehsender interessanterweise fest, &#8220;dass es im n\u00e4chsten Monat einen sehr starken Druck auf Serbien geben wird, Sanktionen gegen Russland zu verh\u00e4ngen&#8221;. Er weist jedoch auf ein offenes Problem in den Beziehungen Serbiens zur Welt hin. Er sagt, dass &#8220;niemand im Volk verr\u00fcckt genug ist, nicht zu sehen, worum es geht \u2013 dass in den letzten 20 Jahren jedes serbische Nationalinteresse mit F\u00fc\u00dfen getreten wurde und dass der Westen nirgendwo f\u00fcr Serbien eingetreten ist. Daher ist diese Haltung Serbiens nicht verwunderlich, das rational wei\u00df, dass es in die EU geh\u00f6rt, aber wenn es die Folgen seiner nationalen Interessen sieht, wendet es sich an Russland als den besten H\u00fcter seiner Interessen&#8221;, sagt Ze\u010devi\u0107.<br \/> N\u00fcchterne Analysten in Belgrad, wie ein ehemaliger serbischer Botschafter in Deutschland, Ognjen Pribi\u0107evi\u0107, erwarten trotz allem kein radikales und strafendes Vorgehen der EU-Beh\u00f6rden in Br\u00fcssel gegen\u00fcber Serbien im Sinne eines m\u00f6glichen Abbruchs der Beitrittsgespr\u00e4che: &#8220;Serbien ist zu wichtig, als es in die entgegengesetzte Richtung zu schieben. Es gibt noch erheblichen diplomatischen Spielraum, um f\u00fcr uns die g\u00fcnstigste Position zu erk\u00e4mpfen, und \u2013 was noch wichtiger als unsere Einigung mit der EU ist \u2013 so denke und hoffe ich, dass es f\u00fcr eine diplomatische Einigung zwischen Russland und dem Westen in Bezug auf die Ukraine einen Weg gibt&#8221;, sagt Pribi\u0107evi\u0107 kategorisch.<\/p>\n<p>&#8220;Wenn wir auch leere Papiere unterschrieben h\u00e4tten, w\u00e4re die Reaktion dieselbe gewesen &#8220;, sagt Professor Stefan Surli\u0107 von der Fakult\u00e4t f\u00fcr Politikwissenschaften und f\u00fcgt hinzu, dass Serbien durch dieses Abkommen nichts Besonderes gewonnen habe, aber dass die darauf folgenden Reaktionen wesentlich ernster als gedacht seien. Es ist offensichtlich, dass der Westen Serbien immer noch als seinen Hinterhof betrachtet, ihm jedoch immer noch ein Vorraum mit ungewisser Vorfreude vorbehalten ist. Serbiens neutrale Haltung ist f\u00fcr den Westen nicht akzeptabel, und eine umfassende Zusammenarbeit mit Russland und ein g\u00fcnstiges Gasabkommen mit diesem Land sind ein Trumpf in den H\u00e4nden Belgrads. Ob Pr\u00e4sident Vu\u010di\u0107 beim zuvor erw\u00e4hnten und angek\u00fcndigten &#8220;Showdown&#8221; mit Br\u00fcssel \u00fcberzeugend genug sein wird, werden wir an diesem Donnerstag erfahren, wenn seine Ansprache an die Nation ansteht.<\/p>\n<p><strong>Mehr zum Thema &#8211; <\/strong><a rel=\"nofollow noopener\" target=\"_blank\" href=\"https:\/\/test.rtde.tech\/europa\/148972-kosovo-will-eu-mitgliedschaft-beantragen\/\">Kosovo will EU-Mitgliedschaft beantragen<\/a><\/p>\n<p><br \/>\n<br \/><a href=\"https:\/\/de.rt.com\/meinung\/150078-unmogliche-mission-fur-serbien-eigenstandigkeit\/\">Source link <\/a><\/p>\n","protected":false},"excerpt":{"rendered":"<p>Von Marinko U\u010dur, Belgrad Die Au\u00dfenminister Serbiens und Russlands, Nikola Selakovi\u0107 und Sergei Lawrow, haben n\u00e4mlich am Rande der k\u00fcrzlich abgehaltenen UNO-Generalversammlung den Plan f\u00fcr Konsultationen der Au\u00dfenministerien ihrer L\u00e4nder f\u00fcr die n\u00e4chsten zwei Jahre unterzeichnet. Und das war ein Weckruf f\u00fcr die Administration in Washington, D.C. und die EU-Verwaltung in Br\u00fcssel, weil es beiden [&hellip;]<\/p>\n","protected":false},"author":3,"featured_media":20017,"comment_status":"open","ping_status":"open","sticky":false,"template":"","format":"standard","meta":{"wp_automatic_camp":["217"],"6408f4b37db7ed659b9b94ac1be57ddd":["(Un)m\u00f6gliche Mission f\u00fcr Serbien: Eigenst\u00e4ndigkeit, der EU-Weg und die Freundschaft zu Russland"],"original_link":["https:\/\/de.rt.com\/meinung\/150078-unmogliche-mission-fur-serbien-eigenstandigkeit\/"],"_thumbnail_id":["20017"],"jnews_social_counter_last_update":["1777349284"]},"categories":[19,23],"tags":[82,45,19527,33591,23707,221,23318,126,978,140,33590],"yoast_head":"<!-- This site is optimized with the Yoast SEO Premium plugin v22.7 (Yoast SEO v22.7) - https:\/\/yoast.com\/wordpress\/plugins\/seo\/ -->\n<title>(Un)m\u00f6gliche Mission f\u00fcr Serbien: Eigenst\u00e4ndigkeit, der EU-Weg und die Freundschaft zu Russland - just-now.NEWS Deutschland<\/title>\n<meta name=\"robots\" content=\"index, follow, max-snippet:-1, max-image-preview:large, max-video-preview:-1\" \/>\n<link rel=\"canonical\" href=\"https:\/\/now-news.de\/de\/deutschland\/unmoegliche-mission-fuer-serbien-eigenstaendigkeit-der-eu-weg-und-die-freundschaft-zu-russland\/\" \/>\n<meta property=\"og:locale\" content=\"de_DE\" \/>\n<meta property=\"og:type\" content=\"article\" \/>\n<meta property=\"og:title\" content=\"(Un)m\u00f6gliche Mission f\u00fcr Serbien: Eigenst\u00e4ndigkeit, der EU-Weg und die Freundschaft zu Russland\" \/>\n<meta property=\"og:description\" content=\"Von Marinko U\u010dur, Belgrad Die Au\u00dfenminister Serbiens und Russlands, Nikola Selakovi\u0107 und Sergei Lawrow, haben n\u00e4mlich am Rande der k\u00fcrzlich abgehaltenen UNO-Generalversammlung den Plan f\u00fcr Konsultationen der Au\u00dfenministerien ihrer L\u00e4nder f\u00fcr die n\u00e4chsten zwei Jahre unterzeichnet. Und das war ein Weckruf f\u00fcr die Administration in Washington, D.C. und die EU-Verwaltung in Br\u00fcssel, weil es beiden [&hellip;]\" \/>\n<meta property=\"og:url\" content=\"https:\/\/now-news.de\/de\/deutschland\/unmoegliche-mission-fuer-serbien-eigenstaendigkeit-der-eu-weg-und-die-freundschaft-zu-russland\/\" \/>\n<meta property=\"og:site_name\" content=\"just-now.NEWS Deutschland\" \/>\n<meta property=\"article:publisher\" content=\"https:\/\/www.facebook.com\/wirmachenauf\" \/>\n<meta property=\"article:published_time\" content=\"2022-09-29T09:56:49+00:00\" \/>\n<meta property=\"og:image\" content=\"https:\/\/now-news.de\/de\/wp-content\/uploads\/sites\/3\/2022\/09\/Unmoegliche-Mission-fuer-Serbien-Eigenstaendigkeit-der-EU-Weg-und-die-Freundschaft.jpg\" \/>\n\t<meta property=\"og:image:width\" content=\"460\" \/>\n\t<meta property=\"og:image:height\" content=\"259\" \/>\n\t<meta property=\"og:image:type\" content=\"image\/jpeg\" \/>\n<meta name=\"author\" content=\"rtnews\" \/>\n<meta name=\"twitter:card\" content=\"summary_large_image\" \/>\n<meta name=\"twitter:creator\" content=\"@WirMachenAuf_de\" \/>\n<meta name=\"twitter:site\" content=\"@WirMachenAuf_de\" \/>\n<meta name=\"twitter:label1\" content=\"Verfasst von\" \/>\n\t<meta name=\"twitter:data1\" content=\"rtnews\" \/>\n\t<meta name=\"twitter:label2\" content=\"Gesch\u00e4tzte Lesezeit\" \/>\n\t<meta name=\"twitter:data2\" content=\"6\u00a0Minuten\" \/>\n<script type=\"application\/ld+json\" class=\"yoast-schema-graph\">{\"@context\":\"https:\/\/schema.org\",\"@graph\":[{\"@type\":\"Article\",\"@id\":\"https:\/\/now-news.de\/de\/deutschland\/unmoegliche-mission-fuer-serbien-eigenstaendigkeit-der-eu-weg-und-die-freundschaft-zu-russland\/#article\",\"isPartOf\":{\"@id\":\"https:\/\/now-news.de\/de\/deutschland\/unmoegliche-mission-fuer-serbien-eigenstaendigkeit-der-eu-weg-und-die-freundschaft-zu-russland\/\"},\"author\":{\"name\":\"rtnews\",\"@id\":\"https:\/\/now-news.de\/de\/#\/schema\/person\/fb534a4e865501d8b3285208df34a9b5\"},\"headline\":\"(Un)m\u00f6gliche Mission f\u00fcr Serbien: Eigenst\u00e4ndigkeit, der EU-Weg und die Freundschaft zu Russland\",\"datePublished\":\"2022-09-29T09:56:49+00:00\",\"dateModified\":\"2022-09-29T09:56:49+00:00\",\"mainEntityOfPage\":{\"@id\":\"https:\/\/now-news.de\/de\/deutschland\/unmoegliche-mission-fuer-serbien-eigenstaendigkeit-der-eu-weg-und-die-freundschaft-zu-russland\/\"},\"wordCount\":1277,\"commentCount\":0,\"publisher\":{\"@id\":\"https:\/\/now-news.de\/de\/#organization\"},\"image\":{\"@id\":\"https:\/\/now-news.de\/de\/deutschland\/unmoegliche-mission-fuer-serbien-eigenstaendigkeit-der-eu-weg-und-die-freundschaft-zu-russland\/#primaryimage\"},\"thumbnailUrl\":\"https:\/\/now-news.de\/de\/wp-content\/uploads\/sites\/3\/2022\/09\/Unmoegliche-Mission-fuer-Serbien-Eigenstaendigkeit-der-EU-Weg-und-die-Freundschaft.jpg\",\"keywords\":[\"der\",\"die\",\"Eigenst\u00e4ndigkeit\",\"EUWeg\",\"Freundschaft\",\"f\u00fcr\",\"Mission\",\"russland\",\"Serbien\",\"und\",\"Unm\u00f6gliche\"],\"articleSection\":[\"Deutschland\",\"Russland\"],\"inLanguage\":\"de\",\"potentialAction\":[{\"@type\":\"CommentAction\",\"name\":\"Comment\",\"target\":[\"https:\/\/now-news.de\/de\/deutschland\/unmoegliche-mission-fuer-serbien-eigenstaendigkeit-der-eu-weg-und-die-freundschaft-zu-russland\/#respond\"]}]},{\"@type\":\"WebPage\",\"@id\":\"https:\/\/now-news.de\/de\/deutschland\/unmoegliche-mission-fuer-serbien-eigenstaendigkeit-der-eu-weg-und-die-freundschaft-zu-russland\/\",\"url\":\"https:\/\/now-news.de\/de\/deutschland\/unmoegliche-mission-fuer-serbien-eigenstaendigkeit-der-eu-weg-und-die-freundschaft-zu-russland\/\",\"name\":\"(Un)m\u00f6gliche Mission f\u00fcr Serbien: Eigenst\u00e4ndigkeit, der EU-Weg und die Freundschaft zu Russland - just-now.NEWS Deutschland\",\"isPartOf\":{\"@id\":\"https:\/\/now-news.de\/de\/#website\"},\"primaryImageOfPage\":{\"@id\":\"https:\/\/now-news.de\/de\/deutschland\/unmoegliche-mission-fuer-serbien-eigenstaendigkeit-der-eu-weg-und-die-freundschaft-zu-russland\/#primaryimage\"},\"image\":{\"@id\":\"https:\/\/now-news.de\/de\/deutschland\/unmoegliche-mission-fuer-serbien-eigenstaendigkeit-der-eu-weg-und-die-freundschaft-zu-russland\/#primaryimage\"},\"thumbnailUrl\":\"https:\/\/now-news.de\/de\/wp-content\/uploads\/sites\/3\/2022\/09\/Unmoegliche-Mission-fuer-Serbien-Eigenstaendigkeit-der-EU-Weg-und-die-Freundschaft.jpg\",\"datePublished\":\"2022-09-29T09:56:49+00:00\",\"dateModified\":\"2022-09-29T09:56:49+00:00\",\"breadcrumb\":{\"@id\":\"https:\/\/now-news.de\/de\/deutschland\/unmoegliche-mission-fuer-serbien-eigenstaendigkeit-der-eu-weg-und-die-freundschaft-zu-russland\/#breadcrumb\"},\"inLanguage\":\"de\",\"potentialAction\":[{\"@type\":\"ReadAction\",\"target\":[\"https:\/\/now-news.de\/de\/deutschland\/unmoegliche-mission-fuer-serbien-eigenstaendigkeit-der-eu-weg-und-die-freundschaft-zu-russland\/\"]}]},{\"@type\":\"ImageObject\",\"inLanguage\":\"de\",\"@id\":\"https:\/\/now-news.de\/de\/deutschland\/unmoegliche-mission-fuer-serbien-eigenstaendigkeit-der-eu-weg-und-die-freundschaft-zu-russland\/#primaryimage\",\"url\":\"https:\/\/now-news.de\/de\/wp-content\/uploads\/sites\/3\/2022\/09\/Unmoegliche-Mission-fuer-Serbien-Eigenstaendigkeit-der-EU-Weg-und-die-Freundschaft.jpg\",\"contentUrl\":\"https:\/\/now-news.de\/de\/wp-content\/uploads\/sites\/3\/2022\/09\/Unmoegliche-Mission-fuer-Serbien-Eigenstaendigkeit-der-EU-Weg-und-die-Freundschaft.jpg\",\"width\":460,\"height\":259,\"caption\":\"(Un)m\u00f6gliche Mission f\u00fcr Serbien: Eigenst\u00e4ndigkeit, der EU-Weg und die Freundschaft zu Russland\"},{\"@type\":\"BreadcrumbList\",\"@id\":\"https:\/\/now-news.de\/de\/deutschland\/unmoegliche-mission-fuer-serbien-eigenstaendigkeit-der-eu-weg-und-die-freundschaft-zu-russland\/#breadcrumb\",\"itemListElement\":[{\"@type\":\"ListItem\",\"position\":1,\"name\":\"Home\",\"item\":\"https:\/\/now-news.de\/de\/\"},{\"@type\":\"ListItem\",\"position\":2,\"name\":\"(Un)m\u00f6gliche Mission f\u00fcr Serbien: Eigenst\u00e4ndigkeit, der EU-Weg und die Freundschaft zu Russland\"}]},{\"@type\":\"WebSite\",\"@id\":\"https:\/\/now-news.de\/de\/#website\",\"url\":\"https:\/\/now-news.de\/de\/\",\"name\":\"just-now.NEWS Deutschland\",\"description\":\"Das Portal f\u00fcr unzensierte Nachrichten aus der Welt\",\"publisher\":{\"@id\":\"https:\/\/now-news.de\/de\/#organization\"},\"potentialAction\":[{\"@type\":\"SearchAction\",\"target\":{\"@type\":\"EntryPoint\",\"urlTemplate\":\"https:\/\/now-news.de\/de\/?s={search_term_string}\"},\"query-input\":\"required name=search_term_string\"}],\"inLanguage\":\"de\"},{\"@type\":\"Organization\",\"@id\":\"https:\/\/now-news.de\/de\/#organization\",\"name\":\"Just Now News\",\"url\":\"https:\/\/now-news.de\/de\/\",\"logo\":{\"@type\":\"ImageObject\",\"inLanguage\":\"de\",\"@id\":\"https:\/\/now-news.de\/de\/#\/schema\/logo\/image\/\",\"url\":\"http:\/\/just-now.news\/de\/wp-content\/uploads\/sites\/3\/2022\/04\/logo500x500.jpg\",\"contentUrl\":\"http:\/\/just-now.news\/de\/wp-content\/uploads\/sites\/3\/2022\/04\/logo500x500.jpg\",\"width\":500,\"height\":500,\"caption\":\"Just Now News\"},\"image\":{\"@id\":\"https:\/\/now-news.de\/de\/#\/schema\/logo\/image\/\"},\"sameAs\":[\"https:\/\/www.facebook.com\/wirmachenauf\",\"https:\/\/x.com\/WirMachenAuf_de\"]},{\"@type\":\"Person\",\"@id\":\"https:\/\/now-news.de\/de\/#\/schema\/person\/fb534a4e865501d8b3285208df34a9b5\",\"name\":\"rtnews\",\"image\":{\"@type\":\"ImageObject\",\"inLanguage\":\"de\",\"@id\":\"https:\/\/now-news.de\/de\/#\/schema\/person\/image\/\",\"url\":\"https:\/\/secure.gravatar.com\/avatar\/82aafea7d8127119dd649515f56e2117?s=96&d=mm&r=g\",\"contentUrl\":\"https:\/\/secure.gravatar.com\/avatar\/82aafea7d8127119dd649515f56e2117?s=96&d=mm&r=g\",\"caption\":\"rtnews\"},\"url\":\"https:\/\/now-news.de\/de\/author\/rnews\/\"}]}<\/script>\n<!-- \/ Yoast SEO Premium plugin. -->","yoast_head_json":{"title":"(Un)m\u00f6gliche Mission f\u00fcr Serbien: Eigenst\u00e4ndigkeit, der EU-Weg und die Freundschaft zu Russland - just-now.NEWS Deutschland","robots":{"index":"index","follow":"follow","max-snippet":"max-snippet:-1","max-image-preview":"max-image-preview:large","max-video-preview":"max-video-preview:-1"},"canonical":"https:\/\/now-news.de\/de\/deutschland\/unmoegliche-mission-fuer-serbien-eigenstaendigkeit-der-eu-weg-und-die-freundschaft-zu-russland\/","og_locale":"de_DE","og_type":"article","og_title":"(Un)m\u00f6gliche Mission f\u00fcr Serbien: Eigenst\u00e4ndigkeit, der EU-Weg und die Freundschaft zu Russland","og_description":"Von Marinko U\u010dur, Belgrad Die Au\u00dfenminister Serbiens und Russlands, Nikola Selakovi\u0107 und Sergei Lawrow, haben n\u00e4mlich am Rande der k\u00fcrzlich abgehaltenen UNO-Generalversammlung den Plan f\u00fcr Konsultationen der Au\u00dfenministerien ihrer L\u00e4nder f\u00fcr die n\u00e4chsten zwei Jahre unterzeichnet. Und das war ein Weckruf f\u00fcr die Administration in Washington, D.C. und die EU-Verwaltung in Br\u00fcssel, weil es beiden [&hellip;]","og_url":"https:\/\/now-news.de\/de\/deutschland\/unmoegliche-mission-fuer-serbien-eigenstaendigkeit-der-eu-weg-und-die-freundschaft-zu-russland\/","og_site_name":"just-now.NEWS Deutschland","article_publisher":"https:\/\/www.facebook.com\/wirmachenauf","article_published_time":"2022-09-29T09:56:49+00:00","og_image":[{"width":460,"height":259,"url":"https:\/\/now-news.de\/de\/wp-content\/uploads\/sites\/3\/2022\/09\/Unmoegliche-Mission-fuer-Serbien-Eigenstaendigkeit-der-EU-Weg-und-die-Freundschaft.jpg","type":"image\/jpeg"}],"author":"rtnews","twitter_card":"summary_large_image","twitter_creator":"@WirMachenAuf_de","twitter_site":"@WirMachenAuf_de","twitter_misc":{"Verfasst von":"rtnews","Gesch\u00e4tzte Lesezeit":"6\u00a0Minuten"},"schema":{"@context":"https:\/\/schema.org","@graph":[{"@type":"Article","@id":"https:\/\/now-news.de\/de\/deutschland\/unmoegliche-mission-fuer-serbien-eigenstaendigkeit-der-eu-weg-und-die-freundschaft-zu-russland\/#article","isPartOf":{"@id":"https:\/\/now-news.de\/de\/deutschland\/unmoegliche-mission-fuer-serbien-eigenstaendigkeit-der-eu-weg-und-die-freundschaft-zu-russland\/"},"author":{"name":"rtnews","@id":"https:\/\/now-news.de\/de\/#\/schema\/person\/fb534a4e865501d8b3285208df34a9b5"},"headline":"(Un)m\u00f6gliche Mission f\u00fcr Serbien: Eigenst\u00e4ndigkeit, der EU-Weg und die Freundschaft zu Russland","datePublished":"2022-09-29T09:56:49+00:00","dateModified":"2022-09-29T09:56:49+00:00","mainEntityOfPage":{"@id":"https:\/\/now-news.de\/de\/deutschland\/unmoegliche-mission-fuer-serbien-eigenstaendigkeit-der-eu-weg-und-die-freundschaft-zu-russland\/"},"wordCount":1277,"commentCount":0,"publisher":{"@id":"https:\/\/now-news.de\/de\/#organization"},"image":{"@id":"https:\/\/now-news.de\/de\/deutschland\/unmoegliche-mission-fuer-serbien-eigenstaendigkeit-der-eu-weg-und-die-freundschaft-zu-russland\/#primaryimage"},"thumbnailUrl":"https:\/\/now-news.de\/de\/wp-content\/uploads\/sites\/3\/2022\/09\/Unmoegliche-Mission-fuer-Serbien-Eigenstaendigkeit-der-EU-Weg-und-die-Freundschaft.jpg","keywords":["der","die","Eigenst\u00e4ndigkeit","EUWeg","Freundschaft","f\u00fcr","Mission","russland","Serbien","und","Unm\u00f6gliche"],"articleSection":["Deutschland","Russland"],"inLanguage":"de","potentialAction":[{"@type":"CommentAction","name":"Comment","target":["https:\/\/now-news.de\/de\/deutschland\/unmoegliche-mission-fuer-serbien-eigenstaendigkeit-der-eu-weg-und-die-freundschaft-zu-russland\/#respond"]}]},{"@type":"WebPage","@id":"https:\/\/now-news.de\/de\/deutschland\/unmoegliche-mission-fuer-serbien-eigenstaendigkeit-der-eu-weg-und-die-freundschaft-zu-russland\/","url":"https:\/\/now-news.de\/de\/deutschland\/unmoegliche-mission-fuer-serbien-eigenstaendigkeit-der-eu-weg-und-die-freundschaft-zu-russland\/","name":"(Un)m\u00f6gliche Mission f\u00fcr Serbien: Eigenst\u00e4ndigkeit, der EU-Weg und die Freundschaft zu Russland - just-now.NEWS Deutschland","isPartOf":{"@id":"https:\/\/now-news.de\/de\/#website"},"primaryImageOfPage":{"@id":"https:\/\/now-news.de\/de\/deutschland\/unmoegliche-mission-fuer-serbien-eigenstaendigkeit-der-eu-weg-und-die-freundschaft-zu-russland\/#primaryimage"},"image":{"@id":"https:\/\/now-news.de\/de\/deutschland\/unmoegliche-mission-fuer-serbien-eigenstaendigkeit-der-eu-weg-und-die-freundschaft-zu-russland\/#primaryimage"},"thumbnailUrl":"https:\/\/now-news.de\/de\/wp-content\/uploads\/sites\/3\/2022\/09\/Unmoegliche-Mission-fuer-Serbien-Eigenstaendigkeit-der-EU-Weg-und-die-Freundschaft.jpg","datePublished":"2022-09-29T09:56:49+00:00","dateModified":"2022-09-29T09:56:49+00:00","breadcrumb":{"@id":"https:\/\/now-news.de\/de\/deutschland\/unmoegliche-mission-fuer-serbien-eigenstaendigkeit-der-eu-weg-und-die-freundschaft-zu-russland\/#breadcrumb"},"inLanguage":"de","potentialAction":[{"@type":"ReadAction","target":["https:\/\/now-news.de\/de\/deutschland\/unmoegliche-mission-fuer-serbien-eigenstaendigkeit-der-eu-weg-und-die-freundschaft-zu-russland\/"]}]},{"@type":"ImageObject","inLanguage":"de","@id":"https:\/\/now-news.de\/de\/deutschland\/unmoegliche-mission-fuer-serbien-eigenstaendigkeit-der-eu-weg-und-die-freundschaft-zu-russland\/#primaryimage","url":"https:\/\/now-news.de\/de\/wp-content\/uploads\/sites\/3\/2022\/09\/Unmoegliche-Mission-fuer-Serbien-Eigenstaendigkeit-der-EU-Weg-und-die-Freundschaft.jpg","contentUrl":"https:\/\/now-news.de\/de\/wp-content\/uploads\/sites\/3\/2022\/09\/Unmoegliche-Mission-fuer-Serbien-Eigenstaendigkeit-der-EU-Weg-und-die-Freundschaft.jpg","width":460,"height":259,"caption":"(Un)m\u00f6gliche Mission f\u00fcr Serbien: Eigenst\u00e4ndigkeit, der EU-Weg und die Freundschaft zu Russland"},{"@type":"BreadcrumbList","@id":"https:\/\/now-news.de\/de\/deutschland\/unmoegliche-mission-fuer-serbien-eigenstaendigkeit-der-eu-weg-und-die-freundschaft-zu-russland\/#breadcrumb","itemListElement":[{"@type":"ListItem","position":1,"name":"Home","item":"https:\/\/now-news.de\/de\/"},{"@type":"ListItem","position":2,"name":"(Un)m\u00f6gliche Mission f\u00fcr Serbien: Eigenst\u00e4ndigkeit, der EU-Weg und die Freundschaft zu Russland"}]},{"@type":"WebSite","@id":"https:\/\/now-news.de\/de\/#website","url":"https:\/\/now-news.de\/de\/","name":"just-now.NEWS Deutschland","description":"Das Portal f\u00fcr unzensierte Nachrichten aus der Welt","publisher":{"@id":"https:\/\/now-news.de\/de\/#organization"},"potentialAction":[{"@type":"SearchAction","target":{"@type":"EntryPoint","urlTemplate":"https:\/\/now-news.de\/de\/?s={search_term_string}"},"query-input":"required name=search_term_string"}],"inLanguage":"de"},{"@type":"Organization","@id":"https:\/\/now-news.de\/de\/#organization","name":"Just Now News","url":"https:\/\/now-news.de\/de\/","logo":{"@type":"ImageObject","inLanguage":"de","@id":"https:\/\/now-news.de\/de\/#\/schema\/logo\/image\/","url":"http:\/\/just-now.news\/de\/wp-content\/uploads\/sites\/3\/2022\/04\/logo500x500.jpg","contentUrl":"http:\/\/just-now.news\/de\/wp-content\/uploads\/sites\/3\/2022\/04\/logo500x500.jpg","width":500,"height":500,"caption":"Just Now News"},"image":{"@id":"https:\/\/now-news.de\/de\/#\/schema\/logo\/image\/"},"sameAs":["https:\/\/www.facebook.com\/wirmachenauf","https:\/\/x.com\/WirMachenAuf_de"]},{"@type":"Person","@id":"https:\/\/now-news.de\/de\/#\/schema\/person\/fb534a4e865501d8b3285208df34a9b5","name":"rtnews","image":{"@type":"ImageObject","inLanguage":"de","@id":"https:\/\/now-news.de\/de\/#\/schema\/person\/image\/","url":"https:\/\/secure.gravatar.com\/avatar\/82aafea7d8127119dd649515f56e2117?s=96&d=mm&r=g","contentUrl":"https:\/\/secure.gravatar.com\/avatar\/82aafea7d8127119dd649515f56e2117?s=96&d=mm&r=g","caption":"rtnews"},"url":"https:\/\/now-news.de\/de\/author\/rnews\/"}]}},"_links":{"self":[{"href":"https:\/\/now-news.de\/de\/wp-json\/wp\/v2\/posts\/20016"}],"collection":[{"href":"https:\/\/now-news.de\/de\/wp-json\/wp\/v2\/posts"}],"about":[{"href":"https:\/\/now-news.de\/de\/wp-json\/wp\/v2\/types\/post"}],"author":[{"embeddable":true,"href":"https:\/\/now-news.de\/de\/wp-json\/wp\/v2\/users\/3"}],"replies":[{"embeddable":true,"href":"https:\/\/now-news.de\/de\/wp-json\/wp\/v2\/comments?post=20016"}],"version-history":[{"count":0,"href":"https:\/\/now-news.de\/de\/wp-json\/wp\/v2\/posts\/20016\/revisions"}],"wp:featuredmedia":[{"embeddable":true,"href":"https:\/\/now-news.de\/de\/wp-json\/wp\/v2\/media\/20017"}],"wp:attachment":[{"href":"https:\/\/now-news.de\/de\/wp-json\/wp\/v2\/media?parent=20016"}],"wp:term":[{"taxonomy":"category","embeddable":true,"href":"https:\/\/now-news.de\/de\/wp-json\/wp\/v2\/categories?post=20016"},{"taxonomy":"post_tag","embeddable":true,"href":"https:\/\/now-news.de\/de\/wp-json\/wp\/v2\/tags?post=20016"}],"curies":[{"name":"wp","href":"https:\/\/api.w.org\/{rel}","templated":true}]}}