{"id":19870,"date":"2022-09-27T15:38:17","date_gmt":"2022-09-27T13:38:17","guid":{"rendered":"http:\/\/just-now.news\/de\/deutschland\/nato-und-russland-ein-brandgefaehrlicher-eskalationskurs-selenskij-soll-abnutzungskrieg-fuehren\/"},"modified":"2022-09-27T15:38:17","modified_gmt":"2022-09-27T13:38:17","slug":"nato-und-russland-ein-brandgefaehrlicher-eskalationskurs-selenskij-soll-abnutzungskrieg-fuehren","status":"publish","type":"post","link":"https:\/\/now-news.de\/de\/deutschland\/nato-und-russland-ein-brandgefaehrlicher-eskalationskurs-selenskij-soll-abnutzungskrieg-fuehren\/","title":{"rendered":"NATO und Russland \u2013 ein brandgef\u00e4hrlicher Eskalationskurs! Selenskij soll Abnutzungskrieg f\u00fchren"},"content":{"rendered":"<div class=\"Text-root Text-type_1 \">\n                Die Situation zwischen der NATO und Russland spitzt sich immer weiter zu, und es wird von US-Seite alles unternommen, um Russland in einen jahrelangen Abnutzungskrieg zu verwickeln. Die vor einer Woche gezeigten Strategien der Denkfabrik des US-Verteidigungsministeriums zur Destabilisierung Russlands \u00f6ffnen jedem absolut die Augen, der sehen will. Der Titel des einen Papiers &#8220;Russland \u00fcberfordern und aus dem Gleichgewicht bringen&#8221; sagt dazu alles.\n            <\/div>\n<p><\/p>\n<div class=\"Text-root Text-type_5 ArticleView-text ViewText-root \">\n<p><em><\/em><\/p>\n<p><em>Von Thorsten Schulte\u00a0<\/em><\/p>\n<p>Ja, Geschichte wiederholt sich nicht, aber sie reimt sich. Das Archiv der <em>New York Times<\/em> beweist uns noch heute das grausame Denken eines Harry S. Truman. Er war der US-Pr\u00e4sident, der in einem Akt der Grausamkeit zwei Atombomben auf die St\u00e4dte Hiroshima und Nagasaki abwerfen lie\u00df. Dieser Mann sagte Jahre zuvor, am 23. Juni 1941 nach dem Beginn des Unternehmens Barbarossa als Angriff Nazi-Deutschlands auf die Sowjetunion:<\/p>\n<blockquote>\n<p><strong>&#8220;Wenn wir sehen, dass Deutschland gewinnt, sollten wir Russland helfen, und wenn Russland gewinnt, sollten wir Deutschland helfen und sie auf diese Weise so viele wie m\u00f6glich einander totschlagen lassen.&#8221; <\/strong><\/p>\n<\/blockquote>\n<p>Quelle: Buch &#8220;Fremdbestimmt: 120 Jahre L\u00fcgen und T\u00e4uschung&#8221;, Seite 16, Fu\u00dfnote 13: Senator Harry S. Truman, <em>New York Times<\/em>, 24. Juni 1941, Seite 7. Vom 12. Mai 1945 bis zum 20. Januar 1953 war Harry S. Truman sp\u00e4ter der 33. Pr\u00e4sident der USA.)<\/p>\n<figure class=\"RTImage-root\">\n<div class=\"RTImage-image RTImage-original\"><picture class=\"Picture-root Picture-original\"><!--[if IE 9]><video style=\"display: none;\"><![endif]--><source media=\"(-webkit-min-device-pixel-ratio: 2) and (min-resolution: 120dpi)\" data-srcset=\" \nhttp:\/\/just-now.news\/de\/wp-content\/uploads\/sites\/3\/2022\/09\/6332e8b1b480cc679e38809a.jpg 850w,\n                http:\/\/just-now.news\/de\/wp-content\/uploads\/sites\/3\/2022\/09\/6332e8b1b480cc679e38809a.jpg 1960w,\n            \" ><source data-srcset=\" \nhttp:\/\/just-now.news\/de\/wp-content\/uploads\/sites\/3\/2022\/09\/6332e8b1b480cc679e38809a.jpg 460w,\n              http:\/\/just-now.news\/de\/wp-content\/uploads\/sites\/3\/2022\/09\/6332e8b1b480cc679e38809a.jpg 980w,\n            \" ><!--[if IE 9]><\/video><![endif]--><img decoding=\"async\" data- src=\"data:image\/png;base64,iVBORw0KGgoAAAANSUhEUgAAABAAAAAJCAQAAACRI2S5AAAAEElEQVR42mNkIAAYRxWAAQAG9gAKqv6+AwAAAABJRU5ErkJggg==\" class=\"Picture-root Picture-original lazyload\" data-src=\"http:\/\/just-now.news\/de\/wp-content\/uploads\/sites\/3\/2022\/09\/6332e8b1b480cc679e38809a.jpg\" alt=\"\"><\/source><\/source><\/picture><!-- noscript pattern --><noscript><img decoding=\"async\" src=\"http:\/\/just-now.news\/de\/wp-content\/uploads\/sites\/3\/2022\/09\/6332e8b1b480cc679e38809a.jpg\" alt=\"\"><\/noscript><\/div>\n<\/figure>\n<p>Zur \u00dcberpr\u00fcfung f\u00fcr jedermann im folgenden Artikel der <em>New York Times<\/em> im Absatz &#8220;The Buck Stops Here&#8221;: <a rel=\"nofollow noopener\" target=\"_blank\" href=\"https:\/\/archive.nytimes.com\/www.nytimes.com\/learning\/general\/onthisday\/bday\/0508.html\">https:\/\/archive.nytimes.com\/www.nytimes.com\/learning\/general\/onthisday\/bday\/0508.html<\/a><\/p>\n<p>Erst als der Sieg der Roten Armee auch ohne zweite Front im Westen absehbar war, kam es zur Landung in der Normandie am 6. Juni 1944. Wieder und wieder hatte die Sowjetunion den Westen gedr\u00e4ngt, eine zweite Front zu er\u00f6ffnen. Und erst mit diesem Tag begannen britische und US-Bomber die \u00d6lproduktionsanlagen des Deutschen Reiches anzugreifen.<\/p>\n<figure class=\"RTImage-root\">\n<div class=\"RTImage-image RTImage-original\"><picture class=\"Picture-root Picture-original\"><!--[if IE 9]><video style=\"display: none;\"><![endif]--><source media=\"(-webkit-min-device-pixel-ratio: 2) and (min-resolution: 120dpi)\" data-srcset=\" \nhttp:\/\/just-now.news\/de\/wp-content\/uploads\/sites\/3\/2022\/09\/6332e8ecb480cc29316de1ff.jpg 850w,\n                http:\/\/just-now.news\/de\/wp-content\/uploads\/sites\/3\/2022\/09\/6332e8ecb480cc29316de1ff.jpg 1960w,\n            \" ><source data-srcset=\" \nhttp:\/\/just-now.news\/de\/wp-content\/uploads\/sites\/3\/2022\/09\/6332e8ecb480cc29316de1ff.jpg 460w,\n              http:\/\/just-now.news\/de\/wp-content\/uploads\/sites\/3\/2022\/09\/6332e8ecb480cc29316de1ff.jpg 980w,\n            \" ><!--[if IE 9]><\/video><![endif]--><img decoding=\"async\" data- src=\"data:image\/png;base64,iVBORw0KGgoAAAANSUhEUgAAABAAAAAJCAQAAACRI2S5AAAAEElEQVR42mNkIAAYRxWAAQAG9gAKqv6+AwAAAABJRU5ErkJggg==\" class=\"Picture-root Picture-original lazyload\" data-src=\"http:\/\/just-now.news\/de\/wp-content\/uploads\/sites\/3\/2022\/09\/6332e8ecb480cc29316de1ff.jpg\" alt=\"\"><\/source><\/source><\/picture><!-- noscript pattern --><noscript><img decoding=\"async\" src=\"http:\/\/just-now.news\/de\/wp-content\/uploads\/sites\/3\/2022\/09\/6332e8ecb480cc29316de1ff.jpg\" alt=\"\"><\/noscript><\/div>\n<\/figure>\n<p>Quelle: Buch &#8220;Fremdbestimmt: 120 Jahre L\u00fcgen und T\u00e4uschung&#8221;, Seite 23, Fu\u00dfnote 27: Carl A. Spaatz, Air War in Europe, Seite 506: <a rel=\"nofollow noopener\" target=\"_blank\" href=\"https:\/\/ia802307.us.archive.org\/18\/items\/CarlASpaatzAndTheAirWarInEurope\/CarlASpaatzAndTheAirWarInEurope.pdf\">https:\/\/ia802307.us.archive.org\/18\/items\/CarlASpaatzAndTheAirWarInEurope\/CarlASpaatzAndTheAirWarInEurope.pdf<\/a><\/p>\n<p>Was die USA und Gro\u00dfbritannien damals taten (und nicht taten), war sehr perfide. Die Worte Trumans vom 23. Juni 1941 sprechen eine Sprache, die menschenverachtend ist und das ganze geopolitische Denken der US-Amerikaner bis heute verr\u00e4t.<\/p>\n<p>Ja, die Denkfabrik des US-Verteidigungsministeriums macht die heutigen Pl\u00e4ne deutlich. Der Titel des 2019 ver\u00f6ffentlichten Papiers \u2013 dies sei nochmals betont \u2013 lautet: &#8220;Russland \u00fcberfordern und aus dem Gleichgewicht bringen&#8221;.<\/p>\n<p>Zwei Beweise m\u00fcssen wir anf\u00fchren daf\u00fcr, dass die US-Geostrategen alles unternehmen, um einen Friedensschluss in der Ukraine zu verhindern.<\/p>\n<p>Der erste Beweis erschien am 25. August 2022 im &#8220;<em>Foreign Affairs<\/em>&#8220;, dem Journal der h\u00f6chst einflussreichen US-Denkfabrik &#8220;Council on Foreign Relations&#8221;. Fiona Hill, ehemaliges Mitglied des Nationalen Sicherheitsrats der USA und Mitglied im Council on Foreign Relations, <a rel=\"nofollow noopener\" target=\"_blank\" href=\"https:\/\/www.foreignaffairs.com\/russian-federation\/world-putin-wants-fiona-hill-angela-stent\">schrieb <\/a>darin wortw\u00f6rtlich:<\/p>\n<blockquote>\n<p><strong>&#8220;Nach mehreren hochrangigen US-Regierungsvertretern, mit denen wir gesprochen haben, schienen sich die Unterh\u00e4ndler Russlands und der Ukraine vorsichtig auf die Konturen einer verhandelten \u00dcbergangsl\u00f6sung geeinigt zu haben: Russland w\u00fcrde sich auf seine Stellungen vom 23. Februar zur\u00fcckziehen, als es Teile des Donbass und die gesamte Krim kontrollierte, und im Gegenzug w\u00fcrde die Ukraine versprechen, keine NATO-Mitgliedschaft anzustreben und stattdessen Sicherheitsgarantien von verschiedenen Staaten erhalten.&#8221;<\/strong><\/p>\n<\/blockquote>\n<figure class=\"RTImage-root\">\n<div class=\"RTImage-image RTImage-original\"><picture class=\"Picture-root Picture-original\"><!--[if IE 9]><video style=\"display: none;\"><![endif]--><source media=\"(-webkit-min-device-pixel-ratio: 2) and (min-resolution: 120dpi)\" data-srcset=\" \nhttp:\/\/just-now.news\/de\/wp-content\/uploads\/sites\/3\/2022\/09\/6332e955b480cc2b525b574c.jpg 850w,\n                http:\/\/just-now.news\/de\/wp-content\/uploads\/sites\/3\/2022\/09\/6332e955b480cc2b525b574c.jpg 1960w,\n            \" ><source data-srcset=\" \nhttp:\/\/just-now.news\/de\/wp-content\/uploads\/sites\/3\/2022\/09\/6332e955b480cc2b525b574c.jpg 460w,\n              http:\/\/just-now.news\/de\/wp-content\/uploads\/sites\/3\/2022\/09\/6332e955b480cc2b525b574c.jpg 980w,\n            \" ><!--[if IE 9]><\/video><![endif]--><img decoding=\"async\" data- src=\"data:image\/png;base64,iVBORw0KGgoAAAANSUhEUgAAABAAAAAJCAQAAACRI2S5AAAAEElEQVR42mNkIAAYRxWAAQAG9gAKqv6+AwAAAABJRU5ErkJggg==\" class=\"Picture-root Picture-original lazyload\" data-src=\"http:\/\/just-now.news\/de\/wp-content\/uploads\/sites\/3\/2022\/09\/6332e955b480cc2b525b574c.jpg\" alt=\"\"><\/source><\/source><\/picture><!-- noscript pattern --><noscript><img decoding=\"async\" src=\"http:\/\/just-now.news\/de\/wp-content\/uploads\/sites\/3\/2022\/09\/6332e955b480cc2b525b574c.jpg\" alt=\"\"><\/noscript><\/div>\n<\/figure>\n<p>Eben diese Verhandlungen endeten dann abrupt durch einen Besuch des damaligen britischen Premierministers Boris Johnson am 9. April 2022 in Kiew. Nochmals: Vertreter Russlands und der Ukraine h\u00e4tten sich vorsichtig auf die Konturen einer verhandelten \u00dcbergangsl\u00f6sung geeinigt \u2013 und dann kam es dennoch nicht zu einer Friedensl\u00f6sung. Ganz eindeutig deshalb, weil hier von dritter Seite Einfluss genommen worden sein muss. Denn die US-Strategen haben nach allem, was wir wissen, \u00fcberhaupt kein Interesse an Frieden in der Ukraine. Ich zitiere noch einmal den ehemaligen US-Pr\u00e4sidenten Harry S. Truman:<\/p>\n<blockquote>\n<p><strong>&#8220;Wenn wir sehen, dass Deutschland gewinnt, sollten wir Russland helfen, und wenn Russland gewinnt, sollten wir Deutschland helfen und sie auf diese Weise so viele wie m\u00f6glich einander totschlagen lassen.&#8221;<\/strong><\/p>\n<\/blockquote>\n<p>Ersetzen wir heute nur das damalige Nazi-Deutschland durch die heutige Ukraine, dann erkennen wir das tragische Spiel.<\/p>\n<p>Am 11. M\u00e4rz 2022 erschien in der <em>Jerusalem Post<\/em> ein Artikel mit der \u00dcberschrift:<\/p>\n<blockquote>\n<p><strong>&#8220;Bennett r\u00e4t Zelensky zur Kapitulation vor Russland, Zelensky weigert sich&#8221;. <\/strong><\/p>\n<\/blockquote>\n<p>Im Artikel hei\u00dft es, der damalige israelische Ministerpr\u00e4sident Naftali Bennett habe dem ukrainischen Pr\u00e4sidenten Wladimir Selenskij in einem Telefonat am Dienstag, dem 8. M\u00e4rz 2022, empfohlen, dass die Ukraine das Angebot des russischen Pr\u00e4sidenten Wladimir Putin zur Beendigung des Krieges, der viele ukrainische Opfer fordert, annimmt. Die Zeitung zitierte einen Beamten der ukrainischen Regierung. Dem Beamten zufolge habe Selenskij den Rat Bennetts nicht angenommen. Die Quelle behauptete, das Telefonat sei von Bennett initiiert worden.<\/p>\n<p><em>&#8220;Wenn ich Sie w\u00e4re, w\u00fcrde ich an das Leben meines Volkes denken und das Angebot annehmen&#8221;<\/em>, soll Bennett laut dem damaligen Zeitungsbericht gesagt haben. Offiziell wurde die Darstellung wenig sp\u00e4ter dementiert und der Artikel ist heute nur noch im Webarchiv zug\u00e4nglich.\u00a0<\/p>\n<figure class=\"RTImage-root\">\n<div class=\"RTImage-image RTImage-original\"><picture class=\"Picture-root Picture-original\"><!--[if IE 9]><video style=\"display: none;\"><![endif]--><source media=\"(-webkit-min-device-pixel-ratio: 2) and (min-resolution: 120dpi)\" data-srcset=\" \nhttp:\/\/just-now.news\/de\/wp-content\/uploads\/sites\/3\/2022\/09\/6332e98848fbef4eef246af1.jpg 850w,\n                http:\/\/just-now.news\/de\/wp-content\/uploads\/sites\/3\/2022\/09\/6332e98848fbef4eef246af1.jpg 1960w,\n            \" ><source data-srcset=\" \nhttp:\/\/just-now.news\/de\/wp-content\/uploads\/sites\/3\/2022\/09\/6332e98848fbef4eef246af1.jpg 460w,\n              http:\/\/just-now.news\/de\/wp-content\/uploads\/sites\/3\/2022\/09\/6332e98848fbef4eef246af1.jpg 980w,\n            \" ><!--[if IE 9]><\/video><![endif]--><img decoding=\"async\" data- src=\"data:image\/png;base64,iVBORw0KGgoAAAANSUhEUgAAABAAAAAJCAQAAACRI2S5AAAAEElEQVR42mNkIAAYRxWAAQAG9gAKqv6+AwAAAABJRU5ErkJggg==\" class=\"Picture-root Picture-original lazyload\" data-src=\"http:\/\/just-now.news\/de\/wp-content\/uploads\/sites\/3\/2022\/09\/6332e98848fbef4eef246af1.jpg\" alt=\"\"><\/source><\/source><\/picture><!-- noscript pattern --><noscript><img decoding=\"async\" src=\"http:\/\/just-now.news\/de\/wp-content\/uploads\/sites\/3\/2022\/09\/6332e98848fbef4eef246af1.jpg\" alt=\"\"><\/noscript><\/div>\n<\/figure>\n<p>George Friedman lehrte zwei Jahrzehnte als Professor f\u00fcr Politikwissenschaft am Dickinson College in Carlisle, Pennsylvania, wo er sich mit dem Marxismus und der &#8220;Frankfurter Schule&#8221; besch\u00e4ftigte. Kommandeure der US-Streitkr\u00e4fte, des Office of Net Assessments, SHAPE Technical Center, des US Army War College, der National Defense University und der renommierten RAND Corporation h\u00f6rten dort in Fragen der Sicherheit und nationalen Verteidigung auf ihn. 1996 gr\u00fcndete Friedman die private &#8220;Intelligence Corporation&#8221; Stratfor, die sich mit Sicherheitsfragen, Geopolitik und strategischen Voraussagen befasst. <br \/> Wir m\u00fcssen alles daransetzen, dass die Prognosen dieses George Friedman nicht eintreten, die er in seinem Buch &#8220;Die n\u00e4chsten 100 Jahre&#8221; ge\u00e4u\u00dfert hat. Darin schreibt er: <br \/> &#8220;<em>Der Zusammenbruch Russlands zu Beginn der 2020er Jahre st\u00fcrzt ganz Eurasien ins Chaos.&#8221; <\/em>Der russische Kollaps falle dabei mit <em>&#8220;<\/em>der chinesischen Krise<em>&#8221; <\/em>zusammen. Laut Friedman macht der <em>&#8220;Zerfall, der den gesamten Kontinent von Kasachstan bis zum Pazifik erfasst&#8221;, <\/em>vor keiner Grenze Halt. Aus Sicht der Vereinigten Staaten sei dies eine durchaus begr\u00fc\u00dfenswerte Entwicklung, denn ihr f\u00fcnftes Gebot verlange, dass &#8220;<em>keine Macht in der Lage sein darf, Eurasien zu beherrschen&#8221;<\/em>. Friedman frohlockt: &#8220;<em>Da Russland und China im Chaos versinken, ist diese Gefahr in weite Ferne ger\u00fcckt.&#8221;<\/em><\/p>\n<p>Quelle: Buch &#8220;Fremdbestimmt: 120 Jahre L\u00fcgen und T\u00e4uschung&#8221;, Seite 28, Fu\u00dfnote 32: George Friedman, &#8220;Die n\u00e4chsten 100 Jahre&#8221;, Campus Verlag, Frankfurt \/ New York 2009, Seite 165<\/p>\n<p>Wollen wir, dass dieser Zynismus der Macht, dass diese erbarmungslosen und nur auf US-Interessen fokussierten US-Machtmenschen ihre Zukunftsvisionen verwirklichen k\u00f6nnen? Sind sie nicht die gr\u00f6\u00dften Feinde unserer Menschheitsfamilie? Denken wir alle nach und handeln wir, bevor es zu sp\u00e4t ist.<\/p>\n<p>Die Menschen in Europa m\u00fcssen erkennen, welche Kr\u00e4fte die Zukunft unseres Kontinents gef\u00e4hrden. Die Stabilit\u00e4t Europas, der soziale Frieden und der \u00e4u\u00dfere Frieden sind bedroht. Nur wenn wir die wirklichen Feinde des Friedens in Europa kennen und klar benennen, haben wir eine Chance, ihre Strategie zu vereitelen.<\/p>\n<p>Der gro\u00dfe Karl Jaspers sagte im Jahr 1958 in seiner gro\u00dfen Rede &#8220;Die Voraussetzung des Friedens&#8221;:<\/p>\n<blockquote>\n<p><strong><em>&#8220;Friede ist nur durch Freiheit, Freiheit nur durch Wahrheit m\u00f6glich. Daher\u00a0<\/em><\/strong><strong><em>ist die Unwahrheit das eigentlich B\u00f6se, jeden Frieden Vernichtende: die\u00a0<\/em><\/strong><strong><em>Unwahrheit von der Verschleierung bis zur blinden L\u00e4ssigkeit, von der\u00a0<\/em><\/strong><strong><em>L\u00fcge bis zur inneren Verlogenheit, von der Gedankenlosigkeit bis zum\u00a0<\/em><\/strong><strong><em>doktrin\u00e4ren Wahrheitsfanatismus, von der Unwahrhaftigkeit des einzelnen\u00a0<\/em><\/strong><strong><em>bis zur Unwahrhaftigkeit des \u00f6ffentlichen Zustandes.&#8221;<\/em><\/strong><\/p>\n<\/blockquote>\n<p>Quelle: Buch &#8220;Fremdbestimmt: 120 Jahre L\u00fcgen und T\u00e4uschung&#8221;, Seite 314, Fu\u00dfnote 665: Karl Jaspers: Link zu seiner gro\u00dfartigen Rede <a rel=\"nofollow noopener\" target=\"_blank\" href=\"https:\/\/www.friedenspreis-des-deutschen-buchhandels.de\/sixcms\/media.php\/1290\/1958_jaspers.pdf\">https:\/\/www.friedenspreis-des-deutschen-buchhandels.de\/sixcms\/media.php\/1290\/1958_jaspers.pdf<\/a><\/p>\n<p>Ein Weckruf muss in Deutschland und Europa erschallen. Es geht um unser aller Zukunft.<\/p>\n<p><strong><em><a rel=\"nofollow noopener\" target=\"_blank\" href=\"https:\/\/www.silberjunge.de\/\">Thorsten Schulte<\/a><\/em><\/strong><em>\u00a0ist eine Stimme der Vernunft zu Wirtschaft und Politik in Europa. Er ist der Autor von B\u00fcchern wie &#8220;<a rel=\"nofollow noopener\" target=\"_blank\" href=\"https:\/\/www.amazon.de\/Kontrollverlust-Wer-uns-bedroht-sch%C3%BCtzen\/dp\/3864454921\">Kontrollverlust \u2013 Wer uns bedroht und wie wir uns sch\u00fctzen<\/a>&#8221; (Spiegel-Bestseller Platz 1, mit Vorwort von Willy Wimmer) und &#8220;<a rel=\"nofollow noopener\" target=\"_blank\" href=\"https:\/\/www.amazon.de\/Fremdbestimmt-120-Jahre-L%C3%BCgen-T%C3%A4uschung\/dp\/3982126509\">Fremdbestimmt: 120 Jahre L\u00fcgen und T\u00e4uschung<\/a>&#8220;, redet Tacheles, deckt auf, klagt an und entwirft einen besseren Weg f\u00fcr Deutschland.<\/em><\/p>\n<p><strong>Mehr zum Thema<\/strong> &#8211;\u00a0<a rel=\"nofollow noopener\" target=\"_blank\" href=\"https:\/\/de.rt.com\/meinung\/149415-kanzler-scholz-kehren-sie-um\/\">Thorsten Schulte: Gef\u00e4hrliche Pl\u00e4ne gegen Russland \u2013 Kanzler Scholz, kehren Sie um!<\/a><\/p>\n<div class=\"EmbedBlock-root EmbedBlock-externalVideo EmbedBlock-odysee\">\n<div class=\"VkEmbed\"><iframe class=\"lazyload\" data-src=\"https:\/\/odysee.com\/%24\/embed\/%40RTDE%3Ae%2Fdeutschland_steuert_auf_eine_katastrophe_zu%3A9\" frameborder=\"0\" width=\"853\" height=\"480\" allowfullscreen><\/iframe><\/div>\n<\/div>\n<\/div>\n<p><br \/>\n<br \/><a href=\"https:\/\/de.rt.com\/meinung\/149938-nato-und-russland-brandgefahrlicher-eskalationskurs\/\">Source link <\/a><\/p>\n","protected":false},"excerpt":{"rendered":"<p>Die Situation zwischen der NATO und Russland spitzt sich immer weiter zu, und es wird von US-Seite alles unternommen, um Russland in einen jahrelangen Abnutzungskrieg zu verwickeln. Die vor einer Woche gezeigten Strategien der Denkfabrik des US-Verteidigungsministeriums zur Destabilisierung Russlands \u00f6ffnen jedem absolut die Augen, der sehen will. Der Titel des einen Papiers &#8220;Russland \u00fcberfordern [&hellip;]<\/p>\n","protected":false},"author":3,"featured_media":19871,"comment_status":"open","ping_status":"open","sticky":false,"template":"","format":"standard","meta":{"wp_automatic_camp":["217"],"90cc6b6f40d802ede965c834e2b66629":["NATO und Russland \u2013 ein brandgef\u00e4hrlicher Eskalationskurs! Selenskij soll Abnutzungskrieg f\u00fchren"],"original_link":["https:\/\/de.rt.com\/meinung\/149938-nato-und-russland-brandgefahrlicher-eskalationskurs\/"],"_thumbnail_id":["19871"],"_wptg_p2tg_sent2tg":["2022-09-27 15:51:38"],"jnews_social_counter_last_update":["1777603247"]},"categories":[19,23],"tags":[33478,33476,357,33477,1402,2697,126,6158,766,140],"yoast_head":"<!-- This site is optimized with the Yoast SEO Premium plugin v22.7 (Yoast SEO v22.7) - https:\/\/yoast.com\/wordpress\/plugins\/seo\/ -->\n<title>NATO und Russland \u2013 ein brandgef\u00e4hrlicher Eskalationskurs! Selenskij soll Abnutzungskrieg f\u00fchren - just-now.NEWS Deutschland<\/title>\n<meta name=\"robots\" content=\"index, follow, max-snippet:-1, max-image-preview:large, max-video-preview:-1\" \/>\n<link rel=\"canonical\" href=\"https:\/\/now-news.de\/de\/deutschland\/nato-und-russland-ein-brandgefaehrlicher-eskalationskurs-selenskij-soll-abnutzungskrieg-fuehren\/\" \/>\n<meta property=\"og:locale\" content=\"de_DE\" \/>\n<meta property=\"og:type\" content=\"article\" \/>\n<meta property=\"og:title\" content=\"NATO und Russland \u2013 ein brandgef\u00e4hrlicher Eskalationskurs! Selenskij soll Abnutzungskrieg f\u00fchren\" \/>\n<meta property=\"og:description\" content=\"Die Situation zwischen der NATO und Russland spitzt sich immer weiter zu, und es wird von US-Seite alles unternommen, um Russland in einen jahrelangen Abnutzungskrieg zu verwickeln. Die vor einer Woche gezeigten Strategien der Denkfabrik des US-Verteidigungsministeriums zur Destabilisierung Russlands \u00f6ffnen jedem absolut die Augen, der sehen will. Der Titel des einen Papiers &#8220;Russland \u00fcberfordern [&hellip;]\" \/>\n<meta property=\"og:url\" content=\"https:\/\/now-news.de\/de\/deutschland\/nato-und-russland-ein-brandgefaehrlicher-eskalationskurs-selenskij-soll-abnutzungskrieg-fuehren\/\" \/>\n<meta property=\"og:site_name\" content=\"just-now.NEWS Deutschland\" \/>\n<meta property=\"article:publisher\" content=\"https:\/\/www.facebook.com\/wirmachenauf\" \/>\n<meta property=\"article:published_time\" content=\"2022-09-27T13:38:17+00:00\" \/>\n<meta property=\"og:image\" content=\"https:\/\/now-news.de\/de\/wp-content\/uploads\/sites\/3\/2022\/09\/NATO-und-Russland-\u2013-ein-brandgefaehrlicher-Eskalationskurs-Selenskij-soll-Abnutzungskrieg.jpg\" \/>\n\t<meta property=\"og:image:width\" content=\"760\" \/>\n\t<meta property=\"og:image:height\" content=\"1080\" \/>\n\t<meta property=\"og:image:type\" content=\"image\/jpeg\" \/>\n<meta name=\"author\" content=\"rtnews\" \/>\n<meta name=\"twitter:card\" content=\"summary_large_image\" \/>\n<meta name=\"twitter:creator\" content=\"@WirMachenAuf_de\" \/>\n<meta name=\"twitter:site\" content=\"@WirMachenAuf_de\" \/>\n<meta name=\"twitter:label1\" content=\"Verfasst von\" \/>\n\t<meta name=\"twitter:data1\" content=\"rtnews\" \/>\n\t<meta name=\"twitter:label2\" content=\"Gesch\u00e4tzte Lesezeit\" \/>\n\t<meta name=\"twitter:data2\" content=\"7\u00a0Minuten\" \/>\n<script type=\"application\/ld+json\" class=\"yoast-schema-graph\">{\"@context\":\"https:\/\/schema.org\",\"@graph\":[{\"@type\":\"Article\",\"@id\":\"https:\/\/now-news.de\/de\/deutschland\/nato-und-russland-ein-brandgefaehrlicher-eskalationskurs-selenskij-soll-abnutzungskrieg-fuehren\/#article\",\"isPartOf\":{\"@id\":\"https:\/\/now-news.de\/de\/deutschland\/nato-und-russland-ein-brandgefaehrlicher-eskalationskurs-selenskij-soll-abnutzungskrieg-fuehren\/\"},\"author\":{\"name\":\"rtnews\",\"@id\":\"https:\/\/now-news.de\/de\/#\/schema\/person\/fb534a4e865501d8b3285208df34a9b5\"},\"headline\":\"NATO und Russland \u2013 ein brandgef\u00e4hrlicher Eskalationskurs! Selenskij soll Abnutzungskrieg f\u00fchren\",\"datePublished\":\"2022-09-27T13:38:17+00:00\",\"dateModified\":\"2022-09-27T13:38:17+00:00\",\"mainEntityOfPage\":{\"@id\":\"https:\/\/now-news.de\/de\/deutschland\/nato-und-russland-ein-brandgefaehrlicher-eskalationskurs-selenskij-soll-abnutzungskrieg-fuehren\/\"},\"wordCount\":1324,\"commentCount\":0,\"publisher\":{\"@id\":\"https:\/\/now-news.de\/de\/#organization\"},\"image\":{\"@id\":\"https:\/\/now-news.de\/de\/deutschland\/nato-und-russland-ein-brandgefaehrlicher-eskalationskurs-selenskij-soll-abnutzungskrieg-fuehren\/#primaryimage\"},\"thumbnailUrl\":\"https:\/\/now-news.de\/de\/wp-content\/uploads\/sites\/3\/2022\/09\/NATO-und-Russland-\u2013-ein-brandgefaehrlicher-Eskalationskurs-Selenskij-soll-Abnutzungskrieg.jpg\",\"keywords\":[\"Abnutzungskrieg\",\"brandgef\u00e4hrlicher\",\"ein\",\"Eskalationskurs\",\"f\u00fchren\",\"nato\",\"russland\",\"Selenskij\",\"soll\",\"und\"],\"articleSection\":[\"Deutschland\",\"Russland\"],\"inLanguage\":\"de\",\"potentialAction\":[{\"@type\":\"CommentAction\",\"name\":\"Comment\",\"target\":[\"https:\/\/now-news.de\/de\/deutschland\/nato-und-russland-ein-brandgefaehrlicher-eskalationskurs-selenskij-soll-abnutzungskrieg-fuehren\/#respond\"]}]},{\"@type\":\"WebPage\",\"@id\":\"https:\/\/now-news.de\/de\/deutschland\/nato-und-russland-ein-brandgefaehrlicher-eskalationskurs-selenskij-soll-abnutzungskrieg-fuehren\/\",\"url\":\"https:\/\/now-news.de\/de\/deutschland\/nato-und-russland-ein-brandgefaehrlicher-eskalationskurs-selenskij-soll-abnutzungskrieg-fuehren\/\",\"name\":\"NATO und Russland \u2013 ein brandgef\u00e4hrlicher Eskalationskurs! Selenskij soll Abnutzungskrieg f\u00fchren - just-now.NEWS Deutschland\",\"isPartOf\":{\"@id\":\"https:\/\/now-news.de\/de\/#website\"},\"primaryImageOfPage\":{\"@id\":\"https:\/\/now-news.de\/de\/deutschland\/nato-und-russland-ein-brandgefaehrlicher-eskalationskurs-selenskij-soll-abnutzungskrieg-fuehren\/#primaryimage\"},\"image\":{\"@id\":\"https:\/\/now-news.de\/de\/deutschland\/nato-und-russland-ein-brandgefaehrlicher-eskalationskurs-selenskij-soll-abnutzungskrieg-fuehren\/#primaryimage\"},\"thumbnailUrl\":\"https:\/\/now-news.de\/de\/wp-content\/uploads\/sites\/3\/2022\/09\/NATO-und-Russland-\u2013-ein-brandgefaehrlicher-Eskalationskurs-Selenskij-soll-Abnutzungskrieg.jpg\",\"datePublished\":\"2022-09-27T13:38:17+00:00\",\"dateModified\":\"2022-09-27T13:38:17+00:00\",\"breadcrumb\":{\"@id\":\"https:\/\/now-news.de\/de\/deutschland\/nato-und-russland-ein-brandgefaehrlicher-eskalationskurs-selenskij-soll-abnutzungskrieg-fuehren\/#breadcrumb\"},\"inLanguage\":\"de\",\"potentialAction\":[{\"@type\":\"ReadAction\",\"target\":[\"https:\/\/now-news.de\/de\/deutschland\/nato-und-russland-ein-brandgefaehrlicher-eskalationskurs-selenskij-soll-abnutzungskrieg-fuehren\/\"]}]},{\"@type\":\"ImageObject\",\"inLanguage\":\"de\",\"@id\":\"https:\/\/now-news.de\/de\/deutschland\/nato-und-russland-ein-brandgefaehrlicher-eskalationskurs-selenskij-soll-abnutzungskrieg-fuehren\/#primaryimage\",\"url\":\"https:\/\/now-news.de\/de\/wp-content\/uploads\/sites\/3\/2022\/09\/NATO-und-Russland-\u2013-ein-brandgefaehrlicher-Eskalationskurs-Selenskij-soll-Abnutzungskrieg.jpg\",\"contentUrl\":\"https:\/\/now-news.de\/de\/wp-content\/uploads\/sites\/3\/2022\/09\/NATO-und-Russland-\u2013-ein-brandgefaehrlicher-Eskalationskurs-Selenskij-soll-Abnutzungskrieg.jpg\",\"width\":760,\"height\":1080,\"caption\":\"NATO und Russland \u2013 ein brandgef\u00e4hrlicher Eskalationskurs! Selenskij soll Abnutzungskrieg f\u00fchren\"},{\"@type\":\"BreadcrumbList\",\"@id\":\"https:\/\/now-news.de\/de\/deutschland\/nato-und-russland-ein-brandgefaehrlicher-eskalationskurs-selenskij-soll-abnutzungskrieg-fuehren\/#breadcrumb\",\"itemListElement\":[{\"@type\":\"ListItem\",\"position\":1,\"name\":\"Home\",\"item\":\"https:\/\/now-news.de\/de\/\"},{\"@type\":\"ListItem\",\"position\":2,\"name\":\"NATO und Russland \u2013 ein brandgef\u00e4hrlicher Eskalationskurs! Selenskij soll Abnutzungskrieg f\u00fchren\"}]},{\"@type\":\"WebSite\",\"@id\":\"https:\/\/now-news.de\/de\/#website\",\"url\":\"https:\/\/now-news.de\/de\/\",\"name\":\"just-now.NEWS Deutschland\",\"description\":\"Das Portal f\u00fcr unzensierte Nachrichten aus der Welt\",\"publisher\":{\"@id\":\"https:\/\/now-news.de\/de\/#organization\"},\"potentialAction\":[{\"@type\":\"SearchAction\",\"target\":{\"@type\":\"EntryPoint\",\"urlTemplate\":\"https:\/\/now-news.de\/de\/?s={search_term_string}\"},\"query-input\":\"required name=search_term_string\"}],\"inLanguage\":\"de\"},{\"@type\":\"Organization\",\"@id\":\"https:\/\/now-news.de\/de\/#organization\",\"name\":\"Just Now News\",\"url\":\"https:\/\/now-news.de\/de\/\",\"logo\":{\"@type\":\"ImageObject\",\"inLanguage\":\"de\",\"@id\":\"https:\/\/now-news.de\/de\/#\/schema\/logo\/image\/\",\"url\":\"http:\/\/just-now.news\/de\/wp-content\/uploads\/sites\/3\/2022\/04\/logo500x500.jpg\",\"contentUrl\":\"http:\/\/just-now.news\/de\/wp-content\/uploads\/sites\/3\/2022\/04\/logo500x500.jpg\",\"width\":500,\"height\":500,\"caption\":\"Just Now News\"},\"image\":{\"@id\":\"https:\/\/now-news.de\/de\/#\/schema\/logo\/image\/\"},\"sameAs\":[\"https:\/\/www.facebook.com\/wirmachenauf\",\"https:\/\/x.com\/WirMachenAuf_de\"]},{\"@type\":\"Person\",\"@id\":\"https:\/\/now-news.de\/de\/#\/schema\/person\/fb534a4e865501d8b3285208df34a9b5\",\"name\":\"rtnews\",\"image\":{\"@type\":\"ImageObject\",\"inLanguage\":\"de\",\"@id\":\"https:\/\/now-news.de\/de\/#\/schema\/person\/image\/\",\"url\":\"https:\/\/secure.gravatar.com\/avatar\/82aafea7d8127119dd649515f56e2117?s=96&d=mm&r=g\",\"contentUrl\":\"https:\/\/secure.gravatar.com\/avatar\/82aafea7d8127119dd649515f56e2117?s=96&d=mm&r=g\",\"caption\":\"rtnews\"},\"url\":\"https:\/\/now-news.de\/de\/author\/rnews\/\"}]}<\/script>\n<!-- \/ Yoast SEO Premium plugin. -->","yoast_head_json":{"title":"NATO und Russland \u2013 ein brandgef\u00e4hrlicher Eskalationskurs! Selenskij soll Abnutzungskrieg f\u00fchren - just-now.NEWS Deutschland","robots":{"index":"index","follow":"follow","max-snippet":"max-snippet:-1","max-image-preview":"max-image-preview:large","max-video-preview":"max-video-preview:-1"},"canonical":"https:\/\/now-news.de\/de\/deutschland\/nato-und-russland-ein-brandgefaehrlicher-eskalationskurs-selenskij-soll-abnutzungskrieg-fuehren\/","og_locale":"de_DE","og_type":"article","og_title":"NATO und Russland \u2013 ein brandgef\u00e4hrlicher Eskalationskurs! Selenskij soll Abnutzungskrieg f\u00fchren","og_description":"Die Situation zwischen der NATO und Russland spitzt sich immer weiter zu, und es wird von US-Seite alles unternommen, um Russland in einen jahrelangen Abnutzungskrieg zu verwickeln. Die vor einer Woche gezeigten Strategien der Denkfabrik des US-Verteidigungsministeriums zur Destabilisierung Russlands \u00f6ffnen jedem absolut die Augen, der sehen will. Der Titel des einen Papiers &#8220;Russland \u00fcberfordern [&hellip;]","og_url":"https:\/\/now-news.de\/de\/deutschland\/nato-und-russland-ein-brandgefaehrlicher-eskalationskurs-selenskij-soll-abnutzungskrieg-fuehren\/","og_site_name":"just-now.NEWS Deutschland","article_publisher":"https:\/\/www.facebook.com\/wirmachenauf","article_published_time":"2022-09-27T13:38:17+00:00","og_image":[{"width":760,"height":1080,"url":"https:\/\/now-news.de\/de\/wp-content\/uploads\/sites\/3\/2022\/09\/NATO-und-Russland-\u2013-ein-brandgefaehrlicher-Eskalationskurs-Selenskij-soll-Abnutzungskrieg.jpg","type":"image\/jpeg"}],"author":"rtnews","twitter_card":"summary_large_image","twitter_creator":"@WirMachenAuf_de","twitter_site":"@WirMachenAuf_de","twitter_misc":{"Verfasst von":"rtnews","Gesch\u00e4tzte Lesezeit":"7\u00a0Minuten"},"schema":{"@context":"https:\/\/schema.org","@graph":[{"@type":"Article","@id":"https:\/\/now-news.de\/de\/deutschland\/nato-und-russland-ein-brandgefaehrlicher-eskalationskurs-selenskij-soll-abnutzungskrieg-fuehren\/#article","isPartOf":{"@id":"https:\/\/now-news.de\/de\/deutschland\/nato-und-russland-ein-brandgefaehrlicher-eskalationskurs-selenskij-soll-abnutzungskrieg-fuehren\/"},"author":{"name":"rtnews","@id":"https:\/\/now-news.de\/de\/#\/schema\/person\/fb534a4e865501d8b3285208df34a9b5"},"headline":"NATO und Russland \u2013 ein brandgef\u00e4hrlicher Eskalationskurs! Selenskij soll Abnutzungskrieg f\u00fchren","datePublished":"2022-09-27T13:38:17+00:00","dateModified":"2022-09-27T13:38:17+00:00","mainEntityOfPage":{"@id":"https:\/\/now-news.de\/de\/deutschland\/nato-und-russland-ein-brandgefaehrlicher-eskalationskurs-selenskij-soll-abnutzungskrieg-fuehren\/"},"wordCount":1324,"commentCount":0,"publisher":{"@id":"https:\/\/now-news.de\/de\/#organization"},"image":{"@id":"https:\/\/now-news.de\/de\/deutschland\/nato-und-russland-ein-brandgefaehrlicher-eskalationskurs-selenskij-soll-abnutzungskrieg-fuehren\/#primaryimage"},"thumbnailUrl":"https:\/\/now-news.de\/de\/wp-content\/uploads\/sites\/3\/2022\/09\/NATO-und-Russland-\u2013-ein-brandgefaehrlicher-Eskalationskurs-Selenskij-soll-Abnutzungskrieg.jpg","keywords":["Abnutzungskrieg","brandgef\u00e4hrlicher","ein","Eskalationskurs","f\u00fchren","nato","russland","Selenskij","soll","und"],"articleSection":["Deutschland","Russland"],"inLanguage":"de","potentialAction":[{"@type":"CommentAction","name":"Comment","target":["https:\/\/now-news.de\/de\/deutschland\/nato-und-russland-ein-brandgefaehrlicher-eskalationskurs-selenskij-soll-abnutzungskrieg-fuehren\/#respond"]}]},{"@type":"WebPage","@id":"https:\/\/now-news.de\/de\/deutschland\/nato-und-russland-ein-brandgefaehrlicher-eskalationskurs-selenskij-soll-abnutzungskrieg-fuehren\/","url":"https:\/\/now-news.de\/de\/deutschland\/nato-und-russland-ein-brandgefaehrlicher-eskalationskurs-selenskij-soll-abnutzungskrieg-fuehren\/","name":"NATO und Russland \u2013 ein brandgef\u00e4hrlicher Eskalationskurs! Selenskij soll Abnutzungskrieg f\u00fchren - just-now.NEWS Deutschland","isPartOf":{"@id":"https:\/\/now-news.de\/de\/#website"},"primaryImageOfPage":{"@id":"https:\/\/now-news.de\/de\/deutschland\/nato-und-russland-ein-brandgefaehrlicher-eskalationskurs-selenskij-soll-abnutzungskrieg-fuehren\/#primaryimage"},"image":{"@id":"https:\/\/now-news.de\/de\/deutschland\/nato-und-russland-ein-brandgefaehrlicher-eskalationskurs-selenskij-soll-abnutzungskrieg-fuehren\/#primaryimage"},"thumbnailUrl":"https:\/\/now-news.de\/de\/wp-content\/uploads\/sites\/3\/2022\/09\/NATO-und-Russland-\u2013-ein-brandgefaehrlicher-Eskalationskurs-Selenskij-soll-Abnutzungskrieg.jpg","datePublished":"2022-09-27T13:38:17+00:00","dateModified":"2022-09-27T13:38:17+00:00","breadcrumb":{"@id":"https:\/\/now-news.de\/de\/deutschland\/nato-und-russland-ein-brandgefaehrlicher-eskalationskurs-selenskij-soll-abnutzungskrieg-fuehren\/#breadcrumb"},"inLanguage":"de","potentialAction":[{"@type":"ReadAction","target":["https:\/\/now-news.de\/de\/deutschland\/nato-und-russland-ein-brandgefaehrlicher-eskalationskurs-selenskij-soll-abnutzungskrieg-fuehren\/"]}]},{"@type":"ImageObject","inLanguage":"de","@id":"https:\/\/now-news.de\/de\/deutschland\/nato-und-russland-ein-brandgefaehrlicher-eskalationskurs-selenskij-soll-abnutzungskrieg-fuehren\/#primaryimage","url":"https:\/\/now-news.de\/de\/wp-content\/uploads\/sites\/3\/2022\/09\/NATO-und-Russland-\u2013-ein-brandgefaehrlicher-Eskalationskurs-Selenskij-soll-Abnutzungskrieg.jpg","contentUrl":"https:\/\/now-news.de\/de\/wp-content\/uploads\/sites\/3\/2022\/09\/NATO-und-Russland-\u2013-ein-brandgefaehrlicher-Eskalationskurs-Selenskij-soll-Abnutzungskrieg.jpg","width":760,"height":1080,"caption":"NATO und Russland \u2013 ein brandgef\u00e4hrlicher Eskalationskurs! Selenskij soll Abnutzungskrieg f\u00fchren"},{"@type":"BreadcrumbList","@id":"https:\/\/now-news.de\/de\/deutschland\/nato-und-russland-ein-brandgefaehrlicher-eskalationskurs-selenskij-soll-abnutzungskrieg-fuehren\/#breadcrumb","itemListElement":[{"@type":"ListItem","position":1,"name":"Home","item":"https:\/\/now-news.de\/de\/"},{"@type":"ListItem","position":2,"name":"NATO und Russland \u2013 ein brandgef\u00e4hrlicher Eskalationskurs! Selenskij soll Abnutzungskrieg f\u00fchren"}]},{"@type":"WebSite","@id":"https:\/\/now-news.de\/de\/#website","url":"https:\/\/now-news.de\/de\/","name":"just-now.NEWS Deutschland","description":"Das Portal f\u00fcr unzensierte Nachrichten aus der Welt","publisher":{"@id":"https:\/\/now-news.de\/de\/#organization"},"potentialAction":[{"@type":"SearchAction","target":{"@type":"EntryPoint","urlTemplate":"https:\/\/now-news.de\/de\/?s={search_term_string}"},"query-input":"required name=search_term_string"}],"inLanguage":"de"},{"@type":"Organization","@id":"https:\/\/now-news.de\/de\/#organization","name":"Just Now News","url":"https:\/\/now-news.de\/de\/","logo":{"@type":"ImageObject","inLanguage":"de","@id":"https:\/\/now-news.de\/de\/#\/schema\/logo\/image\/","url":"http:\/\/just-now.news\/de\/wp-content\/uploads\/sites\/3\/2022\/04\/logo500x500.jpg","contentUrl":"http:\/\/just-now.news\/de\/wp-content\/uploads\/sites\/3\/2022\/04\/logo500x500.jpg","width":500,"height":500,"caption":"Just Now News"},"image":{"@id":"https:\/\/now-news.de\/de\/#\/schema\/logo\/image\/"},"sameAs":["https:\/\/www.facebook.com\/wirmachenauf","https:\/\/x.com\/WirMachenAuf_de"]},{"@type":"Person","@id":"https:\/\/now-news.de\/de\/#\/schema\/person\/fb534a4e865501d8b3285208df34a9b5","name":"rtnews","image":{"@type":"ImageObject","inLanguage":"de","@id":"https:\/\/now-news.de\/de\/#\/schema\/person\/image\/","url":"https:\/\/secure.gravatar.com\/avatar\/82aafea7d8127119dd649515f56e2117?s=96&d=mm&r=g","contentUrl":"https:\/\/secure.gravatar.com\/avatar\/82aafea7d8127119dd649515f56e2117?s=96&d=mm&r=g","caption":"rtnews"},"url":"https:\/\/now-news.de\/de\/author\/rnews\/"}]}},"_links":{"self":[{"href":"https:\/\/now-news.de\/de\/wp-json\/wp\/v2\/posts\/19870"}],"collection":[{"href":"https:\/\/now-news.de\/de\/wp-json\/wp\/v2\/posts"}],"about":[{"href":"https:\/\/now-news.de\/de\/wp-json\/wp\/v2\/types\/post"}],"author":[{"embeddable":true,"href":"https:\/\/now-news.de\/de\/wp-json\/wp\/v2\/users\/3"}],"replies":[{"embeddable":true,"href":"https:\/\/now-news.de\/de\/wp-json\/wp\/v2\/comments?post=19870"}],"version-history":[{"count":0,"href":"https:\/\/now-news.de\/de\/wp-json\/wp\/v2\/posts\/19870\/revisions"}],"wp:featuredmedia":[{"embeddable":true,"href":"https:\/\/now-news.de\/de\/wp-json\/wp\/v2\/media\/19871"}],"wp:attachment":[{"href":"https:\/\/now-news.de\/de\/wp-json\/wp\/v2\/media?parent=19870"}],"wp:term":[{"taxonomy":"category","embeddable":true,"href":"https:\/\/now-news.de\/de\/wp-json\/wp\/v2\/categories?post=19870"},{"taxonomy":"post_tag","embeddable":true,"href":"https:\/\/now-news.de\/de\/wp-json\/wp\/v2\/tags?post=19870"}],"curies":[{"name":"wp","href":"https:\/\/api.w.org\/{rel}","templated":true}]}}