{"id":19858,"date":"2022-09-27T10:02:20","date_gmt":"2022-09-27T08:02:20","guid":{"rendered":"http:\/\/just-now.news\/de\/deutschland\/wann-deeskaliert-die-eu-endlich-borrell-will-noch-mehr-waffen-fuer-die-ukraine\/"},"modified":"2022-09-27T10:02:20","modified_gmt":"2022-09-27T08:02:20","slug":"wann-deeskaliert-die-eu-endlich-borrell-will-noch-mehr-waffen-fuer-die-ukraine","status":"publish","type":"post","link":"https:\/\/now-news.de\/de\/deutschland\/wann-deeskaliert-die-eu-endlich-borrell-will-noch-mehr-waffen-fuer-die-ukraine\/","title":{"rendered":"Wann deeskaliert die EU endlich? \u2013 Borrell will noch mehr Waffen f\u00fcr die Ukraine"},"content":{"rendered":"<p><img decoding=\"async\" src=\"http:\/\/just-now.news\/de\/wp-content\/uploads\/sites\/3\/2022\/09\/6332ae8f48fbef525f2d1e27.jpg\" \/><\/p>\n<p><em>Von Dagmar Henn<\/em><\/p>\n<p>Hochmut kommt vor dem Fall, sagt das Sprichwort, und selbst das klassische griechische Drama arbeitete schon mit dem Motiv der Hybris, wenn Trag\u00f6die gefragt war. Nur, dass das klassische Drama auf den Hochmut des Helden dessen Leid und Untergang vorsieht, die gegenw\u00e4rtige F\u00fchrung Europas aber den Hochmut beh\u00e4lt, Leid und Untergang aber ihren Bev\u00f6lkerungen zuteilt.<\/p>\n<p>Josep Borrell, der Mann, den sich die EU-Kommission als Platzhalter f\u00fcr einen Diplomaten h\u00e4lt, hat der <em>BBC<\/em> ein Interview gegeben, das belegt, dass keine Einsicht zu erwarten ist. Gar keine. Denn er wiederholt mehrmals nur den einen Satz: Wir m\u00fcssen die Ukraine weiter unterst\u00fctzen.<\/p>\n<div class=\"EmbedBlock-root EmbedBlock-twitter\">\n<div class=\"TwitterEmbed\">\n<blockquote class=\"twitter-tweet lazyload\" data-twitter=\"twitter-tweet\">\n<p lang=\"en\" dir=\"ltr\">My interview with <a rel=\"nofollow noopener\" target=\"_blank\" href=\"https:\/\/twitter.com\/bbclysedoucet?ref_src=twsrc%5Etfw\">@bbclysedoucet<\/a> <a rel=\"nofollow noopener\" target=\"_blank\" href=\"https:\/\/twitter.com\/BBCNews?ref_src=twsrc%5Etfw\">@BBCNews<\/a> on President Putin&#8217;s threats to use nuclear weapons and how to tackle the global consequences of Russia&#8217;s war against Ukraine<a rel=\"nofollow noopener\" target=\"_blank\" href=\"https:\/\/t.co\/oQ0wUwOSXH\">https:\/\/t.co\/oQ0wUwOSXH<\/a> <a rel=\"nofollow noopener\" target=\"_blank\" href=\"https:\/\/t.co\/MGu9lhf8ev\">pic.twitter.com\/MGu9lhf8ev<\/a><\/p>\n<p>\u2014 Josep Borrell Fontelles (@JosepBorrellF) <a rel=\"nofollow noopener\" target=\"_blank\" href=\"https:\/\/twitter.com\/JosepBorrellF\/status\/1574331556797288449?ref_src=twsrc%5Etfw\">September 26, 2022<\/a><\/p><\/blockquote><\/div><\/div>\n<p>Die Referenden, die augenblicklich stattfinden, werden eine v\u00f6llig neue Situation schaffen. Cherson, Saporoschje, Donezk und Lugansk werden russisches Staatsgebiet, und das bedeutet, die Reaktion der russischen Armee wird nicht mehr von den Regeln des speziellen Milit\u00e4reinsatzes bestimmt, sondern von der russischen Verfassung, die dazu verpflichtet, auf jeden Angriff auf russisches Gebiet zu reagieren. Die Entscheidung liegt beim Pr\u00e4sidenten, der beide Kammern des Parlaments dar\u00fcber nur informieren muss.<\/p>\n<p>Der Unterschied zwischen Handlungen zum Schutz eigener B\u00fcrger und Handlungen zum Schutz des eigenen Territoriums ist zentral. Auch in Bezug auf die Frage, welches Verhalten der westlichen Staaten als Beteiligung gesehen wird und welches nicht. Die Waffenlieferungen, die nach wie vor fortgesetzt werden sollen, dienen dann dazu, russisches Staatsgebiet anzugreifen, und das ist dann kein kleiner Terrorangriff, wie sie schon mehrmals in Richtung Belgorod erfolgt sind, weil die gesamten Handlungen der ukrainischen Armee, sofern sie auf dem Territorium der Gebiete Cherson, Saporoschje, Donezk und Lugansk stattfinden, dann Angriffshandlungen sind.<\/p>\n<p>Die Aussagen diesbez\u00fcglich sind klar und verst\u00e4ndlich; die Medien wie die Politiker des Westens m\u00fchen sich aber nach Kr\u00e4ften, einen m\u00f6glichst dicken Nebel darum heraufzubeschw\u00f6ren, wie mit der Behauptung, Putin habe mit Atomwaffen gedroht. Er hat nur schlicht festgestellt, dass russisches Gebiet mit allen verf\u00fcgbaren Mitteln verteidigt wird. Eine Drohung mit Atomwaffen k\u00f6nnte es nur dann sein, wenn die russische Milit\u00e4rdoktrin einen Erstschlag vors\u00e4he. Das tut sie aber nicht, wohl aber die der NATO.<\/p>\n<p>Der Bezugspunkt dieser S\u00e4tze war unter anderem die Aussage von Liz Truss im Wahlkampf um den Vorsitz der Konservativen, sie w\u00e4re jederzeit bereit, den roten Knopf zu dr\u00fccken. Es handelte sich also schlicht um den Hinweis, dass eine solche Handlung eine entsprechende Reaktion ausl\u00f6sen werde, mehr nicht.<\/p>\n<p>Das \u00e4ndert nat\u00fcrlich nichts an der Tatsache, dass sp\u00e4testens Anfang kommender Woche die Spielregeln in der Ukraine anders aussehen, und man sollte erwarten, dass in irgendeiner Weise darauf reagiert wird. Im Interview von Borrell ist davon nichts zu merken. Er murmelt zwar am Ende etwas von Diplomatie, aber zuvor wiederholt er das fatale Mantra, das aus all diesen M\u00fcndern zu h\u00f6ren ist: &#8220;Wir tun, was wir k\u00f6nnen, den Krieg zu beenden, aber der Krieg muss auf eine Weise beendet werden, die die Souver\u00e4nit\u00e4t und territoriale Integrit\u00e4t der Ukraine bewahrt.&#8221;<\/p>\n<p>Nat\u00fcrlich wei\u00df auch Borrell, dass die &#8220;Souver\u00e4nit\u00e4t der Ukraine&#8221; ein Witz ist, was das Eingreifen von Boris Johnson in die Verhandlungen in Istanbul nochmal best\u00e4tigte. Aber mit &#8220;territorialer Integrit\u00e4t&#8221; meint er, wie alle westlichen Sprachrohre, nicht nur den Donbass, sondern auch die Krim. Das hat etwas von den Deutschlandkarten in bayrischen Schulb\u00fcchern in den 1970ern, die immer noch Deutschland in den Grenzen von 1937 zeigten, eine konsequente Weigerung, Realit\u00e4ten anzuerkennen. Aber bis zum Beginn des russischen Milit\u00e4reinsatzes h\u00e4tten die Staaten der EU, die laut Borrell &#8220;den Frieden im Sinn&#8221; haben, durch die Umsetzung der Minsker Vereinbarungen jede milit\u00e4rische Handlung verhindern k\u00f6nnen; auch den ukrainischen Aufmarsch gegen den Donbass. Die friedliebende EU hat das nur nie gewollt.<\/p>\n<p>&#8220;Die russische Armee&#8221;, so Borrell, &#8220;ist in eine Ecke gedr\u00e4ngt.&#8221; Glaubt er das wirklich? Deshalb w\u00fcrde Putin mit Atomwaffen drohen? Weil die glorreiche ukrainische Armee kurz vor dem Sieg steht?<\/p>\n<p>Man k\u00f6nnte sich wenigstens etwas sicherer f\u00fchlen, w\u00e4re klar, dass das nur das Geschw\u00e4tz f\u00fcrs Volk ist, und sie in unbeobachteten Momenten reale Informationen zur Kenntnis nehmen. Aber Borrell l\u00e4sst erkennen, dass er zwischen Erz\u00e4hlung, modisch Narrativ genannt, und Wirklichkeit nicht unterscheiden kann. Warum? Er berichtet, dass ihm &#8220;Leute sagen, mit diesen Gaspreisen k\u00f6nnen sie nicht weiterarbeiten&#8221;. Mehr noch. Das sei &#8220;die gleiche Geschichte, die mir afrikanische, lateinamerikanische und ostasiatische Regierende erz\u00e4hlen&#8221;. Die \u00dcberschrift, die er \u00fcber diese Nachrichten aus der echten Welt setzt, lautet aber &#8220;Kampf ums Narrativ&#8221;.<\/p>\n<p>Als m\u00fcsste man das nur etwas anders erz\u00e4hlen, und eine geschlossene B\u00e4ckerei ist nicht mehr geschlossen, und ein stillgelegtes Stahlwerk arbeitet wieder. Dabei geht es sowohl bei der Frage der Gaspreise und -versorgung wie beim Strom wie bei diversen Rohstoffen um harte, materielle Tatsachen, sprich, um Dinge, die sich nicht deshalb \u00e4ndern, weil man sie anders erz\u00e4hlt. Offenkundig ist die Wahnvorstellung, alles, was nicht den eigenen W\u00fcnschen entspricht, sei nur russische Propaganda, den Herrschaften inzwischen so in Fleisch und Blut \u00fcbergegangen, dass sie nur noch ihr eigenes NATO-Disneyland als wirklich gelten lassen.<\/p>\n<p>Und da kann Schneewittchen auch die sieben Zwerge dazu bringen, die leeren Munitionsdepots wieder zu f\u00fcllen, damit man die Ukraine weiter beliefern kann. &#8220;Wir werden nachr\u00fcsten. Unsere Fabrik wird mehr produzieren k\u00f6nnen.&#8221; Vermutlich kann er oder ein anderes Mitglied der Kommission auch Wasser zu Wein machen; anders d\u00fcrfte es schwierig sein, an Stahl, Stickstoff und all die anderen Dinge zu kommen, die daf\u00fcr gebraucht w\u00fcrden. Das neueste Sanktionspaket, das gerade in der EU durchgesetzt werden soll, sieht auch Sanktionen f\u00fcr russischen Stahl vor.<\/p>\n<p>Das w\u00e4re von ersch\u00fctternder Komik, ginge es nicht gleich mehrfach um Menschenleben. Borrell beklagt sich, dass Verhandlungen mit Moskau nicht m\u00f6glich seien; aber es ist seine eigene Verhandlungsgrundlage, die sie unm\u00f6glich macht. Wer auch immer nach Moskau mit dem Vorschlag f\u00e4hrt, Russland m\u00f6ge die Krim, den Donbass und jetzt auch Cherson und Saporoschje an die Ukraine \u00fcbereignen, wird dort allerh\u00f6chstens schallendes Gel\u00e4chter ausl\u00f6sen. Nicht nur im Kreml; daf\u00fcr gen\u00fcgt jede Stra\u00dfenbahnhaltestelle. Da kann er sich noch so oft hinstellen und erkl\u00e4ren, es br\u00e4uchte zwei, um einen Tango zu tanzen. Einen Tango, bei dem Borrell f\u00fchrt, wird es nicht geben.<\/p>\n<p>Und auch hier ist die harte, materielle Welt die Grundlage. Der russische Au\u00dfenminister Sergei Lawrow hat in seiner Rede bei der UNO-Vollversammlung noch einmal die ganze Vorgeschichte durchdekliniert. Nichts davon war gelogen oder an den Haaren herbeigezogen. Kein einziger Satz. Und sie war einfach genug formuliert, dass selbst eine Annalena Baerbock im Stande h\u00e4tte sein m\u00fcssen, ihr zu folgen.<\/p>\n<p>Gefragt, wie die EU auf die durch die Teilmobilisierung und die Referenden ge\u00e4nderte Lage reagieren werde, sagt Borrell tats\u00e4chlich &#8220;mehr vom Gleichen&#8221;. Mehr Sanktionen. Die \u00f6konomischen Folgen sind schlie\u00dflich nur ein Narrativ. Eine Erz\u00e4hlung. Und:<\/p>\n<blockquote>\n<p><em>&#8220;Wir werden weiter Waffen an die Ukraine liefern.&#8221;<\/em><\/p>\n<\/blockquote>\n<p>Sie m\u00fcssten damit aufh\u00f6ren. Sie d\u00fcrften keine weiteren Waffen mehr liefern. Sie m\u00fcssten endlich eingestehen, dass sie den Wirtschaftskrieg ebenso verloren haben wie die milit\u00e4rische Auseinandersetzung. Weil jeder Tag, den dieser Krieg weiter gef\u00fchrt wird, eine sinnlose Vergeudung von Leben ist. Weil die Ziele, die ein Josep Borrell als Verhandlungsgrundlage nennt, nur in seinen Tagtr\u00e4umen real sind. Weil Millionen von Menschen in der EU vor dem wirtschaftlichen Untergang stehen, weil ein Haufen NATO-s\u00fcchtiger, gr\u00f6\u00dfenwahnsinniger nicht gew\u00e4hlter EU-B\u00fcrokraten und geistig schwer \u00fcberforderter Politikersimulationen glauben, es w\u00e4re ihre Berufung, Russland zu unterwerfen.<\/p>\n<p>Es ist ihnen nicht klar, dass einzig ein vollst\u00e4ndiger R\u00fcckzug von der ukrainischen B\u00fchne sie davor bewahrt, sich in einem Krieg mit Russland wiederzufinden. Und ja, es ist vielleicht eines der Probleme in der europ\u00e4ischen politischen Landschaft, dass auch die W\u00e4hler es nicht mehr gew\u00f6hnt sind, sich zu fragen: &#8220;W\u00fcrde ich dieser Person mein Leben anvertrauen?&#8221; Es w\u00e4re ein interessantes Experiment, das einmal abzufragen. Scholz (der sich gerade in Volle-Hosen-Quarant\u00e4ne begeben hat), Baerbock, Habeck, Lindner \u2013 w\u00fcrden Sie diesen Personen Ihr Leben anvertrauen? Irgendeinem davon? Oder Borrell, von der Leyen?<\/p>\n<p>Je l\u00e4nger diese ganze Geschichte weitergeht, desto n\u00e4her kommen die ewigen Beteuerungen &#8220;Wir m\u00fcssen der Ukraine helfen&#8221; dem alten Nazispruch &#8220;Deutschland muss leben, auch wenn wir sterben m\u00fcssen.&#8221; Die geradezu begeistert vorgetragene Aussage von Liz Truss, ja, sie w\u00fcrde auf den roten Knopf dr\u00fccken, auf jeden Fall w\u00fcrde sie das, ist symptomatisch f\u00fcr das ganze Personal. Sie riskieren jede Eskalation in der festen \u00dcberzeugung vollkommener Unschuld; sie sind bereit, alles zu zertr\u00fcmmern, um am Ende doch nicht Recht zu behalten, weil sie nicht Recht behalten k\u00f6nnen. Sie sollten, sie m\u00fcssten die Kulissen verlassen und einmal einen Blick auf die wirkliche Welt werfen; aber selbst die klarsten und deutlichsten Worte dringen bei ihnen nicht durch.<\/p>\n<blockquote>\n<p><em>&#8220;Wir m\u00fcssen weitermachen. Wir werden weiter Waffen an die Ukraine liefern. Wir m\u00fcssen die Ukraine weiter unterst\u00fctzen.&#8221;<\/em><\/p>\n<\/blockquote>\n<p>K\u00f6nnen wir diese Chronik eines angek\u00fcndigten Untergangs nicht zuschlagen und zur Vernunft zur\u00fcckkehren? Es m\u00fcssen irgendwo doch noch Menschen mit Verstand \u00fcbrig geblieben sein, selbst in Westeuropa.<\/p>\n<p><strong>Mehr zum Thema<\/strong> &#8211;\u00a0<a rel=\"nofollow noopener\" target=\"_blank\" href=\"https:\/\/pressefreiheit.rtde.tech\/meinung\/149675-ende-aller-illusionen-westen-fuhrt\/\">Das Ende aller Illusionen: Der Westen f\u00fchrt einen Krieg zur Zerst\u00f6rung Russlands<\/a><\/p>\n<p><script async src=\"https:\/\/platform.twitter.com\/widgets.js\" charset=\"utf-8\"><\/script><br \/>\n<br \/><br \/>\n<br \/><a href=\"https:\/\/de.rt.com\/meinung\/149956-deeskaliert-eu-endlich-borrell-will\/\">Source link <\/a><\/p>\n","protected":false},"excerpt":{"rendered":"<p>Von Dagmar Henn Hochmut kommt vor dem Fall, sagt das Sprichwort, und selbst das klassische griechische Drama arbeitete schon mit dem Motiv der Hybris, wenn Trag\u00f6die gefragt war. Nur, dass das klassische Drama auf den Hochmut des Helden dessen Leid und Untergang vorsieht, die gegenw\u00e4rtige F\u00fchrung Europas aber den Hochmut beh\u00e4lt, Leid und Untergang aber [&hellip;]<\/p>\n","protected":false},"author":3,"featured_media":19859,"comment_status":"open","ping_status":"open","sticky":false,"template":"","format":"standard","meta":{"wp_automatic_camp":["217"],"a470e7218f668b6bcc60c8af463afe63":["Wann deeskaliert die EU endlich? \u2013 Borrell will noch mehr Waffen f\u00fcr die Ukraine"],"original_link":["https:\/\/de.rt.com\/meinung\/149956-deeskaliert-eu-endlich-borrell-will\/"],"_thumbnail_id":["19859"],"_wptg_p2tg_sent2tg":["2022-09-27 10:13:26"],"jnews_social_counter_last_update":["1777348593"]},"categories":[19,23],"tags":[25926,33468,45,8553,221,2063,1674,127,1023,13562],"yoast_head":"<!-- This site is optimized with the Yoast SEO Premium plugin v22.7 (Yoast SEO v22.7) - https:\/\/yoast.com\/wordpress\/plugins\/seo\/ -->\n<title>Wann deeskaliert die EU endlich? \u2013 Borrell will noch mehr Waffen f\u00fcr die Ukraine - just-now.NEWS Deutschland<\/title>\n<meta name=\"robots\" content=\"index, follow, max-snippet:-1, max-image-preview:large, max-video-preview:-1\" \/>\n<link rel=\"canonical\" href=\"https:\/\/now-news.de\/de\/deutschland\/wann-deeskaliert-die-eu-endlich-borrell-will-noch-mehr-waffen-fuer-die-ukraine\/\" \/>\n<meta property=\"og:locale\" content=\"de_DE\" \/>\n<meta property=\"og:type\" content=\"article\" \/>\n<meta property=\"og:title\" content=\"Wann deeskaliert die EU endlich? \u2013 Borrell will noch mehr Waffen f\u00fcr die Ukraine\" \/>\n<meta property=\"og:description\" content=\"Von Dagmar Henn Hochmut kommt vor dem Fall, sagt das Sprichwort, und selbst das klassische griechische Drama arbeitete schon mit dem Motiv der Hybris, wenn Trag\u00f6die gefragt war. Nur, dass das klassische Drama auf den Hochmut des Helden dessen Leid und Untergang vorsieht, die gegenw\u00e4rtige F\u00fchrung Europas aber den Hochmut beh\u00e4lt, Leid und Untergang aber [&hellip;]\" \/>\n<meta property=\"og:url\" content=\"https:\/\/now-news.de\/de\/deutschland\/wann-deeskaliert-die-eu-endlich-borrell-will-noch-mehr-waffen-fuer-die-ukraine\/\" \/>\n<meta property=\"og:site_name\" content=\"just-now.NEWS Deutschland\" \/>\n<meta property=\"article:publisher\" content=\"https:\/\/www.facebook.com\/wirmachenauf\" \/>\n<meta property=\"article:published_time\" content=\"2022-09-27T08:02:20+00:00\" \/>\n<meta property=\"og:image\" content=\"https:\/\/now-news.de\/de\/wp-content\/uploads\/sites\/3\/2022\/09\/Wann-deeskaliert-die-EU-endlich-\u2013-Borrell-will-noch-mehr.jpg\" \/>\n\t<meta property=\"og:image:width\" content=\"460\" \/>\n\t<meta property=\"og:image:height\" content=\"259\" \/>\n\t<meta property=\"og:image:type\" content=\"image\/jpeg\" \/>\n<meta name=\"author\" content=\"rtnews\" \/>\n<meta name=\"twitter:card\" content=\"summary_large_image\" \/>\n<meta name=\"twitter:creator\" content=\"@WirMachenAuf_de\" \/>\n<meta name=\"twitter:site\" content=\"@WirMachenAuf_de\" \/>\n<meta name=\"twitter:label1\" content=\"Verfasst von\" \/>\n\t<meta name=\"twitter:data1\" content=\"rtnews\" \/>\n\t<meta name=\"twitter:label2\" content=\"Gesch\u00e4tzte Lesezeit\" \/>\n\t<meta name=\"twitter:data2\" content=\"8\u00a0Minuten\" \/>\n<script type=\"application\/ld+json\" class=\"yoast-schema-graph\">{\"@context\":\"https:\/\/schema.org\",\"@graph\":[{\"@type\":\"Article\",\"@id\":\"https:\/\/now-news.de\/de\/deutschland\/wann-deeskaliert-die-eu-endlich-borrell-will-noch-mehr-waffen-fuer-die-ukraine\/#article\",\"isPartOf\":{\"@id\":\"https:\/\/now-news.de\/de\/deutschland\/wann-deeskaliert-die-eu-endlich-borrell-will-noch-mehr-waffen-fuer-die-ukraine\/\"},\"author\":{\"name\":\"rtnews\",\"@id\":\"https:\/\/now-news.de\/de\/#\/schema\/person\/fb534a4e865501d8b3285208df34a9b5\"},\"headline\":\"Wann deeskaliert die EU endlich? \u2013 Borrell will noch mehr Waffen f\u00fcr die Ukraine\",\"datePublished\":\"2022-09-27T08:02:20+00:00\",\"dateModified\":\"2022-09-27T08:02:20+00:00\",\"mainEntityOfPage\":{\"@id\":\"https:\/\/now-news.de\/de\/deutschland\/wann-deeskaliert-die-eu-endlich-borrell-will-noch-mehr-waffen-fuer-die-ukraine\/\"},\"wordCount\":1624,\"commentCount\":0,\"publisher\":{\"@id\":\"https:\/\/now-news.de\/de\/#organization\"},\"image\":{\"@id\":\"https:\/\/now-news.de\/de\/deutschland\/wann-deeskaliert-die-eu-endlich-borrell-will-noch-mehr-waffen-fuer-die-ukraine\/#primaryimage\"},\"thumbnailUrl\":\"https:\/\/now-news.de\/de\/wp-content\/uploads\/sites\/3\/2022\/09\/Wann-deeskaliert-die-EU-endlich-\u2013-Borrell-will-noch-mehr.jpg\",\"keywords\":[\"Borrell\",\"deeskaliert\",\"die\",\"ENDLICH\",\"f\u00fcr\",\"mehr\",\"noch\",\"ukraine\",\"Waffen\",\"Wann\"],\"articleSection\":[\"Deutschland\",\"Russland\"],\"inLanguage\":\"de\",\"potentialAction\":[{\"@type\":\"CommentAction\",\"name\":\"Comment\",\"target\":[\"https:\/\/now-news.de\/de\/deutschland\/wann-deeskaliert-die-eu-endlich-borrell-will-noch-mehr-waffen-fuer-die-ukraine\/#respond\"]}]},{\"@type\":\"WebPage\",\"@id\":\"https:\/\/now-news.de\/de\/deutschland\/wann-deeskaliert-die-eu-endlich-borrell-will-noch-mehr-waffen-fuer-die-ukraine\/\",\"url\":\"https:\/\/now-news.de\/de\/deutschland\/wann-deeskaliert-die-eu-endlich-borrell-will-noch-mehr-waffen-fuer-die-ukraine\/\",\"name\":\"Wann deeskaliert die EU endlich? \u2013 Borrell will noch mehr Waffen f\u00fcr die Ukraine - just-now.NEWS Deutschland\",\"isPartOf\":{\"@id\":\"https:\/\/now-news.de\/de\/#website\"},\"primaryImageOfPage\":{\"@id\":\"https:\/\/now-news.de\/de\/deutschland\/wann-deeskaliert-die-eu-endlich-borrell-will-noch-mehr-waffen-fuer-die-ukraine\/#primaryimage\"},\"image\":{\"@id\":\"https:\/\/now-news.de\/de\/deutschland\/wann-deeskaliert-die-eu-endlich-borrell-will-noch-mehr-waffen-fuer-die-ukraine\/#primaryimage\"},\"thumbnailUrl\":\"https:\/\/now-news.de\/de\/wp-content\/uploads\/sites\/3\/2022\/09\/Wann-deeskaliert-die-EU-endlich-\u2013-Borrell-will-noch-mehr.jpg\",\"datePublished\":\"2022-09-27T08:02:20+00:00\",\"dateModified\":\"2022-09-27T08:02:20+00:00\",\"breadcrumb\":{\"@id\":\"https:\/\/now-news.de\/de\/deutschland\/wann-deeskaliert-die-eu-endlich-borrell-will-noch-mehr-waffen-fuer-die-ukraine\/#breadcrumb\"},\"inLanguage\":\"de\",\"potentialAction\":[{\"@type\":\"ReadAction\",\"target\":[\"https:\/\/now-news.de\/de\/deutschland\/wann-deeskaliert-die-eu-endlich-borrell-will-noch-mehr-waffen-fuer-die-ukraine\/\"]}]},{\"@type\":\"ImageObject\",\"inLanguage\":\"de\",\"@id\":\"https:\/\/now-news.de\/de\/deutschland\/wann-deeskaliert-die-eu-endlich-borrell-will-noch-mehr-waffen-fuer-die-ukraine\/#primaryimage\",\"url\":\"https:\/\/now-news.de\/de\/wp-content\/uploads\/sites\/3\/2022\/09\/Wann-deeskaliert-die-EU-endlich-\u2013-Borrell-will-noch-mehr.jpg\",\"contentUrl\":\"https:\/\/now-news.de\/de\/wp-content\/uploads\/sites\/3\/2022\/09\/Wann-deeskaliert-die-EU-endlich-\u2013-Borrell-will-noch-mehr.jpg\",\"width\":460,\"height\":259,\"caption\":\"Wann deeskaliert die EU endlich? \u2013 Borrell will noch mehr Waffen f\u00fcr die Ukraine\"},{\"@type\":\"BreadcrumbList\",\"@id\":\"https:\/\/now-news.de\/de\/deutschland\/wann-deeskaliert-die-eu-endlich-borrell-will-noch-mehr-waffen-fuer-die-ukraine\/#breadcrumb\",\"itemListElement\":[{\"@type\":\"ListItem\",\"position\":1,\"name\":\"Home\",\"item\":\"https:\/\/now-news.de\/de\/\"},{\"@type\":\"ListItem\",\"position\":2,\"name\":\"Wann deeskaliert die EU endlich? \u2013 Borrell will noch mehr Waffen f\u00fcr die Ukraine\"}]},{\"@type\":\"WebSite\",\"@id\":\"https:\/\/now-news.de\/de\/#website\",\"url\":\"https:\/\/now-news.de\/de\/\",\"name\":\"just-now.NEWS Deutschland\",\"description\":\"Das Portal f\u00fcr unzensierte Nachrichten aus der Welt\",\"publisher\":{\"@id\":\"https:\/\/now-news.de\/de\/#organization\"},\"potentialAction\":[{\"@type\":\"SearchAction\",\"target\":{\"@type\":\"EntryPoint\",\"urlTemplate\":\"https:\/\/now-news.de\/de\/?s={search_term_string}\"},\"query-input\":\"required name=search_term_string\"}],\"inLanguage\":\"de\"},{\"@type\":\"Organization\",\"@id\":\"https:\/\/now-news.de\/de\/#organization\",\"name\":\"Just Now News\",\"url\":\"https:\/\/now-news.de\/de\/\",\"logo\":{\"@type\":\"ImageObject\",\"inLanguage\":\"de\",\"@id\":\"https:\/\/now-news.de\/de\/#\/schema\/logo\/image\/\",\"url\":\"http:\/\/just-now.news\/de\/wp-content\/uploads\/sites\/3\/2022\/04\/logo500x500.jpg\",\"contentUrl\":\"http:\/\/just-now.news\/de\/wp-content\/uploads\/sites\/3\/2022\/04\/logo500x500.jpg\",\"width\":500,\"height\":500,\"caption\":\"Just Now News\"},\"image\":{\"@id\":\"https:\/\/now-news.de\/de\/#\/schema\/logo\/image\/\"},\"sameAs\":[\"https:\/\/www.facebook.com\/wirmachenauf\",\"https:\/\/x.com\/WirMachenAuf_de\"]},{\"@type\":\"Person\",\"@id\":\"https:\/\/now-news.de\/de\/#\/schema\/person\/fb534a4e865501d8b3285208df34a9b5\",\"name\":\"rtnews\",\"image\":{\"@type\":\"ImageObject\",\"inLanguage\":\"de\",\"@id\":\"https:\/\/now-news.de\/de\/#\/schema\/person\/image\/\",\"url\":\"https:\/\/secure.gravatar.com\/avatar\/82aafea7d8127119dd649515f56e2117?s=96&d=mm&r=g\",\"contentUrl\":\"https:\/\/secure.gravatar.com\/avatar\/82aafea7d8127119dd649515f56e2117?s=96&d=mm&r=g\",\"caption\":\"rtnews\"},\"url\":\"https:\/\/now-news.de\/de\/author\/rnews\/\"}]}<\/script>\n<!-- \/ Yoast SEO Premium plugin. -->","yoast_head_json":{"title":"Wann deeskaliert die EU endlich? \u2013 Borrell will noch mehr Waffen f\u00fcr die Ukraine - just-now.NEWS Deutschland","robots":{"index":"index","follow":"follow","max-snippet":"max-snippet:-1","max-image-preview":"max-image-preview:large","max-video-preview":"max-video-preview:-1"},"canonical":"https:\/\/now-news.de\/de\/deutschland\/wann-deeskaliert-die-eu-endlich-borrell-will-noch-mehr-waffen-fuer-die-ukraine\/","og_locale":"de_DE","og_type":"article","og_title":"Wann deeskaliert die EU endlich? \u2013 Borrell will noch mehr Waffen f\u00fcr die Ukraine","og_description":"Von Dagmar Henn Hochmut kommt vor dem Fall, sagt das Sprichwort, und selbst das klassische griechische Drama arbeitete schon mit dem Motiv der Hybris, wenn Trag\u00f6die gefragt war. Nur, dass das klassische Drama auf den Hochmut des Helden dessen Leid und Untergang vorsieht, die gegenw\u00e4rtige F\u00fchrung Europas aber den Hochmut beh\u00e4lt, Leid und Untergang aber [&hellip;]","og_url":"https:\/\/now-news.de\/de\/deutschland\/wann-deeskaliert-die-eu-endlich-borrell-will-noch-mehr-waffen-fuer-die-ukraine\/","og_site_name":"just-now.NEWS Deutschland","article_publisher":"https:\/\/www.facebook.com\/wirmachenauf","article_published_time":"2022-09-27T08:02:20+00:00","og_image":[{"width":460,"height":259,"url":"https:\/\/now-news.de\/de\/wp-content\/uploads\/sites\/3\/2022\/09\/Wann-deeskaliert-die-EU-endlich-\u2013-Borrell-will-noch-mehr.jpg","type":"image\/jpeg"}],"author":"rtnews","twitter_card":"summary_large_image","twitter_creator":"@WirMachenAuf_de","twitter_site":"@WirMachenAuf_de","twitter_misc":{"Verfasst von":"rtnews","Gesch\u00e4tzte Lesezeit":"8\u00a0Minuten"},"schema":{"@context":"https:\/\/schema.org","@graph":[{"@type":"Article","@id":"https:\/\/now-news.de\/de\/deutschland\/wann-deeskaliert-die-eu-endlich-borrell-will-noch-mehr-waffen-fuer-die-ukraine\/#article","isPartOf":{"@id":"https:\/\/now-news.de\/de\/deutschland\/wann-deeskaliert-die-eu-endlich-borrell-will-noch-mehr-waffen-fuer-die-ukraine\/"},"author":{"name":"rtnews","@id":"https:\/\/now-news.de\/de\/#\/schema\/person\/fb534a4e865501d8b3285208df34a9b5"},"headline":"Wann deeskaliert die EU endlich? \u2013 Borrell will noch mehr Waffen f\u00fcr die Ukraine","datePublished":"2022-09-27T08:02:20+00:00","dateModified":"2022-09-27T08:02:20+00:00","mainEntityOfPage":{"@id":"https:\/\/now-news.de\/de\/deutschland\/wann-deeskaliert-die-eu-endlich-borrell-will-noch-mehr-waffen-fuer-die-ukraine\/"},"wordCount":1624,"commentCount":0,"publisher":{"@id":"https:\/\/now-news.de\/de\/#organization"},"image":{"@id":"https:\/\/now-news.de\/de\/deutschland\/wann-deeskaliert-die-eu-endlich-borrell-will-noch-mehr-waffen-fuer-die-ukraine\/#primaryimage"},"thumbnailUrl":"https:\/\/now-news.de\/de\/wp-content\/uploads\/sites\/3\/2022\/09\/Wann-deeskaliert-die-EU-endlich-\u2013-Borrell-will-noch-mehr.jpg","keywords":["Borrell","deeskaliert","die","ENDLICH","f\u00fcr","mehr","noch","ukraine","Waffen","Wann"],"articleSection":["Deutschland","Russland"],"inLanguage":"de","potentialAction":[{"@type":"CommentAction","name":"Comment","target":["https:\/\/now-news.de\/de\/deutschland\/wann-deeskaliert-die-eu-endlich-borrell-will-noch-mehr-waffen-fuer-die-ukraine\/#respond"]}]},{"@type":"WebPage","@id":"https:\/\/now-news.de\/de\/deutschland\/wann-deeskaliert-die-eu-endlich-borrell-will-noch-mehr-waffen-fuer-die-ukraine\/","url":"https:\/\/now-news.de\/de\/deutschland\/wann-deeskaliert-die-eu-endlich-borrell-will-noch-mehr-waffen-fuer-die-ukraine\/","name":"Wann deeskaliert die EU endlich? \u2013 Borrell will noch mehr Waffen f\u00fcr die Ukraine - just-now.NEWS Deutschland","isPartOf":{"@id":"https:\/\/now-news.de\/de\/#website"},"primaryImageOfPage":{"@id":"https:\/\/now-news.de\/de\/deutschland\/wann-deeskaliert-die-eu-endlich-borrell-will-noch-mehr-waffen-fuer-die-ukraine\/#primaryimage"},"image":{"@id":"https:\/\/now-news.de\/de\/deutschland\/wann-deeskaliert-die-eu-endlich-borrell-will-noch-mehr-waffen-fuer-die-ukraine\/#primaryimage"},"thumbnailUrl":"https:\/\/now-news.de\/de\/wp-content\/uploads\/sites\/3\/2022\/09\/Wann-deeskaliert-die-EU-endlich-\u2013-Borrell-will-noch-mehr.jpg","datePublished":"2022-09-27T08:02:20+00:00","dateModified":"2022-09-27T08:02:20+00:00","breadcrumb":{"@id":"https:\/\/now-news.de\/de\/deutschland\/wann-deeskaliert-die-eu-endlich-borrell-will-noch-mehr-waffen-fuer-die-ukraine\/#breadcrumb"},"inLanguage":"de","potentialAction":[{"@type":"ReadAction","target":["https:\/\/now-news.de\/de\/deutschland\/wann-deeskaliert-die-eu-endlich-borrell-will-noch-mehr-waffen-fuer-die-ukraine\/"]}]},{"@type":"ImageObject","inLanguage":"de","@id":"https:\/\/now-news.de\/de\/deutschland\/wann-deeskaliert-die-eu-endlich-borrell-will-noch-mehr-waffen-fuer-die-ukraine\/#primaryimage","url":"https:\/\/now-news.de\/de\/wp-content\/uploads\/sites\/3\/2022\/09\/Wann-deeskaliert-die-EU-endlich-\u2013-Borrell-will-noch-mehr.jpg","contentUrl":"https:\/\/now-news.de\/de\/wp-content\/uploads\/sites\/3\/2022\/09\/Wann-deeskaliert-die-EU-endlich-\u2013-Borrell-will-noch-mehr.jpg","width":460,"height":259,"caption":"Wann deeskaliert die EU endlich? \u2013 Borrell will noch mehr Waffen f\u00fcr die Ukraine"},{"@type":"BreadcrumbList","@id":"https:\/\/now-news.de\/de\/deutschland\/wann-deeskaliert-die-eu-endlich-borrell-will-noch-mehr-waffen-fuer-die-ukraine\/#breadcrumb","itemListElement":[{"@type":"ListItem","position":1,"name":"Home","item":"https:\/\/now-news.de\/de\/"},{"@type":"ListItem","position":2,"name":"Wann deeskaliert die EU endlich? \u2013 Borrell will noch mehr Waffen f\u00fcr die Ukraine"}]},{"@type":"WebSite","@id":"https:\/\/now-news.de\/de\/#website","url":"https:\/\/now-news.de\/de\/","name":"just-now.NEWS Deutschland","description":"Das Portal f\u00fcr unzensierte Nachrichten aus der Welt","publisher":{"@id":"https:\/\/now-news.de\/de\/#organization"},"potentialAction":[{"@type":"SearchAction","target":{"@type":"EntryPoint","urlTemplate":"https:\/\/now-news.de\/de\/?s={search_term_string}"},"query-input":"required name=search_term_string"}],"inLanguage":"de"},{"@type":"Organization","@id":"https:\/\/now-news.de\/de\/#organization","name":"Just Now News","url":"https:\/\/now-news.de\/de\/","logo":{"@type":"ImageObject","inLanguage":"de","@id":"https:\/\/now-news.de\/de\/#\/schema\/logo\/image\/","url":"http:\/\/just-now.news\/de\/wp-content\/uploads\/sites\/3\/2022\/04\/logo500x500.jpg","contentUrl":"http:\/\/just-now.news\/de\/wp-content\/uploads\/sites\/3\/2022\/04\/logo500x500.jpg","width":500,"height":500,"caption":"Just Now News"},"image":{"@id":"https:\/\/now-news.de\/de\/#\/schema\/logo\/image\/"},"sameAs":["https:\/\/www.facebook.com\/wirmachenauf","https:\/\/x.com\/WirMachenAuf_de"]},{"@type":"Person","@id":"https:\/\/now-news.de\/de\/#\/schema\/person\/fb534a4e865501d8b3285208df34a9b5","name":"rtnews","image":{"@type":"ImageObject","inLanguage":"de","@id":"https:\/\/now-news.de\/de\/#\/schema\/person\/image\/","url":"https:\/\/secure.gravatar.com\/avatar\/82aafea7d8127119dd649515f56e2117?s=96&d=mm&r=g","contentUrl":"https:\/\/secure.gravatar.com\/avatar\/82aafea7d8127119dd649515f56e2117?s=96&d=mm&r=g","caption":"rtnews"},"url":"https:\/\/now-news.de\/de\/author\/rnews\/"}]}},"_links":{"self":[{"href":"https:\/\/now-news.de\/de\/wp-json\/wp\/v2\/posts\/19858"}],"collection":[{"href":"https:\/\/now-news.de\/de\/wp-json\/wp\/v2\/posts"}],"about":[{"href":"https:\/\/now-news.de\/de\/wp-json\/wp\/v2\/types\/post"}],"author":[{"embeddable":true,"href":"https:\/\/now-news.de\/de\/wp-json\/wp\/v2\/users\/3"}],"replies":[{"embeddable":true,"href":"https:\/\/now-news.de\/de\/wp-json\/wp\/v2\/comments?post=19858"}],"version-history":[{"count":0,"href":"https:\/\/now-news.de\/de\/wp-json\/wp\/v2\/posts\/19858\/revisions"}],"wp:featuredmedia":[{"embeddable":true,"href":"https:\/\/now-news.de\/de\/wp-json\/wp\/v2\/media\/19859"}],"wp:attachment":[{"href":"https:\/\/now-news.de\/de\/wp-json\/wp\/v2\/media?parent=19858"}],"wp:term":[{"taxonomy":"category","embeddable":true,"href":"https:\/\/now-news.de\/de\/wp-json\/wp\/v2\/categories?post=19858"},{"taxonomy":"post_tag","embeddable":true,"href":"https:\/\/now-news.de\/de\/wp-json\/wp\/v2\/tags?post=19858"}],"curies":[{"name":"wp","href":"https:\/\/api.w.org\/{rel}","templated":true}]}}