{"id":19765,"date":"2022-09-25T19:55:15","date_gmt":"2022-09-25T17:55:15","guid":{"rendered":"http:\/\/just-now.news\/de\/deutschland\/bauern-in-der-eu-warnen-erneut-vor-lebensmittelknappheit\/"},"modified":"2022-09-25T19:55:15","modified_gmt":"2022-09-25T17:55:15","slug":"bauern-in-der-eu-warnen-erneut-vor-lebensmittelknappheit","status":"publish","type":"post","link":"https:\/\/now-news.de\/de\/deutschland\/bauern-in-der-eu-warnen-erneut-vor-lebensmittelknappheit\/","title":{"rendered":"Bauern in der EU warnen erneut vor Lebensmittelknappheit"},"content":{"rendered":"<p><img decoding=\"async\" src=\"http:\/\/just-now.news\/de\/wp-content\/uploads\/sites\/3\/2022\/09\/6330635b48fbef5b51189c6f.jpg\" \/><\/p>\n<div class=\"Text-root Text-type_1 \">\n                Auf die Verbraucher in Deutschland und Europa kommen immer neue Hiobsbotschaften zu. Die Preissteigerungsrate bei Lebensmitteln hat in Deutschland wohl inzwischen 15,5 Prozent gegen\u00fcber dem Vorjahr erreicht. Nun k\u00fcndigen Gem\u00fcsebauern an, die Produktion einzustellen. Drohen Knappheit und weitere Preissteigerungen?\n            <\/div>\n<p><\/p>\n<div class=\"Text-root Text-type_5 ArticleView-text ViewText-root \">\n<p>Wie <em>Reuters<\/em> diese Woche berichtete, erw\u00e4gen Gem\u00fcseproduzenten in ganz Nord- und Westeuropa aufgrund der anhaltenden Energiekrise den Betrieb einzustellen. Das w\u00fcrde die Lebensmittelversorgung zus\u00e4tzlich gef\u00e4hrden.<\/p>\n<p>Dem Bericht zufolge sind die explodierenden Strom- und Gaspreise die gr\u00f6\u00dften Kosten, mit denen Gem\u00fcsebauern konfrontiert sind, die Gew\u00e4chshauskulturen betreiben. Zwei franz\u00f6sische Landwirte, die j\u00fcngst ihre Stromvertr\u00e4ge f\u00fcr 2023 erneuert haben, erkl\u00e4rten gegen\u00fcber der Nachrichtenagentur, ihnen seien Preise genannt worden, die mehr als zehnmal so hoch waren\u00a0wie noch im Jahr 2021.\u00a0<\/p>\n<p>Benjamin Simonot-De Vos, der s\u00fcdlich von Paris Gurken, Tomaten und Erdbeeren anbaut, sagte:\u00a0<\/p>\n<blockquote>\n<p><em>&#8220;In den kommenden Wochen werde ich die Saison planen, aber ich wei\u00df nicht, was ich tun soll. Wenn es so bleibt, hat es keinen Sinn, im neuen Jahr weiterzumachen. Das ist nicht nachhaltig.&#8221;<\/em><\/p>\n<\/blockquote>\n<p>Frankreich erwartet dieses Jahr ohnehin eine historisch geringe Getreideernte, wie <em>Bloomberg<\/em> meldet. Eine vergleichbar\u00a0ertragsarme Ernte hatte es zuletzt vor 30 Jahren gegeben. Voraussichtlich werden rund 25 Millionen Tonnen Getreide weniger als 2021 geerntet.<\/p>\n<p>Johannes Gross, stellvertretender Verkaufsleiter bei der deutschen Genossenschaft Reichenau-Gem\u00fcse, erkl\u00e4rte gegen\u00fcber <em>Reuters:<\/em><\/p>\n<blockquote>\n<p><em>&#8220;Wir m\u00fcssen mit einem Anstieg der Produktionskosten um etwa 30 Prozent rechnen. Einige Kollegen denken dar\u00fcber nach, ihre Gew\u00e4chsh\u00e4user leer stehen zu lassen, um die Kosten so niedrig wie m\u00f6glich zu halten. Niemand wei\u00df, was n\u00e4chstes Jahr passieren wird.&#8221;<\/em><\/p>\n<\/blockquote>\n<p>Die steigenden Kosten f\u00fcr D\u00fcngemittel, Verpackung und Transport tragen ebenfalls zu den Problemen bei. Selbst in sonnenreichen L\u00e4ndern wie Spanien haben die Obst- und Gem\u00fcsebauern mit einem Anstieg der D\u00fcngemittelkosten um 25 Prozent zu k\u00e4mpfen.<\/p>\n<p>Unterdessen mehren sich die Hinweise, dass die Teuerungsrate bei Lebensmitteln im Vergleich zu anderen EU-Staaten in Deutschland\u00a0beinahe doppelt so hoch ist. Laut Untersuchungen von Vergleichsportalen liegt die Teuerungsrate bei Lebensmitteln und alkoholfreien Getr\u00e4nken hierzulande inzwischen <a rel=\"nofollow noopener\" target=\"_blank\" href=\"https:\/\/www.infranken.de\/ratgeber\/verbraucher\/anstieg-lebensmittelpreise-in-deutschland-hoeher-als-in-anderen-eu-laendern-ist-ein-vergleich-sinnvoll-art-5547761\">bei 15,5 Prozent<\/a> gegen\u00fcber dem Vorjahr\u00a0\u2013 w\u00e4hrend sie\u00a0beispielsweise in Frankreich 8 Prozent betr\u00e4gt. Nur in einigen osteurop\u00e4ischen L\u00e4ndern sind die Preise noch st\u00e4rker gestiegen.\u00a0Als Grund daf\u00fcr wird das &#8220;geringe Ausgangsniveau&#8221; der Lebensmittelpreise in Deutschland angegeben.<\/p>\n<p><strong>Mehr zum Thema<\/strong> &#8211;\u00a0 <a rel=\"nofollow noopener\" target=\"_blank\" href=\"https:\/\/test.rtde.tech\/inland\/149693-brandbrief-lebensmittelwirtschaft-deutschland-drohen-zeitnah\/\">Brandbrief der Wirtschaft: Deutschland drohen erhebliche Probleme bei der Lebensmittelversorgung<\/a><\/p>\n<\/div>\n<p><br \/>\n<br \/><a href=\"https:\/\/de.rt.com\/wirtschaft\/149875-bauern-in-eu-warnen-erneut-lebensmittelknappheit\/\">Source link <\/a><\/p>\n","protected":false},"excerpt":{"rendered":"<p>Auf die Verbraucher in Deutschland und Europa kommen immer neue Hiobsbotschaften zu. Die Preissteigerungsrate bei Lebensmitteln hat in Deutschland wohl inzwischen 15,5 Prozent gegen\u00fcber dem Vorjahr erreicht. Nun k\u00fcndigen Gem\u00fcsebauern an, die Produktion einzustellen. Drohen Knappheit und weitere Preissteigerungen? Wie Reuters diese Woche berichtete, erw\u00e4gen Gem\u00fcseproduzenten in ganz Nord- und Westeuropa aufgrund der anhaltenden Energiekrise [&hellip;]<\/p>\n","protected":false},"author":3,"featured_media":19766,"comment_status":"open","ping_status":"open","sticky":false,"template":"","format":"standard","meta":{"wp_automatic_camp":["217"],"ac91b0c8c81d2dc2494fcb3362bc2c96":["Bauern in der EU warnen erneut vor Lebensmittelknappheit"],"original_link":["https:\/\/de.rt.com\/wirtschaft\/149875-bauern-in-eu-warnen-erneut-lebensmittelknappheit\/"],"_thumbnail_id":["19766"],"_wptg_p2tg_sent2tg":["2022-09-25 20:22:26"],"jnews_social_counter_last_update":["1776963805"]},"categories":[19,23],"tags":[22707,82,781,1740,320,1738],"yoast_head":"<!-- This site is optimized with the Yoast SEO Premium plugin v22.7 (Yoast SEO v22.7) - https:\/\/yoast.com\/wordpress\/plugins\/seo\/ -->\n<title>Bauern in der EU warnen erneut vor Lebensmittelknappheit - just-now.NEWS Deutschland<\/title>\n<meta name=\"robots\" content=\"index, follow, max-snippet:-1, max-image-preview:large, max-video-preview:-1\" \/>\n<link rel=\"canonical\" href=\"https:\/\/now-news.de\/de\/deutschland\/bauern-in-der-eu-warnen-erneut-vor-lebensmittelknappheit\/\" \/>\n<meta property=\"og:locale\" content=\"de_DE\" \/>\n<meta property=\"og:type\" content=\"article\" \/>\n<meta property=\"og:title\" content=\"Bauern in der EU warnen erneut vor Lebensmittelknappheit\" \/>\n<meta property=\"og:description\" content=\"Auf die Verbraucher in Deutschland und Europa kommen immer neue Hiobsbotschaften zu. Die Preissteigerungsrate bei Lebensmitteln hat in Deutschland wohl inzwischen 15,5 Prozent gegen\u00fcber dem Vorjahr erreicht. Nun k\u00fcndigen Gem\u00fcsebauern an, die Produktion einzustellen. Drohen Knappheit und weitere Preissteigerungen? Wie Reuters diese Woche berichtete, erw\u00e4gen Gem\u00fcseproduzenten in ganz Nord- und Westeuropa aufgrund der anhaltenden Energiekrise [&hellip;]\" \/>\n<meta property=\"og:url\" content=\"https:\/\/now-news.de\/de\/deutschland\/bauern-in-der-eu-warnen-erneut-vor-lebensmittelknappheit\/\" \/>\n<meta property=\"og:site_name\" content=\"just-now.NEWS Deutschland\" \/>\n<meta property=\"article:publisher\" content=\"https:\/\/www.facebook.com\/wirmachenauf\" \/>\n<meta property=\"article:published_time\" content=\"2022-09-25T17:55:15+00:00\" \/>\n<meta property=\"og:image\" content=\"https:\/\/now-news.de\/de\/wp-content\/uploads\/sites\/3\/2022\/09\/Bauern-in-der-EU-warnen-erneut-vor-Lebensmittelknappheit.jpg\" \/>\n\t<meta property=\"og:image:width\" content=\"460\" \/>\n\t<meta property=\"og:image:height\" content=\"259\" \/>\n\t<meta property=\"og:image:type\" content=\"image\/jpeg\" \/>\n<meta name=\"author\" content=\"rtnews\" \/>\n<meta name=\"twitter:card\" content=\"summary_large_image\" \/>\n<meta name=\"twitter:creator\" content=\"@WirMachenAuf_de\" \/>\n<meta name=\"twitter:site\" content=\"@WirMachenAuf_de\" \/>\n<meta name=\"twitter:label1\" content=\"Verfasst von\" \/>\n\t<meta name=\"twitter:data1\" content=\"rtnews\" \/>\n\t<meta name=\"twitter:label2\" content=\"Gesch\u00e4tzte Lesezeit\" \/>\n\t<meta name=\"twitter:data2\" content=\"2\u00a0Minuten\" \/>\n<script type=\"application\/ld+json\" class=\"yoast-schema-graph\">{\"@context\":\"https:\/\/schema.org\",\"@graph\":[{\"@type\":\"Article\",\"@id\":\"https:\/\/now-news.de\/de\/deutschland\/bauern-in-der-eu-warnen-erneut-vor-lebensmittelknappheit\/#article\",\"isPartOf\":{\"@id\":\"https:\/\/now-news.de\/de\/deutschland\/bauern-in-der-eu-warnen-erneut-vor-lebensmittelknappheit\/\"},\"author\":{\"name\":\"rtnews\",\"@id\":\"https:\/\/now-news.de\/de\/#\/schema\/person\/fb534a4e865501d8b3285208df34a9b5\"},\"headline\":\"Bauern in der EU warnen erneut vor Lebensmittelknappheit\",\"datePublished\":\"2022-09-25T17:55:15+00:00\",\"dateModified\":\"2022-09-25T17:55:15+00:00\",\"mainEntityOfPage\":{\"@id\":\"https:\/\/now-news.de\/de\/deutschland\/bauern-in-der-eu-warnen-erneut-vor-lebensmittelknappheit\/\"},\"wordCount\":411,\"commentCount\":0,\"publisher\":{\"@id\":\"https:\/\/now-news.de\/de\/#organization\"},\"image\":{\"@id\":\"https:\/\/now-news.de\/de\/deutschland\/bauern-in-der-eu-warnen-erneut-vor-lebensmittelknappheit\/#primaryimage\"},\"thumbnailUrl\":\"https:\/\/now-news.de\/de\/wp-content\/uploads\/sites\/3\/2022\/09\/Bauern-in-der-EU-warnen-erneut-vor-Lebensmittelknappheit.jpg\",\"keywords\":[\"Bauern\",\"der\",\"erneut\",\"Lebensmittelknappheit\",\"vor\",\"warnen\"],\"articleSection\":[\"Deutschland\",\"Russland\"],\"inLanguage\":\"de\",\"potentialAction\":[{\"@type\":\"CommentAction\",\"name\":\"Comment\",\"target\":[\"https:\/\/now-news.de\/de\/deutschland\/bauern-in-der-eu-warnen-erneut-vor-lebensmittelknappheit\/#respond\"]}]},{\"@type\":\"WebPage\",\"@id\":\"https:\/\/now-news.de\/de\/deutschland\/bauern-in-der-eu-warnen-erneut-vor-lebensmittelknappheit\/\",\"url\":\"https:\/\/now-news.de\/de\/deutschland\/bauern-in-der-eu-warnen-erneut-vor-lebensmittelknappheit\/\",\"name\":\"Bauern in der EU warnen erneut vor Lebensmittelknappheit - just-now.NEWS Deutschland\",\"isPartOf\":{\"@id\":\"https:\/\/now-news.de\/de\/#website\"},\"primaryImageOfPage\":{\"@id\":\"https:\/\/now-news.de\/de\/deutschland\/bauern-in-der-eu-warnen-erneut-vor-lebensmittelknappheit\/#primaryimage\"},\"image\":{\"@id\":\"https:\/\/now-news.de\/de\/deutschland\/bauern-in-der-eu-warnen-erneut-vor-lebensmittelknappheit\/#primaryimage\"},\"thumbnailUrl\":\"https:\/\/now-news.de\/de\/wp-content\/uploads\/sites\/3\/2022\/09\/Bauern-in-der-EU-warnen-erneut-vor-Lebensmittelknappheit.jpg\",\"datePublished\":\"2022-09-25T17:55:15+00:00\",\"dateModified\":\"2022-09-25T17:55:15+00:00\",\"breadcrumb\":{\"@id\":\"https:\/\/now-news.de\/de\/deutschland\/bauern-in-der-eu-warnen-erneut-vor-lebensmittelknappheit\/#breadcrumb\"},\"inLanguage\":\"de\",\"potentialAction\":[{\"@type\":\"ReadAction\",\"target\":[\"https:\/\/now-news.de\/de\/deutschland\/bauern-in-der-eu-warnen-erneut-vor-lebensmittelknappheit\/\"]}]},{\"@type\":\"ImageObject\",\"inLanguage\":\"de\",\"@id\":\"https:\/\/now-news.de\/de\/deutschland\/bauern-in-der-eu-warnen-erneut-vor-lebensmittelknappheit\/#primaryimage\",\"url\":\"https:\/\/now-news.de\/de\/wp-content\/uploads\/sites\/3\/2022\/09\/Bauern-in-der-EU-warnen-erneut-vor-Lebensmittelknappheit.jpg\",\"contentUrl\":\"https:\/\/now-news.de\/de\/wp-content\/uploads\/sites\/3\/2022\/09\/Bauern-in-der-EU-warnen-erneut-vor-Lebensmittelknappheit.jpg\",\"width\":460,\"height\":259,\"caption\":\"Bauern in der EU warnen erneut vor Lebensmittelknappheit\"},{\"@type\":\"BreadcrumbList\",\"@id\":\"https:\/\/now-news.de\/de\/deutschland\/bauern-in-der-eu-warnen-erneut-vor-lebensmittelknappheit\/#breadcrumb\",\"itemListElement\":[{\"@type\":\"ListItem\",\"position\":1,\"name\":\"Home\",\"item\":\"https:\/\/now-news.de\/de\/\"},{\"@type\":\"ListItem\",\"position\":2,\"name\":\"Bauern in der EU warnen erneut vor Lebensmittelknappheit\"}]},{\"@type\":\"WebSite\",\"@id\":\"https:\/\/now-news.de\/de\/#website\",\"url\":\"https:\/\/now-news.de\/de\/\",\"name\":\"just-now.NEWS Deutschland\",\"description\":\"Das Portal f\u00fcr unzensierte Nachrichten aus der Welt\",\"publisher\":{\"@id\":\"https:\/\/now-news.de\/de\/#organization\"},\"potentialAction\":[{\"@type\":\"SearchAction\",\"target\":{\"@type\":\"EntryPoint\",\"urlTemplate\":\"https:\/\/now-news.de\/de\/?s={search_term_string}\"},\"query-input\":\"required name=search_term_string\"}],\"inLanguage\":\"de\"},{\"@type\":\"Organization\",\"@id\":\"https:\/\/now-news.de\/de\/#organization\",\"name\":\"Just Now News\",\"url\":\"https:\/\/now-news.de\/de\/\",\"logo\":{\"@type\":\"ImageObject\",\"inLanguage\":\"de\",\"@id\":\"https:\/\/now-news.de\/de\/#\/schema\/logo\/image\/\",\"url\":\"http:\/\/just-now.news\/de\/wp-content\/uploads\/sites\/3\/2022\/04\/logo500x500.jpg\",\"contentUrl\":\"http:\/\/just-now.news\/de\/wp-content\/uploads\/sites\/3\/2022\/04\/logo500x500.jpg\",\"width\":500,\"height\":500,\"caption\":\"Just Now News\"},\"image\":{\"@id\":\"https:\/\/now-news.de\/de\/#\/schema\/logo\/image\/\"},\"sameAs\":[\"https:\/\/www.facebook.com\/wirmachenauf\",\"https:\/\/x.com\/WirMachenAuf_de\"]},{\"@type\":\"Person\",\"@id\":\"https:\/\/now-news.de\/de\/#\/schema\/person\/fb534a4e865501d8b3285208df34a9b5\",\"name\":\"rtnews\",\"image\":{\"@type\":\"ImageObject\",\"inLanguage\":\"de\",\"@id\":\"https:\/\/now-news.de\/de\/#\/schema\/person\/image\/\",\"url\":\"https:\/\/secure.gravatar.com\/avatar\/82aafea7d8127119dd649515f56e2117?s=96&d=mm&r=g\",\"contentUrl\":\"https:\/\/secure.gravatar.com\/avatar\/82aafea7d8127119dd649515f56e2117?s=96&d=mm&r=g\",\"caption\":\"rtnews\"},\"url\":\"https:\/\/now-news.de\/de\/author\/rnews\/\"}]}<\/script>\n<!-- \/ Yoast SEO Premium plugin. -->","yoast_head_json":{"title":"Bauern in der EU warnen erneut vor Lebensmittelknappheit - just-now.NEWS Deutschland","robots":{"index":"index","follow":"follow","max-snippet":"max-snippet:-1","max-image-preview":"max-image-preview:large","max-video-preview":"max-video-preview:-1"},"canonical":"https:\/\/now-news.de\/de\/deutschland\/bauern-in-der-eu-warnen-erneut-vor-lebensmittelknappheit\/","og_locale":"de_DE","og_type":"article","og_title":"Bauern in der EU warnen erneut vor Lebensmittelknappheit","og_description":"Auf die Verbraucher in Deutschland und Europa kommen immer neue Hiobsbotschaften zu. Die Preissteigerungsrate bei Lebensmitteln hat in Deutschland wohl inzwischen 15,5 Prozent gegen\u00fcber dem Vorjahr erreicht. Nun k\u00fcndigen Gem\u00fcsebauern an, die Produktion einzustellen. Drohen Knappheit und weitere Preissteigerungen? Wie Reuters diese Woche berichtete, erw\u00e4gen Gem\u00fcseproduzenten in ganz Nord- und Westeuropa aufgrund der anhaltenden Energiekrise [&hellip;]","og_url":"https:\/\/now-news.de\/de\/deutschland\/bauern-in-der-eu-warnen-erneut-vor-lebensmittelknappheit\/","og_site_name":"just-now.NEWS Deutschland","article_publisher":"https:\/\/www.facebook.com\/wirmachenauf","article_published_time":"2022-09-25T17:55:15+00:00","og_image":[{"width":460,"height":259,"url":"https:\/\/now-news.de\/de\/wp-content\/uploads\/sites\/3\/2022\/09\/Bauern-in-der-EU-warnen-erneut-vor-Lebensmittelknappheit.jpg","type":"image\/jpeg"}],"author":"rtnews","twitter_card":"summary_large_image","twitter_creator":"@WirMachenAuf_de","twitter_site":"@WirMachenAuf_de","twitter_misc":{"Verfasst von":"rtnews","Gesch\u00e4tzte Lesezeit":"2\u00a0Minuten"},"schema":{"@context":"https:\/\/schema.org","@graph":[{"@type":"Article","@id":"https:\/\/now-news.de\/de\/deutschland\/bauern-in-der-eu-warnen-erneut-vor-lebensmittelknappheit\/#article","isPartOf":{"@id":"https:\/\/now-news.de\/de\/deutschland\/bauern-in-der-eu-warnen-erneut-vor-lebensmittelknappheit\/"},"author":{"name":"rtnews","@id":"https:\/\/now-news.de\/de\/#\/schema\/person\/fb534a4e865501d8b3285208df34a9b5"},"headline":"Bauern in der EU warnen erneut vor Lebensmittelknappheit","datePublished":"2022-09-25T17:55:15+00:00","dateModified":"2022-09-25T17:55:15+00:00","mainEntityOfPage":{"@id":"https:\/\/now-news.de\/de\/deutschland\/bauern-in-der-eu-warnen-erneut-vor-lebensmittelknappheit\/"},"wordCount":411,"commentCount":0,"publisher":{"@id":"https:\/\/now-news.de\/de\/#organization"},"image":{"@id":"https:\/\/now-news.de\/de\/deutschland\/bauern-in-der-eu-warnen-erneut-vor-lebensmittelknappheit\/#primaryimage"},"thumbnailUrl":"https:\/\/now-news.de\/de\/wp-content\/uploads\/sites\/3\/2022\/09\/Bauern-in-der-EU-warnen-erneut-vor-Lebensmittelknappheit.jpg","keywords":["Bauern","der","erneut","Lebensmittelknappheit","vor","warnen"],"articleSection":["Deutschland","Russland"],"inLanguage":"de","potentialAction":[{"@type":"CommentAction","name":"Comment","target":["https:\/\/now-news.de\/de\/deutschland\/bauern-in-der-eu-warnen-erneut-vor-lebensmittelknappheit\/#respond"]}]},{"@type":"WebPage","@id":"https:\/\/now-news.de\/de\/deutschland\/bauern-in-der-eu-warnen-erneut-vor-lebensmittelknappheit\/","url":"https:\/\/now-news.de\/de\/deutschland\/bauern-in-der-eu-warnen-erneut-vor-lebensmittelknappheit\/","name":"Bauern in der EU warnen erneut vor Lebensmittelknappheit - just-now.NEWS Deutschland","isPartOf":{"@id":"https:\/\/now-news.de\/de\/#website"},"primaryImageOfPage":{"@id":"https:\/\/now-news.de\/de\/deutschland\/bauern-in-der-eu-warnen-erneut-vor-lebensmittelknappheit\/#primaryimage"},"image":{"@id":"https:\/\/now-news.de\/de\/deutschland\/bauern-in-der-eu-warnen-erneut-vor-lebensmittelknappheit\/#primaryimage"},"thumbnailUrl":"https:\/\/now-news.de\/de\/wp-content\/uploads\/sites\/3\/2022\/09\/Bauern-in-der-EU-warnen-erneut-vor-Lebensmittelknappheit.jpg","datePublished":"2022-09-25T17:55:15+00:00","dateModified":"2022-09-25T17:55:15+00:00","breadcrumb":{"@id":"https:\/\/now-news.de\/de\/deutschland\/bauern-in-der-eu-warnen-erneut-vor-lebensmittelknappheit\/#breadcrumb"},"inLanguage":"de","potentialAction":[{"@type":"ReadAction","target":["https:\/\/now-news.de\/de\/deutschland\/bauern-in-der-eu-warnen-erneut-vor-lebensmittelknappheit\/"]}]},{"@type":"ImageObject","inLanguage":"de","@id":"https:\/\/now-news.de\/de\/deutschland\/bauern-in-der-eu-warnen-erneut-vor-lebensmittelknappheit\/#primaryimage","url":"https:\/\/now-news.de\/de\/wp-content\/uploads\/sites\/3\/2022\/09\/Bauern-in-der-EU-warnen-erneut-vor-Lebensmittelknappheit.jpg","contentUrl":"https:\/\/now-news.de\/de\/wp-content\/uploads\/sites\/3\/2022\/09\/Bauern-in-der-EU-warnen-erneut-vor-Lebensmittelknappheit.jpg","width":460,"height":259,"caption":"Bauern in der EU warnen erneut vor Lebensmittelknappheit"},{"@type":"BreadcrumbList","@id":"https:\/\/now-news.de\/de\/deutschland\/bauern-in-der-eu-warnen-erneut-vor-lebensmittelknappheit\/#breadcrumb","itemListElement":[{"@type":"ListItem","position":1,"name":"Home","item":"https:\/\/now-news.de\/de\/"},{"@type":"ListItem","position":2,"name":"Bauern in der EU warnen erneut vor Lebensmittelknappheit"}]},{"@type":"WebSite","@id":"https:\/\/now-news.de\/de\/#website","url":"https:\/\/now-news.de\/de\/","name":"just-now.NEWS Deutschland","description":"Das Portal f\u00fcr unzensierte Nachrichten aus der Welt","publisher":{"@id":"https:\/\/now-news.de\/de\/#organization"},"potentialAction":[{"@type":"SearchAction","target":{"@type":"EntryPoint","urlTemplate":"https:\/\/now-news.de\/de\/?s={search_term_string}"},"query-input":"required name=search_term_string"}],"inLanguage":"de"},{"@type":"Organization","@id":"https:\/\/now-news.de\/de\/#organization","name":"Just Now News","url":"https:\/\/now-news.de\/de\/","logo":{"@type":"ImageObject","inLanguage":"de","@id":"https:\/\/now-news.de\/de\/#\/schema\/logo\/image\/","url":"http:\/\/just-now.news\/de\/wp-content\/uploads\/sites\/3\/2022\/04\/logo500x500.jpg","contentUrl":"http:\/\/just-now.news\/de\/wp-content\/uploads\/sites\/3\/2022\/04\/logo500x500.jpg","width":500,"height":500,"caption":"Just Now News"},"image":{"@id":"https:\/\/now-news.de\/de\/#\/schema\/logo\/image\/"},"sameAs":["https:\/\/www.facebook.com\/wirmachenauf","https:\/\/x.com\/WirMachenAuf_de"]},{"@type":"Person","@id":"https:\/\/now-news.de\/de\/#\/schema\/person\/fb534a4e865501d8b3285208df34a9b5","name":"rtnews","image":{"@type":"ImageObject","inLanguage":"de","@id":"https:\/\/now-news.de\/de\/#\/schema\/person\/image\/","url":"https:\/\/secure.gravatar.com\/avatar\/82aafea7d8127119dd649515f56e2117?s=96&d=mm&r=g","contentUrl":"https:\/\/secure.gravatar.com\/avatar\/82aafea7d8127119dd649515f56e2117?s=96&d=mm&r=g","caption":"rtnews"},"url":"https:\/\/now-news.de\/de\/author\/rnews\/"}]}},"_links":{"self":[{"href":"https:\/\/now-news.de\/de\/wp-json\/wp\/v2\/posts\/19765"}],"collection":[{"href":"https:\/\/now-news.de\/de\/wp-json\/wp\/v2\/posts"}],"about":[{"href":"https:\/\/now-news.de\/de\/wp-json\/wp\/v2\/types\/post"}],"author":[{"embeddable":true,"href":"https:\/\/now-news.de\/de\/wp-json\/wp\/v2\/users\/3"}],"replies":[{"embeddable":true,"href":"https:\/\/now-news.de\/de\/wp-json\/wp\/v2\/comments?post=19765"}],"version-history":[{"count":0,"href":"https:\/\/now-news.de\/de\/wp-json\/wp\/v2\/posts\/19765\/revisions"}],"wp:featuredmedia":[{"embeddable":true,"href":"https:\/\/now-news.de\/de\/wp-json\/wp\/v2\/media\/19766"}],"wp:attachment":[{"href":"https:\/\/now-news.de\/de\/wp-json\/wp\/v2\/media?parent=19765"}],"wp:term":[{"taxonomy":"category","embeddable":true,"href":"https:\/\/now-news.de\/de\/wp-json\/wp\/v2\/categories?post=19765"},{"taxonomy":"post_tag","embeddable":true,"href":"https:\/\/now-news.de\/de\/wp-json\/wp\/v2\/tags?post=19765"}],"curies":[{"name":"wp","href":"https:\/\/api.w.org\/{rel}","templated":true}]}}