{"id":19726,"date":"2022-09-24T19:52:25","date_gmt":"2022-09-24T17:52:25","guid":{"rendered":"http:\/\/just-now.news\/de\/deutschland\/der-westen-muss-russland-ernst-nehmen-und-frieden-schaffen-bevor-es-zu-spaet-ist\/"},"modified":"2022-09-24T19:52:25","modified_gmt":"2022-09-24T17:52:25","slug":"der-westen-muss-russland-ernst-nehmen-und-frieden-schaffen-bevor-es-zu-spaet-ist","status":"publish","type":"post","link":"https:\/\/now-news.de\/de\/deutschland\/der-westen-muss-russland-ernst-nehmen-und-frieden-schaffen-bevor-es-zu-spaet-ist\/","title":{"rendered":"Der Westen muss Russland ernst nehmen und Frieden schaffen, bevor es zu sp\u00e4t ist"},"content":{"rendered":"<p><img decoding=\"async\" src=\"http:\/\/just-now.news\/de\/wp-content\/uploads\/sites\/3\/2022\/09\/632efdc948fbef7914647e22.jpg\" \/><\/p>\n<p><em>Von Prof. Dr. Kai-Alexander Schlevogt<\/em><\/p>\n<p>Die Teilmobilmachung von Reservisten und die allm\u00e4hliche Umorientierung hin zur Kriegswirtschaft in der Russischen F\u00f6deration, die deren Pr\u00e4sident, Wladimir Wladimirowitsch Putin, und Verteidigungsminister, Sergei Kuschugetowitsch Schoigu, am 21. September 2022 verk\u00fcndet haben, stellen einen dramatischen Wendepunkt in der Ukraine-Krise dar, dessen Tragweite eigentlich nicht \u00fcbersch\u00e4tzt werden kann.<\/p>\n<p>Die Vorg\u00e4nge an diesem geschichtstr\u00e4chtigen Tag erinnern an die Reaktion Russlands auf den Beginn des &#8220;Unternehmens Barbarossa&#8221;. Diese folgenschwere Milit\u00e4roperation im Zweiten Weltkrieg steht der gegenw\u00e4rtigen russischen F\u00fchrungselite, die sich aufgrund der traumatischen historischen Pr\u00e4zedenzf\u00e4lle geradezu reflexartig von ausl\u00e4ndischen M\u00e4chten bedroht sieht, als Referenz- und Vergleichspunkt st\u00e4ndig vor Augen. Auf der Uhr der Weltgeschichte ist es in Bezug auf die derzeitige Krise nicht mehr f\u00fcnf vor zw\u00f6lf, sondern f\u00fcnf nach zw\u00f6lf. Die jetzige globale Lage ist aufgrund des vielerorts aufgestauten kollektiven Hasses, der weit verbreiteten Gewaltbereitschaft und des nahezu unermesslichen milit\u00e4rischen Angriffspotenzials der f\u00fchrenden Nationen der Erde, die einem gigantischen Pulverfass gleicht, erheblich brenzliger als kurz vor Ausbruch des Ersten Weltkrieges!<\/p>\n<p>Die wegweisenden Entscheidungen des russischen Pr\u00e4sidenten hinsichtlich der milit\u00e4rischen und wirtschaftlichen Teilmobilmachung sind \u2013 entgegen der vorherrschenden herablassenden und weitgehend gleichlautenden Darstellung in den Medien des &#8220;kollektiven Westens&#8221; \u2013 keineswegs ein &#8220;Akt der Verzweiflung&#8221;. Vielmehr signalisieren sie demjenigen, der die russische Mentalit\u00e4t und den Geist der patriotisch gesinnten gegenw\u00e4rtigen F\u00fchrung Russlands gut kennt und versteht, unmissverst\u00e4ndlich Putins Willen und Entschlossenheit, wahrlich mit allen Mitteln (!) als Sieger aus dem Ukraine-Konflikt hervorzugehen.<\/p>\n<p>Jedes einzelne Wort des russischen Pr\u00e4sidenten \u2013 insbesondere die Warnungen in seinen Fernsehansprachen im Rahmen des Ukraine-Konflikts \u2013 sollte \u00e4u\u00dferst genau analysiert und wirklich ernst genommen werden. In diesem Zusammenhang ist es von enormer Bedeutung, auf Schl\u00fcsselbegriffe wie beispielsweise den Ausdruck &#8220;existenzielle Bedrohung&#8221; zu achten, mit denen der gut ausgebildete Jurist Putin schon jetzt die verbalen St\u00fctzpfeiler f\u00fcr die Rechtfertigung m\u00f6glicher drastischerer Ma\u00dfnahmen in der Zukunft errichtet. Der gr\u00f6\u00dfte Fehler, den der Westen begehen kann, w\u00e4re es, den russischen Pr\u00e4sidenten und \u2013 wie schon h\u00e4ufig in der Vergangenheit geschehen \u2013 die Widerstandsf\u00e4higkeit Russlands zu untersch\u00e4tzen, dadurch der Selbstt\u00e4uschung zu erliegen und sich aufgrund der eigenen Verblendung in Sicherheit zu wiegen.<\/p>\n<p>Wenn die von den USA angef\u00fchrte Koalition der erbitterten Russlandfeinde sich nicht sehr bald aufrichtig, ernstlich und energisch um einen nachhaltigen Frieden mit Russland bem\u00fchen sollte und eine rasche Konfliktbeilegung erreicht werden kann, wird es\u00a0wom\u00f6glich\u00a0zu einem Atomkrieg kommen, den kein Land gewinnen kann.<\/p>\n<p>Eine n\u00e4chste Eskalationsstufe hin zu diesem apokalyptischen Ausgang k\u00f6nnten in der jetzigen Situation westliche Lieferungen von Raketen mit gr\u00f6\u00dferer Reichweite an die Ukraine und Angriffe der ukrainischen Armee gerade auf symboltr\u00e4chtige Ziele in Russland (vor allem auf die Krim-Br\u00fccke) sein.<\/p>\n<p>Deutschland, das in den russischen Medien in j\u00fcngster Zeit immer st\u00e4rker in den Fokus ger\u00e4t, w\u00e4re im weiteren Verlauf wahrscheinlich eines der ersten Ziele eines russischen Nuklearangriffs \u2013 einer Ma\u00dfnahme, die gem\u00e4\u00df der aktuellen Milit\u00e4rdoktrin Russlands bei einer existenziellen Bedrohung des Landes erlaubt ist, wobei Putin Vergeltungsschl\u00e4gen auf &#8220;Entscheidungszentren&#8221; eine besonders hohe Priorit\u00e4t einger\u00e4umt hat. Daher sollte sich gerade die deutsche Bundesregierung jetzt, kurz vor Torschluss, intensiv um eine konstruktive L\u00f6sung des Ukraine-Konfliktes bem\u00fchen, bevor es zu sp\u00e4t ist.<\/p>\n<p>Leider ist unsere Welt aus den Fugen geraten. Um das globale Haus wieder ins Lot zu bringen, m\u00fcssen wir uns alle sofort ehrlich und entschieden um V\u00f6lkerverst\u00e4ndigung auf der Grundlage wechselseitigen Respekts und den harmonischen Interessenausgleich zwischen den f\u00fchrenden Nationen dieser Erde bem\u00fchen \u2013 die unannehmbare Alternative ist unweigerlich die H\u00f6lle auf Erden.<\/p>\n<p><em>Der Autor, Prof. Dr. Kai-Alexander Schlevogt (Ph.D. Oxford; Univ.-Prof. SPbU a. D.) ist Buchautor und Experte f\u00fcr strategische F\u00fchrung und Krisenmanagement.\u00a0<\/em><\/p>\n<p><strong>Mehr zum Thema<\/strong> &#8211; <a rel=\"nofollow noopener\" target=\"_blank\" href=\"https:\/\/meinungsfreiheit.rtde.life\/international\/131481-liveticker-ukraine-krieg-biden-ukraine\/\">Liveticker Ukraine-Krieg &#8211; Moskau: Bis zu 300 ausl\u00e4ndische S\u00f6ldner im Gebiet Nikolajew get\u00f6tet<\/a><\/p>\n<\/p>\n<p><br \/>\n<br \/><a href=\"https:\/\/de.rt.com\/meinung\/149804-der-westen-muss-russland-ernst-nehmen-und-frieden-schaffen-bevor-es-zu-spaet-ist\/\">Source link <\/a><\/p>\n","protected":false},"excerpt":{"rendered":"<p>Von Prof. Dr. Kai-Alexander Schlevogt Die Teilmobilmachung von Reservisten und die allm\u00e4hliche Umorientierung hin zur Kriegswirtschaft in der Russischen F\u00f6deration, die deren Pr\u00e4sident, Wladimir Wladimirowitsch Putin, und Verteidigungsminister, Sergei Kuschugetowitsch Schoigu, am 21. September 2022 verk\u00fcndet haben, stellen einen dramatischen Wendepunkt in der Ukraine-Krise dar, dessen Tragweite eigentlich nicht \u00fcbersch\u00e4tzt werden kann. Die Vorg\u00e4nge an [&hellip;]<\/p>\n","protected":false},"author":3,"featured_media":19727,"comment_status":"open","ping_status":"open","sticky":false,"template":"","format":"standard","meta":{"wp_automatic_camp":["217"],"cd5f7085bdacc81a6767508b9f119afd":["Der Westen muss Russland ernst nehmen und Frieden schaffen, bevor es zu sp\u00e4t ist"],"original_link":["https:\/\/de.rt.com\/meinung\/149804-der-westen-muss-russland-ernst-nehmen-und-frieden-schaffen-bevor-es-zu-spaet-ist\/"],"_thumbnail_id":["19727"],"_wptg_p2tg_sent2tg":["2022-09-24 19:55:24"],"jnews_social_counter_last_update":["1777163072"]},"categories":[19,23],"tags":[7764,82,707,614,414,534,7299,126,21454,12769,140,378],"yoast_head":"<!-- This site is optimized with the Yoast SEO Premium plugin v22.7 (Yoast SEO v22.7) - https:\/\/yoast.com\/wordpress\/plugins\/seo\/ -->\n<title>Der Westen muss Russland ernst nehmen und Frieden schaffen, bevor es zu sp\u00e4t ist - just-now.NEWS Deutschland<\/title>\n<meta name=\"robots\" content=\"index, follow, max-snippet:-1, max-image-preview:large, max-video-preview:-1\" \/>\n<link rel=\"canonical\" href=\"https:\/\/now-news.de\/de\/deutschland\/der-westen-muss-russland-ernst-nehmen-und-frieden-schaffen-bevor-es-zu-spaet-ist\/\" \/>\n<meta property=\"og:locale\" content=\"de_DE\" \/>\n<meta property=\"og:type\" content=\"article\" \/>\n<meta property=\"og:title\" content=\"Der Westen muss Russland ernst nehmen und Frieden schaffen, bevor es zu sp\u00e4t ist\" \/>\n<meta property=\"og:description\" content=\"Von Prof. Dr. Kai-Alexander Schlevogt Die Teilmobilmachung von Reservisten und die allm\u00e4hliche Umorientierung hin zur Kriegswirtschaft in der Russischen F\u00f6deration, die deren Pr\u00e4sident, Wladimir Wladimirowitsch Putin, und Verteidigungsminister, Sergei Kuschugetowitsch Schoigu, am 21. September 2022 verk\u00fcndet haben, stellen einen dramatischen Wendepunkt in der Ukraine-Krise dar, dessen Tragweite eigentlich nicht \u00fcbersch\u00e4tzt werden kann. Die Vorg\u00e4nge an [&hellip;]\" \/>\n<meta property=\"og:url\" content=\"https:\/\/now-news.de\/de\/deutschland\/der-westen-muss-russland-ernst-nehmen-und-frieden-schaffen-bevor-es-zu-spaet-ist\/\" \/>\n<meta property=\"og:site_name\" content=\"just-now.NEWS Deutschland\" \/>\n<meta property=\"article:publisher\" content=\"https:\/\/www.facebook.com\/wirmachenauf\" \/>\n<meta property=\"article:published_time\" content=\"2022-09-24T17:52:25+00:00\" \/>\n<meta property=\"og:image\" content=\"https:\/\/now-news.de\/de\/wp-content\/uploads\/sites\/3\/2022\/09\/Der-Westen-muss-Russland-ernst-nehmen-und-Frieden-schaffen-bevor.jpg\" \/>\n\t<meta property=\"og:image:width\" content=\"460\" \/>\n\t<meta property=\"og:image:height\" content=\"259\" \/>\n\t<meta property=\"og:image:type\" content=\"image\/jpeg\" \/>\n<meta name=\"author\" content=\"rtnews\" \/>\n<meta name=\"twitter:card\" content=\"summary_large_image\" \/>\n<meta name=\"twitter:creator\" content=\"@WirMachenAuf_de\" \/>\n<meta name=\"twitter:site\" content=\"@WirMachenAuf_de\" \/>\n<meta name=\"twitter:label1\" content=\"Verfasst von\" \/>\n\t<meta name=\"twitter:data1\" content=\"rtnews\" \/>\n\t<meta name=\"twitter:label2\" content=\"Gesch\u00e4tzte Lesezeit\" \/>\n\t<meta name=\"twitter:data2\" content=\"3\u00a0Minuten\" \/>\n<script type=\"application\/ld+json\" class=\"yoast-schema-graph\">{\"@context\":\"https:\/\/schema.org\",\"@graph\":[{\"@type\":\"Article\",\"@id\":\"https:\/\/now-news.de\/de\/deutschland\/der-westen-muss-russland-ernst-nehmen-und-frieden-schaffen-bevor-es-zu-spaet-ist\/#article\",\"isPartOf\":{\"@id\":\"https:\/\/now-news.de\/de\/deutschland\/der-westen-muss-russland-ernst-nehmen-und-frieden-schaffen-bevor-es-zu-spaet-ist\/\"},\"author\":{\"name\":\"rtnews\",\"@id\":\"https:\/\/now-news.de\/de\/#\/schema\/person\/fb534a4e865501d8b3285208df34a9b5\"},\"headline\":\"Der Westen muss Russland ernst nehmen und Frieden schaffen, bevor es zu sp\u00e4t ist\",\"datePublished\":\"2022-09-24T17:52:25+00:00\",\"dateModified\":\"2022-09-24T17:52:25+00:00\",\"mainEntityOfPage\":{\"@id\":\"https:\/\/now-news.de\/de\/deutschland\/der-westen-muss-russland-ernst-nehmen-und-frieden-schaffen-bevor-es-zu-spaet-ist\/\"},\"wordCount\":679,\"commentCount\":0,\"publisher\":{\"@id\":\"https:\/\/now-news.de\/de\/#organization\"},\"image\":{\"@id\":\"https:\/\/now-news.de\/de\/deutschland\/der-westen-muss-russland-ernst-nehmen-und-frieden-schaffen-bevor-es-zu-spaet-ist\/#primaryimage\"},\"thumbnailUrl\":\"https:\/\/now-news.de\/de\/wp-content\/uploads\/sites\/3\/2022\/09\/Der-Westen-muss-Russland-ernst-nehmen-und-Frieden-schaffen-bevor.jpg\",\"keywords\":[\"bevor\",\"der\",\"Ernst\",\"Frieden\",\"ist\",\"muss\",\"nehmen\",\"russland\",\"schaffen\",\"sp\u00e4t\",\"und\",\"Westen\"],\"articleSection\":[\"Deutschland\",\"Russland\"],\"inLanguage\":\"de\",\"potentialAction\":[{\"@type\":\"CommentAction\",\"name\":\"Comment\",\"target\":[\"https:\/\/now-news.de\/de\/deutschland\/der-westen-muss-russland-ernst-nehmen-und-frieden-schaffen-bevor-es-zu-spaet-ist\/#respond\"]}]},{\"@type\":\"WebPage\",\"@id\":\"https:\/\/now-news.de\/de\/deutschland\/der-westen-muss-russland-ernst-nehmen-und-frieden-schaffen-bevor-es-zu-spaet-ist\/\",\"url\":\"https:\/\/now-news.de\/de\/deutschland\/der-westen-muss-russland-ernst-nehmen-und-frieden-schaffen-bevor-es-zu-spaet-ist\/\",\"name\":\"Der Westen muss Russland ernst nehmen und Frieden schaffen, bevor es zu sp\u00e4t ist - just-now.NEWS Deutschland\",\"isPartOf\":{\"@id\":\"https:\/\/now-news.de\/de\/#website\"},\"primaryImageOfPage\":{\"@id\":\"https:\/\/now-news.de\/de\/deutschland\/der-westen-muss-russland-ernst-nehmen-und-frieden-schaffen-bevor-es-zu-spaet-ist\/#primaryimage\"},\"image\":{\"@id\":\"https:\/\/now-news.de\/de\/deutschland\/der-westen-muss-russland-ernst-nehmen-und-frieden-schaffen-bevor-es-zu-spaet-ist\/#primaryimage\"},\"thumbnailUrl\":\"https:\/\/now-news.de\/de\/wp-content\/uploads\/sites\/3\/2022\/09\/Der-Westen-muss-Russland-ernst-nehmen-und-Frieden-schaffen-bevor.jpg\",\"datePublished\":\"2022-09-24T17:52:25+00:00\",\"dateModified\":\"2022-09-24T17:52:25+00:00\",\"breadcrumb\":{\"@id\":\"https:\/\/now-news.de\/de\/deutschland\/der-westen-muss-russland-ernst-nehmen-und-frieden-schaffen-bevor-es-zu-spaet-ist\/#breadcrumb\"},\"inLanguage\":\"de\",\"potentialAction\":[{\"@type\":\"ReadAction\",\"target\":[\"https:\/\/now-news.de\/de\/deutschland\/der-westen-muss-russland-ernst-nehmen-und-frieden-schaffen-bevor-es-zu-spaet-ist\/\"]}]},{\"@type\":\"ImageObject\",\"inLanguage\":\"de\",\"@id\":\"https:\/\/now-news.de\/de\/deutschland\/der-westen-muss-russland-ernst-nehmen-und-frieden-schaffen-bevor-es-zu-spaet-ist\/#primaryimage\",\"url\":\"https:\/\/now-news.de\/de\/wp-content\/uploads\/sites\/3\/2022\/09\/Der-Westen-muss-Russland-ernst-nehmen-und-Frieden-schaffen-bevor.jpg\",\"contentUrl\":\"https:\/\/now-news.de\/de\/wp-content\/uploads\/sites\/3\/2022\/09\/Der-Westen-muss-Russland-ernst-nehmen-und-Frieden-schaffen-bevor.jpg\",\"width\":460,\"height\":259,\"caption\":\"Der Westen muss Russland ernst nehmen und Frieden schaffen, bevor es zu sp\u00e4t ist\"},{\"@type\":\"BreadcrumbList\",\"@id\":\"https:\/\/now-news.de\/de\/deutschland\/der-westen-muss-russland-ernst-nehmen-und-frieden-schaffen-bevor-es-zu-spaet-ist\/#breadcrumb\",\"itemListElement\":[{\"@type\":\"ListItem\",\"position\":1,\"name\":\"Home\",\"item\":\"https:\/\/now-news.de\/de\/\"},{\"@type\":\"ListItem\",\"position\":2,\"name\":\"Der Westen muss Russland ernst nehmen und Frieden schaffen, bevor es zu sp\u00e4t ist\"}]},{\"@type\":\"WebSite\",\"@id\":\"https:\/\/now-news.de\/de\/#website\",\"url\":\"https:\/\/now-news.de\/de\/\",\"name\":\"just-now.NEWS Deutschland\",\"description\":\"Das Portal f\u00fcr unzensierte Nachrichten aus der Welt\",\"publisher\":{\"@id\":\"https:\/\/now-news.de\/de\/#organization\"},\"potentialAction\":[{\"@type\":\"SearchAction\",\"target\":{\"@type\":\"EntryPoint\",\"urlTemplate\":\"https:\/\/now-news.de\/de\/?s={search_term_string}\"},\"query-input\":\"required name=search_term_string\"}],\"inLanguage\":\"de\"},{\"@type\":\"Organization\",\"@id\":\"https:\/\/now-news.de\/de\/#organization\",\"name\":\"Just Now News\",\"url\":\"https:\/\/now-news.de\/de\/\",\"logo\":{\"@type\":\"ImageObject\",\"inLanguage\":\"de\",\"@id\":\"https:\/\/now-news.de\/de\/#\/schema\/logo\/image\/\",\"url\":\"http:\/\/just-now.news\/de\/wp-content\/uploads\/sites\/3\/2022\/04\/logo500x500.jpg\",\"contentUrl\":\"http:\/\/just-now.news\/de\/wp-content\/uploads\/sites\/3\/2022\/04\/logo500x500.jpg\",\"width\":500,\"height\":500,\"caption\":\"Just Now News\"},\"image\":{\"@id\":\"https:\/\/now-news.de\/de\/#\/schema\/logo\/image\/\"},\"sameAs\":[\"https:\/\/www.facebook.com\/wirmachenauf\",\"https:\/\/x.com\/WirMachenAuf_de\"]},{\"@type\":\"Person\",\"@id\":\"https:\/\/now-news.de\/de\/#\/schema\/person\/fb534a4e865501d8b3285208df34a9b5\",\"name\":\"rtnews\",\"image\":{\"@type\":\"ImageObject\",\"inLanguage\":\"de\",\"@id\":\"https:\/\/now-news.de\/de\/#\/schema\/person\/image\/\",\"url\":\"https:\/\/secure.gravatar.com\/avatar\/82aafea7d8127119dd649515f56e2117?s=96&d=mm&r=g\",\"contentUrl\":\"https:\/\/secure.gravatar.com\/avatar\/82aafea7d8127119dd649515f56e2117?s=96&d=mm&r=g\",\"caption\":\"rtnews\"},\"url\":\"https:\/\/now-news.de\/de\/author\/rnews\/\"}]}<\/script>\n<!-- \/ Yoast SEO Premium plugin. -->","yoast_head_json":{"title":"Der Westen muss Russland ernst nehmen und Frieden schaffen, bevor es zu sp\u00e4t ist - just-now.NEWS Deutschland","robots":{"index":"index","follow":"follow","max-snippet":"max-snippet:-1","max-image-preview":"max-image-preview:large","max-video-preview":"max-video-preview:-1"},"canonical":"https:\/\/now-news.de\/de\/deutschland\/der-westen-muss-russland-ernst-nehmen-und-frieden-schaffen-bevor-es-zu-spaet-ist\/","og_locale":"de_DE","og_type":"article","og_title":"Der Westen muss Russland ernst nehmen und Frieden schaffen, bevor es zu sp\u00e4t ist","og_description":"Von Prof. Dr. Kai-Alexander Schlevogt Die Teilmobilmachung von Reservisten und die allm\u00e4hliche Umorientierung hin zur Kriegswirtschaft in der Russischen F\u00f6deration, die deren Pr\u00e4sident, Wladimir Wladimirowitsch Putin, und Verteidigungsminister, Sergei Kuschugetowitsch Schoigu, am 21. September 2022 verk\u00fcndet haben, stellen einen dramatischen Wendepunkt in der Ukraine-Krise dar, dessen Tragweite eigentlich nicht \u00fcbersch\u00e4tzt werden kann. Die Vorg\u00e4nge an [&hellip;]","og_url":"https:\/\/now-news.de\/de\/deutschland\/der-westen-muss-russland-ernst-nehmen-und-frieden-schaffen-bevor-es-zu-spaet-ist\/","og_site_name":"just-now.NEWS Deutschland","article_publisher":"https:\/\/www.facebook.com\/wirmachenauf","article_published_time":"2022-09-24T17:52:25+00:00","og_image":[{"width":460,"height":259,"url":"https:\/\/now-news.de\/de\/wp-content\/uploads\/sites\/3\/2022\/09\/Der-Westen-muss-Russland-ernst-nehmen-und-Frieden-schaffen-bevor.jpg","type":"image\/jpeg"}],"author":"rtnews","twitter_card":"summary_large_image","twitter_creator":"@WirMachenAuf_de","twitter_site":"@WirMachenAuf_de","twitter_misc":{"Verfasst von":"rtnews","Gesch\u00e4tzte Lesezeit":"3\u00a0Minuten"},"schema":{"@context":"https:\/\/schema.org","@graph":[{"@type":"Article","@id":"https:\/\/now-news.de\/de\/deutschland\/der-westen-muss-russland-ernst-nehmen-und-frieden-schaffen-bevor-es-zu-spaet-ist\/#article","isPartOf":{"@id":"https:\/\/now-news.de\/de\/deutschland\/der-westen-muss-russland-ernst-nehmen-und-frieden-schaffen-bevor-es-zu-spaet-ist\/"},"author":{"name":"rtnews","@id":"https:\/\/now-news.de\/de\/#\/schema\/person\/fb534a4e865501d8b3285208df34a9b5"},"headline":"Der Westen muss Russland ernst nehmen und Frieden schaffen, bevor es zu sp\u00e4t ist","datePublished":"2022-09-24T17:52:25+00:00","dateModified":"2022-09-24T17:52:25+00:00","mainEntityOfPage":{"@id":"https:\/\/now-news.de\/de\/deutschland\/der-westen-muss-russland-ernst-nehmen-und-frieden-schaffen-bevor-es-zu-spaet-ist\/"},"wordCount":679,"commentCount":0,"publisher":{"@id":"https:\/\/now-news.de\/de\/#organization"},"image":{"@id":"https:\/\/now-news.de\/de\/deutschland\/der-westen-muss-russland-ernst-nehmen-und-frieden-schaffen-bevor-es-zu-spaet-ist\/#primaryimage"},"thumbnailUrl":"https:\/\/now-news.de\/de\/wp-content\/uploads\/sites\/3\/2022\/09\/Der-Westen-muss-Russland-ernst-nehmen-und-Frieden-schaffen-bevor.jpg","keywords":["bevor","der","Ernst","Frieden","ist","muss","nehmen","russland","schaffen","sp\u00e4t","und","Westen"],"articleSection":["Deutschland","Russland"],"inLanguage":"de","potentialAction":[{"@type":"CommentAction","name":"Comment","target":["https:\/\/now-news.de\/de\/deutschland\/der-westen-muss-russland-ernst-nehmen-und-frieden-schaffen-bevor-es-zu-spaet-ist\/#respond"]}]},{"@type":"WebPage","@id":"https:\/\/now-news.de\/de\/deutschland\/der-westen-muss-russland-ernst-nehmen-und-frieden-schaffen-bevor-es-zu-spaet-ist\/","url":"https:\/\/now-news.de\/de\/deutschland\/der-westen-muss-russland-ernst-nehmen-und-frieden-schaffen-bevor-es-zu-spaet-ist\/","name":"Der Westen muss Russland ernst nehmen und Frieden schaffen, bevor es zu sp\u00e4t ist - just-now.NEWS Deutschland","isPartOf":{"@id":"https:\/\/now-news.de\/de\/#website"},"primaryImageOfPage":{"@id":"https:\/\/now-news.de\/de\/deutschland\/der-westen-muss-russland-ernst-nehmen-und-frieden-schaffen-bevor-es-zu-spaet-ist\/#primaryimage"},"image":{"@id":"https:\/\/now-news.de\/de\/deutschland\/der-westen-muss-russland-ernst-nehmen-und-frieden-schaffen-bevor-es-zu-spaet-ist\/#primaryimage"},"thumbnailUrl":"https:\/\/now-news.de\/de\/wp-content\/uploads\/sites\/3\/2022\/09\/Der-Westen-muss-Russland-ernst-nehmen-und-Frieden-schaffen-bevor.jpg","datePublished":"2022-09-24T17:52:25+00:00","dateModified":"2022-09-24T17:52:25+00:00","breadcrumb":{"@id":"https:\/\/now-news.de\/de\/deutschland\/der-westen-muss-russland-ernst-nehmen-und-frieden-schaffen-bevor-es-zu-spaet-ist\/#breadcrumb"},"inLanguage":"de","potentialAction":[{"@type":"ReadAction","target":["https:\/\/now-news.de\/de\/deutschland\/der-westen-muss-russland-ernst-nehmen-und-frieden-schaffen-bevor-es-zu-spaet-ist\/"]}]},{"@type":"ImageObject","inLanguage":"de","@id":"https:\/\/now-news.de\/de\/deutschland\/der-westen-muss-russland-ernst-nehmen-und-frieden-schaffen-bevor-es-zu-spaet-ist\/#primaryimage","url":"https:\/\/now-news.de\/de\/wp-content\/uploads\/sites\/3\/2022\/09\/Der-Westen-muss-Russland-ernst-nehmen-und-Frieden-schaffen-bevor.jpg","contentUrl":"https:\/\/now-news.de\/de\/wp-content\/uploads\/sites\/3\/2022\/09\/Der-Westen-muss-Russland-ernst-nehmen-und-Frieden-schaffen-bevor.jpg","width":460,"height":259,"caption":"Der Westen muss Russland ernst nehmen und Frieden schaffen, bevor es zu sp\u00e4t ist"},{"@type":"BreadcrumbList","@id":"https:\/\/now-news.de\/de\/deutschland\/der-westen-muss-russland-ernst-nehmen-und-frieden-schaffen-bevor-es-zu-spaet-ist\/#breadcrumb","itemListElement":[{"@type":"ListItem","position":1,"name":"Home","item":"https:\/\/now-news.de\/de\/"},{"@type":"ListItem","position":2,"name":"Der Westen muss Russland ernst nehmen und Frieden schaffen, bevor es zu sp\u00e4t ist"}]},{"@type":"WebSite","@id":"https:\/\/now-news.de\/de\/#website","url":"https:\/\/now-news.de\/de\/","name":"just-now.NEWS Deutschland","description":"Das Portal f\u00fcr unzensierte Nachrichten aus der Welt","publisher":{"@id":"https:\/\/now-news.de\/de\/#organization"},"potentialAction":[{"@type":"SearchAction","target":{"@type":"EntryPoint","urlTemplate":"https:\/\/now-news.de\/de\/?s={search_term_string}"},"query-input":"required name=search_term_string"}],"inLanguage":"de"},{"@type":"Organization","@id":"https:\/\/now-news.de\/de\/#organization","name":"Just Now News","url":"https:\/\/now-news.de\/de\/","logo":{"@type":"ImageObject","inLanguage":"de","@id":"https:\/\/now-news.de\/de\/#\/schema\/logo\/image\/","url":"http:\/\/just-now.news\/de\/wp-content\/uploads\/sites\/3\/2022\/04\/logo500x500.jpg","contentUrl":"http:\/\/just-now.news\/de\/wp-content\/uploads\/sites\/3\/2022\/04\/logo500x500.jpg","width":500,"height":500,"caption":"Just Now News"},"image":{"@id":"https:\/\/now-news.de\/de\/#\/schema\/logo\/image\/"},"sameAs":["https:\/\/www.facebook.com\/wirmachenauf","https:\/\/x.com\/WirMachenAuf_de"]},{"@type":"Person","@id":"https:\/\/now-news.de\/de\/#\/schema\/person\/fb534a4e865501d8b3285208df34a9b5","name":"rtnews","image":{"@type":"ImageObject","inLanguage":"de","@id":"https:\/\/now-news.de\/de\/#\/schema\/person\/image\/","url":"https:\/\/secure.gravatar.com\/avatar\/82aafea7d8127119dd649515f56e2117?s=96&d=mm&r=g","contentUrl":"https:\/\/secure.gravatar.com\/avatar\/82aafea7d8127119dd649515f56e2117?s=96&d=mm&r=g","caption":"rtnews"},"url":"https:\/\/now-news.de\/de\/author\/rnews\/"}]}},"_links":{"self":[{"href":"https:\/\/now-news.de\/de\/wp-json\/wp\/v2\/posts\/19726"}],"collection":[{"href":"https:\/\/now-news.de\/de\/wp-json\/wp\/v2\/posts"}],"about":[{"href":"https:\/\/now-news.de\/de\/wp-json\/wp\/v2\/types\/post"}],"author":[{"embeddable":true,"href":"https:\/\/now-news.de\/de\/wp-json\/wp\/v2\/users\/3"}],"replies":[{"embeddable":true,"href":"https:\/\/now-news.de\/de\/wp-json\/wp\/v2\/comments?post=19726"}],"version-history":[{"count":0,"href":"https:\/\/now-news.de\/de\/wp-json\/wp\/v2\/posts\/19726\/revisions"}],"wp:featuredmedia":[{"embeddable":true,"href":"https:\/\/now-news.de\/de\/wp-json\/wp\/v2\/media\/19727"}],"wp:attachment":[{"href":"https:\/\/now-news.de\/de\/wp-json\/wp\/v2\/media?parent=19726"}],"wp:term":[{"taxonomy":"category","embeddable":true,"href":"https:\/\/now-news.de\/de\/wp-json\/wp\/v2\/categories?post=19726"},{"taxonomy":"post_tag","embeddable":true,"href":"https:\/\/now-news.de\/de\/wp-json\/wp\/v2\/tags?post=19726"}],"curies":[{"name":"wp","href":"https:\/\/api.w.org\/{rel}","templated":true}]}}