{"id":19720,"date":"2022-09-24T17:50:21","date_gmt":"2022-09-24T15:50:21","guid":{"rendered":"http:\/\/just-now.news\/de\/deutschland\/doppelstandard-im-westen-orchestrierte-kampagne-fuer-proteste-und-mob-gewalt-in-iran\/"},"modified":"2022-09-24T17:50:21","modified_gmt":"2022-09-24T15:50:21","slug":"doppelstandard-im-westen-orchestrierte-kampagne-fuer-proteste-und-mob-gewalt-in-iran","status":"publish","type":"post","link":"https:\/\/now-news.de\/de\/deutschland\/doppelstandard-im-westen-orchestrierte-kampagne-fuer-proteste-und-mob-gewalt-in-iran\/","title":{"rendered":"Doppelstandard im Westen: Orchestrierte Kampagne f\u00fcr Proteste und Mob-Gewalt in Iran"},"content":{"rendered":"<p><img decoding=\"async\" src=\"http:\/\/just-now.news\/de\/wp-content\/uploads\/sites\/3\/2022\/09\/632ec577b480cc58936e492f.jpg\" \/><\/p>\n<div class=\"Text-root Text-type_1 \">\n                Mahsa in Iran und Zainab im Irak: zwei tote Frauen aus dem Nahen Osten. W\u00e4hrend der Westen der ersten Frau mediale Aufmerksamkeit schenkt, ignoriert er den letzten Fall. Bei der Medienkampagne geht es sich nicht um Frauenrechte, sondern um die Schw\u00e4chung Irans.\n            <\/div>\n<p><\/p>\n<div class=\"Text-root Text-type_5 ArticleView-text ViewText-root \">\n<p><em>Von Seyed Alireza Mousavi<\/em><\/p>\n<p>In den letzten Tagen wurden aus Iran Unruhen mit zahlreichen Toten gemeldet, nachdem eine\u00a0junge Frau in der Hauptstadt Teheran von der\u00a0&#8220;Moralpolizei&#8221; wegen eines &#8220;unangemessenen Outfits&#8221; festgehalten worden war. Mahsa Amini brach unter ungekl\u00e4rten Umst\u00e4nden auf der Polizeiwache zusammen und wurde drei Tage sp\u00e4ter im Krankenhaus f\u00fcr tot erkl\u00e4rt.<\/p>\n<p>Der dramatische Tod der 22-J\u00e4hrigen hat in Iran Proteste ausgel\u00f6st, wobei westliche\u00a0Meinungsmacher in einer gro\u00df angelegten Medienkampagne versucht haben, ihr eigenes Narrativ zu diesem Vorfall zu verbreiten. Laut Darstellung westlicher Medien sei Mahsa im\u00a0Gewahrsam der sogenannten &#8220;Moralpolizei&#8221; gestorben, w\u00e4hrend es bei iranischen Medien unter der Berufung auf der ersten medizinischen Ermittlungen hie\u00df, die junge Frau sei ohne Fremdeinwirkung an Herzversagen und aufgrund der Vorerkrankungen verstorben sei. Pr\u00e4sident Ebrahim Raisi hatte bereits vor seinem Abflug nach New York Ermittlungen zum Tod Mahsas in die Wege geleitet und mit der Familie\u00a0der Verstorbenen telefoniert.<\/p>\n<p>Laut iranischen Beh\u00f6rden ist das Ziel der sogenannten &#8220;Moralpolizei&#8221; die Bewahrung der\u00a0gesellschaftlichen Ordnung, die an Werte und Traditionen des Landes gebunden\u00a0ist. Sobald man \u00f6ffentliches \u00c4rgernis erregt, wird das Thema &#8220;Kleidervorschrift&#8221;\u00a0f\u00fcr die Gesellschaft in Iran relevant. Wobei innerhalb der iranischen F\u00fchrung das Konzept &#8220;Moralpolizei&#8221; ein umstrittenes Thema ist, das Bef\u00fcrworter und Gegner hat.\u00a0Die Regelungen zur Frauenkleidung sind zudem in letzter Zeit so locker interpretiert worden, dass die Frauen mit einem durchsichtigen Schal, der einen Gro\u00dfteil des Haares sichtbar l\u00e4sst,\u00a0in die \u00d6ffentlichkeit gehen k\u00f6nnen.<\/p>\n<p>Der Tod von Mahsa\u00a0hat in letzten Tagen reichlich Stoff f\u00fcr Iranphobie gegeben, wobei die westliche Medien versucht haben, aufgrund der kurdischen Herkunft der Verstorbenen separatistische Aktivisten in ihrer Berichterstattung aufzuwerten. Das ist insofern kein Zufall, als sich in den vergangenen Tagen in der Provinz\u00a0Kurdistan und den Grenzgebieten eine\u00a0gewaltige Protestwelle entfaltet hat. Der iranische Geheimdienst hat nach eigenen Angaben bei den Protestdemonstrationen mehrere Bombenanschl\u00e4ge vereitelt.\u00a0Kurdische Milizen und Mitglieder terroristischer Organisationen sollen in letzten Tagen an Angriffen auf Polizisten und Sicherheitskr\u00e4fte\u00a0beteiligt gewesen sein.<\/p>\n<p>Dabei ist anzumerken, dass die Hauptquelle der westlichen <a rel=\"nofollow noopener\" target=\"_blank\" href=\"https:\/\/www.faz.net\/aktuell\/politik\/ausland\/proteste-in-iran-wegen-des-tods-einer-jungen-frau-in-polizeigewahrsam-18330291.html?premium=0x9cc1fd9c2fbc1497a1c5be8a7ad58f1d&amp;GEPC=s9\">Medien<\/a> bei ihrer Nachrichtenbeschaffung \u00fcber die Proteste in Iran der\u00a0in London ans\u00e4ssige persischsprachige Satellitensender <em>Iran International<\/em> gewesen ist, der direkt von Saudi-Arabien und Mohammed bin Salman gef\u00f6rdert wird. Der saudische Sender zielt darauf ab, Aktivit\u00e4ten von Separatisten\u00a0in Iran zu propagieren\u00a0und das Konzept Iran als kollektive Identit\u00e4t zu hinterfragen.<\/p>\n<p>Die Hauptelemente der\u00a0Proteste in Iran\u00a0waren in den letzten Tagen laut Beobachtern vor Ort organisiert worden, um St\u00f6rungen und Chaos in den St\u00e4dten zu stiften: die iranische Flagge\u00a0zu\u00a0verbrennen, Diesel auf die Stra\u00dfe zu sch\u00fctten, Steine zu werfen, die Polizei anzugreifen, Motorr\u00e4der und M\u00fclltonnen anzuz\u00fcnden sowie \u00f6ffentliches Eigentum zu zerst\u00f6ren. In einem Fall wurde ein Polizist von einem w\u00fctenden Mob angez\u00fcndet, wobei er sp\u00e4ter seinen Verletzungen erlag.<\/p>\n<p>Den westlichen F\u00fchrungen scheint der Tod Mahsas gelegen zu kommen, um mehr Dr\u00fcck auf Iran auszu\u00fcben.\u00a0Der Westen setzt seit dem Ukraine-Krieg alles daran, Iran durch eine gesteuerte Farbrevolution zu destabilisieren und die antiwestliche Front auf geopolitischer Ebene zu schw\u00e4chen.\u00a0Vor allem ist der globale Westen\u00a0aufgrund der neuen Entwicklungen in Panik geraten: Bei dem Gipfeltreffen der Shanghaier Organisation f\u00fcr Zusammenarbeit (SOZ) wurde k\u00fcrzlich Iran als neues Vollmitglied aufgenommen. Die SOZ wird als Gegengewicht zu den vom Westen dominierten Organisationen wie der NATO eingestuft. Teheran hat zugleich faktisch seine Neutralit\u00e4t im Ukraine-Krieg aufgegeben und Drohnen an Russland geliefert.\u00a0In der iranischen F\u00fchrung setzt sich langsam die Ansicht durch, dass die NATO bis an die Grenze Irans im Nordkaukasus vorr\u00fccken w\u00fcrde, wenn Russland den Krieg in der Ukraine verlieren sollte. Die NATO bef\u00fcrchtet, dass\u00a0iranische Drohnen im operativen Tagesgesch\u00e4ft an der Front ein &#8220;Gamechanger&#8221; werden k\u00f6nnten.<\/p>\n<p>Bei der Medienkampagne im Westen um Mahsas Tod geht es sich nicht um die Unterst\u00fctzung der Frauenrechte, sondern um die Schw\u00e4chung Irans. Um das zu beweisen, reicht es, auf einen anderen aktuellen Vorfall hinzuweisen, der die Doppelmoral des Westens entlarvt: Ein 15-j\u00e4hriges M\u00e4dchen namens Zainab Essam Al Khazali wurde am 20. September vom US-Milit\u00e4r in einem Vorort von Bagdad bei einer Milit\u00e4r\u00fcbung <a rel=\"nofollow noopener\" target=\"_blank\" href=\"https:\/\/thecradle.co\/Article\/news\/16007\">erschossen<\/a>, aber nicht einmal ein einziges westliches Medienunternehmen berichtete \u00fcber den Todesfall. F\u00fcr den Westen gibt es einen enormen Unterschied zwischen dem Tod von Mahsa und dem von Zainab. Der erste Vorfall kann die Hegemonie der USA aufrechterhalten, selbst wenn die Meinungsmacher im Westen\u00a0bei ihrer Berichterstattung \u00fcber Tod von Mahsa eine Quelle aus einem Land zitieren, das\u00a0reaktion\u00e4re Ideologie wie den Wahhabismus f\u00f6rdert.<\/p>\n<p><strong>Mehr zum Thema<\/strong> &#8211; <a rel=\"nofollow noopener\" target=\"_blank\" href=\"https:\/\/de.rt.com\/international\/149310-iranische-drohnen-im-einsatz-gegen\/\">Iranische Drohnen im Einsatz gegen HIMARS: Bringen sie die Wende im Ukraine-Krieg?<\/a><\/p>\n<\/div>\n<p><br \/>\n<br \/><a href=\"https:\/\/de.rt.com\/meinung\/149777-doppelstandard-im-westen-orchestrierte-kampagne-fuer-proteste-und-mob-gewalt-in-iran\/\">Source link <\/a><\/p>\n","protected":false},"excerpt":{"rendered":"<p>Mahsa in Iran und Zainab im Irak: zwei tote Frauen aus dem Nahen Osten. W\u00e4hrend der Westen der ersten Frau mediale Aufmerksamkeit schenkt, ignoriert er den letzten Fall. Bei der Medienkampagne geht es sich nicht um Frauenrechte, sondern um die Schw\u00e4chung Irans. Von Seyed Alireza Mousavi In den letzten Tagen wurden aus Iran Unruhen mit [&hellip;]<\/p>\n","protected":false},"author":3,"featured_media":19721,"comment_status":"open","ping_status":"open","sticky":false,"template":"","format":"standard","meta":{"wp_automatic_camp":["217"],"2414701c8fa504c9c0fd7c96e2af58bd":["Doppelstandard im Westen: Orchestrierte Kampagne f\u00fcr Proteste und Mob-Gewalt in Iran"],"original_link":["https:\/\/de.rt.com\/meinung\/149777-doppelstandard-im-westen-orchestrierte-kampagne-fuer-proteste-und-mob-gewalt-in-iran\/"],"_thumbnail_id":["19721"],"_wptg_p2tg_sent2tg":["2022-09-24 18:03:37"],"jnews_social_counter_last_update":["1777590076"]},"categories":[19,23],"tags":[33358,221,1786,4413,33360,33359,3824,140,378],"yoast_head":"<!-- This site is optimized with the Yoast SEO Premium plugin v22.7 (Yoast SEO v22.7) - https:\/\/yoast.com\/wordpress\/plugins\/seo\/ -->\n<title>Doppelstandard im Westen: Orchestrierte Kampagne f\u00fcr Proteste und Mob-Gewalt in Iran - just-now.NEWS Deutschland<\/title>\n<meta name=\"robots\" content=\"index, follow, max-snippet:-1, max-image-preview:large, max-video-preview:-1\" \/>\n<link rel=\"canonical\" href=\"https:\/\/now-news.de\/de\/deutschland\/doppelstandard-im-westen-orchestrierte-kampagne-fuer-proteste-und-mob-gewalt-in-iran\/\" \/>\n<meta property=\"og:locale\" content=\"de_DE\" \/>\n<meta property=\"og:type\" content=\"article\" \/>\n<meta property=\"og:title\" content=\"Doppelstandard im Westen: Orchestrierte Kampagne f\u00fcr Proteste und Mob-Gewalt in Iran\" \/>\n<meta property=\"og:description\" content=\"Mahsa in Iran und Zainab im Irak: zwei tote Frauen aus dem Nahen Osten. W\u00e4hrend der Westen der ersten Frau mediale Aufmerksamkeit schenkt, ignoriert er den letzten Fall. Bei der Medienkampagne geht es sich nicht um Frauenrechte, sondern um die Schw\u00e4chung Irans. Von Seyed Alireza Mousavi In den letzten Tagen wurden aus Iran Unruhen mit [&hellip;]\" \/>\n<meta property=\"og:url\" content=\"https:\/\/now-news.de\/de\/deutschland\/doppelstandard-im-westen-orchestrierte-kampagne-fuer-proteste-und-mob-gewalt-in-iran\/\" \/>\n<meta property=\"og:site_name\" content=\"just-now.NEWS Deutschland\" \/>\n<meta property=\"article:publisher\" content=\"https:\/\/www.facebook.com\/wirmachenauf\" \/>\n<meta property=\"article:published_time\" content=\"2022-09-24T15:50:21+00:00\" \/>\n<meta property=\"og:image\" content=\"https:\/\/now-news.de\/de\/wp-content\/uploads\/sites\/3\/2022\/09\/Doppelstandard-im-Westen-Orchestrierte-Kampagne-fuer-Proteste-und-Mob-Gewalt-in.jpg\" \/>\n\t<meta property=\"og:image:width\" content=\"460\" \/>\n\t<meta property=\"og:image:height\" content=\"259\" \/>\n\t<meta property=\"og:image:type\" content=\"image\/jpeg\" \/>\n<meta name=\"author\" content=\"rtnews\" \/>\n<meta name=\"twitter:card\" content=\"summary_large_image\" \/>\n<meta name=\"twitter:creator\" content=\"@WirMachenAuf_de\" \/>\n<meta name=\"twitter:site\" content=\"@WirMachenAuf_de\" \/>\n<meta name=\"twitter:label1\" content=\"Verfasst von\" \/>\n\t<meta name=\"twitter:data1\" content=\"rtnews\" \/>\n\t<meta name=\"twitter:label2\" content=\"Gesch\u00e4tzte Lesezeit\" \/>\n\t<meta name=\"twitter:data2\" content=\"4\u00a0Minuten\" \/>\n<script type=\"application\/ld+json\" class=\"yoast-schema-graph\">{\"@context\":\"https:\/\/schema.org\",\"@graph\":[{\"@type\":\"Article\",\"@id\":\"https:\/\/now-news.de\/de\/deutschland\/doppelstandard-im-westen-orchestrierte-kampagne-fuer-proteste-und-mob-gewalt-in-iran\/#article\",\"isPartOf\":{\"@id\":\"https:\/\/now-news.de\/de\/deutschland\/doppelstandard-im-westen-orchestrierte-kampagne-fuer-proteste-und-mob-gewalt-in-iran\/\"},\"author\":{\"name\":\"rtnews\",\"@id\":\"https:\/\/now-news.de\/de\/#\/schema\/person\/fb534a4e865501d8b3285208df34a9b5\"},\"headline\":\"Doppelstandard im Westen: Orchestrierte Kampagne f\u00fcr Proteste und Mob-Gewalt in Iran\",\"datePublished\":\"2022-09-24T15:50:21+00:00\",\"dateModified\":\"2022-09-24T15:50:21+00:00\",\"mainEntityOfPage\":{\"@id\":\"https:\/\/now-news.de\/de\/deutschland\/doppelstandard-im-westen-orchestrierte-kampagne-fuer-proteste-und-mob-gewalt-in-iran\/\"},\"wordCount\":851,\"commentCount\":0,\"publisher\":{\"@id\":\"https:\/\/now-news.de\/de\/#organization\"},\"image\":{\"@id\":\"https:\/\/now-news.de\/de\/deutschland\/doppelstandard-im-westen-orchestrierte-kampagne-fuer-proteste-und-mob-gewalt-in-iran\/#primaryimage\"},\"thumbnailUrl\":\"https:\/\/now-news.de\/de\/wp-content\/uploads\/sites\/3\/2022\/09\/Doppelstandard-im-Westen-Orchestrierte-Kampagne-fuer-Proteste-und-Mob-Gewalt-in.jpg\",\"keywords\":[\"Doppelstandard\",\"f\u00fcr\",\"Iran\",\"Kampagne\",\"MobGewalt\",\"Orchestrierte\",\"Proteste\",\"und\",\"Westen\"],\"articleSection\":[\"Deutschland\",\"Russland\"],\"inLanguage\":\"de\",\"potentialAction\":[{\"@type\":\"CommentAction\",\"name\":\"Comment\",\"target\":[\"https:\/\/now-news.de\/de\/deutschland\/doppelstandard-im-westen-orchestrierte-kampagne-fuer-proteste-und-mob-gewalt-in-iran\/#respond\"]}]},{\"@type\":\"WebPage\",\"@id\":\"https:\/\/now-news.de\/de\/deutschland\/doppelstandard-im-westen-orchestrierte-kampagne-fuer-proteste-und-mob-gewalt-in-iran\/\",\"url\":\"https:\/\/now-news.de\/de\/deutschland\/doppelstandard-im-westen-orchestrierte-kampagne-fuer-proteste-und-mob-gewalt-in-iran\/\",\"name\":\"Doppelstandard im Westen: Orchestrierte Kampagne f\u00fcr Proteste und Mob-Gewalt in Iran - just-now.NEWS Deutschland\",\"isPartOf\":{\"@id\":\"https:\/\/now-news.de\/de\/#website\"},\"primaryImageOfPage\":{\"@id\":\"https:\/\/now-news.de\/de\/deutschland\/doppelstandard-im-westen-orchestrierte-kampagne-fuer-proteste-und-mob-gewalt-in-iran\/#primaryimage\"},\"image\":{\"@id\":\"https:\/\/now-news.de\/de\/deutschland\/doppelstandard-im-westen-orchestrierte-kampagne-fuer-proteste-und-mob-gewalt-in-iran\/#primaryimage\"},\"thumbnailUrl\":\"https:\/\/now-news.de\/de\/wp-content\/uploads\/sites\/3\/2022\/09\/Doppelstandard-im-Westen-Orchestrierte-Kampagne-fuer-Proteste-und-Mob-Gewalt-in.jpg\",\"datePublished\":\"2022-09-24T15:50:21+00:00\",\"dateModified\":\"2022-09-24T15:50:21+00:00\",\"breadcrumb\":{\"@id\":\"https:\/\/now-news.de\/de\/deutschland\/doppelstandard-im-westen-orchestrierte-kampagne-fuer-proteste-und-mob-gewalt-in-iran\/#breadcrumb\"},\"inLanguage\":\"de\",\"potentialAction\":[{\"@type\":\"ReadAction\",\"target\":[\"https:\/\/now-news.de\/de\/deutschland\/doppelstandard-im-westen-orchestrierte-kampagne-fuer-proteste-und-mob-gewalt-in-iran\/\"]}]},{\"@type\":\"ImageObject\",\"inLanguage\":\"de\",\"@id\":\"https:\/\/now-news.de\/de\/deutschland\/doppelstandard-im-westen-orchestrierte-kampagne-fuer-proteste-und-mob-gewalt-in-iran\/#primaryimage\",\"url\":\"https:\/\/now-news.de\/de\/wp-content\/uploads\/sites\/3\/2022\/09\/Doppelstandard-im-Westen-Orchestrierte-Kampagne-fuer-Proteste-und-Mob-Gewalt-in.jpg\",\"contentUrl\":\"https:\/\/now-news.de\/de\/wp-content\/uploads\/sites\/3\/2022\/09\/Doppelstandard-im-Westen-Orchestrierte-Kampagne-fuer-Proteste-und-Mob-Gewalt-in.jpg\",\"width\":460,\"height\":259,\"caption\":\"Doppelstandard im Westen: Orchestrierte Kampagne f\u00fcr Proteste und Mob-Gewalt in Iran\"},{\"@type\":\"BreadcrumbList\",\"@id\":\"https:\/\/now-news.de\/de\/deutschland\/doppelstandard-im-westen-orchestrierte-kampagne-fuer-proteste-und-mob-gewalt-in-iran\/#breadcrumb\",\"itemListElement\":[{\"@type\":\"ListItem\",\"position\":1,\"name\":\"Home\",\"item\":\"https:\/\/now-news.de\/de\/\"},{\"@type\":\"ListItem\",\"position\":2,\"name\":\"Doppelstandard im Westen: Orchestrierte Kampagne f\u00fcr Proteste und Mob-Gewalt in Iran\"}]},{\"@type\":\"WebSite\",\"@id\":\"https:\/\/now-news.de\/de\/#website\",\"url\":\"https:\/\/now-news.de\/de\/\",\"name\":\"just-now.NEWS Deutschland\",\"description\":\"Das Portal f\u00fcr unzensierte Nachrichten aus der Welt\",\"publisher\":{\"@id\":\"https:\/\/now-news.de\/de\/#organization\"},\"potentialAction\":[{\"@type\":\"SearchAction\",\"target\":{\"@type\":\"EntryPoint\",\"urlTemplate\":\"https:\/\/now-news.de\/de\/?s={search_term_string}\"},\"query-input\":\"required name=search_term_string\"}],\"inLanguage\":\"de\"},{\"@type\":\"Organization\",\"@id\":\"https:\/\/now-news.de\/de\/#organization\",\"name\":\"Just Now News\",\"url\":\"https:\/\/now-news.de\/de\/\",\"logo\":{\"@type\":\"ImageObject\",\"inLanguage\":\"de\",\"@id\":\"https:\/\/now-news.de\/de\/#\/schema\/logo\/image\/\",\"url\":\"http:\/\/just-now.news\/de\/wp-content\/uploads\/sites\/3\/2022\/04\/logo500x500.jpg\",\"contentUrl\":\"http:\/\/just-now.news\/de\/wp-content\/uploads\/sites\/3\/2022\/04\/logo500x500.jpg\",\"width\":500,\"height\":500,\"caption\":\"Just Now News\"},\"image\":{\"@id\":\"https:\/\/now-news.de\/de\/#\/schema\/logo\/image\/\"},\"sameAs\":[\"https:\/\/www.facebook.com\/wirmachenauf\",\"https:\/\/x.com\/WirMachenAuf_de\"]},{\"@type\":\"Person\",\"@id\":\"https:\/\/now-news.de\/de\/#\/schema\/person\/fb534a4e865501d8b3285208df34a9b5\",\"name\":\"rtnews\",\"image\":{\"@type\":\"ImageObject\",\"inLanguage\":\"de\",\"@id\":\"https:\/\/now-news.de\/de\/#\/schema\/person\/image\/\",\"url\":\"https:\/\/secure.gravatar.com\/avatar\/82aafea7d8127119dd649515f56e2117?s=96&d=mm&r=g\",\"contentUrl\":\"https:\/\/secure.gravatar.com\/avatar\/82aafea7d8127119dd649515f56e2117?s=96&d=mm&r=g\",\"caption\":\"rtnews\"},\"url\":\"https:\/\/now-news.de\/de\/author\/rnews\/\"}]}<\/script>\n<!-- \/ Yoast SEO Premium plugin. -->","yoast_head_json":{"title":"Doppelstandard im Westen: Orchestrierte Kampagne f\u00fcr Proteste und Mob-Gewalt in Iran - just-now.NEWS Deutschland","robots":{"index":"index","follow":"follow","max-snippet":"max-snippet:-1","max-image-preview":"max-image-preview:large","max-video-preview":"max-video-preview:-1"},"canonical":"https:\/\/now-news.de\/de\/deutschland\/doppelstandard-im-westen-orchestrierte-kampagne-fuer-proteste-und-mob-gewalt-in-iran\/","og_locale":"de_DE","og_type":"article","og_title":"Doppelstandard im Westen: Orchestrierte Kampagne f\u00fcr Proteste und Mob-Gewalt in Iran","og_description":"Mahsa in Iran und Zainab im Irak: zwei tote Frauen aus dem Nahen Osten. W\u00e4hrend der Westen der ersten Frau mediale Aufmerksamkeit schenkt, ignoriert er den letzten Fall. Bei der Medienkampagne geht es sich nicht um Frauenrechte, sondern um die Schw\u00e4chung Irans. Von Seyed Alireza Mousavi In den letzten Tagen wurden aus Iran Unruhen mit [&hellip;]","og_url":"https:\/\/now-news.de\/de\/deutschland\/doppelstandard-im-westen-orchestrierte-kampagne-fuer-proteste-und-mob-gewalt-in-iran\/","og_site_name":"just-now.NEWS Deutschland","article_publisher":"https:\/\/www.facebook.com\/wirmachenauf","article_published_time":"2022-09-24T15:50:21+00:00","og_image":[{"width":460,"height":259,"url":"https:\/\/now-news.de\/de\/wp-content\/uploads\/sites\/3\/2022\/09\/Doppelstandard-im-Westen-Orchestrierte-Kampagne-fuer-Proteste-und-Mob-Gewalt-in.jpg","type":"image\/jpeg"}],"author":"rtnews","twitter_card":"summary_large_image","twitter_creator":"@WirMachenAuf_de","twitter_site":"@WirMachenAuf_de","twitter_misc":{"Verfasst von":"rtnews","Gesch\u00e4tzte Lesezeit":"4\u00a0Minuten"},"schema":{"@context":"https:\/\/schema.org","@graph":[{"@type":"Article","@id":"https:\/\/now-news.de\/de\/deutschland\/doppelstandard-im-westen-orchestrierte-kampagne-fuer-proteste-und-mob-gewalt-in-iran\/#article","isPartOf":{"@id":"https:\/\/now-news.de\/de\/deutschland\/doppelstandard-im-westen-orchestrierte-kampagne-fuer-proteste-und-mob-gewalt-in-iran\/"},"author":{"name":"rtnews","@id":"https:\/\/now-news.de\/de\/#\/schema\/person\/fb534a4e865501d8b3285208df34a9b5"},"headline":"Doppelstandard im Westen: Orchestrierte Kampagne f\u00fcr Proteste und Mob-Gewalt in Iran","datePublished":"2022-09-24T15:50:21+00:00","dateModified":"2022-09-24T15:50:21+00:00","mainEntityOfPage":{"@id":"https:\/\/now-news.de\/de\/deutschland\/doppelstandard-im-westen-orchestrierte-kampagne-fuer-proteste-und-mob-gewalt-in-iran\/"},"wordCount":851,"commentCount":0,"publisher":{"@id":"https:\/\/now-news.de\/de\/#organization"},"image":{"@id":"https:\/\/now-news.de\/de\/deutschland\/doppelstandard-im-westen-orchestrierte-kampagne-fuer-proteste-und-mob-gewalt-in-iran\/#primaryimage"},"thumbnailUrl":"https:\/\/now-news.de\/de\/wp-content\/uploads\/sites\/3\/2022\/09\/Doppelstandard-im-Westen-Orchestrierte-Kampagne-fuer-Proteste-und-Mob-Gewalt-in.jpg","keywords":["Doppelstandard","f\u00fcr","Iran","Kampagne","MobGewalt","Orchestrierte","Proteste","und","Westen"],"articleSection":["Deutschland","Russland"],"inLanguage":"de","potentialAction":[{"@type":"CommentAction","name":"Comment","target":["https:\/\/now-news.de\/de\/deutschland\/doppelstandard-im-westen-orchestrierte-kampagne-fuer-proteste-und-mob-gewalt-in-iran\/#respond"]}]},{"@type":"WebPage","@id":"https:\/\/now-news.de\/de\/deutschland\/doppelstandard-im-westen-orchestrierte-kampagne-fuer-proteste-und-mob-gewalt-in-iran\/","url":"https:\/\/now-news.de\/de\/deutschland\/doppelstandard-im-westen-orchestrierte-kampagne-fuer-proteste-und-mob-gewalt-in-iran\/","name":"Doppelstandard im Westen: Orchestrierte Kampagne f\u00fcr Proteste und Mob-Gewalt in Iran - just-now.NEWS Deutschland","isPartOf":{"@id":"https:\/\/now-news.de\/de\/#website"},"primaryImageOfPage":{"@id":"https:\/\/now-news.de\/de\/deutschland\/doppelstandard-im-westen-orchestrierte-kampagne-fuer-proteste-und-mob-gewalt-in-iran\/#primaryimage"},"image":{"@id":"https:\/\/now-news.de\/de\/deutschland\/doppelstandard-im-westen-orchestrierte-kampagne-fuer-proteste-und-mob-gewalt-in-iran\/#primaryimage"},"thumbnailUrl":"https:\/\/now-news.de\/de\/wp-content\/uploads\/sites\/3\/2022\/09\/Doppelstandard-im-Westen-Orchestrierte-Kampagne-fuer-Proteste-und-Mob-Gewalt-in.jpg","datePublished":"2022-09-24T15:50:21+00:00","dateModified":"2022-09-24T15:50:21+00:00","breadcrumb":{"@id":"https:\/\/now-news.de\/de\/deutschland\/doppelstandard-im-westen-orchestrierte-kampagne-fuer-proteste-und-mob-gewalt-in-iran\/#breadcrumb"},"inLanguage":"de","potentialAction":[{"@type":"ReadAction","target":["https:\/\/now-news.de\/de\/deutschland\/doppelstandard-im-westen-orchestrierte-kampagne-fuer-proteste-und-mob-gewalt-in-iran\/"]}]},{"@type":"ImageObject","inLanguage":"de","@id":"https:\/\/now-news.de\/de\/deutschland\/doppelstandard-im-westen-orchestrierte-kampagne-fuer-proteste-und-mob-gewalt-in-iran\/#primaryimage","url":"https:\/\/now-news.de\/de\/wp-content\/uploads\/sites\/3\/2022\/09\/Doppelstandard-im-Westen-Orchestrierte-Kampagne-fuer-Proteste-und-Mob-Gewalt-in.jpg","contentUrl":"https:\/\/now-news.de\/de\/wp-content\/uploads\/sites\/3\/2022\/09\/Doppelstandard-im-Westen-Orchestrierte-Kampagne-fuer-Proteste-und-Mob-Gewalt-in.jpg","width":460,"height":259,"caption":"Doppelstandard im Westen: Orchestrierte Kampagne f\u00fcr Proteste und Mob-Gewalt in Iran"},{"@type":"BreadcrumbList","@id":"https:\/\/now-news.de\/de\/deutschland\/doppelstandard-im-westen-orchestrierte-kampagne-fuer-proteste-und-mob-gewalt-in-iran\/#breadcrumb","itemListElement":[{"@type":"ListItem","position":1,"name":"Home","item":"https:\/\/now-news.de\/de\/"},{"@type":"ListItem","position":2,"name":"Doppelstandard im Westen: Orchestrierte Kampagne f\u00fcr Proteste und Mob-Gewalt in Iran"}]},{"@type":"WebSite","@id":"https:\/\/now-news.de\/de\/#website","url":"https:\/\/now-news.de\/de\/","name":"just-now.NEWS Deutschland","description":"Das Portal f\u00fcr unzensierte Nachrichten aus der Welt","publisher":{"@id":"https:\/\/now-news.de\/de\/#organization"},"potentialAction":[{"@type":"SearchAction","target":{"@type":"EntryPoint","urlTemplate":"https:\/\/now-news.de\/de\/?s={search_term_string}"},"query-input":"required name=search_term_string"}],"inLanguage":"de"},{"@type":"Organization","@id":"https:\/\/now-news.de\/de\/#organization","name":"Just Now News","url":"https:\/\/now-news.de\/de\/","logo":{"@type":"ImageObject","inLanguage":"de","@id":"https:\/\/now-news.de\/de\/#\/schema\/logo\/image\/","url":"http:\/\/just-now.news\/de\/wp-content\/uploads\/sites\/3\/2022\/04\/logo500x500.jpg","contentUrl":"http:\/\/just-now.news\/de\/wp-content\/uploads\/sites\/3\/2022\/04\/logo500x500.jpg","width":500,"height":500,"caption":"Just Now News"},"image":{"@id":"https:\/\/now-news.de\/de\/#\/schema\/logo\/image\/"},"sameAs":["https:\/\/www.facebook.com\/wirmachenauf","https:\/\/x.com\/WirMachenAuf_de"]},{"@type":"Person","@id":"https:\/\/now-news.de\/de\/#\/schema\/person\/fb534a4e865501d8b3285208df34a9b5","name":"rtnews","image":{"@type":"ImageObject","inLanguage":"de","@id":"https:\/\/now-news.de\/de\/#\/schema\/person\/image\/","url":"https:\/\/secure.gravatar.com\/avatar\/82aafea7d8127119dd649515f56e2117?s=96&d=mm&r=g","contentUrl":"https:\/\/secure.gravatar.com\/avatar\/82aafea7d8127119dd649515f56e2117?s=96&d=mm&r=g","caption":"rtnews"},"url":"https:\/\/now-news.de\/de\/author\/rnews\/"}]}},"_links":{"self":[{"href":"https:\/\/now-news.de\/de\/wp-json\/wp\/v2\/posts\/19720"}],"collection":[{"href":"https:\/\/now-news.de\/de\/wp-json\/wp\/v2\/posts"}],"about":[{"href":"https:\/\/now-news.de\/de\/wp-json\/wp\/v2\/types\/post"}],"author":[{"embeddable":true,"href":"https:\/\/now-news.de\/de\/wp-json\/wp\/v2\/users\/3"}],"replies":[{"embeddable":true,"href":"https:\/\/now-news.de\/de\/wp-json\/wp\/v2\/comments?post=19720"}],"version-history":[{"count":0,"href":"https:\/\/now-news.de\/de\/wp-json\/wp\/v2\/posts\/19720\/revisions"}],"wp:featuredmedia":[{"embeddable":true,"href":"https:\/\/now-news.de\/de\/wp-json\/wp\/v2\/media\/19721"}],"wp:attachment":[{"href":"https:\/\/now-news.de\/de\/wp-json\/wp\/v2\/media?parent=19720"}],"wp:term":[{"taxonomy":"category","embeddable":true,"href":"https:\/\/now-news.de\/de\/wp-json\/wp\/v2\/categories?post=19720"},{"taxonomy":"post_tag","embeddable":true,"href":"https:\/\/now-news.de\/de\/wp-json\/wp\/v2\/tags?post=19720"}],"curies":[{"name":"wp","href":"https:\/\/api.w.org\/{rel}","templated":true}]}}