{"id":19674,"date":"2022-09-23T20:43:06","date_gmt":"2022-09-23T18:43:06","guid":{"rendered":"http:\/\/just-now.news\/de\/china\/blinken-fordert-frieden-und-stabilitaet-mit-taiwan-bei-einem-treffen-mit-einem-gegenstueck-der-kpch\/"},"modified":"2022-09-23T20:43:06","modified_gmt":"2022-09-23T18:43:06","slug":"blinken-fordert-frieden-und-stabilitaet-mit-taiwan-bei-einem-treffen-mit-einem-gegenstueck-der-kpch","status":"publish","type":"post","link":"https:\/\/now-news.de\/de\/china\/blinken-fordert-frieden-und-stabilitaet-mit-taiwan-bei-einem-treffen-mit-einem-gegenstueck-der-kpch\/","title":{"rendered":"Blinken fordert \u201eFrieden und Stabilit\u00e4t\u201c mit Taiwan bei einem Treffen mit einem Gegenst\u00fcck der KPCh"},"content":{"rendered":"<p><\/p>\n<div>\n<p>Hochrangige Diplomaten aus den Vereinigten Staaten und China trafen sich am 23. September am Rande der Generalversammlung der Vereinten Nationen in New York City.<\/p>\n<p>US-Au\u00dfenminister Antony Blinken und der chinesische Au\u00dfenminister Wang Yi sch\u00fcttelten sich die H\u00e4nde, antworteten jedoch nicht auf Fragen der Medien, als sie sich zu Gespr\u00e4chen zusammensetzten.<\/p>\n<p>Blinken sagte Wang, dass die Aufrechterhaltung von Frieden und Stabilit\u00e4t in der Taiwan-Frage f\u00fcr die Beziehung zwischen den beiden Nationen von entscheidender Bedeutung sei.<\/p>\n<p>Ein hochrangiger US-Beamter sagte Reportern, dass Taiwan im Mittelpunkt des Treffens stehe.<\/p>\n<p>\u201eUnsererseits machte der Minister unmissverst\u00e4ndlich klar, dass in \u00dcbereinstimmung mit unserer langj\u00e4hrigen Ein-China-Politik, die sich wiederum nicht ge\u00e4ndert hat, die Aufrechterhaltung von Frieden und Stabilit\u00e4t \u00fcber die Meerenge hinweg absolut und lebenswichtig ist\u201c, sagte der Beamte.<\/p>\n<p>Das Treffen fand trotz einer K\u00fcrzung von Blinkens Zeitplan statt, nachdem bekannt wurde, dass sein Vater Donald in der Nacht zuvor im Alter von 96 Jahren gestorben war.<\/p>\n<p>Es folgte auch eine au\u00dfergew\u00f6hnlich umstrittene Woche in den chinesisch-amerikanischen Beziehungen nach der Ver\u00f6ffentlichung eines \u201e60-Minuten\u201c-Interviews, in dem Pr\u00e4sident Joe Biden erkl\u00e4rte, dass die US-Streitkr\u00e4fte Taiwan vor einer Invasion der Kommunistischen Partei Chinas (KPCh) verteidigen w\u00fcrden.<\/p>\n<h2><strong>Taiwan im Fokus<\/strong><\/h2>\n<p>Die KPCh, die China als Einparteienstaat regiert, behauptet, Taiwan sei eine abtr\u00fcnnige Provinz Chinas, die mit dem Festland vereint werden m\u00fcsse.  Ihre F\u00fchrung hat wiederholt erkl\u00e4rt, dass sie bereit ist, milit\u00e4rische Gewalt einzusetzen, um dieses Ziel zu erreichen, und hat zuvor damit gedroht, einen Krieg wegen dieser Angelegenheit zu beginnen.<\/p>\n<p>Taiwan ist jedoch seit 1949 eine selbstverwaltete Demokratie und wurde nie von der KPCh kontrolliert.<\/p>\n<p>Formal erkennen die Vereinigten Staaten die Position der KPCh an, unterst\u00fctzen sie aber nicht, und die beiden Seiten sind sich seit langem einig, dass keine Seite versuchen sollte, den Status quo einseitig zu \u00e4ndern.<\/p>\n<p>In Bezug auf die Frage, ob die Vereinigten Staaten Taiwan vor einem einseitigen Versuch Chinas sch\u00fctzen w\u00fcrden, hat die Nation historisch eine Politik der sogenannten \u201estrategischen Ambiguit\u00e4t\u201c verfolgt, in der sie weder best\u00e4tigt noch leugnet, ob sie milit\u00e4risch eingreifen w\u00fcrde.<\/p>\n<p>Bidens j\u00fcngste Kommentare, die vierte derartige Gelegenheit, bei der der Pr\u00e4sident sagte, die Vereinigten Staaten w\u00fcrden Taiwan vor einer Aggression der KPCh verteidigen, scheinen dieser Doktrin zu widersprechen.  Das Wei\u00dfe Haus hat jedoch wiederholt erkl\u00e4rt, dass die Verpflichtung der Vereinigten Staaten, den Status quo nicht einseitig zu \u00e4ndern, unver\u00e4ndert bleibt.<\/p>\n<p>Vor dem Treffen ver\u00f6ffentlichte das Au\u00dfenministerium eine Erkl\u00e4rung, in der es hei\u00dft, Blinkens Treffen mit Wang sei Teil der laufenden Bem\u00fchungen Washingtons, \u201eoffene Kommunikationswege aufrechtzuerhalten und den Wettbewerb verantwortungsbewusst zu verwalten\u201c.<\/p>\n<p>Als Wang sich jedoch fr\u00fcher am Tag mit einer Rede an die UN wandte, beschuldigte er die Vereinigten Staaten, China zu einer \u201eumfassenden Konfrontation\u201c zu provozieren, und verglich Taiwans Unabh\u00e4ngigkeit mit einem \u201egrauen Nashorn, das auf uns zust\u00fcrmt und das entschlossen gestoppt werden muss\u201c.<\/p>\n<p>Die US-F\u00fchrung schien von dem Kommentar unbeeindruckt, und unmittelbar vor seinem Treffen mit Wang traf Blinken seine Kollegen vom Quadrilateral Security Dialogue, einem internationalen strategischen Forum, das aus den Vereinigten Staaten, Australien, Indien und Japan besteht.<\/p>\n<p>Ebenso traf sich Blinken mit F\u00fchrern der Partner in the Blue Pacific, einer wirtschaftlichen und diplomatischen Arbeitsgruppe f\u00fcr pazifische Inselstaaten, die von staatlichen chinesischen Medien beschuldigt wird, eine amerikanische Anti-China-\u201eClique\u201c zu sein.<\/p>\n<p>\u201eWir f\u00fchlen uns dem Pazifik sehr verpflichtet und haben hier dauerhafte Partnerschaften aufgebaut\u201c, sagte Blinken fr\u00fcher am Tag bei einem Treffen der Partner.<\/p>\n<p>\u201eWir alle haben langj\u00e4hrige historische, geografische und kulturelle Verbindungen zum Pazifik und Verbindungen zwischen unseren V\u00f6lkern, die buchst\u00e4blich Generationen zur\u00fcckreichen.\u201c<\/p>\n<p><em>Reuters hat zu diesem Bericht beigetragen<\/em><\/p>\n<\/div>\n<p><br \/>\n<b> Text ist eine \u00dcbersetzung vom Epoch Times Artikel:<\/p>\n<p><a href=\"https:\/\/www.theepochtimes.com\/blinken-calls-for-peace-and-stability-with-taiwan-in-meet-with-ccp-counterpart_4751091.html\">Source link <\/a><\/p>\n","protected":false},"excerpt":{"rendered":"<p>Hochrangige Diplomaten aus den Vereinigten Staaten und China trafen sich am 23. September am Rande der Generalversammlung der Vereinten Nationen in New York City. US-Au\u00dfenminister Antony Blinken und der chinesische Au\u00dfenminister Wang Yi sch\u00fcttelten sich die H\u00e4nde, antworteten jedoch nicht auf Fragen der Medien, als sie sich zu Gespr\u00e4chen zusammensetzten. Blinken sagte Wang, dass die [&hellip;]<\/p>\n","protected":false},"author":6,"featured_media":19675,"comment_status":"open","ping_status":"open","sticky":false,"template":"","format":"standard","meta":{"wp_automatic_camp":["1164"],"f355f47f4aa5698a6e5d95ab564ab4bb":["Blinken fordert \u201eFrieden und Stabilit\u00e4t\u201c mit Taiwan bei einem Treffen mit einem Gegenst\u00fcck der KPCh\n"],"original_link":["https:\/\/www.theepochtimes.com\/blinken-calls-for-peace-and-stability-with-taiwan-in-meet-with-ccp-counterpart_4751091.html"],"_thumbnail_id":["19675"],"wp_automatic_remove_first_image":["yes"],"jnews_social_counter_last_update":["1777573834"]},"categories":[21],"tags":[363,4254,82,352,355,614,33325,18803,419,13832,1043,354,140],"yoast_head":"<!-- This site is optimized with the Yoast SEO Premium plugin v22.7 (Yoast SEO v22.7) - https:\/\/yoast.com\/wordpress\/plugins\/seo\/ -->\n<title>Blinken fordert \u201eFrieden und Stabilit\u00e4t\u201c mit Taiwan bei einem Treffen mit einem Gegenst\u00fcck der KPCh - just-now.NEWS Deutschland<\/title>\n<meta name=\"robots\" content=\"index, follow, max-snippet:-1, max-image-preview:large, max-video-preview:-1\" \/>\n<link rel=\"canonical\" href=\"https:\/\/now-news.de\/de\/china\/blinken-fordert-frieden-und-stabilitaet-mit-taiwan-bei-einem-treffen-mit-einem-gegenstueck-der-kpch\/\" \/>\n<meta property=\"og:locale\" content=\"de_DE\" \/>\n<meta property=\"og:type\" content=\"article\" \/>\n<meta property=\"og:title\" content=\"Blinken fordert \u201eFrieden und Stabilit\u00e4t\u201c mit Taiwan bei einem Treffen mit einem Gegenst\u00fcck der KPCh\" \/>\n<meta property=\"og:description\" content=\"Hochrangige Diplomaten aus den Vereinigten Staaten und China trafen sich am 23. September am Rande der Generalversammlung der Vereinten Nationen in New York City. US-Au\u00dfenminister Antony Blinken und der chinesische Au\u00dfenminister Wang Yi sch\u00fcttelten sich die H\u00e4nde, antworteten jedoch nicht auf Fragen der Medien, als sie sich zu Gespr\u00e4chen zusammensetzten. Blinken sagte Wang, dass die [&hellip;]\" \/>\n<meta property=\"og:url\" content=\"https:\/\/now-news.de\/de\/china\/blinken-fordert-frieden-und-stabilitaet-mit-taiwan-bei-einem-treffen-mit-einem-gegenstueck-der-kpch\/\" \/>\n<meta property=\"og:site_name\" content=\"just-now.NEWS Deutschland\" \/>\n<meta property=\"article:publisher\" content=\"https:\/\/www.facebook.com\/wirmachenauf\" \/>\n<meta property=\"article:published_time\" content=\"2022-09-23T18:43:06+00:00\" \/>\n<meta property=\"og:image\" content=\"https:\/\/now-news.de\/de\/wp-content\/uploads\/sites\/3\/2022\/09\/1663960406_Blinken-fordert-\u201eFrieden-und-Stabilitaet-mit-Taiwan-bei-einem-Treffen.jpg\" \/>\n\t<meta property=\"og:image:width\" content=\"1200\" \/>\n\t<meta property=\"og:image:height\" content=\"800\" \/>\n\t<meta property=\"og:image:type\" content=\"image\/jpeg\" \/>\n<meta name=\"author\" content=\"epoch\" \/>\n<meta name=\"twitter:card\" content=\"summary_large_image\" \/>\n<meta name=\"twitter:creator\" content=\"@WirMachenAuf_de\" \/>\n<meta name=\"twitter:site\" content=\"@WirMachenAuf_de\" \/>\n<meta name=\"twitter:label1\" content=\"Verfasst von\" \/>\n\t<meta name=\"twitter:data1\" content=\"epoch\" \/>\n\t<meta name=\"twitter:label2\" content=\"Gesch\u00e4tzte Lesezeit\" \/>\n\t<meta name=\"twitter:data2\" content=\"3\u00a0Minuten\" \/>\n<script type=\"application\/ld+json\" class=\"yoast-schema-graph\">{\"@context\":\"https:\/\/schema.org\",\"@graph\":[{\"@type\":\"Article\",\"@id\":\"https:\/\/now-news.de\/de\/china\/blinken-fordert-frieden-und-stabilitaet-mit-taiwan-bei-einem-treffen-mit-einem-gegenstueck-der-kpch\/#article\",\"isPartOf\":{\"@id\":\"https:\/\/now-news.de\/de\/china\/blinken-fordert-frieden-und-stabilitaet-mit-taiwan-bei-einem-treffen-mit-einem-gegenstueck-der-kpch\/\"},\"author\":{\"name\":\"epoch\",\"@id\":\"https:\/\/now-news.de\/de\/#\/schema\/person\/c6dfcd35a72a074487761b9d49aef52f\"},\"headline\":\"Blinken fordert \u201eFrieden und Stabilit\u00e4t\u201c mit Taiwan bei einem Treffen mit einem Gegenst\u00fcck der KPCh\",\"datePublished\":\"2022-09-23T18:43:06+00:00\",\"dateModified\":\"2022-09-23T18:43:06+00:00\",\"mainEntityOfPage\":{\"@id\":\"https:\/\/now-news.de\/de\/china\/blinken-fordert-frieden-und-stabilitaet-mit-taiwan-bei-einem-treffen-mit-einem-gegenstueck-der-kpch\/\"},\"wordCount\":651,\"commentCount\":0,\"publisher\":{\"@id\":\"https:\/\/now-news.de\/de\/#organization\"},\"image\":{\"@id\":\"https:\/\/now-news.de\/de\/china\/blinken-fordert-frieden-und-stabilitaet-mit-taiwan-bei-einem-treffen-mit-einem-gegenstueck-der-kpch\/#primaryimage\"},\"thumbnailUrl\":\"https:\/\/now-news.de\/de\/wp-content\/uploads\/sites\/3\/2022\/09\/1663960406_Blinken-fordert-\u201eFrieden-und-Stabilitaet-mit-Taiwan-bei-einem-Treffen.jpg\",\"keywords\":[\"bei\",\"Blinken\",\"der\",\"einem\",\"fordert\",\"Frieden\",\"Gegenst\u00fcck\",\"KPCh\",\"mit\",\"Stabilit\u00e4t\",\"Taiwan\",\"Treffen\",\"und\"],\"articleSection\":[\"China\"],\"inLanguage\":\"de\",\"potentialAction\":[{\"@type\":\"CommentAction\",\"name\":\"Comment\",\"target\":[\"https:\/\/now-news.de\/de\/china\/blinken-fordert-frieden-und-stabilitaet-mit-taiwan-bei-einem-treffen-mit-einem-gegenstueck-der-kpch\/#respond\"]}]},{\"@type\":\"WebPage\",\"@id\":\"https:\/\/now-news.de\/de\/china\/blinken-fordert-frieden-und-stabilitaet-mit-taiwan-bei-einem-treffen-mit-einem-gegenstueck-der-kpch\/\",\"url\":\"https:\/\/now-news.de\/de\/china\/blinken-fordert-frieden-und-stabilitaet-mit-taiwan-bei-einem-treffen-mit-einem-gegenstueck-der-kpch\/\",\"name\":\"Blinken fordert \u201eFrieden und Stabilit\u00e4t\u201c mit Taiwan bei einem Treffen mit einem Gegenst\u00fcck der KPCh - just-now.NEWS Deutschland\",\"isPartOf\":{\"@id\":\"https:\/\/now-news.de\/de\/#website\"},\"primaryImageOfPage\":{\"@id\":\"https:\/\/now-news.de\/de\/china\/blinken-fordert-frieden-und-stabilitaet-mit-taiwan-bei-einem-treffen-mit-einem-gegenstueck-der-kpch\/#primaryimage\"},\"image\":{\"@id\":\"https:\/\/now-news.de\/de\/china\/blinken-fordert-frieden-und-stabilitaet-mit-taiwan-bei-einem-treffen-mit-einem-gegenstueck-der-kpch\/#primaryimage\"},\"thumbnailUrl\":\"https:\/\/now-news.de\/de\/wp-content\/uploads\/sites\/3\/2022\/09\/1663960406_Blinken-fordert-\u201eFrieden-und-Stabilitaet-mit-Taiwan-bei-einem-Treffen.jpg\",\"datePublished\":\"2022-09-23T18:43:06+00:00\",\"dateModified\":\"2022-09-23T18:43:06+00:00\",\"breadcrumb\":{\"@id\":\"https:\/\/now-news.de\/de\/china\/blinken-fordert-frieden-und-stabilitaet-mit-taiwan-bei-einem-treffen-mit-einem-gegenstueck-der-kpch\/#breadcrumb\"},\"inLanguage\":\"de\",\"potentialAction\":[{\"@type\":\"ReadAction\",\"target\":[\"https:\/\/now-news.de\/de\/china\/blinken-fordert-frieden-und-stabilitaet-mit-taiwan-bei-einem-treffen-mit-einem-gegenstueck-der-kpch\/\"]}]},{\"@type\":\"ImageObject\",\"inLanguage\":\"de\",\"@id\":\"https:\/\/now-news.de\/de\/china\/blinken-fordert-frieden-und-stabilitaet-mit-taiwan-bei-einem-treffen-mit-einem-gegenstueck-der-kpch\/#primaryimage\",\"url\":\"https:\/\/now-news.de\/de\/wp-content\/uploads\/sites\/3\/2022\/09\/1663960406_Blinken-fordert-\u201eFrieden-und-Stabilitaet-mit-Taiwan-bei-einem-Treffen.jpg\",\"contentUrl\":\"https:\/\/now-news.de\/de\/wp-content\/uploads\/sites\/3\/2022\/09\/1663960406_Blinken-fordert-\u201eFrieden-und-Stabilitaet-mit-Taiwan-bei-einem-Treffen.jpg\",\"width\":1200,\"height\":800},{\"@type\":\"BreadcrumbList\",\"@id\":\"https:\/\/now-news.de\/de\/china\/blinken-fordert-frieden-und-stabilitaet-mit-taiwan-bei-einem-treffen-mit-einem-gegenstueck-der-kpch\/#breadcrumb\",\"itemListElement\":[{\"@type\":\"ListItem\",\"position\":1,\"name\":\"Home\",\"item\":\"https:\/\/now-news.de\/de\/\"},{\"@type\":\"ListItem\",\"position\":2,\"name\":\"Blinken fordert \u201eFrieden und Stabilit\u00e4t\u201c mit Taiwan bei einem Treffen mit einem Gegenst\u00fcck der KPCh\"}]},{\"@type\":\"WebSite\",\"@id\":\"https:\/\/now-news.de\/de\/#website\",\"url\":\"https:\/\/now-news.de\/de\/\",\"name\":\"just-now.NEWS Deutschland\",\"description\":\"Das Portal f\u00fcr unzensierte Nachrichten aus der Welt\",\"publisher\":{\"@id\":\"https:\/\/now-news.de\/de\/#organization\"},\"potentialAction\":[{\"@type\":\"SearchAction\",\"target\":{\"@type\":\"EntryPoint\",\"urlTemplate\":\"https:\/\/now-news.de\/de\/?s={search_term_string}\"},\"query-input\":\"required name=search_term_string\"}],\"inLanguage\":\"de\"},{\"@type\":\"Organization\",\"@id\":\"https:\/\/now-news.de\/de\/#organization\",\"name\":\"Just Now News\",\"url\":\"https:\/\/now-news.de\/de\/\",\"logo\":{\"@type\":\"ImageObject\",\"inLanguage\":\"de\",\"@id\":\"https:\/\/now-news.de\/de\/#\/schema\/logo\/image\/\",\"url\":\"http:\/\/just-now.news\/de\/wp-content\/uploads\/sites\/3\/2022\/04\/logo500x500.jpg\",\"contentUrl\":\"http:\/\/just-now.news\/de\/wp-content\/uploads\/sites\/3\/2022\/04\/logo500x500.jpg\",\"width\":500,\"height\":500,\"caption\":\"Just Now News\"},\"image\":{\"@id\":\"https:\/\/now-news.de\/de\/#\/schema\/logo\/image\/\"},\"sameAs\":[\"https:\/\/www.facebook.com\/wirmachenauf\",\"https:\/\/x.com\/WirMachenAuf_de\"]},{\"@type\":\"Person\",\"@id\":\"https:\/\/now-news.de\/de\/#\/schema\/person\/c6dfcd35a72a074487761b9d49aef52f\",\"name\":\"epoch\",\"image\":{\"@type\":\"ImageObject\",\"inLanguage\":\"de\",\"@id\":\"https:\/\/now-news.de\/de\/#\/schema\/person\/image\/\",\"url\":\"https:\/\/secure.gravatar.com\/avatar\/56933836307948e61ef581cc4d100335?s=96&d=mm&r=g\",\"contentUrl\":\"https:\/\/secure.gravatar.com\/avatar\/56933836307948e61ef581cc4d100335?s=96&d=mm&r=g\",\"caption\":\"epoch\"},\"url\":\"https:\/\/now-news.de\/de\/author\/epoch\/\"}]}<\/script>\n<!-- \/ Yoast SEO Premium plugin. -->","yoast_head_json":{"title":"Blinken fordert \u201eFrieden und Stabilit\u00e4t\u201c mit Taiwan bei einem Treffen mit einem Gegenst\u00fcck der KPCh - just-now.NEWS Deutschland","robots":{"index":"index","follow":"follow","max-snippet":"max-snippet:-1","max-image-preview":"max-image-preview:large","max-video-preview":"max-video-preview:-1"},"canonical":"https:\/\/now-news.de\/de\/china\/blinken-fordert-frieden-und-stabilitaet-mit-taiwan-bei-einem-treffen-mit-einem-gegenstueck-der-kpch\/","og_locale":"de_DE","og_type":"article","og_title":"Blinken fordert \u201eFrieden und Stabilit\u00e4t\u201c mit Taiwan bei einem Treffen mit einem Gegenst\u00fcck der KPCh","og_description":"Hochrangige Diplomaten aus den Vereinigten Staaten und China trafen sich am 23. September am Rande der Generalversammlung der Vereinten Nationen in New York City. US-Au\u00dfenminister Antony Blinken und der chinesische Au\u00dfenminister Wang Yi sch\u00fcttelten sich die H\u00e4nde, antworteten jedoch nicht auf Fragen der Medien, als sie sich zu Gespr\u00e4chen zusammensetzten. Blinken sagte Wang, dass die [&hellip;]","og_url":"https:\/\/now-news.de\/de\/china\/blinken-fordert-frieden-und-stabilitaet-mit-taiwan-bei-einem-treffen-mit-einem-gegenstueck-der-kpch\/","og_site_name":"just-now.NEWS Deutschland","article_publisher":"https:\/\/www.facebook.com\/wirmachenauf","article_published_time":"2022-09-23T18:43:06+00:00","og_image":[{"width":1200,"height":800,"url":"https:\/\/now-news.de\/de\/wp-content\/uploads\/sites\/3\/2022\/09\/1663960406_Blinken-fordert-\u201eFrieden-und-Stabilitaet-mit-Taiwan-bei-einem-Treffen.jpg","type":"image\/jpeg"}],"author":"epoch","twitter_card":"summary_large_image","twitter_creator":"@WirMachenAuf_de","twitter_site":"@WirMachenAuf_de","twitter_misc":{"Verfasst von":"epoch","Gesch\u00e4tzte Lesezeit":"3\u00a0Minuten"},"schema":{"@context":"https:\/\/schema.org","@graph":[{"@type":"Article","@id":"https:\/\/now-news.de\/de\/china\/blinken-fordert-frieden-und-stabilitaet-mit-taiwan-bei-einem-treffen-mit-einem-gegenstueck-der-kpch\/#article","isPartOf":{"@id":"https:\/\/now-news.de\/de\/china\/blinken-fordert-frieden-und-stabilitaet-mit-taiwan-bei-einem-treffen-mit-einem-gegenstueck-der-kpch\/"},"author":{"name":"epoch","@id":"https:\/\/now-news.de\/de\/#\/schema\/person\/c6dfcd35a72a074487761b9d49aef52f"},"headline":"Blinken fordert \u201eFrieden und Stabilit\u00e4t\u201c mit Taiwan bei einem Treffen mit einem Gegenst\u00fcck der KPCh","datePublished":"2022-09-23T18:43:06+00:00","dateModified":"2022-09-23T18:43:06+00:00","mainEntityOfPage":{"@id":"https:\/\/now-news.de\/de\/china\/blinken-fordert-frieden-und-stabilitaet-mit-taiwan-bei-einem-treffen-mit-einem-gegenstueck-der-kpch\/"},"wordCount":651,"commentCount":0,"publisher":{"@id":"https:\/\/now-news.de\/de\/#organization"},"image":{"@id":"https:\/\/now-news.de\/de\/china\/blinken-fordert-frieden-und-stabilitaet-mit-taiwan-bei-einem-treffen-mit-einem-gegenstueck-der-kpch\/#primaryimage"},"thumbnailUrl":"https:\/\/now-news.de\/de\/wp-content\/uploads\/sites\/3\/2022\/09\/1663960406_Blinken-fordert-\u201eFrieden-und-Stabilitaet-mit-Taiwan-bei-einem-Treffen.jpg","keywords":["bei","Blinken","der","einem","fordert","Frieden","Gegenst\u00fcck","KPCh","mit","Stabilit\u00e4t","Taiwan","Treffen","und"],"articleSection":["China"],"inLanguage":"de","potentialAction":[{"@type":"CommentAction","name":"Comment","target":["https:\/\/now-news.de\/de\/china\/blinken-fordert-frieden-und-stabilitaet-mit-taiwan-bei-einem-treffen-mit-einem-gegenstueck-der-kpch\/#respond"]}]},{"@type":"WebPage","@id":"https:\/\/now-news.de\/de\/china\/blinken-fordert-frieden-und-stabilitaet-mit-taiwan-bei-einem-treffen-mit-einem-gegenstueck-der-kpch\/","url":"https:\/\/now-news.de\/de\/china\/blinken-fordert-frieden-und-stabilitaet-mit-taiwan-bei-einem-treffen-mit-einem-gegenstueck-der-kpch\/","name":"Blinken fordert \u201eFrieden und Stabilit\u00e4t\u201c mit Taiwan bei einem Treffen mit einem Gegenst\u00fcck der KPCh - just-now.NEWS Deutschland","isPartOf":{"@id":"https:\/\/now-news.de\/de\/#website"},"primaryImageOfPage":{"@id":"https:\/\/now-news.de\/de\/china\/blinken-fordert-frieden-und-stabilitaet-mit-taiwan-bei-einem-treffen-mit-einem-gegenstueck-der-kpch\/#primaryimage"},"image":{"@id":"https:\/\/now-news.de\/de\/china\/blinken-fordert-frieden-und-stabilitaet-mit-taiwan-bei-einem-treffen-mit-einem-gegenstueck-der-kpch\/#primaryimage"},"thumbnailUrl":"https:\/\/now-news.de\/de\/wp-content\/uploads\/sites\/3\/2022\/09\/1663960406_Blinken-fordert-\u201eFrieden-und-Stabilitaet-mit-Taiwan-bei-einem-Treffen.jpg","datePublished":"2022-09-23T18:43:06+00:00","dateModified":"2022-09-23T18:43:06+00:00","breadcrumb":{"@id":"https:\/\/now-news.de\/de\/china\/blinken-fordert-frieden-und-stabilitaet-mit-taiwan-bei-einem-treffen-mit-einem-gegenstueck-der-kpch\/#breadcrumb"},"inLanguage":"de","potentialAction":[{"@type":"ReadAction","target":["https:\/\/now-news.de\/de\/china\/blinken-fordert-frieden-und-stabilitaet-mit-taiwan-bei-einem-treffen-mit-einem-gegenstueck-der-kpch\/"]}]},{"@type":"ImageObject","inLanguage":"de","@id":"https:\/\/now-news.de\/de\/china\/blinken-fordert-frieden-und-stabilitaet-mit-taiwan-bei-einem-treffen-mit-einem-gegenstueck-der-kpch\/#primaryimage","url":"https:\/\/now-news.de\/de\/wp-content\/uploads\/sites\/3\/2022\/09\/1663960406_Blinken-fordert-\u201eFrieden-und-Stabilitaet-mit-Taiwan-bei-einem-Treffen.jpg","contentUrl":"https:\/\/now-news.de\/de\/wp-content\/uploads\/sites\/3\/2022\/09\/1663960406_Blinken-fordert-\u201eFrieden-und-Stabilitaet-mit-Taiwan-bei-einem-Treffen.jpg","width":1200,"height":800},{"@type":"BreadcrumbList","@id":"https:\/\/now-news.de\/de\/china\/blinken-fordert-frieden-und-stabilitaet-mit-taiwan-bei-einem-treffen-mit-einem-gegenstueck-der-kpch\/#breadcrumb","itemListElement":[{"@type":"ListItem","position":1,"name":"Home","item":"https:\/\/now-news.de\/de\/"},{"@type":"ListItem","position":2,"name":"Blinken fordert \u201eFrieden und Stabilit\u00e4t\u201c mit Taiwan bei einem Treffen mit einem Gegenst\u00fcck der KPCh"}]},{"@type":"WebSite","@id":"https:\/\/now-news.de\/de\/#website","url":"https:\/\/now-news.de\/de\/","name":"just-now.NEWS Deutschland","description":"Das Portal f\u00fcr unzensierte Nachrichten aus der Welt","publisher":{"@id":"https:\/\/now-news.de\/de\/#organization"},"potentialAction":[{"@type":"SearchAction","target":{"@type":"EntryPoint","urlTemplate":"https:\/\/now-news.de\/de\/?s={search_term_string}"},"query-input":"required name=search_term_string"}],"inLanguage":"de"},{"@type":"Organization","@id":"https:\/\/now-news.de\/de\/#organization","name":"Just Now News","url":"https:\/\/now-news.de\/de\/","logo":{"@type":"ImageObject","inLanguage":"de","@id":"https:\/\/now-news.de\/de\/#\/schema\/logo\/image\/","url":"http:\/\/just-now.news\/de\/wp-content\/uploads\/sites\/3\/2022\/04\/logo500x500.jpg","contentUrl":"http:\/\/just-now.news\/de\/wp-content\/uploads\/sites\/3\/2022\/04\/logo500x500.jpg","width":500,"height":500,"caption":"Just Now News"},"image":{"@id":"https:\/\/now-news.de\/de\/#\/schema\/logo\/image\/"},"sameAs":["https:\/\/www.facebook.com\/wirmachenauf","https:\/\/x.com\/WirMachenAuf_de"]},{"@type":"Person","@id":"https:\/\/now-news.de\/de\/#\/schema\/person\/c6dfcd35a72a074487761b9d49aef52f","name":"epoch","image":{"@type":"ImageObject","inLanguage":"de","@id":"https:\/\/now-news.de\/de\/#\/schema\/person\/image\/","url":"https:\/\/secure.gravatar.com\/avatar\/56933836307948e61ef581cc4d100335?s=96&d=mm&r=g","contentUrl":"https:\/\/secure.gravatar.com\/avatar\/56933836307948e61ef581cc4d100335?s=96&d=mm&r=g","caption":"epoch"},"url":"https:\/\/now-news.de\/de\/author\/epoch\/"}]}},"_links":{"self":[{"href":"https:\/\/now-news.de\/de\/wp-json\/wp\/v2\/posts\/19674"}],"collection":[{"href":"https:\/\/now-news.de\/de\/wp-json\/wp\/v2\/posts"}],"about":[{"href":"https:\/\/now-news.de\/de\/wp-json\/wp\/v2\/types\/post"}],"author":[{"embeddable":true,"href":"https:\/\/now-news.de\/de\/wp-json\/wp\/v2\/users\/6"}],"replies":[{"embeddable":true,"href":"https:\/\/now-news.de\/de\/wp-json\/wp\/v2\/comments?post=19674"}],"version-history":[{"count":0,"href":"https:\/\/now-news.de\/de\/wp-json\/wp\/v2\/posts\/19674\/revisions"}],"wp:featuredmedia":[{"embeddable":true,"href":"https:\/\/now-news.de\/de\/wp-json\/wp\/v2\/media\/19675"}],"wp:attachment":[{"href":"https:\/\/now-news.de\/de\/wp-json\/wp\/v2\/media?parent=19674"}],"wp:term":[{"taxonomy":"category","embeddable":true,"href":"https:\/\/now-news.de\/de\/wp-json\/wp\/v2\/categories?post=19674"},{"taxonomy":"post_tag","embeddable":true,"href":"https:\/\/now-news.de\/de\/wp-json\/wp\/v2\/tags?post=19674"}],"curies":[{"name":"wp","href":"https:\/\/api.w.org\/{rel}","templated":true}]}}