{"id":1967,"date":"2022-04-21T00:00:00","date_gmt":"2022-04-21T01:00:00","guid":{"rendered":"http:\/\/just-now.news\/de\/usa\/breaking-das-doj-von-biden-legt-berufung-gegen-die-entscheidung-zum-maskenmandat-ein-will-sicherstellen-dass-masken-in-zuegen-und-flugzeugen-fortgesetzt-werden\/"},"modified":"2022-04-21T00:00:00","modified_gmt":"2022-04-21T01:00:00","slug":"breaking-das-doj-von-biden-legt-berufung-gegen-die-entscheidung-zum-maskenmandat-ein-will-sicherstellen-dass-masken-in-zuegen-und-flugzeugen-fortgesetzt-werden","status":"publish","type":"post","link":"https:\/\/now-news.de\/de\/usa\/breaking-das-doj-von-biden-legt-berufung-gegen-die-entscheidung-zum-maskenmandat-ein-will-sicherstellen-dass-masken-in-zuegen-und-flugzeugen-fortgesetzt-werden\/","title":{"rendered":"BREAKING: Das DOJ von Biden legt Berufung gegen die Entscheidung zum Maskenmandat ein \u2013 will sicherstellen, dass Masken in Z\u00fcgen und Flugzeugen fortgesetzt werden"},"content":{"rendered":"<div class=\"entry-content\">\n<p><\/p>\n<h3><strong>Die Biden-Administration appelliert an die Maskenmandate \u2013 will Masken in Flugzeugen und Z\u00fcgen.<\/strong><\/h3>\n<p>Am Montag beendete ein US-Bundesrichter in Florida die wahnsinnigen Maskenpflichten in Flugzeugen und Z\u00fcgen.  Ganz Amerika bejubelte die Nachricht.<\/p>\n<div id=\"IC1-ad\" class=\"sponsor IC1\">\n<p class=\"ad-notice flipboard-remove\" fl:fl-noexcerpt=\"true\">Werbung \u2013 die Geschichte geht unten weiter<\/p>\n<div id=\"IC1\">\n<script>\n\t\t\t\t\tif( FFADS.units.IC1 && FFADS.units.IC1.ad_type == 'custom' && FFADS.units.IC1.custom_ads && ! getCookie( 'ff_subbed' ) ) {\n\t\t\t\t\t\tdocument.getElementById( 'IC1' ).innerHTML = FFADS.units.IC1.custom_ads[0].code;\n\t\t\t\t\t\tif( ! FFADS.units.IC1.lazy_load ) eval( FFADS.units.IC1.custom_ads[0].rendering_script );\n\t\t\t\t\t}\n\t\t\t\t\telse if( FFADS.units.IC1 && ! getCookie( 'ff_subbed' ) ) {\n\t\t\t\t\t\tif( 'IC' != 'SB' && 'IC' != 'SA' && FFADS.use_fixed_containers ) {\n\t\t\t\t\t\t\tlet max_wh = firefly_size_list_to_max_wh( FFADS.units.IC1.sizes );\n\t\t\t\t\t\t\tlet el = document.querySelector( '#IC1' );\n\t\t\t\t\t\t\tif( 'IC' != 'SA' && FFADS.slide_pixels ) {\n\t\t\t\t\t\t\t\tmax_wh[1] += parseInt( FFADS.slide_pixels );\n\t\t\t\t\t\t\t\tel.classList.add( 'sliding' );\n\t\t\t\t\t\t\t}\n\t\t\t\t\t\t\tel.style.width = max_wh[0] + 'px';\n\t\t\t\t\t\t\tel.style.height = max_wh[1] + 'px';\n\t\t\t\t\t\t\tel.classList.add( 'fixed-size' );\n\t\t\t\t\t\t}\n\t\t\t\t\t\tgoogletag.cmd.push( function() {\n\t\t\t\t\t\t\tFFADS.debug( 'googletag.displaying IC1' );\n\t\t\t\t\t\t\tgoogletag.display( 'IC1' );\n\t\t\t\t\t\t} );\n\t\t\t\t\t}\n\t\t\t\t\telse {\n\t\t\t\t\t\tdocument.querySelector( '#IC1-ad' ).style.display = 'none';}\n\t\t\t\t<\/script><\/div>\n<\/div>\n<blockquote class=\"wp-embedded-content\" data-secret=\"aeI7qlAXmd\">\n<p>Flugbegleiterin bricht in Tr\u00e4nen aus, als sie zum ersten Mal seit zwei Jahren ihre Maske abnehmen darf (VIDEO)<\/p>\n<\/blockquote>\n<p><iframe class=\"wp-embedded-content\" sandbox=\"allow-scripts\" security=\"restricted\" style=\"position: absolute; clip: rect(1px, 1px, 1px, 1px);\" title=\"\u201cFlight Attendant Breaks Into Tears As She Gets to Take Off Her Mask For the First Time in Two Years (VIDEO)\u201d \u2014 The Gateway Pundit\" data-src=\"https:\/\/www.thegatewaypundit.com\/2022\/04\/flight-attendant-breaks-tears-gets-take-off-mask-first-time-two-years-video\/embed\/#?secret=aeI7qlAXmd\" data-secret=\"aeI7qlAXmd\" width=\"500\" height=\"282\" frameborder=\"0\" marginwidth=\"0\" marginheight=\"0\" scrolling=\"no\"><\/iframe><\/p>\n<p>Gestern (Dienstag) sagte die Biden-Bande, dass sie gegen die Entscheidung Berufung einlegen w\u00fcrden, die auf der Entscheidung der CDC zu den Masken basiert.  Wenn die CDC beschlie\u00dft, die Masken vorzuschreiben, wird die Biden-Bande Berufung einlegen.<\/p>\n<p><script>\n\t\t\t\t\tif( ! getCookie( 'ff_subbed' ) ) if( typeof FFADS.replace_ict != 'undefined' ) if( FFADS.replace_ict ) eval( FFADS.replace_ict );\n\t\t\t\t<\/script><\/p>\n<blockquote class=\"wp-embedded-content\" data-secret=\"EfBg0Sh775\">\n<p>Bidens DOJ k\u00fcndigt an, dass es gegen das Maskenmandatsurteil vom Montag Berufung einlegen wird, WENN CDC beschlie\u00dft, das Mandat beizubehalten \u2013 NUR STUNDEN, nachdem Joe Biden gesagt hat, dass \u201ees an Einzelpersonen liegt\u201c, sie zu tragen<\/p>\n<\/blockquote>\n<p><iframe class=\"wp-embedded-content\" sandbox=\"allow-scripts\" security=\"restricted\" style=\"position: absolute; clip: rect(1px, 1px, 1px, 1px);\" title=\"\u201cBiden\u2019s DOJ Announces It Will Appeal Monday\u2019s Mask Mandate Ruling IF CDC Decides to Keep Mandate \u2014 JUST HOURS After Joe Biden Says \u201cIt\u2019s Up to Individuals\u201d to Wear Them\u201d \u2014 The Gateway Pundit\" data-src=\"https:\/\/www.thegatewaypundit.com\/2022\/04\/bidens-doj-announces-will-appeal-mondays-mask-mandate-ruling-cdc-decides-keep-mandate-just-hours-joe-biden-says-individuals-wear\/embed\/#?secret=EfBg0Sh775\" data-secret=\"EfBg0Sh775\" width=\"500\" height=\"282\" frameborder=\"0\" marginwidth=\"0\" marginheight=\"0\" scrolling=\"no\"><\/iframe><\/p>\n<p>Letzte Nacht wurde berichtet, dass die CDC wahrscheinlich Berufung gegen das Urteil einlegen und beantragen w\u00fcrde, das Mandat beizubehalten.<\/p>\n<div id=\"IC2-ad\" class=\"sponsor IC2\">\n<p class=\"ad-notice flipboard-remove\" fl:fl-noexcerpt=\"true\">Werbung \u2013 die Geschichte geht unten weiter<\/p>\n<div id=\"IC2\">\n<script>\n\t\t\t\t\tif( FFADS.units.IC2 && FFADS.units.IC2.ad_type == 'custom' && FFADS.units.IC2.custom_ads && ! getCookie( 'ff_subbed' ) ) {\n\t\t\t\t\t\tdocument.getElementById( 'IC2' ).innerHTML = FFADS.units.IC2.custom_ads[0].code;\n\t\t\t\t\t\tif( ! FFADS.units.IC2.lazy_load ) eval( FFADS.units.IC2.custom_ads[0].rendering_script );\n\t\t\t\t\t}\n\t\t\t\t\telse if( FFADS.units.IC2 && ! getCookie( 'ff_subbed' ) ) {\n\t\t\t\t\t\tif( 'IC' != 'SB' && 'IC' != 'SA' && FFADS.use_fixed_containers ) {\n\t\t\t\t\t\t\tlet max_wh = firefly_size_list_to_max_wh( FFADS.units.IC2.sizes );\n\t\t\t\t\t\t\tlet el = document.querySelector( '#IC2' );\n\t\t\t\t\t\t\tif( 'IC' != 'SA' && FFADS.slide_pixels ) {\n\t\t\t\t\t\t\t\tmax_wh[1] += parseInt( FFADS.slide_pixels );\n\t\t\t\t\t\t\t\tel.classList.add( 'sliding' );\n\t\t\t\t\t\t\t}\n\t\t\t\t\t\t\tel.style.width = max_wh[0] + 'px';\n\t\t\t\t\t\t\tel.style.height = max_wh[1] + 'px';\n\t\t\t\t\t\t\tel.classList.add( 'fixed-size' );\n\t\t\t\t\t\t}\n\t\t\t\t\t\tgoogletag.cmd.push( function() {\n\t\t\t\t\t\t\tFFADS.debug( 'googletag.displaying IC2' );\n\t\t\t\t\t\t\tgoogletag.display( 'IC2' );\n\t\t\t\t\t\t} );\n\t\t\t\t\t}\n\t\t\t\t\telse {\n\t\t\t\t\t\tdocument.querySelector( '#IC2-ad' ).style.display = 'none';}\n\t\t\t\t<\/script><\/div>\n<\/div>\n<blockquote class=\"twitter-tweet\">\n<p dir=\"ltr\" lang=\"en\">CDC ist zu dem Schluss gekommen, dass eine Maskenbestellung erforderlich ist, per <a rel=\"nofollow noopener\" target=\"_blank\" href=\"https:\/\/twitter.com\/PeteWilliamsNBC\">@PeteWilliamsNBC<\/a>.  Das DOJ wird Berufung einlegen, aber keine sofortige Aussetzung der Entscheidung des Richters beantragen, sodass das Mandat nicht in Kraft ist, w\u00e4hrend die Berufung fortgef\u00fchrt wird.<\/p>\n<p>\u2014 Ryan J. Reilly (@ryanjreilly) <a rel=\"nofollow noopener\" target=\"_blank\" href=\"https:\/\/twitter.com\/ryanjreilly\/status\/1516542069774368775\">19. April 2022<\/a><\/p>\n<\/blockquote>\n<p><script async src=\"https:\/\/platform.twitter.com\/widgets.js\" charset=\"utf-8\"><\/script><\/p>\n<p>Heute Abend wurde es best\u00e4tigt.  Die Biden-Administration m\u00f6chte, dass die Amerikaner in Flugzeugen und Z\u00fcgen weiterhin chirurgische Masken tragen, und wird gegen das Urteil des Richters Berufung einlegen.<\/p>\n<blockquote>\n<p>Das Justizministerium hat Berufung eingelegt, um die j\u00fcngste Entscheidung eines Richters r\u00fcckg\u00e4ngig zu machen, mit der das Maskenmandat der Nation f\u00fcr \u00f6ffentliche Verkehrsmittel beendet wurde.  Die Zentren f\u00fcr die Kontrolle und Pr\u00e4vention von Krankheiten hatten die Abteilung gebeten, gegen die Entscheidung Berufung einzulegen, und am Mittwoch eine Erkl\u00e4rung abgegeben, in der es hei\u00dft, das Mandat \u201ebleibt f\u00fcr die \u00f6ffentliche Gesundheit notwendig\u201c.<\/p>\n<p>\u201eCDC empfiehlt weiterhin, dass Menschen in allen \u00f6ffentlichen Verkehrsmitteln in Innenr\u00e4umen Masken tragen\u201c, fuhr die Erkl\u00e4rung der CDC fort.  \u201eDie oberste Priorit\u00e4t der CDC ist der Schutz der \u00f6ffentlichen Gesundheit unserer Nation.  Wie wir bereits gesagt haben, ist das Tragen von Masken an \u00fcberf\u00fcllten oder schlecht bel\u00fcfteten Orten wie dem Transportkorridor am vorteilhaftesten.\u201c<\/p>\n<\/blockquote>\n<div id=\"IC3-ad\" class=\"sponsor IC3\">\n<p class=\"ad-notice flipboard-remove\" fl:fl-noexcerpt=\"true\">Werbung \u2013 die Geschichte geht unten weiter<\/p>\n<div id=\"IC3\">\n<script>\n\t\t\t\t\tif( FFADS.units.IC3 && FFADS.units.IC3.ad_type == 'custom' && FFADS.units.IC3.custom_ads && ! getCookie( 'ff_subbed' ) ) {\n\t\t\t\t\t\tdocument.getElementById( 'IC3' ).innerHTML = FFADS.units.IC3.custom_ads[0].code;\n\t\t\t\t\t\tif( ! FFADS.units.IC3.lazy_load ) eval( FFADS.units.IC3.custom_ads[0].rendering_script );\n\t\t\t\t\t}\n\t\t\t\t\telse if( FFADS.units.IC3 && ! getCookie( 'ff_subbed' ) ) {\n\t\t\t\t\t\tif( 'IC' != 'SB' && 'IC' != 'SA' && FFADS.use_fixed_containers ) {\n\t\t\t\t\t\t\tlet max_wh = firefly_size_list_to_max_wh( FFADS.units.IC3.sizes );\n\t\t\t\t\t\t\tlet el = document.querySelector( '#IC3' );\n\t\t\t\t\t\t\tif( 'IC' != 'SA' && FFADS.slide_pixels ) {\n\t\t\t\t\t\t\t\tmax_wh[1] += parseInt( FFADS.slide_pixels );\n\t\t\t\t\t\t\t\tel.classList.add( 'sliding' );\n\t\t\t\t\t\t\t}\n\t\t\t\t\t\t\tel.style.width = max_wh[0] + 'px';\n\t\t\t\t\t\t\tel.style.height = max_wh[1] + 'px';\n\t\t\t\t\t\t\tel.classList.add( 'fixed-size' );\n\t\t\t\t\t\t}\n\t\t\t\t\t\tgoogletag.cmd.push( function() {\n\t\t\t\t\t\t\tFFADS.debug( 'googletag.displaying IC3' );\n\t\t\t\t\t\t\tgoogletag.display( 'IC3' );\n\t\t\t\t\t\t} );\n\t\t\t\t\t}\n\t\t\t\t\telse {\n\t\t\t\t\t\tdocument.querySelector( '#IC3-ad' ).style.display = 'none';}\n\t\t\t\t<\/script><\/div>\n<\/div>\n<p><strong>Die korrupte und antiamerikanische Biden-Bande verfolgt mehr Tyrannei.  Sie wollen Masken an Ort und Stelle.  Sie funktionieren nicht und haben noch nie jemanden daran gehindert, COVID zu bekommen.  Dies basiert nicht auf Wissenschaft. <\/strong><\/p>\n<p class=\"article-ask\"><span class=\"ask\"><script>\n  if( getParameterByName( \"utm_source\" ) == \"testpage\" ) {\n    !function(e,t,a,n,g){e[n]=e[n]||[],e[n].push({\"gtm.start\":(new Date).getTime(),event:\"gtm.js\"});var m=t.getElementsByTagName(a)[0],r=t.createElement(a);r.async=!0,r.src=\"https:\/\/www.googletagmanager.com\/gtm.js?id=GTM-PL4PD49\",m.parentNode.insertBefore(r,m)}(window.parent,window.parent.document,\"script\",\"dataLayer\");\n    var iframe=window.parent.document.createElement(\"iframe\");iframe.src=\"https:\/\/www.googletagmanager.com\/ns.html?id=GTM-PL4PD49\";iframe.height=\"0\";iframe.width=\"0\";iframe.style=\"display:none;visibility:hidden\";window.parent.document.body.appendChild(iframe);\n    window.parent[\"$$mm-analytics\"] = window.parent[\"$$mm-analytics\"] || {};if (typeof window.parent[\"$$mm-analytics\"].firstEmbed === \"undefined\") {window.parent[\"$$mm-analytics\"].firstEmbed = Date.now();}\n    let as1 = document.createElement( \"script\" );\n    as1.src = \"https:\/\/bucket1.mm-syringe.com\/prod\/configs\/ee2300c8-43d2-7f0b-dac0-40aaf31c9d3d.js\";\n    document.body.appendChild( as1 );\n    let as2 = document.createElement( \"script\" );\n    as2.src = \"https:\/\/bucket1.mm-syringe.com\/prod\/injector\/injector.1.5.3.js\";\n    document.body.appendChild( as2 );\n  }\n<\/script><\/p>\n<div class=\"apester-media\" data-token=\"5f10a39f94902bc81d3d59a7\" data-context=\"true\" data-tags=\"\" data-fallback=\"true\" height=\"350\"><\/div>\n<p><script id=\"apester_script\" src=\"https:\/\/static.apester.com\/js\/sdk\/latest\/apester-sdk.js\" async><\/script><script async src=\"https:\/\/www.googletagmanager.com\/gtag\/js?id=G-EFE91RJVSQ\"><\/script><script>\n  window.dataLayer = window.dataLayer || [];\n  function gtag(){dataLayer.push(arguments);}\n  gtag(\\'js\\', new Date());\n  gtag(\\'config\\', \\'G-EFE91RJVSQ\\');\n<\/script><\/span><\/p>\n<\/div>\n<p><br \/>\n<br \/><a href=\"https:\/\/www.thegatewaypundit.com\/2022\/04\/breaking-biden-administration-will-appeal-mask-ruling-wants-masks-trains-planes-continue\/\">Source link <\/a><\/p>\n","protected":false},"excerpt":{"rendered":"<p>Die Biden-Administration appelliert an die Maskenmandate \u2013 will Masken in Flugzeugen und Z\u00fcgen. Am Montag beendete ein US-Bundesrichter in Florida die wahnsinnigen Maskenpflichten in Flugzeugen und Z\u00fcgen. Ganz Amerika bejubelte die Nachricht. Werbung \u2013 die Geschichte geht unten weiter Flugbegleiterin bricht in Tr\u00e4nen aus, als sie zum ersten Mal seit zwei Jahren ihre Maske abnehmen [&hellip;]<\/p>\n","protected":false},"author":5,"featured_media":1410,"comment_status":"open","ping_status":"open","sticky":false,"template":"","format":"standard","meta":{"wp_automatic_camp":["1161"],"a83db8ab364bb4d7430be2d5e8dfd689":["BREAKING: Das DOJ von Biden legt Berufung gegen die Entscheidung zum Maskenmandat ein \u2013 will sicherstellen, dass Masken in Z\u00fcgen und Flugzeugen fortgesetzt werden\n"],"original_link":["https:\/\/www.thegatewaypundit.com\/2022\/04\/breaking-biden-administration-will-appeal-mask-ruling-wants-masks-trains-planes-continue\/"],"_thumbnail_id":["1410"],"wp_automatic_remove_first_image":["yes"],"_wptg_p2tg_sent2tg":["2022-04-21 04:27:17"],"jnews_social_counter_last_update":["1777563827"]},"categories":[25],"tags":[3335,1348,2755,427,42,45,4223,357,5553,3955,5556,278,5552,80,3951,5554,140,50,1040,5555,565],"yoast_head":"<!-- This site is optimized with the Yoast SEO Premium plugin v22.7 (Yoast SEO v22.7) - https:\/\/yoast.com\/wordpress\/plugins\/seo\/ -->\n<title>BREAKING: Das DOJ von Biden legt Berufung gegen die Entscheidung zum Maskenmandat ein \u2013 will sicherstellen, dass Masken in Z\u00fcgen und Flugzeugen fortgesetzt werden - just-now.NEWS Deutschland<\/title>\n<meta name=\"robots\" content=\"index, follow, max-snippet:-1, max-image-preview:large, max-video-preview:-1\" \/>\n<link rel=\"canonical\" href=\"https:\/\/now-news.de\/de\/usa\/breaking-das-doj-von-biden-legt-berufung-gegen-die-entscheidung-zum-maskenmandat-ein-will-sicherstellen-dass-masken-in-zuegen-und-flugzeugen-fortgesetzt-werden\/\" \/>\n<meta property=\"og:locale\" content=\"de_DE\" \/>\n<meta property=\"og:type\" content=\"article\" \/>\n<meta property=\"og:title\" content=\"BREAKING: Das DOJ von Biden legt Berufung gegen die Entscheidung zum Maskenmandat ein \u2013 will sicherstellen, dass Masken in Z\u00fcgen und Flugzeugen fortgesetzt werden\" \/>\n<meta property=\"og:description\" content=\"Die Biden-Administration appelliert an die Maskenmandate \u2013 will Masken in Flugzeugen und Z\u00fcgen. Am Montag beendete ein US-Bundesrichter in Florida die wahnsinnigen Maskenpflichten in Flugzeugen und Z\u00fcgen. Ganz Amerika bejubelte die Nachricht. Werbung \u2013 die Geschichte geht unten weiter Flugbegleiterin bricht in Tr\u00e4nen aus, als sie zum ersten Mal seit zwei Jahren ihre Maske abnehmen [&hellip;]\" \/>\n<meta property=\"og:url\" content=\"https:\/\/now-news.de\/de\/usa\/breaking-das-doj-von-biden-legt-berufung-gegen-die-entscheidung-zum-maskenmandat-ein-will-sicherstellen-dass-masken-in-zuegen-und-flugzeugen-fortgesetzt-werden\/\" \/>\n<meta property=\"og:site_name\" content=\"just-now.NEWS Deutschland\" \/>\n<meta property=\"article:publisher\" content=\"https:\/\/www.facebook.com\/wirmachenauf\" \/>\n<meta property=\"article:published_time\" content=\"2022-04-21T01:00:00+00:00\" \/>\n<meta property=\"og:image\" content=\"https:\/\/now-news.de\/de\/wp-content\/uploads\/sites\/3\/2022\/04\/Eine-Gruppe-von-309-Piloten-und-Flugbegleitern-ersucht-das-Berufungsgericht.jpg\" \/>\n\t<meta property=\"og:image:width\" content=\"940\" \/>\n\t<meta property=\"og:image:height\" content=\"460\" \/>\n\t<meta property=\"og:image:type\" content=\"image\/jpeg\" \/>\n<meta name=\"author\" content=\"greatreset\" \/>\n<meta name=\"twitter:card\" content=\"summary_large_image\" \/>\n<meta name=\"twitter:creator\" content=\"@WirMachenAuf_de\" \/>\n<meta name=\"twitter:site\" content=\"@WirMachenAuf_de\" \/>\n<meta name=\"twitter:label1\" content=\"Verfasst von\" \/>\n\t<meta name=\"twitter:data1\" content=\"greatreset\" \/>\n\t<meta name=\"twitter:label2\" content=\"Gesch\u00e4tzte Lesezeit\" \/>\n\t<meta name=\"twitter:data2\" content=\"2\u00a0Minuten\" \/>\n<script type=\"application\/ld+json\" class=\"yoast-schema-graph\">{\"@context\":\"https:\/\/schema.org\",\"@graph\":[{\"@type\":\"Article\",\"@id\":\"https:\/\/now-news.de\/de\/usa\/breaking-das-doj-von-biden-legt-berufung-gegen-die-entscheidung-zum-maskenmandat-ein-will-sicherstellen-dass-masken-in-zuegen-und-flugzeugen-fortgesetzt-werden\/#article\",\"isPartOf\":{\"@id\":\"https:\/\/now-news.de\/de\/usa\/breaking-das-doj-von-biden-legt-berufung-gegen-die-entscheidung-zum-maskenmandat-ein-will-sicherstellen-dass-masken-in-zuegen-und-flugzeugen-fortgesetzt-werden\/\"},\"author\":{\"name\":\"greatreset\",\"@id\":\"https:\/\/now-news.de\/de\/#\/schema\/person\/8afb4cd92b68572db7902c13a349ffcb\"},\"headline\":\"BREAKING: Das DOJ von Biden legt Berufung gegen die Entscheidung zum Maskenmandat ein \u2013 will sicherstellen, dass Masken in Z\u00fcgen und Flugzeugen fortgesetzt werden\",\"datePublished\":\"2022-04-21T01:00:00+00:00\",\"dateModified\":\"2022-04-21T01:00:00+00:00\",\"mainEntityOfPage\":{\"@id\":\"https:\/\/now-news.de\/de\/usa\/breaking-das-doj-von-biden-legt-berufung-gegen-die-entscheidung-zum-maskenmandat-ein-will-sicherstellen-dass-masken-in-zuegen-und-flugzeugen-fortgesetzt-werden\/\"},\"wordCount\":429,\"commentCount\":0,\"publisher\":{\"@id\":\"https:\/\/now-news.de\/de\/#organization\"},\"image\":{\"@id\":\"https:\/\/now-news.de\/de\/usa\/breaking-das-doj-von-biden-legt-berufung-gegen-die-entscheidung-zum-maskenmandat-ein-will-sicherstellen-dass-masken-in-zuegen-und-flugzeugen-fortgesetzt-werden\/#primaryimage\"},\"thumbnailUrl\":\"https:\/\/now-news.de\/de\/wp-content\/uploads\/sites\/3\/2022\/04\/Eine-Gruppe-von-309-Piloten-und-Flugbegleitern-ersucht-das-Berufungsgericht.jpg\",\"keywords\":[\"Berufung\",\"Biden\",\"Breaking\",\"das\",\"dass\",\"die\",\"DOJ\",\"ein\",\"Entscheidung\",\"Flugzeugen\",\"fortgesetzt\",\"gegen\",\"legt\",\"Masken\",\"Maskenmandat\",\"sicherstellen\",\"und\",\"von\",\"Werden\",\"Z\u00fcgen\",\"zum\"],\"articleSection\":[\"USA\"],\"inLanguage\":\"de\",\"potentialAction\":[{\"@type\":\"CommentAction\",\"name\":\"Comment\",\"target\":[\"https:\/\/now-news.de\/de\/usa\/breaking-das-doj-von-biden-legt-berufung-gegen-die-entscheidung-zum-maskenmandat-ein-will-sicherstellen-dass-masken-in-zuegen-und-flugzeugen-fortgesetzt-werden\/#respond\"]}]},{\"@type\":\"WebPage\",\"@id\":\"https:\/\/now-news.de\/de\/usa\/breaking-das-doj-von-biden-legt-berufung-gegen-die-entscheidung-zum-maskenmandat-ein-will-sicherstellen-dass-masken-in-zuegen-und-flugzeugen-fortgesetzt-werden\/\",\"url\":\"https:\/\/now-news.de\/de\/usa\/breaking-das-doj-von-biden-legt-berufung-gegen-die-entscheidung-zum-maskenmandat-ein-will-sicherstellen-dass-masken-in-zuegen-und-flugzeugen-fortgesetzt-werden\/\",\"name\":\"BREAKING: Das DOJ von Biden legt Berufung gegen die Entscheidung zum Maskenmandat ein \u2013 will sicherstellen, dass Masken in Z\u00fcgen und Flugzeugen fortgesetzt werden - just-now.NEWS Deutschland\",\"isPartOf\":{\"@id\":\"https:\/\/now-news.de\/de\/#website\"},\"primaryImageOfPage\":{\"@id\":\"https:\/\/now-news.de\/de\/usa\/breaking-das-doj-von-biden-legt-berufung-gegen-die-entscheidung-zum-maskenmandat-ein-will-sicherstellen-dass-masken-in-zuegen-und-flugzeugen-fortgesetzt-werden\/#primaryimage\"},\"image\":{\"@id\":\"https:\/\/now-news.de\/de\/usa\/breaking-das-doj-von-biden-legt-berufung-gegen-die-entscheidung-zum-maskenmandat-ein-will-sicherstellen-dass-masken-in-zuegen-und-flugzeugen-fortgesetzt-werden\/#primaryimage\"},\"thumbnailUrl\":\"https:\/\/now-news.de\/de\/wp-content\/uploads\/sites\/3\/2022\/04\/Eine-Gruppe-von-309-Piloten-und-Flugbegleitern-ersucht-das-Berufungsgericht.jpg\",\"datePublished\":\"2022-04-21T01:00:00+00:00\",\"dateModified\":\"2022-04-21T01:00:00+00:00\",\"breadcrumb\":{\"@id\":\"https:\/\/now-news.de\/de\/usa\/breaking-das-doj-von-biden-legt-berufung-gegen-die-entscheidung-zum-maskenmandat-ein-will-sicherstellen-dass-masken-in-zuegen-und-flugzeugen-fortgesetzt-werden\/#breadcrumb\"},\"inLanguage\":\"de\",\"potentialAction\":[{\"@type\":\"ReadAction\",\"target\":[\"https:\/\/now-news.de\/de\/usa\/breaking-das-doj-von-biden-legt-berufung-gegen-die-entscheidung-zum-maskenmandat-ein-will-sicherstellen-dass-masken-in-zuegen-und-flugzeugen-fortgesetzt-werden\/\"]}]},{\"@type\":\"ImageObject\",\"inLanguage\":\"de\",\"@id\":\"https:\/\/now-news.de\/de\/usa\/breaking-das-doj-von-biden-legt-berufung-gegen-die-entscheidung-zum-maskenmandat-ein-will-sicherstellen-dass-masken-in-zuegen-und-flugzeugen-fortgesetzt-werden\/#primaryimage\",\"url\":\"https:\/\/now-news.de\/de\/wp-content\/uploads\/sites\/3\/2022\/04\/Eine-Gruppe-von-309-Piloten-und-Flugbegleitern-ersucht-das-Berufungsgericht.jpg\",\"contentUrl\":\"https:\/\/now-news.de\/de\/wp-content\/uploads\/sites\/3\/2022\/04\/Eine-Gruppe-von-309-Piloten-und-Flugbegleitern-ersucht-das-Berufungsgericht.jpg\",\"width\":940,\"height\":460},{\"@type\":\"BreadcrumbList\",\"@id\":\"https:\/\/now-news.de\/de\/usa\/breaking-das-doj-von-biden-legt-berufung-gegen-die-entscheidung-zum-maskenmandat-ein-will-sicherstellen-dass-masken-in-zuegen-und-flugzeugen-fortgesetzt-werden\/#breadcrumb\",\"itemListElement\":[{\"@type\":\"ListItem\",\"position\":1,\"name\":\"Home\",\"item\":\"https:\/\/now-news.de\/de\/\"},{\"@type\":\"ListItem\",\"position\":2,\"name\":\"BREAKING: Das DOJ von Biden legt Berufung gegen die Entscheidung zum Maskenmandat ein \u2013 will sicherstellen, dass Masken in Z\u00fcgen und Flugzeugen fortgesetzt werden\"}]},{\"@type\":\"WebSite\",\"@id\":\"https:\/\/now-news.de\/de\/#website\",\"url\":\"https:\/\/now-news.de\/de\/\",\"name\":\"just-now.NEWS Deutschland\",\"description\":\"Das Portal f\u00fcr unzensierte Nachrichten aus der Welt\",\"publisher\":{\"@id\":\"https:\/\/now-news.de\/de\/#organization\"},\"potentialAction\":[{\"@type\":\"SearchAction\",\"target\":{\"@type\":\"EntryPoint\",\"urlTemplate\":\"https:\/\/now-news.de\/de\/?s={search_term_string}\"},\"query-input\":\"required name=search_term_string\"}],\"inLanguage\":\"de\"},{\"@type\":\"Organization\",\"@id\":\"https:\/\/now-news.de\/de\/#organization\",\"name\":\"Just Now News\",\"url\":\"https:\/\/now-news.de\/de\/\",\"logo\":{\"@type\":\"ImageObject\",\"inLanguage\":\"de\",\"@id\":\"https:\/\/now-news.de\/de\/#\/schema\/logo\/image\/\",\"url\":\"http:\/\/just-now.news\/de\/wp-content\/uploads\/sites\/3\/2022\/04\/logo500x500.jpg\",\"contentUrl\":\"http:\/\/just-now.news\/de\/wp-content\/uploads\/sites\/3\/2022\/04\/logo500x500.jpg\",\"width\":500,\"height\":500,\"caption\":\"Just Now News\"},\"image\":{\"@id\":\"https:\/\/now-news.de\/de\/#\/schema\/logo\/image\/\"},\"sameAs\":[\"https:\/\/www.facebook.com\/wirmachenauf\",\"https:\/\/x.com\/WirMachenAuf_de\"]},{\"@type\":\"Person\",\"@id\":\"https:\/\/now-news.de\/de\/#\/schema\/person\/8afb4cd92b68572db7902c13a349ffcb\",\"name\":\"greatreset\",\"image\":{\"@type\":\"ImageObject\",\"inLanguage\":\"de\",\"@id\":\"https:\/\/now-news.de\/de\/#\/schema\/person\/image\/\",\"url\":\"https:\/\/secure.gravatar.com\/avatar\/a088df625d49991c090e78c8b9542592?s=96&d=mm&r=g\",\"contentUrl\":\"https:\/\/secure.gravatar.com\/avatar\/a088df625d49991c090e78c8b9542592?s=96&d=mm&r=g\",\"caption\":\"greatreset\"},\"url\":\"https:\/\/now-news.de\/de\/author\/greatreset\/\"}]}<\/script>\n<!-- \/ Yoast SEO Premium plugin. -->","yoast_head_json":{"title":"BREAKING: Das DOJ von Biden legt Berufung gegen die Entscheidung zum Maskenmandat ein \u2013 will sicherstellen, dass Masken in Z\u00fcgen und Flugzeugen fortgesetzt werden - just-now.NEWS Deutschland","robots":{"index":"index","follow":"follow","max-snippet":"max-snippet:-1","max-image-preview":"max-image-preview:large","max-video-preview":"max-video-preview:-1"},"canonical":"https:\/\/now-news.de\/de\/usa\/breaking-das-doj-von-biden-legt-berufung-gegen-die-entscheidung-zum-maskenmandat-ein-will-sicherstellen-dass-masken-in-zuegen-und-flugzeugen-fortgesetzt-werden\/","og_locale":"de_DE","og_type":"article","og_title":"BREAKING: Das DOJ von Biden legt Berufung gegen die Entscheidung zum Maskenmandat ein \u2013 will sicherstellen, dass Masken in Z\u00fcgen und Flugzeugen fortgesetzt werden","og_description":"Die Biden-Administration appelliert an die Maskenmandate \u2013 will Masken in Flugzeugen und Z\u00fcgen. Am Montag beendete ein US-Bundesrichter in Florida die wahnsinnigen Maskenpflichten in Flugzeugen und Z\u00fcgen. Ganz Amerika bejubelte die Nachricht. Werbung \u2013 die Geschichte geht unten weiter Flugbegleiterin bricht in Tr\u00e4nen aus, als sie zum ersten Mal seit zwei Jahren ihre Maske abnehmen [&hellip;]","og_url":"https:\/\/now-news.de\/de\/usa\/breaking-das-doj-von-biden-legt-berufung-gegen-die-entscheidung-zum-maskenmandat-ein-will-sicherstellen-dass-masken-in-zuegen-und-flugzeugen-fortgesetzt-werden\/","og_site_name":"just-now.NEWS Deutschland","article_publisher":"https:\/\/www.facebook.com\/wirmachenauf","article_published_time":"2022-04-21T01:00:00+00:00","og_image":[{"width":940,"height":460,"url":"https:\/\/now-news.de\/de\/wp-content\/uploads\/sites\/3\/2022\/04\/Eine-Gruppe-von-309-Piloten-und-Flugbegleitern-ersucht-das-Berufungsgericht.jpg","type":"image\/jpeg"}],"author":"greatreset","twitter_card":"summary_large_image","twitter_creator":"@WirMachenAuf_de","twitter_site":"@WirMachenAuf_de","twitter_misc":{"Verfasst von":"greatreset","Gesch\u00e4tzte Lesezeit":"2\u00a0Minuten"},"schema":{"@context":"https:\/\/schema.org","@graph":[{"@type":"Article","@id":"https:\/\/now-news.de\/de\/usa\/breaking-das-doj-von-biden-legt-berufung-gegen-die-entscheidung-zum-maskenmandat-ein-will-sicherstellen-dass-masken-in-zuegen-und-flugzeugen-fortgesetzt-werden\/#article","isPartOf":{"@id":"https:\/\/now-news.de\/de\/usa\/breaking-das-doj-von-biden-legt-berufung-gegen-die-entscheidung-zum-maskenmandat-ein-will-sicherstellen-dass-masken-in-zuegen-und-flugzeugen-fortgesetzt-werden\/"},"author":{"name":"greatreset","@id":"https:\/\/now-news.de\/de\/#\/schema\/person\/8afb4cd92b68572db7902c13a349ffcb"},"headline":"BREAKING: Das DOJ von Biden legt Berufung gegen die Entscheidung zum Maskenmandat ein \u2013 will sicherstellen, dass Masken in Z\u00fcgen und Flugzeugen fortgesetzt werden","datePublished":"2022-04-21T01:00:00+00:00","dateModified":"2022-04-21T01:00:00+00:00","mainEntityOfPage":{"@id":"https:\/\/now-news.de\/de\/usa\/breaking-das-doj-von-biden-legt-berufung-gegen-die-entscheidung-zum-maskenmandat-ein-will-sicherstellen-dass-masken-in-zuegen-und-flugzeugen-fortgesetzt-werden\/"},"wordCount":429,"commentCount":0,"publisher":{"@id":"https:\/\/now-news.de\/de\/#organization"},"image":{"@id":"https:\/\/now-news.de\/de\/usa\/breaking-das-doj-von-biden-legt-berufung-gegen-die-entscheidung-zum-maskenmandat-ein-will-sicherstellen-dass-masken-in-zuegen-und-flugzeugen-fortgesetzt-werden\/#primaryimage"},"thumbnailUrl":"https:\/\/now-news.de\/de\/wp-content\/uploads\/sites\/3\/2022\/04\/Eine-Gruppe-von-309-Piloten-und-Flugbegleitern-ersucht-das-Berufungsgericht.jpg","keywords":["Berufung","Biden","Breaking","das","dass","die","DOJ","ein","Entscheidung","Flugzeugen","fortgesetzt","gegen","legt","Masken","Maskenmandat","sicherstellen","und","von","Werden","Z\u00fcgen","zum"],"articleSection":["USA"],"inLanguage":"de","potentialAction":[{"@type":"CommentAction","name":"Comment","target":["https:\/\/now-news.de\/de\/usa\/breaking-das-doj-von-biden-legt-berufung-gegen-die-entscheidung-zum-maskenmandat-ein-will-sicherstellen-dass-masken-in-zuegen-und-flugzeugen-fortgesetzt-werden\/#respond"]}]},{"@type":"WebPage","@id":"https:\/\/now-news.de\/de\/usa\/breaking-das-doj-von-biden-legt-berufung-gegen-die-entscheidung-zum-maskenmandat-ein-will-sicherstellen-dass-masken-in-zuegen-und-flugzeugen-fortgesetzt-werden\/","url":"https:\/\/now-news.de\/de\/usa\/breaking-das-doj-von-biden-legt-berufung-gegen-die-entscheidung-zum-maskenmandat-ein-will-sicherstellen-dass-masken-in-zuegen-und-flugzeugen-fortgesetzt-werden\/","name":"BREAKING: Das DOJ von Biden legt Berufung gegen die Entscheidung zum Maskenmandat ein \u2013 will sicherstellen, dass Masken in Z\u00fcgen und Flugzeugen fortgesetzt werden - just-now.NEWS Deutschland","isPartOf":{"@id":"https:\/\/now-news.de\/de\/#website"},"primaryImageOfPage":{"@id":"https:\/\/now-news.de\/de\/usa\/breaking-das-doj-von-biden-legt-berufung-gegen-die-entscheidung-zum-maskenmandat-ein-will-sicherstellen-dass-masken-in-zuegen-und-flugzeugen-fortgesetzt-werden\/#primaryimage"},"image":{"@id":"https:\/\/now-news.de\/de\/usa\/breaking-das-doj-von-biden-legt-berufung-gegen-die-entscheidung-zum-maskenmandat-ein-will-sicherstellen-dass-masken-in-zuegen-und-flugzeugen-fortgesetzt-werden\/#primaryimage"},"thumbnailUrl":"https:\/\/now-news.de\/de\/wp-content\/uploads\/sites\/3\/2022\/04\/Eine-Gruppe-von-309-Piloten-und-Flugbegleitern-ersucht-das-Berufungsgericht.jpg","datePublished":"2022-04-21T01:00:00+00:00","dateModified":"2022-04-21T01:00:00+00:00","breadcrumb":{"@id":"https:\/\/now-news.de\/de\/usa\/breaking-das-doj-von-biden-legt-berufung-gegen-die-entscheidung-zum-maskenmandat-ein-will-sicherstellen-dass-masken-in-zuegen-und-flugzeugen-fortgesetzt-werden\/#breadcrumb"},"inLanguage":"de","potentialAction":[{"@type":"ReadAction","target":["https:\/\/now-news.de\/de\/usa\/breaking-das-doj-von-biden-legt-berufung-gegen-die-entscheidung-zum-maskenmandat-ein-will-sicherstellen-dass-masken-in-zuegen-und-flugzeugen-fortgesetzt-werden\/"]}]},{"@type":"ImageObject","inLanguage":"de","@id":"https:\/\/now-news.de\/de\/usa\/breaking-das-doj-von-biden-legt-berufung-gegen-die-entscheidung-zum-maskenmandat-ein-will-sicherstellen-dass-masken-in-zuegen-und-flugzeugen-fortgesetzt-werden\/#primaryimage","url":"https:\/\/now-news.de\/de\/wp-content\/uploads\/sites\/3\/2022\/04\/Eine-Gruppe-von-309-Piloten-und-Flugbegleitern-ersucht-das-Berufungsgericht.jpg","contentUrl":"https:\/\/now-news.de\/de\/wp-content\/uploads\/sites\/3\/2022\/04\/Eine-Gruppe-von-309-Piloten-und-Flugbegleitern-ersucht-das-Berufungsgericht.jpg","width":940,"height":460},{"@type":"BreadcrumbList","@id":"https:\/\/now-news.de\/de\/usa\/breaking-das-doj-von-biden-legt-berufung-gegen-die-entscheidung-zum-maskenmandat-ein-will-sicherstellen-dass-masken-in-zuegen-und-flugzeugen-fortgesetzt-werden\/#breadcrumb","itemListElement":[{"@type":"ListItem","position":1,"name":"Home","item":"https:\/\/now-news.de\/de\/"},{"@type":"ListItem","position":2,"name":"BREAKING: Das DOJ von Biden legt Berufung gegen die Entscheidung zum Maskenmandat ein \u2013 will sicherstellen, dass Masken in Z\u00fcgen und Flugzeugen fortgesetzt werden"}]},{"@type":"WebSite","@id":"https:\/\/now-news.de\/de\/#website","url":"https:\/\/now-news.de\/de\/","name":"just-now.NEWS Deutschland","description":"Das Portal f\u00fcr unzensierte Nachrichten aus der Welt","publisher":{"@id":"https:\/\/now-news.de\/de\/#organization"},"potentialAction":[{"@type":"SearchAction","target":{"@type":"EntryPoint","urlTemplate":"https:\/\/now-news.de\/de\/?s={search_term_string}"},"query-input":"required name=search_term_string"}],"inLanguage":"de"},{"@type":"Organization","@id":"https:\/\/now-news.de\/de\/#organization","name":"Just Now News","url":"https:\/\/now-news.de\/de\/","logo":{"@type":"ImageObject","inLanguage":"de","@id":"https:\/\/now-news.de\/de\/#\/schema\/logo\/image\/","url":"http:\/\/just-now.news\/de\/wp-content\/uploads\/sites\/3\/2022\/04\/logo500x500.jpg","contentUrl":"http:\/\/just-now.news\/de\/wp-content\/uploads\/sites\/3\/2022\/04\/logo500x500.jpg","width":500,"height":500,"caption":"Just Now News"},"image":{"@id":"https:\/\/now-news.de\/de\/#\/schema\/logo\/image\/"},"sameAs":["https:\/\/www.facebook.com\/wirmachenauf","https:\/\/x.com\/WirMachenAuf_de"]},{"@type":"Person","@id":"https:\/\/now-news.de\/de\/#\/schema\/person\/8afb4cd92b68572db7902c13a349ffcb","name":"greatreset","image":{"@type":"ImageObject","inLanguage":"de","@id":"https:\/\/now-news.de\/de\/#\/schema\/person\/image\/","url":"https:\/\/secure.gravatar.com\/avatar\/a088df625d49991c090e78c8b9542592?s=96&d=mm&r=g","contentUrl":"https:\/\/secure.gravatar.com\/avatar\/a088df625d49991c090e78c8b9542592?s=96&d=mm&r=g","caption":"greatreset"},"url":"https:\/\/now-news.de\/de\/author\/greatreset\/"}]}},"_links":{"self":[{"href":"https:\/\/now-news.de\/de\/wp-json\/wp\/v2\/posts\/1967"}],"collection":[{"href":"https:\/\/now-news.de\/de\/wp-json\/wp\/v2\/posts"}],"about":[{"href":"https:\/\/now-news.de\/de\/wp-json\/wp\/v2\/types\/post"}],"author":[{"embeddable":true,"href":"https:\/\/now-news.de\/de\/wp-json\/wp\/v2\/users\/5"}],"replies":[{"embeddable":true,"href":"https:\/\/now-news.de\/de\/wp-json\/wp\/v2\/comments?post=1967"}],"version-history":[{"count":0,"href":"https:\/\/now-news.de\/de\/wp-json\/wp\/v2\/posts\/1967\/revisions"}],"wp:featuredmedia":[{"embeddable":true,"href":"https:\/\/now-news.de\/de\/wp-json\/wp\/v2\/media\/1410"}],"wp:attachment":[{"href":"https:\/\/now-news.de\/de\/wp-json\/wp\/v2\/media?parent=1967"}],"wp:term":[{"taxonomy":"category","embeddable":true,"href":"https:\/\/now-news.de\/de\/wp-json\/wp\/v2\/categories?post=1967"},{"taxonomy":"post_tag","embeddable":true,"href":"https:\/\/now-news.de\/de\/wp-json\/wp\/v2\/tags?post=1967"}],"curies":[{"name":"wp","href":"https:\/\/api.w.org\/{rel}","templated":true}]}}