{"id":19663,"date":"2022-09-23T18:08:45","date_gmt":"2022-09-23T16:08:45","guid":{"rendered":"http:\/\/just-now.news\/de\/deutschland\/selenskij-ernennt-neuen-ukrainischen-botschafter-in-deutschland\/"},"modified":"2022-09-23T18:08:45","modified_gmt":"2022-09-23T16:08:45","slug":"selenskij-ernennt-neuen-ukrainischen-botschafter-in-deutschland","status":"publish","type":"post","link":"https:\/\/now-news.de\/de\/deutschland\/selenskij-ernennt-neuen-ukrainischen-botschafter-in-deutschland\/","title":{"rendered":"Selenskij ernennt neuen ukrainischen Botschafter in Deutschland"},"content":{"rendered":"<p><img decoding=\"async\" src=\"http:\/\/just-now.news\/de\/wp-content\/uploads\/sites\/3\/2022\/04\/Julian-Assange-soll-laut-Gericht-an-USA-ausgeliefert-werden-\u2013.jpg\" \/><\/p>\n<p>Der ukrainische Pr\u00e4sident Wladimir Selenskij hat mit Alexei Makejew einen neuen Botschafter in Deutschland eingesetzt. Das entsprechende Dekret wurde am Freitag auf der Seite des Staatschefs ver\u00f6ffentlicht. Der 46-j\u00e4hrige Karrierediplomat folgt dem bisherigen Botschafter Andrij Melnyk.\u00a0<\/p>\n<p>Makejew, Jahrgang 1975, studierte Diplomatie und Internationale Beziehungen an der Schewtschenko-Universit\u00e4t in Kiew, und ist seit 1996 im ukrainischen diplomatischen Kader. Seine Auslandseins\u00e4tze f\u00fchrten ihn als Botschaftsmitarbeiter im Rang eines Beraters oder eines Konsuls mehrmals in die Schweiz und in die Bundesrepublik, nach 2014 leitete er eine Abteilung des Ministeriums. Seit 2020 war Makejew im ukrainischen Au\u00dfenministerium Sonderbeauftragter f\u00fcr die Versch\u00e4rfung der Sanktionen gegen Russland.<\/p>\n<p>Laut der offiziellen Biografie beherrscht der neue Botschafter Deutsch und Englisch flie\u00dfend.<\/p>\n<p>Ob es mit dem neuen Botschafter etwas ruhiger wird in Deutschland als unter dem skandalaffinen und r\u00fcpelhaften Melnyk, bleibt abzuwarten. Ukrainische Kommentatoren sprechen bereits von einem &#8220;blauen Wunder&#8221;, das Deutschland erleben wird, und prophezeien, dass sich das deutsche Politikum noch nach Melnyk &#8220;zur\u00fccksehnen&#8221; wird.\u00a0<\/p>\n<p>Makejew werde die Linie seines Vorg\u00e4ngers fortsetzen, schreibt etwa die Kiewer Nachrichtenplattform <em>Obozrewatel<\/em>. Daran hat Melnyk selbst keinen Zweifel. In einem Interview mit dem <em>Spiegel<\/em> sagte der scheidende Botschafter im August:<\/p>\n<blockquote>\n<p>&#8220;<em>Vielleicht m\u00f6chte mein Nachfolger netter und sympathischer sein, sich ruhiger verhalten, wie es sich alle Diplomaten w\u00fcnschen und was wirklich zu ihrer Aufgabe geh\u00f6rt. Aber letztlich wird mein Nachfolger keine andere Wahl haben, als mit fester und klarer Stimme f\u00fcr unsere Interessen einzutreten<\/em>&#8220;.<\/p>\n<\/blockquote>\n<p>\u00dcber einen Twitter-Account verf\u00fcgt der Nachfolger des passionierten Twitterers Melnyk jedenfalls auch. Und die dort sichtbaren Inhalte lassen Schlimmes bef\u00fcrchten. So wird der Leser mit einem angehefteten Post begr\u00fc\u00dft, in dem ein Schwein in Gestalt eines russischen Soldaten auftritt.\u00a0<\/p>\n<div class=\"EmbedBlock-root EmbedBlock-twitter\">\n<div class=\"TwitterEmbed\">\n<blockquote class=\"twitter-tweet lazyload\" data-twitter=\"twitter-tweet\">\n<p lang=\"en\" dir=\"ltr\">I suggest that all holders of Russian passports answer several questions when applying for a visa, being interviewed in a consulate or questioned at the border. Moreover, I suggest all of you to ask those questions every Russian you are about to start discussing with.Thread \u2b07\ufe0f <a rel=\"nofollow noopener\" target=\"_blank\" href=\"https:\/\/t.co\/tfUsttgqRl\">pic.twitter.com\/tfUsttgqRl<\/a><\/p>\n<p>\u2014 Oleksii Makeiev ???????? (@Makeiev) <a rel=\"nofollow noopener\" target=\"_blank\" href=\"https:\/\/twitter.com\/Makeiev\/status\/1522925701493575685?ref_src=twsrc%5Etfw\">May 7, 2022<\/a><\/p><\/blockquote><\/div><\/div>\n<p>Bei den Tweets des Diplomaten handelt es sich fast ausnahmslos um Widergabe ukrainischer Kriegspropaganda. Wenn Makeew sich selbst \u00e4u\u00dferst, dann kommt h\u00e4ufig Hetze gegen die Russen als Ethnie raus. So hat ausgerechnet am Tag seiner Ernennung unter dem Hashtag &#8220;Rogue Nation&#8221; getwittert:\u00a0<\/p>\n<p>Mehr als 200 Tage lang protestierte kein Russe gegen die Entsendung von Truppen zur T\u00f6tung von Ukrainern durch seine Regierung. Sie unterst\u00fctzten einen v\u00f6lkerm\u00f6rderischen Krieg.<\/p>\n<p>Jetzt protestieren die Russen gegen ihre Regierung, nur weil sie SIE in die Ukraine schickt, um dort get\u00f6tet zu werden.<\/p>\n<p>Krieg ist immer pers\u00f6nlich. <br \/>#RogueNation<\/p>\n<p><em>Weitere Informationen in K\u00fcrze&#8230;\u00a0<\/em><\/p>\n<p><script async src=\"https:\/\/platform.twitter.com\/widgets.js\" charset=\"utf-8\"><\/script><br \/>\n<br \/><br \/>\n<br \/><a href=\"https:\/\/de.rt.com\/inland\/149743-selenskyj-ernennt-neuen-ukrainischen-botschafter-in-berlin\/\">Source link <\/a><\/p>\n","protected":false},"excerpt":{"rendered":"<p>Der ukrainische Pr\u00e4sident Wladimir Selenskij hat mit Alexei Makejew einen neuen Botschafter in Deutschland eingesetzt. Das entsprechende Dekret wurde am Freitag auf der Seite des Staatschefs ver\u00f6ffentlicht. Der 46-j\u00e4hrige Karrierediplomat folgt dem bisherigen Botschafter Andrij Melnyk.\u00a0 Makejew, Jahrgang 1975, studierte Diplomatie und Internationale Beziehungen an der Schewtschenko-Universit\u00e4t in Kiew, und ist seit 1996 im ukrainischen [&hellip;]<\/p>\n","protected":false},"author":3,"featured_media":6832,"comment_status":"open","ping_status":"open","sticky":false,"template":"","format":"standard","meta":{"wp_automatic_camp":["217"],"7ce6c738b876207740fd2cb2026076e3":["Selenskij ernennt neuen ukrainischen Botschafter in Deutschland"],"original_link":["https:\/\/de.rt.com\/inland\/149743-selenskyj-ernennt-neuen-ukrainischen-botschafter-in-berlin\/"],"_thumbnail_id":["6832"],"_wptg_p2tg_sent2tg":["2022-09-23 18:31:40"],"jnews_social_counter_last_update":["1777318491"]},"categories":[19,23],"tags":[4992,179,18006,213,6158,2332],"yoast_head":"<!-- This site is optimized with the Yoast SEO Premium plugin v22.7 (Yoast SEO v22.7) - https:\/\/yoast.com\/wordpress\/plugins\/seo\/ -->\n<title>Selenskij ernennt neuen ukrainischen Botschafter in Deutschland - just-now.NEWS Deutschland<\/title>\n<meta name=\"robots\" content=\"index, follow, max-snippet:-1, max-image-preview:large, max-video-preview:-1\" \/>\n<link rel=\"canonical\" href=\"https:\/\/now-news.de\/de\/deutschland\/selenskij-ernennt-neuen-ukrainischen-botschafter-in-deutschland\/\" \/>\n<meta property=\"og:locale\" content=\"de_DE\" \/>\n<meta property=\"og:type\" content=\"article\" \/>\n<meta property=\"og:title\" content=\"Selenskij ernennt neuen ukrainischen Botschafter in Deutschland\" \/>\n<meta property=\"og:description\" content=\"Der ukrainische Pr\u00e4sident Wladimir Selenskij hat mit Alexei Makejew einen neuen Botschafter in Deutschland eingesetzt. Das entsprechende Dekret wurde am Freitag auf der Seite des Staatschefs ver\u00f6ffentlicht. Der 46-j\u00e4hrige Karrierediplomat folgt dem bisherigen Botschafter Andrij Melnyk.\u00a0 Makejew, Jahrgang 1975, studierte Diplomatie und Internationale Beziehungen an der Schewtschenko-Universit\u00e4t in Kiew, und ist seit 1996 im ukrainischen [&hellip;]\" \/>\n<meta property=\"og:url\" content=\"https:\/\/now-news.de\/de\/deutschland\/selenskij-ernennt-neuen-ukrainischen-botschafter-in-deutschland\/\" \/>\n<meta property=\"og:site_name\" content=\"just-now.NEWS Deutschland\" \/>\n<meta property=\"article:publisher\" content=\"https:\/\/www.facebook.com\/wirmachenauf\" \/>\n<meta property=\"article:published_time\" content=\"2022-09-23T16:08:45+00:00\" \/>\n<meta property=\"og:image\" content=\"https:\/\/now-news.de\/de\/wp-content\/uploads\/sites\/3\/2022\/05\/Erste-Annaeherung-nach-Ausladung-Steinmeier-telefoniert-mit-Selenskij.jpg\" \/>\n\t<meta property=\"og:image:width\" content=\"460\" \/>\n\t<meta property=\"og:image:height\" content=\"259\" \/>\n\t<meta property=\"og:image:type\" content=\"image\/jpeg\" \/>\n<meta name=\"author\" content=\"rtnews\" \/>\n<meta name=\"twitter:card\" content=\"summary_large_image\" \/>\n<meta name=\"twitter:creator\" content=\"@WirMachenAuf_de\" \/>\n<meta name=\"twitter:site\" content=\"@WirMachenAuf_de\" \/>\n<meta name=\"twitter:label1\" content=\"Verfasst von\" \/>\n\t<meta name=\"twitter:data1\" content=\"rtnews\" \/>\n\t<meta name=\"twitter:label2\" content=\"Gesch\u00e4tzte Lesezeit\" \/>\n\t<meta name=\"twitter:data2\" content=\"2\u00a0Minuten\" \/>\n<script type=\"application\/ld+json\" class=\"yoast-schema-graph\">{\"@context\":\"https:\/\/schema.org\",\"@graph\":[{\"@type\":\"Article\",\"@id\":\"https:\/\/now-news.de\/de\/deutschland\/selenskij-ernennt-neuen-ukrainischen-botschafter-in-deutschland\/#article\",\"isPartOf\":{\"@id\":\"https:\/\/now-news.de\/de\/deutschland\/selenskij-ernennt-neuen-ukrainischen-botschafter-in-deutschland\/\"},\"author\":{\"name\":\"rtnews\",\"@id\":\"https:\/\/now-news.de\/de\/#\/schema\/person\/fb534a4e865501d8b3285208df34a9b5\"},\"headline\":\"Selenskij ernennt neuen ukrainischen Botschafter in Deutschland\",\"datePublished\":\"2022-09-23T16:08:45+00:00\",\"dateModified\":\"2022-09-23T16:08:45+00:00\",\"mainEntityOfPage\":{\"@id\":\"https:\/\/now-news.de\/de\/deutschland\/selenskij-ernennt-neuen-ukrainischen-botschafter-in-deutschland\/\"},\"wordCount\":454,\"commentCount\":0,\"publisher\":{\"@id\":\"https:\/\/now-news.de\/de\/#organization\"},\"image\":{\"@id\":\"https:\/\/now-news.de\/de\/deutschland\/selenskij-ernennt-neuen-ukrainischen-botschafter-in-deutschland\/#primaryimage\"},\"thumbnailUrl\":\"https:\/\/now-news.de\/de\/wp-content\/uploads\/sites\/3\/2022\/05\/Erste-Annaeherung-nach-Ausladung-Steinmeier-telefoniert-mit-Selenskij.jpg\",\"keywords\":[\"Botschafter\",\"Deutschland\",\"ernennt\",\"neuen\",\"Selenskij\",\"ukrainischen\"],\"articleSection\":[\"Deutschland\",\"Russland\"],\"inLanguage\":\"de\",\"potentialAction\":[{\"@type\":\"CommentAction\",\"name\":\"Comment\",\"target\":[\"https:\/\/now-news.de\/de\/deutschland\/selenskij-ernennt-neuen-ukrainischen-botschafter-in-deutschland\/#respond\"]}]},{\"@type\":\"WebPage\",\"@id\":\"https:\/\/now-news.de\/de\/deutschland\/selenskij-ernennt-neuen-ukrainischen-botschafter-in-deutschland\/\",\"url\":\"https:\/\/now-news.de\/de\/deutschland\/selenskij-ernennt-neuen-ukrainischen-botschafter-in-deutschland\/\",\"name\":\"Selenskij ernennt neuen ukrainischen Botschafter in Deutschland - just-now.NEWS Deutschland\",\"isPartOf\":{\"@id\":\"https:\/\/now-news.de\/de\/#website\"},\"primaryImageOfPage\":{\"@id\":\"https:\/\/now-news.de\/de\/deutschland\/selenskij-ernennt-neuen-ukrainischen-botschafter-in-deutschland\/#primaryimage\"},\"image\":{\"@id\":\"https:\/\/now-news.de\/de\/deutschland\/selenskij-ernennt-neuen-ukrainischen-botschafter-in-deutschland\/#primaryimage\"},\"thumbnailUrl\":\"https:\/\/now-news.de\/de\/wp-content\/uploads\/sites\/3\/2022\/05\/Erste-Annaeherung-nach-Ausladung-Steinmeier-telefoniert-mit-Selenskij.jpg\",\"datePublished\":\"2022-09-23T16:08:45+00:00\",\"dateModified\":\"2022-09-23T16:08:45+00:00\",\"breadcrumb\":{\"@id\":\"https:\/\/now-news.de\/de\/deutschland\/selenskij-ernennt-neuen-ukrainischen-botschafter-in-deutschland\/#breadcrumb\"},\"inLanguage\":\"de\",\"potentialAction\":[{\"@type\":\"ReadAction\",\"target\":[\"https:\/\/now-news.de\/de\/deutschland\/selenskij-ernennt-neuen-ukrainischen-botschafter-in-deutschland\/\"]}]},{\"@type\":\"ImageObject\",\"inLanguage\":\"de\",\"@id\":\"https:\/\/now-news.de\/de\/deutschland\/selenskij-ernennt-neuen-ukrainischen-botschafter-in-deutschland\/#primaryimage\",\"url\":\"https:\/\/now-news.de\/de\/wp-content\/uploads\/sites\/3\/2022\/05\/Erste-Annaeherung-nach-Ausladung-Steinmeier-telefoniert-mit-Selenskij.jpg\",\"contentUrl\":\"https:\/\/now-news.de\/de\/wp-content\/uploads\/sites\/3\/2022\/05\/Erste-Annaeherung-nach-Ausladung-Steinmeier-telefoniert-mit-Selenskij.jpg\",\"width\":460,\"height\":259},{\"@type\":\"BreadcrumbList\",\"@id\":\"https:\/\/now-news.de\/de\/deutschland\/selenskij-ernennt-neuen-ukrainischen-botschafter-in-deutschland\/#breadcrumb\",\"itemListElement\":[{\"@type\":\"ListItem\",\"position\":1,\"name\":\"Home\",\"item\":\"https:\/\/now-news.de\/de\/\"},{\"@type\":\"ListItem\",\"position\":2,\"name\":\"Selenskij ernennt neuen ukrainischen Botschafter in Deutschland\"}]},{\"@type\":\"WebSite\",\"@id\":\"https:\/\/now-news.de\/de\/#website\",\"url\":\"https:\/\/now-news.de\/de\/\",\"name\":\"just-now.NEWS Deutschland\",\"description\":\"Das Portal f\u00fcr unzensierte Nachrichten aus der Welt\",\"publisher\":{\"@id\":\"https:\/\/now-news.de\/de\/#organization\"},\"potentialAction\":[{\"@type\":\"SearchAction\",\"target\":{\"@type\":\"EntryPoint\",\"urlTemplate\":\"https:\/\/now-news.de\/de\/?s={search_term_string}\"},\"query-input\":\"required name=search_term_string\"}],\"inLanguage\":\"de\"},{\"@type\":\"Organization\",\"@id\":\"https:\/\/now-news.de\/de\/#organization\",\"name\":\"Just Now News\",\"url\":\"https:\/\/now-news.de\/de\/\",\"logo\":{\"@type\":\"ImageObject\",\"inLanguage\":\"de\",\"@id\":\"https:\/\/now-news.de\/de\/#\/schema\/logo\/image\/\",\"url\":\"http:\/\/just-now.news\/de\/wp-content\/uploads\/sites\/3\/2022\/04\/logo500x500.jpg\",\"contentUrl\":\"http:\/\/just-now.news\/de\/wp-content\/uploads\/sites\/3\/2022\/04\/logo500x500.jpg\",\"width\":500,\"height\":500,\"caption\":\"Just Now News\"},\"image\":{\"@id\":\"https:\/\/now-news.de\/de\/#\/schema\/logo\/image\/\"},\"sameAs\":[\"https:\/\/www.facebook.com\/wirmachenauf\",\"https:\/\/x.com\/WirMachenAuf_de\"]},{\"@type\":\"Person\",\"@id\":\"https:\/\/now-news.de\/de\/#\/schema\/person\/fb534a4e865501d8b3285208df34a9b5\",\"name\":\"rtnews\",\"image\":{\"@type\":\"ImageObject\",\"inLanguage\":\"de\",\"@id\":\"https:\/\/now-news.de\/de\/#\/schema\/person\/image\/\",\"url\":\"https:\/\/secure.gravatar.com\/avatar\/82aafea7d8127119dd649515f56e2117?s=96&d=mm&r=g\",\"contentUrl\":\"https:\/\/secure.gravatar.com\/avatar\/82aafea7d8127119dd649515f56e2117?s=96&d=mm&r=g\",\"caption\":\"rtnews\"},\"url\":\"https:\/\/now-news.de\/de\/author\/rnews\/\"}]}<\/script>\n<!-- \/ Yoast SEO Premium plugin. -->","yoast_head_json":{"title":"Selenskij ernennt neuen ukrainischen Botschafter in Deutschland - just-now.NEWS Deutschland","robots":{"index":"index","follow":"follow","max-snippet":"max-snippet:-1","max-image-preview":"max-image-preview:large","max-video-preview":"max-video-preview:-1"},"canonical":"https:\/\/now-news.de\/de\/deutschland\/selenskij-ernennt-neuen-ukrainischen-botschafter-in-deutschland\/","og_locale":"de_DE","og_type":"article","og_title":"Selenskij ernennt neuen ukrainischen Botschafter in Deutschland","og_description":"Der ukrainische Pr\u00e4sident Wladimir Selenskij hat mit Alexei Makejew einen neuen Botschafter in Deutschland eingesetzt. Das entsprechende Dekret wurde am Freitag auf der Seite des Staatschefs ver\u00f6ffentlicht. Der 46-j\u00e4hrige Karrierediplomat folgt dem bisherigen Botschafter Andrij Melnyk.\u00a0 Makejew, Jahrgang 1975, studierte Diplomatie und Internationale Beziehungen an der Schewtschenko-Universit\u00e4t in Kiew, und ist seit 1996 im ukrainischen [&hellip;]","og_url":"https:\/\/now-news.de\/de\/deutschland\/selenskij-ernennt-neuen-ukrainischen-botschafter-in-deutschland\/","og_site_name":"just-now.NEWS Deutschland","article_publisher":"https:\/\/www.facebook.com\/wirmachenauf","article_published_time":"2022-09-23T16:08:45+00:00","og_image":[{"width":460,"height":259,"url":"https:\/\/now-news.de\/de\/wp-content\/uploads\/sites\/3\/2022\/05\/Erste-Annaeherung-nach-Ausladung-Steinmeier-telefoniert-mit-Selenskij.jpg","type":"image\/jpeg"}],"author":"rtnews","twitter_card":"summary_large_image","twitter_creator":"@WirMachenAuf_de","twitter_site":"@WirMachenAuf_de","twitter_misc":{"Verfasst von":"rtnews","Gesch\u00e4tzte Lesezeit":"2\u00a0Minuten"},"schema":{"@context":"https:\/\/schema.org","@graph":[{"@type":"Article","@id":"https:\/\/now-news.de\/de\/deutschland\/selenskij-ernennt-neuen-ukrainischen-botschafter-in-deutschland\/#article","isPartOf":{"@id":"https:\/\/now-news.de\/de\/deutschland\/selenskij-ernennt-neuen-ukrainischen-botschafter-in-deutschland\/"},"author":{"name":"rtnews","@id":"https:\/\/now-news.de\/de\/#\/schema\/person\/fb534a4e865501d8b3285208df34a9b5"},"headline":"Selenskij ernennt neuen ukrainischen Botschafter in Deutschland","datePublished":"2022-09-23T16:08:45+00:00","dateModified":"2022-09-23T16:08:45+00:00","mainEntityOfPage":{"@id":"https:\/\/now-news.de\/de\/deutschland\/selenskij-ernennt-neuen-ukrainischen-botschafter-in-deutschland\/"},"wordCount":454,"commentCount":0,"publisher":{"@id":"https:\/\/now-news.de\/de\/#organization"},"image":{"@id":"https:\/\/now-news.de\/de\/deutschland\/selenskij-ernennt-neuen-ukrainischen-botschafter-in-deutschland\/#primaryimage"},"thumbnailUrl":"https:\/\/now-news.de\/de\/wp-content\/uploads\/sites\/3\/2022\/05\/Erste-Annaeherung-nach-Ausladung-Steinmeier-telefoniert-mit-Selenskij.jpg","keywords":["Botschafter","Deutschland","ernennt","neuen","Selenskij","ukrainischen"],"articleSection":["Deutschland","Russland"],"inLanguage":"de","potentialAction":[{"@type":"CommentAction","name":"Comment","target":["https:\/\/now-news.de\/de\/deutschland\/selenskij-ernennt-neuen-ukrainischen-botschafter-in-deutschland\/#respond"]}]},{"@type":"WebPage","@id":"https:\/\/now-news.de\/de\/deutschland\/selenskij-ernennt-neuen-ukrainischen-botschafter-in-deutschland\/","url":"https:\/\/now-news.de\/de\/deutschland\/selenskij-ernennt-neuen-ukrainischen-botschafter-in-deutschland\/","name":"Selenskij ernennt neuen ukrainischen Botschafter in Deutschland - just-now.NEWS Deutschland","isPartOf":{"@id":"https:\/\/now-news.de\/de\/#website"},"primaryImageOfPage":{"@id":"https:\/\/now-news.de\/de\/deutschland\/selenskij-ernennt-neuen-ukrainischen-botschafter-in-deutschland\/#primaryimage"},"image":{"@id":"https:\/\/now-news.de\/de\/deutschland\/selenskij-ernennt-neuen-ukrainischen-botschafter-in-deutschland\/#primaryimage"},"thumbnailUrl":"https:\/\/now-news.de\/de\/wp-content\/uploads\/sites\/3\/2022\/05\/Erste-Annaeherung-nach-Ausladung-Steinmeier-telefoniert-mit-Selenskij.jpg","datePublished":"2022-09-23T16:08:45+00:00","dateModified":"2022-09-23T16:08:45+00:00","breadcrumb":{"@id":"https:\/\/now-news.de\/de\/deutschland\/selenskij-ernennt-neuen-ukrainischen-botschafter-in-deutschland\/#breadcrumb"},"inLanguage":"de","potentialAction":[{"@type":"ReadAction","target":["https:\/\/now-news.de\/de\/deutschland\/selenskij-ernennt-neuen-ukrainischen-botschafter-in-deutschland\/"]}]},{"@type":"ImageObject","inLanguage":"de","@id":"https:\/\/now-news.de\/de\/deutschland\/selenskij-ernennt-neuen-ukrainischen-botschafter-in-deutschland\/#primaryimage","url":"https:\/\/now-news.de\/de\/wp-content\/uploads\/sites\/3\/2022\/05\/Erste-Annaeherung-nach-Ausladung-Steinmeier-telefoniert-mit-Selenskij.jpg","contentUrl":"https:\/\/now-news.de\/de\/wp-content\/uploads\/sites\/3\/2022\/05\/Erste-Annaeherung-nach-Ausladung-Steinmeier-telefoniert-mit-Selenskij.jpg","width":460,"height":259},{"@type":"BreadcrumbList","@id":"https:\/\/now-news.de\/de\/deutschland\/selenskij-ernennt-neuen-ukrainischen-botschafter-in-deutschland\/#breadcrumb","itemListElement":[{"@type":"ListItem","position":1,"name":"Home","item":"https:\/\/now-news.de\/de\/"},{"@type":"ListItem","position":2,"name":"Selenskij ernennt neuen ukrainischen Botschafter in Deutschland"}]},{"@type":"WebSite","@id":"https:\/\/now-news.de\/de\/#website","url":"https:\/\/now-news.de\/de\/","name":"just-now.NEWS Deutschland","description":"Das Portal f\u00fcr unzensierte Nachrichten aus der Welt","publisher":{"@id":"https:\/\/now-news.de\/de\/#organization"},"potentialAction":[{"@type":"SearchAction","target":{"@type":"EntryPoint","urlTemplate":"https:\/\/now-news.de\/de\/?s={search_term_string}"},"query-input":"required name=search_term_string"}],"inLanguage":"de"},{"@type":"Organization","@id":"https:\/\/now-news.de\/de\/#organization","name":"Just Now News","url":"https:\/\/now-news.de\/de\/","logo":{"@type":"ImageObject","inLanguage":"de","@id":"https:\/\/now-news.de\/de\/#\/schema\/logo\/image\/","url":"http:\/\/just-now.news\/de\/wp-content\/uploads\/sites\/3\/2022\/04\/logo500x500.jpg","contentUrl":"http:\/\/just-now.news\/de\/wp-content\/uploads\/sites\/3\/2022\/04\/logo500x500.jpg","width":500,"height":500,"caption":"Just Now News"},"image":{"@id":"https:\/\/now-news.de\/de\/#\/schema\/logo\/image\/"},"sameAs":["https:\/\/www.facebook.com\/wirmachenauf","https:\/\/x.com\/WirMachenAuf_de"]},{"@type":"Person","@id":"https:\/\/now-news.de\/de\/#\/schema\/person\/fb534a4e865501d8b3285208df34a9b5","name":"rtnews","image":{"@type":"ImageObject","inLanguage":"de","@id":"https:\/\/now-news.de\/de\/#\/schema\/person\/image\/","url":"https:\/\/secure.gravatar.com\/avatar\/82aafea7d8127119dd649515f56e2117?s=96&d=mm&r=g","contentUrl":"https:\/\/secure.gravatar.com\/avatar\/82aafea7d8127119dd649515f56e2117?s=96&d=mm&r=g","caption":"rtnews"},"url":"https:\/\/now-news.de\/de\/author\/rnews\/"}]}},"_links":{"self":[{"href":"https:\/\/now-news.de\/de\/wp-json\/wp\/v2\/posts\/19663"}],"collection":[{"href":"https:\/\/now-news.de\/de\/wp-json\/wp\/v2\/posts"}],"about":[{"href":"https:\/\/now-news.de\/de\/wp-json\/wp\/v2\/types\/post"}],"author":[{"embeddable":true,"href":"https:\/\/now-news.de\/de\/wp-json\/wp\/v2\/users\/3"}],"replies":[{"embeddable":true,"href":"https:\/\/now-news.de\/de\/wp-json\/wp\/v2\/comments?post=19663"}],"version-history":[{"count":0,"href":"https:\/\/now-news.de\/de\/wp-json\/wp\/v2\/posts\/19663\/revisions"}],"wp:featuredmedia":[{"embeddable":true,"href":"https:\/\/now-news.de\/de\/wp-json\/wp\/v2\/media\/6832"}],"wp:attachment":[{"href":"https:\/\/now-news.de\/de\/wp-json\/wp\/v2\/media?parent=19663"}],"wp:term":[{"taxonomy":"category","embeddable":true,"href":"https:\/\/now-news.de\/de\/wp-json\/wp\/v2\/categories?post=19663"},{"taxonomy":"post_tag","embeddable":true,"href":"https:\/\/now-news.de\/de\/wp-json\/wp\/v2\/tags?post=19663"}],"curies":[{"name":"wp","href":"https:\/\/api.w.org\/{rel}","templated":true}]}}