{"id":19648,"date":"2022-09-23T14:57:17","date_gmt":"2022-09-23T12:57:17","guid":{"rendered":"http:\/\/just-now.news\/de\/deutschland\/es-ist-schon-sehr-kalt-hier-thueringer-landtag-verteilt-decken-waehrend-plenarsitzung\/"},"modified":"2022-09-23T14:57:17","modified_gmt":"2022-09-23T12:57:17","slug":"es-ist-schon-sehr-kalt-hier-thueringer-landtag-verteilt-decken-waehrend-plenarsitzung","status":"publish","type":"post","link":"https:\/\/now-news.de\/de\/deutschland\/es-ist-schon-sehr-kalt-hier-thueringer-landtag-verteilt-decken-waehrend-plenarsitzung\/","title":{"rendered":"&quot;Es ist schon sehr kalt hier&quot;: Th\u00fcringer Landtag verteilt Decken w\u00e4hrend Plenarsitzung"},"content":{"rendered":"<p><img decoding=\"async\" src=\"http:\/\/just-now.news\/de\/wp-content\/uploads\/sites\/3\/2022\/09\/632d9a26b480cc49b84ba12f.jpg\" \/><\/p>\n<div class=\"Text-root Text-type_1 \">\n                Kalte R\u00e4umlichkeiten k\u00f6nnen hinderlich sein f\u00fcr die konstruktive Arbeit im Sitzen. Der Th\u00fcringer Landtag reagierte und lie\u00df den Abgeordneten Decken zukommen \u2013 aber &#8220;erstmal f\u00fcr die Frauen&#8221;.\n            <\/div>\n<p><\/p>\n<div class=\"Text-root Text-type_5 ArticleView-text ViewText-root \">\n<p>&#8220;Es ist schon sehr kalt hier&#8221;, best\u00e4tigte die\u00a0Pr\u00e4sidentin des\u00a0Th\u00fcringer Landtages Birgit Pommer (Linke) den anwesenden fr\u00f6stelnden Politikern bei der Plenarsitzung vom 22. September in Erfurt.\u00a0Grund waren\u00a0offenbar die niedrigen Temperaturen im Raum. Pommer lie\u00df also Decken verteilen und begleitete die Unterbrechung mit den Worten:<\/p>\n<blockquote>\n<p><em>&#8220;Wir haben jetzt mal ein paar Decken, die vorhanden sind, da. Vielleicht lassen Sie die erst mal f\u00fcr die Frauen.&#8221;<\/em><\/p>\n<\/blockquote>\n<div class=\"EmbedBlock-root EmbedBlock-twitter\">\n<div class=\"TwitterEmbed\">\n<blockquote class=\"twitter-tweet lazyload\" data-twitter=\"twitter-tweet\">\n<p lang=\"de\" dir=\"ltr\">Decken im Th\u00fcringer Landtag.H\u00f6rt selbst&#8230; <a rel=\"nofollow noopener\" target=\"_blank\" href=\"https:\/\/t.co\/377lO4R1LK\">pic.twitter.com\/377lO4R1LK<\/a><\/p>\n<p>\u2014 sonny boy (@seebeutel) <a rel=\"nofollow noopener\" target=\"_blank\" href=\"https:\/\/twitter.com\/seebeutel\/status\/1573254831774617600?ref_src=twsrc%5Etfw\">September 23, 2022<\/a><\/p><\/blockquote>\n<\/div>\n<\/div>\n<p>Nach einem Zwischenruf erg\u00e4nzte Pommer:\u00a0&#8220;Tu nichts Gutes \u2013 Widerf\u00e4hrt\u00a0dir\u00a0nichts B\u00f6ses&#8221;. Gegen\u00fcber den Abgeordneten wurde ihrerseits\u00a0allerdings nicht erkl\u00e4rt, ob die Saalheizungen komplett ausgeschaltet oder nur gedrosselt wurden. Die Landtagspr\u00e4sidentin stellte abschlie\u00dfend aber fest:<\/p>\n<blockquote>\n<p><em>&#8220;Wir werden aber beim n\u00e4chsten Mal f\u00fcr alle sicher eine Regelung finden, dass wir die Temperaturen, hier, wenn man acht Stunden oder neun hier sitzt, auch aush\u00e4lt.&#8221;<\/em><\/p>\n<\/blockquote>\n<p><strong>Mehr zum Thema &#8211;<\/strong>\u00a0<a rel=\"nofollow noopener\" target=\"_blank\" href=\"https:\/\/pressefreiheit.rtde.tech\/inland\/149677-gasumlage-vom-tisch-habeck-bringt\/\">Gasumlage vom Tisch? \u2013 Habeck bringt nun Sonderverm\u00f6gen f\u00fcr Unternehmen ins Spiel<\/a><\/p>\n<\/div>\n<p><script async src=\"https:\/\/platform.twitter.com\/widgets.js\" charset=\"utf-8\"><\/script><br \/>\n<br \/><br \/>\n<br \/><a href=\"https:\/\/de.rt.com\/inland\/149714-es-ist-schon-sehr-kalt\/\">Source link <\/a><\/p>\n","protected":false},"excerpt":{"rendered":"<p>Kalte R\u00e4umlichkeiten k\u00f6nnen hinderlich sein f\u00fcr die konstruktive Arbeit im Sitzen. Der Th\u00fcringer Landtag reagierte und lie\u00df den Abgeordneten Decken zukommen \u2013 aber &#8220;erstmal f\u00fcr die Frauen&#8221;. &#8220;Es ist schon sehr kalt hier&#8221;, best\u00e4tigte die\u00a0Pr\u00e4sidentin des\u00a0Th\u00fcringer Landtages Birgit Pommer (Linke) den anwesenden fr\u00f6stelnden Politikern bei der Plenarsitzung vom 22. September in Erfurt.\u00a0Grund waren\u00a0offenbar die niedrigen [&hellip;]<\/p>\n","protected":false},"author":3,"featured_media":19649,"comment_status":"open","ping_status":"open","sticky":false,"template":"","format":"standard","meta":{"wp_automatic_camp":["217"],"eab2f18aedd3442842f747e9fe473be9":["&quot;Es ist schon sehr kalt hier&quot;: Th\u00fcringer Landtag verteilt Decken w\u00e4hrend Plenarsitzung"],"original_link":["https:\/\/de.rt.com\/inland\/149714-es-ist-schon-sehr-kalt\/"],"_thumbnail_id":["19649"],"jnews_social_counter_last_update":["1777629824"],"_wptg_p2tg_sent2tg":["2022-09-23 15:04:25"]},"categories":[19,23],"tags":[20774,33297,414,9478,9877,33299,19377,5652,1027,33298,18901,3647],"yoast_head":"<!-- This site is optimized with the Yoast SEO Premium plugin v22.7 (Yoast SEO v22.7) - https:\/\/yoast.com\/wordpress\/plugins\/seo\/ -->\n<title>&quot;Es ist schon sehr kalt hier&quot;: Th\u00fcringer Landtag verteilt Decken w\u00e4hrend Plenarsitzung - just-now.NEWS Deutschland<\/title>\n<meta name=\"robots\" content=\"index, follow, max-snippet:-1, max-image-preview:large, max-video-preview:-1\" \/>\n<link rel=\"canonical\" href=\"https:\/\/now-news.de\/de\/deutschland\/es-ist-schon-sehr-kalt-hier-thueringer-landtag-verteilt-decken-waehrend-plenarsitzung\/\" \/>\n<meta property=\"og:locale\" content=\"de_DE\" \/>\n<meta property=\"og:type\" content=\"article\" \/>\n<meta property=\"og:title\" content=\"&quot;Es ist schon sehr kalt hier&quot;: Th\u00fcringer Landtag verteilt Decken w\u00e4hrend Plenarsitzung\" \/>\n<meta property=\"og:description\" content=\"Kalte R\u00e4umlichkeiten k\u00f6nnen hinderlich sein f\u00fcr die konstruktive Arbeit im Sitzen. Der Th\u00fcringer Landtag reagierte und lie\u00df den Abgeordneten Decken zukommen \u2013 aber &#8220;erstmal f\u00fcr die Frauen&#8221;. &#8220;Es ist schon sehr kalt hier&#8221;, best\u00e4tigte die\u00a0Pr\u00e4sidentin des\u00a0Th\u00fcringer Landtages Birgit Pommer (Linke) den anwesenden fr\u00f6stelnden Politikern bei der Plenarsitzung vom 22. September in Erfurt.\u00a0Grund waren\u00a0offenbar die niedrigen [&hellip;]\" \/>\n<meta property=\"og:url\" content=\"https:\/\/now-news.de\/de\/deutschland\/es-ist-schon-sehr-kalt-hier-thueringer-landtag-verteilt-decken-waehrend-plenarsitzung\/\" \/>\n<meta property=\"og:site_name\" content=\"just-now.NEWS Deutschland\" \/>\n<meta property=\"article:publisher\" content=\"https:\/\/www.facebook.com\/wirmachenauf\" \/>\n<meta property=\"article:published_time\" content=\"2022-09-23T12:57:17+00:00\" \/>\n<meta property=\"og:image\" content=\"https:\/\/now-news.de\/de\/wp-content\/uploads\/sites\/3\/2022\/09\/quotEs-ist-schon-sehr-kalt-hierquot-Thueringer-Landtag-verteilt-Decken.jpg\" \/>\n\t<meta property=\"og:image:width\" content=\"460\" \/>\n\t<meta property=\"og:image:height\" content=\"259\" \/>\n\t<meta property=\"og:image:type\" content=\"image\/jpeg\" \/>\n<meta name=\"author\" content=\"rtnews\" \/>\n<meta name=\"twitter:card\" content=\"summary_large_image\" \/>\n<meta name=\"twitter:creator\" content=\"@WirMachenAuf_de\" \/>\n<meta name=\"twitter:site\" content=\"@WirMachenAuf_de\" \/>\n<meta name=\"twitter:label1\" content=\"Verfasst von\" \/>\n\t<meta name=\"twitter:data1\" content=\"rtnews\" \/>\n\t<meta name=\"twitter:label2\" content=\"Gesch\u00e4tzte Lesezeit\" \/>\n\t<meta name=\"twitter:data2\" content=\"1\u00a0Minute\" \/>\n<script type=\"application\/ld+json\" class=\"yoast-schema-graph\">{\"@context\":\"https:\/\/schema.org\",\"@graph\":[{\"@type\":\"Article\",\"@id\":\"https:\/\/now-news.de\/de\/deutschland\/es-ist-schon-sehr-kalt-hier-thueringer-landtag-verteilt-decken-waehrend-plenarsitzung\/#article\",\"isPartOf\":{\"@id\":\"https:\/\/now-news.de\/de\/deutschland\/es-ist-schon-sehr-kalt-hier-thueringer-landtag-verteilt-decken-waehrend-plenarsitzung\/\"},\"author\":{\"name\":\"rtnews\",\"@id\":\"https:\/\/now-news.de\/de\/#\/schema\/person\/fb534a4e865501d8b3285208df34a9b5\"},\"headline\":\"&quot;Es ist schon sehr kalt hier&quot;: Th\u00fcringer Landtag verteilt Decken w\u00e4hrend Plenarsitzung\",\"datePublished\":\"2022-09-23T12:57:17+00:00\",\"dateModified\":\"2022-09-23T12:57:17+00:00\",\"mainEntityOfPage\":{\"@id\":\"https:\/\/now-news.de\/de\/deutschland\/es-ist-schon-sehr-kalt-hier-thueringer-landtag-verteilt-decken-waehrend-plenarsitzung\/\"},\"wordCount\":228,\"commentCount\":0,\"publisher\":{\"@id\":\"https:\/\/now-news.de\/de\/#organization\"},\"image\":{\"@id\":\"https:\/\/now-news.de\/de\/deutschland\/es-ist-schon-sehr-kalt-hier-thueringer-landtag-verteilt-decken-waehrend-plenarsitzung\/#primaryimage\"},\"thumbnailUrl\":\"https:\/\/now-news.de\/de\/wp-content\/uploads\/sites\/3\/2022\/09\/quotEs-ist-schon-sehr-kalt-hierquot-Thueringer-Landtag-verteilt-Decken.jpg\",\"keywords\":[\"decken\",\"hierquot\",\"ist\",\"kalt\",\"Landtag\",\"Plenarsitzung\",\"quotEs\",\"schon\",\"Sehr\",\"Th\u00fcringer\",\"verteilt\",\"w\u00e4hrend\"],\"articleSection\":[\"Deutschland\",\"Russland\"],\"inLanguage\":\"de\",\"potentialAction\":[{\"@type\":\"CommentAction\",\"name\":\"Comment\",\"target\":[\"https:\/\/now-news.de\/de\/deutschland\/es-ist-schon-sehr-kalt-hier-thueringer-landtag-verteilt-decken-waehrend-plenarsitzung\/#respond\"]}]},{\"@type\":\"WebPage\",\"@id\":\"https:\/\/now-news.de\/de\/deutschland\/es-ist-schon-sehr-kalt-hier-thueringer-landtag-verteilt-decken-waehrend-plenarsitzung\/\",\"url\":\"https:\/\/now-news.de\/de\/deutschland\/es-ist-schon-sehr-kalt-hier-thueringer-landtag-verteilt-decken-waehrend-plenarsitzung\/\",\"name\":\"&quot;Es ist schon sehr kalt hier&quot;: Th\u00fcringer Landtag verteilt Decken w\u00e4hrend Plenarsitzung - just-now.NEWS Deutschland\",\"isPartOf\":{\"@id\":\"https:\/\/now-news.de\/de\/#website\"},\"primaryImageOfPage\":{\"@id\":\"https:\/\/now-news.de\/de\/deutschland\/es-ist-schon-sehr-kalt-hier-thueringer-landtag-verteilt-decken-waehrend-plenarsitzung\/#primaryimage\"},\"image\":{\"@id\":\"https:\/\/now-news.de\/de\/deutschland\/es-ist-schon-sehr-kalt-hier-thueringer-landtag-verteilt-decken-waehrend-plenarsitzung\/#primaryimage\"},\"thumbnailUrl\":\"https:\/\/now-news.de\/de\/wp-content\/uploads\/sites\/3\/2022\/09\/quotEs-ist-schon-sehr-kalt-hierquot-Thueringer-Landtag-verteilt-Decken.jpg\",\"datePublished\":\"2022-09-23T12:57:17+00:00\",\"dateModified\":\"2022-09-23T12:57:17+00:00\",\"breadcrumb\":{\"@id\":\"https:\/\/now-news.de\/de\/deutschland\/es-ist-schon-sehr-kalt-hier-thueringer-landtag-verteilt-decken-waehrend-plenarsitzung\/#breadcrumb\"},\"inLanguage\":\"de\",\"potentialAction\":[{\"@type\":\"ReadAction\",\"target\":[\"https:\/\/now-news.de\/de\/deutschland\/es-ist-schon-sehr-kalt-hier-thueringer-landtag-verteilt-decken-waehrend-plenarsitzung\/\"]}]},{\"@type\":\"ImageObject\",\"inLanguage\":\"de\",\"@id\":\"https:\/\/now-news.de\/de\/deutschland\/es-ist-schon-sehr-kalt-hier-thueringer-landtag-verteilt-decken-waehrend-plenarsitzung\/#primaryimage\",\"url\":\"https:\/\/now-news.de\/de\/wp-content\/uploads\/sites\/3\/2022\/09\/quotEs-ist-schon-sehr-kalt-hierquot-Thueringer-Landtag-verteilt-Decken.jpg\",\"contentUrl\":\"https:\/\/now-news.de\/de\/wp-content\/uploads\/sites\/3\/2022\/09\/quotEs-ist-schon-sehr-kalt-hierquot-Thueringer-Landtag-verteilt-Decken.jpg\",\"width\":460,\"height\":259,\"caption\":\"&quot;Es ist schon sehr kalt hier&quot;: Th\u00fcringer Landtag verteilt Decken w\u00e4hrend Plenarsitzung\"},{\"@type\":\"BreadcrumbList\",\"@id\":\"https:\/\/now-news.de\/de\/deutschland\/es-ist-schon-sehr-kalt-hier-thueringer-landtag-verteilt-decken-waehrend-plenarsitzung\/#breadcrumb\",\"itemListElement\":[{\"@type\":\"ListItem\",\"position\":1,\"name\":\"Home\",\"item\":\"https:\/\/now-news.de\/de\/\"},{\"@type\":\"ListItem\",\"position\":2,\"name\":\"&quot;Es ist schon sehr kalt hier&quot;: Th\u00fcringer Landtag verteilt Decken w\u00e4hrend Plenarsitzung\"}]},{\"@type\":\"WebSite\",\"@id\":\"https:\/\/now-news.de\/de\/#website\",\"url\":\"https:\/\/now-news.de\/de\/\",\"name\":\"just-now.NEWS Deutschland\",\"description\":\"Das Portal f\u00fcr unzensierte Nachrichten aus der Welt\",\"publisher\":{\"@id\":\"https:\/\/now-news.de\/de\/#organization\"},\"potentialAction\":[{\"@type\":\"SearchAction\",\"target\":{\"@type\":\"EntryPoint\",\"urlTemplate\":\"https:\/\/now-news.de\/de\/?s={search_term_string}\"},\"query-input\":\"required name=search_term_string\"}],\"inLanguage\":\"de\"},{\"@type\":\"Organization\",\"@id\":\"https:\/\/now-news.de\/de\/#organization\",\"name\":\"Just Now News\",\"url\":\"https:\/\/now-news.de\/de\/\",\"logo\":{\"@type\":\"ImageObject\",\"inLanguage\":\"de\",\"@id\":\"https:\/\/now-news.de\/de\/#\/schema\/logo\/image\/\",\"url\":\"http:\/\/just-now.news\/de\/wp-content\/uploads\/sites\/3\/2022\/04\/logo500x500.jpg\",\"contentUrl\":\"http:\/\/just-now.news\/de\/wp-content\/uploads\/sites\/3\/2022\/04\/logo500x500.jpg\",\"width\":500,\"height\":500,\"caption\":\"Just Now News\"},\"image\":{\"@id\":\"https:\/\/now-news.de\/de\/#\/schema\/logo\/image\/\"},\"sameAs\":[\"https:\/\/www.facebook.com\/wirmachenauf\",\"https:\/\/x.com\/WirMachenAuf_de\"]},{\"@type\":\"Person\",\"@id\":\"https:\/\/now-news.de\/de\/#\/schema\/person\/fb534a4e865501d8b3285208df34a9b5\",\"name\":\"rtnews\",\"image\":{\"@type\":\"ImageObject\",\"inLanguage\":\"de\",\"@id\":\"https:\/\/now-news.de\/de\/#\/schema\/person\/image\/\",\"url\":\"https:\/\/secure.gravatar.com\/avatar\/82aafea7d8127119dd649515f56e2117?s=96&d=mm&r=g\",\"contentUrl\":\"https:\/\/secure.gravatar.com\/avatar\/82aafea7d8127119dd649515f56e2117?s=96&d=mm&r=g\",\"caption\":\"rtnews\"},\"url\":\"https:\/\/now-news.de\/de\/author\/rnews\/\"}]}<\/script>\n<!-- \/ Yoast SEO Premium plugin. -->","yoast_head_json":{"title":"&quot;Es ist schon sehr kalt hier&quot;: Th\u00fcringer Landtag verteilt Decken w\u00e4hrend Plenarsitzung - just-now.NEWS Deutschland","robots":{"index":"index","follow":"follow","max-snippet":"max-snippet:-1","max-image-preview":"max-image-preview:large","max-video-preview":"max-video-preview:-1"},"canonical":"https:\/\/now-news.de\/de\/deutschland\/es-ist-schon-sehr-kalt-hier-thueringer-landtag-verteilt-decken-waehrend-plenarsitzung\/","og_locale":"de_DE","og_type":"article","og_title":"&quot;Es ist schon sehr kalt hier&quot;: Th\u00fcringer Landtag verteilt Decken w\u00e4hrend Plenarsitzung","og_description":"Kalte R\u00e4umlichkeiten k\u00f6nnen hinderlich sein f\u00fcr die konstruktive Arbeit im Sitzen. Der Th\u00fcringer Landtag reagierte und lie\u00df den Abgeordneten Decken zukommen \u2013 aber &#8220;erstmal f\u00fcr die Frauen&#8221;. &#8220;Es ist schon sehr kalt hier&#8221;, best\u00e4tigte die\u00a0Pr\u00e4sidentin des\u00a0Th\u00fcringer Landtages Birgit Pommer (Linke) den anwesenden fr\u00f6stelnden Politikern bei der Plenarsitzung vom 22. September in Erfurt.\u00a0Grund waren\u00a0offenbar die niedrigen [&hellip;]","og_url":"https:\/\/now-news.de\/de\/deutschland\/es-ist-schon-sehr-kalt-hier-thueringer-landtag-verteilt-decken-waehrend-plenarsitzung\/","og_site_name":"just-now.NEWS Deutschland","article_publisher":"https:\/\/www.facebook.com\/wirmachenauf","article_published_time":"2022-09-23T12:57:17+00:00","og_image":[{"width":460,"height":259,"url":"https:\/\/now-news.de\/de\/wp-content\/uploads\/sites\/3\/2022\/09\/quotEs-ist-schon-sehr-kalt-hierquot-Thueringer-Landtag-verteilt-Decken.jpg","type":"image\/jpeg"}],"author":"rtnews","twitter_card":"summary_large_image","twitter_creator":"@WirMachenAuf_de","twitter_site":"@WirMachenAuf_de","twitter_misc":{"Verfasst von":"rtnews","Gesch\u00e4tzte Lesezeit":"1\u00a0Minute"},"schema":{"@context":"https:\/\/schema.org","@graph":[{"@type":"Article","@id":"https:\/\/now-news.de\/de\/deutschland\/es-ist-schon-sehr-kalt-hier-thueringer-landtag-verteilt-decken-waehrend-plenarsitzung\/#article","isPartOf":{"@id":"https:\/\/now-news.de\/de\/deutschland\/es-ist-schon-sehr-kalt-hier-thueringer-landtag-verteilt-decken-waehrend-plenarsitzung\/"},"author":{"name":"rtnews","@id":"https:\/\/now-news.de\/de\/#\/schema\/person\/fb534a4e865501d8b3285208df34a9b5"},"headline":"&quot;Es ist schon sehr kalt hier&quot;: Th\u00fcringer Landtag verteilt Decken w\u00e4hrend Plenarsitzung","datePublished":"2022-09-23T12:57:17+00:00","dateModified":"2022-09-23T12:57:17+00:00","mainEntityOfPage":{"@id":"https:\/\/now-news.de\/de\/deutschland\/es-ist-schon-sehr-kalt-hier-thueringer-landtag-verteilt-decken-waehrend-plenarsitzung\/"},"wordCount":228,"commentCount":0,"publisher":{"@id":"https:\/\/now-news.de\/de\/#organization"},"image":{"@id":"https:\/\/now-news.de\/de\/deutschland\/es-ist-schon-sehr-kalt-hier-thueringer-landtag-verteilt-decken-waehrend-plenarsitzung\/#primaryimage"},"thumbnailUrl":"https:\/\/now-news.de\/de\/wp-content\/uploads\/sites\/3\/2022\/09\/quotEs-ist-schon-sehr-kalt-hierquot-Thueringer-Landtag-verteilt-Decken.jpg","keywords":["decken","hierquot","ist","kalt","Landtag","Plenarsitzung","quotEs","schon","Sehr","Th\u00fcringer","verteilt","w\u00e4hrend"],"articleSection":["Deutschland","Russland"],"inLanguage":"de","potentialAction":[{"@type":"CommentAction","name":"Comment","target":["https:\/\/now-news.de\/de\/deutschland\/es-ist-schon-sehr-kalt-hier-thueringer-landtag-verteilt-decken-waehrend-plenarsitzung\/#respond"]}]},{"@type":"WebPage","@id":"https:\/\/now-news.de\/de\/deutschland\/es-ist-schon-sehr-kalt-hier-thueringer-landtag-verteilt-decken-waehrend-plenarsitzung\/","url":"https:\/\/now-news.de\/de\/deutschland\/es-ist-schon-sehr-kalt-hier-thueringer-landtag-verteilt-decken-waehrend-plenarsitzung\/","name":"&quot;Es ist schon sehr kalt hier&quot;: Th\u00fcringer Landtag verteilt Decken w\u00e4hrend Plenarsitzung - just-now.NEWS Deutschland","isPartOf":{"@id":"https:\/\/now-news.de\/de\/#website"},"primaryImageOfPage":{"@id":"https:\/\/now-news.de\/de\/deutschland\/es-ist-schon-sehr-kalt-hier-thueringer-landtag-verteilt-decken-waehrend-plenarsitzung\/#primaryimage"},"image":{"@id":"https:\/\/now-news.de\/de\/deutschland\/es-ist-schon-sehr-kalt-hier-thueringer-landtag-verteilt-decken-waehrend-plenarsitzung\/#primaryimage"},"thumbnailUrl":"https:\/\/now-news.de\/de\/wp-content\/uploads\/sites\/3\/2022\/09\/quotEs-ist-schon-sehr-kalt-hierquot-Thueringer-Landtag-verteilt-Decken.jpg","datePublished":"2022-09-23T12:57:17+00:00","dateModified":"2022-09-23T12:57:17+00:00","breadcrumb":{"@id":"https:\/\/now-news.de\/de\/deutschland\/es-ist-schon-sehr-kalt-hier-thueringer-landtag-verteilt-decken-waehrend-plenarsitzung\/#breadcrumb"},"inLanguage":"de","potentialAction":[{"@type":"ReadAction","target":["https:\/\/now-news.de\/de\/deutschland\/es-ist-schon-sehr-kalt-hier-thueringer-landtag-verteilt-decken-waehrend-plenarsitzung\/"]}]},{"@type":"ImageObject","inLanguage":"de","@id":"https:\/\/now-news.de\/de\/deutschland\/es-ist-schon-sehr-kalt-hier-thueringer-landtag-verteilt-decken-waehrend-plenarsitzung\/#primaryimage","url":"https:\/\/now-news.de\/de\/wp-content\/uploads\/sites\/3\/2022\/09\/quotEs-ist-schon-sehr-kalt-hierquot-Thueringer-Landtag-verteilt-Decken.jpg","contentUrl":"https:\/\/now-news.de\/de\/wp-content\/uploads\/sites\/3\/2022\/09\/quotEs-ist-schon-sehr-kalt-hierquot-Thueringer-Landtag-verteilt-Decken.jpg","width":460,"height":259,"caption":"&quot;Es ist schon sehr kalt hier&quot;: Th\u00fcringer Landtag verteilt Decken w\u00e4hrend Plenarsitzung"},{"@type":"BreadcrumbList","@id":"https:\/\/now-news.de\/de\/deutschland\/es-ist-schon-sehr-kalt-hier-thueringer-landtag-verteilt-decken-waehrend-plenarsitzung\/#breadcrumb","itemListElement":[{"@type":"ListItem","position":1,"name":"Home","item":"https:\/\/now-news.de\/de\/"},{"@type":"ListItem","position":2,"name":"&quot;Es ist schon sehr kalt hier&quot;: Th\u00fcringer Landtag verteilt Decken w\u00e4hrend Plenarsitzung"}]},{"@type":"WebSite","@id":"https:\/\/now-news.de\/de\/#website","url":"https:\/\/now-news.de\/de\/","name":"just-now.NEWS Deutschland","description":"Das Portal f\u00fcr unzensierte Nachrichten aus der Welt","publisher":{"@id":"https:\/\/now-news.de\/de\/#organization"},"potentialAction":[{"@type":"SearchAction","target":{"@type":"EntryPoint","urlTemplate":"https:\/\/now-news.de\/de\/?s={search_term_string}"},"query-input":"required name=search_term_string"}],"inLanguage":"de"},{"@type":"Organization","@id":"https:\/\/now-news.de\/de\/#organization","name":"Just Now News","url":"https:\/\/now-news.de\/de\/","logo":{"@type":"ImageObject","inLanguage":"de","@id":"https:\/\/now-news.de\/de\/#\/schema\/logo\/image\/","url":"http:\/\/just-now.news\/de\/wp-content\/uploads\/sites\/3\/2022\/04\/logo500x500.jpg","contentUrl":"http:\/\/just-now.news\/de\/wp-content\/uploads\/sites\/3\/2022\/04\/logo500x500.jpg","width":500,"height":500,"caption":"Just Now News"},"image":{"@id":"https:\/\/now-news.de\/de\/#\/schema\/logo\/image\/"},"sameAs":["https:\/\/www.facebook.com\/wirmachenauf","https:\/\/x.com\/WirMachenAuf_de"]},{"@type":"Person","@id":"https:\/\/now-news.de\/de\/#\/schema\/person\/fb534a4e865501d8b3285208df34a9b5","name":"rtnews","image":{"@type":"ImageObject","inLanguage":"de","@id":"https:\/\/now-news.de\/de\/#\/schema\/person\/image\/","url":"https:\/\/secure.gravatar.com\/avatar\/82aafea7d8127119dd649515f56e2117?s=96&d=mm&r=g","contentUrl":"https:\/\/secure.gravatar.com\/avatar\/82aafea7d8127119dd649515f56e2117?s=96&d=mm&r=g","caption":"rtnews"},"url":"https:\/\/now-news.de\/de\/author\/rnews\/"}]}},"_links":{"self":[{"href":"https:\/\/now-news.de\/de\/wp-json\/wp\/v2\/posts\/19648"}],"collection":[{"href":"https:\/\/now-news.de\/de\/wp-json\/wp\/v2\/posts"}],"about":[{"href":"https:\/\/now-news.de\/de\/wp-json\/wp\/v2\/types\/post"}],"author":[{"embeddable":true,"href":"https:\/\/now-news.de\/de\/wp-json\/wp\/v2\/users\/3"}],"replies":[{"embeddable":true,"href":"https:\/\/now-news.de\/de\/wp-json\/wp\/v2\/comments?post=19648"}],"version-history":[{"count":0,"href":"https:\/\/now-news.de\/de\/wp-json\/wp\/v2\/posts\/19648\/revisions"}],"wp:featuredmedia":[{"embeddable":true,"href":"https:\/\/now-news.de\/de\/wp-json\/wp\/v2\/media\/19649"}],"wp:attachment":[{"href":"https:\/\/now-news.de\/de\/wp-json\/wp\/v2\/media?parent=19648"}],"wp:term":[{"taxonomy":"category","embeddable":true,"href":"https:\/\/now-news.de\/de\/wp-json\/wp\/v2\/categories?post=19648"},{"taxonomy":"post_tag","embeddable":true,"href":"https:\/\/now-news.de\/de\/wp-json\/wp\/v2\/tags?post=19648"}],"curies":[{"name":"wp","href":"https:\/\/api.w.org\/{rel}","templated":true}]}}