{"id":19638,"date":"2022-09-23T12:00:01","date_gmt":"2022-09-23T10:00:01","guid":{"rendered":"http:\/\/just-now.news\/de\/deutschland\/ramsan-kadyrow-tschetschenien-hat-den-einberufungsplan-bereits-uebererfuellt\/"},"modified":"2022-09-23T12:00:01","modified_gmt":"2022-09-23T10:00:01","slug":"ramsan-kadyrow-tschetschenien-hat-den-einberufungsplan-bereits-uebererfuellt","status":"publish","type":"post","link":"https:\/\/now-news.de\/de\/deutschland\/ramsan-kadyrow-tschetschenien-hat-den-einberufungsplan-bereits-uebererfuellt\/","title":{"rendered":"Ramsan Kadyrow: Tschetschenien hat den Einberufungsplan bereits \u00fcbererf\u00fcllt"},"content":{"rendered":"<p><img decoding=\"async\" src=\"http:\/\/just-now.news\/de\/wp-content\/uploads\/sites\/3\/2022\/09\/632d7821b480cc2eac267c3d.jpg\" \/><\/p>\n<div class=\"Text-root Text-type_1 \">\n                Ramsan Kadyrow, Oberhaupt von Tschetschenien, will seine Landsleute nicht mehr in die Ukraine schicken. Die Republik habe bereits vor der Teilmobilmachung den Plan zur Rekrutierung \u00fcbererf\u00fcllt. Zudem gebe es viele Freiwillige.\n            <\/div>\n<p><\/p>\n<div class=\"Text-root Text-type_5 ArticleView-text ViewText-root \">\n<p>&#8220;Der Plan zur Einberufung wurde in der Tschetschenischen Republik um 254 Prozent \u00fcbererf\u00fcllt&#8221;, erkl\u00e4rte Kadyrow am Donnerstag. Ihm zufolge sei dieser Wert erreicht worden, da noch vor Ank\u00fcndigung der Mobilisierung neue Einheiten gebildet worden seien.<\/p>\n<p>&#8220;Die Republik verf\u00fcgt \u00fcber eine Reserve von Tausenden von Freiwilligen, die sich bei Bedarf den Reihen der Verteidiger des Vaterlandes anschlie\u00dfen k\u00f6nnen. Deshalb fordere ich die Bev\u00f6lkerung der Tschetschenischen Republik, insbesondere unsere geliebten und gesch\u00e4tzten M\u00fctter, auf, ruhig zu bleiben&#8221;, schrieb er auf Telegram. F\u00fcr eine Teilmobilisierung in der Republik gebe keine Notwendigkeit.<\/p>\n<p>Naheliegend ist, dass Kadyrow mit diesen Aussagen auf den j\u00fcngsten Gefangenenaustausch zwischen Kiew und Moskau reagierte. Dabei kehrten\u00a0205 Ukrainer\u00a0nach Hause zur\u00fcck und 55 russische Soldaten kamen frei. Kadyrow kommentierte den Schritt als &#8220;unverst\u00e4ndlich&#8221;. Die Entscheidung, Kriegsverbrecher gegen Soldaten auszutauschen, sei inakzeptabel.<\/p>\n<p>Zudem griff Kadyrow scharf jene B\u00fcrger an, die sich &#8220;Patrioten nennen, aber das Land verlassen&#8221;. F\u00fcr\u00a0diesen &#8220;feigen Abschaum&#8221; sollte der Weg zur\u00fcck f\u00fcr immer gesperrt sein, meinte er.<\/p>\n<p>Nicht zum ersten Mal \u00fcbt Kadyrow Kritik an der\u00a0russischen Regierung. Wieso man nicht &#8220;mit allen verf\u00fcgbaren Kr\u00e4ften und Mitteln&#8221; k\u00e4mpfe, w\u00e4hrend die gesamte NATO gegen Russland vorgehe, sei ihm ein R\u00e4tsel. &#8220;Wenn wir zumindest den Gro\u00dfteil an Waffen und Ausr\u00fcstung einsetzen w\u00fcrden, w\u00e4ren wir l\u00e4ngst am Ziel. Aber da die F\u00fchrung anders denkt, ist es unsere Aufgabe, den Auftrag zu erf\u00fcllen&#8221;.<\/p>\n<p>Wladimir Putin hatte in Russland eine Teilmobilmachung angek\u00fcndigt. Laut Verteidigungsministerium werden 300.000 Reservisten einberufen.<\/p>\n<p><strong>Mehr zum Thema<\/strong> &#8211; <a rel=\"nofollow noopener\" target=\"_blank\" href=\"https:\/\/de.rt.com\/europa\/149681-ex-prasident-donald-trump-warnt\/\">Ex-Pr\u00e4sident Donald Trump warnt vor Drittem Weltkrieg<\/a><\/p>\n<\/p>\n<\/div>\n<p><br \/>\n<br \/><a href=\"https:\/\/de.rt.com\/russland\/149696-plan-ubererfullt-kadyrow-will-niemanden\/\">Source link <\/a><\/p>\n","protected":false},"excerpt":{"rendered":"<p>Ramsan Kadyrow, Oberhaupt von Tschetschenien, will seine Landsleute nicht mehr in die Ukraine schicken. Die Republik habe bereits vor der Teilmobilmachung den Plan zur Rekrutierung \u00fcbererf\u00fcllt. Zudem gebe es viele Freiwillige. &#8220;Der Plan zur Einberufung wurde in der Tschetschenischen Republik um 254 Prozent \u00fcbererf\u00fcllt&#8221;, erkl\u00e4rte Kadyrow am Donnerstag. Ihm zufolge sei dieser Wert erreicht worden, [&hellip;]<\/p>\n","protected":false},"author":3,"featured_media":19639,"comment_status":"open","ping_status":"open","sticky":false,"template":"","format":"standard","meta":{"wp_automatic_camp":["217"],"4c3654effb5a704f85de4e25e9e4eae7":["Ramsan Kadyrow: Tschetschenien hat den Einberufungsplan bereits \u00fcbererf\u00fcllt"],"original_link":["https:\/\/de.rt.com\/russland\/149696-plan-ubererfullt-kadyrow-will-niemanden\/"],"_thumbnail_id":["19639"],"_wptg_p2tg_sent2tg":["2022-09-23 12:04:43"],"jnews_social_counter_last_update":["1777569518"]},"categories":[19,23],"tags":[10014,48,33290,423,16689,33288,33289,33291],"yoast_head":"<!-- This site is optimized with the Yoast SEO Premium plugin v22.7 (Yoast SEO v22.7) - https:\/\/yoast.com\/wordpress\/plugins\/seo\/ -->\n<title>Ramsan Kadyrow: Tschetschenien hat den Einberufungsplan bereits \u00fcbererf\u00fcllt - just-now.NEWS Deutschland<\/title>\n<meta name=\"robots\" content=\"index, follow, max-snippet:-1, max-image-preview:large, max-video-preview:-1\" \/>\n<link rel=\"canonical\" href=\"https:\/\/now-news.de\/de\/deutschland\/ramsan-kadyrow-tschetschenien-hat-den-einberufungsplan-bereits-uebererfuellt\/\" \/>\n<meta property=\"og:locale\" content=\"de_DE\" \/>\n<meta property=\"og:type\" content=\"article\" \/>\n<meta property=\"og:title\" content=\"Ramsan Kadyrow: Tschetschenien hat den Einberufungsplan bereits \u00fcbererf\u00fcllt\" \/>\n<meta property=\"og:description\" content=\"Ramsan Kadyrow, Oberhaupt von Tschetschenien, will seine Landsleute nicht mehr in die Ukraine schicken. Die Republik habe bereits vor der Teilmobilmachung den Plan zur Rekrutierung \u00fcbererf\u00fcllt. Zudem gebe es viele Freiwillige. &#8220;Der Plan zur Einberufung wurde in der Tschetschenischen Republik um 254 Prozent \u00fcbererf\u00fcllt&#8221;, erkl\u00e4rte Kadyrow am Donnerstag. Ihm zufolge sei dieser Wert erreicht worden, [&hellip;]\" \/>\n<meta property=\"og:url\" content=\"https:\/\/now-news.de\/de\/deutschland\/ramsan-kadyrow-tschetschenien-hat-den-einberufungsplan-bereits-uebererfuellt\/\" \/>\n<meta property=\"og:site_name\" content=\"just-now.NEWS Deutschland\" \/>\n<meta property=\"article:publisher\" content=\"https:\/\/www.facebook.com\/wirmachenauf\" \/>\n<meta property=\"article:published_time\" content=\"2022-09-23T10:00:01+00:00\" \/>\n<meta property=\"og:image\" content=\"https:\/\/now-news.de\/de\/wp-content\/uploads\/sites\/3\/2022\/09\/Ramsan-Kadyrow-Tschetschenien-hat-den-Einberufungsplan-bereits-uebererfuellt.jpg\" \/>\n\t<meta property=\"og:image:width\" content=\"460\" \/>\n\t<meta property=\"og:image:height\" content=\"259\" \/>\n\t<meta property=\"og:image:type\" content=\"image\/jpeg\" \/>\n<meta name=\"author\" content=\"rtnews\" \/>\n<meta name=\"twitter:card\" content=\"summary_large_image\" \/>\n<meta name=\"twitter:creator\" content=\"@WirMachenAuf_de\" \/>\n<meta name=\"twitter:site\" content=\"@WirMachenAuf_de\" \/>\n<meta name=\"twitter:label1\" content=\"Verfasst von\" \/>\n\t<meta name=\"twitter:data1\" content=\"rtnews\" \/>\n\t<meta name=\"twitter:label2\" content=\"Gesch\u00e4tzte Lesezeit\" \/>\n\t<meta name=\"twitter:data2\" content=\"2\u00a0Minuten\" \/>\n<script type=\"application\/ld+json\" class=\"yoast-schema-graph\">{\"@context\":\"https:\/\/schema.org\",\"@graph\":[{\"@type\":\"Article\",\"@id\":\"https:\/\/now-news.de\/de\/deutschland\/ramsan-kadyrow-tschetschenien-hat-den-einberufungsplan-bereits-uebererfuellt\/#article\",\"isPartOf\":{\"@id\":\"https:\/\/now-news.de\/de\/deutschland\/ramsan-kadyrow-tschetschenien-hat-den-einberufungsplan-bereits-uebererfuellt\/\"},\"author\":{\"name\":\"rtnews\",\"@id\":\"https:\/\/now-news.de\/de\/#\/schema\/person\/fb534a4e865501d8b3285208df34a9b5\"},\"headline\":\"Ramsan Kadyrow: Tschetschenien hat den Einberufungsplan bereits \u00fcbererf\u00fcllt\",\"datePublished\":\"2022-09-23T10:00:01+00:00\",\"dateModified\":\"2022-09-23T10:00:01+00:00\",\"mainEntityOfPage\":{\"@id\":\"https:\/\/now-news.de\/de\/deutschland\/ramsan-kadyrow-tschetschenien-hat-den-einberufungsplan-bereits-uebererfuellt\/\"},\"wordCount\":318,\"commentCount\":0,\"publisher\":{\"@id\":\"https:\/\/now-news.de\/de\/#organization\"},\"image\":{\"@id\":\"https:\/\/now-news.de\/de\/deutschland\/ramsan-kadyrow-tschetschenien-hat-den-einberufungsplan-bereits-uebererfuellt\/#primaryimage\"},\"thumbnailUrl\":\"https:\/\/now-news.de\/de\/wp-content\/uploads\/sites\/3\/2022\/09\/Ramsan-Kadyrow-Tschetschenien-hat-den-Einberufungsplan-bereits-uebererfuellt.jpg\",\"keywords\":[\"bereits\",\"den\",\"Einberufungsplan\",\"hat\",\"kadyrow\",\"Ramsan\",\"Tschetschenien\",\"\u00fcbererf\u00fcllt\"],\"articleSection\":[\"Deutschland\",\"Russland\"],\"inLanguage\":\"de\",\"potentialAction\":[{\"@type\":\"CommentAction\",\"name\":\"Comment\",\"target\":[\"https:\/\/now-news.de\/de\/deutschland\/ramsan-kadyrow-tschetschenien-hat-den-einberufungsplan-bereits-uebererfuellt\/#respond\"]}]},{\"@type\":\"WebPage\",\"@id\":\"https:\/\/now-news.de\/de\/deutschland\/ramsan-kadyrow-tschetschenien-hat-den-einberufungsplan-bereits-uebererfuellt\/\",\"url\":\"https:\/\/now-news.de\/de\/deutschland\/ramsan-kadyrow-tschetschenien-hat-den-einberufungsplan-bereits-uebererfuellt\/\",\"name\":\"Ramsan Kadyrow: Tschetschenien hat den Einberufungsplan bereits \u00fcbererf\u00fcllt - just-now.NEWS Deutschland\",\"isPartOf\":{\"@id\":\"https:\/\/now-news.de\/de\/#website\"},\"primaryImageOfPage\":{\"@id\":\"https:\/\/now-news.de\/de\/deutschland\/ramsan-kadyrow-tschetschenien-hat-den-einberufungsplan-bereits-uebererfuellt\/#primaryimage\"},\"image\":{\"@id\":\"https:\/\/now-news.de\/de\/deutschland\/ramsan-kadyrow-tschetschenien-hat-den-einberufungsplan-bereits-uebererfuellt\/#primaryimage\"},\"thumbnailUrl\":\"https:\/\/now-news.de\/de\/wp-content\/uploads\/sites\/3\/2022\/09\/Ramsan-Kadyrow-Tschetschenien-hat-den-Einberufungsplan-bereits-uebererfuellt.jpg\",\"datePublished\":\"2022-09-23T10:00:01+00:00\",\"dateModified\":\"2022-09-23T10:00:01+00:00\",\"breadcrumb\":{\"@id\":\"https:\/\/now-news.de\/de\/deutschland\/ramsan-kadyrow-tschetschenien-hat-den-einberufungsplan-bereits-uebererfuellt\/#breadcrumb\"},\"inLanguage\":\"de\",\"potentialAction\":[{\"@type\":\"ReadAction\",\"target\":[\"https:\/\/now-news.de\/de\/deutschland\/ramsan-kadyrow-tschetschenien-hat-den-einberufungsplan-bereits-uebererfuellt\/\"]}]},{\"@type\":\"ImageObject\",\"inLanguage\":\"de\",\"@id\":\"https:\/\/now-news.de\/de\/deutschland\/ramsan-kadyrow-tschetschenien-hat-den-einberufungsplan-bereits-uebererfuellt\/#primaryimage\",\"url\":\"https:\/\/now-news.de\/de\/wp-content\/uploads\/sites\/3\/2022\/09\/Ramsan-Kadyrow-Tschetschenien-hat-den-Einberufungsplan-bereits-uebererfuellt.jpg\",\"contentUrl\":\"https:\/\/now-news.de\/de\/wp-content\/uploads\/sites\/3\/2022\/09\/Ramsan-Kadyrow-Tschetschenien-hat-den-Einberufungsplan-bereits-uebererfuellt.jpg\",\"width\":460,\"height\":259,\"caption\":\"Ramsan Kadyrow: Tschetschenien hat den Einberufungsplan bereits \u00fcbererf\u00fcllt\"},{\"@type\":\"BreadcrumbList\",\"@id\":\"https:\/\/now-news.de\/de\/deutschland\/ramsan-kadyrow-tschetschenien-hat-den-einberufungsplan-bereits-uebererfuellt\/#breadcrumb\",\"itemListElement\":[{\"@type\":\"ListItem\",\"position\":1,\"name\":\"Home\",\"item\":\"https:\/\/now-news.de\/de\/\"},{\"@type\":\"ListItem\",\"position\":2,\"name\":\"Ramsan Kadyrow: Tschetschenien hat den Einberufungsplan bereits \u00fcbererf\u00fcllt\"}]},{\"@type\":\"WebSite\",\"@id\":\"https:\/\/now-news.de\/de\/#website\",\"url\":\"https:\/\/now-news.de\/de\/\",\"name\":\"just-now.NEWS Deutschland\",\"description\":\"Das Portal f\u00fcr unzensierte Nachrichten aus der Welt\",\"publisher\":{\"@id\":\"https:\/\/now-news.de\/de\/#organization\"},\"potentialAction\":[{\"@type\":\"SearchAction\",\"target\":{\"@type\":\"EntryPoint\",\"urlTemplate\":\"https:\/\/now-news.de\/de\/?s={search_term_string}\"},\"query-input\":\"required name=search_term_string\"}],\"inLanguage\":\"de\"},{\"@type\":\"Organization\",\"@id\":\"https:\/\/now-news.de\/de\/#organization\",\"name\":\"Just Now News\",\"url\":\"https:\/\/now-news.de\/de\/\",\"logo\":{\"@type\":\"ImageObject\",\"inLanguage\":\"de\",\"@id\":\"https:\/\/now-news.de\/de\/#\/schema\/logo\/image\/\",\"url\":\"http:\/\/just-now.news\/de\/wp-content\/uploads\/sites\/3\/2022\/04\/logo500x500.jpg\",\"contentUrl\":\"http:\/\/just-now.news\/de\/wp-content\/uploads\/sites\/3\/2022\/04\/logo500x500.jpg\",\"width\":500,\"height\":500,\"caption\":\"Just Now News\"},\"image\":{\"@id\":\"https:\/\/now-news.de\/de\/#\/schema\/logo\/image\/\"},\"sameAs\":[\"https:\/\/www.facebook.com\/wirmachenauf\",\"https:\/\/x.com\/WirMachenAuf_de\"]},{\"@type\":\"Person\",\"@id\":\"https:\/\/now-news.de\/de\/#\/schema\/person\/fb534a4e865501d8b3285208df34a9b5\",\"name\":\"rtnews\",\"image\":{\"@type\":\"ImageObject\",\"inLanguage\":\"de\",\"@id\":\"https:\/\/now-news.de\/de\/#\/schema\/person\/image\/\",\"url\":\"https:\/\/secure.gravatar.com\/avatar\/82aafea7d8127119dd649515f56e2117?s=96&d=mm&r=g\",\"contentUrl\":\"https:\/\/secure.gravatar.com\/avatar\/82aafea7d8127119dd649515f56e2117?s=96&d=mm&r=g\",\"caption\":\"rtnews\"},\"url\":\"https:\/\/now-news.de\/de\/author\/rnews\/\"}]}<\/script>\n<!-- \/ Yoast SEO Premium plugin. -->","yoast_head_json":{"title":"Ramsan Kadyrow: Tschetschenien hat den Einberufungsplan bereits \u00fcbererf\u00fcllt - just-now.NEWS Deutschland","robots":{"index":"index","follow":"follow","max-snippet":"max-snippet:-1","max-image-preview":"max-image-preview:large","max-video-preview":"max-video-preview:-1"},"canonical":"https:\/\/now-news.de\/de\/deutschland\/ramsan-kadyrow-tschetschenien-hat-den-einberufungsplan-bereits-uebererfuellt\/","og_locale":"de_DE","og_type":"article","og_title":"Ramsan Kadyrow: Tschetschenien hat den Einberufungsplan bereits \u00fcbererf\u00fcllt","og_description":"Ramsan Kadyrow, Oberhaupt von Tschetschenien, will seine Landsleute nicht mehr in die Ukraine schicken. Die Republik habe bereits vor der Teilmobilmachung den Plan zur Rekrutierung \u00fcbererf\u00fcllt. Zudem gebe es viele Freiwillige. &#8220;Der Plan zur Einberufung wurde in der Tschetschenischen Republik um 254 Prozent \u00fcbererf\u00fcllt&#8221;, erkl\u00e4rte Kadyrow am Donnerstag. Ihm zufolge sei dieser Wert erreicht worden, [&hellip;]","og_url":"https:\/\/now-news.de\/de\/deutschland\/ramsan-kadyrow-tschetschenien-hat-den-einberufungsplan-bereits-uebererfuellt\/","og_site_name":"just-now.NEWS Deutschland","article_publisher":"https:\/\/www.facebook.com\/wirmachenauf","article_published_time":"2022-09-23T10:00:01+00:00","og_image":[{"width":460,"height":259,"url":"https:\/\/now-news.de\/de\/wp-content\/uploads\/sites\/3\/2022\/09\/Ramsan-Kadyrow-Tschetschenien-hat-den-Einberufungsplan-bereits-uebererfuellt.jpg","type":"image\/jpeg"}],"author":"rtnews","twitter_card":"summary_large_image","twitter_creator":"@WirMachenAuf_de","twitter_site":"@WirMachenAuf_de","twitter_misc":{"Verfasst von":"rtnews","Gesch\u00e4tzte Lesezeit":"2\u00a0Minuten"},"schema":{"@context":"https:\/\/schema.org","@graph":[{"@type":"Article","@id":"https:\/\/now-news.de\/de\/deutschland\/ramsan-kadyrow-tschetschenien-hat-den-einberufungsplan-bereits-uebererfuellt\/#article","isPartOf":{"@id":"https:\/\/now-news.de\/de\/deutschland\/ramsan-kadyrow-tschetschenien-hat-den-einberufungsplan-bereits-uebererfuellt\/"},"author":{"name":"rtnews","@id":"https:\/\/now-news.de\/de\/#\/schema\/person\/fb534a4e865501d8b3285208df34a9b5"},"headline":"Ramsan Kadyrow: Tschetschenien hat den Einberufungsplan bereits \u00fcbererf\u00fcllt","datePublished":"2022-09-23T10:00:01+00:00","dateModified":"2022-09-23T10:00:01+00:00","mainEntityOfPage":{"@id":"https:\/\/now-news.de\/de\/deutschland\/ramsan-kadyrow-tschetschenien-hat-den-einberufungsplan-bereits-uebererfuellt\/"},"wordCount":318,"commentCount":0,"publisher":{"@id":"https:\/\/now-news.de\/de\/#organization"},"image":{"@id":"https:\/\/now-news.de\/de\/deutschland\/ramsan-kadyrow-tschetschenien-hat-den-einberufungsplan-bereits-uebererfuellt\/#primaryimage"},"thumbnailUrl":"https:\/\/now-news.de\/de\/wp-content\/uploads\/sites\/3\/2022\/09\/Ramsan-Kadyrow-Tschetschenien-hat-den-Einberufungsplan-bereits-uebererfuellt.jpg","keywords":["bereits","den","Einberufungsplan","hat","kadyrow","Ramsan","Tschetschenien","\u00fcbererf\u00fcllt"],"articleSection":["Deutschland","Russland"],"inLanguage":"de","potentialAction":[{"@type":"CommentAction","name":"Comment","target":["https:\/\/now-news.de\/de\/deutschland\/ramsan-kadyrow-tschetschenien-hat-den-einberufungsplan-bereits-uebererfuellt\/#respond"]}]},{"@type":"WebPage","@id":"https:\/\/now-news.de\/de\/deutschland\/ramsan-kadyrow-tschetschenien-hat-den-einberufungsplan-bereits-uebererfuellt\/","url":"https:\/\/now-news.de\/de\/deutschland\/ramsan-kadyrow-tschetschenien-hat-den-einberufungsplan-bereits-uebererfuellt\/","name":"Ramsan Kadyrow: Tschetschenien hat den Einberufungsplan bereits \u00fcbererf\u00fcllt - just-now.NEWS Deutschland","isPartOf":{"@id":"https:\/\/now-news.de\/de\/#website"},"primaryImageOfPage":{"@id":"https:\/\/now-news.de\/de\/deutschland\/ramsan-kadyrow-tschetschenien-hat-den-einberufungsplan-bereits-uebererfuellt\/#primaryimage"},"image":{"@id":"https:\/\/now-news.de\/de\/deutschland\/ramsan-kadyrow-tschetschenien-hat-den-einberufungsplan-bereits-uebererfuellt\/#primaryimage"},"thumbnailUrl":"https:\/\/now-news.de\/de\/wp-content\/uploads\/sites\/3\/2022\/09\/Ramsan-Kadyrow-Tschetschenien-hat-den-Einberufungsplan-bereits-uebererfuellt.jpg","datePublished":"2022-09-23T10:00:01+00:00","dateModified":"2022-09-23T10:00:01+00:00","breadcrumb":{"@id":"https:\/\/now-news.de\/de\/deutschland\/ramsan-kadyrow-tschetschenien-hat-den-einberufungsplan-bereits-uebererfuellt\/#breadcrumb"},"inLanguage":"de","potentialAction":[{"@type":"ReadAction","target":["https:\/\/now-news.de\/de\/deutschland\/ramsan-kadyrow-tschetschenien-hat-den-einberufungsplan-bereits-uebererfuellt\/"]}]},{"@type":"ImageObject","inLanguage":"de","@id":"https:\/\/now-news.de\/de\/deutschland\/ramsan-kadyrow-tschetschenien-hat-den-einberufungsplan-bereits-uebererfuellt\/#primaryimage","url":"https:\/\/now-news.de\/de\/wp-content\/uploads\/sites\/3\/2022\/09\/Ramsan-Kadyrow-Tschetschenien-hat-den-Einberufungsplan-bereits-uebererfuellt.jpg","contentUrl":"https:\/\/now-news.de\/de\/wp-content\/uploads\/sites\/3\/2022\/09\/Ramsan-Kadyrow-Tschetschenien-hat-den-Einberufungsplan-bereits-uebererfuellt.jpg","width":460,"height":259,"caption":"Ramsan Kadyrow: Tschetschenien hat den Einberufungsplan bereits \u00fcbererf\u00fcllt"},{"@type":"BreadcrumbList","@id":"https:\/\/now-news.de\/de\/deutschland\/ramsan-kadyrow-tschetschenien-hat-den-einberufungsplan-bereits-uebererfuellt\/#breadcrumb","itemListElement":[{"@type":"ListItem","position":1,"name":"Home","item":"https:\/\/now-news.de\/de\/"},{"@type":"ListItem","position":2,"name":"Ramsan Kadyrow: Tschetschenien hat den Einberufungsplan bereits \u00fcbererf\u00fcllt"}]},{"@type":"WebSite","@id":"https:\/\/now-news.de\/de\/#website","url":"https:\/\/now-news.de\/de\/","name":"just-now.NEWS Deutschland","description":"Das Portal f\u00fcr unzensierte Nachrichten aus der Welt","publisher":{"@id":"https:\/\/now-news.de\/de\/#organization"},"potentialAction":[{"@type":"SearchAction","target":{"@type":"EntryPoint","urlTemplate":"https:\/\/now-news.de\/de\/?s={search_term_string}"},"query-input":"required name=search_term_string"}],"inLanguage":"de"},{"@type":"Organization","@id":"https:\/\/now-news.de\/de\/#organization","name":"Just Now News","url":"https:\/\/now-news.de\/de\/","logo":{"@type":"ImageObject","inLanguage":"de","@id":"https:\/\/now-news.de\/de\/#\/schema\/logo\/image\/","url":"http:\/\/just-now.news\/de\/wp-content\/uploads\/sites\/3\/2022\/04\/logo500x500.jpg","contentUrl":"http:\/\/just-now.news\/de\/wp-content\/uploads\/sites\/3\/2022\/04\/logo500x500.jpg","width":500,"height":500,"caption":"Just Now News"},"image":{"@id":"https:\/\/now-news.de\/de\/#\/schema\/logo\/image\/"},"sameAs":["https:\/\/www.facebook.com\/wirmachenauf","https:\/\/x.com\/WirMachenAuf_de"]},{"@type":"Person","@id":"https:\/\/now-news.de\/de\/#\/schema\/person\/fb534a4e865501d8b3285208df34a9b5","name":"rtnews","image":{"@type":"ImageObject","inLanguage":"de","@id":"https:\/\/now-news.de\/de\/#\/schema\/person\/image\/","url":"https:\/\/secure.gravatar.com\/avatar\/82aafea7d8127119dd649515f56e2117?s=96&d=mm&r=g","contentUrl":"https:\/\/secure.gravatar.com\/avatar\/82aafea7d8127119dd649515f56e2117?s=96&d=mm&r=g","caption":"rtnews"},"url":"https:\/\/now-news.de\/de\/author\/rnews\/"}]}},"_links":{"self":[{"href":"https:\/\/now-news.de\/de\/wp-json\/wp\/v2\/posts\/19638"}],"collection":[{"href":"https:\/\/now-news.de\/de\/wp-json\/wp\/v2\/posts"}],"about":[{"href":"https:\/\/now-news.de\/de\/wp-json\/wp\/v2\/types\/post"}],"author":[{"embeddable":true,"href":"https:\/\/now-news.de\/de\/wp-json\/wp\/v2\/users\/3"}],"replies":[{"embeddable":true,"href":"https:\/\/now-news.de\/de\/wp-json\/wp\/v2\/comments?post=19638"}],"version-history":[{"count":0,"href":"https:\/\/now-news.de\/de\/wp-json\/wp\/v2\/posts\/19638\/revisions"}],"wp:featuredmedia":[{"embeddable":true,"href":"https:\/\/now-news.de\/de\/wp-json\/wp\/v2\/media\/19639"}],"wp:attachment":[{"href":"https:\/\/now-news.de\/de\/wp-json\/wp\/v2\/media?parent=19638"}],"wp:term":[{"taxonomy":"category","embeddable":true,"href":"https:\/\/now-news.de\/de\/wp-json\/wp\/v2\/categories?post=19638"},{"taxonomy":"post_tag","embeddable":true,"href":"https:\/\/now-news.de\/de\/wp-json\/wp\/v2\/tags?post=19638"}],"curies":[{"name":"wp","href":"https:\/\/api.w.org\/{rel}","templated":true}]}}