{"id":19606,"date":"2022-09-22T22:34:19","date_gmt":"2022-09-22T20:34:19","guid":{"rendered":"http:\/\/just-now.news\/de\/deutschland\/streit-um-fluechtlingspolitik-erdogan-kritisiert-griechenland-wegen-illegaler-pushbacks\/"},"modified":"2022-09-22T22:34:19","modified_gmt":"2022-09-22T20:34:19","slug":"streit-um-fluechtlingspolitik-erdogan-kritisiert-griechenland-wegen-illegaler-pushbacks","status":"publish","type":"post","link":"https:\/\/now-news.de\/de\/deutschland\/streit-um-fluechtlingspolitik-erdogan-kritisiert-griechenland-wegen-illegaler-pushbacks\/","title":{"rendered":"Streit um Fl\u00fcchtlingspolitik: Erdo\u011fan kritisiert Griechenland wegen illegaler Pushbacks"},"content":{"rendered":"<p><img decoding=\"async\" src=\"http:\/\/just-now.news\/de\/wp-content\/uploads\/sites\/3\/2022\/09\/632c22f1b480cc03314242f4.jpg\" \/><\/p>\n<div class=\"Text-root Text-type_1 \">\n                Vor der UN-Vollversammlung wirft der t\u00fcrkische Pr\u00e4sident Griechenland in Zusammenhang mit dem Umgang mit Fl\u00fcchtlingen &#8220;rechtswidrige und dreiste Pushbacks&#8221; vor.\n            <\/div>\n<p><\/p>\n<div class=\"Text-root Text-type_5 ArticleView-text ViewText-root \">\n<p>Im weiterhin schwelenden Streit um griechische Inseln im Osten der \u00c4g\u00e4is warf t\u00fcrkische Pr\u00e4sident Recep Tayyip Erdo\u011fan\u00a0Griechenland im Zusammenhang mit der Behandlung von Fl\u00fcchtlingen &#8220;rechtswidrige und dreiste Pushbacks&#8221; vor. Griechenland verwandle die \u00c4g\u00e4is in einen &#8220;Fl\u00fcchtlingsfriedhof&#8221;, sagte Erdo\u011fan\u00a0vor der UN-Vollversammlung in New York.\u00a0Der t\u00fcrkische Staatschef\u00a0hatte der Vollversammlung in New York als Beleg f\u00fcr Pushbacks auch Bilder von mutma\u00dflich dabei get\u00f6teten Fl\u00fcchtlingskindern pr\u00e4sentiert.<\/p>\n<p>Der griechische Au\u00dfenminister Nikos Dendias reagierte prompt: &#8220;Die Auslassungen der T\u00fcrkei sprengen jedes Mal erneut den Rahmen dessen, was die menschliche Vernunft noch fassen kann&#8221;, sagte er. &#8220;Ankara nutzt gef\u00e4lschte Fakten, die bereits seit zehn Tagen widerlegt sind&#8221;, konterte Dendias. Die T\u00fcrkei selbst sei es, die Migranten instrumentalisiere.<\/p>\n<p>Die Beziehungen zwischen der T\u00fcrkei und Griechenland sind auf einem Tiefpunkt angelangt. Die T\u00fcrkei stellt vor dem Hintergrund v\u00f6lkerrechtswidriger Stationierungen von Milit\u00e4rs die Souver\u00e4nit\u00e4t Griechenlands \u00fcber Inseln in der \u00c4g\u00e4is in Frage. Bei der j\u00fcngsten Eskalation geht es n\u00e4mlich vordergr\u00fcndig um die griechische Milit\u00e4rpr\u00e4senz auf den ost\u00e4g\u00e4ischen Inseln, von denen einige nur wenige Kilometer vor der t\u00fcrkischen K\u00fcste liegen. Ankara fordert mit Verweis auf den Vertrag von Lausanne aus dem Jahr 1923 seit Langem deren Demilitarisierung.\u00a0Griechenland hat aber bereits begonnen,\u00a0die griechischen Inseln in der \u00f6stlichen \u00c4g\u00e4is milit\u00e4risch aufzur\u00fcsten.\u00a0Erst im Jahr 2020 standen die beiden\u00a0Staaten kurz vor einer milit\u00e4rischen Auseinandersetzung. Nun droht eine weitere Eskalation, weil die T\u00fcrkei in der \u00c4g\u00e4is wieder verst\u00e4rkt nach Gas sucht.<\/p>\n<p>Erdo\u011fan verteidigte in New York zudem erneut das viel kritisierte milit\u00e4rische Vorgehen t\u00fcrkischer Streitkr\u00e4fte im Nordirak\u00a0und in Nordsyrien. Er behauptete, sein Land bek\u00e4mpfe dort &#8220;Terroristen&#8221;.\u00a0Erdo\u011fan\u00a0lieb\u00e4ugelt seit L\u00e4ngerem mit einer vierten Invasion der t\u00fcrkischen\u00a0Armee in Syrien.\u00a0Der Staat Syrien betrachtet seinerseits das t\u00fcrkische Vorgehen als Verletzung der syrischen Souver\u00e4nit\u00e4t.<\/p>\n<p><strong>Mehr zum Thema<\/strong> &#8211; <a rel=\"nofollow noopener\" target=\"_blank\" href=\"https:\/\/rtde.site\/europa\/144442-turkei-griechenland-verletzt-vorsatzlich-vertrag\/\">T\u00fcrkei: Griechenland verletzt &#8220;vors\u00e4tzlich&#8221; den Vertrag von Lausanne<\/a><\/p>\n<div class=\"EmbedBlock-root EmbedBlock-externalVideo EmbedBlock-vk\">\n<div class=\"VkEmbed\"><iframe class=\"lazyload\" data-src=\"https:\/\/vk.com\/video_ext.php?oid=-134310637&amp;id=456257477&amp;hash=55f47b1fed44aa5b\" frameborder=\"0\" width=\"853\" height=\"480\" allowfullscreen><\/iframe><\/div>\n<\/div>\n<\/div>\n<p><br \/>\n<br \/><a href=\"https:\/\/de.rt.com\/europa\/149592-streit-um-fluchtlingspolitik-erdogan-kritisiert\/\">Source link <\/a><\/p>\n","protected":false},"excerpt":{"rendered":"<p>Vor der UN-Vollversammlung wirft der t\u00fcrkische Pr\u00e4sident Griechenland in Zusammenhang mit dem Umgang mit Fl\u00fcchtlingen &#8220;rechtswidrige und dreiste Pushbacks&#8221; vor. Im weiterhin schwelenden Streit um griechische Inseln im Osten der \u00c4g\u00e4is warf t\u00fcrkische Pr\u00e4sident Recep Tayyip Erdo\u011fan\u00a0Griechenland im Zusammenhang mit der Behandlung von Fl\u00fcchtlingen &#8220;rechtswidrige und dreiste Pushbacks&#8221; vor. Griechenland verwandle die \u00c4g\u00e4is in einen [&hellip;]<\/p>\n","protected":false},"author":3,"featured_media":19607,"comment_status":"open","ping_status":"open","sticky":false,"template":"","format":"standard","meta":{"wp_automatic_camp":["217"],"6a6a5c5bf5cb9feded2ccb6c3f6a8748":["Streit um Fl\u00fcchtlingspolitik: Erdo\u011fan kritisiert Griechenland wegen illegaler Pushbacks"],"original_link":["https:\/\/de.rt.com\/europa\/149592-streit-um-fluchtlingspolitik-erdogan-kritisiert\/"],"_thumbnail_id":["19607"],"_wptg_p2tg_sent2tg":["2022-09-22 22:40:23"],"jnews_social_counter_last_update":["1777198148"]},"categories":[19,23],"tags":[13697,33262,22004,8058,739,33263,8148,145],"yoast_head":"<!-- This site is optimized with the Yoast SEO Premium plugin v22.7 (Yoast SEO v22.7) - https:\/\/yoast.com\/wordpress\/plugins\/seo\/ -->\n<title>Streit um Fl\u00fcchtlingspolitik: Erdo\u011fan kritisiert Griechenland wegen illegaler Pushbacks - just-now.NEWS Deutschland<\/title>\n<meta name=\"robots\" content=\"index, follow, max-snippet:-1, max-image-preview:large, max-video-preview:-1\" \/>\n<link rel=\"canonical\" href=\"https:\/\/now-news.de\/de\/deutschland\/streit-um-fluechtlingspolitik-erdogan-kritisiert-griechenland-wegen-illegaler-pushbacks\/\" \/>\n<meta property=\"og:locale\" content=\"de_DE\" \/>\n<meta property=\"og:type\" content=\"article\" \/>\n<meta property=\"og:title\" content=\"Streit um Fl\u00fcchtlingspolitik: Erdo\u011fan kritisiert Griechenland wegen illegaler Pushbacks\" \/>\n<meta property=\"og:description\" content=\"Vor der UN-Vollversammlung wirft der t\u00fcrkische Pr\u00e4sident Griechenland in Zusammenhang mit dem Umgang mit Fl\u00fcchtlingen &#8220;rechtswidrige und dreiste Pushbacks&#8221; vor. Im weiterhin schwelenden Streit um griechische Inseln im Osten der \u00c4g\u00e4is warf t\u00fcrkische Pr\u00e4sident Recep Tayyip Erdo\u011fan\u00a0Griechenland im Zusammenhang mit der Behandlung von Fl\u00fcchtlingen &#8220;rechtswidrige und dreiste Pushbacks&#8221; vor. Griechenland verwandle die \u00c4g\u00e4is in einen [&hellip;]\" \/>\n<meta property=\"og:url\" content=\"https:\/\/now-news.de\/de\/deutschland\/streit-um-fluechtlingspolitik-erdogan-kritisiert-griechenland-wegen-illegaler-pushbacks\/\" \/>\n<meta property=\"og:site_name\" content=\"just-now.NEWS Deutschland\" \/>\n<meta property=\"article:publisher\" content=\"https:\/\/www.facebook.com\/wirmachenauf\" \/>\n<meta property=\"article:published_time\" content=\"2022-09-22T20:34:19+00:00\" \/>\n<meta property=\"og:image\" content=\"https:\/\/now-news.de\/de\/wp-content\/uploads\/sites\/3\/2022\/09\/Streit-um-Fluechtlingspolitik-Erdogan-kritisiert-Griechenland-wegen-illegaler-Pushbacks.jpg\" \/>\n\t<meta property=\"og:image:width\" content=\"460\" \/>\n\t<meta property=\"og:image:height\" content=\"259\" \/>\n\t<meta property=\"og:image:type\" content=\"image\/jpeg\" \/>\n<meta name=\"author\" content=\"rtnews\" \/>\n<meta name=\"twitter:card\" content=\"summary_large_image\" \/>\n<meta name=\"twitter:creator\" content=\"@WirMachenAuf_de\" \/>\n<meta name=\"twitter:site\" content=\"@WirMachenAuf_de\" \/>\n<meta name=\"twitter:label1\" content=\"Verfasst von\" \/>\n\t<meta name=\"twitter:data1\" content=\"rtnews\" \/>\n\t<meta name=\"twitter:label2\" content=\"Gesch\u00e4tzte Lesezeit\" \/>\n\t<meta name=\"twitter:data2\" content=\"2\u00a0Minuten\" \/>\n<script type=\"application\/ld+json\" class=\"yoast-schema-graph\">{\"@context\":\"https:\/\/schema.org\",\"@graph\":[{\"@type\":\"Article\",\"@id\":\"https:\/\/now-news.de\/de\/deutschland\/streit-um-fluechtlingspolitik-erdogan-kritisiert-griechenland-wegen-illegaler-pushbacks\/#article\",\"isPartOf\":{\"@id\":\"https:\/\/now-news.de\/de\/deutschland\/streit-um-fluechtlingspolitik-erdogan-kritisiert-griechenland-wegen-illegaler-pushbacks\/\"},\"author\":{\"name\":\"rtnews\",\"@id\":\"https:\/\/now-news.de\/de\/#\/schema\/person\/fb534a4e865501d8b3285208df34a9b5\"},\"headline\":\"Streit um Fl\u00fcchtlingspolitik: Erdo\u011fan kritisiert Griechenland wegen illegaler Pushbacks\",\"datePublished\":\"2022-09-22T20:34:19+00:00\",\"dateModified\":\"2022-09-22T20:34:19+00:00\",\"mainEntityOfPage\":{\"@id\":\"https:\/\/now-news.de\/de\/deutschland\/streit-um-fluechtlingspolitik-erdogan-kritisiert-griechenland-wegen-illegaler-pushbacks\/\"},\"wordCount\":387,\"commentCount\":0,\"publisher\":{\"@id\":\"https:\/\/now-news.de\/de\/#organization\"},\"image\":{\"@id\":\"https:\/\/now-news.de\/de\/deutschland\/streit-um-fluechtlingspolitik-erdogan-kritisiert-griechenland-wegen-illegaler-pushbacks\/#primaryimage\"},\"thumbnailUrl\":\"https:\/\/now-news.de\/de\/wp-content\/uploads\/sites\/3\/2022\/09\/Streit-um-Fluechtlingspolitik-Erdogan-kritisiert-Griechenland-wegen-illegaler-Pushbacks.jpg\",\"keywords\":[\"Erdo\u011fan\",\"Fl\u00fcchtlingspolitik\",\"Griechenland\",\"illegaler\",\"kritisiert\",\"Pushbacks\",\"Streit\",\"wegen\"],\"articleSection\":[\"Deutschland\",\"Russland\"],\"inLanguage\":\"de\",\"potentialAction\":[{\"@type\":\"CommentAction\",\"name\":\"Comment\",\"target\":[\"https:\/\/now-news.de\/de\/deutschland\/streit-um-fluechtlingspolitik-erdogan-kritisiert-griechenland-wegen-illegaler-pushbacks\/#respond\"]}]},{\"@type\":\"WebPage\",\"@id\":\"https:\/\/now-news.de\/de\/deutschland\/streit-um-fluechtlingspolitik-erdogan-kritisiert-griechenland-wegen-illegaler-pushbacks\/\",\"url\":\"https:\/\/now-news.de\/de\/deutschland\/streit-um-fluechtlingspolitik-erdogan-kritisiert-griechenland-wegen-illegaler-pushbacks\/\",\"name\":\"Streit um Fl\u00fcchtlingspolitik: Erdo\u011fan kritisiert Griechenland wegen illegaler Pushbacks - just-now.NEWS Deutschland\",\"isPartOf\":{\"@id\":\"https:\/\/now-news.de\/de\/#website\"},\"primaryImageOfPage\":{\"@id\":\"https:\/\/now-news.de\/de\/deutschland\/streit-um-fluechtlingspolitik-erdogan-kritisiert-griechenland-wegen-illegaler-pushbacks\/#primaryimage\"},\"image\":{\"@id\":\"https:\/\/now-news.de\/de\/deutschland\/streit-um-fluechtlingspolitik-erdogan-kritisiert-griechenland-wegen-illegaler-pushbacks\/#primaryimage\"},\"thumbnailUrl\":\"https:\/\/now-news.de\/de\/wp-content\/uploads\/sites\/3\/2022\/09\/Streit-um-Fluechtlingspolitik-Erdogan-kritisiert-Griechenland-wegen-illegaler-Pushbacks.jpg\",\"datePublished\":\"2022-09-22T20:34:19+00:00\",\"dateModified\":\"2022-09-22T20:34:19+00:00\",\"breadcrumb\":{\"@id\":\"https:\/\/now-news.de\/de\/deutschland\/streit-um-fluechtlingspolitik-erdogan-kritisiert-griechenland-wegen-illegaler-pushbacks\/#breadcrumb\"},\"inLanguage\":\"de\",\"potentialAction\":[{\"@type\":\"ReadAction\",\"target\":[\"https:\/\/now-news.de\/de\/deutschland\/streit-um-fluechtlingspolitik-erdogan-kritisiert-griechenland-wegen-illegaler-pushbacks\/\"]}]},{\"@type\":\"ImageObject\",\"inLanguage\":\"de\",\"@id\":\"https:\/\/now-news.de\/de\/deutschland\/streit-um-fluechtlingspolitik-erdogan-kritisiert-griechenland-wegen-illegaler-pushbacks\/#primaryimage\",\"url\":\"https:\/\/now-news.de\/de\/wp-content\/uploads\/sites\/3\/2022\/09\/Streit-um-Fluechtlingspolitik-Erdogan-kritisiert-Griechenland-wegen-illegaler-Pushbacks.jpg\",\"contentUrl\":\"https:\/\/now-news.de\/de\/wp-content\/uploads\/sites\/3\/2022\/09\/Streit-um-Fluechtlingspolitik-Erdogan-kritisiert-Griechenland-wegen-illegaler-Pushbacks.jpg\",\"width\":460,\"height\":259,\"caption\":\"Streit um Fl\u00fcchtlingspolitik: Erdo\u011fan kritisiert Griechenland wegen illegaler Pushbacks\"},{\"@type\":\"BreadcrumbList\",\"@id\":\"https:\/\/now-news.de\/de\/deutschland\/streit-um-fluechtlingspolitik-erdogan-kritisiert-griechenland-wegen-illegaler-pushbacks\/#breadcrumb\",\"itemListElement\":[{\"@type\":\"ListItem\",\"position\":1,\"name\":\"Home\",\"item\":\"https:\/\/now-news.de\/de\/\"},{\"@type\":\"ListItem\",\"position\":2,\"name\":\"Streit um Fl\u00fcchtlingspolitik: Erdo\u011fan kritisiert Griechenland wegen illegaler Pushbacks\"}]},{\"@type\":\"WebSite\",\"@id\":\"https:\/\/now-news.de\/de\/#website\",\"url\":\"https:\/\/now-news.de\/de\/\",\"name\":\"just-now.NEWS Deutschland\",\"description\":\"Das Portal f\u00fcr unzensierte Nachrichten aus der Welt\",\"publisher\":{\"@id\":\"https:\/\/now-news.de\/de\/#organization\"},\"potentialAction\":[{\"@type\":\"SearchAction\",\"target\":{\"@type\":\"EntryPoint\",\"urlTemplate\":\"https:\/\/now-news.de\/de\/?s={search_term_string}\"},\"query-input\":\"required name=search_term_string\"}],\"inLanguage\":\"de\"},{\"@type\":\"Organization\",\"@id\":\"https:\/\/now-news.de\/de\/#organization\",\"name\":\"Just Now News\",\"url\":\"https:\/\/now-news.de\/de\/\",\"logo\":{\"@type\":\"ImageObject\",\"inLanguage\":\"de\",\"@id\":\"https:\/\/now-news.de\/de\/#\/schema\/logo\/image\/\",\"url\":\"http:\/\/just-now.news\/de\/wp-content\/uploads\/sites\/3\/2022\/04\/logo500x500.jpg\",\"contentUrl\":\"http:\/\/just-now.news\/de\/wp-content\/uploads\/sites\/3\/2022\/04\/logo500x500.jpg\",\"width\":500,\"height\":500,\"caption\":\"Just Now News\"},\"image\":{\"@id\":\"https:\/\/now-news.de\/de\/#\/schema\/logo\/image\/\"},\"sameAs\":[\"https:\/\/www.facebook.com\/wirmachenauf\",\"https:\/\/x.com\/WirMachenAuf_de\"]},{\"@type\":\"Person\",\"@id\":\"https:\/\/now-news.de\/de\/#\/schema\/person\/fb534a4e865501d8b3285208df34a9b5\",\"name\":\"rtnews\",\"image\":{\"@type\":\"ImageObject\",\"inLanguage\":\"de\",\"@id\":\"https:\/\/now-news.de\/de\/#\/schema\/person\/image\/\",\"url\":\"https:\/\/secure.gravatar.com\/avatar\/82aafea7d8127119dd649515f56e2117?s=96&d=mm&r=g\",\"contentUrl\":\"https:\/\/secure.gravatar.com\/avatar\/82aafea7d8127119dd649515f56e2117?s=96&d=mm&r=g\",\"caption\":\"rtnews\"},\"url\":\"https:\/\/now-news.de\/de\/author\/rnews\/\"}]}<\/script>\n<!-- \/ Yoast SEO Premium plugin. -->","yoast_head_json":{"title":"Streit um Fl\u00fcchtlingspolitik: Erdo\u011fan kritisiert Griechenland wegen illegaler Pushbacks - just-now.NEWS Deutschland","robots":{"index":"index","follow":"follow","max-snippet":"max-snippet:-1","max-image-preview":"max-image-preview:large","max-video-preview":"max-video-preview:-1"},"canonical":"https:\/\/now-news.de\/de\/deutschland\/streit-um-fluechtlingspolitik-erdogan-kritisiert-griechenland-wegen-illegaler-pushbacks\/","og_locale":"de_DE","og_type":"article","og_title":"Streit um Fl\u00fcchtlingspolitik: Erdo\u011fan kritisiert Griechenland wegen illegaler Pushbacks","og_description":"Vor der UN-Vollversammlung wirft der t\u00fcrkische Pr\u00e4sident Griechenland in Zusammenhang mit dem Umgang mit Fl\u00fcchtlingen &#8220;rechtswidrige und dreiste Pushbacks&#8221; vor. Im weiterhin schwelenden Streit um griechische Inseln im Osten der \u00c4g\u00e4is warf t\u00fcrkische Pr\u00e4sident Recep Tayyip Erdo\u011fan\u00a0Griechenland im Zusammenhang mit der Behandlung von Fl\u00fcchtlingen &#8220;rechtswidrige und dreiste Pushbacks&#8221; vor. Griechenland verwandle die \u00c4g\u00e4is in einen [&hellip;]","og_url":"https:\/\/now-news.de\/de\/deutschland\/streit-um-fluechtlingspolitik-erdogan-kritisiert-griechenland-wegen-illegaler-pushbacks\/","og_site_name":"just-now.NEWS Deutschland","article_publisher":"https:\/\/www.facebook.com\/wirmachenauf","article_published_time":"2022-09-22T20:34:19+00:00","og_image":[{"width":460,"height":259,"url":"https:\/\/now-news.de\/de\/wp-content\/uploads\/sites\/3\/2022\/09\/Streit-um-Fluechtlingspolitik-Erdogan-kritisiert-Griechenland-wegen-illegaler-Pushbacks.jpg","type":"image\/jpeg"}],"author":"rtnews","twitter_card":"summary_large_image","twitter_creator":"@WirMachenAuf_de","twitter_site":"@WirMachenAuf_de","twitter_misc":{"Verfasst von":"rtnews","Gesch\u00e4tzte Lesezeit":"2\u00a0Minuten"},"schema":{"@context":"https:\/\/schema.org","@graph":[{"@type":"Article","@id":"https:\/\/now-news.de\/de\/deutschland\/streit-um-fluechtlingspolitik-erdogan-kritisiert-griechenland-wegen-illegaler-pushbacks\/#article","isPartOf":{"@id":"https:\/\/now-news.de\/de\/deutschland\/streit-um-fluechtlingspolitik-erdogan-kritisiert-griechenland-wegen-illegaler-pushbacks\/"},"author":{"name":"rtnews","@id":"https:\/\/now-news.de\/de\/#\/schema\/person\/fb534a4e865501d8b3285208df34a9b5"},"headline":"Streit um Fl\u00fcchtlingspolitik: Erdo\u011fan kritisiert Griechenland wegen illegaler Pushbacks","datePublished":"2022-09-22T20:34:19+00:00","dateModified":"2022-09-22T20:34:19+00:00","mainEntityOfPage":{"@id":"https:\/\/now-news.de\/de\/deutschland\/streit-um-fluechtlingspolitik-erdogan-kritisiert-griechenland-wegen-illegaler-pushbacks\/"},"wordCount":387,"commentCount":0,"publisher":{"@id":"https:\/\/now-news.de\/de\/#organization"},"image":{"@id":"https:\/\/now-news.de\/de\/deutschland\/streit-um-fluechtlingspolitik-erdogan-kritisiert-griechenland-wegen-illegaler-pushbacks\/#primaryimage"},"thumbnailUrl":"https:\/\/now-news.de\/de\/wp-content\/uploads\/sites\/3\/2022\/09\/Streit-um-Fluechtlingspolitik-Erdogan-kritisiert-Griechenland-wegen-illegaler-Pushbacks.jpg","keywords":["Erdo\u011fan","Fl\u00fcchtlingspolitik","Griechenland","illegaler","kritisiert","Pushbacks","Streit","wegen"],"articleSection":["Deutschland","Russland"],"inLanguage":"de","potentialAction":[{"@type":"CommentAction","name":"Comment","target":["https:\/\/now-news.de\/de\/deutschland\/streit-um-fluechtlingspolitik-erdogan-kritisiert-griechenland-wegen-illegaler-pushbacks\/#respond"]}]},{"@type":"WebPage","@id":"https:\/\/now-news.de\/de\/deutschland\/streit-um-fluechtlingspolitik-erdogan-kritisiert-griechenland-wegen-illegaler-pushbacks\/","url":"https:\/\/now-news.de\/de\/deutschland\/streit-um-fluechtlingspolitik-erdogan-kritisiert-griechenland-wegen-illegaler-pushbacks\/","name":"Streit um Fl\u00fcchtlingspolitik: Erdo\u011fan kritisiert Griechenland wegen illegaler Pushbacks - just-now.NEWS Deutschland","isPartOf":{"@id":"https:\/\/now-news.de\/de\/#website"},"primaryImageOfPage":{"@id":"https:\/\/now-news.de\/de\/deutschland\/streit-um-fluechtlingspolitik-erdogan-kritisiert-griechenland-wegen-illegaler-pushbacks\/#primaryimage"},"image":{"@id":"https:\/\/now-news.de\/de\/deutschland\/streit-um-fluechtlingspolitik-erdogan-kritisiert-griechenland-wegen-illegaler-pushbacks\/#primaryimage"},"thumbnailUrl":"https:\/\/now-news.de\/de\/wp-content\/uploads\/sites\/3\/2022\/09\/Streit-um-Fluechtlingspolitik-Erdogan-kritisiert-Griechenland-wegen-illegaler-Pushbacks.jpg","datePublished":"2022-09-22T20:34:19+00:00","dateModified":"2022-09-22T20:34:19+00:00","breadcrumb":{"@id":"https:\/\/now-news.de\/de\/deutschland\/streit-um-fluechtlingspolitik-erdogan-kritisiert-griechenland-wegen-illegaler-pushbacks\/#breadcrumb"},"inLanguage":"de","potentialAction":[{"@type":"ReadAction","target":["https:\/\/now-news.de\/de\/deutschland\/streit-um-fluechtlingspolitik-erdogan-kritisiert-griechenland-wegen-illegaler-pushbacks\/"]}]},{"@type":"ImageObject","inLanguage":"de","@id":"https:\/\/now-news.de\/de\/deutschland\/streit-um-fluechtlingspolitik-erdogan-kritisiert-griechenland-wegen-illegaler-pushbacks\/#primaryimage","url":"https:\/\/now-news.de\/de\/wp-content\/uploads\/sites\/3\/2022\/09\/Streit-um-Fluechtlingspolitik-Erdogan-kritisiert-Griechenland-wegen-illegaler-Pushbacks.jpg","contentUrl":"https:\/\/now-news.de\/de\/wp-content\/uploads\/sites\/3\/2022\/09\/Streit-um-Fluechtlingspolitik-Erdogan-kritisiert-Griechenland-wegen-illegaler-Pushbacks.jpg","width":460,"height":259,"caption":"Streit um Fl\u00fcchtlingspolitik: Erdo\u011fan kritisiert Griechenland wegen illegaler Pushbacks"},{"@type":"BreadcrumbList","@id":"https:\/\/now-news.de\/de\/deutschland\/streit-um-fluechtlingspolitik-erdogan-kritisiert-griechenland-wegen-illegaler-pushbacks\/#breadcrumb","itemListElement":[{"@type":"ListItem","position":1,"name":"Home","item":"https:\/\/now-news.de\/de\/"},{"@type":"ListItem","position":2,"name":"Streit um Fl\u00fcchtlingspolitik: Erdo\u011fan kritisiert Griechenland wegen illegaler Pushbacks"}]},{"@type":"WebSite","@id":"https:\/\/now-news.de\/de\/#website","url":"https:\/\/now-news.de\/de\/","name":"just-now.NEWS Deutschland","description":"Das Portal f\u00fcr unzensierte Nachrichten aus der Welt","publisher":{"@id":"https:\/\/now-news.de\/de\/#organization"},"potentialAction":[{"@type":"SearchAction","target":{"@type":"EntryPoint","urlTemplate":"https:\/\/now-news.de\/de\/?s={search_term_string}"},"query-input":"required name=search_term_string"}],"inLanguage":"de"},{"@type":"Organization","@id":"https:\/\/now-news.de\/de\/#organization","name":"Just Now News","url":"https:\/\/now-news.de\/de\/","logo":{"@type":"ImageObject","inLanguage":"de","@id":"https:\/\/now-news.de\/de\/#\/schema\/logo\/image\/","url":"http:\/\/just-now.news\/de\/wp-content\/uploads\/sites\/3\/2022\/04\/logo500x500.jpg","contentUrl":"http:\/\/just-now.news\/de\/wp-content\/uploads\/sites\/3\/2022\/04\/logo500x500.jpg","width":500,"height":500,"caption":"Just Now News"},"image":{"@id":"https:\/\/now-news.de\/de\/#\/schema\/logo\/image\/"},"sameAs":["https:\/\/www.facebook.com\/wirmachenauf","https:\/\/x.com\/WirMachenAuf_de"]},{"@type":"Person","@id":"https:\/\/now-news.de\/de\/#\/schema\/person\/fb534a4e865501d8b3285208df34a9b5","name":"rtnews","image":{"@type":"ImageObject","inLanguage":"de","@id":"https:\/\/now-news.de\/de\/#\/schema\/person\/image\/","url":"https:\/\/secure.gravatar.com\/avatar\/82aafea7d8127119dd649515f56e2117?s=96&d=mm&r=g","contentUrl":"https:\/\/secure.gravatar.com\/avatar\/82aafea7d8127119dd649515f56e2117?s=96&d=mm&r=g","caption":"rtnews"},"url":"https:\/\/now-news.de\/de\/author\/rnews\/"}]}},"_links":{"self":[{"href":"https:\/\/now-news.de\/de\/wp-json\/wp\/v2\/posts\/19606"}],"collection":[{"href":"https:\/\/now-news.de\/de\/wp-json\/wp\/v2\/posts"}],"about":[{"href":"https:\/\/now-news.de\/de\/wp-json\/wp\/v2\/types\/post"}],"author":[{"embeddable":true,"href":"https:\/\/now-news.de\/de\/wp-json\/wp\/v2\/users\/3"}],"replies":[{"embeddable":true,"href":"https:\/\/now-news.de\/de\/wp-json\/wp\/v2\/comments?post=19606"}],"version-history":[{"count":0,"href":"https:\/\/now-news.de\/de\/wp-json\/wp\/v2\/posts\/19606\/revisions"}],"wp:featuredmedia":[{"embeddable":true,"href":"https:\/\/now-news.de\/de\/wp-json\/wp\/v2\/media\/19607"}],"wp:attachment":[{"href":"https:\/\/now-news.de\/de\/wp-json\/wp\/v2\/media?parent=19606"}],"wp:term":[{"taxonomy":"category","embeddable":true,"href":"https:\/\/now-news.de\/de\/wp-json\/wp\/v2\/categories?post=19606"},{"taxonomy":"post_tag","embeddable":true,"href":"https:\/\/now-news.de\/de\/wp-json\/wp\/v2\/tags?post=19606"}],"curies":[{"name":"wp","href":"https:\/\/api.w.org\/{rel}","templated":true}]}}