{"id":19604,"date":"2022-09-22T22:18:22","date_gmt":"2022-09-22T20:18:22","guid":{"rendered":"http:\/\/just-now.news\/de\/deutschland\/warnlampen-an-gesetzentwurf-ermaechtigt-eu-kommission-zu-voelliger-wirtschaftlicher-kontrolle\/"},"modified":"2022-09-22T22:18:22","modified_gmt":"2022-09-22T20:18:22","slug":"warnlampen-an-gesetzentwurf-ermaechtigt-eu-kommission-zu-voelliger-wirtschaftlicher-kontrolle","status":"publish","type":"post","link":"https:\/\/now-news.de\/de\/deutschland\/warnlampen-an-gesetzentwurf-ermaechtigt-eu-kommission-zu-voelliger-wirtschaftlicher-kontrolle\/","title":{"rendered":"Warnlampen an! Gesetzentwurf erm\u00e4chtigt EU-Kommission zu v\u00f6lliger wirtschaftlicher Kontrolle"},"content":{"rendered":"<p><img decoding=\"async\" src=\"http:\/\/just-now.news\/de\/wp-content\/uploads\/sites\/3\/2022\/09\/632b53ec48fbef43b61a98c0.jpg\" \/><\/p>\n<div class=\"Text-root Text-type_1 \">\n                Bisher ist dieser Entwurf eines EU-Gesetzes der \u00d6ffentlichkeit weitgehend entgangen. Aber das sollte nicht so bleiben, er hat es wirklich in sich. Die EU-Kommission zieht die meisten Rechte an sich, die bislang noch die Mitgliedsstaaten in Krisenlagen haben. Das &#8220;SMEI&#8221; ist ein \u00f6konomisches Erm\u00e4chtigungsgesetz.\n            <\/div>\n<p><\/p>\n<div class=\"Text-root Text-type_5 ArticleView-text ViewText-root \">\n<p><em>Von Dagmar Henn<\/em><\/p>\n<p>Am Montag <a rel=\"nofollow noopener\" target=\"_blank\" href=\"https:\/\/ec.europa.eu\/commission\/presscorner\/detail\/de\/ip_22_5443\">ver\u00f6ffentlichte<\/a> die EU-Kommission einen Gesetzentwurf, den sie &#8220;Notfallinstrument f\u00fcr den Binnenmarkt&#8221; (Single Market Emergency Instrument: SMEI) betitelt. Dieser Entwurf sollte sehr aufmerksam gelesen werden, denn das ist ein wirtschaftlicher Putsch in der Europ\u00e4ischen Union (EU).<\/p>\n<p>Seine Lekt\u00fcre ist \u2013 wie bei allen EU-Normen \u2013 eine Qual, in diesem Fall ist die Qual allerdings eine doppelte. Sie liegt nicht nur in der angels\u00e4chsisch beeinflussten Diktion, sondern ebenso sehr im Inhalt. Begr\u00fcndet wird der umfangreiche Text mit Erfahrungen, die w\u00e4hrend Corona gemacht worden seien; tats\u00e4chlich w\u00fcrde dieses Gesetz der EU-Kommission Vollmachten verleihen, die als Grundlage einer \u00f6konomischen Mobilisierung gelesen werden k\u00f6nnen.<\/p>\n<p>Der Entwurf muss noch gebilligt werden durch das Europ\u00e4ische Parlament sowie den Rat der Europ\u00e4ischen Union, der mit den zust\u00e4ndigen Fachministern der Mitgliedsl\u00e4nder besetzt ist; er unterliegt aber nicht der Vorgabe einer Einstimmigkeit aller Mitgliedsl\u00e4nder, weil es sich nicht um Au\u00dfenpolitik, sondern um EU- Wirtschaftspolitik und somit Innenpolitik handelt. Das hei\u00dft, die letztlich entscheidende Abstimmungsschwelle liegt bei mindestens 15 L\u00e4ndern, die mindestens 65 Prozent der EU-Bev\u00f6lkerung repr\u00e4sentieren m\u00fcssen. Alle \u00fcbrigen L\u00e4nder w\u00e4ren diesen Regelungen dann auch gegen ihren Willen so lange unterworfen, wie sie Mitglied der EU bleiben wollen.<\/p>\n<p>In dem Entwurf sind zwei Stufen vorgesehen: ein \u00dcberwachungsmodus und ein Notfallmodus. Den \u00dcberwachungsmodus kann die Kommission selbst\u00e4ndig erkl\u00e4ren; f\u00fcr die Aktivierung des Notfallmodus braucht sie eine Zustimmung des Rates der EU, also exakt desselben Gremiums, das bald auch die wirkliche Entscheidung \u00fcber den Entwurf treffen wird.<\/p>\n<p>Es ist in dem gesamten Entwurf nur sehr allgemein von einer &#8220;Krise&#8221; die Rede, die &#8220;den Binnenmarkt bedroht&#8221;. Nun kann man nicht leugnen, dass eine sehr schwere Form einer solchen Krise durch EU-Entscheidungen faktisch bereits ausgel\u00f6st wurde und gerade in der EU wirkt \u2013 die Krise, die durch die gegen Russland verh\u00e4ngten Sanktionen entstand. Und diese massive Krise betrifft sehr viele G\u00fcter, Dienstleistungen und Lebensnotwendigkeiten.<\/p>\n<p>Um zu bewerten, was die EU-Kommission da mit SMEI versucht, muss man sich zuerst dar\u00fcber im Klaren sein, dass es ihr keineswegs darum geht, etwa das \u00dcberleben der EU-B\u00fcrger in dieser Krise zu sichern; der Kommission geht es einzig um den Markt. Ein kleines Zitat aus der <a rel=\"nofollow noopener\" target=\"_blank\" href=\"https:\/\/ec.europa.eu\/commission\/presscorner\/detail\/de\/QANDA_22_5444\">Presseerkl\u00e4rung<\/a> dazu belegt das: &#8220;Der Notfallmodus legt Grunds\u00e4tze fest, die von den Mitgliedstaaten einzuhalten sind, wenn es gilt, die Freiz\u00fcgigkeit zu erleichtern und gegebenenfalls wiederherzustellen. Gleichzeitig wird es den Mitgliedstaaten untersagt, spezifische Beschr\u00e4nkungen des freien Verkehrs krisenrelevanter Waren und Dienstleistungen zu erlassen, es sei denn, diese werden als gerechtfertigtes letztes Mittel eingesetzt.&#8221;<\/p>\n<p>Jetzt zur <a rel=\"nofollow noopener\" target=\"_blank\" href=\"https:\/\/eur-lex.europa.eu\/legal-content\/EN\/TXT\/?uri=celex:12012E\/TXT\">Definition<\/a> des Begriffs &#8220;krisenrelevante Waren&#8221;: &#8221; &#8216;Krisenrelevante Waren und Dienstleistungen&#8217; sind Waren und Dienstleistungen, die f\u00fcr die Beantwortung der Krise unverzichtbar sind oder daf\u00fcr, die Auswirkungen der Krise auf den Binnenmarkt w\u00e4hrend eines Binnenmarktnotfalls zu mildern.&#8221;<\/p>\n<p>Es gibt keine feste Liste solcher Waren, die Kommission l\u00e4sst alle im Unklaren, was damit gemeint ist. Das bedeutet aber auch, weder Lebensmittel noch milit\u00e4rische G\u00fcter sind grunds\u00e4tzlich ausgeschlossen. Wenn man sich an das Fr\u00fchjahr dieses Jahres erinnert, als das Sonnenblumen\u00f6l pl\u00f6tzlich aus den Supermarktregalen in Deutschland verschwunden war und zur selben Zeit die ungarische Regierung einen Export von Sonnenblumen\u00f6l untersagte, so war das ein m\u00f6gliches Beispiel, wann die EU-Kommission h\u00e4tte eingreifen k\u00f6nnen, w\u00e4re dieses Gesetz bereits in Kraft gewesen.<\/p>\n<p>Nun sind zwei Dinge dabei von zentraler Bedeutung. Zum einen reden wir in der wirklichen Welt von einer Krise, die auch Bereiche wie die Lebensmittelversorgung umfasst; ebenfalls dank entsprechender EU-Entscheidungen \u2013 nicht nur zur Sanktionierung von Erdgas, sondern zudem zur Verringerung des Einsatzes von Kunstd\u00fcngern \u2013, was der Ausl\u00f6ser der niederl\u00e4ndischen Bauernproteste war. Notfallversorgung in einer Lebensmittelkrise l\u00e4sst sich aber nur von unten nach oben lenken, nicht von oben nach unten. Das Vorhaben der Kommission, solche Befugnisse an sich zu ziehen, was mit entsprechenden b\u00fcrokratischen Abfragen gekoppelt ist, w\u00e4re das letzte Mittel, das unter solchen Umst\u00e4nden sinnvoll ist und Probleme l\u00f6sen k\u00f6nnte.<\/p>\n<p>Es gibt aber noch einen anderen Aspekt. Notfallvorsorge und Notfallhilfe geh\u00f6ren zu den zentralen Aufgaben von Staaten und bilden mit den Kern ihrer Legitimit\u00e4t. Was die EU-Kommission hier zu \u00fcbernehmen beabsichtigt, ist ein essentieller Bestandteil der staatlichen Souver\u00e4nit\u00e4t. Im Interesse der Bev\u00f6lkerung get\u00e4tigte Notfallma\u00dfnahmen etwa bei einer Krise in der Lebensmittelversorgung sind notwendigerweise gegen den Markt gerichtet, denn sie erfordern es, in dieser Situation ungeeignete Marktmechanismen aufzuheben. Jede historische Erfahrung belegt, dass andernfalls die lebenswichtigen G\u00fcter eben nicht der Bev\u00f6lkerung zugutekommen, sondern f\u00fcr Spekulationen benutzt werden. Man muss sich nur die Vorg\u00e4nge auf dem k\u00fcnstlich von der EU eingerichteten &#8220;Gasmarkt&#8221; ansehen, um zu erkennen, dass das heute noch so gilt wie seit Hunderten von Jahren.<\/p>\n<p>Der Entwurf der Kommission stellt den Markt und sein Funktionieren selbst \u00fcber elementarste Interessen der Bev\u00f6lkerung, und diese Regeln treten an die Stelle jener, denen souver\u00e4ne Staaten im Falle solcher Krisen zu folgen pflegen. Dabei gibt es zwischen der Kommission und den Regierungen der einzelnen L\u00e4nder einen grundlegenden Unterschied \u2013 die Regierungen sind eigentlich noch immer ihren eigenen Bev\u00f6lkerungen gegen\u00fcber verpflichtet (auch wenn viele das zur Zeit nicht befolgen), die EU-Kommission jedoch \u2013 ist niemandem Rechenschaft schuldig.<\/p>\n<p>Mitgliedsstaaten der EU wird es w\u00e4hrend eines Binnenmarktnotfalls untersagt, Exportverbote oder Ma\u00dfnahmen, die entsprechend wirken, \u00fcber krisenrelevante G\u00fcter oder Dienstleistungen zu verh\u00e4ngen. Es ist also beispielsweise der ungarischen Regierung dann untersagt, den Export von Sonnenblumen\u00f6l zu verbieten, oder der slowenischen, die Abwanderung von im eigenen Land dringend ben\u00f6tigten Pflegekr\u00e4ften zu unterbinden. Ebenso ist es untersagt, zwischen B\u00fcrgern der EU zu unterscheiden. Nun nehme man einmal an, Deutschland k\u00e4me in ernsthafte Schwierigkeiten bei der Lebensmittelversorgung und w\u00fcrde, den deutschen Notstandsplanungen zufolge, auf eine Versorgung \u00fcber Lebensmittelkarten umstellen. Das w\u00e4re nach diesem Gesetzentwurf gar nicht m\u00f6glich, weil allein die Ausgabe nur an im jeweiligen Ort ans\u00e4ssige Personen bereits gegen das Diskriminierungsverbot verstie\u00dfe und grunds\u00e4tzlich jeder EU-B\u00fcrger Anspruch auf Ber\u00fccksichtigung h\u00e4tte. Damit ist der eigentliche Zweck solcher Ma\u00dfnahmen aber gar nicht mehr erf\u00fcllbar, der schlie\u00dflich darin besteht, zumindest den Mangel vor Ort einigerma\u00dfen gerecht zu verteilen.<\/p>\n<p>Aber es geht noch weiter. Im Falle eines Mangels an Dingen, die von der EU-Kommission als strategische oder krisenrelevante G\u00fcter klassifiziert werden, erh\u00e4lt die Kommission das Recht, in s\u00e4mtlichen EU-Staaten nicht nur die vorhandenen Mengen, sondern gleichfalls auch noch alle Produzenten zu erfassen und durch direkte Anweisungen deren Produktionen zu priorisieren, eine Ausweitung anzuordnen oder die Lieferung in einen anderen EU-Mitgliedsstaat anzuweisen.<\/p>\n<p>Das klingt bereits nach Kriegswirtschaft \u2013 und genau so ist das vermutlich auch gedacht. Eine Kriegswirtschaft, die dann von der korruptesten, undemokratischsten und b\u00fcrokratischsten Struktur kommandiert wird, die in ganz Europa zu finden ist. Eine Struktur, die sich au\u00dferdem selbst das Recht zuspricht, Beschaffungen auf Rechnung von Mitgliedsstaaten vorzunehmen, selbst wenn diese dazu keinen spezifischen Auftrag erteilen.<\/p>\n<p>Mit diesem Gesetz greift die EU-Kommission nach den noch verbliebenen Resten einer Souver\u00e4nit\u00e4t ihrer Mitgliedsl\u00e4nder. Sie l\u00e4sst sich zum Souver\u00e4n erm\u00e4chtigen, getreu der in Deutschland so beliebten Definition von <a rel=\"nofollow noopener\" target=\"_blank\" href=\"https:\/\/de.wikipedia.org\/wiki\/Carl_Schmitt\">Carl Schmidt<\/a>, &#8220;Souver\u00e4n ist, wer \u00fcber den Ausnahmezustand entscheidet&#8221;. Wenn man beim Lesen dieses Entwurfs ber\u00fccksichtigt, dass nirgendwo darin eine Anwendung auf den Bereich der Produktion von R\u00fcstungsg\u00fctern ausgeschlossen ist, und die Priorit\u00e4ten der EU-Kommission in der Vergangenheit im Blick hat, bei der immer das Wohl der Konzerne \u00fcber dem Wohl der B\u00fcrger stand, dann kann einem Angst und Bange werden. Das Resultat hie\u00dfe mit absoluter Sicherheit: Kanonen statt Butter.<\/p>\n<p>\u00dcbrigens beschr\u00e4nken sich die Anweisungsbefugnisse, die sich die EU-Kommission erteilen lassen will, nicht nur auf gro\u00dfe Unternehmen, sondern ebenfalls auf kleine und mittlere. Es gibt keine Grenze nach unten, und alle werden sie verpflichtet, gew\u00fcnschte Daten zu liefern, oder eben auch, ihre Waren und Dienstleistungen nach den Vorgaben der Kommission zu liefern.<\/p>\n<p>Auch wenn es (noch) auf den Sektor der Wirtschaft beschr\u00e4nkt ist, handelt es sich hier um ein Erm\u00e4chtigungsgesetz, das mit der staatlichen Souver\u00e4nit\u00e4t in der Bew\u00e4ltigung von Notf\u00e4llen auch gleich die daraus abgeleiteten Entscheidungen jeglicher demokratischen Kontrolle entzieht. Mit diesem Gesetz verwandelt sich die EU in eine konzerngelenkte Diktatur \u2013 mit der EU-Kommission als ihrer Regierung.<\/p>\n<p>Es bleibt nur zu hoffen, dass dieser Entwurf noch weit genug verbreitet und zur Kenntnis genommen wird, ehe er verabschiedet werden kann, und sich somit noch rechtzeitig ausreichender Widerstand dagegen regt. Denn wenn er erst einmal verabschiedet ist, bleibt den EU-Mitgliedsstaaten nur noch eine M\u00f6glichkeit, die Handlungsf\u00e4higkeit wieder zu erlangen \u2013 diese EU zu verlassen. Und wer m\u00f6chte wirklich miterleben, dass eine existentielle Krise so endet wie etwa die Renovierung der Gorch Fock?<\/p>\n<p><strong>Mehr zum Thema<\/strong> &#8211; <a rel=\"nofollow noopener\" target=\"_blank\" href=\"https:\/\/rtde.site\/meinung\/149420-von-doppelmoral-und-korruption\/\">Von Doppelmoral und Korruption: EU, Ungarn und die Ukraine<\/a><\/p>\n<\/div>\n<p><br \/>\n<br \/><a href=\"https:\/\/de.rt.com\/meinung\/149559-warnlampen-an-gesetzentwurf-ermachtigt-eu\/\">Source link <\/a><\/p>\n","protected":false},"excerpt":{"rendered":"<p>Bisher ist dieser Entwurf eines EU-Gesetzes der \u00d6ffentlichkeit weitgehend entgangen. Aber das sollte nicht so bleiben, er hat es wirklich in sich. Die EU-Kommission zieht die meisten Rechte an sich, die bislang noch die Mitgliedsstaaten in Krisenlagen haben. Das &#8220;SMEI&#8221; ist ein \u00f6konomisches Erm\u00e4chtigungsgesetz. Von Dagmar Henn Am Montag ver\u00f6ffentlichte die EU-Kommission einen Gesetzentwurf, den [&hellip;]<\/p>\n","protected":false},"author":3,"featured_media":19605,"comment_status":"open","ping_status":"open","sticky":false,"template":"","format":"standard","meta":{"wp_automatic_camp":["217"],"15baee11cc5fb2bb29279d06ef7dfb21":["Warnlampen an! Gesetzentwurf erm\u00e4chtigt EU-Kommission zu v\u00f6lliger wirtschaftlicher Kontrolle"],"original_link":["https:\/\/de.rt.com\/meinung\/149559-warnlampen-an-gesetzentwurf-ermachtigt-eu\/"],"_thumbnail_id":["19605"],"_wptg_p2tg_sent2tg":["2022-09-22 22:24:28"],"jnews_social_counter_last_update":["1777285277"]},"categories":[19,23],"tags":[24469,1500,7590,4567,33261,33260,32706],"yoast_head":"<!-- This site is optimized with the Yoast SEO Premium plugin v22.7 (Yoast SEO v22.7) - https:\/\/yoast.com\/wordpress\/plugins\/seo\/ -->\n<title>Warnlampen an! Gesetzentwurf erm\u00e4chtigt EU-Kommission zu v\u00f6lliger wirtschaftlicher Kontrolle - just-now.NEWS Deutschland<\/title>\n<meta name=\"robots\" content=\"index, follow, max-snippet:-1, max-image-preview:large, max-video-preview:-1\" \/>\n<link rel=\"canonical\" href=\"https:\/\/now-news.de\/de\/deutschland\/warnlampen-an-gesetzentwurf-ermaechtigt-eu-kommission-zu-voelliger-wirtschaftlicher-kontrolle\/\" \/>\n<meta property=\"og:locale\" content=\"de_DE\" \/>\n<meta property=\"og:type\" content=\"article\" \/>\n<meta property=\"og:title\" content=\"Warnlampen an! Gesetzentwurf erm\u00e4chtigt EU-Kommission zu v\u00f6lliger wirtschaftlicher Kontrolle\" \/>\n<meta property=\"og:description\" content=\"Bisher ist dieser Entwurf eines EU-Gesetzes der \u00d6ffentlichkeit weitgehend entgangen. Aber das sollte nicht so bleiben, er hat es wirklich in sich. Die EU-Kommission zieht die meisten Rechte an sich, die bislang noch die Mitgliedsstaaten in Krisenlagen haben. Das &#8220;SMEI&#8221; ist ein \u00f6konomisches Erm\u00e4chtigungsgesetz. Von Dagmar Henn Am Montag ver\u00f6ffentlichte die EU-Kommission einen Gesetzentwurf, den [&hellip;]\" \/>\n<meta property=\"og:url\" content=\"https:\/\/now-news.de\/de\/deutschland\/warnlampen-an-gesetzentwurf-ermaechtigt-eu-kommission-zu-voelliger-wirtschaftlicher-kontrolle\/\" \/>\n<meta property=\"og:site_name\" content=\"just-now.NEWS Deutschland\" \/>\n<meta property=\"article:publisher\" content=\"https:\/\/www.facebook.com\/wirmachenauf\" \/>\n<meta property=\"article:published_time\" content=\"2022-09-22T20:18:22+00:00\" \/>\n<meta property=\"og:image\" content=\"https:\/\/now-news.de\/de\/wp-content\/uploads\/sites\/3\/2022\/09\/Warnlampen-an-Gesetzentwurf-ermaechtigt-EU-Kommission-zu-voelliger-wirtschaftlicher-Kontrolle.jpg\" \/>\n\t<meta property=\"og:image:width\" content=\"460\" \/>\n\t<meta property=\"og:image:height\" content=\"259\" \/>\n\t<meta property=\"og:image:type\" content=\"image\/jpeg\" \/>\n<meta name=\"author\" content=\"rtnews\" \/>\n<meta name=\"twitter:card\" content=\"summary_large_image\" \/>\n<meta name=\"twitter:creator\" content=\"@WirMachenAuf_de\" \/>\n<meta name=\"twitter:site\" content=\"@WirMachenAuf_de\" \/>\n<meta name=\"twitter:label1\" content=\"Verfasst von\" \/>\n\t<meta name=\"twitter:data1\" content=\"rtnews\" \/>\n\t<meta name=\"twitter:label2\" content=\"Gesch\u00e4tzte Lesezeit\" \/>\n\t<meta name=\"twitter:data2\" content=\"8\u00a0Minuten\" \/>\n<script type=\"application\/ld+json\" class=\"yoast-schema-graph\">{\"@context\":\"https:\/\/schema.org\",\"@graph\":[{\"@type\":\"Article\",\"@id\":\"https:\/\/now-news.de\/de\/deutschland\/warnlampen-an-gesetzentwurf-ermaechtigt-eu-kommission-zu-voelliger-wirtschaftlicher-kontrolle\/#article\",\"isPartOf\":{\"@id\":\"https:\/\/now-news.de\/de\/deutschland\/warnlampen-an-gesetzentwurf-ermaechtigt-eu-kommission-zu-voelliger-wirtschaftlicher-kontrolle\/\"},\"author\":{\"name\":\"rtnews\",\"@id\":\"https:\/\/now-news.de\/de\/#\/schema\/person\/fb534a4e865501d8b3285208df34a9b5\"},\"headline\":\"Warnlampen an! Gesetzentwurf erm\u00e4chtigt EU-Kommission zu v\u00f6lliger wirtschaftlicher Kontrolle\",\"datePublished\":\"2022-09-22T20:18:22+00:00\",\"dateModified\":\"2022-09-22T20:18:22+00:00\",\"mainEntityOfPage\":{\"@id\":\"https:\/\/now-news.de\/de\/deutschland\/warnlampen-an-gesetzentwurf-ermaechtigt-eu-kommission-zu-voelliger-wirtschaftlicher-kontrolle\/\"},\"wordCount\":1545,\"commentCount\":0,\"publisher\":{\"@id\":\"https:\/\/now-news.de\/de\/#organization\"},\"image\":{\"@id\":\"https:\/\/now-news.de\/de\/deutschland\/warnlampen-an-gesetzentwurf-ermaechtigt-eu-kommission-zu-voelliger-wirtschaftlicher-kontrolle\/#primaryimage\"},\"thumbnailUrl\":\"https:\/\/now-news.de\/de\/wp-content\/uploads\/sites\/3\/2022\/09\/Warnlampen-an-Gesetzentwurf-ermaechtigt-EU-Kommission-zu-voelliger-wirtschaftlicher-Kontrolle.jpg\",\"keywords\":[\"erm\u00e4chtigt\",\"EUKommission\",\"Gesetzentwurf\",\"Kontrolle\",\"v\u00f6lliger\",\"Warnlampen\",\"wirtschaftlicher\"],\"articleSection\":[\"Deutschland\",\"Russland\"],\"inLanguage\":\"de\",\"potentialAction\":[{\"@type\":\"CommentAction\",\"name\":\"Comment\",\"target\":[\"https:\/\/now-news.de\/de\/deutschland\/warnlampen-an-gesetzentwurf-ermaechtigt-eu-kommission-zu-voelliger-wirtschaftlicher-kontrolle\/#respond\"]}]},{\"@type\":\"WebPage\",\"@id\":\"https:\/\/now-news.de\/de\/deutschland\/warnlampen-an-gesetzentwurf-ermaechtigt-eu-kommission-zu-voelliger-wirtschaftlicher-kontrolle\/\",\"url\":\"https:\/\/now-news.de\/de\/deutschland\/warnlampen-an-gesetzentwurf-ermaechtigt-eu-kommission-zu-voelliger-wirtschaftlicher-kontrolle\/\",\"name\":\"Warnlampen an! Gesetzentwurf erm\u00e4chtigt EU-Kommission zu v\u00f6lliger wirtschaftlicher Kontrolle - just-now.NEWS Deutschland\",\"isPartOf\":{\"@id\":\"https:\/\/now-news.de\/de\/#website\"},\"primaryImageOfPage\":{\"@id\":\"https:\/\/now-news.de\/de\/deutschland\/warnlampen-an-gesetzentwurf-ermaechtigt-eu-kommission-zu-voelliger-wirtschaftlicher-kontrolle\/#primaryimage\"},\"image\":{\"@id\":\"https:\/\/now-news.de\/de\/deutschland\/warnlampen-an-gesetzentwurf-ermaechtigt-eu-kommission-zu-voelliger-wirtschaftlicher-kontrolle\/#primaryimage\"},\"thumbnailUrl\":\"https:\/\/now-news.de\/de\/wp-content\/uploads\/sites\/3\/2022\/09\/Warnlampen-an-Gesetzentwurf-ermaechtigt-EU-Kommission-zu-voelliger-wirtschaftlicher-Kontrolle.jpg\",\"datePublished\":\"2022-09-22T20:18:22+00:00\",\"dateModified\":\"2022-09-22T20:18:22+00:00\",\"breadcrumb\":{\"@id\":\"https:\/\/now-news.de\/de\/deutschland\/warnlampen-an-gesetzentwurf-ermaechtigt-eu-kommission-zu-voelliger-wirtschaftlicher-kontrolle\/#breadcrumb\"},\"inLanguage\":\"de\",\"potentialAction\":[{\"@type\":\"ReadAction\",\"target\":[\"https:\/\/now-news.de\/de\/deutschland\/warnlampen-an-gesetzentwurf-ermaechtigt-eu-kommission-zu-voelliger-wirtschaftlicher-kontrolle\/\"]}]},{\"@type\":\"ImageObject\",\"inLanguage\":\"de\",\"@id\":\"https:\/\/now-news.de\/de\/deutschland\/warnlampen-an-gesetzentwurf-ermaechtigt-eu-kommission-zu-voelliger-wirtschaftlicher-kontrolle\/#primaryimage\",\"url\":\"https:\/\/now-news.de\/de\/wp-content\/uploads\/sites\/3\/2022\/09\/Warnlampen-an-Gesetzentwurf-ermaechtigt-EU-Kommission-zu-voelliger-wirtschaftlicher-Kontrolle.jpg\",\"contentUrl\":\"https:\/\/now-news.de\/de\/wp-content\/uploads\/sites\/3\/2022\/09\/Warnlampen-an-Gesetzentwurf-ermaechtigt-EU-Kommission-zu-voelliger-wirtschaftlicher-Kontrolle.jpg\",\"width\":460,\"height\":259,\"caption\":\"Warnlampen an! Gesetzentwurf erm\u00e4chtigt EU-Kommission zu v\u00f6lliger wirtschaftlicher Kontrolle\"},{\"@type\":\"BreadcrumbList\",\"@id\":\"https:\/\/now-news.de\/de\/deutschland\/warnlampen-an-gesetzentwurf-ermaechtigt-eu-kommission-zu-voelliger-wirtschaftlicher-kontrolle\/#breadcrumb\",\"itemListElement\":[{\"@type\":\"ListItem\",\"position\":1,\"name\":\"Home\",\"item\":\"https:\/\/now-news.de\/de\/\"},{\"@type\":\"ListItem\",\"position\":2,\"name\":\"Warnlampen an! Gesetzentwurf erm\u00e4chtigt EU-Kommission zu v\u00f6lliger wirtschaftlicher Kontrolle\"}]},{\"@type\":\"WebSite\",\"@id\":\"https:\/\/now-news.de\/de\/#website\",\"url\":\"https:\/\/now-news.de\/de\/\",\"name\":\"just-now.NEWS Deutschland\",\"description\":\"Das Portal f\u00fcr unzensierte Nachrichten aus der Welt\",\"publisher\":{\"@id\":\"https:\/\/now-news.de\/de\/#organization\"},\"potentialAction\":[{\"@type\":\"SearchAction\",\"target\":{\"@type\":\"EntryPoint\",\"urlTemplate\":\"https:\/\/now-news.de\/de\/?s={search_term_string}\"},\"query-input\":\"required name=search_term_string\"}],\"inLanguage\":\"de\"},{\"@type\":\"Organization\",\"@id\":\"https:\/\/now-news.de\/de\/#organization\",\"name\":\"Just Now News\",\"url\":\"https:\/\/now-news.de\/de\/\",\"logo\":{\"@type\":\"ImageObject\",\"inLanguage\":\"de\",\"@id\":\"https:\/\/now-news.de\/de\/#\/schema\/logo\/image\/\",\"url\":\"http:\/\/just-now.news\/de\/wp-content\/uploads\/sites\/3\/2022\/04\/logo500x500.jpg\",\"contentUrl\":\"http:\/\/just-now.news\/de\/wp-content\/uploads\/sites\/3\/2022\/04\/logo500x500.jpg\",\"width\":500,\"height\":500,\"caption\":\"Just Now News\"},\"image\":{\"@id\":\"https:\/\/now-news.de\/de\/#\/schema\/logo\/image\/\"},\"sameAs\":[\"https:\/\/www.facebook.com\/wirmachenauf\",\"https:\/\/x.com\/WirMachenAuf_de\"]},{\"@type\":\"Person\",\"@id\":\"https:\/\/now-news.de\/de\/#\/schema\/person\/fb534a4e865501d8b3285208df34a9b5\",\"name\":\"rtnews\",\"image\":{\"@type\":\"ImageObject\",\"inLanguage\":\"de\",\"@id\":\"https:\/\/now-news.de\/de\/#\/schema\/person\/image\/\",\"url\":\"https:\/\/secure.gravatar.com\/avatar\/82aafea7d8127119dd649515f56e2117?s=96&d=mm&r=g\",\"contentUrl\":\"https:\/\/secure.gravatar.com\/avatar\/82aafea7d8127119dd649515f56e2117?s=96&d=mm&r=g\",\"caption\":\"rtnews\"},\"url\":\"https:\/\/now-news.de\/de\/author\/rnews\/\"}]}<\/script>\n<!-- \/ Yoast SEO Premium plugin. -->","yoast_head_json":{"title":"Warnlampen an! Gesetzentwurf erm\u00e4chtigt EU-Kommission zu v\u00f6lliger wirtschaftlicher Kontrolle - just-now.NEWS Deutschland","robots":{"index":"index","follow":"follow","max-snippet":"max-snippet:-1","max-image-preview":"max-image-preview:large","max-video-preview":"max-video-preview:-1"},"canonical":"https:\/\/now-news.de\/de\/deutschland\/warnlampen-an-gesetzentwurf-ermaechtigt-eu-kommission-zu-voelliger-wirtschaftlicher-kontrolle\/","og_locale":"de_DE","og_type":"article","og_title":"Warnlampen an! Gesetzentwurf erm\u00e4chtigt EU-Kommission zu v\u00f6lliger wirtschaftlicher Kontrolle","og_description":"Bisher ist dieser Entwurf eines EU-Gesetzes der \u00d6ffentlichkeit weitgehend entgangen. Aber das sollte nicht so bleiben, er hat es wirklich in sich. Die EU-Kommission zieht die meisten Rechte an sich, die bislang noch die Mitgliedsstaaten in Krisenlagen haben. Das &#8220;SMEI&#8221; ist ein \u00f6konomisches Erm\u00e4chtigungsgesetz. Von Dagmar Henn Am Montag ver\u00f6ffentlichte die EU-Kommission einen Gesetzentwurf, den [&hellip;]","og_url":"https:\/\/now-news.de\/de\/deutschland\/warnlampen-an-gesetzentwurf-ermaechtigt-eu-kommission-zu-voelliger-wirtschaftlicher-kontrolle\/","og_site_name":"just-now.NEWS Deutschland","article_publisher":"https:\/\/www.facebook.com\/wirmachenauf","article_published_time":"2022-09-22T20:18:22+00:00","og_image":[{"width":460,"height":259,"url":"https:\/\/now-news.de\/de\/wp-content\/uploads\/sites\/3\/2022\/09\/Warnlampen-an-Gesetzentwurf-ermaechtigt-EU-Kommission-zu-voelliger-wirtschaftlicher-Kontrolle.jpg","type":"image\/jpeg"}],"author":"rtnews","twitter_card":"summary_large_image","twitter_creator":"@WirMachenAuf_de","twitter_site":"@WirMachenAuf_de","twitter_misc":{"Verfasst von":"rtnews","Gesch\u00e4tzte Lesezeit":"8\u00a0Minuten"},"schema":{"@context":"https:\/\/schema.org","@graph":[{"@type":"Article","@id":"https:\/\/now-news.de\/de\/deutschland\/warnlampen-an-gesetzentwurf-ermaechtigt-eu-kommission-zu-voelliger-wirtschaftlicher-kontrolle\/#article","isPartOf":{"@id":"https:\/\/now-news.de\/de\/deutschland\/warnlampen-an-gesetzentwurf-ermaechtigt-eu-kommission-zu-voelliger-wirtschaftlicher-kontrolle\/"},"author":{"name":"rtnews","@id":"https:\/\/now-news.de\/de\/#\/schema\/person\/fb534a4e865501d8b3285208df34a9b5"},"headline":"Warnlampen an! Gesetzentwurf erm\u00e4chtigt EU-Kommission zu v\u00f6lliger wirtschaftlicher Kontrolle","datePublished":"2022-09-22T20:18:22+00:00","dateModified":"2022-09-22T20:18:22+00:00","mainEntityOfPage":{"@id":"https:\/\/now-news.de\/de\/deutschland\/warnlampen-an-gesetzentwurf-ermaechtigt-eu-kommission-zu-voelliger-wirtschaftlicher-kontrolle\/"},"wordCount":1545,"commentCount":0,"publisher":{"@id":"https:\/\/now-news.de\/de\/#organization"},"image":{"@id":"https:\/\/now-news.de\/de\/deutschland\/warnlampen-an-gesetzentwurf-ermaechtigt-eu-kommission-zu-voelliger-wirtschaftlicher-kontrolle\/#primaryimage"},"thumbnailUrl":"https:\/\/now-news.de\/de\/wp-content\/uploads\/sites\/3\/2022\/09\/Warnlampen-an-Gesetzentwurf-ermaechtigt-EU-Kommission-zu-voelliger-wirtschaftlicher-Kontrolle.jpg","keywords":["erm\u00e4chtigt","EUKommission","Gesetzentwurf","Kontrolle","v\u00f6lliger","Warnlampen","wirtschaftlicher"],"articleSection":["Deutschland","Russland"],"inLanguage":"de","potentialAction":[{"@type":"CommentAction","name":"Comment","target":["https:\/\/now-news.de\/de\/deutschland\/warnlampen-an-gesetzentwurf-ermaechtigt-eu-kommission-zu-voelliger-wirtschaftlicher-kontrolle\/#respond"]}]},{"@type":"WebPage","@id":"https:\/\/now-news.de\/de\/deutschland\/warnlampen-an-gesetzentwurf-ermaechtigt-eu-kommission-zu-voelliger-wirtschaftlicher-kontrolle\/","url":"https:\/\/now-news.de\/de\/deutschland\/warnlampen-an-gesetzentwurf-ermaechtigt-eu-kommission-zu-voelliger-wirtschaftlicher-kontrolle\/","name":"Warnlampen an! Gesetzentwurf erm\u00e4chtigt EU-Kommission zu v\u00f6lliger wirtschaftlicher Kontrolle - just-now.NEWS Deutschland","isPartOf":{"@id":"https:\/\/now-news.de\/de\/#website"},"primaryImageOfPage":{"@id":"https:\/\/now-news.de\/de\/deutschland\/warnlampen-an-gesetzentwurf-ermaechtigt-eu-kommission-zu-voelliger-wirtschaftlicher-kontrolle\/#primaryimage"},"image":{"@id":"https:\/\/now-news.de\/de\/deutschland\/warnlampen-an-gesetzentwurf-ermaechtigt-eu-kommission-zu-voelliger-wirtschaftlicher-kontrolle\/#primaryimage"},"thumbnailUrl":"https:\/\/now-news.de\/de\/wp-content\/uploads\/sites\/3\/2022\/09\/Warnlampen-an-Gesetzentwurf-ermaechtigt-EU-Kommission-zu-voelliger-wirtschaftlicher-Kontrolle.jpg","datePublished":"2022-09-22T20:18:22+00:00","dateModified":"2022-09-22T20:18:22+00:00","breadcrumb":{"@id":"https:\/\/now-news.de\/de\/deutschland\/warnlampen-an-gesetzentwurf-ermaechtigt-eu-kommission-zu-voelliger-wirtschaftlicher-kontrolle\/#breadcrumb"},"inLanguage":"de","potentialAction":[{"@type":"ReadAction","target":["https:\/\/now-news.de\/de\/deutschland\/warnlampen-an-gesetzentwurf-ermaechtigt-eu-kommission-zu-voelliger-wirtschaftlicher-kontrolle\/"]}]},{"@type":"ImageObject","inLanguage":"de","@id":"https:\/\/now-news.de\/de\/deutschland\/warnlampen-an-gesetzentwurf-ermaechtigt-eu-kommission-zu-voelliger-wirtschaftlicher-kontrolle\/#primaryimage","url":"https:\/\/now-news.de\/de\/wp-content\/uploads\/sites\/3\/2022\/09\/Warnlampen-an-Gesetzentwurf-ermaechtigt-EU-Kommission-zu-voelliger-wirtschaftlicher-Kontrolle.jpg","contentUrl":"https:\/\/now-news.de\/de\/wp-content\/uploads\/sites\/3\/2022\/09\/Warnlampen-an-Gesetzentwurf-ermaechtigt-EU-Kommission-zu-voelliger-wirtschaftlicher-Kontrolle.jpg","width":460,"height":259,"caption":"Warnlampen an! Gesetzentwurf erm\u00e4chtigt EU-Kommission zu v\u00f6lliger wirtschaftlicher Kontrolle"},{"@type":"BreadcrumbList","@id":"https:\/\/now-news.de\/de\/deutschland\/warnlampen-an-gesetzentwurf-ermaechtigt-eu-kommission-zu-voelliger-wirtschaftlicher-kontrolle\/#breadcrumb","itemListElement":[{"@type":"ListItem","position":1,"name":"Home","item":"https:\/\/now-news.de\/de\/"},{"@type":"ListItem","position":2,"name":"Warnlampen an! Gesetzentwurf erm\u00e4chtigt EU-Kommission zu v\u00f6lliger wirtschaftlicher Kontrolle"}]},{"@type":"WebSite","@id":"https:\/\/now-news.de\/de\/#website","url":"https:\/\/now-news.de\/de\/","name":"just-now.NEWS Deutschland","description":"Das Portal f\u00fcr unzensierte Nachrichten aus der Welt","publisher":{"@id":"https:\/\/now-news.de\/de\/#organization"},"potentialAction":[{"@type":"SearchAction","target":{"@type":"EntryPoint","urlTemplate":"https:\/\/now-news.de\/de\/?s={search_term_string}"},"query-input":"required name=search_term_string"}],"inLanguage":"de"},{"@type":"Organization","@id":"https:\/\/now-news.de\/de\/#organization","name":"Just Now News","url":"https:\/\/now-news.de\/de\/","logo":{"@type":"ImageObject","inLanguage":"de","@id":"https:\/\/now-news.de\/de\/#\/schema\/logo\/image\/","url":"http:\/\/just-now.news\/de\/wp-content\/uploads\/sites\/3\/2022\/04\/logo500x500.jpg","contentUrl":"http:\/\/just-now.news\/de\/wp-content\/uploads\/sites\/3\/2022\/04\/logo500x500.jpg","width":500,"height":500,"caption":"Just Now News"},"image":{"@id":"https:\/\/now-news.de\/de\/#\/schema\/logo\/image\/"},"sameAs":["https:\/\/www.facebook.com\/wirmachenauf","https:\/\/x.com\/WirMachenAuf_de"]},{"@type":"Person","@id":"https:\/\/now-news.de\/de\/#\/schema\/person\/fb534a4e865501d8b3285208df34a9b5","name":"rtnews","image":{"@type":"ImageObject","inLanguage":"de","@id":"https:\/\/now-news.de\/de\/#\/schema\/person\/image\/","url":"https:\/\/secure.gravatar.com\/avatar\/82aafea7d8127119dd649515f56e2117?s=96&d=mm&r=g","contentUrl":"https:\/\/secure.gravatar.com\/avatar\/82aafea7d8127119dd649515f56e2117?s=96&d=mm&r=g","caption":"rtnews"},"url":"https:\/\/now-news.de\/de\/author\/rnews\/"}]}},"_links":{"self":[{"href":"https:\/\/now-news.de\/de\/wp-json\/wp\/v2\/posts\/19604"}],"collection":[{"href":"https:\/\/now-news.de\/de\/wp-json\/wp\/v2\/posts"}],"about":[{"href":"https:\/\/now-news.de\/de\/wp-json\/wp\/v2\/types\/post"}],"author":[{"embeddable":true,"href":"https:\/\/now-news.de\/de\/wp-json\/wp\/v2\/users\/3"}],"replies":[{"embeddable":true,"href":"https:\/\/now-news.de\/de\/wp-json\/wp\/v2\/comments?post=19604"}],"version-history":[{"count":0,"href":"https:\/\/now-news.de\/de\/wp-json\/wp\/v2\/posts\/19604\/revisions"}],"wp:featuredmedia":[{"embeddable":true,"href":"https:\/\/now-news.de\/de\/wp-json\/wp\/v2\/media\/19605"}],"wp:attachment":[{"href":"https:\/\/now-news.de\/de\/wp-json\/wp\/v2\/media?parent=19604"}],"wp:term":[{"taxonomy":"category","embeddable":true,"href":"https:\/\/now-news.de\/de\/wp-json\/wp\/v2\/categories?post=19604"},{"taxonomy":"post_tag","embeddable":true,"href":"https:\/\/now-news.de\/de\/wp-json\/wp\/v2\/tags?post=19604"}],"curies":[{"name":"wp","href":"https:\/\/api.w.org\/{rel}","templated":true}]}}