{"id":19599,"date":"2022-09-22T21:15:54","date_gmt":"2022-09-22T19:15:54","guid":{"rendered":"http:\/\/just-now.news\/de\/deutschland\/nato-delegation-in-albanien-aufklaerung-eines-mutmasslichen-iranischen-cyberangriffs\/"},"modified":"2022-09-22T21:15:54","modified_gmt":"2022-09-22T19:15:54","slug":"nato-delegation-in-albanien-aufklaerung-eines-mutmasslichen-iranischen-cyberangriffs","status":"publish","type":"post","link":"https:\/\/now-news.de\/de\/deutschland\/nato-delegation-in-albanien-aufklaerung-eines-mutmasslichen-iranischen-cyberangriffs\/","title":{"rendered":"NATO-Delegation in Albanien: Aufkl\u00e4rung eines mutma\u00dflichen iranischen Cyberangriffs"},"content":{"rendered":"<p><img decoding=\"async\" src=\"http:\/\/just-now.news\/de\/wp-content\/uploads\/sites\/3\/2022\/09\/632c58dd48fbef65d1220f70.jpg\" \/><\/p>\n<div class=\"Text-root Text-type_1 \">\n                Die albanische Regierung brach Anfang September wegen einer iranischen Cyberattacke die diplomatischen Beziehungen zu Teheran ab. Nun hat die NATO eine hochrangige Delegation nach Albanien entsandt, um dem Land bei der Bew\u00e4ltigung der Folgen des j\u00fcngsten Cyberangriffs zu helfen. Albanien ist Mitglied des westlichen Verteidigungsb\u00fcndnisses NATO.\n            <\/div>\n<p><\/p>\n<div class=\"Text-root Text-type_5 ArticleView-text ViewText-root \">\n<p>Die albanische Regierung brach Anfang September wegen einer iranischen Cyberattacke die diplomatischen Beziehungen\u00a0zu Teheran ab. Ein schwerer Cyberangriff, der das Land Mitte Juli traf, hatte die zentrale staatliche IT-Infrastruktur erheblich beeintr\u00e4chtigt.<\/p>\n<p>Die NATO hat am Mittwoch eine hochrangige Delegation nach Albanien entsandt, um dem Land auf dem Balkan bei der Bew\u00e4ltigung der Folgen der j\u00fcngsten Cyberattacke zu helfen. Die Regierung in\u00a0Tirana macht Iran auch f\u00fcr diesen Angriff verantwortlich.<\/p>\n<p>Nach <a rel=\"nofollow noopener\" target=\"_blank\" href=\"https:\/\/apnews.com\/article\/nato-technology-iran-albania-tirana-d052c24b071ed38d9d0389b160b1a3eb\">Angaben <\/a>der NATO leitet James Appathurai, der stellvertretende Generalsekret\u00e4r des B\u00fcndnisses, ein Expertenteam, das dem Mitgliedsland &#8220;politische und praktische Unterst\u00fctzung&#8221; anbieten und den Beamten der albanischen Verteidigungs- und anderer Sicherheitsinstitutionen\u00a0zu verstehen geben\u00a0soll, dass sie den Angriff nicht allein bew\u00e4ltigen m\u00fcssen.<\/p>\n<p>Albanien hatte sich vor kurzem externe\u00a0Unterst\u00fctzung bei Microsoft geholt. Das IT-Unternehmen half daraufhin bei der Wiederherstellung der Systeme und der Analyse des iranischen Cyberangriffs.<\/p>\n<p>Microsoft\u00a0kam zu dem Schluss, dass zwei iranische Gruppen, die von der Regierung in Teheran gef\u00f6rdert werden, hinter dem Angriff und einer anschlie\u00dfenden Ver\u00f6ffentlichung von\u00a0Daten standen.<\/p>\n<p>Nachdem die albanische\u00a0Regierung die in Tirana stationierten Mitarbeiter der iranischen Botschaft ausgewiesen hatte, wurde ein Informationssystem, das die Ein- und Ausreise an der Grenze aufzeichnet, von derselben iranischen Hackergruppe angegriffen. Diese neue Attacke\u00a0f\u00fchrte\u00a0nach Angaben der albanischen Beh\u00f6rden zu Schwierigkeiten und Verz\u00f6gerungen f\u00fcr Reisende. Verteidigungsminister Niko Peleshi sagte, sein Ministerium und die albanische Armee seien nicht betroffen, &#8220;weil sie vom allgemeinen Kommunikationsnetz getrennt sind.&#8221;<\/p>\n<p>Tirana und Teheran haben seit Jahren ein belastetes Verh\u00e4ltnis. Dies h\u00e4ngt insbesondere mit dem Aufenthaltsrecht zusammen, das sch\u00e4tzungsweise 3.000 Angeh\u00f6rige der Volksmudschahedin (MEK) in Albanien genie\u00dfen. Die militante iranische &#8220;Oppositionsgruppe&#8221;, die bereits gegen den Schah von Persien k\u00e4mpfte, strebt den Sturz der Islamischen Republik\u00a0an.\u00a0In Iran werden die Volksmudschahedin f\u00fcr eine beispiellose Terrorwelle verantwortlich gemacht, der schon F\u00fchrungsmitglieder der Islamischen Republik, aber auch unz\u00e4hlige Zivilisten zum Opfer fielen.\u00a0Seit 2013 residieren die Volksmudschahedin in Albanien, in einem hermetisch abgeriegelten Camp in der N\u00e4he von Tirana.\u00a0Vom 10. August 1997 bis zum 28. September 2012 standen die Volksmudschahedin auf der\u00a0Liste der ausl\u00e4ndischen Terrororganisationen\u00a0des US-Au\u00dfenministeriums.<\/p>\n<p><strong>Mehr zum Thema<\/strong> &#8211; <a rel=\"nofollow noopener\" target=\"_blank\" href=\"https:\/\/test.rtde.tech\/international\/148367-albanien-kappt-diplomatische-beziehungen-zu\/\">Albanien kappt diplomatische Beziehungen zu Iran<\/a><\/p>\n<div class=\"EmbedBlock-root EmbedBlock-externalVideo EmbedBlock-vk\">\n<div class=\"VkEmbed\"><iframe class=\"lazyload\" data-src=\"https:\/\/vk.com\/video_ext.php?oid=-134310637&amp;id=456252694&amp;hash=6515f2277f195f7b\" frameborder=\"0\" width=\"853\" height=\"480\" allowfullscreen><\/iframe><\/div>\n<\/div>\n<\/div>\n<p><br \/>\n<br \/><a href=\"https:\/\/de.rt.com\/international\/149607-nato-delegation-in-albanien-zur\/\">Source link <\/a><\/p>\n","protected":false},"excerpt":{"rendered":"<p>Die albanische Regierung brach Anfang September wegen einer iranischen Cyberattacke die diplomatischen Beziehungen zu Teheran ab. Nun hat die NATO eine hochrangige Delegation nach Albanien entsandt, um dem Land bei der Bew\u00e4ltigung der Folgen des j\u00fcngsten Cyberangriffs zu helfen. Albanien ist Mitglied des westlichen Verteidigungsb\u00fcndnisses NATO. Die albanische Regierung brach Anfang September wegen einer iranischen [&hellip;]<\/p>\n","protected":false},"author":3,"featured_media":19600,"comment_status":"open","ping_status":"open","sticky":false,"template":"","format":"standard","meta":{"wp_automatic_camp":["217"],"0702723054a9c3b4ce851b0320caffc9":["NATO-Delegation in Albanien: Aufkl\u00e4rung eines mutma\u00dflichen iranischen Cyberangriffs"],"original_link":["https:\/\/de.rt.com\/international\/149607-nato-delegation-in-albanien-zur\/"],"_thumbnail_id":["19600"],"_wptg_p2tg_sent2tg":["2022-09-22 21:20:24"],"jnews_social_counter_last_update":["1777384606"]},"categories":[19,23],"tags":[32545,2660,33259,2111,9614,20689,33258],"yoast_head":"<!-- This site is optimized with the Yoast SEO Premium plugin v22.7 (Yoast SEO v22.7) - https:\/\/yoast.com\/wordpress\/plugins\/seo\/ -->\n<title>NATO-Delegation in Albanien: Aufkl\u00e4rung eines mutma\u00dflichen iranischen Cyberangriffs - just-now.NEWS Deutschland<\/title>\n<meta name=\"robots\" content=\"index, follow, max-snippet:-1, max-image-preview:large, max-video-preview:-1\" \/>\n<link rel=\"canonical\" href=\"https:\/\/now-news.de\/de\/deutschland\/nato-delegation-in-albanien-aufklaerung-eines-mutmasslichen-iranischen-cyberangriffs\/\" \/>\n<meta property=\"og:locale\" content=\"de_DE\" \/>\n<meta property=\"og:type\" content=\"article\" \/>\n<meta property=\"og:title\" content=\"NATO-Delegation in Albanien: Aufkl\u00e4rung eines mutma\u00dflichen iranischen Cyberangriffs\" \/>\n<meta property=\"og:description\" content=\"Die albanische Regierung brach Anfang September wegen einer iranischen Cyberattacke die diplomatischen Beziehungen zu Teheran ab. Nun hat die NATO eine hochrangige Delegation nach Albanien entsandt, um dem Land bei der Bew\u00e4ltigung der Folgen des j\u00fcngsten Cyberangriffs zu helfen. Albanien ist Mitglied des westlichen Verteidigungsb\u00fcndnisses NATO. Die albanische Regierung brach Anfang September wegen einer iranischen [&hellip;]\" \/>\n<meta property=\"og:url\" content=\"https:\/\/now-news.de\/de\/deutschland\/nato-delegation-in-albanien-aufklaerung-eines-mutmasslichen-iranischen-cyberangriffs\/\" \/>\n<meta property=\"og:site_name\" content=\"just-now.NEWS Deutschland\" \/>\n<meta property=\"article:publisher\" content=\"https:\/\/www.facebook.com\/wirmachenauf\" \/>\n<meta property=\"article:published_time\" content=\"2022-09-22T19:15:54+00:00\" \/>\n<meta property=\"og:image\" content=\"https:\/\/now-news.de\/de\/wp-content\/uploads\/sites\/3\/2022\/09\/NATO-Delegation-in-Albanien-Aufklaerung-eines-mutmasslichen-iranischen-Cyberangriffs.jpg\" \/>\n\t<meta property=\"og:image:width\" content=\"460\" \/>\n\t<meta property=\"og:image:height\" content=\"259\" \/>\n\t<meta property=\"og:image:type\" content=\"image\/jpeg\" \/>\n<meta name=\"author\" content=\"rtnews\" \/>\n<meta name=\"twitter:card\" content=\"summary_large_image\" \/>\n<meta name=\"twitter:creator\" content=\"@WirMachenAuf_de\" \/>\n<meta name=\"twitter:site\" content=\"@WirMachenAuf_de\" \/>\n<meta name=\"twitter:label1\" content=\"Verfasst von\" \/>\n\t<meta name=\"twitter:data1\" content=\"rtnews\" \/>\n\t<meta name=\"twitter:label2\" content=\"Gesch\u00e4tzte Lesezeit\" \/>\n\t<meta name=\"twitter:data2\" content=\"2\u00a0Minuten\" \/>\n<script type=\"application\/ld+json\" class=\"yoast-schema-graph\">{\"@context\":\"https:\/\/schema.org\",\"@graph\":[{\"@type\":\"Article\",\"@id\":\"https:\/\/now-news.de\/de\/deutschland\/nato-delegation-in-albanien-aufklaerung-eines-mutmasslichen-iranischen-cyberangriffs\/#article\",\"isPartOf\":{\"@id\":\"https:\/\/now-news.de\/de\/deutschland\/nato-delegation-in-albanien-aufklaerung-eines-mutmasslichen-iranischen-cyberangriffs\/\"},\"author\":{\"name\":\"rtnews\",\"@id\":\"https:\/\/now-news.de\/de\/#\/schema\/person\/fb534a4e865501d8b3285208df34a9b5\"},\"headline\":\"NATO-Delegation in Albanien: Aufkl\u00e4rung eines mutma\u00dflichen iranischen Cyberangriffs\",\"datePublished\":\"2022-09-22T19:15:54+00:00\",\"dateModified\":\"2022-09-22T19:15:54+00:00\",\"mainEntityOfPage\":{\"@id\":\"https:\/\/now-news.de\/de\/deutschland\/nato-delegation-in-albanien-aufklaerung-eines-mutmasslichen-iranischen-cyberangriffs\/\"},\"wordCount\":432,\"commentCount\":0,\"publisher\":{\"@id\":\"https:\/\/now-news.de\/de\/#organization\"},\"image\":{\"@id\":\"https:\/\/now-news.de\/de\/deutschland\/nato-delegation-in-albanien-aufklaerung-eines-mutmasslichen-iranischen-cyberangriffs\/#primaryimage\"},\"thumbnailUrl\":\"https:\/\/now-news.de\/de\/wp-content\/uploads\/sites\/3\/2022\/09\/NATO-Delegation-in-Albanien-Aufklaerung-eines-mutmasslichen-iranischen-Cyberangriffs.jpg\",\"keywords\":[\"Albanien\",\"aufkl\u00e4rung\",\"Cyberangriffs\",\"eines\",\"iranischen\",\"mutma\u00dflichen\",\"NATODelegation\"],\"articleSection\":[\"Deutschland\",\"Russland\"],\"inLanguage\":\"de\",\"potentialAction\":[{\"@type\":\"CommentAction\",\"name\":\"Comment\",\"target\":[\"https:\/\/now-news.de\/de\/deutschland\/nato-delegation-in-albanien-aufklaerung-eines-mutmasslichen-iranischen-cyberangriffs\/#respond\"]}]},{\"@type\":\"WebPage\",\"@id\":\"https:\/\/now-news.de\/de\/deutschland\/nato-delegation-in-albanien-aufklaerung-eines-mutmasslichen-iranischen-cyberangriffs\/\",\"url\":\"https:\/\/now-news.de\/de\/deutschland\/nato-delegation-in-albanien-aufklaerung-eines-mutmasslichen-iranischen-cyberangriffs\/\",\"name\":\"NATO-Delegation in Albanien: Aufkl\u00e4rung eines mutma\u00dflichen iranischen Cyberangriffs - just-now.NEWS Deutschland\",\"isPartOf\":{\"@id\":\"https:\/\/now-news.de\/de\/#website\"},\"primaryImageOfPage\":{\"@id\":\"https:\/\/now-news.de\/de\/deutschland\/nato-delegation-in-albanien-aufklaerung-eines-mutmasslichen-iranischen-cyberangriffs\/#primaryimage\"},\"image\":{\"@id\":\"https:\/\/now-news.de\/de\/deutschland\/nato-delegation-in-albanien-aufklaerung-eines-mutmasslichen-iranischen-cyberangriffs\/#primaryimage\"},\"thumbnailUrl\":\"https:\/\/now-news.de\/de\/wp-content\/uploads\/sites\/3\/2022\/09\/NATO-Delegation-in-Albanien-Aufklaerung-eines-mutmasslichen-iranischen-Cyberangriffs.jpg\",\"datePublished\":\"2022-09-22T19:15:54+00:00\",\"dateModified\":\"2022-09-22T19:15:54+00:00\",\"breadcrumb\":{\"@id\":\"https:\/\/now-news.de\/de\/deutschland\/nato-delegation-in-albanien-aufklaerung-eines-mutmasslichen-iranischen-cyberangriffs\/#breadcrumb\"},\"inLanguage\":\"de\",\"potentialAction\":[{\"@type\":\"ReadAction\",\"target\":[\"https:\/\/now-news.de\/de\/deutschland\/nato-delegation-in-albanien-aufklaerung-eines-mutmasslichen-iranischen-cyberangriffs\/\"]}]},{\"@type\":\"ImageObject\",\"inLanguage\":\"de\",\"@id\":\"https:\/\/now-news.de\/de\/deutschland\/nato-delegation-in-albanien-aufklaerung-eines-mutmasslichen-iranischen-cyberangriffs\/#primaryimage\",\"url\":\"https:\/\/now-news.de\/de\/wp-content\/uploads\/sites\/3\/2022\/09\/NATO-Delegation-in-Albanien-Aufklaerung-eines-mutmasslichen-iranischen-Cyberangriffs.jpg\",\"contentUrl\":\"https:\/\/now-news.de\/de\/wp-content\/uploads\/sites\/3\/2022\/09\/NATO-Delegation-in-Albanien-Aufklaerung-eines-mutmasslichen-iranischen-Cyberangriffs.jpg\",\"width\":460,\"height\":259,\"caption\":\"NATO-Delegation in Albanien: Aufkl\u00e4rung eines mutma\u00dflichen iranischen Cyberangriffs\"},{\"@type\":\"BreadcrumbList\",\"@id\":\"https:\/\/now-news.de\/de\/deutschland\/nato-delegation-in-albanien-aufklaerung-eines-mutmasslichen-iranischen-cyberangriffs\/#breadcrumb\",\"itemListElement\":[{\"@type\":\"ListItem\",\"position\":1,\"name\":\"Home\",\"item\":\"https:\/\/now-news.de\/de\/\"},{\"@type\":\"ListItem\",\"position\":2,\"name\":\"NATO-Delegation in Albanien: Aufkl\u00e4rung eines mutma\u00dflichen iranischen Cyberangriffs\"}]},{\"@type\":\"WebSite\",\"@id\":\"https:\/\/now-news.de\/de\/#website\",\"url\":\"https:\/\/now-news.de\/de\/\",\"name\":\"just-now.NEWS Deutschland\",\"description\":\"Das Portal f\u00fcr unzensierte Nachrichten aus der Welt\",\"publisher\":{\"@id\":\"https:\/\/now-news.de\/de\/#organization\"},\"potentialAction\":[{\"@type\":\"SearchAction\",\"target\":{\"@type\":\"EntryPoint\",\"urlTemplate\":\"https:\/\/now-news.de\/de\/?s={search_term_string}\"},\"query-input\":\"required name=search_term_string\"}],\"inLanguage\":\"de\"},{\"@type\":\"Organization\",\"@id\":\"https:\/\/now-news.de\/de\/#organization\",\"name\":\"Just Now News\",\"url\":\"https:\/\/now-news.de\/de\/\",\"logo\":{\"@type\":\"ImageObject\",\"inLanguage\":\"de\",\"@id\":\"https:\/\/now-news.de\/de\/#\/schema\/logo\/image\/\",\"url\":\"http:\/\/just-now.news\/de\/wp-content\/uploads\/sites\/3\/2022\/04\/logo500x500.jpg\",\"contentUrl\":\"http:\/\/just-now.news\/de\/wp-content\/uploads\/sites\/3\/2022\/04\/logo500x500.jpg\",\"width\":500,\"height\":500,\"caption\":\"Just Now News\"},\"image\":{\"@id\":\"https:\/\/now-news.de\/de\/#\/schema\/logo\/image\/\"},\"sameAs\":[\"https:\/\/www.facebook.com\/wirmachenauf\",\"https:\/\/x.com\/WirMachenAuf_de\"]},{\"@type\":\"Person\",\"@id\":\"https:\/\/now-news.de\/de\/#\/schema\/person\/fb534a4e865501d8b3285208df34a9b5\",\"name\":\"rtnews\",\"image\":{\"@type\":\"ImageObject\",\"inLanguage\":\"de\",\"@id\":\"https:\/\/now-news.de\/de\/#\/schema\/person\/image\/\",\"url\":\"https:\/\/secure.gravatar.com\/avatar\/82aafea7d8127119dd649515f56e2117?s=96&d=mm&r=g\",\"contentUrl\":\"https:\/\/secure.gravatar.com\/avatar\/82aafea7d8127119dd649515f56e2117?s=96&d=mm&r=g\",\"caption\":\"rtnews\"},\"url\":\"https:\/\/now-news.de\/de\/author\/rnews\/\"}]}<\/script>\n<!-- \/ Yoast SEO Premium plugin. -->","yoast_head_json":{"title":"NATO-Delegation in Albanien: Aufkl\u00e4rung eines mutma\u00dflichen iranischen Cyberangriffs - just-now.NEWS Deutschland","robots":{"index":"index","follow":"follow","max-snippet":"max-snippet:-1","max-image-preview":"max-image-preview:large","max-video-preview":"max-video-preview:-1"},"canonical":"https:\/\/now-news.de\/de\/deutschland\/nato-delegation-in-albanien-aufklaerung-eines-mutmasslichen-iranischen-cyberangriffs\/","og_locale":"de_DE","og_type":"article","og_title":"NATO-Delegation in Albanien: Aufkl\u00e4rung eines mutma\u00dflichen iranischen Cyberangriffs","og_description":"Die albanische Regierung brach Anfang September wegen einer iranischen Cyberattacke die diplomatischen Beziehungen zu Teheran ab. Nun hat die NATO eine hochrangige Delegation nach Albanien entsandt, um dem Land bei der Bew\u00e4ltigung der Folgen des j\u00fcngsten Cyberangriffs zu helfen. Albanien ist Mitglied des westlichen Verteidigungsb\u00fcndnisses NATO. Die albanische Regierung brach Anfang September wegen einer iranischen [&hellip;]","og_url":"https:\/\/now-news.de\/de\/deutschland\/nato-delegation-in-albanien-aufklaerung-eines-mutmasslichen-iranischen-cyberangriffs\/","og_site_name":"just-now.NEWS Deutschland","article_publisher":"https:\/\/www.facebook.com\/wirmachenauf","article_published_time":"2022-09-22T19:15:54+00:00","og_image":[{"width":460,"height":259,"url":"https:\/\/now-news.de\/de\/wp-content\/uploads\/sites\/3\/2022\/09\/NATO-Delegation-in-Albanien-Aufklaerung-eines-mutmasslichen-iranischen-Cyberangriffs.jpg","type":"image\/jpeg"}],"author":"rtnews","twitter_card":"summary_large_image","twitter_creator":"@WirMachenAuf_de","twitter_site":"@WirMachenAuf_de","twitter_misc":{"Verfasst von":"rtnews","Gesch\u00e4tzte Lesezeit":"2\u00a0Minuten"},"schema":{"@context":"https:\/\/schema.org","@graph":[{"@type":"Article","@id":"https:\/\/now-news.de\/de\/deutschland\/nato-delegation-in-albanien-aufklaerung-eines-mutmasslichen-iranischen-cyberangriffs\/#article","isPartOf":{"@id":"https:\/\/now-news.de\/de\/deutschland\/nato-delegation-in-albanien-aufklaerung-eines-mutmasslichen-iranischen-cyberangriffs\/"},"author":{"name":"rtnews","@id":"https:\/\/now-news.de\/de\/#\/schema\/person\/fb534a4e865501d8b3285208df34a9b5"},"headline":"NATO-Delegation in Albanien: Aufkl\u00e4rung eines mutma\u00dflichen iranischen Cyberangriffs","datePublished":"2022-09-22T19:15:54+00:00","dateModified":"2022-09-22T19:15:54+00:00","mainEntityOfPage":{"@id":"https:\/\/now-news.de\/de\/deutschland\/nato-delegation-in-albanien-aufklaerung-eines-mutmasslichen-iranischen-cyberangriffs\/"},"wordCount":432,"commentCount":0,"publisher":{"@id":"https:\/\/now-news.de\/de\/#organization"},"image":{"@id":"https:\/\/now-news.de\/de\/deutschland\/nato-delegation-in-albanien-aufklaerung-eines-mutmasslichen-iranischen-cyberangriffs\/#primaryimage"},"thumbnailUrl":"https:\/\/now-news.de\/de\/wp-content\/uploads\/sites\/3\/2022\/09\/NATO-Delegation-in-Albanien-Aufklaerung-eines-mutmasslichen-iranischen-Cyberangriffs.jpg","keywords":["Albanien","aufkl\u00e4rung","Cyberangriffs","eines","iranischen","mutma\u00dflichen","NATODelegation"],"articleSection":["Deutschland","Russland"],"inLanguage":"de","potentialAction":[{"@type":"CommentAction","name":"Comment","target":["https:\/\/now-news.de\/de\/deutschland\/nato-delegation-in-albanien-aufklaerung-eines-mutmasslichen-iranischen-cyberangriffs\/#respond"]}]},{"@type":"WebPage","@id":"https:\/\/now-news.de\/de\/deutschland\/nato-delegation-in-albanien-aufklaerung-eines-mutmasslichen-iranischen-cyberangriffs\/","url":"https:\/\/now-news.de\/de\/deutschland\/nato-delegation-in-albanien-aufklaerung-eines-mutmasslichen-iranischen-cyberangriffs\/","name":"NATO-Delegation in Albanien: Aufkl\u00e4rung eines mutma\u00dflichen iranischen Cyberangriffs - just-now.NEWS Deutschland","isPartOf":{"@id":"https:\/\/now-news.de\/de\/#website"},"primaryImageOfPage":{"@id":"https:\/\/now-news.de\/de\/deutschland\/nato-delegation-in-albanien-aufklaerung-eines-mutmasslichen-iranischen-cyberangriffs\/#primaryimage"},"image":{"@id":"https:\/\/now-news.de\/de\/deutschland\/nato-delegation-in-albanien-aufklaerung-eines-mutmasslichen-iranischen-cyberangriffs\/#primaryimage"},"thumbnailUrl":"https:\/\/now-news.de\/de\/wp-content\/uploads\/sites\/3\/2022\/09\/NATO-Delegation-in-Albanien-Aufklaerung-eines-mutmasslichen-iranischen-Cyberangriffs.jpg","datePublished":"2022-09-22T19:15:54+00:00","dateModified":"2022-09-22T19:15:54+00:00","breadcrumb":{"@id":"https:\/\/now-news.de\/de\/deutschland\/nato-delegation-in-albanien-aufklaerung-eines-mutmasslichen-iranischen-cyberangriffs\/#breadcrumb"},"inLanguage":"de","potentialAction":[{"@type":"ReadAction","target":["https:\/\/now-news.de\/de\/deutschland\/nato-delegation-in-albanien-aufklaerung-eines-mutmasslichen-iranischen-cyberangriffs\/"]}]},{"@type":"ImageObject","inLanguage":"de","@id":"https:\/\/now-news.de\/de\/deutschland\/nato-delegation-in-albanien-aufklaerung-eines-mutmasslichen-iranischen-cyberangriffs\/#primaryimage","url":"https:\/\/now-news.de\/de\/wp-content\/uploads\/sites\/3\/2022\/09\/NATO-Delegation-in-Albanien-Aufklaerung-eines-mutmasslichen-iranischen-Cyberangriffs.jpg","contentUrl":"https:\/\/now-news.de\/de\/wp-content\/uploads\/sites\/3\/2022\/09\/NATO-Delegation-in-Albanien-Aufklaerung-eines-mutmasslichen-iranischen-Cyberangriffs.jpg","width":460,"height":259,"caption":"NATO-Delegation in Albanien: Aufkl\u00e4rung eines mutma\u00dflichen iranischen Cyberangriffs"},{"@type":"BreadcrumbList","@id":"https:\/\/now-news.de\/de\/deutschland\/nato-delegation-in-albanien-aufklaerung-eines-mutmasslichen-iranischen-cyberangriffs\/#breadcrumb","itemListElement":[{"@type":"ListItem","position":1,"name":"Home","item":"https:\/\/now-news.de\/de\/"},{"@type":"ListItem","position":2,"name":"NATO-Delegation in Albanien: Aufkl\u00e4rung eines mutma\u00dflichen iranischen Cyberangriffs"}]},{"@type":"WebSite","@id":"https:\/\/now-news.de\/de\/#website","url":"https:\/\/now-news.de\/de\/","name":"just-now.NEWS Deutschland","description":"Das Portal f\u00fcr unzensierte Nachrichten aus der Welt","publisher":{"@id":"https:\/\/now-news.de\/de\/#organization"},"potentialAction":[{"@type":"SearchAction","target":{"@type":"EntryPoint","urlTemplate":"https:\/\/now-news.de\/de\/?s={search_term_string}"},"query-input":"required name=search_term_string"}],"inLanguage":"de"},{"@type":"Organization","@id":"https:\/\/now-news.de\/de\/#organization","name":"Just Now News","url":"https:\/\/now-news.de\/de\/","logo":{"@type":"ImageObject","inLanguage":"de","@id":"https:\/\/now-news.de\/de\/#\/schema\/logo\/image\/","url":"http:\/\/just-now.news\/de\/wp-content\/uploads\/sites\/3\/2022\/04\/logo500x500.jpg","contentUrl":"http:\/\/just-now.news\/de\/wp-content\/uploads\/sites\/3\/2022\/04\/logo500x500.jpg","width":500,"height":500,"caption":"Just Now News"},"image":{"@id":"https:\/\/now-news.de\/de\/#\/schema\/logo\/image\/"},"sameAs":["https:\/\/www.facebook.com\/wirmachenauf","https:\/\/x.com\/WirMachenAuf_de"]},{"@type":"Person","@id":"https:\/\/now-news.de\/de\/#\/schema\/person\/fb534a4e865501d8b3285208df34a9b5","name":"rtnews","image":{"@type":"ImageObject","inLanguage":"de","@id":"https:\/\/now-news.de\/de\/#\/schema\/person\/image\/","url":"https:\/\/secure.gravatar.com\/avatar\/82aafea7d8127119dd649515f56e2117?s=96&d=mm&r=g","contentUrl":"https:\/\/secure.gravatar.com\/avatar\/82aafea7d8127119dd649515f56e2117?s=96&d=mm&r=g","caption":"rtnews"},"url":"https:\/\/now-news.de\/de\/author\/rnews\/"}]}},"_links":{"self":[{"href":"https:\/\/now-news.de\/de\/wp-json\/wp\/v2\/posts\/19599"}],"collection":[{"href":"https:\/\/now-news.de\/de\/wp-json\/wp\/v2\/posts"}],"about":[{"href":"https:\/\/now-news.de\/de\/wp-json\/wp\/v2\/types\/post"}],"author":[{"embeddable":true,"href":"https:\/\/now-news.de\/de\/wp-json\/wp\/v2\/users\/3"}],"replies":[{"embeddable":true,"href":"https:\/\/now-news.de\/de\/wp-json\/wp\/v2\/comments?post=19599"}],"version-history":[{"count":0,"href":"https:\/\/now-news.de\/de\/wp-json\/wp\/v2\/posts\/19599\/revisions"}],"wp:featuredmedia":[{"embeddable":true,"href":"https:\/\/now-news.de\/de\/wp-json\/wp\/v2\/media\/19600"}],"wp:attachment":[{"href":"https:\/\/now-news.de\/de\/wp-json\/wp\/v2\/media?parent=19599"}],"wp:term":[{"taxonomy":"category","embeddable":true,"href":"https:\/\/now-news.de\/de\/wp-json\/wp\/v2\/categories?post=19599"},{"taxonomy":"post_tag","embeddable":true,"href":"https:\/\/now-news.de\/de\/wp-json\/wp\/v2\/tags?post=19599"}],"curies":[{"name":"wp","href":"https:\/\/api.w.org\/{rel}","templated":true}]}}