{"id":19591,"date":"2022-09-22T19:06:35","date_gmt":"2022-09-22T17:06:35","guid":{"rendered":"http:\/\/just-now.news\/de\/deutschland\/energiekrise-sozialverband-warnt-vor-welle-der-privatinsolvenzen\/"},"modified":"2022-09-22T19:06:35","modified_gmt":"2022-09-22T17:06:35","slug":"energiekrise-sozialverband-warnt-vor-welle-der-privatinsolvenzen","status":"publish","type":"post","link":"https:\/\/now-news.de\/de\/deutschland\/energiekrise-sozialverband-warnt-vor-welle-der-privatinsolvenzen\/","title":{"rendered":"Energiekrise: Sozialverband warnt vor Welle der Privatinsolvenzen"},"content":{"rendered":"<p><img decoding=\"async\" src=\"http:\/\/just-now.news\/de\/wp-content\/uploads\/sites\/3\/2022\/09\/632c701fb480cc66e92e2a8c.jpg\" \/><\/p>\n<div class=\"Text-root Text-type_1 \">\n                Der Sozialverband VdK bef\u00fcrchtet, dass durch die erheblich gestiegenen Energiepreise immer mehr Haushalte in die Privatinsolvenz abrutschen k\u00f6nnten. Dabei ist das Ende der Preisfahnenstange beim Strom noch lange nicht erreicht.\n            <\/div>\n<p><\/p>\n<div class=\"Text-root Text-type_5 ArticleView-text ViewText-root \">\n<p>Der Sozialverband VdK hat angesichts der zunehmend unbezahlbar werdenden Energiekosten vor einem Anstieg in Deutschland registrierter Privatinsolvenzen gewarnt. &#8220;Wenn eine vierk\u00f6pfige Familie pl\u00f6tzlich zus\u00e4tzlich 1.000 Euro im Monat f\u00fcr Gas aufbringen soll, reicht ein mittleres Einkommen nicht mehr aus&#8221;, sagte VdK-Pr\u00e4sidentin Verena Bentele am Donnerstag in\u00a0Berlin. Auch die zus\u00e4tzliche Energiepauschale von 300 Euro sei dann &#8220;schnell verpufft&#8221;.<\/p>\n<p>Viele Menschen blieben dann komplett auf ihren Kosten sitzen, weil ein Gro\u00dfteil der Bev\u00f6lkerung keinen Anspruch auf Sozialleistungen wie Grundsicherung oder Wohngeld habe. &#8220;Betroffenen droht dann \u00fcber kurz oder lang eine Privatinsolvenz&#8221;, so Bentele. Um dem vorzubeugen, fordert der\u00a0Sozialverband die bundesweite Einrichtung von H\u00e4rtefallfonds. Menschen, denen der Verlust ihrer Wohnung drohe oder denen die Energieversorger aufgrund nicht bezahlter Rechnungen bereits Strom und Gas abdrehten, sollen so unterst\u00fctzt werden:<\/p>\n<blockquote>\n<p>&#8220;<em>Die\u00a0Bundesregierung\u00a0muss daf\u00fcr sorgen, dass es f\u00fcr jeden Haushalt ein Kontingent an bezahlbarem Gas gibt, so wie sie es f\u00fcr den Strom im dritten Entlastungspaket angek\u00fcndigt hat.<\/em>&#8220;<\/p>\n<\/blockquote>\n<p>Unbegr\u00fcndet sind die Sorgen des Sozialverbands nicht. So rechnet die Bundesbank im kommenden Jahr beispielsweise mit einer Rezession, was verheerende Folgen f\u00fcr die deutsche Wirtschaft sowie Privathaushalte h\u00e4tte. Und als w\u00e4re das noch nicht genug, k\u00f6nnte der Bezug von Strom f\u00fcr viele Haushalte laut einer aktuellen Studie des Beratungsunternehmens Prognos\u00a0zudem\u00a0auch noch unbezahlbar werden. Sollte Deutschland kein Gas mehr aus Russland beziehen, k\u00f6nnten die Preise im Stromgro\u00dfhandel 2023 den Berechnungen des Unternehmens zufolge im Jahresdurchschnitt im ung\u00fcnstigsten Fall die Grenze von 500 Euro je Megawattstunde \u00fcberschreiten.\u00a0Eine Welle von Privatinsolvenzen w\u00e4re die Folge.<\/p>\n<\/p>\n<p><strong>Mehr zum Thema\u00a0\u2013\u00a0<\/strong><a rel=\"nofollow noopener\" target=\"_blank\" href=\"https:\/\/test.rtde.tech\/wirtschaft\/149546-dax-im-sinkflug\/\">DAX d\u00fcmpelt vor sich hin, Euro im Sinkflug<\/a><\/p>\n<\/p>\n<\/div>\n<p><br \/>\n<br \/><a href=\"https:\/\/de.rt.com\/inland\/149625-energiekrise-sozialverband-warnt-vor-welle\/\">Source link <\/a><\/p>\n","protected":false},"excerpt":{"rendered":"<p>Der Sozialverband VdK bef\u00fcrchtet, dass durch die erheblich gestiegenen Energiepreise immer mehr Haushalte in die Privatinsolvenz abrutschen k\u00f6nnten. Dabei ist das Ende der Preisfahnenstange beim Strom noch lange nicht erreicht. Der Sozialverband VdK hat angesichts der zunehmend unbezahlbar werdenden Energiekosten vor einem Anstieg in Deutschland registrierter Privatinsolvenzen gewarnt. &#8220;Wenn eine vierk\u00f6pfige Familie pl\u00f6tzlich zus\u00e4tzlich 1.000 [&hellip;]<\/p>\n","protected":false},"author":3,"featured_media":19592,"comment_status":"open","ping_status":"open","sticky":false,"template":"","format":"standard","meta":{"wp_automatic_camp":["217"],"6e299264a8ff49f1bab0634e1774fb14":["Energiekrise: Sozialverband warnt vor Welle der Privatinsolvenzen"],"original_link":["https:\/\/de.rt.com\/inland\/149625-energiekrise-sozialverband-warnt-vor-welle\/"],"_thumbnail_id":["19592"],"_wptg_p2tg_sent2tg":["2022-09-22 19:11:27"],"jnews_social_counter_last_update":["1777391858"]},"categories":[19,23],"tags":[82,3788,33253,33252,320,912,20768],"yoast_head":"<!-- This site is optimized with the Yoast SEO Premium plugin v22.7 (Yoast SEO v22.7) - https:\/\/yoast.com\/wordpress\/plugins\/seo\/ -->\n<title>Energiekrise: Sozialverband warnt vor Welle der Privatinsolvenzen - just-now.NEWS Deutschland<\/title>\n<meta name=\"robots\" content=\"index, follow, max-snippet:-1, max-image-preview:large, max-video-preview:-1\" \/>\n<link rel=\"canonical\" href=\"https:\/\/now-news.de\/de\/deutschland\/energiekrise-sozialverband-warnt-vor-welle-der-privatinsolvenzen\/\" \/>\n<meta property=\"og:locale\" content=\"de_DE\" \/>\n<meta property=\"og:type\" content=\"article\" \/>\n<meta property=\"og:title\" content=\"Energiekrise: Sozialverband warnt vor Welle der Privatinsolvenzen\" \/>\n<meta property=\"og:description\" content=\"Der Sozialverband VdK bef\u00fcrchtet, dass durch die erheblich gestiegenen Energiepreise immer mehr Haushalte in die Privatinsolvenz abrutschen k\u00f6nnten. Dabei ist das Ende der Preisfahnenstange beim Strom noch lange nicht erreicht. Der Sozialverband VdK hat angesichts der zunehmend unbezahlbar werdenden Energiekosten vor einem Anstieg in Deutschland registrierter Privatinsolvenzen gewarnt. &#8220;Wenn eine vierk\u00f6pfige Familie pl\u00f6tzlich zus\u00e4tzlich 1.000 [&hellip;]\" \/>\n<meta property=\"og:url\" content=\"https:\/\/now-news.de\/de\/deutschland\/energiekrise-sozialverband-warnt-vor-welle-der-privatinsolvenzen\/\" \/>\n<meta property=\"og:site_name\" content=\"just-now.NEWS Deutschland\" \/>\n<meta property=\"article:publisher\" content=\"https:\/\/www.facebook.com\/wirmachenauf\" \/>\n<meta property=\"article:published_time\" content=\"2022-09-22T17:06:35+00:00\" \/>\n<meta property=\"og:image\" content=\"https:\/\/now-news.de\/de\/wp-content\/uploads\/sites\/3\/2022\/09\/Energiekrise-Sozialverband-warnt-vor-Welle-der-Privatinsolvenzen.jpg\" \/>\n\t<meta property=\"og:image:width\" content=\"460\" \/>\n\t<meta property=\"og:image:height\" content=\"259\" \/>\n\t<meta property=\"og:image:type\" content=\"image\/jpeg\" \/>\n<meta name=\"author\" content=\"rtnews\" \/>\n<meta name=\"twitter:card\" content=\"summary_large_image\" \/>\n<meta name=\"twitter:creator\" content=\"@WirMachenAuf_de\" \/>\n<meta name=\"twitter:site\" content=\"@WirMachenAuf_de\" \/>\n<meta name=\"twitter:label1\" content=\"Verfasst von\" \/>\n\t<meta name=\"twitter:data1\" content=\"rtnews\" \/>\n\t<meta name=\"twitter:label2\" content=\"Gesch\u00e4tzte Lesezeit\" \/>\n\t<meta name=\"twitter:data2\" content=\"2\u00a0Minuten\" \/>\n<script type=\"application\/ld+json\" class=\"yoast-schema-graph\">{\"@context\":\"https:\/\/schema.org\",\"@graph\":[{\"@type\":\"Article\",\"@id\":\"https:\/\/now-news.de\/de\/deutschland\/energiekrise-sozialverband-warnt-vor-welle-der-privatinsolvenzen\/#article\",\"isPartOf\":{\"@id\":\"https:\/\/now-news.de\/de\/deutschland\/energiekrise-sozialverband-warnt-vor-welle-der-privatinsolvenzen\/\"},\"author\":{\"name\":\"rtnews\",\"@id\":\"https:\/\/now-news.de\/de\/#\/schema\/person\/fb534a4e865501d8b3285208df34a9b5\"},\"headline\":\"Energiekrise: Sozialverband warnt vor Welle der Privatinsolvenzen\",\"datePublished\":\"2022-09-22T17:06:35+00:00\",\"dateModified\":\"2022-09-22T17:06:35+00:00\",\"mainEntityOfPage\":{\"@id\":\"https:\/\/now-news.de\/de\/deutschland\/energiekrise-sozialverband-warnt-vor-welle-der-privatinsolvenzen\/\"},\"wordCount\":323,\"commentCount\":0,\"publisher\":{\"@id\":\"https:\/\/now-news.de\/de\/#organization\"},\"image\":{\"@id\":\"https:\/\/now-news.de\/de\/deutschland\/energiekrise-sozialverband-warnt-vor-welle-der-privatinsolvenzen\/#primaryimage\"},\"thumbnailUrl\":\"https:\/\/now-news.de\/de\/wp-content\/uploads\/sites\/3\/2022\/09\/Energiekrise-Sozialverband-warnt-vor-Welle-der-Privatinsolvenzen.jpg\",\"keywords\":[\"der\",\"Energiekrise\",\"Privatinsolvenzen\",\"Sozialverband\",\"vor\",\"warnt\",\"Welle\"],\"articleSection\":[\"Deutschland\",\"Russland\"],\"inLanguage\":\"de\",\"potentialAction\":[{\"@type\":\"CommentAction\",\"name\":\"Comment\",\"target\":[\"https:\/\/now-news.de\/de\/deutschland\/energiekrise-sozialverband-warnt-vor-welle-der-privatinsolvenzen\/#respond\"]}]},{\"@type\":\"WebPage\",\"@id\":\"https:\/\/now-news.de\/de\/deutschland\/energiekrise-sozialverband-warnt-vor-welle-der-privatinsolvenzen\/\",\"url\":\"https:\/\/now-news.de\/de\/deutschland\/energiekrise-sozialverband-warnt-vor-welle-der-privatinsolvenzen\/\",\"name\":\"Energiekrise: Sozialverband warnt vor Welle der Privatinsolvenzen - just-now.NEWS Deutschland\",\"isPartOf\":{\"@id\":\"https:\/\/now-news.de\/de\/#website\"},\"primaryImageOfPage\":{\"@id\":\"https:\/\/now-news.de\/de\/deutschland\/energiekrise-sozialverband-warnt-vor-welle-der-privatinsolvenzen\/#primaryimage\"},\"image\":{\"@id\":\"https:\/\/now-news.de\/de\/deutschland\/energiekrise-sozialverband-warnt-vor-welle-der-privatinsolvenzen\/#primaryimage\"},\"thumbnailUrl\":\"https:\/\/now-news.de\/de\/wp-content\/uploads\/sites\/3\/2022\/09\/Energiekrise-Sozialverband-warnt-vor-Welle-der-Privatinsolvenzen.jpg\",\"datePublished\":\"2022-09-22T17:06:35+00:00\",\"dateModified\":\"2022-09-22T17:06:35+00:00\",\"breadcrumb\":{\"@id\":\"https:\/\/now-news.de\/de\/deutschland\/energiekrise-sozialverband-warnt-vor-welle-der-privatinsolvenzen\/#breadcrumb\"},\"inLanguage\":\"de\",\"potentialAction\":[{\"@type\":\"ReadAction\",\"target\":[\"https:\/\/now-news.de\/de\/deutschland\/energiekrise-sozialverband-warnt-vor-welle-der-privatinsolvenzen\/\"]}]},{\"@type\":\"ImageObject\",\"inLanguage\":\"de\",\"@id\":\"https:\/\/now-news.de\/de\/deutschland\/energiekrise-sozialverband-warnt-vor-welle-der-privatinsolvenzen\/#primaryimage\",\"url\":\"https:\/\/now-news.de\/de\/wp-content\/uploads\/sites\/3\/2022\/09\/Energiekrise-Sozialverband-warnt-vor-Welle-der-Privatinsolvenzen.jpg\",\"contentUrl\":\"https:\/\/now-news.de\/de\/wp-content\/uploads\/sites\/3\/2022\/09\/Energiekrise-Sozialverband-warnt-vor-Welle-der-Privatinsolvenzen.jpg\",\"width\":460,\"height\":259,\"caption\":\"Energiekrise: Sozialverband warnt vor Welle der Privatinsolvenzen\"},{\"@type\":\"BreadcrumbList\",\"@id\":\"https:\/\/now-news.de\/de\/deutschland\/energiekrise-sozialverband-warnt-vor-welle-der-privatinsolvenzen\/#breadcrumb\",\"itemListElement\":[{\"@type\":\"ListItem\",\"position\":1,\"name\":\"Home\",\"item\":\"https:\/\/now-news.de\/de\/\"},{\"@type\":\"ListItem\",\"position\":2,\"name\":\"Energiekrise: Sozialverband warnt vor Welle der Privatinsolvenzen\"}]},{\"@type\":\"WebSite\",\"@id\":\"https:\/\/now-news.de\/de\/#website\",\"url\":\"https:\/\/now-news.de\/de\/\",\"name\":\"just-now.NEWS Deutschland\",\"description\":\"Das Portal f\u00fcr unzensierte Nachrichten aus der Welt\",\"publisher\":{\"@id\":\"https:\/\/now-news.de\/de\/#organization\"},\"potentialAction\":[{\"@type\":\"SearchAction\",\"target\":{\"@type\":\"EntryPoint\",\"urlTemplate\":\"https:\/\/now-news.de\/de\/?s={search_term_string}\"},\"query-input\":\"required name=search_term_string\"}],\"inLanguage\":\"de\"},{\"@type\":\"Organization\",\"@id\":\"https:\/\/now-news.de\/de\/#organization\",\"name\":\"Just Now News\",\"url\":\"https:\/\/now-news.de\/de\/\",\"logo\":{\"@type\":\"ImageObject\",\"inLanguage\":\"de\",\"@id\":\"https:\/\/now-news.de\/de\/#\/schema\/logo\/image\/\",\"url\":\"http:\/\/just-now.news\/de\/wp-content\/uploads\/sites\/3\/2022\/04\/logo500x500.jpg\",\"contentUrl\":\"http:\/\/just-now.news\/de\/wp-content\/uploads\/sites\/3\/2022\/04\/logo500x500.jpg\",\"width\":500,\"height\":500,\"caption\":\"Just Now News\"},\"image\":{\"@id\":\"https:\/\/now-news.de\/de\/#\/schema\/logo\/image\/\"},\"sameAs\":[\"https:\/\/www.facebook.com\/wirmachenauf\",\"https:\/\/x.com\/WirMachenAuf_de\"]},{\"@type\":\"Person\",\"@id\":\"https:\/\/now-news.de\/de\/#\/schema\/person\/fb534a4e865501d8b3285208df34a9b5\",\"name\":\"rtnews\",\"image\":{\"@type\":\"ImageObject\",\"inLanguage\":\"de\",\"@id\":\"https:\/\/now-news.de\/de\/#\/schema\/person\/image\/\",\"url\":\"https:\/\/secure.gravatar.com\/avatar\/82aafea7d8127119dd649515f56e2117?s=96&d=mm&r=g\",\"contentUrl\":\"https:\/\/secure.gravatar.com\/avatar\/82aafea7d8127119dd649515f56e2117?s=96&d=mm&r=g\",\"caption\":\"rtnews\"},\"url\":\"https:\/\/now-news.de\/de\/author\/rnews\/\"}]}<\/script>\n<!-- \/ Yoast SEO Premium plugin. -->","yoast_head_json":{"title":"Energiekrise: Sozialverband warnt vor Welle der Privatinsolvenzen - just-now.NEWS Deutschland","robots":{"index":"index","follow":"follow","max-snippet":"max-snippet:-1","max-image-preview":"max-image-preview:large","max-video-preview":"max-video-preview:-1"},"canonical":"https:\/\/now-news.de\/de\/deutschland\/energiekrise-sozialverband-warnt-vor-welle-der-privatinsolvenzen\/","og_locale":"de_DE","og_type":"article","og_title":"Energiekrise: Sozialverband warnt vor Welle der Privatinsolvenzen","og_description":"Der Sozialverband VdK bef\u00fcrchtet, dass durch die erheblich gestiegenen Energiepreise immer mehr Haushalte in die Privatinsolvenz abrutschen k\u00f6nnten. Dabei ist das Ende der Preisfahnenstange beim Strom noch lange nicht erreicht. Der Sozialverband VdK hat angesichts der zunehmend unbezahlbar werdenden Energiekosten vor einem Anstieg in Deutschland registrierter Privatinsolvenzen gewarnt. &#8220;Wenn eine vierk\u00f6pfige Familie pl\u00f6tzlich zus\u00e4tzlich 1.000 [&hellip;]","og_url":"https:\/\/now-news.de\/de\/deutschland\/energiekrise-sozialverband-warnt-vor-welle-der-privatinsolvenzen\/","og_site_name":"just-now.NEWS Deutschland","article_publisher":"https:\/\/www.facebook.com\/wirmachenauf","article_published_time":"2022-09-22T17:06:35+00:00","og_image":[{"width":460,"height":259,"url":"https:\/\/now-news.de\/de\/wp-content\/uploads\/sites\/3\/2022\/09\/Energiekrise-Sozialverband-warnt-vor-Welle-der-Privatinsolvenzen.jpg","type":"image\/jpeg"}],"author":"rtnews","twitter_card":"summary_large_image","twitter_creator":"@WirMachenAuf_de","twitter_site":"@WirMachenAuf_de","twitter_misc":{"Verfasst von":"rtnews","Gesch\u00e4tzte Lesezeit":"2\u00a0Minuten"},"schema":{"@context":"https:\/\/schema.org","@graph":[{"@type":"Article","@id":"https:\/\/now-news.de\/de\/deutschland\/energiekrise-sozialverband-warnt-vor-welle-der-privatinsolvenzen\/#article","isPartOf":{"@id":"https:\/\/now-news.de\/de\/deutschland\/energiekrise-sozialverband-warnt-vor-welle-der-privatinsolvenzen\/"},"author":{"name":"rtnews","@id":"https:\/\/now-news.de\/de\/#\/schema\/person\/fb534a4e865501d8b3285208df34a9b5"},"headline":"Energiekrise: Sozialverband warnt vor Welle der Privatinsolvenzen","datePublished":"2022-09-22T17:06:35+00:00","dateModified":"2022-09-22T17:06:35+00:00","mainEntityOfPage":{"@id":"https:\/\/now-news.de\/de\/deutschland\/energiekrise-sozialverband-warnt-vor-welle-der-privatinsolvenzen\/"},"wordCount":323,"commentCount":0,"publisher":{"@id":"https:\/\/now-news.de\/de\/#organization"},"image":{"@id":"https:\/\/now-news.de\/de\/deutschland\/energiekrise-sozialverband-warnt-vor-welle-der-privatinsolvenzen\/#primaryimage"},"thumbnailUrl":"https:\/\/now-news.de\/de\/wp-content\/uploads\/sites\/3\/2022\/09\/Energiekrise-Sozialverband-warnt-vor-Welle-der-Privatinsolvenzen.jpg","keywords":["der","Energiekrise","Privatinsolvenzen","Sozialverband","vor","warnt","Welle"],"articleSection":["Deutschland","Russland"],"inLanguage":"de","potentialAction":[{"@type":"CommentAction","name":"Comment","target":["https:\/\/now-news.de\/de\/deutschland\/energiekrise-sozialverband-warnt-vor-welle-der-privatinsolvenzen\/#respond"]}]},{"@type":"WebPage","@id":"https:\/\/now-news.de\/de\/deutschland\/energiekrise-sozialverband-warnt-vor-welle-der-privatinsolvenzen\/","url":"https:\/\/now-news.de\/de\/deutschland\/energiekrise-sozialverband-warnt-vor-welle-der-privatinsolvenzen\/","name":"Energiekrise: Sozialverband warnt vor Welle der Privatinsolvenzen - just-now.NEWS Deutschland","isPartOf":{"@id":"https:\/\/now-news.de\/de\/#website"},"primaryImageOfPage":{"@id":"https:\/\/now-news.de\/de\/deutschland\/energiekrise-sozialverband-warnt-vor-welle-der-privatinsolvenzen\/#primaryimage"},"image":{"@id":"https:\/\/now-news.de\/de\/deutschland\/energiekrise-sozialverband-warnt-vor-welle-der-privatinsolvenzen\/#primaryimage"},"thumbnailUrl":"https:\/\/now-news.de\/de\/wp-content\/uploads\/sites\/3\/2022\/09\/Energiekrise-Sozialverband-warnt-vor-Welle-der-Privatinsolvenzen.jpg","datePublished":"2022-09-22T17:06:35+00:00","dateModified":"2022-09-22T17:06:35+00:00","breadcrumb":{"@id":"https:\/\/now-news.de\/de\/deutschland\/energiekrise-sozialverband-warnt-vor-welle-der-privatinsolvenzen\/#breadcrumb"},"inLanguage":"de","potentialAction":[{"@type":"ReadAction","target":["https:\/\/now-news.de\/de\/deutschland\/energiekrise-sozialverband-warnt-vor-welle-der-privatinsolvenzen\/"]}]},{"@type":"ImageObject","inLanguage":"de","@id":"https:\/\/now-news.de\/de\/deutschland\/energiekrise-sozialverband-warnt-vor-welle-der-privatinsolvenzen\/#primaryimage","url":"https:\/\/now-news.de\/de\/wp-content\/uploads\/sites\/3\/2022\/09\/Energiekrise-Sozialverband-warnt-vor-Welle-der-Privatinsolvenzen.jpg","contentUrl":"https:\/\/now-news.de\/de\/wp-content\/uploads\/sites\/3\/2022\/09\/Energiekrise-Sozialverband-warnt-vor-Welle-der-Privatinsolvenzen.jpg","width":460,"height":259,"caption":"Energiekrise: Sozialverband warnt vor Welle der Privatinsolvenzen"},{"@type":"BreadcrumbList","@id":"https:\/\/now-news.de\/de\/deutschland\/energiekrise-sozialverband-warnt-vor-welle-der-privatinsolvenzen\/#breadcrumb","itemListElement":[{"@type":"ListItem","position":1,"name":"Home","item":"https:\/\/now-news.de\/de\/"},{"@type":"ListItem","position":2,"name":"Energiekrise: Sozialverband warnt vor Welle der Privatinsolvenzen"}]},{"@type":"WebSite","@id":"https:\/\/now-news.de\/de\/#website","url":"https:\/\/now-news.de\/de\/","name":"just-now.NEWS Deutschland","description":"Das Portal f\u00fcr unzensierte Nachrichten aus der Welt","publisher":{"@id":"https:\/\/now-news.de\/de\/#organization"},"potentialAction":[{"@type":"SearchAction","target":{"@type":"EntryPoint","urlTemplate":"https:\/\/now-news.de\/de\/?s={search_term_string}"},"query-input":"required name=search_term_string"}],"inLanguage":"de"},{"@type":"Organization","@id":"https:\/\/now-news.de\/de\/#organization","name":"Just Now News","url":"https:\/\/now-news.de\/de\/","logo":{"@type":"ImageObject","inLanguage":"de","@id":"https:\/\/now-news.de\/de\/#\/schema\/logo\/image\/","url":"http:\/\/just-now.news\/de\/wp-content\/uploads\/sites\/3\/2022\/04\/logo500x500.jpg","contentUrl":"http:\/\/just-now.news\/de\/wp-content\/uploads\/sites\/3\/2022\/04\/logo500x500.jpg","width":500,"height":500,"caption":"Just Now News"},"image":{"@id":"https:\/\/now-news.de\/de\/#\/schema\/logo\/image\/"},"sameAs":["https:\/\/www.facebook.com\/wirmachenauf","https:\/\/x.com\/WirMachenAuf_de"]},{"@type":"Person","@id":"https:\/\/now-news.de\/de\/#\/schema\/person\/fb534a4e865501d8b3285208df34a9b5","name":"rtnews","image":{"@type":"ImageObject","inLanguage":"de","@id":"https:\/\/now-news.de\/de\/#\/schema\/person\/image\/","url":"https:\/\/secure.gravatar.com\/avatar\/82aafea7d8127119dd649515f56e2117?s=96&d=mm&r=g","contentUrl":"https:\/\/secure.gravatar.com\/avatar\/82aafea7d8127119dd649515f56e2117?s=96&d=mm&r=g","caption":"rtnews"},"url":"https:\/\/now-news.de\/de\/author\/rnews\/"}]}},"_links":{"self":[{"href":"https:\/\/now-news.de\/de\/wp-json\/wp\/v2\/posts\/19591"}],"collection":[{"href":"https:\/\/now-news.de\/de\/wp-json\/wp\/v2\/posts"}],"about":[{"href":"https:\/\/now-news.de\/de\/wp-json\/wp\/v2\/types\/post"}],"author":[{"embeddable":true,"href":"https:\/\/now-news.de\/de\/wp-json\/wp\/v2\/users\/3"}],"replies":[{"embeddable":true,"href":"https:\/\/now-news.de\/de\/wp-json\/wp\/v2\/comments?post=19591"}],"version-history":[{"count":0,"href":"https:\/\/now-news.de\/de\/wp-json\/wp\/v2\/posts\/19591\/revisions"}],"wp:featuredmedia":[{"embeddable":true,"href":"https:\/\/now-news.de\/de\/wp-json\/wp\/v2\/media\/19592"}],"wp:attachment":[{"href":"https:\/\/now-news.de\/de\/wp-json\/wp\/v2\/media?parent=19591"}],"wp:term":[{"taxonomy":"category","embeddable":true,"href":"https:\/\/now-news.de\/de\/wp-json\/wp\/v2\/categories?post=19591"},{"taxonomy":"post_tag","embeddable":true,"href":"https:\/\/now-news.de\/de\/wp-json\/wp\/v2\/tags?post=19591"}],"curies":[{"name":"wp","href":"https:\/\/api.w.org\/{rel}","templated":true}]}}