{"id":19479,"date":"2022-09-21T10:52:39","date_gmt":"2022-09-21T08:52:39","guid":{"rendered":"http:\/\/just-now.news\/de\/deutschland\/selbstbestimmung-spd-kreisverband-will-siebenjaehrigen-geschlechtsaenderung-erlauben\/"},"modified":"2022-09-21T10:52:39","modified_gmt":"2022-09-21T08:52:39","slug":"selbstbestimmung-spd-kreisverband-will-siebenjaehrigen-geschlechtsaenderung-erlauben","status":"publish","type":"post","link":"https:\/\/now-news.de\/de\/deutschland\/selbstbestimmung-spd-kreisverband-will-siebenjaehrigen-geschlechtsaenderung-erlauben\/","title":{"rendered":"&quot;Selbstbestimmung&quot;: SPD-Kreisverband will Siebenj\u00e4hrigen Geschlechts\u00e4nderung erlauben"},"content":{"rendered":"<p><img decoding=\"async\" src=\"http:\/\/just-now.news\/de\/wp-content\/uploads\/sites\/3\/2022\/09\/632ad0e648fbef48e13172c4.jpg\" \/><\/p>\n<p>Wie die <em>Welt<\/em> berichtet, fordert ein Berliner Kreisverband der SPD, dass siebenj\u00e4hrige Kinder Vornamen und Geschlecht eigenst\u00e4ndig \u00e4ndern d\u00fcrfen \u2013 notfalls gegen den Willen der Eltern.<\/p>\n<p>Das von der Bundesregierung geplante &#8220;Selbstbestimmungsgesetz&#8221; sieht hingegen vor, dass Minderj\u00e4hrige ab 14 Jahren mit Zustimmung der Sorgeberechtigten beziehungsweise mit Gerichtsmitteln \u00fcber den eigenen Vornamen und ihren Geschlechtseintrag entscheiden k\u00f6nnen.<\/p>\n<p>Doch dem Berliner SPD-Kreisverband Tempelhof-Sch\u00f6neberg geht das laut dem Bericht offenbar nicht weit genug. Der Verband fordert:<\/p>\n<blockquote>\n<p><em>&#8220;Bereits ab Vollendung des siebten Lebensjahres sollen Minderj\u00e4hrige die Erkl\u00e4rung zur \u00c4nderung von Namen und Geschlechtseintrag selbst abgeben.&#8221;<\/em><\/p>\n<\/blockquote>\n<p>Der Antrag laufe unter dem Titel &#8220;Trans liberation now&#8221;. Darin sei auch vermerkt, dass &#8220;zu pr\u00fcfen sei, ob Sorgeberechtigte von trans* Kindern zur Wahrnehmung einer Beratung verpflichtet werden k\u00f6nnen&#8221;.<\/p>\n<p>Notfalls solle die Entscheidung\u00a0der Siebenj\u00e4hrigen auch gegen den Elternwillen per Familiengericht durchsetzbar sein.<\/p>\n<p><strong>Mehr zum Thema<\/strong> \u2013 <a rel=\"nofollow noopener\" target=\"_blank\" href=\"https:\/\/deutsch.rt.com\/nordamerika\/149328-us-gericht-erklaert-wettkampfverbot-fuer-transgendersportler-fuer-verfassungdwidrig\/\">US-Gericht erkl\u00e4rt Wettkampfverbot f\u00fcr Transgender-Sportler als verfassungswidrig<\/a><\/p>\n<\/p>\n<p><br \/>\n<br \/><a href=\"https:\/\/de.rt.com\/inland\/149493-spd-kreisverband-will-siebenjaehrigen-erlauben-eigenes-geschlecht-zu-waehlen\/\">Source link <\/a><\/p>\n","protected":false},"excerpt":{"rendered":"<p>Wie die Welt berichtet, fordert ein Berliner Kreisverband der SPD, dass siebenj\u00e4hrige Kinder Vornamen und Geschlecht eigenst\u00e4ndig \u00e4ndern d\u00fcrfen \u2013 notfalls gegen den Willen der Eltern. Das von der Bundesregierung geplante &#8220;Selbstbestimmungsgesetz&#8221; sieht hingegen vor, dass Minderj\u00e4hrige ab 14 Jahren mit Zustimmung der Sorgeberechtigten beziehungsweise mit Gerichtsmitteln \u00fcber den eigenen Vornamen und ihren Geschlechtseintrag entscheiden [&hellip;]<\/p>\n","protected":false},"author":3,"featured_media":19480,"comment_status":"open","ping_status":"open","sticky":false,"template":"","format":"standard","meta":{"wp_automatic_camp":["217"],"6ed6ad41452e62b6ddae8ea35f884ac9":["&quot;Selbstbestimmung&quot;: SPD-Kreisverband will Siebenj\u00e4hrigen Geschlechts\u00e4nderung erlauben"],"original_link":["https:\/\/de.rt.com\/inland\/149493-spd-kreisverband-will-siebenjaehrigen-erlauben-eigenes-geschlecht-zu-waehlen\/"],"_thumbnail_id":["19480"],"_wptg_p2tg_sent2tg":["2022-09-21 10:58:26"],"jnews_social_counter_last_update":["1777279323"]},"categories":[19,23],"tags":[18952,33169,33166,33168,33167],"yoast_head":"<!-- This site is optimized with the Yoast SEO Premium plugin v22.7 (Yoast SEO v22.7) - https:\/\/yoast.com\/wordpress\/plugins\/seo\/ -->\n<title>&quot;Selbstbestimmung&quot;: SPD-Kreisverband will Siebenj\u00e4hrigen Geschlechts\u00e4nderung erlauben - just-now.NEWS Deutschland<\/title>\n<meta name=\"robots\" content=\"index, follow, max-snippet:-1, max-image-preview:large, max-video-preview:-1\" \/>\n<link rel=\"canonical\" href=\"https:\/\/now-news.de\/de\/deutschland\/selbstbestimmung-spd-kreisverband-will-siebenjaehrigen-geschlechtsaenderung-erlauben\/\" \/>\n<meta property=\"og:locale\" content=\"de_DE\" \/>\n<meta property=\"og:type\" content=\"article\" \/>\n<meta property=\"og:title\" content=\"&quot;Selbstbestimmung&quot;: SPD-Kreisverband will Siebenj\u00e4hrigen Geschlechts\u00e4nderung erlauben\" \/>\n<meta property=\"og:description\" content=\"Wie die Welt berichtet, fordert ein Berliner Kreisverband der SPD, dass siebenj\u00e4hrige Kinder Vornamen und Geschlecht eigenst\u00e4ndig \u00e4ndern d\u00fcrfen \u2013 notfalls gegen den Willen der Eltern. Das von der Bundesregierung geplante &#8220;Selbstbestimmungsgesetz&#8221; sieht hingegen vor, dass Minderj\u00e4hrige ab 14 Jahren mit Zustimmung der Sorgeberechtigten beziehungsweise mit Gerichtsmitteln \u00fcber den eigenen Vornamen und ihren Geschlechtseintrag entscheiden [&hellip;]\" \/>\n<meta property=\"og:url\" content=\"https:\/\/now-news.de\/de\/deutschland\/selbstbestimmung-spd-kreisverband-will-siebenjaehrigen-geschlechtsaenderung-erlauben\/\" \/>\n<meta property=\"og:site_name\" content=\"just-now.NEWS Deutschland\" \/>\n<meta property=\"article:publisher\" content=\"https:\/\/www.facebook.com\/wirmachenauf\" \/>\n<meta property=\"article:published_time\" content=\"2022-09-21T08:52:39+00:00\" \/>\n<meta property=\"og:image\" content=\"https:\/\/now-news.de\/de\/wp-content\/uploads\/sites\/3\/2022\/09\/quotSelbstbestimmungquot-SPD-Kreisverband-will-Siebenjaehrigen-Geschlechtsaenderung-erlauben.jpg\" \/>\n\t<meta property=\"og:image:width\" content=\"460\" \/>\n\t<meta property=\"og:image:height\" content=\"259\" \/>\n\t<meta property=\"og:image:type\" content=\"image\/jpeg\" \/>\n<meta name=\"author\" content=\"rtnews\" \/>\n<meta name=\"twitter:card\" content=\"summary_large_image\" \/>\n<meta name=\"twitter:creator\" content=\"@WirMachenAuf_de\" \/>\n<meta name=\"twitter:site\" content=\"@WirMachenAuf_de\" \/>\n<meta name=\"twitter:label1\" content=\"Verfasst von\" \/>\n\t<meta name=\"twitter:data1\" content=\"rtnews\" \/>\n\t<meta name=\"twitter:label2\" content=\"Gesch\u00e4tzte Lesezeit\" \/>\n\t<meta name=\"twitter:data2\" content=\"1\u00a0Minute\" \/>\n<script type=\"application\/ld+json\" class=\"yoast-schema-graph\">{\"@context\":\"https:\/\/schema.org\",\"@graph\":[{\"@type\":\"Article\",\"@id\":\"https:\/\/now-news.de\/de\/deutschland\/selbstbestimmung-spd-kreisverband-will-siebenjaehrigen-geschlechtsaenderung-erlauben\/#article\",\"isPartOf\":{\"@id\":\"https:\/\/now-news.de\/de\/deutschland\/selbstbestimmung-spd-kreisverband-will-siebenjaehrigen-geschlechtsaenderung-erlauben\/\"},\"author\":{\"name\":\"rtnews\",\"@id\":\"https:\/\/now-news.de\/de\/#\/schema\/person\/fb534a4e865501d8b3285208df34a9b5\"},\"headline\":\"&quot;Selbstbestimmung&quot;: SPD-Kreisverband will Siebenj\u00e4hrigen Geschlechts\u00e4nderung erlauben\",\"datePublished\":\"2022-09-21T08:52:39+00:00\",\"dateModified\":\"2022-09-21T08:52:39+00:00\",\"mainEntityOfPage\":{\"@id\":\"https:\/\/now-news.de\/de\/deutschland\/selbstbestimmung-spd-kreisverband-will-siebenjaehrigen-geschlechtsaenderung-erlauben\/\"},\"wordCount\":168,\"commentCount\":0,\"publisher\":{\"@id\":\"https:\/\/now-news.de\/de\/#organization\"},\"image\":{\"@id\":\"https:\/\/now-news.de\/de\/deutschland\/selbstbestimmung-spd-kreisverband-will-siebenjaehrigen-geschlechtsaenderung-erlauben\/#primaryimage\"},\"thumbnailUrl\":\"https:\/\/now-news.de\/de\/wp-content\/uploads\/sites\/3\/2022\/09\/quotSelbstbestimmungquot-SPD-Kreisverband-will-Siebenjaehrigen-Geschlechtsaenderung-erlauben.jpg\",\"keywords\":[\"erlauben\",\"Geschlechts\u00e4nderung\",\"quotSelbstbestimmungquot\",\"Siebenj\u00e4hrigen\",\"SPDKreisverband\"],\"articleSection\":[\"Deutschland\",\"Russland\"],\"inLanguage\":\"de\",\"potentialAction\":[{\"@type\":\"CommentAction\",\"name\":\"Comment\",\"target\":[\"https:\/\/now-news.de\/de\/deutschland\/selbstbestimmung-spd-kreisverband-will-siebenjaehrigen-geschlechtsaenderung-erlauben\/#respond\"]}]},{\"@type\":\"WebPage\",\"@id\":\"https:\/\/now-news.de\/de\/deutschland\/selbstbestimmung-spd-kreisverband-will-siebenjaehrigen-geschlechtsaenderung-erlauben\/\",\"url\":\"https:\/\/now-news.de\/de\/deutschland\/selbstbestimmung-spd-kreisverband-will-siebenjaehrigen-geschlechtsaenderung-erlauben\/\",\"name\":\"&quot;Selbstbestimmung&quot;: SPD-Kreisverband will Siebenj\u00e4hrigen Geschlechts\u00e4nderung erlauben - just-now.NEWS Deutschland\",\"isPartOf\":{\"@id\":\"https:\/\/now-news.de\/de\/#website\"},\"primaryImageOfPage\":{\"@id\":\"https:\/\/now-news.de\/de\/deutschland\/selbstbestimmung-spd-kreisverband-will-siebenjaehrigen-geschlechtsaenderung-erlauben\/#primaryimage\"},\"image\":{\"@id\":\"https:\/\/now-news.de\/de\/deutschland\/selbstbestimmung-spd-kreisverband-will-siebenjaehrigen-geschlechtsaenderung-erlauben\/#primaryimage\"},\"thumbnailUrl\":\"https:\/\/now-news.de\/de\/wp-content\/uploads\/sites\/3\/2022\/09\/quotSelbstbestimmungquot-SPD-Kreisverband-will-Siebenjaehrigen-Geschlechtsaenderung-erlauben.jpg\",\"datePublished\":\"2022-09-21T08:52:39+00:00\",\"dateModified\":\"2022-09-21T08:52:39+00:00\",\"breadcrumb\":{\"@id\":\"https:\/\/now-news.de\/de\/deutschland\/selbstbestimmung-spd-kreisverband-will-siebenjaehrigen-geschlechtsaenderung-erlauben\/#breadcrumb\"},\"inLanguage\":\"de\",\"potentialAction\":[{\"@type\":\"ReadAction\",\"target\":[\"https:\/\/now-news.de\/de\/deutschland\/selbstbestimmung-spd-kreisverband-will-siebenjaehrigen-geschlechtsaenderung-erlauben\/\"]}]},{\"@type\":\"ImageObject\",\"inLanguage\":\"de\",\"@id\":\"https:\/\/now-news.de\/de\/deutschland\/selbstbestimmung-spd-kreisverband-will-siebenjaehrigen-geschlechtsaenderung-erlauben\/#primaryimage\",\"url\":\"https:\/\/now-news.de\/de\/wp-content\/uploads\/sites\/3\/2022\/09\/quotSelbstbestimmungquot-SPD-Kreisverband-will-Siebenjaehrigen-Geschlechtsaenderung-erlauben.jpg\",\"contentUrl\":\"https:\/\/now-news.de\/de\/wp-content\/uploads\/sites\/3\/2022\/09\/quotSelbstbestimmungquot-SPD-Kreisverband-will-Siebenjaehrigen-Geschlechtsaenderung-erlauben.jpg\",\"width\":460,\"height\":259,\"caption\":\"&quot;Selbstbestimmung&quot;: SPD-Kreisverband will Siebenj\u00e4hrigen Geschlechts\u00e4nderung erlauben\"},{\"@type\":\"BreadcrumbList\",\"@id\":\"https:\/\/now-news.de\/de\/deutschland\/selbstbestimmung-spd-kreisverband-will-siebenjaehrigen-geschlechtsaenderung-erlauben\/#breadcrumb\",\"itemListElement\":[{\"@type\":\"ListItem\",\"position\":1,\"name\":\"Home\",\"item\":\"https:\/\/now-news.de\/de\/\"},{\"@type\":\"ListItem\",\"position\":2,\"name\":\"&quot;Selbstbestimmung&quot;: SPD-Kreisverband will Siebenj\u00e4hrigen Geschlechts\u00e4nderung erlauben\"}]},{\"@type\":\"WebSite\",\"@id\":\"https:\/\/now-news.de\/de\/#website\",\"url\":\"https:\/\/now-news.de\/de\/\",\"name\":\"just-now.NEWS Deutschland\",\"description\":\"Das Portal f\u00fcr unzensierte Nachrichten aus der Welt\",\"publisher\":{\"@id\":\"https:\/\/now-news.de\/de\/#organization\"},\"potentialAction\":[{\"@type\":\"SearchAction\",\"target\":{\"@type\":\"EntryPoint\",\"urlTemplate\":\"https:\/\/now-news.de\/de\/?s={search_term_string}\"},\"query-input\":\"required name=search_term_string\"}],\"inLanguage\":\"de\"},{\"@type\":\"Organization\",\"@id\":\"https:\/\/now-news.de\/de\/#organization\",\"name\":\"Just Now News\",\"url\":\"https:\/\/now-news.de\/de\/\",\"logo\":{\"@type\":\"ImageObject\",\"inLanguage\":\"de\",\"@id\":\"https:\/\/now-news.de\/de\/#\/schema\/logo\/image\/\",\"url\":\"http:\/\/just-now.news\/de\/wp-content\/uploads\/sites\/3\/2022\/04\/logo500x500.jpg\",\"contentUrl\":\"http:\/\/just-now.news\/de\/wp-content\/uploads\/sites\/3\/2022\/04\/logo500x500.jpg\",\"width\":500,\"height\":500,\"caption\":\"Just Now News\"},\"image\":{\"@id\":\"https:\/\/now-news.de\/de\/#\/schema\/logo\/image\/\"},\"sameAs\":[\"https:\/\/www.facebook.com\/wirmachenauf\",\"https:\/\/x.com\/WirMachenAuf_de\"]},{\"@type\":\"Person\",\"@id\":\"https:\/\/now-news.de\/de\/#\/schema\/person\/fb534a4e865501d8b3285208df34a9b5\",\"name\":\"rtnews\",\"image\":{\"@type\":\"ImageObject\",\"inLanguage\":\"de\",\"@id\":\"https:\/\/now-news.de\/de\/#\/schema\/person\/image\/\",\"url\":\"https:\/\/secure.gravatar.com\/avatar\/82aafea7d8127119dd649515f56e2117?s=96&d=mm&r=g\",\"contentUrl\":\"https:\/\/secure.gravatar.com\/avatar\/82aafea7d8127119dd649515f56e2117?s=96&d=mm&r=g\",\"caption\":\"rtnews\"},\"url\":\"https:\/\/now-news.de\/de\/author\/rnews\/\"}]}<\/script>\n<!-- \/ Yoast SEO Premium plugin. -->","yoast_head_json":{"title":"&quot;Selbstbestimmung&quot;: SPD-Kreisverband will Siebenj\u00e4hrigen Geschlechts\u00e4nderung erlauben - just-now.NEWS Deutschland","robots":{"index":"index","follow":"follow","max-snippet":"max-snippet:-1","max-image-preview":"max-image-preview:large","max-video-preview":"max-video-preview:-1"},"canonical":"https:\/\/now-news.de\/de\/deutschland\/selbstbestimmung-spd-kreisverband-will-siebenjaehrigen-geschlechtsaenderung-erlauben\/","og_locale":"de_DE","og_type":"article","og_title":"&quot;Selbstbestimmung&quot;: SPD-Kreisverband will Siebenj\u00e4hrigen Geschlechts\u00e4nderung erlauben","og_description":"Wie die Welt berichtet, fordert ein Berliner Kreisverband der SPD, dass siebenj\u00e4hrige Kinder Vornamen und Geschlecht eigenst\u00e4ndig \u00e4ndern d\u00fcrfen \u2013 notfalls gegen den Willen der Eltern. Das von der Bundesregierung geplante &#8220;Selbstbestimmungsgesetz&#8221; sieht hingegen vor, dass Minderj\u00e4hrige ab 14 Jahren mit Zustimmung der Sorgeberechtigten beziehungsweise mit Gerichtsmitteln \u00fcber den eigenen Vornamen und ihren Geschlechtseintrag entscheiden [&hellip;]","og_url":"https:\/\/now-news.de\/de\/deutschland\/selbstbestimmung-spd-kreisverband-will-siebenjaehrigen-geschlechtsaenderung-erlauben\/","og_site_name":"just-now.NEWS Deutschland","article_publisher":"https:\/\/www.facebook.com\/wirmachenauf","article_published_time":"2022-09-21T08:52:39+00:00","og_image":[{"width":460,"height":259,"url":"https:\/\/now-news.de\/de\/wp-content\/uploads\/sites\/3\/2022\/09\/quotSelbstbestimmungquot-SPD-Kreisverband-will-Siebenjaehrigen-Geschlechtsaenderung-erlauben.jpg","type":"image\/jpeg"}],"author":"rtnews","twitter_card":"summary_large_image","twitter_creator":"@WirMachenAuf_de","twitter_site":"@WirMachenAuf_de","twitter_misc":{"Verfasst von":"rtnews","Gesch\u00e4tzte Lesezeit":"1\u00a0Minute"},"schema":{"@context":"https:\/\/schema.org","@graph":[{"@type":"Article","@id":"https:\/\/now-news.de\/de\/deutschland\/selbstbestimmung-spd-kreisverband-will-siebenjaehrigen-geschlechtsaenderung-erlauben\/#article","isPartOf":{"@id":"https:\/\/now-news.de\/de\/deutschland\/selbstbestimmung-spd-kreisverband-will-siebenjaehrigen-geschlechtsaenderung-erlauben\/"},"author":{"name":"rtnews","@id":"https:\/\/now-news.de\/de\/#\/schema\/person\/fb534a4e865501d8b3285208df34a9b5"},"headline":"&quot;Selbstbestimmung&quot;: SPD-Kreisverband will Siebenj\u00e4hrigen Geschlechts\u00e4nderung erlauben","datePublished":"2022-09-21T08:52:39+00:00","dateModified":"2022-09-21T08:52:39+00:00","mainEntityOfPage":{"@id":"https:\/\/now-news.de\/de\/deutschland\/selbstbestimmung-spd-kreisverband-will-siebenjaehrigen-geschlechtsaenderung-erlauben\/"},"wordCount":168,"commentCount":0,"publisher":{"@id":"https:\/\/now-news.de\/de\/#organization"},"image":{"@id":"https:\/\/now-news.de\/de\/deutschland\/selbstbestimmung-spd-kreisverband-will-siebenjaehrigen-geschlechtsaenderung-erlauben\/#primaryimage"},"thumbnailUrl":"https:\/\/now-news.de\/de\/wp-content\/uploads\/sites\/3\/2022\/09\/quotSelbstbestimmungquot-SPD-Kreisverband-will-Siebenjaehrigen-Geschlechtsaenderung-erlauben.jpg","keywords":["erlauben","Geschlechts\u00e4nderung","quotSelbstbestimmungquot","Siebenj\u00e4hrigen","SPDKreisverband"],"articleSection":["Deutschland","Russland"],"inLanguage":"de","potentialAction":[{"@type":"CommentAction","name":"Comment","target":["https:\/\/now-news.de\/de\/deutschland\/selbstbestimmung-spd-kreisverband-will-siebenjaehrigen-geschlechtsaenderung-erlauben\/#respond"]}]},{"@type":"WebPage","@id":"https:\/\/now-news.de\/de\/deutschland\/selbstbestimmung-spd-kreisverband-will-siebenjaehrigen-geschlechtsaenderung-erlauben\/","url":"https:\/\/now-news.de\/de\/deutschland\/selbstbestimmung-spd-kreisverband-will-siebenjaehrigen-geschlechtsaenderung-erlauben\/","name":"&quot;Selbstbestimmung&quot;: SPD-Kreisverband will Siebenj\u00e4hrigen Geschlechts\u00e4nderung erlauben - just-now.NEWS Deutschland","isPartOf":{"@id":"https:\/\/now-news.de\/de\/#website"},"primaryImageOfPage":{"@id":"https:\/\/now-news.de\/de\/deutschland\/selbstbestimmung-spd-kreisverband-will-siebenjaehrigen-geschlechtsaenderung-erlauben\/#primaryimage"},"image":{"@id":"https:\/\/now-news.de\/de\/deutschland\/selbstbestimmung-spd-kreisverband-will-siebenjaehrigen-geschlechtsaenderung-erlauben\/#primaryimage"},"thumbnailUrl":"https:\/\/now-news.de\/de\/wp-content\/uploads\/sites\/3\/2022\/09\/quotSelbstbestimmungquot-SPD-Kreisverband-will-Siebenjaehrigen-Geschlechtsaenderung-erlauben.jpg","datePublished":"2022-09-21T08:52:39+00:00","dateModified":"2022-09-21T08:52:39+00:00","breadcrumb":{"@id":"https:\/\/now-news.de\/de\/deutschland\/selbstbestimmung-spd-kreisverband-will-siebenjaehrigen-geschlechtsaenderung-erlauben\/#breadcrumb"},"inLanguage":"de","potentialAction":[{"@type":"ReadAction","target":["https:\/\/now-news.de\/de\/deutschland\/selbstbestimmung-spd-kreisverband-will-siebenjaehrigen-geschlechtsaenderung-erlauben\/"]}]},{"@type":"ImageObject","inLanguage":"de","@id":"https:\/\/now-news.de\/de\/deutschland\/selbstbestimmung-spd-kreisverband-will-siebenjaehrigen-geschlechtsaenderung-erlauben\/#primaryimage","url":"https:\/\/now-news.de\/de\/wp-content\/uploads\/sites\/3\/2022\/09\/quotSelbstbestimmungquot-SPD-Kreisverband-will-Siebenjaehrigen-Geschlechtsaenderung-erlauben.jpg","contentUrl":"https:\/\/now-news.de\/de\/wp-content\/uploads\/sites\/3\/2022\/09\/quotSelbstbestimmungquot-SPD-Kreisverband-will-Siebenjaehrigen-Geschlechtsaenderung-erlauben.jpg","width":460,"height":259,"caption":"&quot;Selbstbestimmung&quot;: SPD-Kreisverband will Siebenj\u00e4hrigen Geschlechts\u00e4nderung erlauben"},{"@type":"BreadcrumbList","@id":"https:\/\/now-news.de\/de\/deutschland\/selbstbestimmung-spd-kreisverband-will-siebenjaehrigen-geschlechtsaenderung-erlauben\/#breadcrumb","itemListElement":[{"@type":"ListItem","position":1,"name":"Home","item":"https:\/\/now-news.de\/de\/"},{"@type":"ListItem","position":2,"name":"&quot;Selbstbestimmung&quot;: SPD-Kreisverband will Siebenj\u00e4hrigen Geschlechts\u00e4nderung erlauben"}]},{"@type":"WebSite","@id":"https:\/\/now-news.de\/de\/#website","url":"https:\/\/now-news.de\/de\/","name":"just-now.NEWS Deutschland","description":"Das Portal f\u00fcr unzensierte Nachrichten aus der Welt","publisher":{"@id":"https:\/\/now-news.de\/de\/#organization"},"potentialAction":[{"@type":"SearchAction","target":{"@type":"EntryPoint","urlTemplate":"https:\/\/now-news.de\/de\/?s={search_term_string}"},"query-input":"required name=search_term_string"}],"inLanguage":"de"},{"@type":"Organization","@id":"https:\/\/now-news.de\/de\/#organization","name":"Just Now News","url":"https:\/\/now-news.de\/de\/","logo":{"@type":"ImageObject","inLanguage":"de","@id":"https:\/\/now-news.de\/de\/#\/schema\/logo\/image\/","url":"http:\/\/just-now.news\/de\/wp-content\/uploads\/sites\/3\/2022\/04\/logo500x500.jpg","contentUrl":"http:\/\/just-now.news\/de\/wp-content\/uploads\/sites\/3\/2022\/04\/logo500x500.jpg","width":500,"height":500,"caption":"Just Now News"},"image":{"@id":"https:\/\/now-news.de\/de\/#\/schema\/logo\/image\/"},"sameAs":["https:\/\/www.facebook.com\/wirmachenauf","https:\/\/x.com\/WirMachenAuf_de"]},{"@type":"Person","@id":"https:\/\/now-news.de\/de\/#\/schema\/person\/fb534a4e865501d8b3285208df34a9b5","name":"rtnews","image":{"@type":"ImageObject","inLanguage":"de","@id":"https:\/\/now-news.de\/de\/#\/schema\/person\/image\/","url":"https:\/\/secure.gravatar.com\/avatar\/82aafea7d8127119dd649515f56e2117?s=96&d=mm&r=g","contentUrl":"https:\/\/secure.gravatar.com\/avatar\/82aafea7d8127119dd649515f56e2117?s=96&d=mm&r=g","caption":"rtnews"},"url":"https:\/\/now-news.de\/de\/author\/rnews\/"}]}},"_links":{"self":[{"href":"https:\/\/now-news.de\/de\/wp-json\/wp\/v2\/posts\/19479"}],"collection":[{"href":"https:\/\/now-news.de\/de\/wp-json\/wp\/v2\/posts"}],"about":[{"href":"https:\/\/now-news.de\/de\/wp-json\/wp\/v2\/types\/post"}],"author":[{"embeddable":true,"href":"https:\/\/now-news.de\/de\/wp-json\/wp\/v2\/users\/3"}],"replies":[{"embeddable":true,"href":"https:\/\/now-news.de\/de\/wp-json\/wp\/v2\/comments?post=19479"}],"version-history":[{"count":0,"href":"https:\/\/now-news.de\/de\/wp-json\/wp\/v2\/posts\/19479\/revisions"}],"wp:featuredmedia":[{"embeddable":true,"href":"https:\/\/now-news.de\/de\/wp-json\/wp\/v2\/media\/19480"}],"wp:attachment":[{"href":"https:\/\/now-news.de\/de\/wp-json\/wp\/v2\/media?parent=19479"}],"wp:term":[{"taxonomy":"category","embeddable":true,"href":"https:\/\/now-news.de\/de\/wp-json\/wp\/v2\/categories?post=19479"},{"taxonomy":"post_tag","embeddable":true,"href":"https:\/\/now-news.de\/de\/wp-json\/wp\/v2\/tags?post=19479"}],"curies":[{"name":"wp","href":"https:\/\/api.w.org\/{rel}","templated":true}]}}