{"id":19394,"date":"2022-09-20T06:15:00","date_gmt":"2022-09-20T04:15:00","guid":{"rendered":"http:\/\/just-now.news\/de\/deutschland\/wissenschaftsmagazin-nano-was-bringt-der-omikron-booster\/"},"modified":"2022-09-20T06:15:00","modified_gmt":"2022-09-20T04:15:00","slug":"wissenschaftsmagazin-nano-was-bringt-der-omikron-booster","status":"publish","type":"post","link":"https:\/\/now-news.de\/de\/deutschland\/wissenschaftsmagazin-nano-was-bringt-der-omikron-booster\/","title":{"rendered":"Wissenschaftsmagazin NANO: Was bringt der Omikron-Booster?"},"content":{"rendered":"<p><img decoding=\"async\" src=\"http:\/\/just-now.news\/de\/wp-content\/uploads\/sites\/3\/2022\/09\/6326bb30b480cc27691adc6f.jpg\" \/><\/p>\n<div class=\"Text-root Text-type_1 \">\n                Das Wissenschaftsmagazin NANO platzierte das Thema erst an zweiter Stelle der aktuellen Sendung. Der Inhalt \u00fcberraschte mit ungewohnten T\u00f6nen und klaren Formulierungen: &#8220;Der Schutz vor Ansteckungen sinkt wohl von Impfung zu Impfung&#8221;.\n            <\/div>\n<p><\/p>\n<div class=\"Text-root Text-type_5 ArticleView-text ViewText-root \">\n<p><em>Von Bernhard Loyen<\/em><\/p>\n<p>Einen wertfreien, informativen und kritisch ausgewogenen Informationsbeitrag zum Thema Effizienz und Auswirkungen von angepassten COVID-19-Impfstoffen in den \u00f6ffentlich-rechtlichen Medien zu finden, gilt weiterhin als Ausnahme.<\/p>\n<p>So \u00fcberraschte die Zuschauer der aktuellen Ausgabe des <em>3sat<\/em>-Wissenschaftsmagazins\u00a0<em>NANO <\/em>ein zweitplatzierter Beitrag mit dem Titel: &#8220;<a rel=\"nofollow noopener\" target=\"_blank\" href=\"https:\/\/www.3sat.de\/wissen\/nano\/220916-sendung-nano-100.html\">Was bringt der Omikron-Booster?<\/a>&#8220;. Schwerpunkt-Aufmacher der <em>ZDF<\/em>-Produktion war eine Plastiks\u00e4uberungsaktion in Norwegen. Bezogen auf die aktuell erhitzten Diskussionen in der Gesellschaft irritiert diese Entscheidung der <em>3sat<\/em>-Redaktion.<\/p>\n<p>Die kontroversen Wahrnehmungen hinsichtlich Notwendigkeit und Nutzen, speziell aus der Politik und Wissenschaft, h\u00e4tten den Impfstoff-Beitrag als Aufmacher der Sendung gerechtfertigt. Der Inhalt entsch\u00e4digt daf\u00fcr, da er den Zuschauern \u00fcberraschend unerwartete, gut verst\u00e4ndliche Details zu den j\u00fcngst von der Europ\u00e4ischen Arzneimittel-Agentur (EMA) zugelassenen sogenannten bivalenten Impfstoffen vermittelt.<\/p>\n<p>Zu Beginn betonte der Moderator, dass der Bundesrat die \u00c4nderungen des Infektionsschutzgesetzes &#8220;durchgewunken&#8221; h\u00e4tte \u2013 &#8220;trotz Widerspr\u00fcchen&#8221;. Die Anmoderation fasste die Problematik der zur\u00fcckliegenden zwei Jahre zusammen:<\/p>\n<blockquote>\n<p><em>&#8220;Politik bedeutet Kompromisse, Infektionsschutz f\u00fcr eine Gesellschaft zu erreichen ist kompliziert und sowohl das Virus wie auch die Impfstoffe ver\u00e4ndern sich.&#8221;<\/em><\/p>\n<\/blockquote>\n<p>Im Gegensatz zu den meisten europ\u00e4ischen Nachbarn w\u00fcrde sich Deutschland &#8220;auf die n\u00e4chste Corona-Welle vorbereiten&#8221;. Carsten Watzl, Generalsekret\u00e4r der Deutschen Gesellschaft f\u00fcr Immunologie, kam zu Wort. Er sch\u00e4tzt den &#8220;Gro\u00dfteil der Bev\u00f6lkerung als gut gesch\u00fctzt, auch gegen die Omikron-Varianten&#8221;. Aktuelle Studien, get\u00e4tigt in einem &#8220;repr\u00e4sentativen Bev\u00f6lkerungsquerschnitt&#8221;, lieferten eindeutige Zahlen. Watzl w\u00f6rtlich:<\/p>\n<blockquote>\n<p><em>&#8220;Wie viele Menschen haben denn schon Antik\u00f6rper gegen dieses Virus, entweder durch eine Impfung oder Infektion? Und da sieht man einfach, dass wir bei der Erwachsenenbev\u00f6lkerung schon jenseits der 95 Prozent sind, d. h. wir haben eine sehr hohe Immunit\u00e4t.&#8221;<\/em><\/p>\n<\/blockquote>\n<p>Aufgrund der daraus resultierenden sehr kleinen Immunit\u00e4tsl\u00fccke m\u00fcsse die Gesellschaft &#8220;eigentlich keine Angst mehr haben&#8221;, so der Immunologe. Der <em>3sat-<\/em>Beitrag stellte fest, dass bei einem Blick auf die Pressever\u00f6ffentlichungen der vergangenen Monate &#8220;keine zufriedenstellenden Antworten gegeben&#8221; wurden, ob und wer \u00fcberhaupt eine vierte Impfung aktuell ben\u00f6tigen w\u00fcrde:<\/p>\n<blockquote>\n<p><em>&#8220;Zu unterschiedlich die Meinungen der Experten, Institutionen und Politiker.&#8221;<\/em><\/p>\n<\/blockquote>\n<p>Der Beitrag zitierte die Kritik des Vorstandsvorsitzenden der Kassen\u00e4rztlichen Bundesvereinigung, Andreas Gassen, gegen\u00fcber Bundesgesundheitsminister Karl Lauterbach. Dieser <a rel=\"nofollow noopener\" target=\"_blank\" href=\"https:\/\/www.sueddeutsche.de\/panorama\/coronavirus-lauterbach-empfiehlt-zweiten-booster-auch-fuer-juengere-1.5621651\">forderte<\/a> im Juli einen zweiten Booster auch f\u00fcr J\u00fcngere. Gassen sagte:<\/p>\n<blockquote>\n<p><em>&#8220;Aus israelischen Studien wissen wir, dass ein zweiter Booster bei j\u00fcngeren Gesunden nicht sinnvoll ist.&#8221;<\/em><\/p>\n<\/blockquote>\n<p>Es folgte ein Zitat des Leiters der St\u00e4ndigen Impfkommission, Thomas Mertens, ebenfalls bezogen auf die aktuelle Kommunikation von Karl Lauterbach:<\/p>\n<blockquote>\n<p><em>&#8220;Ich halte es f\u00fcr schlecht, medizinische Empfehlungen unter dem Motto &#8216;Viel hilft viel&#8217; auszusprechen.&#8221;<\/em><\/p>\n<\/blockquote>\n<p>Als vierte, eher kritische Stimme kam der Immunologe und Leiter des Deutschen Rheuma-Forschungszentrum Berlin, Prof. Thomas Radbruch, zu Wort. Sein wissenschaftlicher Schwerpunkt liegt bei dem Thema Schutzwirkungen von Impfungen. Es folgten Darlegungen von Prof. Radbruch, die jenen, die sich nur \u00fcber \u00f6ffentlich-rechtliche Beitr\u00e4ge informieren, weiterhin unbekannt sein d\u00fcrften und diese zumindest nachdenklich stimmen k\u00f6nnten.<\/p>\n<p>Das urspr\u00fcngliche Ziel von Impfungen sei es, &#8220;einen gewissen Schutz vor Ansteckungen anzustreben&#8221;. Bezugnehmend der Diskussion um Dreifach- und m\u00f6gliche Folge-Impfungen erkl\u00e4rt der Immunologe:<\/p>\n<blockquote>\n<p><em>&#8220;Dazu muss das Immunsystem zuerst reagieren; und wenn es zu oft geimpft wird, dann reagiert es \u00fcberhaupt nicht mehr. Das hei\u00dft, dann wird auch kein Schutz vor Ansteckungen mehr gew\u00e4hrleistet.&#8221;<\/em><\/p>\n<\/blockquote>\n<p>Der Schutz vor schweren Verl\u00e4ufen bleibe erhalten, aber &#8220;der Schutz vor Ansteckungen sinkt wohl von Impfung zu Impfung&#8221;, so die Erg\u00e4nzung der <em>3sat-<\/em>Redaktion. Weiterhin hie\u00df es:<\/p>\n<blockquote>\n<p><em>&#8220;Nach einer israelischen Studie lag der Schutz nach der dritten Impfung noch bei 80 Prozent. Bei der vierten Impfung noch bei 30. Das Immunsystem stumpft ab.&#8221;<\/em><\/p>\n<\/blockquote>\n<p>Prof. Radbruch erl\u00e4uterte, dass das Immunsystem seine &#8220;Flexibilit\u00e4t&#8221; bei dem Versuch, &#8220;sich einzupr\u00e4gen, wie diese Impfungen eigentlich aussehen&#8221;, verlieren w\u00fcrde. Eine schlechte Voraussetzung &#8220;f\u00fcr zuk\u00fcnftige Varianten&#8221; und damit f\u00fcr jene Menschen, die bereits mindestens dreimal gegen COVID-19 geimpft sind.<\/p>\n<div class=\"EmbedBlock-root EmbedBlock-twitter\">\n<div class=\"TwitterEmbed\">\n<blockquote class=\"twitter-tweet lazyload\" data-twitter=\"twitter-tweet\">\n<p lang=\"de\" dir=\"ltr\">Experten, nicht Politiker zur vierten Impfung. <a rel=\"nofollow noopener\" target=\"_blank\" href=\"https:\/\/t.co\/rtgAv51J1O\">pic.twitter.com\/rtgAv51J1O<\/a><\/p>\n<p>\u2014 Tim R\u00f6hn (@Tim_Roehn) <a rel=\"nofollow noopener\" target=\"_blank\" href=\"https:\/\/twitter.com\/Tim_Roehn\/status\/1571167376099475458?ref_src=twsrc%5Etfw\">September 17, 2022<\/a><\/p><\/blockquote>\n<\/div>\n<\/div>\n<p>Durchgef\u00fchrte &#8220;Neutralisierungstests&#8221; bei den zwei neuen Omikron-Wirkstoffen der Hersteller BioNTech und Moderna h\u00e4tten eindeutig gezeigt, dass &#8220;nur die Subvarianten B.A.4 und B.A.5 effizient bek\u00e4mpft wurden&#8221;. Und weiter:<\/p>\n<blockquote>\n<p><em>&#8220;Bei B.A.1 lag das erzeugte Antik\u00f6rper-Level rund dreimal niedriger.&#8221;<\/em><\/p>\n<\/blockquote>\n<p>Diese Tatsachen w\u00fcrden jedoch nicht der Informations- und Kommunikationsstrategie der beiden Hersteller entsprechen. Prof. Radbruch geht davon aus, dass &#8220;der angepasste Impfstoff auch nicht viel besser ist als der alte Impfstoff&#8221;. Profitieren k\u00f6nnten seiner Meinung nach nur die potentiellen Empf\u00e4nger, die &#8220;auf die ersten drei Impfungen nicht optimal, aber \u00fcberhaupt reagiert haben&#8221;.<\/p>\n<p>Der Beitrag wies darauf hin, dass die erfolgte Zulassung der bivalenten Impfstoffe durch die EMA &#8220;allerdings wieder eine Notfallzulassung nach schnellen und kleinen Studien&#8221; darstellen w\u00fcrde, um ungewohnt f\u00fcr \u00f6ffentlich-rechtliche Medien zu fragen: &#8220;Reicht das?&#8221;<\/p>\n<p>Immunologe Watzl erkl\u00e4rte, dass zur &#8220;Prozent-Effektivit\u00e4t&#8221; schlicht keinerlei Daten seitens der Hersteller vorliegen w\u00fcrden. Erkenntnisse k\u00f6nnten daher nur &#8220;in der Anwendung&#8221; erstellt und analysiert werden. Das Gleiche gilt f\u00fcr fehlende Erfahrungen mit Nebenwirkungen. Watzl w\u00f6rtlich:<\/p>\n<blockquote>\n<p><em>&#8220;Und auch Nebenwirkungen. Seltene Nebenwirkungen, kann ich in solchen (vorliegenden) Studien nicht sehen, d. h. diese Daten fehlen komplett, auch jetzt noch.&#8221;<\/em><\/p>\n<\/blockquote>\n<p>Rein wissenschaftlich m\u00fcsse daher unter epidemiologischen Betrachtungen und Aspekten jeder B\u00fcrger auf seinen Immunstatus getestet werden, so der Ansatz des Beitrags. Eine Selbstverst\u00e4ndlichkeit aus Vor-Corona-Zeiten. Die Realit\u00e4t ist nachweislich eine andere. Ein immens wichtiger und unbedingt ben\u00f6tigter aussagekr\u00e4ftiger Status wird seitens fordernder Politik und mehrheitlich unterst\u00fctzender Medien nicht thematisiert. Daf\u00fcr wird eine vierte oder f\u00fcnfte Impfung dringlichst empfohlen oder eingefordert.<\/p>\n<p>Man kann es daher nur als fahrl\u00e4ssig bezeichnen, das bei nicht vorliegenden Daten, wie auch Vergleichsstudien, der gesamtverantwortliche Bundesgesundheitsminister in einem Twitter-Beitrag mit rund 1 Million Followern diktierte: &#8220;<a rel=\"nofollow noopener\" target=\"_blank\" href=\"https:\/\/twitter.com\/Karl_Lauterbach\/status\/1569973301057044482\">Besser<\/a> BA.5-Impfung als BA.5-Infektion. Der Sender <em>BR24<\/em>\u00a0<a rel=\"nofollow noopener\" target=\"_blank\" href=\"https:\/\/www.br.de\/nachrichten\/wissen\/corona-neue-omikron-impfstoffe-von-biontech-und-moderna-vor-zulassung,TFuJuzo\">erg\u00e4nzte<\/a>\u00a0Anfang September zu der gewagten Wahrnehmung Lauterbachs:<\/p>\n<blockquote>\n<p><em>&#8220;Auch in einem Schreiben von Gesundheitsminister Karl Lauterbach (SPD) an die Leistungserbringer der Impfkampagne, wie Arztpraxen und Impfzentren, hei\u00dft es, dass nach Studiendaten die neuen Impfstoffe deutlich<\/em> (sic!)<em> besser gegen die derzeit dominante BA.5-Variante wirkten als die Impfstoffe der ersten Generation.&#8221;<\/em><\/p>\n<\/blockquote>\n<p>Woher will Lauterbach das wissen? Abschlie\u00dfend informierte erneut Watzl die Zuschauer dar\u00fcber, dass durch das Neu-Ph\u00e4nomen regelm\u00e4\u00dfiger Impfungen gegen einen Virus-Typ dringend ben\u00f6tigte Erkenntnisse zu dem Sinn von &#8220;Impfabst\u00e4nden&#8221; auch im dritten Corona-Jahr nicht vorliegen w\u00fcrden:<\/p>\n<p><em>&#8220;Dann wissen wir noch gar nicht, vielleicht h\u00e4lt ja die dritte Impfung f\u00fcr mehrere Jahre.&#8221;<\/em><\/p>\n<p>US-Forscher h\u00e4tten laut dem <em>3sat-<\/em>Beitrag mittlerweile festgestellt, dass gewisse Zellentypen des menschlichen Organismus (Plasma- und Ammenzellen), die in der nat\u00fcrlichen K\u00f6rperreaktion auf Virus-Infektionen entscheidend sind, bei &#8220;Genesenen mehr existieren als bei Geimpften&#8221;, um zu res\u00fcmieren: &#8220;Vieles ist eben noch unverstanden&#8221;. Prof. Radbruch fasst erg\u00e4nzend n\u00fcchtern zusammen:<\/p>\n<blockquote>\n<p><em>&#8220;Wir verstehen immer noch nicht, was der Unterschied ist, zwischen Schleimhautimmunit\u00e4t und dem Schutz vor schwerer Erkrankung. Und wir verstehen auch nicht, warum die Menschen so unterschiedlich auf genau den gleichen Impfstoff oder das gleiche Virus reagieren.&#8221;<\/em><\/p>\n<\/blockquote>\n<p>Der aggressiven Pharmaindustrie geht es vordergr\u00fcndig um Profite und Gewinnchargen, nicht um das Wohl der Menschen. Schwindende Absatzm\u00e4rkte sind die einzige Nebenwirkung, die in den H\u00e4usern BioNTech und Moderna f\u00fcr Stirnfalten und Panik sorgt.<\/p>\n<p>Was einen mittlerweile manisch wirkenden Bundesgesundheitsminister Karl Lauterbach schlussendlich antreibt, wird erst die politische Aufarbeitung einer Post-Corona-Zeit ergeben.<\/p>\n<p>Tim R\u00f6hn, Chefreporter der <em>Welt, <\/em>schrieb in kritischer <a rel=\"nofollow noopener\" target=\"_blank\" href=\"https:\/\/twitter.com\/Tim_Roehn\/status\/1570011018876653569\">Eigenreflexion<\/a> am 14. September auf Twitter:<\/p>\n<blockquote>\n<p><em>&#8220;Die deutsche Politik lag bei Corona fast immer daneben \u2013 bei Schulen, bei Lockdowns, bei ihrer angsteinfl\u00f6\u00dfenden Kommunikation, bei Versprechen zu den Impfungen. Der Kreis schlie\u00dft sich mit der v\u00f6llig absurden FFP2-Pflicht. Wir Journalisten h\u00e4tten von Anfang an skeptisch sein m\u00fcssen.&#8221;<\/em><\/p>\n<\/blockquote>\n<p><strong>Mehr zum Thema <\/strong>&#8211;<strong>\u00a0<\/strong><a rel=\"nofollow noopener\" target=\"_blank\" href=\"https:\/\/pressefreiheit.rtde.tech\/inland\/148225-biontech-erfahrt-millionenklage-wegen-mehrerer\/\">Erste Klage gegen BioNTech \u2013 wegen Sch\u00e4den durch den Corona-Impfstoff Comirnaty<\/a><\/p>\n<\/div>\n<p><script async src=\"https:\/\/platform.twitter.com\/widgets.js\" charset=\"utf-8\"><\/script><br \/>\n<br \/><br \/>\n<br \/><a href=\"https:\/\/de.rt.com\/inland\/149253-was-bringt-omikron-booster-3\/\">Source link <\/a><\/p>\n","protected":false},"excerpt":{"rendered":"<p>Das Wissenschaftsmagazin NANO platzierte das Thema erst an zweiter Stelle der aktuellen Sendung. Der Inhalt \u00fcberraschte mit ungewohnten T\u00f6nen und klaren Formulierungen: &#8220;Der Schutz vor Ansteckungen sinkt wohl von Impfung zu Impfung&#8221;. Von Bernhard Loyen Einen wertfreien, informativen und kritisch ausgewogenen Informationsbeitrag zum Thema Effizienz und Auswirkungen von angepassten COVID-19-Impfstoffen in den \u00f6ffentlich-rechtlichen Medien zu [&hellip;]<\/p>\n","protected":false},"author":3,"featured_media":19395,"comment_status":"open","ping_status":"open","sticky":false,"template":"","format":"standard","meta":{"wp_automatic_camp":["217"],"f475cd1230c8d9744b8183aeaa6ed690":["Wissenschaftsmagazin NANO: Was bringt der Omikron-Booster?"],"original_link":["https:\/\/de.rt.com\/inland\/149253-was-bringt-omikron-booster-3\/"],"_thumbnail_id":["19395"],"_wptg_p2tg_sent2tg":["2022-09-20 06:27:56"],"jnews_social_counter_last_update":["1777400883"]},"categories":[19,23],"tags":[7313,82,17894,33107,33106],"yoast_head":"<!-- This site is optimized with the Yoast SEO Premium plugin v22.7 (Yoast SEO v22.7) - https:\/\/yoast.com\/wordpress\/plugins\/seo\/ -->\n<title>Wissenschaftsmagazin NANO: Was bringt der Omikron-Booster? - just-now.NEWS Deutschland<\/title>\n<meta name=\"robots\" content=\"index, follow, max-snippet:-1, max-image-preview:large, max-video-preview:-1\" \/>\n<link rel=\"canonical\" href=\"https:\/\/now-news.de\/de\/deutschland\/wissenschaftsmagazin-nano-was-bringt-der-omikron-booster\/\" \/>\n<meta property=\"og:locale\" content=\"de_DE\" \/>\n<meta property=\"og:type\" content=\"article\" \/>\n<meta property=\"og:title\" content=\"Wissenschaftsmagazin NANO: Was bringt der Omikron-Booster?\" \/>\n<meta property=\"og:description\" content=\"Das Wissenschaftsmagazin NANO platzierte das Thema erst an zweiter Stelle der aktuellen Sendung. Der Inhalt \u00fcberraschte mit ungewohnten T\u00f6nen und klaren Formulierungen: &#8220;Der Schutz vor Ansteckungen sinkt wohl von Impfung zu Impfung&#8221;. Von Bernhard Loyen Einen wertfreien, informativen und kritisch ausgewogenen Informationsbeitrag zum Thema Effizienz und Auswirkungen von angepassten COVID-19-Impfstoffen in den \u00f6ffentlich-rechtlichen Medien zu [&hellip;]\" \/>\n<meta property=\"og:url\" content=\"https:\/\/now-news.de\/de\/deutschland\/wissenschaftsmagazin-nano-was-bringt-der-omikron-booster\/\" \/>\n<meta property=\"og:site_name\" content=\"just-now.NEWS Deutschland\" \/>\n<meta property=\"article:publisher\" content=\"https:\/\/www.facebook.com\/wirmachenauf\" \/>\n<meta property=\"article:published_time\" content=\"2022-09-20T04:15:00+00:00\" \/>\n<meta property=\"og:image\" content=\"https:\/\/now-news.de\/de\/wp-content\/uploads\/sites\/3\/2022\/09\/Wissenschaftsmagazin-NANO-Was-bringt-der-Omikron-Booster.jpg\" \/>\n\t<meta property=\"og:image:width\" content=\"460\" \/>\n\t<meta property=\"og:image:height\" content=\"259\" \/>\n\t<meta property=\"og:image:type\" content=\"image\/jpeg\" \/>\n<meta name=\"author\" content=\"rtnews\" \/>\n<meta name=\"twitter:card\" content=\"summary_large_image\" \/>\n<meta name=\"twitter:creator\" content=\"@WirMachenAuf_de\" \/>\n<meta name=\"twitter:site\" content=\"@WirMachenAuf_de\" \/>\n<meta name=\"twitter:label1\" content=\"Verfasst von\" \/>\n\t<meta name=\"twitter:data1\" content=\"rtnews\" \/>\n\t<meta name=\"twitter:label2\" content=\"Gesch\u00e4tzte Lesezeit\" \/>\n\t<meta name=\"twitter:data2\" content=\"7\u00a0Minuten\" \/>\n<script type=\"application\/ld+json\" class=\"yoast-schema-graph\">{\"@context\":\"https:\/\/schema.org\",\"@graph\":[{\"@type\":\"Article\",\"@id\":\"https:\/\/now-news.de\/de\/deutschland\/wissenschaftsmagazin-nano-was-bringt-der-omikron-booster\/#article\",\"isPartOf\":{\"@id\":\"https:\/\/now-news.de\/de\/deutschland\/wissenschaftsmagazin-nano-was-bringt-der-omikron-booster\/\"},\"author\":{\"name\":\"rtnews\",\"@id\":\"https:\/\/now-news.de\/de\/#\/schema\/person\/fb534a4e865501d8b3285208df34a9b5\"},\"headline\":\"Wissenschaftsmagazin NANO: Was bringt der Omikron-Booster?\",\"datePublished\":\"2022-09-20T04:15:00+00:00\",\"dateModified\":\"2022-09-20T04:15:00+00:00\",\"mainEntityOfPage\":{\"@id\":\"https:\/\/now-news.de\/de\/deutschland\/wissenschaftsmagazin-nano-was-bringt-der-omikron-booster\/\"},\"wordCount\":1340,\"commentCount\":0,\"publisher\":{\"@id\":\"https:\/\/now-news.de\/de\/#organization\"},\"image\":{\"@id\":\"https:\/\/now-news.de\/de\/deutschland\/wissenschaftsmagazin-nano-was-bringt-der-omikron-booster\/#primaryimage\"},\"thumbnailUrl\":\"https:\/\/now-news.de\/de\/wp-content\/uploads\/sites\/3\/2022\/09\/Wissenschaftsmagazin-NANO-Was-bringt-der-Omikron-Booster.jpg\",\"keywords\":[\"bringt\",\"der\",\"nano\",\"OmikronBooster\",\"Wissenschaftsmagazin\"],\"articleSection\":[\"Deutschland\",\"Russland\"],\"inLanguage\":\"de\",\"potentialAction\":[{\"@type\":\"CommentAction\",\"name\":\"Comment\",\"target\":[\"https:\/\/now-news.de\/de\/deutschland\/wissenschaftsmagazin-nano-was-bringt-der-omikron-booster\/#respond\"]}]},{\"@type\":\"WebPage\",\"@id\":\"https:\/\/now-news.de\/de\/deutschland\/wissenschaftsmagazin-nano-was-bringt-der-omikron-booster\/\",\"url\":\"https:\/\/now-news.de\/de\/deutschland\/wissenschaftsmagazin-nano-was-bringt-der-omikron-booster\/\",\"name\":\"Wissenschaftsmagazin NANO: Was bringt der Omikron-Booster? - just-now.NEWS Deutschland\",\"isPartOf\":{\"@id\":\"https:\/\/now-news.de\/de\/#website\"},\"primaryImageOfPage\":{\"@id\":\"https:\/\/now-news.de\/de\/deutschland\/wissenschaftsmagazin-nano-was-bringt-der-omikron-booster\/#primaryimage\"},\"image\":{\"@id\":\"https:\/\/now-news.de\/de\/deutschland\/wissenschaftsmagazin-nano-was-bringt-der-omikron-booster\/#primaryimage\"},\"thumbnailUrl\":\"https:\/\/now-news.de\/de\/wp-content\/uploads\/sites\/3\/2022\/09\/Wissenschaftsmagazin-NANO-Was-bringt-der-Omikron-Booster.jpg\",\"datePublished\":\"2022-09-20T04:15:00+00:00\",\"dateModified\":\"2022-09-20T04:15:00+00:00\",\"breadcrumb\":{\"@id\":\"https:\/\/now-news.de\/de\/deutschland\/wissenschaftsmagazin-nano-was-bringt-der-omikron-booster\/#breadcrumb\"},\"inLanguage\":\"de\",\"potentialAction\":[{\"@type\":\"ReadAction\",\"target\":[\"https:\/\/now-news.de\/de\/deutschland\/wissenschaftsmagazin-nano-was-bringt-der-omikron-booster\/\"]}]},{\"@type\":\"ImageObject\",\"inLanguage\":\"de\",\"@id\":\"https:\/\/now-news.de\/de\/deutschland\/wissenschaftsmagazin-nano-was-bringt-der-omikron-booster\/#primaryimage\",\"url\":\"https:\/\/now-news.de\/de\/wp-content\/uploads\/sites\/3\/2022\/09\/Wissenschaftsmagazin-NANO-Was-bringt-der-Omikron-Booster.jpg\",\"contentUrl\":\"https:\/\/now-news.de\/de\/wp-content\/uploads\/sites\/3\/2022\/09\/Wissenschaftsmagazin-NANO-Was-bringt-der-Omikron-Booster.jpg\",\"width\":460,\"height\":259,\"caption\":\"Wissenschaftsmagazin NANO: Was bringt der Omikron-Booster?\"},{\"@type\":\"BreadcrumbList\",\"@id\":\"https:\/\/now-news.de\/de\/deutschland\/wissenschaftsmagazin-nano-was-bringt-der-omikron-booster\/#breadcrumb\",\"itemListElement\":[{\"@type\":\"ListItem\",\"position\":1,\"name\":\"Home\",\"item\":\"https:\/\/now-news.de\/de\/\"},{\"@type\":\"ListItem\",\"position\":2,\"name\":\"Wissenschaftsmagazin NANO: Was bringt der Omikron-Booster?\"}]},{\"@type\":\"WebSite\",\"@id\":\"https:\/\/now-news.de\/de\/#website\",\"url\":\"https:\/\/now-news.de\/de\/\",\"name\":\"just-now.NEWS Deutschland\",\"description\":\"Das Portal f\u00fcr unzensierte Nachrichten aus der Welt\",\"publisher\":{\"@id\":\"https:\/\/now-news.de\/de\/#organization\"},\"potentialAction\":[{\"@type\":\"SearchAction\",\"target\":{\"@type\":\"EntryPoint\",\"urlTemplate\":\"https:\/\/now-news.de\/de\/?s={search_term_string}\"},\"query-input\":\"required name=search_term_string\"}],\"inLanguage\":\"de\"},{\"@type\":\"Organization\",\"@id\":\"https:\/\/now-news.de\/de\/#organization\",\"name\":\"Just Now News\",\"url\":\"https:\/\/now-news.de\/de\/\",\"logo\":{\"@type\":\"ImageObject\",\"inLanguage\":\"de\",\"@id\":\"https:\/\/now-news.de\/de\/#\/schema\/logo\/image\/\",\"url\":\"http:\/\/just-now.news\/de\/wp-content\/uploads\/sites\/3\/2022\/04\/logo500x500.jpg\",\"contentUrl\":\"http:\/\/just-now.news\/de\/wp-content\/uploads\/sites\/3\/2022\/04\/logo500x500.jpg\",\"width\":500,\"height\":500,\"caption\":\"Just Now News\"},\"image\":{\"@id\":\"https:\/\/now-news.de\/de\/#\/schema\/logo\/image\/\"},\"sameAs\":[\"https:\/\/www.facebook.com\/wirmachenauf\",\"https:\/\/x.com\/WirMachenAuf_de\"]},{\"@type\":\"Person\",\"@id\":\"https:\/\/now-news.de\/de\/#\/schema\/person\/fb534a4e865501d8b3285208df34a9b5\",\"name\":\"rtnews\",\"image\":{\"@type\":\"ImageObject\",\"inLanguage\":\"de\",\"@id\":\"https:\/\/now-news.de\/de\/#\/schema\/person\/image\/\",\"url\":\"https:\/\/secure.gravatar.com\/avatar\/82aafea7d8127119dd649515f56e2117?s=96&d=mm&r=g\",\"contentUrl\":\"https:\/\/secure.gravatar.com\/avatar\/82aafea7d8127119dd649515f56e2117?s=96&d=mm&r=g\",\"caption\":\"rtnews\"},\"url\":\"https:\/\/now-news.de\/de\/author\/rnews\/\"}]}<\/script>\n<!-- \/ Yoast SEO Premium plugin. -->","yoast_head_json":{"title":"Wissenschaftsmagazin NANO: Was bringt der Omikron-Booster? - just-now.NEWS Deutschland","robots":{"index":"index","follow":"follow","max-snippet":"max-snippet:-1","max-image-preview":"max-image-preview:large","max-video-preview":"max-video-preview:-1"},"canonical":"https:\/\/now-news.de\/de\/deutschland\/wissenschaftsmagazin-nano-was-bringt-der-omikron-booster\/","og_locale":"de_DE","og_type":"article","og_title":"Wissenschaftsmagazin NANO: Was bringt der Omikron-Booster?","og_description":"Das Wissenschaftsmagazin NANO platzierte das Thema erst an zweiter Stelle der aktuellen Sendung. Der Inhalt \u00fcberraschte mit ungewohnten T\u00f6nen und klaren Formulierungen: &#8220;Der Schutz vor Ansteckungen sinkt wohl von Impfung zu Impfung&#8221;. Von Bernhard Loyen Einen wertfreien, informativen und kritisch ausgewogenen Informationsbeitrag zum Thema Effizienz und Auswirkungen von angepassten COVID-19-Impfstoffen in den \u00f6ffentlich-rechtlichen Medien zu [&hellip;]","og_url":"https:\/\/now-news.de\/de\/deutschland\/wissenschaftsmagazin-nano-was-bringt-der-omikron-booster\/","og_site_name":"just-now.NEWS Deutschland","article_publisher":"https:\/\/www.facebook.com\/wirmachenauf","article_published_time":"2022-09-20T04:15:00+00:00","og_image":[{"width":460,"height":259,"url":"https:\/\/now-news.de\/de\/wp-content\/uploads\/sites\/3\/2022\/09\/Wissenschaftsmagazin-NANO-Was-bringt-der-Omikron-Booster.jpg","type":"image\/jpeg"}],"author":"rtnews","twitter_card":"summary_large_image","twitter_creator":"@WirMachenAuf_de","twitter_site":"@WirMachenAuf_de","twitter_misc":{"Verfasst von":"rtnews","Gesch\u00e4tzte Lesezeit":"7\u00a0Minuten"},"schema":{"@context":"https:\/\/schema.org","@graph":[{"@type":"Article","@id":"https:\/\/now-news.de\/de\/deutschland\/wissenschaftsmagazin-nano-was-bringt-der-omikron-booster\/#article","isPartOf":{"@id":"https:\/\/now-news.de\/de\/deutschland\/wissenschaftsmagazin-nano-was-bringt-der-omikron-booster\/"},"author":{"name":"rtnews","@id":"https:\/\/now-news.de\/de\/#\/schema\/person\/fb534a4e865501d8b3285208df34a9b5"},"headline":"Wissenschaftsmagazin NANO: Was bringt der Omikron-Booster?","datePublished":"2022-09-20T04:15:00+00:00","dateModified":"2022-09-20T04:15:00+00:00","mainEntityOfPage":{"@id":"https:\/\/now-news.de\/de\/deutschland\/wissenschaftsmagazin-nano-was-bringt-der-omikron-booster\/"},"wordCount":1340,"commentCount":0,"publisher":{"@id":"https:\/\/now-news.de\/de\/#organization"},"image":{"@id":"https:\/\/now-news.de\/de\/deutschland\/wissenschaftsmagazin-nano-was-bringt-der-omikron-booster\/#primaryimage"},"thumbnailUrl":"https:\/\/now-news.de\/de\/wp-content\/uploads\/sites\/3\/2022\/09\/Wissenschaftsmagazin-NANO-Was-bringt-der-Omikron-Booster.jpg","keywords":["bringt","der","nano","OmikronBooster","Wissenschaftsmagazin"],"articleSection":["Deutschland","Russland"],"inLanguage":"de","potentialAction":[{"@type":"CommentAction","name":"Comment","target":["https:\/\/now-news.de\/de\/deutschland\/wissenschaftsmagazin-nano-was-bringt-der-omikron-booster\/#respond"]}]},{"@type":"WebPage","@id":"https:\/\/now-news.de\/de\/deutschland\/wissenschaftsmagazin-nano-was-bringt-der-omikron-booster\/","url":"https:\/\/now-news.de\/de\/deutschland\/wissenschaftsmagazin-nano-was-bringt-der-omikron-booster\/","name":"Wissenschaftsmagazin NANO: Was bringt der Omikron-Booster? - just-now.NEWS Deutschland","isPartOf":{"@id":"https:\/\/now-news.de\/de\/#website"},"primaryImageOfPage":{"@id":"https:\/\/now-news.de\/de\/deutschland\/wissenschaftsmagazin-nano-was-bringt-der-omikron-booster\/#primaryimage"},"image":{"@id":"https:\/\/now-news.de\/de\/deutschland\/wissenschaftsmagazin-nano-was-bringt-der-omikron-booster\/#primaryimage"},"thumbnailUrl":"https:\/\/now-news.de\/de\/wp-content\/uploads\/sites\/3\/2022\/09\/Wissenschaftsmagazin-NANO-Was-bringt-der-Omikron-Booster.jpg","datePublished":"2022-09-20T04:15:00+00:00","dateModified":"2022-09-20T04:15:00+00:00","breadcrumb":{"@id":"https:\/\/now-news.de\/de\/deutschland\/wissenschaftsmagazin-nano-was-bringt-der-omikron-booster\/#breadcrumb"},"inLanguage":"de","potentialAction":[{"@type":"ReadAction","target":["https:\/\/now-news.de\/de\/deutschland\/wissenschaftsmagazin-nano-was-bringt-der-omikron-booster\/"]}]},{"@type":"ImageObject","inLanguage":"de","@id":"https:\/\/now-news.de\/de\/deutschland\/wissenschaftsmagazin-nano-was-bringt-der-omikron-booster\/#primaryimage","url":"https:\/\/now-news.de\/de\/wp-content\/uploads\/sites\/3\/2022\/09\/Wissenschaftsmagazin-NANO-Was-bringt-der-Omikron-Booster.jpg","contentUrl":"https:\/\/now-news.de\/de\/wp-content\/uploads\/sites\/3\/2022\/09\/Wissenschaftsmagazin-NANO-Was-bringt-der-Omikron-Booster.jpg","width":460,"height":259,"caption":"Wissenschaftsmagazin NANO: Was bringt der Omikron-Booster?"},{"@type":"BreadcrumbList","@id":"https:\/\/now-news.de\/de\/deutschland\/wissenschaftsmagazin-nano-was-bringt-der-omikron-booster\/#breadcrumb","itemListElement":[{"@type":"ListItem","position":1,"name":"Home","item":"https:\/\/now-news.de\/de\/"},{"@type":"ListItem","position":2,"name":"Wissenschaftsmagazin NANO: Was bringt der Omikron-Booster?"}]},{"@type":"WebSite","@id":"https:\/\/now-news.de\/de\/#website","url":"https:\/\/now-news.de\/de\/","name":"just-now.NEWS Deutschland","description":"Das Portal f\u00fcr unzensierte Nachrichten aus der Welt","publisher":{"@id":"https:\/\/now-news.de\/de\/#organization"},"potentialAction":[{"@type":"SearchAction","target":{"@type":"EntryPoint","urlTemplate":"https:\/\/now-news.de\/de\/?s={search_term_string}"},"query-input":"required name=search_term_string"}],"inLanguage":"de"},{"@type":"Organization","@id":"https:\/\/now-news.de\/de\/#organization","name":"Just Now News","url":"https:\/\/now-news.de\/de\/","logo":{"@type":"ImageObject","inLanguage":"de","@id":"https:\/\/now-news.de\/de\/#\/schema\/logo\/image\/","url":"http:\/\/just-now.news\/de\/wp-content\/uploads\/sites\/3\/2022\/04\/logo500x500.jpg","contentUrl":"http:\/\/just-now.news\/de\/wp-content\/uploads\/sites\/3\/2022\/04\/logo500x500.jpg","width":500,"height":500,"caption":"Just Now News"},"image":{"@id":"https:\/\/now-news.de\/de\/#\/schema\/logo\/image\/"},"sameAs":["https:\/\/www.facebook.com\/wirmachenauf","https:\/\/x.com\/WirMachenAuf_de"]},{"@type":"Person","@id":"https:\/\/now-news.de\/de\/#\/schema\/person\/fb534a4e865501d8b3285208df34a9b5","name":"rtnews","image":{"@type":"ImageObject","inLanguage":"de","@id":"https:\/\/now-news.de\/de\/#\/schema\/person\/image\/","url":"https:\/\/secure.gravatar.com\/avatar\/82aafea7d8127119dd649515f56e2117?s=96&d=mm&r=g","contentUrl":"https:\/\/secure.gravatar.com\/avatar\/82aafea7d8127119dd649515f56e2117?s=96&d=mm&r=g","caption":"rtnews"},"url":"https:\/\/now-news.de\/de\/author\/rnews\/"}]}},"_links":{"self":[{"href":"https:\/\/now-news.de\/de\/wp-json\/wp\/v2\/posts\/19394"}],"collection":[{"href":"https:\/\/now-news.de\/de\/wp-json\/wp\/v2\/posts"}],"about":[{"href":"https:\/\/now-news.de\/de\/wp-json\/wp\/v2\/types\/post"}],"author":[{"embeddable":true,"href":"https:\/\/now-news.de\/de\/wp-json\/wp\/v2\/users\/3"}],"replies":[{"embeddable":true,"href":"https:\/\/now-news.de\/de\/wp-json\/wp\/v2\/comments?post=19394"}],"version-history":[{"count":0,"href":"https:\/\/now-news.de\/de\/wp-json\/wp\/v2\/posts\/19394\/revisions"}],"wp:featuredmedia":[{"embeddable":true,"href":"https:\/\/now-news.de\/de\/wp-json\/wp\/v2\/media\/19395"}],"wp:attachment":[{"href":"https:\/\/now-news.de\/de\/wp-json\/wp\/v2\/media?parent=19394"}],"wp:term":[{"taxonomy":"category","embeddable":true,"href":"https:\/\/now-news.de\/de\/wp-json\/wp\/v2\/categories?post=19394"},{"taxonomy":"post_tag","embeddable":true,"href":"https:\/\/now-news.de\/de\/wp-json\/wp\/v2\/tags?post=19394"}],"curies":[{"name":"wp","href":"https:\/\/api.w.org\/{rel}","templated":true}]}}