{"id":19384,"date":"2022-09-19T22:10:51","date_gmt":"2022-09-19T20:10:51","guid":{"rendered":"http:\/\/just-now.news\/de\/deutschland\/nicht-genug-strom-aus-akws-auch-frankreich-drohen-im-winter-blackouts\/"},"modified":"2022-09-19T22:10:51","modified_gmt":"2022-09-19T20:10:51","slug":"nicht-genug-strom-aus-akws-auch-frankreich-drohen-im-winter-blackouts","status":"publish","type":"post","link":"https:\/\/now-news.de\/de\/deutschland\/nicht-genug-strom-aus-akws-auch-frankreich-drohen-im-winter-blackouts\/","title":{"rendered":"Nicht genug Strom aus AKWs: Auch Frankreich drohen im Winter Blackouts"},"content":{"rendered":"<p><img decoding=\"async\" src=\"http:\/\/just-now.news\/de\/wp-content\/uploads\/sites\/3\/2022\/09\/6328cbd148fbef178539859e.jpeg\" \/><\/p>\n<div class=\"Text-root Text-type_1 \">\n                Frankreichs Energieregulierungsbeh\u00f6rde hat am Montag gewarnt, dass dem Land im Winter unter bestimmten Konstellationen Engp\u00e4sse in der Elektroenergieversorgung drohen. Anders als Deutschland ist Frankreich zwar durch seine Atomkraftwerke etwas unabh\u00e4ngiger von Gaslieferungen, kann aber nicht den gesamten Bedarf mit Atomstrom decken.\n            <\/div>\n<p><\/p>\n<div class=\"Text-root Text-type_5 ArticleView-text ViewText-root \">\n<p>Auch in Frankreich k\u00f6nnten Privathaushalte in diesem Winter bei strengem Frost von Stromausf\u00e4llen betroffen werden, sagte die Leiterin der Energieregulierungsbeh\u00f6rde CRE, Emmanuelle Wargon, am Montag dem Radiosender <em>France Info:<\/em><\/p>\n<blockquote>\n<p>&#8220;<em>Unter keinen Umst\u00e4nden wird es zu Gasabsperrungen in Privathaushalten kommen. Aber bei der Stromversorgung m\u00fcssen wir m\u00f6glicherweise schwierige Entscheidungen \u00fcber begrenzte Abschaltungen treffen<\/em> &#8230;<\/p>\n<\/blockquote>\n<blockquote>\n<p><em>Diese k\u00f6nnen mehrere Stunden dauern und werden sehr lokal sein \u2013 auf Gemeinde- oder Bezirksebene \u2013, mit vorheriger Benachrichtigung der B\u00fcrger<\/em>.&#8221;<\/p>\n<\/blockquote>\n<p>Die Regulierungsbeh\u00f6rde wies darauf hin, dass die Abschaltungen keine kritischen Infrastrukturen, einschlie\u00dflich der Krankenh\u00e4user, betreffen werden. Extreme Ma\u00dfnahmen k\u00f6nnten vermieden werden, wenn der Winter relativ warm werde, f\u00fcgte Wargon hinzu.<\/p>\n<p>Frankreich setzt mehr als jedes andere europ\u00e4ische Land auf die Kernenergie und erzeugt etwa 70 Prozent des Strombedarfs auf diese Weise. Allerdings wurde in letzter Zeit etwa die H\u00e4lfte der 56 Kernreaktoren zu Wartungszwecken abgeschaltet, vor allem um erkannte Korrosionsprobleme sukzessive zu beheben.<\/p>\n<p><strong>Mehr zum Thema<\/strong> &#8211; <a rel=\"nofollow noopener\" target=\"_blank\" href=\"https:\/\/pressefreiheit.rtde.tech\/kurzclips\/video\/149238-putin-kolossaler-fehler-gruene-agenda\/\">Putin: &#8220;Kolossaler Fehler&#8221; \u2013 Gr\u00fcne Agenda Schuld an den Energie-Preisexplosionen im Westen<\/a><\/p>\n<\/div>\n<p><br \/>\n<br \/><a href=\"https:\/\/de.rt.com\/europa\/149378-nicht-genug-strom-aus-akws-frankreich\/\">Source link <\/a><\/p>\n","protected":false},"excerpt":{"rendered":"<p>Frankreichs Energieregulierungsbeh\u00f6rde hat am Montag gewarnt, dass dem Land im Winter unter bestimmten Konstellationen Engp\u00e4sse in der Elektroenergieversorgung drohen. Anders als Deutschland ist Frankreich zwar durch seine Atomkraftwerke etwas unabh\u00e4ngiger von Gaslieferungen, kann aber nicht den gesamten Bedarf mit Atomstrom decken. Auch in Frankreich k\u00f6nnten Privathaushalte in diesem Winter bei strengem Frost von Stromausf\u00e4llen betroffen [&hellip;]<\/p>\n","protected":false},"author":3,"featured_media":19385,"comment_status":"open","ping_status":"open","sticky":false,"template":"","format":"standard","meta":{"wp_automatic_camp":["217"],"63f5fddc87d83e7473af9aa1fd9d9bf3":["Nicht genug Strom aus AKWs: Auch Frankreich drohen im Winter Blackouts"],"original_link":["https:\/\/de.rt.com\/europa\/149378-nicht-genug-strom-aus-akws-frankreich\/"],"_thumbnail_id":["19385"],"_wptg_p2tg_sent2tg":["2022-09-19 22:23:34"],"jnews_social_counter_last_update":["1777018315"]},"categories":[19,23],"tags":[32463,1475,679,29677,9047,3320,15977,800,20298,7753],"yoast_head":"<!-- This site is optimized with the Yoast SEO Premium plugin v22.7 (Yoast SEO v22.7) - https:\/\/yoast.com\/wordpress\/plugins\/seo\/ -->\n<title>Nicht genug Strom aus AKWs: Auch Frankreich drohen im Winter Blackouts - just-now.NEWS Deutschland<\/title>\n<meta name=\"robots\" content=\"index, follow, max-snippet:-1, max-image-preview:large, max-video-preview:-1\" \/>\n<link rel=\"canonical\" href=\"https:\/\/now-news.de\/de\/deutschland\/nicht-genug-strom-aus-akws-auch-frankreich-drohen-im-winter-blackouts\/\" \/>\n<meta property=\"og:locale\" content=\"de_DE\" \/>\n<meta property=\"og:type\" content=\"article\" \/>\n<meta property=\"og:title\" content=\"Nicht genug Strom aus AKWs: Auch Frankreich drohen im Winter Blackouts\" \/>\n<meta property=\"og:description\" content=\"Frankreichs Energieregulierungsbeh\u00f6rde hat am Montag gewarnt, dass dem Land im Winter unter bestimmten Konstellationen Engp\u00e4sse in der Elektroenergieversorgung drohen. Anders als Deutschland ist Frankreich zwar durch seine Atomkraftwerke etwas unabh\u00e4ngiger von Gaslieferungen, kann aber nicht den gesamten Bedarf mit Atomstrom decken. Auch in Frankreich k\u00f6nnten Privathaushalte in diesem Winter bei strengem Frost von Stromausf\u00e4llen betroffen [&hellip;]\" \/>\n<meta property=\"og:url\" content=\"https:\/\/now-news.de\/de\/deutschland\/nicht-genug-strom-aus-akws-auch-frankreich-drohen-im-winter-blackouts\/\" \/>\n<meta property=\"og:site_name\" content=\"just-now.NEWS Deutschland\" \/>\n<meta property=\"article:publisher\" content=\"https:\/\/www.facebook.com\/wirmachenauf\" \/>\n<meta property=\"article:published_time\" content=\"2022-09-19T20:10:51+00:00\" \/>\n<meta property=\"og:image\" content=\"https:\/\/now-news.de\/de\/wp-content\/uploads\/sites\/3\/2022\/09\/Nicht-genug-Strom-aus-AKWs-Auch-Frankreich-drohen-im-Winter.jpeg\" \/>\n\t<meta property=\"og:image:width\" content=\"460\" \/>\n\t<meta property=\"og:image:height\" content=\"259\" \/>\n\t<meta property=\"og:image:type\" content=\"image\/jpeg\" \/>\n<meta name=\"author\" content=\"rtnews\" \/>\n<meta name=\"twitter:card\" content=\"summary_large_image\" \/>\n<meta name=\"twitter:creator\" content=\"@WirMachenAuf_de\" \/>\n<meta name=\"twitter:site\" content=\"@WirMachenAuf_de\" \/>\n<meta name=\"twitter:label1\" content=\"Verfasst von\" \/>\n\t<meta name=\"twitter:data1\" content=\"rtnews\" \/>\n\t<meta name=\"twitter:label2\" content=\"Gesch\u00e4tzte Lesezeit\" \/>\n\t<meta name=\"twitter:data2\" content=\"1\u00a0Minute\" \/>\n<script type=\"application\/ld+json\" class=\"yoast-schema-graph\">{\"@context\":\"https:\/\/schema.org\",\"@graph\":[{\"@type\":\"Article\",\"@id\":\"https:\/\/now-news.de\/de\/deutschland\/nicht-genug-strom-aus-akws-auch-frankreich-drohen-im-winter-blackouts\/#article\",\"isPartOf\":{\"@id\":\"https:\/\/now-news.de\/de\/deutschland\/nicht-genug-strom-aus-akws-auch-frankreich-drohen-im-winter-blackouts\/\"},\"author\":{\"name\":\"rtnews\",\"@id\":\"https:\/\/now-news.de\/de\/#\/schema\/person\/fb534a4e865501d8b3285208df34a9b5\"},\"headline\":\"Nicht genug Strom aus AKWs: Auch Frankreich drohen im Winter Blackouts\",\"datePublished\":\"2022-09-19T20:10:51+00:00\",\"dateModified\":\"2022-09-19T20:10:51+00:00\",\"mainEntityOfPage\":{\"@id\":\"https:\/\/now-news.de\/de\/deutschland\/nicht-genug-strom-aus-akws-auch-frankreich-drohen-im-winter-blackouts\/\"},\"wordCount\":232,\"commentCount\":0,\"publisher\":{\"@id\":\"https:\/\/now-news.de\/de\/#organization\"},\"image\":{\"@id\":\"https:\/\/now-news.de\/de\/deutschland\/nicht-genug-strom-aus-akws-auch-frankreich-drohen-im-winter-blackouts\/#primaryimage\"},\"thumbnailUrl\":\"https:\/\/now-news.de\/de\/wp-content\/uploads\/sites\/3\/2022\/09\/Nicht-genug-Strom-aus-AKWs-Auch-Frankreich-drohen-im-Winter.jpeg\",\"keywords\":[\"AKWs\",\"auch\",\"aus\",\"Blackouts\",\"drohen\",\"Frankreich\",\"genug\",\"nicht\",\"Strom\",\"Winter\"],\"articleSection\":[\"Deutschland\",\"Russland\"],\"inLanguage\":\"de\",\"potentialAction\":[{\"@type\":\"CommentAction\",\"name\":\"Comment\",\"target\":[\"https:\/\/now-news.de\/de\/deutschland\/nicht-genug-strom-aus-akws-auch-frankreich-drohen-im-winter-blackouts\/#respond\"]}]},{\"@type\":\"WebPage\",\"@id\":\"https:\/\/now-news.de\/de\/deutschland\/nicht-genug-strom-aus-akws-auch-frankreich-drohen-im-winter-blackouts\/\",\"url\":\"https:\/\/now-news.de\/de\/deutschland\/nicht-genug-strom-aus-akws-auch-frankreich-drohen-im-winter-blackouts\/\",\"name\":\"Nicht genug Strom aus AKWs: Auch Frankreich drohen im Winter Blackouts - just-now.NEWS Deutschland\",\"isPartOf\":{\"@id\":\"https:\/\/now-news.de\/de\/#website\"},\"primaryImageOfPage\":{\"@id\":\"https:\/\/now-news.de\/de\/deutschland\/nicht-genug-strom-aus-akws-auch-frankreich-drohen-im-winter-blackouts\/#primaryimage\"},\"image\":{\"@id\":\"https:\/\/now-news.de\/de\/deutschland\/nicht-genug-strom-aus-akws-auch-frankreich-drohen-im-winter-blackouts\/#primaryimage\"},\"thumbnailUrl\":\"https:\/\/now-news.de\/de\/wp-content\/uploads\/sites\/3\/2022\/09\/Nicht-genug-Strom-aus-AKWs-Auch-Frankreich-drohen-im-Winter.jpeg\",\"datePublished\":\"2022-09-19T20:10:51+00:00\",\"dateModified\":\"2022-09-19T20:10:51+00:00\",\"breadcrumb\":{\"@id\":\"https:\/\/now-news.de\/de\/deutschland\/nicht-genug-strom-aus-akws-auch-frankreich-drohen-im-winter-blackouts\/#breadcrumb\"},\"inLanguage\":\"de\",\"potentialAction\":[{\"@type\":\"ReadAction\",\"target\":[\"https:\/\/now-news.de\/de\/deutschland\/nicht-genug-strom-aus-akws-auch-frankreich-drohen-im-winter-blackouts\/\"]}]},{\"@type\":\"ImageObject\",\"inLanguage\":\"de\",\"@id\":\"https:\/\/now-news.de\/de\/deutschland\/nicht-genug-strom-aus-akws-auch-frankreich-drohen-im-winter-blackouts\/#primaryimage\",\"url\":\"https:\/\/now-news.de\/de\/wp-content\/uploads\/sites\/3\/2022\/09\/Nicht-genug-Strom-aus-AKWs-Auch-Frankreich-drohen-im-Winter.jpeg\",\"contentUrl\":\"https:\/\/now-news.de\/de\/wp-content\/uploads\/sites\/3\/2022\/09\/Nicht-genug-Strom-aus-AKWs-Auch-Frankreich-drohen-im-Winter.jpeg\",\"width\":460,\"height\":259,\"caption\":\"Nicht genug Strom aus AKWs: Auch Frankreich drohen im Winter Blackouts\"},{\"@type\":\"BreadcrumbList\",\"@id\":\"https:\/\/now-news.de\/de\/deutschland\/nicht-genug-strom-aus-akws-auch-frankreich-drohen-im-winter-blackouts\/#breadcrumb\",\"itemListElement\":[{\"@type\":\"ListItem\",\"position\":1,\"name\":\"Home\",\"item\":\"https:\/\/now-news.de\/de\/\"},{\"@type\":\"ListItem\",\"position\":2,\"name\":\"Nicht genug Strom aus AKWs: Auch Frankreich drohen im Winter Blackouts\"}]},{\"@type\":\"WebSite\",\"@id\":\"https:\/\/now-news.de\/de\/#website\",\"url\":\"https:\/\/now-news.de\/de\/\",\"name\":\"just-now.NEWS Deutschland\",\"description\":\"Das Portal f\u00fcr unzensierte Nachrichten aus der Welt\",\"publisher\":{\"@id\":\"https:\/\/now-news.de\/de\/#organization\"},\"potentialAction\":[{\"@type\":\"SearchAction\",\"target\":{\"@type\":\"EntryPoint\",\"urlTemplate\":\"https:\/\/now-news.de\/de\/?s={search_term_string}\"},\"query-input\":\"required name=search_term_string\"}],\"inLanguage\":\"de\"},{\"@type\":\"Organization\",\"@id\":\"https:\/\/now-news.de\/de\/#organization\",\"name\":\"Just Now News\",\"url\":\"https:\/\/now-news.de\/de\/\",\"logo\":{\"@type\":\"ImageObject\",\"inLanguage\":\"de\",\"@id\":\"https:\/\/now-news.de\/de\/#\/schema\/logo\/image\/\",\"url\":\"http:\/\/just-now.news\/de\/wp-content\/uploads\/sites\/3\/2022\/04\/logo500x500.jpg\",\"contentUrl\":\"http:\/\/just-now.news\/de\/wp-content\/uploads\/sites\/3\/2022\/04\/logo500x500.jpg\",\"width\":500,\"height\":500,\"caption\":\"Just Now News\"},\"image\":{\"@id\":\"https:\/\/now-news.de\/de\/#\/schema\/logo\/image\/\"},\"sameAs\":[\"https:\/\/www.facebook.com\/wirmachenauf\",\"https:\/\/x.com\/WirMachenAuf_de\"]},{\"@type\":\"Person\",\"@id\":\"https:\/\/now-news.de\/de\/#\/schema\/person\/fb534a4e865501d8b3285208df34a9b5\",\"name\":\"rtnews\",\"image\":{\"@type\":\"ImageObject\",\"inLanguage\":\"de\",\"@id\":\"https:\/\/now-news.de\/de\/#\/schema\/person\/image\/\",\"url\":\"https:\/\/secure.gravatar.com\/avatar\/82aafea7d8127119dd649515f56e2117?s=96&d=mm&r=g\",\"contentUrl\":\"https:\/\/secure.gravatar.com\/avatar\/82aafea7d8127119dd649515f56e2117?s=96&d=mm&r=g\",\"caption\":\"rtnews\"},\"url\":\"https:\/\/now-news.de\/de\/author\/rnews\/\"}]}<\/script>\n<!-- \/ Yoast SEO Premium plugin. -->","yoast_head_json":{"title":"Nicht genug Strom aus AKWs: Auch Frankreich drohen im Winter Blackouts - just-now.NEWS Deutschland","robots":{"index":"index","follow":"follow","max-snippet":"max-snippet:-1","max-image-preview":"max-image-preview:large","max-video-preview":"max-video-preview:-1"},"canonical":"https:\/\/now-news.de\/de\/deutschland\/nicht-genug-strom-aus-akws-auch-frankreich-drohen-im-winter-blackouts\/","og_locale":"de_DE","og_type":"article","og_title":"Nicht genug Strom aus AKWs: Auch Frankreich drohen im Winter Blackouts","og_description":"Frankreichs Energieregulierungsbeh\u00f6rde hat am Montag gewarnt, dass dem Land im Winter unter bestimmten Konstellationen Engp\u00e4sse in der Elektroenergieversorgung drohen. Anders als Deutschland ist Frankreich zwar durch seine Atomkraftwerke etwas unabh\u00e4ngiger von Gaslieferungen, kann aber nicht den gesamten Bedarf mit Atomstrom decken. Auch in Frankreich k\u00f6nnten Privathaushalte in diesem Winter bei strengem Frost von Stromausf\u00e4llen betroffen [&hellip;]","og_url":"https:\/\/now-news.de\/de\/deutschland\/nicht-genug-strom-aus-akws-auch-frankreich-drohen-im-winter-blackouts\/","og_site_name":"just-now.NEWS Deutschland","article_publisher":"https:\/\/www.facebook.com\/wirmachenauf","article_published_time":"2022-09-19T20:10:51+00:00","og_image":[{"width":460,"height":259,"url":"https:\/\/now-news.de\/de\/wp-content\/uploads\/sites\/3\/2022\/09\/Nicht-genug-Strom-aus-AKWs-Auch-Frankreich-drohen-im-Winter.jpeg","type":"image\/jpeg"}],"author":"rtnews","twitter_card":"summary_large_image","twitter_creator":"@WirMachenAuf_de","twitter_site":"@WirMachenAuf_de","twitter_misc":{"Verfasst von":"rtnews","Gesch\u00e4tzte Lesezeit":"1\u00a0Minute"},"schema":{"@context":"https:\/\/schema.org","@graph":[{"@type":"Article","@id":"https:\/\/now-news.de\/de\/deutschland\/nicht-genug-strom-aus-akws-auch-frankreich-drohen-im-winter-blackouts\/#article","isPartOf":{"@id":"https:\/\/now-news.de\/de\/deutschland\/nicht-genug-strom-aus-akws-auch-frankreich-drohen-im-winter-blackouts\/"},"author":{"name":"rtnews","@id":"https:\/\/now-news.de\/de\/#\/schema\/person\/fb534a4e865501d8b3285208df34a9b5"},"headline":"Nicht genug Strom aus AKWs: Auch Frankreich drohen im Winter Blackouts","datePublished":"2022-09-19T20:10:51+00:00","dateModified":"2022-09-19T20:10:51+00:00","mainEntityOfPage":{"@id":"https:\/\/now-news.de\/de\/deutschland\/nicht-genug-strom-aus-akws-auch-frankreich-drohen-im-winter-blackouts\/"},"wordCount":232,"commentCount":0,"publisher":{"@id":"https:\/\/now-news.de\/de\/#organization"},"image":{"@id":"https:\/\/now-news.de\/de\/deutschland\/nicht-genug-strom-aus-akws-auch-frankreich-drohen-im-winter-blackouts\/#primaryimage"},"thumbnailUrl":"https:\/\/now-news.de\/de\/wp-content\/uploads\/sites\/3\/2022\/09\/Nicht-genug-Strom-aus-AKWs-Auch-Frankreich-drohen-im-Winter.jpeg","keywords":["AKWs","auch","aus","Blackouts","drohen","Frankreich","genug","nicht","Strom","Winter"],"articleSection":["Deutschland","Russland"],"inLanguage":"de","potentialAction":[{"@type":"CommentAction","name":"Comment","target":["https:\/\/now-news.de\/de\/deutschland\/nicht-genug-strom-aus-akws-auch-frankreich-drohen-im-winter-blackouts\/#respond"]}]},{"@type":"WebPage","@id":"https:\/\/now-news.de\/de\/deutschland\/nicht-genug-strom-aus-akws-auch-frankreich-drohen-im-winter-blackouts\/","url":"https:\/\/now-news.de\/de\/deutschland\/nicht-genug-strom-aus-akws-auch-frankreich-drohen-im-winter-blackouts\/","name":"Nicht genug Strom aus AKWs: Auch Frankreich drohen im Winter Blackouts - just-now.NEWS Deutschland","isPartOf":{"@id":"https:\/\/now-news.de\/de\/#website"},"primaryImageOfPage":{"@id":"https:\/\/now-news.de\/de\/deutschland\/nicht-genug-strom-aus-akws-auch-frankreich-drohen-im-winter-blackouts\/#primaryimage"},"image":{"@id":"https:\/\/now-news.de\/de\/deutschland\/nicht-genug-strom-aus-akws-auch-frankreich-drohen-im-winter-blackouts\/#primaryimage"},"thumbnailUrl":"https:\/\/now-news.de\/de\/wp-content\/uploads\/sites\/3\/2022\/09\/Nicht-genug-Strom-aus-AKWs-Auch-Frankreich-drohen-im-Winter.jpeg","datePublished":"2022-09-19T20:10:51+00:00","dateModified":"2022-09-19T20:10:51+00:00","breadcrumb":{"@id":"https:\/\/now-news.de\/de\/deutschland\/nicht-genug-strom-aus-akws-auch-frankreich-drohen-im-winter-blackouts\/#breadcrumb"},"inLanguage":"de","potentialAction":[{"@type":"ReadAction","target":["https:\/\/now-news.de\/de\/deutschland\/nicht-genug-strom-aus-akws-auch-frankreich-drohen-im-winter-blackouts\/"]}]},{"@type":"ImageObject","inLanguage":"de","@id":"https:\/\/now-news.de\/de\/deutschland\/nicht-genug-strom-aus-akws-auch-frankreich-drohen-im-winter-blackouts\/#primaryimage","url":"https:\/\/now-news.de\/de\/wp-content\/uploads\/sites\/3\/2022\/09\/Nicht-genug-Strom-aus-AKWs-Auch-Frankreich-drohen-im-Winter.jpeg","contentUrl":"https:\/\/now-news.de\/de\/wp-content\/uploads\/sites\/3\/2022\/09\/Nicht-genug-Strom-aus-AKWs-Auch-Frankreich-drohen-im-Winter.jpeg","width":460,"height":259,"caption":"Nicht genug Strom aus AKWs: Auch Frankreich drohen im Winter Blackouts"},{"@type":"BreadcrumbList","@id":"https:\/\/now-news.de\/de\/deutschland\/nicht-genug-strom-aus-akws-auch-frankreich-drohen-im-winter-blackouts\/#breadcrumb","itemListElement":[{"@type":"ListItem","position":1,"name":"Home","item":"https:\/\/now-news.de\/de\/"},{"@type":"ListItem","position":2,"name":"Nicht genug Strom aus AKWs: Auch Frankreich drohen im Winter Blackouts"}]},{"@type":"WebSite","@id":"https:\/\/now-news.de\/de\/#website","url":"https:\/\/now-news.de\/de\/","name":"just-now.NEWS Deutschland","description":"Das Portal f\u00fcr unzensierte Nachrichten aus der Welt","publisher":{"@id":"https:\/\/now-news.de\/de\/#organization"},"potentialAction":[{"@type":"SearchAction","target":{"@type":"EntryPoint","urlTemplate":"https:\/\/now-news.de\/de\/?s={search_term_string}"},"query-input":"required name=search_term_string"}],"inLanguage":"de"},{"@type":"Organization","@id":"https:\/\/now-news.de\/de\/#organization","name":"Just Now News","url":"https:\/\/now-news.de\/de\/","logo":{"@type":"ImageObject","inLanguage":"de","@id":"https:\/\/now-news.de\/de\/#\/schema\/logo\/image\/","url":"http:\/\/just-now.news\/de\/wp-content\/uploads\/sites\/3\/2022\/04\/logo500x500.jpg","contentUrl":"http:\/\/just-now.news\/de\/wp-content\/uploads\/sites\/3\/2022\/04\/logo500x500.jpg","width":500,"height":500,"caption":"Just Now News"},"image":{"@id":"https:\/\/now-news.de\/de\/#\/schema\/logo\/image\/"},"sameAs":["https:\/\/www.facebook.com\/wirmachenauf","https:\/\/x.com\/WirMachenAuf_de"]},{"@type":"Person","@id":"https:\/\/now-news.de\/de\/#\/schema\/person\/fb534a4e865501d8b3285208df34a9b5","name":"rtnews","image":{"@type":"ImageObject","inLanguage":"de","@id":"https:\/\/now-news.de\/de\/#\/schema\/person\/image\/","url":"https:\/\/secure.gravatar.com\/avatar\/82aafea7d8127119dd649515f56e2117?s=96&d=mm&r=g","contentUrl":"https:\/\/secure.gravatar.com\/avatar\/82aafea7d8127119dd649515f56e2117?s=96&d=mm&r=g","caption":"rtnews"},"url":"https:\/\/now-news.de\/de\/author\/rnews\/"}]}},"_links":{"self":[{"href":"https:\/\/now-news.de\/de\/wp-json\/wp\/v2\/posts\/19384"}],"collection":[{"href":"https:\/\/now-news.de\/de\/wp-json\/wp\/v2\/posts"}],"about":[{"href":"https:\/\/now-news.de\/de\/wp-json\/wp\/v2\/types\/post"}],"author":[{"embeddable":true,"href":"https:\/\/now-news.de\/de\/wp-json\/wp\/v2\/users\/3"}],"replies":[{"embeddable":true,"href":"https:\/\/now-news.de\/de\/wp-json\/wp\/v2\/comments?post=19384"}],"version-history":[{"count":0,"href":"https:\/\/now-news.de\/de\/wp-json\/wp\/v2\/posts\/19384\/revisions"}],"wp:featuredmedia":[{"embeddable":true,"href":"https:\/\/now-news.de\/de\/wp-json\/wp\/v2\/media\/19385"}],"wp:attachment":[{"href":"https:\/\/now-news.de\/de\/wp-json\/wp\/v2\/media?parent=19384"}],"wp:term":[{"taxonomy":"category","embeddable":true,"href":"https:\/\/now-news.de\/de\/wp-json\/wp\/v2\/categories?post=19384"},{"taxonomy":"post_tag","embeddable":true,"href":"https:\/\/now-news.de\/de\/wp-json\/wp\/v2\/tags?post=19384"}],"curies":[{"name":"wp","href":"https:\/\/api.w.org\/{rel}","templated":true}]}}