{"id":19372,"date":"2022-09-19T18:49:59","date_gmt":"2022-09-19T16:49:59","guid":{"rendered":"http:\/\/just-now.news\/de\/deutschland\/pulverfass-balkan-alarm-in-der-republika-srpska-nach-der-entschliessung-des-deutschen-bundestages\/"},"modified":"2022-09-19T18:49:59","modified_gmt":"2022-09-19T16:49:59","slug":"pulverfass-balkan-alarm-in-der-republika-srpska-nach-der-entschliessung-des-deutschen-bundestages","status":"publish","type":"post","link":"https:\/\/now-news.de\/de\/deutschland\/pulverfass-balkan-alarm-in-der-republika-srpska-nach-der-entschliessung-des-deutschen-bundestages\/","title":{"rendered":"Pulverfass Balkan: Alarm in der Republika Srpska nach der Entschlie\u00dfung des Deutschen Bundestages"},"content":{"rendered":"<p><img decoding=\"async\" src=\"http:\/\/just-now.news\/de\/wp-content\/uploads\/sites\/3\/2022\/09\/6323751fb480cc6727798849.JPG\" \/><\/p>\n<div class=\"Text-root Text-type_1 \">\n                Der Frieden in Bosnien-Herzegowina ist zerbrechlich und erfordert ein Gleichgewicht zwischen den drei gro\u00dfen Volksgruppen. Der Deutsche Bundestag hat sich nun auf gef\u00e4hrliche Weise zwischen ihnen positioniert; nicht nur durch die regelwidrige Einsetzung eines deutschen Hohen Repr\u00e4sentanten.\n            <\/div>\n<p><\/p>\n<div class=\"Text-root Text-type_5 ArticleView-text ViewText-root \">\n<p><em>Von Marinko U\u010dur, Banja Luka<\/em><\/p>\n<p>Das Ende des 20. Jahrhunderts war in der Wahrnehmung der meisten Europ\u00e4er gepr\u00e4gt von der friedlichen Aufl\u00f6sung der Sowjetunion, der Vereinigung Deutschlands und dem Fall der Berliner Mauer als Symbol der bisherigen Teilung des alten Kontinents und der multipolaren Welt. Doch vielen ist bis heute unklar, was sich im letzten Jahrzehnt des 20. Jahrhunderts auf dem Balkan als Vorraum Europas abspielte. Das ehemalige Jugoslawien, eine F\u00f6deration aus\u00a0sechs halbautonomen Republiken, zerfiel in einem blutigen b\u00fcrgerlichen und ethnischen Krieg und rechtfertigte seine Bezeichnung als &#8220;Pulverfass Balkan&#8221;.<\/p>\n<p>Die neu geschaffenen Balkanstaaten gingen jeweils ihre eigenen Wege, obwohl sie zuvor nie eigenst\u00e4ndige Staaten im Sinne von V\u00f6lkerrechtssubjekten gewesen waren. Die Ausnahme bilden Serbien und Montenegro, die durch einen Beschluss des Berliner Kongresses 1878 souver\u00e4ne, international anerkannte Staaten wurden. Eine gewisse, wenn auch unvollst\u00e4ndige internationale Subjektivit\u00e4t hatte w\u00e4hrend des Zweiten Weltkrieges auch eine von den L\u00e4ndern des Dritten Reiches anerkannte faschistische Sch\u00f6pfung, n\u00e4mlich der sogenannte Unabh\u00e4ngige Staat Kroatien (NDH), Unterzeichner des Dreierpakts, wie auch Italien, Ungarn, Bulgarien, Rum\u00e4nien, Slowakei, Japan, Spanien, D\u00e4nemark, Finnland und die Mandschurei. Mit der Macht\u00fcbernahme der Kommunistischen Partei und Josip Broz Tito nach dem Ende des Zweiten Weltkrieges wurde die Jugoslawische F\u00f6deration gebildet, die sich aus historisch konfrontierten Nationen zusammensetzte. Mit dem Fall des Kommunismus eskalierten uralte Feindseligkeiten erneut, und die Bundesrepublik Jugoslawien l\u00f6ste sich im blutigsten Krieg von 1991 bis 1995 auf.<\/p>\n<p>Am schlimmsten erging es der zentraljugoslawischen Republik Bosnien-Herzegowina, die 1992 von den USA, der EU und wenig sp\u00e4ter von den meisten anderen Staaten anerkannt wurde, was diese trinationale Gemeinschaft, bestehend aus Serben, Kroaten und Muslimen, direkt in einen blutigen B\u00fcrgerkrieg st\u00fcrzte. Die Serben waren gegen einen Austritt aus der jugoslawischen F\u00f6deration, wurden aber von Kroaten und Muslimen \u00fcberstimmt, die auf Dr\u00e4ngen des Westens ein Referendum zum Austritt aus Jugoslawien organisierten. Die Serben, die ein verfassungsm\u00e4\u00dfiges Vetorecht gegen<strong>\u00a0<\/strong>solche Entscheidungen hatten, warnten vergeblich davor, dass die Ergebnisse des Referendums nicht akzeptiert w\u00fcrden. Dies wurde von den beiden anderen Nationen und der multinationalen Gemeinschaft einfach ignoriert, und ein B\u00fcrgerkrieg mit Elementen interethnischer und interreligi\u00f6ser Konflikte war unvermeidlich.<\/p>\n<p>Aber nach einem vierj\u00e4hrigen Konflikt und knapp 100.000 Opfern endete dieser wie jeder andere Krieg mit einem Friedensabkommen. In Dayton im US-Bundesstaat Ohio wurde 1995 das rechtsverbindliche &#8220;Friedensabkommen von Dayton&#8221;\u00a0geschlossen und unterzeichnet, dessen Unterzeichner sowohl Konfliktparteien als auch Vertreter der Gro\u00dfm\u00e4chte waren.<\/p>\n<p>Es war zu jener Zeit eine Kompromissl\u00f6sung f\u00fcr die Beilegung des Konflikts, die f\u00fcr alle akzeptabel war. Die fr\u00fcheren Muslime, die inzwischen Bosniaken geworden sind, verpflichteten sich zusammen mit den Kroaten, die Teilung dieses Landes in zwei Entit\u00e4ten zu akzeptieren, n\u00e4mlich in die Republika Srpska mit einer mehrheitlichen serbischen Bev\u00f6lkerung und in die F\u00f6deration Bosnien-Herzegowina mit einer Mehrheit von Kroaten und Bosniaken und klar definierten Demarkationslinien und der Teilung des Territoriums des neu gebildeten Staates im Verh\u00e4ltnis 49:51 Prozent.<\/p>\n<p>Heute, 27 Jahre nach der Unterzeichnung des Friedensabkommens und dem Ende des B\u00fcrgerkriegs, treten in Bosnien-Herzegowina zwei diametral widerspr\u00fcchliche Bestrebungen in den Vordergrund. W\u00e4hrend die Serben auf eine Position der Republika Srpska innerhalb von Bosnien-Herzegowina, wie urspr\u00fcnglich durch den Friedensvertrag abgehandelt, beharren, sind die Bosniaken f\u00fcr eine Zentralisierung und Unitarisierung des Staates und den Entzug der Befugnisse von den Entit\u00e4ten zugunsten seiner angeblich funktionaleren Entwicklung.<\/p>\n<p>Die Kroaten sind sich als zahlenm\u00e4\u00dfig kleineres Volk inzwischen ihres Fehlers und fr\u00fcheren Zusammenschlusses mit den Bosniaken gegen die Serben \u2013 mit\u00a0denen sie jenes Referendum angegangen sind, das der Grund f\u00fcr den Kriegsausbruch war \u2013, bewusst und beharren daher besonders in letzter Zeit und unterst\u00fctzt von Kroatien auf ihrer Gleichberechtigung in der F\u00f6deration Bosnien-Herzegowina.<\/p>\n<p>Die Republika Srpska hat diese Gefahr und den Wunsch nach der Vorherrschaft einer der gr\u00f6\u00dften Nationen \u00fcber die beiden anderen erkannt und wies auf die rechtswidrigen Verst\u00f6\u00dfe gegen das Abkommen von Dayton hin. Deshalb haben ihre legitimen Vertreter in den Institutionen des Staatenbundes auf die unzul\u00e4ssige Einmischung in die inneren Angelegenheiten Bosnien-Herzegowinas durch den Deutschen Bundestag hingewiesen.<\/p>\n<p>Am 30. Mai dieses Jahres hat der Bundestag in Berlin n\u00e4mlich eine Entschlie\u00dfung verabschiedet, die auf acht Seiten die politische Lage in Bosnien-Herzegowina darlegt und das weitere Vorgehen Deutschlands in der Frage Bosnien-Herzegowina festlegt. Deutsche Abgeordnete kritisieren die bosnisch-herzegowinischen Beh\u00f6rden daf\u00fcr, dass sie &#8220;zunehmend auf Separatismus, Hass und Hassreden setzen&#8221;, und werfen serbischen und kroatischen F\u00fchrern direkt vor, dass ihr Ziel die Zerst\u00f6rung des Staates sei. Das Dokument weist auch darauf hin, dass die schwere politische Krise in Bosnien-Herzegowina zu einer Sicherheitskrise eskalieren k\u00f6nnte, und stellt sehr tendenzi\u00f6s fest:<\/p>\n<p>&#8220;Die aktuelle politische Lage und das Vorgehen von Teilen der politischen Eliten sind besorgniserregend und gef\u00e4hrden den m\u00fchsam errungenen Frieden in S\u00fcdosteuropa. Angeh\u00f6rige der politischen F\u00fchrung Serbiens lassen nicht nur Distanz zur v\u00f6lkisch-nationalistischen Idee eines &#8216;Gro\u00dfserbien&#8217; vermissen, sondern befeuern derartige Ideen mit ihren \u00c4u\u00dferungen. Auch darf die mit Nachdruck betriebene Unterst\u00fctzung seitens der russischen F\u00fchrung unter Pr\u00e4sident Wladimir Putin f\u00fcr die spalterischen Kr\u00e4fte in der Region nicht untersch\u00e4tzt werden. Russland hat ein unverhohlenes Interesse, die Westbalkanregion und damit die Europ\u00e4ische Union zu destabilisieren. Als souver\u00e4ner Staat hat Bosnien und Herzegowina das Recht, seine B\u00fcndnisse frei zu w\u00e4hlen. In diesem Zusammenhang nimmt der Deutsche Bundestag den Willen des Landes, sich der NATO anzun\u00e4hern, der sich unter anderem durch die Annahme des Aktionsplans zur Mitgliedschaft im Jahr 2019 ausdr\u00fcckt, positiv zur Kenntnis&#8221;, hei\u00dft es in dem Dokument, in dem jedoch bewusst verschwiegen wird, dass die Republika Srpska eine Mitgliedschaft im westlichen Milit\u00e4rb\u00fcndnis entschieden ablehnt, wegen der tragischen Erfahrung von 1999, als die NATO versuchte, das serbische Volk mit Bomben zu disziplinieren, was sp\u00e4ter der Auftakt zur Unabh\u00e4ngigkeit der selbsternannten serbischen Provinz Kosovo war.<\/p>\n<p>Die Angaben in der Entschlie\u00dfung des Bundestages l\u00f6sten Alarm in der Republika Srpska aus, die drohte, dem neuen deutschen Botschafter in Sarajevo, Thomas Fitschen, das Agr\u00e9ment zu verweigern. In letzter Minute wurde die Erteilung des Agr\u00e9ments doch akzeptiert. Es wurde aber auch eine klare Botschaft an die Unitarier von Sarajevo sowie an Deutschland, als Unterzeichner des Dayton-Abkommens, gesendet, dass die Republika Srpska nicht bereit ist, die einseitige und fanm\u00e4\u00dfige Rolle Deutschlands in der multinationalen Gemeinschaft und sein Eintreten f\u00fcr das Konzept der Zivilgesellschaft anstelle des durch die Verfassung definierten trinationalen Staates zu akzeptieren. Die Republika Srpska ist auch entr\u00fcstet, weil Deutschland auf der rechtswidrigen Ernennung seines B\u00fcrgers Christian Schmidt zum Hohen Repr\u00e4sentanten der internationalen Gemeinschaft in BIH besteht, dessen Mandat von den st\u00e4ndigen Mitgliedern des UN-Sicherheitsrats Russland und China abgelehnt wurde. Der &#8220;Tourist Schmidt&#8221;, wie er in dieser Entit\u00e4t wahrgenommen wird, hat n\u00e4mlich das vorgeschriebene Verfahren im UN-Sicherheitsrat nicht befolgt, was als diskriminierendes und anachronistisches politisches Vorgehen der politischen Garnitur Deutschlands und Einmischung in die ohnehin komplexen inneren Angelegenheiten Bosnien-Herzegowinas gilt.<\/p>\n<p><strong>Mehr zum Thema<\/strong> &#8211; <a rel=\"nofollow noopener\" target=\"_blank\" href=\"https:\/\/pressefreiheit.rtde.tech\/meinung\/148094-balkan-jugo-nostalgien-magie-verschwunden\/\">Der Balkan: &#8220;Jugo-Nostalgien&#8221; \u2013 Eine Magie, die verschwunden ist <\/a><\/p>\n<\/p>\n<\/div>\n<p><br \/>\n<br \/><a href=\"https:\/\/de.rt.com\/europa\/149054-pulverfass-balkan-alarm-in-republika\/\">Source link <\/a><\/p>\n","protected":false},"excerpt":{"rendered":"<p>Der Frieden in Bosnien-Herzegowina ist zerbrechlich und erfordert ein Gleichgewicht zwischen den drei gro\u00dfen Volksgruppen. Der Deutsche Bundestag hat sich nun auf gef\u00e4hrliche Weise zwischen ihnen positioniert; nicht nur durch die regelwidrige Einsetzung eines deutschen Hohen Repr\u00e4sentanten. Von Marinko U\u010dur, Banja Luka Das Ende des 20. Jahrhunderts war in der Wahrnehmung der meisten Europ\u00e4er gepr\u00e4gt [&hellip;]<\/p>\n","protected":false},"author":3,"featured_media":19373,"comment_status":"open","ping_status":"open","sticky":false,"template":"","format":"standard","meta":{"wp_automatic_camp":["217"],"4eefd7c950df99415c89ec9d8057a119":["Pulverfass Balkan: Alarm in der Republika Srpska nach der Entschlie\u00dfung des Deutschen Bundestages"],"original_link":["https:\/\/de.rt.com\/europa\/149054-pulverfass-balkan-alarm-in-republika\/"],"_thumbnail_id":["19373"],"_wptg_p2tg_sent2tg":["2022-09-19 18:51:38"],"jnews_social_counter_last_update":["1777386392"]},"categories":[19,23],"tags":[1469,28537,19465,82,583,577,33085,979,33083,33084,23823],"yoast_head":"<!-- This site is optimized with the Yoast SEO Premium plugin v22.7 (Yoast SEO v22.7) - https:\/\/yoast.com\/wordpress\/plugins\/seo\/ -->\n<title>Pulverfass Balkan: Alarm in der Republika Srpska nach der Entschlie\u00dfung des Deutschen Bundestages - just-now.NEWS Deutschland<\/title>\n<meta name=\"robots\" content=\"index, follow, max-snippet:-1, max-image-preview:large, max-video-preview:-1\" \/>\n<link rel=\"canonical\" href=\"https:\/\/now-news.de\/de\/deutschland\/pulverfass-balkan-alarm-in-der-republika-srpska-nach-der-entschliessung-des-deutschen-bundestages\/\" \/>\n<meta property=\"og:locale\" content=\"de_DE\" \/>\n<meta property=\"og:type\" content=\"article\" \/>\n<meta property=\"og:title\" content=\"Pulverfass Balkan: Alarm in der Republika Srpska nach der Entschlie\u00dfung des Deutschen Bundestages\" \/>\n<meta property=\"og:description\" content=\"Der Frieden in Bosnien-Herzegowina ist zerbrechlich und erfordert ein Gleichgewicht zwischen den drei gro\u00dfen Volksgruppen. Der Deutsche Bundestag hat sich nun auf gef\u00e4hrliche Weise zwischen ihnen positioniert; nicht nur durch die regelwidrige Einsetzung eines deutschen Hohen Repr\u00e4sentanten. Von Marinko U\u010dur, Banja Luka Das Ende des 20. Jahrhunderts war in der Wahrnehmung der meisten Europ\u00e4er gepr\u00e4gt [&hellip;]\" \/>\n<meta property=\"og:url\" content=\"https:\/\/now-news.de\/de\/deutschland\/pulverfass-balkan-alarm-in-der-republika-srpska-nach-der-entschliessung-des-deutschen-bundestages\/\" \/>\n<meta property=\"og:site_name\" content=\"just-now.NEWS Deutschland\" \/>\n<meta property=\"article:publisher\" content=\"https:\/\/www.facebook.com\/wirmachenauf\" \/>\n<meta property=\"article:published_time\" content=\"2022-09-19T16:49:59+00:00\" \/>\n<meta property=\"og:image\" content=\"https:\/\/now-news.de\/de\/wp-content\/uploads\/sites\/3\/2022\/09\/Pulverfass-Balkan-Alarm-in-der-Republika-Srpska-nach-der-Entschliessung.JPG\" \/>\n\t<meta property=\"og:image:width\" content=\"460\" \/>\n\t<meta property=\"og:image:height\" content=\"259\" \/>\n\t<meta property=\"og:image:type\" content=\"image\/jpeg\" \/>\n<meta name=\"author\" content=\"rtnews\" \/>\n<meta name=\"twitter:card\" content=\"summary_large_image\" \/>\n<meta name=\"twitter:creator\" content=\"@WirMachenAuf_de\" \/>\n<meta name=\"twitter:site\" content=\"@WirMachenAuf_de\" \/>\n<meta name=\"twitter:label1\" content=\"Verfasst von\" \/>\n\t<meta name=\"twitter:data1\" content=\"rtnews\" \/>\n\t<meta name=\"twitter:label2\" content=\"Gesch\u00e4tzte Lesezeit\" \/>\n\t<meta name=\"twitter:data2\" content=\"6\u00a0Minuten\" \/>\n<script type=\"application\/ld+json\" class=\"yoast-schema-graph\">{\"@context\":\"https:\/\/schema.org\",\"@graph\":[{\"@type\":\"Article\",\"@id\":\"https:\/\/now-news.de\/de\/deutschland\/pulverfass-balkan-alarm-in-der-republika-srpska-nach-der-entschliessung-des-deutschen-bundestages\/#article\",\"isPartOf\":{\"@id\":\"https:\/\/now-news.de\/de\/deutschland\/pulverfass-balkan-alarm-in-der-republika-srpska-nach-der-entschliessung-des-deutschen-bundestages\/\"},\"author\":{\"name\":\"rtnews\",\"@id\":\"https:\/\/now-news.de\/de\/#\/schema\/person\/fb534a4e865501d8b3285208df34a9b5\"},\"headline\":\"Pulverfass Balkan: Alarm in der Republika Srpska nach der Entschlie\u00dfung des Deutschen Bundestages\",\"datePublished\":\"2022-09-19T16:49:59+00:00\",\"dateModified\":\"2022-09-19T16:49:59+00:00\",\"mainEntityOfPage\":{\"@id\":\"https:\/\/now-news.de\/de\/deutschland\/pulverfass-balkan-alarm-in-der-republika-srpska-nach-der-entschliessung-des-deutschen-bundestages\/\"},\"wordCount\":1238,\"commentCount\":0,\"publisher\":{\"@id\":\"https:\/\/now-news.de\/de\/#organization\"},\"image\":{\"@id\":\"https:\/\/now-news.de\/de\/deutschland\/pulverfass-balkan-alarm-in-der-republika-srpska-nach-der-entschliessung-des-deutschen-bundestages\/#primaryimage\"},\"thumbnailUrl\":\"https:\/\/now-news.de\/de\/wp-content\/uploads\/sites\/3\/2022\/09\/Pulverfass-Balkan-Alarm-in-der-Republika-Srpska-nach-der-Entschliessung.JPG\",\"keywords\":[\"Alarm\",\"Balkan\",\"Bundestages\",\"der\",\"des\",\"Deutschen\",\"Entschlie\u00dfung\",\"nach\",\"Pulverfass\",\"Republika\",\"Srpska\"],\"articleSection\":[\"Deutschland\",\"Russland\"],\"inLanguage\":\"de\",\"potentialAction\":[{\"@type\":\"CommentAction\",\"name\":\"Comment\",\"target\":[\"https:\/\/now-news.de\/de\/deutschland\/pulverfass-balkan-alarm-in-der-republika-srpska-nach-der-entschliessung-des-deutschen-bundestages\/#respond\"]}]},{\"@type\":\"WebPage\",\"@id\":\"https:\/\/now-news.de\/de\/deutschland\/pulverfass-balkan-alarm-in-der-republika-srpska-nach-der-entschliessung-des-deutschen-bundestages\/\",\"url\":\"https:\/\/now-news.de\/de\/deutschland\/pulverfass-balkan-alarm-in-der-republika-srpska-nach-der-entschliessung-des-deutschen-bundestages\/\",\"name\":\"Pulverfass Balkan: Alarm in der Republika Srpska nach der Entschlie\u00dfung des Deutschen Bundestages - just-now.NEWS Deutschland\",\"isPartOf\":{\"@id\":\"https:\/\/now-news.de\/de\/#website\"},\"primaryImageOfPage\":{\"@id\":\"https:\/\/now-news.de\/de\/deutschland\/pulverfass-balkan-alarm-in-der-republika-srpska-nach-der-entschliessung-des-deutschen-bundestages\/#primaryimage\"},\"image\":{\"@id\":\"https:\/\/now-news.de\/de\/deutschland\/pulverfass-balkan-alarm-in-der-republika-srpska-nach-der-entschliessung-des-deutschen-bundestages\/#primaryimage\"},\"thumbnailUrl\":\"https:\/\/now-news.de\/de\/wp-content\/uploads\/sites\/3\/2022\/09\/Pulverfass-Balkan-Alarm-in-der-Republika-Srpska-nach-der-Entschliessung.JPG\",\"datePublished\":\"2022-09-19T16:49:59+00:00\",\"dateModified\":\"2022-09-19T16:49:59+00:00\",\"breadcrumb\":{\"@id\":\"https:\/\/now-news.de\/de\/deutschland\/pulverfass-balkan-alarm-in-der-republika-srpska-nach-der-entschliessung-des-deutschen-bundestages\/#breadcrumb\"},\"inLanguage\":\"de\",\"potentialAction\":[{\"@type\":\"ReadAction\",\"target\":[\"https:\/\/now-news.de\/de\/deutschland\/pulverfass-balkan-alarm-in-der-republika-srpska-nach-der-entschliessung-des-deutschen-bundestages\/\"]}]},{\"@type\":\"ImageObject\",\"inLanguage\":\"de\",\"@id\":\"https:\/\/now-news.de\/de\/deutschland\/pulverfass-balkan-alarm-in-der-republika-srpska-nach-der-entschliessung-des-deutschen-bundestages\/#primaryimage\",\"url\":\"https:\/\/now-news.de\/de\/wp-content\/uploads\/sites\/3\/2022\/09\/Pulverfass-Balkan-Alarm-in-der-Republika-Srpska-nach-der-Entschliessung.JPG\",\"contentUrl\":\"https:\/\/now-news.de\/de\/wp-content\/uploads\/sites\/3\/2022\/09\/Pulverfass-Balkan-Alarm-in-der-Republika-Srpska-nach-der-Entschliessung.JPG\",\"width\":460,\"height\":259,\"caption\":\"Pulverfass Balkan: Alarm in der Republika Srpska nach der Entschlie\u00dfung des Deutschen Bundestages\"},{\"@type\":\"BreadcrumbList\",\"@id\":\"https:\/\/now-news.de\/de\/deutschland\/pulverfass-balkan-alarm-in-der-republika-srpska-nach-der-entschliessung-des-deutschen-bundestages\/#breadcrumb\",\"itemListElement\":[{\"@type\":\"ListItem\",\"position\":1,\"name\":\"Home\",\"item\":\"https:\/\/now-news.de\/de\/\"},{\"@type\":\"ListItem\",\"position\":2,\"name\":\"Pulverfass Balkan: Alarm in der Republika Srpska nach der Entschlie\u00dfung des Deutschen Bundestages\"}]},{\"@type\":\"WebSite\",\"@id\":\"https:\/\/now-news.de\/de\/#website\",\"url\":\"https:\/\/now-news.de\/de\/\",\"name\":\"just-now.NEWS Deutschland\",\"description\":\"Das Portal f\u00fcr unzensierte Nachrichten aus der Welt\",\"publisher\":{\"@id\":\"https:\/\/now-news.de\/de\/#organization\"},\"potentialAction\":[{\"@type\":\"SearchAction\",\"target\":{\"@type\":\"EntryPoint\",\"urlTemplate\":\"https:\/\/now-news.de\/de\/?s={search_term_string}\"},\"query-input\":\"required name=search_term_string\"}],\"inLanguage\":\"de\"},{\"@type\":\"Organization\",\"@id\":\"https:\/\/now-news.de\/de\/#organization\",\"name\":\"Just Now News\",\"url\":\"https:\/\/now-news.de\/de\/\",\"logo\":{\"@type\":\"ImageObject\",\"inLanguage\":\"de\",\"@id\":\"https:\/\/now-news.de\/de\/#\/schema\/logo\/image\/\",\"url\":\"http:\/\/just-now.news\/de\/wp-content\/uploads\/sites\/3\/2022\/04\/logo500x500.jpg\",\"contentUrl\":\"http:\/\/just-now.news\/de\/wp-content\/uploads\/sites\/3\/2022\/04\/logo500x500.jpg\",\"width\":500,\"height\":500,\"caption\":\"Just Now News\"},\"image\":{\"@id\":\"https:\/\/now-news.de\/de\/#\/schema\/logo\/image\/\"},\"sameAs\":[\"https:\/\/www.facebook.com\/wirmachenauf\",\"https:\/\/x.com\/WirMachenAuf_de\"]},{\"@type\":\"Person\",\"@id\":\"https:\/\/now-news.de\/de\/#\/schema\/person\/fb534a4e865501d8b3285208df34a9b5\",\"name\":\"rtnews\",\"image\":{\"@type\":\"ImageObject\",\"inLanguage\":\"de\",\"@id\":\"https:\/\/now-news.de\/de\/#\/schema\/person\/image\/\",\"url\":\"https:\/\/secure.gravatar.com\/avatar\/82aafea7d8127119dd649515f56e2117?s=96&d=mm&r=g\",\"contentUrl\":\"https:\/\/secure.gravatar.com\/avatar\/82aafea7d8127119dd649515f56e2117?s=96&d=mm&r=g\",\"caption\":\"rtnews\"},\"url\":\"https:\/\/now-news.de\/de\/author\/rnews\/\"}]}<\/script>\n<!-- \/ Yoast SEO Premium plugin. -->","yoast_head_json":{"title":"Pulverfass Balkan: Alarm in der Republika Srpska nach der Entschlie\u00dfung des Deutschen Bundestages - just-now.NEWS Deutschland","robots":{"index":"index","follow":"follow","max-snippet":"max-snippet:-1","max-image-preview":"max-image-preview:large","max-video-preview":"max-video-preview:-1"},"canonical":"https:\/\/now-news.de\/de\/deutschland\/pulverfass-balkan-alarm-in-der-republika-srpska-nach-der-entschliessung-des-deutschen-bundestages\/","og_locale":"de_DE","og_type":"article","og_title":"Pulverfass Balkan: Alarm in der Republika Srpska nach der Entschlie\u00dfung des Deutschen Bundestages","og_description":"Der Frieden in Bosnien-Herzegowina ist zerbrechlich und erfordert ein Gleichgewicht zwischen den drei gro\u00dfen Volksgruppen. Der Deutsche Bundestag hat sich nun auf gef\u00e4hrliche Weise zwischen ihnen positioniert; nicht nur durch die regelwidrige Einsetzung eines deutschen Hohen Repr\u00e4sentanten. Von Marinko U\u010dur, Banja Luka Das Ende des 20. Jahrhunderts war in der Wahrnehmung der meisten Europ\u00e4er gepr\u00e4gt [&hellip;]","og_url":"https:\/\/now-news.de\/de\/deutschland\/pulverfass-balkan-alarm-in-der-republika-srpska-nach-der-entschliessung-des-deutschen-bundestages\/","og_site_name":"just-now.NEWS Deutschland","article_publisher":"https:\/\/www.facebook.com\/wirmachenauf","article_published_time":"2022-09-19T16:49:59+00:00","og_image":[{"width":460,"height":259,"url":"https:\/\/now-news.de\/de\/wp-content\/uploads\/sites\/3\/2022\/09\/Pulverfass-Balkan-Alarm-in-der-Republika-Srpska-nach-der-Entschliessung.JPG","type":"image\/jpeg"}],"author":"rtnews","twitter_card":"summary_large_image","twitter_creator":"@WirMachenAuf_de","twitter_site":"@WirMachenAuf_de","twitter_misc":{"Verfasst von":"rtnews","Gesch\u00e4tzte Lesezeit":"6\u00a0Minuten"},"schema":{"@context":"https:\/\/schema.org","@graph":[{"@type":"Article","@id":"https:\/\/now-news.de\/de\/deutschland\/pulverfass-balkan-alarm-in-der-republika-srpska-nach-der-entschliessung-des-deutschen-bundestages\/#article","isPartOf":{"@id":"https:\/\/now-news.de\/de\/deutschland\/pulverfass-balkan-alarm-in-der-republika-srpska-nach-der-entschliessung-des-deutschen-bundestages\/"},"author":{"name":"rtnews","@id":"https:\/\/now-news.de\/de\/#\/schema\/person\/fb534a4e865501d8b3285208df34a9b5"},"headline":"Pulverfass Balkan: Alarm in der Republika Srpska nach der Entschlie\u00dfung des Deutschen Bundestages","datePublished":"2022-09-19T16:49:59+00:00","dateModified":"2022-09-19T16:49:59+00:00","mainEntityOfPage":{"@id":"https:\/\/now-news.de\/de\/deutschland\/pulverfass-balkan-alarm-in-der-republika-srpska-nach-der-entschliessung-des-deutschen-bundestages\/"},"wordCount":1238,"commentCount":0,"publisher":{"@id":"https:\/\/now-news.de\/de\/#organization"},"image":{"@id":"https:\/\/now-news.de\/de\/deutschland\/pulverfass-balkan-alarm-in-der-republika-srpska-nach-der-entschliessung-des-deutschen-bundestages\/#primaryimage"},"thumbnailUrl":"https:\/\/now-news.de\/de\/wp-content\/uploads\/sites\/3\/2022\/09\/Pulverfass-Balkan-Alarm-in-der-Republika-Srpska-nach-der-Entschliessung.JPG","keywords":["Alarm","Balkan","Bundestages","der","des","Deutschen","Entschlie\u00dfung","nach","Pulverfass","Republika","Srpska"],"articleSection":["Deutschland","Russland"],"inLanguage":"de","potentialAction":[{"@type":"CommentAction","name":"Comment","target":["https:\/\/now-news.de\/de\/deutschland\/pulverfass-balkan-alarm-in-der-republika-srpska-nach-der-entschliessung-des-deutschen-bundestages\/#respond"]}]},{"@type":"WebPage","@id":"https:\/\/now-news.de\/de\/deutschland\/pulverfass-balkan-alarm-in-der-republika-srpska-nach-der-entschliessung-des-deutschen-bundestages\/","url":"https:\/\/now-news.de\/de\/deutschland\/pulverfass-balkan-alarm-in-der-republika-srpska-nach-der-entschliessung-des-deutschen-bundestages\/","name":"Pulverfass Balkan: Alarm in der Republika Srpska nach der Entschlie\u00dfung des Deutschen Bundestages - just-now.NEWS Deutschland","isPartOf":{"@id":"https:\/\/now-news.de\/de\/#website"},"primaryImageOfPage":{"@id":"https:\/\/now-news.de\/de\/deutschland\/pulverfass-balkan-alarm-in-der-republika-srpska-nach-der-entschliessung-des-deutschen-bundestages\/#primaryimage"},"image":{"@id":"https:\/\/now-news.de\/de\/deutschland\/pulverfass-balkan-alarm-in-der-republika-srpska-nach-der-entschliessung-des-deutschen-bundestages\/#primaryimage"},"thumbnailUrl":"https:\/\/now-news.de\/de\/wp-content\/uploads\/sites\/3\/2022\/09\/Pulverfass-Balkan-Alarm-in-der-Republika-Srpska-nach-der-Entschliessung.JPG","datePublished":"2022-09-19T16:49:59+00:00","dateModified":"2022-09-19T16:49:59+00:00","breadcrumb":{"@id":"https:\/\/now-news.de\/de\/deutschland\/pulverfass-balkan-alarm-in-der-republika-srpska-nach-der-entschliessung-des-deutschen-bundestages\/#breadcrumb"},"inLanguage":"de","potentialAction":[{"@type":"ReadAction","target":["https:\/\/now-news.de\/de\/deutschland\/pulverfass-balkan-alarm-in-der-republika-srpska-nach-der-entschliessung-des-deutschen-bundestages\/"]}]},{"@type":"ImageObject","inLanguage":"de","@id":"https:\/\/now-news.de\/de\/deutschland\/pulverfass-balkan-alarm-in-der-republika-srpska-nach-der-entschliessung-des-deutschen-bundestages\/#primaryimage","url":"https:\/\/now-news.de\/de\/wp-content\/uploads\/sites\/3\/2022\/09\/Pulverfass-Balkan-Alarm-in-der-Republika-Srpska-nach-der-Entschliessung.JPG","contentUrl":"https:\/\/now-news.de\/de\/wp-content\/uploads\/sites\/3\/2022\/09\/Pulverfass-Balkan-Alarm-in-der-Republika-Srpska-nach-der-Entschliessung.JPG","width":460,"height":259,"caption":"Pulverfass Balkan: Alarm in der Republika Srpska nach der Entschlie\u00dfung des Deutschen Bundestages"},{"@type":"BreadcrumbList","@id":"https:\/\/now-news.de\/de\/deutschland\/pulverfass-balkan-alarm-in-der-republika-srpska-nach-der-entschliessung-des-deutschen-bundestages\/#breadcrumb","itemListElement":[{"@type":"ListItem","position":1,"name":"Home","item":"https:\/\/now-news.de\/de\/"},{"@type":"ListItem","position":2,"name":"Pulverfass Balkan: Alarm in der Republika Srpska nach der Entschlie\u00dfung des Deutschen Bundestages"}]},{"@type":"WebSite","@id":"https:\/\/now-news.de\/de\/#website","url":"https:\/\/now-news.de\/de\/","name":"just-now.NEWS Deutschland","description":"Das Portal f\u00fcr unzensierte Nachrichten aus der Welt","publisher":{"@id":"https:\/\/now-news.de\/de\/#organization"},"potentialAction":[{"@type":"SearchAction","target":{"@type":"EntryPoint","urlTemplate":"https:\/\/now-news.de\/de\/?s={search_term_string}"},"query-input":"required name=search_term_string"}],"inLanguage":"de"},{"@type":"Organization","@id":"https:\/\/now-news.de\/de\/#organization","name":"Just Now News","url":"https:\/\/now-news.de\/de\/","logo":{"@type":"ImageObject","inLanguage":"de","@id":"https:\/\/now-news.de\/de\/#\/schema\/logo\/image\/","url":"http:\/\/just-now.news\/de\/wp-content\/uploads\/sites\/3\/2022\/04\/logo500x500.jpg","contentUrl":"http:\/\/just-now.news\/de\/wp-content\/uploads\/sites\/3\/2022\/04\/logo500x500.jpg","width":500,"height":500,"caption":"Just Now News"},"image":{"@id":"https:\/\/now-news.de\/de\/#\/schema\/logo\/image\/"},"sameAs":["https:\/\/www.facebook.com\/wirmachenauf","https:\/\/x.com\/WirMachenAuf_de"]},{"@type":"Person","@id":"https:\/\/now-news.de\/de\/#\/schema\/person\/fb534a4e865501d8b3285208df34a9b5","name":"rtnews","image":{"@type":"ImageObject","inLanguage":"de","@id":"https:\/\/now-news.de\/de\/#\/schema\/person\/image\/","url":"https:\/\/secure.gravatar.com\/avatar\/82aafea7d8127119dd649515f56e2117?s=96&d=mm&r=g","contentUrl":"https:\/\/secure.gravatar.com\/avatar\/82aafea7d8127119dd649515f56e2117?s=96&d=mm&r=g","caption":"rtnews"},"url":"https:\/\/now-news.de\/de\/author\/rnews\/"}]}},"_links":{"self":[{"href":"https:\/\/now-news.de\/de\/wp-json\/wp\/v2\/posts\/19372"}],"collection":[{"href":"https:\/\/now-news.de\/de\/wp-json\/wp\/v2\/posts"}],"about":[{"href":"https:\/\/now-news.de\/de\/wp-json\/wp\/v2\/types\/post"}],"author":[{"embeddable":true,"href":"https:\/\/now-news.de\/de\/wp-json\/wp\/v2\/users\/3"}],"replies":[{"embeddable":true,"href":"https:\/\/now-news.de\/de\/wp-json\/wp\/v2\/comments?post=19372"}],"version-history":[{"count":0,"href":"https:\/\/now-news.de\/de\/wp-json\/wp\/v2\/posts\/19372\/revisions"}],"wp:featuredmedia":[{"embeddable":true,"href":"https:\/\/now-news.de\/de\/wp-json\/wp\/v2\/media\/19373"}],"wp:attachment":[{"href":"https:\/\/now-news.de\/de\/wp-json\/wp\/v2\/media?parent=19372"}],"wp:term":[{"taxonomy":"category","embeddable":true,"href":"https:\/\/now-news.de\/de\/wp-json\/wp\/v2\/categories?post=19372"},{"taxonomy":"post_tag","embeddable":true,"href":"https:\/\/now-news.de\/de\/wp-json\/wp\/v2\/tags?post=19372"}],"curies":[{"name":"wp","href":"https:\/\/api.w.org\/{rel}","templated":true}]}}