{"id":19340,"date":"2022-09-19T10:38:29","date_gmt":"2022-09-19T08:38:29","guid":{"rendered":"http:\/\/just-now.news\/de\/deutschland\/frankreich-macron-will-migranten-in-entvoelkerten-laendlichen-gebieten-ansiedeln\/"},"modified":"2022-09-19T10:38:29","modified_gmt":"2022-09-19T08:38:29","slug":"frankreich-macron-will-migranten-in-entvoelkerten-laendlichen-gebieten-ansiedeln","status":"publish","type":"post","link":"https:\/\/now-news.de\/de\/deutschland\/frankreich-macron-will-migranten-in-entvoelkerten-laendlichen-gebieten-ansiedeln\/","title":{"rendered":"Frankreich: Macron will Migranten in entv\u00f6lkerten l\u00e4ndlichen Gebieten ansiedeln"},"content":{"rendered":"<p><img decoding=\"async\" src=\"http:\/\/just-now.news\/de\/wp-content\/uploads\/sites\/3\/2022\/09\/632816a6b480cc09c971f301.jpg\" \/><\/p>\n<div class=\"Text-root Text-type_1 \">\n                Frankreichs Pr\u00e4sident Macron strebt einen Strategiewechsel in der Einwanderungspolitik seines Landes an. So sollen seinen Aussagen nach die von Frankreich aufgenommenen Migranten in l\u00e4ndlichen Gebieten angesiedelt werden. Damit soll ihre Integration &#8220;viel schneller und besser&#8221; gelingen.\n            <\/div>\n<p><\/p>\n<div class=\"Text-root Text-type_5 ArticleView-text ViewText-root \">\n<p>Der franz\u00f6sische Pr\u00e4sident Emmanuel Macron hat eine \u00dcberarbeitung der Einwanderungs- und Asylpolitik seines Landes vorgeschlagen, die eine Umverteilung von Migranten in l\u00e4ndliche Gebiete mit Bev\u00f6lkerungsr\u00fcckgang vorsieht. Die derzeitige Politik prangerte er als &#8220;unmenschlich&#8221; und zugleich &#8220;ineffizient&#8221; an. Ineffizient, weil es in\u00a0Frankreich mehr illegale Ausl\u00e4nder als in vielen seiner Nachbarl\u00e4nder gebe, so Macron. Vergangene Woche k\u00fcndigte der 44-J\u00e4hrige an, dass die Angelegenheit Anfang n\u00e4chsten Jahres zur Abstimmung gestellt werden solle.<\/p>\n<p>Zur Begr\u00fcndung seines Umsiedlungsprogramms <a rel=\"nofollow noopener\" target=\"_blank\" href=\"https:\/\/www.francetvinfo.fr\/politique\/emmanuel-macron\/apres-lassurance-chomage-les-retraites-et-la-fin-de-vie-emmanuel-macron-met-limmigration-au-programme_5364127.html\">erkl\u00e4rte<\/a> der franz\u00f6sische Pr\u00e4sident, dass\u00a0die Bedingungen f\u00fcr die Aufnahme der Migranten &#8220;viel besser sein werden, als wenn wir sie in bereits dicht besiedelten Gebieten unterbringen, in denen sich massive wirtschaftliche und soziale Probleme konzentrieren&#8221;.<\/p>\n<p>Die Verteilung der Zuwanderer in gering besiedelte Regionen w\u00fcrde ihnen helfen, so Macron, sich &#8220;viel schneller und besser zu integrieren&#8221;. Insbesondere denjenigen, die bereits \u00fcber berufliche F\u00e4higkeiten oder Sprachkenntnisse verf\u00fcgten.\u00a0Die derzeitige Politik sei jedoch &#8220;absurd&#8221;, da sie darin bestehe, &#8220;die Frauen und M\u00e4nner, die ankommen und in gr\u00f6\u00dfter Not sind&#8221;, in die \u00e4rmsten und am st\u00e4rksten \u00fcberf\u00fcllten Stadtviertel der Republik bzw. Vorst\u00e4dte unterzubringen.<\/p>\n<p>L\u00e4ndliche Gebiete &#8220;verlieren an Bev\u00f6lkerung&#8221;, f\u00fchrte der 44-J\u00e4hrige an, ein Trend, den Einwandererfamilien \u2013 die in der Regel mehr Kinder haben als europ\u00e4ische Familien \u2013 umkehren k\u00f6nnten. So m\u00fcssten Schulen und Hochschulen nicht wegen zu geringer Sch\u00fclerzahlen geschlossen werden.<\/p>\n<p>Doch nicht alle Franzosen sind mit einem solchen Plan einverstanden. Der ehemalige Pr\u00e4sidentschaftskandidat \u00c9ric Zemmour, der dem rechten Lager zugeordnet wird, schlug stattdessen vor, den demografischen R\u00fcckgang durch die Einf\u00fchrung einer &#8220;Geburtsbeihilfe&#8221; in H\u00f6he von 10.000 Euro f\u00fcr Kinder einheimischer Eltern im l\u00e4ndlichen Frankreich zu bek\u00e4mpfen \u2013 statt der 50.000 Euro, die seiner Meinung nach &#8220;jedes Jahr f\u00fcr unbegleitete illegal eingewanderte Minderj\u00e4hrige ausgegeben werden&#8221;.<\/p>\n<p>Eine andere f\u00fchrende Oppositionspolitikerin, Marine Le Pen, warf Macron vor, er wolle ein Gesetz \u00e4ndern, das er nicht anwenden wolle.\u00a0&#8220;Wir glauben, dass sie zur\u00fcck nach Hause gehen sollten&#8221;, schrieb sie am Freitag auf dem Kurznachrichtendienst Twitter und bezog sich dabei auf die illegal eingereisten Menschen, die der Pr\u00e4sident auf dem Land ansiedeln will.\u00a0<\/p>\n<p>Der franz\u00f6sische Pr\u00e4sident versprach auch, &#8220;die Wirksamkeit der Abschiebepolitik&#8221; an der Grenze zu verbessern, und forderte andere L\u00e4nder auf, ihre eigenen Verfahren zur R\u00fccknahme von straff\u00e4llig gewordenen Migranten zu verbessern. Visa w\u00fcrden demnach den Einwohnern eines Landes auf der Grundlage des &#8220;Geistes der Zusammenarbeit gew\u00e4hrt, um Ausl\u00e4nder in einer irregul\u00e4ren Situation zur\u00fcckzunehmen, angefangen bei denen, die die \u00f6ffentliche Ordnung st\u00f6ren&#8221;, so Macron.<\/p>\n<p>Nicht nur die Einwanderungspolitik soll sich \u00e4ndern, auch die Partei von Frankreichs Pr\u00e4sident hat nun einen\u00a0neuen Namen: &#8220;Renaissance&#8221;.\u00a0Laut den Aussagen des Europaabgeordneten St\u00e9phane S\u00e9journ\u00e9, der zum neuen Generalsekret\u00e4r von &#8220;Renaissance&#8221; gew\u00e4hlt wurde, handele es sich hierbei &#8220;nicht um eine Namens\u00e4nderung, sondern um ein politisches Projekt&#8221;. Es gehe um neue Methoden, Gesichter und Ideen, so\u00a0S\u00e9journ\u00e9, der gemeinsam mit seinem\u00a0Lebensgef\u00e4hrten und dem derzeitigen Budgetminister Frankreichs Gabriel Attal zu den engsten Vertrauten von Macron\u00a0<a rel=\"nofollow noopener\" target=\"_blank\" href=\"https:\/\/www.derstandard.de\/story\/2000139193219\/macron-versucht-die-wiedergeburt-mit-einer-neuen-partei\">geh\u00f6rt<\/a>.<\/p>\n<p><strong>Mehr zum Thema<\/strong> &#8211; <a rel=\"nofollow noopener\" target=\"_blank\" href=\"https:\/\/test.rtde.tech\/europa\/140997-frankreich-zwischen-rekordzahl-an-nichtwahlern\/\">Frankreich zwischen einer Rekordzahl an Nichtw\u00e4hlern und dem Stillstand im politischen System<\/a><\/p>\n<\/div>\n<p><br \/>\n<br \/><a href=\"https:\/\/de.rt.com\/europa\/149303-frankreich-macron-will-migranten-in\/\">Source link <\/a><\/p>\n","protected":false},"excerpt":{"rendered":"<p>Frankreichs Pr\u00e4sident Macron strebt einen Strategiewechsel in der Einwanderungspolitik seines Landes an. So sollen seinen Aussagen nach die von Frankreich aufgenommenen Migranten in l\u00e4ndlichen Gebieten angesiedelt werden. Damit soll ihre Integration &#8220;viel schneller und besser&#8221; gelingen. Der franz\u00f6sische Pr\u00e4sident Emmanuel Macron hat eine \u00dcberarbeitung der Einwanderungs- und Asylpolitik seines Landes vorgeschlagen, die eine Umverteilung von [&hellip;]<\/p>\n","protected":false},"author":3,"featured_media":19341,"comment_status":"open","ping_status":"open","sticky":false,"template":"","format":"standard","meta":{"wp_automatic_camp":["217"],"1746c481fb1488dad25ff4c9abdf7691":["Frankreich: Macron will Migranten in entv\u00f6lkerten l\u00e4ndlichen Gebieten ansiedeln"],"original_link":["https:\/\/de.rt.com\/europa\/149303-frankreich-macron-will-migranten-in\/"],"_thumbnail_id":["19341"],"_wptg_p2tg_sent2tg":["2022-09-19 10:50:23"],"jnews_social_counter_last_update":["1777350191"]},"categories":[19,23],"tags":[33061,33059,3320,5035,33060,1711,14789],"yoast_head":"<!-- This site is optimized with the Yoast SEO Premium plugin v22.7 (Yoast SEO v22.7) - https:\/\/yoast.com\/wordpress\/plugins\/seo\/ -->\n<title>Frankreich: Macron will Migranten in entv\u00f6lkerten l\u00e4ndlichen Gebieten ansiedeln - just-now.NEWS Deutschland<\/title>\n<meta name=\"robots\" content=\"index, follow, max-snippet:-1, max-image-preview:large, max-video-preview:-1\" \/>\n<link rel=\"canonical\" href=\"https:\/\/now-news.de\/de\/deutschland\/frankreich-macron-will-migranten-in-entvoelkerten-laendlichen-gebieten-ansiedeln\/\" \/>\n<meta property=\"og:locale\" content=\"de_DE\" \/>\n<meta property=\"og:type\" content=\"article\" \/>\n<meta property=\"og:title\" content=\"Frankreich: Macron will Migranten in entv\u00f6lkerten l\u00e4ndlichen Gebieten ansiedeln\" \/>\n<meta property=\"og:description\" content=\"Frankreichs Pr\u00e4sident Macron strebt einen Strategiewechsel in der Einwanderungspolitik seines Landes an. So sollen seinen Aussagen nach die von Frankreich aufgenommenen Migranten in l\u00e4ndlichen Gebieten angesiedelt werden. Damit soll ihre Integration &#8220;viel schneller und besser&#8221; gelingen. Der franz\u00f6sische Pr\u00e4sident Emmanuel Macron hat eine \u00dcberarbeitung der Einwanderungs- und Asylpolitik seines Landes vorgeschlagen, die eine Umverteilung von [&hellip;]\" \/>\n<meta property=\"og:url\" content=\"https:\/\/now-news.de\/de\/deutschland\/frankreich-macron-will-migranten-in-entvoelkerten-laendlichen-gebieten-ansiedeln\/\" \/>\n<meta property=\"og:site_name\" content=\"just-now.NEWS Deutschland\" \/>\n<meta property=\"article:publisher\" content=\"https:\/\/www.facebook.com\/wirmachenauf\" \/>\n<meta property=\"article:published_time\" content=\"2022-09-19T08:38:29+00:00\" \/>\n<meta property=\"og:image\" content=\"https:\/\/now-news.de\/de\/wp-content\/uploads\/sites\/3\/2022\/09\/Frankreich-Macron-will-Migranten-in-entvoelkerten-laendlichen-Gebieten-ansiedeln.jpg\" \/>\n\t<meta property=\"og:image:width\" content=\"460\" \/>\n\t<meta property=\"og:image:height\" content=\"259\" \/>\n\t<meta property=\"og:image:type\" content=\"image\/jpeg\" \/>\n<meta name=\"author\" content=\"rtnews\" \/>\n<meta name=\"twitter:card\" content=\"summary_large_image\" \/>\n<meta name=\"twitter:creator\" content=\"@WirMachenAuf_de\" \/>\n<meta name=\"twitter:site\" content=\"@WirMachenAuf_de\" \/>\n<meta name=\"twitter:label1\" content=\"Verfasst von\" \/>\n\t<meta name=\"twitter:data1\" content=\"rtnews\" \/>\n\t<meta name=\"twitter:label2\" content=\"Gesch\u00e4tzte Lesezeit\" \/>\n\t<meta name=\"twitter:data2\" content=\"3\u00a0Minuten\" \/>\n<script type=\"application\/ld+json\" class=\"yoast-schema-graph\">{\"@context\":\"https:\/\/schema.org\",\"@graph\":[{\"@type\":\"Article\",\"@id\":\"https:\/\/now-news.de\/de\/deutschland\/frankreich-macron-will-migranten-in-entvoelkerten-laendlichen-gebieten-ansiedeln\/#article\",\"isPartOf\":{\"@id\":\"https:\/\/now-news.de\/de\/deutschland\/frankreich-macron-will-migranten-in-entvoelkerten-laendlichen-gebieten-ansiedeln\/\"},\"author\":{\"name\":\"rtnews\",\"@id\":\"https:\/\/now-news.de\/de\/#\/schema\/person\/fb534a4e865501d8b3285208df34a9b5\"},\"headline\":\"Frankreich: Macron will Migranten in entv\u00f6lkerten l\u00e4ndlichen Gebieten ansiedeln\",\"datePublished\":\"2022-09-19T08:38:29+00:00\",\"dateModified\":\"2022-09-19T08:38:29+00:00\",\"mainEntityOfPage\":{\"@id\":\"https:\/\/now-news.de\/de\/deutschland\/frankreich-macron-will-migranten-in-entvoelkerten-laendlichen-gebieten-ansiedeln\/\"},\"wordCount\":595,\"commentCount\":0,\"publisher\":{\"@id\":\"https:\/\/now-news.de\/de\/#organization\"},\"image\":{\"@id\":\"https:\/\/now-news.de\/de\/deutschland\/frankreich-macron-will-migranten-in-entvoelkerten-laendlichen-gebieten-ansiedeln\/#primaryimage\"},\"thumbnailUrl\":\"https:\/\/now-news.de\/de\/wp-content\/uploads\/sites\/3\/2022\/09\/Frankreich-Macron-will-Migranten-in-entvoelkerten-laendlichen-Gebieten-ansiedeln.jpg\",\"keywords\":[\"ansiedeln\",\"entv\u00f6lkerten\",\"Frankreich\",\"Gebieten\",\"l\u00e4ndlichen\",\"macron\",\"Migranten\"],\"articleSection\":[\"Deutschland\",\"Russland\"],\"inLanguage\":\"de\",\"potentialAction\":[{\"@type\":\"CommentAction\",\"name\":\"Comment\",\"target\":[\"https:\/\/now-news.de\/de\/deutschland\/frankreich-macron-will-migranten-in-entvoelkerten-laendlichen-gebieten-ansiedeln\/#respond\"]}]},{\"@type\":\"WebPage\",\"@id\":\"https:\/\/now-news.de\/de\/deutschland\/frankreich-macron-will-migranten-in-entvoelkerten-laendlichen-gebieten-ansiedeln\/\",\"url\":\"https:\/\/now-news.de\/de\/deutschland\/frankreich-macron-will-migranten-in-entvoelkerten-laendlichen-gebieten-ansiedeln\/\",\"name\":\"Frankreich: Macron will Migranten in entv\u00f6lkerten l\u00e4ndlichen Gebieten ansiedeln - just-now.NEWS Deutschland\",\"isPartOf\":{\"@id\":\"https:\/\/now-news.de\/de\/#website\"},\"primaryImageOfPage\":{\"@id\":\"https:\/\/now-news.de\/de\/deutschland\/frankreich-macron-will-migranten-in-entvoelkerten-laendlichen-gebieten-ansiedeln\/#primaryimage\"},\"image\":{\"@id\":\"https:\/\/now-news.de\/de\/deutschland\/frankreich-macron-will-migranten-in-entvoelkerten-laendlichen-gebieten-ansiedeln\/#primaryimage\"},\"thumbnailUrl\":\"https:\/\/now-news.de\/de\/wp-content\/uploads\/sites\/3\/2022\/09\/Frankreich-Macron-will-Migranten-in-entvoelkerten-laendlichen-Gebieten-ansiedeln.jpg\",\"datePublished\":\"2022-09-19T08:38:29+00:00\",\"dateModified\":\"2022-09-19T08:38:29+00:00\",\"breadcrumb\":{\"@id\":\"https:\/\/now-news.de\/de\/deutschland\/frankreich-macron-will-migranten-in-entvoelkerten-laendlichen-gebieten-ansiedeln\/#breadcrumb\"},\"inLanguage\":\"de\",\"potentialAction\":[{\"@type\":\"ReadAction\",\"target\":[\"https:\/\/now-news.de\/de\/deutschland\/frankreich-macron-will-migranten-in-entvoelkerten-laendlichen-gebieten-ansiedeln\/\"]}]},{\"@type\":\"ImageObject\",\"inLanguage\":\"de\",\"@id\":\"https:\/\/now-news.de\/de\/deutschland\/frankreich-macron-will-migranten-in-entvoelkerten-laendlichen-gebieten-ansiedeln\/#primaryimage\",\"url\":\"https:\/\/now-news.de\/de\/wp-content\/uploads\/sites\/3\/2022\/09\/Frankreich-Macron-will-Migranten-in-entvoelkerten-laendlichen-Gebieten-ansiedeln.jpg\",\"contentUrl\":\"https:\/\/now-news.de\/de\/wp-content\/uploads\/sites\/3\/2022\/09\/Frankreich-Macron-will-Migranten-in-entvoelkerten-laendlichen-Gebieten-ansiedeln.jpg\",\"width\":460,\"height\":259,\"caption\":\"Frankreich: Macron will Migranten in entv\u00f6lkerten l\u00e4ndlichen Gebieten ansiedeln\"},{\"@type\":\"BreadcrumbList\",\"@id\":\"https:\/\/now-news.de\/de\/deutschland\/frankreich-macron-will-migranten-in-entvoelkerten-laendlichen-gebieten-ansiedeln\/#breadcrumb\",\"itemListElement\":[{\"@type\":\"ListItem\",\"position\":1,\"name\":\"Home\",\"item\":\"https:\/\/now-news.de\/de\/\"},{\"@type\":\"ListItem\",\"position\":2,\"name\":\"Frankreich: Macron will Migranten in entv\u00f6lkerten l\u00e4ndlichen Gebieten ansiedeln\"}]},{\"@type\":\"WebSite\",\"@id\":\"https:\/\/now-news.de\/de\/#website\",\"url\":\"https:\/\/now-news.de\/de\/\",\"name\":\"just-now.NEWS Deutschland\",\"description\":\"Das Portal f\u00fcr unzensierte Nachrichten aus der Welt\",\"publisher\":{\"@id\":\"https:\/\/now-news.de\/de\/#organization\"},\"potentialAction\":[{\"@type\":\"SearchAction\",\"target\":{\"@type\":\"EntryPoint\",\"urlTemplate\":\"https:\/\/now-news.de\/de\/?s={search_term_string}\"},\"query-input\":\"required name=search_term_string\"}],\"inLanguage\":\"de\"},{\"@type\":\"Organization\",\"@id\":\"https:\/\/now-news.de\/de\/#organization\",\"name\":\"Just Now News\",\"url\":\"https:\/\/now-news.de\/de\/\",\"logo\":{\"@type\":\"ImageObject\",\"inLanguage\":\"de\",\"@id\":\"https:\/\/now-news.de\/de\/#\/schema\/logo\/image\/\",\"url\":\"http:\/\/just-now.news\/de\/wp-content\/uploads\/sites\/3\/2022\/04\/logo500x500.jpg\",\"contentUrl\":\"http:\/\/just-now.news\/de\/wp-content\/uploads\/sites\/3\/2022\/04\/logo500x500.jpg\",\"width\":500,\"height\":500,\"caption\":\"Just Now News\"},\"image\":{\"@id\":\"https:\/\/now-news.de\/de\/#\/schema\/logo\/image\/\"},\"sameAs\":[\"https:\/\/www.facebook.com\/wirmachenauf\",\"https:\/\/x.com\/WirMachenAuf_de\"]},{\"@type\":\"Person\",\"@id\":\"https:\/\/now-news.de\/de\/#\/schema\/person\/fb534a4e865501d8b3285208df34a9b5\",\"name\":\"rtnews\",\"image\":{\"@type\":\"ImageObject\",\"inLanguage\":\"de\",\"@id\":\"https:\/\/now-news.de\/de\/#\/schema\/person\/image\/\",\"url\":\"https:\/\/secure.gravatar.com\/avatar\/82aafea7d8127119dd649515f56e2117?s=96&d=mm&r=g\",\"contentUrl\":\"https:\/\/secure.gravatar.com\/avatar\/82aafea7d8127119dd649515f56e2117?s=96&d=mm&r=g\",\"caption\":\"rtnews\"},\"url\":\"https:\/\/now-news.de\/de\/author\/rnews\/\"}]}<\/script>\n<!-- \/ Yoast SEO Premium plugin. -->","yoast_head_json":{"title":"Frankreich: Macron will Migranten in entv\u00f6lkerten l\u00e4ndlichen Gebieten ansiedeln - just-now.NEWS Deutschland","robots":{"index":"index","follow":"follow","max-snippet":"max-snippet:-1","max-image-preview":"max-image-preview:large","max-video-preview":"max-video-preview:-1"},"canonical":"https:\/\/now-news.de\/de\/deutschland\/frankreich-macron-will-migranten-in-entvoelkerten-laendlichen-gebieten-ansiedeln\/","og_locale":"de_DE","og_type":"article","og_title":"Frankreich: Macron will Migranten in entv\u00f6lkerten l\u00e4ndlichen Gebieten ansiedeln","og_description":"Frankreichs Pr\u00e4sident Macron strebt einen Strategiewechsel in der Einwanderungspolitik seines Landes an. So sollen seinen Aussagen nach die von Frankreich aufgenommenen Migranten in l\u00e4ndlichen Gebieten angesiedelt werden. Damit soll ihre Integration &#8220;viel schneller und besser&#8221; gelingen. Der franz\u00f6sische Pr\u00e4sident Emmanuel Macron hat eine \u00dcberarbeitung der Einwanderungs- und Asylpolitik seines Landes vorgeschlagen, die eine Umverteilung von [&hellip;]","og_url":"https:\/\/now-news.de\/de\/deutschland\/frankreich-macron-will-migranten-in-entvoelkerten-laendlichen-gebieten-ansiedeln\/","og_site_name":"just-now.NEWS Deutschland","article_publisher":"https:\/\/www.facebook.com\/wirmachenauf","article_published_time":"2022-09-19T08:38:29+00:00","og_image":[{"width":460,"height":259,"url":"https:\/\/now-news.de\/de\/wp-content\/uploads\/sites\/3\/2022\/09\/Frankreich-Macron-will-Migranten-in-entvoelkerten-laendlichen-Gebieten-ansiedeln.jpg","type":"image\/jpeg"}],"author":"rtnews","twitter_card":"summary_large_image","twitter_creator":"@WirMachenAuf_de","twitter_site":"@WirMachenAuf_de","twitter_misc":{"Verfasst von":"rtnews","Gesch\u00e4tzte Lesezeit":"3\u00a0Minuten"},"schema":{"@context":"https:\/\/schema.org","@graph":[{"@type":"Article","@id":"https:\/\/now-news.de\/de\/deutschland\/frankreich-macron-will-migranten-in-entvoelkerten-laendlichen-gebieten-ansiedeln\/#article","isPartOf":{"@id":"https:\/\/now-news.de\/de\/deutschland\/frankreich-macron-will-migranten-in-entvoelkerten-laendlichen-gebieten-ansiedeln\/"},"author":{"name":"rtnews","@id":"https:\/\/now-news.de\/de\/#\/schema\/person\/fb534a4e865501d8b3285208df34a9b5"},"headline":"Frankreich: Macron will Migranten in entv\u00f6lkerten l\u00e4ndlichen Gebieten ansiedeln","datePublished":"2022-09-19T08:38:29+00:00","dateModified":"2022-09-19T08:38:29+00:00","mainEntityOfPage":{"@id":"https:\/\/now-news.de\/de\/deutschland\/frankreich-macron-will-migranten-in-entvoelkerten-laendlichen-gebieten-ansiedeln\/"},"wordCount":595,"commentCount":0,"publisher":{"@id":"https:\/\/now-news.de\/de\/#organization"},"image":{"@id":"https:\/\/now-news.de\/de\/deutschland\/frankreich-macron-will-migranten-in-entvoelkerten-laendlichen-gebieten-ansiedeln\/#primaryimage"},"thumbnailUrl":"https:\/\/now-news.de\/de\/wp-content\/uploads\/sites\/3\/2022\/09\/Frankreich-Macron-will-Migranten-in-entvoelkerten-laendlichen-Gebieten-ansiedeln.jpg","keywords":["ansiedeln","entv\u00f6lkerten","Frankreich","Gebieten","l\u00e4ndlichen","macron","Migranten"],"articleSection":["Deutschland","Russland"],"inLanguage":"de","potentialAction":[{"@type":"CommentAction","name":"Comment","target":["https:\/\/now-news.de\/de\/deutschland\/frankreich-macron-will-migranten-in-entvoelkerten-laendlichen-gebieten-ansiedeln\/#respond"]}]},{"@type":"WebPage","@id":"https:\/\/now-news.de\/de\/deutschland\/frankreich-macron-will-migranten-in-entvoelkerten-laendlichen-gebieten-ansiedeln\/","url":"https:\/\/now-news.de\/de\/deutschland\/frankreich-macron-will-migranten-in-entvoelkerten-laendlichen-gebieten-ansiedeln\/","name":"Frankreich: Macron will Migranten in entv\u00f6lkerten l\u00e4ndlichen Gebieten ansiedeln - just-now.NEWS Deutschland","isPartOf":{"@id":"https:\/\/now-news.de\/de\/#website"},"primaryImageOfPage":{"@id":"https:\/\/now-news.de\/de\/deutschland\/frankreich-macron-will-migranten-in-entvoelkerten-laendlichen-gebieten-ansiedeln\/#primaryimage"},"image":{"@id":"https:\/\/now-news.de\/de\/deutschland\/frankreich-macron-will-migranten-in-entvoelkerten-laendlichen-gebieten-ansiedeln\/#primaryimage"},"thumbnailUrl":"https:\/\/now-news.de\/de\/wp-content\/uploads\/sites\/3\/2022\/09\/Frankreich-Macron-will-Migranten-in-entvoelkerten-laendlichen-Gebieten-ansiedeln.jpg","datePublished":"2022-09-19T08:38:29+00:00","dateModified":"2022-09-19T08:38:29+00:00","breadcrumb":{"@id":"https:\/\/now-news.de\/de\/deutschland\/frankreich-macron-will-migranten-in-entvoelkerten-laendlichen-gebieten-ansiedeln\/#breadcrumb"},"inLanguage":"de","potentialAction":[{"@type":"ReadAction","target":["https:\/\/now-news.de\/de\/deutschland\/frankreich-macron-will-migranten-in-entvoelkerten-laendlichen-gebieten-ansiedeln\/"]}]},{"@type":"ImageObject","inLanguage":"de","@id":"https:\/\/now-news.de\/de\/deutschland\/frankreich-macron-will-migranten-in-entvoelkerten-laendlichen-gebieten-ansiedeln\/#primaryimage","url":"https:\/\/now-news.de\/de\/wp-content\/uploads\/sites\/3\/2022\/09\/Frankreich-Macron-will-Migranten-in-entvoelkerten-laendlichen-Gebieten-ansiedeln.jpg","contentUrl":"https:\/\/now-news.de\/de\/wp-content\/uploads\/sites\/3\/2022\/09\/Frankreich-Macron-will-Migranten-in-entvoelkerten-laendlichen-Gebieten-ansiedeln.jpg","width":460,"height":259,"caption":"Frankreich: Macron will Migranten in entv\u00f6lkerten l\u00e4ndlichen Gebieten ansiedeln"},{"@type":"BreadcrumbList","@id":"https:\/\/now-news.de\/de\/deutschland\/frankreich-macron-will-migranten-in-entvoelkerten-laendlichen-gebieten-ansiedeln\/#breadcrumb","itemListElement":[{"@type":"ListItem","position":1,"name":"Home","item":"https:\/\/now-news.de\/de\/"},{"@type":"ListItem","position":2,"name":"Frankreich: Macron will Migranten in entv\u00f6lkerten l\u00e4ndlichen Gebieten ansiedeln"}]},{"@type":"WebSite","@id":"https:\/\/now-news.de\/de\/#website","url":"https:\/\/now-news.de\/de\/","name":"just-now.NEWS Deutschland","description":"Das Portal f\u00fcr unzensierte Nachrichten aus der Welt","publisher":{"@id":"https:\/\/now-news.de\/de\/#organization"},"potentialAction":[{"@type":"SearchAction","target":{"@type":"EntryPoint","urlTemplate":"https:\/\/now-news.de\/de\/?s={search_term_string}"},"query-input":"required name=search_term_string"}],"inLanguage":"de"},{"@type":"Organization","@id":"https:\/\/now-news.de\/de\/#organization","name":"Just Now News","url":"https:\/\/now-news.de\/de\/","logo":{"@type":"ImageObject","inLanguage":"de","@id":"https:\/\/now-news.de\/de\/#\/schema\/logo\/image\/","url":"http:\/\/just-now.news\/de\/wp-content\/uploads\/sites\/3\/2022\/04\/logo500x500.jpg","contentUrl":"http:\/\/just-now.news\/de\/wp-content\/uploads\/sites\/3\/2022\/04\/logo500x500.jpg","width":500,"height":500,"caption":"Just Now News"},"image":{"@id":"https:\/\/now-news.de\/de\/#\/schema\/logo\/image\/"},"sameAs":["https:\/\/www.facebook.com\/wirmachenauf","https:\/\/x.com\/WirMachenAuf_de"]},{"@type":"Person","@id":"https:\/\/now-news.de\/de\/#\/schema\/person\/fb534a4e865501d8b3285208df34a9b5","name":"rtnews","image":{"@type":"ImageObject","inLanguage":"de","@id":"https:\/\/now-news.de\/de\/#\/schema\/person\/image\/","url":"https:\/\/secure.gravatar.com\/avatar\/82aafea7d8127119dd649515f56e2117?s=96&d=mm&r=g","contentUrl":"https:\/\/secure.gravatar.com\/avatar\/82aafea7d8127119dd649515f56e2117?s=96&d=mm&r=g","caption":"rtnews"},"url":"https:\/\/now-news.de\/de\/author\/rnews\/"}]}},"_links":{"self":[{"href":"https:\/\/now-news.de\/de\/wp-json\/wp\/v2\/posts\/19340"}],"collection":[{"href":"https:\/\/now-news.de\/de\/wp-json\/wp\/v2\/posts"}],"about":[{"href":"https:\/\/now-news.de\/de\/wp-json\/wp\/v2\/types\/post"}],"author":[{"embeddable":true,"href":"https:\/\/now-news.de\/de\/wp-json\/wp\/v2\/users\/3"}],"replies":[{"embeddable":true,"href":"https:\/\/now-news.de\/de\/wp-json\/wp\/v2\/comments?post=19340"}],"version-history":[{"count":0,"href":"https:\/\/now-news.de\/de\/wp-json\/wp\/v2\/posts\/19340\/revisions"}],"wp:featuredmedia":[{"embeddable":true,"href":"https:\/\/now-news.de\/de\/wp-json\/wp\/v2\/media\/19341"}],"wp:attachment":[{"href":"https:\/\/now-news.de\/de\/wp-json\/wp\/v2\/media?parent=19340"}],"wp:term":[{"taxonomy":"category","embeddable":true,"href":"https:\/\/now-news.de\/de\/wp-json\/wp\/v2\/categories?post=19340"},{"taxonomy":"post_tag","embeddable":true,"href":"https:\/\/now-news.de\/de\/wp-json\/wp\/v2\/tags?post=19340"}],"curies":[{"name":"wp","href":"https:\/\/api.w.org\/{rel}","templated":true}]}}