{"id":19338,"date":"2022-09-19T09:40:15","date_gmt":"2022-09-19T07:40:15","guid":{"rendered":"http:\/\/just-now.news\/de\/deutschland\/keine-kampfbereitschaft-in-der-truppe-zahl-der-kriegsdienstverweigerer-steigt-deutlich\/"},"modified":"2022-09-19T09:40:15","modified_gmt":"2022-09-19T07:40:15","slug":"keine-kampfbereitschaft-in-der-truppe-zahl-der-kriegsdienstverweigerer-steigt-deutlich","status":"publish","type":"post","link":"https:\/\/now-news.de\/de\/deutschland\/keine-kampfbereitschaft-in-der-truppe-zahl-der-kriegsdienstverweigerer-steigt-deutlich\/","title":{"rendered":"Keine Kampfbereitschaft in der Truppe: Zahl der Kriegsdienstverweigerer steigt deutlich"},"content":{"rendered":"<p><img decoding=\"async\" src=\"http:\/\/just-now.news\/de\/wp-content\/uploads\/sites\/3\/2022\/09\/6327fa5748fbef03ab274f53.jpg\" \/><\/p>\n<div class=\"Text-root Text-type_1 \">\n                Die Zahl der Kriegsdienstverweigerer in der Bundeswehr steigt angesichts des Ukraine-Krieges weiter an. Dennoch h\u00e4lt Bundesverteidigungsministerin Christine Lambrecht eine Wiedereinf\u00fchrung der Wehrpflicht f\u00fcr wenig sinnvoll.\n            <\/div>\n<p><\/p>\n<div class=\"Text-root Text-type_5 ArticleView-text ViewText-root \">\n<p>Mit Beginn des Ukraine-Krieges am 24. Februar ist auch die Zahl der Kriegsdienstverweigerer in der Bundeswehr gestiegen. Wie das <em>Redaktionsnetzwerk Deutschland (RND)<\/em> unter Berufung auf einen Sprecher des Bundesamts f\u00fcr Familie und zivilgesellschaftliche Aufgaben berichtet, gingen im Bundesamt im laufenden Jahr bisher 657 Antr\u00e4ge auf Kriegsdienstverweigerung ein.\u00a0Im Vorjahr h\u00e4tten der Beh\u00f6rde hingegen lediglich 209 Antr\u00e4ge vorgelegen. Bis August hat sich die Zahl der Kriegsdienstverweigerer somit mehr als\u00a0verdreifacht.<\/p>\n<p>Die Verweigernden begr\u00fcndeten ihre Antr\u00e4ge den Angaben zufolge h\u00e4ufig mit dem Krieg in der Ukraine. Es herrsche Sorge vor einer\u00a0m\u00f6glichen Eskalation des Konflikts. Mit einer kriegerischen Auseinandersetzung h\u00e4tten sie demnach nicht gerechnet, schreibt das <em>RND<\/em>. Gestellt werden m\u00fcssen die Antr\u00e4ge auf Kriegsdienstverweigerung beim daf\u00fcr zust\u00e4ndigen Karrierecenter der Bundeswehr, das sie dann an das Bundesamt f\u00fcr Familie und zivilgesellschaftliche Aufgaben weiterleitet. Alle anerkannten Kriegsdienstverweigerer k\u00f6nnten sich sowohl bei einer Wiedereinf\u00fchrung der Wehrpflicht als auch im Spannungs- und Verteidigungsfall auf ihren Status als Verweigerer berufen.<\/p>\n<p>Allerdings sind Antr\u00e4ge auf Kriegsdienstverweigerung keineswegs immer erfolgreich, wie ein aktueller Fall aus Bayern zeigt. Den\u00a0Antrag einer 26-j\u00e4hrigen Bundeswehrsoldatin hatte das\u00a0Regensburger Verwaltungsgericht\u00a0im April mit der Begr\u00fcndung abgewiesen, dass die Frau\u00a0aufgrund einer Depression ohnehin seit Mitte 2020 als dienstuntauglich eingestuft sei. Ihre Diensttauglichkeit kann so sp\u00e4ter noch einmal \u00fcberpr\u00fcft und sie doch wieder eingezogen werden. Der Frau waren laut eines Berichts des <em>BR<\/em> zuvor\u00a0moralische Zweifel am System Bundeswehr aufgekommen.\u00a0<\/p>\n<p><strong>Lambrecht lehnt Wehrpflicht weiterhin ab<\/strong><\/p>\n<p>W\u00e4hrend die Zahl der Kriegsdienstverweigerer steigt, nimmt die Zahl der Bewerber f\u00fcr die Streitkr\u00e4fte dem <em>RND<\/em>-Bericht zufolge weiter ab. Die Bewerberzahlen f\u00fcr den milit\u00e4rischen Dienst in der Bundeswehr seien seit Anfang 2022 r\u00fcckl\u00e4ufig, sagte eine Sprecherin des Bundesamtes f\u00fcr das Personalmanagement der Bundeswehr in K\u00f6ln. Rund 183.000 Soldaten leisten derzeit Dienst bei der Bundeswehr. Doch auch hier macht sich der Arbeitskr\u00e4ftemangel bemerkbar.\u00a0<\/p>\n<p>Ziel des Heeres m\u00fcsse es laut Bundesverteidigungsministerin Christine Lambrecht (SPD) demnach sein, &#8220;mehr qualifiziertes&#8221; Personal zu gewinnen und auch zu halten. Zugleich m\u00fcssten die &#8220;Abbrecherquoten&#8221; weiter reduziert werden. &#8220;Ein Blick auf die Demografie zeigt, dass wir hier besser werden m\u00fcssen&#8221;, erkl\u00e4rte die SPD-Politikerin bei der j\u00fcngsten Bundeswehr-Tagung. Eine Wiedereinf\u00fchrung der Wehrpflicht lehnt Lambrecht trotz der durch den Ukraine-Krieg ver\u00e4nderten Bedrohungslage allerdings weiterhin ab. &#8220;Eine Wehrpflicht-Debatte hilft uns wenig in der aktuellen Situation&#8221;, gestand die Ministerin gegen\u00fcber den Zeitungen der <em>Funke Mediengruppe<\/em> ein. Die Ausbildung von Soldaten brauche Zeit, unter einem Jahr mache das wenig Sinn, sagte sie weiter und f\u00fcgte hinzu:<\/p>\n<blockquote>\n<p><em>&#8220;Wir haben weder gen\u00fcgend Kasernen, Ausbilder noch das Ger\u00e4t f\u00fcr Zehntausende Wehrpflichtige.&#8221;<\/em><\/p>\n<\/blockquote>\n<p>Die Wehrpflicht m\u00fcsste auch Frauen umfassen und d\u00fcrfte am Ende nicht nur jeden Vierten in einem Jahrgang betreffen. Die Wehrpflicht war in Deutschland im Jahr 2011 ausgesetzt worden.<\/p>\n<p><strong>Mehr zum Thema <\/strong>&#8211;<strong><\/strong><a rel=\"nofollow noopener\" target=\"_blank\" href=\"https:\/\/test.rtde.tech\/inland\/142367-zahl-kriegsdienstverweigerer-bei-bundeswehr-steigt\/\">Zahl der Kriegsdienstverweigerer bei der Bundeswehr steigt<\/a><\/p>\n<\/div>\n<p><br \/>\n<br \/><a href=\"https:\/\/de.rt.com\/inland\/149302-keine-kampfbereitschaft-in-truppe-zahl\/\">Source link <\/a><\/p>\n","protected":false},"excerpt":{"rendered":"<p>Die Zahl der Kriegsdienstverweigerer in der Bundeswehr steigt angesichts des Ukraine-Krieges weiter an. Dennoch h\u00e4lt Bundesverteidigungsministerin Christine Lambrecht eine Wiedereinf\u00fchrung der Wehrpflicht f\u00fcr wenig sinnvoll. Mit Beginn des Ukraine-Krieges am 24. Februar ist auch die Zahl der Kriegsdienstverweigerer in der Bundeswehr gestiegen. Wie das Redaktionsnetzwerk Deutschland (RND) unter Berufung auf einen Sprecher des Bundesamts f\u00fcr [&hellip;]<\/p>\n","protected":false},"author":3,"featured_media":19339,"comment_status":"open","ping_status":"open","sticky":false,"template":"","format":"standard","meta":{"wp_automatic_camp":["217"],"878da13b5b9a8b145aa6d9bd28fc8ff9":["Keine Kampfbereitschaft in der Truppe: Zahl der Kriegsdienstverweigerer steigt deutlich"],"original_link":["https:\/\/de.rt.com\/inland\/149302-keine-kampfbereitschaft-in-truppe-zahl\/"],"_thumbnail_id":["19339"],"_wptg_p2tg_sent2tg":["2022-09-19 09:46:25"],"jnews_social_counter_last_update":["1777262539"]},"categories":[19,23],"tags":[82,12212,33058,375,26403,13726,24838,16017],"yoast_head":"<!-- This site is optimized with the Yoast SEO Premium plugin v22.7 (Yoast SEO v22.7) - https:\/\/yoast.com\/wordpress\/plugins\/seo\/ -->\n<title>Keine Kampfbereitschaft in der Truppe: Zahl der Kriegsdienstverweigerer steigt deutlich - just-now.NEWS Deutschland<\/title>\n<meta name=\"robots\" content=\"index, follow, max-snippet:-1, max-image-preview:large, max-video-preview:-1\" \/>\n<link rel=\"canonical\" href=\"https:\/\/now-news.de\/de\/deutschland\/keine-kampfbereitschaft-in-der-truppe-zahl-der-kriegsdienstverweigerer-steigt-deutlich\/\" \/>\n<meta property=\"og:locale\" content=\"de_DE\" \/>\n<meta property=\"og:type\" content=\"article\" \/>\n<meta property=\"og:title\" content=\"Keine Kampfbereitschaft in der Truppe: Zahl der Kriegsdienstverweigerer steigt deutlich\" \/>\n<meta property=\"og:description\" content=\"Die Zahl der Kriegsdienstverweigerer in der Bundeswehr steigt angesichts des Ukraine-Krieges weiter an. Dennoch h\u00e4lt Bundesverteidigungsministerin Christine Lambrecht eine Wiedereinf\u00fchrung der Wehrpflicht f\u00fcr wenig sinnvoll. Mit Beginn des Ukraine-Krieges am 24. Februar ist auch die Zahl der Kriegsdienstverweigerer in der Bundeswehr gestiegen. Wie das Redaktionsnetzwerk Deutschland (RND) unter Berufung auf einen Sprecher des Bundesamts f\u00fcr [&hellip;]\" \/>\n<meta property=\"og:url\" content=\"https:\/\/now-news.de\/de\/deutschland\/keine-kampfbereitschaft-in-der-truppe-zahl-der-kriegsdienstverweigerer-steigt-deutlich\/\" \/>\n<meta property=\"og:site_name\" content=\"just-now.NEWS Deutschland\" \/>\n<meta property=\"article:publisher\" content=\"https:\/\/www.facebook.com\/wirmachenauf\" \/>\n<meta property=\"article:published_time\" content=\"2022-09-19T07:40:15+00:00\" \/>\n<meta property=\"og:image\" content=\"https:\/\/now-news.de\/de\/wp-content\/uploads\/sites\/3\/2022\/09\/Keine-Kampfbereitschaft-in-der-Truppe-Zahl-der-Kriegsdienstverweigerer-steigt-deutlich.jpg\" \/>\n\t<meta property=\"og:image:width\" content=\"460\" \/>\n\t<meta property=\"og:image:height\" content=\"259\" \/>\n\t<meta property=\"og:image:type\" content=\"image\/jpeg\" \/>\n<meta name=\"author\" content=\"rtnews\" \/>\n<meta name=\"twitter:card\" content=\"summary_large_image\" \/>\n<meta name=\"twitter:creator\" content=\"@WirMachenAuf_de\" \/>\n<meta name=\"twitter:site\" content=\"@WirMachenAuf_de\" \/>\n<meta name=\"twitter:label1\" content=\"Verfasst von\" \/>\n\t<meta name=\"twitter:data1\" content=\"rtnews\" \/>\n\t<meta name=\"twitter:label2\" content=\"Gesch\u00e4tzte Lesezeit\" \/>\n\t<meta name=\"twitter:data2\" content=\"3\u00a0Minuten\" \/>\n<script type=\"application\/ld+json\" class=\"yoast-schema-graph\">{\"@context\":\"https:\/\/schema.org\",\"@graph\":[{\"@type\":\"Article\",\"@id\":\"https:\/\/now-news.de\/de\/deutschland\/keine-kampfbereitschaft-in-der-truppe-zahl-der-kriegsdienstverweigerer-steigt-deutlich\/#article\",\"isPartOf\":{\"@id\":\"https:\/\/now-news.de\/de\/deutschland\/keine-kampfbereitschaft-in-der-truppe-zahl-der-kriegsdienstverweigerer-steigt-deutlich\/\"},\"author\":{\"name\":\"rtnews\",\"@id\":\"https:\/\/now-news.de\/de\/#\/schema\/person\/fb534a4e865501d8b3285208df34a9b5\"},\"headline\":\"Keine Kampfbereitschaft in der Truppe: Zahl der Kriegsdienstverweigerer steigt deutlich\",\"datePublished\":\"2022-09-19T07:40:15+00:00\",\"dateModified\":\"2022-09-19T07:40:15+00:00\",\"mainEntityOfPage\":{\"@id\":\"https:\/\/now-news.de\/de\/deutschland\/keine-kampfbereitschaft-in-der-truppe-zahl-der-kriegsdienstverweigerer-steigt-deutlich\/\"},\"wordCount\":525,\"commentCount\":0,\"publisher\":{\"@id\":\"https:\/\/now-news.de\/de\/#organization\"},\"image\":{\"@id\":\"https:\/\/now-news.de\/de\/deutschland\/keine-kampfbereitschaft-in-der-truppe-zahl-der-kriegsdienstverweigerer-steigt-deutlich\/#primaryimage\"},\"thumbnailUrl\":\"https:\/\/now-news.de\/de\/wp-content\/uploads\/sites\/3\/2022\/09\/Keine-Kampfbereitschaft-in-der-Truppe-Zahl-der-Kriegsdienstverweigerer-steigt-deutlich.jpg\",\"keywords\":[\"der\",\"deutlich\",\"Kampfbereitschaft\",\"keine\",\"Kriegsdienstverweigerer\",\"steigt\",\"Truppe\",\"Zahl\"],\"articleSection\":[\"Deutschland\",\"Russland\"],\"inLanguage\":\"de\",\"potentialAction\":[{\"@type\":\"CommentAction\",\"name\":\"Comment\",\"target\":[\"https:\/\/now-news.de\/de\/deutschland\/keine-kampfbereitschaft-in-der-truppe-zahl-der-kriegsdienstverweigerer-steigt-deutlich\/#respond\"]}]},{\"@type\":\"WebPage\",\"@id\":\"https:\/\/now-news.de\/de\/deutschland\/keine-kampfbereitschaft-in-der-truppe-zahl-der-kriegsdienstverweigerer-steigt-deutlich\/\",\"url\":\"https:\/\/now-news.de\/de\/deutschland\/keine-kampfbereitschaft-in-der-truppe-zahl-der-kriegsdienstverweigerer-steigt-deutlich\/\",\"name\":\"Keine Kampfbereitschaft in der Truppe: Zahl der Kriegsdienstverweigerer steigt deutlich - just-now.NEWS Deutschland\",\"isPartOf\":{\"@id\":\"https:\/\/now-news.de\/de\/#website\"},\"primaryImageOfPage\":{\"@id\":\"https:\/\/now-news.de\/de\/deutschland\/keine-kampfbereitschaft-in-der-truppe-zahl-der-kriegsdienstverweigerer-steigt-deutlich\/#primaryimage\"},\"image\":{\"@id\":\"https:\/\/now-news.de\/de\/deutschland\/keine-kampfbereitschaft-in-der-truppe-zahl-der-kriegsdienstverweigerer-steigt-deutlich\/#primaryimage\"},\"thumbnailUrl\":\"https:\/\/now-news.de\/de\/wp-content\/uploads\/sites\/3\/2022\/09\/Keine-Kampfbereitschaft-in-der-Truppe-Zahl-der-Kriegsdienstverweigerer-steigt-deutlich.jpg\",\"datePublished\":\"2022-09-19T07:40:15+00:00\",\"dateModified\":\"2022-09-19T07:40:15+00:00\",\"breadcrumb\":{\"@id\":\"https:\/\/now-news.de\/de\/deutschland\/keine-kampfbereitschaft-in-der-truppe-zahl-der-kriegsdienstverweigerer-steigt-deutlich\/#breadcrumb\"},\"inLanguage\":\"de\",\"potentialAction\":[{\"@type\":\"ReadAction\",\"target\":[\"https:\/\/now-news.de\/de\/deutschland\/keine-kampfbereitschaft-in-der-truppe-zahl-der-kriegsdienstverweigerer-steigt-deutlich\/\"]}]},{\"@type\":\"ImageObject\",\"inLanguage\":\"de\",\"@id\":\"https:\/\/now-news.de\/de\/deutschland\/keine-kampfbereitschaft-in-der-truppe-zahl-der-kriegsdienstverweigerer-steigt-deutlich\/#primaryimage\",\"url\":\"https:\/\/now-news.de\/de\/wp-content\/uploads\/sites\/3\/2022\/09\/Keine-Kampfbereitschaft-in-der-Truppe-Zahl-der-Kriegsdienstverweigerer-steigt-deutlich.jpg\",\"contentUrl\":\"https:\/\/now-news.de\/de\/wp-content\/uploads\/sites\/3\/2022\/09\/Keine-Kampfbereitschaft-in-der-Truppe-Zahl-der-Kriegsdienstverweigerer-steigt-deutlich.jpg\",\"width\":460,\"height\":259,\"caption\":\"Keine Kampfbereitschaft in der Truppe: Zahl der Kriegsdienstverweigerer steigt deutlich\"},{\"@type\":\"BreadcrumbList\",\"@id\":\"https:\/\/now-news.de\/de\/deutschland\/keine-kampfbereitschaft-in-der-truppe-zahl-der-kriegsdienstverweigerer-steigt-deutlich\/#breadcrumb\",\"itemListElement\":[{\"@type\":\"ListItem\",\"position\":1,\"name\":\"Home\",\"item\":\"https:\/\/now-news.de\/de\/\"},{\"@type\":\"ListItem\",\"position\":2,\"name\":\"Keine Kampfbereitschaft in der Truppe: Zahl der Kriegsdienstverweigerer steigt deutlich\"}]},{\"@type\":\"WebSite\",\"@id\":\"https:\/\/now-news.de\/de\/#website\",\"url\":\"https:\/\/now-news.de\/de\/\",\"name\":\"just-now.NEWS Deutschland\",\"description\":\"Das Portal f\u00fcr unzensierte Nachrichten aus der Welt\",\"publisher\":{\"@id\":\"https:\/\/now-news.de\/de\/#organization\"},\"potentialAction\":[{\"@type\":\"SearchAction\",\"target\":{\"@type\":\"EntryPoint\",\"urlTemplate\":\"https:\/\/now-news.de\/de\/?s={search_term_string}\"},\"query-input\":\"required name=search_term_string\"}],\"inLanguage\":\"de\"},{\"@type\":\"Organization\",\"@id\":\"https:\/\/now-news.de\/de\/#organization\",\"name\":\"Just Now News\",\"url\":\"https:\/\/now-news.de\/de\/\",\"logo\":{\"@type\":\"ImageObject\",\"inLanguage\":\"de\",\"@id\":\"https:\/\/now-news.de\/de\/#\/schema\/logo\/image\/\",\"url\":\"http:\/\/just-now.news\/de\/wp-content\/uploads\/sites\/3\/2022\/04\/logo500x500.jpg\",\"contentUrl\":\"http:\/\/just-now.news\/de\/wp-content\/uploads\/sites\/3\/2022\/04\/logo500x500.jpg\",\"width\":500,\"height\":500,\"caption\":\"Just Now News\"},\"image\":{\"@id\":\"https:\/\/now-news.de\/de\/#\/schema\/logo\/image\/\"},\"sameAs\":[\"https:\/\/www.facebook.com\/wirmachenauf\",\"https:\/\/x.com\/WirMachenAuf_de\"]},{\"@type\":\"Person\",\"@id\":\"https:\/\/now-news.de\/de\/#\/schema\/person\/fb534a4e865501d8b3285208df34a9b5\",\"name\":\"rtnews\",\"image\":{\"@type\":\"ImageObject\",\"inLanguage\":\"de\",\"@id\":\"https:\/\/now-news.de\/de\/#\/schema\/person\/image\/\",\"url\":\"https:\/\/secure.gravatar.com\/avatar\/82aafea7d8127119dd649515f56e2117?s=96&d=mm&r=g\",\"contentUrl\":\"https:\/\/secure.gravatar.com\/avatar\/82aafea7d8127119dd649515f56e2117?s=96&d=mm&r=g\",\"caption\":\"rtnews\"},\"url\":\"https:\/\/now-news.de\/de\/author\/rnews\/\"}]}<\/script>\n<!-- \/ Yoast SEO Premium plugin. -->","yoast_head_json":{"title":"Keine Kampfbereitschaft in der Truppe: Zahl der Kriegsdienstverweigerer steigt deutlich - just-now.NEWS Deutschland","robots":{"index":"index","follow":"follow","max-snippet":"max-snippet:-1","max-image-preview":"max-image-preview:large","max-video-preview":"max-video-preview:-1"},"canonical":"https:\/\/now-news.de\/de\/deutschland\/keine-kampfbereitschaft-in-der-truppe-zahl-der-kriegsdienstverweigerer-steigt-deutlich\/","og_locale":"de_DE","og_type":"article","og_title":"Keine Kampfbereitschaft in der Truppe: Zahl der Kriegsdienstverweigerer steigt deutlich","og_description":"Die Zahl der Kriegsdienstverweigerer in der Bundeswehr steigt angesichts des Ukraine-Krieges weiter an. Dennoch h\u00e4lt Bundesverteidigungsministerin Christine Lambrecht eine Wiedereinf\u00fchrung der Wehrpflicht f\u00fcr wenig sinnvoll. Mit Beginn des Ukraine-Krieges am 24. Februar ist auch die Zahl der Kriegsdienstverweigerer in der Bundeswehr gestiegen. Wie das Redaktionsnetzwerk Deutschland (RND) unter Berufung auf einen Sprecher des Bundesamts f\u00fcr [&hellip;]","og_url":"https:\/\/now-news.de\/de\/deutschland\/keine-kampfbereitschaft-in-der-truppe-zahl-der-kriegsdienstverweigerer-steigt-deutlich\/","og_site_name":"just-now.NEWS Deutschland","article_publisher":"https:\/\/www.facebook.com\/wirmachenauf","article_published_time":"2022-09-19T07:40:15+00:00","og_image":[{"width":460,"height":259,"url":"https:\/\/now-news.de\/de\/wp-content\/uploads\/sites\/3\/2022\/09\/Keine-Kampfbereitschaft-in-der-Truppe-Zahl-der-Kriegsdienstverweigerer-steigt-deutlich.jpg","type":"image\/jpeg"}],"author":"rtnews","twitter_card":"summary_large_image","twitter_creator":"@WirMachenAuf_de","twitter_site":"@WirMachenAuf_de","twitter_misc":{"Verfasst von":"rtnews","Gesch\u00e4tzte Lesezeit":"3\u00a0Minuten"},"schema":{"@context":"https:\/\/schema.org","@graph":[{"@type":"Article","@id":"https:\/\/now-news.de\/de\/deutschland\/keine-kampfbereitschaft-in-der-truppe-zahl-der-kriegsdienstverweigerer-steigt-deutlich\/#article","isPartOf":{"@id":"https:\/\/now-news.de\/de\/deutschland\/keine-kampfbereitschaft-in-der-truppe-zahl-der-kriegsdienstverweigerer-steigt-deutlich\/"},"author":{"name":"rtnews","@id":"https:\/\/now-news.de\/de\/#\/schema\/person\/fb534a4e865501d8b3285208df34a9b5"},"headline":"Keine Kampfbereitschaft in der Truppe: Zahl der Kriegsdienstverweigerer steigt deutlich","datePublished":"2022-09-19T07:40:15+00:00","dateModified":"2022-09-19T07:40:15+00:00","mainEntityOfPage":{"@id":"https:\/\/now-news.de\/de\/deutschland\/keine-kampfbereitschaft-in-der-truppe-zahl-der-kriegsdienstverweigerer-steigt-deutlich\/"},"wordCount":525,"commentCount":0,"publisher":{"@id":"https:\/\/now-news.de\/de\/#organization"},"image":{"@id":"https:\/\/now-news.de\/de\/deutschland\/keine-kampfbereitschaft-in-der-truppe-zahl-der-kriegsdienstverweigerer-steigt-deutlich\/#primaryimage"},"thumbnailUrl":"https:\/\/now-news.de\/de\/wp-content\/uploads\/sites\/3\/2022\/09\/Keine-Kampfbereitschaft-in-der-Truppe-Zahl-der-Kriegsdienstverweigerer-steigt-deutlich.jpg","keywords":["der","deutlich","Kampfbereitschaft","keine","Kriegsdienstverweigerer","steigt","Truppe","Zahl"],"articleSection":["Deutschland","Russland"],"inLanguage":"de","potentialAction":[{"@type":"CommentAction","name":"Comment","target":["https:\/\/now-news.de\/de\/deutschland\/keine-kampfbereitschaft-in-der-truppe-zahl-der-kriegsdienstverweigerer-steigt-deutlich\/#respond"]}]},{"@type":"WebPage","@id":"https:\/\/now-news.de\/de\/deutschland\/keine-kampfbereitschaft-in-der-truppe-zahl-der-kriegsdienstverweigerer-steigt-deutlich\/","url":"https:\/\/now-news.de\/de\/deutschland\/keine-kampfbereitschaft-in-der-truppe-zahl-der-kriegsdienstverweigerer-steigt-deutlich\/","name":"Keine Kampfbereitschaft in der Truppe: Zahl der Kriegsdienstverweigerer steigt deutlich - just-now.NEWS Deutschland","isPartOf":{"@id":"https:\/\/now-news.de\/de\/#website"},"primaryImageOfPage":{"@id":"https:\/\/now-news.de\/de\/deutschland\/keine-kampfbereitschaft-in-der-truppe-zahl-der-kriegsdienstverweigerer-steigt-deutlich\/#primaryimage"},"image":{"@id":"https:\/\/now-news.de\/de\/deutschland\/keine-kampfbereitschaft-in-der-truppe-zahl-der-kriegsdienstverweigerer-steigt-deutlich\/#primaryimage"},"thumbnailUrl":"https:\/\/now-news.de\/de\/wp-content\/uploads\/sites\/3\/2022\/09\/Keine-Kampfbereitschaft-in-der-Truppe-Zahl-der-Kriegsdienstverweigerer-steigt-deutlich.jpg","datePublished":"2022-09-19T07:40:15+00:00","dateModified":"2022-09-19T07:40:15+00:00","breadcrumb":{"@id":"https:\/\/now-news.de\/de\/deutschland\/keine-kampfbereitschaft-in-der-truppe-zahl-der-kriegsdienstverweigerer-steigt-deutlich\/#breadcrumb"},"inLanguage":"de","potentialAction":[{"@type":"ReadAction","target":["https:\/\/now-news.de\/de\/deutschland\/keine-kampfbereitschaft-in-der-truppe-zahl-der-kriegsdienstverweigerer-steigt-deutlich\/"]}]},{"@type":"ImageObject","inLanguage":"de","@id":"https:\/\/now-news.de\/de\/deutschland\/keine-kampfbereitschaft-in-der-truppe-zahl-der-kriegsdienstverweigerer-steigt-deutlich\/#primaryimage","url":"https:\/\/now-news.de\/de\/wp-content\/uploads\/sites\/3\/2022\/09\/Keine-Kampfbereitschaft-in-der-Truppe-Zahl-der-Kriegsdienstverweigerer-steigt-deutlich.jpg","contentUrl":"https:\/\/now-news.de\/de\/wp-content\/uploads\/sites\/3\/2022\/09\/Keine-Kampfbereitschaft-in-der-Truppe-Zahl-der-Kriegsdienstverweigerer-steigt-deutlich.jpg","width":460,"height":259,"caption":"Keine Kampfbereitschaft in der Truppe: Zahl der Kriegsdienstverweigerer steigt deutlich"},{"@type":"BreadcrumbList","@id":"https:\/\/now-news.de\/de\/deutschland\/keine-kampfbereitschaft-in-der-truppe-zahl-der-kriegsdienstverweigerer-steigt-deutlich\/#breadcrumb","itemListElement":[{"@type":"ListItem","position":1,"name":"Home","item":"https:\/\/now-news.de\/de\/"},{"@type":"ListItem","position":2,"name":"Keine Kampfbereitschaft in der Truppe: Zahl der Kriegsdienstverweigerer steigt deutlich"}]},{"@type":"WebSite","@id":"https:\/\/now-news.de\/de\/#website","url":"https:\/\/now-news.de\/de\/","name":"just-now.NEWS Deutschland","description":"Das Portal f\u00fcr unzensierte Nachrichten aus der Welt","publisher":{"@id":"https:\/\/now-news.de\/de\/#organization"},"potentialAction":[{"@type":"SearchAction","target":{"@type":"EntryPoint","urlTemplate":"https:\/\/now-news.de\/de\/?s={search_term_string}"},"query-input":"required name=search_term_string"}],"inLanguage":"de"},{"@type":"Organization","@id":"https:\/\/now-news.de\/de\/#organization","name":"Just Now News","url":"https:\/\/now-news.de\/de\/","logo":{"@type":"ImageObject","inLanguage":"de","@id":"https:\/\/now-news.de\/de\/#\/schema\/logo\/image\/","url":"http:\/\/just-now.news\/de\/wp-content\/uploads\/sites\/3\/2022\/04\/logo500x500.jpg","contentUrl":"http:\/\/just-now.news\/de\/wp-content\/uploads\/sites\/3\/2022\/04\/logo500x500.jpg","width":500,"height":500,"caption":"Just Now News"},"image":{"@id":"https:\/\/now-news.de\/de\/#\/schema\/logo\/image\/"},"sameAs":["https:\/\/www.facebook.com\/wirmachenauf","https:\/\/x.com\/WirMachenAuf_de"]},{"@type":"Person","@id":"https:\/\/now-news.de\/de\/#\/schema\/person\/fb534a4e865501d8b3285208df34a9b5","name":"rtnews","image":{"@type":"ImageObject","inLanguage":"de","@id":"https:\/\/now-news.de\/de\/#\/schema\/person\/image\/","url":"https:\/\/secure.gravatar.com\/avatar\/82aafea7d8127119dd649515f56e2117?s=96&d=mm&r=g","contentUrl":"https:\/\/secure.gravatar.com\/avatar\/82aafea7d8127119dd649515f56e2117?s=96&d=mm&r=g","caption":"rtnews"},"url":"https:\/\/now-news.de\/de\/author\/rnews\/"}]}},"_links":{"self":[{"href":"https:\/\/now-news.de\/de\/wp-json\/wp\/v2\/posts\/19338"}],"collection":[{"href":"https:\/\/now-news.de\/de\/wp-json\/wp\/v2\/posts"}],"about":[{"href":"https:\/\/now-news.de\/de\/wp-json\/wp\/v2\/types\/post"}],"author":[{"embeddable":true,"href":"https:\/\/now-news.de\/de\/wp-json\/wp\/v2\/users\/3"}],"replies":[{"embeddable":true,"href":"https:\/\/now-news.de\/de\/wp-json\/wp\/v2\/comments?post=19338"}],"version-history":[{"count":0,"href":"https:\/\/now-news.de\/de\/wp-json\/wp\/v2\/posts\/19338\/revisions"}],"wp:featuredmedia":[{"embeddable":true,"href":"https:\/\/now-news.de\/de\/wp-json\/wp\/v2\/media\/19339"}],"wp:attachment":[{"href":"https:\/\/now-news.de\/de\/wp-json\/wp\/v2\/media?parent=19338"}],"wp:term":[{"taxonomy":"category","embeddable":true,"href":"https:\/\/now-news.de\/de\/wp-json\/wp\/v2\/categories?post=19338"},{"taxonomy":"post_tag","embeddable":true,"href":"https:\/\/now-news.de\/de\/wp-json\/wp\/v2\/tags?post=19338"}],"curies":[{"name":"wp","href":"https:\/\/api.w.org\/{rel}","templated":true}]}}