{"id":19322,"date":"2022-09-18T20:05:00","date_gmt":"2022-09-18T18:05:00","guid":{"rendered":"http:\/\/just-now.news\/de\/deutschland\/fuer-die-tagesschau-bedeutungslos-der-gipfel-der-shanghaier-organisation-fuer-zusammenarbeit\/"},"modified":"2022-09-18T20:05:00","modified_gmt":"2022-09-18T18:05:00","slug":"fuer-die-tagesschau-bedeutungslos-der-gipfel-der-shanghaier-organisation-fuer-zusammenarbeit","status":"publish","type":"post","link":"https:\/\/now-news.de\/de\/deutschland\/fuer-die-tagesschau-bedeutungslos-der-gipfel-der-shanghaier-organisation-fuer-zusammenarbeit\/","title":{"rendered":"F\u00fcr die &quot;Tagesschau&quot; bedeutungslos: Der Gipfel der Shanghaier Organisation f\u00fcr Zusammenarbeit"},"content":{"rendered":"<p><img decoding=\"async\" src=\"http:\/\/just-now.news\/de\/wp-content\/uploads\/sites\/3\/2022\/09\/632310d0b480cc7f24612c4c.jpg\" \/><\/p>\n<p><em>Von Gert Ewen Unga<\/em>r<\/p>\n<p>In dieser Woche kamen die Staatschefs der Mitgliedstaaten der Shanghaier\u00a0Organisation f\u00fcr Zusammenarbeit (SOZ) in Usbekistan zusammen.<\/p>\n<p>Die teilnehmenden L\u00e4nder planten, ihre Zusammenarbeit zu intensivieren und den Kreis der Mitgliedsstaaten auszuweiten. Damit wird die Organisation zu einem immer bedeutenderen Akteur auf dem eurasischen Kontinent mit hoher wirtschafts- und sicherheitspolitischer Potenz. An dem Treffen nahmen auch der russische Pr\u00e4sident Wladimir Putin und sein chinesischer Amtskollege Xi Jinping teil. Am Rande des Gipfels tauschten sie sich pers\u00f6nlich aus. In einer Rede forderte Xi, den Prozess der Integration weiter zu verfolgen. F\u00fcr politische Beobachter war das\u00a0ein spannendes Ereignis, auf dem weitreichende Verabredungen getroffen wurden. Der Westen ist im Decline, der Osten steigt auf, war die zentrale Botschaft, die von diesem Gipfeltreffen ausging.\u00a0<\/p>\n<p>Nicht so f\u00fcr die deutschen Medien. Dort wird das hochrangige Treffen in seiner Bedeutung relativiert. Exemplarisch tut dies beispielsweise die\u00a0<em>Tagesschau.<\/em> Die <em>Tagesschau,<\/em> das selbsternannte Flaggschiff unter den deutschen Nachrichtenformaten, versichert den Deutschen, dass es mit diesem Treffen \u00fcberhaupt nichts auf sich habe. &#8220;Gehen Sie weiter, es gibt nichts zu sehen&#8221;, k\u00f6nnte der <a rel=\"nofollow noopener\" target=\"_blank\" href=\"https:\/\/www.tagesschau.de\/ausland\/asien\/xi-putin-ubekistan-101.html\">Beitrag<\/a> \u00fcberschrieben sein, in dem der Autor Benjamin Eyssel versucht, die Veranstaltung in die Bedeutungslosigkeit hinabzudeuten.\u00a0<\/p>\n<p>Chinas Staatschef Xi habe auf dem Treffen n\u00e4mlich keine Kritik zu erwarten, moniert der Verfasser. Und bedeutend sind internationale Treffen immer nur dann, wenn die Menschenrechtslage in China und Russland in mahnenden Worten angesprochen werden \u2013 also eigentlich nur dann, wenn die Bundesau\u00dfenministerin irgendwo aufl\u00e4uft.\u00a0<\/p>\n<p>Das Problem ist nur, dass eigentlich niemand au\u00dferhalb Deutschlands und au\u00dferhalb der <em>Tagesschau<\/em>\u00a0die deutsche Au\u00dfenpolitik ernst nimmt. Denn sie hat sich mit ihrer Doppelmoral und ihrer Unf\u00e4higkeit zur Diplomatie selbst ins Abseits man\u00f6vriert.<\/p>\n<p>Auf dem Gipfel in Usbekistan ging es nach Aussagen des usbekischen Pr\u00e4sidenten Schawkat Mirsijojew um nicht weniger als die Abl\u00f6sung der Vormachtstellung des Westens und die \u00dcberleitung zu einer multipolaren Weltordnung, unter Vermeidung einer neuen Blockbildung. Ein seri\u00f6ses Nachrichtenmagazin w\u00fcrde diesen Vorg\u00e4ngen h\u00f6chste Aufmerksamkeit widmen. Die <em>Tagesschau<\/em> hingegen l\u00e4sst sich vom Leiter des Asia Centers im thail\u00e4ndischen Bangkok versichern:\u00a0&#8220;Das Ganze hat vor allem Symbolcharakter.&#8221;\u00a0Na dann ist ja alles gut!<\/p>\n<p>Das Asia Center wird \u00fcbrigens unter anderem von der Heinrich-B\u00f6ll-Stiftung gef\u00f6rdert. Was f\u00fcr eine \u00dcberraschung! Aber nat\u00fcrlich ist die Kritik, deutsche Medien\u00a0\u2013 allen voran die \u00f6ffentlich-rechtlichen\u00a0\u2013 seien nur noch die verl\u00e4ngerte PR-Abteilung der Bundesregierung, v\u00f6llig an den Haaren herbeigezogen. Das behaupten zumindest die \u00f6ffentlich-rechtlichen Medien und beweisen mit Beitr\u00e4gen wie diesem das Gegenteil. Die Befragung eines thail\u00e4ndischen Experten zu China ist im Grunde genauso seri\u00f6s, als w\u00fcrde man einen Professor f\u00fcr German Studies im US-Bundesstaat Wisconsin zur Vereinskultur in Bayern befragen.\u00a0<\/p>\n<p>Die <em>Tagesschau<\/em> hat sich einfach den zur deutschen Au\u00dfenpolitik passenden Originalton geholt. Das deutsche Au\u00dfenministerium erarbeitet gerade eine China-Strategie, die Chinas Einfluss begrenzen soll. Also ordnet die <em>Tagesschau<\/em>, dass Gipfeltreffen, auf dem weitreichende Weichenstellungen f\u00fcr die weitere politische und wirtschaftliche Entwicklung auf dem eurasischen Kontinent getroffen werden, f\u00fcr den deutschen Zuschauer als eigentlich v\u00f6llig bedeutungslos ein.<\/p>\n<p>Gehen Sie weiter, es gibt nichts zu sehen.\u00a0<\/p>\n<p><strong>Mehr zum Thema <\/strong>&#8211;<strong>\u00a0<\/strong><a rel=\"nofollow noopener\" target=\"_blank\" href=\"https:\/\/test.rtde.me\/meinung\/148790-russland-sanktionen-habeck-taeuscht-oeffentlichkeit\/\">Russland-Sanktionen: Habeck t\u00e4uscht die \u00d6ffentlichkeit<\/a><\/p>\n<p><br \/>\n<br \/><a href=\"https:\/\/de.rt.com\/meinung\/149005-gipfel-shanghai-cooperation-organisation\/\">Source link <\/a><\/p>\n","protected":false},"excerpt":{"rendered":"<p>Von Gert Ewen Ungar In dieser Woche kamen die Staatschefs der Mitgliedstaaten der Shanghaier\u00a0Organisation f\u00fcr Zusammenarbeit (SOZ) in Usbekistan zusammen. Die teilnehmenden L\u00e4nder planten, ihre Zusammenarbeit zu intensivieren und den Kreis der Mitgliedsstaaten auszuweiten. Damit wird die Organisation zu einem immer bedeutenderen Akteur auf dem eurasischen Kontinent mit hoher wirtschafts- und sicherheitspolitischer Potenz. An dem [&hellip;]<\/p>\n","protected":false},"author":3,"featured_media":19323,"comment_status":"open","ping_status":"open","sticky":false,"template":"","format":"standard","meta":{"wp_automatic_camp":["217"],"0b9ace1b26bd326bc71e02bc7705987c":["F\u00fcr die &quot;Tagesschau&quot; bedeutungslos: Der Gipfel der Shanghaier Organisation f\u00fcr Zusammenarbeit"],"original_link":["https:\/\/de.rt.com\/meinung\/149005-gipfel-shanghai-cooperation-organisation\/"],"_thumbnail_id":["19323"],"_wptg_p2tg_sent2tg":["2022-09-18 20:20:38"],"jnews_social_counter_last_update":["1776655835"]},"categories":[19,23],"tags":[33042,82,45,221,23970,14864,33041,22998,5645],"yoast_head":"<!-- This site is optimized with the Yoast SEO Premium plugin v22.7 (Yoast SEO v22.7) - https:\/\/yoast.com\/wordpress\/plugins\/seo\/ -->\n<title>F\u00fcr die &quot;Tagesschau&quot; bedeutungslos: Der Gipfel der Shanghaier Organisation f\u00fcr Zusammenarbeit - just-now.NEWS Deutschland<\/title>\n<meta name=\"robots\" content=\"index, follow, max-snippet:-1, max-image-preview:large, max-video-preview:-1\" \/>\n<link rel=\"canonical\" href=\"https:\/\/now-news.de\/de\/deutschland\/fuer-die-tagesschau-bedeutungslos-der-gipfel-der-shanghaier-organisation-fuer-zusammenarbeit\/\" \/>\n<meta property=\"og:locale\" content=\"de_DE\" \/>\n<meta property=\"og:type\" content=\"article\" \/>\n<meta property=\"og:title\" content=\"F\u00fcr die &quot;Tagesschau&quot; bedeutungslos: Der Gipfel der Shanghaier Organisation f\u00fcr Zusammenarbeit\" \/>\n<meta property=\"og:description\" content=\"Von Gert Ewen Ungar In dieser Woche kamen die Staatschefs der Mitgliedstaaten der Shanghaier\u00a0Organisation f\u00fcr Zusammenarbeit (SOZ) in Usbekistan zusammen. Die teilnehmenden L\u00e4nder planten, ihre Zusammenarbeit zu intensivieren und den Kreis der Mitgliedsstaaten auszuweiten. Damit wird die Organisation zu einem immer bedeutenderen Akteur auf dem eurasischen Kontinent mit hoher wirtschafts- und sicherheitspolitischer Potenz. An dem [&hellip;]\" \/>\n<meta property=\"og:url\" content=\"https:\/\/now-news.de\/de\/deutschland\/fuer-die-tagesschau-bedeutungslos-der-gipfel-der-shanghaier-organisation-fuer-zusammenarbeit\/\" \/>\n<meta property=\"og:site_name\" content=\"just-now.NEWS Deutschland\" \/>\n<meta property=\"article:publisher\" content=\"https:\/\/www.facebook.com\/wirmachenauf\" \/>\n<meta property=\"article:published_time\" content=\"2022-09-18T18:05:00+00:00\" \/>\n<meta property=\"og:image\" content=\"https:\/\/now-news.de\/de\/wp-content\/uploads\/sites\/3\/2022\/09\/Fuer-die-quotTagesschauquot-bedeutungslos-Der-Gipfel-der-Shanghaier-Organisation-fuer.jpg\" \/>\n\t<meta property=\"og:image:width\" content=\"460\" \/>\n\t<meta property=\"og:image:height\" content=\"259\" \/>\n\t<meta property=\"og:image:type\" content=\"image\/jpeg\" \/>\n<meta name=\"author\" content=\"rtnews\" \/>\n<meta name=\"twitter:card\" content=\"summary_large_image\" \/>\n<meta name=\"twitter:creator\" content=\"@WirMachenAuf_de\" \/>\n<meta name=\"twitter:site\" content=\"@WirMachenAuf_de\" \/>\n<meta name=\"twitter:label1\" content=\"Verfasst von\" \/>\n\t<meta name=\"twitter:data1\" content=\"rtnews\" \/>\n\t<meta name=\"twitter:label2\" content=\"Gesch\u00e4tzte Lesezeit\" \/>\n\t<meta name=\"twitter:data2\" content=\"3\u00a0Minuten\" \/>\n<script type=\"application\/ld+json\" class=\"yoast-schema-graph\">{\"@context\":\"https:\/\/schema.org\",\"@graph\":[{\"@type\":\"Article\",\"@id\":\"https:\/\/now-news.de\/de\/deutschland\/fuer-die-tagesschau-bedeutungslos-der-gipfel-der-shanghaier-organisation-fuer-zusammenarbeit\/#article\",\"isPartOf\":{\"@id\":\"https:\/\/now-news.de\/de\/deutschland\/fuer-die-tagesschau-bedeutungslos-der-gipfel-der-shanghaier-organisation-fuer-zusammenarbeit\/\"},\"author\":{\"name\":\"rtnews\",\"@id\":\"https:\/\/now-news.de\/de\/#\/schema\/person\/fb534a4e865501d8b3285208df34a9b5\"},\"headline\":\"F\u00fcr die &quot;Tagesschau&quot; bedeutungslos: Der Gipfel der Shanghaier Organisation f\u00fcr Zusammenarbeit\",\"datePublished\":\"2022-09-18T18:05:00+00:00\",\"dateModified\":\"2022-09-18T18:05:00+00:00\",\"mainEntityOfPage\":{\"@id\":\"https:\/\/now-news.de\/de\/deutschland\/fuer-die-tagesschau-bedeutungslos-der-gipfel-der-shanghaier-organisation-fuer-zusammenarbeit\/\"},\"wordCount\":554,\"commentCount\":0,\"publisher\":{\"@id\":\"https:\/\/now-news.de\/de\/#organization\"},\"image\":{\"@id\":\"https:\/\/now-news.de\/de\/deutschland\/fuer-die-tagesschau-bedeutungslos-der-gipfel-der-shanghaier-organisation-fuer-zusammenarbeit\/#primaryimage\"},\"thumbnailUrl\":\"https:\/\/now-news.de\/de\/wp-content\/uploads\/sites\/3\/2022\/09\/Fuer-die-quotTagesschauquot-bedeutungslos-Der-Gipfel-der-Shanghaier-Organisation-fuer.jpg\",\"keywords\":[\"bedeutungslos\",\"der\",\"die\",\"f\u00fcr\",\"Gipfel\",\"Organisation\",\"quotTagesschauquot\",\"Shanghaier\",\"Zusammenarbeit\"],\"articleSection\":[\"Deutschland\",\"Russland\"],\"inLanguage\":\"de\",\"potentialAction\":[{\"@type\":\"CommentAction\",\"name\":\"Comment\",\"target\":[\"https:\/\/now-news.de\/de\/deutschland\/fuer-die-tagesschau-bedeutungslos-der-gipfel-der-shanghaier-organisation-fuer-zusammenarbeit\/#respond\"]}]},{\"@type\":\"WebPage\",\"@id\":\"https:\/\/now-news.de\/de\/deutschland\/fuer-die-tagesschau-bedeutungslos-der-gipfel-der-shanghaier-organisation-fuer-zusammenarbeit\/\",\"url\":\"https:\/\/now-news.de\/de\/deutschland\/fuer-die-tagesschau-bedeutungslos-der-gipfel-der-shanghaier-organisation-fuer-zusammenarbeit\/\",\"name\":\"F\u00fcr die &quot;Tagesschau&quot; bedeutungslos: Der Gipfel der Shanghaier Organisation f\u00fcr Zusammenarbeit - just-now.NEWS Deutschland\",\"isPartOf\":{\"@id\":\"https:\/\/now-news.de\/de\/#website\"},\"primaryImageOfPage\":{\"@id\":\"https:\/\/now-news.de\/de\/deutschland\/fuer-die-tagesschau-bedeutungslos-der-gipfel-der-shanghaier-organisation-fuer-zusammenarbeit\/#primaryimage\"},\"image\":{\"@id\":\"https:\/\/now-news.de\/de\/deutschland\/fuer-die-tagesschau-bedeutungslos-der-gipfel-der-shanghaier-organisation-fuer-zusammenarbeit\/#primaryimage\"},\"thumbnailUrl\":\"https:\/\/now-news.de\/de\/wp-content\/uploads\/sites\/3\/2022\/09\/Fuer-die-quotTagesschauquot-bedeutungslos-Der-Gipfel-der-Shanghaier-Organisation-fuer.jpg\",\"datePublished\":\"2022-09-18T18:05:00+00:00\",\"dateModified\":\"2022-09-18T18:05:00+00:00\",\"breadcrumb\":{\"@id\":\"https:\/\/now-news.de\/de\/deutschland\/fuer-die-tagesschau-bedeutungslos-der-gipfel-der-shanghaier-organisation-fuer-zusammenarbeit\/#breadcrumb\"},\"inLanguage\":\"de\",\"potentialAction\":[{\"@type\":\"ReadAction\",\"target\":[\"https:\/\/now-news.de\/de\/deutschland\/fuer-die-tagesschau-bedeutungslos-der-gipfel-der-shanghaier-organisation-fuer-zusammenarbeit\/\"]}]},{\"@type\":\"ImageObject\",\"inLanguage\":\"de\",\"@id\":\"https:\/\/now-news.de\/de\/deutschland\/fuer-die-tagesschau-bedeutungslos-der-gipfel-der-shanghaier-organisation-fuer-zusammenarbeit\/#primaryimage\",\"url\":\"https:\/\/now-news.de\/de\/wp-content\/uploads\/sites\/3\/2022\/09\/Fuer-die-quotTagesschauquot-bedeutungslos-Der-Gipfel-der-Shanghaier-Organisation-fuer.jpg\",\"contentUrl\":\"https:\/\/now-news.de\/de\/wp-content\/uploads\/sites\/3\/2022\/09\/Fuer-die-quotTagesschauquot-bedeutungslos-Der-Gipfel-der-Shanghaier-Organisation-fuer.jpg\",\"width\":460,\"height\":259,\"caption\":\"F\u00fcr die &quot;Tagesschau&quot; bedeutungslos: Der Gipfel der Shanghaier Organisation f\u00fcr Zusammenarbeit\"},{\"@type\":\"BreadcrumbList\",\"@id\":\"https:\/\/now-news.de\/de\/deutschland\/fuer-die-tagesschau-bedeutungslos-der-gipfel-der-shanghaier-organisation-fuer-zusammenarbeit\/#breadcrumb\",\"itemListElement\":[{\"@type\":\"ListItem\",\"position\":1,\"name\":\"Home\",\"item\":\"https:\/\/now-news.de\/de\/\"},{\"@type\":\"ListItem\",\"position\":2,\"name\":\"F\u00fcr die &quot;Tagesschau&quot; bedeutungslos: Der Gipfel der Shanghaier Organisation f\u00fcr Zusammenarbeit\"}]},{\"@type\":\"WebSite\",\"@id\":\"https:\/\/now-news.de\/de\/#website\",\"url\":\"https:\/\/now-news.de\/de\/\",\"name\":\"just-now.NEWS Deutschland\",\"description\":\"Das Portal f\u00fcr unzensierte Nachrichten aus der Welt\",\"publisher\":{\"@id\":\"https:\/\/now-news.de\/de\/#organization\"},\"potentialAction\":[{\"@type\":\"SearchAction\",\"target\":{\"@type\":\"EntryPoint\",\"urlTemplate\":\"https:\/\/now-news.de\/de\/?s={search_term_string}\"},\"query-input\":\"required name=search_term_string\"}],\"inLanguage\":\"de\"},{\"@type\":\"Organization\",\"@id\":\"https:\/\/now-news.de\/de\/#organization\",\"name\":\"Just Now News\",\"url\":\"https:\/\/now-news.de\/de\/\",\"logo\":{\"@type\":\"ImageObject\",\"inLanguage\":\"de\",\"@id\":\"https:\/\/now-news.de\/de\/#\/schema\/logo\/image\/\",\"url\":\"http:\/\/just-now.news\/de\/wp-content\/uploads\/sites\/3\/2022\/04\/logo500x500.jpg\",\"contentUrl\":\"http:\/\/just-now.news\/de\/wp-content\/uploads\/sites\/3\/2022\/04\/logo500x500.jpg\",\"width\":500,\"height\":500,\"caption\":\"Just Now News\"},\"image\":{\"@id\":\"https:\/\/now-news.de\/de\/#\/schema\/logo\/image\/\"},\"sameAs\":[\"https:\/\/www.facebook.com\/wirmachenauf\",\"https:\/\/x.com\/WirMachenAuf_de\"]},{\"@type\":\"Person\",\"@id\":\"https:\/\/now-news.de\/de\/#\/schema\/person\/fb534a4e865501d8b3285208df34a9b5\",\"name\":\"rtnews\",\"image\":{\"@type\":\"ImageObject\",\"inLanguage\":\"de\",\"@id\":\"https:\/\/now-news.de\/de\/#\/schema\/person\/image\/\",\"url\":\"https:\/\/secure.gravatar.com\/avatar\/82aafea7d8127119dd649515f56e2117?s=96&d=mm&r=g\",\"contentUrl\":\"https:\/\/secure.gravatar.com\/avatar\/82aafea7d8127119dd649515f56e2117?s=96&d=mm&r=g\",\"caption\":\"rtnews\"},\"url\":\"https:\/\/now-news.de\/de\/author\/rnews\/\"}]}<\/script>\n<!-- \/ Yoast SEO Premium plugin. -->","yoast_head_json":{"title":"F\u00fcr die &quot;Tagesschau&quot; bedeutungslos: Der Gipfel der Shanghaier Organisation f\u00fcr Zusammenarbeit - just-now.NEWS Deutschland","robots":{"index":"index","follow":"follow","max-snippet":"max-snippet:-1","max-image-preview":"max-image-preview:large","max-video-preview":"max-video-preview:-1"},"canonical":"https:\/\/now-news.de\/de\/deutschland\/fuer-die-tagesschau-bedeutungslos-der-gipfel-der-shanghaier-organisation-fuer-zusammenarbeit\/","og_locale":"de_DE","og_type":"article","og_title":"F\u00fcr die &quot;Tagesschau&quot; bedeutungslos: Der Gipfel der Shanghaier Organisation f\u00fcr Zusammenarbeit","og_description":"Von Gert Ewen Ungar In dieser Woche kamen die Staatschefs der Mitgliedstaaten der Shanghaier\u00a0Organisation f\u00fcr Zusammenarbeit (SOZ) in Usbekistan zusammen. Die teilnehmenden L\u00e4nder planten, ihre Zusammenarbeit zu intensivieren und den Kreis der Mitgliedsstaaten auszuweiten. Damit wird die Organisation zu einem immer bedeutenderen Akteur auf dem eurasischen Kontinent mit hoher wirtschafts- und sicherheitspolitischer Potenz. An dem [&hellip;]","og_url":"https:\/\/now-news.de\/de\/deutschland\/fuer-die-tagesschau-bedeutungslos-der-gipfel-der-shanghaier-organisation-fuer-zusammenarbeit\/","og_site_name":"just-now.NEWS Deutschland","article_publisher":"https:\/\/www.facebook.com\/wirmachenauf","article_published_time":"2022-09-18T18:05:00+00:00","og_image":[{"width":460,"height":259,"url":"https:\/\/now-news.de\/de\/wp-content\/uploads\/sites\/3\/2022\/09\/Fuer-die-quotTagesschauquot-bedeutungslos-Der-Gipfel-der-Shanghaier-Organisation-fuer.jpg","type":"image\/jpeg"}],"author":"rtnews","twitter_card":"summary_large_image","twitter_creator":"@WirMachenAuf_de","twitter_site":"@WirMachenAuf_de","twitter_misc":{"Verfasst von":"rtnews","Gesch\u00e4tzte Lesezeit":"3\u00a0Minuten"},"schema":{"@context":"https:\/\/schema.org","@graph":[{"@type":"Article","@id":"https:\/\/now-news.de\/de\/deutschland\/fuer-die-tagesschau-bedeutungslos-der-gipfel-der-shanghaier-organisation-fuer-zusammenarbeit\/#article","isPartOf":{"@id":"https:\/\/now-news.de\/de\/deutschland\/fuer-die-tagesschau-bedeutungslos-der-gipfel-der-shanghaier-organisation-fuer-zusammenarbeit\/"},"author":{"name":"rtnews","@id":"https:\/\/now-news.de\/de\/#\/schema\/person\/fb534a4e865501d8b3285208df34a9b5"},"headline":"F\u00fcr die &quot;Tagesschau&quot; bedeutungslos: Der Gipfel der Shanghaier Organisation f\u00fcr Zusammenarbeit","datePublished":"2022-09-18T18:05:00+00:00","dateModified":"2022-09-18T18:05:00+00:00","mainEntityOfPage":{"@id":"https:\/\/now-news.de\/de\/deutschland\/fuer-die-tagesschau-bedeutungslos-der-gipfel-der-shanghaier-organisation-fuer-zusammenarbeit\/"},"wordCount":554,"commentCount":0,"publisher":{"@id":"https:\/\/now-news.de\/de\/#organization"},"image":{"@id":"https:\/\/now-news.de\/de\/deutschland\/fuer-die-tagesschau-bedeutungslos-der-gipfel-der-shanghaier-organisation-fuer-zusammenarbeit\/#primaryimage"},"thumbnailUrl":"https:\/\/now-news.de\/de\/wp-content\/uploads\/sites\/3\/2022\/09\/Fuer-die-quotTagesschauquot-bedeutungslos-Der-Gipfel-der-Shanghaier-Organisation-fuer.jpg","keywords":["bedeutungslos","der","die","f\u00fcr","Gipfel","Organisation","quotTagesschauquot","Shanghaier","Zusammenarbeit"],"articleSection":["Deutschland","Russland"],"inLanguage":"de","potentialAction":[{"@type":"CommentAction","name":"Comment","target":["https:\/\/now-news.de\/de\/deutschland\/fuer-die-tagesschau-bedeutungslos-der-gipfel-der-shanghaier-organisation-fuer-zusammenarbeit\/#respond"]}]},{"@type":"WebPage","@id":"https:\/\/now-news.de\/de\/deutschland\/fuer-die-tagesschau-bedeutungslos-der-gipfel-der-shanghaier-organisation-fuer-zusammenarbeit\/","url":"https:\/\/now-news.de\/de\/deutschland\/fuer-die-tagesschau-bedeutungslos-der-gipfel-der-shanghaier-organisation-fuer-zusammenarbeit\/","name":"F\u00fcr die &quot;Tagesschau&quot; bedeutungslos: Der Gipfel der Shanghaier Organisation f\u00fcr Zusammenarbeit - just-now.NEWS Deutschland","isPartOf":{"@id":"https:\/\/now-news.de\/de\/#website"},"primaryImageOfPage":{"@id":"https:\/\/now-news.de\/de\/deutschland\/fuer-die-tagesschau-bedeutungslos-der-gipfel-der-shanghaier-organisation-fuer-zusammenarbeit\/#primaryimage"},"image":{"@id":"https:\/\/now-news.de\/de\/deutschland\/fuer-die-tagesschau-bedeutungslos-der-gipfel-der-shanghaier-organisation-fuer-zusammenarbeit\/#primaryimage"},"thumbnailUrl":"https:\/\/now-news.de\/de\/wp-content\/uploads\/sites\/3\/2022\/09\/Fuer-die-quotTagesschauquot-bedeutungslos-Der-Gipfel-der-Shanghaier-Organisation-fuer.jpg","datePublished":"2022-09-18T18:05:00+00:00","dateModified":"2022-09-18T18:05:00+00:00","breadcrumb":{"@id":"https:\/\/now-news.de\/de\/deutschland\/fuer-die-tagesschau-bedeutungslos-der-gipfel-der-shanghaier-organisation-fuer-zusammenarbeit\/#breadcrumb"},"inLanguage":"de","potentialAction":[{"@type":"ReadAction","target":["https:\/\/now-news.de\/de\/deutschland\/fuer-die-tagesschau-bedeutungslos-der-gipfel-der-shanghaier-organisation-fuer-zusammenarbeit\/"]}]},{"@type":"ImageObject","inLanguage":"de","@id":"https:\/\/now-news.de\/de\/deutschland\/fuer-die-tagesschau-bedeutungslos-der-gipfel-der-shanghaier-organisation-fuer-zusammenarbeit\/#primaryimage","url":"https:\/\/now-news.de\/de\/wp-content\/uploads\/sites\/3\/2022\/09\/Fuer-die-quotTagesschauquot-bedeutungslos-Der-Gipfel-der-Shanghaier-Organisation-fuer.jpg","contentUrl":"https:\/\/now-news.de\/de\/wp-content\/uploads\/sites\/3\/2022\/09\/Fuer-die-quotTagesschauquot-bedeutungslos-Der-Gipfel-der-Shanghaier-Organisation-fuer.jpg","width":460,"height":259,"caption":"F\u00fcr die &quot;Tagesschau&quot; bedeutungslos: Der Gipfel der Shanghaier Organisation f\u00fcr Zusammenarbeit"},{"@type":"BreadcrumbList","@id":"https:\/\/now-news.de\/de\/deutschland\/fuer-die-tagesschau-bedeutungslos-der-gipfel-der-shanghaier-organisation-fuer-zusammenarbeit\/#breadcrumb","itemListElement":[{"@type":"ListItem","position":1,"name":"Home","item":"https:\/\/now-news.de\/de\/"},{"@type":"ListItem","position":2,"name":"F\u00fcr die &quot;Tagesschau&quot; bedeutungslos: Der Gipfel der Shanghaier Organisation f\u00fcr Zusammenarbeit"}]},{"@type":"WebSite","@id":"https:\/\/now-news.de\/de\/#website","url":"https:\/\/now-news.de\/de\/","name":"just-now.NEWS Deutschland","description":"Das Portal f\u00fcr unzensierte Nachrichten aus der Welt","publisher":{"@id":"https:\/\/now-news.de\/de\/#organization"},"potentialAction":[{"@type":"SearchAction","target":{"@type":"EntryPoint","urlTemplate":"https:\/\/now-news.de\/de\/?s={search_term_string}"},"query-input":"required name=search_term_string"}],"inLanguage":"de"},{"@type":"Organization","@id":"https:\/\/now-news.de\/de\/#organization","name":"Just Now News","url":"https:\/\/now-news.de\/de\/","logo":{"@type":"ImageObject","inLanguage":"de","@id":"https:\/\/now-news.de\/de\/#\/schema\/logo\/image\/","url":"http:\/\/just-now.news\/de\/wp-content\/uploads\/sites\/3\/2022\/04\/logo500x500.jpg","contentUrl":"http:\/\/just-now.news\/de\/wp-content\/uploads\/sites\/3\/2022\/04\/logo500x500.jpg","width":500,"height":500,"caption":"Just Now News"},"image":{"@id":"https:\/\/now-news.de\/de\/#\/schema\/logo\/image\/"},"sameAs":["https:\/\/www.facebook.com\/wirmachenauf","https:\/\/x.com\/WirMachenAuf_de"]},{"@type":"Person","@id":"https:\/\/now-news.de\/de\/#\/schema\/person\/fb534a4e865501d8b3285208df34a9b5","name":"rtnews","image":{"@type":"ImageObject","inLanguage":"de","@id":"https:\/\/now-news.de\/de\/#\/schema\/person\/image\/","url":"https:\/\/secure.gravatar.com\/avatar\/82aafea7d8127119dd649515f56e2117?s=96&d=mm&r=g","contentUrl":"https:\/\/secure.gravatar.com\/avatar\/82aafea7d8127119dd649515f56e2117?s=96&d=mm&r=g","caption":"rtnews"},"url":"https:\/\/now-news.de\/de\/author\/rnews\/"}]}},"_links":{"self":[{"href":"https:\/\/now-news.de\/de\/wp-json\/wp\/v2\/posts\/19322"}],"collection":[{"href":"https:\/\/now-news.de\/de\/wp-json\/wp\/v2\/posts"}],"about":[{"href":"https:\/\/now-news.de\/de\/wp-json\/wp\/v2\/types\/post"}],"author":[{"embeddable":true,"href":"https:\/\/now-news.de\/de\/wp-json\/wp\/v2\/users\/3"}],"replies":[{"embeddable":true,"href":"https:\/\/now-news.de\/de\/wp-json\/wp\/v2\/comments?post=19322"}],"version-history":[{"count":0,"href":"https:\/\/now-news.de\/de\/wp-json\/wp\/v2\/posts\/19322\/revisions"}],"wp:featuredmedia":[{"embeddable":true,"href":"https:\/\/now-news.de\/de\/wp-json\/wp\/v2\/media\/19323"}],"wp:attachment":[{"href":"https:\/\/now-news.de\/de\/wp-json\/wp\/v2\/media?parent=19322"}],"wp:term":[{"taxonomy":"category","embeddable":true,"href":"https:\/\/now-news.de\/de\/wp-json\/wp\/v2\/categories?post=19322"},{"taxonomy":"post_tag","embeddable":true,"href":"https:\/\/now-news.de\/de\/wp-json\/wp\/v2\/tags?post=19322"}],"curies":[{"name":"wp","href":"https:\/\/api.w.org\/{rel}","templated":true}]}}