{"id":19270,"date":"2022-09-17T13:35:18","date_gmt":"2022-09-17T11:35:18","guid":{"rendered":"http:\/\/just-now.news\/de\/deutschland\/energiekosten-ueber-80-prozent-der-deutschen-blicken-mit-sorgen-in-die-zukunft\/"},"modified":"2022-09-17T13:35:18","modified_gmt":"2022-09-17T11:35:18","slug":"energiekosten-ueber-80-prozent-der-deutschen-blicken-mit-sorgen-in-die-zukunft","status":"publish","type":"post","link":"https:\/\/now-news.de\/de\/deutschland\/energiekosten-ueber-80-prozent-der-deutschen-blicken-mit-sorgen-in-die-zukunft\/","title":{"rendered":"Energiekosten: \u00dcber 80 Prozent der Deutschen blicken mit Sorgen in die Zukunft"},"content":{"rendered":"<p><img decoding=\"async\" src=\"http:\/\/just-now.news\/de\/wp-content\/uploads\/sites\/3\/2022\/09\/63246520b480cc1db4588985.jpg\" \/><\/p>\n<p>Mehr als jeder dritte Erwachsene in Deutschland (39 Prozent) rechnet einer Umfrage zufolge damit, im n\u00e4chsten Winter Energierechnungen nicht oder nur mit erheblichen Schwierigkeiten bezahlen zu k\u00f6nnen. Vor allem Menschen mit geringerem Einkommen und J\u00fcngere sorgten sich wegen ihrer Energierechnungen, wie der aktuelle Deutschlandtrend f\u00fcr das <em>ARD-Morgenmagazin<\/em> ergab.<\/p>\n<p>58 Prozent derjenigen, die \u00fcber ein geringes monatliches Haushaltsnettoeinkommen (unter 1.500 Euro) verf\u00fcgen, rechnen demnach mit Zahlungsschwierigkeiten. Bei Haushalten mit monatlichem Netto-Einkommen zwischen 1.500 und 3.500 Euro ist es laut Umfrage fast die H\u00e4lfte (47 Prozent). Jeder zweite Befragte unter 35 Jahren glaubt, dass die Energiekosten im Winter gro\u00dfe Probleme bereiteten.<\/p>\n<p>Zudem blicken die meisten Bundesb\u00fcrger angesichts der immens gestiegenen Gas- und Stromkosten mit negativen wirtschaftlichen Erwartungen in die Zukunft, so die Erhebung. Mehr als acht von zehn Befragten (83 Prozent) rechnen damit, dass Arbeitspl\u00e4tze verloren gehen. Lediglich 13 Prozent erwarten dies nicht. Die Sorge vor einem Wegfall von Arbeitspl\u00e4tzen sei bei Anh\u00e4ngern aller Parteien und in allen Altersgruppen verbreitet.<\/p>\n<p>Beinahe 60 Prozent der Menschen in Deutschland gehen davon aus, dass es in den Wintermonaten zu keinen Ausf\u00e4llen in der Strom- und Gasversorgung kommt. Doch immerhin 36 Prozent bef\u00fcrchten ein solches Szenario. Mit Ausnahme der AfD-Anh\u00e4nger rechnet die Mehrheit der W\u00e4hler anderer Parteien nicht damit, dass Versorgungsausf\u00e4lle in Deutschland bevorstehen.<\/p>\n<p>F\u00fcr die Umfrage hat Infratest dimap im Auftrag des <em>ARD<\/em>&#8211;<em>Morgenmagazins<\/em> im September insgesamt 1.224 Wahlberechtigte in Deutschland befragt.<\/p>\n<p>J\u00fcngst hatten auch kommunale Energieversorger gewarnt, dass wegen der hohen Preise f\u00fcr Gas und Strom wom\u00f6glich zahlreiche Kunden ihre Rechnungen nicht mehr zahlen k\u00f6nnten. Das sei dann auch ein Risiko f\u00fcr die Energieversorger, mahnte unter anderem der Chef des Bayerischen Energie- und Wasserverbands.<\/p>\n<p><strong>Mehr zum Thema <\/strong> \u2013 &#8220;<a rel=\"nofollow noopener\" target=\"_blank\" href=\"https:\/\/test.rtde.tech\/wirtschaft\/148608-rezession-ist-unvermeidlich-deutsche-bank\/\">Rezession ist unvermeidlich&#8221; \u2013 Deutsche Bank \u00fcber steigende Energiekosten und Inflation<\/a><\/p>\n<p><br \/>\n<br \/><a href=\"https:\/\/de.rt.com\/inland\/149121-energiekosten-uber-80-prozent-deutschen\/\">Source link <\/a><\/p>\n","protected":false},"excerpt":{"rendered":"<p>Mehr als jeder dritte Erwachsene in Deutschland (39 Prozent) rechnet einer Umfrage zufolge damit, im n\u00e4chsten Winter Energierechnungen nicht oder nur mit erheblichen Schwierigkeiten bezahlen zu k\u00f6nnen. Vor allem Menschen mit geringerem Einkommen und J\u00fcngere sorgten sich wegen ihrer Energierechnungen, wie der aktuelle Deutschlandtrend f\u00fcr das ARD-Morgenmagazin ergab. 58 Prozent derjenigen, die \u00fcber ein geringes [&hellip;]<\/p>\n","protected":false},"author":3,"featured_media":19271,"comment_status":"open","ping_status":"open","sticky":false,"template":"","format":"standard","meta":{"wp_automatic_camp":["217"],"e327c875c91a6207019d3e4f3bee406b":["Energiekosten: \u00dcber 80 Prozent der Deutschen blicken mit Sorgen in die Zukunft"],"original_link":["https:\/\/de.rt.com\/inland\/149121-energiekosten-uber-80-prozent-deutschen\/"],"_thumbnail_id":["19271"],"_wptg_p2tg_sent2tg":["2022-09-17 13:49:33"],"jnews_social_counter_last_update":["1777602353"]},"categories":[19,23],"tags":[32995,82,577,45,23401,419,1429,23659,139,3250],"yoast_head":"<!-- This site is optimized with the Yoast SEO Premium plugin v22.7 (Yoast SEO v22.7) - https:\/\/yoast.com\/wordpress\/plugins\/seo\/ -->\n<title>Energiekosten: \u00dcber 80 Prozent der Deutschen blicken mit Sorgen in die Zukunft - just-now.NEWS Deutschland<\/title>\n<meta name=\"robots\" content=\"index, follow, max-snippet:-1, max-image-preview:large, max-video-preview:-1\" \/>\n<link rel=\"canonical\" href=\"https:\/\/now-news.de\/de\/deutschland\/energiekosten-ueber-80-prozent-der-deutschen-blicken-mit-sorgen-in-die-zukunft\/\" \/>\n<meta property=\"og:locale\" content=\"de_DE\" \/>\n<meta property=\"og:type\" content=\"article\" \/>\n<meta property=\"og:title\" content=\"Energiekosten: \u00dcber 80 Prozent der Deutschen blicken mit Sorgen in die Zukunft\" \/>\n<meta property=\"og:description\" content=\"Mehr als jeder dritte Erwachsene in Deutschland (39 Prozent) rechnet einer Umfrage zufolge damit, im n\u00e4chsten Winter Energierechnungen nicht oder nur mit erheblichen Schwierigkeiten bezahlen zu k\u00f6nnen. Vor allem Menschen mit geringerem Einkommen und J\u00fcngere sorgten sich wegen ihrer Energierechnungen, wie der aktuelle Deutschlandtrend f\u00fcr das ARD-Morgenmagazin ergab. 58 Prozent derjenigen, die \u00fcber ein geringes [&hellip;]\" \/>\n<meta property=\"og:url\" content=\"https:\/\/now-news.de\/de\/deutschland\/energiekosten-ueber-80-prozent-der-deutschen-blicken-mit-sorgen-in-die-zukunft\/\" \/>\n<meta property=\"og:site_name\" content=\"just-now.NEWS Deutschland\" \/>\n<meta property=\"article:publisher\" content=\"https:\/\/www.facebook.com\/wirmachenauf\" \/>\n<meta property=\"article:published_time\" content=\"2022-09-17T11:35:18+00:00\" \/>\n<meta property=\"og:image\" content=\"https:\/\/now-news.de\/de\/wp-content\/uploads\/sites\/3\/2022\/09\/Energiekosten-Ueber-80-Prozent-der-Deutschen-blicken-mit-Sorgen-in.jpg\" \/>\n\t<meta property=\"og:image:width\" content=\"460\" \/>\n\t<meta property=\"og:image:height\" content=\"259\" \/>\n\t<meta property=\"og:image:type\" content=\"image\/jpeg\" \/>\n<meta name=\"author\" content=\"rtnews\" \/>\n<meta name=\"twitter:card\" content=\"summary_large_image\" \/>\n<meta name=\"twitter:creator\" content=\"@WirMachenAuf_de\" \/>\n<meta name=\"twitter:site\" content=\"@WirMachenAuf_de\" \/>\n<meta name=\"twitter:label1\" content=\"Verfasst von\" \/>\n\t<meta name=\"twitter:data1\" content=\"rtnews\" \/>\n\t<meta name=\"twitter:label2\" content=\"Gesch\u00e4tzte Lesezeit\" \/>\n\t<meta name=\"twitter:data2\" content=\"1\u00a0Minute\" \/>\n<script type=\"application\/ld+json\" class=\"yoast-schema-graph\">{\"@context\":\"https:\/\/schema.org\",\"@graph\":[{\"@type\":\"Article\",\"@id\":\"https:\/\/now-news.de\/de\/deutschland\/energiekosten-ueber-80-prozent-der-deutschen-blicken-mit-sorgen-in-die-zukunft\/#article\",\"isPartOf\":{\"@id\":\"https:\/\/now-news.de\/de\/deutschland\/energiekosten-ueber-80-prozent-der-deutschen-blicken-mit-sorgen-in-die-zukunft\/\"},\"author\":{\"name\":\"rtnews\",\"@id\":\"https:\/\/now-news.de\/de\/#\/schema\/person\/fb534a4e865501d8b3285208df34a9b5\"},\"headline\":\"Energiekosten: \u00dcber 80 Prozent der Deutschen blicken mit Sorgen in die Zukunft\",\"datePublished\":\"2022-09-17T11:35:18+00:00\",\"dateModified\":\"2022-09-17T11:35:18+00:00\",\"mainEntityOfPage\":{\"@id\":\"https:\/\/now-news.de\/de\/deutschland\/energiekosten-ueber-80-prozent-der-deutschen-blicken-mit-sorgen-in-die-zukunft\/\"},\"wordCount\":306,\"commentCount\":0,\"publisher\":{\"@id\":\"https:\/\/now-news.de\/de\/#organization\"},\"image\":{\"@id\":\"https:\/\/now-news.de\/de\/deutschland\/energiekosten-ueber-80-prozent-der-deutschen-blicken-mit-sorgen-in-die-zukunft\/#primaryimage\"},\"thumbnailUrl\":\"https:\/\/now-news.de\/de\/wp-content\/uploads\/sites\/3\/2022\/09\/Energiekosten-Ueber-80-Prozent-der-Deutschen-blicken-mit-Sorgen-in.jpg\",\"keywords\":[\"blicken\",\"der\",\"Deutschen\",\"die\",\"Energiekosten\",\"mit\",\"Prozent\",\"sorgen\",\"\u00fcber\",\"Zukunft\"],\"articleSection\":[\"Deutschland\",\"Russland\"],\"inLanguage\":\"de\",\"potentialAction\":[{\"@type\":\"CommentAction\",\"name\":\"Comment\",\"target\":[\"https:\/\/now-news.de\/de\/deutschland\/energiekosten-ueber-80-prozent-der-deutschen-blicken-mit-sorgen-in-die-zukunft\/#respond\"]}]},{\"@type\":\"WebPage\",\"@id\":\"https:\/\/now-news.de\/de\/deutschland\/energiekosten-ueber-80-prozent-der-deutschen-blicken-mit-sorgen-in-die-zukunft\/\",\"url\":\"https:\/\/now-news.de\/de\/deutschland\/energiekosten-ueber-80-prozent-der-deutschen-blicken-mit-sorgen-in-die-zukunft\/\",\"name\":\"Energiekosten: \u00dcber 80 Prozent der Deutschen blicken mit Sorgen in die Zukunft - just-now.NEWS Deutschland\",\"isPartOf\":{\"@id\":\"https:\/\/now-news.de\/de\/#website\"},\"primaryImageOfPage\":{\"@id\":\"https:\/\/now-news.de\/de\/deutschland\/energiekosten-ueber-80-prozent-der-deutschen-blicken-mit-sorgen-in-die-zukunft\/#primaryimage\"},\"image\":{\"@id\":\"https:\/\/now-news.de\/de\/deutschland\/energiekosten-ueber-80-prozent-der-deutschen-blicken-mit-sorgen-in-die-zukunft\/#primaryimage\"},\"thumbnailUrl\":\"https:\/\/now-news.de\/de\/wp-content\/uploads\/sites\/3\/2022\/09\/Energiekosten-Ueber-80-Prozent-der-Deutschen-blicken-mit-Sorgen-in.jpg\",\"datePublished\":\"2022-09-17T11:35:18+00:00\",\"dateModified\":\"2022-09-17T11:35:18+00:00\",\"breadcrumb\":{\"@id\":\"https:\/\/now-news.de\/de\/deutschland\/energiekosten-ueber-80-prozent-der-deutschen-blicken-mit-sorgen-in-die-zukunft\/#breadcrumb\"},\"inLanguage\":\"de\",\"potentialAction\":[{\"@type\":\"ReadAction\",\"target\":[\"https:\/\/now-news.de\/de\/deutschland\/energiekosten-ueber-80-prozent-der-deutschen-blicken-mit-sorgen-in-die-zukunft\/\"]}]},{\"@type\":\"ImageObject\",\"inLanguage\":\"de\",\"@id\":\"https:\/\/now-news.de\/de\/deutschland\/energiekosten-ueber-80-prozent-der-deutschen-blicken-mit-sorgen-in-die-zukunft\/#primaryimage\",\"url\":\"https:\/\/now-news.de\/de\/wp-content\/uploads\/sites\/3\/2022\/09\/Energiekosten-Ueber-80-Prozent-der-Deutschen-blicken-mit-Sorgen-in.jpg\",\"contentUrl\":\"https:\/\/now-news.de\/de\/wp-content\/uploads\/sites\/3\/2022\/09\/Energiekosten-Ueber-80-Prozent-der-Deutschen-blicken-mit-Sorgen-in.jpg\",\"width\":460,\"height\":259,\"caption\":\"Energiekosten: \u00dcber 80 Prozent der Deutschen blicken mit Sorgen in die Zukunft\"},{\"@type\":\"BreadcrumbList\",\"@id\":\"https:\/\/now-news.de\/de\/deutschland\/energiekosten-ueber-80-prozent-der-deutschen-blicken-mit-sorgen-in-die-zukunft\/#breadcrumb\",\"itemListElement\":[{\"@type\":\"ListItem\",\"position\":1,\"name\":\"Home\",\"item\":\"https:\/\/now-news.de\/de\/\"},{\"@type\":\"ListItem\",\"position\":2,\"name\":\"Energiekosten: \u00dcber 80 Prozent der Deutschen blicken mit Sorgen in die Zukunft\"}]},{\"@type\":\"WebSite\",\"@id\":\"https:\/\/now-news.de\/de\/#website\",\"url\":\"https:\/\/now-news.de\/de\/\",\"name\":\"just-now.NEWS Deutschland\",\"description\":\"Das Portal f\u00fcr unzensierte Nachrichten aus der Welt\",\"publisher\":{\"@id\":\"https:\/\/now-news.de\/de\/#organization\"},\"potentialAction\":[{\"@type\":\"SearchAction\",\"target\":{\"@type\":\"EntryPoint\",\"urlTemplate\":\"https:\/\/now-news.de\/de\/?s={search_term_string}\"},\"query-input\":\"required name=search_term_string\"}],\"inLanguage\":\"de\"},{\"@type\":\"Organization\",\"@id\":\"https:\/\/now-news.de\/de\/#organization\",\"name\":\"Just Now News\",\"url\":\"https:\/\/now-news.de\/de\/\",\"logo\":{\"@type\":\"ImageObject\",\"inLanguage\":\"de\",\"@id\":\"https:\/\/now-news.de\/de\/#\/schema\/logo\/image\/\",\"url\":\"http:\/\/just-now.news\/de\/wp-content\/uploads\/sites\/3\/2022\/04\/logo500x500.jpg\",\"contentUrl\":\"http:\/\/just-now.news\/de\/wp-content\/uploads\/sites\/3\/2022\/04\/logo500x500.jpg\",\"width\":500,\"height\":500,\"caption\":\"Just Now News\"},\"image\":{\"@id\":\"https:\/\/now-news.de\/de\/#\/schema\/logo\/image\/\"},\"sameAs\":[\"https:\/\/www.facebook.com\/wirmachenauf\",\"https:\/\/x.com\/WirMachenAuf_de\"]},{\"@type\":\"Person\",\"@id\":\"https:\/\/now-news.de\/de\/#\/schema\/person\/fb534a4e865501d8b3285208df34a9b5\",\"name\":\"rtnews\",\"image\":{\"@type\":\"ImageObject\",\"inLanguage\":\"de\",\"@id\":\"https:\/\/now-news.de\/de\/#\/schema\/person\/image\/\",\"url\":\"https:\/\/secure.gravatar.com\/avatar\/82aafea7d8127119dd649515f56e2117?s=96&d=mm&r=g\",\"contentUrl\":\"https:\/\/secure.gravatar.com\/avatar\/82aafea7d8127119dd649515f56e2117?s=96&d=mm&r=g\",\"caption\":\"rtnews\"},\"url\":\"https:\/\/now-news.de\/de\/author\/rnews\/\"}]}<\/script>\n<!-- \/ Yoast SEO Premium plugin. -->","yoast_head_json":{"title":"Energiekosten: \u00dcber 80 Prozent der Deutschen blicken mit Sorgen in die Zukunft - just-now.NEWS Deutschland","robots":{"index":"index","follow":"follow","max-snippet":"max-snippet:-1","max-image-preview":"max-image-preview:large","max-video-preview":"max-video-preview:-1"},"canonical":"https:\/\/now-news.de\/de\/deutschland\/energiekosten-ueber-80-prozent-der-deutschen-blicken-mit-sorgen-in-die-zukunft\/","og_locale":"de_DE","og_type":"article","og_title":"Energiekosten: \u00dcber 80 Prozent der Deutschen blicken mit Sorgen in die Zukunft","og_description":"Mehr als jeder dritte Erwachsene in Deutschland (39 Prozent) rechnet einer Umfrage zufolge damit, im n\u00e4chsten Winter Energierechnungen nicht oder nur mit erheblichen Schwierigkeiten bezahlen zu k\u00f6nnen. Vor allem Menschen mit geringerem Einkommen und J\u00fcngere sorgten sich wegen ihrer Energierechnungen, wie der aktuelle Deutschlandtrend f\u00fcr das ARD-Morgenmagazin ergab. 58 Prozent derjenigen, die \u00fcber ein geringes [&hellip;]","og_url":"https:\/\/now-news.de\/de\/deutschland\/energiekosten-ueber-80-prozent-der-deutschen-blicken-mit-sorgen-in-die-zukunft\/","og_site_name":"just-now.NEWS Deutschland","article_publisher":"https:\/\/www.facebook.com\/wirmachenauf","article_published_time":"2022-09-17T11:35:18+00:00","og_image":[{"width":460,"height":259,"url":"https:\/\/now-news.de\/de\/wp-content\/uploads\/sites\/3\/2022\/09\/Energiekosten-Ueber-80-Prozent-der-Deutschen-blicken-mit-Sorgen-in.jpg","type":"image\/jpeg"}],"author":"rtnews","twitter_card":"summary_large_image","twitter_creator":"@WirMachenAuf_de","twitter_site":"@WirMachenAuf_de","twitter_misc":{"Verfasst von":"rtnews","Gesch\u00e4tzte Lesezeit":"1\u00a0Minute"},"schema":{"@context":"https:\/\/schema.org","@graph":[{"@type":"Article","@id":"https:\/\/now-news.de\/de\/deutschland\/energiekosten-ueber-80-prozent-der-deutschen-blicken-mit-sorgen-in-die-zukunft\/#article","isPartOf":{"@id":"https:\/\/now-news.de\/de\/deutschland\/energiekosten-ueber-80-prozent-der-deutschen-blicken-mit-sorgen-in-die-zukunft\/"},"author":{"name":"rtnews","@id":"https:\/\/now-news.de\/de\/#\/schema\/person\/fb534a4e865501d8b3285208df34a9b5"},"headline":"Energiekosten: \u00dcber 80 Prozent der Deutschen blicken mit Sorgen in die Zukunft","datePublished":"2022-09-17T11:35:18+00:00","dateModified":"2022-09-17T11:35:18+00:00","mainEntityOfPage":{"@id":"https:\/\/now-news.de\/de\/deutschland\/energiekosten-ueber-80-prozent-der-deutschen-blicken-mit-sorgen-in-die-zukunft\/"},"wordCount":306,"commentCount":0,"publisher":{"@id":"https:\/\/now-news.de\/de\/#organization"},"image":{"@id":"https:\/\/now-news.de\/de\/deutschland\/energiekosten-ueber-80-prozent-der-deutschen-blicken-mit-sorgen-in-die-zukunft\/#primaryimage"},"thumbnailUrl":"https:\/\/now-news.de\/de\/wp-content\/uploads\/sites\/3\/2022\/09\/Energiekosten-Ueber-80-Prozent-der-Deutschen-blicken-mit-Sorgen-in.jpg","keywords":["blicken","der","Deutschen","die","Energiekosten","mit","Prozent","sorgen","\u00fcber","Zukunft"],"articleSection":["Deutschland","Russland"],"inLanguage":"de","potentialAction":[{"@type":"CommentAction","name":"Comment","target":["https:\/\/now-news.de\/de\/deutschland\/energiekosten-ueber-80-prozent-der-deutschen-blicken-mit-sorgen-in-die-zukunft\/#respond"]}]},{"@type":"WebPage","@id":"https:\/\/now-news.de\/de\/deutschland\/energiekosten-ueber-80-prozent-der-deutschen-blicken-mit-sorgen-in-die-zukunft\/","url":"https:\/\/now-news.de\/de\/deutschland\/energiekosten-ueber-80-prozent-der-deutschen-blicken-mit-sorgen-in-die-zukunft\/","name":"Energiekosten: \u00dcber 80 Prozent der Deutschen blicken mit Sorgen in die Zukunft - just-now.NEWS Deutschland","isPartOf":{"@id":"https:\/\/now-news.de\/de\/#website"},"primaryImageOfPage":{"@id":"https:\/\/now-news.de\/de\/deutschland\/energiekosten-ueber-80-prozent-der-deutschen-blicken-mit-sorgen-in-die-zukunft\/#primaryimage"},"image":{"@id":"https:\/\/now-news.de\/de\/deutschland\/energiekosten-ueber-80-prozent-der-deutschen-blicken-mit-sorgen-in-die-zukunft\/#primaryimage"},"thumbnailUrl":"https:\/\/now-news.de\/de\/wp-content\/uploads\/sites\/3\/2022\/09\/Energiekosten-Ueber-80-Prozent-der-Deutschen-blicken-mit-Sorgen-in.jpg","datePublished":"2022-09-17T11:35:18+00:00","dateModified":"2022-09-17T11:35:18+00:00","breadcrumb":{"@id":"https:\/\/now-news.de\/de\/deutschland\/energiekosten-ueber-80-prozent-der-deutschen-blicken-mit-sorgen-in-die-zukunft\/#breadcrumb"},"inLanguage":"de","potentialAction":[{"@type":"ReadAction","target":["https:\/\/now-news.de\/de\/deutschland\/energiekosten-ueber-80-prozent-der-deutschen-blicken-mit-sorgen-in-die-zukunft\/"]}]},{"@type":"ImageObject","inLanguage":"de","@id":"https:\/\/now-news.de\/de\/deutschland\/energiekosten-ueber-80-prozent-der-deutschen-blicken-mit-sorgen-in-die-zukunft\/#primaryimage","url":"https:\/\/now-news.de\/de\/wp-content\/uploads\/sites\/3\/2022\/09\/Energiekosten-Ueber-80-Prozent-der-Deutschen-blicken-mit-Sorgen-in.jpg","contentUrl":"https:\/\/now-news.de\/de\/wp-content\/uploads\/sites\/3\/2022\/09\/Energiekosten-Ueber-80-Prozent-der-Deutschen-blicken-mit-Sorgen-in.jpg","width":460,"height":259,"caption":"Energiekosten: \u00dcber 80 Prozent der Deutschen blicken mit Sorgen in die Zukunft"},{"@type":"BreadcrumbList","@id":"https:\/\/now-news.de\/de\/deutschland\/energiekosten-ueber-80-prozent-der-deutschen-blicken-mit-sorgen-in-die-zukunft\/#breadcrumb","itemListElement":[{"@type":"ListItem","position":1,"name":"Home","item":"https:\/\/now-news.de\/de\/"},{"@type":"ListItem","position":2,"name":"Energiekosten: \u00dcber 80 Prozent der Deutschen blicken mit Sorgen in die Zukunft"}]},{"@type":"WebSite","@id":"https:\/\/now-news.de\/de\/#website","url":"https:\/\/now-news.de\/de\/","name":"just-now.NEWS Deutschland","description":"Das Portal f\u00fcr unzensierte Nachrichten aus der Welt","publisher":{"@id":"https:\/\/now-news.de\/de\/#organization"},"potentialAction":[{"@type":"SearchAction","target":{"@type":"EntryPoint","urlTemplate":"https:\/\/now-news.de\/de\/?s={search_term_string}"},"query-input":"required name=search_term_string"}],"inLanguage":"de"},{"@type":"Organization","@id":"https:\/\/now-news.de\/de\/#organization","name":"Just Now News","url":"https:\/\/now-news.de\/de\/","logo":{"@type":"ImageObject","inLanguage":"de","@id":"https:\/\/now-news.de\/de\/#\/schema\/logo\/image\/","url":"http:\/\/just-now.news\/de\/wp-content\/uploads\/sites\/3\/2022\/04\/logo500x500.jpg","contentUrl":"http:\/\/just-now.news\/de\/wp-content\/uploads\/sites\/3\/2022\/04\/logo500x500.jpg","width":500,"height":500,"caption":"Just Now News"},"image":{"@id":"https:\/\/now-news.de\/de\/#\/schema\/logo\/image\/"},"sameAs":["https:\/\/www.facebook.com\/wirmachenauf","https:\/\/x.com\/WirMachenAuf_de"]},{"@type":"Person","@id":"https:\/\/now-news.de\/de\/#\/schema\/person\/fb534a4e865501d8b3285208df34a9b5","name":"rtnews","image":{"@type":"ImageObject","inLanguage":"de","@id":"https:\/\/now-news.de\/de\/#\/schema\/person\/image\/","url":"https:\/\/secure.gravatar.com\/avatar\/82aafea7d8127119dd649515f56e2117?s=96&d=mm&r=g","contentUrl":"https:\/\/secure.gravatar.com\/avatar\/82aafea7d8127119dd649515f56e2117?s=96&d=mm&r=g","caption":"rtnews"},"url":"https:\/\/now-news.de\/de\/author\/rnews\/"}]}},"_links":{"self":[{"href":"https:\/\/now-news.de\/de\/wp-json\/wp\/v2\/posts\/19270"}],"collection":[{"href":"https:\/\/now-news.de\/de\/wp-json\/wp\/v2\/posts"}],"about":[{"href":"https:\/\/now-news.de\/de\/wp-json\/wp\/v2\/types\/post"}],"author":[{"embeddable":true,"href":"https:\/\/now-news.de\/de\/wp-json\/wp\/v2\/users\/3"}],"replies":[{"embeddable":true,"href":"https:\/\/now-news.de\/de\/wp-json\/wp\/v2\/comments?post=19270"}],"version-history":[{"count":0,"href":"https:\/\/now-news.de\/de\/wp-json\/wp\/v2\/posts\/19270\/revisions"}],"wp:featuredmedia":[{"embeddable":true,"href":"https:\/\/now-news.de\/de\/wp-json\/wp\/v2\/media\/19271"}],"wp:attachment":[{"href":"https:\/\/now-news.de\/de\/wp-json\/wp\/v2\/media?parent=19270"}],"wp:term":[{"taxonomy":"category","embeddable":true,"href":"https:\/\/now-news.de\/de\/wp-json\/wp\/v2\/categories?post=19270"},{"taxonomy":"post_tag","embeddable":true,"href":"https:\/\/now-news.de\/de\/wp-json\/wp\/v2\/tags?post=19270"}],"curies":[{"name":"wp","href":"https:\/\/api.w.org\/{rel}","templated":true}]}}