{"id":19214,"date":"2022-09-16T17:01:25","date_gmt":"2022-09-16T15:01:25","guid":{"rendered":"http:\/\/just-now.news\/de\/deutschland\/mit-masken-in-den-herbst-bundesrat-billigt-corona-regeln-der-regierung\/"},"modified":"2022-09-16T17:01:25","modified_gmt":"2022-09-16T15:01:25","slug":"mit-masken-in-den-herbst-bundesrat-billigt-corona-regeln-der-regierung","status":"publish","type":"post","link":"https:\/\/now-news.de\/de\/deutschland\/mit-masken-in-den-herbst-bundesrat-billigt-corona-regeln-der-regierung\/","title":{"rendered":"Mit Masken in den Herbst \u2013 Bundesrat billigt Corona-Regeln der Regierung"},"content":{"rendered":"<p><img decoding=\"async\" src=\"http:\/\/just-now.news\/de\/wp-content\/uploads\/sites\/3\/2022\/09\/6324727cb480cc1e350820b6.jpg\" \/><\/p>\n<div class=\"Text-root Text-type_1 \">\n                Die COVID-19-Pandemie ist noch nicht vorbei. Zahlreiche Ma\u00dfnahmen der Regierung zur Eind\u00e4mmung des Coronavirus werden die Menschen in Deutschland auch in diesem Herbst begleiten. Eine davon ist die Maskenpflicht in mehreren Bereichen des \u00f6ffentlichen Lebens.\n            <\/div>\n<p><\/p>\n<div class=\"Text-root Text-type_5 ArticleView-text ViewText-root \">\n<p>Ab dem 1. Oktober gelten neue Masken- und Testpflichten in Deutschland. Der Bundesrat lie\u00df die neuen Regeln f\u00fcr den Herbst und Winter am Freitag in Berlin mehrheitlich passieren. Bundesgesundheitsminister Karl\u00a0Lauterbach verteidigte die Vorgaben nochmals gegen teils heftige Kritik. Mit dem Gesetz erhalten die L\u00e4nder die Befugnis, jeweils selbst \u00fcber einen Gro\u00dfteil der Auflagen zu entscheiden.<\/p>\n<p>Das Gesetz geht auf einen Vorschlag von SPD-Politiker Lauterbach und Justizminister Marco Buschmann (FDP) zur\u00fcck und war vergangene Woche bereits im Bundestag beschlossen worden. Nun sei das Land &#8220;gut vorbereitet&#8221;, so Lauterbach.<\/p>\n<p>Was hei\u00dft das nun konkret f\u00fcr die kommenden Monate? F\u00fcr den Zutritt zu Kliniken und Pflegeheimen m\u00fcssen die Besucher eine FFP2-Maske tragen sowie\u00a0einen aktuellen negativen Corona-Test vorlegen. Die Vorgabe gilt ohne Ausnahmen bundesweit. Auch beim Besuch in der Arztpraxis muss eine FFP2-Maske getragen werden. In Fernz\u00fcgen gilt auch weiter eine Maskenpflicht, wobei f\u00fcr Kinder zwischen 6 und 13 Jahren ein einfacher OP-Nasen-Mund-Schutz ausreicht. In\u00a0Flugzeugen wiederum ist die Maske nicht mehr verpflichtend.<\/p>\n<p>Ob im Nahverkehr, Restaurants und Gesch\u00e4ften die Menschen einen Mund-Nasen-Schutz tragen m\u00fcssen, kann ab 1. Oktober jedes Bundesland selbst entscheiden.\u00a0Wer einen aktuellen negativen Test vorzeigt, ist in der Gastronomie und bei Veranstaltungen zwingend von einer solchen Pflicht auszunehmen.<\/p>\n<p>An Schulen und Kitas sollen Corona-Tests laut Gesetz vorgeschrieben werden k\u00f6nnen. Ab Klasse f\u00fcnf ist eine Maskenpflicht m\u00f6glich. Bei Corona-Verdacht reicht ein negativer Selbsttest, um\u00a0zur Schule gehen zu d\u00fcrfen. Zun\u00e4chst\u00a0sah das Gesetz ein Arzt-Attest vor, doch dies wurde auf Druck mehrerer Bundesl\u00e4nder als Vorgabe gestrichen.<\/p>\n<p>Die Ma\u00dfnahmen k\u00f6nnten jedoch noch versch\u00e4rft werden. Denn das Gesetz sieht vor, dass im Falle einer Verschlechterung der &#8220;Infektionslage&#8221; und ansteigender Fallzahlen\u00a0die L\u00e4nder mit einem Landtagsbeschluss weitere Vorgaben machen k\u00f6nnen. So k\u00f6nnte dann eine Maskenpflicht auch bei Veranstaltungen im Freien verh\u00e4ngt werden, wenn Abst\u00e4nde von 1,50 Meter nicht m\u00f6glich sind. Zudem k\u00f6nnten Besucher-Obergrenzen f\u00fcr Events in geschlossenen R\u00e4umen eingef\u00fchrt und Hygienekonzepte f\u00fcr Betriebe und andere Einrichtungen beschlossen werden.<\/p>\n<p>Th\u00fcringen stimmte dem neuen Gesetz nicht zu. Ministerpr\u00e4sident Bodo Ramelow (Die Linke) begr\u00fcndete dies mit dem Verweis auf die einrichtungsbezogene Corona-Impfpflicht\u00a0f\u00fcr Besch\u00e4ftigte im Gesundheitsbereich.\u00a0&#8220;Es sollte nicht weiter Unfrieden gestiftet werden, nur weil der Bundestag nicht die Kraft hatte, eine allgemeine Impfpflicht zu beschlie\u00dfen&#8221;, <a rel=\"nofollow noopener\" target=\"_blank\" href=\"https:\/\/www.zdf.de\/nachrichten\/politik\/corona-regeln-infektionsschutzgesetz-bundesrat-100.html\">wird<\/a> Ramelow in einem Bericht von <em>ZDF\u00a0<\/em>zitiert.\u00a0<\/p>\n<p><strong>Mehr zum Thema<\/strong> &#8211; <a rel=\"nofollow noopener\" target=\"_blank\" href=\"https:\/\/test.rtde.tech\/inland\/148404-bundestag-beschliesst-neue-corona-regeln\/\">Ab 1. Oktober: Bundestag beschlie\u00dft neue Corona-Regeln<\/a><\/p>\n<\/div>\n<p><br \/>\n<br \/><a href=\"https:\/\/de.rt.com\/inland\/149129-mit-masken-in-herbst-bundesrat\/\">Source link <\/a><\/p>\n","protected":false},"excerpt":{"rendered":"<p>Die COVID-19-Pandemie ist noch nicht vorbei. Zahlreiche Ma\u00dfnahmen der Regierung zur Eind\u00e4mmung des Coronavirus werden die Menschen in Deutschland auch in diesem Herbst begleiten. Eine davon ist die Maskenpflicht in mehreren Bereichen des \u00f6ffentlichen Lebens. Ab dem 1. Oktober gelten neue Masken- und Testpflichten in Deutschland. Der Bundesrat lie\u00df die neuen Regeln f\u00fcr den Herbst [&hellip;]<\/p>\n","protected":false},"author":3,"featured_media":19215,"comment_status":"open","ping_status":"open","sticky":false,"template":"","format":"standard","meta":{"wp_automatic_camp":["217"],"7979b1327127e636dd34e150934218c7":["Mit Masken in den Herbst \u2013 Bundesrat billigt Corona-Regeln der Regierung"],"original_link":["https:\/\/de.rt.com\/inland\/149129-mit-masken-in-herbst-bundesrat\/"],"_thumbnail_id":["19215"],"_wptg_p2tg_sent2tg":["2022-09-16 17:12:52"],"jnews_social_counter_last_update":["1776927431"]},"categories":[19,23],"tags":[28092,21086,21784,48,82,529,80,419,46],"yoast_head":"<!-- This site is optimized with the Yoast SEO Premium plugin v22.7 (Yoast SEO v22.7) - https:\/\/yoast.com\/wordpress\/plugins\/seo\/ -->\n<title>Mit Masken in den Herbst \u2013 Bundesrat billigt Corona-Regeln der Regierung - just-now.NEWS Deutschland<\/title>\n<meta name=\"robots\" content=\"index, follow, max-snippet:-1, max-image-preview:large, max-video-preview:-1\" \/>\n<link rel=\"canonical\" href=\"https:\/\/now-news.de\/de\/deutschland\/mit-masken-in-den-herbst-bundesrat-billigt-corona-regeln-der-regierung\/\" \/>\n<meta property=\"og:locale\" content=\"de_DE\" \/>\n<meta property=\"og:type\" content=\"article\" \/>\n<meta property=\"og:title\" content=\"Mit Masken in den Herbst \u2013 Bundesrat billigt Corona-Regeln der Regierung\" \/>\n<meta property=\"og:description\" content=\"Die COVID-19-Pandemie ist noch nicht vorbei. Zahlreiche Ma\u00dfnahmen der Regierung zur Eind\u00e4mmung des Coronavirus werden die Menschen in Deutschland auch in diesem Herbst begleiten. Eine davon ist die Maskenpflicht in mehreren Bereichen des \u00f6ffentlichen Lebens. Ab dem 1. Oktober gelten neue Masken- und Testpflichten in Deutschland. Der Bundesrat lie\u00df die neuen Regeln f\u00fcr den Herbst [&hellip;]\" \/>\n<meta property=\"og:url\" content=\"https:\/\/now-news.de\/de\/deutschland\/mit-masken-in-den-herbst-bundesrat-billigt-corona-regeln-der-regierung\/\" \/>\n<meta property=\"og:site_name\" content=\"just-now.NEWS Deutschland\" \/>\n<meta property=\"article:publisher\" content=\"https:\/\/www.facebook.com\/wirmachenauf\" \/>\n<meta property=\"article:published_time\" content=\"2022-09-16T15:01:25+00:00\" \/>\n<meta property=\"og:image\" content=\"https:\/\/now-news.de\/de\/wp-content\/uploads\/sites\/3\/2022\/09\/Mit-Masken-in-den-Herbst-\u2013-Bundesrat-billigt-Corona-Regeln-der.jpg\" \/>\n\t<meta property=\"og:image:width\" content=\"460\" \/>\n\t<meta property=\"og:image:height\" content=\"259\" \/>\n\t<meta property=\"og:image:type\" content=\"image\/jpeg\" \/>\n<meta name=\"author\" content=\"rtnews\" \/>\n<meta name=\"twitter:card\" content=\"summary_large_image\" \/>\n<meta name=\"twitter:creator\" content=\"@WirMachenAuf_de\" \/>\n<meta name=\"twitter:site\" content=\"@WirMachenAuf_de\" \/>\n<meta name=\"twitter:label1\" content=\"Verfasst von\" \/>\n\t<meta name=\"twitter:data1\" content=\"rtnews\" \/>\n\t<meta name=\"twitter:label2\" content=\"Gesch\u00e4tzte Lesezeit\" \/>\n\t<meta name=\"twitter:data2\" content=\"2\u00a0Minuten\" \/>\n<script type=\"application\/ld+json\" class=\"yoast-schema-graph\">{\"@context\":\"https:\/\/schema.org\",\"@graph\":[{\"@type\":\"Article\",\"@id\":\"https:\/\/now-news.de\/de\/deutschland\/mit-masken-in-den-herbst-bundesrat-billigt-corona-regeln-der-regierung\/#article\",\"isPartOf\":{\"@id\":\"https:\/\/now-news.de\/de\/deutschland\/mit-masken-in-den-herbst-bundesrat-billigt-corona-regeln-der-regierung\/\"},\"author\":{\"name\":\"rtnews\",\"@id\":\"https:\/\/now-news.de\/de\/#\/schema\/person\/fb534a4e865501d8b3285208df34a9b5\"},\"headline\":\"Mit Masken in den Herbst \u2013 Bundesrat billigt Corona-Regeln der Regierung\",\"datePublished\":\"2022-09-16T15:01:25+00:00\",\"dateModified\":\"2022-09-16T15:01:25+00:00\",\"mainEntityOfPage\":{\"@id\":\"https:\/\/now-news.de\/de\/deutschland\/mit-masken-in-den-herbst-bundesrat-billigt-corona-regeln-der-regierung\/\"},\"wordCount\":466,\"commentCount\":0,\"publisher\":{\"@id\":\"https:\/\/now-news.de\/de\/#organization\"},\"image\":{\"@id\":\"https:\/\/now-news.de\/de\/deutschland\/mit-masken-in-den-herbst-bundesrat-billigt-corona-regeln-der-regierung\/#primaryimage\"},\"thumbnailUrl\":\"https:\/\/now-news.de\/de\/wp-content\/uploads\/sites\/3\/2022\/09\/Mit-Masken-in-den-Herbst-\u2013-Bundesrat-billigt-Corona-Regeln-der.jpg\",\"keywords\":[\"billigt\",\"Bundesrat\",\"CoronaRegeln\",\"den\",\"der\",\"Herbst\",\"Masken\",\"mit\",\"Regierung\"],\"articleSection\":[\"Deutschland\",\"Russland\"],\"inLanguage\":\"de\",\"potentialAction\":[{\"@type\":\"CommentAction\",\"name\":\"Comment\",\"target\":[\"https:\/\/now-news.de\/de\/deutschland\/mit-masken-in-den-herbst-bundesrat-billigt-corona-regeln-der-regierung\/#respond\"]}]},{\"@type\":\"WebPage\",\"@id\":\"https:\/\/now-news.de\/de\/deutschland\/mit-masken-in-den-herbst-bundesrat-billigt-corona-regeln-der-regierung\/\",\"url\":\"https:\/\/now-news.de\/de\/deutschland\/mit-masken-in-den-herbst-bundesrat-billigt-corona-regeln-der-regierung\/\",\"name\":\"Mit Masken in den Herbst \u2013 Bundesrat billigt Corona-Regeln der Regierung - just-now.NEWS Deutschland\",\"isPartOf\":{\"@id\":\"https:\/\/now-news.de\/de\/#website\"},\"primaryImageOfPage\":{\"@id\":\"https:\/\/now-news.de\/de\/deutschland\/mit-masken-in-den-herbst-bundesrat-billigt-corona-regeln-der-regierung\/#primaryimage\"},\"image\":{\"@id\":\"https:\/\/now-news.de\/de\/deutschland\/mit-masken-in-den-herbst-bundesrat-billigt-corona-regeln-der-regierung\/#primaryimage\"},\"thumbnailUrl\":\"https:\/\/now-news.de\/de\/wp-content\/uploads\/sites\/3\/2022\/09\/Mit-Masken-in-den-Herbst-\u2013-Bundesrat-billigt-Corona-Regeln-der.jpg\",\"datePublished\":\"2022-09-16T15:01:25+00:00\",\"dateModified\":\"2022-09-16T15:01:25+00:00\",\"breadcrumb\":{\"@id\":\"https:\/\/now-news.de\/de\/deutschland\/mit-masken-in-den-herbst-bundesrat-billigt-corona-regeln-der-regierung\/#breadcrumb\"},\"inLanguage\":\"de\",\"potentialAction\":[{\"@type\":\"ReadAction\",\"target\":[\"https:\/\/now-news.de\/de\/deutschland\/mit-masken-in-den-herbst-bundesrat-billigt-corona-regeln-der-regierung\/\"]}]},{\"@type\":\"ImageObject\",\"inLanguage\":\"de\",\"@id\":\"https:\/\/now-news.de\/de\/deutschland\/mit-masken-in-den-herbst-bundesrat-billigt-corona-regeln-der-regierung\/#primaryimage\",\"url\":\"https:\/\/now-news.de\/de\/wp-content\/uploads\/sites\/3\/2022\/09\/Mit-Masken-in-den-Herbst-\u2013-Bundesrat-billigt-Corona-Regeln-der.jpg\",\"contentUrl\":\"https:\/\/now-news.de\/de\/wp-content\/uploads\/sites\/3\/2022\/09\/Mit-Masken-in-den-Herbst-\u2013-Bundesrat-billigt-Corona-Regeln-der.jpg\",\"width\":460,\"height\":259,\"caption\":\"Mit Masken in den Herbst \u2013 Bundesrat billigt Corona-Regeln der Regierung\"},{\"@type\":\"BreadcrumbList\",\"@id\":\"https:\/\/now-news.de\/de\/deutschland\/mit-masken-in-den-herbst-bundesrat-billigt-corona-regeln-der-regierung\/#breadcrumb\",\"itemListElement\":[{\"@type\":\"ListItem\",\"position\":1,\"name\":\"Home\",\"item\":\"https:\/\/now-news.de\/de\/\"},{\"@type\":\"ListItem\",\"position\":2,\"name\":\"Mit Masken in den Herbst \u2013 Bundesrat billigt Corona-Regeln der Regierung\"}]},{\"@type\":\"WebSite\",\"@id\":\"https:\/\/now-news.de\/de\/#website\",\"url\":\"https:\/\/now-news.de\/de\/\",\"name\":\"just-now.NEWS Deutschland\",\"description\":\"Das Portal f\u00fcr unzensierte Nachrichten aus der Welt\",\"publisher\":{\"@id\":\"https:\/\/now-news.de\/de\/#organization\"},\"potentialAction\":[{\"@type\":\"SearchAction\",\"target\":{\"@type\":\"EntryPoint\",\"urlTemplate\":\"https:\/\/now-news.de\/de\/?s={search_term_string}\"},\"query-input\":\"required name=search_term_string\"}],\"inLanguage\":\"de\"},{\"@type\":\"Organization\",\"@id\":\"https:\/\/now-news.de\/de\/#organization\",\"name\":\"Just Now News\",\"url\":\"https:\/\/now-news.de\/de\/\",\"logo\":{\"@type\":\"ImageObject\",\"inLanguage\":\"de\",\"@id\":\"https:\/\/now-news.de\/de\/#\/schema\/logo\/image\/\",\"url\":\"http:\/\/just-now.news\/de\/wp-content\/uploads\/sites\/3\/2022\/04\/logo500x500.jpg\",\"contentUrl\":\"http:\/\/just-now.news\/de\/wp-content\/uploads\/sites\/3\/2022\/04\/logo500x500.jpg\",\"width\":500,\"height\":500,\"caption\":\"Just Now News\"},\"image\":{\"@id\":\"https:\/\/now-news.de\/de\/#\/schema\/logo\/image\/\"},\"sameAs\":[\"https:\/\/www.facebook.com\/wirmachenauf\",\"https:\/\/x.com\/WirMachenAuf_de\"]},{\"@type\":\"Person\",\"@id\":\"https:\/\/now-news.de\/de\/#\/schema\/person\/fb534a4e865501d8b3285208df34a9b5\",\"name\":\"rtnews\",\"image\":{\"@type\":\"ImageObject\",\"inLanguage\":\"de\",\"@id\":\"https:\/\/now-news.de\/de\/#\/schema\/person\/image\/\",\"url\":\"https:\/\/secure.gravatar.com\/avatar\/82aafea7d8127119dd649515f56e2117?s=96&d=mm&r=g\",\"contentUrl\":\"https:\/\/secure.gravatar.com\/avatar\/82aafea7d8127119dd649515f56e2117?s=96&d=mm&r=g\",\"caption\":\"rtnews\"},\"url\":\"https:\/\/now-news.de\/de\/author\/rnews\/\"}]}<\/script>\n<!-- \/ Yoast SEO Premium plugin. -->","yoast_head_json":{"title":"Mit Masken in den Herbst \u2013 Bundesrat billigt Corona-Regeln der Regierung - just-now.NEWS Deutschland","robots":{"index":"index","follow":"follow","max-snippet":"max-snippet:-1","max-image-preview":"max-image-preview:large","max-video-preview":"max-video-preview:-1"},"canonical":"https:\/\/now-news.de\/de\/deutschland\/mit-masken-in-den-herbst-bundesrat-billigt-corona-regeln-der-regierung\/","og_locale":"de_DE","og_type":"article","og_title":"Mit Masken in den Herbst \u2013 Bundesrat billigt Corona-Regeln der Regierung","og_description":"Die COVID-19-Pandemie ist noch nicht vorbei. Zahlreiche Ma\u00dfnahmen der Regierung zur Eind\u00e4mmung des Coronavirus werden die Menschen in Deutschland auch in diesem Herbst begleiten. Eine davon ist die Maskenpflicht in mehreren Bereichen des \u00f6ffentlichen Lebens. Ab dem 1. Oktober gelten neue Masken- und Testpflichten in Deutschland. Der Bundesrat lie\u00df die neuen Regeln f\u00fcr den Herbst [&hellip;]","og_url":"https:\/\/now-news.de\/de\/deutschland\/mit-masken-in-den-herbst-bundesrat-billigt-corona-regeln-der-regierung\/","og_site_name":"just-now.NEWS Deutschland","article_publisher":"https:\/\/www.facebook.com\/wirmachenauf","article_published_time":"2022-09-16T15:01:25+00:00","og_image":[{"width":460,"height":259,"url":"https:\/\/now-news.de\/de\/wp-content\/uploads\/sites\/3\/2022\/09\/Mit-Masken-in-den-Herbst-\u2013-Bundesrat-billigt-Corona-Regeln-der.jpg","type":"image\/jpeg"}],"author":"rtnews","twitter_card":"summary_large_image","twitter_creator":"@WirMachenAuf_de","twitter_site":"@WirMachenAuf_de","twitter_misc":{"Verfasst von":"rtnews","Gesch\u00e4tzte Lesezeit":"2\u00a0Minuten"},"schema":{"@context":"https:\/\/schema.org","@graph":[{"@type":"Article","@id":"https:\/\/now-news.de\/de\/deutschland\/mit-masken-in-den-herbst-bundesrat-billigt-corona-regeln-der-regierung\/#article","isPartOf":{"@id":"https:\/\/now-news.de\/de\/deutschland\/mit-masken-in-den-herbst-bundesrat-billigt-corona-regeln-der-regierung\/"},"author":{"name":"rtnews","@id":"https:\/\/now-news.de\/de\/#\/schema\/person\/fb534a4e865501d8b3285208df34a9b5"},"headline":"Mit Masken in den Herbst \u2013 Bundesrat billigt Corona-Regeln der Regierung","datePublished":"2022-09-16T15:01:25+00:00","dateModified":"2022-09-16T15:01:25+00:00","mainEntityOfPage":{"@id":"https:\/\/now-news.de\/de\/deutschland\/mit-masken-in-den-herbst-bundesrat-billigt-corona-regeln-der-regierung\/"},"wordCount":466,"commentCount":0,"publisher":{"@id":"https:\/\/now-news.de\/de\/#organization"},"image":{"@id":"https:\/\/now-news.de\/de\/deutschland\/mit-masken-in-den-herbst-bundesrat-billigt-corona-regeln-der-regierung\/#primaryimage"},"thumbnailUrl":"https:\/\/now-news.de\/de\/wp-content\/uploads\/sites\/3\/2022\/09\/Mit-Masken-in-den-Herbst-\u2013-Bundesrat-billigt-Corona-Regeln-der.jpg","keywords":["billigt","Bundesrat","CoronaRegeln","den","der","Herbst","Masken","mit","Regierung"],"articleSection":["Deutschland","Russland"],"inLanguage":"de","potentialAction":[{"@type":"CommentAction","name":"Comment","target":["https:\/\/now-news.de\/de\/deutschland\/mit-masken-in-den-herbst-bundesrat-billigt-corona-regeln-der-regierung\/#respond"]}]},{"@type":"WebPage","@id":"https:\/\/now-news.de\/de\/deutschland\/mit-masken-in-den-herbst-bundesrat-billigt-corona-regeln-der-regierung\/","url":"https:\/\/now-news.de\/de\/deutschland\/mit-masken-in-den-herbst-bundesrat-billigt-corona-regeln-der-regierung\/","name":"Mit Masken in den Herbst \u2013 Bundesrat billigt Corona-Regeln der Regierung - just-now.NEWS Deutschland","isPartOf":{"@id":"https:\/\/now-news.de\/de\/#website"},"primaryImageOfPage":{"@id":"https:\/\/now-news.de\/de\/deutschland\/mit-masken-in-den-herbst-bundesrat-billigt-corona-regeln-der-regierung\/#primaryimage"},"image":{"@id":"https:\/\/now-news.de\/de\/deutschland\/mit-masken-in-den-herbst-bundesrat-billigt-corona-regeln-der-regierung\/#primaryimage"},"thumbnailUrl":"https:\/\/now-news.de\/de\/wp-content\/uploads\/sites\/3\/2022\/09\/Mit-Masken-in-den-Herbst-\u2013-Bundesrat-billigt-Corona-Regeln-der.jpg","datePublished":"2022-09-16T15:01:25+00:00","dateModified":"2022-09-16T15:01:25+00:00","breadcrumb":{"@id":"https:\/\/now-news.de\/de\/deutschland\/mit-masken-in-den-herbst-bundesrat-billigt-corona-regeln-der-regierung\/#breadcrumb"},"inLanguage":"de","potentialAction":[{"@type":"ReadAction","target":["https:\/\/now-news.de\/de\/deutschland\/mit-masken-in-den-herbst-bundesrat-billigt-corona-regeln-der-regierung\/"]}]},{"@type":"ImageObject","inLanguage":"de","@id":"https:\/\/now-news.de\/de\/deutschland\/mit-masken-in-den-herbst-bundesrat-billigt-corona-regeln-der-regierung\/#primaryimage","url":"https:\/\/now-news.de\/de\/wp-content\/uploads\/sites\/3\/2022\/09\/Mit-Masken-in-den-Herbst-\u2013-Bundesrat-billigt-Corona-Regeln-der.jpg","contentUrl":"https:\/\/now-news.de\/de\/wp-content\/uploads\/sites\/3\/2022\/09\/Mit-Masken-in-den-Herbst-\u2013-Bundesrat-billigt-Corona-Regeln-der.jpg","width":460,"height":259,"caption":"Mit Masken in den Herbst \u2013 Bundesrat billigt Corona-Regeln der Regierung"},{"@type":"BreadcrumbList","@id":"https:\/\/now-news.de\/de\/deutschland\/mit-masken-in-den-herbst-bundesrat-billigt-corona-regeln-der-regierung\/#breadcrumb","itemListElement":[{"@type":"ListItem","position":1,"name":"Home","item":"https:\/\/now-news.de\/de\/"},{"@type":"ListItem","position":2,"name":"Mit Masken in den Herbst \u2013 Bundesrat billigt Corona-Regeln der Regierung"}]},{"@type":"WebSite","@id":"https:\/\/now-news.de\/de\/#website","url":"https:\/\/now-news.de\/de\/","name":"just-now.NEWS Deutschland","description":"Das Portal f\u00fcr unzensierte Nachrichten aus der Welt","publisher":{"@id":"https:\/\/now-news.de\/de\/#organization"},"potentialAction":[{"@type":"SearchAction","target":{"@type":"EntryPoint","urlTemplate":"https:\/\/now-news.de\/de\/?s={search_term_string}"},"query-input":"required name=search_term_string"}],"inLanguage":"de"},{"@type":"Organization","@id":"https:\/\/now-news.de\/de\/#organization","name":"Just Now News","url":"https:\/\/now-news.de\/de\/","logo":{"@type":"ImageObject","inLanguage":"de","@id":"https:\/\/now-news.de\/de\/#\/schema\/logo\/image\/","url":"http:\/\/just-now.news\/de\/wp-content\/uploads\/sites\/3\/2022\/04\/logo500x500.jpg","contentUrl":"http:\/\/just-now.news\/de\/wp-content\/uploads\/sites\/3\/2022\/04\/logo500x500.jpg","width":500,"height":500,"caption":"Just Now News"},"image":{"@id":"https:\/\/now-news.de\/de\/#\/schema\/logo\/image\/"},"sameAs":["https:\/\/www.facebook.com\/wirmachenauf","https:\/\/x.com\/WirMachenAuf_de"]},{"@type":"Person","@id":"https:\/\/now-news.de\/de\/#\/schema\/person\/fb534a4e865501d8b3285208df34a9b5","name":"rtnews","image":{"@type":"ImageObject","inLanguage":"de","@id":"https:\/\/now-news.de\/de\/#\/schema\/person\/image\/","url":"https:\/\/secure.gravatar.com\/avatar\/82aafea7d8127119dd649515f56e2117?s=96&d=mm&r=g","contentUrl":"https:\/\/secure.gravatar.com\/avatar\/82aafea7d8127119dd649515f56e2117?s=96&d=mm&r=g","caption":"rtnews"},"url":"https:\/\/now-news.de\/de\/author\/rnews\/"}]}},"_links":{"self":[{"href":"https:\/\/now-news.de\/de\/wp-json\/wp\/v2\/posts\/19214"}],"collection":[{"href":"https:\/\/now-news.de\/de\/wp-json\/wp\/v2\/posts"}],"about":[{"href":"https:\/\/now-news.de\/de\/wp-json\/wp\/v2\/types\/post"}],"author":[{"embeddable":true,"href":"https:\/\/now-news.de\/de\/wp-json\/wp\/v2\/users\/3"}],"replies":[{"embeddable":true,"href":"https:\/\/now-news.de\/de\/wp-json\/wp\/v2\/comments?post=19214"}],"version-history":[{"count":0,"href":"https:\/\/now-news.de\/de\/wp-json\/wp\/v2\/posts\/19214\/revisions"}],"wp:featuredmedia":[{"embeddable":true,"href":"https:\/\/now-news.de\/de\/wp-json\/wp\/v2\/media\/19215"}],"wp:attachment":[{"href":"https:\/\/now-news.de\/de\/wp-json\/wp\/v2\/media?parent=19214"}],"wp:term":[{"taxonomy":"category","embeddable":true,"href":"https:\/\/now-news.de\/de\/wp-json\/wp\/v2\/categories?post=19214"},{"taxonomy":"post_tag","embeddable":true,"href":"https:\/\/now-news.de\/de\/wp-json\/wp\/v2\/tags?post=19214"}],"curies":[{"name":"wp","href":"https:\/\/api.w.org\/{rel}","templated":true}]}}