{"id":19192,"date":"2022-09-16T13:05:12","date_gmt":"2022-09-16T11:05:12","guid":{"rendered":"http:\/\/just-now.news\/de\/deutschland\/politico-nancy-pelosi-will-armenien-besuchen\/"},"modified":"2022-09-16T13:05:12","modified_gmt":"2022-09-16T11:05:12","slug":"politico-nancy-pelosi-will-armenien-besuchen","status":"publish","type":"post","link":"https:\/\/now-news.de\/de\/deutschland\/politico-nancy-pelosi-will-armenien-besuchen\/","title":{"rendered":"Politico: Nancy Pelosi will Armenien besuchen"},"content":{"rendered":"<p><img decoding=\"async\" src=\"http:\/\/just-now.news\/de\/wp-content\/uploads\/sites\/3\/2022\/09\/63241c1148fbef568e7b871b.jpg\" \/><\/p>\n<div class=\"Text-root Text-type_1 \">\n                Nach ihrer umstrittenen Reise nach Taiwan will Nancy Pelosi nun einen weiteren Krisenherd besuchen. Die f\u00fchrende US-Politikerin und Sprecherin des US-Repr\u00e4sentantenhauses beabsichtigt laut einem Medienbericht, in die armenische Hauptstadt zu reisen.\n            <\/div>\n<p><\/p>\n<div class=\"Text-root Text-type_5 ArticleView-text ViewText-root \">\n<p>Die US-Spitzenpolitikerin Nancy Pelosi (Demokratische Partei) ist nach\u00a0Berlin gekommen. Sie\u00a0vertritt die Vereinigten Staaten hier auf der sogenannten Speakers&#8217; Conference, bei der Vertreter der jeweiligen Parlamentspr\u00e4sidenten der G7-Staaten zusammenkommen. Die Konferenz findet in Berlin statt, denn Deutschland hat derzeit den Vorsitz in der G7-Gruppe, zu der auch\u00a0Frankreich, Italien, Japan, Kanada, die USA und Gro\u00dfbritannien z\u00e4hlen. Doch Berlin wird wohl nicht die einzige Hauptstadt in Europa sein, die Pelosi besucht.<\/p>\n<p>Laut einem <a rel=\"nofollow noopener\" target=\"_blank\" href=\"https:\/\/www.politico.com\/news\/2022\/09\/15\/nancy-pelosi-is-going-to-armenia-00056947\">Bericht<\/a> der Nachrichtenplattform <em>Politico<\/em> soll Pelosi am kommenden Wochenende nach Armenien reisen wollen. Sie wolle demnach zusammen mit ihrer kalifornischen Parteikollegin Jackie Speier, die zusammen mit ihr nach Berlin gekommen ist, Jerewan besuchen, um dem armenischen Premierminister Nikol Paschinjan ihre Unterst\u00fctzung zu bekunden.<\/p>\n<p>Die Visite der beiden US-Abgeordneten w\u00fcrde also kurz nach den Grenzkonflikten zwischen Aserbaidschan und Armenien erfolgen, bei denen \u00fcber 170 Menschen get\u00f6tet wurden.\u00a0<\/p>\n<p>Nach ihrem Besuch in Berlin und ihrer <a rel=\"nofollow noopener\" target=\"_blank\" href=\"https:\/\/www.speaker.gov\/newsroom\/91522-0\">Teilnahme an jener Konferenz<\/a> mit dem Ziel, &#8220;den heroischen Kampf der Ukraine&#8221; gegen Russland zu unterst\u00fctzen, sei laut <em>Politico<\/em> geplant, dass die Vorsitzende des US-Repr\u00e4sentantenhauses\u00a0zusammen mit Speier, einer US-Amerikanerin armenischer Herkunft, nach Jerewan fliegen wird.<\/p>\n<p>Speiers B\u00fcro hatte sich zu dem Bericht nicht ge\u00e4u\u00dfert, w\u00e4hrend Pelosis stellvertretender Stabschef Drew Hammill gegen\u00fcber <em>Politico<\/em> erkl\u00e4rte, dass man &#8220;internationale Reisen aufgrund bestehender Sicherheitsma\u00dfnahmen nicht im Voraus best\u00e4tigt oder dementiert&#8221;.<\/p>\n<p>Die vorherige Auslandsreise von Pelosi erregte Aufsehen, als sie Anfang August gegen ausdr\u00fcckliche Warnungen aus Peking eine Reise nach <a rel=\"nofollow noopener\" target=\"_blank\" href=\"https:\/\/test.rtde.tech\/kurzclips\/video\/147284-nach-pelosis-taiwan-besuch\/\">Taipeh<\/a> unternommen hatte. Damit hatte die US-Politikerin die Spannungen zwischen den USA und China \u00fcber den Status von Taiwan erheblich angeheizt. In Taipeh hatte Pelosi Taiwan demonstrativ den R\u00fccken gest\u00e4rkt. Sie und ihre Delegation seien nach Taiwan gereist, &#8220;um unmissverst\u00e4ndlich klar zu machen, dass wir unsere Verpflichtung gegen\u00fcber Taiwan nicht aufgeben werden&#8221;, erkl\u00e4rte sie damals.<\/p>\n<p>Armenien beschuldigte Aserbaidschan, am fr\u00fchen Dienstagabend Artillerie- und Drohnenangriffe jenseits seiner\u00a0Landesgrenze gegen Armenien durchgef\u00fchrt zu haben. Dutzende von Soldaten auf beiden Seiten wurden bei dem dann folgenden Feuergefecht get\u00f6tet. Nachdem Jerewan die von Russland angef\u00fchrte Organisation des Vertrags \u00fcber kollektive Sicherheit (OVKS), der auch Armenien angeh\u00f6rt, <a rel=\"nofollow noopener\" target=\"_blank\" href=\"https:\/\/test.rtde.tech\/kurzclips\/video\/148890-armenien-premierminister-bittet-russland-um\/\">um Hilfe gebeten<\/a> hatte, schlug Aserbaidschan einen &#8220;humanit\u00e4ren Waffenstillstand&#8221; vor.\u00a0<\/p>\n<p>Die gro\u00dfe armenische Diaspora in den USA hat Washington dazu aufgerufen, Jerewan zu unterst\u00fctzen. Anthony Barsamian, Co-Vorsitzender der Armenischen Versammlung von Amerika, sagte gegen\u00fcber <em>Politico<\/em> \u00fcber den demnach von Pelosi geplanten Besuch:\u00a0<\/p>\n<blockquote>\n<p><em>&#8220;Armenien hat nicht die Aufmerksamkeit erhalten, die der Ukraine zuteilwurde, und dies wird ein Licht auf ein Land werfen, das eine internationale Grenze unter Verletzung des V\u00f6lkerrechts \u00fcberschreitet.&#8221;<\/em><\/p>\n<\/blockquote>\n<p>Die Spannungen zwischen den beiden Nachbarn haben sich wegen der umstrittenen Region Bergkarabach versch\u00e4rft. Jerewan unterst\u00fctzt die Unabh\u00e4ngigkeit der mehrheitlich von ethnischen Armeniern bewohnten Region, seit sie sich Anfang der 1990er Jahre von Aserbaidschan abgespalten hatte.<\/p>\n<p>Im Jahr 2020 lieferten sich Armenien und Aserbaidschan einen 44-t\u00e4gigen Krieg um Bergkarabach, der mit einem von Russland vermittelten Waffenstillstand endete. Im August forderte Baku die &#8220;Entmilitarisierung&#8221; der Region, w\u00e4hrend Jerewan Aserbaidschan\u00a0vorwarf, die Verbindungsstra\u00dfe zwischen Bergkarabach und Armenien abschneiden zu wollen.<\/p>\n<p><strong>Mehr zum Thema<\/strong> &#8211; <a rel=\"nofollow noopener\" target=\"_blank\" href=\"https:\/\/test.rtde.tech\/international\/143487-usa-investieren-in-junge-fuehrungskrafte-aus-dem-kaukasus\/\">USA investieren in &#8220;junge F\u00fchrungskr\u00e4fte&#8221; aus dem s\u00fcdlichen Kaukasus<\/a><\/p>\n<\/div>\n<p><br \/>\n<br \/><a href=\"https:\/\/de.rt.com\/international\/149081-politico-nancy-pelosi-will-armenien\/\">Source link <\/a><\/p>\n","protected":false},"excerpt":{"rendered":"<p>Nach ihrer umstrittenen Reise nach Taiwan will Nancy Pelosi nun einen weiteren Krisenherd besuchen. Die f\u00fchrende US-Politikerin und Sprecherin des US-Repr\u00e4sentantenhauses beabsichtigt laut einem Medienbericht, in die armenische Hauptstadt zu reisen. Die US-Spitzenpolitikerin Nancy Pelosi (Demokratische Partei) ist nach\u00a0Berlin gekommen. Sie\u00a0vertritt die Vereinigten Staaten hier auf der sogenannten Speakers&#8217; Conference, bei der Vertreter der jeweiligen [&hellip;]<\/p>\n","protected":false},"author":3,"featured_media":19193,"comment_status":"open","ping_status":"open","sticky":false,"template":"","format":"standard","meta":{"wp_automatic_camp":["217"],"bb7cac9ebab50fd4f758878988377e01":["Politico: Nancy Pelosi will Armenien besuchen"],"original_link":["https:\/\/de.rt.com\/international\/149081-politico-nancy-pelosi-will-armenien\/"],"_thumbnail_id":["19193"],"_wptg_p2tg_sent2tg":["2022-09-16 13:10:26"],"jnews_social_counter_last_update":["1777342991"]},"categories":[19,23],"tags":[10002,3527,16829,10967,4394],"yoast_head":"<!-- This site is optimized with the Yoast SEO Premium plugin v22.7 (Yoast SEO v22.7) - https:\/\/yoast.com\/wordpress\/plugins\/seo\/ -->\n<title>Politico: Nancy Pelosi will Armenien besuchen - just-now.NEWS Deutschland<\/title>\n<meta name=\"robots\" content=\"index, follow, max-snippet:-1, max-image-preview:large, max-video-preview:-1\" \/>\n<link rel=\"canonical\" href=\"https:\/\/now-news.de\/de\/deutschland\/politico-nancy-pelosi-will-armenien-besuchen\/\" \/>\n<meta property=\"og:locale\" content=\"de_DE\" \/>\n<meta property=\"og:type\" content=\"article\" \/>\n<meta property=\"og:title\" content=\"Politico: Nancy Pelosi will Armenien besuchen\" \/>\n<meta property=\"og:description\" content=\"Nach ihrer umstrittenen Reise nach Taiwan will Nancy Pelosi nun einen weiteren Krisenherd besuchen. Die f\u00fchrende US-Politikerin und Sprecherin des US-Repr\u00e4sentantenhauses beabsichtigt laut einem Medienbericht, in die armenische Hauptstadt zu reisen. Die US-Spitzenpolitikerin Nancy Pelosi (Demokratische Partei) ist nach\u00a0Berlin gekommen. Sie\u00a0vertritt die Vereinigten Staaten hier auf der sogenannten Speakers&#8217; Conference, bei der Vertreter der jeweiligen [&hellip;]\" \/>\n<meta property=\"og:url\" content=\"https:\/\/now-news.de\/de\/deutschland\/politico-nancy-pelosi-will-armenien-besuchen\/\" \/>\n<meta property=\"og:site_name\" content=\"just-now.NEWS Deutschland\" \/>\n<meta property=\"article:publisher\" content=\"https:\/\/www.facebook.com\/wirmachenauf\" \/>\n<meta property=\"article:published_time\" content=\"2022-09-16T11:05:12+00:00\" \/>\n<meta property=\"og:image\" content=\"https:\/\/now-news.de\/de\/wp-content\/uploads\/sites\/3\/2022\/09\/Politico-Nancy-Pelosi-will-Armenien-besuchen.jpg\" \/>\n\t<meta property=\"og:image:width\" content=\"460\" \/>\n\t<meta property=\"og:image:height\" content=\"259\" \/>\n\t<meta property=\"og:image:type\" content=\"image\/jpeg\" \/>\n<meta name=\"author\" content=\"rtnews\" \/>\n<meta name=\"twitter:card\" content=\"summary_large_image\" \/>\n<meta name=\"twitter:creator\" content=\"@WirMachenAuf_de\" \/>\n<meta name=\"twitter:site\" content=\"@WirMachenAuf_de\" \/>\n<meta name=\"twitter:label1\" content=\"Verfasst von\" \/>\n\t<meta name=\"twitter:data1\" content=\"rtnews\" \/>\n\t<meta name=\"twitter:label2\" content=\"Gesch\u00e4tzte Lesezeit\" \/>\n\t<meta name=\"twitter:data2\" content=\"3\u00a0Minuten\" \/>\n<script type=\"application\/ld+json\" class=\"yoast-schema-graph\">{\"@context\":\"https:\/\/schema.org\",\"@graph\":[{\"@type\":\"Article\",\"@id\":\"https:\/\/now-news.de\/de\/deutschland\/politico-nancy-pelosi-will-armenien-besuchen\/#article\",\"isPartOf\":{\"@id\":\"https:\/\/now-news.de\/de\/deutschland\/politico-nancy-pelosi-will-armenien-besuchen\/\"},\"author\":{\"name\":\"rtnews\",\"@id\":\"https:\/\/now-news.de\/de\/#\/schema\/person\/fb534a4e865501d8b3285208df34a9b5\"},\"headline\":\"Politico: Nancy Pelosi will Armenien besuchen\",\"datePublished\":\"2022-09-16T11:05:12+00:00\",\"dateModified\":\"2022-09-16T11:05:12+00:00\",\"mainEntityOfPage\":{\"@id\":\"https:\/\/now-news.de\/de\/deutschland\/politico-nancy-pelosi-will-armenien-besuchen\/\"},\"wordCount\":578,\"commentCount\":0,\"publisher\":{\"@id\":\"https:\/\/now-news.de\/de\/#organization\"},\"image\":{\"@id\":\"https:\/\/now-news.de\/de\/deutschland\/politico-nancy-pelosi-will-armenien-besuchen\/#primaryimage\"},\"thumbnailUrl\":\"https:\/\/now-news.de\/de\/wp-content\/uploads\/sites\/3\/2022\/09\/Politico-Nancy-Pelosi-will-Armenien-besuchen.jpg\",\"keywords\":[\"Armenien\",\"Besuchen\",\"Nancy\",\"Pelosi\",\"Politico\"],\"articleSection\":[\"Deutschland\",\"Russland\"],\"inLanguage\":\"de\",\"potentialAction\":[{\"@type\":\"CommentAction\",\"name\":\"Comment\",\"target\":[\"https:\/\/now-news.de\/de\/deutschland\/politico-nancy-pelosi-will-armenien-besuchen\/#respond\"]}]},{\"@type\":\"WebPage\",\"@id\":\"https:\/\/now-news.de\/de\/deutschland\/politico-nancy-pelosi-will-armenien-besuchen\/\",\"url\":\"https:\/\/now-news.de\/de\/deutschland\/politico-nancy-pelosi-will-armenien-besuchen\/\",\"name\":\"Politico: Nancy Pelosi will Armenien besuchen - just-now.NEWS Deutschland\",\"isPartOf\":{\"@id\":\"https:\/\/now-news.de\/de\/#website\"},\"primaryImageOfPage\":{\"@id\":\"https:\/\/now-news.de\/de\/deutschland\/politico-nancy-pelosi-will-armenien-besuchen\/#primaryimage\"},\"image\":{\"@id\":\"https:\/\/now-news.de\/de\/deutschland\/politico-nancy-pelosi-will-armenien-besuchen\/#primaryimage\"},\"thumbnailUrl\":\"https:\/\/now-news.de\/de\/wp-content\/uploads\/sites\/3\/2022\/09\/Politico-Nancy-Pelosi-will-Armenien-besuchen.jpg\",\"datePublished\":\"2022-09-16T11:05:12+00:00\",\"dateModified\":\"2022-09-16T11:05:12+00:00\",\"breadcrumb\":{\"@id\":\"https:\/\/now-news.de\/de\/deutschland\/politico-nancy-pelosi-will-armenien-besuchen\/#breadcrumb\"},\"inLanguage\":\"de\",\"potentialAction\":[{\"@type\":\"ReadAction\",\"target\":[\"https:\/\/now-news.de\/de\/deutschland\/politico-nancy-pelosi-will-armenien-besuchen\/\"]}]},{\"@type\":\"ImageObject\",\"inLanguage\":\"de\",\"@id\":\"https:\/\/now-news.de\/de\/deutschland\/politico-nancy-pelosi-will-armenien-besuchen\/#primaryimage\",\"url\":\"https:\/\/now-news.de\/de\/wp-content\/uploads\/sites\/3\/2022\/09\/Politico-Nancy-Pelosi-will-Armenien-besuchen.jpg\",\"contentUrl\":\"https:\/\/now-news.de\/de\/wp-content\/uploads\/sites\/3\/2022\/09\/Politico-Nancy-Pelosi-will-Armenien-besuchen.jpg\",\"width\":460,\"height\":259,\"caption\":\"Politico: Nancy Pelosi will Armenien besuchen\"},{\"@type\":\"BreadcrumbList\",\"@id\":\"https:\/\/now-news.de\/de\/deutschland\/politico-nancy-pelosi-will-armenien-besuchen\/#breadcrumb\",\"itemListElement\":[{\"@type\":\"ListItem\",\"position\":1,\"name\":\"Home\",\"item\":\"https:\/\/now-news.de\/de\/\"},{\"@type\":\"ListItem\",\"position\":2,\"name\":\"Politico: Nancy Pelosi will Armenien besuchen\"}]},{\"@type\":\"WebSite\",\"@id\":\"https:\/\/now-news.de\/de\/#website\",\"url\":\"https:\/\/now-news.de\/de\/\",\"name\":\"just-now.NEWS Deutschland\",\"description\":\"Das Portal f\u00fcr unzensierte Nachrichten aus der Welt\",\"publisher\":{\"@id\":\"https:\/\/now-news.de\/de\/#organization\"},\"potentialAction\":[{\"@type\":\"SearchAction\",\"target\":{\"@type\":\"EntryPoint\",\"urlTemplate\":\"https:\/\/now-news.de\/de\/?s={search_term_string}\"},\"query-input\":\"required name=search_term_string\"}],\"inLanguage\":\"de\"},{\"@type\":\"Organization\",\"@id\":\"https:\/\/now-news.de\/de\/#organization\",\"name\":\"Just Now News\",\"url\":\"https:\/\/now-news.de\/de\/\",\"logo\":{\"@type\":\"ImageObject\",\"inLanguage\":\"de\",\"@id\":\"https:\/\/now-news.de\/de\/#\/schema\/logo\/image\/\",\"url\":\"http:\/\/just-now.news\/de\/wp-content\/uploads\/sites\/3\/2022\/04\/logo500x500.jpg\",\"contentUrl\":\"http:\/\/just-now.news\/de\/wp-content\/uploads\/sites\/3\/2022\/04\/logo500x500.jpg\",\"width\":500,\"height\":500,\"caption\":\"Just Now News\"},\"image\":{\"@id\":\"https:\/\/now-news.de\/de\/#\/schema\/logo\/image\/\"},\"sameAs\":[\"https:\/\/www.facebook.com\/wirmachenauf\",\"https:\/\/x.com\/WirMachenAuf_de\"]},{\"@type\":\"Person\",\"@id\":\"https:\/\/now-news.de\/de\/#\/schema\/person\/fb534a4e865501d8b3285208df34a9b5\",\"name\":\"rtnews\",\"image\":{\"@type\":\"ImageObject\",\"inLanguage\":\"de\",\"@id\":\"https:\/\/now-news.de\/de\/#\/schema\/person\/image\/\",\"url\":\"https:\/\/secure.gravatar.com\/avatar\/82aafea7d8127119dd649515f56e2117?s=96&d=mm&r=g\",\"contentUrl\":\"https:\/\/secure.gravatar.com\/avatar\/82aafea7d8127119dd649515f56e2117?s=96&d=mm&r=g\",\"caption\":\"rtnews\"},\"url\":\"https:\/\/now-news.de\/de\/author\/rnews\/\"}]}<\/script>\n<!-- \/ Yoast SEO Premium plugin. -->","yoast_head_json":{"title":"Politico: Nancy Pelosi will Armenien besuchen - just-now.NEWS Deutschland","robots":{"index":"index","follow":"follow","max-snippet":"max-snippet:-1","max-image-preview":"max-image-preview:large","max-video-preview":"max-video-preview:-1"},"canonical":"https:\/\/now-news.de\/de\/deutschland\/politico-nancy-pelosi-will-armenien-besuchen\/","og_locale":"de_DE","og_type":"article","og_title":"Politico: Nancy Pelosi will Armenien besuchen","og_description":"Nach ihrer umstrittenen Reise nach Taiwan will Nancy Pelosi nun einen weiteren Krisenherd besuchen. Die f\u00fchrende US-Politikerin und Sprecherin des US-Repr\u00e4sentantenhauses beabsichtigt laut einem Medienbericht, in die armenische Hauptstadt zu reisen. Die US-Spitzenpolitikerin Nancy Pelosi (Demokratische Partei) ist nach\u00a0Berlin gekommen. Sie\u00a0vertritt die Vereinigten Staaten hier auf der sogenannten Speakers&#8217; Conference, bei der Vertreter der jeweiligen [&hellip;]","og_url":"https:\/\/now-news.de\/de\/deutschland\/politico-nancy-pelosi-will-armenien-besuchen\/","og_site_name":"just-now.NEWS Deutschland","article_publisher":"https:\/\/www.facebook.com\/wirmachenauf","article_published_time":"2022-09-16T11:05:12+00:00","og_image":[{"width":460,"height":259,"url":"https:\/\/now-news.de\/de\/wp-content\/uploads\/sites\/3\/2022\/09\/Politico-Nancy-Pelosi-will-Armenien-besuchen.jpg","type":"image\/jpeg"}],"author":"rtnews","twitter_card":"summary_large_image","twitter_creator":"@WirMachenAuf_de","twitter_site":"@WirMachenAuf_de","twitter_misc":{"Verfasst von":"rtnews","Gesch\u00e4tzte Lesezeit":"3\u00a0Minuten"},"schema":{"@context":"https:\/\/schema.org","@graph":[{"@type":"Article","@id":"https:\/\/now-news.de\/de\/deutschland\/politico-nancy-pelosi-will-armenien-besuchen\/#article","isPartOf":{"@id":"https:\/\/now-news.de\/de\/deutschland\/politico-nancy-pelosi-will-armenien-besuchen\/"},"author":{"name":"rtnews","@id":"https:\/\/now-news.de\/de\/#\/schema\/person\/fb534a4e865501d8b3285208df34a9b5"},"headline":"Politico: Nancy Pelosi will Armenien besuchen","datePublished":"2022-09-16T11:05:12+00:00","dateModified":"2022-09-16T11:05:12+00:00","mainEntityOfPage":{"@id":"https:\/\/now-news.de\/de\/deutschland\/politico-nancy-pelosi-will-armenien-besuchen\/"},"wordCount":578,"commentCount":0,"publisher":{"@id":"https:\/\/now-news.de\/de\/#organization"},"image":{"@id":"https:\/\/now-news.de\/de\/deutschland\/politico-nancy-pelosi-will-armenien-besuchen\/#primaryimage"},"thumbnailUrl":"https:\/\/now-news.de\/de\/wp-content\/uploads\/sites\/3\/2022\/09\/Politico-Nancy-Pelosi-will-Armenien-besuchen.jpg","keywords":["Armenien","Besuchen","Nancy","Pelosi","Politico"],"articleSection":["Deutschland","Russland"],"inLanguage":"de","potentialAction":[{"@type":"CommentAction","name":"Comment","target":["https:\/\/now-news.de\/de\/deutschland\/politico-nancy-pelosi-will-armenien-besuchen\/#respond"]}]},{"@type":"WebPage","@id":"https:\/\/now-news.de\/de\/deutschland\/politico-nancy-pelosi-will-armenien-besuchen\/","url":"https:\/\/now-news.de\/de\/deutschland\/politico-nancy-pelosi-will-armenien-besuchen\/","name":"Politico: Nancy Pelosi will Armenien besuchen - just-now.NEWS Deutschland","isPartOf":{"@id":"https:\/\/now-news.de\/de\/#website"},"primaryImageOfPage":{"@id":"https:\/\/now-news.de\/de\/deutschland\/politico-nancy-pelosi-will-armenien-besuchen\/#primaryimage"},"image":{"@id":"https:\/\/now-news.de\/de\/deutschland\/politico-nancy-pelosi-will-armenien-besuchen\/#primaryimage"},"thumbnailUrl":"https:\/\/now-news.de\/de\/wp-content\/uploads\/sites\/3\/2022\/09\/Politico-Nancy-Pelosi-will-Armenien-besuchen.jpg","datePublished":"2022-09-16T11:05:12+00:00","dateModified":"2022-09-16T11:05:12+00:00","breadcrumb":{"@id":"https:\/\/now-news.de\/de\/deutschland\/politico-nancy-pelosi-will-armenien-besuchen\/#breadcrumb"},"inLanguage":"de","potentialAction":[{"@type":"ReadAction","target":["https:\/\/now-news.de\/de\/deutschland\/politico-nancy-pelosi-will-armenien-besuchen\/"]}]},{"@type":"ImageObject","inLanguage":"de","@id":"https:\/\/now-news.de\/de\/deutschland\/politico-nancy-pelosi-will-armenien-besuchen\/#primaryimage","url":"https:\/\/now-news.de\/de\/wp-content\/uploads\/sites\/3\/2022\/09\/Politico-Nancy-Pelosi-will-Armenien-besuchen.jpg","contentUrl":"https:\/\/now-news.de\/de\/wp-content\/uploads\/sites\/3\/2022\/09\/Politico-Nancy-Pelosi-will-Armenien-besuchen.jpg","width":460,"height":259,"caption":"Politico: Nancy Pelosi will Armenien besuchen"},{"@type":"BreadcrumbList","@id":"https:\/\/now-news.de\/de\/deutschland\/politico-nancy-pelosi-will-armenien-besuchen\/#breadcrumb","itemListElement":[{"@type":"ListItem","position":1,"name":"Home","item":"https:\/\/now-news.de\/de\/"},{"@type":"ListItem","position":2,"name":"Politico: Nancy Pelosi will Armenien besuchen"}]},{"@type":"WebSite","@id":"https:\/\/now-news.de\/de\/#website","url":"https:\/\/now-news.de\/de\/","name":"just-now.NEWS Deutschland","description":"Das Portal f\u00fcr unzensierte Nachrichten aus der Welt","publisher":{"@id":"https:\/\/now-news.de\/de\/#organization"},"potentialAction":[{"@type":"SearchAction","target":{"@type":"EntryPoint","urlTemplate":"https:\/\/now-news.de\/de\/?s={search_term_string}"},"query-input":"required name=search_term_string"}],"inLanguage":"de"},{"@type":"Organization","@id":"https:\/\/now-news.de\/de\/#organization","name":"Just Now News","url":"https:\/\/now-news.de\/de\/","logo":{"@type":"ImageObject","inLanguage":"de","@id":"https:\/\/now-news.de\/de\/#\/schema\/logo\/image\/","url":"http:\/\/just-now.news\/de\/wp-content\/uploads\/sites\/3\/2022\/04\/logo500x500.jpg","contentUrl":"http:\/\/just-now.news\/de\/wp-content\/uploads\/sites\/3\/2022\/04\/logo500x500.jpg","width":500,"height":500,"caption":"Just Now News"},"image":{"@id":"https:\/\/now-news.de\/de\/#\/schema\/logo\/image\/"},"sameAs":["https:\/\/www.facebook.com\/wirmachenauf","https:\/\/x.com\/WirMachenAuf_de"]},{"@type":"Person","@id":"https:\/\/now-news.de\/de\/#\/schema\/person\/fb534a4e865501d8b3285208df34a9b5","name":"rtnews","image":{"@type":"ImageObject","inLanguage":"de","@id":"https:\/\/now-news.de\/de\/#\/schema\/person\/image\/","url":"https:\/\/secure.gravatar.com\/avatar\/82aafea7d8127119dd649515f56e2117?s=96&d=mm&r=g","contentUrl":"https:\/\/secure.gravatar.com\/avatar\/82aafea7d8127119dd649515f56e2117?s=96&d=mm&r=g","caption":"rtnews"},"url":"https:\/\/now-news.de\/de\/author\/rnews\/"}]}},"_links":{"self":[{"href":"https:\/\/now-news.de\/de\/wp-json\/wp\/v2\/posts\/19192"}],"collection":[{"href":"https:\/\/now-news.de\/de\/wp-json\/wp\/v2\/posts"}],"about":[{"href":"https:\/\/now-news.de\/de\/wp-json\/wp\/v2\/types\/post"}],"author":[{"embeddable":true,"href":"https:\/\/now-news.de\/de\/wp-json\/wp\/v2\/users\/3"}],"replies":[{"embeddable":true,"href":"https:\/\/now-news.de\/de\/wp-json\/wp\/v2\/comments?post=19192"}],"version-history":[{"count":0,"href":"https:\/\/now-news.de\/de\/wp-json\/wp\/v2\/posts\/19192\/revisions"}],"wp:featuredmedia":[{"embeddable":true,"href":"https:\/\/now-news.de\/de\/wp-json\/wp\/v2\/media\/19193"}],"wp:attachment":[{"href":"https:\/\/now-news.de\/de\/wp-json\/wp\/v2\/media?parent=19192"}],"wp:term":[{"taxonomy":"category","embeddable":true,"href":"https:\/\/now-news.de\/de\/wp-json\/wp\/v2\/categories?post=19192"},{"taxonomy":"post_tag","embeddable":true,"href":"https:\/\/now-news.de\/de\/wp-json\/wp\/v2\/tags?post=19192"}],"curies":[{"name":"wp","href":"https:\/\/api.w.org\/{rel}","templated":true}]}}