{"id":19180,"date":"2022-09-16T08:50:20","date_gmt":"2022-09-16T06:50:20","guid":{"rendered":"http:\/\/just-now.news\/de\/china\/ipac-allianz-zur-weltweiten-kampagne-gegen-die-kpch-bei-menschenrechtsverletzungen\/"},"modified":"2022-09-16T08:50:20","modified_gmt":"2022-09-16T06:50:20","slug":"ipac-allianz-zur-weltweiten-kampagne-gegen-die-kpch-bei-menschenrechtsverletzungen","status":"publish","type":"post","link":"https:\/\/now-news.de\/de\/china\/ipac-allianz-zur-weltweiten-kampagne-gegen-die-kpch-bei-menschenrechtsverletzungen\/","title":{"rendered":"IPAC-Allianz zur weltweiten Kampagne gegen die KPCh bei Menschenrechtsverletzungen"},"content":{"rendered":"<div>\n<p>Politiker aus aller Welt haben vereinbart, sich weltweit f\u00fcr die Verh\u00e4ngung von Sanktionen gegen chinesische Menschenrechtsverletzer im Rahmen eines multinationalen Plans einzusetzen.<\/p>\n<p>Die Entscheidung ist Teil des j\u00fcngsten Aktionsplans als Reaktion auf das Verhalten Pekings von der globalen Interparlamentarischen Allianz zu China (IPAC), die vom 12. bis 14. September in Washington, DC, ihr j\u00e4hrliches Gipfeltreffen abhielt.<\/p>\n<p>\u201eDas Kommunique spricht verschiedene Politikbereiche in Bezug auf die VR China (Volksrepublik China) an, fordert eine gr\u00f6\u00dfere Unterst\u00fctzung f\u00fcr Taiwan und die Verlagerung kritischer Lieferketten aus der VR China\u201c, hei\u00dft es in einer Erkl\u00e4rung der Allianz.<\/p>\n<p>\u201eDas Dokument ist in Abschnitte unterteilt, die sich mit Menschenrechten, der Wahrung der internationalen regelbasierten Ordnung, Hongkong, Taiwan, der St\u00e4rkung der Demokratie und der Unterst\u00fctzung der Ukraine befassen und versucht, einen hochrangigen Entwurf f\u00fcr parlamentarische Kampagnen weltweit zu liefern.\u201c<\/p>\n<p>Das IPAC wurde am 4. Juni 2020, dem 31. Jahrestag des Massakers auf dem Platz des Himmlischen Friedens nach dem Ausbruch von COVID-19, gegr\u00fcndet und besteht aus 200 Abgeordneten aus 23 L\u00e4ndern, die versuchen, die Politik und Diskussion \u00fcber die Bedrohung durch die Kommunistische Partei Chinas zu gestalten ( KPC).<\/p>\n<p>Die IPAC-Mitglieder wollen, dass Regierungen KPCh-Beamte und K\u00f6rperschaften sanktionieren, die Menschenrechte verletzen, einschlie\u00dflich derer, die Massengr\u00e4uel in der uigurischen Region Xinjiang begangen und staatliche Repression in Hongkong durchgef\u00fchrt haben.<\/p>\n<p>Human Rights Watch (HRW), eine internationale Nichtregierungsorganisation (NGO), die sich daf\u00fcr einsetzt, das Bewusstsein f\u00fcr Menschenrechtsverletzungen weltweit zu sch\u00e4rfen, ver\u00f6ffentlichte am 13. September einen Artikel, in dem sie die australische Regierung aufforderte, chinesische Beamte f\u00fcr Menschenrechtsverletzungen in der chinesischen Region Xinjiang zu sanktionieren .<\/p>\n<h2>Unterst\u00fctzung durch \u00fcberparteiliche australische Gesetzgeber<\/h2>\n<p>Das Kommuniqu\u00e9 wurde einstimmig mit \u00fcber 60 politischen Entscheidungstr\u00e4gern aus 30 L\u00e4ndern angenommen, darunter 7 australische Gesetzgeber und eine \u00fcberparteiliche Delegation der Nation.<\/p>\n<figure id=\"attachment_4734889\" style=\"width: 500px\" class=\"wp-caption aligncenter\"> Senator James Paterson von der Mitte-Rechts-Liberalen Partei vor einer Pressekonferenz im Parlamentsgeb\u00e4ude in Canberra, Australien, am 5. September 2022. (AAP Image\/Mick Tsikas)<\/figure>\n<p>Der liberale Senator James Paterson, Co-Vorsitzender des IPAC und Schattenminister f\u00fcr Cybersicherheit und Bek\u00e4mpfung ausl\u00e4ndischer Einmischung, sagte, das Dokument \u201ezeige einen klaren Weg, um Demokratien zu helfen, Zwang und Einsch\u00fcchterung aus Peking zu widerstehen\u201c.<\/p>\n<p>\u201eNur wenn wir gemeinsam handeln, k\u00f6nnen wir hoffen, die Werte, die uns so am Herzen liegen und die durch die Opfer fr\u00fcherer Generationen bezahlt wurden, zu bewahren und aufrechtzuerhalten\u201c, sagte Paterson.<\/p>\n<p>\u201eWir verlassen den Gipfel st\u00e4rker als je zuvor, entschlossen, die Zusammenarbeit innerhalb dieses au\u00dfergew\u00f6hnlichen Netzwerks fortzusetzen und zu vertiefen, und entschlossen, dieses wichtige Kommuniqu\u00e9 in jedem unserer L\u00e4nder umzusetzen.\u201c<\/p>\n<p>Australien hat im Dezember 2021 sein \u201eMagnitsky\u201c-Gesetz verabschiedet, das es der Regierung erm\u00f6glicht, ausl\u00e4ndische Beamte zu sanktionieren, die Menschenrechte verletzen, sich an korrupten Praktiken beteiligen oder die nationale Sicherheit Australiens bedrohen.  Die Gesetzgebung wurde von der verstorbenen Labour-Senatorin Kimberley Kitching, einem Gr\u00fcndungsmitglied von IPAC, vorangetrieben.<\/p>\n<p>Die IPAC-Mitglieder stimmten auch zu, ihre Regierungen dazu zu dr\u00e4ngen, Wirtschaftssanktionen gegen die KPCh in Betracht zu ziehen, um ihre Milit\u00e4roperationen in Taiwan abzuschrecken.<\/p>\n<p>\u201eWirtschaftliche und politische Ma\u00dfnahmen, einschlie\u00dflich sinnvoller Sanktionen, sollten in Betracht gezogen werden, um eine milit\u00e4rische Eskalation zu verhindern und sicherzustellen, dass der Handel und andere Austauschvorg\u00e4nge mit Taiwan ungehindert fortgesetzt werden\u201c, hei\u00dft es in dem Kommuniqu\u00e9.<\/p>\n<figure id=\"attachment_4701539\" style=\"width: 500px\" class=\"wp-caption aligncenter\"><img loading=\"lazy\" decoding=\"async\" class=\"lazy wp-image-4701539\" src=\"http:\/\/just-now.news\/de\/wp-content\/uploads\/sites\/3\/2022\/09\/1663311098_953_IPAC-Allianz-zur-weltweiten-Kampagne-gegen-die-KPCh-bei-Menschenrechtsverletzungen.jpg\" alt=\"China-Hubschrauber\" width=\"500\" height=\"272\"> Ein Hubschrauber der Navy Force unter dem Eastern Theatre Command der chinesischen Armee nimmt am 8. August 2022 an Milit\u00e4r\u00fcbungen in den Gew\u00e4ssern um Taiwan an einem unbekannten Ort teil. (Eastern Theatre Command\/Handout via Reuters)<\/figure>\n<p>\u201eNiemand will Konflikte sehen \u2026 Was wir wollen, ist ein friedlicher Weg\u201c, berichtete der Labour-Abgeordnete Peter Khalil, ebenfalls Co-Vorsitzender des IPAC und Vorsitzender des parlamentarischen gemeinsamen Ausschusses f\u00fcr Geheimdienste und Sicherheit des australischen Komitees, mit diesen Worten .<\/p>\n<p>\u201eJede Entwicklung von Taiwans Status muss friedlich durch Dialog erfolgen\u201c, sagte er.<\/p>\n<p>Khalil lobte die entscheidende Rolle des IPAC beim Schutz gemeinsamer demokratischer Werte und warnte davor, dass Russlands derzeitige Invasion in der Ukraine \u201esehr repr\u00e4sentativ f\u00fcr den Wettbewerb direkt vor unseren Augen\u201c sei.<\/p>\n<p>\u201eDas ist wirklich eine Frage, in welcher Art von Welt wir leben wollen\u201c, sagte er.<\/p>\n<p>Andere australische Gesetzgeber, die das Dokument unterzeichnet haben, sind die liberalen Frontb\u00e4nkler Claire Chandler und Andrew Hastie, die Labour-Senatorin Deborah O&#8217;Neill und Hugh Mc Dermott sowie die gr\u00fcne Abgeordnete Cassy O&#8217;Connor.<\/p>\n<\/div>\n<p><br \/>\n<b> Text ist eine \u00dcbersetzung vom Epoch Times Artikel:<\/p>\n<p><a href=\"https:\/\/www.theepochtimes.com\/ipac-allaince-to-campaign-globally-against-ccp-on-human-rights-violations_4734882.html\">Source link <\/a><\/p>\n","protected":false},"excerpt":{"rendered":"<p>Politiker aus aller Welt haben vereinbart, sich weltweit f\u00fcr die Verh\u00e4ngung von Sanktionen gegen chinesische Menschenrechtsverletzer im Rahmen eines multinationalen Plans einzusetzen. Die Entscheidung ist Teil des j\u00fcngsten Aktionsplans als Reaktion auf das Verhalten Pekings von der globalen Interparlamentarischen Allianz zu China (IPAC), die vom 12. bis 14. September in Washington, DC, ihr j\u00e4hrliches Gipfeltreffen [&hellip;]<\/p>\n","protected":false},"author":6,"featured_media":19181,"comment_status":"open","ping_status":"open","sticky":false,"template":"","format":"standard","meta":{"wp_automatic_camp":["1164"],"813fed9b595b11f9e6f0f3925e555a63":["IPAC-Allianz zur weltweiten Kampagne gegen die KPCh bei Menschenrechtsverletzungen\n"],"original_link":["https:\/\/www.theepochtimes.com\/ipac-allaince-to-campaign-globally-against-ccp-on-human-rights-violations_4734882.html"],"_thumbnail_id":["19181"],"wp_automatic_remove_first_image":["yes"],"jnews_social_counter_last_update":["1777417848"]},"categories":[21],"tags":[363,45,278,32918,4413,18803,11960,23412,581],"yoast_head":"<!-- This site is optimized with the Yoast SEO Premium plugin v22.7 (Yoast SEO v22.7) - https:\/\/yoast.com\/wordpress\/plugins\/seo\/ -->\n<title>IPAC-Allianz zur weltweiten Kampagne gegen die KPCh bei Menschenrechtsverletzungen - just-now.NEWS Deutschland<\/title>\n<meta name=\"robots\" content=\"index, follow, max-snippet:-1, max-image-preview:large, max-video-preview:-1\" \/>\n<link rel=\"canonical\" href=\"https:\/\/now-news.de\/de\/china\/ipac-allianz-zur-weltweiten-kampagne-gegen-die-kpch-bei-menschenrechtsverletzungen\/\" \/>\n<meta property=\"og:locale\" content=\"de_DE\" \/>\n<meta property=\"og:type\" content=\"article\" \/>\n<meta property=\"og:title\" content=\"IPAC-Allianz zur weltweiten Kampagne gegen die KPCh bei Menschenrechtsverletzungen\" \/>\n<meta property=\"og:description\" content=\"Politiker aus aller Welt haben vereinbart, sich weltweit f\u00fcr die Verh\u00e4ngung von Sanktionen gegen chinesische Menschenrechtsverletzer im Rahmen eines multinationalen Plans einzusetzen. Die Entscheidung ist Teil des j\u00fcngsten Aktionsplans als Reaktion auf das Verhalten Pekings von der globalen Interparlamentarischen Allianz zu China (IPAC), die vom 12. bis 14. September in Washington, DC, ihr j\u00e4hrliches Gipfeltreffen [&hellip;]\" \/>\n<meta property=\"og:url\" content=\"https:\/\/now-news.de\/de\/china\/ipac-allianz-zur-weltweiten-kampagne-gegen-die-kpch-bei-menschenrechtsverletzungen\/\" \/>\n<meta property=\"og:site_name\" content=\"just-now.NEWS Deutschland\" \/>\n<meta property=\"article:publisher\" content=\"https:\/\/www.facebook.com\/wirmachenauf\" \/>\n<meta property=\"article:published_time\" content=\"2022-09-16T06:50:20+00:00\" \/>\n<meta property=\"og:image\" content=\"https:\/\/now-news.de\/de\/wp-content\/uploads\/sites\/3\/2022\/09\/1663311100_IPAC-Allianz-zur-weltweiten-Kampagne-gegen-die-KPCh-bei-Menschenrechtsverletzungen.jpg\" \/>\n\t<meta property=\"og:image:width\" content=\"1200\" \/>\n\t<meta property=\"og:image:height\" content=\"800\" \/>\n\t<meta property=\"og:image:type\" content=\"image\/jpeg\" \/>\n<meta name=\"author\" content=\"epoch\" \/>\n<meta name=\"twitter:card\" content=\"summary_large_image\" \/>\n<meta name=\"twitter:creator\" content=\"@WirMachenAuf_de\" \/>\n<meta name=\"twitter:site\" content=\"@WirMachenAuf_de\" \/>\n<meta name=\"twitter:label1\" content=\"Verfasst von\" \/>\n\t<meta name=\"twitter:data1\" content=\"epoch\" \/>\n\t<meta name=\"twitter:label2\" content=\"Gesch\u00e4tzte Lesezeit\" \/>\n\t<meta name=\"twitter:data2\" content=\"4\u00a0Minuten\" \/>\n<script type=\"application\/ld+json\" class=\"yoast-schema-graph\">{\"@context\":\"https:\/\/schema.org\",\"@graph\":[{\"@type\":\"Article\",\"@id\":\"https:\/\/now-news.de\/de\/china\/ipac-allianz-zur-weltweiten-kampagne-gegen-die-kpch-bei-menschenrechtsverletzungen\/#article\",\"isPartOf\":{\"@id\":\"https:\/\/now-news.de\/de\/china\/ipac-allianz-zur-weltweiten-kampagne-gegen-die-kpch-bei-menschenrechtsverletzungen\/\"},\"author\":{\"name\":\"epoch\",\"@id\":\"https:\/\/now-news.de\/de\/#\/schema\/person\/c6dfcd35a72a074487761b9d49aef52f\"},\"headline\":\"IPAC-Allianz zur weltweiten Kampagne gegen die KPCh bei Menschenrechtsverletzungen\",\"datePublished\":\"2022-09-16T06:50:20+00:00\",\"dateModified\":\"2022-09-16T06:50:20+00:00\",\"mainEntityOfPage\":{\"@id\":\"https:\/\/now-news.de\/de\/china\/ipac-allianz-zur-weltweiten-kampagne-gegen-die-kpch-bei-menschenrechtsverletzungen\/\"},\"wordCount\":726,\"commentCount\":0,\"publisher\":{\"@id\":\"https:\/\/now-news.de\/de\/#organization\"},\"image\":{\"@id\":\"https:\/\/now-news.de\/de\/china\/ipac-allianz-zur-weltweiten-kampagne-gegen-die-kpch-bei-menschenrechtsverletzungen\/#primaryimage\"},\"thumbnailUrl\":\"https:\/\/now-news.de\/de\/wp-content\/uploads\/sites\/3\/2022\/09\/1663311100_IPAC-Allianz-zur-weltweiten-Kampagne-gegen-die-KPCh-bei-Menschenrechtsverletzungen.jpg\",\"keywords\":[\"bei\",\"die\",\"gegen\",\"IPACAllianz\",\"Kampagne\",\"KPCh\",\"Menschenrechtsverletzungen\",\"weltweiten\",\"zur\"],\"articleSection\":[\"China\"],\"inLanguage\":\"de\",\"potentialAction\":[{\"@type\":\"CommentAction\",\"name\":\"Comment\",\"target\":[\"https:\/\/now-news.de\/de\/china\/ipac-allianz-zur-weltweiten-kampagne-gegen-die-kpch-bei-menschenrechtsverletzungen\/#respond\"]}]},{\"@type\":\"WebPage\",\"@id\":\"https:\/\/now-news.de\/de\/china\/ipac-allianz-zur-weltweiten-kampagne-gegen-die-kpch-bei-menschenrechtsverletzungen\/\",\"url\":\"https:\/\/now-news.de\/de\/china\/ipac-allianz-zur-weltweiten-kampagne-gegen-die-kpch-bei-menschenrechtsverletzungen\/\",\"name\":\"IPAC-Allianz zur weltweiten Kampagne gegen die KPCh bei Menschenrechtsverletzungen - just-now.NEWS Deutschland\",\"isPartOf\":{\"@id\":\"https:\/\/now-news.de\/de\/#website\"},\"primaryImageOfPage\":{\"@id\":\"https:\/\/now-news.de\/de\/china\/ipac-allianz-zur-weltweiten-kampagne-gegen-die-kpch-bei-menschenrechtsverletzungen\/#primaryimage\"},\"image\":{\"@id\":\"https:\/\/now-news.de\/de\/china\/ipac-allianz-zur-weltweiten-kampagne-gegen-die-kpch-bei-menschenrechtsverletzungen\/#primaryimage\"},\"thumbnailUrl\":\"https:\/\/now-news.de\/de\/wp-content\/uploads\/sites\/3\/2022\/09\/1663311100_IPAC-Allianz-zur-weltweiten-Kampagne-gegen-die-KPCh-bei-Menschenrechtsverletzungen.jpg\",\"datePublished\":\"2022-09-16T06:50:20+00:00\",\"dateModified\":\"2022-09-16T06:50:20+00:00\",\"breadcrumb\":{\"@id\":\"https:\/\/now-news.de\/de\/china\/ipac-allianz-zur-weltweiten-kampagne-gegen-die-kpch-bei-menschenrechtsverletzungen\/#breadcrumb\"},\"inLanguage\":\"de\",\"potentialAction\":[{\"@type\":\"ReadAction\",\"target\":[\"https:\/\/now-news.de\/de\/china\/ipac-allianz-zur-weltweiten-kampagne-gegen-die-kpch-bei-menschenrechtsverletzungen\/\"]}]},{\"@type\":\"ImageObject\",\"inLanguage\":\"de\",\"@id\":\"https:\/\/now-news.de\/de\/china\/ipac-allianz-zur-weltweiten-kampagne-gegen-die-kpch-bei-menschenrechtsverletzungen\/#primaryimage\",\"url\":\"https:\/\/now-news.de\/de\/wp-content\/uploads\/sites\/3\/2022\/09\/1663311100_IPAC-Allianz-zur-weltweiten-Kampagne-gegen-die-KPCh-bei-Menschenrechtsverletzungen.jpg\",\"contentUrl\":\"https:\/\/now-news.de\/de\/wp-content\/uploads\/sites\/3\/2022\/09\/1663311100_IPAC-Allianz-zur-weltweiten-Kampagne-gegen-die-KPCh-bei-Menschenrechtsverletzungen.jpg\",\"width\":1200,\"height\":800},{\"@type\":\"BreadcrumbList\",\"@id\":\"https:\/\/now-news.de\/de\/china\/ipac-allianz-zur-weltweiten-kampagne-gegen-die-kpch-bei-menschenrechtsverletzungen\/#breadcrumb\",\"itemListElement\":[{\"@type\":\"ListItem\",\"position\":1,\"name\":\"Home\",\"item\":\"https:\/\/now-news.de\/de\/\"},{\"@type\":\"ListItem\",\"position\":2,\"name\":\"IPAC-Allianz zur weltweiten Kampagne gegen die KPCh bei Menschenrechtsverletzungen\"}]},{\"@type\":\"WebSite\",\"@id\":\"https:\/\/now-news.de\/de\/#website\",\"url\":\"https:\/\/now-news.de\/de\/\",\"name\":\"just-now.NEWS Deutschland\",\"description\":\"Das Portal f\u00fcr unzensierte Nachrichten aus der Welt\",\"publisher\":{\"@id\":\"https:\/\/now-news.de\/de\/#organization\"},\"potentialAction\":[{\"@type\":\"SearchAction\",\"target\":{\"@type\":\"EntryPoint\",\"urlTemplate\":\"https:\/\/now-news.de\/de\/?s={search_term_string}\"},\"query-input\":\"required name=search_term_string\"}],\"inLanguage\":\"de\"},{\"@type\":\"Organization\",\"@id\":\"https:\/\/now-news.de\/de\/#organization\",\"name\":\"Just Now News\",\"url\":\"https:\/\/now-news.de\/de\/\",\"logo\":{\"@type\":\"ImageObject\",\"inLanguage\":\"de\",\"@id\":\"https:\/\/now-news.de\/de\/#\/schema\/logo\/image\/\",\"url\":\"http:\/\/just-now.news\/de\/wp-content\/uploads\/sites\/3\/2022\/04\/logo500x500.jpg\",\"contentUrl\":\"http:\/\/just-now.news\/de\/wp-content\/uploads\/sites\/3\/2022\/04\/logo500x500.jpg\",\"width\":500,\"height\":500,\"caption\":\"Just Now News\"},\"image\":{\"@id\":\"https:\/\/now-news.de\/de\/#\/schema\/logo\/image\/\"},\"sameAs\":[\"https:\/\/www.facebook.com\/wirmachenauf\",\"https:\/\/x.com\/WirMachenAuf_de\"]},{\"@type\":\"Person\",\"@id\":\"https:\/\/now-news.de\/de\/#\/schema\/person\/c6dfcd35a72a074487761b9d49aef52f\",\"name\":\"epoch\",\"image\":{\"@type\":\"ImageObject\",\"inLanguage\":\"de\",\"@id\":\"https:\/\/now-news.de\/de\/#\/schema\/person\/image\/\",\"url\":\"https:\/\/secure.gravatar.com\/avatar\/56933836307948e61ef581cc4d100335?s=96&d=mm&r=g\",\"contentUrl\":\"https:\/\/secure.gravatar.com\/avatar\/56933836307948e61ef581cc4d100335?s=96&d=mm&r=g\",\"caption\":\"epoch\"},\"url\":\"https:\/\/now-news.de\/de\/author\/epoch\/\"}]}<\/script>\n<!-- \/ Yoast SEO Premium plugin. -->","yoast_head_json":{"title":"IPAC-Allianz zur weltweiten Kampagne gegen die KPCh bei Menschenrechtsverletzungen - just-now.NEWS Deutschland","robots":{"index":"index","follow":"follow","max-snippet":"max-snippet:-1","max-image-preview":"max-image-preview:large","max-video-preview":"max-video-preview:-1"},"canonical":"https:\/\/now-news.de\/de\/china\/ipac-allianz-zur-weltweiten-kampagne-gegen-die-kpch-bei-menschenrechtsverletzungen\/","og_locale":"de_DE","og_type":"article","og_title":"IPAC-Allianz zur weltweiten Kampagne gegen die KPCh bei Menschenrechtsverletzungen","og_description":"Politiker aus aller Welt haben vereinbart, sich weltweit f\u00fcr die Verh\u00e4ngung von Sanktionen gegen chinesische Menschenrechtsverletzer im Rahmen eines multinationalen Plans einzusetzen. Die Entscheidung ist Teil des j\u00fcngsten Aktionsplans als Reaktion auf das Verhalten Pekings von der globalen Interparlamentarischen Allianz zu China (IPAC), die vom 12. bis 14. September in Washington, DC, ihr j\u00e4hrliches Gipfeltreffen [&hellip;]","og_url":"https:\/\/now-news.de\/de\/china\/ipac-allianz-zur-weltweiten-kampagne-gegen-die-kpch-bei-menschenrechtsverletzungen\/","og_site_name":"just-now.NEWS Deutschland","article_publisher":"https:\/\/www.facebook.com\/wirmachenauf","article_published_time":"2022-09-16T06:50:20+00:00","og_image":[{"width":1200,"height":800,"url":"https:\/\/now-news.de\/de\/wp-content\/uploads\/sites\/3\/2022\/09\/1663311100_IPAC-Allianz-zur-weltweiten-Kampagne-gegen-die-KPCh-bei-Menschenrechtsverletzungen.jpg","type":"image\/jpeg"}],"author":"epoch","twitter_card":"summary_large_image","twitter_creator":"@WirMachenAuf_de","twitter_site":"@WirMachenAuf_de","twitter_misc":{"Verfasst von":"epoch","Gesch\u00e4tzte Lesezeit":"4\u00a0Minuten"},"schema":{"@context":"https:\/\/schema.org","@graph":[{"@type":"Article","@id":"https:\/\/now-news.de\/de\/china\/ipac-allianz-zur-weltweiten-kampagne-gegen-die-kpch-bei-menschenrechtsverletzungen\/#article","isPartOf":{"@id":"https:\/\/now-news.de\/de\/china\/ipac-allianz-zur-weltweiten-kampagne-gegen-die-kpch-bei-menschenrechtsverletzungen\/"},"author":{"name":"epoch","@id":"https:\/\/now-news.de\/de\/#\/schema\/person\/c6dfcd35a72a074487761b9d49aef52f"},"headline":"IPAC-Allianz zur weltweiten Kampagne gegen die KPCh bei Menschenrechtsverletzungen","datePublished":"2022-09-16T06:50:20+00:00","dateModified":"2022-09-16T06:50:20+00:00","mainEntityOfPage":{"@id":"https:\/\/now-news.de\/de\/china\/ipac-allianz-zur-weltweiten-kampagne-gegen-die-kpch-bei-menschenrechtsverletzungen\/"},"wordCount":726,"commentCount":0,"publisher":{"@id":"https:\/\/now-news.de\/de\/#organization"},"image":{"@id":"https:\/\/now-news.de\/de\/china\/ipac-allianz-zur-weltweiten-kampagne-gegen-die-kpch-bei-menschenrechtsverletzungen\/#primaryimage"},"thumbnailUrl":"https:\/\/now-news.de\/de\/wp-content\/uploads\/sites\/3\/2022\/09\/1663311100_IPAC-Allianz-zur-weltweiten-Kampagne-gegen-die-KPCh-bei-Menschenrechtsverletzungen.jpg","keywords":["bei","die","gegen","IPACAllianz","Kampagne","KPCh","Menschenrechtsverletzungen","weltweiten","zur"],"articleSection":["China"],"inLanguage":"de","potentialAction":[{"@type":"CommentAction","name":"Comment","target":["https:\/\/now-news.de\/de\/china\/ipac-allianz-zur-weltweiten-kampagne-gegen-die-kpch-bei-menschenrechtsverletzungen\/#respond"]}]},{"@type":"WebPage","@id":"https:\/\/now-news.de\/de\/china\/ipac-allianz-zur-weltweiten-kampagne-gegen-die-kpch-bei-menschenrechtsverletzungen\/","url":"https:\/\/now-news.de\/de\/china\/ipac-allianz-zur-weltweiten-kampagne-gegen-die-kpch-bei-menschenrechtsverletzungen\/","name":"IPAC-Allianz zur weltweiten Kampagne gegen die KPCh bei Menschenrechtsverletzungen - just-now.NEWS Deutschland","isPartOf":{"@id":"https:\/\/now-news.de\/de\/#website"},"primaryImageOfPage":{"@id":"https:\/\/now-news.de\/de\/china\/ipac-allianz-zur-weltweiten-kampagne-gegen-die-kpch-bei-menschenrechtsverletzungen\/#primaryimage"},"image":{"@id":"https:\/\/now-news.de\/de\/china\/ipac-allianz-zur-weltweiten-kampagne-gegen-die-kpch-bei-menschenrechtsverletzungen\/#primaryimage"},"thumbnailUrl":"https:\/\/now-news.de\/de\/wp-content\/uploads\/sites\/3\/2022\/09\/1663311100_IPAC-Allianz-zur-weltweiten-Kampagne-gegen-die-KPCh-bei-Menschenrechtsverletzungen.jpg","datePublished":"2022-09-16T06:50:20+00:00","dateModified":"2022-09-16T06:50:20+00:00","breadcrumb":{"@id":"https:\/\/now-news.de\/de\/china\/ipac-allianz-zur-weltweiten-kampagne-gegen-die-kpch-bei-menschenrechtsverletzungen\/#breadcrumb"},"inLanguage":"de","potentialAction":[{"@type":"ReadAction","target":["https:\/\/now-news.de\/de\/china\/ipac-allianz-zur-weltweiten-kampagne-gegen-die-kpch-bei-menschenrechtsverletzungen\/"]}]},{"@type":"ImageObject","inLanguage":"de","@id":"https:\/\/now-news.de\/de\/china\/ipac-allianz-zur-weltweiten-kampagne-gegen-die-kpch-bei-menschenrechtsverletzungen\/#primaryimage","url":"https:\/\/now-news.de\/de\/wp-content\/uploads\/sites\/3\/2022\/09\/1663311100_IPAC-Allianz-zur-weltweiten-Kampagne-gegen-die-KPCh-bei-Menschenrechtsverletzungen.jpg","contentUrl":"https:\/\/now-news.de\/de\/wp-content\/uploads\/sites\/3\/2022\/09\/1663311100_IPAC-Allianz-zur-weltweiten-Kampagne-gegen-die-KPCh-bei-Menschenrechtsverletzungen.jpg","width":1200,"height":800},{"@type":"BreadcrumbList","@id":"https:\/\/now-news.de\/de\/china\/ipac-allianz-zur-weltweiten-kampagne-gegen-die-kpch-bei-menschenrechtsverletzungen\/#breadcrumb","itemListElement":[{"@type":"ListItem","position":1,"name":"Home","item":"https:\/\/now-news.de\/de\/"},{"@type":"ListItem","position":2,"name":"IPAC-Allianz zur weltweiten Kampagne gegen die KPCh bei Menschenrechtsverletzungen"}]},{"@type":"WebSite","@id":"https:\/\/now-news.de\/de\/#website","url":"https:\/\/now-news.de\/de\/","name":"just-now.NEWS Deutschland","description":"Das Portal f\u00fcr unzensierte Nachrichten aus der Welt","publisher":{"@id":"https:\/\/now-news.de\/de\/#organization"},"potentialAction":[{"@type":"SearchAction","target":{"@type":"EntryPoint","urlTemplate":"https:\/\/now-news.de\/de\/?s={search_term_string}"},"query-input":"required name=search_term_string"}],"inLanguage":"de"},{"@type":"Organization","@id":"https:\/\/now-news.de\/de\/#organization","name":"Just Now News","url":"https:\/\/now-news.de\/de\/","logo":{"@type":"ImageObject","inLanguage":"de","@id":"https:\/\/now-news.de\/de\/#\/schema\/logo\/image\/","url":"http:\/\/just-now.news\/de\/wp-content\/uploads\/sites\/3\/2022\/04\/logo500x500.jpg","contentUrl":"http:\/\/just-now.news\/de\/wp-content\/uploads\/sites\/3\/2022\/04\/logo500x500.jpg","width":500,"height":500,"caption":"Just Now News"},"image":{"@id":"https:\/\/now-news.de\/de\/#\/schema\/logo\/image\/"},"sameAs":["https:\/\/www.facebook.com\/wirmachenauf","https:\/\/x.com\/WirMachenAuf_de"]},{"@type":"Person","@id":"https:\/\/now-news.de\/de\/#\/schema\/person\/c6dfcd35a72a074487761b9d49aef52f","name":"epoch","image":{"@type":"ImageObject","inLanguage":"de","@id":"https:\/\/now-news.de\/de\/#\/schema\/person\/image\/","url":"https:\/\/secure.gravatar.com\/avatar\/56933836307948e61ef581cc4d100335?s=96&d=mm&r=g","contentUrl":"https:\/\/secure.gravatar.com\/avatar\/56933836307948e61ef581cc4d100335?s=96&d=mm&r=g","caption":"epoch"},"url":"https:\/\/now-news.de\/de\/author\/epoch\/"}]}},"_links":{"self":[{"href":"https:\/\/now-news.de\/de\/wp-json\/wp\/v2\/posts\/19180"}],"collection":[{"href":"https:\/\/now-news.de\/de\/wp-json\/wp\/v2\/posts"}],"about":[{"href":"https:\/\/now-news.de\/de\/wp-json\/wp\/v2\/types\/post"}],"author":[{"embeddable":true,"href":"https:\/\/now-news.de\/de\/wp-json\/wp\/v2\/users\/6"}],"replies":[{"embeddable":true,"href":"https:\/\/now-news.de\/de\/wp-json\/wp\/v2\/comments?post=19180"}],"version-history":[{"count":0,"href":"https:\/\/now-news.de\/de\/wp-json\/wp\/v2\/posts\/19180\/revisions"}],"wp:featuredmedia":[{"embeddable":true,"href":"https:\/\/now-news.de\/de\/wp-json\/wp\/v2\/media\/19181"}],"wp:attachment":[{"href":"https:\/\/now-news.de\/de\/wp-json\/wp\/v2\/media?parent=19180"}],"wp:term":[{"taxonomy":"category","embeddable":true,"href":"https:\/\/now-news.de\/de\/wp-json\/wp\/v2\/categories?post=19180"},{"taxonomy":"post_tag","embeddable":true,"href":"https:\/\/now-news.de\/de\/wp-json\/wp\/v2\/tags?post=19180"}],"curies":[{"name":"wp","href":"https:\/\/api.w.org\/{rel}","templated":true}]}}