{"id":19174,"date":"2022-09-16T06:00:00","date_gmt":"2022-09-16T04:00:00","guid":{"rendered":"http:\/\/just-now.news\/de\/deutschland\/gazprom-nur-der-start-von-nord-stream-2-kann-die-energiekrise-der-eu-loesen\/"},"modified":"2022-09-16T06:00:00","modified_gmt":"2022-09-16T04:00:00","slug":"gazprom-nur-der-start-von-nord-stream-2-kann-die-energiekrise-der-eu-loesen","status":"publish","type":"post","link":"https:\/\/now-news.de\/de\/deutschland\/gazprom-nur-der-start-von-nord-stream-2-kann-die-energiekrise-der-eu-loesen\/","title":{"rendered":"Gazprom: Nur der Start von Nord Stream 2 kann die Energiekrise der EU l\u00f6sen"},"content":{"rendered":"<p><img decoding=\"async\" src=\"http:\/\/just-now.news\/de\/wp-content\/uploads\/sites\/3\/2022\/09\/63235c2848fbef5b621235f6.jpg\" \/><\/p>\n<p>Die \u00d6ffnung der russischen Gaspipeline Nord Stream 2 k\u00f6nnte die Energiekrise in Europa l\u00f6sen, sagte der stellvertretende Vorstandsvorsitzende von Gazprom, Oleg Axjutin, auf einer Plenumssitzung des Petersburger Internationalen Gasforums (SPIGF 2022) am Donnerstag.<\/p>\n<p>Axjutin betonte:<\/p>\n<blockquote>\n<p><em>&#8220;Der Start von Nord Stream 2 k\u00f6nnte das Problem l\u00f6sen, den Gasmarkt in Europa ins Gleichgewicht zu bringen, aber wir sehen, dass europ\u00e4ische Politiker sich gegen diese offensichtliche L\u00f6sung str\u00e4uben.&#8221;<\/em><\/p>\n<\/blockquote>\n<p>Der stellvertretende Gazprom-Chef stellte fest:<\/p>\n<blockquote>\n<p><em>&#8220;Es gibt schlicht keine angemessene Alternative zur Lieferung von russischem Pipelinegas f\u00fcr Europa. Kein Land ist im Stande, Ressourcen zu liefern, die mit den Ressourcen und den Feldern Sibiriens und der Jamal-Halbinsel vergleichbar sind. Niemand kann die Lieferung durch Pipelinesysteme zu den Bedingungen steigern, die Gazprom anbietet.&#8221;<\/em><\/p>\n<\/blockquote>\n<p>Axjutin sagte, die Haltung Br\u00fcssels zu russischem Gas und die Ma\u00dfnahmen, die die EU ergreife, um die Abh\u00e4ngigkeit davon zu verringern, verurteile die europ\u00e4ische Wirtschaft zu Ineffizienz und zu einem Verlust an Wettbewerbsf\u00e4higkeit.<\/p>\n<p>Er kritisierte auch die Bestrebungen des Blocks, russisches Pipelinegas durch Importe von Fl\u00fcssiggas (LNG) \u00fcber den Ozean zu ersetzen, und betonte, dass LNG &#8220;nicht durch Zauberei auf dem Markt erscheint&#8221;. Es sei unwahrscheinlich, dass das Angebot an LNG auf dem Weltmarkt in den n\u00e4chsten zwei Jahren nennenswert steige.<\/p>\n<p>Die Pipeline Nord Stream 2, die letztes Jahr fertiggestellt wurde, aber wegen Berlins Z\u00f6gern bei der Zertifizierung nie in Betrieb ging, hat eine j\u00e4hrliche Kapazit\u00e4t von 55 Milliarden Kubikmetern. Sie k\u00f6nnte, sagen Experten, dem Block sehr helfen, insbesondere jetzt, da eine andere russische Pipeline, Nord Stream 1, infolge technischer Probleme auf unbestimmte Zeit geschlossen ist. Die einzigen verbliebenen wichtigen Routen, auf denen russisches Gas Europa erreicht, sind die eine noch funktionierende Transitlinie durch die Ukraine und die TurkStream-Pipeline durch die T\u00fcrkei.<\/p>\n<p><strong>Mehr zum Thema<\/strong> &#8211; <a rel=\"nofollow noopener\" target=\"_blank\" href=\"https:\/\/rtde.site\/meinung\/148790-russland-sanktionen-habeck-taeuscht-oeffentlichkeit\/\">Russland-Sanktionen: Habeck t\u00e4uscht die \u00d6ffentlichkeit <\/a><\/p>\n<p><br \/>\n<br \/><a href=\"https:\/\/de.rt.com\/wirtschaft\/149062-gazprom-eu-kann-sanktionskrise-losen\/\">Source link <\/a><\/p>\n","protected":false},"excerpt":{"rendered":"<p>Die \u00d6ffnung der russischen Gaspipeline Nord Stream 2 k\u00f6nnte die Energiekrise in Europa l\u00f6sen, sagte der stellvertretende Vorstandsvorsitzende von Gazprom, Oleg Axjutin, auf einer Plenumssitzung des Petersburger Internationalen Gasforums (SPIGF 2022) am Donnerstag. Axjutin betonte: &#8220;Der Start von Nord Stream 2 k\u00f6nnte das Problem l\u00f6sen, den Gasmarkt in Europa ins Gleichgewicht zu bringen, aber wir [&hellip;]<\/p>\n","protected":false},"author":3,"featured_media":19175,"comment_status":"open","ping_status":"open","sticky":false,"template":"","format":"standard","meta":{"wp_automatic_camp":["217"],"f380fab07a798ff8af9ff4d209fd63de":["Gazprom: Nur der Start von Nord Stream 2 kann die Energiekrise der EU l\u00f6sen"],"original_link":["https:\/\/de.rt.com\/wirtschaft\/149062-gazprom-eu-kann-sanktionskrise-losen\/"],"_thumbnail_id":["19175"],"_wptg_p2tg_sent2tg":["2022-09-16 06:13:37"],"jnews_social_counter_last_update":["1777253559"]},"categories":[19,23],"tags":[82,45,3788,10885,838,3634,11408,4230,321,8951,50],"yoast_head":"<!-- This site is optimized with the Yoast SEO Premium plugin v22.7 (Yoast SEO v22.7) - https:\/\/yoast.com\/wordpress\/plugins\/seo\/ -->\n<title>Gazprom: Nur der Start von Nord Stream 2 kann die Energiekrise der EU l\u00f6sen - just-now.NEWS Deutschland<\/title>\n<meta name=\"robots\" content=\"index, follow, max-snippet:-1, max-image-preview:large, max-video-preview:-1\" \/>\n<link rel=\"canonical\" href=\"https:\/\/now-news.de\/de\/deutschland\/gazprom-nur-der-start-von-nord-stream-2-kann-die-energiekrise-der-eu-loesen\/\" \/>\n<meta property=\"og:locale\" content=\"de_DE\" \/>\n<meta property=\"og:type\" content=\"article\" \/>\n<meta property=\"og:title\" content=\"Gazprom: Nur der Start von Nord Stream 2 kann die Energiekrise der EU l\u00f6sen\" \/>\n<meta property=\"og:description\" content=\"Die \u00d6ffnung der russischen Gaspipeline Nord Stream 2 k\u00f6nnte die Energiekrise in Europa l\u00f6sen, sagte der stellvertretende Vorstandsvorsitzende von Gazprom, Oleg Axjutin, auf einer Plenumssitzung des Petersburger Internationalen Gasforums (SPIGF 2022) am Donnerstag. Axjutin betonte: &#8220;Der Start von Nord Stream 2 k\u00f6nnte das Problem l\u00f6sen, den Gasmarkt in Europa ins Gleichgewicht zu bringen, aber wir [&hellip;]\" \/>\n<meta property=\"og:url\" content=\"https:\/\/now-news.de\/de\/deutschland\/gazprom-nur-der-start-von-nord-stream-2-kann-die-energiekrise-der-eu-loesen\/\" \/>\n<meta property=\"og:site_name\" content=\"just-now.NEWS Deutschland\" \/>\n<meta property=\"article:publisher\" content=\"https:\/\/www.facebook.com\/wirmachenauf\" \/>\n<meta property=\"article:published_time\" content=\"2022-09-16T04:00:00+00:00\" \/>\n<meta property=\"og:image\" content=\"https:\/\/now-news.de\/de\/wp-content\/uploads\/sites\/3\/2022\/09\/Gazprom-Nur-der-Start-von-Nord-Stream-2-kann-die.jpg\" \/>\n\t<meta property=\"og:image:width\" content=\"460\" \/>\n\t<meta property=\"og:image:height\" content=\"259\" \/>\n\t<meta property=\"og:image:type\" content=\"image\/jpeg\" \/>\n<meta name=\"author\" content=\"rtnews\" \/>\n<meta name=\"twitter:card\" content=\"summary_large_image\" \/>\n<meta name=\"twitter:creator\" content=\"@WirMachenAuf_de\" \/>\n<meta name=\"twitter:site\" content=\"@WirMachenAuf_de\" \/>\n<meta name=\"twitter:label1\" content=\"Verfasst von\" \/>\n\t<meta name=\"twitter:data1\" content=\"rtnews\" \/>\n\t<meta name=\"twitter:label2\" content=\"Gesch\u00e4tzte Lesezeit\" \/>\n\t<meta name=\"twitter:data2\" content=\"2\u00a0Minuten\" \/>\n<script type=\"application\/ld+json\" class=\"yoast-schema-graph\">{\"@context\":\"https:\/\/schema.org\",\"@graph\":[{\"@type\":\"Article\",\"@id\":\"https:\/\/now-news.de\/de\/deutschland\/gazprom-nur-der-start-von-nord-stream-2-kann-die-energiekrise-der-eu-loesen\/#article\",\"isPartOf\":{\"@id\":\"https:\/\/now-news.de\/de\/deutschland\/gazprom-nur-der-start-von-nord-stream-2-kann-die-energiekrise-der-eu-loesen\/\"},\"author\":{\"name\":\"rtnews\",\"@id\":\"https:\/\/now-news.de\/de\/#\/schema\/person\/fb534a4e865501d8b3285208df34a9b5\"},\"headline\":\"Gazprom: Nur der Start von Nord Stream 2 kann die Energiekrise der EU l\u00f6sen\",\"datePublished\":\"2022-09-16T04:00:00+00:00\",\"dateModified\":\"2022-09-16T04:00:00+00:00\",\"mainEntityOfPage\":{\"@id\":\"https:\/\/now-news.de\/de\/deutschland\/gazprom-nur-der-start-von-nord-stream-2-kann-die-energiekrise-der-eu-loesen\/\"},\"wordCount\":320,\"commentCount\":0,\"publisher\":{\"@id\":\"https:\/\/now-news.de\/de\/#organization\"},\"image\":{\"@id\":\"https:\/\/now-news.de\/de\/deutschland\/gazprom-nur-der-start-von-nord-stream-2-kann-die-energiekrise-der-eu-loesen\/#primaryimage\"},\"thumbnailUrl\":\"https:\/\/now-news.de\/de\/wp-content\/uploads\/sites\/3\/2022\/09\/Gazprom-Nur-der-Start-von-Nord-Stream-2-kann-die.jpg\",\"keywords\":[\"der\",\"die\",\"Energiekrise\",\"Gazprom\",\"kann\",\"l\u00f6sen\",\"Nord\",\"NUR\",\"Start\",\"stream\",\"von\"],\"articleSection\":[\"Deutschland\",\"Russland\"],\"inLanguage\":\"de\",\"potentialAction\":[{\"@type\":\"CommentAction\",\"name\":\"Comment\",\"target\":[\"https:\/\/now-news.de\/de\/deutschland\/gazprom-nur-der-start-von-nord-stream-2-kann-die-energiekrise-der-eu-loesen\/#respond\"]}]},{\"@type\":\"WebPage\",\"@id\":\"https:\/\/now-news.de\/de\/deutschland\/gazprom-nur-der-start-von-nord-stream-2-kann-die-energiekrise-der-eu-loesen\/\",\"url\":\"https:\/\/now-news.de\/de\/deutschland\/gazprom-nur-der-start-von-nord-stream-2-kann-die-energiekrise-der-eu-loesen\/\",\"name\":\"Gazprom: Nur der Start von Nord Stream 2 kann die Energiekrise der EU l\u00f6sen - just-now.NEWS Deutschland\",\"isPartOf\":{\"@id\":\"https:\/\/now-news.de\/de\/#website\"},\"primaryImageOfPage\":{\"@id\":\"https:\/\/now-news.de\/de\/deutschland\/gazprom-nur-der-start-von-nord-stream-2-kann-die-energiekrise-der-eu-loesen\/#primaryimage\"},\"image\":{\"@id\":\"https:\/\/now-news.de\/de\/deutschland\/gazprom-nur-der-start-von-nord-stream-2-kann-die-energiekrise-der-eu-loesen\/#primaryimage\"},\"thumbnailUrl\":\"https:\/\/now-news.de\/de\/wp-content\/uploads\/sites\/3\/2022\/09\/Gazprom-Nur-der-Start-von-Nord-Stream-2-kann-die.jpg\",\"datePublished\":\"2022-09-16T04:00:00+00:00\",\"dateModified\":\"2022-09-16T04:00:00+00:00\",\"breadcrumb\":{\"@id\":\"https:\/\/now-news.de\/de\/deutschland\/gazprom-nur-der-start-von-nord-stream-2-kann-die-energiekrise-der-eu-loesen\/#breadcrumb\"},\"inLanguage\":\"de\",\"potentialAction\":[{\"@type\":\"ReadAction\",\"target\":[\"https:\/\/now-news.de\/de\/deutschland\/gazprom-nur-der-start-von-nord-stream-2-kann-die-energiekrise-der-eu-loesen\/\"]}]},{\"@type\":\"ImageObject\",\"inLanguage\":\"de\",\"@id\":\"https:\/\/now-news.de\/de\/deutschland\/gazprom-nur-der-start-von-nord-stream-2-kann-die-energiekrise-der-eu-loesen\/#primaryimage\",\"url\":\"https:\/\/now-news.de\/de\/wp-content\/uploads\/sites\/3\/2022\/09\/Gazprom-Nur-der-Start-von-Nord-Stream-2-kann-die.jpg\",\"contentUrl\":\"https:\/\/now-news.de\/de\/wp-content\/uploads\/sites\/3\/2022\/09\/Gazprom-Nur-der-Start-von-Nord-Stream-2-kann-die.jpg\",\"width\":460,\"height\":259,\"caption\":\"Gazprom: Nur der Start von Nord Stream 2 kann die Energiekrise der EU l\u00f6sen\"},{\"@type\":\"BreadcrumbList\",\"@id\":\"https:\/\/now-news.de\/de\/deutschland\/gazprom-nur-der-start-von-nord-stream-2-kann-die-energiekrise-der-eu-loesen\/#breadcrumb\",\"itemListElement\":[{\"@type\":\"ListItem\",\"position\":1,\"name\":\"Home\",\"item\":\"https:\/\/now-news.de\/de\/\"},{\"@type\":\"ListItem\",\"position\":2,\"name\":\"Gazprom: Nur der Start von Nord Stream 2 kann die Energiekrise der EU l\u00f6sen\"}]},{\"@type\":\"WebSite\",\"@id\":\"https:\/\/now-news.de\/de\/#website\",\"url\":\"https:\/\/now-news.de\/de\/\",\"name\":\"just-now.NEWS Deutschland\",\"description\":\"Das Portal f\u00fcr unzensierte Nachrichten aus der Welt\",\"publisher\":{\"@id\":\"https:\/\/now-news.de\/de\/#organization\"},\"potentialAction\":[{\"@type\":\"SearchAction\",\"target\":{\"@type\":\"EntryPoint\",\"urlTemplate\":\"https:\/\/now-news.de\/de\/?s={search_term_string}\"},\"query-input\":\"required name=search_term_string\"}],\"inLanguage\":\"de\"},{\"@type\":\"Organization\",\"@id\":\"https:\/\/now-news.de\/de\/#organization\",\"name\":\"Just Now News\",\"url\":\"https:\/\/now-news.de\/de\/\",\"logo\":{\"@type\":\"ImageObject\",\"inLanguage\":\"de\",\"@id\":\"https:\/\/now-news.de\/de\/#\/schema\/logo\/image\/\",\"url\":\"http:\/\/just-now.news\/de\/wp-content\/uploads\/sites\/3\/2022\/04\/logo500x500.jpg\",\"contentUrl\":\"http:\/\/just-now.news\/de\/wp-content\/uploads\/sites\/3\/2022\/04\/logo500x500.jpg\",\"width\":500,\"height\":500,\"caption\":\"Just Now News\"},\"image\":{\"@id\":\"https:\/\/now-news.de\/de\/#\/schema\/logo\/image\/\"},\"sameAs\":[\"https:\/\/www.facebook.com\/wirmachenauf\",\"https:\/\/x.com\/WirMachenAuf_de\"]},{\"@type\":\"Person\",\"@id\":\"https:\/\/now-news.de\/de\/#\/schema\/person\/fb534a4e865501d8b3285208df34a9b5\",\"name\":\"rtnews\",\"image\":{\"@type\":\"ImageObject\",\"inLanguage\":\"de\",\"@id\":\"https:\/\/now-news.de\/de\/#\/schema\/person\/image\/\",\"url\":\"https:\/\/secure.gravatar.com\/avatar\/82aafea7d8127119dd649515f56e2117?s=96&d=mm&r=g\",\"contentUrl\":\"https:\/\/secure.gravatar.com\/avatar\/82aafea7d8127119dd649515f56e2117?s=96&d=mm&r=g\",\"caption\":\"rtnews\"},\"url\":\"https:\/\/now-news.de\/de\/author\/rnews\/\"}]}<\/script>\n<!-- \/ Yoast SEO Premium plugin. -->","yoast_head_json":{"title":"Gazprom: Nur der Start von Nord Stream 2 kann die Energiekrise der EU l\u00f6sen - just-now.NEWS Deutschland","robots":{"index":"index","follow":"follow","max-snippet":"max-snippet:-1","max-image-preview":"max-image-preview:large","max-video-preview":"max-video-preview:-1"},"canonical":"https:\/\/now-news.de\/de\/deutschland\/gazprom-nur-der-start-von-nord-stream-2-kann-die-energiekrise-der-eu-loesen\/","og_locale":"de_DE","og_type":"article","og_title":"Gazprom: Nur der Start von Nord Stream 2 kann die Energiekrise der EU l\u00f6sen","og_description":"Die \u00d6ffnung der russischen Gaspipeline Nord Stream 2 k\u00f6nnte die Energiekrise in Europa l\u00f6sen, sagte der stellvertretende Vorstandsvorsitzende von Gazprom, Oleg Axjutin, auf einer Plenumssitzung des Petersburger Internationalen Gasforums (SPIGF 2022) am Donnerstag. Axjutin betonte: &#8220;Der Start von Nord Stream 2 k\u00f6nnte das Problem l\u00f6sen, den Gasmarkt in Europa ins Gleichgewicht zu bringen, aber wir [&hellip;]","og_url":"https:\/\/now-news.de\/de\/deutschland\/gazprom-nur-der-start-von-nord-stream-2-kann-die-energiekrise-der-eu-loesen\/","og_site_name":"just-now.NEWS Deutschland","article_publisher":"https:\/\/www.facebook.com\/wirmachenauf","article_published_time":"2022-09-16T04:00:00+00:00","og_image":[{"width":460,"height":259,"url":"https:\/\/now-news.de\/de\/wp-content\/uploads\/sites\/3\/2022\/09\/Gazprom-Nur-der-Start-von-Nord-Stream-2-kann-die.jpg","type":"image\/jpeg"}],"author":"rtnews","twitter_card":"summary_large_image","twitter_creator":"@WirMachenAuf_de","twitter_site":"@WirMachenAuf_de","twitter_misc":{"Verfasst von":"rtnews","Gesch\u00e4tzte Lesezeit":"2\u00a0Minuten"},"schema":{"@context":"https:\/\/schema.org","@graph":[{"@type":"Article","@id":"https:\/\/now-news.de\/de\/deutschland\/gazprom-nur-der-start-von-nord-stream-2-kann-die-energiekrise-der-eu-loesen\/#article","isPartOf":{"@id":"https:\/\/now-news.de\/de\/deutschland\/gazprom-nur-der-start-von-nord-stream-2-kann-die-energiekrise-der-eu-loesen\/"},"author":{"name":"rtnews","@id":"https:\/\/now-news.de\/de\/#\/schema\/person\/fb534a4e865501d8b3285208df34a9b5"},"headline":"Gazprom: Nur der Start von Nord Stream 2 kann die Energiekrise der EU l\u00f6sen","datePublished":"2022-09-16T04:00:00+00:00","dateModified":"2022-09-16T04:00:00+00:00","mainEntityOfPage":{"@id":"https:\/\/now-news.de\/de\/deutschland\/gazprom-nur-der-start-von-nord-stream-2-kann-die-energiekrise-der-eu-loesen\/"},"wordCount":320,"commentCount":0,"publisher":{"@id":"https:\/\/now-news.de\/de\/#organization"},"image":{"@id":"https:\/\/now-news.de\/de\/deutschland\/gazprom-nur-der-start-von-nord-stream-2-kann-die-energiekrise-der-eu-loesen\/#primaryimage"},"thumbnailUrl":"https:\/\/now-news.de\/de\/wp-content\/uploads\/sites\/3\/2022\/09\/Gazprom-Nur-der-Start-von-Nord-Stream-2-kann-die.jpg","keywords":["der","die","Energiekrise","Gazprom","kann","l\u00f6sen","Nord","NUR","Start","stream","von"],"articleSection":["Deutschland","Russland"],"inLanguage":"de","potentialAction":[{"@type":"CommentAction","name":"Comment","target":["https:\/\/now-news.de\/de\/deutschland\/gazprom-nur-der-start-von-nord-stream-2-kann-die-energiekrise-der-eu-loesen\/#respond"]}]},{"@type":"WebPage","@id":"https:\/\/now-news.de\/de\/deutschland\/gazprom-nur-der-start-von-nord-stream-2-kann-die-energiekrise-der-eu-loesen\/","url":"https:\/\/now-news.de\/de\/deutschland\/gazprom-nur-der-start-von-nord-stream-2-kann-die-energiekrise-der-eu-loesen\/","name":"Gazprom: Nur der Start von Nord Stream 2 kann die Energiekrise der EU l\u00f6sen - just-now.NEWS Deutschland","isPartOf":{"@id":"https:\/\/now-news.de\/de\/#website"},"primaryImageOfPage":{"@id":"https:\/\/now-news.de\/de\/deutschland\/gazprom-nur-der-start-von-nord-stream-2-kann-die-energiekrise-der-eu-loesen\/#primaryimage"},"image":{"@id":"https:\/\/now-news.de\/de\/deutschland\/gazprom-nur-der-start-von-nord-stream-2-kann-die-energiekrise-der-eu-loesen\/#primaryimage"},"thumbnailUrl":"https:\/\/now-news.de\/de\/wp-content\/uploads\/sites\/3\/2022\/09\/Gazprom-Nur-der-Start-von-Nord-Stream-2-kann-die.jpg","datePublished":"2022-09-16T04:00:00+00:00","dateModified":"2022-09-16T04:00:00+00:00","breadcrumb":{"@id":"https:\/\/now-news.de\/de\/deutschland\/gazprom-nur-der-start-von-nord-stream-2-kann-die-energiekrise-der-eu-loesen\/#breadcrumb"},"inLanguage":"de","potentialAction":[{"@type":"ReadAction","target":["https:\/\/now-news.de\/de\/deutschland\/gazprom-nur-der-start-von-nord-stream-2-kann-die-energiekrise-der-eu-loesen\/"]}]},{"@type":"ImageObject","inLanguage":"de","@id":"https:\/\/now-news.de\/de\/deutschland\/gazprom-nur-der-start-von-nord-stream-2-kann-die-energiekrise-der-eu-loesen\/#primaryimage","url":"https:\/\/now-news.de\/de\/wp-content\/uploads\/sites\/3\/2022\/09\/Gazprom-Nur-der-Start-von-Nord-Stream-2-kann-die.jpg","contentUrl":"https:\/\/now-news.de\/de\/wp-content\/uploads\/sites\/3\/2022\/09\/Gazprom-Nur-der-Start-von-Nord-Stream-2-kann-die.jpg","width":460,"height":259,"caption":"Gazprom: Nur der Start von Nord Stream 2 kann die Energiekrise der EU l\u00f6sen"},{"@type":"BreadcrumbList","@id":"https:\/\/now-news.de\/de\/deutschland\/gazprom-nur-der-start-von-nord-stream-2-kann-die-energiekrise-der-eu-loesen\/#breadcrumb","itemListElement":[{"@type":"ListItem","position":1,"name":"Home","item":"https:\/\/now-news.de\/de\/"},{"@type":"ListItem","position":2,"name":"Gazprom: Nur der Start von Nord Stream 2 kann die Energiekrise der EU l\u00f6sen"}]},{"@type":"WebSite","@id":"https:\/\/now-news.de\/de\/#website","url":"https:\/\/now-news.de\/de\/","name":"just-now.NEWS Deutschland","description":"Das Portal f\u00fcr unzensierte Nachrichten aus der Welt","publisher":{"@id":"https:\/\/now-news.de\/de\/#organization"},"potentialAction":[{"@type":"SearchAction","target":{"@type":"EntryPoint","urlTemplate":"https:\/\/now-news.de\/de\/?s={search_term_string}"},"query-input":"required name=search_term_string"}],"inLanguage":"de"},{"@type":"Organization","@id":"https:\/\/now-news.de\/de\/#organization","name":"Just Now News","url":"https:\/\/now-news.de\/de\/","logo":{"@type":"ImageObject","inLanguage":"de","@id":"https:\/\/now-news.de\/de\/#\/schema\/logo\/image\/","url":"http:\/\/just-now.news\/de\/wp-content\/uploads\/sites\/3\/2022\/04\/logo500x500.jpg","contentUrl":"http:\/\/just-now.news\/de\/wp-content\/uploads\/sites\/3\/2022\/04\/logo500x500.jpg","width":500,"height":500,"caption":"Just Now News"},"image":{"@id":"https:\/\/now-news.de\/de\/#\/schema\/logo\/image\/"},"sameAs":["https:\/\/www.facebook.com\/wirmachenauf","https:\/\/x.com\/WirMachenAuf_de"]},{"@type":"Person","@id":"https:\/\/now-news.de\/de\/#\/schema\/person\/fb534a4e865501d8b3285208df34a9b5","name":"rtnews","image":{"@type":"ImageObject","inLanguage":"de","@id":"https:\/\/now-news.de\/de\/#\/schema\/person\/image\/","url":"https:\/\/secure.gravatar.com\/avatar\/82aafea7d8127119dd649515f56e2117?s=96&d=mm&r=g","contentUrl":"https:\/\/secure.gravatar.com\/avatar\/82aafea7d8127119dd649515f56e2117?s=96&d=mm&r=g","caption":"rtnews"},"url":"https:\/\/now-news.de\/de\/author\/rnews\/"}]}},"_links":{"self":[{"href":"https:\/\/now-news.de\/de\/wp-json\/wp\/v2\/posts\/19174"}],"collection":[{"href":"https:\/\/now-news.de\/de\/wp-json\/wp\/v2\/posts"}],"about":[{"href":"https:\/\/now-news.de\/de\/wp-json\/wp\/v2\/types\/post"}],"author":[{"embeddable":true,"href":"https:\/\/now-news.de\/de\/wp-json\/wp\/v2\/users\/3"}],"replies":[{"embeddable":true,"href":"https:\/\/now-news.de\/de\/wp-json\/wp\/v2\/comments?post=19174"}],"version-history":[{"count":0,"href":"https:\/\/now-news.de\/de\/wp-json\/wp\/v2\/posts\/19174\/revisions"}],"wp:featuredmedia":[{"embeddable":true,"href":"https:\/\/now-news.de\/de\/wp-json\/wp\/v2\/media\/19175"}],"wp:attachment":[{"href":"https:\/\/now-news.de\/de\/wp-json\/wp\/v2\/media?parent=19174"}],"wp:term":[{"taxonomy":"category","embeddable":true,"href":"https:\/\/now-news.de\/de\/wp-json\/wp\/v2\/categories?post=19174"},{"taxonomy":"post_tag","embeddable":true,"href":"https:\/\/now-news.de\/de\/wp-json\/wp\/v2\/tags?post=19174"}],"curies":[{"name":"wp","href":"https:\/\/api.w.org\/{rel}","templated":true}]}}