{"id":19095,"date":"2022-09-15T08:16:01","date_gmt":"2022-09-15T06:16:01","guid":{"rendered":"http:\/\/just-now.news\/de\/deutschland\/wahlentscheidung-in-schweden-knapper-sieg-des-konservativen-lagers\/"},"modified":"2022-09-15T08:16:01","modified_gmt":"2022-09-15T06:16:01","slug":"wahlentscheidung-in-schweden-knapper-sieg-des-konservativen-lagers","status":"publish","type":"post","link":"https:\/\/now-news.de\/de\/deutschland\/wahlentscheidung-in-schweden-knapper-sieg-des-konservativen-lagers\/","title":{"rendered":"Wahlentscheidung in Schweden: Knapper Sieg des konservativen Lagers"},"content":{"rendered":"<p><img decoding=\"async\" src=\"http:\/\/just-now.news\/de\/wp-content\/uploads\/sites\/3\/2022\/09\/6322b35e48fbef33b067de2e.jpg\" \/><\/p>\n<p>Gut drei Tage dauerte die finale Ausz\u00e4hlung, bis die schwedischen W\u00e4hler Gewissheit erhielten.\u00a0In ersten Prognosen hatte das aus vier Parteien bestehende Lager\u00a0der regierenden Ministerpr\u00e4sidentin Andersson noch knapp in F\u00fchrung gelegen. Am Ende konnte das konservative Lager\u00a0des Herausforderers Ulf Kristersson seinen knappen Stimmenvorsprung zu einem Wahlsieg deklarieren.\u00a0<\/p>\n<p>Nach Ausz\u00e4hlung fast aller Stimmen kommt der Vier-Parteien-Block von Kristersson einschlie\u00dflich der Schwedendemokraten auf 176 Mandate. Die amtierende Regierung\u00a0und ihr Mitte-Links-Lager erzielt letztendlich 173 Sitze. Eine Mehrheit des 349 Sitze fassenden Reichstags von Stockholm ist ab 175 Sitzen gew\u00e4hrleistet. Die Sozialdemokraten allein stellen zwar weiterhin die st\u00e4rkste Kraft im Parteiengef\u00fcge dar, jedoch ist entscheidend die Gesamtzahl der Sitze der beiden gr\u00f6\u00dften Bl\u00f6cke.\u00a0Die sozialdemokratische Ministerpr\u00e4sidentin Magdalena Andersson r\u00e4umte noch am Mittwochabend die knappe Niederlage ein und will am Donnerstag um die Entlassung aus ihrem Amt bitten.<\/p>\n<p>Kristerssons Moderate Sammlungspartei erreichte allein das schw\u00e4chste Wahlergebnis seit 20 Jahren, konnte schlussendlich jedoch infolge der Bildung eines konservativen Vier-Parteien-Blocks unter Einbeziehung der Stimmen f\u00fcr die nationalkonservativen Schwedendemokraten profitieren. Als Wahlsieger <a rel=\"nofollow noopener\" target=\"_blank\" href=\"https:\/\/de-de.facebook.com\/UlfKristerssonM\/videos\/tack-f%C3%B6r-f%C3%B6rtroendet-nu-f%C3%A5r-vi-ordning-p%C3%A5-sverige\/772885877250539\">kommentierte<\/a> er das Ergebnis mit den Worten:<\/p>\n<blockquote>\n<p><em>&#8220;Vielen Dank f\u00fcr Ihr Vertrauen \u2013 jetzt werden wir Schweden in Ordnung bringen!&#8221;<\/em><\/p>\n<\/blockquote>\n<p>Mit Bezugnahme auf das sehr knappe Wahlergebnis stellte die bisherige Regierungschefin fest, die Wahlsieger seien absehbar &#8220;nur ein oder zwei Mandate von einer Regierungskrise entfernt&#8221;. Sollte ihr Kontrahent Kristersson entsprechende Signale senden, so sei sie &#8220;nat\u00fcrlich dazu bereit, \u00fcber eine Zusammenarbeit zu diskutieren&#8221;, meldet <em>dpa<\/em>.\u00a0Kristersson k\u00fcndigte demgegen\u00fcber an, er werde nun die Bildung einer neuen, tatkr\u00e4ftigen Regierung vorbereiten. In seiner <a rel=\"nofollow noopener\" target=\"_blank\" href=\"https:\/\/de-de.facebook.com\/UlfKristerssonM\/videos\/tack-f%C3%B6r-f%C3%B6rtroendet-nu-f%C3%A5r-vi-ordning-p%C3%A5-sverige\/772885877250539\">Videoansprache<\/a>\u00a0betonte er:<\/p>\n<blockquote>\n<p><em>&#8220;Meine Botschaft ist, dass ich vereinen will, nicht spalten.&#8221;<\/em><\/p>\n<\/blockquote>\n<p>Durch welche Konstellation am Ende die schwedische Bev\u00f6lkerung regiert werden wird, ist zum jetzigen Zeitpunkt noch vollkommen ungewiss. Die letzte Regierungsbildung nach den Wahlen im Jahre 2018 hatte l\u00e4nger als 130 Tage in Anspruch genommen.<\/p>\n<p><strong>Mehr zum Thema &#8211;<\/strong>\u00a0<a rel=\"nofollow noopener\" target=\"_blank\" href=\"https:\/\/pressefreiheit.rtde.tech\/europa\/129182-wegen-russischer-aggression-schweden-plant-hochr%C3%BCstung\/\">Wegen &#8220;russischer Aggression&#8221;: Schweden plant Verdoppelung seiner Streitkr\u00e4fte bis 2030<\/a><\/p>\n<\/p>\n<p><br \/>\n<br \/><a href=\"https:\/\/de.rt.com\/europa\/148958-wahlentscheidung-schweden-erhalt-konservative-regierung\/\">Source link <\/a><\/p>\n","protected":false},"excerpt":{"rendered":"<p>Gut drei Tage dauerte die finale Ausz\u00e4hlung, bis die schwedischen W\u00e4hler Gewissheit erhielten.\u00a0In ersten Prognosen hatte das aus vier Parteien bestehende Lager\u00a0der regierenden Ministerpr\u00e4sidentin Andersson noch knapp in F\u00fchrung gelegen. Am Ende konnte das konservative Lager\u00a0des Herausforderers Ulf Kristersson seinen knappen Stimmenvorsprung zu einem Wahlsieg deklarieren.\u00a0 Nach Ausz\u00e4hlung fast aller Stimmen kommt der Vier-Parteien-Block von [&hellip;]<\/p>\n","protected":false},"author":3,"featured_media":19096,"comment_status":"open","ping_status":"open","sticky":false,"template":"","format":"standard","meta":{"wp_automatic_camp":["217"],"fcc3c12108c3a022d64db3de79402329":["Wahlentscheidung in Schweden: Knapper Sieg des konservativen Lagers"],"original_link":["https:\/\/de.rt.com\/europa\/148958-wahlentscheidung-schweden-erhalt-konservative-regierung\/"],"_thumbnail_id":["19096"],"_wptg_p2tg_sent2tg":["2022-09-15 08:31:59"],"jnews_social_counter_last_update":["1777359377"]},"categories":[19,23],"tags":[583,27075,18777,32851,599,9001,32850],"yoast_head":"<!-- This site is optimized with the Yoast SEO Premium plugin v22.7 (Yoast SEO v22.7) - https:\/\/yoast.com\/wordpress\/plugins\/seo\/ -->\n<title>Wahlentscheidung in Schweden: Knapper Sieg des konservativen Lagers - just-now.NEWS Deutschland<\/title>\n<meta name=\"robots\" content=\"index, follow, max-snippet:-1, max-image-preview:large, max-video-preview:-1\" \/>\n<link rel=\"canonical\" href=\"https:\/\/now-news.de\/de\/deutschland\/wahlentscheidung-in-schweden-knapper-sieg-des-konservativen-lagers\/\" \/>\n<meta property=\"og:locale\" content=\"de_DE\" \/>\n<meta property=\"og:type\" content=\"article\" \/>\n<meta property=\"og:title\" content=\"Wahlentscheidung in Schweden: Knapper Sieg des konservativen Lagers\" \/>\n<meta property=\"og:description\" content=\"Gut drei Tage dauerte die finale Ausz\u00e4hlung, bis die schwedischen W\u00e4hler Gewissheit erhielten.\u00a0In ersten Prognosen hatte das aus vier Parteien bestehende Lager\u00a0der regierenden Ministerpr\u00e4sidentin Andersson noch knapp in F\u00fchrung gelegen. Am Ende konnte das konservative Lager\u00a0des Herausforderers Ulf Kristersson seinen knappen Stimmenvorsprung zu einem Wahlsieg deklarieren.\u00a0 Nach Ausz\u00e4hlung fast aller Stimmen kommt der Vier-Parteien-Block von [&hellip;]\" \/>\n<meta property=\"og:url\" content=\"https:\/\/now-news.de\/de\/deutschland\/wahlentscheidung-in-schweden-knapper-sieg-des-konservativen-lagers\/\" \/>\n<meta property=\"og:site_name\" content=\"just-now.NEWS Deutschland\" \/>\n<meta property=\"article:publisher\" content=\"https:\/\/www.facebook.com\/wirmachenauf\" \/>\n<meta property=\"article:published_time\" content=\"2022-09-15T06:16:01+00:00\" \/>\n<meta property=\"og:image\" content=\"https:\/\/now-news.de\/de\/wp-content\/uploads\/sites\/3\/2022\/09\/Wahlentscheidung-in-Schweden-Knapper-Sieg-des-konservativen-Lagers.jpg\" \/>\n\t<meta property=\"og:image:width\" content=\"460\" \/>\n\t<meta property=\"og:image:height\" content=\"259\" \/>\n\t<meta property=\"og:image:type\" content=\"image\/jpeg\" \/>\n<meta name=\"author\" content=\"rtnews\" \/>\n<meta name=\"twitter:card\" content=\"summary_large_image\" \/>\n<meta name=\"twitter:creator\" content=\"@WirMachenAuf_de\" \/>\n<meta name=\"twitter:site\" content=\"@WirMachenAuf_de\" \/>\n<meta name=\"twitter:label1\" content=\"Verfasst von\" \/>\n\t<meta name=\"twitter:data1\" content=\"rtnews\" \/>\n\t<meta name=\"twitter:label2\" content=\"Gesch\u00e4tzte Lesezeit\" \/>\n\t<meta name=\"twitter:data2\" content=\"2\u00a0Minuten\" \/>\n<script type=\"application\/ld+json\" class=\"yoast-schema-graph\">{\"@context\":\"https:\/\/schema.org\",\"@graph\":[{\"@type\":\"Article\",\"@id\":\"https:\/\/now-news.de\/de\/deutschland\/wahlentscheidung-in-schweden-knapper-sieg-des-konservativen-lagers\/#article\",\"isPartOf\":{\"@id\":\"https:\/\/now-news.de\/de\/deutschland\/wahlentscheidung-in-schweden-knapper-sieg-des-konservativen-lagers\/\"},\"author\":{\"name\":\"rtnews\",\"@id\":\"https:\/\/now-news.de\/de\/#\/schema\/person\/fb534a4e865501d8b3285208df34a9b5\"},\"headline\":\"Wahlentscheidung in Schweden: Knapper Sieg des konservativen Lagers\",\"datePublished\":\"2022-09-15T06:16:01+00:00\",\"dateModified\":\"2022-09-15T06:16:01+00:00\",\"mainEntityOfPage\":{\"@id\":\"https:\/\/now-news.de\/de\/deutschland\/wahlentscheidung-in-schweden-knapper-sieg-des-konservativen-lagers\/\"},\"wordCount\":334,\"commentCount\":0,\"publisher\":{\"@id\":\"https:\/\/now-news.de\/de\/#organization\"},\"image\":{\"@id\":\"https:\/\/now-news.de\/de\/deutschland\/wahlentscheidung-in-schweden-knapper-sieg-des-konservativen-lagers\/#primaryimage\"},\"thumbnailUrl\":\"https:\/\/now-news.de\/de\/wp-content\/uploads\/sites\/3\/2022\/09\/Wahlentscheidung-in-Schweden-Knapper-Sieg-des-konservativen-Lagers.jpg\",\"keywords\":[\"des\",\"knapper\",\"konservativen\",\"Lagers\",\"Schweden\",\"Sieg\",\"Wahlentscheidung\"],\"articleSection\":[\"Deutschland\",\"Russland\"],\"inLanguage\":\"de\",\"potentialAction\":[{\"@type\":\"CommentAction\",\"name\":\"Comment\",\"target\":[\"https:\/\/now-news.de\/de\/deutschland\/wahlentscheidung-in-schweden-knapper-sieg-des-konservativen-lagers\/#respond\"]}]},{\"@type\":\"WebPage\",\"@id\":\"https:\/\/now-news.de\/de\/deutschland\/wahlentscheidung-in-schweden-knapper-sieg-des-konservativen-lagers\/\",\"url\":\"https:\/\/now-news.de\/de\/deutschland\/wahlentscheidung-in-schweden-knapper-sieg-des-konservativen-lagers\/\",\"name\":\"Wahlentscheidung in Schweden: Knapper Sieg des konservativen Lagers - just-now.NEWS Deutschland\",\"isPartOf\":{\"@id\":\"https:\/\/now-news.de\/de\/#website\"},\"primaryImageOfPage\":{\"@id\":\"https:\/\/now-news.de\/de\/deutschland\/wahlentscheidung-in-schweden-knapper-sieg-des-konservativen-lagers\/#primaryimage\"},\"image\":{\"@id\":\"https:\/\/now-news.de\/de\/deutschland\/wahlentscheidung-in-schweden-knapper-sieg-des-konservativen-lagers\/#primaryimage\"},\"thumbnailUrl\":\"https:\/\/now-news.de\/de\/wp-content\/uploads\/sites\/3\/2022\/09\/Wahlentscheidung-in-Schweden-Knapper-Sieg-des-konservativen-Lagers.jpg\",\"datePublished\":\"2022-09-15T06:16:01+00:00\",\"dateModified\":\"2022-09-15T06:16:01+00:00\",\"breadcrumb\":{\"@id\":\"https:\/\/now-news.de\/de\/deutschland\/wahlentscheidung-in-schweden-knapper-sieg-des-konservativen-lagers\/#breadcrumb\"},\"inLanguage\":\"de\",\"potentialAction\":[{\"@type\":\"ReadAction\",\"target\":[\"https:\/\/now-news.de\/de\/deutschland\/wahlentscheidung-in-schweden-knapper-sieg-des-konservativen-lagers\/\"]}]},{\"@type\":\"ImageObject\",\"inLanguage\":\"de\",\"@id\":\"https:\/\/now-news.de\/de\/deutschland\/wahlentscheidung-in-schweden-knapper-sieg-des-konservativen-lagers\/#primaryimage\",\"url\":\"https:\/\/now-news.de\/de\/wp-content\/uploads\/sites\/3\/2022\/09\/Wahlentscheidung-in-Schweden-Knapper-Sieg-des-konservativen-Lagers.jpg\",\"contentUrl\":\"https:\/\/now-news.de\/de\/wp-content\/uploads\/sites\/3\/2022\/09\/Wahlentscheidung-in-Schweden-Knapper-Sieg-des-konservativen-Lagers.jpg\",\"width\":460,\"height\":259,\"caption\":\"Wahlentscheidung in Schweden: Knapper Sieg des konservativen Lagers\"},{\"@type\":\"BreadcrumbList\",\"@id\":\"https:\/\/now-news.de\/de\/deutschland\/wahlentscheidung-in-schweden-knapper-sieg-des-konservativen-lagers\/#breadcrumb\",\"itemListElement\":[{\"@type\":\"ListItem\",\"position\":1,\"name\":\"Home\",\"item\":\"https:\/\/now-news.de\/de\/\"},{\"@type\":\"ListItem\",\"position\":2,\"name\":\"Wahlentscheidung in Schweden: Knapper Sieg des konservativen Lagers\"}]},{\"@type\":\"WebSite\",\"@id\":\"https:\/\/now-news.de\/de\/#website\",\"url\":\"https:\/\/now-news.de\/de\/\",\"name\":\"just-now.NEWS Deutschland\",\"description\":\"Das Portal f\u00fcr unzensierte Nachrichten aus der Welt\",\"publisher\":{\"@id\":\"https:\/\/now-news.de\/de\/#organization\"},\"potentialAction\":[{\"@type\":\"SearchAction\",\"target\":{\"@type\":\"EntryPoint\",\"urlTemplate\":\"https:\/\/now-news.de\/de\/?s={search_term_string}\"},\"query-input\":\"required name=search_term_string\"}],\"inLanguage\":\"de\"},{\"@type\":\"Organization\",\"@id\":\"https:\/\/now-news.de\/de\/#organization\",\"name\":\"Just Now News\",\"url\":\"https:\/\/now-news.de\/de\/\",\"logo\":{\"@type\":\"ImageObject\",\"inLanguage\":\"de\",\"@id\":\"https:\/\/now-news.de\/de\/#\/schema\/logo\/image\/\",\"url\":\"http:\/\/just-now.news\/de\/wp-content\/uploads\/sites\/3\/2022\/04\/logo500x500.jpg\",\"contentUrl\":\"http:\/\/just-now.news\/de\/wp-content\/uploads\/sites\/3\/2022\/04\/logo500x500.jpg\",\"width\":500,\"height\":500,\"caption\":\"Just Now News\"},\"image\":{\"@id\":\"https:\/\/now-news.de\/de\/#\/schema\/logo\/image\/\"},\"sameAs\":[\"https:\/\/www.facebook.com\/wirmachenauf\",\"https:\/\/x.com\/WirMachenAuf_de\"]},{\"@type\":\"Person\",\"@id\":\"https:\/\/now-news.de\/de\/#\/schema\/person\/fb534a4e865501d8b3285208df34a9b5\",\"name\":\"rtnews\",\"image\":{\"@type\":\"ImageObject\",\"inLanguage\":\"de\",\"@id\":\"https:\/\/now-news.de\/de\/#\/schema\/person\/image\/\",\"url\":\"https:\/\/secure.gravatar.com\/avatar\/82aafea7d8127119dd649515f56e2117?s=96&d=mm&r=g\",\"contentUrl\":\"https:\/\/secure.gravatar.com\/avatar\/82aafea7d8127119dd649515f56e2117?s=96&d=mm&r=g\",\"caption\":\"rtnews\"},\"url\":\"https:\/\/now-news.de\/de\/author\/rnews\/\"}]}<\/script>\n<!-- \/ Yoast SEO Premium plugin. -->","yoast_head_json":{"title":"Wahlentscheidung in Schweden: Knapper Sieg des konservativen Lagers - just-now.NEWS Deutschland","robots":{"index":"index","follow":"follow","max-snippet":"max-snippet:-1","max-image-preview":"max-image-preview:large","max-video-preview":"max-video-preview:-1"},"canonical":"https:\/\/now-news.de\/de\/deutschland\/wahlentscheidung-in-schweden-knapper-sieg-des-konservativen-lagers\/","og_locale":"de_DE","og_type":"article","og_title":"Wahlentscheidung in Schweden: Knapper Sieg des konservativen Lagers","og_description":"Gut drei Tage dauerte die finale Ausz\u00e4hlung, bis die schwedischen W\u00e4hler Gewissheit erhielten.\u00a0In ersten Prognosen hatte das aus vier Parteien bestehende Lager\u00a0der regierenden Ministerpr\u00e4sidentin Andersson noch knapp in F\u00fchrung gelegen. Am Ende konnte das konservative Lager\u00a0des Herausforderers Ulf Kristersson seinen knappen Stimmenvorsprung zu einem Wahlsieg deklarieren.\u00a0 Nach Ausz\u00e4hlung fast aller Stimmen kommt der Vier-Parteien-Block von [&hellip;]","og_url":"https:\/\/now-news.de\/de\/deutschland\/wahlentscheidung-in-schweden-knapper-sieg-des-konservativen-lagers\/","og_site_name":"just-now.NEWS Deutschland","article_publisher":"https:\/\/www.facebook.com\/wirmachenauf","article_published_time":"2022-09-15T06:16:01+00:00","og_image":[{"width":460,"height":259,"url":"https:\/\/now-news.de\/de\/wp-content\/uploads\/sites\/3\/2022\/09\/Wahlentscheidung-in-Schweden-Knapper-Sieg-des-konservativen-Lagers.jpg","type":"image\/jpeg"}],"author":"rtnews","twitter_card":"summary_large_image","twitter_creator":"@WirMachenAuf_de","twitter_site":"@WirMachenAuf_de","twitter_misc":{"Verfasst von":"rtnews","Gesch\u00e4tzte Lesezeit":"2\u00a0Minuten"},"schema":{"@context":"https:\/\/schema.org","@graph":[{"@type":"Article","@id":"https:\/\/now-news.de\/de\/deutschland\/wahlentscheidung-in-schweden-knapper-sieg-des-konservativen-lagers\/#article","isPartOf":{"@id":"https:\/\/now-news.de\/de\/deutschland\/wahlentscheidung-in-schweden-knapper-sieg-des-konservativen-lagers\/"},"author":{"name":"rtnews","@id":"https:\/\/now-news.de\/de\/#\/schema\/person\/fb534a4e865501d8b3285208df34a9b5"},"headline":"Wahlentscheidung in Schweden: Knapper Sieg des konservativen Lagers","datePublished":"2022-09-15T06:16:01+00:00","dateModified":"2022-09-15T06:16:01+00:00","mainEntityOfPage":{"@id":"https:\/\/now-news.de\/de\/deutschland\/wahlentscheidung-in-schweden-knapper-sieg-des-konservativen-lagers\/"},"wordCount":334,"commentCount":0,"publisher":{"@id":"https:\/\/now-news.de\/de\/#organization"},"image":{"@id":"https:\/\/now-news.de\/de\/deutschland\/wahlentscheidung-in-schweden-knapper-sieg-des-konservativen-lagers\/#primaryimage"},"thumbnailUrl":"https:\/\/now-news.de\/de\/wp-content\/uploads\/sites\/3\/2022\/09\/Wahlentscheidung-in-Schweden-Knapper-Sieg-des-konservativen-Lagers.jpg","keywords":["des","knapper","konservativen","Lagers","Schweden","Sieg","Wahlentscheidung"],"articleSection":["Deutschland","Russland"],"inLanguage":"de","potentialAction":[{"@type":"CommentAction","name":"Comment","target":["https:\/\/now-news.de\/de\/deutschland\/wahlentscheidung-in-schweden-knapper-sieg-des-konservativen-lagers\/#respond"]}]},{"@type":"WebPage","@id":"https:\/\/now-news.de\/de\/deutschland\/wahlentscheidung-in-schweden-knapper-sieg-des-konservativen-lagers\/","url":"https:\/\/now-news.de\/de\/deutschland\/wahlentscheidung-in-schweden-knapper-sieg-des-konservativen-lagers\/","name":"Wahlentscheidung in Schweden: Knapper Sieg des konservativen Lagers - just-now.NEWS Deutschland","isPartOf":{"@id":"https:\/\/now-news.de\/de\/#website"},"primaryImageOfPage":{"@id":"https:\/\/now-news.de\/de\/deutschland\/wahlentscheidung-in-schweden-knapper-sieg-des-konservativen-lagers\/#primaryimage"},"image":{"@id":"https:\/\/now-news.de\/de\/deutschland\/wahlentscheidung-in-schweden-knapper-sieg-des-konservativen-lagers\/#primaryimage"},"thumbnailUrl":"https:\/\/now-news.de\/de\/wp-content\/uploads\/sites\/3\/2022\/09\/Wahlentscheidung-in-Schweden-Knapper-Sieg-des-konservativen-Lagers.jpg","datePublished":"2022-09-15T06:16:01+00:00","dateModified":"2022-09-15T06:16:01+00:00","breadcrumb":{"@id":"https:\/\/now-news.de\/de\/deutschland\/wahlentscheidung-in-schweden-knapper-sieg-des-konservativen-lagers\/#breadcrumb"},"inLanguage":"de","potentialAction":[{"@type":"ReadAction","target":["https:\/\/now-news.de\/de\/deutschland\/wahlentscheidung-in-schweden-knapper-sieg-des-konservativen-lagers\/"]}]},{"@type":"ImageObject","inLanguage":"de","@id":"https:\/\/now-news.de\/de\/deutschland\/wahlentscheidung-in-schweden-knapper-sieg-des-konservativen-lagers\/#primaryimage","url":"https:\/\/now-news.de\/de\/wp-content\/uploads\/sites\/3\/2022\/09\/Wahlentscheidung-in-Schweden-Knapper-Sieg-des-konservativen-Lagers.jpg","contentUrl":"https:\/\/now-news.de\/de\/wp-content\/uploads\/sites\/3\/2022\/09\/Wahlentscheidung-in-Schweden-Knapper-Sieg-des-konservativen-Lagers.jpg","width":460,"height":259,"caption":"Wahlentscheidung in Schweden: Knapper Sieg des konservativen Lagers"},{"@type":"BreadcrumbList","@id":"https:\/\/now-news.de\/de\/deutschland\/wahlentscheidung-in-schweden-knapper-sieg-des-konservativen-lagers\/#breadcrumb","itemListElement":[{"@type":"ListItem","position":1,"name":"Home","item":"https:\/\/now-news.de\/de\/"},{"@type":"ListItem","position":2,"name":"Wahlentscheidung in Schweden: Knapper Sieg des konservativen Lagers"}]},{"@type":"WebSite","@id":"https:\/\/now-news.de\/de\/#website","url":"https:\/\/now-news.de\/de\/","name":"just-now.NEWS Deutschland","description":"Das Portal f\u00fcr unzensierte Nachrichten aus der Welt","publisher":{"@id":"https:\/\/now-news.de\/de\/#organization"},"potentialAction":[{"@type":"SearchAction","target":{"@type":"EntryPoint","urlTemplate":"https:\/\/now-news.de\/de\/?s={search_term_string}"},"query-input":"required name=search_term_string"}],"inLanguage":"de"},{"@type":"Organization","@id":"https:\/\/now-news.de\/de\/#organization","name":"Just Now News","url":"https:\/\/now-news.de\/de\/","logo":{"@type":"ImageObject","inLanguage":"de","@id":"https:\/\/now-news.de\/de\/#\/schema\/logo\/image\/","url":"http:\/\/just-now.news\/de\/wp-content\/uploads\/sites\/3\/2022\/04\/logo500x500.jpg","contentUrl":"http:\/\/just-now.news\/de\/wp-content\/uploads\/sites\/3\/2022\/04\/logo500x500.jpg","width":500,"height":500,"caption":"Just Now News"},"image":{"@id":"https:\/\/now-news.de\/de\/#\/schema\/logo\/image\/"},"sameAs":["https:\/\/www.facebook.com\/wirmachenauf","https:\/\/x.com\/WirMachenAuf_de"]},{"@type":"Person","@id":"https:\/\/now-news.de\/de\/#\/schema\/person\/fb534a4e865501d8b3285208df34a9b5","name":"rtnews","image":{"@type":"ImageObject","inLanguage":"de","@id":"https:\/\/now-news.de\/de\/#\/schema\/person\/image\/","url":"https:\/\/secure.gravatar.com\/avatar\/82aafea7d8127119dd649515f56e2117?s=96&d=mm&r=g","contentUrl":"https:\/\/secure.gravatar.com\/avatar\/82aafea7d8127119dd649515f56e2117?s=96&d=mm&r=g","caption":"rtnews"},"url":"https:\/\/now-news.de\/de\/author\/rnews\/"}]}},"_links":{"self":[{"href":"https:\/\/now-news.de\/de\/wp-json\/wp\/v2\/posts\/19095"}],"collection":[{"href":"https:\/\/now-news.de\/de\/wp-json\/wp\/v2\/posts"}],"about":[{"href":"https:\/\/now-news.de\/de\/wp-json\/wp\/v2\/types\/post"}],"author":[{"embeddable":true,"href":"https:\/\/now-news.de\/de\/wp-json\/wp\/v2\/users\/3"}],"replies":[{"embeddable":true,"href":"https:\/\/now-news.de\/de\/wp-json\/wp\/v2\/comments?post=19095"}],"version-history":[{"count":0,"href":"https:\/\/now-news.de\/de\/wp-json\/wp\/v2\/posts\/19095\/revisions"}],"wp:featuredmedia":[{"embeddable":true,"href":"https:\/\/now-news.de\/de\/wp-json\/wp\/v2\/media\/19096"}],"wp:attachment":[{"href":"https:\/\/now-news.de\/de\/wp-json\/wp\/v2\/media?parent=19095"}],"wp:term":[{"taxonomy":"category","embeddable":true,"href":"https:\/\/now-news.de\/de\/wp-json\/wp\/v2\/categories?post=19095"},{"taxonomy":"post_tag","embeddable":true,"href":"https:\/\/now-news.de\/de\/wp-json\/wp\/v2\/tags?post=19095"}],"curies":[{"name":"wp","href":"https:\/\/api.w.org\/{rel}","templated":true}]}}