{"id":19087,"date":"2022-09-15T06:45:00","date_gmt":"2022-09-15T04:45:00","guid":{"rendered":"http:\/\/just-now.news\/de\/deutschland\/cleverlaend-kampagne-oder-wie-die-politik-muendige-buerger-zu-kleinkindern-degradiert\/"},"modified":"2022-09-15T06:45:00","modified_gmt":"2022-09-15T04:45:00","slug":"cleverlaend-kampagne-oder-wie-die-politik-muendige-buerger-zu-kleinkindern-degradiert","status":"publish","type":"post","link":"https:\/\/now-news.de\/de\/deutschland\/cleverlaend-kampagne-oder-wie-die-politik-muendige-buerger-zu-kleinkindern-degradiert\/","title":{"rendered":"&quot;Cleverl\u00e4nd&quot;-Kampagne \u2013 oder: Wie die Politik m\u00fcndige B\u00fcrger zu Kleinkindern degradiert"},"content":{"rendered":"<p><img decoding=\"async\" src=\"http:\/\/just-now.news\/de\/wp-content\/uploads\/sites\/3\/2022\/09\/6321920f48fbef367e36b1d1.jpg\" \/><\/p>\n<div class=\"Text-root Text-type_1 \">\n                Das Bundesland Baden-W\u00fcrttemberg will &#8220;zusammen Energie sparen&#8221;. Daf\u00fcr wird eine teure Kampagne entwickelt, die dem doofen B\u00fcrger erkl\u00e4ren soll, warum er im Monat zu viel Geld verschwendet. Die wahre Not der Menschen \u2013 ausgehend von einer destruktiven Politik \u2013 wird so erneut ins L\u00e4cherliche gezogen.\n            <\/div>\n<p><\/p>\n<div class=\"Text-root Text-type_5 ArticleView-text ViewText-root \">\n<p><em>Von Bernhard Loyen<\/em><\/p>\n<p>Winfried Kretschmann (Gr\u00fcne),\u00a0Ministerpr\u00e4sident\u00a0von Baden-W\u00fcrttemberg, gilt als bodenst\u00e4ndiger Politiker alter\u00a0Couleur. Das bedeutet, dass der Landesvater nat\u00fcrlich auch mal markige S\u00e4tze oder Empfehlungen an seine Untertanen richten kann. Er meint es ja nur gut mit seinen Mitb\u00fcrgern. Im August <a rel=\"nofollow noopener\" target=\"_blank\" href=\"https:\/\/www.spiegel.de\/politik\/deutschland\/winfried-kretschmann-auch-der-waschlappen-ist-eine-brauchbare-erfindung-a-7eb1bc9d-a594-43e1-a9c6-d643e92d221d\">erkl\u00e4rte<\/a> er den Menschen: &#8220;Auch der Waschlappen ist eine brauchbare Erfindung.&#8221; Dies galt der Ermahnung, doch bitte im Rahmen der sich abzeichnenden Energiekrise weniger zu duschen.\u00a0<\/p>\n<p>Kretschmann meinte das vollkommen ernst, also nicht irgendwie mit Augenzwinkern. Von sich und seiner argumentativen Politik sowieso \u00fcberzeugt wurde im Anschluss anscheinend gleich eine\u00a0erweiterte\u00a0Belehrungskampagne\u00a0in Auftrag gegeben. Finanziert vom Steuerzahler, weil sie ja auch der Dummheit entgegenwirken soll, also die der Menschen im L\u00e4ndle. Gebauchpinselt von seiner Cleverness, wurde sein K\u00f6nigreich gleich umbenannt \u2013 in <a rel=\"nofollow noopener\" target=\"_blank\" href=\"https:\/\/www.baden-wuerttemberg.de\/de\/service\/cleverlaend\/\">Cleverl\u00e4nd<\/a>. So der Name der Kampagne. &#8220;Zusammen Energie sparen&#8221; hei\u00dft es\u00a0weiter im Slogan. Zusammen?<\/p>\n<p>Die Gr\u00fcnde der stetig wachsenden Sorgen der Menschen im ganzen Land finden sich nat\u00fcrlich nicht bei der hiesigen Politik. Der Schuldige wird seit M\u00e4rz medial wie auch politisch klar benannt. Es ist DER Russe.\u00a0Wladimir Wladimirowitsch Putin. Daher\u00a0muss es zu Beginn auf der Kampagnen-Webseite auch erkl\u00e4rend hei\u00dfen:<\/p>\n<blockquote>\n<p><em>&#8220;Der Angriffskrieg Russlands gegen die Ukraine zeigt uns in aller Deutlichkeit, welche Folgen eine gro\u00dfe Abh\u00e4ngigkeit in Sachen Energie f\u00fcr uns haben kann.&#8221;<\/em><\/p>\n<\/blockquote>\n<p>Kann, weil es noch einen weiteren Grund gibt, der bitte auch nicht bei der Bundespolitik zu suchen ist. So hei\u00dft es:<\/p>\n<blockquote>\n<p><em>&#8220;Gleichzeitig sehen wir auch in Baden-W\u00fcrttemberg bereits drastische Auswirkungen des Klimawandels.&#8221;<\/em><\/p>\n<\/blockquote>\n<p>Deswegen wurden in Baden-W\u00fcrttemberg auch schon Ende der 1990er die <a rel=\"nofollow noopener\" target=\"_blank\" href=\"https:\/\/um.baden-wuerttemberg.de\/fileadmin\/redaktion\/m-um\/intern\/Dateien\/Dokumente\/2_Presse_und_Service\/Publikationen\/Klima\/Klimawandel_in_Baden-Wuerttemberg.pdf\">Forschungsprogramme<\/a>\u00a0KLIWA (Klimaver\u00e4nderung und Konsequenzen f\u00fcr die Wasserwirtschaft) und\u00a0KLARA (Klimawandel \u2013 Auswirkungen, Risiken, Anpassung) ins Leben gerufen. Gebracht haben sie anscheinend bisher nichts, denn jetzt\u00a0muss Kretschmann wirklich aktiv werden und den B\u00fcrgern mal erkl\u00e4ren, wo an der Heizung gedreht werden muss. Es folgt nicht\u00a0<em>Die<\/em>\u00a0<em>Sendung mit der Maus<\/em>, auch nicht der Kindersendungsklassiker\u00a0<em>1, 2 oder 3. <\/em>Es folgt der Erkl\u00e4rbar Kretschmann, der den naiven und fahrl\u00e4ssigen Mitb\u00fcrgern praktische Tipps f\u00fcr den Alltag vermittelt. So hei\u00dft es todernst, aber l\u00e4cherlich verkauft zum Thema Wohnraumtemperaturregelung und Geldsparen in dem Cleverl\u00e4nd-Clip:<\/p>\n<blockquote>\n<p><em>&#8220;Einfach vorm Insbettgehen den Thermostat runterdrehen.\u00a0Ein Grad weniger heizen spart sechs Prozent Energie; zwei Grad weniger sparen zw\u00f6lf Prozent; vier Grad schon ein Viertel der Heizkosten. Das lohnt sich also.&#8221;<\/em><\/p>\n<\/blockquote>\n<div class=\"EmbedBlock-root EmbedBlock-twitter\">\n<div class=\"TwitterEmbed\">\n<blockquote class=\"twitter-tweet lazyload\" data-twitter=\"twitter-tweet\">\n<p lang=\"de\" dir=\"ltr\">Winnie (74, Sigmaringen) ist der Anchorman der neuen Energiespar-Serie &#8216;<a rel=\"nofollow noopener\" target=\"_blank\" href=\"https:\/\/twitter.com\/hashtag\/Cleverelaend?src=hash&amp;ref_src=twsrc%5Etfw\">#Cleverelaend<\/a>&#8216; im BW-TV. In der heutigen Folge beweist er, da\u00df auch Rentner sich noch tief b\u00fccken k\u00f6nnen, um die Heizung abzudrehen. Einfach clever! <a rel=\"nofollow noopener\" target=\"_blank\" href=\"https:\/\/t.co\/iM7MnNIbry\">pic.twitter.com\/iM7MnNIbry<\/a><\/p>\n<p>\u2014 TheRealTom\u2122 \u270a (@tomdabassman) <a rel=\"nofollow noopener\" target=\"_blank\" href=\"https:\/\/twitter.com\/tomdabassman\/status\/1569704869895835649?ref_src=twsrc%5Etfw\">September 13, 2022<\/a><\/p><\/blockquote>\n<\/div>\n<\/div>\n<p>Einfach toll, danke. Kretschmann nutzt aktuell zum Vorleben dabei jedoch l\u00f6blicherweise nicht die ihm zustehende <a rel=\"nofollow noopener\" target=\"_blank\" href=\"https:\/\/www.bw24.de\/baden-wuerttemberg\/stuttgart-dienstvilla-winfried-kretschmann-leben-bescheiden-haus-gasthof-sigmaringen-baden-wuerttemberg-91227229.html\">Dienstvilla<\/a>\u00a0mit insgesamt 15 Zimmern auf 450 Quadratmetern Wohnfl\u00e4che inklusive Schwimmbad. &#8220;Das Haus ist f\u00fcr mich und meine Frau einfach zu gro\u00df&#8221;, lie\u00df er bei Amtsantritt wissen. Er wohnt lieber in einem ehemaligen Gasthof, den einst die Familie seiner Ehefrau bewirtschaftet hat. Der\u00a0<em>Spiegel<\/em>\u00a0schrieb j\u00fcngst \u00fcber Kretschmann:<\/p>\n<blockquote>\n<p><em>&#8220;Seit 25 Jahren erhitze er sein Wasser zu 70 Prozent solar, au\u00dferdem habe er eine Pelletheizung bestellt. Kretschmanns Tipp: &#8216;Wir heizen in der Regel nur ein Zimmer. Es ist auch ges\u00fcnder, wenn man im Haus nicht \u00fcberall die gleiche Temperatur hat.'&#8221;<\/em><\/p>\n<\/blockquote>\n<p>Eine <a rel=\"nofollow noopener\" target=\"_blank\" href=\"https:\/\/www.co2online.de\/modernisieren-und-bauen\/heizung\/pelletheizung\/#:~:text=hohen%20Investitionskosten%20f%C3%BChren.-,Kosten%20einer%20Pelletheizung,14.000%20Euro%20und%2021.000%20Euro.\">Pelletheizung<\/a> ist ein W\u00e4rmeerzeuger, der die Energie f\u00fcr Heizung und Warmwasser aus der Holzverbrennung gewinnt. Handelspreise f\u00fcr den Gesamteinbau liegen je nach Nennleistung des Kessels\u00a0zwischen 14.000 Euro und 21.000 Euro. Realisierbar bei einem monatlichen Sal\u00e4r von knappen <a rel=\"nofollow noopener\" target=\"_blank\" href=\"https:\/\/www.gehaltsvergleich.com\/news\/was-verdient-eigentlich-ein-ministerpraesident\">16.489,20 Euro<\/a>.<\/p>\n<p>&#8220;Gemeinsam ein Zeichen setzen&#8221; soll das Ziel der Kampagne darstellen. Du, B\u00fcrger, in deiner Zweizimmerwohnung. Ihr, vierk\u00f6pfige Familie, in einer Dreizimmerwohnung, und ich, der\u00a0Ministerpr\u00e4sident, in meinem\u00a0Gasthof. Gibt es noch weitere lebensnahe Empfehlungen aus der Gedankenwelt des Winfried Kretschmann? Gibt es\u00a0\u2013 unter der Kampagnen-Rubrik: &#8220;10 Tipps, um clever Energie zu sparen&#8221;. <a rel=\"nofollow noopener\" target=\"_blank\" href=\"https:\/\/www.carlsen.de\/reihe\/clever-und-smart\">Clever &amp; Smart<\/a>\u00a0wie auch <a rel=\"nofollow noopener\" target=\"_blank\" href=\"https:\/\/www.duckipedia.de\/Klaas_Klever\">Klaas Klever<\/a> h\u00e4tten ihre helle Freude:<\/p>\n<blockquote>\n<p><em>&#8220;Clever heizen, clever l\u00fcften, clever kochen, clever k\u00fchlen, clever waschen, clever elektrisieren, clever mobil sein, clever W\u00e4rme erzeugen, clever d\u00e4mmen, das kann man sich noch sparen.&#8221;<\/em><\/p>\n<\/blockquote>\n<p>Daraus ergeben sich dann insgesamt 34 Aufforderungen an die Menschen, mal bitte nachzudenken, bevor der Alltag einfach so hingeschludert gelebt wird. Der Punkt &#8220;Clever kochen&#8221;\u00a0soll exemplarisch die Arroganz, die\u00a0Abgehobenheit\u00a0der politischen Kaste und ihrer Marketing-Helfershelfer darstellen. So hei\u00dft es wortw\u00f6rtlich:<\/p>\n<ol>\n<li>Jedem Topf den passenden Deckel und jeder Herdplatte den passenden Topf, dann ben\u00f6tigen Sie zwei Drittel weniger Energie. Leicht verdientes Geld &#8230;<\/li>\n<li>Benutzen Sie nicht den Backofen zum Br\u00f6tchenaufbacken. Ein Toaster mit Aufsatz braucht 70 Prozent weniger Energie als ein Backofen &#8230;<\/li>\n<li>Nehmen Sie zum Wasserkochen, etwa f\u00fcr Kaffee oder Tee, einen elektrischen Wasserkocher und nicht die Herdplatte \u2013 kochen Sie nur so viel Wasser, wie Sie brauchen &#8230;<\/li>\n<\/ol>\n<p>Wo er recht hat, hat er recht? Beim Punkt &#8220;Clever waschen&#8221; lautet die Ermahnung:<\/p>\n<blockquote>\n<p><em>&#8220;Bei gering verschmutzter W\u00e4sche reichen Waschtemperaturen um die 30 Grad meist aus. Kaltaktive Waschmittel reinigen sogar bei geringeren Temperaturen. Oftmals kann auf die Vorw\u00e4sche verzichtet werden.&#8221;<\/em><\/p>\n<\/blockquote>\n<p>Darf das bitte der m\u00fcndige B\u00fcrger noch f\u00fcr sich entscheiden? Droht die Renaissance des kontrollierenden Blockwarts, der nicht mehr mit Block und Stift, sondern mit digitalem Mehrzweckger\u00e4t das &#8220;<a rel=\"nofollow noopener\" target=\"_blank\" href=\"https:\/\/www.youtube.com\/watch?v=IxsDAsxWEZk\">Social\u00a0Scoring<\/a>&#8220;-System aktualisiert? Was findet sich unter dem Punkt &#8220;Clever mobil sein&#8221;?<\/p>\n<blockquote>\n<p><em>&#8220;H\u00e4ufiges Bremsen und Schalten kostet beim Autofahren Energie. Vorausschauend und niedertourig fahren Sie besser. Es schont Umwelt, Nerven und Tankbudget.&#8221;<\/em><\/p>\n<\/blockquote>\n<p>Berufsverkehr in Ballungszentren, Stress durch Zeitmanagement (alleinerziehend, mehrere Berufe), Lieferdienste im Dauerstress, Baustellenchaos, Gr\u00fcn initiierte Verkehrsberuhigungen\/Fahrradstra\u00dfen\u00a0etc. \u2013 alles nervenraubende Alltagsrealit\u00e4ten eines gesellschaftlichen Bodensatzes, aber nicht die der einfordernden Politiker. Den Punkt &#8220;Das kann man sich noch sparen&#8221;, habe ich mir erspart.<\/p>\n<p>Was die Politik sich eindeutig sparen kann, ist die Belehrung der m\u00fcndigen B\u00fcrger durch solche Pipifax-Kampagnen. Millionen Menschen machen sich mehr als berechtigt ernsthafte Sorgen dar\u00fcber, wie sie in den kommenden Wochen ihr Leben finanzieren und realisieren, Miete und Nebenkosten zahlen sollen. Tausenden Unternehmen und Betrieben droht das Ende, die Insolvenz, ausgehend von einzig und allein der destruktiven und zerst\u00f6rerischen Politik der Ampel-Regierung.\u00a0<\/p>\n<p>&#8220;Zusammen Energie sparen&#8221; ist ein bewusster verbaler Schlag in das Gesicht der Menschen im Land, die ihre k\u00f6rperliche Energie wohlwissend ma\u00dfvoll einsetzen m\u00fcssen, um das t\u00e4gliche Dasein \u00fcberhaupt noch meistern zu k\u00f6nnen. Wir leben nicht im &#8220;Cleverl\u00e4nd&#8221;. Made in Germany wird mutwillig demontiert und zerst\u00f6rt. Solche Kampagnen irritieren nicht, sie schockieren mit dem Wissen, wie die ausf\u00fchrende Politik \u00fcber die Menschen im Land anscheinend denkt. &#8220;Zusammen&#8221; soll\u00a0auf billigste\u00a0Art ein\u00a0&#8220;Wir-Gef\u00fchl&#8221; suggerieren. Davon\u00a0sind die verantwortliche Politik und der B\u00fcrger durch sich stetig vertiefende Gr\u00e4ben meilenweit voneinander entfernt.<\/p>\n<p>Clever Politik gestalten! hei\u00dft daher die eindeutige Forderung an die Verantwortlichen \u2013 nicht nur in Stuttgart, sondern vor allem in der Bundeshauptstadt Berlin. Noch besser und wichtiger w\u00e4re es jedoch, endlich wieder intelligente und verantwortungsvolle politische Entscheidungen zu treffen. Im Sinne und zum Wohle der Menschen im Land.<\/p>\n<p><strong>Mehr zum Thema &#8211;<\/strong>\u00a0<a rel=\"nofollow noopener\" target=\"_blank\" href=\"https:\/\/pressefreiheit.rtde.tech\/inland\/148810-irrglaube-a-la-bild-habeck\/\">Irrglaube \u00e0 la Bild, Habeck und Co.: Hartz-IV-Empf\u00e4ngern werden nicht s\u00e4mtliche Heizkosten erstattet<\/a><\/p>\n<\/div>\n<p><script async src=\"https:\/\/platform.twitter.com\/widgets.js\" charset=\"utf-8\"><\/script><br \/>\n<br \/><br \/>\n<br \/><a href=\"https:\/\/de.rt.com\/meinung\/148864-cleverlaend-kampagne\/\">Source link <\/a><\/p>\n","protected":false},"excerpt":{"rendered":"<p>Das Bundesland Baden-W\u00fcrttemberg will &#8220;zusammen Energie sparen&#8221;. Daf\u00fcr wird eine teure Kampagne entwickelt, die dem doofen B\u00fcrger erkl\u00e4ren soll, warum er im Monat zu viel Geld verschwendet. Die wahre Not der Menschen \u2013 ausgehend von einer destruktiven Politik \u2013 wird so erneut ins L\u00e4cherliche gezogen. Von Bernhard Loyen Winfried Kretschmann (Gr\u00fcne),\u00a0Ministerpr\u00e4sident\u00a0von Baden-W\u00fcrttemberg, gilt als bodenst\u00e4ndiger [&hellip;]<\/p>\n","protected":false},"author":3,"featured_media":19088,"comment_status":"open","ping_status":"open","sticky":false,"template":"","format":"standard","meta":{"wp_automatic_camp":["217"],"c95d9dae3320583440c8cdc18bad482f":["&quot;Cleverl\u00e4nd&quot;-Kampagne \u2013 oder: Wie die Politik m\u00fcndige B\u00fcrger zu Kleinkindern degradiert"],"original_link":["https:\/\/de.rt.com\/meinung\/148864-cleverlaend-kampagne\/"],"_thumbnail_id":["19088"],"_wptg_p2tg_sent2tg":["2022-09-15 06:55:09"],"jnews_social_counter_last_update":["1777340932"]},"categories":[19,23],"tags":[8956,32846,45,27143,32845,268,592,32844,579],"yoast_head":"<!-- This site is optimized with the Yoast SEO Premium plugin v22.7 (Yoast SEO v22.7) - https:\/\/yoast.com\/wordpress\/plugins\/seo\/ -->\n<title>&quot;Cleverl\u00e4nd&quot;-Kampagne \u2013 oder: Wie die Politik m\u00fcndige B\u00fcrger zu Kleinkindern degradiert - just-now.NEWS Deutschland<\/title>\n<meta name=\"robots\" content=\"index, follow, max-snippet:-1, max-image-preview:large, max-video-preview:-1\" \/>\n<link rel=\"canonical\" href=\"https:\/\/now-news.de\/de\/deutschland\/cleverlaend-kampagne-oder-wie-die-politik-muendige-buerger-zu-kleinkindern-degradiert\/\" \/>\n<meta property=\"og:locale\" content=\"de_DE\" \/>\n<meta property=\"og:type\" content=\"article\" \/>\n<meta property=\"og:title\" content=\"&quot;Cleverl\u00e4nd&quot;-Kampagne \u2013 oder: Wie die Politik m\u00fcndige B\u00fcrger zu Kleinkindern degradiert\" \/>\n<meta property=\"og:description\" content=\"Das Bundesland Baden-W\u00fcrttemberg will &#8220;zusammen Energie sparen&#8221;. Daf\u00fcr wird eine teure Kampagne entwickelt, die dem doofen B\u00fcrger erkl\u00e4ren soll, warum er im Monat zu viel Geld verschwendet. Die wahre Not der Menschen \u2013 ausgehend von einer destruktiven Politik \u2013 wird so erneut ins L\u00e4cherliche gezogen. Von Bernhard Loyen Winfried Kretschmann (Gr\u00fcne),\u00a0Ministerpr\u00e4sident\u00a0von Baden-W\u00fcrttemberg, gilt als bodenst\u00e4ndiger [&hellip;]\" \/>\n<meta property=\"og:url\" content=\"https:\/\/now-news.de\/de\/deutschland\/cleverlaend-kampagne-oder-wie-die-politik-muendige-buerger-zu-kleinkindern-degradiert\/\" \/>\n<meta property=\"og:site_name\" content=\"just-now.NEWS Deutschland\" \/>\n<meta property=\"article:publisher\" content=\"https:\/\/www.facebook.com\/wirmachenauf\" \/>\n<meta property=\"article:published_time\" content=\"2022-09-15T04:45:00+00:00\" \/>\n<meta property=\"og:image\" content=\"https:\/\/now-news.de\/de\/wp-content\/uploads\/sites\/3\/2022\/09\/quotCleverlaendquot-Kampagne-\u2013-oder-Wie-die-Politik-muendige-Buerger-zu-Kleinkindern.jpg\" \/>\n\t<meta property=\"og:image:width\" content=\"460\" \/>\n\t<meta property=\"og:image:height\" content=\"259\" \/>\n\t<meta property=\"og:image:type\" content=\"image\/jpeg\" \/>\n<meta name=\"author\" content=\"rtnews\" \/>\n<meta name=\"twitter:card\" content=\"summary_large_image\" \/>\n<meta name=\"twitter:creator\" content=\"@WirMachenAuf_de\" \/>\n<meta name=\"twitter:site\" content=\"@WirMachenAuf_de\" \/>\n<meta name=\"twitter:label1\" content=\"Verfasst von\" \/>\n\t<meta name=\"twitter:data1\" content=\"rtnews\" \/>\n\t<meta name=\"twitter:label2\" content=\"Gesch\u00e4tzte Lesezeit\" \/>\n\t<meta name=\"twitter:data2\" content=\"6\u00a0Minuten\" \/>\n<script type=\"application\/ld+json\" class=\"yoast-schema-graph\">{\"@context\":\"https:\/\/schema.org\",\"@graph\":[{\"@type\":\"Article\",\"@id\":\"https:\/\/now-news.de\/de\/deutschland\/cleverlaend-kampagne-oder-wie-die-politik-muendige-buerger-zu-kleinkindern-degradiert\/#article\",\"isPartOf\":{\"@id\":\"https:\/\/now-news.de\/de\/deutschland\/cleverlaend-kampagne-oder-wie-die-politik-muendige-buerger-zu-kleinkindern-degradiert\/\"},\"author\":{\"name\":\"rtnews\",\"@id\":\"https:\/\/now-news.de\/de\/#\/schema\/person\/fb534a4e865501d8b3285208df34a9b5\"},\"headline\":\"&quot;Cleverl\u00e4nd&quot;-Kampagne \u2013 oder: Wie die Politik m\u00fcndige B\u00fcrger zu Kleinkindern degradiert\",\"datePublished\":\"2022-09-15T04:45:00+00:00\",\"dateModified\":\"2022-09-15T04:45:00+00:00\",\"mainEntityOfPage\":{\"@id\":\"https:\/\/now-news.de\/de\/deutschland\/cleverlaend-kampagne-oder-wie-die-politik-muendige-buerger-zu-kleinkindern-degradiert\/\"},\"wordCount\":1254,\"commentCount\":0,\"publisher\":{\"@id\":\"https:\/\/now-news.de\/de\/#organization\"},\"image\":{\"@id\":\"https:\/\/now-news.de\/de\/deutschland\/cleverlaend-kampagne-oder-wie-die-politik-muendige-buerger-zu-kleinkindern-degradiert\/#primaryimage\"},\"thumbnailUrl\":\"https:\/\/now-news.de\/de\/wp-content\/uploads\/sites\/3\/2022\/09\/quotCleverlaendquot-Kampagne-\u2013-oder-Wie-die-Politik-muendige-Buerger-zu-Kleinkindern.jpg\",\"keywords\":[\"b\u00fcrger\",\"degradiert\",\"die\",\"Kleinkindern\",\"m\u00fcndige\",\"oder\",\"Politik\",\"quotCleverl\u00e4ndquotKampagne\",\"Wie\"],\"articleSection\":[\"Deutschland\",\"Russland\"],\"inLanguage\":\"de\",\"potentialAction\":[{\"@type\":\"CommentAction\",\"name\":\"Comment\",\"target\":[\"https:\/\/now-news.de\/de\/deutschland\/cleverlaend-kampagne-oder-wie-die-politik-muendige-buerger-zu-kleinkindern-degradiert\/#respond\"]}]},{\"@type\":\"WebPage\",\"@id\":\"https:\/\/now-news.de\/de\/deutschland\/cleverlaend-kampagne-oder-wie-die-politik-muendige-buerger-zu-kleinkindern-degradiert\/\",\"url\":\"https:\/\/now-news.de\/de\/deutschland\/cleverlaend-kampagne-oder-wie-die-politik-muendige-buerger-zu-kleinkindern-degradiert\/\",\"name\":\"&quot;Cleverl\u00e4nd&quot;-Kampagne \u2013 oder: Wie die Politik m\u00fcndige B\u00fcrger zu Kleinkindern degradiert - just-now.NEWS Deutschland\",\"isPartOf\":{\"@id\":\"https:\/\/now-news.de\/de\/#website\"},\"primaryImageOfPage\":{\"@id\":\"https:\/\/now-news.de\/de\/deutschland\/cleverlaend-kampagne-oder-wie-die-politik-muendige-buerger-zu-kleinkindern-degradiert\/#primaryimage\"},\"image\":{\"@id\":\"https:\/\/now-news.de\/de\/deutschland\/cleverlaend-kampagne-oder-wie-die-politik-muendige-buerger-zu-kleinkindern-degradiert\/#primaryimage\"},\"thumbnailUrl\":\"https:\/\/now-news.de\/de\/wp-content\/uploads\/sites\/3\/2022\/09\/quotCleverlaendquot-Kampagne-\u2013-oder-Wie-die-Politik-muendige-Buerger-zu-Kleinkindern.jpg\",\"datePublished\":\"2022-09-15T04:45:00+00:00\",\"dateModified\":\"2022-09-15T04:45:00+00:00\",\"breadcrumb\":{\"@id\":\"https:\/\/now-news.de\/de\/deutschland\/cleverlaend-kampagne-oder-wie-die-politik-muendige-buerger-zu-kleinkindern-degradiert\/#breadcrumb\"},\"inLanguage\":\"de\",\"potentialAction\":[{\"@type\":\"ReadAction\",\"target\":[\"https:\/\/now-news.de\/de\/deutschland\/cleverlaend-kampagne-oder-wie-die-politik-muendige-buerger-zu-kleinkindern-degradiert\/\"]}]},{\"@type\":\"ImageObject\",\"inLanguage\":\"de\",\"@id\":\"https:\/\/now-news.de\/de\/deutschland\/cleverlaend-kampagne-oder-wie-die-politik-muendige-buerger-zu-kleinkindern-degradiert\/#primaryimage\",\"url\":\"https:\/\/now-news.de\/de\/wp-content\/uploads\/sites\/3\/2022\/09\/quotCleverlaendquot-Kampagne-\u2013-oder-Wie-die-Politik-muendige-Buerger-zu-Kleinkindern.jpg\",\"contentUrl\":\"https:\/\/now-news.de\/de\/wp-content\/uploads\/sites\/3\/2022\/09\/quotCleverlaendquot-Kampagne-\u2013-oder-Wie-die-Politik-muendige-Buerger-zu-Kleinkindern.jpg\",\"width\":460,\"height\":259,\"caption\":\"&quot;Cleverl\u00e4nd&quot;-Kampagne \u2013 oder: Wie die Politik m\u00fcndige B\u00fcrger zu Kleinkindern degradiert\"},{\"@type\":\"BreadcrumbList\",\"@id\":\"https:\/\/now-news.de\/de\/deutschland\/cleverlaend-kampagne-oder-wie-die-politik-muendige-buerger-zu-kleinkindern-degradiert\/#breadcrumb\",\"itemListElement\":[{\"@type\":\"ListItem\",\"position\":1,\"name\":\"Home\",\"item\":\"https:\/\/now-news.de\/de\/\"},{\"@type\":\"ListItem\",\"position\":2,\"name\":\"&quot;Cleverl\u00e4nd&quot;-Kampagne \u2013 oder: Wie die Politik m\u00fcndige B\u00fcrger zu Kleinkindern degradiert\"}]},{\"@type\":\"WebSite\",\"@id\":\"https:\/\/now-news.de\/de\/#website\",\"url\":\"https:\/\/now-news.de\/de\/\",\"name\":\"just-now.NEWS Deutschland\",\"description\":\"Das Portal f\u00fcr unzensierte Nachrichten aus der Welt\",\"publisher\":{\"@id\":\"https:\/\/now-news.de\/de\/#organization\"},\"potentialAction\":[{\"@type\":\"SearchAction\",\"target\":{\"@type\":\"EntryPoint\",\"urlTemplate\":\"https:\/\/now-news.de\/de\/?s={search_term_string}\"},\"query-input\":\"required name=search_term_string\"}],\"inLanguage\":\"de\"},{\"@type\":\"Organization\",\"@id\":\"https:\/\/now-news.de\/de\/#organization\",\"name\":\"Just Now News\",\"url\":\"https:\/\/now-news.de\/de\/\",\"logo\":{\"@type\":\"ImageObject\",\"inLanguage\":\"de\",\"@id\":\"https:\/\/now-news.de\/de\/#\/schema\/logo\/image\/\",\"url\":\"http:\/\/just-now.news\/de\/wp-content\/uploads\/sites\/3\/2022\/04\/logo500x500.jpg\",\"contentUrl\":\"http:\/\/just-now.news\/de\/wp-content\/uploads\/sites\/3\/2022\/04\/logo500x500.jpg\",\"width\":500,\"height\":500,\"caption\":\"Just Now News\"},\"image\":{\"@id\":\"https:\/\/now-news.de\/de\/#\/schema\/logo\/image\/\"},\"sameAs\":[\"https:\/\/www.facebook.com\/wirmachenauf\",\"https:\/\/x.com\/WirMachenAuf_de\"]},{\"@type\":\"Person\",\"@id\":\"https:\/\/now-news.de\/de\/#\/schema\/person\/fb534a4e865501d8b3285208df34a9b5\",\"name\":\"rtnews\",\"image\":{\"@type\":\"ImageObject\",\"inLanguage\":\"de\",\"@id\":\"https:\/\/now-news.de\/de\/#\/schema\/person\/image\/\",\"url\":\"https:\/\/secure.gravatar.com\/avatar\/82aafea7d8127119dd649515f56e2117?s=96&d=mm&r=g\",\"contentUrl\":\"https:\/\/secure.gravatar.com\/avatar\/82aafea7d8127119dd649515f56e2117?s=96&d=mm&r=g\",\"caption\":\"rtnews\"},\"url\":\"https:\/\/now-news.de\/de\/author\/rnews\/\"}]}<\/script>\n<!-- \/ Yoast SEO Premium plugin. -->","yoast_head_json":{"title":"&quot;Cleverl\u00e4nd&quot;-Kampagne \u2013 oder: Wie die Politik m\u00fcndige B\u00fcrger zu Kleinkindern degradiert - just-now.NEWS Deutschland","robots":{"index":"index","follow":"follow","max-snippet":"max-snippet:-1","max-image-preview":"max-image-preview:large","max-video-preview":"max-video-preview:-1"},"canonical":"https:\/\/now-news.de\/de\/deutschland\/cleverlaend-kampagne-oder-wie-die-politik-muendige-buerger-zu-kleinkindern-degradiert\/","og_locale":"de_DE","og_type":"article","og_title":"&quot;Cleverl\u00e4nd&quot;-Kampagne \u2013 oder: Wie die Politik m\u00fcndige B\u00fcrger zu Kleinkindern degradiert","og_description":"Das Bundesland Baden-W\u00fcrttemberg will &#8220;zusammen Energie sparen&#8221;. Daf\u00fcr wird eine teure Kampagne entwickelt, die dem doofen B\u00fcrger erkl\u00e4ren soll, warum er im Monat zu viel Geld verschwendet. Die wahre Not der Menschen \u2013 ausgehend von einer destruktiven Politik \u2013 wird so erneut ins L\u00e4cherliche gezogen. Von Bernhard Loyen Winfried Kretschmann (Gr\u00fcne),\u00a0Ministerpr\u00e4sident\u00a0von Baden-W\u00fcrttemberg, gilt als bodenst\u00e4ndiger [&hellip;]","og_url":"https:\/\/now-news.de\/de\/deutschland\/cleverlaend-kampagne-oder-wie-die-politik-muendige-buerger-zu-kleinkindern-degradiert\/","og_site_name":"just-now.NEWS Deutschland","article_publisher":"https:\/\/www.facebook.com\/wirmachenauf","article_published_time":"2022-09-15T04:45:00+00:00","og_image":[{"width":460,"height":259,"url":"https:\/\/now-news.de\/de\/wp-content\/uploads\/sites\/3\/2022\/09\/quotCleverlaendquot-Kampagne-\u2013-oder-Wie-die-Politik-muendige-Buerger-zu-Kleinkindern.jpg","type":"image\/jpeg"}],"author":"rtnews","twitter_card":"summary_large_image","twitter_creator":"@WirMachenAuf_de","twitter_site":"@WirMachenAuf_de","twitter_misc":{"Verfasst von":"rtnews","Gesch\u00e4tzte Lesezeit":"6\u00a0Minuten"},"schema":{"@context":"https:\/\/schema.org","@graph":[{"@type":"Article","@id":"https:\/\/now-news.de\/de\/deutschland\/cleverlaend-kampagne-oder-wie-die-politik-muendige-buerger-zu-kleinkindern-degradiert\/#article","isPartOf":{"@id":"https:\/\/now-news.de\/de\/deutschland\/cleverlaend-kampagne-oder-wie-die-politik-muendige-buerger-zu-kleinkindern-degradiert\/"},"author":{"name":"rtnews","@id":"https:\/\/now-news.de\/de\/#\/schema\/person\/fb534a4e865501d8b3285208df34a9b5"},"headline":"&quot;Cleverl\u00e4nd&quot;-Kampagne \u2013 oder: Wie die Politik m\u00fcndige B\u00fcrger zu Kleinkindern degradiert","datePublished":"2022-09-15T04:45:00+00:00","dateModified":"2022-09-15T04:45:00+00:00","mainEntityOfPage":{"@id":"https:\/\/now-news.de\/de\/deutschland\/cleverlaend-kampagne-oder-wie-die-politik-muendige-buerger-zu-kleinkindern-degradiert\/"},"wordCount":1254,"commentCount":0,"publisher":{"@id":"https:\/\/now-news.de\/de\/#organization"},"image":{"@id":"https:\/\/now-news.de\/de\/deutschland\/cleverlaend-kampagne-oder-wie-die-politik-muendige-buerger-zu-kleinkindern-degradiert\/#primaryimage"},"thumbnailUrl":"https:\/\/now-news.de\/de\/wp-content\/uploads\/sites\/3\/2022\/09\/quotCleverlaendquot-Kampagne-\u2013-oder-Wie-die-Politik-muendige-Buerger-zu-Kleinkindern.jpg","keywords":["b\u00fcrger","degradiert","die","Kleinkindern","m\u00fcndige","oder","Politik","quotCleverl\u00e4ndquotKampagne","Wie"],"articleSection":["Deutschland","Russland"],"inLanguage":"de","potentialAction":[{"@type":"CommentAction","name":"Comment","target":["https:\/\/now-news.de\/de\/deutschland\/cleverlaend-kampagne-oder-wie-die-politik-muendige-buerger-zu-kleinkindern-degradiert\/#respond"]}]},{"@type":"WebPage","@id":"https:\/\/now-news.de\/de\/deutschland\/cleverlaend-kampagne-oder-wie-die-politik-muendige-buerger-zu-kleinkindern-degradiert\/","url":"https:\/\/now-news.de\/de\/deutschland\/cleverlaend-kampagne-oder-wie-die-politik-muendige-buerger-zu-kleinkindern-degradiert\/","name":"&quot;Cleverl\u00e4nd&quot;-Kampagne \u2013 oder: Wie die Politik m\u00fcndige B\u00fcrger zu Kleinkindern degradiert - just-now.NEWS Deutschland","isPartOf":{"@id":"https:\/\/now-news.de\/de\/#website"},"primaryImageOfPage":{"@id":"https:\/\/now-news.de\/de\/deutschland\/cleverlaend-kampagne-oder-wie-die-politik-muendige-buerger-zu-kleinkindern-degradiert\/#primaryimage"},"image":{"@id":"https:\/\/now-news.de\/de\/deutschland\/cleverlaend-kampagne-oder-wie-die-politik-muendige-buerger-zu-kleinkindern-degradiert\/#primaryimage"},"thumbnailUrl":"https:\/\/now-news.de\/de\/wp-content\/uploads\/sites\/3\/2022\/09\/quotCleverlaendquot-Kampagne-\u2013-oder-Wie-die-Politik-muendige-Buerger-zu-Kleinkindern.jpg","datePublished":"2022-09-15T04:45:00+00:00","dateModified":"2022-09-15T04:45:00+00:00","breadcrumb":{"@id":"https:\/\/now-news.de\/de\/deutschland\/cleverlaend-kampagne-oder-wie-die-politik-muendige-buerger-zu-kleinkindern-degradiert\/#breadcrumb"},"inLanguage":"de","potentialAction":[{"@type":"ReadAction","target":["https:\/\/now-news.de\/de\/deutschland\/cleverlaend-kampagne-oder-wie-die-politik-muendige-buerger-zu-kleinkindern-degradiert\/"]}]},{"@type":"ImageObject","inLanguage":"de","@id":"https:\/\/now-news.de\/de\/deutschland\/cleverlaend-kampagne-oder-wie-die-politik-muendige-buerger-zu-kleinkindern-degradiert\/#primaryimage","url":"https:\/\/now-news.de\/de\/wp-content\/uploads\/sites\/3\/2022\/09\/quotCleverlaendquot-Kampagne-\u2013-oder-Wie-die-Politik-muendige-Buerger-zu-Kleinkindern.jpg","contentUrl":"https:\/\/now-news.de\/de\/wp-content\/uploads\/sites\/3\/2022\/09\/quotCleverlaendquot-Kampagne-\u2013-oder-Wie-die-Politik-muendige-Buerger-zu-Kleinkindern.jpg","width":460,"height":259,"caption":"&quot;Cleverl\u00e4nd&quot;-Kampagne \u2013 oder: Wie die Politik m\u00fcndige B\u00fcrger zu Kleinkindern degradiert"},{"@type":"BreadcrumbList","@id":"https:\/\/now-news.de\/de\/deutschland\/cleverlaend-kampagne-oder-wie-die-politik-muendige-buerger-zu-kleinkindern-degradiert\/#breadcrumb","itemListElement":[{"@type":"ListItem","position":1,"name":"Home","item":"https:\/\/now-news.de\/de\/"},{"@type":"ListItem","position":2,"name":"&quot;Cleverl\u00e4nd&quot;-Kampagne \u2013 oder: Wie die Politik m\u00fcndige B\u00fcrger zu Kleinkindern degradiert"}]},{"@type":"WebSite","@id":"https:\/\/now-news.de\/de\/#website","url":"https:\/\/now-news.de\/de\/","name":"just-now.NEWS Deutschland","description":"Das Portal f\u00fcr unzensierte Nachrichten aus der Welt","publisher":{"@id":"https:\/\/now-news.de\/de\/#organization"},"potentialAction":[{"@type":"SearchAction","target":{"@type":"EntryPoint","urlTemplate":"https:\/\/now-news.de\/de\/?s={search_term_string}"},"query-input":"required name=search_term_string"}],"inLanguage":"de"},{"@type":"Organization","@id":"https:\/\/now-news.de\/de\/#organization","name":"Just Now News","url":"https:\/\/now-news.de\/de\/","logo":{"@type":"ImageObject","inLanguage":"de","@id":"https:\/\/now-news.de\/de\/#\/schema\/logo\/image\/","url":"http:\/\/just-now.news\/de\/wp-content\/uploads\/sites\/3\/2022\/04\/logo500x500.jpg","contentUrl":"http:\/\/just-now.news\/de\/wp-content\/uploads\/sites\/3\/2022\/04\/logo500x500.jpg","width":500,"height":500,"caption":"Just Now News"},"image":{"@id":"https:\/\/now-news.de\/de\/#\/schema\/logo\/image\/"},"sameAs":["https:\/\/www.facebook.com\/wirmachenauf","https:\/\/x.com\/WirMachenAuf_de"]},{"@type":"Person","@id":"https:\/\/now-news.de\/de\/#\/schema\/person\/fb534a4e865501d8b3285208df34a9b5","name":"rtnews","image":{"@type":"ImageObject","inLanguage":"de","@id":"https:\/\/now-news.de\/de\/#\/schema\/person\/image\/","url":"https:\/\/secure.gravatar.com\/avatar\/82aafea7d8127119dd649515f56e2117?s=96&d=mm&r=g","contentUrl":"https:\/\/secure.gravatar.com\/avatar\/82aafea7d8127119dd649515f56e2117?s=96&d=mm&r=g","caption":"rtnews"},"url":"https:\/\/now-news.de\/de\/author\/rnews\/"}]}},"_links":{"self":[{"href":"https:\/\/now-news.de\/de\/wp-json\/wp\/v2\/posts\/19087"}],"collection":[{"href":"https:\/\/now-news.de\/de\/wp-json\/wp\/v2\/posts"}],"about":[{"href":"https:\/\/now-news.de\/de\/wp-json\/wp\/v2\/types\/post"}],"author":[{"embeddable":true,"href":"https:\/\/now-news.de\/de\/wp-json\/wp\/v2\/users\/3"}],"replies":[{"embeddable":true,"href":"https:\/\/now-news.de\/de\/wp-json\/wp\/v2\/comments?post=19087"}],"version-history":[{"count":0,"href":"https:\/\/now-news.de\/de\/wp-json\/wp\/v2\/posts\/19087\/revisions"}],"wp:featuredmedia":[{"embeddable":true,"href":"https:\/\/now-news.de\/de\/wp-json\/wp\/v2\/media\/19088"}],"wp:attachment":[{"href":"https:\/\/now-news.de\/de\/wp-json\/wp\/v2\/media?parent=19087"}],"wp:term":[{"taxonomy":"category","embeddable":true,"href":"https:\/\/now-news.de\/de\/wp-json\/wp\/v2\/categories?post=19087"},{"taxonomy":"post_tag","embeddable":true,"href":"https:\/\/now-news.de\/de\/wp-json\/wp\/v2\/tags?post=19087"}],"curies":[{"name":"wp","href":"https:\/\/api.w.org\/{rel}","templated":true}]}}