{"id":19042,"date":"2022-09-14T15:20:24","date_gmt":"2022-09-14T13:20:24","guid":{"rendered":"http:\/\/just-now.news\/de\/deutschland\/finnische-premierministerin-sanktionen-muessen-ganz-normale-russen-treffen\/"},"modified":"2022-09-14T15:20:24","modified_gmt":"2022-09-14T13:20:24","slug":"finnische-premierministerin-sanktionen-muessen-ganz-normale-russen-treffen","status":"publish","type":"post","link":"https:\/\/now-news.de\/de\/deutschland\/finnische-premierministerin-sanktionen-muessen-ganz-normale-russen-treffen\/","title":{"rendered":"Finnische Premierministerin: Sanktionen m\u00fcssen ganz normale Russen treffen"},"content":{"rendered":"<p><img decoding=\"async\" src=\"http:\/\/just-now.news\/de\/wp-content\/uploads\/sites\/3\/2022\/09\/6321c7d8b480cc37274a91d1.jpg\" \/><\/p>\n<div class=\"Text-root Text-type_1 \">\n                Die Europ\u00e4ische Union hat seit Ende Februar bereits mehrere Sanktionspakete gegen Moskau verh\u00e4ngt. Doch die finnische Premierministerin Sanna Marin ist offenbar der Meinung, dass dies nicht ausreicht. Nun hat sie eine Ausweitung der Strafma\u00dfnahmen gegen russische B\u00fcrger angeregt.\n            <\/div>\n<p><\/p>\n<div class=\"Text-root Text-type_5 ArticleView-text ViewText-root \">\n<p>Die finnische Premierministerin Sanna Marin sagte am Dienstag, dass die EU-Sanktionen, einschlie\u00dflich der vollst\u00e4ndigen Aussetzung des Abkommens mit Russland \u00fcber die erleichterte Visavergabe, &#8220;nicht ausreichend&#8221; seien. Sie meinte, dass die einfachen Russen in ihrem t\u00e4glichen Leben mehr Druck sp\u00fcren sollten. Entsprechend erkl\u00e4rte die Politikerin\u00a0vor dem Europ\u00e4ischen Parlament in Stra\u00dfburg:\u00a0<\/p>\n<blockquote>\n<p><em>&#8220;Wir m\u00fcssen bereit sein, weitere Sanktionen zu ergreifen, denn je mehr Wirkung wir mit Sanktionen erzielen, desto teurer wird es f\u00fcr Russland, diesen Krieg fortzusetzen.&#8221;<\/em><\/p>\n<\/blockquote>\n<p>Es ist nicht das erste Mal, dass Marin seit Beginn des Konflikts in der Ukraine Ma\u00dfnahmen gegen die russische Bev\u00f6lkerung vorschl\u00e4gt. Es sei &#8220;<a rel=\"nofollow noopener\" target=\"_blank\" href=\"https:\/\/test.rtde.tech\/kurzclips\/video\/146382-eu-einreiseverbot-fur-russen-warnungen\/\">nicht richtig<\/a>&#8220;, dass Russen &#8220;ein normales Leben f\u00fchren, durch Europa reisen und Touristen sein k\u00f6nnen&#8221;, hatte\u00a0Marin etwa am 8. August gegen\u00fcber dem staatlichen Rundfunksender <em>Yle<\/em> gesagt. Die Aussage wurde am n\u00e4chsten Tag von der estnischen Premierministerin Kaja Kallas aufgegriffen: Sie\u00a0schrieb\u00a0auf dem Kurznachrichtendienst Twitter:<\/p>\n<blockquote>\n<p><em>&#8220;Europa zu besuchen, ist ein Privileg, kein Menschenrecht.&#8221;<\/em><\/p>\n<\/blockquote>\n<p>Am 9. September <a rel=\"nofollow noopener\" target=\"_blank\" href=\"https:\/\/eur-lex.europa.eu\/legal-content\/DE\/TXT\/PDF\/?uri=OJ:L:2022:234I:FULL&amp;from=EN\">k\u00fcndigte<\/a> der Europ\u00e4ische Rat die vollst\u00e4ndige Aussetzung des Abkommens \u00fcber die Erleichterung der Ausstellung von Visa zwischen der EU und der Russischen F\u00f6deration an. Dieses Abkommen galt seit\u00a02007. Der Schritt der EU bedeutet zwar kein komplettes Vergabeverbot von Visa an russische Staatsb\u00fcrger f\u00fcr Reisen in die Staaten des Schengen-Raums,\u00a0doch die Antragsgeb\u00fchr erh\u00f6ht sich ab sofort von 35 auf 80 Euro. Auch die Bearbeitungszeit kann von derzeit zehn Tagen nun bis zu 45 Tage dauern, und es m\u00fcssen zus\u00e4tzliche Dokumente vorgelegt werden. Laut Ylva Johansson, EU-Kommissarin f\u00fcr Inneres, die den Plan am 6. September vorgestellt hatte, &#8220;ist es kein Grundrecht, sich als Tourist in der EU aufzuhalten.&#8221;<\/p>\n<p>Nach Angaben des Verbands der Reiseveranstalter Russlands h\u00e4tten sich bisher neun europ\u00e4ische L\u00e4nder geweigert, Dokumente von russischen Staatsb\u00fcrgern f\u00fcr die Ausstellung eines Touristenvisums\u00a0\u00a0zu akzeptieren. Die Liste umfasst Lettland, Litauen, Estland, Polen, die Tschechische Republik, die Slowakei, D\u00e4nemark, Belgien und die Niederlande.<\/p>\n<p>Ein Vorschlag f\u00fcr ein vollst\u00e4ndiges Visaverbot f\u00fcr alle russischen Reisenden fand jedoch keine einstimmige Unterst\u00fctzung in der EU. Deutschland, Frankreich, Ungarn, Luxemburg und \u00d6sterreich hatten sich dagegen ausgesprochen. Auch der Chef der EU-Au\u00dfenpolitik, Josep Borrell, warnte vor diesem Schritt: &#8220;Ich glaube nicht, dass es hilfreich ist, die Beziehungen zur russischen Zivilbev\u00f6lkerung zu kappen, und ich glaube nicht, dass diese Idee die erforderliche Einstimmigkeit finden wird&#8221;, sagte er am 29. August gegen\u00fcber dem \u00f6sterreichischen \u00f6ffentlich-rechtlichen Sender <em>ORF<\/em>.<\/p>\n<p>In der Zwischenzeit hat Moskau erkl\u00e4rt, dass es keine Vergeltungsma\u00dfnahmen in Form von Visa-Beschr\u00e4nkungen f\u00fcr ausl\u00e4ndische Staatsb\u00fcrger einf\u00fchren werde. Russlands Pr\u00e4sident Wladimir Putin erkl\u00e4rte auf dem \u00d6stlichen Wirtschaftsforum in Wladiwostok, dass eine Vergeltungsma\u00dfnahme den Interessen Russlands zuwiderlaufen w\u00fcrde. Auch der russische Au\u00dfenminister Sergei Lawrow erkl\u00e4rte am Sonntag, Moskau halte es nicht f\u00fcr angebracht, als Vergeltung Visa-Beschr\u00e4nkungen f\u00fcr B\u00fcrger von EU-L\u00e4ndern einzuf\u00fchren.<\/p>\n<p><strong>Mehr zum Thema\u00a0\u2013\u00a0<\/strong><a rel=\"nofollow noopener\" target=\"_blank\" href=\"https:\/\/test.rtde.me\/meinung\/148140-deutschland-rutscht-in-rezession-wie\/\">Deutschland rutscht in die Rezession \u2013 Wie lange, h\u00e4ngt von der Politik ab, die sie verursacht hat<\/a><\/p>\n<\/p>\n<\/div>\n<p><br \/>\n<br \/><a href=\"https:\/\/de.rt.com\/europa\/148880-finnische-premierministerin-sanktionen-mussen-ganz\/\">Source link <\/a><\/p>\n","protected":false},"excerpt":{"rendered":"<p>Die Europ\u00e4ische Union hat seit Ende Februar bereits mehrere Sanktionspakete gegen Moskau verh\u00e4ngt. Doch die finnische Premierministerin Sanna Marin ist offenbar der Meinung, dass dies nicht ausreicht. Nun hat sie eine Ausweitung der Strafma\u00dfnahmen gegen russische B\u00fcrger angeregt. Die finnische Premierministerin Sanna Marin sagte am Dienstag, dass die EU-Sanktionen, einschlie\u00dflich der vollst\u00e4ndigen Aussetzung des Abkommens [&hellip;]<\/p>\n","protected":false},"author":3,"featured_media":19043,"comment_status":"open","ping_status":"open","sticky":false,"template":"","format":"standard","meta":{"wp_automatic_camp":["217"],"947266d40e7716b8bf8b255161016206":["Finnische Premierministerin: Sanktionen m\u00fcssen ganz normale Russen treffen"],"original_link":["https:\/\/de.rt.com\/europa\/148880-finnische-premierministerin-sanktionen-mussen-ganz\/"],"_thumbnail_id":["19043"],"_wptg_p2tg_sent2tg":["2022-09-14 15:37:18"],"jnews_social_counter_last_update":["1777641634"]},"categories":[19,23],"tags":[31242,14576,10623,32803,21477,4405,713,354],"yoast_head":"<!-- This site is optimized with the Yoast SEO Premium plugin v22.7 (Yoast SEO v22.7) - https:\/\/yoast.com\/wordpress\/plugins\/seo\/ -->\n<title>Finnische Premierministerin: Sanktionen m\u00fcssen ganz normale Russen treffen - just-now.NEWS Deutschland<\/title>\n<meta name=\"robots\" content=\"index, follow, max-snippet:-1, max-image-preview:large, max-video-preview:-1\" \/>\n<link rel=\"canonical\" href=\"https:\/\/now-news.de\/de\/deutschland\/finnische-premierministerin-sanktionen-muessen-ganz-normale-russen-treffen\/\" \/>\n<meta property=\"og:locale\" content=\"de_DE\" \/>\n<meta property=\"og:type\" content=\"article\" \/>\n<meta property=\"og:title\" content=\"Finnische Premierministerin: Sanktionen m\u00fcssen ganz normale Russen treffen\" \/>\n<meta property=\"og:description\" content=\"Die Europ\u00e4ische Union hat seit Ende Februar bereits mehrere Sanktionspakete gegen Moskau verh\u00e4ngt. Doch die finnische Premierministerin Sanna Marin ist offenbar der Meinung, dass dies nicht ausreicht. Nun hat sie eine Ausweitung der Strafma\u00dfnahmen gegen russische B\u00fcrger angeregt. Die finnische Premierministerin Sanna Marin sagte am Dienstag, dass die EU-Sanktionen, einschlie\u00dflich der vollst\u00e4ndigen Aussetzung des Abkommens [&hellip;]\" \/>\n<meta property=\"og:url\" content=\"https:\/\/now-news.de\/de\/deutschland\/finnische-premierministerin-sanktionen-muessen-ganz-normale-russen-treffen\/\" \/>\n<meta property=\"og:site_name\" content=\"just-now.NEWS Deutschland\" \/>\n<meta property=\"article:publisher\" content=\"https:\/\/www.facebook.com\/wirmachenauf\" \/>\n<meta property=\"article:published_time\" content=\"2022-09-14T13:20:24+00:00\" \/>\n<meta property=\"og:image\" content=\"https:\/\/now-news.de\/de\/wp-content\/uploads\/sites\/3\/2022\/09\/Finnische-Premierministerin-Sanktionen-muessen-ganz-normale-Russen-treffen.jpg\" \/>\n\t<meta property=\"og:image:width\" content=\"460\" \/>\n\t<meta property=\"og:image:height\" content=\"259\" \/>\n\t<meta property=\"og:image:type\" content=\"image\/jpeg\" \/>\n<meta name=\"author\" content=\"rtnews\" \/>\n<meta name=\"twitter:card\" content=\"summary_large_image\" \/>\n<meta name=\"twitter:creator\" content=\"@WirMachenAuf_de\" \/>\n<meta name=\"twitter:site\" content=\"@WirMachenAuf_de\" \/>\n<meta name=\"twitter:label1\" content=\"Verfasst von\" \/>\n\t<meta name=\"twitter:data1\" content=\"rtnews\" \/>\n\t<meta name=\"twitter:label2\" content=\"Gesch\u00e4tzte Lesezeit\" \/>\n\t<meta name=\"twitter:data2\" content=\"3\u00a0Minuten\" \/>\n<script type=\"application\/ld+json\" class=\"yoast-schema-graph\">{\"@context\":\"https:\/\/schema.org\",\"@graph\":[{\"@type\":\"Article\",\"@id\":\"https:\/\/now-news.de\/de\/deutschland\/finnische-premierministerin-sanktionen-muessen-ganz-normale-russen-treffen\/#article\",\"isPartOf\":{\"@id\":\"https:\/\/now-news.de\/de\/deutschland\/finnische-premierministerin-sanktionen-muessen-ganz-normale-russen-treffen\/\"},\"author\":{\"name\":\"rtnews\",\"@id\":\"https:\/\/now-news.de\/de\/#\/schema\/person\/fb534a4e865501d8b3285208df34a9b5\"},\"headline\":\"Finnische Premierministerin: Sanktionen m\u00fcssen ganz normale Russen treffen\",\"datePublished\":\"2022-09-14T13:20:24+00:00\",\"dateModified\":\"2022-09-14T13:20:24+00:00\",\"mainEntityOfPage\":{\"@id\":\"https:\/\/now-news.de\/de\/deutschland\/finnische-premierministerin-sanktionen-muessen-ganz-normale-russen-treffen\/\"},\"wordCount\":567,\"commentCount\":0,\"publisher\":{\"@id\":\"https:\/\/now-news.de\/de\/#organization\"},\"image\":{\"@id\":\"https:\/\/now-news.de\/de\/deutschland\/finnische-premierministerin-sanktionen-muessen-ganz-normale-russen-treffen\/#primaryimage\"},\"thumbnailUrl\":\"https:\/\/now-news.de\/de\/wp-content\/uploads\/sites\/3\/2022\/09\/Finnische-Premierministerin-Sanktionen-muessen-ganz-normale-Russen-treffen.jpg\",\"keywords\":[\"Finnische\",\"ganz\",\"m\u00fcssen\",\"normale\",\"Premierministerin\",\"Russen\",\"Sanktionen\",\"Treffen\"],\"articleSection\":[\"Deutschland\",\"Russland\"],\"inLanguage\":\"de\",\"potentialAction\":[{\"@type\":\"CommentAction\",\"name\":\"Comment\",\"target\":[\"https:\/\/now-news.de\/de\/deutschland\/finnische-premierministerin-sanktionen-muessen-ganz-normale-russen-treffen\/#respond\"]}]},{\"@type\":\"WebPage\",\"@id\":\"https:\/\/now-news.de\/de\/deutschland\/finnische-premierministerin-sanktionen-muessen-ganz-normale-russen-treffen\/\",\"url\":\"https:\/\/now-news.de\/de\/deutschland\/finnische-premierministerin-sanktionen-muessen-ganz-normale-russen-treffen\/\",\"name\":\"Finnische Premierministerin: Sanktionen m\u00fcssen ganz normale Russen treffen - just-now.NEWS Deutschland\",\"isPartOf\":{\"@id\":\"https:\/\/now-news.de\/de\/#website\"},\"primaryImageOfPage\":{\"@id\":\"https:\/\/now-news.de\/de\/deutschland\/finnische-premierministerin-sanktionen-muessen-ganz-normale-russen-treffen\/#primaryimage\"},\"image\":{\"@id\":\"https:\/\/now-news.de\/de\/deutschland\/finnische-premierministerin-sanktionen-muessen-ganz-normale-russen-treffen\/#primaryimage\"},\"thumbnailUrl\":\"https:\/\/now-news.de\/de\/wp-content\/uploads\/sites\/3\/2022\/09\/Finnische-Premierministerin-Sanktionen-muessen-ganz-normale-Russen-treffen.jpg\",\"datePublished\":\"2022-09-14T13:20:24+00:00\",\"dateModified\":\"2022-09-14T13:20:24+00:00\",\"breadcrumb\":{\"@id\":\"https:\/\/now-news.de\/de\/deutschland\/finnische-premierministerin-sanktionen-muessen-ganz-normale-russen-treffen\/#breadcrumb\"},\"inLanguage\":\"de\",\"potentialAction\":[{\"@type\":\"ReadAction\",\"target\":[\"https:\/\/now-news.de\/de\/deutschland\/finnische-premierministerin-sanktionen-muessen-ganz-normale-russen-treffen\/\"]}]},{\"@type\":\"ImageObject\",\"inLanguage\":\"de\",\"@id\":\"https:\/\/now-news.de\/de\/deutschland\/finnische-premierministerin-sanktionen-muessen-ganz-normale-russen-treffen\/#primaryimage\",\"url\":\"https:\/\/now-news.de\/de\/wp-content\/uploads\/sites\/3\/2022\/09\/Finnische-Premierministerin-Sanktionen-muessen-ganz-normale-Russen-treffen.jpg\",\"contentUrl\":\"https:\/\/now-news.de\/de\/wp-content\/uploads\/sites\/3\/2022\/09\/Finnische-Premierministerin-Sanktionen-muessen-ganz-normale-Russen-treffen.jpg\",\"width\":460,\"height\":259,\"caption\":\"Finnische Premierministerin: Sanktionen m\u00fcssen ganz normale Russen treffen\"},{\"@type\":\"BreadcrumbList\",\"@id\":\"https:\/\/now-news.de\/de\/deutschland\/finnische-premierministerin-sanktionen-muessen-ganz-normale-russen-treffen\/#breadcrumb\",\"itemListElement\":[{\"@type\":\"ListItem\",\"position\":1,\"name\":\"Home\",\"item\":\"https:\/\/now-news.de\/de\/\"},{\"@type\":\"ListItem\",\"position\":2,\"name\":\"Finnische Premierministerin: Sanktionen m\u00fcssen ganz normale Russen treffen\"}]},{\"@type\":\"WebSite\",\"@id\":\"https:\/\/now-news.de\/de\/#website\",\"url\":\"https:\/\/now-news.de\/de\/\",\"name\":\"just-now.NEWS Deutschland\",\"description\":\"Das Portal f\u00fcr unzensierte Nachrichten aus der Welt\",\"publisher\":{\"@id\":\"https:\/\/now-news.de\/de\/#organization\"},\"potentialAction\":[{\"@type\":\"SearchAction\",\"target\":{\"@type\":\"EntryPoint\",\"urlTemplate\":\"https:\/\/now-news.de\/de\/?s={search_term_string}\"},\"query-input\":\"required name=search_term_string\"}],\"inLanguage\":\"de\"},{\"@type\":\"Organization\",\"@id\":\"https:\/\/now-news.de\/de\/#organization\",\"name\":\"Just Now News\",\"url\":\"https:\/\/now-news.de\/de\/\",\"logo\":{\"@type\":\"ImageObject\",\"inLanguage\":\"de\",\"@id\":\"https:\/\/now-news.de\/de\/#\/schema\/logo\/image\/\",\"url\":\"http:\/\/just-now.news\/de\/wp-content\/uploads\/sites\/3\/2022\/04\/logo500x500.jpg\",\"contentUrl\":\"http:\/\/just-now.news\/de\/wp-content\/uploads\/sites\/3\/2022\/04\/logo500x500.jpg\",\"width\":500,\"height\":500,\"caption\":\"Just Now News\"},\"image\":{\"@id\":\"https:\/\/now-news.de\/de\/#\/schema\/logo\/image\/\"},\"sameAs\":[\"https:\/\/www.facebook.com\/wirmachenauf\",\"https:\/\/x.com\/WirMachenAuf_de\"]},{\"@type\":\"Person\",\"@id\":\"https:\/\/now-news.de\/de\/#\/schema\/person\/fb534a4e865501d8b3285208df34a9b5\",\"name\":\"rtnews\",\"image\":{\"@type\":\"ImageObject\",\"inLanguage\":\"de\",\"@id\":\"https:\/\/now-news.de\/de\/#\/schema\/person\/image\/\",\"url\":\"https:\/\/secure.gravatar.com\/avatar\/82aafea7d8127119dd649515f56e2117?s=96&d=mm&r=g\",\"contentUrl\":\"https:\/\/secure.gravatar.com\/avatar\/82aafea7d8127119dd649515f56e2117?s=96&d=mm&r=g\",\"caption\":\"rtnews\"},\"url\":\"https:\/\/now-news.de\/de\/author\/rnews\/\"}]}<\/script>\n<!-- \/ Yoast SEO Premium plugin. -->","yoast_head_json":{"title":"Finnische Premierministerin: Sanktionen m\u00fcssen ganz normale Russen treffen - just-now.NEWS Deutschland","robots":{"index":"index","follow":"follow","max-snippet":"max-snippet:-1","max-image-preview":"max-image-preview:large","max-video-preview":"max-video-preview:-1"},"canonical":"https:\/\/now-news.de\/de\/deutschland\/finnische-premierministerin-sanktionen-muessen-ganz-normale-russen-treffen\/","og_locale":"de_DE","og_type":"article","og_title":"Finnische Premierministerin: Sanktionen m\u00fcssen ganz normale Russen treffen","og_description":"Die Europ\u00e4ische Union hat seit Ende Februar bereits mehrere Sanktionspakete gegen Moskau verh\u00e4ngt. Doch die finnische Premierministerin Sanna Marin ist offenbar der Meinung, dass dies nicht ausreicht. Nun hat sie eine Ausweitung der Strafma\u00dfnahmen gegen russische B\u00fcrger angeregt. Die finnische Premierministerin Sanna Marin sagte am Dienstag, dass die EU-Sanktionen, einschlie\u00dflich der vollst\u00e4ndigen Aussetzung des Abkommens [&hellip;]","og_url":"https:\/\/now-news.de\/de\/deutschland\/finnische-premierministerin-sanktionen-muessen-ganz-normale-russen-treffen\/","og_site_name":"just-now.NEWS Deutschland","article_publisher":"https:\/\/www.facebook.com\/wirmachenauf","article_published_time":"2022-09-14T13:20:24+00:00","og_image":[{"width":460,"height":259,"url":"https:\/\/now-news.de\/de\/wp-content\/uploads\/sites\/3\/2022\/09\/Finnische-Premierministerin-Sanktionen-muessen-ganz-normale-Russen-treffen.jpg","type":"image\/jpeg"}],"author":"rtnews","twitter_card":"summary_large_image","twitter_creator":"@WirMachenAuf_de","twitter_site":"@WirMachenAuf_de","twitter_misc":{"Verfasst von":"rtnews","Gesch\u00e4tzte Lesezeit":"3\u00a0Minuten"},"schema":{"@context":"https:\/\/schema.org","@graph":[{"@type":"Article","@id":"https:\/\/now-news.de\/de\/deutschland\/finnische-premierministerin-sanktionen-muessen-ganz-normale-russen-treffen\/#article","isPartOf":{"@id":"https:\/\/now-news.de\/de\/deutschland\/finnische-premierministerin-sanktionen-muessen-ganz-normale-russen-treffen\/"},"author":{"name":"rtnews","@id":"https:\/\/now-news.de\/de\/#\/schema\/person\/fb534a4e865501d8b3285208df34a9b5"},"headline":"Finnische Premierministerin: Sanktionen m\u00fcssen ganz normale Russen treffen","datePublished":"2022-09-14T13:20:24+00:00","dateModified":"2022-09-14T13:20:24+00:00","mainEntityOfPage":{"@id":"https:\/\/now-news.de\/de\/deutschland\/finnische-premierministerin-sanktionen-muessen-ganz-normale-russen-treffen\/"},"wordCount":567,"commentCount":0,"publisher":{"@id":"https:\/\/now-news.de\/de\/#organization"},"image":{"@id":"https:\/\/now-news.de\/de\/deutschland\/finnische-premierministerin-sanktionen-muessen-ganz-normale-russen-treffen\/#primaryimage"},"thumbnailUrl":"https:\/\/now-news.de\/de\/wp-content\/uploads\/sites\/3\/2022\/09\/Finnische-Premierministerin-Sanktionen-muessen-ganz-normale-Russen-treffen.jpg","keywords":["Finnische","ganz","m\u00fcssen","normale","Premierministerin","Russen","Sanktionen","Treffen"],"articleSection":["Deutschland","Russland"],"inLanguage":"de","potentialAction":[{"@type":"CommentAction","name":"Comment","target":["https:\/\/now-news.de\/de\/deutschland\/finnische-premierministerin-sanktionen-muessen-ganz-normale-russen-treffen\/#respond"]}]},{"@type":"WebPage","@id":"https:\/\/now-news.de\/de\/deutschland\/finnische-premierministerin-sanktionen-muessen-ganz-normale-russen-treffen\/","url":"https:\/\/now-news.de\/de\/deutschland\/finnische-premierministerin-sanktionen-muessen-ganz-normale-russen-treffen\/","name":"Finnische Premierministerin: Sanktionen m\u00fcssen ganz normale Russen treffen - just-now.NEWS Deutschland","isPartOf":{"@id":"https:\/\/now-news.de\/de\/#website"},"primaryImageOfPage":{"@id":"https:\/\/now-news.de\/de\/deutschland\/finnische-premierministerin-sanktionen-muessen-ganz-normale-russen-treffen\/#primaryimage"},"image":{"@id":"https:\/\/now-news.de\/de\/deutschland\/finnische-premierministerin-sanktionen-muessen-ganz-normale-russen-treffen\/#primaryimage"},"thumbnailUrl":"https:\/\/now-news.de\/de\/wp-content\/uploads\/sites\/3\/2022\/09\/Finnische-Premierministerin-Sanktionen-muessen-ganz-normale-Russen-treffen.jpg","datePublished":"2022-09-14T13:20:24+00:00","dateModified":"2022-09-14T13:20:24+00:00","breadcrumb":{"@id":"https:\/\/now-news.de\/de\/deutschland\/finnische-premierministerin-sanktionen-muessen-ganz-normale-russen-treffen\/#breadcrumb"},"inLanguage":"de","potentialAction":[{"@type":"ReadAction","target":["https:\/\/now-news.de\/de\/deutschland\/finnische-premierministerin-sanktionen-muessen-ganz-normale-russen-treffen\/"]}]},{"@type":"ImageObject","inLanguage":"de","@id":"https:\/\/now-news.de\/de\/deutschland\/finnische-premierministerin-sanktionen-muessen-ganz-normale-russen-treffen\/#primaryimage","url":"https:\/\/now-news.de\/de\/wp-content\/uploads\/sites\/3\/2022\/09\/Finnische-Premierministerin-Sanktionen-muessen-ganz-normale-Russen-treffen.jpg","contentUrl":"https:\/\/now-news.de\/de\/wp-content\/uploads\/sites\/3\/2022\/09\/Finnische-Premierministerin-Sanktionen-muessen-ganz-normale-Russen-treffen.jpg","width":460,"height":259,"caption":"Finnische Premierministerin: Sanktionen m\u00fcssen ganz normale Russen treffen"},{"@type":"BreadcrumbList","@id":"https:\/\/now-news.de\/de\/deutschland\/finnische-premierministerin-sanktionen-muessen-ganz-normale-russen-treffen\/#breadcrumb","itemListElement":[{"@type":"ListItem","position":1,"name":"Home","item":"https:\/\/now-news.de\/de\/"},{"@type":"ListItem","position":2,"name":"Finnische Premierministerin: Sanktionen m\u00fcssen ganz normale Russen treffen"}]},{"@type":"WebSite","@id":"https:\/\/now-news.de\/de\/#website","url":"https:\/\/now-news.de\/de\/","name":"just-now.NEWS Deutschland","description":"Das Portal f\u00fcr unzensierte Nachrichten aus der Welt","publisher":{"@id":"https:\/\/now-news.de\/de\/#organization"},"potentialAction":[{"@type":"SearchAction","target":{"@type":"EntryPoint","urlTemplate":"https:\/\/now-news.de\/de\/?s={search_term_string}"},"query-input":"required name=search_term_string"}],"inLanguage":"de"},{"@type":"Organization","@id":"https:\/\/now-news.de\/de\/#organization","name":"Just Now News","url":"https:\/\/now-news.de\/de\/","logo":{"@type":"ImageObject","inLanguage":"de","@id":"https:\/\/now-news.de\/de\/#\/schema\/logo\/image\/","url":"http:\/\/just-now.news\/de\/wp-content\/uploads\/sites\/3\/2022\/04\/logo500x500.jpg","contentUrl":"http:\/\/just-now.news\/de\/wp-content\/uploads\/sites\/3\/2022\/04\/logo500x500.jpg","width":500,"height":500,"caption":"Just Now News"},"image":{"@id":"https:\/\/now-news.de\/de\/#\/schema\/logo\/image\/"},"sameAs":["https:\/\/www.facebook.com\/wirmachenauf","https:\/\/x.com\/WirMachenAuf_de"]},{"@type":"Person","@id":"https:\/\/now-news.de\/de\/#\/schema\/person\/fb534a4e865501d8b3285208df34a9b5","name":"rtnews","image":{"@type":"ImageObject","inLanguage":"de","@id":"https:\/\/now-news.de\/de\/#\/schema\/person\/image\/","url":"https:\/\/secure.gravatar.com\/avatar\/82aafea7d8127119dd649515f56e2117?s=96&d=mm&r=g","contentUrl":"https:\/\/secure.gravatar.com\/avatar\/82aafea7d8127119dd649515f56e2117?s=96&d=mm&r=g","caption":"rtnews"},"url":"https:\/\/now-news.de\/de\/author\/rnews\/"}]}},"_links":{"self":[{"href":"https:\/\/now-news.de\/de\/wp-json\/wp\/v2\/posts\/19042"}],"collection":[{"href":"https:\/\/now-news.de\/de\/wp-json\/wp\/v2\/posts"}],"about":[{"href":"https:\/\/now-news.de\/de\/wp-json\/wp\/v2\/types\/post"}],"author":[{"embeddable":true,"href":"https:\/\/now-news.de\/de\/wp-json\/wp\/v2\/users\/3"}],"replies":[{"embeddable":true,"href":"https:\/\/now-news.de\/de\/wp-json\/wp\/v2\/comments?post=19042"}],"version-history":[{"count":0,"href":"https:\/\/now-news.de\/de\/wp-json\/wp\/v2\/posts\/19042\/revisions"}],"wp:featuredmedia":[{"embeddable":true,"href":"https:\/\/now-news.de\/de\/wp-json\/wp\/v2\/media\/19043"}],"wp:attachment":[{"href":"https:\/\/now-news.de\/de\/wp-json\/wp\/v2\/media?parent=19042"}],"wp:term":[{"taxonomy":"category","embeddable":true,"href":"https:\/\/now-news.de\/de\/wp-json\/wp\/v2\/categories?post=19042"},{"taxonomy":"post_tag","embeddable":true,"href":"https:\/\/now-news.de\/de\/wp-json\/wp\/v2\/tags?post=19042"}],"curies":[{"name":"wp","href":"https:\/\/api.w.org\/{rel}","templated":true}]}}