{"id":19026,"date":"2022-09-14T12:05:37","date_gmt":"2022-09-14T10:05:37","guid":{"rendered":"http:\/\/just-now.news\/de\/deutschland\/im-schatten-des-ukraine-konflikts-entflammt-der-naechste-krieg\/"},"modified":"2022-09-14T12:05:37","modified_gmt":"2022-09-14T10:05:37","slug":"im-schatten-des-ukraine-konflikts-entflammt-der-naechste-krieg","status":"publish","type":"post","link":"https:\/\/now-news.de\/de\/deutschland\/im-schatten-des-ukraine-konflikts-entflammt-der-naechste-krieg\/","title":{"rendered":"Im Schatten des Ukraine-Konflikts: Entflammt der n\u00e4chste Krieg?"},"content":{"rendered":"<p><img decoding=\"async\" src=\"http:\/\/just-now.news\/de\/wp-content\/uploads\/sites\/3\/2022\/09\/6321907048fbef33b067dd37.jpg\" \/><\/p>\n<div class=\"Text-root Text-type_1 \">\n                Bei neu aufgeflammten heftigen K\u00e4mpfen zwischen Armenien und Aserbaidschan wurden in der Nacht zum Dienstag mindestens 100 Soldaten get\u00f6tet. Die j\u00fcngsten Gefechte haben allerdings eine neue Stufe der Eskalation erreicht, da Baku diesmal nicht die De-facto-Republik Bergkarabach, sondern das Kerngebiet Armeniens ins Visier nahm.\n            <\/div>\n<p><\/p>\n<div class=\"Text-root Text-type_5 ArticleView-text ViewText-root \">\n<p><em>Von Seyed Alireza Mousavi<\/em><\/p>\n<p>Im Schatten des Ukraine-Kriegs brachen zwischen Armenien und Aserbaidschan im S\u00fcdkaukasus erneut schwere Gefechte aus, so dass bereits wieder mehr als 100 Tote auf beiden Seiten zu beklagen sind.\u00a0Am Dienstag\u00a0hatte das armenische Milit\u00e4r \u00fcber den Beschuss vonseiten Aserbaidschans und eine gro\u00df angelegte Provokation berichtet. Truppen des Nachbarlandes h\u00e4tten versucht, auf armenisches Gebiet vorzudringen. Genannt wurden dabei St\u00e4dte und Orte wie Wardenis, Dschermuk, Goris, Kapan und die Goldmine von Sotk. Die j\u00fcngsten Gefechte haben allerdings eine neue Stufe der Eskalation erreicht, da es diesmal nicht um die De-facto-Republik Bergkarabach ging.\u00a0Die aserbaidschanischen Ziele befanden sich auf armenischem Gebiet, unter anderem in Grenzn\u00e4he zu Bergkarabach.<\/p>\n<p>Aserbaidschan wiederum gab Armenien die Schuld an der Eskalation. Laut dem aserbaidschanischen Verteidigungsministerium habe ein gro\u00dfangelegter armenischer &#8220;Sabotageversuch&#8221; die K\u00e4mpfe ausgel\u00f6st.\u00a0Die T\u00fcrkei, als Verb\u00fcndeter Aserbaidschans, warf ebenfalls Armenien &#8220;Provokationen&#8221; vor.\u00a0<\/p>\n<p>Russland, die USA und die EU zeigten sich besorgt und forderten eine sofortige Einstellung der Kampfhandlungen. Das etwa st\u00e4rker mit Armenien verb\u00fcndete Russland erkl\u00e4rte gestern, man habe eine Feuerpause vermittelt.\u00a0Armeniens Ministerpr\u00e4sident Nikol Paschinjan sagte aber, die K\u00e4mpfe w\u00fcrden zwar mittlerweile weniger intensiv ausgefochten, hielten aber in einigen Gegenden noch\u00a0an.<\/p>\n<p>Russland\u00a0ist Armeniens Schutzmacht im Verteidigungsb\u00fcndnis <a rel=\"nofollow noopener\" target=\"_blank\" href=\"https:\/\/de.wikipedia.org\/wiki\/Organisation_des_Vertrags_%C3%BCber_kollektive_Sicherheit\">OVKS<\/a>, das aus fr\u00fcheren Sowjetrepubliken besteht,\u00a0aber pflegt zugleich gute Beziehungen zu dem anderen postsowjetischen Staat Aserbaidschan.\u00a0Der armenische Ministerpr\u00e4sident Paschinjan telefonierte sowohl mit dem russischen Pr\u00e4sidenten Wladimir Putin und vereinbarte mit ihm, im Kontakt zu bleiben, als auch mit dem EU-Ratspr\u00e4sidenten Charles Michel. Er sprach von einem aserbaidschanischen Angriff, auf den es eine internationale Reaktion geben m\u00fcsse, und appellierte\u00a0im gleichen Sinne an den franz\u00f6sischen Pr\u00e4sidenten Emmanuel Macron.<\/p>\n<p>Aserbaidschans Pr\u00e4sident Ilcham Alijew will offenbar ausnutzen, dass Armenien heute in einer noch schw\u00e4cheren Position ist als zum Zeitpunkt seiner krachenden Niederlage im Krieg um Bergkarabach im Herbst 2020.<\/p>\n<p>Vor eineinhalb Monaten waren bei Gefechten im sogenannten <a rel=\"nofollow noopener\" target=\"_blank\" href=\"https:\/\/de.wikipedia.org\/wiki\/Latschin-Korridor\">Latschin-Korridor<\/a> auf beiden Seiten mindestens drei Soldaten get\u00f6tet worden. In Bergkarabach und entlang des Latschin-Korridors zwischen Armenien und Bergkarabach wurden russische Friedenstruppen stationiert.\u00a0Aserbaidschan zielt offenbar drauf ab, neue Transportwege durch s\u00fcdarmenisches Gebiet zwischen Aserbai\u00addschan und dessen Exklave Nachitschewan zu errichten.\u00a0Dieses Gebiet grenzt an Iran.\u00a0Es besteht insofern der Verdacht, dass auch die T\u00fcrkei auf Kosten der armenischen Souver\u00e4nit\u00e4t versucht, die Enklave\u00a0Nachitschewan mit\u00a0Aserbaidschan zu verbinden, und zwar\u00a0\u00fcber den\u00a0<a rel=\"nofollow noopener\" target=\"_blank\" href=\"https:\/\/de.wikipedia.org\/wiki\/Sangesur-Korridor\">Sangesur-Transportkorridor<\/a>. Iran hat mehrfach vor &#8220;Grenzver\u00e4nderungen&#8221; im Kaukasus gewarnt.\u00a0Die T\u00fcrkei wolle nach der iranischen Darstellung mit diesem provokanten Schritt faktisch die Grenznachbarschaft zwischen Iran und Armenien f\u00fcr immer beenden\u00a0sowie den Initiatoren des\u00a0<a rel=\"nofollow noopener\" target=\"_blank\" href=\"https:\/\/en.wikipedia.org\/wiki\/International_North%E2%80%93South_Transport_Corridor\">Nord-S\u00fcd-Korridors<\/a>\u00a0Steine in den Weg legen.\u00a0<\/p>\n<p>Russland ist als Schutzmacht Armeniens\u00a0derzeit durch die K\u00e4mpfe in der Ukraine etwas abgelenkt. Vom Westen, wo zwar Armenien dank seiner Diaspora eine starke Stimme hat, kann\u00a0das Land dennoch derzeit ebenfalls wenig Unterst\u00fctzung erwarten. Denn die EU-Staaten wollen in ihrem Bestreben, sich vom russischen Gas unabh\u00e4ngig zu machen, lieber mit Aserbaidschan ins Gesch\u00e4ft kommen.\u00a0Russland und die Mitgliedstaaten des Vertrags \u00fcber kollektive Sicherheit (OVKS) sind allerdings f\u00fcr den Fall eines Angriffs auf Armenien zu Beistand verpflichtet. Der Rat der OVKS <a rel=\"nofollow noopener\" target=\"_blank\" href=\"https:\/\/tass.com\/world\/1507047\">beschloss<\/a> am Dienstag eine vom ihrem Generalsekret\u00e4r geleitete Mission nach Armenien zu entsenden, um die Situation aufgrund der Eskalation an der Grenze zwischen Armenien und Aserbaidschan zu bewerten.<\/p>\n<p><strong>Mehr zum Thema<\/strong> &#8211; <a rel=\"nofollow noopener\" target=\"_blank\" href=\"https:\/\/rtde.site\/der-nahe-osten\/147164-die-tuerkei-moechte-die-beziehungen-zu-syrien-wiederaufnehmen\/\">T\u00fcrkei m\u00f6chte Beziehungen zu Syrien wiederaufnehmen \u2013 Wie werden die Kurden reagieren?<\/a><\/p>\n<div class=\"EmbedBlock-root EmbedBlock-externalVideo EmbedBlock-vk\">\n<div class=\"VkEmbed\"><iframe class=\"lazyload\" data-src=\"https:\/\/vk.com\/video_ext.php?oid=-134310637&amp;id=456257783&amp;hash=be0d63ea7ea6c456\" frameborder=\"0\" width=\"853\" height=\"480\" allowfullscreen><\/iframe><\/div>\n<\/div>\n<\/div>\n<p><br \/>\n<br \/><a href=\"https:\/\/de.rt.com\/meinung\/148858-im-schatten-ukraine-kriegs-entflammt\/\">Source link <\/a><\/p>\n","protected":false},"excerpt":{"rendered":"<p>Bei neu aufgeflammten heftigen K\u00e4mpfen zwischen Armenien und Aserbaidschan wurden in der Nacht zum Dienstag mindestens 100 Soldaten get\u00f6tet. Die j\u00fcngsten Gefechte haben allerdings eine neue Stufe der Eskalation erreicht, da Baku diesmal nicht die De-facto-Republik Bergkarabach, sondern das Kerngebiet Armeniens ins Visier nahm. Von Seyed Alireza Mousavi Im Schatten des Ukraine-Kriegs brachen zwischen Armenien [&hellip;]<\/p>\n","protected":false},"author":3,"featured_media":19027,"comment_status":"open","ping_status":"open","sticky":false,"template":"","format":"standard","meta":{"wp_automatic_camp":["217"],"d9abcdc47c1248b6e72360d2fdf7f224":["Im Schatten des Ukraine-Konflikts: Entflammt der n\u00e4chste Krieg?"],"original_link":["https:\/\/de.rt.com\/meinung\/148858-im-schatten-ukraine-kriegs-entflammt\/"],"_thumbnail_id":["19027"],"_wptg_p2tg_sent2tg":["2022-09-14 12:08:20"],"jnews_social_counter_last_update":["1777096978"]},"categories":[19,23],"tags":[82,583,32790,130,5590,12531,26440],"yoast_head":"<!-- This site is optimized with the Yoast SEO Premium plugin v22.7 (Yoast SEO v22.7) - https:\/\/yoast.com\/wordpress\/plugins\/seo\/ -->\n<title>Im Schatten des Ukraine-Konflikts: Entflammt der n\u00e4chste Krieg? - just-now.NEWS Deutschland<\/title>\n<meta name=\"robots\" content=\"index, follow, max-snippet:-1, max-image-preview:large, max-video-preview:-1\" \/>\n<link rel=\"canonical\" href=\"https:\/\/now-news.de\/de\/deutschland\/im-schatten-des-ukraine-konflikts-entflammt-der-naechste-krieg\/\" \/>\n<meta property=\"og:locale\" content=\"de_DE\" \/>\n<meta property=\"og:type\" content=\"article\" \/>\n<meta property=\"og:title\" content=\"Im Schatten des Ukraine-Konflikts: Entflammt der n\u00e4chste Krieg?\" \/>\n<meta property=\"og:description\" content=\"Bei neu aufgeflammten heftigen K\u00e4mpfen zwischen Armenien und Aserbaidschan wurden in der Nacht zum Dienstag mindestens 100 Soldaten get\u00f6tet. Die j\u00fcngsten Gefechte haben allerdings eine neue Stufe der Eskalation erreicht, da Baku diesmal nicht die De-facto-Republik Bergkarabach, sondern das Kerngebiet Armeniens ins Visier nahm. Von Seyed Alireza Mousavi Im Schatten des Ukraine-Kriegs brachen zwischen Armenien [&hellip;]\" \/>\n<meta property=\"og:url\" content=\"https:\/\/now-news.de\/de\/deutschland\/im-schatten-des-ukraine-konflikts-entflammt-der-naechste-krieg\/\" \/>\n<meta property=\"og:site_name\" content=\"just-now.NEWS Deutschland\" \/>\n<meta property=\"article:publisher\" content=\"https:\/\/www.facebook.com\/wirmachenauf\" \/>\n<meta property=\"article:published_time\" content=\"2022-09-14T10:05:37+00:00\" \/>\n<meta property=\"og:image\" content=\"https:\/\/now-news.de\/de\/wp-content\/uploads\/sites\/3\/2022\/09\/Im-Schatten-des-Ukraine-Konflikts-Entflammt-der-naechste-Krieg.jpg\" \/>\n\t<meta property=\"og:image:width\" content=\"460\" \/>\n\t<meta property=\"og:image:height\" content=\"259\" \/>\n\t<meta property=\"og:image:type\" content=\"image\/jpeg\" \/>\n<meta name=\"author\" content=\"rtnews\" \/>\n<meta name=\"twitter:card\" content=\"summary_large_image\" \/>\n<meta name=\"twitter:creator\" content=\"@WirMachenAuf_de\" \/>\n<meta name=\"twitter:site\" content=\"@WirMachenAuf_de\" \/>\n<meta name=\"twitter:label1\" content=\"Verfasst von\" \/>\n\t<meta name=\"twitter:data1\" content=\"rtnews\" \/>\n\t<meta name=\"twitter:label2\" content=\"Gesch\u00e4tzte Lesezeit\" \/>\n\t<meta name=\"twitter:data2\" content=\"3\u00a0Minuten\" \/>\n<script type=\"application\/ld+json\" class=\"yoast-schema-graph\">{\"@context\":\"https:\/\/schema.org\",\"@graph\":[{\"@type\":\"Article\",\"@id\":\"https:\/\/now-news.de\/de\/deutschland\/im-schatten-des-ukraine-konflikts-entflammt-der-naechste-krieg\/#article\",\"isPartOf\":{\"@id\":\"https:\/\/now-news.de\/de\/deutschland\/im-schatten-des-ukraine-konflikts-entflammt-der-naechste-krieg\/\"},\"author\":{\"name\":\"rtnews\",\"@id\":\"https:\/\/now-news.de\/de\/#\/schema\/person\/fb534a4e865501d8b3285208df34a9b5\"},\"headline\":\"Im Schatten des Ukraine-Konflikts: Entflammt der n\u00e4chste Krieg?\",\"datePublished\":\"2022-09-14T10:05:37+00:00\",\"dateModified\":\"2022-09-14T10:05:37+00:00\",\"mainEntityOfPage\":{\"@id\":\"https:\/\/now-news.de\/de\/deutschland\/im-schatten-des-ukraine-konflikts-entflammt-der-naechste-krieg\/\"},\"wordCount\":640,\"commentCount\":0,\"publisher\":{\"@id\":\"https:\/\/now-news.de\/de\/#organization\"},\"image\":{\"@id\":\"https:\/\/now-news.de\/de\/deutschland\/im-schatten-des-ukraine-konflikts-entflammt-der-naechste-krieg\/#primaryimage\"},\"thumbnailUrl\":\"https:\/\/now-news.de\/de\/wp-content\/uploads\/sites\/3\/2022\/09\/Im-Schatten-des-Ukraine-Konflikts-Entflammt-der-naechste-Krieg.jpg\",\"keywords\":[\"der\",\"des\",\"Entflammt\",\"krieg\",\"n\u00e4chste\",\"Schatten\",\"UkraineKonflikts\"],\"articleSection\":[\"Deutschland\",\"Russland\"],\"inLanguage\":\"de\",\"potentialAction\":[{\"@type\":\"CommentAction\",\"name\":\"Comment\",\"target\":[\"https:\/\/now-news.de\/de\/deutschland\/im-schatten-des-ukraine-konflikts-entflammt-der-naechste-krieg\/#respond\"]}]},{\"@type\":\"WebPage\",\"@id\":\"https:\/\/now-news.de\/de\/deutschland\/im-schatten-des-ukraine-konflikts-entflammt-der-naechste-krieg\/\",\"url\":\"https:\/\/now-news.de\/de\/deutschland\/im-schatten-des-ukraine-konflikts-entflammt-der-naechste-krieg\/\",\"name\":\"Im Schatten des Ukraine-Konflikts: Entflammt der n\u00e4chste Krieg? - just-now.NEWS Deutschland\",\"isPartOf\":{\"@id\":\"https:\/\/now-news.de\/de\/#website\"},\"primaryImageOfPage\":{\"@id\":\"https:\/\/now-news.de\/de\/deutschland\/im-schatten-des-ukraine-konflikts-entflammt-der-naechste-krieg\/#primaryimage\"},\"image\":{\"@id\":\"https:\/\/now-news.de\/de\/deutschland\/im-schatten-des-ukraine-konflikts-entflammt-der-naechste-krieg\/#primaryimage\"},\"thumbnailUrl\":\"https:\/\/now-news.de\/de\/wp-content\/uploads\/sites\/3\/2022\/09\/Im-Schatten-des-Ukraine-Konflikts-Entflammt-der-naechste-Krieg.jpg\",\"datePublished\":\"2022-09-14T10:05:37+00:00\",\"dateModified\":\"2022-09-14T10:05:37+00:00\",\"breadcrumb\":{\"@id\":\"https:\/\/now-news.de\/de\/deutschland\/im-schatten-des-ukraine-konflikts-entflammt-der-naechste-krieg\/#breadcrumb\"},\"inLanguage\":\"de\",\"potentialAction\":[{\"@type\":\"ReadAction\",\"target\":[\"https:\/\/now-news.de\/de\/deutschland\/im-schatten-des-ukraine-konflikts-entflammt-der-naechste-krieg\/\"]}]},{\"@type\":\"ImageObject\",\"inLanguage\":\"de\",\"@id\":\"https:\/\/now-news.de\/de\/deutschland\/im-schatten-des-ukraine-konflikts-entflammt-der-naechste-krieg\/#primaryimage\",\"url\":\"https:\/\/now-news.de\/de\/wp-content\/uploads\/sites\/3\/2022\/09\/Im-Schatten-des-Ukraine-Konflikts-Entflammt-der-naechste-Krieg.jpg\",\"contentUrl\":\"https:\/\/now-news.de\/de\/wp-content\/uploads\/sites\/3\/2022\/09\/Im-Schatten-des-Ukraine-Konflikts-Entflammt-der-naechste-Krieg.jpg\",\"width\":460,\"height\":259,\"caption\":\"Im Schatten des Ukraine-Konflikts: Entflammt der n\u00e4chste Krieg?\"},{\"@type\":\"BreadcrumbList\",\"@id\":\"https:\/\/now-news.de\/de\/deutschland\/im-schatten-des-ukraine-konflikts-entflammt-der-naechste-krieg\/#breadcrumb\",\"itemListElement\":[{\"@type\":\"ListItem\",\"position\":1,\"name\":\"Home\",\"item\":\"https:\/\/now-news.de\/de\/\"},{\"@type\":\"ListItem\",\"position\":2,\"name\":\"Im Schatten des Ukraine-Konflikts: Entflammt der n\u00e4chste Krieg?\"}]},{\"@type\":\"WebSite\",\"@id\":\"https:\/\/now-news.de\/de\/#website\",\"url\":\"https:\/\/now-news.de\/de\/\",\"name\":\"just-now.NEWS Deutschland\",\"description\":\"Das Portal f\u00fcr unzensierte Nachrichten aus der Welt\",\"publisher\":{\"@id\":\"https:\/\/now-news.de\/de\/#organization\"},\"potentialAction\":[{\"@type\":\"SearchAction\",\"target\":{\"@type\":\"EntryPoint\",\"urlTemplate\":\"https:\/\/now-news.de\/de\/?s={search_term_string}\"},\"query-input\":\"required name=search_term_string\"}],\"inLanguage\":\"de\"},{\"@type\":\"Organization\",\"@id\":\"https:\/\/now-news.de\/de\/#organization\",\"name\":\"Just Now News\",\"url\":\"https:\/\/now-news.de\/de\/\",\"logo\":{\"@type\":\"ImageObject\",\"inLanguage\":\"de\",\"@id\":\"https:\/\/now-news.de\/de\/#\/schema\/logo\/image\/\",\"url\":\"http:\/\/just-now.news\/de\/wp-content\/uploads\/sites\/3\/2022\/04\/logo500x500.jpg\",\"contentUrl\":\"http:\/\/just-now.news\/de\/wp-content\/uploads\/sites\/3\/2022\/04\/logo500x500.jpg\",\"width\":500,\"height\":500,\"caption\":\"Just Now News\"},\"image\":{\"@id\":\"https:\/\/now-news.de\/de\/#\/schema\/logo\/image\/\"},\"sameAs\":[\"https:\/\/www.facebook.com\/wirmachenauf\",\"https:\/\/x.com\/WirMachenAuf_de\"]},{\"@type\":\"Person\",\"@id\":\"https:\/\/now-news.de\/de\/#\/schema\/person\/fb534a4e865501d8b3285208df34a9b5\",\"name\":\"rtnews\",\"image\":{\"@type\":\"ImageObject\",\"inLanguage\":\"de\",\"@id\":\"https:\/\/now-news.de\/de\/#\/schema\/person\/image\/\",\"url\":\"https:\/\/secure.gravatar.com\/avatar\/82aafea7d8127119dd649515f56e2117?s=96&d=mm&r=g\",\"contentUrl\":\"https:\/\/secure.gravatar.com\/avatar\/82aafea7d8127119dd649515f56e2117?s=96&d=mm&r=g\",\"caption\":\"rtnews\"},\"url\":\"https:\/\/now-news.de\/de\/author\/rnews\/\"}]}<\/script>\n<!-- \/ Yoast SEO Premium plugin. -->","yoast_head_json":{"title":"Im Schatten des Ukraine-Konflikts: Entflammt der n\u00e4chste Krieg? - just-now.NEWS Deutschland","robots":{"index":"index","follow":"follow","max-snippet":"max-snippet:-1","max-image-preview":"max-image-preview:large","max-video-preview":"max-video-preview:-1"},"canonical":"https:\/\/now-news.de\/de\/deutschland\/im-schatten-des-ukraine-konflikts-entflammt-der-naechste-krieg\/","og_locale":"de_DE","og_type":"article","og_title":"Im Schatten des Ukraine-Konflikts: Entflammt der n\u00e4chste Krieg?","og_description":"Bei neu aufgeflammten heftigen K\u00e4mpfen zwischen Armenien und Aserbaidschan wurden in der Nacht zum Dienstag mindestens 100 Soldaten get\u00f6tet. Die j\u00fcngsten Gefechte haben allerdings eine neue Stufe der Eskalation erreicht, da Baku diesmal nicht die De-facto-Republik Bergkarabach, sondern das Kerngebiet Armeniens ins Visier nahm. Von Seyed Alireza Mousavi Im Schatten des Ukraine-Kriegs brachen zwischen Armenien [&hellip;]","og_url":"https:\/\/now-news.de\/de\/deutschland\/im-schatten-des-ukraine-konflikts-entflammt-der-naechste-krieg\/","og_site_name":"just-now.NEWS Deutschland","article_publisher":"https:\/\/www.facebook.com\/wirmachenauf","article_published_time":"2022-09-14T10:05:37+00:00","og_image":[{"width":460,"height":259,"url":"https:\/\/now-news.de\/de\/wp-content\/uploads\/sites\/3\/2022\/09\/Im-Schatten-des-Ukraine-Konflikts-Entflammt-der-naechste-Krieg.jpg","type":"image\/jpeg"}],"author":"rtnews","twitter_card":"summary_large_image","twitter_creator":"@WirMachenAuf_de","twitter_site":"@WirMachenAuf_de","twitter_misc":{"Verfasst von":"rtnews","Gesch\u00e4tzte Lesezeit":"3\u00a0Minuten"},"schema":{"@context":"https:\/\/schema.org","@graph":[{"@type":"Article","@id":"https:\/\/now-news.de\/de\/deutschland\/im-schatten-des-ukraine-konflikts-entflammt-der-naechste-krieg\/#article","isPartOf":{"@id":"https:\/\/now-news.de\/de\/deutschland\/im-schatten-des-ukraine-konflikts-entflammt-der-naechste-krieg\/"},"author":{"name":"rtnews","@id":"https:\/\/now-news.de\/de\/#\/schema\/person\/fb534a4e865501d8b3285208df34a9b5"},"headline":"Im Schatten des Ukraine-Konflikts: Entflammt der n\u00e4chste Krieg?","datePublished":"2022-09-14T10:05:37+00:00","dateModified":"2022-09-14T10:05:37+00:00","mainEntityOfPage":{"@id":"https:\/\/now-news.de\/de\/deutschland\/im-schatten-des-ukraine-konflikts-entflammt-der-naechste-krieg\/"},"wordCount":640,"commentCount":0,"publisher":{"@id":"https:\/\/now-news.de\/de\/#organization"},"image":{"@id":"https:\/\/now-news.de\/de\/deutschland\/im-schatten-des-ukraine-konflikts-entflammt-der-naechste-krieg\/#primaryimage"},"thumbnailUrl":"https:\/\/now-news.de\/de\/wp-content\/uploads\/sites\/3\/2022\/09\/Im-Schatten-des-Ukraine-Konflikts-Entflammt-der-naechste-Krieg.jpg","keywords":["der","des","Entflammt","krieg","n\u00e4chste","Schatten","UkraineKonflikts"],"articleSection":["Deutschland","Russland"],"inLanguage":"de","potentialAction":[{"@type":"CommentAction","name":"Comment","target":["https:\/\/now-news.de\/de\/deutschland\/im-schatten-des-ukraine-konflikts-entflammt-der-naechste-krieg\/#respond"]}]},{"@type":"WebPage","@id":"https:\/\/now-news.de\/de\/deutschland\/im-schatten-des-ukraine-konflikts-entflammt-der-naechste-krieg\/","url":"https:\/\/now-news.de\/de\/deutschland\/im-schatten-des-ukraine-konflikts-entflammt-der-naechste-krieg\/","name":"Im Schatten des Ukraine-Konflikts: Entflammt der n\u00e4chste Krieg? - just-now.NEWS Deutschland","isPartOf":{"@id":"https:\/\/now-news.de\/de\/#website"},"primaryImageOfPage":{"@id":"https:\/\/now-news.de\/de\/deutschland\/im-schatten-des-ukraine-konflikts-entflammt-der-naechste-krieg\/#primaryimage"},"image":{"@id":"https:\/\/now-news.de\/de\/deutschland\/im-schatten-des-ukraine-konflikts-entflammt-der-naechste-krieg\/#primaryimage"},"thumbnailUrl":"https:\/\/now-news.de\/de\/wp-content\/uploads\/sites\/3\/2022\/09\/Im-Schatten-des-Ukraine-Konflikts-Entflammt-der-naechste-Krieg.jpg","datePublished":"2022-09-14T10:05:37+00:00","dateModified":"2022-09-14T10:05:37+00:00","breadcrumb":{"@id":"https:\/\/now-news.de\/de\/deutschland\/im-schatten-des-ukraine-konflikts-entflammt-der-naechste-krieg\/#breadcrumb"},"inLanguage":"de","potentialAction":[{"@type":"ReadAction","target":["https:\/\/now-news.de\/de\/deutschland\/im-schatten-des-ukraine-konflikts-entflammt-der-naechste-krieg\/"]}]},{"@type":"ImageObject","inLanguage":"de","@id":"https:\/\/now-news.de\/de\/deutschland\/im-schatten-des-ukraine-konflikts-entflammt-der-naechste-krieg\/#primaryimage","url":"https:\/\/now-news.de\/de\/wp-content\/uploads\/sites\/3\/2022\/09\/Im-Schatten-des-Ukraine-Konflikts-Entflammt-der-naechste-Krieg.jpg","contentUrl":"https:\/\/now-news.de\/de\/wp-content\/uploads\/sites\/3\/2022\/09\/Im-Schatten-des-Ukraine-Konflikts-Entflammt-der-naechste-Krieg.jpg","width":460,"height":259,"caption":"Im Schatten des Ukraine-Konflikts: Entflammt der n\u00e4chste Krieg?"},{"@type":"BreadcrumbList","@id":"https:\/\/now-news.de\/de\/deutschland\/im-schatten-des-ukraine-konflikts-entflammt-der-naechste-krieg\/#breadcrumb","itemListElement":[{"@type":"ListItem","position":1,"name":"Home","item":"https:\/\/now-news.de\/de\/"},{"@type":"ListItem","position":2,"name":"Im Schatten des Ukraine-Konflikts: Entflammt der n\u00e4chste Krieg?"}]},{"@type":"WebSite","@id":"https:\/\/now-news.de\/de\/#website","url":"https:\/\/now-news.de\/de\/","name":"just-now.NEWS Deutschland","description":"Das Portal f\u00fcr unzensierte Nachrichten aus der Welt","publisher":{"@id":"https:\/\/now-news.de\/de\/#organization"},"potentialAction":[{"@type":"SearchAction","target":{"@type":"EntryPoint","urlTemplate":"https:\/\/now-news.de\/de\/?s={search_term_string}"},"query-input":"required name=search_term_string"}],"inLanguage":"de"},{"@type":"Organization","@id":"https:\/\/now-news.de\/de\/#organization","name":"Just Now News","url":"https:\/\/now-news.de\/de\/","logo":{"@type":"ImageObject","inLanguage":"de","@id":"https:\/\/now-news.de\/de\/#\/schema\/logo\/image\/","url":"http:\/\/just-now.news\/de\/wp-content\/uploads\/sites\/3\/2022\/04\/logo500x500.jpg","contentUrl":"http:\/\/just-now.news\/de\/wp-content\/uploads\/sites\/3\/2022\/04\/logo500x500.jpg","width":500,"height":500,"caption":"Just Now News"},"image":{"@id":"https:\/\/now-news.de\/de\/#\/schema\/logo\/image\/"},"sameAs":["https:\/\/www.facebook.com\/wirmachenauf","https:\/\/x.com\/WirMachenAuf_de"]},{"@type":"Person","@id":"https:\/\/now-news.de\/de\/#\/schema\/person\/fb534a4e865501d8b3285208df34a9b5","name":"rtnews","image":{"@type":"ImageObject","inLanguage":"de","@id":"https:\/\/now-news.de\/de\/#\/schema\/person\/image\/","url":"https:\/\/secure.gravatar.com\/avatar\/82aafea7d8127119dd649515f56e2117?s=96&d=mm&r=g","contentUrl":"https:\/\/secure.gravatar.com\/avatar\/82aafea7d8127119dd649515f56e2117?s=96&d=mm&r=g","caption":"rtnews"},"url":"https:\/\/now-news.de\/de\/author\/rnews\/"}]}},"_links":{"self":[{"href":"https:\/\/now-news.de\/de\/wp-json\/wp\/v2\/posts\/19026"}],"collection":[{"href":"https:\/\/now-news.de\/de\/wp-json\/wp\/v2\/posts"}],"about":[{"href":"https:\/\/now-news.de\/de\/wp-json\/wp\/v2\/types\/post"}],"author":[{"embeddable":true,"href":"https:\/\/now-news.de\/de\/wp-json\/wp\/v2\/users\/3"}],"replies":[{"embeddable":true,"href":"https:\/\/now-news.de\/de\/wp-json\/wp\/v2\/comments?post=19026"}],"version-history":[{"count":0,"href":"https:\/\/now-news.de\/de\/wp-json\/wp\/v2\/posts\/19026\/revisions"}],"wp:featuredmedia":[{"embeddable":true,"href":"https:\/\/now-news.de\/de\/wp-json\/wp\/v2\/media\/19027"}],"wp:attachment":[{"href":"https:\/\/now-news.de\/de\/wp-json\/wp\/v2\/media?parent=19026"}],"wp:term":[{"taxonomy":"category","embeddable":true,"href":"https:\/\/now-news.de\/de\/wp-json\/wp\/v2\/categories?post=19026"},{"taxonomy":"post_tag","embeddable":true,"href":"https:\/\/now-news.de\/de\/wp-json\/wp\/v2\/tags?post=19026"}],"curies":[{"name":"wp","href":"https:\/\/api.w.org\/{rel}","templated":true}]}}