{"id":19022,"date":"2022-09-14T11:04:18","date_gmt":"2022-09-14T09:04:18","guid":{"rendered":"http:\/\/just-now.news\/de\/deutschland\/irrglaube-a-la-bild-habeck-und-co-hartz-iv-empfaengern-werden-nicht-saemtliche-heizkosten-erstattet\/"},"modified":"2022-09-14T11:04:18","modified_gmt":"2022-09-14T09:04:18","slug":"irrglaube-a-la-bild-habeck-und-co-hartz-iv-empfaengern-werden-nicht-saemtliche-heizkosten-erstattet","status":"publish","type":"post","link":"https:\/\/now-news.de\/de\/deutschland\/irrglaube-a-la-bild-habeck-und-co-hartz-iv-empfaengern-werden-nicht-saemtliche-heizkosten-erstattet\/","title":{"rendered":"Irrglaube \u00e0 la Bild, Habeck und Co.: Hartz-IV-Empf\u00e4ngern werden nicht s\u00e4mtliche Heizkosten erstattet"},"content":{"rendered":"<p><img decoding=\"async\" src=\"http:\/\/just-now.news\/de\/wp-content\/uploads\/sites\/3\/2022\/09\/6320de38b480cc34316bc6c9.jpg\" \/><\/p>\n<p><em>Von Susan Bonath<\/em><\/p>\n<p>Nach 18 Jahren will die Bundesregierung das Arbeitslosengeld II, umgangssprachlich Hartz IV, etwas grundlegender reformieren. Wenn auch die Erh\u00f6hung (um 53 auf 502 Euro f\u00fcr Alleinstehende, und geringer ausfallend f\u00fcr Ehepaare und Kinder) der dann in &#8220;B\u00fcrgergeld&#8221; umbenannten Leistungen die massiven Preisanstiege nicht ausgleichen d\u00fcrfte: Einige <a rel=\"nofollow noopener\" target=\"_blank\" href=\"https:\/\/freeassange.rtde.me\/inland\/148579-ab-januar-50-euro-mehr-buergergeld-statt-hartz-iv\/\">Erleichterungen<\/a>, vor allem f\u00fcr kurzzeitig Betroffene, sind zwar durchaus dabei.\u00a0<\/p>\n<p>Doch wie erwartet, springen die Wirtschaftslobby-Verb\u00e4nde dagegen im sprichw\u00f6rtlichen Dreieck. Die <em>Bild<\/em>\u00a0<a rel=\"nofollow noopener\" target=\"_blank\" href=\"https:\/\/www.bild.de\/geld\/wirtschaft\/wirtschaft\/handwerker-kritik-an-heils-buergergeld-plaenen-hartz-hammer-81297570.bild.html\">bastelte<\/a> in gewohnter Manier aus den Aussagen des Handwerksverbands-Pr\u00e4sidenten Hans-Peter Wollseifer eine eigene Spaltungskampagne gegen Betroffene. Wer arbeite, sei &#8220;k\u00fcnftig der Dumme&#8221;, titelte das Blatt, und suggerierte damit: Niedrigl\u00f6hner h\u00e4tten am Ende gar weniger als Leistungsbezieher.<\/p>\n<p>Doch das ist schon alleine deshalb Unfug, weil jeder, dessen Einkommen das neue B\u00fcrgergeld plus gewisse Freibetr\u00e4ge unterschreitet, aufstockende Leistungen beantragen kann. Durch die Freibetr\u00e4ge, die mit dem Einkommen steigen \u2013 derzeit sind die ersten 100 Euro, 20 Prozent von weiteren 900 Euro und zehn Prozent vom Verdienst dar\u00fcber anrechnungsfrei \u2013 h\u00e4tten Betroffene auf jeden Fall mehr Geld zur Verf\u00fcgung als Menschen ohne oder mit geringerem Verdienst. Der wahre Skandal ist mithin, dass Millionen Menschen f\u00fcr so geringe L\u00f6hne schuften m\u00fcssen, dass sie kaum \u00fcber die Runden kommen.<\/p>\n<p><strong>Fake News von Bild und Habeck<\/strong>\u00a0<\/p>\n<p>Mehr noch: Die <em>Bild<\/em> wartet mit einer faustdicken L\u00fcge auf, die auch in den sozialen Medien f\u00fcr Unmut sorgt. So schrieb das Springer-Blatt w\u00f6rtlich mit Blick auf einen fiktiven Niedrigl\u00f6hner (Schreibweise wie im Original):<\/p>\n<blockquote>\n<p><em>&#8220;Doch weil er davon \u2013 anders als B\u00fcrgergeld-Bezieher \u2013 Miete und Heizkosten tragen muss, lohnt sich das Aufstehen f\u00fcr ihn NICHT mehr.&#8221;<\/em>\u00a0<\/p>\n<\/blockquote>\n<p>Damit suggeriert die Boulevard-Zeitung, Hartz-IV- bzw. B\u00fcrgergeld-Bezieher bek\u00e4men s\u00e4mtliche Heizkosten erstattet. Das mutma\u00dfliche Ziel von dieser Seite ist seit Jahrzehnten zur Gen\u00fcge bekannt: Aufreger produzieren, um Leser zu binden \u2013 die typische <em>Bild<\/em>-PR-Kampagne eben. Nur stimmt an dieser Behauptung genauso wenig\u00a0wie an der vorangegangenen: Nichts.\u00a0<\/p>\n<p>Doch das Ger\u00fccht h\u00e4lt sich hartn\u00e4ckig. Sogar Bundeswirtschaftsminister Robert Habeck von den Gr\u00fcnen hatte Ende vergangenen Jahres selbiges in die Welt kolportiert\u00a0\u2013 wenngleich auch nicht so deutlich, wie das Springer-Blatt. Er sagte laut <em>M\u00fcnchner Merkur<\/em> damals bez\u00fcglich der Forderung von Sozialverb\u00e4nden an die Jobcenter, h\u00f6here Heizkosten zu \u00fcbernehmen:<\/p>\n<blockquote>\n<p><em>&#8220;Vollst\u00e4ndige \u00dcbernahme l\u00e4dt immer dazu ein, dass man dann die Heizung aufdreht und das Fenster aufmacht. Es sollte schon einen Anreiz geben, sorgsam mit Energie umzugehen.&#8221;<\/em><\/p>\n<\/blockquote>\n<p>Was h\u00e4ngen blieb: Hartz-IV-Bezieher m\u00fcssten sich keine Gedanken ums Heizen machen, da ihnen alles erstattet w\u00fcrde. Doch das stimmt schlicht nicht, und ist auch nicht geplant. Denn die Kommunen deckeln die Miete und die Heizkosten streng. Die Obergrenzen daf\u00fcr sind generell so niedrig, dass jeder, der Hartz IV bekommt, Erfahrung mit dem Sparen in einer viel zu kalten, oft schlecht isolierten Wohnung haben d\u00fcrfte.<\/p>\n<p><strong>Viel zu niedrige Obergrenzen<\/strong>\u00a0<\/p>\n<p>So wird im zugrunde liegenden Zweiten Sozialgesetzbuch (SGB II) mit unklaren Rechtsbegriffen jongliert, auch bei den sogenannten Kosten der Unterkunft (KdU): In <a rel=\"nofollow noopener\" target=\"_blank\" href=\"https:\/\/www.sozialgesetzbuch-sgb.de\/sgbii\/22.html\">Paragraf 22<\/a> hei\u00dft es dazu:\u00a0<\/p>\n<blockquote>\n<p><em>&#8220;Bedarfe f\u00fcr Unterkunft und Heizung werden in H\u00f6he der tats\u00e4chlichen Aufwendungen anerkannt, soweit diese angemessen sind.&#8221;<\/em>\u00a0<\/p>\n<\/blockquote>\n<p>Was angemessen ist, legen allerdings die Kommunen in sogenannten KdU-Richtlinien ganz individuell fest\u00a0\u2013 in aller Regel getragen vom Spargedanken, wegen klammer Haushaltskassen. Sozialverb\u00e4nde klagen seit der Einf\u00fchrung von Hartz IV 2005, dass darin verf\u00fcgte Obergrenzen bundesweit zu niedrig sind.<\/p>\n<p>So mussten laut einer Anfrage der Linksfraktion im vergangenen Jahr etwa 400.000 Hartz-IV-Haushalte einen Teil ihrer Miete \u2013 darunter auch Heizkosten \u2013 aus ihrem Regelsatz abstottern, wie unter anderem die <em>Berliner Morgenpost<\/em>\u00a0<a rel=\"nofollow noopener\" target=\"_blank\" href=\"https:\/\/www.morgenpost.de\/politik\/article236157439\/hartz-iv-jobcenter-zahlung-miete-heizung.html#:~:text=Die%20Jobcenter%20sollen%20im%20Jahr,Miete%20und%20Heizung%20erstattet%20haben\">berichtete<\/a>. Durchschnittlich bekamen sie pro Monat 86 Euro weniger zugebilligt, als sie real zahlten.\u00a0<\/p>\n<p>Der Staat sparte damit letztes Jahr fast eine halbe Milliarde Euro ein. Die Einsparsumme wird mit den Heizkosten nun weiter steigen. Zumindest bisher ist von nennenswerten Anhebungen der Obergrenzen seit Beginn der rasanten Preisanstiege nichts bekannt geworden. Das verdeutlicht das Beispiel der Sachsen-Metropole und Universit\u00e4tsstadt Leipzig.<\/p>\n<p><strong>Der Gnade von Sachbearbeitern ausgeliefert<\/strong>\u00a0<\/p>\n<p>Der <a rel=\"nofollow noopener\" target=\"_blank\" href=\"https:\/\/static.leipzig.de\/fileadmin\/mediendatenbank\/leipzig-de\/Stadt\/02.5_Dez5_Jugend_Soziales_Gesundheit_Schule\/50_Sozialamt\/KdU\/Richtwerte_KdUH.pdf\">Leipziger Richtlinie<\/a>\u00a0zufolge bekommen alleinstehende Hartz-IV-Bezieher dort derzeit h\u00f6chstens knapp 365 Euro Warmmiete zugebilligt \u2013 darunter gerade einmal 50,72 Euro f\u00fcr Heizung und Warmwasser. Familien mit zwei Personen d\u00fcrfen monatlich f\u00fcr W\u00e4rme nicht einmal 68 Euro, mit drei Personen keine 85 Euro ausgeben. Alles, was dar\u00fcber liegt \u2013 auch Nachforderungen \u2013 bekommen Betroffene in aller Regel nicht erstattet.<\/p>\n<p>Jetzt d\u00fcrfen sich die Leipziger Bed\u00fcrftigen tats\u00e4chlich auf etwas h\u00f6here Obergrenzen freuen, denn die Stadt verk\u00fcndete \u2013 offensichtlich eine Ausnahme unter den Kommunen \u2013 k\u00fcrzlich deren <a rel=\"nofollow noopener\" target=\"_blank\" href=\"https:\/\/www.leipzig.de\/news\/news\/richtwerte-fuer-die-kosten-der-unterkunft-werden-angepasst-stadt-unterstuetzt-bei-rasant-gestiegenen-preisen\">Anhebung<\/a>. Doch ein Blick auf die Zahlen d\u00fcrfte die Freude der Betroffenen d\u00e4mpfen: Alleinstehende k\u00f6nnen demnach ab Januar genau 5,12 Euro mehr pro Monat f\u00fcrs Heizen und warm Duschen ausgeben, insgesamt 55,84 Euro. F\u00fcr Haushalte mit mehreren Personen steigt die Obergrenze nicht viel st\u00e4rker. Die Verwaltung spricht nunmehr von einer &#8220;Nichtpr\u00fcfungsgrenze&#8221;.\u00a0<\/p>\n<\/p>\n<p>Zwar r\u00e4umt die Stadt ein, die Kalkulation fu\u00dfe &#8220;auf Werten aus der Vergangenheit&#8221;, die die aktuelle Entwicklung auf dem Energiemarkt nicht ber\u00fccksichtigten. Somit w\u00fcrden Sozial\u00e4mter und Jobcenter auch Kosten \u00fcber diesen Werten \u00fcbernehmen. Jedoch bleibt dies eine Einzelfall-, vor allen Dingen eine Kann-Entscheidung. \u00dcbernehmen m\u00fcssen sie lediglich die Summen in der Tabelle. Mit anderen Worten: Leistungsbezieher sind der Gnade des jeweiligen Sachbearbeiters ausgeliefert.<\/p>\n<p><strong>Spaltungskampagne im Sinne der Herrschenden<\/strong><\/p>\n<p>Vergessen wird zudem, dass Heizkosten nicht die einzigen Aus- und Abgaben sind, die in die H\u00f6he schnellen. Auch Strom wird derzeit sp\u00fcrbar teurer, bei Lebensmitteln und vielen G\u00fctern f\u00fcr den t\u00e4glichen Bedarf sieht es nicht anders aus. All dies muss aber \u2013 auch entgegen so mancher anders lautender Ger\u00fcchte \u2013 aus dem Regelsatz bezahlt werden. Derzeit sind f\u00fcr einen Alleinstehenden darin rund 38 Euro f\u00fcr &#8220;Energie und Wohninstandhaltung&#8221; <a rel=\"nofollow noopener\" target=\"_blank\" href=\"https:\/\/www.hartziv.org\/regelbedarf\/\">eingepreist<\/a>.\u00a0<\/p>\n<p>Mit anderen Worten: Die geplante <a rel=\"nofollow noopener\" target=\"_blank\" href=\"https:\/\/www.gegen-hartz.de\/news\/hartz-iv-alle-neuen-buergergeld-regelleistungen-ab-2023\">Hartz-IV-Erh\u00f6hung<\/a>\u00a0soll s\u00e4mtliche Preisexplosionen auffangen. Laut <a rel=\"nofollow noopener\" target=\"_blank\" href=\"https:\/\/de.statista.com\/statistik\/daten\/studie\/38504\/umfrage\/verbraucherpreisindex-in-deutschland\/#:~:text=Verbraucherpreisindex%20in%20Deutschland%20%2D%20Monatswerte%20bis%20Juli%202022&amp;text=Im%20Juli%202022%20betrug%20der,Vorjahresmonat%20ergibt%20die%20monatliche%20Inflationsrate\">Statistischem Bundesamt<\/a>\u00a0stiegen die Verbraucherpreise seit 2015 um fast 19 Prozent. Allein im <a rel=\"nofollow noopener\" target=\"_blank\" href=\"https:\/\/www.destatis.de\/DE\/Themen\/Wirtschaft\/Preise\/Verbraucherpreisindex\/_inhalt.html\">August<\/a> dieses Jahres errechneten die Statistiker\u00a0eine Inflationsrate von 7,9 Prozent. Hauptursachen seien Preisanstiege bei Energie und Lebensmitteln, also in der Grundversorgung \u2013 und ein Ende ist nicht abzusehen.\u00a0<\/p>\n<p>Und noch einen Punkt vergisst die <em>Bild<\/em> bei ihrem Versuch, Geringverdiener gegen Hartz-IV-Bezieher aufzuwiegeln: Niedrige Sozialleistungen sind ein wichtiges Instrument, die L\u00f6hne unten zu halten. Und zugleich eine Drohkulisse, nach dem Motto: Wenn ihr euch der Ausbeutung verweigert, geht&#8217;s euch noch schlechter. Die Springer-Spaltungskampagne dient daher letztlich nur einer Gruppe: den Herrschenden.<\/p>\n<p><strong>Mehr zum Thema &#8211; <\/strong><a rel=\"nofollow noopener\" target=\"_blank\" href=\"https:\/\/test.rtde.tech\/inland\/145358-problem-steigende-heizkosten-jobcenter-konnten\/\">Problem steigende Heizkosten: Jobcenter k\u00f6nnten \u00dcbernahme verweigern<\/a><\/p>\n<\/p>\n<p><br \/>\n<br \/><a href=\"https:\/\/de.rt.com\/inland\/148810-irrglaube-a-la-bild-habeck\/\">Source link <\/a><\/p>\n","protected":false},"excerpt":{"rendered":"<p>Von Susan Bonath Nach 18 Jahren will die Bundesregierung das Arbeitslosengeld II, umgangssprachlich Hartz IV, etwas grundlegender reformieren. Wenn auch die Erh\u00f6hung (um 53 auf 502 Euro f\u00fcr Alleinstehende, und geringer ausfallend f\u00fcr Ehepaare und Kinder) der dann in &#8220;B\u00fcrgergeld&#8221; umbenannten Leistungen die massiven Preisanstiege nicht ausgleichen d\u00fcrfte: Einige Erleichterungen, vor allem f\u00fcr kurzzeitig Betroffene, [&hellip;]<\/p>\n","protected":false},"author":3,"featured_media":19023,"comment_status":"open","ping_status":"open","sticky":false,"template":"","format":"standard","meta":{"wp_automatic_camp":["217"],"b0fc119750a6dafe982bce97bb1f7416":["Irrglaube \u00e0 la Bild, Habeck und Co.: Hartz-IV-Empf\u00e4ngern werden nicht s\u00e4mtliche Heizkosten erstattet"],"original_link":["https:\/\/de.rt.com\/inland\/148810-irrglaube-a-la-bild-habeck\/"],"_thumbnail_id":["19023"],"_wptg_p2tg_sent2tg":["2022-09-14 11:20:15"],"jnews_social_counter_last_update":["1777181994"]},"categories":[19,23],"tags":[10745,32118,911,32786,30497,32785,800,29524,140,1040],"yoast_head":"<!-- This site is optimized with the Yoast SEO Premium plugin v22.7 (Yoast SEO v22.7) - https:\/\/yoast.com\/wordpress\/plugins\/seo\/ -->\n<title>Irrglaube \u00e0 la Bild, Habeck und Co.: Hartz-IV-Empf\u00e4ngern werden nicht s\u00e4mtliche Heizkosten erstattet - just-now.NEWS Deutschland<\/title>\n<meta name=\"robots\" content=\"index, follow, max-snippet:-1, max-image-preview:large, max-video-preview:-1\" \/>\n<link rel=\"canonical\" href=\"https:\/\/now-news.de\/de\/deutschland\/irrglaube-a-la-bild-habeck-und-co-hartz-iv-empfaengern-werden-nicht-saemtliche-heizkosten-erstattet\/\" \/>\n<meta property=\"og:locale\" content=\"de_DE\" \/>\n<meta property=\"og:type\" content=\"article\" \/>\n<meta property=\"og:title\" content=\"Irrglaube \u00e0 la Bild, Habeck und Co.: Hartz-IV-Empf\u00e4ngern werden nicht s\u00e4mtliche Heizkosten erstattet\" \/>\n<meta property=\"og:description\" content=\"Von Susan Bonath Nach 18 Jahren will die Bundesregierung das Arbeitslosengeld II, umgangssprachlich Hartz IV, etwas grundlegender reformieren. Wenn auch die Erh\u00f6hung (um 53 auf 502 Euro f\u00fcr Alleinstehende, und geringer ausfallend f\u00fcr Ehepaare und Kinder) der dann in &#8220;B\u00fcrgergeld&#8221; umbenannten Leistungen die massiven Preisanstiege nicht ausgleichen d\u00fcrfte: Einige Erleichterungen, vor allem f\u00fcr kurzzeitig Betroffene, [&hellip;]\" \/>\n<meta property=\"og:url\" content=\"https:\/\/now-news.de\/de\/deutschland\/irrglaube-a-la-bild-habeck-und-co-hartz-iv-empfaengern-werden-nicht-saemtliche-heizkosten-erstattet\/\" \/>\n<meta property=\"og:site_name\" content=\"just-now.NEWS Deutschland\" \/>\n<meta property=\"article:publisher\" content=\"https:\/\/www.facebook.com\/wirmachenauf\" \/>\n<meta property=\"article:published_time\" content=\"2022-09-14T09:04:18+00:00\" \/>\n<meta property=\"og:image\" content=\"https:\/\/now-news.de\/de\/wp-content\/uploads\/sites\/3\/2022\/09\/Irrglaube-a-la-Bild-Habeck-und-Co-Hartz-IV-Empfaengern-werden-nicht.jpg\" \/>\n\t<meta property=\"og:image:width\" content=\"460\" \/>\n\t<meta property=\"og:image:height\" content=\"259\" \/>\n\t<meta property=\"og:image:type\" content=\"image\/jpeg\" \/>\n<meta name=\"author\" content=\"rtnews\" \/>\n<meta name=\"twitter:card\" content=\"summary_large_image\" \/>\n<meta name=\"twitter:creator\" content=\"@WirMachenAuf_de\" \/>\n<meta name=\"twitter:site\" content=\"@WirMachenAuf_de\" \/>\n<meta name=\"twitter:label1\" content=\"Verfasst von\" \/>\n\t<meta name=\"twitter:data1\" content=\"rtnews\" \/>\n\t<meta name=\"twitter:label2\" content=\"Gesch\u00e4tzte Lesezeit\" \/>\n\t<meta name=\"twitter:data2\" content=\"5\u00a0Minuten\" \/>\n<script type=\"application\/ld+json\" class=\"yoast-schema-graph\">{\"@context\":\"https:\/\/schema.org\",\"@graph\":[{\"@type\":\"Article\",\"@id\":\"https:\/\/now-news.de\/de\/deutschland\/irrglaube-a-la-bild-habeck-und-co-hartz-iv-empfaengern-werden-nicht-saemtliche-heizkosten-erstattet\/#article\",\"isPartOf\":{\"@id\":\"https:\/\/now-news.de\/de\/deutschland\/irrglaube-a-la-bild-habeck-und-co-hartz-iv-empfaengern-werden-nicht-saemtliche-heizkosten-erstattet\/\"},\"author\":{\"name\":\"rtnews\",\"@id\":\"https:\/\/now-news.de\/de\/#\/schema\/person\/fb534a4e865501d8b3285208df34a9b5\"},\"headline\":\"Irrglaube \u00e0 la Bild, Habeck und Co.: Hartz-IV-Empf\u00e4ngern werden nicht s\u00e4mtliche Heizkosten erstattet\",\"datePublished\":\"2022-09-14T09:04:18+00:00\",\"dateModified\":\"2022-09-14T09:04:18+00:00\",\"mainEntityOfPage\":{\"@id\":\"https:\/\/now-news.de\/de\/deutschland\/irrglaube-a-la-bild-habeck-und-co-hartz-iv-empfaengern-werden-nicht-saemtliche-heizkosten-erstattet\/\"},\"wordCount\":1088,\"commentCount\":0,\"publisher\":{\"@id\":\"https:\/\/now-news.de\/de\/#organization\"},\"image\":{\"@id\":\"https:\/\/now-news.de\/de\/deutschland\/irrglaube-a-la-bild-habeck-und-co-hartz-iv-empfaengern-werden-nicht-saemtliche-heizkosten-erstattet\/#primaryimage\"},\"thumbnailUrl\":\"https:\/\/now-news.de\/de\/wp-content\/uploads\/sites\/3\/2022\/09\/Irrglaube-a-la-Bild-Habeck-und-Co-Hartz-IV-Empfaengern-werden-nicht.jpg\",\"keywords\":[\"bild\",\"erstattet\",\"Habeck\",\"HartzIVEmpf\u00e4ngern\",\"Heizkosten\",\"Irrglaube\",\"nicht\",\"s\u00e4mtliche\",\"und\",\"Werden\"],\"articleSection\":[\"Deutschland\",\"Russland\"],\"inLanguage\":\"de\",\"potentialAction\":[{\"@type\":\"CommentAction\",\"name\":\"Comment\",\"target\":[\"https:\/\/now-news.de\/de\/deutschland\/irrglaube-a-la-bild-habeck-und-co-hartz-iv-empfaengern-werden-nicht-saemtliche-heizkosten-erstattet\/#respond\"]}]},{\"@type\":\"WebPage\",\"@id\":\"https:\/\/now-news.de\/de\/deutschland\/irrglaube-a-la-bild-habeck-und-co-hartz-iv-empfaengern-werden-nicht-saemtliche-heizkosten-erstattet\/\",\"url\":\"https:\/\/now-news.de\/de\/deutschland\/irrglaube-a-la-bild-habeck-und-co-hartz-iv-empfaengern-werden-nicht-saemtliche-heizkosten-erstattet\/\",\"name\":\"Irrglaube \u00e0 la Bild, Habeck und Co.: Hartz-IV-Empf\u00e4ngern werden nicht s\u00e4mtliche Heizkosten erstattet - just-now.NEWS Deutschland\",\"isPartOf\":{\"@id\":\"https:\/\/now-news.de\/de\/#website\"},\"primaryImageOfPage\":{\"@id\":\"https:\/\/now-news.de\/de\/deutschland\/irrglaube-a-la-bild-habeck-und-co-hartz-iv-empfaengern-werden-nicht-saemtliche-heizkosten-erstattet\/#primaryimage\"},\"image\":{\"@id\":\"https:\/\/now-news.de\/de\/deutschland\/irrglaube-a-la-bild-habeck-und-co-hartz-iv-empfaengern-werden-nicht-saemtliche-heizkosten-erstattet\/#primaryimage\"},\"thumbnailUrl\":\"https:\/\/now-news.de\/de\/wp-content\/uploads\/sites\/3\/2022\/09\/Irrglaube-a-la-Bild-Habeck-und-Co-Hartz-IV-Empfaengern-werden-nicht.jpg\",\"datePublished\":\"2022-09-14T09:04:18+00:00\",\"dateModified\":\"2022-09-14T09:04:18+00:00\",\"breadcrumb\":{\"@id\":\"https:\/\/now-news.de\/de\/deutschland\/irrglaube-a-la-bild-habeck-und-co-hartz-iv-empfaengern-werden-nicht-saemtliche-heizkosten-erstattet\/#breadcrumb\"},\"inLanguage\":\"de\",\"potentialAction\":[{\"@type\":\"ReadAction\",\"target\":[\"https:\/\/now-news.de\/de\/deutschland\/irrglaube-a-la-bild-habeck-und-co-hartz-iv-empfaengern-werden-nicht-saemtliche-heizkosten-erstattet\/\"]}]},{\"@type\":\"ImageObject\",\"inLanguage\":\"de\",\"@id\":\"https:\/\/now-news.de\/de\/deutschland\/irrglaube-a-la-bild-habeck-und-co-hartz-iv-empfaengern-werden-nicht-saemtliche-heizkosten-erstattet\/#primaryimage\",\"url\":\"https:\/\/now-news.de\/de\/wp-content\/uploads\/sites\/3\/2022\/09\/Irrglaube-a-la-Bild-Habeck-und-Co-Hartz-IV-Empfaengern-werden-nicht.jpg\",\"contentUrl\":\"https:\/\/now-news.de\/de\/wp-content\/uploads\/sites\/3\/2022\/09\/Irrglaube-a-la-Bild-Habeck-und-Co-Hartz-IV-Empfaengern-werden-nicht.jpg\",\"width\":460,\"height\":259,\"caption\":\"Irrglaube \u00e0 la Bild, Habeck und Co.: Hartz-IV-Empf\u00e4ngern werden nicht s\u00e4mtliche Heizkosten erstattet\"},{\"@type\":\"BreadcrumbList\",\"@id\":\"https:\/\/now-news.de\/de\/deutschland\/irrglaube-a-la-bild-habeck-und-co-hartz-iv-empfaengern-werden-nicht-saemtliche-heizkosten-erstattet\/#breadcrumb\",\"itemListElement\":[{\"@type\":\"ListItem\",\"position\":1,\"name\":\"Home\",\"item\":\"https:\/\/now-news.de\/de\/\"},{\"@type\":\"ListItem\",\"position\":2,\"name\":\"Irrglaube \u00e0 la Bild, Habeck und Co.: Hartz-IV-Empf\u00e4ngern werden nicht s\u00e4mtliche Heizkosten erstattet\"}]},{\"@type\":\"WebSite\",\"@id\":\"https:\/\/now-news.de\/de\/#website\",\"url\":\"https:\/\/now-news.de\/de\/\",\"name\":\"just-now.NEWS Deutschland\",\"description\":\"Das Portal f\u00fcr unzensierte Nachrichten aus der Welt\",\"publisher\":{\"@id\":\"https:\/\/now-news.de\/de\/#organization\"},\"potentialAction\":[{\"@type\":\"SearchAction\",\"target\":{\"@type\":\"EntryPoint\",\"urlTemplate\":\"https:\/\/now-news.de\/de\/?s={search_term_string}\"},\"query-input\":\"required name=search_term_string\"}],\"inLanguage\":\"de\"},{\"@type\":\"Organization\",\"@id\":\"https:\/\/now-news.de\/de\/#organization\",\"name\":\"Just Now News\",\"url\":\"https:\/\/now-news.de\/de\/\",\"logo\":{\"@type\":\"ImageObject\",\"inLanguage\":\"de\",\"@id\":\"https:\/\/now-news.de\/de\/#\/schema\/logo\/image\/\",\"url\":\"http:\/\/just-now.news\/de\/wp-content\/uploads\/sites\/3\/2022\/04\/logo500x500.jpg\",\"contentUrl\":\"http:\/\/just-now.news\/de\/wp-content\/uploads\/sites\/3\/2022\/04\/logo500x500.jpg\",\"width\":500,\"height\":500,\"caption\":\"Just Now News\"},\"image\":{\"@id\":\"https:\/\/now-news.de\/de\/#\/schema\/logo\/image\/\"},\"sameAs\":[\"https:\/\/www.facebook.com\/wirmachenauf\",\"https:\/\/x.com\/WirMachenAuf_de\"]},{\"@type\":\"Person\",\"@id\":\"https:\/\/now-news.de\/de\/#\/schema\/person\/fb534a4e865501d8b3285208df34a9b5\",\"name\":\"rtnews\",\"image\":{\"@type\":\"ImageObject\",\"inLanguage\":\"de\",\"@id\":\"https:\/\/now-news.de\/de\/#\/schema\/person\/image\/\",\"url\":\"https:\/\/secure.gravatar.com\/avatar\/82aafea7d8127119dd649515f56e2117?s=96&d=mm&r=g\",\"contentUrl\":\"https:\/\/secure.gravatar.com\/avatar\/82aafea7d8127119dd649515f56e2117?s=96&d=mm&r=g\",\"caption\":\"rtnews\"},\"url\":\"https:\/\/now-news.de\/de\/author\/rnews\/\"}]}<\/script>\n<!-- \/ Yoast SEO Premium plugin. -->","yoast_head_json":{"title":"Irrglaube \u00e0 la Bild, Habeck und Co.: Hartz-IV-Empf\u00e4ngern werden nicht s\u00e4mtliche Heizkosten erstattet - just-now.NEWS Deutschland","robots":{"index":"index","follow":"follow","max-snippet":"max-snippet:-1","max-image-preview":"max-image-preview:large","max-video-preview":"max-video-preview:-1"},"canonical":"https:\/\/now-news.de\/de\/deutschland\/irrglaube-a-la-bild-habeck-und-co-hartz-iv-empfaengern-werden-nicht-saemtliche-heizkosten-erstattet\/","og_locale":"de_DE","og_type":"article","og_title":"Irrglaube \u00e0 la Bild, Habeck und Co.: Hartz-IV-Empf\u00e4ngern werden nicht s\u00e4mtliche Heizkosten erstattet","og_description":"Von Susan Bonath Nach 18 Jahren will die Bundesregierung das Arbeitslosengeld II, umgangssprachlich Hartz IV, etwas grundlegender reformieren. Wenn auch die Erh\u00f6hung (um 53 auf 502 Euro f\u00fcr Alleinstehende, und geringer ausfallend f\u00fcr Ehepaare und Kinder) der dann in &#8220;B\u00fcrgergeld&#8221; umbenannten Leistungen die massiven Preisanstiege nicht ausgleichen d\u00fcrfte: Einige Erleichterungen, vor allem f\u00fcr kurzzeitig Betroffene, [&hellip;]","og_url":"https:\/\/now-news.de\/de\/deutschland\/irrglaube-a-la-bild-habeck-und-co-hartz-iv-empfaengern-werden-nicht-saemtliche-heizkosten-erstattet\/","og_site_name":"just-now.NEWS Deutschland","article_publisher":"https:\/\/www.facebook.com\/wirmachenauf","article_published_time":"2022-09-14T09:04:18+00:00","og_image":[{"width":460,"height":259,"url":"https:\/\/now-news.de\/de\/wp-content\/uploads\/sites\/3\/2022\/09\/Irrglaube-a-la-Bild-Habeck-und-Co-Hartz-IV-Empfaengern-werden-nicht.jpg","type":"image\/jpeg"}],"author":"rtnews","twitter_card":"summary_large_image","twitter_creator":"@WirMachenAuf_de","twitter_site":"@WirMachenAuf_de","twitter_misc":{"Verfasst von":"rtnews","Gesch\u00e4tzte Lesezeit":"5\u00a0Minuten"},"schema":{"@context":"https:\/\/schema.org","@graph":[{"@type":"Article","@id":"https:\/\/now-news.de\/de\/deutschland\/irrglaube-a-la-bild-habeck-und-co-hartz-iv-empfaengern-werden-nicht-saemtliche-heizkosten-erstattet\/#article","isPartOf":{"@id":"https:\/\/now-news.de\/de\/deutschland\/irrglaube-a-la-bild-habeck-und-co-hartz-iv-empfaengern-werden-nicht-saemtliche-heizkosten-erstattet\/"},"author":{"name":"rtnews","@id":"https:\/\/now-news.de\/de\/#\/schema\/person\/fb534a4e865501d8b3285208df34a9b5"},"headline":"Irrglaube \u00e0 la Bild, Habeck und Co.: Hartz-IV-Empf\u00e4ngern werden nicht s\u00e4mtliche Heizkosten erstattet","datePublished":"2022-09-14T09:04:18+00:00","dateModified":"2022-09-14T09:04:18+00:00","mainEntityOfPage":{"@id":"https:\/\/now-news.de\/de\/deutschland\/irrglaube-a-la-bild-habeck-und-co-hartz-iv-empfaengern-werden-nicht-saemtliche-heizkosten-erstattet\/"},"wordCount":1088,"commentCount":0,"publisher":{"@id":"https:\/\/now-news.de\/de\/#organization"},"image":{"@id":"https:\/\/now-news.de\/de\/deutschland\/irrglaube-a-la-bild-habeck-und-co-hartz-iv-empfaengern-werden-nicht-saemtliche-heizkosten-erstattet\/#primaryimage"},"thumbnailUrl":"https:\/\/now-news.de\/de\/wp-content\/uploads\/sites\/3\/2022\/09\/Irrglaube-a-la-Bild-Habeck-und-Co-Hartz-IV-Empfaengern-werden-nicht.jpg","keywords":["bild","erstattet","Habeck","HartzIVEmpf\u00e4ngern","Heizkosten","Irrglaube","nicht","s\u00e4mtliche","und","Werden"],"articleSection":["Deutschland","Russland"],"inLanguage":"de","potentialAction":[{"@type":"CommentAction","name":"Comment","target":["https:\/\/now-news.de\/de\/deutschland\/irrglaube-a-la-bild-habeck-und-co-hartz-iv-empfaengern-werden-nicht-saemtliche-heizkosten-erstattet\/#respond"]}]},{"@type":"WebPage","@id":"https:\/\/now-news.de\/de\/deutschland\/irrglaube-a-la-bild-habeck-und-co-hartz-iv-empfaengern-werden-nicht-saemtliche-heizkosten-erstattet\/","url":"https:\/\/now-news.de\/de\/deutschland\/irrglaube-a-la-bild-habeck-und-co-hartz-iv-empfaengern-werden-nicht-saemtliche-heizkosten-erstattet\/","name":"Irrglaube \u00e0 la Bild, Habeck und Co.: Hartz-IV-Empf\u00e4ngern werden nicht s\u00e4mtliche Heizkosten erstattet - just-now.NEWS Deutschland","isPartOf":{"@id":"https:\/\/now-news.de\/de\/#website"},"primaryImageOfPage":{"@id":"https:\/\/now-news.de\/de\/deutschland\/irrglaube-a-la-bild-habeck-und-co-hartz-iv-empfaengern-werden-nicht-saemtliche-heizkosten-erstattet\/#primaryimage"},"image":{"@id":"https:\/\/now-news.de\/de\/deutschland\/irrglaube-a-la-bild-habeck-und-co-hartz-iv-empfaengern-werden-nicht-saemtliche-heizkosten-erstattet\/#primaryimage"},"thumbnailUrl":"https:\/\/now-news.de\/de\/wp-content\/uploads\/sites\/3\/2022\/09\/Irrglaube-a-la-Bild-Habeck-und-Co-Hartz-IV-Empfaengern-werden-nicht.jpg","datePublished":"2022-09-14T09:04:18+00:00","dateModified":"2022-09-14T09:04:18+00:00","breadcrumb":{"@id":"https:\/\/now-news.de\/de\/deutschland\/irrglaube-a-la-bild-habeck-und-co-hartz-iv-empfaengern-werden-nicht-saemtliche-heizkosten-erstattet\/#breadcrumb"},"inLanguage":"de","potentialAction":[{"@type":"ReadAction","target":["https:\/\/now-news.de\/de\/deutschland\/irrglaube-a-la-bild-habeck-und-co-hartz-iv-empfaengern-werden-nicht-saemtliche-heizkosten-erstattet\/"]}]},{"@type":"ImageObject","inLanguage":"de","@id":"https:\/\/now-news.de\/de\/deutschland\/irrglaube-a-la-bild-habeck-und-co-hartz-iv-empfaengern-werden-nicht-saemtliche-heizkosten-erstattet\/#primaryimage","url":"https:\/\/now-news.de\/de\/wp-content\/uploads\/sites\/3\/2022\/09\/Irrglaube-a-la-Bild-Habeck-und-Co-Hartz-IV-Empfaengern-werden-nicht.jpg","contentUrl":"https:\/\/now-news.de\/de\/wp-content\/uploads\/sites\/3\/2022\/09\/Irrglaube-a-la-Bild-Habeck-und-Co-Hartz-IV-Empfaengern-werden-nicht.jpg","width":460,"height":259,"caption":"Irrglaube \u00e0 la Bild, Habeck und Co.: Hartz-IV-Empf\u00e4ngern werden nicht s\u00e4mtliche Heizkosten erstattet"},{"@type":"BreadcrumbList","@id":"https:\/\/now-news.de\/de\/deutschland\/irrglaube-a-la-bild-habeck-und-co-hartz-iv-empfaengern-werden-nicht-saemtliche-heizkosten-erstattet\/#breadcrumb","itemListElement":[{"@type":"ListItem","position":1,"name":"Home","item":"https:\/\/now-news.de\/de\/"},{"@type":"ListItem","position":2,"name":"Irrglaube \u00e0 la Bild, Habeck und Co.: Hartz-IV-Empf\u00e4ngern werden nicht s\u00e4mtliche Heizkosten erstattet"}]},{"@type":"WebSite","@id":"https:\/\/now-news.de\/de\/#website","url":"https:\/\/now-news.de\/de\/","name":"just-now.NEWS Deutschland","description":"Das Portal f\u00fcr unzensierte Nachrichten aus der Welt","publisher":{"@id":"https:\/\/now-news.de\/de\/#organization"},"potentialAction":[{"@type":"SearchAction","target":{"@type":"EntryPoint","urlTemplate":"https:\/\/now-news.de\/de\/?s={search_term_string}"},"query-input":"required name=search_term_string"}],"inLanguage":"de"},{"@type":"Organization","@id":"https:\/\/now-news.de\/de\/#organization","name":"Just Now News","url":"https:\/\/now-news.de\/de\/","logo":{"@type":"ImageObject","inLanguage":"de","@id":"https:\/\/now-news.de\/de\/#\/schema\/logo\/image\/","url":"http:\/\/just-now.news\/de\/wp-content\/uploads\/sites\/3\/2022\/04\/logo500x500.jpg","contentUrl":"http:\/\/just-now.news\/de\/wp-content\/uploads\/sites\/3\/2022\/04\/logo500x500.jpg","width":500,"height":500,"caption":"Just Now News"},"image":{"@id":"https:\/\/now-news.de\/de\/#\/schema\/logo\/image\/"},"sameAs":["https:\/\/www.facebook.com\/wirmachenauf","https:\/\/x.com\/WirMachenAuf_de"]},{"@type":"Person","@id":"https:\/\/now-news.de\/de\/#\/schema\/person\/fb534a4e865501d8b3285208df34a9b5","name":"rtnews","image":{"@type":"ImageObject","inLanguage":"de","@id":"https:\/\/now-news.de\/de\/#\/schema\/person\/image\/","url":"https:\/\/secure.gravatar.com\/avatar\/82aafea7d8127119dd649515f56e2117?s=96&d=mm&r=g","contentUrl":"https:\/\/secure.gravatar.com\/avatar\/82aafea7d8127119dd649515f56e2117?s=96&d=mm&r=g","caption":"rtnews"},"url":"https:\/\/now-news.de\/de\/author\/rnews\/"}]}},"_links":{"self":[{"href":"https:\/\/now-news.de\/de\/wp-json\/wp\/v2\/posts\/19022"}],"collection":[{"href":"https:\/\/now-news.de\/de\/wp-json\/wp\/v2\/posts"}],"about":[{"href":"https:\/\/now-news.de\/de\/wp-json\/wp\/v2\/types\/post"}],"author":[{"embeddable":true,"href":"https:\/\/now-news.de\/de\/wp-json\/wp\/v2\/users\/3"}],"replies":[{"embeddable":true,"href":"https:\/\/now-news.de\/de\/wp-json\/wp\/v2\/comments?post=19022"}],"version-history":[{"count":0,"href":"https:\/\/now-news.de\/de\/wp-json\/wp\/v2\/posts\/19022\/revisions"}],"wp:featuredmedia":[{"embeddable":true,"href":"https:\/\/now-news.de\/de\/wp-json\/wp\/v2\/media\/19023"}],"wp:attachment":[{"href":"https:\/\/now-news.de\/de\/wp-json\/wp\/v2\/media?parent=19022"}],"wp:term":[{"taxonomy":"category","embeddable":true,"href":"https:\/\/now-news.de\/de\/wp-json\/wp\/v2\/categories?post=19022"},{"taxonomy":"post_tag","embeddable":true,"href":"https:\/\/now-news.de\/de\/wp-json\/wp\/v2\/tags?post=19022"}],"curies":[{"name":"wp","href":"https:\/\/api.w.org\/{rel}","templated":true}]}}