{"id":19020,"date":"2022-09-14T10:26:10","date_gmt":"2022-09-14T08:26:10","guid":{"rendered":"http:\/\/just-now.news\/de\/deutschland\/kreml-sprecher-peskow-moskau-plant-keine-mobilisierung-der-militaerischen-reserven\/"},"modified":"2022-09-14T10:26:10","modified_gmt":"2022-09-14T08:26:10","slug":"kreml-sprecher-peskow-moskau-plant-keine-mobilisierung-der-militaerischen-reserven","status":"publish","type":"post","link":"https:\/\/now-news.de\/de\/deutschland\/kreml-sprecher-peskow-moskau-plant-keine-mobilisierung-der-militaerischen-reserven\/","title":{"rendered":"Kreml-Sprecher Peskow: Moskau plant keine Mobilisierung der milit\u00e4rischen Reserven"},"content":{"rendered":"<p><img decoding=\"async\" src=\"http:\/\/just-now.news\/de\/wp-content\/uploads\/sites\/3\/2022\/09\/63218e35b480cc65ed5f1600.jpg\" \/><\/p>\n<div class=\"Text-root Text-type_1 \">\n                Westliche Milit\u00e4rexperten erwarten seit Monaten eine Mobilisierung der milit\u00e4rischen Reserven in Russland, nachdem ihre Prognosen eines raschen Zusammenbruchs der Ukraine nicht eingetreten sind. Laut dem Kreml-Sprecher sei der Einsatz von Reservisten in der Ukraine derzeit jedoch nicht geplant.\n            <\/div>\n<p><\/p>\n<div class=\"Text-root Text-type_5 ArticleView-text ViewText-root \">\n<p>Die russische Regierung diskutiere derzeit nicht \u00fcber eine Mobilisierung der Reserve, sagte Kreml-Sprecher Dmitri Peskow am Dienstag vor Journalisten. Er beantwortete damit eine Frage zur Reaktion Moskaus auf die Gegenoffensive und die Gel\u00e4ndegewinne der ukrainischen Streitkr\u00e4fte in der Region Charkow vergangene Woche.<\/p>\n<p>Die russische Armee hatte ihre\u00a0Truppen aus einer Reihe von Siedlungen in der Region zur\u00fcckgezogen.\u00a0Das russische Verteidigungsministerium bezeichnete dieses Man\u00f6ver als <a rel=\"nofollow noopener\" target=\"_blank\" href=\"https:\/\/de.rt.com\/europa\/148747-kadyrow-zur-umgruppierung-russischer-streitkrafte\/\">Umgruppierung<\/a>, die notwendig geworden sei, um die Milit\u00e4roperation gegen die Ukraine fortsetzen zu k\u00f6nnen.<\/p>\n<p>Peskow versicherte,\u00a0von Mobilmachung sei keine Rede. Zudem wies er Kritik zur\u00fcck, die verschiedene Kommentatoren an die Milit\u00e4rf\u00fchrung und das Verteidigungsministerium richteten, weil sich die russischen Streitkr\u00e4fte zur\u00fcckgezogen hatten und die Ukraine Gel\u00e4ndegewinne verzeichnen konnte.<\/p>\n<p>Er gab die Einsch\u00e4tzung ab,\u00a0dass die russische \u00d6ffentlichkeit die Entscheidung von Pr\u00e4sident Putin, die Ukraine milit\u00e4risch anzugreifen, weiterhin unterst\u00fctze und\u00a0folglich auch sehr empfindlich auf die dortigen Ereignisse reagiere. Dies bringe mit sich, dass einige Menschen die Vorg\u00e4nge der vergangenen Woche sehr emotional aufgenommen h\u00e4tten.<\/p>\n<p>&#8220;Kritik ist ein nat\u00fcrlicher Bestandteil des Meinungspluralismus, solange sie sich innerhalb der gesetzlichen Grenzen bewegt&#8221;, f\u00fcgte Peskow hinzu.<\/p>\n<p>Westliche Milit\u00e4rexperten erwarten seit Monaten eine Mobilisierung der Reservisten in Russland, nachdem ihre Prognosen eines raschen Zusammenbruchs der Ukraine nicht eingetreten sind. Der bisherige H\u00f6hepunkt solcher Vorhersagen war Anfang Mai,\u00a0wo Russland traditionell den Jahrestag seines Sieges \u00fcber Nazi-Deutschland feiert. Putins Rede am 9. Mai enthielt jedoch weder eine formelle Kriegserkl\u00e4rung an die Ukraine noch eine Ank\u00fcndigung der Mobilmachung\u00a0\u2013\u00a0ganz im Gegensatz zu den Erwartungen vieler ausl\u00e4ndischer Beobachter.<\/p>\n<p>Nach Angaben der Nachrichtenagentur <em>Interfax<\/em>\u00a0erkl\u00e4rte Kreml-Sprecher Dmitri Peskow zudem, dass die milit\u00e4rische Sonderoperation fortgesetzt werde:<\/p>\n<blockquote>\n<p><em> &#8220;Sie wird fortgesetzt, bis die gesteckten Ziele erreicht sind.&#8221;<\/em><\/p>\n<\/blockquote>\n<p>Laut dem ukrainischen Pr\u00e4sidenten Selenskij wurde seit Beginn der Gegenoffensive bereits ein Gebiet von mehr als 6.000 Quadratkilometern zur\u00fcckerobert. Dabei lie\u00df er eine Tatsache allerdings unerw\u00e4hnt:\u00a0Dass\u00a0die Offensive seiner Truppen in der Region Charkow n\u00e4mlich allein zwischen dem 6. und dem 10. September rund 12.000 ukrainische Soldaten kampfunf\u00e4hig zur\u00fccklie\u00df\u00a0\u2013\u00a0darunter 4.000 Gefallene\u00a0\u2013,\u00a0w\u00e4hrend die russischen Streitkr\u00e4fte nach Angaben des Verteidigungsministeriums in Moskau die Stellungen der ukrainischen Truppen attackierten. Die Angriffe erfolgten durch Luftlandetruppen und\u00a0Sperrfeuer mit Raketen und Artillerie, teilte das Ministerium in den sozialen Medien mit.<\/p>\n<p><strong>Mehr zum Thema &#8211;<\/strong>\u00a0<a rel=\"nofollow noopener\" target=\"_blank\" href=\"https:\/\/pressefreiheit.rtde.tech\/meinung\/148279-russland-ist-europaisches-land-doch-westen-hat-gezwungen-sich-asien-zuzuwenden\/\">Russland ist ein europ\u00e4isches Land, doch der Westen hat es gezwungen, sich Asien zuzuwenden<\/a><\/p>\n<\/div>\n<p><br \/>\n<br \/><a href=\"https:\/\/de.rt.com\/russland\/148860-kreml-sprecher-peskow-moskau-plant\/\">Source link <\/a><\/p>\n","protected":false},"excerpt":{"rendered":"<p>Westliche Milit\u00e4rexperten erwarten seit Monaten eine Mobilisierung der milit\u00e4rischen Reserven in Russland, nachdem ihre Prognosen eines raschen Zusammenbruchs der Ukraine nicht eingetreten sind. Laut dem Kreml-Sprecher sei der Einsatz von Reservisten in der Ukraine derzeit jedoch nicht geplant. Die russische Regierung diskutiere derzeit nicht \u00fcber eine Mobilisierung der Reserve, sagte Kreml-Sprecher Dmitri Peskow am Dienstag [&hellip;]<\/p>\n","protected":false},"author":3,"featured_media":19021,"comment_status":"open","ping_status":"open","sticky":false,"template":"","format":"standard","meta":{"wp_automatic_camp":["217"],"a66d7c3938ff036d5fba00e4d1f69e97":["Kreml-Sprecher Peskow: Moskau plant keine Mobilisierung der milit\u00e4rischen Reserven"],"original_link":["https:\/\/de.rt.com\/russland\/148860-kreml-sprecher-peskow-moskau-plant\/"],"_thumbnail_id":["19021"],"_wptg_p2tg_sent2tg":["2022-09-14 10:32:02"],"jnews_social_counter_last_update":["1777270322"]},"categories":[19,23],"tags":[82,375,18596,20361,32784,946,18597,2559,29434],"yoast_head":"<!-- This site is optimized with the Yoast SEO Premium plugin v22.7 (Yoast SEO v22.7) - https:\/\/yoast.com\/wordpress\/plugins\/seo\/ -->\n<title>Kreml-Sprecher Peskow: Moskau plant keine Mobilisierung der milit\u00e4rischen Reserven - just-now.NEWS Deutschland<\/title>\n<meta name=\"robots\" content=\"index, follow, max-snippet:-1, max-image-preview:large, max-video-preview:-1\" \/>\n<link rel=\"canonical\" href=\"https:\/\/now-news.de\/de\/deutschland\/kreml-sprecher-peskow-moskau-plant-keine-mobilisierung-der-militaerischen-reserven\/\" \/>\n<meta property=\"og:locale\" content=\"de_DE\" \/>\n<meta property=\"og:type\" content=\"article\" \/>\n<meta property=\"og:title\" content=\"Kreml-Sprecher Peskow: Moskau plant keine Mobilisierung der milit\u00e4rischen Reserven\" \/>\n<meta property=\"og:description\" content=\"Westliche Milit\u00e4rexperten erwarten seit Monaten eine Mobilisierung der milit\u00e4rischen Reserven in Russland, nachdem ihre Prognosen eines raschen Zusammenbruchs der Ukraine nicht eingetreten sind. Laut dem Kreml-Sprecher sei der Einsatz von Reservisten in der Ukraine derzeit jedoch nicht geplant. Die russische Regierung diskutiere derzeit nicht \u00fcber eine Mobilisierung der Reserve, sagte Kreml-Sprecher Dmitri Peskow am Dienstag [&hellip;]\" \/>\n<meta property=\"og:url\" content=\"https:\/\/now-news.de\/de\/deutschland\/kreml-sprecher-peskow-moskau-plant-keine-mobilisierung-der-militaerischen-reserven\/\" \/>\n<meta property=\"og:site_name\" content=\"just-now.NEWS Deutschland\" \/>\n<meta property=\"article:publisher\" content=\"https:\/\/www.facebook.com\/wirmachenauf\" \/>\n<meta property=\"article:published_time\" content=\"2022-09-14T08:26:10+00:00\" \/>\n<meta property=\"og:image\" content=\"https:\/\/now-news.de\/de\/wp-content\/uploads\/sites\/3\/2022\/09\/Kreml-Sprecher-Peskow-Moskau-plant-keine-Mobilisierung-der-militaerischen-Reserven.jpg\" \/>\n\t<meta property=\"og:image:width\" content=\"460\" \/>\n\t<meta property=\"og:image:height\" content=\"259\" \/>\n\t<meta property=\"og:image:type\" content=\"image\/jpeg\" \/>\n<meta name=\"author\" content=\"rtnews\" \/>\n<meta name=\"twitter:card\" content=\"summary_large_image\" \/>\n<meta name=\"twitter:creator\" content=\"@WirMachenAuf_de\" \/>\n<meta name=\"twitter:site\" content=\"@WirMachenAuf_de\" \/>\n<meta name=\"twitter:label1\" content=\"Verfasst von\" \/>\n\t<meta name=\"twitter:data1\" content=\"rtnews\" \/>\n\t<meta name=\"twitter:label2\" content=\"Gesch\u00e4tzte Lesezeit\" \/>\n\t<meta name=\"twitter:data2\" content=\"2\u00a0Minuten\" \/>\n<script type=\"application\/ld+json\" class=\"yoast-schema-graph\">{\"@context\":\"https:\/\/schema.org\",\"@graph\":[{\"@type\":\"Article\",\"@id\":\"https:\/\/now-news.de\/de\/deutschland\/kreml-sprecher-peskow-moskau-plant-keine-mobilisierung-der-militaerischen-reserven\/#article\",\"isPartOf\":{\"@id\":\"https:\/\/now-news.de\/de\/deutschland\/kreml-sprecher-peskow-moskau-plant-keine-mobilisierung-der-militaerischen-reserven\/\"},\"author\":{\"name\":\"rtnews\",\"@id\":\"https:\/\/now-news.de\/de\/#\/schema\/person\/fb534a4e865501d8b3285208df34a9b5\"},\"headline\":\"Kreml-Sprecher Peskow: Moskau plant keine Mobilisierung der milit\u00e4rischen Reserven\",\"datePublished\":\"2022-09-14T08:26:10+00:00\",\"dateModified\":\"2022-09-14T08:26:10+00:00\",\"mainEntityOfPage\":{\"@id\":\"https:\/\/now-news.de\/de\/deutschland\/kreml-sprecher-peskow-moskau-plant-keine-mobilisierung-der-militaerischen-reserven\/\"},\"wordCount\":459,\"commentCount\":0,\"publisher\":{\"@id\":\"https:\/\/now-news.de\/de\/#organization\"},\"image\":{\"@id\":\"https:\/\/now-news.de\/de\/deutschland\/kreml-sprecher-peskow-moskau-plant-keine-mobilisierung-der-militaerischen-reserven\/#primaryimage\"},\"thumbnailUrl\":\"https:\/\/now-news.de\/de\/wp-content\/uploads\/sites\/3\/2022\/09\/Kreml-Sprecher-Peskow-Moskau-plant-keine-Mobilisierung-der-militaerischen-Reserven.jpg\",\"keywords\":[\"der\",\"keine\",\"KremlSprecher\",\"milit\u00e4rischen\",\"Mobilisierung\",\"Moskau\",\"Peskow\",\"plant\",\"Reserven\"],\"articleSection\":[\"Deutschland\",\"Russland\"],\"inLanguage\":\"de\",\"potentialAction\":[{\"@type\":\"CommentAction\",\"name\":\"Comment\",\"target\":[\"https:\/\/now-news.de\/de\/deutschland\/kreml-sprecher-peskow-moskau-plant-keine-mobilisierung-der-militaerischen-reserven\/#respond\"]}]},{\"@type\":\"WebPage\",\"@id\":\"https:\/\/now-news.de\/de\/deutschland\/kreml-sprecher-peskow-moskau-plant-keine-mobilisierung-der-militaerischen-reserven\/\",\"url\":\"https:\/\/now-news.de\/de\/deutschland\/kreml-sprecher-peskow-moskau-plant-keine-mobilisierung-der-militaerischen-reserven\/\",\"name\":\"Kreml-Sprecher Peskow: Moskau plant keine Mobilisierung der milit\u00e4rischen Reserven - just-now.NEWS Deutschland\",\"isPartOf\":{\"@id\":\"https:\/\/now-news.de\/de\/#website\"},\"primaryImageOfPage\":{\"@id\":\"https:\/\/now-news.de\/de\/deutschland\/kreml-sprecher-peskow-moskau-plant-keine-mobilisierung-der-militaerischen-reserven\/#primaryimage\"},\"image\":{\"@id\":\"https:\/\/now-news.de\/de\/deutschland\/kreml-sprecher-peskow-moskau-plant-keine-mobilisierung-der-militaerischen-reserven\/#primaryimage\"},\"thumbnailUrl\":\"https:\/\/now-news.de\/de\/wp-content\/uploads\/sites\/3\/2022\/09\/Kreml-Sprecher-Peskow-Moskau-plant-keine-Mobilisierung-der-militaerischen-Reserven.jpg\",\"datePublished\":\"2022-09-14T08:26:10+00:00\",\"dateModified\":\"2022-09-14T08:26:10+00:00\",\"breadcrumb\":{\"@id\":\"https:\/\/now-news.de\/de\/deutschland\/kreml-sprecher-peskow-moskau-plant-keine-mobilisierung-der-militaerischen-reserven\/#breadcrumb\"},\"inLanguage\":\"de\",\"potentialAction\":[{\"@type\":\"ReadAction\",\"target\":[\"https:\/\/now-news.de\/de\/deutschland\/kreml-sprecher-peskow-moskau-plant-keine-mobilisierung-der-militaerischen-reserven\/\"]}]},{\"@type\":\"ImageObject\",\"inLanguage\":\"de\",\"@id\":\"https:\/\/now-news.de\/de\/deutschland\/kreml-sprecher-peskow-moskau-plant-keine-mobilisierung-der-militaerischen-reserven\/#primaryimage\",\"url\":\"https:\/\/now-news.de\/de\/wp-content\/uploads\/sites\/3\/2022\/09\/Kreml-Sprecher-Peskow-Moskau-plant-keine-Mobilisierung-der-militaerischen-Reserven.jpg\",\"contentUrl\":\"https:\/\/now-news.de\/de\/wp-content\/uploads\/sites\/3\/2022\/09\/Kreml-Sprecher-Peskow-Moskau-plant-keine-Mobilisierung-der-militaerischen-Reserven.jpg\",\"width\":460,\"height\":259,\"caption\":\"Kreml-Sprecher Peskow: Moskau plant keine Mobilisierung der milit\u00e4rischen Reserven\"},{\"@type\":\"BreadcrumbList\",\"@id\":\"https:\/\/now-news.de\/de\/deutschland\/kreml-sprecher-peskow-moskau-plant-keine-mobilisierung-der-militaerischen-reserven\/#breadcrumb\",\"itemListElement\":[{\"@type\":\"ListItem\",\"position\":1,\"name\":\"Home\",\"item\":\"https:\/\/now-news.de\/de\/\"},{\"@type\":\"ListItem\",\"position\":2,\"name\":\"Kreml-Sprecher Peskow: Moskau plant keine Mobilisierung der milit\u00e4rischen Reserven\"}]},{\"@type\":\"WebSite\",\"@id\":\"https:\/\/now-news.de\/de\/#website\",\"url\":\"https:\/\/now-news.de\/de\/\",\"name\":\"just-now.NEWS Deutschland\",\"description\":\"Das Portal f\u00fcr unzensierte Nachrichten aus der Welt\",\"publisher\":{\"@id\":\"https:\/\/now-news.de\/de\/#organization\"},\"potentialAction\":[{\"@type\":\"SearchAction\",\"target\":{\"@type\":\"EntryPoint\",\"urlTemplate\":\"https:\/\/now-news.de\/de\/?s={search_term_string}\"},\"query-input\":\"required name=search_term_string\"}],\"inLanguage\":\"de\"},{\"@type\":\"Organization\",\"@id\":\"https:\/\/now-news.de\/de\/#organization\",\"name\":\"Just Now News\",\"url\":\"https:\/\/now-news.de\/de\/\",\"logo\":{\"@type\":\"ImageObject\",\"inLanguage\":\"de\",\"@id\":\"https:\/\/now-news.de\/de\/#\/schema\/logo\/image\/\",\"url\":\"http:\/\/just-now.news\/de\/wp-content\/uploads\/sites\/3\/2022\/04\/logo500x500.jpg\",\"contentUrl\":\"http:\/\/just-now.news\/de\/wp-content\/uploads\/sites\/3\/2022\/04\/logo500x500.jpg\",\"width\":500,\"height\":500,\"caption\":\"Just Now News\"},\"image\":{\"@id\":\"https:\/\/now-news.de\/de\/#\/schema\/logo\/image\/\"},\"sameAs\":[\"https:\/\/www.facebook.com\/wirmachenauf\",\"https:\/\/x.com\/WirMachenAuf_de\"]},{\"@type\":\"Person\",\"@id\":\"https:\/\/now-news.de\/de\/#\/schema\/person\/fb534a4e865501d8b3285208df34a9b5\",\"name\":\"rtnews\",\"image\":{\"@type\":\"ImageObject\",\"inLanguage\":\"de\",\"@id\":\"https:\/\/now-news.de\/de\/#\/schema\/person\/image\/\",\"url\":\"https:\/\/secure.gravatar.com\/avatar\/82aafea7d8127119dd649515f56e2117?s=96&d=mm&r=g\",\"contentUrl\":\"https:\/\/secure.gravatar.com\/avatar\/82aafea7d8127119dd649515f56e2117?s=96&d=mm&r=g\",\"caption\":\"rtnews\"},\"url\":\"https:\/\/now-news.de\/de\/author\/rnews\/\"}]}<\/script>\n<!-- \/ Yoast SEO Premium plugin. -->","yoast_head_json":{"title":"Kreml-Sprecher Peskow: Moskau plant keine Mobilisierung der milit\u00e4rischen Reserven - just-now.NEWS Deutschland","robots":{"index":"index","follow":"follow","max-snippet":"max-snippet:-1","max-image-preview":"max-image-preview:large","max-video-preview":"max-video-preview:-1"},"canonical":"https:\/\/now-news.de\/de\/deutschland\/kreml-sprecher-peskow-moskau-plant-keine-mobilisierung-der-militaerischen-reserven\/","og_locale":"de_DE","og_type":"article","og_title":"Kreml-Sprecher Peskow: Moskau plant keine Mobilisierung der milit\u00e4rischen Reserven","og_description":"Westliche Milit\u00e4rexperten erwarten seit Monaten eine Mobilisierung der milit\u00e4rischen Reserven in Russland, nachdem ihre Prognosen eines raschen Zusammenbruchs der Ukraine nicht eingetreten sind. Laut dem Kreml-Sprecher sei der Einsatz von Reservisten in der Ukraine derzeit jedoch nicht geplant. Die russische Regierung diskutiere derzeit nicht \u00fcber eine Mobilisierung der Reserve, sagte Kreml-Sprecher Dmitri Peskow am Dienstag [&hellip;]","og_url":"https:\/\/now-news.de\/de\/deutschland\/kreml-sprecher-peskow-moskau-plant-keine-mobilisierung-der-militaerischen-reserven\/","og_site_name":"just-now.NEWS Deutschland","article_publisher":"https:\/\/www.facebook.com\/wirmachenauf","article_published_time":"2022-09-14T08:26:10+00:00","og_image":[{"width":460,"height":259,"url":"https:\/\/now-news.de\/de\/wp-content\/uploads\/sites\/3\/2022\/09\/Kreml-Sprecher-Peskow-Moskau-plant-keine-Mobilisierung-der-militaerischen-Reserven.jpg","type":"image\/jpeg"}],"author":"rtnews","twitter_card":"summary_large_image","twitter_creator":"@WirMachenAuf_de","twitter_site":"@WirMachenAuf_de","twitter_misc":{"Verfasst von":"rtnews","Gesch\u00e4tzte Lesezeit":"2\u00a0Minuten"},"schema":{"@context":"https:\/\/schema.org","@graph":[{"@type":"Article","@id":"https:\/\/now-news.de\/de\/deutschland\/kreml-sprecher-peskow-moskau-plant-keine-mobilisierung-der-militaerischen-reserven\/#article","isPartOf":{"@id":"https:\/\/now-news.de\/de\/deutschland\/kreml-sprecher-peskow-moskau-plant-keine-mobilisierung-der-militaerischen-reserven\/"},"author":{"name":"rtnews","@id":"https:\/\/now-news.de\/de\/#\/schema\/person\/fb534a4e865501d8b3285208df34a9b5"},"headline":"Kreml-Sprecher Peskow: Moskau plant keine Mobilisierung der milit\u00e4rischen Reserven","datePublished":"2022-09-14T08:26:10+00:00","dateModified":"2022-09-14T08:26:10+00:00","mainEntityOfPage":{"@id":"https:\/\/now-news.de\/de\/deutschland\/kreml-sprecher-peskow-moskau-plant-keine-mobilisierung-der-militaerischen-reserven\/"},"wordCount":459,"commentCount":0,"publisher":{"@id":"https:\/\/now-news.de\/de\/#organization"},"image":{"@id":"https:\/\/now-news.de\/de\/deutschland\/kreml-sprecher-peskow-moskau-plant-keine-mobilisierung-der-militaerischen-reserven\/#primaryimage"},"thumbnailUrl":"https:\/\/now-news.de\/de\/wp-content\/uploads\/sites\/3\/2022\/09\/Kreml-Sprecher-Peskow-Moskau-plant-keine-Mobilisierung-der-militaerischen-Reserven.jpg","keywords":["der","keine","KremlSprecher","milit\u00e4rischen","Mobilisierung","Moskau","Peskow","plant","Reserven"],"articleSection":["Deutschland","Russland"],"inLanguage":"de","potentialAction":[{"@type":"CommentAction","name":"Comment","target":["https:\/\/now-news.de\/de\/deutschland\/kreml-sprecher-peskow-moskau-plant-keine-mobilisierung-der-militaerischen-reserven\/#respond"]}]},{"@type":"WebPage","@id":"https:\/\/now-news.de\/de\/deutschland\/kreml-sprecher-peskow-moskau-plant-keine-mobilisierung-der-militaerischen-reserven\/","url":"https:\/\/now-news.de\/de\/deutschland\/kreml-sprecher-peskow-moskau-plant-keine-mobilisierung-der-militaerischen-reserven\/","name":"Kreml-Sprecher Peskow: Moskau plant keine Mobilisierung der milit\u00e4rischen Reserven - just-now.NEWS Deutschland","isPartOf":{"@id":"https:\/\/now-news.de\/de\/#website"},"primaryImageOfPage":{"@id":"https:\/\/now-news.de\/de\/deutschland\/kreml-sprecher-peskow-moskau-plant-keine-mobilisierung-der-militaerischen-reserven\/#primaryimage"},"image":{"@id":"https:\/\/now-news.de\/de\/deutschland\/kreml-sprecher-peskow-moskau-plant-keine-mobilisierung-der-militaerischen-reserven\/#primaryimage"},"thumbnailUrl":"https:\/\/now-news.de\/de\/wp-content\/uploads\/sites\/3\/2022\/09\/Kreml-Sprecher-Peskow-Moskau-plant-keine-Mobilisierung-der-militaerischen-Reserven.jpg","datePublished":"2022-09-14T08:26:10+00:00","dateModified":"2022-09-14T08:26:10+00:00","breadcrumb":{"@id":"https:\/\/now-news.de\/de\/deutschland\/kreml-sprecher-peskow-moskau-plant-keine-mobilisierung-der-militaerischen-reserven\/#breadcrumb"},"inLanguage":"de","potentialAction":[{"@type":"ReadAction","target":["https:\/\/now-news.de\/de\/deutschland\/kreml-sprecher-peskow-moskau-plant-keine-mobilisierung-der-militaerischen-reserven\/"]}]},{"@type":"ImageObject","inLanguage":"de","@id":"https:\/\/now-news.de\/de\/deutschland\/kreml-sprecher-peskow-moskau-plant-keine-mobilisierung-der-militaerischen-reserven\/#primaryimage","url":"https:\/\/now-news.de\/de\/wp-content\/uploads\/sites\/3\/2022\/09\/Kreml-Sprecher-Peskow-Moskau-plant-keine-Mobilisierung-der-militaerischen-Reserven.jpg","contentUrl":"https:\/\/now-news.de\/de\/wp-content\/uploads\/sites\/3\/2022\/09\/Kreml-Sprecher-Peskow-Moskau-plant-keine-Mobilisierung-der-militaerischen-Reserven.jpg","width":460,"height":259,"caption":"Kreml-Sprecher Peskow: Moskau plant keine Mobilisierung der milit\u00e4rischen Reserven"},{"@type":"BreadcrumbList","@id":"https:\/\/now-news.de\/de\/deutschland\/kreml-sprecher-peskow-moskau-plant-keine-mobilisierung-der-militaerischen-reserven\/#breadcrumb","itemListElement":[{"@type":"ListItem","position":1,"name":"Home","item":"https:\/\/now-news.de\/de\/"},{"@type":"ListItem","position":2,"name":"Kreml-Sprecher Peskow: Moskau plant keine Mobilisierung der milit\u00e4rischen Reserven"}]},{"@type":"WebSite","@id":"https:\/\/now-news.de\/de\/#website","url":"https:\/\/now-news.de\/de\/","name":"just-now.NEWS Deutschland","description":"Das Portal f\u00fcr unzensierte Nachrichten aus der Welt","publisher":{"@id":"https:\/\/now-news.de\/de\/#organization"},"potentialAction":[{"@type":"SearchAction","target":{"@type":"EntryPoint","urlTemplate":"https:\/\/now-news.de\/de\/?s={search_term_string}"},"query-input":"required name=search_term_string"}],"inLanguage":"de"},{"@type":"Organization","@id":"https:\/\/now-news.de\/de\/#organization","name":"Just Now News","url":"https:\/\/now-news.de\/de\/","logo":{"@type":"ImageObject","inLanguage":"de","@id":"https:\/\/now-news.de\/de\/#\/schema\/logo\/image\/","url":"http:\/\/just-now.news\/de\/wp-content\/uploads\/sites\/3\/2022\/04\/logo500x500.jpg","contentUrl":"http:\/\/just-now.news\/de\/wp-content\/uploads\/sites\/3\/2022\/04\/logo500x500.jpg","width":500,"height":500,"caption":"Just Now News"},"image":{"@id":"https:\/\/now-news.de\/de\/#\/schema\/logo\/image\/"},"sameAs":["https:\/\/www.facebook.com\/wirmachenauf","https:\/\/x.com\/WirMachenAuf_de"]},{"@type":"Person","@id":"https:\/\/now-news.de\/de\/#\/schema\/person\/fb534a4e865501d8b3285208df34a9b5","name":"rtnews","image":{"@type":"ImageObject","inLanguage":"de","@id":"https:\/\/now-news.de\/de\/#\/schema\/person\/image\/","url":"https:\/\/secure.gravatar.com\/avatar\/82aafea7d8127119dd649515f56e2117?s=96&d=mm&r=g","contentUrl":"https:\/\/secure.gravatar.com\/avatar\/82aafea7d8127119dd649515f56e2117?s=96&d=mm&r=g","caption":"rtnews"},"url":"https:\/\/now-news.de\/de\/author\/rnews\/"}]}},"_links":{"self":[{"href":"https:\/\/now-news.de\/de\/wp-json\/wp\/v2\/posts\/19020"}],"collection":[{"href":"https:\/\/now-news.de\/de\/wp-json\/wp\/v2\/posts"}],"about":[{"href":"https:\/\/now-news.de\/de\/wp-json\/wp\/v2\/types\/post"}],"author":[{"embeddable":true,"href":"https:\/\/now-news.de\/de\/wp-json\/wp\/v2\/users\/3"}],"replies":[{"embeddable":true,"href":"https:\/\/now-news.de\/de\/wp-json\/wp\/v2\/comments?post=19020"}],"version-history":[{"count":0,"href":"https:\/\/now-news.de\/de\/wp-json\/wp\/v2\/posts\/19020\/revisions"}],"wp:featuredmedia":[{"embeddable":true,"href":"https:\/\/now-news.de\/de\/wp-json\/wp\/v2\/media\/19021"}],"wp:attachment":[{"href":"https:\/\/now-news.de\/de\/wp-json\/wp\/v2\/media?parent=19020"}],"wp:term":[{"taxonomy":"category","embeddable":true,"href":"https:\/\/now-news.de\/de\/wp-json\/wp\/v2\/categories?post=19020"},{"taxonomy":"post_tag","embeddable":true,"href":"https:\/\/now-news.de\/de\/wp-json\/wp\/v2\/tags?post=19020"}],"curies":[{"name":"wp","href":"https:\/\/api.w.org\/{rel}","templated":true}]}}