{"id":19014,"date":"2022-09-14T06:15:12","date_gmt":"2022-09-14T04:15:12","guid":{"rendered":"http:\/\/just-now.news\/de\/deutschland\/berliner-feuerwehrmann-zu-seiner-corona-kritik-mut-geben-dass-wir-uns-auch-wehren-koennen\/"},"modified":"2022-09-14T06:15:12","modified_gmt":"2022-09-14T04:15:12","slug":"berliner-feuerwehrmann-zu-seiner-corona-kritik-mut-geben-dass-wir-uns-auch-wehren-koennen","status":"publish","type":"post","link":"https:\/\/now-news.de\/de\/deutschland\/berliner-feuerwehrmann-zu-seiner-corona-kritik-mut-geben-dass-wir-uns-auch-wehren-koennen\/","title":{"rendered":"Berliner Feuerwehrmann zu seiner Corona-Kritik:  &quot;Mut geben, dass wir uns auch wehren k\u00f6nnen&quot;"},"content":{"rendered":"<p><img decoding=\"async\" src=\"http:\/\/just-now.news\/de\/wp-content\/uploads\/sites\/3\/2022\/09\/6320ddf1b480cc70441595d8.JPG\" \/><\/p>\n<p>Im August wurde im Internet ein Video <a rel=\"nofollow noopener\" target=\"_blank\" href=\"https:\/\/vimeo.com\/743557438\">verbreitet<\/a>, das in den R\u00e4umen der Berliner Feuerwehr gedreht worden sein soll. In dem Film \u00e4u\u00dferten zwei anonymisierte M\u00e4nner\u00a0\u2013 laut eigenen Angaben Mitarbeiter der Berliner Feuerwehr\u00a0\u2013 Kritik an den Coronama\u00dfnahmen und an den Nebenwirkungen der Coronaimpfungen. Mittlerweile wurde das Video wegen angeblichen Versto\u00dfes gegen Nutzerbedingungen auf der Videoplattform<em> YouTube<\/em> gel\u00f6scht. Bei <em>Vimeo<\/em> kann man den Film mit dem Titel &#8220;Warum schweigt die Feuerwehr?&#8221; aber noch ansehen.<\/p>\n<p>Der <em>Berliner Zeitung<\/em>\u00a0ist\u00a0es nun gelungen, einen der Feuerwehrm\u00e4nner ausfindig zu machen. Der Mann habe nach Angaben des Blattes einem Interview zugestimmt, das am Dienstag <a rel=\"nofollow noopener\" target=\"_blank\" href=\"https:\/\/www.berliner-zeitung.de\/news\/impfkritisches-video-berliner-feuerwehrmann-im-exklusiv-interview--li.266393\">ver\u00f6ffentlicht<\/a> wurde. In dem Beitrag berichtete die Zeitung zun\u00e4chst \u00fcber die Reaktionen der Berliner Feuerwehr auf das mutma\u00dfliche Feuerwehr-Video.<\/p>\n<p>Die Feuerwehr Berlin habe mitgeteilt, in dem Video w\u00fcrden &#8220;nicht akzeptable Aussagen zur Corona-Pandemie und teilweise auch politische Botschaften get\u00e4tigt&#8221;, und sie habe sich &#8220;ausdr\u00fccklich von allen Inhalten des Videos und den darin get\u00e4tigten \u00c4u\u00dferungen und Darstellungen&#8221; distanziert, so die <em>Berliner Zeitung.<\/em>\u00a0Ein Sprecher der Feuerwehr habe au\u00dferdem angek\u00fcndigt, dass jetzt in Kooperation mit Polizei und Staatsanwaltschaft gepr\u00fcft w\u00fcrde, welche juristischen Schritte m\u00f6glich seien.<\/p>\n<p>Vor dem Interview mit Florian F.\u00a0l\u00e4sst sich\u00a0der Journalist der <em>Berliner Zeitung<\/em>\u00a0nach eigenen Angaben den Dienstausweis des Feuerwehrmanns zeigen. Die ersten beiden Fragen des\u00a0Interviewers lauten:<\/p>\n<blockquote>\n<p><em>&#8220;Herr F., sind Sie ein Corona-Leugner?&#8221;<\/em><\/p>\n<\/blockquote>\n<p>Und:<\/p>\n<blockquote>\n<p><em>&#8220;Sind Sie rechts?&#8221;<\/em><\/p>\n<\/blockquote>\n<p>Der Journalist erkundigt sich, wie Florian F. mit den Vorw\u00fcrfen umgehe, die \u00fcber ihn kursieren. Ein Coronaleugner sei er schon deswegen nicht, weil er den Glauben an das Virus und sein Krankheitspotenzial nicht ablehne, erkl\u00e4rte der Interviewpartner daraufhin. Seiner Meinung nach w\u00fcrden unbequeme B\u00fcrger heutzutage gerne in die rechte Ecke gestellt. Dementsprechend gab er seine Reaktion auf den Vorwurf, ein Rechter zu sein, mit dem Spruch wieder: &#8220;Wird der B\u00fcrger unbequem, dann ist er sofort rechtsextrem.&#8221;<\/p>\n<p data-t-name=\"Paragraph\">Bei Diskussionen \u00fcber die Sicherheit der Impfung w\u00fcrde ihm angesichts seiner Zweifel an der Sicherheit h\u00e4ufig Spinnerei vorgeworfen.<\/p>\n<blockquote>\n<p data-t-name=\"Paragraph\"><em>&#8220;Dabei k\u00f6nne bei einer Impfung, die es erst seit 2 Jahren g\u00e4be, keiner sagen, ob sie sicher sei oder auch nicht. Das w\u00fcrde\u00a0 sich erst nach zehnj\u00e4hrigen Langzeitstudien erweisen&#8221;, so der Feuerwehrmann.<\/em><\/p>\n<\/blockquote>\n<p data-t-name=\"Paragraph\">Bei der Feuerwehr g\u00e4be es viele ungeimpfte Kollegen, die Angst davor h\u00e4tten, dies zuzugeben. Junge Kollegen w\u00fcrden teilweise aus Angst vor arbeitsrechtlichen Konsequenzen in die Impfung einwilligen.<\/p>\n<p>Wie er denn mit der Kritik der Empathielosigkeit angesichts der vielen Coronatoten umgehe, wollte die <em>Berliner Zeitung<\/em>\u00a0anschlie\u00dfend wissen. Florian F. antwortete, Feuerwehrleute w\u00fcrden jeden Tag soviel Leid erleben, so viele Menschen auffangen. Diese Arbeit erfordere tagt\u00e4gliche Empathie:<\/p>\n<blockquote>\n<p><em>&#8220;Ich bin sicher nicht Feuerwehrmann geworden, weil die Bezahlung so toll und die Dienstzeiten so entspannt sind. Ich bin zur Feuerwehr gegangen, um Menschen zu retten. Ich w\u00fcrde gerne wissen, wo und wie diese Kritiker Menschen helfen.&#8221;<\/em><\/p>\n<\/blockquote>\n<p>Die Zeitung\u00a0konfrontierte\u00a0den Mitarbeiter der Feuerwehr auch mit der <a rel=\"nofollow noopener\" target=\"_blank\" href=\"https:\/\/test.rtde.tech\/meinung\/147479-abgehoben-und-arrogant-grunenpolitiker-dahmen\/\">Bewertung<\/a> des Gr\u00fcnen Politikers Janosch Dahmen, der nach dem Erscheinen des Videos die Qualifizierung der Protagonisten f\u00fcr das Gesundheitswesen in Zweifel stellte. An dieser Stelle machte der Feuerwehrmann den Gr\u00fcnen Politiker genauso wie die Medien f\u00fcr die Spaltung der Gesellschaft verantwortlich. Diese Spalter h\u00e4tten daf\u00fcr gesorgt, dass man mittlerweile mit einer anderen Meinung unter anderem als Idiot, Reichsb\u00fcrger und Nazi oder eben als empathielos angesehen w\u00fcrde:<\/p>\n<blockquote>\n<p><em>&#8220;Die Medien f\u00fchren einen Feldzug gegen ungeimpfte Menschen und gegen Leute, die die Corona-Ma\u00dfnahmen kritisch sehen&#8221;, so der Mann aus dem Video.<\/em><\/p>\n<\/blockquote>\n<p>Neben der unausgewogenen Berichterstattung bem\u00e4ngelte Florian F. gegen\u00fcber der <em>Berliner Zeitung<\/em>\u00a0auch die fehlende Wissenschaftlichkeit, vor allem beim Umgang mit Zahlen und Fakten:<\/p>\n<blockquote>\n<p><em> &#8220;Wir m\u00fcssen es verstehen und akzeptieren, damit zu leben. Nicht das Virus l\u00e4hmt uns, sondern die Angst davor.&#8221;<\/em><\/p>\n<\/blockquote>\n<p>Hinsichtlich der Impfungen bef\u00fcrchte er, dass das dicke Ende noch kommen k\u00f6nnte:<\/p>\n<blockquote>\n<p data-t-name=\"Paragraph\"><em>&#8220;Wenn da auch nur ein Bruchteil (der Mitarbeiter im Gesundheitswesen) davon Nebenwirkungen hat, die so eine Auswirkung haben, dass die betroffenen Feuerwehrm\u00e4nner, Pfleger und andere im Gesundheitswesen ihren Job nicht mehr machen k\u00f6nnen, dann stehen wir hier vor einem Riesenproblem.&#8221;<\/em><\/p>\n<\/blockquote>\n<p>Florian F. teilte dem Journalisten schlie\u00dflich auch seine\u00a0Motivation f\u00fcr die Ver\u00f6ffentlichung des Video-Statements mit:<\/p>\n<blockquote>\n<p><em>&#8220;Mit meinen Aussagen in dem Video habe ich versucht, den Leuten den Mut und eine Stimme zu geben, dass wir uns auch wehren k\u00f6nnen, dass wir nicht alles hinnehmen m\u00fcssen, was man uns vorgibt.&#8221;<\/em><\/p>\n<\/blockquote>\n<p><strong>Mehr zum Thema<\/strong> &#8211; <a rel=\"nofollow noopener\" target=\"_blank\" href=\"https:\/\/test.rtde.tech\/inland\/147458-berliner-feuerwehrmanner-berichten-anonym-von\/\">&#8220;Da stimmt was nicht&#8221; \u2013 Berliner Feuerwehrleute berichten von Impfdruck und Klima der Angst <\/a><\/p>\n<\/p>\n<p><br \/>\n<br \/><a href=\"https:\/\/de.rt.com\/inland\/148806-feuerwehrmann-zu-seiner-coronakritik-menschen\/\">Source link <\/a><\/p>\n","protected":false},"excerpt":{"rendered":"<p>Im August wurde im Internet ein Video verbreitet, das in den R\u00e4umen der Berliner Feuerwehr gedreht worden sein soll. In dem Film \u00e4u\u00dferten zwei anonymisierte M\u00e4nner\u00a0\u2013 laut eigenen Angaben Mitarbeiter der Berliner Feuerwehr\u00a0\u2013 Kritik an den Coronama\u00dfnahmen und an den Nebenwirkungen der Coronaimpfungen. Mittlerweile wurde das Video wegen angeblichen Versto\u00dfes gegen Nutzerbedingungen auf der Videoplattform [&hellip;]<\/p>\n","protected":false},"author":3,"featured_media":19015,"comment_status":"open","ping_status":"open","sticky":false,"template":"","format":"standard","meta":{"wp_automatic_camp":["217"],"c0e28f0d349d6cd30c987f091f7bb33b":["Berliner Feuerwehrmann zu seiner Corona-Kritik:  &quot;Mut geben, dass wir uns auch wehren k\u00f6nnen&quot;"],"original_link":["https:\/\/de.rt.com\/inland\/148806-feuerwehrmann-zu-seiner-coronakritik-menschen\/"],"_thumbnail_id":["19015"],"_wptg_p2tg_sent2tg":["2022-09-14 08:54:01"],"jnews_social_counter_last_update":["1777300885"]},"categories":[19,23],"tags":[1475,9101,32778,42,32777,789,10681,32779,1607,311,23146,1801],"yoast_head":"<!-- This site is optimized with the Yoast SEO Premium plugin v22.7 (Yoast SEO v22.7) - https:\/\/yoast.com\/wordpress\/plugins\/seo\/ -->\n<title>Berliner Feuerwehrmann zu seiner Corona-Kritik: &quot;Mut geben, dass wir uns auch wehren k\u00f6nnen&quot; - just-now.NEWS Deutschland<\/title>\n<meta name=\"robots\" content=\"index, follow, max-snippet:-1, max-image-preview:large, max-video-preview:-1\" \/>\n<link rel=\"canonical\" href=\"https:\/\/now-news.de\/de\/deutschland\/berliner-feuerwehrmann-zu-seiner-corona-kritik-mut-geben-dass-wir-uns-auch-wehren-koennen\/\" \/>\n<meta property=\"og:locale\" content=\"de_DE\" \/>\n<meta property=\"og:type\" content=\"article\" \/>\n<meta property=\"og:title\" content=\"Berliner Feuerwehrmann zu seiner Corona-Kritik: &quot;Mut geben, dass wir uns auch wehren k\u00f6nnen&quot;\" \/>\n<meta property=\"og:description\" content=\"Im August wurde im Internet ein Video verbreitet, das in den R\u00e4umen der Berliner Feuerwehr gedreht worden sein soll. In dem Film \u00e4u\u00dferten zwei anonymisierte M\u00e4nner\u00a0\u2013 laut eigenen Angaben Mitarbeiter der Berliner Feuerwehr\u00a0\u2013 Kritik an den Coronama\u00dfnahmen und an den Nebenwirkungen der Coronaimpfungen. Mittlerweile wurde das Video wegen angeblichen Versto\u00dfes gegen Nutzerbedingungen auf der Videoplattform [&hellip;]\" \/>\n<meta property=\"og:url\" content=\"https:\/\/now-news.de\/de\/deutschland\/berliner-feuerwehrmann-zu-seiner-corona-kritik-mut-geben-dass-wir-uns-auch-wehren-koennen\/\" \/>\n<meta property=\"og:site_name\" content=\"just-now.NEWS Deutschland\" \/>\n<meta property=\"article:publisher\" content=\"https:\/\/www.facebook.com\/wirmachenauf\" \/>\n<meta property=\"article:published_time\" content=\"2022-09-14T04:15:12+00:00\" \/>\n<meta property=\"og:image\" content=\"https:\/\/now-news.de\/de\/wp-content\/uploads\/sites\/3\/2022\/09\/Berliner-Feuerwehrmann-zu-seiner-Corona-Kritik-quotMut-geben-dass-wir-uns.JPG\" \/>\n\t<meta property=\"og:image:width\" content=\"460\" \/>\n\t<meta property=\"og:image:height\" content=\"259\" \/>\n\t<meta property=\"og:image:type\" content=\"image\/jpeg\" \/>\n<meta name=\"author\" content=\"rtnews\" \/>\n<meta name=\"twitter:card\" content=\"summary_large_image\" \/>\n<meta name=\"twitter:creator\" content=\"@WirMachenAuf_de\" \/>\n<meta name=\"twitter:site\" content=\"@WirMachenAuf_de\" \/>\n<meta name=\"twitter:label1\" content=\"Verfasst von\" \/>\n\t<meta name=\"twitter:data1\" content=\"rtnews\" \/>\n\t<meta name=\"twitter:label2\" content=\"Gesch\u00e4tzte Lesezeit\" \/>\n\t<meta name=\"twitter:data2\" content=\"4\u00a0Minuten\" \/>\n<script type=\"application\/ld+json\" class=\"yoast-schema-graph\">{\"@context\":\"https:\/\/schema.org\",\"@graph\":[{\"@type\":\"Article\",\"@id\":\"https:\/\/now-news.de\/de\/deutschland\/berliner-feuerwehrmann-zu-seiner-corona-kritik-mut-geben-dass-wir-uns-auch-wehren-koennen\/#article\",\"isPartOf\":{\"@id\":\"https:\/\/now-news.de\/de\/deutschland\/berliner-feuerwehrmann-zu-seiner-corona-kritik-mut-geben-dass-wir-uns-auch-wehren-koennen\/\"},\"author\":{\"name\":\"rtnews\",\"@id\":\"https:\/\/now-news.de\/de\/#\/schema\/person\/fb534a4e865501d8b3285208df34a9b5\"},\"headline\":\"Berliner Feuerwehrmann zu seiner Corona-Kritik: &quot;Mut geben, dass wir uns auch wehren k\u00f6nnen&quot;\",\"datePublished\":\"2022-09-14T04:15:12+00:00\",\"dateModified\":\"2022-09-14T04:15:12+00:00\",\"mainEntityOfPage\":{\"@id\":\"https:\/\/now-news.de\/de\/deutschland\/berliner-feuerwehrmann-zu-seiner-corona-kritik-mut-geben-dass-wir-uns-auch-wehren-koennen\/\"},\"wordCount\":785,\"commentCount\":0,\"publisher\":{\"@id\":\"https:\/\/now-news.de\/de\/#organization\"},\"image\":{\"@id\":\"https:\/\/now-news.de\/de\/deutschland\/berliner-feuerwehrmann-zu-seiner-corona-kritik-mut-geben-dass-wir-uns-auch-wehren-koennen\/#primaryimage\"},\"thumbnailUrl\":\"https:\/\/now-news.de\/de\/wp-content\/uploads\/sites\/3\/2022\/09\/Berliner-Feuerwehrmann-zu-seiner-Corona-Kritik-quotMut-geben-dass-wir-uns.JPG\",\"keywords\":[\"auch\",\"Berliner\",\"CoronaKritik\",\"dass\",\"Feuerwehrmann\",\"geben\",\"k\u00f6nnenquot\",\"quotMut\",\"seiner\",\"uns\",\"wehren\",\"Wir\"],\"articleSection\":[\"Deutschland\",\"Russland\"],\"inLanguage\":\"de\",\"potentialAction\":[{\"@type\":\"CommentAction\",\"name\":\"Comment\",\"target\":[\"https:\/\/now-news.de\/de\/deutschland\/berliner-feuerwehrmann-zu-seiner-corona-kritik-mut-geben-dass-wir-uns-auch-wehren-koennen\/#respond\"]}]},{\"@type\":\"WebPage\",\"@id\":\"https:\/\/now-news.de\/de\/deutschland\/berliner-feuerwehrmann-zu-seiner-corona-kritik-mut-geben-dass-wir-uns-auch-wehren-koennen\/\",\"url\":\"https:\/\/now-news.de\/de\/deutschland\/berliner-feuerwehrmann-zu-seiner-corona-kritik-mut-geben-dass-wir-uns-auch-wehren-koennen\/\",\"name\":\"Berliner Feuerwehrmann zu seiner Corona-Kritik: &quot;Mut geben, dass wir uns auch wehren k\u00f6nnen&quot; - just-now.NEWS Deutschland\",\"isPartOf\":{\"@id\":\"https:\/\/now-news.de\/de\/#website\"},\"primaryImageOfPage\":{\"@id\":\"https:\/\/now-news.de\/de\/deutschland\/berliner-feuerwehrmann-zu-seiner-corona-kritik-mut-geben-dass-wir-uns-auch-wehren-koennen\/#primaryimage\"},\"image\":{\"@id\":\"https:\/\/now-news.de\/de\/deutschland\/berliner-feuerwehrmann-zu-seiner-corona-kritik-mut-geben-dass-wir-uns-auch-wehren-koennen\/#primaryimage\"},\"thumbnailUrl\":\"https:\/\/now-news.de\/de\/wp-content\/uploads\/sites\/3\/2022\/09\/Berliner-Feuerwehrmann-zu-seiner-Corona-Kritik-quotMut-geben-dass-wir-uns.JPG\",\"datePublished\":\"2022-09-14T04:15:12+00:00\",\"dateModified\":\"2022-09-14T04:15:12+00:00\",\"breadcrumb\":{\"@id\":\"https:\/\/now-news.de\/de\/deutschland\/berliner-feuerwehrmann-zu-seiner-corona-kritik-mut-geben-dass-wir-uns-auch-wehren-koennen\/#breadcrumb\"},\"inLanguage\":\"de\",\"potentialAction\":[{\"@type\":\"ReadAction\",\"target\":[\"https:\/\/now-news.de\/de\/deutschland\/berliner-feuerwehrmann-zu-seiner-corona-kritik-mut-geben-dass-wir-uns-auch-wehren-koennen\/\"]}]},{\"@type\":\"ImageObject\",\"inLanguage\":\"de\",\"@id\":\"https:\/\/now-news.de\/de\/deutschland\/berliner-feuerwehrmann-zu-seiner-corona-kritik-mut-geben-dass-wir-uns-auch-wehren-koennen\/#primaryimage\",\"url\":\"https:\/\/now-news.de\/de\/wp-content\/uploads\/sites\/3\/2022\/09\/Berliner-Feuerwehrmann-zu-seiner-Corona-Kritik-quotMut-geben-dass-wir-uns.JPG\",\"contentUrl\":\"https:\/\/now-news.de\/de\/wp-content\/uploads\/sites\/3\/2022\/09\/Berliner-Feuerwehrmann-zu-seiner-Corona-Kritik-quotMut-geben-dass-wir-uns.JPG\",\"width\":460,\"height\":259,\"caption\":\"Berliner Feuerwehrmann zu seiner Corona-Kritik: &quot;Mut geben, dass wir uns auch wehren k\u00f6nnen&quot;\"},{\"@type\":\"BreadcrumbList\",\"@id\":\"https:\/\/now-news.de\/de\/deutschland\/berliner-feuerwehrmann-zu-seiner-corona-kritik-mut-geben-dass-wir-uns-auch-wehren-koennen\/#breadcrumb\",\"itemListElement\":[{\"@type\":\"ListItem\",\"position\":1,\"name\":\"Home\",\"item\":\"https:\/\/now-news.de\/de\/\"},{\"@type\":\"ListItem\",\"position\":2,\"name\":\"Berliner Feuerwehrmann zu seiner Corona-Kritik: &quot;Mut geben, dass wir uns auch wehren k\u00f6nnen&quot;\"}]},{\"@type\":\"WebSite\",\"@id\":\"https:\/\/now-news.de\/de\/#website\",\"url\":\"https:\/\/now-news.de\/de\/\",\"name\":\"just-now.NEWS Deutschland\",\"description\":\"Das Portal f\u00fcr unzensierte Nachrichten aus der Welt\",\"publisher\":{\"@id\":\"https:\/\/now-news.de\/de\/#organization\"},\"potentialAction\":[{\"@type\":\"SearchAction\",\"target\":{\"@type\":\"EntryPoint\",\"urlTemplate\":\"https:\/\/now-news.de\/de\/?s={search_term_string}\"},\"query-input\":\"required name=search_term_string\"}],\"inLanguage\":\"de\"},{\"@type\":\"Organization\",\"@id\":\"https:\/\/now-news.de\/de\/#organization\",\"name\":\"Just Now News\",\"url\":\"https:\/\/now-news.de\/de\/\",\"logo\":{\"@type\":\"ImageObject\",\"inLanguage\":\"de\",\"@id\":\"https:\/\/now-news.de\/de\/#\/schema\/logo\/image\/\",\"url\":\"http:\/\/just-now.news\/de\/wp-content\/uploads\/sites\/3\/2022\/04\/logo500x500.jpg\",\"contentUrl\":\"http:\/\/just-now.news\/de\/wp-content\/uploads\/sites\/3\/2022\/04\/logo500x500.jpg\",\"width\":500,\"height\":500,\"caption\":\"Just Now News\"},\"image\":{\"@id\":\"https:\/\/now-news.de\/de\/#\/schema\/logo\/image\/\"},\"sameAs\":[\"https:\/\/www.facebook.com\/wirmachenauf\",\"https:\/\/x.com\/WirMachenAuf_de\"]},{\"@type\":\"Person\",\"@id\":\"https:\/\/now-news.de\/de\/#\/schema\/person\/fb534a4e865501d8b3285208df34a9b5\",\"name\":\"rtnews\",\"image\":{\"@type\":\"ImageObject\",\"inLanguage\":\"de\",\"@id\":\"https:\/\/now-news.de\/de\/#\/schema\/person\/image\/\",\"url\":\"https:\/\/secure.gravatar.com\/avatar\/82aafea7d8127119dd649515f56e2117?s=96&d=mm&r=g\",\"contentUrl\":\"https:\/\/secure.gravatar.com\/avatar\/82aafea7d8127119dd649515f56e2117?s=96&d=mm&r=g\",\"caption\":\"rtnews\"},\"url\":\"https:\/\/now-news.de\/de\/author\/rnews\/\"}]}<\/script>\n<!-- \/ Yoast SEO Premium plugin. -->","yoast_head_json":{"title":"Berliner Feuerwehrmann zu seiner Corona-Kritik: &quot;Mut geben, dass wir uns auch wehren k\u00f6nnen&quot; - just-now.NEWS Deutschland","robots":{"index":"index","follow":"follow","max-snippet":"max-snippet:-1","max-image-preview":"max-image-preview:large","max-video-preview":"max-video-preview:-1"},"canonical":"https:\/\/now-news.de\/de\/deutschland\/berliner-feuerwehrmann-zu-seiner-corona-kritik-mut-geben-dass-wir-uns-auch-wehren-koennen\/","og_locale":"de_DE","og_type":"article","og_title":"Berliner Feuerwehrmann zu seiner Corona-Kritik: &quot;Mut geben, dass wir uns auch wehren k\u00f6nnen&quot;","og_description":"Im August wurde im Internet ein Video verbreitet, das in den R\u00e4umen der Berliner Feuerwehr gedreht worden sein soll. In dem Film \u00e4u\u00dferten zwei anonymisierte M\u00e4nner\u00a0\u2013 laut eigenen Angaben Mitarbeiter der Berliner Feuerwehr\u00a0\u2013 Kritik an den Coronama\u00dfnahmen und an den Nebenwirkungen der Coronaimpfungen. Mittlerweile wurde das Video wegen angeblichen Versto\u00dfes gegen Nutzerbedingungen auf der Videoplattform [&hellip;]","og_url":"https:\/\/now-news.de\/de\/deutschland\/berliner-feuerwehrmann-zu-seiner-corona-kritik-mut-geben-dass-wir-uns-auch-wehren-koennen\/","og_site_name":"just-now.NEWS Deutschland","article_publisher":"https:\/\/www.facebook.com\/wirmachenauf","article_published_time":"2022-09-14T04:15:12+00:00","og_image":[{"width":460,"height":259,"url":"https:\/\/now-news.de\/de\/wp-content\/uploads\/sites\/3\/2022\/09\/Berliner-Feuerwehrmann-zu-seiner-Corona-Kritik-quotMut-geben-dass-wir-uns.JPG","type":"image\/jpeg"}],"author":"rtnews","twitter_card":"summary_large_image","twitter_creator":"@WirMachenAuf_de","twitter_site":"@WirMachenAuf_de","twitter_misc":{"Verfasst von":"rtnews","Gesch\u00e4tzte Lesezeit":"4\u00a0Minuten"},"schema":{"@context":"https:\/\/schema.org","@graph":[{"@type":"Article","@id":"https:\/\/now-news.de\/de\/deutschland\/berliner-feuerwehrmann-zu-seiner-corona-kritik-mut-geben-dass-wir-uns-auch-wehren-koennen\/#article","isPartOf":{"@id":"https:\/\/now-news.de\/de\/deutschland\/berliner-feuerwehrmann-zu-seiner-corona-kritik-mut-geben-dass-wir-uns-auch-wehren-koennen\/"},"author":{"name":"rtnews","@id":"https:\/\/now-news.de\/de\/#\/schema\/person\/fb534a4e865501d8b3285208df34a9b5"},"headline":"Berliner Feuerwehrmann zu seiner Corona-Kritik: &quot;Mut geben, dass wir uns auch wehren k\u00f6nnen&quot;","datePublished":"2022-09-14T04:15:12+00:00","dateModified":"2022-09-14T04:15:12+00:00","mainEntityOfPage":{"@id":"https:\/\/now-news.de\/de\/deutschland\/berliner-feuerwehrmann-zu-seiner-corona-kritik-mut-geben-dass-wir-uns-auch-wehren-koennen\/"},"wordCount":785,"commentCount":0,"publisher":{"@id":"https:\/\/now-news.de\/de\/#organization"},"image":{"@id":"https:\/\/now-news.de\/de\/deutschland\/berliner-feuerwehrmann-zu-seiner-corona-kritik-mut-geben-dass-wir-uns-auch-wehren-koennen\/#primaryimage"},"thumbnailUrl":"https:\/\/now-news.de\/de\/wp-content\/uploads\/sites\/3\/2022\/09\/Berliner-Feuerwehrmann-zu-seiner-Corona-Kritik-quotMut-geben-dass-wir-uns.JPG","keywords":["auch","Berliner","CoronaKritik","dass","Feuerwehrmann","geben","k\u00f6nnenquot","quotMut","seiner","uns","wehren","Wir"],"articleSection":["Deutschland","Russland"],"inLanguage":"de","potentialAction":[{"@type":"CommentAction","name":"Comment","target":["https:\/\/now-news.de\/de\/deutschland\/berliner-feuerwehrmann-zu-seiner-corona-kritik-mut-geben-dass-wir-uns-auch-wehren-koennen\/#respond"]}]},{"@type":"WebPage","@id":"https:\/\/now-news.de\/de\/deutschland\/berliner-feuerwehrmann-zu-seiner-corona-kritik-mut-geben-dass-wir-uns-auch-wehren-koennen\/","url":"https:\/\/now-news.de\/de\/deutschland\/berliner-feuerwehrmann-zu-seiner-corona-kritik-mut-geben-dass-wir-uns-auch-wehren-koennen\/","name":"Berliner Feuerwehrmann zu seiner Corona-Kritik: &quot;Mut geben, dass wir uns auch wehren k\u00f6nnen&quot; - just-now.NEWS Deutschland","isPartOf":{"@id":"https:\/\/now-news.de\/de\/#website"},"primaryImageOfPage":{"@id":"https:\/\/now-news.de\/de\/deutschland\/berliner-feuerwehrmann-zu-seiner-corona-kritik-mut-geben-dass-wir-uns-auch-wehren-koennen\/#primaryimage"},"image":{"@id":"https:\/\/now-news.de\/de\/deutschland\/berliner-feuerwehrmann-zu-seiner-corona-kritik-mut-geben-dass-wir-uns-auch-wehren-koennen\/#primaryimage"},"thumbnailUrl":"https:\/\/now-news.de\/de\/wp-content\/uploads\/sites\/3\/2022\/09\/Berliner-Feuerwehrmann-zu-seiner-Corona-Kritik-quotMut-geben-dass-wir-uns.JPG","datePublished":"2022-09-14T04:15:12+00:00","dateModified":"2022-09-14T04:15:12+00:00","breadcrumb":{"@id":"https:\/\/now-news.de\/de\/deutschland\/berliner-feuerwehrmann-zu-seiner-corona-kritik-mut-geben-dass-wir-uns-auch-wehren-koennen\/#breadcrumb"},"inLanguage":"de","potentialAction":[{"@type":"ReadAction","target":["https:\/\/now-news.de\/de\/deutschland\/berliner-feuerwehrmann-zu-seiner-corona-kritik-mut-geben-dass-wir-uns-auch-wehren-koennen\/"]}]},{"@type":"ImageObject","inLanguage":"de","@id":"https:\/\/now-news.de\/de\/deutschland\/berliner-feuerwehrmann-zu-seiner-corona-kritik-mut-geben-dass-wir-uns-auch-wehren-koennen\/#primaryimage","url":"https:\/\/now-news.de\/de\/wp-content\/uploads\/sites\/3\/2022\/09\/Berliner-Feuerwehrmann-zu-seiner-Corona-Kritik-quotMut-geben-dass-wir-uns.JPG","contentUrl":"https:\/\/now-news.de\/de\/wp-content\/uploads\/sites\/3\/2022\/09\/Berliner-Feuerwehrmann-zu-seiner-Corona-Kritik-quotMut-geben-dass-wir-uns.JPG","width":460,"height":259,"caption":"Berliner Feuerwehrmann zu seiner Corona-Kritik: &quot;Mut geben, dass wir uns auch wehren k\u00f6nnen&quot;"},{"@type":"BreadcrumbList","@id":"https:\/\/now-news.de\/de\/deutschland\/berliner-feuerwehrmann-zu-seiner-corona-kritik-mut-geben-dass-wir-uns-auch-wehren-koennen\/#breadcrumb","itemListElement":[{"@type":"ListItem","position":1,"name":"Home","item":"https:\/\/now-news.de\/de\/"},{"@type":"ListItem","position":2,"name":"Berliner Feuerwehrmann zu seiner Corona-Kritik: &quot;Mut geben, dass wir uns auch wehren k\u00f6nnen&quot;"}]},{"@type":"WebSite","@id":"https:\/\/now-news.de\/de\/#website","url":"https:\/\/now-news.de\/de\/","name":"just-now.NEWS Deutschland","description":"Das Portal f\u00fcr unzensierte Nachrichten aus der Welt","publisher":{"@id":"https:\/\/now-news.de\/de\/#organization"},"potentialAction":[{"@type":"SearchAction","target":{"@type":"EntryPoint","urlTemplate":"https:\/\/now-news.de\/de\/?s={search_term_string}"},"query-input":"required name=search_term_string"}],"inLanguage":"de"},{"@type":"Organization","@id":"https:\/\/now-news.de\/de\/#organization","name":"Just Now News","url":"https:\/\/now-news.de\/de\/","logo":{"@type":"ImageObject","inLanguage":"de","@id":"https:\/\/now-news.de\/de\/#\/schema\/logo\/image\/","url":"http:\/\/just-now.news\/de\/wp-content\/uploads\/sites\/3\/2022\/04\/logo500x500.jpg","contentUrl":"http:\/\/just-now.news\/de\/wp-content\/uploads\/sites\/3\/2022\/04\/logo500x500.jpg","width":500,"height":500,"caption":"Just Now News"},"image":{"@id":"https:\/\/now-news.de\/de\/#\/schema\/logo\/image\/"},"sameAs":["https:\/\/www.facebook.com\/wirmachenauf","https:\/\/x.com\/WirMachenAuf_de"]},{"@type":"Person","@id":"https:\/\/now-news.de\/de\/#\/schema\/person\/fb534a4e865501d8b3285208df34a9b5","name":"rtnews","image":{"@type":"ImageObject","inLanguage":"de","@id":"https:\/\/now-news.de\/de\/#\/schema\/person\/image\/","url":"https:\/\/secure.gravatar.com\/avatar\/82aafea7d8127119dd649515f56e2117?s=96&d=mm&r=g","contentUrl":"https:\/\/secure.gravatar.com\/avatar\/82aafea7d8127119dd649515f56e2117?s=96&d=mm&r=g","caption":"rtnews"},"url":"https:\/\/now-news.de\/de\/author\/rnews\/"}]}},"_links":{"self":[{"href":"https:\/\/now-news.de\/de\/wp-json\/wp\/v2\/posts\/19014"}],"collection":[{"href":"https:\/\/now-news.de\/de\/wp-json\/wp\/v2\/posts"}],"about":[{"href":"https:\/\/now-news.de\/de\/wp-json\/wp\/v2\/types\/post"}],"author":[{"embeddable":true,"href":"https:\/\/now-news.de\/de\/wp-json\/wp\/v2\/users\/3"}],"replies":[{"embeddable":true,"href":"https:\/\/now-news.de\/de\/wp-json\/wp\/v2\/comments?post=19014"}],"version-history":[{"count":0,"href":"https:\/\/now-news.de\/de\/wp-json\/wp\/v2\/posts\/19014\/revisions"}],"wp:featuredmedia":[{"embeddable":true,"href":"https:\/\/now-news.de\/de\/wp-json\/wp\/v2\/media\/19015"}],"wp:attachment":[{"href":"https:\/\/now-news.de\/de\/wp-json\/wp\/v2\/media?parent=19014"}],"wp:term":[{"taxonomy":"category","embeddable":true,"href":"https:\/\/now-news.de\/de\/wp-json\/wp\/v2\/categories?post=19014"},{"taxonomy":"post_tag","embeddable":true,"href":"https:\/\/now-news.de\/de\/wp-json\/wp\/v2\/tags?post=19014"}],"curies":[{"name":"wp","href":"https:\/\/api.w.org\/{rel}","templated":true}]}}