{"id":19000,"date":"2022-09-13T21:10:39","date_gmt":"2022-09-13T19:10:39","guid":{"rendered":"http:\/\/just-now.news\/de\/deutschland\/geht-es-auch-um-kriegsbeute-ministerin-lambrecht-und-die-deutsche-fuehrungsrolle\/"},"modified":"2022-09-13T21:10:39","modified_gmt":"2022-09-13T19:10:39","slug":"geht-es-auch-um-kriegsbeute-ministerin-lambrecht-und-die-deutsche-fuehrungsrolle","status":"publish","type":"post","link":"https:\/\/now-news.de\/de\/deutschland\/geht-es-auch-um-kriegsbeute-ministerin-lambrecht-und-die-deutsche-fuehrungsrolle\/","title":{"rendered":"Geht es auch um Kriegsbeute? Ministerin Lambrecht und die deutsche F\u00fchrungsrolle"},"content":{"rendered":"<p><img decoding=\"async\" src=\"http:\/\/just-now.news\/de\/wp-content\/uploads\/sites\/3\/2022\/09\/6320d5a6b480cc70441595d1.jpg\" \/><\/p>\n<p><em>Von Dagmar Henn<\/em><\/p>\n<p>Beim Betrachten des <a rel=\"nofollow noopener\" target=\"_blank\" href=\"https:\/\/www.youtube.com\/watch?v=rppKQJmf4qY&amp;t=9161s\">Auftritts<\/a> von Verteidigungsministerin Christine Lambrecht bei der Deutschen Gesellschaft f\u00fcr Ausw\u00e4rtige Politik, bei dem sie eine Grundsatzrede zur nationalen Sicherheitsstrategie hielt, hatte ich manchmal das Gef\u00fchl, auf einem v\u00f6llig anderen Planeten zu leben. Nicht nur, weil das, sagen wir einmal, entspannt bis zufrieden wirkende Auftreten der Ministerin so neben der Realit\u00e4t wirkt, wenn man die Meldungen von Betriebsschlie\u00dfungen oder signifikanten Ausf\u00e4llen wie dem von AdBlue im Kopf hat; sondern auch, weil das gesamte Publikum auf der gleichen Welle schwamm und allerh\u00f6chstens noch mehr Waffen und eine noch tiefere Verstrickung in den Krieg in der Ukraine forderte.<\/p>\n<p>Die Kernthesen der Rede irritieren nicht durch ihren Inhalt; sie schlie\u00dfen nahtlos an das an, was vor Jahren der ebenfalls sozialdemokratische Au\u00dfenminister Frank-Walter Steinmeier, heute Bundespr\u00e4sident, 2014 in einer <a rel=\"nofollow noopener\" target=\"_blank\" href=\"https:\/\/silo.tips\/download\/sddeutsche-zeitung-der-wirtschaftsgipfel-2014\">Rede<\/a> auf dem <em>SZ<\/em>-Wirtschaftsgipfel ge\u00e4u\u00dfert hatte. &#8220;Deutschland solle &#8216;Europa anf\u00fchren, um die Welt anzuf\u00fchren&#8217;, &#8216;Russland europ\u00e4isieren&#8217; und &#8216;die USA multilateralisieren'&#8221; sagte Steinmeier damals und bezog sich mit seiner Forderung nach einer globalen deutschen F\u00fchrung auf den Aufsatz eines indischen Politologen, der im Auftrag des Ausw\u00e4rtigen Amtes geschrieben worden war. Oder, wie Steinmeier es damals formuliert hatte: &#8220;Und wissen Sie, wer das gesagt hat? Kein Franzose, kein Amerikaner, sondern ein indischer Professor hat uns das geschrieben.&#8221;<\/p>\n<p>Und dann hatte er noch gesagt: &#8220;Wir als meistvernetztes Land sind abh\u00e4ngig von einer friedlichen und regelbasierten Ordnung in der Welt, und f\u00fcr sie m\u00fcssen wir uns einsetzen! Nicht nur in Europa, sondern weltweit \u2026&#8221;<\/p>\n<p>Der <em>SZ<\/em>-Wirtschaftsgipfel, das sollte man vielleicht hinzuf\u00fcgen, ist eine Veranstaltung, auf der sich die Vorstandsvorsitzenden der deutschen Konzerne tummeln. Das ist es, was das Gewicht dieser Aussage definiert.<\/p>\n<p>Wenn Lambrecht also in ihrer Rede von Deutschland als F\u00fchrungsmacht sprach und das &#8220;mit unserer Gr\u00f6\u00dfe, mit unserer geografischen Lage, mit unserer Wirtschaftskraft, kurz mit unserem Gewicht&#8221; erkl\u00e4rt, dann schlie\u00dft das nahtlos an die \u00c4u\u00dferungen Steinmeiers vor mittlerweile acht Jahren an. Selbst f\u00fcr ihre Aussage, die Bundeswehr m\u00fcsse als &#8220;zentrale Instanz der Daseinsvorsorge&#8221; betrachtet werden, gilt das; auch diese Richtung hatte sich in der Steinmeier-Rede bereits angedeutet.<\/p>\n<p>Das klingt so, als habe die Rede Lambrechts jahrelang in der Schublade gelegen und nur darauf gewartet, hervorgezogen zu werden. Nur ist die Welt eine andere als vor acht Jahren, und w\u00e4hrend damals Steinmeiers Aussage auch vor dem Hintergrund der Troika-Vertr\u00e4ge und der \u00fcberaus dominanten Position der Bundesrepublik in der EU getroffen worden war, sagte Lambrecht diese S\u00e4tze in einer Lage, in der die deutsche Souver\u00e4nit\u00e4t und die wirtschaftliche Existenzgrundlage faktisch eigentlich bereits preisgegeben sind, an genau diejenigen, die Lambrecht als engste Verb\u00fcndete und Freunde hervorhebt. Die F\u00fchrungsrolle, die sie nicht nur beansprucht, sondern erkl\u00e4rt (und von der sie sagt, Deutschland habe sie, selbst wenn es gar nicht wolle), d\u00fcrfte sich auf die Kontrolle \u00fcber eine industrielle Ruinenlandschaft beschr\u00e4nken.<\/p>\n<p>Die Geschichtsversion, die sie in ihrer Rede beil\u00e4ufig zum Besten gibt, ist etwas eigenartig. So sagt sie: &#8220;Im Kalten Krieg waren wir der gr\u00f6\u00dfte Nutznie\u00dfer dieses Arrangements.&#8221; Das ist unverkennbar aus dem Blickwinkel der westlichen Eliten geschrieben, und hier meine ich die Eliten der westlichen Republik. F\u00fcr das Land selbst hatten die Gr\u00fcndung der BRD und die Westbindung nicht nur jahrzehntelange Spaltung, sondern auch ebenso lang das Risiko bedeutet, zum Schlachtfeld im Konflikt der Bl\u00f6cke zu werden. Diese Rolle zumindest wurde erfolgreich an die Ukraine weitergereicht.<\/p>\n<p>Die Skepsis gegen\u00fcber dem Milit\u00e4rischen, die eine Folge der NS-Verbrechen sei, sei nicht mehr angebracht, denn &#8220;das Deutschland, das diese Verbrechen begangen hat, gibt es seit circa 80 Jahren nicht mehr. Die Bundeswehr ist eine Armee, die mit der von damals nichts gemein hat.&#8221; Das ist faktisch falsch. Die historischen Studien, die zu westdeutschen Ministerien vorlagen, besagen, dass in allen, die bisher untersucht wurden, noch in den 1960er-Jahren die NSDAP-Mitglieder die \u00fcberragende Mehrheit stellten. Sofern dieses Deutschland verschwunden ist, geschah dies erst in der Phase zwischen 1968 und 1981, als die letzten Minister mit Nazikarriere in den Ruhestand entschwanden.<\/p>\n<p>Die Bundeswehr war eine Gr\u00fcndung von Nazigener\u00e4len. Sie wurde gegen breiten Widerstand der bundesdeutschen Bev\u00f6lkerung durchgesetzt, unter Einsatz massiver Repression. Man kann sich einmal \u00fcber die Friedensdemonstration in Essen 1952 informieren, oder \u00fcber die Vita eines Mannes wie Gustav Heinemann, der aus der CDU austrat, weil Konrad Adenauer \u00fcber die geplante Wiederbewaffnung gelogen hatte, sp\u00e4ter in die SPD eintrat und der 1968 Bundespr\u00e4sident wurde.<\/p>\n<p>Den Begriff der &#8220;Zeitenwende&#8221; strapaziert sie wieder und wieder. Aber sie kombiniert ihn nicht nur mit der etwas bizarren Einordnung der Bundeswehr als &#8220;Daseinsvorsorge&#8221; (dazu z\u00e4hlen \u00fcblicherweise Stromversorgung, \u00f6ffentlicher Verkehr und Gesundheitswesen), sondern zus\u00e4tzlich mit dem Begriff &#8220;Generationengerechtigkeit&#8221;, einem Kernbegriff der neoliberalen Propaganda, mit dem in der Regel Rentenk\u00fcrzungen begr\u00fcndet werden.<\/p>\n<p>&#8220;Generationengerechtigkeit&#8221; soll ihrer Aussage nach darin bestehen, dass &#8220;zuk\u00fcnftige Generationen eine Chance haben auf dieselbe Freiheit, wie wir sie heute genie\u00dfen&#8221;. Ich gebe zu, in diesem Moment habe ich gelacht. Ein Deutschland ohne Industrie l\u00e4sst \u00f6konomisch davon nichts \u00fcbrig, und politisch werden s\u00e4mtliche Freiheiten gerade ohnehin verheizt.<\/p>\n<p>Auf emotionale Rhetorik hat sie weitgehend verzichtet. Das konnte sie auch; die sp\u00e4tere Debatte hat belegt, dass das Publikum, das aus Vertretern der politischen Stiftungen, der R\u00fcstungsindustrie und Milit\u00e4rs bestand, ohnehin nur eine Kritik an der jetzigen Politik kennt \u2013 es sind noch nicht genug Waffen, es ist noch nicht genug Einsatz &#8220;f\u00fcr die Ukraine&#8221;.<\/p>\n<p>&#8220;Wir werden mehr Geld f\u00fcr Verteidigung ausgeben m\u00fcssen. Eine Frage der Generationengerechtigkeit ist nicht f\u00fcr schmales Geld zu haben.&#8221; Die Verwendung dieser beiden Begriffe, Daseinsvorsorge und Generationengerechtigkeit, ist eine Andeutung, dass Lambrecht beabsichtigt, das Geld f\u00fcr die Bundeswehr aus dem Sozialetat zu holen; schlie\u00dflich definiert sie ihr Ressort, als sei das eigentlich eine Form von Sozialleistung.<\/p>\n<p>W\u00e4re die Lage normal, w\u00e4re da nicht diese Katastrophe am Horizont (oder schon weit n\u00e4her), man m\u00fcsste sich also Gedanken machen, wie man solche \u00dcbergriffe verhindern kann. Dieses &#8220;die Bundeswehr als zentrale Instanz der Daseinsvorsorge&#8221;. In Wirklichkeit d\u00fcrfte sich die Sache mit dem Zwei-Prozent-Ziel der NATO ganz einfach regeln. Wenn das Bruttoinlandsprodukt f\u00e4llt, sind auch zwei Prozent davon eine geringere Summe.<\/p>\n<p>Sie will nicht nur mehr Mittel, sie will auch eine Aufhebung der Beschr\u00e4nkungen R\u00fcstungsexporten. &#8220;Wir m\u00fcssen an die deutschen Exportregeln ran, um der Kooperation in Europa einen m\u00e4chtigen Schub zu verleihen.&#8221; Ein netter rhetorischer Kniff, die Verantwortung anderen EU-L\u00e4nder zuzuschieben; allerdings eine in der deutschen Politik durchaus \u00fcbliche Masche. Jedenfalls will sie nicht nur mehr Geld f\u00fcr die Bundeswehr, sondern auch mehr Vertrieb deutscher Waffen im Ausland (auch hier wirft mein b\u00f6ser Realit\u00e4tssinn ein, dass der laufende Praxistest nicht gerade eine Werbeveranstaltung ist).<\/p>\n<p>Bei der &#8220;neuen Rolle Deutschlands&#8221;, die aus dem alten Steinmeier-Skript stammt, gehe es um eine Sicherheitsstrategie, die &#8220;der neuen Lage in der Welt Rechnung tr\u00e4gt, die wir mitgestalten m\u00fcssen&#8221;. Der Grund f\u00fcr diese deutsche F\u00fchrungsrolle, auch darin folgt sie Steinmeier bis ins Detail, liege darin, dass der Fokus der USA sich auf den pazifischen Raum richte und Deutschland die F\u00fchrung in Europa dadurch gewisserma\u00dfen erbe. &#8220;Wir befinden uns in einer au\u00dferordentlichen au\u00dfen- und sicherheitspolitischen Situation. Lassen sie uns als Deutsche ehrgeizig sein. (\u2026) Und lassen wir auch diesen Ehrgeiz zum bestimmenden Thema unserer nationalen Sicherheitsstrategie werden.&#8221;<\/p>\n<p>Nun, Lambrecht ist eine Gl\u00e4ubige. Der &#8220;Kulturwechsel&#8221;, die &#8220;Zeitenwende&#8221;, dieser Zug ins Wilhelminische, hat, sagt sie, die Unterst\u00fctzung in der Bev\u00f6lkerung. &#8220;Alle Umfragen, die es zur Unterst\u00fctzung der Ukraine gibt, oder auch zur Bundeswehr und der NATO, die zeigen uns das klar und deutlich.&#8221;<\/p>\n<p>Dazu sollte man vielleicht ein, zwei S\u00e4tze sagen. Es gab Zeiten, in denen telefonisch durchgef\u00fchrte Umfragen tats\u00e4chlich wissenschaftlich verl\u00e4ssliche Daten ergaben. Das war genau jener Zeitraum, in dem der weit \u00fcberwiegende Teil der Bev\u00f6lkerung ein Festnetztelefon besa\u00df, die Telefonnummern der Befragten zuf\u00e4llig bestimmt wurden und die R\u00fccklaufquote relativ hoch war. Noch in den 1990ern lag sie bei mindestens 30 Prozent.<\/p>\n<p>Inzwischen gibt es mehr Mobil- als Festnetznummern, Anrufe von unbekannten Nummern sind geblockt, und die R\u00fccklaufquote ist erb\u00e4rmlich. In den USA liegt sie inzwischen bei zwei Prozent; das bedeutet, es m\u00fcssen 50 Anrufe gemacht werden, um eine Antwort zu erhalten. In Deutschland d\u00fcrfte sie nicht wesentlich h\u00f6her liegen.<\/p>\n<p>Das hat logischerweise zur Folge, dass der Anteil der Konformen unter jenen, die antworten, \u00fcberproportional hoch ist. Gerade bei politisch heiklen Themen, bei denen eine derart massive Propaganda eingesetzt wird wie im Falle von NATO und Ukraine, sind es die &#8220;virtue signallers&#8221;, diejenigen, die allen ihre Tugend und Konformit\u00e4t zeigen wollen, die am ehesten antworten, w\u00e4hrend jene, die eine gegenteilige Ansicht vertreten, mittlerweile ihre \u00dcberzeugung nur noch vorsichtig kundtun d\u00fcrften. Solche Umfrageergebnisse kann man im Grunde im Papierkorb entsorgen; aber eben durch ihre Schlagseite (fachm\u00e4nnisch nennt man das &#8220;Bias&#8221;) sind sie propagandistisch n\u00fctzlich. Nur wirklich glauben sollte man sie selbst als Ministerin nicht.<\/p>\n<p>Auf Nachfrage erkl\u00e4rte sie auch, sie glaube weder, dass Deutschland russisches Gas brauche, noch, dass die Ukraine den Krieg verlieren werde. Bei Ersterem entwickelt man Zweifel an der Kompetenz des Personals, das die t\u00e4gliche Pressemappe zusammenstellt, in die doch gelegentlich eine \u00f6konomische Information rutschen sollte; beim zweiten Zweifel an der Kompetenz des milit\u00e4rischen Personals.<\/p>\n<p>Die konnte man \u00fcbrigens an zwei lebenden Exemplaren sogleich bekr\u00e4ftigen. In der Fragerunde, die auch noch Teil des Programms war, meldete sich der ehemalige Brigadegeneral Klaus Wittmann und fordert die Lieferung von Kampfpanzern und Sch\u00fctzenpanzern an die Ukraine (\u00fcberhaupt wirkte das wie eine Werbeveranstaltung genau zu dem Zweck, solche Lieferungen vorzubereiten, auch wenn sich Lambrecht sichtlich str\u00e4ubte). Wittmann behauptete, es gebe keine Eskalation, wenn Deutschland dies tue. &#8220;Ich w\u00fcnsche mir, dass wir uns nicht einsch\u00fcchtern lassen, und ich w\u00fcnsche mir, dass wir auch die Amerikaner im Gespr\u00e4ch vielleicht davon \u00fcberzeugen, dass das leere Drohungen sind von Putin.&#8221;<\/p>\n<p>Eine interessante Aussage, wenn man den Zeitraum zwischen Dezember des vergangenen Jahres und Ende Februar dieses Jahres betrachtet, wo es von russischer Seite klare Aussagen und Forderungen und, als diese nicht fruchteten, ein ebenso klares Handeln gegeben hatte.<\/p>\n<p>Der eigentliche Vertreter der Bundeswehr, der noch von Ursula von der Leyen ernannte Generalinspekteur Eberhard Zorn, lieferte eine Einsch\u00e4tzung der Ereignisse in Charkow und pries dabei die Ausbildung durch britische und US-amerikanische Instrukteure, die in den letzten acht Jahren stattgefunden habe. &#8220;Wir haben \u00fcber das Wochenende noch mal die aktuelle Angriffsoperation der ukrainischen Streitkr\u00e4fte analysiert, und da hat sich exakt das best\u00e4tigt, was sie angerissen haben. Und zwar, dass die ukrainischen Streitkr\u00e4fte wirklich in herausragender Weise in der Lage sind, agil zu agieren, dass sie das Themenfeld Gefecht der verbundenen Waffen herausragend spielen, inklusive der Mischung aus T\u00e4uschung und Schwerpunkt, und dort tats\u00e4chlich \u00fcberlegen waren den russischen Streitkr\u00e4ften. Das ist dem zu verdanken, dass die Ausbildung so gelaufen ist.&#8221;<\/p>\n<p>Schon schlimm, wenn der h\u00f6chstrangige General der Bundeswehr seine milit\u00e4rischen Bewertungen der <em>Bild<\/em> entnimmt und ihm offenkundig niemand erkl\u00e4rt hat, dass die ukrainischen Truppen ein Gel\u00e4nde \u00fcbernommen haben, aus dem sich die russischen Einheiten bereits zur\u00fcckgezogen hatten, und zwar geplant und geordnet; dass da nichts von Gefecht der verbundenen Waffen zu sehen war, weil es zu so gut wie keinen Gefechten kam, und dass diese Truppen dennoch, weil ihnen im Gefecht der verbundenen Waffen eben doch einiges fehlt, Luftdeckung wie Luftabwehr, betr\u00e4chtliche Verluste erlitten haben.<\/p>\n<p>Mag sein, dass Zorn das wei\u00df und nur nicht sagt. Inzwischen wurde durch die <em>New York Times<\/em> best\u00e4tigt, dass es nicht nur bei Ausbildung blieb, sondern das Mikromanagement dieser Truppen von Briten und US-Amerikanern betrieben wird. Wenn man wissen will, was ein echter Milit\u00e4r dazu sagt, sollte man eher bei Martyanov oder beim <em>Moon of Alabama<\/em> nachsehen. In letzterem Fall kann man dann auch vergleichen, wie sich die milit\u00e4rische Ausbildung der Bundeswehr und jene der NVA zueinander verhalten.<\/p>\n<p>Kleine putzige Details gab es nat\u00fcrlich auch, wie &#8220;eine Panzerhaubitze 2000 aus den Niederlanden ist nicht eine Panzerhaubitze 2000 aus Deutschland&#8221;; oder die Bemerkung, die unterschiedlichen Systeme der britischen, US- und deutschen HIMARS-Raketenwerfer seien &#8220;dank ukrainischer IT-Technik in zwei Wochen&#8221; angeglichen worden. Das ist in Wirklichkeit eine ganz andere Information. Wer jemals mit IT zu tun hatte, wei\u00df, dass zwei Wochen eine Utopie sind, erst recht, wenn es darum geht, unterschiedliche Systeme unterschiedlicher Sprachversionen anzugleichen. In Wirklichkeit braucht das Monate. Das aber bedeutet, dass die Lieferung dieser Systeme l\u00e4ngst geplant und verabredet worden war, als der \u00d6ffentlichkeit gegen\u00fcber angefangen wurde, dar\u00fcber zu diskutieren.<\/p>\n<p>Auf die Forderungen, mehr Waffen in die Ukraine zu liefern, reagierte Lambrecht mit dem Hinweis, dann seien die B\u00fcndnispflichten und die Landesverteidigung gef\u00e4hrdet. Dann erkl\u00e4rte sie: &#8220;Ich bin deutsche Verteidigungsministerin, ich habe einen Amtseid geleistet.&#8221;<\/p>\n<p>Und jetzt kommen wir zu den Gedanken, die die Beobachtung dieser Veranstaltung ausgel\u00f6st hat. Da gab es n\u00e4mlich noch einen Satz von Lambrecht. &#8220;Ich kenne Olaf Scholz schon sehr lange, und wenn er sich etwas nicht l\u00e4sst, dann erpressen.&#8221; Das f\u00fchrte, in Kombination mit &#8220;Europa anf\u00fchren, um die Welt anzuf\u00fchren&#8221; und der Bewertung des ukrainischen Gel\u00e4ndegewinns durch General Zorn dann zu einem eigenartigen Zusammentreffen. Denn ich war bisher, wie sicherlich die meisten, davon ausgegangen, dass die politische Entscheidung, den Sanktionen zuzustimmen, die gerade die deutsche Wirtschaft ruinieren, ein Ergebnis US-amerikanischer Erpressung war.<\/p>\n<p>Was aber, wenn der Ablauf anders war, noch ein wenig b\u00f6sartiger? Wenn hier mit maximalem Einsatz gepokert wird, aus der \u00dcberzeugung heraus, Russland kleinzukriegen und dann noch billiger an das russische Gas zu kommen? Wenn der Preis der Kooperation der Bundesregierung die Zusage der USA war, gr\u00f6\u00dfere Teile der angestrebten Beute zu erhalten?<\/p>\n<p>Es w\u00fcrde einige der Inkonsistenzen im Verhalten dieser Regierung erkl\u00e4ren. Das schlie\u00dft nat\u00fcrlich Dummheit nicht aus, sondern ein. Aber es w\u00fcrde erkl\u00e4ren, warum sie alle miteinander so handeln, als w\u00e4re es eine Lappalie, in diesem Winter weder \u00d6l noch Gas aus Russland zu erhalten. Sie glauben nicht nur daran, dass die Ukraine siegen k\u00f6nnte (eine milit\u00e4risch absurde Vorstellung), nein, sie glauben, n\u00e4chstes Jahr wom\u00f6glich schon direkten Zugriff auf die russischen Gas- und \u00d6lfelder zu haben.<\/p>\n<p>Das ist eine Fantasie, die es in Deutschland ebenfalls schon einmal gegeben hatte, ganz ohne US-amerikanische Mitwirkung. Die \u00d6lfelder von Baku waren die Beute gewesen, f\u00fcr die die Wehrmacht den Angriff auf Stalingrad begonnen hatte. Wie die Geschichte weiterging, ist bekannt.<\/p>\n<p>Die Gr\u00fcnen sind transatlantische Fanatiker, das ist klar. Aber diese Wiederaufnahme der Aussagen von Steinmeier kann man nicht einfach als rhetorische Referenz beiseiteschieben. Wenn man diese Aussagen aber ernst nimmt, l\u00e4sst es sich kaum anders lesen. Vorausgesetzt, die Aussage, Scholz lasse sich nicht erpressen, entspricht der Wahrheit. Da es eine ungeplante, spontane Aussage war, spricht einiges daf\u00fcr.<\/p>\n<p>Wenn er aber nicht erpresst wurde, dann wurde er gekauft. Und das Einzige, das als Kaufpreis vorstellbar ist, wenn jemand auf der Grundlage solcher Vorstellungen deutscher Gr\u00f6\u00dfe handelt, ist eine Beteiligung an der erwarteten Kriegsbeute. Die Kriegsbeute, auf die gezielt wird, ist die Russische F\u00f6deration.<\/p>\n<p>Gegen\u00fcber der deutschen Bev\u00f6lkerung und ihren existentiellen Interessen ist das eine so verr\u00e4terisch wie das andere. Aber ich muss zugeben, dass der Ekel, den es bei mir ausl\u00f6st, dass sie um der Beute willen mitspielen, noch weit gr\u00f6\u00dfer ist als der, den es verursacht, in ihnen willige Knechte zu sehen. Damit h\u00e4tten sie sich tats\u00e4chlich in die Nachfolge der Nazis gestellt.<\/p>\n<p>Ich gebe zu, das ist erst einmal eine Hypothese, und ob und wann es sich kl\u00e4ren l\u00e4sst, welche Erkl\u00e4rungsvariante zutrifft, kann ich nicht sagen. Aber die Indizien daf\u00fcr, dass zumindest der sozialdemokratische Teil der Bundesregierung aus einer solchen Motivation heraus handelt, sind so stark, dass man diese Variante als M\u00f6glichkeit wahrnehmen sollte.<\/p>\n<p><strong>Mehr zum Thema<\/strong> &#8211;\u00a0<a rel=\"nofollow noopener\" target=\"_blank\" href=\"https:\/\/pressefreiheit.rtde.tech\/international\/147940-wie-modell-fur-weltordnung-21\/\">Wie ein Modell f\u00fcr die Weltordnung des 21. Jahrhunderts entsteht <\/a><\/p>\n<\/p>\n<p><br \/>\n<br \/><a href=\"https:\/\/de.rt.com\/meinung\/148803-lambrecht-und-die-deutsche-fuehrungsrolle\/\">Source link <\/a><\/p>\n","protected":false},"excerpt":{"rendered":"<p>Von Dagmar Henn Beim Betrachten des Auftritts von Verteidigungsministerin Christine Lambrecht bei der Deutschen Gesellschaft f\u00fcr Ausw\u00e4rtige Politik, bei dem sie eine Grundsatzrede zur nationalen Sicherheitsstrategie hielt, hatte ich manchmal das Gef\u00fchl, auf einem v\u00f6llig anderen Planeten zu leben. Nicht nur, weil das, sagen wir einmal, entspannt bis zufrieden wirkende Auftreten der Ministerin so neben [&hellip;]<\/p>\n","protected":false},"author":3,"featured_media":19001,"comment_status":"open","ping_status":"open","sticky":false,"template":"","format":"standard","meta":{"wp_automatic_camp":["217"],"a68a46a47cba290c57bf1315532e5ddb":["Geht es auch um Kriegsbeute? Ministerin Lambrecht und die deutsche F\u00fchrungsrolle"],"original_link":["https:\/\/de.rt.com\/meinung\/148803-lambrecht-und-die-deutsche-fuehrungsrolle\/"],"_thumbnail_id":["19001"],"_wptg_p2tg_sent2tg":["2022-09-13 21:23:19"],"jnews_social_counter_last_update":["1777569831"]},"categories":[19,23],"tags":[1475,2374,45,32768,1673,32767,18897,32232,140],"yoast_head":"<!-- This site is optimized with the Yoast SEO Premium plugin v22.7 (Yoast SEO v22.7) - https:\/\/yoast.com\/wordpress\/plugins\/seo\/ -->\n<title>Geht es auch um Kriegsbeute? Ministerin Lambrecht und die deutsche F\u00fchrungsrolle - just-now.NEWS Deutschland<\/title>\n<meta name=\"robots\" content=\"index, follow, max-snippet:-1, max-image-preview:large, max-video-preview:-1\" \/>\n<link rel=\"canonical\" href=\"https:\/\/now-news.de\/de\/deutschland\/geht-es-auch-um-kriegsbeute-ministerin-lambrecht-und-die-deutsche-fuehrungsrolle\/\" \/>\n<meta property=\"og:locale\" content=\"de_DE\" \/>\n<meta property=\"og:type\" content=\"article\" \/>\n<meta property=\"og:title\" content=\"Geht es auch um Kriegsbeute? Ministerin Lambrecht und die deutsche F\u00fchrungsrolle\" \/>\n<meta property=\"og:description\" content=\"Von Dagmar Henn Beim Betrachten des Auftritts von Verteidigungsministerin Christine Lambrecht bei der Deutschen Gesellschaft f\u00fcr Ausw\u00e4rtige Politik, bei dem sie eine Grundsatzrede zur nationalen Sicherheitsstrategie hielt, hatte ich manchmal das Gef\u00fchl, auf einem v\u00f6llig anderen Planeten zu leben. Nicht nur, weil das, sagen wir einmal, entspannt bis zufrieden wirkende Auftreten der Ministerin so neben [&hellip;]\" \/>\n<meta property=\"og:url\" content=\"https:\/\/now-news.de\/de\/deutschland\/geht-es-auch-um-kriegsbeute-ministerin-lambrecht-und-die-deutsche-fuehrungsrolle\/\" \/>\n<meta property=\"og:site_name\" content=\"just-now.NEWS Deutschland\" \/>\n<meta property=\"article:publisher\" content=\"https:\/\/www.facebook.com\/wirmachenauf\" \/>\n<meta property=\"article:published_time\" content=\"2022-09-13T19:10:39+00:00\" \/>\n<meta property=\"og:image\" content=\"https:\/\/now-news.de\/de\/wp-content\/uploads\/sites\/3\/2022\/09\/Geht-es-auch-um-Kriegsbeute-Ministerin-Lambrecht-und-die-deutsche.jpg\" \/>\n\t<meta property=\"og:image:width\" content=\"460\" \/>\n\t<meta property=\"og:image:height\" content=\"259\" \/>\n\t<meta property=\"og:image:type\" content=\"image\/jpeg\" \/>\n<meta name=\"author\" content=\"rtnews\" \/>\n<meta name=\"twitter:card\" content=\"summary_large_image\" \/>\n<meta name=\"twitter:creator\" content=\"@WirMachenAuf_de\" \/>\n<meta name=\"twitter:site\" content=\"@WirMachenAuf_de\" \/>\n<meta name=\"twitter:label1\" content=\"Verfasst von\" \/>\n\t<meta name=\"twitter:data1\" content=\"rtnews\" \/>\n\t<meta name=\"twitter:label2\" content=\"Gesch\u00e4tzte Lesezeit\" \/>\n\t<meta name=\"twitter:data2\" content=\"13\u00a0Minuten\" \/>\n<script type=\"application\/ld+json\" class=\"yoast-schema-graph\">{\"@context\":\"https:\/\/schema.org\",\"@graph\":[{\"@type\":\"Article\",\"@id\":\"https:\/\/now-news.de\/de\/deutschland\/geht-es-auch-um-kriegsbeute-ministerin-lambrecht-und-die-deutsche-fuehrungsrolle\/#article\",\"isPartOf\":{\"@id\":\"https:\/\/now-news.de\/de\/deutschland\/geht-es-auch-um-kriegsbeute-ministerin-lambrecht-und-die-deutsche-fuehrungsrolle\/\"},\"author\":{\"name\":\"rtnews\",\"@id\":\"https:\/\/now-news.de\/de\/#\/schema\/person\/fb534a4e865501d8b3285208df34a9b5\"},\"headline\":\"Geht es auch um Kriegsbeute? Ministerin Lambrecht und die deutsche F\u00fchrungsrolle\",\"datePublished\":\"2022-09-13T19:10:39+00:00\",\"dateModified\":\"2022-09-13T19:10:39+00:00\",\"mainEntityOfPage\":{\"@id\":\"https:\/\/now-news.de\/de\/deutschland\/geht-es-auch-um-kriegsbeute-ministerin-lambrecht-und-die-deutsche-fuehrungsrolle\/\"},\"wordCount\":2692,\"commentCount\":0,\"publisher\":{\"@id\":\"https:\/\/now-news.de\/de\/#organization\"},\"image\":{\"@id\":\"https:\/\/now-news.de\/de\/deutschland\/geht-es-auch-um-kriegsbeute-ministerin-lambrecht-und-die-deutsche-fuehrungsrolle\/#primaryimage\"},\"thumbnailUrl\":\"https:\/\/now-news.de\/de\/wp-content\/uploads\/sites\/3\/2022\/09\/Geht-es-auch-um-Kriegsbeute-Ministerin-Lambrecht-und-die-deutsche.jpg\",\"keywords\":[\"auch\",\"Deutsche\",\"die\",\"F\u00fchrungsrolle\",\"Geht\",\"Kriegsbeute\",\"Lambrecht\",\"Ministerin\",\"und\"],\"articleSection\":[\"Deutschland\",\"Russland\"],\"inLanguage\":\"de\",\"potentialAction\":[{\"@type\":\"CommentAction\",\"name\":\"Comment\",\"target\":[\"https:\/\/now-news.de\/de\/deutschland\/geht-es-auch-um-kriegsbeute-ministerin-lambrecht-und-die-deutsche-fuehrungsrolle\/#respond\"]}]},{\"@type\":\"WebPage\",\"@id\":\"https:\/\/now-news.de\/de\/deutschland\/geht-es-auch-um-kriegsbeute-ministerin-lambrecht-und-die-deutsche-fuehrungsrolle\/\",\"url\":\"https:\/\/now-news.de\/de\/deutschland\/geht-es-auch-um-kriegsbeute-ministerin-lambrecht-und-die-deutsche-fuehrungsrolle\/\",\"name\":\"Geht es auch um Kriegsbeute? Ministerin Lambrecht und die deutsche F\u00fchrungsrolle - just-now.NEWS Deutschland\",\"isPartOf\":{\"@id\":\"https:\/\/now-news.de\/de\/#website\"},\"primaryImageOfPage\":{\"@id\":\"https:\/\/now-news.de\/de\/deutschland\/geht-es-auch-um-kriegsbeute-ministerin-lambrecht-und-die-deutsche-fuehrungsrolle\/#primaryimage\"},\"image\":{\"@id\":\"https:\/\/now-news.de\/de\/deutschland\/geht-es-auch-um-kriegsbeute-ministerin-lambrecht-und-die-deutsche-fuehrungsrolle\/#primaryimage\"},\"thumbnailUrl\":\"https:\/\/now-news.de\/de\/wp-content\/uploads\/sites\/3\/2022\/09\/Geht-es-auch-um-Kriegsbeute-Ministerin-Lambrecht-und-die-deutsche.jpg\",\"datePublished\":\"2022-09-13T19:10:39+00:00\",\"dateModified\":\"2022-09-13T19:10:39+00:00\",\"breadcrumb\":{\"@id\":\"https:\/\/now-news.de\/de\/deutschland\/geht-es-auch-um-kriegsbeute-ministerin-lambrecht-und-die-deutsche-fuehrungsrolle\/#breadcrumb\"},\"inLanguage\":\"de\",\"potentialAction\":[{\"@type\":\"ReadAction\",\"target\":[\"https:\/\/now-news.de\/de\/deutschland\/geht-es-auch-um-kriegsbeute-ministerin-lambrecht-und-die-deutsche-fuehrungsrolle\/\"]}]},{\"@type\":\"ImageObject\",\"inLanguage\":\"de\",\"@id\":\"https:\/\/now-news.de\/de\/deutschland\/geht-es-auch-um-kriegsbeute-ministerin-lambrecht-und-die-deutsche-fuehrungsrolle\/#primaryimage\",\"url\":\"https:\/\/now-news.de\/de\/wp-content\/uploads\/sites\/3\/2022\/09\/Geht-es-auch-um-Kriegsbeute-Ministerin-Lambrecht-und-die-deutsche.jpg\",\"contentUrl\":\"https:\/\/now-news.de\/de\/wp-content\/uploads\/sites\/3\/2022\/09\/Geht-es-auch-um-Kriegsbeute-Ministerin-Lambrecht-und-die-deutsche.jpg\",\"width\":460,\"height\":259,\"caption\":\"Geht es auch um Kriegsbeute? Ministerin Lambrecht und die deutsche F\u00fchrungsrolle\"},{\"@type\":\"BreadcrumbList\",\"@id\":\"https:\/\/now-news.de\/de\/deutschland\/geht-es-auch-um-kriegsbeute-ministerin-lambrecht-und-die-deutsche-fuehrungsrolle\/#breadcrumb\",\"itemListElement\":[{\"@type\":\"ListItem\",\"position\":1,\"name\":\"Home\",\"item\":\"https:\/\/now-news.de\/de\/\"},{\"@type\":\"ListItem\",\"position\":2,\"name\":\"Geht es auch um Kriegsbeute? Ministerin Lambrecht und die deutsche F\u00fchrungsrolle\"}]},{\"@type\":\"WebSite\",\"@id\":\"https:\/\/now-news.de\/de\/#website\",\"url\":\"https:\/\/now-news.de\/de\/\",\"name\":\"just-now.NEWS Deutschland\",\"description\":\"Das Portal f\u00fcr unzensierte Nachrichten aus der Welt\",\"publisher\":{\"@id\":\"https:\/\/now-news.de\/de\/#organization\"},\"potentialAction\":[{\"@type\":\"SearchAction\",\"target\":{\"@type\":\"EntryPoint\",\"urlTemplate\":\"https:\/\/now-news.de\/de\/?s={search_term_string}\"},\"query-input\":\"required name=search_term_string\"}],\"inLanguage\":\"de\"},{\"@type\":\"Organization\",\"@id\":\"https:\/\/now-news.de\/de\/#organization\",\"name\":\"Just Now News\",\"url\":\"https:\/\/now-news.de\/de\/\",\"logo\":{\"@type\":\"ImageObject\",\"inLanguage\":\"de\",\"@id\":\"https:\/\/now-news.de\/de\/#\/schema\/logo\/image\/\",\"url\":\"http:\/\/just-now.news\/de\/wp-content\/uploads\/sites\/3\/2022\/04\/logo500x500.jpg\",\"contentUrl\":\"http:\/\/just-now.news\/de\/wp-content\/uploads\/sites\/3\/2022\/04\/logo500x500.jpg\",\"width\":500,\"height\":500,\"caption\":\"Just Now News\"},\"image\":{\"@id\":\"https:\/\/now-news.de\/de\/#\/schema\/logo\/image\/\"},\"sameAs\":[\"https:\/\/www.facebook.com\/wirmachenauf\",\"https:\/\/x.com\/WirMachenAuf_de\"]},{\"@type\":\"Person\",\"@id\":\"https:\/\/now-news.de\/de\/#\/schema\/person\/fb534a4e865501d8b3285208df34a9b5\",\"name\":\"rtnews\",\"image\":{\"@type\":\"ImageObject\",\"inLanguage\":\"de\",\"@id\":\"https:\/\/now-news.de\/de\/#\/schema\/person\/image\/\",\"url\":\"https:\/\/secure.gravatar.com\/avatar\/82aafea7d8127119dd649515f56e2117?s=96&d=mm&r=g\",\"contentUrl\":\"https:\/\/secure.gravatar.com\/avatar\/82aafea7d8127119dd649515f56e2117?s=96&d=mm&r=g\",\"caption\":\"rtnews\"},\"url\":\"https:\/\/now-news.de\/de\/author\/rnews\/\"}]}<\/script>\n<!-- \/ Yoast SEO Premium plugin. -->","yoast_head_json":{"title":"Geht es auch um Kriegsbeute? Ministerin Lambrecht und die deutsche F\u00fchrungsrolle - just-now.NEWS Deutschland","robots":{"index":"index","follow":"follow","max-snippet":"max-snippet:-1","max-image-preview":"max-image-preview:large","max-video-preview":"max-video-preview:-1"},"canonical":"https:\/\/now-news.de\/de\/deutschland\/geht-es-auch-um-kriegsbeute-ministerin-lambrecht-und-die-deutsche-fuehrungsrolle\/","og_locale":"de_DE","og_type":"article","og_title":"Geht es auch um Kriegsbeute? Ministerin Lambrecht und die deutsche F\u00fchrungsrolle","og_description":"Von Dagmar Henn Beim Betrachten des Auftritts von Verteidigungsministerin Christine Lambrecht bei der Deutschen Gesellschaft f\u00fcr Ausw\u00e4rtige Politik, bei dem sie eine Grundsatzrede zur nationalen Sicherheitsstrategie hielt, hatte ich manchmal das Gef\u00fchl, auf einem v\u00f6llig anderen Planeten zu leben. Nicht nur, weil das, sagen wir einmal, entspannt bis zufrieden wirkende Auftreten der Ministerin so neben [&hellip;]","og_url":"https:\/\/now-news.de\/de\/deutschland\/geht-es-auch-um-kriegsbeute-ministerin-lambrecht-und-die-deutsche-fuehrungsrolle\/","og_site_name":"just-now.NEWS Deutschland","article_publisher":"https:\/\/www.facebook.com\/wirmachenauf","article_published_time":"2022-09-13T19:10:39+00:00","og_image":[{"width":460,"height":259,"url":"https:\/\/now-news.de\/de\/wp-content\/uploads\/sites\/3\/2022\/09\/Geht-es-auch-um-Kriegsbeute-Ministerin-Lambrecht-und-die-deutsche.jpg","type":"image\/jpeg"}],"author":"rtnews","twitter_card":"summary_large_image","twitter_creator":"@WirMachenAuf_de","twitter_site":"@WirMachenAuf_de","twitter_misc":{"Verfasst von":"rtnews","Gesch\u00e4tzte Lesezeit":"13\u00a0Minuten"},"schema":{"@context":"https:\/\/schema.org","@graph":[{"@type":"Article","@id":"https:\/\/now-news.de\/de\/deutschland\/geht-es-auch-um-kriegsbeute-ministerin-lambrecht-und-die-deutsche-fuehrungsrolle\/#article","isPartOf":{"@id":"https:\/\/now-news.de\/de\/deutschland\/geht-es-auch-um-kriegsbeute-ministerin-lambrecht-und-die-deutsche-fuehrungsrolle\/"},"author":{"name":"rtnews","@id":"https:\/\/now-news.de\/de\/#\/schema\/person\/fb534a4e865501d8b3285208df34a9b5"},"headline":"Geht es auch um Kriegsbeute? Ministerin Lambrecht und die deutsche F\u00fchrungsrolle","datePublished":"2022-09-13T19:10:39+00:00","dateModified":"2022-09-13T19:10:39+00:00","mainEntityOfPage":{"@id":"https:\/\/now-news.de\/de\/deutschland\/geht-es-auch-um-kriegsbeute-ministerin-lambrecht-und-die-deutsche-fuehrungsrolle\/"},"wordCount":2692,"commentCount":0,"publisher":{"@id":"https:\/\/now-news.de\/de\/#organization"},"image":{"@id":"https:\/\/now-news.de\/de\/deutschland\/geht-es-auch-um-kriegsbeute-ministerin-lambrecht-und-die-deutsche-fuehrungsrolle\/#primaryimage"},"thumbnailUrl":"https:\/\/now-news.de\/de\/wp-content\/uploads\/sites\/3\/2022\/09\/Geht-es-auch-um-Kriegsbeute-Ministerin-Lambrecht-und-die-deutsche.jpg","keywords":["auch","Deutsche","die","F\u00fchrungsrolle","Geht","Kriegsbeute","Lambrecht","Ministerin","und"],"articleSection":["Deutschland","Russland"],"inLanguage":"de","potentialAction":[{"@type":"CommentAction","name":"Comment","target":["https:\/\/now-news.de\/de\/deutschland\/geht-es-auch-um-kriegsbeute-ministerin-lambrecht-und-die-deutsche-fuehrungsrolle\/#respond"]}]},{"@type":"WebPage","@id":"https:\/\/now-news.de\/de\/deutschland\/geht-es-auch-um-kriegsbeute-ministerin-lambrecht-und-die-deutsche-fuehrungsrolle\/","url":"https:\/\/now-news.de\/de\/deutschland\/geht-es-auch-um-kriegsbeute-ministerin-lambrecht-und-die-deutsche-fuehrungsrolle\/","name":"Geht es auch um Kriegsbeute? Ministerin Lambrecht und die deutsche F\u00fchrungsrolle - just-now.NEWS Deutschland","isPartOf":{"@id":"https:\/\/now-news.de\/de\/#website"},"primaryImageOfPage":{"@id":"https:\/\/now-news.de\/de\/deutschland\/geht-es-auch-um-kriegsbeute-ministerin-lambrecht-und-die-deutsche-fuehrungsrolle\/#primaryimage"},"image":{"@id":"https:\/\/now-news.de\/de\/deutschland\/geht-es-auch-um-kriegsbeute-ministerin-lambrecht-und-die-deutsche-fuehrungsrolle\/#primaryimage"},"thumbnailUrl":"https:\/\/now-news.de\/de\/wp-content\/uploads\/sites\/3\/2022\/09\/Geht-es-auch-um-Kriegsbeute-Ministerin-Lambrecht-und-die-deutsche.jpg","datePublished":"2022-09-13T19:10:39+00:00","dateModified":"2022-09-13T19:10:39+00:00","breadcrumb":{"@id":"https:\/\/now-news.de\/de\/deutschland\/geht-es-auch-um-kriegsbeute-ministerin-lambrecht-und-die-deutsche-fuehrungsrolle\/#breadcrumb"},"inLanguage":"de","potentialAction":[{"@type":"ReadAction","target":["https:\/\/now-news.de\/de\/deutschland\/geht-es-auch-um-kriegsbeute-ministerin-lambrecht-und-die-deutsche-fuehrungsrolle\/"]}]},{"@type":"ImageObject","inLanguage":"de","@id":"https:\/\/now-news.de\/de\/deutschland\/geht-es-auch-um-kriegsbeute-ministerin-lambrecht-und-die-deutsche-fuehrungsrolle\/#primaryimage","url":"https:\/\/now-news.de\/de\/wp-content\/uploads\/sites\/3\/2022\/09\/Geht-es-auch-um-Kriegsbeute-Ministerin-Lambrecht-und-die-deutsche.jpg","contentUrl":"https:\/\/now-news.de\/de\/wp-content\/uploads\/sites\/3\/2022\/09\/Geht-es-auch-um-Kriegsbeute-Ministerin-Lambrecht-und-die-deutsche.jpg","width":460,"height":259,"caption":"Geht es auch um Kriegsbeute? Ministerin Lambrecht und die deutsche F\u00fchrungsrolle"},{"@type":"BreadcrumbList","@id":"https:\/\/now-news.de\/de\/deutschland\/geht-es-auch-um-kriegsbeute-ministerin-lambrecht-und-die-deutsche-fuehrungsrolle\/#breadcrumb","itemListElement":[{"@type":"ListItem","position":1,"name":"Home","item":"https:\/\/now-news.de\/de\/"},{"@type":"ListItem","position":2,"name":"Geht es auch um Kriegsbeute? Ministerin Lambrecht und die deutsche F\u00fchrungsrolle"}]},{"@type":"WebSite","@id":"https:\/\/now-news.de\/de\/#website","url":"https:\/\/now-news.de\/de\/","name":"just-now.NEWS Deutschland","description":"Das Portal f\u00fcr unzensierte Nachrichten aus der Welt","publisher":{"@id":"https:\/\/now-news.de\/de\/#organization"},"potentialAction":[{"@type":"SearchAction","target":{"@type":"EntryPoint","urlTemplate":"https:\/\/now-news.de\/de\/?s={search_term_string}"},"query-input":"required name=search_term_string"}],"inLanguage":"de"},{"@type":"Organization","@id":"https:\/\/now-news.de\/de\/#organization","name":"Just Now News","url":"https:\/\/now-news.de\/de\/","logo":{"@type":"ImageObject","inLanguage":"de","@id":"https:\/\/now-news.de\/de\/#\/schema\/logo\/image\/","url":"http:\/\/just-now.news\/de\/wp-content\/uploads\/sites\/3\/2022\/04\/logo500x500.jpg","contentUrl":"http:\/\/just-now.news\/de\/wp-content\/uploads\/sites\/3\/2022\/04\/logo500x500.jpg","width":500,"height":500,"caption":"Just Now News"},"image":{"@id":"https:\/\/now-news.de\/de\/#\/schema\/logo\/image\/"},"sameAs":["https:\/\/www.facebook.com\/wirmachenauf","https:\/\/x.com\/WirMachenAuf_de"]},{"@type":"Person","@id":"https:\/\/now-news.de\/de\/#\/schema\/person\/fb534a4e865501d8b3285208df34a9b5","name":"rtnews","image":{"@type":"ImageObject","inLanguage":"de","@id":"https:\/\/now-news.de\/de\/#\/schema\/person\/image\/","url":"https:\/\/secure.gravatar.com\/avatar\/82aafea7d8127119dd649515f56e2117?s=96&d=mm&r=g","contentUrl":"https:\/\/secure.gravatar.com\/avatar\/82aafea7d8127119dd649515f56e2117?s=96&d=mm&r=g","caption":"rtnews"},"url":"https:\/\/now-news.de\/de\/author\/rnews\/"}]}},"_links":{"self":[{"href":"https:\/\/now-news.de\/de\/wp-json\/wp\/v2\/posts\/19000"}],"collection":[{"href":"https:\/\/now-news.de\/de\/wp-json\/wp\/v2\/posts"}],"about":[{"href":"https:\/\/now-news.de\/de\/wp-json\/wp\/v2\/types\/post"}],"author":[{"embeddable":true,"href":"https:\/\/now-news.de\/de\/wp-json\/wp\/v2\/users\/3"}],"replies":[{"embeddable":true,"href":"https:\/\/now-news.de\/de\/wp-json\/wp\/v2\/comments?post=19000"}],"version-history":[{"count":0,"href":"https:\/\/now-news.de\/de\/wp-json\/wp\/v2\/posts\/19000\/revisions"}],"wp:featuredmedia":[{"embeddable":true,"href":"https:\/\/now-news.de\/de\/wp-json\/wp\/v2\/media\/19001"}],"wp:attachment":[{"href":"https:\/\/now-news.de\/de\/wp-json\/wp\/v2\/media?parent=19000"}],"wp:term":[{"taxonomy":"category","embeddable":true,"href":"https:\/\/now-news.de\/de\/wp-json\/wp\/v2\/categories?post=19000"},{"taxonomy":"post_tag","embeddable":true,"href":"https:\/\/now-news.de\/de\/wp-json\/wp\/v2\/tags?post=19000"}],"curies":[{"name":"wp","href":"https:\/\/api.w.org\/{rel}","templated":true}]}}