{"id":18982,"date":"2022-09-13T15:32:03","date_gmt":"2022-09-13T13:32:03","guid":{"rendered":"http:\/\/just-now.news\/de\/china\/senator-rubio-sagt-bidens-kritik-an-maga-erinnere-an-dritte-welt-diktaturen\/"},"modified":"2022-09-13T15:32:03","modified_gmt":"2022-09-13T13:32:03","slug":"senator-rubio-sagt-bidens-kritik-an-maga-erinnere-an-dritte-welt-diktaturen","status":"publish","type":"post","link":"https:\/\/now-news.de\/de\/china\/senator-rubio-sagt-bidens-kritik-an-maga-erinnere-an-dritte-welt-diktaturen\/","title":{"rendered":"Senator Rubio sagt, Bidens Kritik an MAGA erinnere an \u201eDritte-Welt-Diktaturen\u201c"},"content":{"rendered":"<p><\/p>\n<div>\n<p>Senator Marco Rubio (R-Fla.) kritisierte am 13. September Pr\u00e4sident Joe Biden daf\u00fcr, dass er diejenigen, die den ehemaligen Pr\u00e4sidenten Donald Trump unterst\u00fctzten, als \u201eSemifaschisten\u201c bezeichnet hatte, und sagte, eine solche Bemerkung habe ihn an Diktaturen der Dritten Welt erinnert.<\/p>\n<p>\u201eWenn der Pr\u00e4sident der Vereinigten Staaten dem halben Land sagt, er sei ein Faschist, weil er gew\u00e4hlt hat, erinnert das sehr an einige Dinge, die man in Dritte-Welt-Diktaturen sieht\u201c, sagte Rubio gegen\u00fcber Fox News Digital bei Aventura , Florida, wo die National Conservatism Conference stattfand.<\/p>\n<p>Biden schlug am 26. August w\u00e4hrend einer Spendenaktion f\u00fcr Demokraten in einem Privathaus in Bethesda, Maryland, auf die MAGA-Bewegung ein. MAGA steht f\u00fcr \u201eMake America Great Again\u201c, den Slogan von Trumps erfolgreicher Pr\u00e4sidentschaftskampagne 2016.<\/p>\n<p>\u201eWas wir jetzt sehen, ist entweder der Beginn oder die Totenglocke einer extremen MAGA-Philosophie\u201c, sagte Biden.  \u201eEs ist nicht nur Trump.  Es ist die gesamte Philosophie, die zugrunde liegt \u2026 Ich werde etwas sagen \u2013 es ist fast wie Halbfaschismus.\u201c<\/p>\n<p>Innerhalb weniger Tage wurden Bidens \u00c4u\u00dferungen von einigen Republikanern kritisiert, darunter der Gouverneur von New Hampshire, Chris Sununu, und der Abgeordnete Jim Jordan (R-Ohio).<\/p>\n<p>Sununu wollte, dass sich Biden f\u00fcr seine \u201eschrecklich unangemessenen\u201c und \u201ebeleidigenden\u201c \u00c4u\u00dferungen entschuldigt.  Jordan sagte, Bidens Worte h\u00e4tten seinem Versprechen widersprochen, das Land in seiner Antrittsrede zu vereinen.<\/p>\n<p>\u201eWas Sie jetzt sehen, ist im Grunde: \u201aJa, wir glauben an die Meinungsfreiheit, aber wenn Sie bestimmte Ansichten vertreten, die wir nicht m\u00f6gen oder mit denen wir nicht einverstanden sind, sind das gef\u00e4hrliche Ansichten, diese Ansichten f\u00fchren zu Gewalt, diese Ansichten f\u00fchren zu einer Gefahr f\u00fcr die Demokratie, diese Ansichten sind faschistisch&#8217;\u201c, sagte Rubio.<\/p>\n<p>Rubio f\u00fcgte hinzu: \u201eSehr wenige Autorit\u00e4re gehen raus und sagen: \u201aDu hast kein Recht, eine Meinung zu haben.&#8217;  Sie sagen, Sie haben nur das Recht, eine bestimmte Meinung zu haben.\u201c<\/p>\n<p>Biden hat seine Kritik an MAGA diesen Monat fortgesetzt.  W\u00e4hrend einer Rede zur Hauptsendezeit in Philadelphia am 1. September beschuldigte der Pr\u00e4sident Trump und die \u201eMAGA-Republikaner\u201c, Extremisten zu sein, die eine Bedrohung f\u00fcr die Vereinigten Staaten darstellten.  Einen Tag nach seiner Rede nahm Biden seine Behauptungen zur\u00fcck und sagte, er betrachte Trump-Anh\u00e4nger nicht als \u201eBedrohung\u201c f\u00fcr das Land.<\/p>\n<p>Bei einem Treffen des Democratic National Committee am 8. September in Maryland bezeichnete Biden die \u201eextremen\u201c MAGA-Republikaner als diejenigen, die \u201esich entschieden haben, r\u00fcckw\u00e4rts zu gehen, voller Wut, Gewalt, Hass und Spaltung\u201c.<\/p>\n<p>\u201eExtreme MAGA-Republikaner bedrohen einfach nicht unsere pers\u00f6nlichen und wirtschaftlichen Rechte, sie begr\u00fc\u00dfen politische Gewalt\u201c, fuhr Biden fort und bezog sich auf den Bruch des US-Kapitols am 6. Januar 2021. \u201eSie weigern sich, den Willen des Volkes zu akzeptieren.  Sie bedrohen unsere Demokratie.\u201c<\/p>\n<p>Der Senator von Florida sagte, er sei von Bidens Rhetorik entt\u00e4uscht, aber sie habe ihn nicht \u00fcberrascht.<\/p>\n<p>\u201eEs passiert schon eine Weile\u201c, fuhr Rubio fort.  &#8220;Vor einem Jahr, [Biden] sagte jeder, der nicht f\u00fcr das Stimmrechtsgesetz gestimmt hatte, das er wollte \u2026 Sie waren Rassentrennung.\u201c<\/p>\n<\/div>\n<p><br \/>\n<b> Text ist eine \u00dcbersetzung vom Epoch Times Artikel:<\/p>\n<p><a href=\"https:\/\/www.theepochtimes.com\/sen-rubio-says-bidens-criticism-of-maga-is-reminiscent-of-third-world-dictatorships_4727378.html\">Source link <\/a><\/p>\n","protected":false},"excerpt":{"rendered":"<p>Senator Marco Rubio (R-Fla.) kritisierte am 13. September Pr\u00e4sident Joe Biden daf\u00fcr, dass er diejenigen, die den ehemaligen Pr\u00e4sidenten Donald Trump unterst\u00fctzten, als \u201eSemifaschisten\u201c bezeichnet hatte, und sagte, eine solche Bemerkung habe ihn an Diktaturen der Dritten Welt erinnert. \u201eWenn der Pr\u00e4sident der Vereinigten Staaten dem halben Land sagt, er sei ein Faschist, weil er [&hellip;]<\/p>\n","protected":false},"author":6,"featured_media":18983,"comment_status":"open","ping_status":"open","sticky":false,"template":"","format":"standard","meta":{"wp_automatic_camp":["1164"],"9474937ab6f3354b7967eaead49005d6":["Senator Rubio sagt, Bidens Kritik an MAGA erinnere an \u201eDritte-Welt-Diktaturen\u201c\n"],"original_link":["https:\/\/www.theepochtimes.com\/sen-rubio-says-bidens-criticism-of-maga-is-reminiscent-of-third-world-dictatorships_4727378.html"],"_thumbnail_id":["18983"],"wp_automatic_remove_first_image":["yes"],"jnews_social_counter_last_update":["1777484905"]},"categories":[21],"tags":[670,32759,32758,935,16245,3904,3564,8371],"yoast_head":"<!-- This site is optimized with the Yoast SEO Premium plugin v22.7 (Yoast SEO v22.7) - https:\/\/yoast.com\/wordpress\/plugins\/seo\/ -->\n<title>Senator Rubio sagt, Bidens Kritik an MAGA erinnere an \u201eDritte-Welt-Diktaturen\u201c - just-now.NEWS Deutschland<\/title>\n<meta name=\"robots\" content=\"index, follow, max-snippet:-1, max-image-preview:large, max-video-preview:-1\" \/>\n<link rel=\"canonical\" href=\"https:\/\/now-news.de\/de\/china\/senator-rubio-sagt-bidens-kritik-an-maga-erinnere-an-dritte-welt-diktaturen\/\" \/>\n<meta property=\"og:locale\" content=\"de_DE\" \/>\n<meta property=\"og:type\" content=\"article\" \/>\n<meta property=\"og:title\" content=\"Senator Rubio sagt, Bidens Kritik an MAGA erinnere an \u201eDritte-Welt-Diktaturen\u201c\" \/>\n<meta property=\"og:description\" content=\"Senator Marco Rubio (R-Fla.) kritisierte am 13. September Pr\u00e4sident Joe Biden daf\u00fcr, dass er diejenigen, die den ehemaligen Pr\u00e4sidenten Donald Trump unterst\u00fctzten, als \u201eSemifaschisten\u201c bezeichnet hatte, und sagte, eine solche Bemerkung habe ihn an Diktaturen der Dritten Welt erinnert. \u201eWenn der Pr\u00e4sident der Vereinigten Staaten dem halben Land sagt, er sei ein Faschist, weil er [&hellip;]\" \/>\n<meta property=\"og:url\" content=\"https:\/\/now-news.de\/de\/china\/senator-rubio-sagt-bidens-kritik-an-maga-erinnere-an-dritte-welt-diktaturen\/\" \/>\n<meta property=\"og:site_name\" content=\"just-now.NEWS Deutschland\" \/>\n<meta property=\"article:publisher\" content=\"https:\/\/www.facebook.com\/wirmachenauf\" \/>\n<meta property=\"article:published_time\" content=\"2022-09-13T13:32:03+00:00\" \/>\n<meta property=\"og:image\" content=\"https:\/\/now-news.de\/de\/wp-content\/uploads\/sites\/3\/2022\/09\/1663077782_Senator-Rubio-sagt-Bidens-Kritik-an-MAGA-erinnere-an-\u201eDritte-Welt-Diktaturen.jpg\" \/>\n\t<meta property=\"og:image:width\" content=\"1200\" \/>\n\t<meta property=\"og:image:height\" content=\"800\" \/>\n\t<meta property=\"og:image:type\" content=\"image\/jpeg\" \/>\n<meta name=\"author\" content=\"epoch\" \/>\n<meta name=\"twitter:card\" content=\"summary_large_image\" \/>\n<meta name=\"twitter:creator\" content=\"@WirMachenAuf_de\" \/>\n<meta name=\"twitter:site\" content=\"@WirMachenAuf_de\" \/>\n<meta name=\"twitter:label1\" content=\"Verfasst von\" \/>\n\t<meta name=\"twitter:data1\" content=\"epoch\" \/>\n\t<meta name=\"twitter:label2\" content=\"Gesch\u00e4tzte Lesezeit\" \/>\n\t<meta name=\"twitter:data2\" content=\"3\u00a0Minuten\" \/>\n<script type=\"application\/ld+json\" class=\"yoast-schema-graph\">{\"@context\":\"https:\/\/schema.org\",\"@graph\":[{\"@type\":\"Article\",\"@id\":\"https:\/\/now-news.de\/de\/china\/senator-rubio-sagt-bidens-kritik-an-maga-erinnere-an-dritte-welt-diktaturen\/#article\",\"isPartOf\":{\"@id\":\"https:\/\/now-news.de\/de\/china\/senator-rubio-sagt-bidens-kritik-an-maga-erinnere-an-dritte-welt-diktaturen\/\"},\"author\":{\"name\":\"epoch\",\"@id\":\"https:\/\/now-news.de\/de\/#\/schema\/person\/c6dfcd35a72a074487761b9d49aef52f\"},\"headline\":\"Senator Rubio sagt, Bidens Kritik an MAGA erinnere an \u201eDritte-Welt-Diktaturen\u201c\",\"datePublished\":\"2022-09-13T13:32:03+00:00\",\"dateModified\":\"2022-09-13T13:32:03+00:00\",\"mainEntityOfPage\":{\"@id\":\"https:\/\/now-news.de\/de\/china\/senator-rubio-sagt-bidens-kritik-an-maga-erinnere-an-dritte-welt-diktaturen\/\"},\"wordCount\":515,\"commentCount\":0,\"publisher\":{\"@id\":\"https:\/\/now-news.de\/de\/#organization\"},\"image\":{\"@id\":\"https:\/\/now-news.de\/de\/china\/senator-rubio-sagt-bidens-kritik-an-maga-erinnere-an-dritte-welt-diktaturen\/#primaryimage\"},\"thumbnailUrl\":\"https:\/\/now-news.de\/de\/wp-content\/uploads\/sites\/3\/2022\/09\/1663077782_Senator-Rubio-sagt-Bidens-Kritik-an-MAGA-erinnere-an-\u201eDritte-Welt-Diktaturen.jpg\",\"keywords\":[\"Bidens\",\"DritteWeltDiktaturen\",\"erinnere\",\"Kritik\",\"MAGA\",\"Rubio\",\"sagt\",\"Senator\"],\"articleSection\":[\"China\"],\"inLanguage\":\"de\",\"potentialAction\":[{\"@type\":\"CommentAction\",\"name\":\"Comment\",\"target\":[\"https:\/\/now-news.de\/de\/china\/senator-rubio-sagt-bidens-kritik-an-maga-erinnere-an-dritte-welt-diktaturen\/#respond\"]}]},{\"@type\":\"WebPage\",\"@id\":\"https:\/\/now-news.de\/de\/china\/senator-rubio-sagt-bidens-kritik-an-maga-erinnere-an-dritte-welt-diktaturen\/\",\"url\":\"https:\/\/now-news.de\/de\/china\/senator-rubio-sagt-bidens-kritik-an-maga-erinnere-an-dritte-welt-diktaturen\/\",\"name\":\"Senator Rubio sagt, Bidens Kritik an MAGA erinnere an \u201eDritte-Welt-Diktaturen\u201c - just-now.NEWS Deutschland\",\"isPartOf\":{\"@id\":\"https:\/\/now-news.de\/de\/#website\"},\"primaryImageOfPage\":{\"@id\":\"https:\/\/now-news.de\/de\/china\/senator-rubio-sagt-bidens-kritik-an-maga-erinnere-an-dritte-welt-diktaturen\/#primaryimage\"},\"image\":{\"@id\":\"https:\/\/now-news.de\/de\/china\/senator-rubio-sagt-bidens-kritik-an-maga-erinnere-an-dritte-welt-diktaturen\/#primaryimage\"},\"thumbnailUrl\":\"https:\/\/now-news.de\/de\/wp-content\/uploads\/sites\/3\/2022\/09\/1663077782_Senator-Rubio-sagt-Bidens-Kritik-an-MAGA-erinnere-an-\u201eDritte-Welt-Diktaturen.jpg\",\"datePublished\":\"2022-09-13T13:32:03+00:00\",\"dateModified\":\"2022-09-13T13:32:03+00:00\",\"breadcrumb\":{\"@id\":\"https:\/\/now-news.de\/de\/china\/senator-rubio-sagt-bidens-kritik-an-maga-erinnere-an-dritte-welt-diktaturen\/#breadcrumb\"},\"inLanguage\":\"de\",\"potentialAction\":[{\"@type\":\"ReadAction\",\"target\":[\"https:\/\/now-news.de\/de\/china\/senator-rubio-sagt-bidens-kritik-an-maga-erinnere-an-dritte-welt-diktaturen\/\"]}]},{\"@type\":\"ImageObject\",\"inLanguage\":\"de\",\"@id\":\"https:\/\/now-news.de\/de\/china\/senator-rubio-sagt-bidens-kritik-an-maga-erinnere-an-dritte-welt-diktaturen\/#primaryimage\",\"url\":\"https:\/\/now-news.de\/de\/wp-content\/uploads\/sites\/3\/2022\/09\/1663077782_Senator-Rubio-sagt-Bidens-Kritik-an-MAGA-erinnere-an-\u201eDritte-Welt-Diktaturen.jpg\",\"contentUrl\":\"https:\/\/now-news.de\/de\/wp-content\/uploads\/sites\/3\/2022\/09\/1663077782_Senator-Rubio-sagt-Bidens-Kritik-an-MAGA-erinnere-an-\u201eDritte-Welt-Diktaturen.jpg\",\"width\":1200,\"height\":800},{\"@type\":\"BreadcrumbList\",\"@id\":\"https:\/\/now-news.de\/de\/china\/senator-rubio-sagt-bidens-kritik-an-maga-erinnere-an-dritte-welt-diktaturen\/#breadcrumb\",\"itemListElement\":[{\"@type\":\"ListItem\",\"position\":1,\"name\":\"Home\",\"item\":\"https:\/\/now-news.de\/de\/\"},{\"@type\":\"ListItem\",\"position\":2,\"name\":\"Senator Rubio sagt, Bidens Kritik an MAGA erinnere an \u201eDritte-Welt-Diktaturen\u201c\"}]},{\"@type\":\"WebSite\",\"@id\":\"https:\/\/now-news.de\/de\/#website\",\"url\":\"https:\/\/now-news.de\/de\/\",\"name\":\"just-now.NEWS Deutschland\",\"description\":\"Das Portal f\u00fcr unzensierte Nachrichten aus der Welt\",\"publisher\":{\"@id\":\"https:\/\/now-news.de\/de\/#organization\"},\"potentialAction\":[{\"@type\":\"SearchAction\",\"target\":{\"@type\":\"EntryPoint\",\"urlTemplate\":\"https:\/\/now-news.de\/de\/?s={search_term_string}\"},\"query-input\":\"required name=search_term_string\"}],\"inLanguage\":\"de\"},{\"@type\":\"Organization\",\"@id\":\"https:\/\/now-news.de\/de\/#organization\",\"name\":\"Just Now News\",\"url\":\"https:\/\/now-news.de\/de\/\",\"logo\":{\"@type\":\"ImageObject\",\"inLanguage\":\"de\",\"@id\":\"https:\/\/now-news.de\/de\/#\/schema\/logo\/image\/\",\"url\":\"http:\/\/just-now.news\/de\/wp-content\/uploads\/sites\/3\/2022\/04\/logo500x500.jpg\",\"contentUrl\":\"http:\/\/just-now.news\/de\/wp-content\/uploads\/sites\/3\/2022\/04\/logo500x500.jpg\",\"width\":500,\"height\":500,\"caption\":\"Just Now News\"},\"image\":{\"@id\":\"https:\/\/now-news.de\/de\/#\/schema\/logo\/image\/\"},\"sameAs\":[\"https:\/\/www.facebook.com\/wirmachenauf\",\"https:\/\/x.com\/WirMachenAuf_de\"]},{\"@type\":\"Person\",\"@id\":\"https:\/\/now-news.de\/de\/#\/schema\/person\/c6dfcd35a72a074487761b9d49aef52f\",\"name\":\"epoch\",\"image\":{\"@type\":\"ImageObject\",\"inLanguage\":\"de\",\"@id\":\"https:\/\/now-news.de\/de\/#\/schema\/person\/image\/\",\"url\":\"https:\/\/secure.gravatar.com\/avatar\/56933836307948e61ef581cc4d100335?s=96&d=mm&r=g\",\"contentUrl\":\"https:\/\/secure.gravatar.com\/avatar\/56933836307948e61ef581cc4d100335?s=96&d=mm&r=g\",\"caption\":\"epoch\"},\"url\":\"https:\/\/now-news.de\/de\/author\/epoch\/\"}]}<\/script>\n<!-- \/ Yoast SEO Premium plugin. -->","yoast_head_json":{"title":"Senator Rubio sagt, Bidens Kritik an MAGA erinnere an \u201eDritte-Welt-Diktaturen\u201c - just-now.NEWS Deutschland","robots":{"index":"index","follow":"follow","max-snippet":"max-snippet:-1","max-image-preview":"max-image-preview:large","max-video-preview":"max-video-preview:-1"},"canonical":"https:\/\/now-news.de\/de\/china\/senator-rubio-sagt-bidens-kritik-an-maga-erinnere-an-dritte-welt-diktaturen\/","og_locale":"de_DE","og_type":"article","og_title":"Senator Rubio sagt, Bidens Kritik an MAGA erinnere an \u201eDritte-Welt-Diktaturen\u201c","og_description":"Senator Marco Rubio (R-Fla.) kritisierte am 13. September Pr\u00e4sident Joe Biden daf\u00fcr, dass er diejenigen, die den ehemaligen Pr\u00e4sidenten Donald Trump unterst\u00fctzten, als \u201eSemifaschisten\u201c bezeichnet hatte, und sagte, eine solche Bemerkung habe ihn an Diktaturen der Dritten Welt erinnert. \u201eWenn der Pr\u00e4sident der Vereinigten Staaten dem halben Land sagt, er sei ein Faschist, weil er [&hellip;]","og_url":"https:\/\/now-news.de\/de\/china\/senator-rubio-sagt-bidens-kritik-an-maga-erinnere-an-dritte-welt-diktaturen\/","og_site_name":"just-now.NEWS Deutschland","article_publisher":"https:\/\/www.facebook.com\/wirmachenauf","article_published_time":"2022-09-13T13:32:03+00:00","og_image":[{"width":1200,"height":800,"url":"https:\/\/now-news.de\/de\/wp-content\/uploads\/sites\/3\/2022\/09\/1663077782_Senator-Rubio-sagt-Bidens-Kritik-an-MAGA-erinnere-an-\u201eDritte-Welt-Diktaturen.jpg","type":"image\/jpeg"}],"author":"epoch","twitter_card":"summary_large_image","twitter_creator":"@WirMachenAuf_de","twitter_site":"@WirMachenAuf_de","twitter_misc":{"Verfasst von":"epoch","Gesch\u00e4tzte Lesezeit":"3\u00a0Minuten"},"schema":{"@context":"https:\/\/schema.org","@graph":[{"@type":"Article","@id":"https:\/\/now-news.de\/de\/china\/senator-rubio-sagt-bidens-kritik-an-maga-erinnere-an-dritte-welt-diktaturen\/#article","isPartOf":{"@id":"https:\/\/now-news.de\/de\/china\/senator-rubio-sagt-bidens-kritik-an-maga-erinnere-an-dritte-welt-diktaturen\/"},"author":{"name":"epoch","@id":"https:\/\/now-news.de\/de\/#\/schema\/person\/c6dfcd35a72a074487761b9d49aef52f"},"headline":"Senator Rubio sagt, Bidens Kritik an MAGA erinnere an \u201eDritte-Welt-Diktaturen\u201c","datePublished":"2022-09-13T13:32:03+00:00","dateModified":"2022-09-13T13:32:03+00:00","mainEntityOfPage":{"@id":"https:\/\/now-news.de\/de\/china\/senator-rubio-sagt-bidens-kritik-an-maga-erinnere-an-dritte-welt-diktaturen\/"},"wordCount":515,"commentCount":0,"publisher":{"@id":"https:\/\/now-news.de\/de\/#organization"},"image":{"@id":"https:\/\/now-news.de\/de\/china\/senator-rubio-sagt-bidens-kritik-an-maga-erinnere-an-dritte-welt-diktaturen\/#primaryimage"},"thumbnailUrl":"https:\/\/now-news.de\/de\/wp-content\/uploads\/sites\/3\/2022\/09\/1663077782_Senator-Rubio-sagt-Bidens-Kritik-an-MAGA-erinnere-an-\u201eDritte-Welt-Diktaturen.jpg","keywords":["Bidens","DritteWeltDiktaturen","erinnere","Kritik","MAGA","Rubio","sagt","Senator"],"articleSection":["China"],"inLanguage":"de","potentialAction":[{"@type":"CommentAction","name":"Comment","target":["https:\/\/now-news.de\/de\/china\/senator-rubio-sagt-bidens-kritik-an-maga-erinnere-an-dritte-welt-diktaturen\/#respond"]}]},{"@type":"WebPage","@id":"https:\/\/now-news.de\/de\/china\/senator-rubio-sagt-bidens-kritik-an-maga-erinnere-an-dritte-welt-diktaturen\/","url":"https:\/\/now-news.de\/de\/china\/senator-rubio-sagt-bidens-kritik-an-maga-erinnere-an-dritte-welt-diktaturen\/","name":"Senator Rubio sagt, Bidens Kritik an MAGA erinnere an \u201eDritte-Welt-Diktaturen\u201c - just-now.NEWS Deutschland","isPartOf":{"@id":"https:\/\/now-news.de\/de\/#website"},"primaryImageOfPage":{"@id":"https:\/\/now-news.de\/de\/china\/senator-rubio-sagt-bidens-kritik-an-maga-erinnere-an-dritte-welt-diktaturen\/#primaryimage"},"image":{"@id":"https:\/\/now-news.de\/de\/china\/senator-rubio-sagt-bidens-kritik-an-maga-erinnere-an-dritte-welt-diktaturen\/#primaryimage"},"thumbnailUrl":"https:\/\/now-news.de\/de\/wp-content\/uploads\/sites\/3\/2022\/09\/1663077782_Senator-Rubio-sagt-Bidens-Kritik-an-MAGA-erinnere-an-\u201eDritte-Welt-Diktaturen.jpg","datePublished":"2022-09-13T13:32:03+00:00","dateModified":"2022-09-13T13:32:03+00:00","breadcrumb":{"@id":"https:\/\/now-news.de\/de\/china\/senator-rubio-sagt-bidens-kritik-an-maga-erinnere-an-dritte-welt-diktaturen\/#breadcrumb"},"inLanguage":"de","potentialAction":[{"@type":"ReadAction","target":["https:\/\/now-news.de\/de\/china\/senator-rubio-sagt-bidens-kritik-an-maga-erinnere-an-dritte-welt-diktaturen\/"]}]},{"@type":"ImageObject","inLanguage":"de","@id":"https:\/\/now-news.de\/de\/china\/senator-rubio-sagt-bidens-kritik-an-maga-erinnere-an-dritte-welt-diktaturen\/#primaryimage","url":"https:\/\/now-news.de\/de\/wp-content\/uploads\/sites\/3\/2022\/09\/1663077782_Senator-Rubio-sagt-Bidens-Kritik-an-MAGA-erinnere-an-\u201eDritte-Welt-Diktaturen.jpg","contentUrl":"https:\/\/now-news.de\/de\/wp-content\/uploads\/sites\/3\/2022\/09\/1663077782_Senator-Rubio-sagt-Bidens-Kritik-an-MAGA-erinnere-an-\u201eDritte-Welt-Diktaturen.jpg","width":1200,"height":800},{"@type":"BreadcrumbList","@id":"https:\/\/now-news.de\/de\/china\/senator-rubio-sagt-bidens-kritik-an-maga-erinnere-an-dritte-welt-diktaturen\/#breadcrumb","itemListElement":[{"@type":"ListItem","position":1,"name":"Home","item":"https:\/\/now-news.de\/de\/"},{"@type":"ListItem","position":2,"name":"Senator Rubio sagt, Bidens Kritik an MAGA erinnere an \u201eDritte-Welt-Diktaturen\u201c"}]},{"@type":"WebSite","@id":"https:\/\/now-news.de\/de\/#website","url":"https:\/\/now-news.de\/de\/","name":"just-now.NEWS Deutschland","description":"Das Portal f\u00fcr unzensierte Nachrichten aus der Welt","publisher":{"@id":"https:\/\/now-news.de\/de\/#organization"},"potentialAction":[{"@type":"SearchAction","target":{"@type":"EntryPoint","urlTemplate":"https:\/\/now-news.de\/de\/?s={search_term_string}"},"query-input":"required name=search_term_string"}],"inLanguage":"de"},{"@type":"Organization","@id":"https:\/\/now-news.de\/de\/#organization","name":"Just Now News","url":"https:\/\/now-news.de\/de\/","logo":{"@type":"ImageObject","inLanguage":"de","@id":"https:\/\/now-news.de\/de\/#\/schema\/logo\/image\/","url":"http:\/\/just-now.news\/de\/wp-content\/uploads\/sites\/3\/2022\/04\/logo500x500.jpg","contentUrl":"http:\/\/just-now.news\/de\/wp-content\/uploads\/sites\/3\/2022\/04\/logo500x500.jpg","width":500,"height":500,"caption":"Just Now News"},"image":{"@id":"https:\/\/now-news.de\/de\/#\/schema\/logo\/image\/"},"sameAs":["https:\/\/www.facebook.com\/wirmachenauf","https:\/\/x.com\/WirMachenAuf_de"]},{"@type":"Person","@id":"https:\/\/now-news.de\/de\/#\/schema\/person\/c6dfcd35a72a074487761b9d49aef52f","name":"epoch","image":{"@type":"ImageObject","inLanguage":"de","@id":"https:\/\/now-news.de\/de\/#\/schema\/person\/image\/","url":"https:\/\/secure.gravatar.com\/avatar\/56933836307948e61ef581cc4d100335?s=96&d=mm&r=g","contentUrl":"https:\/\/secure.gravatar.com\/avatar\/56933836307948e61ef581cc4d100335?s=96&d=mm&r=g","caption":"epoch"},"url":"https:\/\/now-news.de\/de\/author\/epoch\/"}]}},"_links":{"self":[{"href":"https:\/\/now-news.de\/de\/wp-json\/wp\/v2\/posts\/18982"}],"collection":[{"href":"https:\/\/now-news.de\/de\/wp-json\/wp\/v2\/posts"}],"about":[{"href":"https:\/\/now-news.de\/de\/wp-json\/wp\/v2\/types\/post"}],"author":[{"embeddable":true,"href":"https:\/\/now-news.de\/de\/wp-json\/wp\/v2\/users\/6"}],"replies":[{"embeddable":true,"href":"https:\/\/now-news.de\/de\/wp-json\/wp\/v2\/comments?post=18982"}],"version-history":[{"count":0,"href":"https:\/\/now-news.de\/de\/wp-json\/wp\/v2\/posts\/18982\/revisions"}],"wp:featuredmedia":[{"embeddable":true,"href":"https:\/\/now-news.de\/de\/wp-json\/wp\/v2\/media\/18983"}],"wp:attachment":[{"href":"https:\/\/now-news.de\/de\/wp-json\/wp\/v2\/media?parent=18982"}],"wp:term":[{"taxonomy":"category","embeddable":true,"href":"https:\/\/now-news.de\/de\/wp-json\/wp\/v2\/categories?post=18982"},{"taxonomy":"post_tag","embeddable":true,"href":"https:\/\/now-news.de\/de\/wp-json\/wp\/v2\/tags?post=18982"}],"curies":[{"name":"wp","href":"https:\/\/api.w.org\/{rel}","templated":true}]}}