{"id":18968,"date":"2022-09-13T14:09:00","date_gmt":"2022-09-13T12:09:00","guid":{"rendered":"http:\/\/just-now.news\/de\/deutschland\/thorsten-schulte-bundeskanzler-fremdbestimmt-ein-geheimpapier-oeffnet-den-deutschen-die-augen\/"},"modified":"2022-09-13T14:09:00","modified_gmt":"2022-09-13T12:09:00","slug":"thorsten-schulte-bundeskanzler-fremdbestimmt-ein-geheimpapier-oeffnet-den-deutschen-die-augen","status":"publish","type":"post","link":"https:\/\/now-news.de\/de\/deutschland\/thorsten-schulte-bundeskanzler-fremdbestimmt-ein-geheimpapier-oeffnet-den-deutschen-die-augen\/","title":{"rendered":"Thorsten Schulte: Bundeskanzler fremdbestimmt? Ein Geheimpapier \u00f6ffnet den Deutschen die Augen"},"content":{"rendered":"<div class=\"Text-root Text-type_1 \">\n                Wird Deutschland regiert oder ruiniert? Diese Frage dr\u00e4ngt sich angesichts der Politik der Bundesregierung um Kanzler Scholz, Vizekanzler Habeck und Au\u00dfenministerin Baerbock geradezu auf. Dem Land droht mittlerweile nichts weniger als die Zerst\u00f6rung seiner wirtschaftlichen Grundlage.\n            <\/div>\n<p><\/p>\n<div class=\"Text-root Text-type_5 ArticleView-text ViewText-root \">\n<p><em>Von Thorsten Schulte<\/em><\/p>\n<p>Vielleicht \u00f6ffnen die gleich folgenden Beweisen ja vielen naiven, leichtgl\u00e4ubigen Deutschen die Augen. Uns liegt ein Geheimpapier der RAND\u00a0Corporation vor, das\u00a0ist ein Thinktank der USA, praktisch die inoffizielle Denkfabrik des Pentagons, des US-Verteidigungsministeriums. Und wir werden noch auf \u00f6ffentlich zug\u00e4ngliche Denkschriften dieser Organisation eingehen, die meiner Meinung\u00a0nach\u00a0eine Schande sind und jedem Deutschen die Augen \u00f6ffnen sollten. Dazu bald mehr. Heute zeigen wir ein Papier, welches uns zugespielt wurde,\u00a0und dabei zeigen wir etwas, was bislang noch nicht \u00f6ffentlich zug\u00e4nglich war.<\/p>\n<p>Im Podcast vom 23. August \u00fcber die Ermordung des Deutsche-Bank-Chefs Alfred Herrhausen am 30.\u00a0November 1989, kurz nach dem Fall der Berliner Mauer, erw\u00e4hnte ich bereits den gesch\u00e4tzten Journalisten und Buchautor Ferdinand Kroh. Dieser schrieb in seinem Buch WENDEMAN\u00d6VER, dass Ende 1989\u00a0\u2013\u00a0kurz nach der Ermordung Alfred Herrhausens\u00a0\u2013\u00a0der damalige CIA-Chef William Webster unter anderem auf einer Tagung der wichtigsten Global Player in Los Angeles vor dem &#8220;Rat\u00a0f\u00fcr Weltangelegenheiten&#8221;\u00a0verk\u00fcndet habe, dass <strong><em>&#8220;die damals noch existierende Sowjetunion nicht l\u00e4nger der strategische Gegner der USA sei, sondern die bisherigen Verb\u00fcndeten und jetzigen wirtschaftlichen Konkurrenten, vor allem Deutschland und Japan.&#8221;<\/em><\/strong><\/p>\n<p><strong><em>Ferdinand Kroh, Wendeman\u00f6ver, Carl Hanser Verlag M\u00fcnchen Wien, 2005, Seite 247<\/em><\/strong><\/p>\n<p>Die Rede des damaligen CIA-Chefs wurde inzwischen deklassifiziert, also der \u00d6ffentlichkeit zug\u00e4nglich gemacht. Dieser CIA-Chef sagte damals, Ende 1989, ganz klar und deutlich:<\/p>\n<p><em><strong>&#8220;UNSERE POLITISCHEN UND MILIT\u00c4RISCHEN VERB\u00dcNDETEN SIND AUCH UNSERE WIRTSCHAFTLICHEN KONKURRENTEN.&#8221;<\/strong><\/em><\/p>\n<p>Die Rede ist auf der im Skript zum Podcast verlinkten Seite f\u00fcr jeden abrufbar. Denn hier lassen wir Fakten sprechen und keine Fake News wie in\u00a0<em>ARD<\/em>\u00a0und\u00a0<em>ZDF<\/em>. Ganz deutlich sei dies hier gesagt.<\/p>\n<p>Und jetzt zu dem Geheimpapier der RAND\u00a0Corporation vom 25. Januar 2022, welches uns zugespielt wurde.\u00a0 Wir\u00a0ver\u00f6ffentlichen das Deckblatt und wichtige Inhalte dieser Studie. Layout, Wortwahl und Inhalt sprechen f\u00fcr die Echtheit des Dokuments!<\/p>\n<p>\u00dcbersetzen wir wesentliche Inhalte:<\/p>\n<p><strong><em>&#8220;Das derzeitige deutsche Wirtschaftsmodell st\u00fctzt sich auf zwei S\u00e4ulen. Diese sind der unbegrenzte Zugang zu billigen russischen Energieressourcen und zu billigem franz\u00f6sischem Strom, dank des Betriebs von Kernkraftwerken. Die Bedeutung des ersten Faktors ist wesentlich h\u00f6her. Ein Stopp der russischen Lieferungen kann durchaus eine Systemkrise ausl\u00f6sen, die f\u00fcr die deutsche Wirtschaft \u2013\u00a0und indirekt f\u00fcr die gesamte Europ\u00e4ische Union \u2013\u00a0verheerend w\u00e4re.&#8221;<\/em><\/strong><\/p>\n<p>Wer will da widersprechen? Die Analyse ist treffend. Weiter geht es:<\/p>\n<p><strong><em>&#8220;Aufgrund von Koalitionszw\u00e4ngen hat die deutsche F\u00fchrung nicht die volle Kontrolle \u00fcber die Lage im Lande. Dank unserer pr\u00e4zisen Aktionen war es m\u00f6glich, die Inbetriebnahme der Nord Stream 2-Pipeline trotz des Widerstands der Lobbyisten aus der Stahl- und Chemieindustrie zu verhindern.<\/em><\/strong><\/p>\n<p><strong><em>Der einzig gangbare Weg, die Ablehnung russischer Energielieferungen durch Deutschland zu gew\u00e4hrleisten, ist die Einbindung beider Seiten in den milit\u00e4rischen Konflikt in der Ukraine. Unsere weiteren Aktionen in diesem Land werden unweigerlich zu einer milit\u00e4rischen Antwort Russlands f\u00fchren. Die Russen werden den massiven Druck der ukrainischen Armee auf die nicht anerkannten Donbass-Republiken nat\u00fcrlich nicht unbeantwortet lassen k\u00f6nnen.&#8221;<\/em><\/strong><\/p>\n<p>Kurze Anmerkung: Selbst die US-Vasallen in Deutschland namens Atlantikbr\u00fccke e.V. stellten beweisbar fest, dass die USA 2017 und 2019 alles unternahmen, um die Ostsee-Erdgas-Pipeline Nord Stream\u00a02 zwischen Russland und Deutschland zu verhindern. Und weiter geht es mit Zitaten aus dem Papier:<\/p>\n<p><strong><em>&#8220;Die Voraussetzung daf\u00fcr, dass Deutschland in diese Falle tappt, ist die f\u00fchrende Rolle der gr\u00fcnen Parteien und Ideologie in Europa. Die deutschen Gr\u00fcnen sind eine stark dogmatische, wenn nicht gar \u00fcbereifrige Bewegung, was es recht einfach macht, sie dazu zu bringen, wirtschaftliche Argumente zu ignorieren. In dieser Hinsicht \u00fcbertreffen die deutschen Gr\u00fcnen ihre Pendants im \u00fcbrigen Europa ein wenig. Pers\u00f6nliche Eigenschaften und die mangelnde Professionalit\u00e4t ihrer F\u00fchrer \u2013\u00a0vor allem Annalena Baerbock und Robert Habeck \u2013\u00a0lassen vermuten, dass es f\u00fcr sie nahezu unm\u00f6glich ist, ihre eigenen Fehler rechtzeitig einzugestehen.&#8221;<\/em><\/strong><\/p>\n<p>Mich erinnert das an die <a rel=\"nofollow noopener\" target=\"_blank\" href=\"https:\/\/www.welt.de\/politik\/ausland\/article188634787\/George-Soros-eindringliche-Warnung-an-die-EU-Aufwachen.html\">Feststellung der deutschen Tageszeitung\u00a0<em>Die Welt<\/em><\/a>\u00a0\u00fcber den Milliard\u00e4r George Soros: &#8220;<strong>Doch Soros hat auch eine Hoffnung: Die Gr\u00fcnen.&#8221;<\/strong><\/p>\n<p>Buch Fremdbestimmt, Fu\u00dfnote 8:\u00a0<em>Die Welt<\/em>, George Soros: &#8220;Die\u00a0Menschen in Europa m\u00fcssen aufwachen, bevor es zu sp\u00e4t ist&#8221;<\/p>\n<p>Zitieren wir aber jetzt weiter aus dem Papier der RAND\u00a0Corporation:<\/p>\n<p><strong><em>&#8220;Die kumulierten Verluste der deutschen Wirtschaft lassen sich nur ungef\u00e4hr absch\u00e4tzen. Selbst wenn die Beschr\u00e4nkung der russischen Lieferungen auf das Jahr 2022 begrenzt ist, werden die Folgen mehrere Jahre andauern, und die Gesamtverluste k\u00f6nnten 200 bis\u00a0300 Milliarden Euro erreichen. Dies wird nicht nur der deutschen Wirtschaft einen verheerenden Schlag versetzen, sondern die gesamte EU-Wirtschaft wird unweigerlich zusammenbrechen. Wir sprechen hier nicht von einem R\u00fcckgang des Wirtschaftswachstums, sondern von einer anhaltenden Rezession und einem R\u00fcckgang des BIP allein bei der materiellen Produktion um 3 bis\u00a04 Prozent\u00a0pro Jahr in den n\u00e4chsten 5 bis\u00a06 Jahren. Ein solcher R\u00fcckgang wird unweigerlich zu einer Panik auf den Finanzm\u00e4rkten f\u00fchren und diese m\u00f6glicherweise zum Einsturz bringen.<\/em><\/strong><\/p>\n<p><strong><em>Eine weitere unvermeidliche Folge einer lang anhaltenden wirtschaftlichen Rezession wird ein starker R\u00fcckgang des Lebensstandards und eine steigende Arbeitslosigkeit sein (bis zu 200.000 bis\u00a0400.000 allein in Deutschland) \u2026&#8221;<\/em><\/strong><\/p>\n<p>Ich hege keinen Zweifel an der Echtheit des uns zugespielten Papieres. Die Fakten kann niemand bestreiten, die Rede des damaligen CIA-Chefs Ende 1989 ist sehr, sehr entlarvend, der normale Menschenverstand tut ein\u00a0\u00dcbriges.<\/p>\n<p>Der Erdgaspreis ist in Europa derzeit achtmal so hoch wie in den USA. Der Strompreis war bereits 2020 der h\u00f6chste der Welt.<\/p>\n<figure class=\"RTImage-root\">\n<div class=\"RTImage-image RTImage-original\"><picture class=\"Picture-root Picture-original\"><!--[if IE 9]><video style=\"display: none;\"><![endif]--><source media=\"(-webkit-min-device-pixel-ratio: 2) and (min-resolution: 120dpi)\" data-srcset=\" \nhttp:\/\/just-now.news\/de\/wp-content\/uploads\/sites\/3\/2022\/09\/631ee2b448fbef3ba649773c.png 850w,\n                http:\/\/just-now.news\/de\/wp-content\/uploads\/sites\/3\/2022\/09\/631ee2b448fbef3ba649773c.png 1960w,\n            \" ><source data-srcset=\" \nhttp:\/\/just-now.news\/de\/wp-content\/uploads\/sites\/3\/2022\/09\/631ee2b448fbef3ba649773c.png 460w,\n              http:\/\/just-now.news\/de\/wp-content\/uploads\/sites\/3\/2022\/09\/631ee2b448fbef3ba649773c.png 980w,\n            \" ><!--[if IE 9]><\/video><![endif]--><img decoding=\"async\" data- src=\"data:image\/png;base64,iVBORw0KGgoAAAANSUhEUgAAABAAAAAJCAQAAACRI2S5AAAAEElEQVR42mNkIAAYRxWAAQAG9gAKqv6+AwAAAABJRU5ErkJggg==\" class=\"Picture-root Picture-original lazyload\" data-src=\"http:\/\/just-now.news\/de\/wp-content\/uploads\/sites\/3\/2022\/09\/631ee2b448fbef3ba649773c.png\" alt=\"\"><\/source><\/source><\/picture><!-- noscript pattern --><noscript><img decoding=\"async\" src=\"http:\/\/just-now.news\/de\/wp-content\/uploads\/sites\/3\/2022\/09\/631ee2b448fbef3ba649773c.png\" alt=\"\"><\/noscript><\/div>\n<\/figure>\n<p>Der Bundesverband der Deutschen Industrie <a rel=\"nofollow noopener\" target=\"_blank\" href=\"https:\/\/issuu.com\/bdi-berlin\/docs\/20220906_umfrage_bdi_lagebild_mittelstand\">warnt<\/a>:<\/p>\n<p>&#8211; Existenz von 35 Prozent\u00a0der Betriebe gef\u00e4hrdet durch Energiepreisexplosion<\/p>\n<p>&#8211; 25 Prozent\u00a0der Unternehmen verlagern bereits Produktion ins Ausland<\/p>\n<p>Die Preise der Produzenten von G\u00fctern steigen in Deutschland zum Vorjahr mit \u00fcber 37,2 Prozent\u00a0so stark wie in keinem anderen Industrieland. Die USA kommen nur auf +15,5 Prozent, Euroland insgesamt auf +18,7 Prozent\u00a0und China nur auf +4,2 Prozent.<\/p>\n<figure class=\"RTImage-root\">\n<div class=\"RTImage-image RTImage-original\"><picture class=\"Picture-root Picture-original\"><!--[if IE 9]><video style=\"display: none;\"><![endif]--><source media=\"(-webkit-min-device-pixel-ratio: 2) and (min-resolution: 120dpi)\" data-srcset=\" \nhttp:\/\/just-now.news\/de\/wp-content\/uploads\/sites\/3\/2022\/09\/631ee2e0b480cc6e4d481a62.png 850w,\n                http:\/\/just-now.news\/de\/wp-content\/uploads\/sites\/3\/2022\/09\/631ee2e0b480cc6e4d481a62.png 1960w,\n            \" ><source data-srcset=\" \nhttp:\/\/just-now.news\/de\/wp-content\/uploads\/sites\/3\/2022\/09\/631ee2e0b480cc6e4d481a62.png 460w,\n              http:\/\/just-now.news\/de\/wp-content\/uploads\/sites\/3\/2022\/09\/631ee2e0b480cc6e4d481a62.png 980w,\n            \" ><!--[if IE 9]><\/video><![endif]--><img decoding=\"async\" data- src=\"data:image\/png;base64,iVBORw0KGgoAAAANSUhEUgAAABAAAAAJCAQAAACRI2S5AAAAEElEQVR42mNkIAAYRxWAAQAG9gAKqv6+AwAAAABJRU5ErkJggg==\" class=\"Picture-root Picture-original lazyload\" data-src=\"http:\/\/just-now.news\/de\/wp-content\/uploads\/sites\/3\/2022\/09\/631ee2e0b480cc6e4d481a62.png\" alt=\"\"><\/source><\/source><\/picture><!-- noscript pattern --><noscript><img decoding=\"async\" src=\"http:\/\/just-now.news\/de\/wp-content\/uploads\/sites\/3\/2022\/09\/631ee2e0b480cc6e4d481a62.png\" alt=\"\"><\/noscript><\/div>\n<\/figure>\n<p>Deutschland zerst\u00f6rt gerade seine wirtschaftliche Grundlage, die ganze Generationen zuvor m\u00fchselig mit Schwei\u00df und Tr\u00e4nen aufgebaut haben.<\/p>\n<p>Werden wir Deutschen regiert oder ruiniert? Diese Frage dr\u00e4ngt sich auf. W\u00e4re die Bundesregierung um Kanzler Scholz, Vizekanzler Habeck und Au\u00dfenministerin Baerbock selbstbestimmt und von der Vernunft geleitet, w\u00fcrde sie kaum ihren Kurs beibehalten. Dieser Regierungskurs riskiert Blackouts, Strommangel, Gasmangel, AdBlue-Mangel f\u00fcr Dieselfahrzeuge und vieles, vieles mehr.<\/p>\n<p>Deutschland wird gegen die Wand gefahren. Mit Dummheit und Ignoranz kann dies nicht erkl\u00e4rt werden. Die Verantwortlichen m\u00fcssen klar benannt werden und Rechenschaft ablegen. Auf Unwissenheit wird sich niemand berufen k\u00f6nnen.<\/p>\n<p><strong><em><a rel=\"nofollow noopener\" target=\"_blank\" href=\"https:\/\/www.silberjunge.de\/\">Thorsten Schulte<\/a><\/em><\/strong><em>\u00a0ist eine Stimme der Vernunft zu Wirtschaft und Politik in Europa. Er ist der Autor von B\u00fcchern wie &#8220;<a rel=\"nofollow noopener\" target=\"_blank\" href=\"https:\/\/www.amazon.de\/Kontrollverlust-Wer-uns-bedroht-sch%C3%BCtzen\/dp\/3864454921\">Kontrollverlust \u2013 Wer uns bedroht und wie wir uns sch\u00fctzen<\/a>&#8221; (Spiegel-Bestseller Platz 1, mit Vorwort von Willy Wimmer) und &#8220;<a rel=\"nofollow noopener\" target=\"_blank\" href=\"https:\/\/www.amazon.de\/Fremdbestimmt-120-Jahre-L%C3%BCgen-T%C3%A4uschung\/dp\/3982126509\">Fremdbestimmt: 120 Jahre L\u00fcgen und T\u00e4uschung<\/a>&#8220;, redet Tacheles, deckt auf, klagt an und entwirft einen besseren Weg f\u00fcr Deutschland.<\/em><\/p>\n<div class=\"EmbedBlock-root EmbedBlock-externalVideo EmbedBlock-odysee\">\n<div class=\"VkEmbed\"><iframe class=\"lazyload\" data-src=\"https:\/\/odysee.com\/$\/embed\/deutschland_steuert_auf_eine_katastrophe_zu\/9ee9822a817777ad1b75677b02b1e885ba6d7bf7\" frameborder=\"0\" width=\"853\" height=\"480\" allowfullscreen><\/iframe><\/div>\n<\/div>\n<\/div>\n<p><br \/>\n<br \/><a href=\"https:\/\/de.rt.com\/meinung\/148665-ist-olaf-scholz-fremdbestimmt-geheimpapier\/\">Source link <\/a><\/p>\n","protected":false},"excerpt":{"rendered":"<p>Wird Deutschland regiert oder ruiniert? Diese Frage dr\u00e4ngt sich angesichts der Politik der Bundesregierung um Kanzler Scholz, Vizekanzler Habeck und Au\u00dfenministerin Baerbock geradezu auf. Dem Land droht mittlerweile nichts weniger als die Zerst\u00f6rung seiner wirtschaftlichen Grundlage. Von Thorsten Schulte Vielleicht \u00f6ffnen die gleich folgenden Beweisen ja vielen naiven, leichtgl\u00e4ubigen Deutschen die Augen. Uns liegt ein [&hellip;]<\/p>\n","protected":false},"author":3,"featured_media":18969,"comment_status":"open","ping_status":"open","sticky":false,"template":"","format":"standard","meta":{"wp_automatic_camp":["217"],"08998c778bd62710d1567c160f93caf9":["Thorsten Schulte: Bundeskanzler fremdbestimmt? Ein Geheimpapier \u00f6ffnet den Deutschen die Augen"],"original_link":["https:\/\/de.rt.com\/meinung\/148665-ist-olaf-scholz-fremdbestimmt-geheimpapier\/"],"_thumbnail_id":["18969"],"_wptg_p2tg_sent2tg":["2022-09-13 14:10:18"],"jnews_social_counter_last_update":["1777267898"]},"categories":[19,23],"tags":[26492,8976,48,577,45,357,32739,32740,9196,30861,30860],"yoast_head":"<!-- This site is optimized with the Yoast SEO Premium plugin v22.7 (Yoast SEO v22.7) - https:\/\/yoast.com\/wordpress\/plugins\/seo\/ -->\n<title>Thorsten Schulte: Bundeskanzler fremdbestimmt? Ein Geheimpapier \u00f6ffnet den Deutschen die Augen - just-now.NEWS Deutschland<\/title>\n<meta name=\"robots\" content=\"index, follow, max-snippet:-1, max-image-preview:large, max-video-preview:-1\" \/>\n<link rel=\"canonical\" href=\"https:\/\/now-news.de\/de\/deutschland\/thorsten-schulte-bundeskanzler-fremdbestimmt-ein-geheimpapier-oeffnet-den-deutschen-die-augen\/\" \/>\n<meta property=\"og:locale\" content=\"de_DE\" \/>\n<meta property=\"og:type\" content=\"article\" \/>\n<meta property=\"og:title\" content=\"Thorsten Schulte: Bundeskanzler fremdbestimmt? Ein Geheimpapier \u00f6ffnet den Deutschen die Augen\" \/>\n<meta property=\"og:description\" content=\"Wird Deutschland regiert oder ruiniert? Diese Frage dr\u00e4ngt sich angesichts der Politik der Bundesregierung um Kanzler Scholz, Vizekanzler Habeck und Au\u00dfenministerin Baerbock geradezu auf. Dem Land droht mittlerweile nichts weniger als die Zerst\u00f6rung seiner wirtschaftlichen Grundlage. Von Thorsten Schulte Vielleicht \u00f6ffnen die gleich folgenden Beweisen ja vielen naiven, leichtgl\u00e4ubigen Deutschen die Augen. Uns liegt ein [&hellip;]\" \/>\n<meta property=\"og:url\" content=\"https:\/\/now-news.de\/de\/deutschland\/thorsten-schulte-bundeskanzler-fremdbestimmt-ein-geheimpapier-oeffnet-den-deutschen-die-augen\/\" \/>\n<meta property=\"og:site_name\" content=\"just-now.NEWS Deutschland\" \/>\n<meta property=\"article:publisher\" content=\"https:\/\/www.facebook.com\/wirmachenauf\" \/>\n<meta property=\"article:published_time\" content=\"2022-09-13T12:09:00+00:00\" \/>\n<meta property=\"og:image\" content=\"https:\/\/now-news.de\/de\/wp-content\/uploads\/sites\/3\/2022\/09\/Thorsten-Schulte-Bundeskanzler-fremdbestimmt-Ein-Geheimpapier-oeffnet-den-Deutschen-die.png\" \/>\n\t<meta property=\"og:image:width\" content=\"284\" \/>\n\t<meta property=\"og:image:height\" content=\"294\" \/>\n\t<meta property=\"og:image:type\" content=\"image\/png\" \/>\n<meta name=\"author\" content=\"rtnews\" \/>\n<meta name=\"twitter:card\" content=\"summary_large_image\" \/>\n<meta name=\"twitter:creator\" content=\"@WirMachenAuf_de\" \/>\n<meta name=\"twitter:site\" content=\"@WirMachenAuf_de\" \/>\n<meta name=\"twitter:label1\" content=\"Verfasst von\" \/>\n\t<meta name=\"twitter:data1\" content=\"rtnews\" \/>\n\t<meta name=\"twitter:label2\" content=\"Gesch\u00e4tzte Lesezeit\" \/>\n\t<meta name=\"twitter:data2\" content=\"6\u00a0Minuten\" \/>\n<script type=\"application\/ld+json\" class=\"yoast-schema-graph\">{\"@context\":\"https:\/\/schema.org\",\"@graph\":[{\"@type\":\"Article\",\"@id\":\"https:\/\/now-news.de\/de\/deutschland\/thorsten-schulte-bundeskanzler-fremdbestimmt-ein-geheimpapier-oeffnet-den-deutschen-die-augen\/#article\",\"isPartOf\":{\"@id\":\"https:\/\/now-news.de\/de\/deutschland\/thorsten-schulte-bundeskanzler-fremdbestimmt-ein-geheimpapier-oeffnet-den-deutschen-die-augen\/\"},\"author\":{\"name\":\"rtnews\",\"@id\":\"https:\/\/now-news.de\/de\/#\/schema\/person\/fb534a4e865501d8b3285208df34a9b5\"},\"headline\":\"Thorsten Schulte: Bundeskanzler fremdbestimmt? Ein Geheimpapier \u00f6ffnet den Deutschen die Augen\",\"datePublished\":\"2022-09-13T12:09:00+00:00\",\"dateModified\":\"2022-09-13T12:09:00+00:00\",\"mainEntityOfPage\":{\"@id\":\"https:\/\/now-news.de\/de\/deutschland\/thorsten-schulte-bundeskanzler-fremdbestimmt-ein-geheimpapier-oeffnet-den-deutschen-die-augen\/\"},\"wordCount\":1178,\"commentCount\":0,\"publisher\":{\"@id\":\"https:\/\/now-news.de\/de\/#organization\"},\"image\":{\"@id\":\"https:\/\/now-news.de\/de\/deutschland\/thorsten-schulte-bundeskanzler-fremdbestimmt-ein-geheimpapier-oeffnet-den-deutschen-die-augen\/#primaryimage\"},\"thumbnailUrl\":\"https:\/\/now-news.de\/de\/wp-content\/uploads\/sites\/3\/2022\/09\/Thorsten-Schulte-Bundeskanzler-fremdbestimmt-Ein-Geheimpapier-oeffnet-den-Deutschen-die.png\",\"keywords\":[\"Augen\",\"Bundeskanzler\",\"den\",\"Deutschen\",\"die\",\"ein\",\"fremdbestimmt\",\"Geheimpapier\",\"\u00f6ffnet\",\"Schulte\",\"Thorsten\"],\"articleSection\":[\"Deutschland\",\"Russland\"],\"inLanguage\":\"de\",\"potentialAction\":[{\"@type\":\"CommentAction\",\"name\":\"Comment\",\"target\":[\"https:\/\/now-news.de\/de\/deutschland\/thorsten-schulte-bundeskanzler-fremdbestimmt-ein-geheimpapier-oeffnet-den-deutschen-die-augen\/#respond\"]}]},{\"@type\":\"WebPage\",\"@id\":\"https:\/\/now-news.de\/de\/deutschland\/thorsten-schulte-bundeskanzler-fremdbestimmt-ein-geheimpapier-oeffnet-den-deutschen-die-augen\/\",\"url\":\"https:\/\/now-news.de\/de\/deutschland\/thorsten-schulte-bundeskanzler-fremdbestimmt-ein-geheimpapier-oeffnet-den-deutschen-die-augen\/\",\"name\":\"Thorsten Schulte: Bundeskanzler fremdbestimmt? Ein Geheimpapier \u00f6ffnet den Deutschen die Augen - just-now.NEWS Deutschland\",\"isPartOf\":{\"@id\":\"https:\/\/now-news.de\/de\/#website\"},\"primaryImageOfPage\":{\"@id\":\"https:\/\/now-news.de\/de\/deutschland\/thorsten-schulte-bundeskanzler-fremdbestimmt-ein-geheimpapier-oeffnet-den-deutschen-die-augen\/#primaryimage\"},\"image\":{\"@id\":\"https:\/\/now-news.de\/de\/deutschland\/thorsten-schulte-bundeskanzler-fremdbestimmt-ein-geheimpapier-oeffnet-den-deutschen-die-augen\/#primaryimage\"},\"thumbnailUrl\":\"https:\/\/now-news.de\/de\/wp-content\/uploads\/sites\/3\/2022\/09\/Thorsten-Schulte-Bundeskanzler-fremdbestimmt-Ein-Geheimpapier-oeffnet-den-Deutschen-die.png\",\"datePublished\":\"2022-09-13T12:09:00+00:00\",\"dateModified\":\"2022-09-13T12:09:00+00:00\",\"breadcrumb\":{\"@id\":\"https:\/\/now-news.de\/de\/deutschland\/thorsten-schulte-bundeskanzler-fremdbestimmt-ein-geheimpapier-oeffnet-den-deutschen-die-augen\/#breadcrumb\"},\"inLanguage\":\"de\",\"potentialAction\":[{\"@type\":\"ReadAction\",\"target\":[\"https:\/\/now-news.de\/de\/deutschland\/thorsten-schulte-bundeskanzler-fremdbestimmt-ein-geheimpapier-oeffnet-den-deutschen-die-augen\/\"]}]},{\"@type\":\"ImageObject\",\"inLanguage\":\"de\",\"@id\":\"https:\/\/now-news.de\/de\/deutschland\/thorsten-schulte-bundeskanzler-fremdbestimmt-ein-geheimpapier-oeffnet-den-deutschen-die-augen\/#primaryimage\",\"url\":\"https:\/\/now-news.de\/de\/wp-content\/uploads\/sites\/3\/2022\/09\/Thorsten-Schulte-Bundeskanzler-fremdbestimmt-Ein-Geheimpapier-oeffnet-den-Deutschen-die.png\",\"contentUrl\":\"https:\/\/now-news.de\/de\/wp-content\/uploads\/sites\/3\/2022\/09\/Thorsten-Schulte-Bundeskanzler-fremdbestimmt-Ein-Geheimpapier-oeffnet-den-Deutschen-die.png\",\"width\":284,\"height\":294,\"caption\":\"Thorsten Schulte: Bundeskanzler fremdbestimmt? Ein Geheimpapier \u00f6ffnet den Deutschen die Augen\"},{\"@type\":\"BreadcrumbList\",\"@id\":\"https:\/\/now-news.de\/de\/deutschland\/thorsten-schulte-bundeskanzler-fremdbestimmt-ein-geheimpapier-oeffnet-den-deutschen-die-augen\/#breadcrumb\",\"itemListElement\":[{\"@type\":\"ListItem\",\"position\":1,\"name\":\"Home\",\"item\":\"https:\/\/now-news.de\/de\/\"},{\"@type\":\"ListItem\",\"position\":2,\"name\":\"Thorsten Schulte: Bundeskanzler fremdbestimmt? Ein Geheimpapier \u00f6ffnet den Deutschen die Augen\"}]},{\"@type\":\"WebSite\",\"@id\":\"https:\/\/now-news.de\/de\/#website\",\"url\":\"https:\/\/now-news.de\/de\/\",\"name\":\"just-now.NEWS Deutschland\",\"description\":\"Das Portal f\u00fcr unzensierte Nachrichten aus der Welt\",\"publisher\":{\"@id\":\"https:\/\/now-news.de\/de\/#organization\"},\"potentialAction\":[{\"@type\":\"SearchAction\",\"target\":{\"@type\":\"EntryPoint\",\"urlTemplate\":\"https:\/\/now-news.de\/de\/?s={search_term_string}\"},\"query-input\":\"required name=search_term_string\"}],\"inLanguage\":\"de\"},{\"@type\":\"Organization\",\"@id\":\"https:\/\/now-news.de\/de\/#organization\",\"name\":\"Just Now News\",\"url\":\"https:\/\/now-news.de\/de\/\",\"logo\":{\"@type\":\"ImageObject\",\"inLanguage\":\"de\",\"@id\":\"https:\/\/now-news.de\/de\/#\/schema\/logo\/image\/\",\"url\":\"http:\/\/just-now.news\/de\/wp-content\/uploads\/sites\/3\/2022\/04\/logo500x500.jpg\",\"contentUrl\":\"http:\/\/just-now.news\/de\/wp-content\/uploads\/sites\/3\/2022\/04\/logo500x500.jpg\",\"width\":500,\"height\":500,\"caption\":\"Just Now News\"},\"image\":{\"@id\":\"https:\/\/now-news.de\/de\/#\/schema\/logo\/image\/\"},\"sameAs\":[\"https:\/\/www.facebook.com\/wirmachenauf\",\"https:\/\/x.com\/WirMachenAuf_de\"]},{\"@type\":\"Person\",\"@id\":\"https:\/\/now-news.de\/de\/#\/schema\/person\/fb534a4e865501d8b3285208df34a9b5\",\"name\":\"rtnews\",\"image\":{\"@type\":\"ImageObject\",\"inLanguage\":\"de\",\"@id\":\"https:\/\/now-news.de\/de\/#\/schema\/person\/image\/\",\"url\":\"https:\/\/secure.gravatar.com\/avatar\/82aafea7d8127119dd649515f56e2117?s=96&d=mm&r=g\",\"contentUrl\":\"https:\/\/secure.gravatar.com\/avatar\/82aafea7d8127119dd649515f56e2117?s=96&d=mm&r=g\",\"caption\":\"rtnews\"},\"url\":\"https:\/\/now-news.de\/de\/author\/rnews\/\"}]}<\/script>\n<!-- \/ Yoast SEO Premium plugin. -->","yoast_head_json":{"title":"Thorsten Schulte: Bundeskanzler fremdbestimmt? Ein Geheimpapier \u00f6ffnet den Deutschen die Augen - just-now.NEWS Deutschland","robots":{"index":"index","follow":"follow","max-snippet":"max-snippet:-1","max-image-preview":"max-image-preview:large","max-video-preview":"max-video-preview:-1"},"canonical":"https:\/\/now-news.de\/de\/deutschland\/thorsten-schulte-bundeskanzler-fremdbestimmt-ein-geheimpapier-oeffnet-den-deutschen-die-augen\/","og_locale":"de_DE","og_type":"article","og_title":"Thorsten Schulte: Bundeskanzler fremdbestimmt? Ein Geheimpapier \u00f6ffnet den Deutschen die Augen","og_description":"Wird Deutschland regiert oder ruiniert? Diese Frage dr\u00e4ngt sich angesichts der Politik der Bundesregierung um Kanzler Scholz, Vizekanzler Habeck und Au\u00dfenministerin Baerbock geradezu auf. Dem Land droht mittlerweile nichts weniger als die Zerst\u00f6rung seiner wirtschaftlichen Grundlage. Von Thorsten Schulte Vielleicht \u00f6ffnen die gleich folgenden Beweisen ja vielen naiven, leichtgl\u00e4ubigen Deutschen die Augen. Uns liegt ein [&hellip;]","og_url":"https:\/\/now-news.de\/de\/deutschland\/thorsten-schulte-bundeskanzler-fremdbestimmt-ein-geheimpapier-oeffnet-den-deutschen-die-augen\/","og_site_name":"just-now.NEWS Deutschland","article_publisher":"https:\/\/www.facebook.com\/wirmachenauf","article_published_time":"2022-09-13T12:09:00+00:00","og_image":[{"width":284,"height":294,"url":"https:\/\/now-news.de\/de\/wp-content\/uploads\/sites\/3\/2022\/09\/Thorsten-Schulte-Bundeskanzler-fremdbestimmt-Ein-Geheimpapier-oeffnet-den-Deutschen-die.png","type":"image\/png"}],"author":"rtnews","twitter_card":"summary_large_image","twitter_creator":"@WirMachenAuf_de","twitter_site":"@WirMachenAuf_de","twitter_misc":{"Verfasst von":"rtnews","Gesch\u00e4tzte Lesezeit":"6\u00a0Minuten"},"schema":{"@context":"https:\/\/schema.org","@graph":[{"@type":"Article","@id":"https:\/\/now-news.de\/de\/deutschland\/thorsten-schulte-bundeskanzler-fremdbestimmt-ein-geheimpapier-oeffnet-den-deutschen-die-augen\/#article","isPartOf":{"@id":"https:\/\/now-news.de\/de\/deutschland\/thorsten-schulte-bundeskanzler-fremdbestimmt-ein-geheimpapier-oeffnet-den-deutschen-die-augen\/"},"author":{"name":"rtnews","@id":"https:\/\/now-news.de\/de\/#\/schema\/person\/fb534a4e865501d8b3285208df34a9b5"},"headline":"Thorsten Schulte: Bundeskanzler fremdbestimmt? Ein Geheimpapier \u00f6ffnet den Deutschen die Augen","datePublished":"2022-09-13T12:09:00+00:00","dateModified":"2022-09-13T12:09:00+00:00","mainEntityOfPage":{"@id":"https:\/\/now-news.de\/de\/deutschland\/thorsten-schulte-bundeskanzler-fremdbestimmt-ein-geheimpapier-oeffnet-den-deutschen-die-augen\/"},"wordCount":1178,"commentCount":0,"publisher":{"@id":"https:\/\/now-news.de\/de\/#organization"},"image":{"@id":"https:\/\/now-news.de\/de\/deutschland\/thorsten-schulte-bundeskanzler-fremdbestimmt-ein-geheimpapier-oeffnet-den-deutschen-die-augen\/#primaryimage"},"thumbnailUrl":"https:\/\/now-news.de\/de\/wp-content\/uploads\/sites\/3\/2022\/09\/Thorsten-Schulte-Bundeskanzler-fremdbestimmt-Ein-Geheimpapier-oeffnet-den-Deutschen-die.png","keywords":["Augen","Bundeskanzler","den","Deutschen","die","ein","fremdbestimmt","Geheimpapier","\u00f6ffnet","Schulte","Thorsten"],"articleSection":["Deutschland","Russland"],"inLanguage":"de","potentialAction":[{"@type":"CommentAction","name":"Comment","target":["https:\/\/now-news.de\/de\/deutschland\/thorsten-schulte-bundeskanzler-fremdbestimmt-ein-geheimpapier-oeffnet-den-deutschen-die-augen\/#respond"]}]},{"@type":"WebPage","@id":"https:\/\/now-news.de\/de\/deutschland\/thorsten-schulte-bundeskanzler-fremdbestimmt-ein-geheimpapier-oeffnet-den-deutschen-die-augen\/","url":"https:\/\/now-news.de\/de\/deutschland\/thorsten-schulte-bundeskanzler-fremdbestimmt-ein-geheimpapier-oeffnet-den-deutschen-die-augen\/","name":"Thorsten Schulte: Bundeskanzler fremdbestimmt? Ein Geheimpapier \u00f6ffnet den Deutschen die Augen - just-now.NEWS Deutschland","isPartOf":{"@id":"https:\/\/now-news.de\/de\/#website"},"primaryImageOfPage":{"@id":"https:\/\/now-news.de\/de\/deutschland\/thorsten-schulte-bundeskanzler-fremdbestimmt-ein-geheimpapier-oeffnet-den-deutschen-die-augen\/#primaryimage"},"image":{"@id":"https:\/\/now-news.de\/de\/deutschland\/thorsten-schulte-bundeskanzler-fremdbestimmt-ein-geheimpapier-oeffnet-den-deutschen-die-augen\/#primaryimage"},"thumbnailUrl":"https:\/\/now-news.de\/de\/wp-content\/uploads\/sites\/3\/2022\/09\/Thorsten-Schulte-Bundeskanzler-fremdbestimmt-Ein-Geheimpapier-oeffnet-den-Deutschen-die.png","datePublished":"2022-09-13T12:09:00+00:00","dateModified":"2022-09-13T12:09:00+00:00","breadcrumb":{"@id":"https:\/\/now-news.de\/de\/deutschland\/thorsten-schulte-bundeskanzler-fremdbestimmt-ein-geheimpapier-oeffnet-den-deutschen-die-augen\/#breadcrumb"},"inLanguage":"de","potentialAction":[{"@type":"ReadAction","target":["https:\/\/now-news.de\/de\/deutschland\/thorsten-schulte-bundeskanzler-fremdbestimmt-ein-geheimpapier-oeffnet-den-deutschen-die-augen\/"]}]},{"@type":"ImageObject","inLanguage":"de","@id":"https:\/\/now-news.de\/de\/deutschland\/thorsten-schulte-bundeskanzler-fremdbestimmt-ein-geheimpapier-oeffnet-den-deutschen-die-augen\/#primaryimage","url":"https:\/\/now-news.de\/de\/wp-content\/uploads\/sites\/3\/2022\/09\/Thorsten-Schulte-Bundeskanzler-fremdbestimmt-Ein-Geheimpapier-oeffnet-den-Deutschen-die.png","contentUrl":"https:\/\/now-news.de\/de\/wp-content\/uploads\/sites\/3\/2022\/09\/Thorsten-Schulte-Bundeskanzler-fremdbestimmt-Ein-Geheimpapier-oeffnet-den-Deutschen-die.png","width":284,"height":294,"caption":"Thorsten Schulte: Bundeskanzler fremdbestimmt? Ein Geheimpapier \u00f6ffnet den Deutschen die Augen"},{"@type":"BreadcrumbList","@id":"https:\/\/now-news.de\/de\/deutschland\/thorsten-schulte-bundeskanzler-fremdbestimmt-ein-geheimpapier-oeffnet-den-deutschen-die-augen\/#breadcrumb","itemListElement":[{"@type":"ListItem","position":1,"name":"Home","item":"https:\/\/now-news.de\/de\/"},{"@type":"ListItem","position":2,"name":"Thorsten Schulte: Bundeskanzler fremdbestimmt? Ein Geheimpapier \u00f6ffnet den Deutschen die Augen"}]},{"@type":"WebSite","@id":"https:\/\/now-news.de\/de\/#website","url":"https:\/\/now-news.de\/de\/","name":"just-now.NEWS Deutschland","description":"Das Portal f\u00fcr unzensierte Nachrichten aus der Welt","publisher":{"@id":"https:\/\/now-news.de\/de\/#organization"},"potentialAction":[{"@type":"SearchAction","target":{"@type":"EntryPoint","urlTemplate":"https:\/\/now-news.de\/de\/?s={search_term_string}"},"query-input":"required name=search_term_string"}],"inLanguage":"de"},{"@type":"Organization","@id":"https:\/\/now-news.de\/de\/#organization","name":"Just Now News","url":"https:\/\/now-news.de\/de\/","logo":{"@type":"ImageObject","inLanguage":"de","@id":"https:\/\/now-news.de\/de\/#\/schema\/logo\/image\/","url":"http:\/\/just-now.news\/de\/wp-content\/uploads\/sites\/3\/2022\/04\/logo500x500.jpg","contentUrl":"http:\/\/just-now.news\/de\/wp-content\/uploads\/sites\/3\/2022\/04\/logo500x500.jpg","width":500,"height":500,"caption":"Just Now News"},"image":{"@id":"https:\/\/now-news.de\/de\/#\/schema\/logo\/image\/"},"sameAs":["https:\/\/www.facebook.com\/wirmachenauf","https:\/\/x.com\/WirMachenAuf_de"]},{"@type":"Person","@id":"https:\/\/now-news.de\/de\/#\/schema\/person\/fb534a4e865501d8b3285208df34a9b5","name":"rtnews","image":{"@type":"ImageObject","inLanguage":"de","@id":"https:\/\/now-news.de\/de\/#\/schema\/person\/image\/","url":"https:\/\/secure.gravatar.com\/avatar\/82aafea7d8127119dd649515f56e2117?s=96&d=mm&r=g","contentUrl":"https:\/\/secure.gravatar.com\/avatar\/82aafea7d8127119dd649515f56e2117?s=96&d=mm&r=g","caption":"rtnews"},"url":"https:\/\/now-news.de\/de\/author\/rnews\/"}]}},"_links":{"self":[{"href":"https:\/\/now-news.de\/de\/wp-json\/wp\/v2\/posts\/18968"}],"collection":[{"href":"https:\/\/now-news.de\/de\/wp-json\/wp\/v2\/posts"}],"about":[{"href":"https:\/\/now-news.de\/de\/wp-json\/wp\/v2\/types\/post"}],"author":[{"embeddable":true,"href":"https:\/\/now-news.de\/de\/wp-json\/wp\/v2\/users\/3"}],"replies":[{"embeddable":true,"href":"https:\/\/now-news.de\/de\/wp-json\/wp\/v2\/comments?post=18968"}],"version-history":[{"count":0,"href":"https:\/\/now-news.de\/de\/wp-json\/wp\/v2\/posts\/18968\/revisions"}],"wp:featuredmedia":[{"embeddable":true,"href":"https:\/\/now-news.de\/de\/wp-json\/wp\/v2\/media\/18969"}],"wp:attachment":[{"href":"https:\/\/now-news.de\/de\/wp-json\/wp\/v2\/media?parent=18968"}],"wp:term":[{"taxonomy":"category","embeddable":true,"href":"https:\/\/now-news.de\/de\/wp-json\/wp\/v2\/categories?post=18968"},{"taxonomy":"post_tag","embeddable":true,"href":"https:\/\/now-news.de\/de\/wp-json\/wp\/v2\/tags?post=18968"}],"curies":[{"name":"wp","href":"https:\/\/api.w.org\/{rel}","templated":true}]}}