{"id":18942,"date":"2022-09-13T07:33:25","date_gmt":"2022-09-13T05:33:25","guid":{"rendered":"http:\/\/just-now.news\/de\/deutschland\/nach-kritik-an-moeglichen-panzerlieferungen-kuehnert-loescht-sich-auf-twitter\/"},"modified":"2022-09-13T07:33:25","modified_gmt":"2022-09-13T05:33:25","slug":"nach-kritik-an-moeglichen-panzerlieferungen-kuehnert-loescht-sich-auf-twitter","status":"publish","type":"post","link":"https:\/\/now-news.de\/de\/deutschland\/nach-kritik-an-moeglichen-panzerlieferungen-kuehnert-loescht-sich-auf-twitter\/","title":{"rendered":"Nach Kritik an m\u00f6glichen Panzerlieferungen: K\u00fchnert l\u00f6scht sich auf Twitter"},"content":{"rendered":"<p><img decoding=\"async\" src=\"http:\/\/just-now.news\/de\/wp-content\/uploads\/sites\/3\/2022\/09\/631fa80eb480cc64dd148f61.jpg\" \/><\/p>\n<p>SPD-Generalsekret\u00e4r Kevin K\u00fchnert hat sich am Montag in der Sendung\u00a0<a rel=\"nofollow noopener\" target=\"_blank\" href=\"https:\/\/www.stern.de\/politik\/deutschland\/kevin-kuehnert---wollen-russland-nicht-animieren--noch-andere-staaten-anzugreifen--32718636.html\">ntv<\/a>\u00a0<a rel=\"nofollow noopener\" target=\"_blank\" href=\"https:\/\/www.stern.de\/politik\/deutschland\/kevin-kuehnert---wollen-russland-nicht-animieren--noch-andere-staaten-anzugreifen--32718636.html\">Fr\u00fchstart<\/a> deutlich gegen deutsche Panzerlieferungen an die Ukraine ausgesprochen und erkl\u00e4rt, dass man Russland nicht animieren wolle, noch andere Staaten anzugreifen. Darin macht er auch deutlich, dass nicht die US-Botschaft, falls diese das m\u00f6glicherweise w\u00fcnsche, dar\u00fcber bestimme, welche Waffen in welchem Umfang Deutschland an die Ukraine liefere. Mit Blick auf andere skeptischen Stimmen zu Panzerlieferungen meinte K\u00fchnert:<\/p>\n<blockquote>\n<p><em>&#8220;Diese Aussagen, dass wir nicht schleichend hineingezogen werden wollen in den Krieg, dass wir Russland nicht noch dazu animieren wollen, v\u00f6llig irrational am Ende zu handeln und noch ganz andere Staaten anzugreifen, das ist ja keine Kleinigkeit.&#8221;<\/em><\/p>\n<\/blockquote>\n<p>Das sei ein wichtiger Punkt, der bei &#8220;allem hei\u00dfen Herzen&#8221; bedacht werden m\u00fcsse. Sp\u00e4ter habe auch Verteidigungsministerin Christine Lambrecht (SPD) den Lieferungen\u00a0eine Absage erteilt, wie der <em>Spiegel<\/em>\u00a0<a rel=\"nofollow noopener\" target=\"_blank\" href=\"https:\/\/www.spiegel.de\/politik\/deutschland\/christine-lambrecht-vs-robert-habeck-ampel-streitet-ueber-neue-ruestungsexportregeln-a-73c629e8-e4d3-4704-9cc3-89f6e0c59aa6\">berichtet<\/a>.<\/p>\n<p>Nach K\u00fchnerts Aussage begann\u00a0in den sozialen Medien ein heftiger Shitstorm gegen den 33-J\u00e4hrigen. So bezeichnete ihn Paul Ronzheimer von der Bild-Zeitung als einen &#8220;Mini-Gas-Gerd&#8221;:<\/p>\n<div class=\"EmbedBlock-root EmbedBlock-twitter\">\n<div class=\"TwitterEmbed\">\n<blockquote class=\"twitter-tweet lazyload\" data-twitter=\"twitter-tweet\">\n<p lang=\"de\" dir=\"ltr\">Kevin K\u00fchnert warnt davor, dass Russland \u201ev\u00f6llig irrational\u201c handeln k\u00f6nnte und will deshalb keine Kampfpanzer in die Ukraine schicken. Ach so, war ja alles total rational, was seit dem 24. Februar passiert ist. Eine SPD, die von Mini-Gas-Gerds gepr\u00e4gt wird, ist zum Verzweifeln.<\/p>\n<p>\u2014 Paul Ronzheimer (@ronzheimer) <a rel=\"nofollow noopener\" target=\"_blank\" href=\"https:\/\/twitter.com\/ronzheimer\/status\/1569247834309885953?ref_src=twsrc%5Etfw\">September 12, 2022<\/a><\/p><\/blockquote><\/div><\/div>\n<p>Kevin Dachselt, der Chefredakteur des Jugend-Magazins <em>Vice<\/em>, schrieb auf Twitter:<\/p>\n<div class=\"EmbedBlock-root EmbedBlock-twitter\">\n<div class=\"TwitterEmbed\">\n<blockquote class=\"twitter-tweet lazyload\" data-twitter=\"twitter-tweet\">\n<p lang=\"de\" dir=\"ltr\">K\u00fchnert gegen Lieferung deutscher Panzer. Man solle Russland nicht animieren, andere Staaten anzugreifen. Je st\u00e4rker der Mut der Ukraine wird, desto gr\u00f6\u00dfer die Feigheit der SPD.<\/p>\n<p>\u2014 Felix Dachsel (@xileffff) <a rel=\"nofollow noopener\" target=\"_blank\" href=\"https:\/\/twitter.com\/xileffff\/status\/1569249244283822080?ref_src=twsrc%5Etfw\">September 12, 2022<\/a><\/p><\/blockquote><\/div><\/div>\n<blockquote>\n<p><em>&#8220;K\u00fchnert gegen Lieferung deutscher Panzer. Man solle Russland nicht animieren, andere Staaten anzugreifen. Je st\u00e4rker der Mut der Ukraine wird, desto gr\u00f6\u00dfer die Feigheit der SPD.&#8221;<\/em><\/p>\n<\/blockquote>\n<p>Offenkundig wurde der mediale Druck auf K\u00fchnert so gro\u00df, dass dieser am Montagnachmittag sein Twitterprofil l\u00f6schte. Gegen\u00fcber dem Redaktionsnetzwerk Deutschland sagte K\u00fchnert:<\/p>\n<blockquote>\n<p><em>&#8220;Ich finde einfach, dass die Diskussionskultur, wie sie auf Twitter stattfindet und auch die Art und Weise wie dort Gesellschaft repr\u00e4sentiert oder, ich w\u00fcrde sagen, absolut gar nicht repr\u00e4sentiert wird, dass das zu Fehlschl\u00fcssen und Irrt\u00fcmern in politischen Entscheidungen f\u00fchrt.&#8221;<\/em><\/p>\n<\/blockquote>\n<div class=\"EmbedBlock-root EmbedBlock-twitter\">\n<div class=\"TwitterEmbed\">\n<blockquote class=\"twitter-tweet lazyload\" data-twitter=\"twitter-tweet\">\n<p lang=\"en\" dir=\"ltr\">Okay. <a rel=\"nofollow noopener\" target=\"_blank\" href=\"https:\/\/twitter.com\/hashtag\/K%C3%BChnert?src=hash&amp;ref_src=twsrc%5Etfw\">#K\u00fchnert<\/a> <a rel=\"nofollow noopener\" target=\"_blank\" href=\"https:\/\/t.co\/2Tm7Ah5RZ9\">pic.twitter.com\/2Tm7Ah5RZ9<\/a><\/p>\n<p>\u2014 Tibor Martini ???????? (@tibor) <a rel=\"nofollow noopener\" target=\"_blank\" href=\"https:\/\/twitter.com\/tibor\/status\/1569273083319537664?ref_src=twsrc%5Etfw\">September 12, 2022<\/a><\/p><\/blockquote><\/div><\/div>\n<p><strong>Mehr zum Thema<\/strong> &#8211; <a rel=\"nofollow noopener\" target=\"_blank\" href=\"https:\/\/test.rtde.tech\/inland\/148663-russischer-botschafter-rote-linie-ueberschritten\/\">Russischer Botschafter: Deutschland hat rote Linie \u00fcberschritten<\/a><\/p>\n<\/p>\n<p><script async src=\"https:\/\/platform.twitter.com\/widgets.js\" charset=\"utf-8\"><\/script><br \/>\n<br \/><br \/>\n<br \/><a href=\"https:\/\/de.rt.com\/inland\/148740-nach-kritik-an-moglichen-panzerlieferungen\/\">Source link <\/a><\/p>\n","protected":false},"excerpt":{"rendered":"<p>SPD-Generalsekret\u00e4r Kevin K\u00fchnert hat sich am Montag in der Sendung\u00a0ntv\u00a0Fr\u00fchstart deutlich gegen deutsche Panzerlieferungen an die Ukraine ausgesprochen und erkl\u00e4rt, dass man Russland nicht animieren wolle, noch andere Staaten anzugreifen. Darin macht er auch deutlich, dass nicht die US-Botschaft, falls diese das m\u00f6glicherweise w\u00fcnsche, dar\u00fcber bestimme, welche Waffen in welchem Umfang Deutschland an die Ukraine [&hellip;]<\/p>\n","protected":false},"author":3,"featured_media":18943,"comment_status":"open","ping_status":"open","sticky":false,"template":"","format":"standard","meta":{"wp_automatic_camp":["217"],"84672b05d9e1c3b87c711f1a85b65ac2":["Nach Kritik an m\u00f6glichen Panzerlieferungen: K\u00fchnert l\u00f6scht sich auf Twitter"],"original_link":["https:\/\/de.rt.com\/inland\/148740-nach-kritik-an-moglichen-panzerlieferungen\/"],"_thumbnail_id":["18943"],"_wptg_p2tg_sent2tg":["2022-09-13 07:46:09"],"jnews_social_counter_last_update":["1777172055"]},"categories":[19,23],"tags":[133,935,20306,26611,22016,979,32725,434,1583],"yoast_head":"<!-- This site is optimized with the Yoast SEO Premium plugin v22.7 (Yoast SEO v22.7) - https:\/\/yoast.com\/wordpress\/plugins\/seo\/ -->\n<title>Nach Kritik an m\u00f6glichen Panzerlieferungen: K\u00fchnert l\u00f6scht sich auf Twitter - just-now.NEWS Deutschland<\/title>\n<meta name=\"robots\" content=\"index, follow, max-snippet:-1, max-image-preview:large, max-video-preview:-1\" \/>\n<link rel=\"canonical\" href=\"https:\/\/now-news.de\/de\/deutschland\/nach-kritik-an-moeglichen-panzerlieferungen-kuehnert-loescht-sich-auf-twitter\/\" \/>\n<meta property=\"og:locale\" content=\"de_DE\" \/>\n<meta property=\"og:type\" content=\"article\" \/>\n<meta property=\"og:title\" content=\"Nach Kritik an m\u00f6glichen Panzerlieferungen: K\u00fchnert l\u00f6scht sich auf Twitter\" \/>\n<meta property=\"og:description\" content=\"SPD-Generalsekret\u00e4r Kevin K\u00fchnert hat sich am Montag in der Sendung\u00a0ntv\u00a0Fr\u00fchstart deutlich gegen deutsche Panzerlieferungen an die Ukraine ausgesprochen und erkl\u00e4rt, dass man Russland nicht animieren wolle, noch andere Staaten anzugreifen. Darin macht er auch deutlich, dass nicht die US-Botschaft, falls diese das m\u00f6glicherweise w\u00fcnsche, dar\u00fcber bestimme, welche Waffen in welchem Umfang Deutschland an die Ukraine [&hellip;]\" \/>\n<meta property=\"og:url\" content=\"https:\/\/now-news.de\/de\/deutschland\/nach-kritik-an-moeglichen-panzerlieferungen-kuehnert-loescht-sich-auf-twitter\/\" \/>\n<meta property=\"og:site_name\" content=\"just-now.NEWS Deutschland\" \/>\n<meta property=\"article:publisher\" content=\"https:\/\/www.facebook.com\/wirmachenauf\" \/>\n<meta property=\"article:published_time\" content=\"2022-09-13T05:33:25+00:00\" \/>\n<meta property=\"og:image\" content=\"https:\/\/now-news.de\/de\/wp-content\/uploads\/sites\/3\/2022\/09\/Nach-Kritik-an-moeglichen-Panzerlieferungen-Kuehnert-loescht-sich-auf-Twitter.jpg\" \/>\n\t<meta property=\"og:image:width\" content=\"460\" \/>\n\t<meta property=\"og:image:height\" content=\"259\" \/>\n\t<meta property=\"og:image:type\" content=\"image\/jpeg\" \/>\n<meta name=\"author\" content=\"rtnews\" \/>\n<meta name=\"twitter:card\" content=\"summary_large_image\" \/>\n<meta name=\"twitter:creator\" content=\"@WirMachenAuf_de\" \/>\n<meta name=\"twitter:site\" content=\"@WirMachenAuf_de\" \/>\n<meta name=\"twitter:label1\" content=\"Verfasst von\" \/>\n\t<meta name=\"twitter:data1\" content=\"rtnews\" \/>\n\t<meta name=\"twitter:label2\" content=\"Gesch\u00e4tzte Lesezeit\" \/>\n\t<meta name=\"twitter:data2\" content=\"2\u00a0Minuten\" \/>\n<script type=\"application\/ld+json\" class=\"yoast-schema-graph\">{\"@context\":\"https:\/\/schema.org\",\"@graph\":[{\"@type\":\"Article\",\"@id\":\"https:\/\/now-news.de\/de\/deutschland\/nach-kritik-an-moeglichen-panzerlieferungen-kuehnert-loescht-sich-auf-twitter\/#article\",\"isPartOf\":{\"@id\":\"https:\/\/now-news.de\/de\/deutschland\/nach-kritik-an-moeglichen-panzerlieferungen-kuehnert-loescht-sich-auf-twitter\/\"},\"author\":{\"name\":\"rtnews\",\"@id\":\"https:\/\/now-news.de\/de\/#\/schema\/person\/fb534a4e865501d8b3285208df34a9b5\"},\"headline\":\"Nach Kritik an m\u00f6glichen Panzerlieferungen: K\u00fchnert l\u00f6scht sich auf Twitter\",\"datePublished\":\"2022-09-13T05:33:25+00:00\",\"dateModified\":\"2022-09-13T05:33:25+00:00\",\"mainEntityOfPage\":{\"@id\":\"https:\/\/now-news.de\/de\/deutschland\/nach-kritik-an-moeglichen-panzerlieferungen-kuehnert-loescht-sich-auf-twitter\/\"},\"wordCount\":407,\"commentCount\":0,\"publisher\":{\"@id\":\"https:\/\/now-news.de\/de\/#organization\"},\"image\":{\"@id\":\"https:\/\/now-news.de\/de\/deutschland\/nach-kritik-an-moeglichen-panzerlieferungen-kuehnert-loescht-sich-auf-twitter\/#primaryimage\"},\"thumbnailUrl\":\"https:\/\/now-news.de\/de\/wp-content\/uploads\/sites\/3\/2022\/09\/Nach-Kritik-an-moeglichen-Panzerlieferungen-Kuehnert-loescht-sich-auf-Twitter.jpg\",\"keywords\":[\"AUF\",\"Kritik\",\"K\u00fchnert\",\"l\u00f6scht\",\"m\u00f6glichen\",\"nach\",\"Panzerlieferungen\",\"sich\",\"Twitter\"],\"articleSection\":[\"Deutschland\",\"Russland\"],\"inLanguage\":\"de\",\"potentialAction\":[{\"@type\":\"CommentAction\",\"name\":\"Comment\",\"target\":[\"https:\/\/now-news.de\/de\/deutschland\/nach-kritik-an-moeglichen-panzerlieferungen-kuehnert-loescht-sich-auf-twitter\/#respond\"]}]},{\"@type\":\"WebPage\",\"@id\":\"https:\/\/now-news.de\/de\/deutschland\/nach-kritik-an-moeglichen-panzerlieferungen-kuehnert-loescht-sich-auf-twitter\/\",\"url\":\"https:\/\/now-news.de\/de\/deutschland\/nach-kritik-an-moeglichen-panzerlieferungen-kuehnert-loescht-sich-auf-twitter\/\",\"name\":\"Nach Kritik an m\u00f6glichen Panzerlieferungen: K\u00fchnert l\u00f6scht sich auf Twitter - just-now.NEWS Deutschland\",\"isPartOf\":{\"@id\":\"https:\/\/now-news.de\/de\/#website\"},\"primaryImageOfPage\":{\"@id\":\"https:\/\/now-news.de\/de\/deutschland\/nach-kritik-an-moeglichen-panzerlieferungen-kuehnert-loescht-sich-auf-twitter\/#primaryimage\"},\"image\":{\"@id\":\"https:\/\/now-news.de\/de\/deutschland\/nach-kritik-an-moeglichen-panzerlieferungen-kuehnert-loescht-sich-auf-twitter\/#primaryimage\"},\"thumbnailUrl\":\"https:\/\/now-news.de\/de\/wp-content\/uploads\/sites\/3\/2022\/09\/Nach-Kritik-an-moeglichen-Panzerlieferungen-Kuehnert-loescht-sich-auf-Twitter.jpg\",\"datePublished\":\"2022-09-13T05:33:25+00:00\",\"dateModified\":\"2022-09-13T05:33:25+00:00\",\"breadcrumb\":{\"@id\":\"https:\/\/now-news.de\/de\/deutschland\/nach-kritik-an-moeglichen-panzerlieferungen-kuehnert-loescht-sich-auf-twitter\/#breadcrumb\"},\"inLanguage\":\"de\",\"potentialAction\":[{\"@type\":\"ReadAction\",\"target\":[\"https:\/\/now-news.de\/de\/deutschland\/nach-kritik-an-moeglichen-panzerlieferungen-kuehnert-loescht-sich-auf-twitter\/\"]}]},{\"@type\":\"ImageObject\",\"inLanguage\":\"de\",\"@id\":\"https:\/\/now-news.de\/de\/deutschland\/nach-kritik-an-moeglichen-panzerlieferungen-kuehnert-loescht-sich-auf-twitter\/#primaryimage\",\"url\":\"https:\/\/now-news.de\/de\/wp-content\/uploads\/sites\/3\/2022\/09\/Nach-Kritik-an-moeglichen-Panzerlieferungen-Kuehnert-loescht-sich-auf-Twitter.jpg\",\"contentUrl\":\"https:\/\/now-news.de\/de\/wp-content\/uploads\/sites\/3\/2022\/09\/Nach-Kritik-an-moeglichen-Panzerlieferungen-Kuehnert-loescht-sich-auf-Twitter.jpg\",\"width\":460,\"height\":259,\"caption\":\"Nach Kritik an m\u00f6glichen Panzerlieferungen: K\u00fchnert l\u00f6scht sich auf Twitter\"},{\"@type\":\"BreadcrumbList\",\"@id\":\"https:\/\/now-news.de\/de\/deutschland\/nach-kritik-an-moeglichen-panzerlieferungen-kuehnert-loescht-sich-auf-twitter\/#breadcrumb\",\"itemListElement\":[{\"@type\":\"ListItem\",\"position\":1,\"name\":\"Home\",\"item\":\"https:\/\/now-news.de\/de\/\"},{\"@type\":\"ListItem\",\"position\":2,\"name\":\"Nach Kritik an m\u00f6glichen Panzerlieferungen: K\u00fchnert l\u00f6scht sich auf Twitter\"}]},{\"@type\":\"WebSite\",\"@id\":\"https:\/\/now-news.de\/de\/#website\",\"url\":\"https:\/\/now-news.de\/de\/\",\"name\":\"just-now.NEWS Deutschland\",\"description\":\"Das Portal f\u00fcr unzensierte Nachrichten aus der Welt\",\"publisher\":{\"@id\":\"https:\/\/now-news.de\/de\/#organization\"},\"potentialAction\":[{\"@type\":\"SearchAction\",\"target\":{\"@type\":\"EntryPoint\",\"urlTemplate\":\"https:\/\/now-news.de\/de\/?s={search_term_string}\"},\"query-input\":\"required name=search_term_string\"}],\"inLanguage\":\"de\"},{\"@type\":\"Organization\",\"@id\":\"https:\/\/now-news.de\/de\/#organization\",\"name\":\"Just Now News\",\"url\":\"https:\/\/now-news.de\/de\/\",\"logo\":{\"@type\":\"ImageObject\",\"inLanguage\":\"de\",\"@id\":\"https:\/\/now-news.de\/de\/#\/schema\/logo\/image\/\",\"url\":\"http:\/\/just-now.news\/de\/wp-content\/uploads\/sites\/3\/2022\/04\/logo500x500.jpg\",\"contentUrl\":\"http:\/\/just-now.news\/de\/wp-content\/uploads\/sites\/3\/2022\/04\/logo500x500.jpg\",\"width\":500,\"height\":500,\"caption\":\"Just Now News\"},\"image\":{\"@id\":\"https:\/\/now-news.de\/de\/#\/schema\/logo\/image\/\"},\"sameAs\":[\"https:\/\/www.facebook.com\/wirmachenauf\",\"https:\/\/x.com\/WirMachenAuf_de\"]},{\"@type\":\"Person\",\"@id\":\"https:\/\/now-news.de\/de\/#\/schema\/person\/fb534a4e865501d8b3285208df34a9b5\",\"name\":\"rtnews\",\"image\":{\"@type\":\"ImageObject\",\"inLanguage\":\"de\",\"@id\":\"https:\/\/now-news.de\/de\/#\/schema\/person\/image\/\",\"url\":\"https:\/\/secure.gravatar.com\/avatar\/82aafea7d8127119dd649515f56e2117?s=96&d=mm&r=g\",\"contentUrl\":\"https:\/\/secure.gravatar.com\/avatar\/82aafea7d8127119dd649515f56e2117?s=96&d=mm&r=g\",\"caption\":\"rtnews\"},\"url\":\"https:\/\/now-news.de\/de\/author\/rnews\/\"}]}<\/script>\n<!-- \/ Yoast SEO Premium plugin. -->","yoast_head_json":{"title":"Nach Kritik an m\u00f6glichen Panzerlieferungen: K\u00fchnert l\u00f6scht sich auf Twitter - just-now.NEWS Deutschland","robots":{"index":"index","follow":"follow","max-snippet":"max-snippet:-1","max-image-preview":"max-image-preview:large","max-video-preview":"max-video-preview:-1"},"canonical":"https:\/\/now-news.de\/de\/deutschland\/nach-kritik-an-moeglichen-panzerlieferungen-kuehnert-loescht-sich-auf-twitter\/","og_locale":"de_DE","og_type":"article","og_title":"Nach Kritik an m\u00f6glichen Panzerlieferungen: K\u00fchnert l\u00f6scht sich auf Twitter","og_description":"SPD-Generalsekret\u00e4r Kevin K\u00fchnert hat sich am Montag in der Sendung\u00a0ntv\u00a0Fr\u00fchstart deutlich gegen deutsche Panzerlieferungen an die Ukraine ausgesprochen und erkl\u00e4rt, dass man Russland nicht animieren wolle, noch andere Staaten anzugreifen. Darin macht er auch deutlich, dass nicht die US-Botschaft, falls diese das m\u00f6glicherweise w\u00fcnsche, dar\u00fcber bestimme, welche Waffen in welchem Umfang Deutschland an die Ukraine [&hellip;]","og_url":"https:\/\/now-news.de\/de\/deutschland\/nach-kritik-an-moeglichen-panzerlieferungen-kuehnert-loescht-sich-auf-twitter\/","og_site_name":"just-now.NEWS Deutschland","article_publisher":"https:\/\/www.facebook.com\/wirmachenauf","article_published_time":"2022-09-13T05:33:25+00:00","og_image":[{"width":460,"height":259,"url":"https:\/\/now-news.de\/de\/wp-content\/uploads\/sites\/3\/2022\/09\/Nach-Kritik-an-moeglichen-Panzerlieferungen-Kuehnert-loescht-sich-auf-Twitter.jpg","type":"image\/jpeg"}],"author":"rtnews","twitter_card":"summary_large_image","twitter_creator":"@WirMachenAuf_de","twitter_site":"@WirMachenAuf_de","twitter_misc":{"Verfasst von":"rtnews","Gesch\u00e4tzte Lesezeit":"2\u00a0Minuten"},"schema":{"@context":"https:\/\/schema.org","@graph":[{"@type":"Article","@id":"https:\/\/now-news.de\/de\/deutschland\/nach-kritik-an-moeglichen-panzerlieferungen-kuehnert-loescht-sich-auf-twitter\/#article","isPartOf":{"@id":"https:\/\/now-news.de\/de\/deutschland\/nach-kritik-an-moeglichen-panzerlieferungen-kuehnert-loescht-sich-auf-twitter\/"},"author":{"name":"rtnews","@id":"https:\/\/now-news.de\/de\/#\/schema\/person\/fb534a4e865501d8b3285208df34a9b5"},"headline":"Nach Kritik an m\u00f6glichen Panzerlieferungen: K\u00fchnert l\u00f6scht sich auf Twitter","datePublished":"2022-09-13T05:33:25+00:00","dateModified":"2022-09-13T05:33:25+00:00","mainEntityOfPage":{"@id":"https:\/\/now-news.de\/de\/deutschland\/nach-kritik-an-moeglichen-panzerlieferungen-kuehnert-loescht-sich-auf-twitter\/"},"wordCount":407,"commentCount":0,"publisher":{"@id":"https:\/\/now-news.de\/de\/#organization"},"image":{"@id":"https:\/\/now-news.de\/de\/deutschland\/nach-kritik-an-moeglichen-panzerlieferungen-kuehnert-loescht-sich-auf-twitter\/#primaryimage"},"thumbnailUrl":"https:\/\/now-news.de\/de\/wp-content\/uploads\/sites\/3\/2022\/09\/Nach-Kritik-an-moeglichen-Panzerlieferungen-Kuehnert-loescht-sich-auf-Twitter.jpg","keywords":["AUF","Kritik","K\u00fchnert","l\u00f6scht","m\u00f6glichen","nach","Panzerlieferungen","sich","Twitter"],"articleSection":["Deutschland","Russland"],"inLanguage":"de","potentialAction":[{"@type":"CommentAction","name":"Comment","target":["https:\/\/now-news.de\/de\/deutschland\/nach-kritik-an-moeglichen-panzerlieferungen-kuehnert-loescht-sich-auf-twitter\/#respond"]}]},{"@type":"WebPage","@id":"https:\/\/now-news.de\/de\/deutschland\/nach-kritik-an-moeglichen-panzerlieferungen-kuehnert-loescht-sich-auf-twitter\/","url":"https:\/\/now-news.de\/de\/deutschland\/nach-kritik-an-moeglichen-panzerlieferungen-kuehnert-loescht-sich-auf-twitter\/","name":"Nach Kritik an m\u00f6glichen Panzerlieferungen: K\u00fchnert l\u00f6scht sich auf Twitter - just-now.NEWS Deutschland","isPartOf":{"@id":"https:\/\/now-news.de\/de\/#website"},"primaryImageOfPage":{"@id":"https:\/\/now-news.de\/de\/deutschland\/nach-kritik-an-moeglichen-panzerlieferungen-kuehnert-loescht-sich-auf-twitter\/#primaryimage"},"image":{"@id":"https:\/\/now-news.de\/de\/deutschland\/nach-kritik-an-moeglichen-panzerlieferungen-kuehnert-loescht-sich-auf-twitter\/#primaryimage"},"thumbnailUrl":"https:\/\/now-news.de\/de\/wp-content\/uploads\/sites\/3\/2022\/09\/Nach-Kritik-an-moeglichen-Panzerlieferungen-Kuehnert-loescht-sich-auf-Twitter.jpg","datePublished":"2022-09-13T05:33:25+00:00","dateModified":"2022-09-13T05:33:25+00:00","breadcrumb":{"@id":"https:\/\/now-news.de\/de\/deutschland\/nach-kritik-an-moeglichen-panzerlieferungen-kuehnert-loescht-sich-auf-twitter\/#breadcrumb"},"inLanguage":"de","potentialAction":[{"@type":"ReadAction","target":["https:\/\/now-news.de\/de\/deutschland\/nach-kritik-an-moeglichen-panzerlieferungen-kuehnert-loescht-sich-auf-twitter\/"]}]},{"@type":"ImageObject","inLanguage":"de","@id":"https:\/\/now-news.de\/de\/deutschland\/nach-kritik-an-moeglichen-panzerlieferungen-kuehnert-loescht-sich-auf-twitter\/#primaryimage","url":"https:\/\/now-news.de\/de\/wp-content\/uploads\/sites\/3\/2022\/09\/Nach-Kritik-an-moeglichen-Panzerlieferungen-Kuehnert-loescht-sich-auf-Twitter.jpg","contentUrl":"https:\/\/now-news.de\/de\/wp-content\/uploads\/sites\/3\/2022\/09\/Nach-Kritik-an-moeglichen-Panzerlieferungen-Kuehnert-loescht-sich-auf-Twitter.jpg","width":460,"height":259,"caption":"Nach Kritik an m\u00f6glichen Panzerlieferungen: K\u00fchnert l\u00f6scht sich auf Twitter"},{"@type":"BreadcrumbList","@id":"https:\/\/now-news.de\/de\/deutschland\/nach-kritik-an-moeglichen-panzerlieferungen-kuehnert-loescht-sich-auf-twitter\/#breadcrumb","itemListElement":[{"@type":"ListItem","position":1,"name":"Home","item":"https:\/\/now-news.de\/de\/"},{"@type":"ListItem","position":2,"name":"Nach Kritik an m\u00f6glichen Panzerlieferungen: K\u00fchnert l\u00f6scht sich auf Twitter"}]},{"@type":"WebSite","@id":"https:\/\/now-news.de\/de\/#website","url":"https:\/\/now-news.de\/de\/","name":"just-now.NEWS Deutschland","description":"Das Portal f\u00fcr unzensierte Nachrichten aus der Welt","publisher":{"@id":"https:\/\/now-news.de\/de\/#organization"},"potentialAction":[{"@type":"SearchAction","target":{"@type":"EntryPoint","urlTemplate":"https:\/\/now-news.de\/de\/?s={search_term_string}"},"query-input":"required name=search_term_string"}],"inLanguage":"de"},{"@type":"Organization","@id":"https:\/\/now-news.de\/de\/#organization","name":"Just Now News","url":"https:\/\/now-news.de\/de\/","logo":{"@type":"ImageObject","inLanguage":"de","@id":"https:\/\/now-news.de\/de\/#\/schema\/logo\/image\/","url":"http:\/\/just-now.news\/de\/wp-content\/uploads\/sites\/3\/2022\/04\/logo500x500.jpg","contentUrl":"http:\/\/just-now.news\/de\/wp-content\/uploads\/sites\/3\/2022\/04\/logo500x500.jpg","width":500,"height":500,"caption":"Just Now News"},"image":{"@id":"https:\/\/now-news.de\/de\/#\/schema\/logo\/image\/"},"sameAs":["https:\/\/www.facebook.com\/wirmachenauf","https:\/\/x.com\/WirMachenAuf_de"]},{"@type":"Person","@id":"https:\/\/now-news.de\/de\/#\/schema\/person\/fb534a4e865501d8b3285208df34a9b5","name":"rtnews","image":{"@type":"ImageObject","inLanguage":"de","@id":"https:\/\/now-news.de\/de\/#\/schema\/person\/image\/","url":"https:\/\/secure.gravatar.com\/avatar\/82aafea7d8127119dd649515f56e2117?s=96&d=mm&r=g","contentUrl":"https:\/\/secure.gravatar.com\/avatar\/82aafea7d8127119dd649515f56e2117?s=96&d=mm&r=g","caption":"rtnews"},"url":"https:\/\/now-news.de\/de\/author\/rnews\/"}]}},"_links":{"self":[{"href":"https:\/\/now-news.de\/de\/wp-json\/wp\/v2\/posts\/18942"}],"collection":[{"href":"https:\/\/now-news.de\/de\/wp-json\/wp\/v2\/posts"}],"about":[{"href":"https:\/\/now-news.de\/de\/wp-json\/wp\/v2\/types\/post"}],"author":[{"embeddable":true,"href":"https:\/\/now-news.de\/de\/wp-json\/wp\/v2\/users\/3"}],"replies":[{"embeddable":true,"href":"https:\/\/now-news.de\/de\/wp-json\/wp\/v2\/comments?post=18942"}],"version-history":[{"count":0,"href":"https:\/\/now-news.de\/de\/wp-json\/wp\/v2\/posts\/18942\/revisions"}],"wp:featuredmedia":[{"embeddable":true,"href":"https:\/\/now-news.de\/de\/wp-json\/wp\/v2\/media\/18943"}],"wp:attachment":[{"href":"https:\/\/now-news.de\/de\/wp-json\/wp\/v2\/media?parent=18942"}],"wp:term":[{"taxonomy":"category","embeddable":true,"href":"https:\/\/now-news.de\/de\/wp-json\/wp\/v2\/categories?post=18942"},{"taxonomy":"post_tag","embeddable":true,"href":"https:\/\/now-news.de\/de\/wp-json\/wp\/v2\/tags?post=18942"}],"curies":[{"name":"wp","href":"https:\/\/api.w.org\/{rel}","templated":true}]}}