{"id":18912,"date":"2022-09-12T17:40:21","date_gmt":"2022-09-12T15:40:21","guid":{"rendered":"http:\/\/just-now.news\/de\/deutschland\/serbien-und-tuerkei-setzen-weiter-auf-handel-mit-russland\/"},"modified":"2022-09-12T17:40:21","modified_gmt":"2022-09-12T15:40:21","slug":"serbien-und-tuerkei-setzen-weiter-auf-handel-mit-russland","status":"publish","type":"post","link":"https:\/\/now-news.de\/de\/deutschland\/serbien-und-tuerkei-setzen-weiter-auf-handel-mit-russland\/","title":{"rendered":"Serbien und T\u00fcrkei setzen weiter auf Handel mit Russland"},"content":{"rendered":"<p><img decoding=\"async\" src=\"http:\/\/just-now.news\/de\/wp-content\/uploads\/sites\/3\/2022\/09\/631f343848fbef2dd465f931.jpg\" \/><\/p>\n<div class=\"Text-root Text-type_1 \">\n                W\u00e4hrend in den westlichen Staaten infolge der Sanktionen gegen Moskau die Wirtschaftsbeziehungen mit Russland fast zum Erliegen gekommen sind, setzen Serbien und die T\u00fcrkei weiterhin auf Handel mit dem Land. Ankara erzielte im August gar Exporte dorthin in Rekordh\u00f6he.\n            <\/div>\n<p><\/p>\n<div class=\"Text-root Text-type_5 ArticleView-text ViewText-root \">\n<p>Als einziges NATO-Land setzt die T\u00fcrkei keine der Sanktionen des Westens gegen Russland um. Auch das Westbalkanland Serbien hat sich den Strafma\u00dfnahmen Br\u00fcssels gegen Moskau nicht angeschlossen. Stattdessen floriert der Handel zwischen der T\u00fcrkei und Russland wie nie zuvor. Wie aus den aktuellen Daten der t\u00fcrkischen Versammlung der Exporteure hervorgeht, hatte das Volumen der t\u00fcrkischen Ausfuhren nach Russland allein im August 738 Millionen US-Dollar \u00fcberschritten.<\/p>\n<p>Wie die russische Nachrichtenagentur <em>TASS<\/em> berichtet, seien das\u00a087,2 Prozent mehr als im Vorjahresmonat. Der t\u00fcrkische Handelsverband teilte demnach mit:\u00a0<\/p>\n<blockquote>\n<p><em>&#8220;Im August hat die T\u00fcrkei einen absoluten Rekord bei den Exporten nach Russland aufgestellt.&#8221;<\/em><\/p>\n<\/blockquote>\n<p>Seit Ankara den Unternehmen erlaubt, die L\u00fccke zu f\u00fcllen, die der Exodus westlicher Unternehmen aus Russland hinterlassen hat, sind die Exportaktivit\u00e4ten rasch gestiegen.\u00a0Im vergangenen Monat hatten die zwei L\u00e4nder sogar\u00a0einen Fahrplan f\u00fcr die wirtschaftliche Zusammenarbeit unterzeichnet, der vorsieht, den bilateralen Handelsumsatz auf 100 Milliarden US-Dollar pro Jahr zu steigern. Ankara und Moskau hatten au\u00dferdem vereinbart, den russischen Rubel als W\u00e4hrung f\u00fcr den bilateralen Handel einzuf\u00fchren, auch f\u00fcr russische Erdgaslieferungen.<\/p>\n<p>Bei einem Treffen mit dem t\u00fcrkischen Staatschef Recep Tayyip Erdo\u011fan im August wies der russische Pr\u00e4sident Wladimir Putin darauf hin, dass das Handelsvolumen zwischen Moskau und Ankara zunehme. Im vergangenen Jahr sei es um fast 60 Prozent gestiegen, und in den ersten f\u00fcnf Monaten 2022 habe sich das\u00a0Handelsvolumen verdoppelt.<\/p>\n<p>Auch der Flugverkehr zwischen der T\u00fcrkei und Russland ist nicht zum Erliegen gekommen. T\u00e4glich starten in Istanbul, Ankara und dem popul\u00e4ren t\u00fcrkischen Reiseziel Antalya Dutzende\u00a0Maschinen zu russischen Flugh\u00e4fen.<\/p>\n<p><strong>Serbiens Fluggesellschaft Air Serbia fliegt weiterhin Richtung Moskau<\/strong><\/p>\n<p>\u00c4hnliches\u00a0kann man derzeit am Flughafen Nikola Tesla in der serbischen Hauptstadt Belgrad beobachten. Bereits im Fr\u00fchling hatten offizielle Zahlen gezeigt, dass die Fluggesellschaft Air Serbia, mehrheitlich im Staatsbesitz, ihre Kapazit\u00e4t auf der Strecke Moskau-Belgrad um 50 Prozent gesteigert hatte. So gibt es mehrere Fl\u00fcge pro Tag \u2013 entweder als Direktverbindung nach Moskau oder mit Umstieg in Istanbul. Belgrad hatte sich nach dem Beginn der russischen Milit\u00e4roperation in der Ukraine dem von westlichen Staaten gegen Russland verh\u00e4ngten Flugverbot nicht angeschlossen.<\/p>\n<p>Auch der Handelsumsatz zwischen Serbien und Russland ist nach Angaben des russischen Ministeriums f\u00fcr wirtschaftliche Entwicklung in diesem Jahr stetig gewachsen und hat gar das historische Niveau des letzten Jahres \u00fcbertroffen. In einer Erkl\u00e4rung der Beh\u00f6rde hei\u00dft es:\u00a0&#8220;Im vergangenen Jahr stieg der bilaterale Handelsumsatz um 9,7 Prozent und erreichte mit 2,3 Milliarden US-Dollar einen historischen H\u00f6chststand. Nach den Ergebnissen der ersten sieben Monate des laufenden Jahres bleibt die positive Dynamik erhalten \u2013 der Handel ist bis jetzt um 10,2 Prozent gewachsen.&#8221;<\/p>\n<p>Kurz vor dem Sommer hatte Belgrad einen neuen <a rel=\"nofollow noopener\" target=\"_blank\" href=\"https:\/\/test.rtde.tech\/europa\/141196-serbien-sichert-sich-energieabkommen-mit-russland\/\">Gas-Deal mit Moskau<\/a> abgeschlossen. Der serbische Pr\u00e4sident Aleksandar\u00a0Vu\u010di\u0107 hatte damals von einem\u00a0&#8220;extrem g\u00fcnstigen&#8221; Erdgasvertrag gesprochen, der seinem Land f\u00fcr die n\u00e4chsten drei Jahre kontinuierliche Lieferungen russischer Energie sichern soll.\u00a0<\/p>\n<p><strong>Mehr zum Thema<\/strong> &#8211; <a rel=\"nofollow noopener\" target=\"_blank\" href=\"https:\/\/test.rtde.tech\/meinung\/147939-was-ist-washingtons-freundschaft-wert\/\">Was ist Washingtons &#8220;Freundschaft&#8221; wert? Das energiearme Europa erf\u00e4hrt es gerade<\/a><\/p>\n<\/div>\n<p><br \/>\n<br \/><a href=\"https:\/\/de.rt.com\/international\/148699-serbien-und-tuerkei-setzen-weiter-auf-handel-mit-russland\/\">Source link <\/a><\/p>\n","protected":false},"excerpt":{"rendered":"<p>W\u00e4hrend in den westlichen Staaten infolge der Sanktionen gegen Moskau die Wirtschaftsbeziehungen mit Russland fast zum Erliegen gekommen sind, setzen Serbien und die T\u00fcrkei weiterhin auf Handel mit dem Land. Ankara erzielte im August gar Exporte dorthin in Rekordh\u00f6he. Als einziges NATO-Land setzt die T\u00fcrkei keine der Sanktionen des Westens gegen Russland um. Auch das [&hellip;]<\/p>\n","protected":false},"author":3,"featured_media":18913,"comment_status":"open","ping_status":"open","sticky":false,"template":"","format":"standard","meta":{"wp_automatic_camp":["217"],"a5ed17429af6859a1b0853426e8bbe1a":["Serbien und T\u00fcrkei setzen weiter auf Handel mit Russland"],"original_link":["https:\/\/de.rt.com\/international\/148699-serbien-und-tuerkei-setzen-weiter-auf-handel-mit-russland\/"],"_thumbnail_id":["18913"],"_wptg_p2tg_sent2tg":["2022-09-12 17:48:40"],"jnews_social_counter_last_update":["1777267415"]},"categories":[19,23],"tags":[133,4325,419,126,978,19207,1897,140,601],"yoast_head":"<!-- This site is optimized with the Yoast SEO Premium plugin v22.7 (Yoast SEO v22.7) - https:\/\/yoast.com\/wordpress\/plugins\/seo\/ -->\n<title>Serbien und T\u00fcrkei setzen weiter auf Handel mit Russland - just-now.NEWS Deutschland<\/title>\n<meta name=\"robots\" content=\"index, follow, max-snippet:-1, max-image-preview:large, max-video-preview:-1\" \/>\n<link rel=\"canonical\" href=\"https:\/\/now-news.de\/de\/deutschland\/serbien-und-tuerkei-setzen-weiter-auf-handel-mit-russland\/\" \/>\n<meta property=\"og:locale\" content=\"de_DE\" \/>\n<meta property=\"og:type\" content=\"article\" \/>\n<meta property=\"og:title\" content=\"Serbien und T\u00fcrkei setzen weiter auf Handel mit Russland\" \/>\n<meta property=\"og:description\" content=\"W\u00e4hrend in den westlichen Staaten infolge der Sanktionen gegen Moskau die Wirtschaftsbeziehungen mit Russland fast zum Erliegen gekommen sind, setzen Serbien und die T\u00fcrkei weiterhin auf Handel mit dem Land. Ankara erzielte im August gar Exporte dorthin in Rekordh\u00f6he. Als einziges NATO-Land setzt die T\u00fcrkei keine der Sanktionen des Westens gegen Russland um. Auch das [&hellip;]\" \/>\n<meta property=\"og:url\" content=\"https:\/\/now-news.de\/de\/deutschland\/serbien-und-tuerkei-setzen-weiter-auf-handel-mit-russland\/\" \/>\n<meta property=\"og:site_name\" content=\"just-now.NEWS Deutschland\" \/>\n<meta property=\"article:publisher\" content=\"https:\/\/www.facebook.com\/wirmachenauf\" \/>\n<meta property=\"article:published_time\" content=\"2022-09-12T15:40:21+00:00\" \/>\n<meta property=\"og:image\" content=\"https:\/\/now-news.de\/de\/wp-content\/uploads\/sites\/3\/2022\/09\/Serbien-und-Tuerkei-setzen-weiter-auf-Handel-mit-Russland.jpg\" \/>\n\t<meta property=\"og:image:width\" content=\"460\" \/>\n\t<meta property=\"og:image:height\" content=\"259\" \/>\n\t<meta property=\"og:image:type\" content=\"image\/jpeg\" \/>\n<meta name=\"author\" content=\"rtnews\" \/>\n<meta name=\"twitter:card\" content=\"summary_large_image\" \/>\n<meta name=\"twitter:creator\" content=\"@WirMachenAuf_de\" \/>\n<meta name=\"twitter:site\" content=\"@WirMachenAuf_de\" \/>\n<meta name=\"twitter:label1\" content=\"Verfasst von\" \/>\n\t<meta name=\"twitter:data1\" content=\"rtnews\" \/>\n\t<meta name=\"twitter:label2\" content=\"Gesch\u00e4tzte Lesezeit\" \/>\n\t<meta name=\"twitter:data2\" content=\"3\u00a0Minuten\" \/>\n<script type=\"application\/ld+json\" class=\"yoast-schema-graph\">{\"@context\":\"https:\/\/schema.org\",\"@graph\":[{\"@type\":\"Article\",\"@id\":\"https:\/\/now-news.de\/de\/deutschland\/serbien-und-tuerkei-setzen-weiter-auf-handel-mit-russland\/#article\",\"isPartOf\":{\"@id\":\"https:\/\/now-news.de\/de\/deutschland\/serbien-und-tuerkei-setzen-weiter-auf-handel-mit-russland\/\"},\"author\":{\"name\":\"rtnews\",\"@id\":\"https:\/\/now-news.de\/de\/#\/schema\/person\/fb534a4e865501d8b3285208df34a9b5\"},\"headline\":\"Serbien und T\u00fcrkei setzen weiter auf Handel mit Russland\",\"datePublished\":\"2022-09-12T15:40:21+00:00\",\"dateModified\":\"2022-09-12T15:40:21+00:00\",\"mainEntityOfPage\":{\"@id\":\"https:\/\/now-news.de\/de\/deutschland\/serbien-und-tuerkei-setzen-weiter-auf-handel-mit-russland\/\"},\"wordCount\":560,\"commentCount\":0,\"publisher\":{\"@id\":\"https:\/\/now-news.de\/de\/#organization\"},\"image\":{\"@id\":\"https:\/\/now-news.de\/de\/deutschland\/serbien-und-tuerkei-setzen-weiter-auf-handel-mit-russland\/#primaryimage\"},\"thumbnailUrl\":\"https:\/\/now-news.de\/de\/wp-content\/uploads\/sites\/3\/2022\/09\/Serbien-und-Tuerkei-setzen-weiter-auf-Handel-mit-Russland.jpg\",\"keywords\":[\"AUF\",\"Handel\",\"mit\",\"russland\",\"Serbien\",\"setzen\",\"T\u00fcrkei\",\"und\",\"weiter\"],\"articleSection\":[\"Deutschland\",\"Russland\"],\"inLanguage\":\"de\",\"potentialAction\":[{\"@type\":\"CommentAction\",\"name\":\"Comment\",\"target\":[\"https:\/\/now-news.de\/de\/deutschland\/serbien-und-tuerkei-setzen-weiter-auf-handel-mit-russland\/#respond\"]}]},{\"@type\":\"WebPage\",\"@id\":\"https:\/\/now-news.de\/de\/deutschland\/serbien-und-tuerkei-setzen-weiter-auf-handel-mit-russland\/\",\"url\":\"https:\/\/now-news.de\/de\/deutschland\/serbien-und-tuerkei-setzen-weiter-auf-handel-mit-russland\/\",\"name\":\"Serbien und T\u00fcrkei setzen weiter auf Handel mit Russland - just-now.NEWS Deutschland\",\"isPartOf\":{\"@id\":\"https:\/\/now-news.de\/de\/#website\"},\"primaryImageOfPage\":{\"@id\":\"https:\/\/now-news.de\/de\/deutschland\/serbien-und-tuerkei-setzen-weiter-auf-handel-mit-russland\/#primaryimage\"},\"image\":{\"@id\":\"https:\/\/now-news.de\/de\/deutschland\/serbien-und-tuerkei-setzen-weiter-auf-handel-mit-russland\/#primaryimage\"},\"thumbnailUrl\":\"https:\/\/now-news.de\/de\/wp-content\/uploads\/sites\/3\/2022\/09\/Serbien-und-Tuerkei-setzen-weiter-auf-Handel-mit-Russland.jpg\",\"datePublished\":\"2022-09-12T15:40:21+00:00\",\"dateModified\":\"2022-09-12T15:40:21+00:00\",\"breadcrumb\":{\"@id\":\"https:\/\/now-news.de\/de\/deutschland\/serbien-und-tuerkei-setzen-weiter-auf-handel-mit-russland\/#breadcrumb\"},\"inLanguage\":\"de\",\"potentialAction\":[{\"@type\":\"ReadAction\",\"target\":[\"https:\/\/now-news.de\/de\/deutschland\/serbien-und-tuerkei-setzen-weiter-auf-handel-mit-russland\/\"]}]},{\"@type\":\"ImageObject\",\"inLanguage\":\"de\",\"@id\":\"https:\/\/now-news.de\/de\/deutschland\/serbien-und-tuerkei-setzen-weiter-auf-handel-mit-russland\/#primaryimage\",\"url\":\"https:\/\/now-news.de\/de\/wp-content\/uploads\/sites\/3\/2022\/09\/Serbien-und-Tuerkei-setzen-weiter-auf-Handel-mit-Russland.jpg\",\"contentUrl\":\"https:\/\/now-news.de\/de\/wp-content\/uploads\/sites\/3\/2022\/09\/Serbien-und-Tuerkei-setzen-weiter-auf-Handel-mit-Russland.jpg\",\"width\":460,\"height\":259,\"caption\":\"Serbien und T\u00fcrkei setzen weiter auf Handel mit Russland\"},{\"@type\":\"BreadcrumbList\",\"@id\":\"https:\/\/now-news.de\/de\/deutschland\/serbien-und-tuerkei-setzen-weiter-auf-handel-mit-russland\/#breadcrumb\",\"itemListElement\":[{\"@type\":\"ListItem\",\"position\":1,\"name\":\"Home\",\"item\":\"https:\/\/now-news.de\/de\/\"},{\"@type\":\"ListItem\",\"position\":2,\"name\":\"Serbien und T\u00fcrkei setzen weiter auf Handel mit Russland\"}]},{\"@type\":\"WebSite\",\"@id\":\"https:\/\/now-news.de\/de\/#website\",\"url\":\"https:\/\/now-news.de\/de\/\",\"name\":\"just-now.NEWS Deutschland\",\"description\":\"Das Portal f\u00fcr unzensierte Nachrichten aus der Welt\",\"publisher\":{\"@id\":\"https:\/\/now-news.de\/de\/#organization\"},\"potentialAction\":[{\"@type\":\"SearchAction\",\"target\":{\"@type\":\"EntryPoint\",\"urlTemplate\":\"https:\/\/now-news.de\/de\/?s={search_term_string}\"},\"query-input\":\"required name=search_term_string\"}],\"inLanguage\":\"de\"},{\"@type\":\"Organization\",\"@id\":\"https:\/\/now-news.de\/de\/#organization\",\"name\":\"Just Now News\",\"url\":\"https:\/\/now-news.de\/de\/\",\"logo\":{\"@type\":\"ImageObject\",\"inLanguage\":\"de\",\"@id\":\"https:\/\/now-news.de\/de\/#\/schema\/logo\/image\/\",\"url\":\"http:\/\/just-now.news\/de\/wp-content\/uploads\/sites\/3\/2022\/04\/logo500x500.jpg\",\"contentUrl\":\"http:\/\/just-now.news\/de\/wp-content\/uploads\/sites\/3\/2022\/04\/logo500x500.jpg\",\"width\":500,\"height\":500,\"caption\":\"Just Now News\"},\"image\":{\"@id\":\"https:\/\/now-news.de\/de\/#\/schema\/logo\/image\/\"},\"sameAs\":[\"https:\/\/www.facebook.com\/wirmachenauf\",\"https:\/\/x.com\/WirMachenAuf_de\"]},{\"@type\":\"Person\",\"@id\":\"https:\/\/now-news.de\/de\/#\/schema\/person\/fb534a4e865501d8b3285208df34a9b5\",\"name\":\"rtnews\",\"image\":{\"@type\":\"ImageObject\",\"inLanguage\":\"de\",\"@id\":\"https:\/\/now-news.de\/de\/#\/schema\/person\/image\/\",\"url\":\"https:\/\/secure.gravatar.com\/avatar\/82aafea7d8127119dd649515f56e2117?s=96&d=mm&r=g\",\"contentUrl\":\"https:\/\/secure.gravatar.com\/avatar\/82aafea7d8127119dd649515f56e2117?s=96&d=mm&r=g\",\"caption\":\"rtnews\"},\"url\":\"https:\/\/now-news.de\/de\/author\/rnews\/\"}]}<\/script>\n<!-- \/ Yoast SEO Premium plugin. -->","yoast_head_json":{"title":"Serbien und T\u00fcrkei setzen weiter auf Handel mit Russland - just-now.NEWS Deutschland","robots":{"index":"index","follow":"follow","max-snippet":"max-snippet:-1","max-image-preview":"max-image-preview:large","max-video-preview":"max-video-preview:-1"},"canonical":"https:\/\/now-news.de\/de\/deutschland\/serbien-und-tuerkei-setzen-weiter-auf-handel-mit-russland\/","og_locale":"de_DE","og_type":"article","og_title":"Serbien und T\u00fcrkei setzen weiter auf Handel mit Russland","og_description":"W\u00e4hrend in den westlichen Staaten infolge der Sanktionen gegen Moskau die Wirtschaftsbeziehungen mit Russland fast zum Erliegen gekommen sind, setzen Serbien und die T\u00fcrkei weiterhin auf Handel mit dem Land. Ankara erzielte im August gar Exporte dorthin in Rekordh\u00f6he. Als einziges NATO-Land setzt die T\u00fcrkei keine der Sanktionen des Westens gegen Russland um. Auch das [&hellip;]","og_url":"https:\/\/now-news.de\/de\/deutschland\/serbien-und-tuerkei-setzen-weiter-auf-handel-mit-russland\/","og_site_name":"just-now.NEWS Deutschland","article_publisher":"https:\/\/www.facebook.com\/wirmachenauf","article_published_time":"2022-09-12T15:40:21+00:00","og_image":[{"width":460,"height":259,"url":"https:\/\/now-news.de\/de\/wp-content\/uploads\/sites\/3\/2022\/09\/Serbien-und-Tuerkei-setzen-weiter-auf-Handel-mit-Russland.jpg","type":"image\/jpeg"}],"author":"rtnews","twitter_card":"summary_large_image","twitter_creator":"@WirMachenAuf_de","twitter_site":"@WirMachenAuf_de","twitter_misc":{"Verfasst von":"rtnews","Gesch\u00e4tzte Lesezeit":"3\u00a0Minuten"},"schema":{"@context":"https:\/\/schema.org","@graph":[{"@type":"Article","@id":"https:\/\/now-news.de\/de\/deutschland\/serbien-und-tuerkei-setzen-weiter-auf-handel-mit-russland\/#article","isPartOf":{"@id":"https:\/\/now-news.de\/de\/deutschland\/serbien-und-tuerkei-setzen-weiter-auf-handel-mit-russland\/"},"author":{"name":"rtnews","@id":"https:\/\/now-news.de\/de\/#\/schema\/person\/fb534a4e865501d8b3285208df34a9b5"},"headline":"Serbien und T\u00fcrkei setzen weiter auf Handel mit Russland","datePublished":"2022-09-12T15:40:21+00:00","dateModified":"2022-09-12T15:40:21+00:00","mainEntityOfPage":{"@id":"https:\/\/now-news.de\/de\/deutschland\/serbien-und-tuerkei-setzen-weiter-auf-handel-mit-russland\/"},"wordCount":560,"commentCount":0,"publisher":{"@id":"https:\/\/now-news.de\/de\/#organization"},"image":{"@id":"https:\/\/now-news.de\/de\/deutschland\/serbien-und-tuerkei-setzen-weiter-auf-handel-mit-russland\/#primaryimage"},"thumbnailUrl":"https:\/\/now-news.de\/de\/wp-content\/uploads\/sites\/3\/2022\/09\/Serbien-und-Tuerkei-setzen-weiter-auf-Handel-mit-Russland.jpg","keywords":["AUF","Handel","mit","russland","Serbien","setzen","T\u00fcrkei","und","weiter"],"articleSection":["Deutschland","Russland"],"inLanguage":"de","potentialAction":[{"@type":"CommentAction","name":"Comment","target":["https:\/\/now-news.de\/de\/deutschland\/serbien-und-tuerkei-setzen-weiter-auf-handel-mit-russland\/#respond"]}]},{"@type":"WebPage","@id":"https:\/\/now-news.de\/de\/deutschland\/serbien-und-tuerkei-setzen-weiter-auf-handel-mit-russland\/","url":"https:\/\/now-news.de\/de\/deutschland\/serbien-und-tuerkei-setzen-weiter-auf-handel-mit-russland\/","name":"Serbien und T\u00fcrkei setzen weiter auf Handel mit Russland - just-now.NEWS Deutschland","isPartOf":{"@id":"https:\/\/now-news.de\/de\/#website"},"primaryImageOfPage":{"@id":"https:\/\/now-news.de\/de\/deutschland\/serbien-und-tuerkei-setzen-weiter-auf-handel-mit-russland\/#primaryimage"},"image":{"@id":"https:\/\/now-news.de\/de\/deutschland\/serbien-und-tuerkei-setzen-weiter-auf-handel-mit-russland\/#primaryimage"},"thumbnailUrl":"https:\/\/now-news.de\/de\/wp-content\/uploads\/sites\/3\/2022\/09\/Serbien-und-Tuerkei-setzen-weiter-auf-Handel-mit-Russland.jpg","datePublished":"2022-09-12T15:40:21+00:00","dateModified":"2022-09-12T15:40:21+00:00","breadcrumb":{"@id":"https:\/\/now-news.de\/de\/deutschland\/serbien-und-tuerkei-setzen-weiter-auf-handel-mit-russland\/#breadcrumb"},"inLanguage":"de","potentialAction":[{"@type":"ReadAction","target":["https:\/\/now-news.de\/de\/deutschland\/serbien-und-tuerkei-setzen-weiter-auf-handel-mit-russland\/"]}]},{"@type":"ImageObject","inLanguage":"de","@id":"https:\/\/now-news.de\/de\/deutschland\/serbien-und-tuerkei-setzen-weiter-auf-handel-mit-russland\/#primaryimage","url":"https:\/\/now-news.de\/de\/wp-content\/uploads\/sites\/3\/2022\/09\/Serbien-und-Tuerkei-setzen-weiter-auf-Handel-mit-Russland.jpg","contentUrl":"https:\/\/now-news.de\/de\/wp-content\/uploads\/sites\/3\/2022\/09\/Serbien-und-Tuerkei-setzen-weiter-auf-Handel-mit-Russland.jpg","width":460,"height":259,"caption":"Serbien und T\u00fcrkei setzen weiter auf Handel mit Russland"},{"@type":"BreadcrumbList","@id":"https:\/\/now-news.de\/de\/deutschland\/serbien-und-tuerkei-setzen-weiter-auf-handel-mit-russland\/#breadcrumb","itemListElement":[{"@type":"ListItem","position":1,"name":"Home","item":"https:\/\/now-news.de\/de\/"},{"@type":"ListItem","position":2,"name":"Serbien und T\u00fcrkei setzen weiter auf Handel mit Russland"}]},{"@type":"WebSite","@id":"https:\/\/now-news.de\/de\/#website","url":"https:\/\/now-news.de\/de\/","name":"just-now.NEWS Deutschland","description":"Das Portal f\u00fcr unzensierte Nachrichten aus der Welt","publisher":{"@id":"https:\/\/now-news.de\/de\/#organization"},"potentialAction":[{"@type":"SearchAction","target":{"@type":"EntryPoint","urlTemplate":"https:\/\/now-news.de\/de\/?s={search_term_string}"},"query-input":"required name=search_term_string"}],"inLanguage":"de"},{"@type":"Organization","@id":"https:\/\/now-news.de\/de\/#organization","name":"Just Now News","url":"https:\/\/now-news.de\/de\/","logo":{"@type":"ImageObject","inLanguage":"de","@id":"https:\/\/now-news.de\/de\/#\/schema\/logo\/image\/","url":"http:\/\/just-now.news\/de\/wp-content\/uploads\/sites\/3\/2022\/04\/logo500x500.jpg","contentUrl":"http:\/\/just-now.news\/de\/wp-content\/uploads\/sites\/3\/2022\/04\/logo500x500.jpg","width":500,"height":500,"caption":"Just Now News"},"image":{"@id":"https:\/\/now-news.de\/de\/#\/schema\/logo\/image\/"},"sameAs":["https:\/\/www.facebook.com\/wirmachenauf","https:\/\/x.com\/WirMachenAuf_de"]},{"@type":"Person","@id":"https:\/\/now-news.de\/de\/#\/schema\/person\/fb534a4e865501d8b3285208df34a9b5","name":"rtnews","image":{"@type":"ImageObject","inLanguage":"de","@id":"https:\/\/now-news.de\/de\/#\/schema\/person\/image\/","url":"https:\/\/secure.gravatar.com\/avatar\/82aafea7d8127119dd649515f56e2117?s=96&d=mm&r=g","contentUrl":"https:\/\/secure.gravatar.com\/avatar\/82aafea7d8127119dd649515f56e2117?s=96&d=mm&r=g","caption":"rtnews"},"url":"https:\/\/now-news.de\/de\/author\/rnews\/"}]}},"_links":{"self":[{"href":"https:\/\/now-news.de\/de\/wp-json\/wp\/v2\/posts\/18912"}],"collection":[{"href":"https:\/\/now-news.de\/de\/wp-json\/wp\/v2\/posts"}],"about":[{"href":"https:\/\/now-news.de\/de\/wp-json\/wp\/v2\/types\/post"}],"author":[{"embeddable":true,"href":"https:\/\/now-news.de\/de\/wp-json\/wp\/v2\/users\/3"}],"replies":[{"embeddable":true,"href":"https:\/\/now-news.de\/de\/wp-json\/wp\/v2\/comments?post=18912"}],"version-history":[{"count":0,"href":"https:\/\/now-news.de\/de\/wp-json\/wp\/v2\/posts\/18912\/revisions"}],"wp:featuredmedia":[{"embeddable":true,"href":"https:\/\/now-news.de\/de\/wp-json\/wp\/v2\/media\/18913"}],"wp:attachment":[{"href":"https:\/\/now-news.de\/de\/wp-json\/wp\/v2\/media?parent=18912"}],"wp:term":[{"taxonomy":"category","embeddable":true,"href":"https:\/\/now-news.de\/de\/wp-json\/wp\/v2\/categories?post=18912"},{"taxonomy":"post_tag","embeddable":true,"href":"https:\/\/now-news.de\/de\/wp-json\/wp\/v2\/tags?post=18912"}],"curies":[{"name":"wp","href":"https:\/\/api.w.org\/{rel}","templated":true}]}}