{"id":18894,"date":"2022-09-12T10:12:55","date_gmt":"2022-09-12T08:12:55","guid":{"rendered":"http:\/\/just-now.news\/de\/deutschland\/wahlkrimi-in-schweden-vorlaeufiges-endergebnis-nicht-vor-mittwoch\/"},"modified":"2022-09-12T10:12:55","modified_gmt":"2022-09-12T08:12:55","slug":"wahlkrimi-in-schweden-vorlaeufiges-endergebnis-nicht-vor-mittwoch","status":"publish","type":"post","link":"https:\/\/now-news.de\/de\/deutschland\/wahlkrimi-in-schweden-vorlaeufiges-endergebnis-nicht-vor-mittwoch\/","title":{"rendered":"Wahlkrimi in Schweden: Vorl\u00e4ufiges Endergebnis nicht vor Mittwoch"},"content":{"rendered":"<p><img decoding=\"async\" src=\"http:\/\/just-now.news\/de\/wp-content\/uploads\/sites\/3\/2022\/09\/631ee442b480cc7e711cb551.jpg\" \/><\/p>\n<div class=\"Text-root Text-type_1 \">\n                Schweden erlebte einen dramatischen Wahlabend. Erst lag das Lager der sozialdemokratischen Ministerpr\u00e4sidentin Magdalena Andersson vorn, dann kippt die Lage zugunsten des konservativen Herausforderers Ulf Kristersson. Die Schwedendemokraten verzeichnen ein Rekordergebnis.\n            <\/div>\n<p><\/p>\n<div class=\"Text-root Text-type_5 ArticleView-text ViewText-root \">\n<p>Der dramatische Wahlkrimi in Schweden geht in die Verl\u00e4ngerung: Fr\u00fchestens am Mittwoch soll nun das vorl\u00e4ufige Ergebnis der schwedischen Parlamentswahl feststehen. Erst dann seien die Stimmen aus dem Ausland sowie versp\u00e4tete vorzeitig abgegebene Stimmen ausgez\u00e4hlt, teilte die Wahlbeh\u00f6rde am fr\u00fchen Montagmorgen der Nachrichtenagentur <em>TT<\/em> mit. Erste Prognosen hatten zun\u00e4chst noch das Mitte-Links-Lager der Regierungschefin Magdalena Andersson in F\u00fchrung gesehen. Nach Ausz\u00e4hlung von etwa der H\u00e4lfte der W\u00e4hlerstimmen kippte das Ganze dann zugunsten des konservativen Herausforderers Ulf Kristersson \u2013 auch dank des historisch starken Abschneidens der nationalkonservativen Schwedendemokraten (SD).<\/p>\n<p>Urspr\u00fcnglich war ein vorl\u00e4ufiges Ergebnis bereits in der Wahlnacht erwartet worden. Kristerssons Moderate Sammlungspartei muss zwar als einzelne Partei mit ihrem schw\u00e4chsten Wahlergebnis seit 20 Jahren rechnen, doch ein konservativer Vier-Parteien-Block einschlie\u00dflich der nationalkonservativen Schwedendemokraten lag insgesamt nach Ausz\u00e4hlung fast aller Stimmen 0,9 Prozentpunkte vor dem Lager von Andersson. Die Wahlbeh\u00f6rde sah dessen voraussichtlichen Anteil an Parlamentssitzen bei 176 Mandaten, Anderssons Lager bei 173.<\/p>\n<p>Alle Vorsitzenden der acht Parlamentsparteien betonten in der Wahlnacht, dass das Rennen noch nicht gelaufen sei. &#8220;Wir wissen nicht, wie das enden wird&#8221;, sagte auch Kristersson. Zugleich betonte er, er sei bereit, eine neue und tatkr\u00e4ftige Regierung zu bilden.<\/p>\n<p><strong>Schwedendemokraten wollen in Regierung<\/strong><\/p>\n<p>Aller Voraussicht nach d\u00fcrfte er auf diesem Weg auf einen Partner angewiesen sein, der bei Wahlen bislang immer &#8220;au\u00dfen vor&#8221; gelassen wurde: auf den Chef der Schwedendemokraten Jimmie \u00c5kesson. &#8220;Wir sind heute eine richtig gro\u00dfe Partei&#8221;, sagte der vor jubelnden Parteianh\u00e4ngern. 2010 habe die Partei 5,7 Prozent der Stimmen erhalten \u2013 nun d\u00fcrften es wohl 20,7 Prozent sein. Damit werden die Schwedendemokraten erstmals noch vor den Konservativen zweitst\u00e4rkste Kraft. F\u00fcr \u00c5kesson ergeben sich daraus legitime Anspr\u00fcche. &#8220;Unsere Ambition ist es, mit in der Regierung zu sitzen&#8221;, machte er klar.<\/p>\n<p>Unabh\u00e4ngig vom Wahlausgang d\u00fcrfte Schweden \u2013 wie schon nach der Parlamentswahl 2018 \u2013 eine langwierige Phase der Regierungsbildung bevorstehen. Denn auch innerhalb der beiden Bl\u00f6cke sind sich die Parteien bei mehreren Angelegenheiten uneins. Politische Mehrheiten zu finden, das ist in dem skandinavischen EU-Land vor allem auch durch das Erstarken der Schwedendemokraten schwierig geworden, die ihre Wahlergebnisse in den vergangenen Jahren allerdings kontinuierlich steigern konnten. Ein Ergebnis jenseits von 20 Prozent wird nun ein Rekord f\u00fcr die \u00c5kesson-Partei sein. Nur die Sozialdemokraten \u2013 die traditionell st\u00e4rkste Partei in dem skandinavischen EU-Land \u2013 liegen nach Zuw\u00e4chsen auf rund 30,5 Prozent weiterhin deutlich vor ihnen.<\/p>\n<p>Andersson wurde erst im November 2021 als Nachfolgerin ihres sozialdemokratischen Parteikollegen Stefan L\u00f6fven und als erste Frau \u00fcberhaupt zur Ministerpr\u00e4sidentin von Schweden gew\u00e4hlt. Die fr\u00fchere Finanzministerin f\u00fchrt seitdem eine ausschlie\u00dflich aus Sozialdemokraten bestehende Minderheitsregierung, die im Parlament bisher auf die Unterst\u00fctzung durch die liberale Zentrumspartei, die Linken und die Gr\u00fcnen angewiesen war. Herausforderer Kristersson setzt derweil neben seiner Moderaten Sammlungspartei auf Christdemokraten und Liberale und erstmals auch offen auf die Unterst\u00fctzung durch die Schwedendemokraten (SD).<\/p>\n<p><strong>Mehr zum Thema<\/strong> \u2013 <a rel=\"nofollow noopener\" target=\"_blank\" href=\"https:\/\/deutsch.rt.com\/international\/147190-nato-norderweiterung-menschenrechte-auf-dem-opfertisch\/\">NATO-Norderweiterung: Menschenrechte auf dem Opfertisch<\/a><\/p>\n<p><em>(rt de\/dpa)<\/em><\/p>\n<\/div>\n<p><br \/>\n<br \/><a href=\"https:\/\/de.rt.com\/europa\/148671-wahlkrimi-in-schweden-vorlaeufige-endergebnis-nicht-vor-mittwoch\/\">Source link <\/a><\/p>\n","protected":false},"excerpt":{"rendered":"<p>Schweden erlebte einen dramatischen Wahlabend. Erst lag das Lager der sozialdemokratischen Ministerpr\u00e4sidentin Magdalena Andersson vorn, dann kippt die Lage zugunsten des konservativen Herausforderers Ulf Kristersson. Die Schwedendemokraten verzeichnen ein Rekordergebnis. Der dramatische Wahlkrimi in Schweden geht in die Verl\u00e4ngerung: Fr\u00fchestens am Mittwoch soll nun das vorl\u00e4ufige Ergebnis der schwedischen Parlamentswahl feststehen. Erst dann seien die [&hellip;]<\/p>\n","protected":false},"author":3,"featured_media":18895,"comment_status":"open","ping_status":"open","sticky":false,"template":"","format":"standard","meta":{"wp_automatic_camp":["217"],"9b80c9a947b138e471038644621c58f4":["Wahlkrimi in Schweden: Vorl\u00e4ufiges Endergebnis nicht vor Mittwoch"],"original_link":["https:\/\/de.rt.com\/europa\/148671-wahlkrimi-in-schweden-vorlaeufige-endergebnis-nicht-vor-mittwoch\/"],"_thumbnail_id":["18895"],"_wptg_p2tg_sent2tg":["2022-09-12 10:18:15"],"jnews_social_counter_last_update":["1777244599"]},"categories":[19,23],"tags":[19299,24436,800,599,320,19298,32689],"yoast_head":"<!-- This site is optimized with the Yoast SEO Premium plugin v22.7 (Yoast SEO v22.7) - https:\/\/yoast.com\/wordpress\/plugins\/seo\/ -->\n<title>Wahlkrimi in Schweden: Vorl\u00e4ufiges Endergebnis nicht vor Mittwoch - just-now.NEWS Deutschland<\/title>\n<meta name=\"robots\" content=\"index, follow, max-snippet:-1, max-image-preview:large, max-video-preview:-1\" \/>\n<link rel=\"canonical\" href=\"https:\/\/now-news.de\/de\/deutschland\/wahlkrimi-in-schweden-vorlaeufiges-endergebnis-nicht-vor-mittwoch\/\" \/>\n<meta property=\"og:locale\" content=\"de_DE\" \/>\n<meta property=\"og:type\" content=\"article\" \/>\n<meta property=\"og:title\" content=\"Wahlkrimi in Schweden: Vorl\u00e4ufiges Endergebnis nicht vor Mittwoch\" \/>\n<meta property=\"og:description\" content=\"Schweden erlebte einen dramatischen Wahlabend. Erst lag das Lager der sozialdemokratischen Ministerpr\u00e4sidentin Magdalena Andersson vorn, dann kippt die Lage zugunsten des konservativen Herausforderers Ulf Kristersson. Die Schwedendemokraten verzeichnen ein Rekordergebnis. Der dramatische Wahlkrimi in Schweden geht in die Verl\u00e4ngerung: Fr\u00fchestens am Mittwoch soll nun das vorl\u00e4ufige Ergebnis der schwedischen Parlamentswahl feststehen. Erst dann seien die [&hellip;]\" \/>\n<meta property=\"og:url\" content=\"https:\/\/now-news.de\/de\/deutschland\/wahlkrimi-in-schweden-vorlaeufiges-endergebnis-nicht-vor-mittwoch\/\" \/>\n<meta property=\"og:site_name\" content=\"just-now.NEWS Deutschland\" \/>\n<meta property=\"article:publisher\" content=\"https:\/\/www.facebook.com\/wirmachenauf\" \/>\n<meta property=\"article:published_time\" content=\"2022-09-12T08:12:55+00:00\" \/>\n<meta property=\"og:image\" content=\"https:\/\/now-news.de\/de\/wp-content\/uploads\/sites\/3\/2022\/09\/Wahlkrimi-in-Schweden-Vorlaeufiges-Endergebnis-nicht-vor-Mittwoch.jpg\" \/>\n\t<meta property=\"og:image:width\" content=\"460\" \/>\n\t<meta property=\"og:image:height\" content=\"259\" \/>\n\t<meta property=\"og:image:type\" content=\"image\/jpeg\" \/>\n<meta name=\"author\" content=\"rtnews\" \/>\n<meta name=\"twitter:card\" content=\"summary_large_image\" \/>\n<meta name=\"twitter:creator\" content=\"@WirMachenAuf_de\" \/>\n<meta name=\"twitter:site\" content=\"@WirMachenAuf_de\" \/>\n<meta name=\"twitter:label1\" content=\"Verfasst von\" \/>\n\t<meta name=\"twitter:data1\" content=\"rtnews\" \/>\n\t<meta name=\"twitter:label2\" content=\"Gesch\u00e4tzte Lesezeit\" \/>\n\t<meta name=\"twitter:data2\" content=\"3\u00a0Minuten\" \/>\n<script type=\"application\/ld+json\" class=\"yoast-schema-graph\">{\"@context\":\"https:\/\/schema.org\",\"@graph\":[{\"@type\":\"Article\",\"@id\":\"https:\/\/now-news.de\/de\/deutschland\/wahlkrimi-in-schweden-vorlaeufiges-endergebnis-nicht-vor-mittwoch\/#article\",\"isPartOf\":{\"@id\":\"https:\/\/now-news.de\/de\/deutschland\/wahlkrimi-in-schweden-vorlaeufiges-endergebnis-nicht-vor-mittwoch\/\"},\"author\":{\"name\":\"rtnews\",\"@id\":\"https:\/\/now-news.de\/de\/#\/schema\/person\/fb534a4e865501d8b3285208df34a9b5\"},\"headline\":\"Wahlkrimi in Schweden: Vorl\u00e4ufiges Endergebnis nicht vor Mittwoch\",\"datePublished\":\"2022-09-12T08:12:55+00:00\",\"dateModified\":\"2022-09-12T08:12:55+00:00\",\"mainEntityOfPage\":{\"@id\":\"https:\/\/now-news.de\/de\/deutschland\/wahlkrimi-in-schweden-vorlaeufiges-endergebnis-nicht-vor-mittwoch\/\"},\"wordCount\":540,\"commentCount\":0,\"publisher\":{\"@id\":\"https:\/\/now-news.de\/de\/#organization\"},\"image\":{\"@id\":\"https:\/\/now-news.de\/de\/deutschland\/wahlkrimi-in-schweden-vorlaeufiges-endergebnis-nicht-vor-mittwoch\/#primaryimage\"},\"thumbnailUrl\":\"https:\/\/now-news.de\/de\/wp-content\/uploads\/sites\/3\/2022\/09\/Wahlkrimi-in-Schweden-Vorlaeufiges-Endergebnis-nicht-vor-Mittwoch.jpg\",\"keywords\":[\"Endergebnis\",\"Mittwoch\",\"nicht\",\"Schweden\",\"vor\",\"Vorl\u00e4ufiges\",\"Wahlkrimi\"],\"articleSection\":[\"Deutschland\",\"Russland\"],\"inLanguage\":\"de\",\"potentialAction\":[{\"@type\":\"CommentAction\",\"name\":\"Comment\",\"target\":[\"https:\/\/now-news.de\/de\/deutschland\/wahlkrimi-in-schweden-vorlaeufiges-endergebnis-nicht-vor-mittwoch\/#respond\"]}]},{\"@type\":\"WebPage\",\"@id\":\"https:\/\/now-news.de\/de\/deutschland\/wahlkrimi-in-schweden-vorlaeufiges-endergebnis-nicht-vor-mittwoch\/\",\"url\":\"https:\/\/now-news.de\/de\/deutschland\/wahlkrimi-in-schweden-vorlaeufiges-endergebnis-nicht-vor-mittwoch\/\",\"name\":\"Wahlkrimi in Schweden: Vorl\u00e4ufiges Endergebnis nicht vor Mittwoch - just-now.NEWS Deutschland\",\"isPartOf\":{\"@id\":\"https:\/\/now-news.de\/de\/#website\"},\"primaryImageOfPage\":{\"@id\":\"https:\/\/now-news.de\/de\/deutschland\/wahlkrimi-in-schweden-vorlaeufiges-endergebnis-nicht-vor-mittwoch\/#primaryimage\"},\"image\":{\"@id\":\"https:\/\/now-news.de\/de\/deutschland\/wahlkrimi-in-schweden-vorlaeufiges-endergebnis-nicht-vor-mittwoch\/#primaryimage\"},\"thumbnailUrl\":\"https:\/\/now-news.de\/de\/wp-content\/uploads\/sites\/3\/2022\/09\/Wahlkrimi-in-Schweden-Vorlaeufiges-Endergebnis-nicht-vor-Mittwoch.jpg\",\"datePublished\":\"2022-09-12T08:12:55+00:00\",\"dateModified\":\"2022-09-12T08:12:55+00:00\",\"breadcrumb\":{\"@id\":\"https:\/\/now-news.de\/de\/deutschland\/wahlkrimi-in-schweden-vorlaeufiges-endergebnis-nicht-vor-mittwoch\/#breadcrumb\"},\"inLanguage\":\"de\",\"potentialAction\":[{\"@type\":\"ReadAction\",\"target\":[\"https:\/\/now-news.de\/de\/deutschland\/wahlkrimi-in-schweden-vorlaeufiges-endergebnis-nicht-vor-mittwoch\/\"]}]},{\"@type\":\"ImageObject\",\"inLanguage\":\"de\",\"@id\":\"https:\/\/now-news.de\/de\/deutschland\/wahlkrimi-in-schweden-vorlaeufiges-endergebnis-nicht-vor-mittwoch\/#primaryimage\",\"url\":\"https:\/\/now-news.de\/de\/wp-content\/uploads\/sites\/3\/2022\/09\/Wahlkrimi-in-Schweden-Vorlaeufiges-Endergebnis-nicht-vor-Mittwoch.jpg\",\"contentUrl\":\"https:\/\/now-news.de\/de\/wp-content\/uploads\/sites\/3\/2022\/09\/Wahlkrimi-in-Schweden-Vorlaeufiges-Endergebnis-nicht-vor-Mittwoch.jpg\",\"width\":460,\"height\":259,\"caption\":\"Wahlkrimi in Schweden: Vorl\u00e4ufiges Endergebnis nicht vor Mittwoch\"},{\"@type\":\"BreadcrumbList\",\"@id\":\"https:\/\/now-news.de\/de\/deutschland\/wahlkrimi-in-schweden-vorlaeufiges-endergebnis-nicht-vor-mittwoch\/#breadcrumb\",\"itemListElement\":[{\"@type\":\"ListItem\",\"position\":1,\"name\":\"Home\",\"item\":\"https:\/\/now-news.de\/de\/\"},{\"@type\":\"ListItem\",\"position\":2,\"name\":\"Wahlkrimi in Schweden: Vorl\u00e4ufiges Endergebnis nicht vor Mittwoch\"}]},{\"@type\":\"WebSite\",\"@id\":\"https:\/\/now-news.de\/de\/#website\",\"url\":\"https:\/\/now-news.de\/de\/\",\"name\":\"just-now.NEWS Deutschland\",\"description\":\"Das Portal f\u00fcr unzensierte Nachrichten aus der Welt\",\"publisher\":{\"@id\":\"https:\/\/now-news.de\/de\/#organization\"},\"potentialAction\":[{\"@type\":\"SearchAction\",\"target\":{\"@type\":\"EntryPoint\",\"urlTemplate\":\"https:\/\/now-news.de\/de\/?s={search_term_string}\"},\"query-input\":\"required name=search_term_string\"}],\"inLanguage\":\"de\"},{\"@type\":\"Organization\",\"@id\":\"https:\/\/now-news.de\/de\/#organization\",\"name\":\"Just Now News\",\"url\":\"https:\/\/now-news.de\/de\/\",\"logo\":{\"@type\":\"ImageObject\",\"inLanguage\":\"de\",\"@id\":\"https:\/\/now-news.de\/de\/#\/schema\/logo\/image\/\",\"url\":\"http:\/\/just-now.news\/de\/wp-content\/uploads\/sites\/3\/2022\/04\/logo500x500.jpg\",\"contentUrl\":\"http:\/\/just-now.news\/de\/wp-content\/uploads\/sites\/3\/2022\/04\/logo500x500.jpg\",\"width\":500,\"height\":500,\"caption\":\"Just Now News\"},\"image\":{\"@id\":\"https:\/\/now-news.de\/de\/#\/schema\/logo\/image\/\"},\"sameAs\":[\"https:\/\/www.facebook.com\/wirmachenauf\",\"https:\/\/x.com\/WirMachenAuf_de\"]},{\"@type\":\"Person\",\"@id\":\"https:\/\/now-news.de\/de\/#\/schema\/person\/fb534a4e865501d8b3285208df34a9b5\",\"name\":\"rtnews\",\"image\":{\"@type\":\"ImageObject\",\"inLanguage\":\"de\",\"@id\":\"https:\/\/now-news.de\/de\/#\/schema\/person\/image\/\",\"url\":\"https:\/\/secure.gravatar.com\/avatar\/82aafea7d8127119dd649515f56e2117?s=96&d=mm&r=g\",\"contentUrl\":\"https:\/\/secure.gravatar.com\/avatar\/82aafea7d8127119dd649515f56e2117?s=96&d=mm&r=g\",\"caption\":\"rtnews\"},\"url\":\"https:\/\/now-news.de\/de\/author\/rnews\/\"}]}<\/script>\n<!-- \/ Yoast SEO Premium plugin. -->","yoast_head_json":{"title":"Wahlkrimi in Schweden: Vorl\u00e4ufiges Endergebnis nicht vor Mittwoch - just-now.NEWS Deutschland","robots":{"index":"index","follow":"follow","max-snippet":"max-snippet:-1","max-image-preview":"max-image-preview:large","max-video-preview":"max-video-preview:-1"},"canonical":"https:\/\/now-news.de\/de\/deutschland\/wahlkrimi-in-schweden-vorlaeufiges-endergebnis-nicht-vor-mittwoch\/","og_locale":"de_DE","og_type":"article","og_title":"Wahlkrimi in Schweden: Vorl\u00e4ufiges Endergebnis nicht vor Mittwoch","og_description":"Schweden erlebte einen dramatischen Wahlabend. Erst lag das Lager der sozialdemokratischen Ministerpr\u00e4sidentin Magdalena Andersson vorn, dann kippt die Lage zugunsten des konservativen Herausforderers Ulf Kristersson. Die Schwedendemokraten verzeichnen ein Rekordergebnis. Der dramatische Wahlkrimi in Schweden geht in die Verl\u00e4ngerung: Fr\u00fchestens am Mittwoch soll nun das vorl\u00e4ufige Ergebnis der schwedischen Parlamentswahl feststehen. Erst dann seien die [&hellip;]","og_url":"https:\/\/now-news.de\/de\/deutschland\/wahlkrimi-in-schweden-vorlaeufiges-endergebnis-nicht-vor-mittwoch\/","og_site_name":"just-now.NEWS Deutschland","article_publisher":"https:\/\/www.facebook.com\/wirmachenauf","article_published_time":"2022-09-12T08:12:55+00:00","og_image":[{"width":460,"height":259,"url":"https:\/\/now-news.de\/de\/wp-content\/uploads\/sites\/3\/2022\/09\/Wahlkrimi-in-Schweden-Vorlaeufiges-Endergebnis-nicht-vor-Mittwoch.jpg","type":"image\/jpeg"}],"author":"rtnews","twitter_card":"summary_large_image","twitter_creator":"@WirMachenAuf_de","twitter_site":"@WirMachenAuf_de","twitter_misc":{"Verfasst von":"rtnews","Gesch\u00e4tzte Lesezeit":"3\u00a0Minuten"},"schema":{"@context":"https:\/\/schema.org","@graph":[{"@type":"Article","@id":"https:\/\/now-news.de\/de\/deutschland\/wahlkrimi-in-schweden-vorlaeufiges-endergebnis-nicht-vor-mittwoch\/#article","isPartOf":{"@id":"https:\/\/now-news.de\/de\/deutschland\/wahlkrimi-in-schweden-vorlaeufiges-endergebnis-nicht-vor-mittwoch\/"},"author":{"name":"rtnews","@id":"https:\/\/now-news.de\/de\/#\/schema\/person\/fb534a4e865501d8b3285208df34a9b5"},"headline":"Wahlkrimi in Schweden: Vorl\u00e4ufiges Endergebnis nicht vor Mittwoch","datePublished":"2022-09-12T08:12:55+00:00","dateModified":"2022-09-12T08:12:55+00:00","mainEntityOfPage":{"@id":"https:\/\/now-news.de\/de\/deutschland\/wahlkrimi-in-schweden-vorlaeufiges-endergebnis-nicht-vor-mittwoch\/"},"wordCount":540,"commentCount":0,"publisher":{"@id":"https:\/\/now-news.de\/de\/#organization"},"image":{"@id":"https:\/\/now-news.de\/de\/deutschland\/wahlkrimi-in-schweden-vorlaeufiges-endergebnis-nicht-vor-mittwoch\/#primaryimage"},"thumbnailUrl":"https:\/\/now-news.de\/de\/wp-content\/uploads\/sites\/3\/2022\/09\/Wahlkrimi-in-Schweden-Vorlaeufiges-Endergebnis-nicht-vor-Mittwoch.jpg","keywords":["Endergebnis","Mittwoch","nicht","Schweden","vor","Vorl\u00e4ufiges","Wahlkrimi"],"articleSection":["Deutschland","Russland"],"inLanguage":"de","potentialAction":[{"@type":"CommentAction","name":"Comment","target":["https:\/\/now-news.de\/de\/deutschland\/wahlkrimi-in-schweden-vorlaeufiges-endergebnis-nicht-vor-mittwoch\/#respond"]}]},{"@type":"WebPage","@id":"https:\/\/now-news.de\/de\/deutschland\/wahlkrimi-in-schweden-vorlaeufiges-endergebnis-nicht-vor-mittwoch\/","url":"https:\/\/now-news.de\/de\/deutschland\/wahlkrimi-in-schweden-vorlaeufiges-endergebnis-nicht-vor-mittwoch\/","name":"Wahlkrimi in Schweden: Vorl\u00e4ufiges Endergebnis nicht vor Mittwoch - just-now.NEWS Deutschland","isPartOf":{"@id":"https:\/\/now-news.de\/de\/#website"},"primaryImageOfPage":{"@id":"https:\/\/now-news.de\/de\/deutschland\/wahlkrimi-in-schweden-vorlaeufiges-endergebnis-nicht-vor-mittwoch\/#primaryimage"},"image":{"@id":"https:\/\/now-news.de\/de\/deutschland\/wahlkrimi-in-schweden-vorlaeufiges-endergebnis-nicht-vor-mittwoch\/#primaryimage"},"thumbnailUrl":"https:\/\/now-news.de\/de\/wp-content\/uploads\/sites\/3\/2022\/09\/Wahlkrimi-in-Schweden-Vorlaeufiges-Endergebnis-nicht-vor-Mittwoch.jpg","datePublished":"2022-09-12T08:12:55+00:00","dateModified":"2022-09-12T08:12:55+00:00","breadcrumb":{"@id":"https:\/\/now-news.de\/de\/deutschland\/wahlkrimi-in-schweden-vorlaeufiges-endergebnis-nicht-vor-mittwoch\/#breadcrumb"},"inLanguage":"de","potentialAction":[{"@type":"ReadAction","target":["https:\/\/now-news.de\/de\/deutschland\/wahlkrimi-in-schweden-vorlaeufiges-endergebnis-nicht-vor-mittwoch\/"]}]},{"@type":"ImageObject","inLanguage":"de","@id":"https:\/\/now-news.de\/de\/deutschland\/wahlkrimi-in-schweden-vorlaeufiges-endergebnis-nicht-vor-mittwoch\/#primaryimage","url":"https:\/\/now-news.de\/de\/wp-content\/uploads\/sites\/3\/2022\/09\/Wahlkrimi-in-Schweden-Vorlaeufiges-Endergebnis-nicht-vor-Mittwoch.jpg","contentUrl":"https:\/\/now-news.de\/de\/wp-content\/uploads\/sites\/3\/2022\/09\/Wahlkrimi-in-Schweden-Vorlaeufiges-Endergebnis-nicht-vor-Mittwoch.jpg","width":460,"height":259,"caption":"Wahlkrimi in Schweden: Vorl\u00e4ufiges Endergebnis nicht vor Mittwoch"},{"@type":"BreadcrumbList","@id":"https:\/\/now-news.de\/de\/deutschland\/wahlkrimi-in-schweden-vorlaeufiges-endergebnis-nicht-vor-mittwoch\/#breadcrumb","itemListElement":[{"@type":"ListItem","position":1,"name":"Home","item":"https:\/\/now-news.de\/de\/"},{"@type":"ListItem","position":2,"name":"Wahlkrimi in Schweden: Vorl\u00e4ufiges Endergebnis nicht vor Mittwoch"}]},{"@type":"WebSite","@id":"https:\/\/now-news.de\/de\/#website","url":"https:\/\/now-news.de\/de\/","name":"just-now.NEWS Deutschland","description":"Das Portal f\u00fcr unzensierte Nachrichten aus der Welt","publisher":{"@id":"https:\/\/now-news.de\/de\/#organization"},"potentialAction":[{"@type":"SearchAction","target":{"@type":"EntryPoint","urlTemplate":"https:\/\/now-news.de\/de\/?s={search_term_string}"},"query-input":"required name=search_term_string"}],"inLanguage":"de"},{"@type":"Organization","@id":"https:\/\/now-news.de\/de\/#organization","name":"Just Now News","url":"https:\/\/now-news.de\/de\/","logo":{"@type":"ImageObject","inLanguage":"de","@id":"https:\/\/now-news.de\/de\/#\/schema\/logo\/image\/","url":"http:\/\/just-now.news\/de\/wp-content\/uploads\/sites\/3\/2022\/04\/logo500x500.jpg","contentUrl":"http:\/\/just-now.news\/de\/wp-content\/uploads\/sites\/3\/2022\/04\/logo500x500.jpg","width":500,"height":500,"caption":"Just Now News"},"image":{"@id":"https:\/\/now-news.de\/de\/#\/schema\/logo\/image\/"},"sameAs":["https:\/\/www.facebook.com\/wirmachenauf","https:\/\/x.com\/WirMachenAuf_de"]},{"@type":"Person","@id":"https:\/\/now-news.de\/de\/#\/schema\/person\/fb534a4e865501d8b3285208df34a9b5","name":"rtnews","image":{"@type":"ImageObject","inLanguage":"de","@id":"https:\/\/now-news.de\/de\/#\/schema\/person\/image\/","url":"https:\/\/secure.gravatar.com\/avatar\/82aafea7d8127119dd649515f56e2117?s=96&d=mm&r=g","contentUrl":"https:\/\/secure.gravatar.com\/avatar\/82aafea7d8127119dd649515f56e2117?s=96&d=mm&r=g","caption":"rtnews"},"url":"https:\/\/now-news.de\/de\/author\/rnews\/"}]}},"_links":{"self":[{"href":"https:\/\/now-news.de\/de\/wp-json\/wp\/v2\/posts\/18894"}],"collection":[{"href":"https:\/\/now-news.de\/de\/wp-json\/wp\/v2\/posts"}],"about":[{"href":"https:\/\/now-news.de\/de\/wp-json\/wp\/v2\/types\/post"}],"author":[{"embeddable":true,"href":"https:\/\/now-news.de\/de\/wp-json\/wp\/v2\/users\/3"}],"replies":[{"embeddable":true,"href":"https:\/\/now-news.de\/de\/wp-json\/wp\/v2\/comments?post=18894"}],"version-history":[{"count":0,"href":"https:\/\/now-news.de\/de\/wp-json\/wp\/v2\/posts\/18894\/revisions"}],"wp:featuredmedia":[{"embeddable":true,"href":"https:\/\/now-news.de\/de\/wp-json\/wp\/v2\/media\/18895"}],"wp:attachment":[{"href":"https:\/\/now-news.de\/de\/wp-json\/wp\/v2\/media?parent=18894"}],"wp:term":[{"taxonomy":"category","embeddable":true,"href":"https:\/\/now-news.de\/de\/wp-json\/wp\/v2\/categories?post=18894"},{"taxonomy":"post_tag","embeddable":true,"href":"https:\/\/now-news.de\/de\/wp-json\/wp\/v2\/tags?post=18894"}],"curies":[{"name":"wp","href":"https:\/\/api.w.org\/{rel}","templated":true}]}}